{"id":11461,"date":"2024-11-02T12:41:54","date_gmt":"2024-11-02T09:41:54","guid":{"rendered":"https:\/\/denizcankizil.tr\/uncategorized-tr\/tarimda-5-yillik-yol-haritasi-uygulanmaya-baslandi\/"},"modified":"2024-11-02T12:41:54","modified_gmt":"2024-11-02T09:41:54","slug":"tarimda-5-yillik-yol-haritasi-uygulanmaya-baslandi","status":"publish","type":"post","link":"http:\/\/denizcankizil.tr\/ru\/haberler\/gundem\/tarimda-5-yillik-yol-haritasi-uygulanmaya-baslandi\/","title":{"rendered":"Tar\u0131mda 5 y\u0131ll\u0131k yol haritas\u0131 uygulanmaya ba\u015fland\u0131"},"content":{"rendered":"<p>Tar\u0131m ve Orman Bakan\u0131 \u0130brahim Yumakl\u0131, \u015eubat ay\u0131nda hayvanc\u0131l\u0131kta verimli ve kaliteli \u00fcretim yapma ad\u0131na a\u00e7\u0131klad\u0131klar\u0131 5 y\u0131ll\u0131k yol haritas\u0131n\u0131 uygulamaya ba\u015flad\u0131.ANKARA (\u0130GFA) &#8211; Tar\u0131m ve Orman Bakan\u0131 \u0130brahim Yumakl\u0131, Elmada\u011f&#8217;daki Ankara Veteriner Yol Kontrol ve Denetim \u0130stasyonu&#8217;nun a\u00e7\u0131l\u0131\u015f\u0131nda 5 y\u0131ll\u0131k yol haritas\u0131na y\u00f6nelik a\u00e7\u0131klamalarda bulundu.\u00a0<br \/>\nS\u00f6z konusu yol haritas\u0131 kapsam\u0131nda al\u0131nan kararlar\u0131n uygulanmas\u0131na devam edildi\u011fine i\u015faret eden Bakan Yumakl\u0131, bu kararlar\u0131n en ba\u015f\u0131nda gelen \u00fcretim planlamas\u0131n\u0131n hem bitkisel hem hayvansal \u00fcretim i\u00e7in ba\u015flat\u0131ld\u0131\u011f\u0131n\u0131 vurgulad\u0131. Bakan Yumakl\u0131, yol haritas\u0131 \u00e7er\u00e7evesinde gen\u00e7 ve kad\u0131n giri\u015fimcilere ayr\u0131cal\u0131klar yap\u0131ld\u0131\u011f\u0131na dikkati \u00e7ekerek, Hayvanc\u0131l\u0131kta \u00dcretimi Geli\u015ftirme Projesi&#8217;nin de hayata ge\u00e7irildi\u011fini s\u00f6yledi.<br \/>\nHem \u00fcreticilerin olmas\u0131 gerekti\u011fi gibi \u00fcretim yapabilmelerini hem de t\u00fcketicilerin uygun fiyattan hayvansal \u00fcr\u00fcnlere ula\u015fmalar\u0131n\u0131 sa\u011flamay\u0131 ama\u00e7lad\u0131klar\u0131n\u0131n alt\u0131n\u0131 \u00e7izen Bakan Yumakl\u0131, &#8220;B\u00fct\u00fcn bunlar\u0131 yapabilmek i\u00e7in de hayvan sa\u011fl\u0131\u011f\u0131n\u0131n \u00e7ok \u00f6nemli oldu\u011funu her zaman i\u00e7in vurgulad\u0131k. A\u015f\u0131 program\u0131m\u0131z\u0131 de\u011fi\u015ftirdik, yol kontrol noktalar\u0131n\u0131 art\u0131rd\u0131k. Ayr\u0131ca bu tesis gibi Erzurum ve El\u00e2z\u0131\u011f&#8217;da devreye koydu\u011fumuz veteriner yol kontrol noktalar\u0131yla da hayvan hareketleriyle hayvan hastal\u0131klar\u0131n\u0131n T\u00fcrkiye&#8217;nin farkl\u0131 yerlerine ta\u015f\u0131nmas\u0131 konusundaki olumsuz durumu ortaya koyacak hususlar\u0131 engellemi\u015f olduk.&#8221; diye konu\u015ftu.<br \/>\nBakan Yumakl\u0131, hayvansal hastal\u0131klar\u0131n \u00fclke ekonomisine negatif etkisi oldu\u011funa dikkati \u00e7ekerek, &#8220;Bunlarla alakal\u0131 yapt\u0131\u011f\u0131n\u0131z her iyile\u015fme hem \u00fcretiminize hem de \u00fclke ekonomisine katk\u0131 anlam\u0131n\u0131 ta\u015f\u0131yor. Kontrols\u00fcz hayvan hareketlerinin oran\u0131 \u00e7ok b\u00fcy\u00fckt\u00fc. Bu istasyonlar\u0131n 7\/24 g\u00f6rev yapmaya ba\u015flamas\u0131yla istatistiksel olarak hayvan hastal\u0131klar\u0131ndaki azalmay\u0131 g\u00f6rd\u00fck. Ge\u00e7ti\u011fimiz y\u0131la g\u00f6re 2024&#8217;te \u015fap hastal\u0131\u011f\u0131ndaki azalma yakla\u015f\u0131k y\u00fczde 78. Bundan sonra da \u00c7ank\u0131r\u0131 ve Kayseri ba\u015fta olmak \u00fczere, yol kontrol noktalar\u0131n\u0131 olu\u015fturaca\u011f\u0131z. Buradaki amac\u0131m\u0131z, bilerek ya da bilmeyerek do\u011frudan ya da dolayl\u0131 hasta olma potansiyeli ya da hastal\u0131\u011f\u0131 i\u00e7eren hayvanlar\u0131n hareketinin yurt i\u00e7erisindeki di\u011fer noktalara ula\u015fmas\u0131n\u0131 engellemek.&#8221; diye konu\u015ftu.<br \/>\nG\u0131da arz g\u00fcvenli\u011finin \u00f6neminin giderek artaca\u011f\u0131na de\u011finen Yumakl\u0131, Bakanl\u0131k olarak tohumdan sofraya kadar \u00fcreticinin yan\u0131nda olmaya devam edeceklerini s\u00f6zlerine ekledi.<\/p>\n<p>\u200bTar\u0131m ve Orman Bakan\u0131 \u0130brahim Yumakl\u0131, \u015eubat ay\u0131nda hayvanc\u0131l\u0131kta verimli ve kaliteli \u00fcretim yapma ad\u0131na a\u00e7\u0131klad\u0131klar\u0131 5 y\u0131ll\u0131k yol haritas\u0131n\u0131 uygulamaya ba\u015flad\u0131\u00a0<\/p>\n<p>\u200bHaberin Al\u0131nt\u0131land\u0131\u011f\u0131 Kaynak: www.iskenderun.org<\/p>","protected":false},"excerpt":{"rendered":"<p>Tar\u0131m ve Orman Bakan\u0131 \u0130brahim Yumakl\u0131, \u015eubat ay\u0131nda hayvanc\u0131l\u0131kta verimli ve kaliteli \u00fcretim yapma ad\u0131na a\u00e7\u0131klad\u0131klar\u0131 5 y\u0131ll\u0131k yol haritas\u0131n\u0131 uygulamaya ba\u015flad\u0131.ANKARA (\u0130GFA) &#8211; Tar\u0131m ve Orman Bakan\u0131 \u0130brahim Yumakl\u0131, Elmada\u011f&#8217;daki Ankara Veteriner Yol Kontrol ve Denetim \u0130stasyonu&#8217;nun a\u00e7\u0131l\u0131\u015f\u0131nda 5 y\u0131ll\u0131k yol haritas\u0131na y\u00f6nelik a\u00e7\u0131klamalarda bulundu.\u00a0 S\u00f6z konusu yol haritas\u0131 kapsam\u0131nda al\u0131nan kararlar\u0131n uygulanmas\u0131na devam edildi\u011fine i\u015faret eden Bakan Yumakl\u0131, bu kararlar\u0131n en ba\u015f\u0131nda gelen \u00fcretim planlamas\u0131n\u0131n hem bitkisel hem hayvansal \u00fcretim i\u00e7in ba\u015flat\u0131ld\u0131\u011f\u0131n\u0131 vurgulad\u0131. Bakan Yumakl\u0131, yol haritas\u0131 \u00e7er\u00e7evesinde gen\u00e7 ve kad\u0131n giri\u015fimcilere ayr\u0131cal\u0131klar yap\u0131ld\u0131\u011f\u0131na dikkati \u00e7ekerek, Hayvanc\u0131l\u0131kta \u00dcretimi Geli\u015ftirme Projesi&#8217;nin de hayata ge\u00e7irildi\u011fini s\u00f6yledi. Hem \u00fcreticilerin olmas\u0131 gerekti\u011fi gibi \u00fcretim yapabilmelerini hem de t\u00fcketicilerin uygun fiyattan hayvansal \u00fcr\u00fcnlere ula\u015fmalar\u0131n\u0131 sa\u011flamay\u0131 ama\u00e7lad\u0131klar\u0131n\u0131n alt\u0131n\u0131 \u00e7izen Bakan Yumakl\u0131, &#8220;B\u00fct\u00fcn bunlar\u0131 yapabilmek i\u00e7in de hayvan sa\u011fl\u0131\u011f\u0131n\u0131n \u00e7ok \u00f6nemli oldu\u011funu her zaman i\u00e7in vurgulad\u0131k. A\u015f\u0131 program\u0131m\u0131z\u0131 de\u011fi\u015ftirdik, yol kontrol noktalar\u0131n\u0131 art\u0131rd\u0131k. Ayr\u0131ca bu tesis gibi Erzurum ve El\u00e2z\u0131\u011f&#8217;da devreye koydu\u011fumuz veteriner yol kontrol noktalar\u0131yla da hayvan hareketleriyle hayvan hastal\u0131klar\u0131n\u0131n T\u00fcrkiye&#8217;nin farkl\u0131 yerlerine ta\u015f\u0131nmas\u0131 konusundaki olumsuz durumu ortaya koyacak hususlar\u0131 engellemi\u015f olduk.&#8221; diye konu\u015ftu. Bakan Yumakl\u0131, hayvansal hastal\u0131klar\u0131n \u00fclke ekonomisine negatif etkisi oldu\u011funa dikkati \u00e7ekerek, &#8220;Bunlarla alakal\u0131 yapt\u0131\u011f\u0131n\u0131z her iyile\u015fme hem \u00fcretiminize hem de \u00fclke ekonomisine katk\u0131 anlam\u0131n\u0131 ta\u015f\u0131yor. Kontrols\u00fcz hayvan hareketlerinin oran\u0131 \u00e7ok &hellip;<\/p>","protected":false},"author":0,"featured_media":0,"comment_status":"open","ping_status":"open","sticky":false,"template":"","format":"standard","meta":{"_acf_changed":false,"footnotes":""},"categories":[24,535],"tags":[],"class_list":["post-11461","post","type-post","status-publish","format-standard","has-post-thumbnail","hentry","category-gundem","category-uncategorized-tr"],"acf":[],"yoast_head":"<!-- This site is optimized with the Yoast SEO Premium plugin v26.6 (Yoast SEO v27.1.1) - https:\/\/yoast.com\/product\/yoast-seo-premium-wordpress\/ -->\n<title>Tar\u0131mda 5 y\u0131ll\u0131k yol haritas\u0131 uygulanmaya ba\u015fland\u0131 - Av. Deniz Can K\u0131z\u0131l<\/title>\n<meta name=\"robots\" content=\"index, follow, max-snippet:-1, max-image-preview:large, max-video-preview:-1\" \/>\n<link rel=\"canonical\" href=\"http:\/\/denizcankizil.tr\/ru\/haberler\/gundem\/tarimda-5-yillik-yol-haritasi-uygulanmaya-baslandi\/\" \/>\n<meta property=\"og:locale\" content=\"ru_RU\" \/>\n<meta property=\"og:type\" content=\"article\" \/>\n<meta property=\"og:title\" content=\"Tar\u0131mda 5 y\u0131ll\u0131k yol haritas\u0131 uygulanmaya ba\u015fland\u0131\" \/>\n<meta property=\"og:description\" content=\"Tar\u0131m ve Orman Bakan\u0131 \u0130brahim Yumakl\u0131, \u015eubat ay\u0131nda hayvanc\u0131l\u0131kta verimli ve kaliteli \u00fcretim yapma ad\u0131na a\u00e7\u0131klad\u0131klar\u0131 5 y\u0131ll\u0131k yol haritas\u0131n\u0131 uygulamaya ba\u015flad\u0131.ANKARA (\u0130GFA) &#8211; Tar\u0131m ve Orman Bakan\u0131 \u0130brahim Yumakl\u0131, Elmada\u011f&#8217;daki Ankara Veteriner Yol Kontrol ve Denetim \u0130stasyonu&#8217;nun a\u00e7\u0131l\u0131\u015f\u0131nda 5 y\u0131ll\u0131k yol haritas\u0131na y\u00f6nelik a\u00e7\u0131klamalarda bulundu.\u00a0 S\u00f6z konusu yol haritas\u0131 kapsam\u0131nda al\u0131nan kararlar\u0131n uygulanmas\u0131na devam edildi\u011fine i\u015faret eden Bakan Yumakl\u0131, bu kararlar\u0131n en ba\u015f\u0131nda gelen \u00fcretim planlamas\u0131n\u0131n hem bitkisel hem hayvansal \u00fcretim i\u00e7in ba\u015flat\u0131ld\u0131\u011f\u0131n\u0131 vurgulad\u0131. Bakan Yumakl\u0131, yol haritas\u0131 \u00e7er\u00e7evesinde gen\u00e7 ve kad\u0131n giri\u015fimcilere ayr\u0131cal\u0131klar yap\u0131ld\u0131\u011f\u0131na dikkati \u00e7ekerek, Hayvanc\u0131l\u0131kta \u00dcretimi Geli\u015ftirme Projesi&#8217;nin de hayata ge\u00e7irildi\u011fini s\u00f6yledi. Hem \u00fcreticilerin olmas\u0131 gerekti\u011fi gibi \u00fcretim yapabilmelerini hem de t\u00fcketicilerin uygun fiyattan hayvansal \u00fcr\u00fcnlere ula\u015fmalar\u0131n\u0131 sa\u011flamay\u0131 ama\u00e7lad\u0131klar\u0131n\u0131n alt\u0131n\u0131 \u00e7izen Bakan Yumakl\u0131, &#8220;B\u00fct\u00fcn bunlar\u0131 yapabilmek i\u00e7in de hayvan sa\u011fl\u0131\u011f\u0131n\u0131n \u00e7ok \u00f6nemli oldu\u011funu her zaman i\u00e7in vurgulad\u0131k. A\u015f\u0131 program\u0131m\u0131z\u0131 de\u011fi\u015ftirdik, yol kontrol noktalar\u0131n\u0131 art\u0131rd\u0131k. Ayr\u0131ca bu tesis gibi Erzurum ve El\u00e2z\u0131\u011f&#8217;da devreye koydu\u011fumuz veteriner yol kontrol noktalar\u0131yla da hayvan hareketleriyle hayvan hastal\u0131klar\u0131n\u0131n T\u00fcrkiye&#8217;nin farkl\u0131 yerlerine ta\u015f\u0131nmas\u0131 konusundaki olumsuz durumu ortaya koyacak hususlar\u0131 engellemi\u015f olduk.&#8221; diye konu\u015ftu. Bakan Yumakl\u0131, hayvansal hastal\u0131klar\u0131n \u00fclke ekonomisine negatif etkisi oldu\u011funa dikkati \u00e7ekerek, &#8220;Bunlarla alakal\u0131 yapt\u0131\u011f\u0131n\u0131z her iyile\u015fme hem \u00fcretiminize hem de \u00fclke ekonomisine katk\u0131 anlam\u0131n\u0131 ta\u015f\u0131yor. Kontrols\u00fcz hayvan hareketlerinin oran\u0131 \u00e7ok &hellip;\" \/>\n<meta property=\"og:url\" content=\"http:\/\/denizcankizil.tr\/ru\/haberler\/gundem\/tarimda-5-yillik-yol-haritasi-uygulanmaya-baslandi\/\" \/>\n<meta property=\"og:site_name\" content=\"Av. Deniz Can K\u0131z\u0131l\" \/>\n<meta property=\"article:published_time\" content=\"2024-11-02T09:41:54+00:00\" \/>\n<meta name=\"twitter:card\" content=\"summary_large_image\" \/>\n<meta name=\"twitter:label1\" content=\"\u041f\u0440\u0438\u043c\u0435\u0440\u043d\u043e\u0435 \u0432\u0440\u0435\u043c\u044f \u0434\u043b\u044f \u0447\u0442\u0435\u043d\u0438\u044f\" \/>\n\t<meta name=\"twitter:data1\" content=\"2 \u043c\u0438\u043d\u0443\u0442\u044b\" \/>\n<script type=\"application\/ld+json\" class=\"yoast-schema-graph\">{\"@context\":\"https:\/\/schema.org\",\"@graph\":[{\"@type\":\"Article\",\"@id\":\"http:\/\/denizcankizil.tr\/ru\/haberler\/gundem\/tarimda-5-yillik-yol-haritasi-uygulanmaya-baslandi\/#article\",\"isPartOf\":{\"@id\":\"http:\/\/denizcankizil.tr\/ru\/haberler\/gundem\/tarimda-5-yillik-yol-haritasi-uygulanmaya-baslandi\/\"},\"author\":{\"name\":\"\",\"@id\":\"\"},\"headline\":\"Tar\u0131mda 5 y\u0131ll\u0131k yol haritas\u0131 uygulanmaya ba\u015fland\u0131\",\"datePublished\":\"2024-11-02T09:41:54+00:00\",\"mainEntityOfPage\":{\"@id\":\"http:\/\/denizcankizil.tr\/ru\/haberler\/gundem\/tarimda-5-yillik-yol-haritasi-uygulanmaya-baslandi\/\"},\"wordCount\":468,\"commentCount\":0,\"publisher\":{\"@id\":\"https:\/\/denizcankizil.tr\/#organization\"},\"articleSection\":[\"G\u00fcndem\",\"Uncategorized\"],\"inLanguage\":\"ru-RU\",\"potentialAction\":[{\"@type\":\"CommentAction\",\"name\":\"Comment\",\"target\":[\"http:\/\/denizcankizil.tr\/ru\/haberler\/gundem\/tarimda-5-yillik-yol-haritasi-uygulanmaya-baslandi\/#respond\"]}]},{\"@type\":\"WebPage\",\"@id\":\"http:\/\/denizcankizil.tr\/ru\/haberler\/gundem\/tarimda-5-yillik-yol-haritasi-uygulanmaya-baslandi\/\",\"url\":\"http:\/\/denizcankizil.tr\/ru\/haberler\/gundem\/tarimda-5-yillik-yol-haritasi-uygulanmaya-baslandi\/\",\"name\":\"Tar\u0131mda 5 y\u0131ll\u0131k yol haritas\u0131 uygulanmaya ba\u015fland\u0131 - Av. Deniz Can K\u0131z\u0131l\",\"isPartOf\":{\"@id\":\"https:\/\/denizcankizil.tr\/#website\"},\"datePublished\":\"2024-11-02T09:41:54+00:00\",\"breadcrumb\":{\"@id\":\"http:\/\/denizcankizil.tr\/ru\/haberler\/gundem\/tarimda-5-yillik-yol-haritasi-uygulanmaya-baslandi\/#breadcrumb\"},\"inLanguage\":\"ru-RU\",\"potentialAction\":[{\"@type\":\"ReadAction\",\"target\":[\"http:\/\/denizcankizil.tr\/ru\/haberler\/gundem\/tarimda-5-yillik-yol-haritasi-uygulanmaya-baslandi\/\"]}]},{\"@type\":\"BreadcrumbList\",\"@id\":\"http:\/\/denizcankizil.tr\/ru\/haberler\/gundem\/tarimda-5-yillik-yol-haritasi-uygulanmaya-baslandi\/#breadcrumb\",\"itemListElement\":[{\"@type\":\"ListItem\",\"position\":1,\"name\":\"Home\",\"item\":\"https:\/\/denizcankizil.tr\/de\/\"},{\"@type\":\"ListItem\",\"position\":2,\"name\":\"Tar\u0131mda 5 y\u0131ll\u0131k yol haritas\u0131 uygulanmaya ba\u015fland\u0131\"}]},{\"@type\":\"WebSite\",\"@id\":\"https:\/\/denizcankizil.tr\/#website\",\"url\":\"https:\/\/denizcankizil.tr\/\",\"name\":\"Av. Deniz Can K\u0131z\u0131l\",\"description\":\"Avukat Deniz Can K\u0131z\u0131l Antalya Barosu\",\"publisher\":{\"@id\":\"https:\/\/denizcankizil.tr\/#organization\"},\"potentialAction\":[{\"@type\":\"SearchAction\",\"target\":{\"@type\":\"EntryPoint\",\"urlTemplate\":\"https:\/\/denizcankizil.tr\/?s={search_term_string}\"},\"query-input\":{\"@type\":\"PropertyValueSpecification\",\"valueRequired\":true,\"valueName\":\"search_term_string\"}}],\"inLanguage\":\"ru-RU\"},{\"@type\":\"Organization\",\"@id\":\"https:\/\/denizcankizil.tr\/#organization\",\"name\":\"Av. Deniz Can K\u0131z\u0131l\",\"url\":\"https:\/\/denizcankizil.tr\/\",\"logo\":{\"@type\":\"ImageObject\",\"inLanguage\":\"ru-RU\",\"@id\":\"https:\/\/denizcankizil.tr\/#\/schema\/logo\/image\/\",\"url\":\"http:\/\/denizcankizil.tr\/wp-content\/uploads\/2024\/10\/siyah-logo-svg.svg\",\"contentUrl\":\"http:\/\/denizcankizil.tr\/wp-content\/uploads\/2024\/10\/siyah-logo-svg.svg\",\"width\":1080,\"height\":1080,\"caption\":\"Av. Deniz Can K\u0131z\u0131l\"},\"image\":{\"@id\":\"https:\/\/denizcankizil.tr\/#\/schema\/logo\/image\/\"}}]}<\/script>\n<!-- \/ Yoast SEO Premium plugin. -->","yoast_head_json":{"title":"Tar\u0131mda 5 y\u0131ll\u0131k yol haritas\u0131 uygulanmaya ba\u015fland\u0131 - Av. Deniz Can K\u0131z\u0131l","robots":{"index":"index","follow":"follow","max-snippet":"max-snippet:-1","max-image-preview":"max-image-preview:large","max-video-preview":"max-video-preview:-1"},"canonical":"http:\/\/denizcankizil.tr\/ru\/haberler\/gundem\/tarimda-5-yillik-yol-haritasi-uygulanmaya-baslandi\/","og_locale":"ru_RU","og_type":"article","og_title":"Tar\u0131mda 5 y\u0131ll\u0131k yol haritas\u0131 uygulanmaya ba\u015fland\u0131","og_description":"Tar\u0131m ve Orman Bakan\u0131 \u0130brahim Yumakl\u0131, \u015eubat ay\u0131nda hayvanc\u0131l\u0131kta verimli ve kaliteli \u00fcretim yapma ad\u0131na a\u00e7\u0131klad\u0131klar\u0131 5 y\u0131ll\u0131k yol haritas\u0131n\u0131 uygulamaya ba\u015flad\u0131.ANKARA (\u0130GFA) &#8211; Tar\u0131m ve Orman Bakan\u0131 \u0130brahim Yumakl\u0131, Elmada\u011f&#8217;daki Ankara Veteriner Yol Kontrol ve Denetim \u0130stasyonu&#8217;nun a\u00e7\u0131l\u0131\u015f\u0131nda 5 y\u0131ll\u0131k yol haritas\u0131na y\u00f6nelik a\u00e7\u0131klamalarda bulundu.\u00a0 S\u00f6z konusu yol haritas\u0131 kapsam\u0131nda al\u0131nan kararlar\u0131n uygulanmas\u0131na devam edildi\u011fine i\u015faret eden Bakan Yumakl\u0131, bu kararlar\u0131n en ba\u015f\u0131nda gelen \u00fcretim planlamas\u0131n\u0131n hem bitkisel hem hayvansal \u00fcretim i\u00e7in ba\u015flat\u0131ld\u0131\u011f\u0131n\u0131 vurgulad\u0131. Bakan Yumakl\u0131, yol haritas\u0131 \u00e7er\u00e7evesinde gen\u00e7 ve kad\u0131n giri\u015fimcilere ayr\u0131cal\u0131klar yap\u0131ld\u0131\u011f\u0131na dikkati \u00e7ekerek, Hayvanc\u0131l\u0131kta \u00dcretimi Geli\u015ftirme Projesi&#8217;nin de hayata ge\u00e7irildi\u011fini s\u00f6yledi. Hem \u00fcreticilerin olmas\u0131 gerekti\u011fi gibi \u00fcretim yapabilmelerini hem de t\u00fcketicilerin uygun fiyattan hayvansal \u00fcr\u00fcnlere ula\u015fmalar\u0131n\u0131 sa\u011flamay\u0131 ama\u00e7lad\u0131klar\u0131n\u0131n alt\u0131n\u0131 \u00e7izen Bakan Yumakl\u0131, &#8220;B\u00fct\u00fcn bunlar\u0131 yapabilmek i\u00e7in de hayvan sa\u011fl\u0131\u011f\u0131n\u0131n \u00e7ok \u00f6nemli oldu\u011funu her zaman i\u00e7in vurgulad\u0131k. A\u015f\u0131 program\u0131m\u0131z\u0131 de\u011fi\u015ftirdik, yol kontrol noktalar\u0131n\u0131 art\u0131rd\u0131k. Ayr\u0131ca bu tesis gibi Erzurum ve El\u00e2z\u0131\u011f&#8217;da devreye koydu\u011fumuz veteriner yol kontrol noktalar\u0131yla da hayvan hareketleriyle hayvan hastal\u0131klar\u0131n\u0131n T\u00fcrkiye&#8217;nin farkl\u0131 yerlerine ta\u015f\u0131nmas\u0131 konusundaki olumsuz durumu ortaya koyacak hususlar\u0131 engellemi\u015f olduk.&#8221; diye konu\u015ftu. Bakan Yumakl\u0131, hayvansal hastal\u0131klar\u0131n \u00fclke ekonomisine negatif etkisi oldu\u011funa dikkati \u00e7ekerek, &#8220;Bunlarla alakal\u0131 yapt\u0131\u011f\u0131n\u0131z her iyile\u015fme hem \u00fcretiminize hem de \u00fclke ekonomisine katk\u0131 anlam\u0131n\u0131 ta\u015f\u0131yor. Kontrols\u00fcz hayvan hareketlerinin oran\u0131 \u00e7ok &hellip;","og_url":"http:\/\/denizcankizil.tr\/ru\/haberler\/gundem\/tarimda-5-yillik-yol-haritasi-uygulanmaya-baslandi\/","og_site_name":"Av. Deniz Can K\u0131z\u0131l","article_published_time":"2024-11-02T09:41:54+00:00","twitter_card":"summary_large_image","twitter_misc":{"\u041f\u0440\u0438\u043c\u0435\u0440\u043d\u043e\u0435 \u0432\u0440\u0435\u043c\u044f \u0434\u043b\u044f \u0447\u0442\u0435\u043d\u0438\u044f":"2 \u043c\u0438\u043d\u0443\u0442\u044b"},"schema":{"@context":"https:\/\/schema.org","@graph":[{"@type":"Article","@id":"http:\/\/denizcankizil.tr\/ru\/haberler\/gundem\/tarimda-5-yillik-yol-haritasi-uygulanmaya-baslandi\/#article","isPartOf":{"@id":"http:\/\/denizcankizil.tr\/ru\/haberler\/gundem\/tarimda-5-yillik-yol-haritasi-uygulanmaya-baslandi\/"},"author":{"name":"","@id":""},"headline":"Tar\u0131mda 5 y\u0131ll\u0131k yol haritas\u0131 uygulanmaya ba\u015fland\u0131","datePublished":"2024-11-02T09:41:54+00:00","mainEntityOfPage":{"@id":"http:\/\/denizcankizil.tr\/ru\/haberler\/gundem\/tarimda-5-yillik-yol-haritasi-uygulanmaya-baslandi\/"},"wordCount":468,"commentCount":0,"publisher":{"@id":"https:\/\/denizcankizil.tr\/#organization"},"articleSection":["G\u00fcndem","Uncategorized"],"inLanguage":"ru-RU","potentialAction":[{"@type":"CommentAction","name":"Comment","target":["http:\/\/denizcankizil.tr\/ru\/haberler\/gundem\/tarimda-5-yillik-yol-haritasi-uygulanmaya-baslandi\/#respond"]}]},{"@type":"WebPage","@id":"http:\/\/denizcankizil.tr\/ru\/haberler\/gundem\/tarimda-5-yillik-yol-haritasi-uygulanmaya-baslandi\/","url":"http:\/\/denizcankizil.tr\/ru\/haberler\/gundem\/tarimda-5-yillik-yol-haritasi-uygulanmaya-baslandi\/","name":"Tar\u0131mda 5 y\u0131ll\u0131k yol haritas\u0131 uygulanmaya ba\u015fland\u0131 - Av. Deniz Can K\u0131z\u0131l","isPartOf":{"@id":"https:\/\/denizcankizil.tr\/#website"},"datePublished":"2024-11-02T09:41:54+00:00","breadcrumb":{"@id":"http:\/\/denizcankizil.tr\/ru\/haberler\/gundem\/tarimda-5-yillik-yol-haritasi-uygulanmaya-baslandi\/#breadcrumb"},"inLanguage":"ru-RU","potentialAction":[{"@type":"ReadAction","target":["http:\/\/denizcankizil.tr\/ru\/haberler\/gundem\/tarimda-5-yillik-yol-haritasi-uygulanmaya-baslandi\/"]}]},{"@type":"BreadcrumbList","@id":"http:\/\/denizcankizil.tr\/ru\/haberler\/gundem\/tarimda-5-yillik-yol-haritasi-uygulanmaya-baslandi\/#breadcrumb","itemListElement":[{"@type":"ListItem","position":1,"name":"Home","item":"https:\/\/denizcankizil.tr\/de\/"},{"@type":"ListItem","position":2,"name":"Tar\u0131mda 5 y\u0131ll\u0131k yol haritas\u0131 uygulanmaya ba\u015fland\u0131"}]},{"@type":"WebSite","@id":"https:\/\/denizcankizil.tr\/#website","url":"https:\/\/denizcankizil.tr\/","name":"Av. Deniz Can K\u0131z\u0131l","description":"Avukat Deniz Can K\u0131z\u0131l Antalya Barosu","publisher":{"@id":"https:\/\/denizcankizil.tr\/#organization"},"potentialAction":[{"@type":"SearchAction","target":{"@type":"EntryPoint","urlTemplate":"https:\/\/denizcankizil.tr\/?s={search_term_string}"},"query-input":{"@type":"PropertyValueSpecification","valueRequired":true,"valueName":"search_term_string"}}],"inLanguage":"ru-RU"},{"@type":"Organization","@id":"https:\/\/denizcankizil.tr\/#organization","name":"Av. Deniz Can K\u0131z\u0131l","url":"https:\/\/denizcankizil.tr\/","logo":{"@type":"ImageObject","inLanguage":"ru-RU","@id":"https:\/\/denizcankizil.tr\/#\/schema\/logo\/image\/","url":"http:\/\/denizcankizil.tr\/wp-content\/uploads\/2024\/10\/siyah-logo-svg.svg","contentUrl":"http:\/\/denizcankizil.tr\/wp-content\/uploads\/2024\/10\/siyah-logo-svg.svg","width":1080,"height":1080,"caption":"Av. Deniz Can K\u0131z\u0131l"},"image":{"@id":"https:\/\/denizcankizil.tr\/#\/schema\/logo\/image\/"}}]}},"_links":{"self":[{"href":"http:\/\/denizcankizil.tr\/ru\/wp-json\/wp\/v2\/posts\/11461","targetHints":{"allow":["GET"]}}],"collection":[{"href":"http:\/\/denizcankizil.tr\/ru\/wp-json\/wp\/v2\/posts"}],"about":[{"href":"http:\/\/denizcankizil.tr\/ru\/wp-json\/wp\/v2\/types\/post"}],"replies":[{"embeddable":true,"href":"http:\/\/denizcankizil.tr\/ru\/wp-json\/wp\/v2\/comments?post=11461"}],"version-history":[{"count":0,"href":"http:\/\/denizcankizil.tr\/ru\/wp-json\/wp\/v2\/posts\/11461\/revisions"}],"wp:attachment":[{"href":"http:\/\/denizcankizil.tr\/ru\/wp-json\/wp\/v2\/media?parent=11461"}],"wp:term":[{"taxonomy":"category","embeddable":true,"href":"http:\/\/denizcankizil.tr\/ru\/wp-json\/wp\/v2\/categories?post=11461"},{"taxonomy":"post_tag","embeddable":true,"href":"http:\/\/denizcankizil.tr\/ru\/wp-json\/wp\/v2\/tags?post=11461"}],"curies":[{"name":"wp","href":"https:\/\/api.w.org\/{rel}","templated":true}]}}