{"id":113866,"date":"2025-06-10T09:11:00","date_gmt":"2025-06-10T06:11:00","guid":{"rendered":"https:\/\/denizcankizil.tr\/uncategorized-tr\/google-workspace-karari-egitimde-dijital-araclar-nasil-uyumlu-hale-gelir\/"},"modified":"2025-06-10T09:11:00","modified_gmt":"2025-06-10T06:11:00","slug":"google-workspace-karari-egitimde-dijital-araclar-nasil-uyumlu-hale-gelir","status":"publish","type":"post","link":"http:\/\/denizcankizil.tr\/ru\/hukukihaber\/google-workspace-karari-egitimde-dijital-araclar-nasil-uyumlu-hale-gelir\/","title":{"rendered":"Google Workspace Karar\u0131: E\u011fitimde Dijital Ara\u00e7lar, Nas\u0131l Uyumlu Hale Gelir?"},"content":{"rendered":"<p>Google Workspace ve Espoo \u015eehri Karar\u0131 \u2013 GDPR Madde 6(1)(c) Nerede Ba\u015flar, Nerede Biter?<\/p>\n<p>Bir kamu kurumu, e\u011fitim altyap\u0131s\u0131n\u0131 dijitalle\u015ftirirken hangi yasal zemine dayanmal\u0131? Espoo \u015eehri&#8217;nin ilkokullarda Google Workspace for Education kullan\u0131m\u0131na ili\u015fkin tart\u0131\u015fmal\u0131 karar\u0131, kamu yarar\u0131, yasal y\u00fck\u00fcml\u00fcl\u00fck ve veri minimizasyonu ilkelerinin kesi\u015fim noktas\u0131nda \u00f6nemli dersler sunuyor.<\/p>\n<p>Olay\u0131n Arka Plan\u0131<\/p>\n<p>Espoo \u015eehri, temel e\u011fitimi organize etme y\u00fck\u00fcml\u00fcl\u00fc\u011f\u00fc kapsam\u0131nda Google Workspace for Education platformunu ilkokullarda uygulamaya koydu. Denetleyici olarak Espoo, bu i\u015flemenin GDPR Madde 6(1)(c) \u2013 yasal y\u00fck\u00fcml\u00fcl\u00fck dayana\u011f\u0131na oturdu\u011funu savundu. Ancak Finlandiya Veri Koruma Ajans\u0131 (DPA), bu savunmay\u0131 yeterli g\u00f6rmeyerek i\u015flemenin yasal temele dayanmad\u0131\u011f\u0131na karar verdi.<\/p>\n<p>Veri Koruma Ajans\u0131\u2019na g\u00f6re, Temel E\u011fitim Yasas\u0131 bir e-\u00f6\u011frenme platformu kullan\u0131m\u0131n\u0131 a\u00e7\u0131k\u00e7a zorunlu k\u0131lm\u0131yor ve bu nedenle Madde 6(1)(c)\u2019ye dayanak olu\u015fturamazd\u0131. \u0130\u015flemeye konu verilerin kapsam\u0131 geni\u015fti, \u00e7ocuklar\u0131n verileri i\u015fleniyor ve platform \u00fczerinde denetleyicinin kontrol\u00fc s\u0131n\u0131rl\u0131yd\u0131.<\/p>\n<p>Temel Bulgular<\/p>\n<p>&#8211; Yetersiz Yasal Dayanak: Temel E\u011fitim Yasas\u0131, e-\u00f6\u011frenme platformlar\u0131n\u0131n kullan\u0131m\u0131na a\u00e7\u0131k\u00e7a at\u0131f yapmad\u0131\u011f\u0131 i\u00e7in GDPR 6(1)(c) kapsam\u0131nda ge\u00e7erli bir yasal y\u00fck\u00fcml\u00fcl\u00fck olu\u015fturmaz.<\/p>\n<p>&#8211; Orant\u0131l\u0131l\u0131k Sorunu: \u0130\u015flenen veri miktar\u0131, geleneksel e\u011fitim senaryosuna k\u0131yasla \u00e7ok daha fazlayd\u0131 ve bu durum, i\u015fleme faaliyetinin \u201cgereklilik\u201d ve \u201corant\u0131l\u0131l\u0131k\u201d ilkeleriyle uyu\u015fmad\u0131\u011f\u0131n\u0131 g\u00f6sterdi.<\/p>\n<p>&#8211; Kontrol Eksikli\u011fi: Denetleyici, Google&#8217;\u0131n standart kullan\u0131m \u015fartlar\u0131n\u0131 kabul etmi\u015fti ve bu nedenle veri i\u015fleme faaliyetleri \u00fczerinde yeterli kontrole sahip de\u011fildi.<\/p>\n<p>Karar S\u00fcreci ve Mahkeme Yorumlar\u0131<\/p>\n<p>&#8211; \u0130lk A\u015fama (DPA ve \u0130dari Mahkeme): Her iki kurum da i\u015fleme faaliyetinin yasal bir y\u00fck\u00fcml\u00fcl\u00fck kapsam\u0131nda de\u011ferlendirilemeyece\u011fini belirtti.<\/p>\n<p>&#8211; Son A\u015fama (Y\u00fcksek \u0130dare Mahkemesi): Mahkeme bu g\u00f6r\u00fc\u015fe kat\u0131lmad\u0131. Temel E\u011fitim Yasas\u0131&#8217;n\u0131n, \u00f6\u011frencilere dijital okuryazarl\u0131k kazand\u0131rma hedefine i\u015faret etti\u011fini ve bu nedenle BT tabanl\u0131 \u00f6\u011frenme ara\u00e7lar\u0131n\u0131n kullan\u0131lmas\u0131n\u0131n e\u011fitim y\u00fck\u00fcml\u00fcl\u00fc\u011f\u00fc kapsam\u0131nda de\u011ferlendirilmesi gerekti\u011fini belirtti.<\/p>\n<p>&#8211; Platform \u0130smi Tart\u0131\u015fmas\u0131: Mahkeme, GDPR\u2019nin spesifik bir yaz\u0131l\u0131m veya hizmet ismi belirtmedi\u011fini; bu nedenle \u201cGoogle Workspace\u201din \u00f6zel olarak yasal y\u00fck\u00fcml\u00fcl\u00fc\u011fe i\u015faret etmesinin gerekmedi\u011fini vurgulad\u0131.<\/p>\n<p>Sonu\u00e7<\/p>\n<p>Y\u00fcksek \u0130dare Mahkemesi, i\u015flemenin GDPR 6(1)(c) kapsam\u0131nda de\u011ferlendirilebilece\u011fini ve DPA\u2019n\u0131n bu konuda hatal\u0131 bir yorum yapt\u0131\u011f\u0131n\u0131 belirterek dosyay\u0131 yeniden inceleme amac\u0131yla DPA\u2019ya geri g\u00f6nderdi. Mahkeme ayr\u0131ca, denetleyicinin platform \u00fczerindeki s\u0131n\u0131rl\u0131 kontrol\u00fc, farkl\u0131 veri t\u00fcrlerinin farkl\u0131 ama\u00e7larla kullan\u0131lmas\u0131 gibi konular\u0131n da GDPR\u2019nin di\u011fer maddeleri uyar\u0131nca ayr\u0131ca de\u011ferlendirilmesi gerekti\u011fini kaydetti.<\/p>\n<p>\u041e\u0446\u0435\u043d\u043a\u0430<\/p>\n<p>Bu karar, kamu kurumlar\u0131n\u0131n \u201cyasal y\u00fck\u00fcml\u00fcl\u00fck\u201d dayana\u011f\u0131n\u0131 kullanarak dijital platformlar\u0131 uygulamaya ge\u00e7irmeleri durumunda ne kadar dikkatli ve kapsaml\u0131 bir de\u011ferlendirme yapmalar\u0131 gerekti\u011fini g\u00f6steriyor. Ayn\u0131 zamanda GDPR 6(1)(c)&#8217;nin ne kadar s\u0131k\u0131 yorumlanmas\u0131 gerekti\u011fi, fakat ayn\u0131 zamanda hizmetlerin ad\u0131n\u0131n birebir mevzuatta ge\u00e7mesinin \u015fart olmad\u0131\u011f\u0131 gibi \u00f6nemli prensipleri de yeniden ortaya koyuyor.<\/p>\n<p>kaynak:<\/p>\n<p>1. https:\/\/gdprhub.eu?title=KHO_-_KHO:2025:29&amp;mtc=today<\/p>\n<p>2. https:\/\/www.linkedin.com\/pulse\/google-workspace-decision-how-digital-tools-education-beg%C3%BCm-beyza-afqlf\/?trackingId=kmB%2B1DOARZ6GV0p%2BK%2FhZYg%3D%3D<\/p>\n<p>\u200bGoogle Workspace ve Espoo \u015eehri Karar\u0131 \u2013 GDPR Madde 6(1)(c) Nerede Ba\u015flar, Nerede Biter?<\/p>\n<p>Bir kamu kurumu, e\u011fitim altyap\u0131s\u0131n\u0131 dijitalle\u015ftirirken hangi yasal zemine dayanmal\u0131? Espoo \u015eehri&#8217;nin ilkokullarda Google Workspace for Education kullan\u0131m\u0131na ili\u015fkin tart\u0131\u015fmal\u0131 karar\u0131, kamu yarar\u0131, yasal y\u00fck\u00fcml\u00fcl\u00fck ve veri minimizasyonu ilkelerinin kesi\u015fim noktas\u0131nda \u00f6nemli dersler sunuyor.<\/p>\n<p>Olay\u0131n Arka Plan\u0131<\/p>\n<p>Espoo \u015eehri, temel e\u011fitimi organize etme y\u00fck\u00fcml\u00fcl\u00fc\u011f\u00fc kapsam\u0131nda Google Workspace for Education platformunu ilkokullarda uygulamaya koydu. Denetleyici olarak Espoo, bu i\u015flemenin GDPR Madde 6(1)(c) \u2013 yasal y\u00fck\u00fcml\u00fcl\u00fck dayana\u011f\u0131na oturdu\u011funu savundu. Ancak Finlandiya Veri Koruma Ajans\u0131 (DPA), bu savunmay\u0131 yeterli g\u00f6rmeyerek i\u015flemenin yasal temele dayanmad\u0131\u011f\u0131na karar verdi.<\/p>\n<p>Veri Koruma Ajans\u0131\u2019na g\u00f6re, Temel E\u011fitim Yasas\u0131 bir e-\u00f6\u011frenme platformu kullan\u0131m\u0131n\u0131 a\u00e7\u0131k\u00e7a zorunlu k\u0131lm\u0131yor ve bu nedenle Madde 6(1)(c)\u2019ye dayanak olu\u015fturamazd\u0131. \u0130\u015flemeye konu verilerin kapsam\u0131 geni\u015fti, \u00e7ocuklar\u0131n verileri i\u015fleniyor ve platform \u00fczerinde denetleyicinin kontrol\u00fc s\u0131n\u0131rl\u0131yd\u0131.<\/p>\n<p>Temel Bulgular<\/p>\n<p>&#8211; Yetersiz Yasal Dayanak: Temel E\u011fitim Yasas\u0131, e-\u00f6\u011frenme platformlar\u0131n\u0131n kullan\u0131m\u0131na a\u00e7\u0131k\u00e7a at\u0131f yapmad\u0131\u011f\u0131 i\u00e7in GDPR 6(1)(c) kapsam\u0131nda ge\u00e7erli bir yasal y\u00fck\u00fcml\u00fcl\u00fck olu\u015fturmaz.<\/p>\n<p>&#8211; Orant\u0131l\u0131l\u0131k Sorunu: \u0130\u015flenen veri miktar\u0131, geleneksel e\u011fitim senaryosuna k\u0131yasla \u00e7ok daha fazlayd\u0131 ve bu durum, i\u015fleme faaliyetinin \u201cgereklilik\u201d ve \u201corant\u0131l\u0131l\u0131k\u201d ilkeleriyle uyu\u015fmad\u0131\u011f\u0131n\u0131 g\u00f6sterdi.<\/p>\n<p>&#8211; Kontrol Eksikli\u011fi: Denetleyici, Google&#8217;\u0131n standart kullan\u0131m \u015fartlar\u0131n\u0131 kabul etmi\u015fti ve bu nedenle veri i\u015fleme faaliyetleri \u00fczerinde yeterli kontrole sahip de\u011fildi.<\/p>\n<p>Karar S\u00fcreci ve Mahkeme Yorumlar\u0131<\/p>\n<p>&#8211; \u0130lk A\u015fama (DPA ve \u0130dari Mahkeme): Her iki kurum da i\u015fleme faaliyetinin yasal bir y\u00fck\u00fcml\u00fcl\u00fck kapsam\u0131nda de\u011ferlendirilemeyece\u011fini belirtti.<\/p>\n<p>&#8211; Son A\u015fama (Y\u00fcksek \u0130dare Mahkemesi): Mahkeme bu g\u00f6r\u00fc\u015fe kat\u0131lmad\u0131. Temel E\u011fitim Yasas\u0131&#8217;n\u0131n, \u00f6\u011frencilere dijital okuryazarl\u0131k kazand\u0131rma hedefine i\u015faret etti\u011fini ve bu nedenle BT tabanl\u0131 \u00f6\u011frenme ara\u00e7lar\u0131n\u0131n kullan\u0131lmas\u0131n\u0131n e\u011fitim y\u00fck\u00fcml\u00fcl\u00fc\u011f\u00fc kapsam\u0131nda de\u011ferlendirilmesi gerekti\u011fini belirtti.<\/p>\n<p>&#8211; Platform \u0130smi Tart\u0131\u015fmas\u0131: Mahkeme, GDPR\u2019nin spesifik bir yaz\u0131l\u0131m veya hizmet ismi belirtmedi\u011fini; bu nedenle \u201cGoogle Workspace\u201din \u00f6zel olarak yasal y\u00fck\u00fcml\u00fcl\u00fc\u011fe i\u015faret etmesinin gerekmedi\u011fini vurgulad\u0131.<\/p>\n<p>Sonu\u00e7<\/p>\n<p>Y\u00fcksek \u0130dare Mahkemesi, i\u015flemenin GDPR 6(1)(c) kapsam\u0131nda de\u011ferlendirilebilece\u011fini ve DPA\u2019n\u0131n bu konuda hatal\u0131 bir yorum yapt\u0131\u011f\u0131n\u0131 belirterek dosyay\u0131 yeniden inceleme amac\u0131yla DPA\u2019ya geri g\u00f6nderdi. Mahkeme ayr\u0131ca, denetleyicinin platform \u00fczerindeki s\u0131n\u0131rl\u0131 kontrol\u00fc, farkl\u0131 veri t\u00fcrlerinin farkl\u0131 ama\u00e7larla kullan\u0131lmas\u0131 gibi konular\u0131n da GDPR\u2019nin di\u011fer maddeleri uyar\u0131nca ayr\u0131ca de\u011ferlendirilmesi gerekti\u011fini kaydetti.<\/p>\n<p>\u041e\u0446\u0435\u043d\u043a\u0430<\/p>\n<p>Bu karar, kamu kurumlar\u0131n\u0131n \u201cyasal y\u00fck\u00fcml\u00fcl\u00fck\u201d dayana\u011f\u0131n\u0131 kullanarak dijital platformlar\u0131 uygulamaya ge\u00e7irmeleri durumunda ne kadar dikkatli ve kapsaml\u0131 bir de\u011ferlendirme yapmalar\u0131 gerekti\u011fini g\u00f6steriyor. Ayn\u0131 zamanda GDPR 6(1)(c)&#8217;nin ne kadar s\u0131k\u0131 yorumlanmas\u0131 gerekti\u011fi, fakat ayn\u0131 zamanda hizmetlerin ad\u0131n\u0131n birebir mevzuatta ge\u00e7mesinin \u015fart olmad\u0131\u011f\u0131 gibi \u00f6nemli prensipleri de yeniden ortaya koyuyor.<\/p>\n<p>kaynak:<\/p>\n<p>1. https:\/\/gdprhub.eu?title=KHO_-_KHO:2025:29&amp;mtc=today<\/p>\n<p>2. https:\/\/www.linkedin.com\/pulse\/google-workspace-decision-how-digital-tools-education-beg%C3%BCm-beyza-afqlf\/?trackingId=kmB%2B1DOARZ6GV0p%2BK%2FhZYg%3D%3D\u00a0Hukuki Haber<\/p>\n<p>Haberin Al\u0131nt\u0131land\u0131\u011f\u0131 Kaynak: www.hukukihaber.net<\/p>","protected":false},"excerpt":{"rendered":"<p>Google Workspace ve Espoo \u015eehri Karar\u0131 \u2013 GDPR Madde 6(1)(c) Nerede Ba\u015flar, Nerede Biter? Bir kamu kurumu, e\u011fitim altyap\u0131s\u0131n\u0131 dijitalle\u015ftirirken hangi yasal zemine dayanmal\u0131? Espoo \u015eehri&#8217;nin ilkokullarda Google Workspace for Education kullan\u0131m\u0131na ili\u015fkin tart\u0131\u015fmal\u0131 karar\u0131, kamu yarar\u0131, yasal y\u00fck\u00fcml\u00fcl\u00fck ve veri minimizasyonu ilkelerinin kesi\u015fim noktas\u0131nda \u00f6nemli dersler sunuyor. Olay\u0131n Arka Plan\u0131 Espoo \u015eehri, temel e\u011fitimi organize etme y\u00fck\u00fcml\u00fcl\u00fc\u011f\u00fc kapsam\u0131nda Google Workspace for Education platformunu ilkokullarda uygulamaya koydu. Denetleyici olarak Espoo, bu i\u015flemenin GDPR Madde 6(1)(c) \u2013 yasal y\u00fck\u00fcml\u00fcl\u00fck dayana\u011f\u0131na oturdu\u011funu savundu. Ancak Finlandiya Veri Koruma Ajans\u0131 (DPA), bu savunmay\u0131 yeterli g\u00f6rmeyerek i\u015flemenin yasal temele dayanmad\u0131\u011f\u0131na karar verdi. Veri Koruma Ajans\u0131\u2019na g\u00f6re, Temel E\u011fitim Yasas\u0131 bir e-\u00f6\u011frenme platformu kullan\u0131m\u0131n\u0131 a\u00e7\u0131k\u00e7a zorunlu k\u0131lm\u0131yor ve bu nedenle Madde 6(1)(c)\u2019ye dayanak olu\u015fturamazd\u0131. \u0130\u015flemeye konu verilerin kapsam\u0131 geni\u015fti, \u00e7ocuklar\u0131n verileri i\u015fleniyor ve platform \u00fczerinde denetleyicinin kontrol\u00fc s\u0131n\u0131rl\u0131yd\u0131. Temel Bulgular &#8211; Yetersiz Yasal Dayanak: Temel E\u011fitim Yasas\u0131, e-\u00f6\u011frenme platformlar\u0131n\u0131n kullan\u0131m\u0131na a\u00e7\u0131k\u00e7a at\u0131f yapmad\u0131\u011f\u0131 i\u00e7in GDPR 6(1)(c) kapsam\u0131nda ge\u00e7erli bir yasal y\u00fck\u00fcml\u00fcl\u00fck olu\u015fturmaz. &#8211; Orant\u0131l\u0131l\u0131k Sorunu: \u0130\u015flenen veri miktar\u0131, geleneksel e\u011fitim senaryosuna k\u0131yasla \u00e7ok daha fazlayd\u0131 ve bu durum, i\u015fleme faaliyetinin \u201cgereklilik\u201d ve \u201corant\u0131l\u0131l\u0131k\u201d ilkeleriyle uyu\u015fmad\u0131\u011f\u0131n\u0131 g\u00f6sterdi. &#8211; Kontrol Eksikli\u011fi: Denetleyici, Google&#8217;\u0131n standart kullan\u0131m \u015fartlar\u0131n\u0131 kabul etmi\u015fti ve bu nedenle veri i\u015fleme faaliyetleri \u00fczerinde yeterli kontrole sahip &hellip;<\/p>","protected":false},"author":3,"featured_media":0,"comment_status":"","ping_status":"open","sticky":false,"template":"","format":"standard","meta":{"_acf_changed":false,"footnotes":""},"categories":[27],"tags":[],"class_list":["post-113866","post","type-post","status-publish","format-standard","has-post-thumbnail","hentry","category-hukukihaber"],"acf":[],"yoast_head":"<!-- This site is optimized with the Yoast SEO Premium plugin v26.6 (Yoast SEO v27.1.1) - https:\/\/yoast.com\/product\/yoast-seo-premium-wordpress\/ -->\n<title>Google Workspace Karar\u0131: E\u011fitimde Dijital Ara\u00e7lar, Nas\u0131l Uyumlu Hale Gelir? - Av. Deniz Can K\u0131z\u0131l<\/title>\n<meta name=\"robots\" content=\"index, follow, max-snippet:-1, max-image-preview:large, max-video-preview:-1\" \/>\n<link rel=\"canonical\" href=\"http:\/\/denizcankizil.tr\/ru\/hukukihaber\/google-workspace-karari-egitimde-dijital-araclar-nasil-uyumlu-hale-gelir\/\" \/>\n<meta property=\"og:locale\" content=\"ru_RU\" \/>\n<meta property=\"og:type\" content=\"article\" \/>\n<meta property=\"og:title\" content=\"Google Workspace Karar\u0131: E\u011fitimde Dijital Ara\u00e7lar, Nas\u0131l Uyumlu Hale Gelir?\" \/>\n<meta property=\"og:description\" content=\"Google Workspace ve Espoo \u015eehri Karar\u0131 \u2013 GDPR Madde 6(1)(c) Nerede Ba\u015flar, Nerede Biter? Bir kamu kurumu, e\u011fitim altyap\u0131s\u0131n\u0131 dijitalle\u015ftirirken hangi yasal zemine dayanmal\u0131? Espoo \u015eehri&#8217;nin ilkokullarda Google Workspace for Education kullan\u0131m\u0131na ili\u015fkin tart\u0131\u015fmal\u0131 karar\u0131, kamu yarar\u0131, yasal y\u00fck\u00fcml\u00fcl\u00fck ve veri minimizasyonu ilkelerinin kesi\u015fim noktas\u0131nda \u00f6nemli dersler sunuyor. Olay\u0131n Arka Plan\u0131 Espoo \u015eehri, temel e\u011fitimi organize etme y\u00fck\u00fcml\u00fcl\u00fc\u011f\u00fc kapsam\u0131nda Google Workspace for Education platformunu ilkokullarda uygulamaya koydu. Denetleyici olarak Espoo, bu i\u015flemenin GDPR Madde 6(1)(c) \u2013 yasal y\u00fck\u00fcml\u00fcl\u00fck dayana\u011f\u0131na oturdu\u011funu savundu. Ancak Finlandiya Veri Koruma Ajans\u0131 (DPA), bu savunmay\u0131 yeterli g\u00f6rmeyerek i\u015flemenin yasal temele dayanmad\u0131\u011f\u0131na karar verdi. Veri Koruma Ajans\u0131\u2019na g\u00f6re, Temel E\u011fitim Yasas\u0131 bir e-\u00f6\u011frenme platformu kullan\u0131m\u0131n\u0131 a\u00e7\u0131k\u00e7a zorunlu k\u0131lm\u0131yor ve bu nedenle Madde 6(1)(c)\u2019ye dayanak olu\u015fturamazd\u0131. \u0130\u015flemeye konu verilerin kapsam\u0131 geni\u015fti, \u00e7ocuklar\u0131n verileri i\u015fleniyor ve platform \u00fczerinde denetleyicinin kontrol\u00fc s\u0131n\u0131rl\u0131yd\u0131. Temel Bulgular &#8211; Yetersiz Yasal Dayanak: Temel E\u011fitim Yasas\u0131, e-\u00f6\u011frenme platformlar\u0131n\u0131n kullan\u0131m\u0131na a\u00e7\u0131k\u00e7a at\u0131f yapmad\u0131\u011f\u0131 i\u00e7in GDPR 6(1)(c) kapsam\u0131nda ge\u00e7erli bir yasal y\u00fck\u00fcml\u00fcl\u00fck olu\u015fturmaz. &#8211; Orant\u0131l\u0131l\u0131k Sorunu: \u0130\u015flenen veri miktar\u0131, geleneksel e\u011fitim senaryosuna k\u0131yasla \u00e7ok daha fazlayd\u0131 ve bu durum, i\u015fleme faaliyetinin \u201cgereklilik\u201d ve \u201corant\u0131l\u0131l\u0131k\u201d ilkeleriyle uyu\u015fmad\u0131\u011f\u0131n\u0131 g\u00f6sterdi. &#8211; Kontrol Eksikli\u011fi: Denetleyici, Google&#8217;\u0131n standart kullan\u0131m \u015fartlar\u0131n\u0131 kabul etmi\u015fti ve bu nedenle veri i\u015fleme faaliyetleri \u00fczerinde yeterli kontrole sahip &hellip;\" \/>\n<meta property=\"og:url\" content=\"http:\/\/denizcankizil.tr\/ru\/hukukihaber\/google-workspace-karari-egitimde-dijital-araclar-nasil-uyumlu-hale-gelir\/\" \/>\n<meta property=\"og:site_name\" content=\"Av. Deniz Can K\u0131z\u0131l\" \/>\n<meta property=\"article:published_time\" content=\"2025-06-10T06:11:00+00:00\" \/>\n<meta name=\"author\" content=\"Hukuki Haber.net\" \/>\n<meta name=\"twitter:card\" content=\"summary_large_image\" \/>\n<meta name=\"twitter:label1\" content=\"\u041d\u0430\u043f\u0438\u0441\u0430\u043d\u043e \u0430\u0432\u0442\u043e\u0440\u043e\u043c\" \/>\n\t<meta name=\"twitter:data1\" content=\"Hukuki Haber.net\" \/>\n\t<meta name=\"twitter:label2\" content=\"\u041f\u0440\u0438\u043c\u0435\u0440\u043d\u043e\u0435 \u0432\u0440\u0435\u043c\u044f \u0434\u043b\u044f \u0447\u0442\u0435\u043d\u0438\u044f\" \/>\n\t<meta name=\"twitter:data2\" content=\"6 \u043c\u0438\u043d\u0443\u0442\" \/>\n<script type=\"application\/ld+json\" class=\"yoast-schema-graph\">{\"@context\":\"https:\/\/schema.org\",\"@graph\":[{\"@type\":\"Article\",\"@id\":\"http:\/\/denizcankizil.tr\/de\/hukukihaber\/google-workspace-karari-egitimde-dijital-araclar-nasil-uyumlu-hale-gelir\/#article\",\"isPartOf\":{\"@id\":\"http:\/\/denizcankizil.tr\/de\/hukukihaber\/google-workspace-karari-egitimde-dijital-araclar-nasil-uyumlu-hale-gelir\/\"},\"author\":{\"name\":\"Hukuki Haber.net\",\"@id\":\"https:\/\/denizcankizil.tr\/de\/#\/schema\/person\/001a271de994a0aa3f90eea084424822\"},\"headline\":\"Google Workspace Karar\u0131: E\u011fitimde Dijital Ara\u00e7lar, Nas\u0131l Uyumlu Hale Gelir?\",\"datePublished\":\"2025-06-10T06:11:00+00:00\",\"mainEntityOfPage\":{\"@id\":\"http:\/\/denizcankizil.tr\/de\/hukukihaber\/google-workspace-karari-egitimde-dijital-araclar-nasil-uyumlu-hale-gelir\/\"},\"wordCount\":1193,\"publisher\":{\"@id\":\"https:\/\/denizcankizil.tr\/de\/#organization\"},\"articleSection\":[\"Hukuki Haberler\"],\"inLanguage\":\"ru-RU\"},{\"@type\":\"WebPage\",\"@id\":\"http:\/\/denizcankizil.tr\/de\/hukukihaber\/google-workspace-karari-egitimde-dijital-araclar-nasil-uyumlu-hale-gelir\/\",\"url\":\"http:\/\/denizcankizil.tr\/de\/hukukihaber\/google-workspace-karari-egitimde-dijital-araclar-nasil-uyumlu-hale-gelir\/\",\"name\":\"Google Workspace Karar\u0131: E\u011fitimde Dijital Ara\u00e7lar, Nas\u0131l Uyumlu Hale Gelir? - Av. Deniz Can K\u0131z\u0131l\",\"isPartOf\":{\"@id\":\"https:\/\/denizcankizil.tr\/de\/#website\"},\"datePublished\":\"2025-06-10T06:11:00+00:00\",\"breadcrumb\":{\"@id\":\"http:\/\/denizcankizil.tr\/de\/hukukihaber\/google-workspace-karari-egitimde-dijital-araclar-nasil-uyumlu-hale-gelir\/#breadcrumb\"},\"inLanguage\":\"ru-RU\",\"potentialAction\":[{\"@type\":\"ReadAction\",\"target\":[\"http:\/\/denizcankizil.tr\/de\/hukukihaber\/google-workspace-karari-egitimde-dijital-araclar-nasil-uyumlu-hale-gelir\/\"]}]},{\"@type\":\"BreadcrumbList\",\"@id\":\"http:\/\/denizcankizil.tr\/de\/hukukihaber\/google-workspace-karari-egitimde-dijital-araclar-nasil-uyumlu-hale-gelir\/#breadcrumb\",\"itemListElement\":[{\"@type\":\"ListItem\",\"position\":1,\"name\":\"Home\",\"item\":\"https:\/\/denizcankizil.tr\/de\/\"},{\"@type\":\"ListItem\",\"position\":2,\"name\":\"Google Workspace Karar\u0131: E\u011fitimde Dijital Ara\u00e7lar, Nas\u0131l Uyumlu Hale Gelir?\"}]},{\"@type\":\"WebSite\",\"@id\":\"https:\/\/denizcankizil.tr\/de\/#website\",\"url\":\"https:\/\/denizcankizil.tr\/de\/\",\"name\":\"Av. Deniz Can K\u0131z\u0131l\",\"description\":\"Avukat Deniz Can K\u0131z\u0131l Antalya Barosu\",\"publisher\":{\"@id\":\"https:\/\/denizcankizil.tr\/de\/#organization\"},\"potentialAction\":[{\"@type\":\"SearchAction\",\"target\":{\"@type\":\"EntryPoint\",\"urlTemplate\":\"https:\/\/denizcankizil.tr\/de\/?s={search_term_string}\"},\"query-input\":{\"@type\":\"PropertyValueSpecification\",\"valueRequired\":true,\"valueName\":\"search_term_string\"}}],\"inLanguage\":\"ru-RU\"},{\"@type\":\"Organization\",\"@id\":\"https:\/\/denizcankizil.tr\/de\/#organization\",\"name\":\"Av. Deniz Can K\u0131z\u0131l\",\"url\":\"https:\/\/denizcankizil.tr\/de\/\",\"logo\":{\"@type\":\"ImageObject\",\"inLanguage\":\"ru-RU\",\"@id\":\"https:\/\/denizcankizil.tr\/de\/#\/schema\/logo\/image\/\",\"url\":\"http:\/\/denizcankizil.tr\/wp-content\/uploads\/2024\/10\/siyah-logo-svg.svg\",\"contentUrl\":\"http:\/\/denizcankizil.tr\/wp-content\/uploads\/2024\/10\/siyah-logo-svg.svg\",\"width\":1080,\"height\":1080,\"caption\":\"Av. Deniz Can K\u0131z\u0131l\"},\"image\":{\"@id\":\"https:\/\/denizcankizil.tr\/de\/#\/schema\/logo\/image\/\"}},{\"@type\":\"Person\",\"@id\":\"https:\/\/denizcankizil.tr\/de\/#\/schema\/person\/001a271de994a0aa3f90eea084424822\",\"name\":\"Hukuki Haber.net\",\"image\":{\"@type\":\"ImageObject\",\"inLanguage\":\"ru-RU\",\"@id\":\"https:\/\/denizcankizil.tr\/de\/#\/schema\/person\/image\/\",\"url\":\"https:\/\/secure.gravatar.com\/avatar\/57d8a49151495586611a149d29fc42865b951dc053a84709a3172ccb5abf3118?s=96&d=mm&r=g\",\"contentUrl\":\"https:\/\/secure.gravatar.com\/avatar\/57d8a49151495586611a149d29fc42865b951dc053a84709a3172ccb5abf3118?s=96&d=mm&r=g\",\"caption\":\"Hukuki Haber.net\"},\"sameAs\":[\"http:\/\/www.hukukihaber.net\"],\"url\":\"https:\/\/www.hukukihaber.net\/google-workspace-karari-egitimde-dijital-araclar-nasil-uyumlu-hale-gelir\"}]}<\/script>\n<!-- \/ Yoast SEO Premium plugin. -->","yoast_head_json":{"title":"Google Workspace Karar\u0131: E\u011fitimde Dijital Ara\u00e7lar, Nas\u0131l Uyumlu Hale Gelir? - Av. Deniz Can K\u0131z\u0131l","robots":{"index":"index","follow":"follow","max-snippet":"max-snippet:-1","max-image-preview":"max-image-preview:large","max-video-preview":"max-video-preview:-1"},"canonical":"http:\/\/denizcankizil.tr\/ru\/hukukihaber\/google-workspace-karari-egitimde-dijital-araclar-nasil-uyumlu-hale-gelir\/","og_locale":"ru_RU","og_type":"article","og_title":"Google Workspace Karar\u0131: E\u011fitimde Dijital Ara\u00e7lar, Nas\u0131l Uyumlu Hale Gelir?","og_description":"Google Workspace ve Espoo \u015eehri Karar\u0131 \u2013 GDPR Madde 6(1)(c) Nerede Ba\u015flar, Nerede Biter? Bir kamu kurumu, e\u011fitim altyap\u0131s\u0131n\u0131 dijitalle\u015ftirirken hangi yasal zemine dayanmal\u0131? Espoo \u015eehri&#8217;nin ilkokullarda Google Workspace for Education kullan\u0131m\u0131na ili\u015fkin tart\u0131\u015fmal\u0131 karar\u0131, kamu yarar\u0131, yasal y\u00fck\u00fcml\u00fcl\u00fck ve veri minimizasyonu ilkelerinin kesi\u015fim noktas\u0131nda \u00f6nemli dersler sunuyor. Olay\u0131n Arka Plan\u0131 Espoo \u015eehri, temel e\u011fitimi organize etme y\u00fck\u00fcml\u00fcl\u00fc\u011f\u00fc kapsam\u0131nda Google Workspace for Education platformunu ilkokullarda uygulamaya koydu. Denetleyici olarak Espoo, bu i\u015flemenin GDPR Madde 6(1)(c) \u2013 yasal y\u00fck\u00fcml\u00fcl\u00fck dayana\u011f\u0131na oturdu\u011funu savundu. Ancak Finlandiya Veri Koruma Ajans\u0131 (DPA), bu savunmay\u0131 yeterli g\u00f6rmeyerek i\u015flemenin yasal temele dayanmad\u0131\u011f\u0131na karar verdi. Veri Koruma Ajans\u0131\u2019na g\u00f6re, Temel E\u011fitim Yasas\u0131 bir e-\u00f6\u011frenme platformu kullan\u0131m\u0131n\u0131 a\u00e7\u0131k\u00e7a zorunlu k\u0131lm\u0131yor ve bu nedenle Madde 6(1)(c)\u2019ye dayanak olu\u015fturamazd\u0131. \u0130\u015flemeye konu verilerin kapsam\u0131 geni\u015fti, \u00e7ocuklar\u0131n verileri i\u015fleniyor ve platform \u00fczerinde denetleyicinin kontrol\u00fc s\u0131n\u0131rl\u0131yd\u0131. Temel Bulgular &#8211; Yetersiz Yasal Dayanak: Temel E\u011fitim Yasas\u0131, e-\u00f6\u011frenme platformlar\u0131n\u0131n kullan\u0131m\u0131na a\u00e7\u0131k\u00e7a at\u0131f yapmad\u0131\u011f\u0131 i\u00e7in GDPR 6(1)(c) kapsam\u0131nda ge\u00e7erli bir yasal y\u00fck\u00fcml\u00fcl\u00fck olu\u015fturmaz. &#8211; Orant\u0131l\u0131l\u0131k Sorunu: \u0130\u015flenen veri miktar\u0131, geleneksel e\u011fitim senaryosuna k\u0131yasla \u00e7ok daha fazlayd\u0131 ve bu durum, i\u015fleme faaliyetinin \u201cgereklilik\u201d ve \u201corant\u0131l\u0131l\u0131k\u201d ilkeleriyle uyu\u015fmad\u0131\u011f\u0131n\u0131 g\u00f6sterdi. &#8211; Kontrol Eksikli\u011fi: Denetleyici, Google&#8217;\u0131n standart kullan\u0131m \u015fartlar\u0131n\u0131 kabul etmi\u015fti ve bu nedenle veri i\u015fleme faaliyetleri \u00fczerinde yeterli kontrole sahip &hellip;","og_url":"http:\/\/denizcankizil.tr\/ru\/hukukihaber\/google-workspace-karari-egitimde-dijital-araclar-nasil-uyumlu-hale-gelir\/","og_site_name":"Av. Deniz Can K\u0131z\u0131l","article_published_time":"2025-06-10T06:11:00+00:00","author":"Hukuki Haber.net","twitter_card":"summary_large_image","twitter_misc":{"\u041d\u0430\u043f\u0438\u0441\u0430\u043d\u043e \u0430\u0432\u0442\u043e\u0440\u043e\u043c":"Hukuki Haber.net","\u041f\u0440\u0438\u043c\u0435\u0440\u043d\u043e\u0435 \u0432\u0440\u0435\u043c\u044f \u0434\u043b\u044f \u0447\u0442\u0435\u043d\u0438\u044f":"6 \u043c\u0438\u043d\u0443\u0442"},"schema":{"@context":"https:\/\/schema.org","@graph":[{"@type":"Article","@id":"http:\/\/denizcankizil.tr\/de\/hukukihaber\/google-workspace-karari-egitimde-dijital-araclar-nasil-uyumlu-hale-gelir\/#article","isPartOf":{"@id":"http:\/\/denizcankizil.tr\/de\/hukukihaber\/google-workspace-karari-egitimde-dijital-araclar-nasil-uyumlu-hale-gelir\/"},"author":{"name":"Hukuki Haber.net","@id":"https:\/\/denizcankizil.tr\/de\/#\/schema\/person\/001a271de994a0aa3f90eea084424822"},"headline":"Google Workspace Karar\u0131: E\u011fitimde Dijital Ara\u00e7lar, Nas\u0131l Uyumlu Hale Gelir?","datePublished":"2025-06-10T06:11:00+00:00","mainEntityOfPage":{"@id":"http:\/\/denizcankizil.tr\/de\/hukukihaber\/google-workspace-karari-egitimde-dijital-araclar-nasil-uyumlu-hale-gelir\/"},"wordCount":1193,"publisher":{"@id":"https:\/\/denizcankizil.tr\/de\/#organization"},"articleSection":["Hukuki Haberler"],"inLanguage":"ru-RU"},{"@type":"WebPage","@id":"http:\/\/denizcankizil.tr\/de\/hukukihaber\/google-workspace-karari-egitimde-dijital-araclar-nasil-uyumlu-hale-gelir\/","url":"http:\/\/denizcankizil.tr\/de\/hukukihaber\/google-workspace-karari-egitimde-dijital-araclar-nasil-uyumlu-hale-gelir\/","name":"Google Workspace Karar\u0131: E\u011fitimde Dijital Ara\u00e7lar, Nas\u0131l Uyumlu Hale Gelir? - Av. Deniz Can K\u0131z\u0131l","isPartOf":{"@id":"https:\/\/denizcankizil.tr\/de\/#website"},"datePublished":"2025-06-10T06:11:00+00:00","breadcrumb":{"@id":"http:\/\/denizcankizil.tr\/de\/hukukihaber\/google-workspace-karari-egitimde-dijital-araclar-nasil-uyumlu-hale-gelir\/#breadcrumb"},"inLanguage":"ru-RU","potentialAction":[{"@type":"ReadAction","target":["http:\/\/denizcankizil.tr\/de\/hukukihaber\/google-workspace-karari-egitimde-dijital-araclar-nasil-uyumlu-hale-gelir\/"]}]},{"@type":"BreadcrumbList","@id":"http:\/\/denizcankizil.tr\/de\/hukukihaber\/google-workspace-karari-egitimde-dijital-araclar-nasil-uyumlu-hale-gelir\/#breadcrumb","itemListElement":[{"@type":"ListItem","position":1,"name":"Home","item":"https:\/\/denizcankizil.tr\/de\/"},{"@type":"ListItem","position":2,"name":"Google Workspace Karar\u0131: E\u011fitimde Dijital Ara\u00e7lar, Nas\u0131l Uyumlu Hale Gelir?"}]},{"@type":"WebSite","@id":"https:\/\/denizcankizil.tr\/de\/#website","url":"https:\/\/denizcankizil.tr\/de\/","name":"Av. Deniz Can K\u0131z\u0131l","description":"Avukat Deniz Can K\u0131z\u0131l Antalya Barosu","publisher":{"@id":"https:\/\/denizcankizil.tr\/de\/#organization"},"potentialAction":[{"@type":"SearchAction","target":{"@type":"EntryPoint","urlTemplate":"https:\/\/denizcankizil.tr\/de\/?s={search_term_string}"},"query-input":{"@type":"PropertyValueSpecification","valueRequired":true,"valueName":"search_term_string"}}],"inLanguage":"ru-RU"},{"@type":"Organization","@id":"https:\/\/denizcankizil.tr\/de\/#organization","name":"Av. Deniz Can K\u0131z\u0131l","url":"https:\/\/denizcankizil.tr\/de\/","logo":{"@type":"ImageObject","inLanguage":"ru-RU","@id":"https:\/\/denizcankizil.tr\/de\/#\/schema\/logo\/image\/","url":"http:\/\/denizcankizil.tr\/wp-content\/uploads\/2024\/10\/siyah-logo-svg.svg","contentUrl":"http:\/\/denizcankizil.tr\/wp-content\/uploads\/2024\/10\/siyah-logo-svg.svg","width":1080,"height":1080,"caption":"Av. Deniz Can K\u0131z\u0131l"},"image":{"@id":"https:\/\/denizcankizil.tr\/de\/#\/schema\/logo\/image\/"}},{"@type":"Person","@id":"https:\/\/denizcankizil.tr\/de\/#\/schema\/person\/001a271de994a0aa3f90eea084424822","name":"Hukuki Haber.net","image":{"@type":"ImageObject","inLanguage":"ru-RU","@id":"https:\/\/denizcankizil.tr\/de\/#\/schema\/person\/image\/","url":"https:\/\/secure.gravatar.com\/avatar\/57d8a49151495586611a149d29fc42865b951dc053a84709a3172ccb5abf3118?s=96&d=mm&r=g","contentUrl":"https:\/\/secure.gravatar.com\/avatar\/57d8a49151495586611a149d29fc42865b951dc053a84709a3172ccb5abf3118?s=96&d=mm&r=g","caption":"Hukuki Haber.net"},"sameAs":["http:\/\/www.hukukihaber.net"],"url":"https:\/\/www.hukukihaber.net\/google-workspace-karari-egitimde-dijital-araclar-nasil-uyumlu-hale-gelir"}]}},"_links":{"self":[{"href":"http:\/\/denizcankizil.tr\/ru\/wp-json\/wp\/v2\/posts\/113866","targetHints":{"allow":["GET"]}}],"collection":[{"href":"http:\/\/denizcankizil.tr\/ru\/wp-json\/wp\/v2\/posts"}],"about":[{"href":"http:\/\/denizcankizil.tr\/ru\/wp-json\/wp\/v2\/types\/post"}],"author":[{"embeddable":true,"href":"http:\/\/denizcankizil.tr\/ru\/wp-json\/wp\/v2\/users\/3"}],"replies":[{"embeddable":true,"href":"http:\/\/denizcankizil.tr\/ru\/wp-json\/wp\/v2\/comments?post=113866"}],"version-history":[{"count":0,"href":"http:\/\/denizcankizil.tr\/ru\/wp-json\/wp\/v2\/posts\/113866\/revisions"}],"wp:attachment":[{"href":"http:\/\/denizcankizil.tr\/ru\/wp-json\/wp\/v2\/media?parent=113866"}],"wp:term":[{"taxonomy":"category","embeddable":true,"href":"http:\/\/denizcankizil.tr\/ru\/wp-json\/wp\/v2\/categories?post=113866"},{"taxonomy":"post_tag","embeddable":true,"href":"http:\/\/denizcankizil.tr\/ru\/wp-json\/wp\/v2\/tags?post=113866"}],"curies":[{"name":"wp","href":"https:\/\/api.w.org\/{rel}","templated":true}]}}