{"id":11271,"date":"2024-11-01T19:41:24","date_gmt":"2024-11-01T16:41:24","guid":{"rendered":"https:\/\/denizcankizil.tr\/uncategorized-tr\/aliaganin-dogal-citak-nar-eksisinin-sofralara-uzanan-oykusu\/"},"modified":"2024-11-01T19:41:24","modified_gmt":"2024-11-01T16:41:24","slug":"aliaganin-dogal-citak-nar-eksisinin-sofralara-uzanan-oykusu","status":"publish","type":"post","link":"http:\/\/denizcankizil.tr\/ru\/haberler\/gundem\/aliaganin-dogal-citak-nar-eksisinin-sofralara-uzanan-oykusu\/","title":{"rendered":"Alia\u011fa\u2019n\u0131n Do\u011fal \u00c7\u0131tak Nar Ek\u015fisi\u2019nin Sofralara Uzanan \u00d6yk\u00fcs\u00fc"},"content":{"rendered":"<p>Nar\u0131 ve nar ek\u015fisiyle me\u015fhur Alia\u011fa\u2019n\u0131n \u00c7\u0131tak Mahallesi\u2019nde nar hasad\u0131 ba\u015flad\u0131. T\u00fcrk ve d\u00fcnya mutfa\u011f\u0131n\u0131n \u00f6nemli lezzetlerinden olan nar ek\u015fisi, \u00c7\u0131takl\u0131 kad\u0131nlar taraf\u0131ndan do\u011fal y\u00f6ntemlerle \u00fcretiliyor.<\/p>\n<p>\u200bNar\u0131 ve nar ek\u015fisiyle me\u015fhur Alia\u011fa\u2019n\u0131n \u00c7\u0131tak Mahallesi\u2019nde nar hasad\u0131 ba\u015flad\u0131. T\u00fcrk ve d\u00fcnya mutfa\u011f\u0131n\u0131n \u00f6nemli lezzetlerinden olan nar ek\u015fisi, \u00c7\u0131takl\u0131 kad\u0131nlar taraf\u0131ndan do\u011fal y\u00f6ntemlerle \u00fcretiliyor.\u00a0<\/p>\n<p>\u200bHaberin Al\u0131nt\u0131land\u0131\u011f\u0131 Kaynak: www.iskenderun.org<\/p>","protected":false},"excerpt":{"rendered":"<p>Nar\u0131 ve nar ek\u015fisiyle me\u015fhur Alia\u011fa\u2019n\u0131n \u00c7\u0131tak Mahallesi\u2019nde nar hasad\u0131 ba\u015flad\u0131. T\u00fcrk ve d\u00fcnya mutfa\u011f\u0131n\u0131n \u00f6nemli lezzetlerinden olan nar ek\u015fisi, \u00c7\u0131takl\u0131 kad\u0131nlar taraf\u0131ndan do\u011fal y\u00f6ntemlerle \u00fcretiliyor. \u200bNar\u0131 ve nar ek\u015fisiyle me\u015fhur Alia\u011fa\u2019n\u0131n \u00c7\u0131tak Mahallesi\u2019nde nar hasad\u0131 ba\u015flad\u0131. T\u00fcrk ve d\u00fcnya mutfa\u011f\u0131n\u0131n \u00f6nemli lezzetlerinden olan nar ek\u015fisi, \u00c7\u0131takl\u0131 kad\u0131nlar taraf\u0131ndan do\u011fal y\u00f6ntemlerle \u00fcretiliyor.\u00a0 \u200bHaberin Al\u0131nt\u0131land\u0131\u011f\u0131 Kaynak: www.iskenderun.org<\/p>","protected":false},"author":0,"featured_media":0,"comment_status":"open","ping_status":"open","sticky":false,"template":"","format":"standard","meta":{"_acf_changed":false,"footnotes":""},"categories":[24,535],"tags":[],"class_list":["post-11271","post","type-post","status-publish","format-standard","has-post-thumbnail","hentry","category-gundem","category-uncategorized-tr"],"acf":[],"yoast_head":"<!-- This site is optimized with the Yoast SEO Premium plugin v26.6 (Yoast SEO v27.1.1) - https:\/\/yoast.com\/product\/yoast-seo-premium-wordpress\/ -->\n<title>Alia\u011fa\u2019n\u0131n Do\u011fal \u00c7\u0131tak Nar Ek\u015fisi\u2019nin Sofralara Uzanan \u00d6yk\u00fcs\u00fc - Av. Deniz Can K\u0131z\u0131l<\/title>\n<meta name=\"robots\" content=\"index, follow, max-snippet:-1, max-image-preview:large, max-video-preview:-1\" \/>\n<link rel=\"canonical\" href=\"http:\/\/denizcankizil.tr\/ru\/haberler\/gundem\/aliaganin-dogal-citak-nar-eksisinin-sofralara-uzanan-oykusu\/\" \/>\n<meta property=\"og:locale\" content=\"ru_RU\" \/>\n<meta property=\"og:type\" content=\"article\" \/>\n<meta property=\"og:title\" content=\"Alia\u011fa\u2019n\u0131n Do\u011fal \u00c7\u0131tak Nar Ek\u015fisi\u2019nin Sofralara Uzanan \u00d6yk\u00fcs\u00fc\" \/>\n<meta property=\"og:description\" content=\"Nar\u0131 ve nar ek\u015fisiyle me\u015fhur Alia\u011fa\u2019n\u0131n \u00c7\u0131tak Mahallesi\u2019nde nar hasad\u0131 ba\u015flad\u0131. T\u00fcrk ve d\u00fcnya mutfa\u011f\u0131n\u0131n \u00f6nemli lezzetlerinden olan nar ek\u015fisi, \u00c7\u0131takl\u0131 kad\u0131nlar taraf\u0131ndan do\u011fal y\u00f6ntemlerle \u00fcretiliyor. \u200bNar\u0131 ve nar ek\u015fisiyle me\u015fhur Alia\u011fa\u2019n\u0131n \u00c7\u0131tak Mahallesi\u2019nde nar hasad\u0131 ba\u015flad\u0131. T\u00fcrk ve d\u00fcnya mutfa\u011f\u0131n\u0131n \u00f6nemli lezzetlerinden olan nar ek\u015fisi, \u00c7\u0131takl\u0131 kad\u0131nlar taraf\u0131ndan do\u011fal y\u00f6ntemlerle \u00fcretiliyor.\u00a0 \u200bHaberin Al\u0131nt\u0131land\u0131\u011f\u0131 Kaynak: www.iskenderun.org\" \/>\n<meta property=\"og:url\" content=\"http:\/\/denizcankizil.tr\/ru\/haberler\/gundem\/aliaganin-dogal-citak-nar-eksisinin-sofralara-uzanan-oykusu\/\" \/>\n<meta property=\"og:site_name\" content=\"Av. Deniz Can K\u0131z\u0131l\" \/>\n<meta property=\"article:published_time\" content=\"2024-11-01T16:41:24+00:00\" \/>\n<meta name=\"twitter:card\" content=\"summary_large_image\" \/>\n<script type=\"application\/ld+json\" class=\"yoast-schema-graph\">{\"@context\":\"https:\/\/schema.org\",\"@graph\":[{\"@type\":\"Article\",\"@id\":\"http:\/\/denizcankizil.tr\/ru\/haberler\/gundem\/aliaganin-dogal-citak-nar-eksisinin-sofralara-uzanan-oykusu\/#article\",\"isPartOf\":{\"@id\":\"http:\/\/denizcankizil.tr\/ru\/haberler\/gundem\/aliaganin-dogal-citak-nar-eksisinin-sofralara-uzanan-oykusu\/\"},\"author\":{\"name\":\"\",\"@id\":\"\"},\"headline\":\"Alia\u011fa\u2019n\u0131n Do\u011fal \u00c7\u0131tak Nar Ek\u015fisi\u2019nin Sofralara Uzanan \u00d6yk\u00fcs\u00fc\",\"datePublished\":\"2024-11-01T16:41:24+00:00\",\"mainEntityOfPage\":{\"@id\":\"http:\/\/denizcankizil.tr\/ru\/haberler\/gundem\/aliaganin-dogal-citak-nar-eksisinin-sofralara-uzanan-oykusu\/\"},\"wordCount\":107,\"commentCount\":0,\"publisher\":{\"@id\":\"https:\/\/denizcankizil.tr\/de\/#organization\"},\"articleSection\":[\"G\u00fcndem\",\"Uncategorized\"],\"inLanguage\":\"ru-RU\",\"potentialAction\":[{\"@type\":\"CommentAction\",\"name\":\"Comment\",\"target\":[\"http:\/\/denizcankizil.tr\/ru\/haberler\/gundem\/aliaganin-dogal-citak-nar-eksisinin-sofralara-uzanan-oykusu\/#respond\"]}]},{\"@type\":\"WebPage\",\"@id\":\"http:\/\/denizcankizil.tr\/ru\/haberler\/gundem\/aliaganin-dogal-citak-nar-eksisinin-sofralara-uzanan-oykusu\/\",\"url\":\"http:\/\/denizcankizil.tr\/ru\/haberler\/gundem\/aliaganin-dogal-citak-nar-eksisinin-sofralara-uzanan-oykusu\/\",\"name\":\"Alia\u011fa\u2019n\u0131n Do\u011fal \u00c7\u0131tak Nar Ek\u015fisi\u2019nin Sofralara Uzanan \u00d6yk\u00fcs\u00fc - Av. Deniz Can K\u0131z\u0131l\",\"isPartOf\":{\"@id\":\"https:\/\/denizcankizil.tr\/de\/#website\"},\"datePublished\":\"2024-11-01T16:41:24+00:00\",\"breadcrumb\":{\"@id\":\"http:\/\/denizcankizil.tr\/ru\/haberler\/gundem\/aliaganin-dogal-citak-nar-eksisinin-sofralara-uzanan-oykusu\/#breadcrumb\"},\"inLanguage\":\"ru-RU\",\"potentialAction\":[{\"@type\":\"ReadAction\",\"target\":[\"http:\/\/denizcankizil.tr\/ru\/haberler\/gundem\/aliaganin-dogal-citak-nar-eksisinin-sofralara-uzanan-oykusu\/\"]}]},{\"@type\":\"BreadcrumbList\",\"@id\":\"http:\/\/denizcankizil.tr\/ru\/haberler\/gundem\/aliaganin-dogal-citak-nar-eksisinin-sofralara-uzanan-oykusu\/#breadcrumb\",\"itemListElement\":[{\"@type\":\"ListItem\",\"position\":1,\"name\":\"Home\",\"item\":\"https:\/\/denizcankizil.tr\/de\/\"},{\"@type\":\"ListItem\",\"position\":2,\"name\":\"Alia\u011fa\u2019n\u0131n Do\u011fal \u00c7\u0131tak Nar Ek\u015fisi\u2019nin Sofralara Uzanan \u00d6yk\u00fcs\u00fc\"}]},{\"@type\":\"WebSite\",\"@id\":\"https:\/\/denizcankizil.tr\/de\/#website\",\"url\":\"https:\/\/denizcankizil.tr\/de\/\",\"name\":\"Av. Deniz Can K\u0131z\u0131l\",\"description\":\"Avukat Deniz Can K\u0131z\u0131l Antalya Barosu\",\"publisher\":{\"@id\":\"https:\/\/denizcankizil.tr\/de\/#organization\"},\"potentialAction\":[{\"@type\":\"SearchAction\",\"target\":{\"@type\":\"EntryPoint\",\"urlTemplate\":\"https:\/\/denizcankizil.tr\/de\/?s={search_term_string}\"},\"query-input\":{\"@type\":\"PropertyValueSpecification\",\"valueRequired\":true,\"valueName\":\"search_term_string\"}}],\"inLanguage\":\"ru-RU\"},{\"@type\":\"Organization\",\"@id\":\"https:\/\/denizcankizil.tr\/de\/#organization\",\"name\":\"Av. Deniz Can K\u0131z\u0131l\",\"url\":\"https:\/\/denizcankizil.tr\/de\/\",\"logo\":{\"@type\":\"ImageObject\",\"inLanguage\":\"ru-RU\",\"@id\":\"https:\/\/denizcankizil.tr\/de\/#\/schema\/logo\/image\/\",\"url\":\"http:\/\/denizcankizil.tr\/wp-content\/uploads\/2024\/10\/siyah-logo-svg.svg\",\"contentUrl\":\"http:\/\/denizcankizil.tr\/wp-content\/uploads\/2024\/10\/siyah-logo-svg.svg\",\"width\":1080,\"height\":1080,\"caption\":\"Av. Deniz Can K\u0131z\u0131l\"},\"image\":{\"@id\":\"https:\/\/denizcankizil.tr\/de\/#\/schema\/logo\/image\/\"}}]}<\/script>\n<!-- \/ Yoast SEO Premium plugin. -->","yoast_head_json":{"title":"Alia\u011fa\u2019n\u0131n Do\u011fal \u00c7\u0131tak Nar Ek\u015fisi\u2019nin Sofralara Uzanan \u00d6yk\u00fcs\u00fc - Av. Deniz Can K\u0131z\u0131l","robots":{"index":"index","follow":"follow","max-snippet":"max-snippet:-1","max-image-preview":"max-image-preview:large","max-video-preview":"max-video-preview:-1"},"canonical":"http:\/\/denizcankizil.tr\/ru\/haberler\/gundem\/aliaganin-dogal-citak-nar-eksisinin-sofralara-uzanan-oykusu\/","og_locale":"ru_RU","og_type":"article","og_title":"Alia\u011fa\u2019n\u0131n Do\u011fal \u00c7\u0131tak Nar Ek\u015fisi\u2019nin Sofralara Uzanan \u00d6yk\u00fcs\u00fc","og_description":"Nar\u0131 ve nar ek\u015fisiyle me\u015fhur Alia\u011fa\u2019n\u0131n \u00c7\u0131tak Mahallesi\u2019nde nar hasad\u0131 ba\u015flad\u0131. T\u00fcrk ve d\u00fcnya mutfa\u011f\u0131n\u0131n \u00f6nemli lezzetlerinden olan nar ek\u015fisi, \u00c7\u0131takl\u0131 kad\u0131nlar taraf\u0131ndan do\u011fal y\u00f6ntemlerle \u00fcretiliyor. \u200bNar\u0131 ve nar ek\u015fisiyle me\u015fhur Alia\u011fa\u2019n\u0131n \u00c7\u0131tak Mahallesi\u2019nde nar hasad\u0131 ba\u015flad\u0131. T\u00fcrk ve d\u00fcnya mutfa\u011f\u0131n\u0131n \u00f6nemli lezzetlerinden olan nar ek\u015fisi, \u00c7\u0131takl\u0131 kad\u0131nlar taraf\u0131ndan do\u011fal y\u00f6ntemlerle \u00fcretiliyor.\u00a0 \u200bHaberin Al\u0131nt\u0131land\u0131\u011f\u0131 Kaynak: www.iskenderun.org","og_url":"http:\/\/denizcankizil.tr\/ru\/haberler\/gundem\/aliaganin-dogal-citak-nar-eksisinin-sofralara-uzanan-oykusu\/","og_site_name":"Av. Deniz Can K\u0131z\u0131l","article_published_time":"2024-11-01T16:41:24+00:00","twitter_card":"summary_large_image","schema":{"@context":"https:\/\/schema.org","@graph":[{"@type":"Article","@id":"http:\/\/denizcankizil.tr\/ru\/haberler\/gundem\/aliaganin-dogal-citak-nar-eksisinin-sofralara-uzanan-oykusu\/#article","isPartOf":{"@id":"http:\/\/denizcankizil.tr\/ru\/haberler\/gundem\/aliaganin-dogal-citak-nar-eksisinin-sofralara-uzanan-oykusu\/"},"author":{"name":"","@id":""},"headline":"Alia\u011fa\u2019n\u0131n Do\u011fal \u00c7\u0131tak Nar Ek\u015fisi\u2019nin Sofralara Uzanan \u00d6yk\u00fcs\u00fc","datePublished":"2024-11-01T16:41:24+00:00","mainEntityOfPage":{"@id":"http:\/\/denizcankizil.tr\/ru\/haberler\/gundem\/aliaganin-dogal-citak-nar-eksisinin-sofralara-uzanan-oykusu\/"},"wordCount":107,"commentCount":0,"publisher":{"@id":"https:\/\/denizcankizil.tr\/de\/#organization"},"articleSection":["G\u00fcndem","Uncategorized"],"inLanguage":"ru-RU","potentialAction":[{"@type":"CommentAction","name":"Comment","target":["http:\/\/denizcankizil.tr\/ru\/haberler\/gundem\/aliaganin-dogal-citak-nar-eksisinin-sofralara-uzanan-oykusu\/#respond"]}]},{"@type":"WebPage","@id":"http:\/\/denizcankizil.tr\/ru\/haberler\/gundem\/aliaganin-dogal-citak-nar-eksisinin-sofralara-uzanan-oykusu\/","url":"http:\/\/denizcankizil.tr\/ru\/haberler\/gundem\/aliaganin-dogal-citak-nar-eksisinin-sofralara-uzanan-oykusu\/","name":"Alia\u011fa\u2019n\u0131n Do\u011fal \u00c7\u0131tak Nar Ek\u015fisi\u2019nin Sofralara Uzanan \u00d6yk\u00fcs\u00fc - Av. Deniz Can K\u0131z\u0131l","isPartOf":{"@id":"https:\/\/denizcankizil.tr\/de\/#website"},"datePublished":"2024-11-01T16:41:24+00:00","breadcrumb":{"@id":"http:\/\/denizcankizil.tr\/ru\/haberler\/gundem\/aliaganin-dogal-citak-nar-eksisinin-sofralara-uzanan-oykusu\/#breadcrumb"},"inLanguage":"ru-RU","potentialAction":[{"@type":"ReadAction","target":["http:\/\/denizcankizil.tr\/ru\/haberler\/gundem\/aliaganin-dogal-citak-nar-eksisinin-sofralara-uzanan-oykusu\/"]}]},{"@type":"BreadcrumbList","@id":"http:\/\/denizcankizil.tr\/ru\/haberler\/gundem\/aliaganin-dogal-citak-nar-eksisinin-sofralara-uzanan-oykusu\/#breadcrumb","itemListElement":[{"@type":"ListItem","position":1,"name":"Home","item":"https:\/\/denizcankizil.tr\/de\/"},{"@type":"ListItem","position":2,"name":"Alia\u011fa\u2019n\u0131n Do\u011fal \u00c7\u0131tak Nar Ek\u015fisi\u2019nin Sofralara Uzanan \u00d6yk\u00fcs\u00fc"}]},{"@type":"WebSite","@id":"https:\/\/denizcankizil.tr\/de\/#website","url":"https:\/\/denizcankizil.tr\/de\/","name":"Av. Deniz Can K\u0131z\u0131l","description":"Avukat Deniz Can K\u0131z\u0131l Antalya Barosu","publisher":{"@id":"https:\/\/denizcankizil.tr\/de\/#organization"},"potentialAction":[{"@type":"SearchAction","target":{"@type":"EntryPoint","urlTemplate":"https:\/\/denizcankizil.tr\/de\/?s={search_term_string}"},"query-input":{"@type":"PropertyValueSpecification","valueRequired":true,"valueName":"search_term_string"}}],"inLanguage":"ru-RU"},{"@type":"Organization","@id":"https:\/\/denizcankizil.tr\/de\/#organization","name":"Av. Deniz Can K\u0131z\u0131l","url":"https:\/\/denizcankizil.tr\/de\/","logo":{"@type":"ImageObject","inLanguage":"ru-RU","@id":"https:\/\/denizcankizil.tr\/de\/#\/schema\/logo\/image\/","url":"http:\/\/denizcankizil.tr\/wp-content\/uploads\/2024\/10\/siyah-logo-svg.svg","contentUrl":"http:\/\/denizcankizil.tr\/wp-content\/uploads\/2024\/10\/siyah-logo-svg.svg","width":1080,"height":1080,"caption":"Av. Deniz Can K\u0131z\u0131l"},"image":{"@id":"https:\/\/denizcankizil.tr\/de\/#\/schema\/logo\/image\/"}}]}},"_links":{"self":[{"href":"http:\/\/denizcankizil.tr\/ru\/wp-json\/wp\/v2\/posts\/11271","targetHints":{"allow":["GET"]}}],"collection":[{"href":"http:\/\/denizcankizil.tr\/ru\/wp-json\/wp\/v2\/posts"}],"about":[{"href":"http:\/\/denizcankizil.tr\/ru\/wp-json\/wp\/v2\/types\/post"}],"replies":[{"embeddable":true,"href":"http:\/\/denizcankizil.tr\/ru\/wp-json\/wp\/v2\/comments?post=11271"}],"version-history":[{"count":0,"href":"http:\/\/denizcankizil.tr\/ru\/wp-json\/wp\/v2\/posts\/11271\/revisions"}],"wp:attachment":[{"href":"http:\/\/denizcankizil.tr\/ru\/wp-json\/wp\/v2\/media?parent=11271"}],"wp:term":[{"taxonomy":"category","embeddable":true,"href":"http:\/\/denizcankizil.tr\/ru\/wp-json\/wp\/v2\/categories?post=11271"},{"taxonomy":"post_tag","embeddable":true,"href":"http:\/\/denizcankizil.tr\/ru\/wp-json\/wp\/v2\/tags?post=11271"}],"curies":[{"name":"wp","href":"https:\/\/api.w.org\/{rel}","templated":true}]}}