{"id":108587,"date":"2025-06-06T17:41:19","date_gmt":"2025-06-06T14:41:19","guid":{"rendered":"https:\/\/denizcankizil.tr\/uncategorized-tr\/kurban-kesim-alanlarinda-baskan-incelemesi\/"},"modified":"2025-06-06T17:41:19","modified_gmt":"2025-06-06T14:41:19","slug":"kurban-kesim-alanlarinda-baskan-incelemesi","status":"publish","type":"post","link":"http:\/\/denizcankizil.tr\/ru\/haberler\/gundem\/kurban-kesim-alanlarinda-baskan-incelemesi\/","title":{"rendered":"Kurban kesim alanlar\u0131nda ba\u015fkan incelemesi"},"content":{"rendered":"<p>Alanya Belediye Ba\u015fkan\u0131 Osman Tar\u0131k \u00d6z\u00e7elik, Kurban Bayram\u0131&#8217;n\u0131n ilk g\u00fcn\u00fcnde Mahmutlar Belediye \u015eantiyesi, Gazipa\u015fa Dolmu\u015f Dura\u011f\u0131, E\u015fgilik D\u00fc\u011f\u00fcn Salonu ve Payallar Belediye \u015eantiyesi&#8217;nde kurulan kurban kesim merkezlerine ziyarette bulundu.<\/p>\n<p>BA\u015eKAN \u00d6Z\u00c7EL\u0130K, KES\u0130M ALANLARINI DENETLED\u0130 <\/p>\n<p>Vatanda\u015flar\u0131n dini vecibelerini hijyenik ve sa\u011fl\u0131kl\u0131 durumlarda yerine getirebilmeleri i\u00e7in \u00f6zenle haz\u0131rlanan kesim alanlar\u0131nda incelemelerde bulunan Ba\u015fkan \u00d6z\u00e7elik, bayram boyunca g\u00f6rev ba\u015f\u0131nda olan personelle bayramla\u015ft\u0131 ve kolayl\u0131klar diledi. Kesim merkezlerinin her detay\u0131n\u0131n titizlikle planland\u0131\u011f\u0131n\u0131 vurgulayan Ba\u015fkan \u00d6z\u00e7elik, &#8220;Vatanda\u015flar\u0131m\u0131z\u0131n huzur i\u00e7inde ibadetlerini yerine getirmesi bizim i\u00e7in \u00e7ok \u00f6nemliydi. Kurban kesim noktalar\u0131m\u0131zda hem hijyen durumlar\u0131na hem de dini kurallara tam anlam\u0131yla riayet edildi. Emek veren t\u00fcm ekip arkada\u015flar\u0131ma te\u015fekk\u00fcr ediyorum&#8221; dedi. Ba\u015fkan Osman Tar\u0131k \u00d6z\u00e7elik, ziyaretlerinin sonunda t\u00fcm halk\u0131n Kurban Bayram\u0131&#8217;n\u0131 kutlay\u0131p, yap\u0131lan ibadetlerin kabul olmas\u0131n\u0131 temenni etti.<\/p>\n<p>Ba\u015fkan \u00d6z\u00e7elik&#8217;e, CHP Alanya \u0130l\u00e7e Ba\u015fkan\u0131 B\u00fclent Kandemir, Ba\u015fkan Yard\u0131mc\u0131lar\u0131 Murat Levent Ko\u00e7ak ve Hasan Servet \u00dcnl\u00fc, Ba\u015fkan Dan\u0131\u015fman\u0131 Nazmi Zavlak ve birim m\u00fcd\u00fcrleri de e\u015flik etti.<\/p>\n<p>\u200bAlanya Belediye Ba\u015fkan\u0131 Osman Tar\u0131k \u00d6z\u00e7elik, Kurban Bayram\u0131&#8217;n\u0131n ilk g\u00fcn\u00fcnde kurban kesim alanlar\u0131n\u0131 ziyaret ederek hijyen denetimi yapt\u0131\u00a0<\/p>\n<p>\u200bHaberin Al\u0131nt\u0131land\u0131\u011f\u0131 Kaynak: www.antalyakorfez.com<\/p>","protected":false},"excerpt":{"rendered":"<p>Alanya Belediye Ba\u015fkan\u0131 Osman Tar\u0131k \u00d6z\u00e7elik, Kurban Bayram\u0131&#8217;n\u0131n ilk g\u00fcn\u00fcnde Mahmutlar Belediye \u015eantiyesi, Gazipa\u015fa Dolmu\u015f Dura\u011f\u0131, E\u015fgilik D\u00fc\u011f\u00fcn Salonu ve Payallar Belediye \u015eantiyesi&#8217;nde kurulan kurban kesim merkezlerine ziyarette bulundu. BA\u015eKAN \u00d6Z\u00c7EL\u0130K, KES\u0130M ALANLARINI DENETLED\u0130 Vatanda\u015flar\u0131n dini vecibelerini hijyenik ve sa\u011fl\u0131kl\u0131 durumlarda yerine getirebilmeleri i\u00e7in \u00f6zenle haz\u0131rlanan kesim alanlar\u0131nda incelemelerde bulunan Ba\u015fkan \u00d6z\u00e7elik, bayram boyunca g\u00f6rev ba\u015f\u0131nda olan personelle bayramla\u015ft\u0131 ve kolayl\u0131klar diledi. Kesim merkezlerinin her detay\u0131n\u0131n titizlikle planland\u0131\u011f\u0131n\u0131 vurgulayan Ba\u015fkan \u00d6z\u00e7elik, &#8220;Vatanda\u015flar\u0131m\u0131z\u0131n huzur i\u00e7inde ibadetlerini yerine getirmesi bizim i\u00e7in \u00e7ok \u00f6nemliydi. Kurban kesim noktalar\u0131m\u0131zda hem hijyen durumlar\u0131na hem de dini kurallara tam anlam\u0131yla riayet edildi. Emek veren t\u00fcm ekip arkada\u015flar\u0131ma te\u015fekk\u00fcr ediyorum&#8221; dedi. Ba\u015fkan Osman Tar\u0131k \u00d6z\u00e7elik, ziyaretlerinin sonunda t\u00fcm halk\u0131n Kurban Bayram\u0131&#8217;n\u0131 kutlay\u0131p, yap\u0131lan ibadetlerin kabul olmas\u0131n\u0131 temenni etti. Ba\u015fkan \u00d6z\u00e7elik&#8217;e, CHP Alanya \u0130l\u00e7e Ba\u015fkan\u0131 B\u00fclent Kandemir, Ba\u015fkan Yard\u0131mc\u0131lar\u0131 Murat Levent Ko\u00e7ak ve Hasan Servet \u00dcnl\u00fc, Ba\u015fkan Dan\u0131\u015fman\u0131 Nazmi Zavlak ve birim m\u00fcd\u00fcrleri de e\u015flik etti. \u200bAlanya Belediye Ba\u015fkan\u0131 Osman Tar\u0131k \u00d6z\u00e7elik, Kurban Bayram\u0131&#8217;n\u0131n ilk g\u00fcn\u00fcnde kurban kesim alanlar\u0131n\u0131 ziyaret ederek hijyen denetimi yapt\u0131\u00a0 \u200bHaberin Al\u0131nt\u0131land\u0131\u011f\u0131 Kaynak: www.antalyakorfez.com<\/p>","protected":false},"author":5,"featured_media":0,"comment_status":"","ping_status":"open","sticky":false,"template":"","format":"standard","meta":{"_acf_changed":false,"footnotes":""},"categories":[24],"tags":[],"class_list":["post-108587","post","type-post","status-publish","format-standard","has-post-thumbnail","hentry","category-gundem"],"acf":[],"yoast_head":"<!-- This site is optimized with the Yoast SEO Premium plugin v26.6 (Yoast SEO v27.1.1) - https:\/\/yoast.com\/product\/yoast-seo-premium-wordpress\/ -->\n<title>Kurban kesim alanlar\u0131nda ba\u015fkan incelemesi - Av. Deniz Can K\u0131z\u0131l<\/title>\n<meta name=\"robots\" content=\"index, follow, max-snippet:-1, max-image-preview:large, max-video-preview:-1\" \/>\n<link rel=\"canonical\" href=\"http:\/\/denizcankizil.tr\/ru\/haberler\/gundem\/kurban-kesim-alanlarinda-baskan-incelemesi\/\" \/>\n<meta property=\"og:locale\" content=\"ru_RU\" \/>\n<meta property=\"og:type\" content=\"article\" \/>\n<meta property=\"og:title\" content=\"Kurban kesim alanlar\u0131nda ba\u015fkan incelemesi\" \/>\n<meta property=\"og:description\" content=\"Alanya Belediye Ba\u015fkan\u0131 Osman Tar\u0131k \u00d6z\u00e7elik, Kurban Bayram\u0131&#8217;n\u0131n ilk g\u00fcn\u00fcnde Mahmutlar Belediye \u015eantiyesi, Gazipa\u015fa Dolmu\u015f Dura\u011f\u0131, E\u015fgilik D\u00fc\u011f\u00fcn Salonu ve Payallar Belediye \u015eantiyesi&#8217;nde kurulan kurban kesim merkezlerine ziyarette bulundu. BA\u015eKAN \u00d6Z\u00c7EL\u0130K, KES\u0130M ALANLARINI DENETLED\u0130 Vatanda\u015flar\u0131n dini vecibelerini hijyenik ve sa\u011fl\u0131kl\u0131 durumlarda yerine getirebilmeleri i\u00e7in \u00f6zenle haz\u0131rlanan kesim alanlar\u0131nda incelemelerde bulunan Ba\u015fkan \u00d6z\u00e7elik, bayram boyunca g\u00f6rev ba\u015f\u0131nda olan personelle bayramla\u015ft\u0131 ve kolayl\u0131klar diledi. Kesim merkezlerinin her detay\u0131n\u0131n titizlikle planland\u0131\u011f\u0131n\u0131 vurgulayan Ba\u015fkan \u00d6z\u00e7elik, &#8220;Vatanda\u015flar\u0131m\u0131z\u0131n huzur i\u00e7inde ibadetlerini yerine getirmesi bizim i\u00e7in \u00e7ok \u00f6nemliydi. Kurban kesim noktalar\u0131m\u0131zda hem hijyen durumlar\u0131na hem de dini kurallara tam anlam\u0131yla riayet edildi. Emek veren t\u00fcm ekip arkada\u015flar\u0131ma te\u015fekk\u00fcr ediyorum&#8221; dedi. Ba\u015fkan Osman Tar\u0131k \u00d6z\u00e7elik, ziyaretlerinin sonunda t\u00fcm halk\u0131n Kurban Bayram\u0131&#8217;n\u0131 kutlay\u0131p, yap\u0131lan ibadetlerin kabul olmas\u0131n\u0131 temenni etti. Ba\u015fkan \u00d6z\u00e7elik&#8217;e, CHP Alanya \u0130l\u00e7e Ba\u015fkan\u0131 B\u00fclent Kandemir, Ba\u015fkan Yard\u0131mc\u0131lar\u0131 Murat Levent Ko\u00e7ak ve Hasan Servet \u00dcnl\u00fc, Ba\u015fkan Dan\u0131\u015fman\u0131 Nazmi Zavlak ve birim m\u00fcd\u00fcrleri de e\u015flik etti. \u200bAlanya Belediye Ba\u015fkan\u0131 Osman Tar\u0131k \u00d6z\u00e7elik, Kurban Bayram\u0131&#8217;n\u0131n ilk g\u00fcn\u00fcnde kurban kesim alanlar\u0131n\u0131 ziyaret ederek hijyen denetimi yapt\u0131\u00a0 \u200bHaberin Al\u0131nt\u0131land\u0131\u011f\u0131 Kaynak: www.antalyakorfez.com\" \/>\n<meta property=\"og:url\" content=\"http:\/\/denizcankizil.tr\/ru\/haberler\/gundem\/kurban-kesim-alanlarinda-baskan-incelemesi\/\" \/>\n<meta property=\"og:site_name\" content=\"Av. Deniz Can K\u0131z\u0131l\" \/>\n<meta property=\"article:published_time\" content=\"2025-06-06T14:41:19+00:00\" \/>\n<meta name=\"author\" content=\"Antalya K\u00f6rfez\" \/>\n<meta name=\"twitter:card\" content=\"summary_large_image\" \/>\n<meta name=\"twitter:label1\" content=\"\u041d\u0430\u043f\u0438\u0441\u0430\u043d\u043e \u0430\u0432\u0442\u043e\u0440\u043e\u043c\" \/>\n\t<meta name=\"twitter:data1\" content=\"Antalya K\u00f6rfez\" \/>\n\t<meta name=\"twitter:label2\" content=\"\u041f\u0440\u0438\u043c\u0435\u0440\u043d\u043e\u0435 \u0432\u0440\u0435\u043c\u044f \u0434\u043b\u044f \u0447\u0442\u0435\u043d\u0438\u044f\" \/>\n\t<meta name=\"twitter:data2\" content=\"1 \u043c\u0438\u043d\u0443\u0442\u0430\" \/>\n<script type=\"application\/ld+json\" class=\"yoast-schema-graph\">{\"@context\":\"https:\/\/schema.org\",\"@graph\":[{\"@type\":\"Article\",\"@id\":\"http:\/\/denizcankizil.tr\/ru\/haberler\/gundem\/kurban-kesim-alanlarinda-baskan-incelemesi\/#article\",\"isPartOf\":{\"@id\":\"http:\/\/denizcankizil.tr\/ru\/haberler\/gundem\/kurban-kesim-alanlarinda-baskan-incelemesi\/\"},\"author\":{\"name\":\"Antalya K\u00f6rfez\",\"@id\":\"https:\/\/denizcankizil.tr\/#\/schema\/person\/e1eb71bb4dd684d46563f0af307e1234\"},\"headline\":\"Kurban kesim alanlar\u0131nda ba\u015fkan incelemesi\",\"datePublished\":\"2025-06-06T14:41:19+00:00\",\"mainEntityOfPage\":{\"@id\":\"http:\/\/denizcankizil.tr\/ru\/haberler\/gundem\/kurban-kesim-alanlarinda-baskan-incelemesi\/\"},\"wordCount\":260,\"publisher\":{\"@id\":\"https:\/\/denizcankizil.tr\/#organization\"},\"articleSection\":[\"G\u00fcndem\"],\"inLanguage\":\"ru-RU\"},{\"@type\":\"WebPage\",\"@id\":\"http:\/\/denizcankizil.tr\/ru\/haberler\/gundem\/kurban-kesim-alanlarinda-baskan-incelemesi\/\",\"url\":\"http:\/\/denizcankizil.tr\/ru\/haberler\/gundem\/kurban-kesim-alanlarinda-baskan-incelemesi\/\",\"name\":\"Kurban kesim alanlar\u0131nda ba\u015fkan incelemesi - Av. Deniz Can K\u0131z\u0131l\",\"isPartOf\":{\"@id\":\"https:\/\/denizcankizil.tr\/#website\"},\"datePublished\":\"2025-06-06T14:41:19+00:00\",\"breadcrumb\":{\"@id\":\"http:\/\/denizcankizil.tr\/ru\/haberler\/gundem\/kurban-kesim-alanlarinda-baskan-incelemesi\/#breadcrumb\"},\"inLanguage\":\"ru-RU\",\"potentialAction\":[{\"@type\":\"ReadAction\",\"target\":[\"http:\/\/denizcankizil.tr\/ru\/haberler\/gundem\/kurban-kesim-alanlarinda-baskan-incelemesi\/\"]}]},{\"@type\":\"BreadcrumbList\",\"@id\":\"http:\/\/denizcankizil.tr\/ru\/haberler\/gundem\/kurban-kesim-alanlarinda-baskan-incelemesi\/#breadcrumb\",\"itemListElement\":[{\"@type\":\"ListItem\",\"position\":1,\"name\":\"Home\",\"item\":\"https:\/\/denizcankizil.tr\/de\/\"},{\"@type\":\"ListItem\",\"position\":2,\"name\":\"Kurban kesim alanlar\u0131nda ba\u015fkan incelemesi\"}]},{\"@type\":\"WebSite\",\"@id\":\"https:\/\/denizcankizil.tr\/#website\",\"url\":\"https:\/\/denizcankizil.tr\/\",\"name\":\"Av. Deniz Can K\u0131z\u0131l\",\"description\":\"Avukat Deniz Can K\u0131z\u0131l Antalya Barosu\",\"publisher\":{\"@id\":\"https:\/\/denizcankizil.tr\/#organization\"},\"potentialAction\":[{\"@type\":\"SearchAction\",\"target\":{\"@type\":\"EntryPoint\",\"urlTemplate\":\"https:\/\/denizcankizil.tr\/?s={search_term_string}\"},\"query-input\":{\"@type\":\"PropertyValueSpecification\",\"valueRequired\":true,\"valueName\":\"search_term_string\"}}],\"inLanguage\":\"ru-RU\"},{\"@type\":\"Organization\",\"@id\":\"https:\/\/denizcankizil.tr\/#organization\",\"name\":\"Av. Deniz Can K\u0131z\u0131l\",\"url\":\"https:\/\/denizcankizil.tr\/\",\"logo\":{\"@type\":\"ImageObject\",\"inLanguage\":\"ru-RU\",\"@id\":\"https:\/\/denizcankizil.tr\/#\/schema\/logo\/image\/\",\"url\":\"http:\/\/denizcankizil.tr\/wp-content\/uploads\/2024\/10\/siyah-logo-svg.svg\",\"contentUrl\":\"http:\/\/denizcankizil.tr\/wp-content\/uploads\/2024\/10\/siyah-logo-svg.svg\",\"width\":1080,\"height\":1080,\"caption\":\"Av. Deniz Can K\u0131z\u0131l\"},\"image\":{\"@id\":\"https:\/\/denizcankizil.tr\/#\/schema\/logo\/image\/\"}},{\"@type\":\"Person\",\"@id\":\"https:\/\/denizcankizil.tr\/#\/schema\/person\/e1eb71bb4dd684d46563f0af307e1234\",\"name\":\"Antalya K\u00f6rfez\",\"image\":{\"@type\":\"ImageObject\",\"inLanguage\":\"ru-RU\",\"@id\":\"https:\/\/denizcankizil.tr\/#\/schema\/person\/image\/\",\"url\":\"https:\/\/secure.gravatar.com\/avatar\/42b01982558a48a0b501fdcab6a408d3717ea5919095ee2e67b0e521799c5905?s=96&d=mm&r=g\",\"contentUrl\":\"https:\/\/secure.gravatar.com\/avatar\/42b01982558a48a0b501fdcab6a408d3717ea5919095ee2e67b0e521799c5905?s=96&d=mm&r=g\",\"caption\":\"Antalya K\u00f6rfez\"},\"sameAs\":[\"http:\/\/www.antalyakorfez.com\"],\"url\":\"https:\/\/www.antalyakorfez.com\/kurban-kesim-alanlarinda-baskan-incelemesi\"}]}<\/script>\n<!-- \/ Yoast SEO Premium plugin. -->","yoast_head_json":{"title":"Kurban kesim alanlar\u0131nda ba\u015fkan incelemesi - Av. Deniz Can K\u0131z\u0131l","robots":{"index":"index","follow":"follow","max-snippet":"max-snippet:-1","max-image-preview":"max-image-preview:large","max-video-preview":"max-video-preview:-1"},"canonical":"http:\/\/denizcankizil.tr\/ru\/haberler\/gundem\/kurban-kesim-alanlarinda-baskan-incelemesi\/","og_locale":"ru_RU","og_type":"article","og_title":"Kurban kesim alanlar\u0131nda ba\u015fkan incelemesi","og_description":"Alanya Belediye Ba\u015fkan\u0131 Osman Tar\u0131k \u00d6z\u00e7elik, Kurban Bayram\u0131&#8217;n\u0131n ilk g\u00fcn\u00fcnde Mahmutlar Belediye \u015eantiyesi, Gazipa\u015fa Dolmu\u015f Dura\u011f\u0131, E\u015fgilik D\u00fc\u011f\u00fcn Salonu ve Payallar Belediye \u015eantiyesi&#8217;nde kurulan kurban kesim merkezlerine ziyarette bulundu. BA\u015eKAN \u00d6Z\u00c7EL\u0130K, KES\u0130M ALANLARINI DENETLED\u0130 Vatanda\u015flar\u0131n dini vecibelerini hijyenik ve sa\u011fl\u0131kl\u0131 durumlarda yerine getirebilmeleri i\u00e7in \u00f6zenle haz\u0131rlanan kesim alanlar\u0131nda incelemelerde bulunan Ba\u015fkan \u00d6z\u00e7elik, bayram boyunca g\u00f6rev ba\u015f\u0131nda olan personelle bayramla\u015ft\u0131 ve kolayl\u0131klar diledi. Kesim merkezlerinin her detay\u0131n\u0131n titizlikle planland\u0131\u011f\u0131n\u0131 vurgulayan Ba\u015fkan \u00d6z\u00e7elik, &#8220;Vatanda\u015flar\u0131m\u0131z\u0131n huzur i\u00e7inde ibadetlerini yerine getirmesi bizim i\u00e7in \u00e7ok \u00f6nemliydi. Kurban kesim noktalar\u0131m\u0131zda hem hijyen durumlar\u0131na hem de dini kurallara tam anlam\u0131yla riayet edildi. Emek veren t\u00fcm ekip arkada\u015flar\u0131ma te\u015fekk\u00fcr ediyorum&#8221; dedi. Ba\u015fkan Osman Tar\u0131k \u00d6z\u00e7elik, ziyaretlerinin sonunda t\u00fcm halk\u0131n Kurban Bayram\u0131&#8217;n\u0131 kutlay\u0131p, yap\u0131lan ibadetlerin kabul olmas\u0131n\u0131 temenni etti. Ba\u015fkan \u00d6z\u00e7elik&#8217;e, CHP Alanya \u0130l\u00e7e Ba\u015fkan\u0131 B\u00fclent Kandemir, Ba\u015fkan Yard\u0131mc\u0131lar\u0131 Murat Levent Ko\u00e7ak ve Hasan Servet \u00dcnl\u00fc, Ba\u015fkan Dan\u0131\u015fman\u0131 Nazmi Zavlak ve birim m\u00fcd\u00fcrleri de e\u015flik etti. \u200bAlanya Belediye Ba\u015fkan\u0131 Osman Tar\u0131k \u00d6z\u00e7elik, Kurban Bayram\u0131&#8217;n\u0131n ilk g\u00fcn\u00fcnde kurban kesim alanlar\u0131n\u0131 ziyaret ederek hijyen denetimi yapt\u0131\u00a0 \u200bHaberin Al\u0131nt\u0131land\u0131\u011f\u0131 Kaynak: www.antalyakorfez.com","og_url":"http:\/\/denizcankizil.tr\/ru\/haberler\/gundem\/kurban-kesim-alanlarinda-baskan-incelemesi\/","og_site_name":"Av. Deniz Can K\u0131z\u0131l","article_published_time":"2025-06-06T14:41:19+00:00","author":"Antalya K\u00f6rfez","twitter_card":"summary_large_image","twitter_misc":{"\u041d\u0430\u043f\u0438\u0441\u0430\u043d\u043e \u0430\u0432\u0442\u043e\u0440\u043e\u043c":"Antalya K\u00f6rfez","\u041f\u0440\u0438\u043c\u0435\u0440\u043d\u043e\u0435 \u0432\u0440\u0435\u043c\u044f \u0434\u043b\u044f \u0447\u0442\u0435\u043d\u0438\u044f":"1 \u043c\u0438\u043d\u0443\u0442\u0430"},"schema":{"@context":"https:\/\/schema.org","@graph":[{"@type":"Article","@id":"http:\/\/denizcankizil.tr\/ru\/haberler\/gundem\/kurban-kesim-alanlarinda-baskan-incelemesi\/#article","isPartOf":{"@id":"http:\/\/denizcankizil.tr\/ru\/haberler\/gundem\/kurban-kesim-alanlarinda-baskan-incelemesi\/"},"author":{"name":"Antalya K\u00f6rfez","@id":"https:\/\/denizcankizil.tr\/#\/schema\/person\/e1eb71bb4dd684d46563f0af307e1234"},"headline":"Kurban kesim alanlar\u0131nda ba\u015fkan incelemesi","datePublished":"2025-06-06T14:41:19+00:00","mainEntityOfPage":{"@id":"http:\/\/denizcankizil.tr\/ru\/haberler\/gundem\/kurban-kesim-alanlarinda-baskan-incelemesi\/"},"wordCount":260,"publisher":{"@id":"https:\/\/denizcankizil.tr\/#organization"},"articleSection":["G\u00fcndem"],"inLanguage":"ru-RU"},{"@type":"WebPage","@id":"http:\/\/denizcankizil.tr\/ru\/haberler\/gundem\/kurban-kesim-alanlarinda-baskan-incelemesi\/","url":"http:\/\/denizcankizil.tr\/ru\/haberler\/gundem\/kurban-kesim-alanlarinda-baskan-incelemesi\/","name":"Kurban kesim alanlar\u0131nda ba\u015fkan incelemesi - Av. Deniz Can K\u0131z\u0131l","isPartOf":{"@id":"https:\/\/denizcankizil.tr\/#website"},"datePublished":"2025-06-06T14:41:19+00:00","breadcrumb":{"@id":"http:\/\/denizcankizil.tr\/ru\/haberler\/gundem\/kurban-kesim-alanlarinda-baskan-incelemesi\/#breadcrumb"},"inLanguage":"ru-RU","potentialAction":[{"@type":"ReadAction","target":["http:\/\/denizcankizil.tr\/ru\/haberler\/gundem\/kurban-kesim-alanlarinda-baskan-incelemesi\/"]}]},{"@type":"BreadcrumbList","@id":"http:\/\/denizcankizil.tr\/ru\/haberler\/gundem\/kurban-kesim-alanlarinda-baskan-incelemesi\/#breadcrumb","itemListElement":[{"@type":"ListItem","position":1,"name":"Home","item":"https:\/\/denizcankizil.tr\/de\/"},{"@type":"ListItem","position":2,"name":"Kurban kesim alanlar\u0131nda ba\u015fkan incelemesi"}]},{"@type":"WebSite","@id":"https:\/\/denizcankizil.tr\/#website","url":"https:\/\/denizcankizil.tr\/","name":"Av. Deniz Can K\u0131z\u0131l","description":"Avukat Deniz Can K\u0131z\u0131l Antalya Barosu","publisher":{"@id":"https:\/\/denizcankizil.tr\/#organization"},"potentialAction":[{"@type":"SearchAction","target":{"@type":"EntryPoint","urlTemplate":"https:\/\/denizcankizil.tr\/?s={search_term_string}"},"query-input":{"@type":"PropertyValueSpecification","valueRequired":true,"valueName":"search_term_string"}}],"inLanguage":"ru-RU"},{"@type":"Organization","@id":"https:\/\/denizcankizil.tr\/#organization","name":"Av. Deniz Can K\u0131z\u0131l","url":"https:\/\/denizcankizil.tr\/","logo":{"@type":"ImageObject","inLanguage":"ru-RU","@id":"https:\/\/denizcankizil.tr\/#\/schema\/logo\/image\/","url":"http:\/\/denizcankizil.tr\/wp-content\/uploads\/2024\/10\/siyah-logo-svg.svg","contentUrl":"http:\/\/denizcankizil.tr\/wp-content\/uploads\/2024\/10\/siyah-logo-svg.svg","width":1080,"height":1080,"caption":"Av. Deniz Can K\u0131z\u0131l"},"image":{"@id":"https:\/\/denizcankizil.tr\/#\/schema\/logo\/image\/"}},{"@type":"Person","@id":"https:\/\/denizcankizil.tr\/#\/schema\/person\/e1eb71bb4dd684d46563f0af307e1234","name":"Antalya K\u00f6rfez","image":{"@type":"ImageObject","inLanguage":"ru-RU","@id":"https:\/\/denizcankizil.tr\/#\/schema\/person\/image\/","url":"https:\/\/secure.gravatar.com\/avatar\/42b01982558a48a0b501fdcab6a408d3717ea5919095ee2e67b0e521799c5905?s=96&d=mm&r=g","contentUrl":"https:\/\/secure.gravatar.com\/avatar\/42b01982558a48a0b501fdcab6a408d3717ea5919095ee2e67b0e521799c5905?s=96&d=mm&r=g","caption":"Antalya K\u00f6rfez"},"sameAs":["http:\/\/www.antalyakorfez.com"],"url":"https:\/\/www.antalyakorfez.com\/kurban-kesim-alanlarinda-baskan-incelemesi"}]}},"_links":{"self":[{"href":"http:\/\/denizcankizil.tr\/ru\/wp-json\/wp\/v2\/posts\/108587","targetHints":{"allow":["GET"]}}],"collection":[{"href":"http:\/\/denizcankizil.tr\/ru\/wp-json\/wp\/v2\/posts"}],"about":[{"href":"http:\/\/denizcankizil.tr\/ru\/wp-json\/wp\/v2\/types\/post"}],"author":[{"embeddable":true,"href":"http:\/\/denizcankizil.tr\/ru\/wp-json\/wp\/v2\/users\/5"}],"replies":[{"embeddable":true,"href":"http:\/\/denizcankizil.tr\/ru\/wp-json\/wp\/v2\/comments?post=108587"}],"version-history":[{"count":0,"href":"http:\/\/denizcankizil.tr\/ru\/wp-json\/wp\/v2\/posts\/108587\/revisions"}],"wp:attachment":[{"href":"http:\/\/denizcankizil.tr\/ru\/wp-json\/wp\/v2\/media?parent=108587"}],"wp:term":[{"taxonomy":"category","embeddable":true,"href":"http:\/\/denizcankizil.tr\/ru\/wp-json\/wp\/v2\/categories?post=108587"},{"taxonomy":"post_tag","embeddable":true,"href":"http:\/\/denizcankizil.tr\/ru\/wp-json\/wp\/v2\/tags?post=108587"}],"curies":[{"name":"wp","href":"https:\/\/api.w.org\/{rel}","templated":true}]}}