{"id":104968,"date":"2025-06-03T10:43:15","date_gmt":"2025-06-03T07:43:15","guid":{"rendered":"https:\/\/denizcankizil.tr\/uncategorized-tr\/izmirde-afetlere-karsi-kesintisiz-iletisim-atagi\/"},"modified":"2025-06-03T10:43:15","modified_gmt":"2025-06-03T07:43:15","slug":"izmirde-afetlere-karsi-kesintisiz-iletisim-atagi","status":"publish","type":"post","link":"http:\/\/denizcankizil.tr\/ru\/haberler\/gundem\/izmirde-afetlere-karsi-kesintisiz-iletisim-atagi\/","title":{"rendered":"\u0130zmir&#8217;de afetlere kar\u015f\u0131 kesintisiz ileti\u015fim ata\u011f\u0131"},"content":{"rendered":"<p>\u0130zmir B\u00fcy\u00fck\u015fehir Belediyesi olas\u0131 afetlerde GSM hatlar\u0131n\u0131n kullan\u0131m d\u0131\u015f\u0131 kalmas\u0131n\u0131 \u00f6nlemek ve ileti\u015fim kesintilerini en aza indirmek i\u00e7in bir dizi uygulamay\u0131 hayata ge\u00e7iriyor. Bu kapsamda toplanma alanlar\u0131na haberle\u015fme r\u00f6morku yerle\u015ftirilecek.\u0130ZM\u0130R (\u0130GFA) &#8211;  \u0130zmir B\u00fcy\u00fck\u015fehir Belediyesi, \u201cafetlere diren\u00e7li kent \u0130zmir\u201d yolunda \u00f6nemli ad\u0131mlar att\u0131.<br \/>\nDeprem ba\u015fta olmak \u00fczere olas\u0131 afetlerde kesintisiz ileti\u015fim i\u00e7in T\u00fcrkiye\u2019de ilk kez bir belediye taraf\u0131ndan kurulan ve acil yard\u0131m kurumlar\u0131n\u0131n haberle\u015fmesini sa\u011flayan telsiz sistemini devreye alan, Acil \u0130zmir mobil uygulamas\u0131 ile de T\u00fcrkiye\u2019ye \u00f6rnek olan \u0130zmir, ileti\u015fim \u015febekesiyle de afete diren\u00e7li hale geliyor. Toplanma alanlar\u0131na ta\u015f\u0131nabilir haberle\u015fme r\u00f6morku yerle\u015ftirmeye haz\u0131rlanan B\u00fcy\u00fck\u015fehir Belediyesi, bina \u00e7at\u0131lar\u0131nda yer alan baz istasyonlar\u0131n\u0131n GSM operat\u00f6rleri taraf\u0131ndan g\u00fcvenli kulelere ta\u015f\u0131nmas\u0131 i\u00e7in de \u00e7al\u0131\u015fma ba\u015flatt\u0131.\u0130zmir B\u00fcy\u00fck\u015fehir Belediyesi\u2019nin deprem haz\u0131rl\u0131klar\u0131 kapsam\u0131nda \u201cafete diren\u00e7li \u015febeke\u201d olu\u015fturmak i\u00e7in y\u00fcr\u00fctt\u00fc\u011f\u00fc \u00e7al\u0131\u015fmalar ise \u015f\u00f6yle:<br \/>\nNELER YAPILIYOR?<br \/>\nAfet r\u00f6morklar\u0131 hizmete al\u0131n\u0131yor<br \/>\n\u0130zmir B\u00fcy\u00fck\u015fehir Belediyesi Bilgi \u0130\u015flem Dairesi Ba\u015fkanl\u0131\u011f\u0131, afet anlar\u0131nda kullan\u0131lmak \u00fczere ta\u015f\u0131nabilir 4 haberle\u015fme r\u00f6morku ald\u0131. \u00d6n\u00fcm\u00fczdeki g\u00fcnlerde yerle\u015ftirilecek r\u00f6morklar\u0131n t\u00fcm toplanma alanlar\u0131na konulmas\u0131 hedefleniyor.  R\u00f6morklarda; uydu telefonu, telsiz, anons sistemi, \u0131\u015f\u0131kland\u0131rma, jenerat\u00f6r, \u015farj istasyonu ve \u00fccretsiz internet gibi hizmetler yer alacak.<br \/>\nDeprem transmisyon kuleleriyle ileti\u015fim kesilmeyecek<br \/>\nAfet an\u0131nda GSM operat\u00f6rlerinin kullan\u0131lmaya devam edebilmesi i\u00e7in apartman \u00e7at\u0131lar\u0131nda bulunan ve afet an\u0131nda elektrik kesintileri nedeniyle kullan\u0131lamaz hale gelen baz istasyonlar\u0131 g\u00fcvenli yap\u0131lara ta\u015f\u0131n\u0131yor. \u00d6ncelikle Bayrakl\u0131 ve Bornova\u2019da belirlenen 11 nokta i\u00e7in GSM operat\u00f6rlerine yer teslimi yap\u0131l\u0131yor Apartman \u00e7at\u0131lar\u0131nda bulunan baz istasyonlar\u0131, il\u00e7enin tamam\u0131n\u0131 kapsayacak \u015fekilde 11 noktada deprem transmisyon kulelerinde birle\u015fecek. Enerjinin kesilmemesi amac\u0131yla yedekli g\u00fc\u00e7 \u00fcnitelerinin yer alaca\u011f\u0131 sistemin kurulumu i\u00e7in GSM operat\u00f6rlerince \u00e7al\u0131\u015fma y\u00fcr\u00fct\u00fcl\u00fcyor. B\u00f6ylelikle afet an\u0131nda ileti\u015fimin kesilmemesi hedefleniyor.<br \/>\nMetroda kesintisiz ileti\u015fim<br \/>\n\u0130zmir B\u00fcy\u00fck\u015fehir Belediyesi, metroda cep telefonu ve internet kullan\u0131m\u0131n\u0131 m\u00fcmk\u00fcn k\u0131lan kesintisiz ileti\u015fim projesini hayata ge\u00e7irdi. \u0130lk etapta, 2025 y\u0131l\u0131 ocak ay\u0131nda Konak ard\u0131ndan Basmane ve \u00c7ankaya istasyonlar\u0131 ve t\u00fcnellerinde hayata ge\u00e7irilen uygulama, yolcular\u0131n cep telefonlar\u0131yla konu\u015fmalar\u0131na ve internete ba\u011flanmalar\u0131na olanak tan\u0131yor. Uygulama t\u00fcm g\u00fczergahlara yay\u0131lacak.<\/p>\n<p>NELER YAPILDI?<br \/>\n28 noktayla \u0130zmir kontrol alt\u0131nda<br \/>\n2011 y\u0131l\u0131nda T\u00fcrkiye\u2019de ilk kez bir belediye taraf\u0131ndan kurulan \u201cSay\u0131sal Trunk Telsiz Sistemi\u201d yenilendi ve g\u00fc\u00e7lendirildi. Do\u011fal afet an\u0131nda t\u00fcm haberle\u015fme hatlar\u0131 \u00e7\u00f6kse bile ileti\u015fimi sa\u011flayabilecek sistem kent genelinde 28 noktada hizmet veriyor. Kent merkezi ve \u00e7evre yerle\u015fimlerin yan\u0131 s\u0131ra acil yard\u0131m kurumlar\u0131n\u0131n sorumluluk alan\u0131na giren co\u011frafyay\u0131 da kapsayan sistem birimler ve kurumlar aras\u0131 haberle\u015fmeyi sa\u011fl\u0131yor.<br \/>\nAfete diren\u00e7li ileti\u015fim sistemi<br \/>\n\u0130zmir B\u00fcy\u00fck\u015fehir Belediyesi\u2019nin kurumsal ileti\u015fimini de yedekli bir \u015fekilde haz\u0131r halde bulunduran Bilgi \u0130\u015flem Dairesi Ba\u015fkanl\u0131\u011f\u0131, afet durumunda \u00e7a\u011fr\u0131 merkezini de uzak lokasyondan \u00e7al\u0131\u015ft\u0131r\u0131labilir \u015fekilde d\u00fczenledi. \u0130zmir B\u00fcy\u00fck\u015fehir Belediyesi\u2019nin afetlere diren\u00e7li bir ileti\u015fim a\u011f\u0131 bulunuyor.<br \/>\nAcil \u0130zmir hayat kurtar\u0131yor<br \/>\n\u0130zmir B\u00fcy\u00fck\u015fehir Belediyesi\u2019nin \u00fclkeye \u00f6rnek olan Acil \u0130zmir mobil uygulamas\u0131, Afet Portal\u0131 projesi ile birlikte afet ve acil durumlarda (deprem, yang\u0131n, arama kurtarma, s\u0131k\u0131\u015fmal\u0131 kaza, sel) itfaiye ekiplerinin kullan\u0131c\u0131lara koordineli bir \u015fekilde ula\u015fmas\u0131n\u0131 ama\u00e7l\u0131yor. Afet ve acil durumlar d\u0131\u015f\u0131nda ise vatanda\u015flar\u0131n ihtiya\u00e7 duydu\u011fu bilgilere eri\u015febilece\u011fi mod\u00fcller sunuyor.<\/p>\n<p>\u200b\u0130zmir B\u00fcy\u00fck\u015fehir Belediyesi olas\u0131 afetlerde GSM hatlar\u0131n\u0131n kullan\u0131m d\u0131\u015f\u0131 kalmas\u0131n\u0131 \u00f6nlemek ve ileti\u015fim kesintilerini en aza indirmek i\u00e7in bir dizi uygulamay\u0131 hayata ge\u00e7iriyor. Bu kapsamda toplanma alanlar\u0131na haberle\u015fme r\u00f6morku yerle\u015ftirilecek.\u0130ZM\u0130R (\u0130GFA) &#8211;  \u0130zmir B\u00fcy\u00fck\u015fehir Belediyesi, \u201cafetlere diren\u00e7li kent \u0130zmir\u201d yolunda \u00f6nemli ad\u0131mlar att\u0131.<br \/>\nDeprem ba\u015fta olmak \u00fczere olas\u0131 afetlerde kesintisiz ileti\u015fim i\u00e7in T\u00fcrkiye\u2019de ilk kez bir belediye taraf\u0131ndan kurulan ve acil yard\u0131m kurumlar\u0131n\u0131n haberle\u015fmesini sa\u011flayan telsiz sistemini devreye alan, Acil \u0130zmir mobil uygulamas\u0131 ile de T\u00fcrkiye\u2019ye \u00f6rnek olan \u0130zmir, ileti\u015fim \u015febekesiyle de afete diren\u00e7li hale geliyor. Toplanma alanlar\u0131na ta\u015f\u0131nabilir haberle\u015fme r\u00f6morku yerle\u015ftirmeye haz\u0131rlanan B\u00fcy\u00fck\u015fehir Belediyesi, bina \u00e7at\u0131lar\u0131nda yer alan baz istasyonlar\u0131n\u0131n GSM operat\u00f6rleri taraf\u0131ndan g\u00fcvenli kulelere ta\u015f\u0131nmas\u0131 i\u00e7in de \u00e7al\u0131\u015fma ba\u015flatt\u0131.\u0130zmir B\u00fcy\u00fck\u015fehir Belediyesi\u2019nin deprem haz\u0131rl\u0131klar\u0131 kapsam\u0131nda \u201cafete diren\u00e7li \u015febeke\u201d olu\u015fturmak i\u00e7in y\u00fcr\u00fctt\u00fc\u011f\u00fc \u00e7al\u0131\u015fmalar ise \u015f\u00f6yle:<br \/>\nNELER YAPILIYOR?<br \/>\nAfet r\u00f6morklar\u0131 hizmete al\u0131n\u0131yor<br \/>\n\u0130zmir B\u00fcy\u00fck\u015fehir Belediyesi Bilgi \u0130\u015flem Dairesi Ba\u015fkanl\u0131\u011f\u0131, afet anlar\u0131nda kullan\u0131lmak \u00fczere ta\u015f\u0131nabilir 4 haberle\u015fme r\u00f6morku ald\u0131. \u00d6n\u00fcm\u00fczdeki g\u00fcnlerde yerle\u015ftirilecek r\u00f6morklar\u0131n t\u00fcm toplanma alanlar\u0131na konulmas\u0131 hedefleniyor.  R\u00f6morklarda; uydu telefonu, telsiz, anons sistemi, \u0131\u015f\u0131kland\u0131rma, jenerat\u00f6r, \u015farj istasyonu ve \u00fccretsiz internet gibi hizmetler yer alacak.<br \/>\nDeprem transmisyon kuleleriyle ileti\u015fim kesilmeyecek<br \/>\nAfet an\u0131nda GSM operat\u00f6rlerinin kullan\u0131lmaya devam edebilmesi i\u00e7in apartman \u00e7at\u0131lar\u0131nda bulunan ve afet an\u0131nda elektrik kesintileri nedeniyle kullan\u0131lamaz hale gelen baz istasyonlar\u0131 g\u00fcvenli yap\u0131lara ta\u015f\u0131n\u0131yor. \u00d6ncelikle Bayrakl\u0131 ve Bornova\u2019da belirlenen 11 nokta i\u00e7in GSM operat\u00f6rlerine yer teslimi yap\u0131l\u0131yor Apartman \u00e7at\u0131lar\u0131nda bulunan baz istasyonlar\u0131, il\u00e7enin tamam\u0131n\u0131 kapsayacak \u015fekilde 11 noktada deprem transmisyon kulelerinde birle\u015fecek. Enerjinin kesilmemesi amac\u0131yla yedekli g\u00fc\u00e7 \u00fcnitelerinin yer alaca\u011f\u0131 sistemin kurulumu i\u00e7in GSM operat\u00f6rlerince \u00e7al\u0131\u015fma y\u00fcr\u00fct\u00fcl\u00fcyor. B\u00f6ylelikle afet an\u0131nda ileti\u015fimin kesilmemesi hedefleniyor.<br \/>\nMetroda kesintisiz ileti\u015fim<br \/>\n\u0130zmir B\u00fcy\u00fck\u015fehir Belediyesi, metroda cep telefonu ve internet kullan\u0131m\u0131n\u0131 m\u00fcmk\u00fcn k\u0131lan kesintisiz ileti\u015fim projesini hayata ge\u00e7irdi. \u0130lk etapta, 2025 y\u0131l\u0131 ocak ay\u0131nda Konak ard\u0131ndan Basmane ve \u00c7ankaya istasyonlar\u0131 ve t\u00fcnellerinde hayata ge\u00e7irilen uygulama, yolcular\u0131n cep telefonlar\u0131yla konu\u015fmalar\u0131na ve internete ba\u011flanmalar\u0131na olanak tan\u0131yor. Uygulama t\u00fcm g\u00fczergahlara yay\u0131lacak.<\/p>\n<p>NELER YAPILDI?<br \/>\n28 noktayla \u0130zmir kontrol alt\u0131nda<br \/>\n2011 y\u0131l\u0131nda T\u00fcrkiye\u2019de ilk kez bir belediye taraf\u0131ndan kurulan \u201cSay\u0131sal Trunk Telsiz Sistemi\u201d yenilendi ve g\u00fc\u00e7lendirildi. Do\u011fal afet an\u0131nda t\u00fcm haberle\u015fme hatlar\u0131 \u00e7\u00f6kse bile ileti\u015fimi sa\u011flayabilecek sistem kent genelinde 28 noktada hizmet veriyor. Kent merkezi ve \u00e7evre yerle\u015fimlerin yan\u0131 s\u0131ra acil yard\u0131m kurumlar\u0131n\u0131n sorumluluk alan\u0131na giren co\u011frafyay\u0131 da kapsayan sistem birimler ve kurumlar aras\u0131 haberle\u015fmeyi sa\u011fl\u0131yor.<br \/>\nAfete diren\u00e7li ileti\u015fim sistemi<br \/>\n\u0130zmir B\u00fcy\u00fck\u015fehir Belediyesi\u2019nin kurumsal ileti\u015fimini de yedekli bir \u015fekilde haz\u0131r halde bulunduran Bilgi \u0130\u015flem Dairesi Ba\u015fkanl\u0131\u011f\u0131, afet durumunda \u00e7a\u011fr\u0131 merkezini de uzak lokasyondan \u00e7al\u0131\u015ft\u0131r\u0131labilir \u015fekilde d\u00fczenledi. \u0130zmir B\u00fcy\u00fck\u015fehir Belediyesi\u2019nin afetlere diren\u00e7li bir ileti\u015fim a\u011f\u0131 bulunuyor.<br \/>\nAcil \u0130zmir hayat kurtar\u0131yor<br \/>\n\u0130zmir B\u00fcy\u00fck\u015fehir Belediyesi\u2019nin \u00fclkeye \u00f6rnek olan Acil \u0130zmir mobil uygulamas\u0131, Afet Portal\u0131 projesi ile birlikte afet ve acil durumlarda (deprem, yang\u0131n, arama kurtarma, s\u0131k\u0131\u015fmal\u0131 kaza, sel) itfaiye ekiplerinin kullan\u0131c\u0131lara koordineli bir \u015fekilde ula\u015fmas\u0131n\u0131 ama\u00e7l\u0131yor. Afet ve acil durumlar d\u0131\u015f\u0131nda ise vatanda\u015flar\u0131n ihtiya\u00e7 duydu\u011fu bilgilere eri\u015febilece\u011fi mod\u00fcller sunuyor.\u00a0<\/p>\n<p>\u200bHaberin Al\u0131nt\u0131land\u0131\u011f\u0131 Kaynak: www.iskenderun.org<\/p>","protected":false},"excerpt":{"rendered":"<p>\u0130zmir B\u00fcy\u00fck\u015fehir Belediyesi olas\u0131 afetlerde GSM hatlar\u0131n\u0131n kullan\u0131m d\u0131\u015f\u0131 kalmas\u0131n\u0131 \u00f6nlemek ve ileti\u015fim kesintilerini en aza indirmek i\u00e7in bir dizi uygulamay\u0131 hayata ge\u00e7iriyor. Bu kapsamda toplanma alanlar\u0131na haberle\u015fme r\u00f6morku yerle\u015ftirilecek.\u0130ZM\u0130R (\u0130GFA) &#8211; \u0130zmir B\u00fcy\u00fck\u015fehir Belediyesi, \u201cafetlere diren\u00e7li kent \u0130zmir\u201d yolunda \u00f6nemli ad\u0131mlar att\u0131. Deprem ba\u015fta olmak \u00fczere olas\u0131 afetlerde kesintisiz ileti\u015fim i\u00e7in T\u00fcrkiye\u2019de ilk kez bir belediye taraf\u0131ndan kurulan ve acil yard\u0131m kurumlar\u0131n\u0131n haberle\u015fmesini sa\u011flayan telsiz sistemini devreye alan, Acil \u0130zmir mobil uygulamas\u0131 ile de T\u00fcrkiye\u2019ye \u00f6rnek olan \u0130zmir, ileti\u015fim \u015febekesiyle de afete diren\u00e7li hale geliyor. Toplanma alanlar\u0131na ta\u015f\u0131nabilir haberle\u015fme r\u00f6morku yerle\u015ftirmeye haz\u0131rlanan B\u00fcy\u00fck\u015fehir Belediyesi, bina \u00e7at\u0131lar\u0131nda yer alan baz istasyonlar\u0131n\u0131n GSM operat\u00f6rleri taraf\u0131ndan g\u00fcvenli kulelere ta\u015f\u0131nmas\u0131 i\u00e7in de \u00e7al\u0131\u015fma ba\u015flatt\u0131.\u0130zmir B\u00fcy\u00fck\u015fehir Belediyesi\u2019nin deprem haz\u0131rl\u0131klar\u0131 kapsam\u0131nda \u201cafete diren\u00e7li \u015febeke\u201d olu\u015fturmak i\u00e7in y\u00fcr\u00fctt\u00fc\u011f\u00fc \u00e7al\u0131\u015fmalar ise \u015f\u00f6yle: NELER YAPILIYOR? Afet r\u00f6morklar\u0131 hizmete al\u0131n\u0131yor \u0130zmir B\u00fcy\u00fck\u015fehir Belediyesi Bilgi \u0130\u015flem Dairesi Ba\u015fkanl\u0131\u011f\u0131, afet anlar\u0131nda kullan\u0131lmak \u00fczere ta\u015f\u0131nabilir 4 haberle\u015fme r\u00f6morku ald\u0131. \u00d6n\u00fcm\u00fczdeki g\u00fcnlerde yerle\u015ftirilecek r\u00f6morklar\u0131n t\u00fcm toplanma alanlar\u0131na konulmas\u0131 hedefleniyor. R\u00f6morklarda; uydu telefonu, telsiz, anons sistemi, \u0131\u015f\u0131kland\u0131rma, jenerat\u00f6r, \u015farj istasyonu ve \u00fccretsiz internet gibi hizmetler yer alacak. Deprem transmisyon kuleleriyle ileti\u015fim kesilmeyecek Afet an\u0131nda GSM operat\u00f6rlerinin kullan\u0131lmaya devam edebilmesi i\u00e7in apartman \u00e7at\u0131lar\u0131nda bulunan ve afet an\u0131nda elektrik kesintileri nedeniyle kullan\u0131lamaz hale gelen baz istasyonlar\u0131 &hellip;<\/p>","protected":false},"author":1,"featured_media":0,"comment_status":"","ping_status":"open","sticky":false,"template":"","format":"standard","meta":{"_acf_changed":false,"footnotes":""},"categories":[24],"tags":[],"class_list":["post-104968","post","type-post","status-publish","format-standard","has-post-thumbnail","hentry","category-gundem"],"acf":[],"yoast_head":"<!-- This site is optimized with the Yoast SEO Premium plugin v26.6 (Yoast SEO v27.1.1) - https:\/\/yoast.com\/product\/yoast-seo-premium-wordpress\/ -->\n<title>\u0130zmir&#039;de afetlere kar\u015f\u0131 kesintisiz ileti\u015fim ata\u011f\u0131 - Av. Deniz Can K\u0131z\u0131l<\/title>\n<meta name=\"robots\" content=\"index, follow, max-snippet:-1, max-image-preview:large, max-video-preview:-1\" \/>\n<link rel=\"canonical\" href=\"http:\/\/denizcankizil.tr\/ru\/haberler\/gundem\/izmirde-afetlere-karsi-kesintisiz-iletisim-atagi\/\" \/>\n<meta property=\"og:locale\" content=\"ru_RU\" \/>\n<meta property=\"og:type\" content=\"article\" \/>\n<meta property=\"og:title\" content=\"\u0130zmir&#039;de afetlere kar\u015f\u0131 kesintisiz ileti\u015fim ata\u011f\u0131\" \/>\n<meta property=\"og:description\" content=\"\u0130zmir B\u00fcy\u00fck\u015fehir Belediyesi olas\u0131 afetlerde GSM hatlar\u0131n\u0131n kullan\u0131m d\u0131\u015f\u0131 kalmas\u0131n\u0131 \u00f6nlemek ve ileti\u015fim kesintilerini en aza indirmek i\u00e7in bir dizi uygulamay\u0131 hayata ge\u00e7iriyor. Bu kapsamda toplanma alanlar\u0131na haberle\u015fme r\u00f6morku yerle\u015ftirilecek.\u0130ZM\u0130R (\u0130GFA) &#8211; \u0130zmir B\u00fcy\u00fck\u015fehir Belediyesi, \u201cafetlere diren\u00e7li kent \u0130zmir\u201d yolunda \u00f6nemli ad\u0131mlar att\u0131. Deprem ba\u015fta olmak \u00fczere olas\u0131 afetlerde kesintisiz ileti\u015fim i\u00e7in T\u00fcrkiye\u2019de ilk kez bir belediye taraf\u0131ndan kurulan ve acil yard\u0131m kurumlar\u0131n\u0131n haberle\u015fmesini sa\u011flayan telsiz sistemini devreye alan, Acil \u0130zmir mobil uygulamas\u0131 ile de T\u00fcrkiye\u2019ye \u00f6rnek olan \u0130zmir, ileti\u015fim \u015febekesiyle de afete diren\u00e7li hale geliyor. Toplanma alanlar\u0131na ta\u015f\u0131nabilir haberle\u015fme r\u00f6morku yerle\u015ftirmeye haz\u0131rlanan B\u00fcy\u00fck\u015fehir Belediyesi, bina \u00e7at\u0131lar\u0131nda yer alan baz istasyonlar\u0131n\u0131n GSM operat\u00f6rleri taraf\u0131ndan g\u00fcvenli kulelere ta\u015f\u0131nmas\u0131 i\u00e7in de \u00e7al\u0131\u015fma ba\u015flatt\u0131.\u0130zmir B\u00fcy\u00fck\u015fehir Belediyesi\u2019nin deprem haz\u0131rl\u0131klar\u0131 kapsam\u0131nda \u201cafete diren\u00e7li \u015febeke\u201d olu\u015fturmak i\u00e7in y\u00fcr\u00fctt\u00fc\u011f\u00fc \u00e7al\u0131\u015fmalar ise \u015f\u00f6yle: NELER YAPILIYOR? Afet r\u00f6morklar\u0131 hizmete al\u0131n\u0131yor \u0130zmir B\u00fcy\u00fck\u015fehir Belediyesi Bilgi \u0130\u015flem Dairesi Ba\u015fkanl\u0131\u011f\u0131, afet anlar\u0131nda kullan\u0131lmak \u00fczere ta\u015f\u0131nabilir 4 haberle\u015fme r\u00f6morku ald\u0131. \u00d6n\u00fcm\u00fczdeki g\u00fcnlerde yerle\u015ftirilecek r\u00f6morklar\u0131n t\u00fcm toplanma alanlar\u0131na konulmas\u0131 hedefleniyor. R\u00f6morklarda; uydu telefonu, telsiz, anons sistemi, \u0131\u015f\u0131kland\u0131rma, jenerat\u00f6r, \u015farj istasyonu ve \u00fccretsiz internet gibi hizmetler yer alacak. Deprem transmisyon kuleleriyle ileti\u015fim kesilmeyecek Afet an\u0131nda GSM operat\u00f6rlerinin kullan\u0131lmaya devam edebilmesi i\u00e7in apartman \u00e7at\u0131lar\u0131nda bulunan ve afet an\u0131nda elektrik kesintileri nedeniyle kullan\u0131lamaz hale gelen baz istasyonlar\u0131 &hellip;\" \/>\n<meta property=\"og:url\" content=\"http:\/\/denizcankizil.tr\/ru\/haberler\/gundem\/izmirde-afetlere-karsi-kesintisiz-iletisim-atagi\/\" \/>\n<meta property=\"og:site_name\" content=\"Av. Deniz Can K\u0131z\u0131l\" \/>\n<meta property=\"article:published_time\" content=\"2025-06-03T07:43:15+00:00\" \/>\n<meta name=\"author\" content=\"admin\" \/>\n<meta name=\"twitter:card\" content=\"summary_large_image\" \/>\n<meta name=\"twitter:label1\" content=\"\u041d\u0430\u043f\u0438\u0441\u0430\u043d\u043e \u0430\u0432\u0442\u043e\u0440\u043e\u043c\" \/>\n\t<meta name=\"twitter:data1\" content=\"admin\" \/>\n\t<meta name=\"twitter:label2\" content=\"\u041f\u0440\u0438\u043c\u0435\u0440\u043d\u043e\u0435 \u0432\u0440\u0435\u043c\u044f \u0434\u043b\u044f \u0447\u0442\u0435\u043d\u0438\u044f\" \/>\n\t<meta name=\"twitter:data2\" content=\"7 \u043c\u0438\u043d\u0443\u0442\" \/>\n<script type=\"application\/ld+json\" class=\"yoast-schema-graph\">{\"@context\":\"https:\/\/schema.org\",\"@graph\":[{\"@type\":\"Article\",\"@id\":\"http:\/\/denizcankizil.tr\/ru\/haberler\/gundem\/izmirde-afetlere-karsi-kesintisiz-iletisim-atagi\/#article\",\"isPartOf\":{\"@id\":\"http:\/\/denizcankizil.tr\/ru\/haberler\/gundem\/izmirde-afetlere-karsi-kesintisiz-iletisim-atagi\/\"},\"author\":{\"name\":\"admin\",\"@id\":\"https:\/\/denizcankizil.tr\/#\/schema\/person\/be3c05fe6a12686905512445d8185489\"},\"headline\":\"\u0130zmir&#8217;de afetlere kar\u015f\u0131 kesintisiz ileti\u015fim ata\u011f\u0131\",\"datePublished\":\"2025-06-03T07:43:15+00:00\",\"mainEntityOfPage\":{\"@id\":\"http:\/\/denizcankizil.tr\/ru\/haberler\/gundem\/izmirde-afetlere-karsi-kesintisiz-iletisim-atagi\/\"},\"wordCount\":1346,\"publisher\":{\"@id\":\"https:\/\/denizcankizil.tr\/#organization\"},\"articleSection\":[\"G\u00fcndem\"],\"inLanguage\":\"ru-RU\"},{\"@type\":\"WebPage\",\"@id\":\"http:\/\/denizcankizil.tr\/ru\/haberler\/gundem\/izmirde-afetlere-karsi-kesintisiz-iletisim-atagi\/\",\"url\":\"http:\/\/denizcankizil.tr\/ru\/haberler\/gundem\/izmirde-afetlere-karsi-kesintisiz-iletisim-atagi\/\",\"name\":\"\u0130zmir'de afetlere kar\u015f\u0131 kesintisiz ileti\u015fim ata\u011f\u0131 - Av. Deniz Can K\u0131z\u0131l\",\"isPartOf\":{\"@id\":\"https:\/\/denizcankizil.tr\/#website\"},\"datePublished\":\"2025-06-03T07:43:15+00:00\",\"breadcrumb\":{\"@id\":\"http:\/\/denizcankizil.tr\/ru\/haberler\/gundem\/izmirde-afetlere-karsi-kesintisiz-iletisim-atagi\/#breadcrumb\"},\"inLanguage\":\"ru-RU\",\"potentialAction\":[{\"@type\":\"ReadAction\",\"target\":[\"http:\/\/denizcankizil.tr\/ru\/haberler\/gundem\/izmirde-afetlere-karsi-kesintisiz-iletisim-atagi\/\"]}]},{\"@type\":\"BreadcrumbList\",\"@id\":\"http:\/\/denizcankizil.tr\/ru\/haberler\/gundem\/izmirde-afetlere-karsi-kesintisiz-iletisim-atagi\/#breadcrumb\",\"itemListElement\":[{\"@type\":\"ListItem\",\"position\":1,\"name\":\"Home\",\"item\":\"https:\/\/denizcankizil.tr\/uk\/\"},{\"@type\":\"ListItem\",\"position\":2,\"name\":\"\u0130zmir&#8217;de afetlere kar\u015f\u0131 kesintisiz ileti\u015fim ata\u011f\u0131\"}]},{\"@type\":\"WebSite\",\"@id\":\"https:\/\/denizcankizil.tr\/#website\",\"url\":\"https:\/\/denizcankizil.tr\/\",\"name\":\"Av. Deniz Can K\u0131z\u0131l\",\"description\":\"Avukat Deniz Can K\u0131z\u0131l Antalya Barosu\",\"publisher\":{\"@id\":\"https:\/\/denizcankizil.tr\/#organization\"},\"potentialAction\":[{\"@type\":\"SearchAction\",\"target\":{\"@type\":\"EntryPoint\",\"urlTemplate\":\"https:\/\/denizcankizil.tr\/?s={search_term_string}\"},\"query-input\":{\"@type\":\"PropertyValueSpecification\",\"valueRequired\":true,\"valueName\":\"search_term_string\"}}],\"inLanguage\":\"ru-RU\"},{\"@type\":\"Organization\",\"@id\":\"https:\/\/denizcankizil.tr\/#organization\",\"name\":\"Av. Deniz Can K\u0131z\u0131l\",\"url\":\"https:\/\/denizcankizil.tr\/\",\"logo\":{\"@type\":\"ImageObject\",\"inLanguage\":\"ru-RU\",\"@id\":\"https:\/\/denizcankizil.tr\/#\/schema\/logo\/image\/\",\"url\":\"http:\/\/denizcankizil.tr\/wp-content\/uploads\/2024\/10\/siyah-logo-svg.svg\",\"contentUrl\":\"http:\/\/denizcankizil.tr\/wp-content\/uploads\/2024\/10\/siyah-logo-svg.svg\",\"width\":1080,\"height\":1080,\"caption\":\"Av. Deniz Can K\u0131z\u0131l\"},\"image\":{\"@id\":\"https:\/\/denizcankizil.tr\/#\/schema\/logo\/image\/\"}},{\"@type\":\"Person\",\"@id\":\"https:\/\/denizcankizil.tr\/#\/schema\/person\/be3c05fe6a12686905512445d8185489\",\"name\":\"admin\",\"image\":{\"@type\":\"ImageObject\",\"inLanguage\":\"ru-RU\",\"@id\":\"https:\/\/denizcankizil.tr\/#\/schema\/person\/image\/\",\"url\":\"https:\/\/secure.gravatar.com\/avatar\/c1fce94c830dc79107e174f890d7210541c4a63e8e5d816341794a2151c9d58c?s=96&d=mm&r=g\",\"contentUrl\":\"https:\/\/secure.gravatar.com\/avatar\/c1fce94c830dc79107e174f890d7210541c4a63e8e5d816341794a2151c9d58c?s=96&d=mm&r=g\",\"caption\":\"admin\"},\"sameAs\":[\"http:\/\/denizcankizil.tr\"],\"url\":\"https:\/\/www.iskenderun.org\/izmirde-afetlere-karsi-kesintisiz-iletisim-atagi\"}]}<\/script>\n<!-- \/ Yoast SEO Premium plugin. -->","yoast_head_json":{"title":"\u0130zmir'de afetlere kar\u015f\u0131 kesintisiz ileti\u015fim ata\u011f\u0131 - Av. Deniz Can K\u0131z\u0131l","robots":{"index":"index","follow":"follow","max-snippet":"max-snippet:-1","max-image-preview":"max-image-preview:large","max-video-preview":"max-video-preview:-1"},"canonical":"http:\/\/denizcankizil.tr\/ru\/haberler\/gundem\/izmirde-afetlere-karsi-kesintisiz-iletisim-atagi\/","og_locale":"ru_RU","og_type":"article","og_title":"\u0130zmir'de afetlere kar\u015f\u0131 kesintisiz ileti\u015fim ata\u011f\u0131","og_description":"\u0130zmir B\u00fcy\u00fck\u015fehir Belediyesi olas\u0131 afetlerde GSM hatlar\u0131n\u0131n kullan\u0131m d\u0131\u015f\u0131 kalmas\u0131n\u0131 \u00f6nlemek ve ileti\u015fim kesintilerini en aza indirmek i\u00e7in bir dizi uygulamay\u0131 hayata ge\u00e7iriyor. Bu kapsamda toplanma alanlar\u0131na haberle\u015fme r\u00f6morku yerle\u015ftirilecek.\u0130ZM\u0130R (\u0130GFA) &#8211; \u0130zmir B\u00fcy\u00fck\u015fehir Belediyesi, \u201cafetlere diren\u00e7li kent \u0130zmir\u201d yolunda \u00f6nemli ad\u0131mlar att\u0131. Deprem ba\u015fta olmak \u00fczere olas\u0131 afetlerde kesintisiz ileti\u015fim i\u00e7in T\u00fcrkiye\u2019de ilk kez bir belediye taraf\u0131ndan kurulan ve acil yard\u0131m kurumlar\u0131n\u0131n haberle\u015fmesini sa\u011flayan telsiz sistemini devreye alan, Acil \u0130zmir mobil uygulamas\u0131 ile de T\u00fcrkiye\u2019ye \u00f6rnek olan \u0130zmir, ileti\u015fim \u015febekesiyle de afete diren\u00e7li hale geliyor. Toplanma alanlar\u0131na ta\u015f\u0131nabilir haberle\u015fme r\u00f6morku yerle\u015ftirmeye haz\u0131rlanan B\u00fcy\u00fck\u015fehir Belediyesi, bina \u00e7at\u0131lar\u0131nda yer alan baz istasyonlar\u0131n\u0131n GSM operat\u00f6rleri taraf\u0131ndan g\u00fcvenli kulelere ta\u015f\u0131nmas\u0131 i\u00e7in de \u00e7al\u0131\u015fma ba\u015flatt\u0131.\u0130zmir B\u00fcy\u00fck\u015fehir Belediyesi\u2019nin deprem haz\u0131rl\u0131klar\u0131 kapsam\u0131nda \u201cafete diren\u00e7li \u015febeke\u201d olu\u015fturmak i\u00e7in y\u00fcr\u00fctt\u00fc\u011f\u00fc \u00e7al\u0131\u015fmalar ise \u015f\u00f6yle: NELER YAPILIYOR? Afet r\u00f6morklar\u0131 hizmete al\u0131n\u0131yor \u0130zmir B\u00fcy\u00fck\u015fehir Belediyesi Bilgi \u0130\u015flem Dairesi Ba\u015fkanl\u0131\u011f\u0131, afet anlar\u0131nda kullan\u0131lmak \u00fczere ta\u015f\u0131nabilir 4 haberle\u015fme r\u00f6morku ald\u0131. \u00d6n\u00fcm\u00fczdeki g\u00fcnlerde yerle\u015ftirilecek r\u00f6morklar\u0131n t\u00fcm toplanma alanlar\u0131na konulmas\u0131 hedefleniyor. R\u00f6morklarda; uydu telefonu, telsiz, anons sistemi, \u0131\u015f\u0131kland\u0131rma, jenerat\u00f6r, \u015farj istasyonu ve \u00fccretsiz internet gibi hizmetler yer alacak. Deprem transmisyon kuleleriyle ileti\u015fim kesilmeyecek Afet an\u0131nda GSM operat\u00f6rlerinin kullan\u0131lmaya devam edebilmesi i\u00e7in apartman \u00e7at\u0131lar\u0131nda bulunan ve afet an\u0131nda elektrik kesintileri nedeniyle kullan\u0131lamaz hale gelen baz istasyonlar\u0131 &hellip;","og_url":"http:\/\/denizcankizil.tr\/ru\/haberler\/gundem\/izmirde-afetlere-karsi-kesintisiz-iletisim-atagi\/","og_site_name":"Av. Deniz Can K\u0131z\u0131l","article_published_time":"2025-06-03T07:43:15+00:00","author":"admin","twitter_card":"summary_large_image","twitter_misc":{"\u041d\u0430\u043f\u0438\u0441\u0430\u043d\u043e \u0430\u0432\u0442\u043e\u0440\u043e\u043c":"admin","\u041f\u0440\u0438\u043c\u0435\u0440\u043d\u043e\u0435 \u0432\u0440\u0435\u043c\u044f \u0434\u043b\u044f \u0447\u0442\u0435\u043d\u0438\u044f":"7 \u043c\u0438\u043d\u0443\u0442"},"schema":{"@context":"https:\/\/schema.org","@graph":[{"@type":"Article","@id":"http:\/\/denizcankizil.tr\/ru\/haberler\/gundem\/izmirde-afetlere-karsi-kesintisiz-iletisim-atagi\/#article","isPartOf":{"@id":"http:\/\/denizcankizil.tr\/ru\/haberler\/gundem\/izmirde-afetlere-karsi-kesintisiz-iletisim-atagi\/"},"author":{"name":"admin","@id":"https:\/\/denizcankizil.tr\/#\/schema\/person\/be3c05fe6a12686905512445d8185489"},"headline":"\u0130zmir&#8217;de afetlere kar\u015f\u0131 kesintisiz ileti\u015fim ata\u011f\u0131","datePublished":"2025-06-03T07:43:15+00:00","mainEntityOfPage":{"@id":"http:\/\/denizcankizil.tr\/ru\/haberler\/gundem\/izmirde-afetlere-karsi-kesintisiz-iletisim-atagi\/"},"wordCount":1346,"publisher":{"@id":"https:\/\/denizcankizil.tr\/#organization"},"articleSection":["G\u00fcndem"],"inLanguage":"ru-RU"},{"@type":"WebPage","@id":"http:\/\/denizcankizil.tr\/ru\/haberler\/gundem\/izmirde-afetlere-karsi-kesintisiz-iletisim-atagi\/","url":"http:\/\/denizcankizil.tr\/ru\/haberler\/gundem\/izmirde-afetlere-karsi-kesintisiz-iletisim-atagi\/","name":"\u0130zmir'de afetlere kar\u015f\u0131 kesintisiz ileti\u015fim ata\u011f\u0131 - Av. Deniz Can K\u0131z\u0131l","isPartOf":{"@id":"https:\/\/denizcankizil.tr\/#website"},"datePublished":"2025-06-03T07:43:15+00:00","breadcrumb":{"@id":"http:\/\/denizcankizil.tr\/ru\/haberler\/gundem\/izmirde-afetlere-karsi-kesintisiz-iletisim-atagi\/#breadcrumb"},"inLanguage":"ru-RU","potentialAction":[{"@type":"ReadAction","target":["http:\/\/denizcankizil.tr\/ru\/haberler\/gundem\/izmirde-afetlere-karsi-kesintisiz-iletisim-atagi\/"]}]},{"@type":"BreadcrumbList","@id":"http:\/\/denizcankizil.tr\/ru\/haberler\/gundem\/izmirde-afetlere-karsi-kesintisiz-iletisim-atagi\/#breadcrumb","itemListElement":[{"@type":"ListItem","position":1,"name":"Home","item":"https:\/\/denizcankizil.tr\/uk\/"},{"@type":"ListItem","position":2,"name":"\u0130zmir&#8217;de afetlere kar\u015f\u0131 kesintisiz ileti\u015fim ata\u011f\u0131"}]},{"@type":"WebSite","@id":"https:\/\/denizcankizil.tr\/#website","url":"https:\/\/denizcankizil.tr\/","name":"Av. Deniz Can K\u0131z\u0131l","description":"Avukat Deniz Can K\u0131z\u0131l Antalya Barosu","publisher":{"@id":"https:\/\/denizcankizil.tr\/#organization"},"potentialAction":[{"@type":"SearchAction","target":{"@type":"EntryPoint","urlTemplate":"https:\/\/denizcankizil.tr\/?s={search_term_string}"},"query-input":{"@type":"PropertyValueSpecification","valueRequired":true,"valueName":"search_term_string"}}],"inLanguage":"ru-RU"},{"@type":"Organization","@id":"https:\/\/denizcankizil.tr\/#organization","name":"Av. Deniz Can K\u0131z\u0131l","url":"https:\/\/denizcankizil.tr\/","logo":{"@type":"ImageObject","inLanguage":"ru-RU","@id":"https:\/\/denizcankizil.tr\/#\/schema\/logo\/image\/","url":"http:\/\/denizcankizil.tr\/wp-content\/uploads\/2024\/10\/siyah-logo-svg.svg","contentUrl":"http:\/\/denizcankizil.tr\/wp-content\/uploads\/2024\/10\/siyah-logo-svg.svg","width":1080,"height":1080,"caption":"Av. Deniz Can K\u0131z\u0131l"},"image":{"@id":"https:\/\/denizcankizil.tr\/#\/schema\/logo\/image\/"}},{"@type":"Person","@id":"https:\/\/denizcankizil.tr\/#\/schema\/person\/be3c05fe6a12686905512445d8185489","name":"\u0430\u0434\u043c\u0438\u043d","image":{"@type":"ImageObject","inLanguage":"ru-RU","@id":"https:\/\/denizcankizil.tr\/#\/schema\/person\/image\/","url":"https:\/\/secure.gravatar.com\/avatar\/c1fce94c830dc79107e174f890d7210541c4a63e8e5d816341794a2151c9d58c?s=96&d=mm&r=g","contentUrl":"https:\/\/secure.gravatar.com\/avatar\/c1fce94c830dc79107e174f890d7210541c4a63e8e5d816341794a2151c9d58c?s=96&d=mm&r=g","caption":"admin"},"sameAs":["http:\/\/denizcankizil.tr"],"url":"https:\/\/www.iskenderun.org\/izmirde-afetlere-karsi-kesintisiz-iletisim-atagi"}]}},"_links":{"self":[{"href":"http:\/\/denizcankizil.tr\/ru\/wp-json\/wp\/v2\/posts\/104968","targetHints":{"allow":["GET"]}}],"collection":[{"href":"http:\/\/denizcankizil.tr\/ru\/wp-json\/wp\/v2\/posts"}],"about":[{"href":"http:\/\/denizcankizil.tr\/ru\/wp-json\/wp\/v2\/types\/post"}],"author":[{"embeddable":true,"href":"http:\/\/denizcankizil.tr\/ru\/wp-json\/wp\/v2\/users\/1"}],"replies":[{"embeddable":true,"href":"http:\/\/denizcankizil.tr\/ru\/wp-json\/wp\/v2\/comments?post=104968"}],"version-history":[{"count":0,"href":"http:\/\/denizcankizil.tr\/ru\/wp-json\/wp\/v2\/posts\/104968\/revisions"}],"wp:attachment":[{"href":"http:\/\/denizcankizil.tr\/ru\/wp-json\/wp\/v2\/media?parent=104968"}],"wp:term":[{"taxonomy":"category","embeddable":true,"href":"http:\/\/denizcankizil.tr\/ru\/wp-json\/wp\/v2\/categories?post=104968"},{"taxonomy":"post_tag","embeddable":true,"href":"http:\/\/denizcankizil.tr\/ru\/wp-json\/wp\/v2\/tags?post=104968"}],"curies":[{"name":"wp","href":"https:\/\/api.w.org\/{rel}","templated":true}]}}