{"id":10434,"date":"2024-10-30T21:13:00","date_gmt":"2024-10-30T18:13:00","guid":{"rendered":"https:\/\/denizcankizil.tr\/uncategorized-tr\/ankara-2-nolu-barosunda-15-avukat-torenle-ruhsatini-aldi\/"},"modified":"2024-10-30T21:13:00","modified_gmt":"2024-10-30T18:13:00","slug":"ankara-2-nolu-barosunda-15-avukat-torenle-ruhsatini-aldi","status":"publish","type":"post","link":"http:\/\/denizcankizil.tr\/ru\/hukukihaber\/ankara-2-nolu-barosunda-15-avukat-torenle-ruhsatini-aldi\/","title":{"rendered":"Ankara 2 No&#8217;lu Barosu\u2019nda 15 avukat t\u00f6renle ruhsat\u0131n\u0131 ald\u0131"},"content":{"rendered":"<p>S\u0131hhiye Adliyesi Konferans Salonu\u2019nda ger\u00e7ekle\u015ftirilen ruhsat t\u00f6reninde gen\u00e7 avukatlara, avukatl\u0131k ruhsat\u0131 Baro Ba\u015fkan\u0131 Avukat G\u00f6khan A\u011fdemir taraf\u0131ndan verildi.<\/p>\n<p>A\u011fdemir, &#8220;Avukatl\u0131k ruhsat\u0131n\u0131 alarak aram\u0131za kat\u0131lan meslekta\u015flar\u0131m\u0131 tebrik eder, meslek hayatlar\u0131nda ba\u015far\u0131lar dilerim.&#8221; dedi.<\/p>\n<p>\u200bAnkara 2 No&#8217;lu Barosu&#8217;nda staj d\u00f6nemlerini ba\u015far\u0131yla tamamlayan 15 avukat t\u00f6renle mesle\u011fe ad\u0131m att\u0131.\u00a0Hukuki Haber<\/p>","protected":false},"excerpt":{"rendered":"<p>S\u0131hhiye Adliyesi Konferans Salonu\u2019nda ger\u00e7ekle\u015ftirilen ruhsat t\u00f6reninde gen\u00e7 avukatlara, avukatl\u0131k ruhsat\u0131 Baro Ba\u015fkan\u0131 Avukat G\u00f6khan A\u011fdemir taraf\u0131ndan verildi. A\u011fdemir, &#8220;Avukatl\u0131k ruhsat\u0131n\u0131 alarak aram\u0131za kat\u0131lan meslekta\u015flar\u0131m\u0131 tebrik eder, meslek hayatlar\u0131nda ba\u015far\u0131lar dilerim.&#8221; dedi. \u200bAnkara 2 No&#8217;lu Barosu&#8217;nda staj d\u00f6nemlerini ba\u015far\u0131yla tamamlayan 15 avukat t\u00f6renle mesle\u011fe ad\u0131m att\u0131.\u00a0Hukuki Haber<\/p>","protected":false},"author":0,"featured_media":0,"comment_status":"open","ping_status":"open","sticky":false,"template":"","format":"standard","meta":{"_acf_changed":false,"footnotes":""},"categories":[27,535],"tags":[],"class_list":["post-10434","post","type-post","status-publish","format-standard","has-post-thumbnail","hentry","category-hukukihaber","category-uncategorized-tr"],"acf":[],"yoast_head":"<!-- This site is optimized with the Yoast SEO Premium plugin v26.6 (Yoast SEO v27.1.1) - https:\/\/yoast.com\/product\/yoast-seo-premium-wordpress\/ -->\n<title>Ankara 2 No&#039;lu Barosu\u2019nda 15 avukat t\u00f6renle ruhsat\u0131n\u0131 ald\u0131 - Av. Deniz Can K\u0131z\u0131l<\/title>\n<meta name=\"robots\" content=\"index, follow, max-snippet:-1, max-image-preview:large, max-video-preview:-1\" \/>\n<link rel=\"canonical\" href=\"http:\/\/denizcankizil.tr\/ru\/hukukihaber\/ankara-2-nolu-barosunda-15-avukat-torenle-ruhsatini-aldi\/\" \/>\n<meta property=\"og:locale\" content=\"ru_RU\" \/>\n<meta property=\"og:type\" content=\"article\" \/>\n<meta property=\"og:title\" content=\"Ankara 2 No&#039;lu Barosu\u2019nda 15 avukat t\u00f6renle ruhsat\u0131n\u0131 ald\u0131\" \/>\n<meta property=\"og:description\" content=\"S\u0131hhiye Adliyesi Konferans Salonu\u2019nda ger\u00e7ekle\u015ftirilen ruhsat t\u00f6reninde gen\u00e7 avukatlara, avukatl\u0131k ruhsat\u0131 Baro Ba\u015fkan\u0131 Avukat G\u00f6khan A\u011fdemir taraf\u0131ndan verildi. A\u011fdemir, &#8220;Avukatl\u0131k ruhsat\u0131n\u0131 alarak aram\u0131za kat\u0131lan meslekta\u015flar\u0131m\u0131 tebrik eder, meslek hayatlar\u0131nda ba\u015far\u0131lar dilerim.&#8221; dedi. \u200bAnkara 2 No&#8217;lu Barosu&#8217;nda staj d\u00f6nemlerini ba\u015far\u0131yla tamamlayan 15 avukat t\u00f6renle mesle\u011fe ad\u0131m att\u0131.\u00a0Hukuki Haber\" \/>\n<meta property=\"og:url\" content=\"http:\/\/denizcankizil.tr\/ru\/hukukihaber\/ankara-2-nolu-barosunda-15-avukat-torenle-ruhsatini-aldi\/\" \/>\n<meta property=\"og:site_name\" content=\"Av. Deniz Can K\u0131z\u0131l\" \/>\n<meta property=\"article:published_time\" content=\"2024-10-30T18:13:00+00:00\" \/>\n<meta name=\"twitter:card\" content=\"summary_large_image\" \/>\n<script type=\"application\/ld+json\" class=\"yoast-schema-graph\">{\"@context\":\"https:\/\/schema.org\",\"@graph\":[{\"@type\":\"Article\",\"@id\":\"http:\/\/denizcankizil.tr\/ru\/hukukihaber\/ankara-2-nolu-barosunda-15-avukat-torenle-ruhsatini-aldi\/#article\",\"isPartOf\":{\"@id\":\"http:\/\/denizcankizil.tr\/ru\/hukukihaber\/ankara-2-nolu-barosunda-15-avukat-torenle-ruhsatini-aldi\/\"},\"author\":{\"name\":\"\",\"@id\":\"\"},\"headline\":\"Ankara 2 No&#8217;lu Barosu\u2019nda 15 avukat t\u00f6renle ruhsat\u0131n\u0131 ald\u0131\",\"datePublished\":\"2024-10-30T18:13:00+00:00\",\"mainEntityOfPage\":{\"@id\":\"http:\/\/denizcankizil.tr\/ru\/hukukihaber\/ankara-2-nolu-barosunda-15-avukat-torenle-ruhsatini-aldi\/\"},\"wordCount\":85,\"commentCount\":0,\"publisher\":{\"@id\":\"https:\/\/denizcankizil.tr\/de\/#organization\"},\"articleSection\":[\"Hukuki Haberler\",\"Uncategorized\"],\"inLanguage\":\"ru-RU\",\"potentialAction\":[{\"@type\":\"CommentAction\",\"name\":\"Comment\",\"target\":[\"http:\/\/denizcankizil.tr\/ru\/hukukihaber\/ankara-2-nolu-barosunda-15-avukat-torenle-ruhsatini-aldi\/#respond\"]}]},{\"@type\":\"WebPage\",\"@id\":\"http:\/\/denizcankizil.tr\/ru\/hukukihaber\/ankara-2-nolu-barosunda-15-avukat-torenle-ruhsatini-aldi\/\",\"url\":\"http:\/\/denizcankizil.tr\/ru\/hukukihaber\/ankara-2-nolu-barosunda-15-avukat-torenle-ruhsatini-aldi\/\",\"name\":\"Ankara 2 No'lu Barosu\u2019nda 15 avukat t\u00f6renle ruhsat\u0131n\u0131 ald\u0131 - Av. Deniz Can K\u0131z\u0131l\",\"isPartOf\":{\"@id\":\"https:\/\/denizcankizil.tr\/de\/#website\"},\"datePublished\":\"2024-10-30T18:13:00+00:00\",\"breadcrumb\":{\"@id\":\"http:\/\/denizcankizil.tr\/ru\/hukukihaber\/ankara-2-nolu-barosunda-15-avukat-torenle-ruhsatini-aldi\/#breadcrumb\"},\"inLanguage\":\"ru-RU\",\"potentialAction\":[{\"@type\":\"ReadAction\",\"target\":[\"http:\/\/denizcankizil.tr\/ru\/hukukihaber\/ankara-2-nolu-barosunda-15-avukat-torenle-ruhsatini-aldi\/\"]}]},{\"@type\":\"BreadcrumbList\",\"@id\":\"http:\/\/denizcankizil.tr\/ru\/hukukihaber\/ankara-2-nolu-barosunda-15-avukat-torenle-ruhsatini-aldi\/#breadcrumb\",\"itemListElement\":[{\"@type\":\"ListItem\",\"position\":1,\"name\":\"Home\",\"item\":\"https:\/\/denizcankizil.tr\/de\/\"},{\"@type\":\"ListItem\",\"position\":2,\"name\":\"Ankara 2 No&#8217;lu Barosu\u2019nda 15 avukat t\u00f6renle ruhsat\u0131n\u0131 ald\u0131\"}]},{\"@type\":\"WebSite\",\"@id\":\"https:\/\/denizcankizil.tr\/de\/#website\",\"url\":\"https:\/\/denizcankizil.tr\/de\/\",\"name\":\"Av. Deniz Can K\u0131z\u0131l\",\"description\":\"Avukat Deniz Can K\u0131z\u0131l Antalya Barosu\",\"publisher\":{\"@id\":\"https:\/\/denizcankizil.tr\/de\/#organization\"},\"potentialAction\":[{\"@type\":\"SearchAction\",\"target\":{\"@type\":\"EntryPoint\",\"urlTemplate\":\"https:\/\/denizcankizil.tr\/de\/?s={search_term_string}\"},\"query-input\":{\"@type\":\"PropertyValueSpecification\",\"valueRequired\":true,\"valueName\":\"search_term_string\"}}],\"inLanguage\":\"ru-RU\"},{\"@type\":\"Organization\",\"@id\":\"https:\/\/denizcankizil.tr\/de\/#organization\",\"name\":\"Av. Deniz Can K\u0131z\u0131l\",\"url\":\"https:\/\/denizcankizil.tr\/de\/\",\"logo\":{\"@type\":\"ImageObject\",\"inLanguage\":\"ru-RU\",\"@id\":\"https:\/\/denizcankizil.tr\/de\/#\/schema\/logo\/image\/\",\"url\":\"http:\/\/denizcankizil.tr\/wp-content\/uploads\/2024\/10\/siyah-logo-svg.svg\",\"contentUrl\":\"http:\/\/denizcankizil.tr\/wp-content\/uploads\/2024\/10\/siyah-logo-svg.svg\",\"width\":1080,\"height\":1080,\"caption\":\"Av. Deniz Can K\u0131z\u0131l\"},\"image\":{\"@id\":\"https:\/\/denizcankizil.tr\/de\/#\/schema\/logo\/image\/\"}}]}<\/script>\n<!-- \/ Yoast SEO Premium plugin. -->","yoast_head_json":{"title":"Ankara 2 No'lu Barosu\u2019nda 15 avukat t\u00f6renle ruhsat\u0131n\u0131 ald\u0131 - Av. Deniz Can K\u0131z\u0131l","robots":{"index":"index","follow":"follow","max-snippet":"max-snippet:-1","max-image-preview":"max-image-preview:large","max-video-preview":"max-video-preview:-1"},"canonical":"http:\/\/denizcankizil.tr\/ru\/hukukihaber\/ankara-2-nolu-barosunda-15-avukat-torenle-ruhsatini-aldi\/","og_locale":"ru_RU","og_type":"article","og_title":"Ankara 2 No'lu Barosu\u2019nda 15 avukat t\u00f6renle ruhsat\u0131n\u0131 ald\u0131","og_description":"S\u0131hhiye Adliyesi Konferans Salonu\u2019nda ger\u00e7ekle\u015ftirilen ruhsat t\u00f6reninde gen\u00e7 avukatlara, avukatl\u0131k ruhsat\u0131 Baro Ba\u015fkan\u0131 Avukat G\u00f6khan A\u011fdemir taraf\u0131ndan verildi. A\u011fdemir, &#8220;Avukatl\u0131k ruhsat\u0131n\u0131 alarak aram\u0131za kat\u0131lan meslekta\u015flar\u0131m\u0131 tebrik eder, meslek hayatlar\u0131nda ba\u015far\u0131lar dilerim.&#8221; dedi. \u200bAnkara 2 No&#8217;lu Barosu&#8217;nda staj d\u00f6nemlerini ba\u015far\u0131yla tamamlayan 15 avukat t\u00f6renle mesle\u011fe ad\u0131m att\u0131.\u00a0Hukuki Haber","og_url":"http:\/\/denizcankizil.tr\/ru\/hukukihaber\/ankara-2-nolu-barosunda-15-avukat-torenle-ruhsatini-aldi\/","og_site_name":"Av. Deniz Can K\u0131z\u0131l","article_published_time":"2024-10-30T18:13:00+00:00","twitter_card":"summary_large_image","schema":{"@context":"https:\/\/schema.org","@graph":[{"@type":"Article","@id":"http:\/\/denizcankizil.tr\/ru\/hukukihaber\/ankara-2-nolu-barosunda-15-avukat-torenle-ruhsatini-aldi\/#article","isPartOf":{"@id":"http:\/\/denizcankizil.tr\/ru\/hukukihaber\/ankara-2-nolu-barosunda-15-avukat-torenle-ruhsatini-aldi\/"},"author":{"name":"","@id":""},"headline":"Ankara 2 No&#8217;lu Barosu\u2019nda 15 avukat t\u00f6renle ruhsat\u0131n\u0131 ald\u0131","datePublished":"2024-10-30T18:13:00+00:00","mainEntityOfPage":{"@id":"http:\/\/denizcankizil.tr\/ru\/hukukihaber\/ankara-2-nolu-barosunda-15-avukat-torenle-ruhsatini-aldi\/"},"wordCount":85,"commentCount":0,"publisher":{"@id":"https:\/\/denizcankizil.tr\/de\/#organization"},"articleSection":["Hukuki Haberler","Uncategorized"],"inLanguage":"ru-RU","potentialAction":[{"@type":"CommentAction","name":"Comment","target":["http:\/\/denizcankizil.tr\/ru\/hukukihaber\/ankara-2-nolu-barosunda-15-avukat-torenle-ruhsatini-aldi\/#respond"]}]},{"@type":"WebPage","@id":"http:\/\/denizcankizil.tr\/ru\/hukukihaber\/ankara-2-nolu-barosunda-15-avukat-torenle-ruhsatini-aldi\/","url":"http:\/\/denizcankizil.tr\/ru\/hukukihaber\/ankara-2-nolu-barosunda-15-avukat-torenle-ruhsatini-aldi\/","name":"Ankara 2 No'lu Barosu\u2019nda 15 avukat t\u00f6renle ruhsat\u0131n\u0131 ald\u0131 - Av. Deniz Can K\u0131z\u0131l","isPartOf":{"@id":"https:\/\/denizcankizil.tr\/de\/#website"},"datePublished":"2024-10-30T18:13:00+00:00","breadcrumb":{"@id":"http:\/\/denizcankizil.tr\/ru\/hukukihaber\/ankara-2-nolu-barosunda-15-avukat-torenle-ruhsatini-aldi\/#breadcrumb"},"inLanguage":"ru-RU","potentialAction":[{"@type":"ReadAction","target":["http:\/\/denizcankizil.tr\/ru\/hukukihaber\/ankara-2-nolu-barosunda-15-avukat-torenle-ruhsatini-aldi\/"]}]},{"@type":"BreadcrumbList","@id":"http:\/\/denizcankizil.tr\/ru\/hukukihaber\/ankara-2-nolu-barosunda-15-avukat-torenle-ruhsatini-aldi\/#breadcrumb","itemListElement":[{"@type":"ListItem","position":1,"name":"Home","item":"https:\/\/denizcankizil.tr\/de\/"},{"@type":"ListItem","position":2,"name":"Ankara 2 No&#8217;lu Barosu\u2019nda 15 avukat t\u00f6renle ruhsat\u0131n\u0131 ald\u0131"}]},{"@type":"WebSite","@id":"https:\/\/denizcankizil.tr\/de\/#website","url":"https:\/\/denizcankizil.tr\/de\/","name":"Av. Deniz Can K\u0131z\u0131l","description":"Avukat Deniz Can K\u0131z\u0131l Antalya Barosu","publisher":{"@id":"https:\/\/denizcankizil.tr\/de\/#organization"},"potentialAction":[{"@type":"SearchAction","target":{"@type":"EntryPoint","urlTemplate":"https:\/\/denizcankizil.tr\/de\/?s={search_term_string}"},"query-input":{"@type":"PropertyValueSpecification","valueRequired":true,"valueName":"search_term_string"}}],"inLanguage":"ru-RU"},{"@type":"Organization","@id":"https:\/\/denizcankizil.tr\/de\/#organization","name":"Av. Deniz Can K\u0131z\u0131l","url":"https:\/\/denizcankizil.tr\/de\/","logo":{"@type":"ImageObject","inLanguage":"ru-RU","@id":"https:\/\/denizcankizil.tr\/de\/#\/schema\/logo\/image\/","url":"http:\/\/denizcankizil.tr\/wp-content\/uploads\/2024\/10\/siyah-logo-svg.svg","contentUrl":"http:\/\/denizcankizil.tr\/wp-content\/uploads\/2024\/10\/siyah-logo-svg.svg","width":1080,"height":1080,"caption":"Av. Deniz Can K\u0131z\u0131l"},"image":{"@id":"https:\/\/denizcankizil.tr\/de\/#\/schema\/logo\/image\/"}}]}},"_links":{"self":[{"href":"http:\/\/denizcankizil.tr\/ru\/wp-json\/wp\/v2\/posts\/10434","targetHints":{"allow":["GET"]}}],"collection":[{"href":"http:\/\/denizcankizil.tr\/ru\/wp-json\/wp\/v2\/posts"}],"about":[{"href":"http:\/\/denizcankizil.tr\/ru\/wp-json\/wp\/v2\/types\/post"}],"replies":[{"embeddable":true,"href":"http:\/\/denizcankizil.tr\/ru\/wp-json\/wp\/v2\/comments?post=10434"}],"version-history":[{"count":0,"href":"http:\/\/denizcankizil.tr\/ru\/wp-json\/wp\/v2\/posts\/10434\/revisions"}],"wp:attachment":[{"href":"http:\/\/denizcankizil.tr\/ru\/wp-json\/wp\/v2\/media?parent=10434"}],"wp:term":[{"taxonomy":"category","embeddable":true,"href":"http:\/\/denizcankizil.tr\/ru\/wp-json\/wp\/v2\/categories?post=10434"},{"taxonomy":"post_tag","embeddable":true,"href":"http:\/\/denizcankizil.tr\/ru\/wp-json\/wp\/v2\/tags?post=10434"}],"curies":[{"name":"wp","href":"https:\/\/api.w.org\/{rel}","templated":true}]}}