{"id":103475,"date":"2025-06-01T12:42:12","date_gmt":"2025-06-01T09:42:12","guid":{"rendered":"https:\/\/denizcankizil.tr\/uncategorized-tr\/bakanliktan-ornek-yaklasim-panoya-zarar-veren-genclerle-sagduyulu-cozum\/"},"modified":"2025-06-01T12:42:12","modified_gmt":"2025-06-01T09:42:12","slug":"bakanliktan-ornek-yaklasim-panoya-zarar-veren-genclerle-sagduyulu-cozum","status":"publish","type":"post","link":"http:\/\/denizcankizil.tr\/ru\/haberler\/gundem\/bakanliktan-ornek-yaklasim-panoya-zarar-veren-genclerle-sagduyulu-cozum\/","title":{"rendered":"Bakanl\u0131ktan \u00f6rnek yakla\u015f\u0131m&#8230; Panoya zarar veren gen\u00e7lerle sa\u011fduyulu \u00e7\u00f6z\u00fcm"},"content":{"rendered":"<p>Aile ve Sosyal Hizmetler Bakanl\u0131\u011f\u0131, Ankara G\u00fcvenpark\u2019ta Aile Y\u0131l\u0131 panosuna zarar veren gen\u00e7lerle ileti\u015fime ge\u00e7erek fark\u0131ndal\u0131k yaratt\u0131. Gen\u00e7ler, engelli bireylerle bir araya gelerek samimi bir diyalog kurdu.ANKARA (\u0130GFA) &#8211; Aile ve Sosyal Hizmetler Bakanl\u0131\u011f\u0131, Ankara G\u00fcvenpark\u2019ta 20 May\u0131s 2025 gecesi Aile Y\u0131l\u0131 foto\u011fraf \u00e7ekim panosuna zarar veren d\u00f6rt gen\u00e7le sa\u011fduyulu bir ileti\u015fim kurarak olay\u0131 toplumsal fark\u0131ndal\u0131\u011fa d\u00f6n\u00fc\u015ft\u00fcrd\u00fc.<br \/>\nBakan Mahinur \u00d6zdemir G\u00f6kta\u015f\u2019\u0131n talimat\u0131yla gen\u00e7lerle temasa ge\u00e7en Hukuk Hizmetleri Genel M\u00fcd\u00fcrl\u00fc\u011f\u00fc, onlar\u0131 g\u00f6r\u00fc\u015fmeye davet etti.<br \/>\nOlay, 20 May\u0131s saat 00:30\u2019da d\u00f6rt gencin panoya kesici aletlerle zarar vermesiyle meydana geldi. Emniyetin h\u0131zl\u0131 \u00e7al\u0131\u015fmas\u0131yla gen\u00e7ler tespit edilerek ifadeleri al\u0131nd\u0131.<br \/>\nSavc\u0131l\u0131k, kamu mal\u0131na zarar verme su\u00e7undan resen soru\u015fturma ba\u015flatt\u0131.<br \/>\nBakanl\u0131k, gen\u00e7lerle yapt\u0131\u011f\u0131 g\u00f6r\u00fc\u015fmede Aile Y\u0131l\u0131\u2019n\u0131n anlam\u0131n\u0131, bakanl\u0131\u011f\u0131n dezavantajl\u0131 gruplara 24 saat hizmet anlay\u0131\u015f\u0131n\u0131 ve g\u00f6revlerini samimiyetle anlatt\u0131.<br \/>\nGen\u00e7ler, hatalar\u0131n\u0131 kabul ederek bilgilendirmeyi dikkatle dinledi ve bu s\u00fcre\u00e7 sonunda Bakanl\u0131k, \u015fikayetini geri \u00e7ekti.<br \/>\nENGELL\u0130 B\u0130REYLERLE ANLAMLI BULU\u015eMA<br \/>\nBakanl\u0131k, gen\u00e7leri Saray Engelsiz Ya\u015fam Merkezi\u2019ne davet etti. 28 May\u0131s\u2019ta ger\u00e7ekle\u015fen ziyarette gen\u00e7ler, engelli bireylerle merkezin seras\u0131nda vakit ge\u00e7irip \u00e7al\u0131\u015fmalara destek verdi.<br \/>\nZiyaret s\u0131ras\u0131nda gen\u00e7ler ve engelli bireyler aras\u0131nda s\u0131cak bir diyalog kuruldu.<\/p>\n<p>\u200bAile ve Sosyal Hizmetler Bakanl\u0131\u011f\u0131, Ankara G\u00fcvenpark\u2019ta Aile Y\u0131l\u0131 panosuna zarar veren gen\u00e7lerle ileti\u015fime ge\u00e7erek fark\u0131ndal\u0131k yaratt\u0131. Gen\u00e7ler, engelli bireylerle bir araya gelerek samimi bir diyalog kurdu.ANKARA (\u0130GFA) &#8211; Aile ve Sosyal Hizmetler Bakanl\u0131\u011f\u0131, Ankara G\u00fcvenpark\u2019ta 20 May\u0131s 2025 gecesi Aile Y\u0131l\u0131 foto\u011fraf \u00e7ekim panosuna zarar veren d\u00f6rt gen\u00e7le sa\u011fduyulu bir ileti\u015fim kurarak olay\u0131 toplumsal fark\u0131ndal\u0131\u011fa d\u00f6n\u00fc\u015ft\u00fcrd\u00fc.<br \/>\nBakan Mahinur \u00d6zdemir G\u00f6kta\u015f\u2019\u0131n talimat\u0131yla gen\u00e7lerle temasa ge\u00e7en Hukuk Hizmetleri Genel M\u00fcd\u00fcrl\u00fc\u011f\u00fc, onlar\u0131 g\u00f6r\u00fc\u015fmeye davet etti.<br \/>\nOlay, 20 May\u0131s saat 00:30\u2019da d\u00f6rt gencin panoya kesici aletlerle zarar vermesiyle meydana geldi. Emniyetin h\u0131zl\u0131 \u00e7al\u0131\u015fmas\u0131yla gen\u00e7ler tespit edilerek ifadeleri al\u0131nd\u0131.<br \/>\nSavc\u0131l\u0131k, kamu mal\u0131na zarar verme su\u00e7undan resen soru\u015fturma ba\u015flatt\u0131.<br \/>\nBakanl\u0131k, gen\u00e7lerle yapt\u0131\u011f\u0131 g\u00f6r\u00fc\u015fmede Aile Y\u0131l\u0131\u2019n\u0131n anlam\u0131n\u0131, bakanl\u0131\u011f\u0131n dezavantajl\u0131 gruplara 24 saat hizmet anlay\u0131\u015f\u0131n\u0131 ve g\u00f6revlerini samimiyetle anlatt\u0131.<br \/>\nGen\u00e7ler, hatalar\u0131n\u0131 kabul ederek bilgilendirmeyi dikkatle dinledi ve bu s\u00fcre\u00e7 sonunda Bakanl\u0131k, \u015fikayetini geri \u00e7ekti.<br \/>\nENGELL\u0130 B\u0130REYLERLE ANLAMLI BULU\u015eMA<br \/>\nBakanl\u0131k, gen\u00e7leri Saray Engelsiz Ya\u015fam Merkezi\u2019ne davet etti. 28 May\u0131s\u2019ta ger\u00e7ekle\u015fen ziyarette gen\u00e7ler, engelli bireylerle merkezin seras\u0131nda vakit ge\u00e7irip \u00e7al\u0131\u015fmalara destek verdi.<br \/>\nZiyaret s\u0131ras\u0131nda gen\u00e7ler ve engelli bireyler aras\u0131nda s\u0131cak bir diyalog kuruldu.\u00a0<\/p>\n<p>\u200bHaberin Al\u0131nt\u0131land\u0131\u011f\u0131 Kaynak: www.iskenderun.org<\/p>","protected":false},"excerpt":{"rendered":"<p>Aile ve Sosyal Hizmetler Bakanl\u0131\u011f\u0131, Ankara G\u00fcvenpark\u2019ta Aile Y\u0131l\u0131 panosuna zarar veren gen\u00e7lerle ileti\u015fime ge\u00e7erek fark\u0131ndal\u0131k yaratt\u0131. Gen\u00e7ler, engelli bireylerle bir araya gelerek samimi bir diyalog kurdu.ANKARA (\u0130GFA) &#8211; Aile ve Sosyal Hizmetler Bakanl\u0131\u011f\u0131, Ankara G\u00fcvenpark\u2019ta 20 May\u0131s 2025 gecesi Aile Y\u0131l\u0131 foto\u011fraf \u00e7ekim panosuna zarar veren d\u00f6rt gen\u00e7le sa\u011fduyulu bir ileti\u015fim kurarak olay\u0131 toplumsal fark\u0131ndal\u0131\u011fa d\u00f6n\u00fc\u015ft\u00fcrd\u00fc. Bakan Mahinur \u00d6zdemir G\u00f6kta\u015f\u2019\u0131n talimat\u0131yla gen\u00e7lerle temasa ge\u00e7en Hukuk Hizmetleri Genel M\u00fcd\u00fcrl\u00fc\u011f\u00fc, onlar\u0131 g\u00f6r\u00fc\u015fmeye davet etti. Olay, 20 May\u0131s saat 00:30\u2019da d\u00f6rt gencin panoya kesici aletlerle zarar vermesiyle meydana geldi. Emniyetin h\u0131zl\u0131 \u00e7al\u0131\u015fmas\u0131yla gen\u00e7ler tespit edilerek ifadeleri al\u0131nd\u0131. Savc\u0131l\u0131k, kamu mal\u0131na zarar verme su\u00e7undan resen soru\u015fturma ba\u015flatt\u0131. Bakanl\u0131k, gen\u00e7lerle yapt\u0131\u011f\u0131 g\u00f6r\u00fc\u015fmede Aile Y\u0131l\u0131\u2019n\u0131n anlam\u0131n\u0131, bakanl\u0131\u011f\u0131n dezavantajl\u0131 gruplara 24 saat hizmet anlay\u0131\u015f\u0131n\u0131 ve g\u00f6revlerini samimiyetle anlatt\u0131. Gen\u00e7ler, hatalar\u0131n\u0131 kabul ederek bilgilendirmeyi dikkatle dinledi ve bu s\u00fcre\u00e7 sonunda Bakanl\u0131k, \u015fikayetini geri \u00e7ekti. ENGELL\u0130 B\u0130REYLERLE ANLAMLI BULU\u015eMA Bakanl\u0131k, gen\u00e7leri Saray Engelsiz Ya\u015fam Merkezi\u2019ne davet etti. 28 May\u0131s\u2019ta ger\u00e7ekle\u015fen ziyarette gen\u00e7ler, engelli bireylerle merkezin seras\u0131nda vakit ge\u00e7irip \u00e7al\u0131\u015fmalara destek verdi. Ziyaret s\u0131ras\u0131nda gen\u00e7ler ve engelli bireyler aras\u0131nda s\u0131cak bir diyalog kuruldu. \u200bAile ve Sosyal Hizmetler Bakanl\u0131\u011f\u0131, Ankara G\u00fcvenpark\u2019ta Aile Y\u0131l\u0131 panosuna zarar veren gen\u00e7lerle ileti\u015fime ge\u00e7erek fark\u0131ndal\u0131k yaratt\u0131. Gen\u00e7ler, engelli bireylerle bir araya gelerek samimi bir diyalog &hellip;<\/p>","protected":false},"author":1,"featured_media":0,"comment_status":"","ping_status":"open","sticky":false,"template":"","format":"standard","meta":{"_acf_changed":false,"footnotes":""},"categories":[24],"tags":[],"class_list":["post-103475","post","type-post","status-publish","format-standard","has-post-thumbnail","hentry","category-gundem"],"acf":[],"yoast_head":"<!-- This site is optimized with the Yoast SEO Premium plugin v26.6 (Yoast SEO v27.1.1) - https:\/\/yoast.com\/product\/yoast-seo-premium-wordpress\/ -->\n<title>Bakanl\u0131ktan \u00f6rnek yakla\u015f\u0131m... Panoya zarar veren gen\u00e7lerle sa\u011fduyulu \u00e7\u00f6z\u00fcm - Av. Deniz Can K\u0131z\u0131l<\/title>\n<meta name=\"robots\" content=\"index, follow, max-snippet:-1, max-image-preview:large, max-video-preview:-1\" \/>\n<link rel=\"canonical\" href=\"http:\/\/denizcankizil.tr\/ru\/haberler\/gundem\/bakanliktan-ornek-yaklasim-panoya-zarar-veren-genclerle-sagduyulu-cozum\/\" \/>\n<meta property=\"og:locale\" content=\"ru_RU\" \/>\n<meta property=\"og:type\" content=\"article\" \/>\n<meta property=\"og:title\" content=\"Bakanl\u0131ktan \u00f6rnek yakla\u015f\u0131m... Panoya zarar veren gen\u00e7lerle sa\u011fduyulu \u00e7\u00f6z\u00fcm\" \/>\n<meta property=\"og:description\" content=\"Aile ve Sosyal Hizmetler Bakanl\u0131\u011f\u0131, Ankara G\u00fcvenpark\u2019ta Aile Y\u0131l\u0131 panosuna zarar veren gen\u00e7lerle ileti\u015fime ge\u00e7erek fark\u0131ndal\u0131k yaratt\u0131. Gen\u00e7ler, engelli bireylerle bir araya gelerek samimi bir diyalog kurdu.ANKARA (\u0130GFA) &#8211; Aile ve Sosyal Hizmetler Bakanl\u0131\u011f\u0131, Ankara G\u00fcvenpark\u2019ta 20 May\u0131s 2025 gecesi Aile Y\u0131l\u0131 foto\u011fraf \u00e7ekim panosuna zarar veren d\u00f6rt gen\u00e7le sa\u011fduyulu bir ileti\u015fim kurarak olay\u0131 toplumsal fark\u0131ndal\u0131\u011fa d\u00f6n\u00fc\u015ft\u00fcrd\u00fc. Bakan Mahinur \u00d6zdemir G\u00f6kta\u015f\u2019\u0131n talimat\u0131yla gen\u00e7lerle temasa ge\u00e7en Hukuk Hizmetleri Genel M\u00fcd\u00fcrl\u00fc\u011f\u00fc, onlar\u0131 g\u00f6r\u00fc\u015fmeye davet etti. Olay, 20 May\u0131s saat 00:30\u2019da d\u00f6rt gencin panoya kesici aletlerle zarar vermesiyle meydana geldi. Emniyetin h\u0131zl\u0131 \u00e7al\u0131\u015fmas\u0131yla gen\u00e7ler tespit edilerek ifadeleri al\u0131nd\u0131. Savc\u0131l\u0131k, kamu mal\u0131na zarar verme su\u00e7undan resen soru\u015fturma ba\u015flatt\u0131. Bakanl\u0131k, gen\u00e7lerle yapt\u0131\u011f\u0131 g\u00f6r\u00fc\u015fmede Aile Y\u0131l\u0131\u2019n\u0131n anlam\u0131n\u0131, bakanl\u0131\u011f\u0131n dezavantajl\u0131 gruplara 24 saat hizmet anlay\u0131\u015f\u0131n\u0131 ve g\u00f6revlerini samimiyetle anlatt\u0131. Gen\u00e7ler, hatalar\u0131n\u0131 kabul ederek bilgilendirmeyi dikkatle dinledi ve bu s\u00fcre\u00e7 sonunda Bakanl\u0131k, \u015fikayetini geri \u00e7ekti. ENGELL\u0130 B\u0130REYLERLE ANLAMLI BULU\u015eMA Bakanl\u0131k, gen\u00e7leri Saray Engelsiz Ya\u015fam Merkezi\u2019ne davet etti. 28 May\u0131s\u2019ta ger\u00e7ekle\u015fen ziyarette gen\u00e7ler, engelli bireylerle merkezin seras\u0131nda vakit ge\u00e7irip \u00e7al\u0131\u015fmalara destek verdi. Ziyaret s\u0131ras\u0131nda gen\u00e7ler ve engelli bireyler aras\u0131nda s\u0131cak bir diyalog kuruldu. \u200bAile ve Sosyal Hizmetler Bakanl\u0131\u011f\u0131, Ankara G\u00fcvenpark\u2019ta Aile Y\u0131l\u0131 panosuna zarar veren gen\u00e7lerle ileti\u015fime ge\u00e7erek fark\u0131ndal\u0131k yaratt\u0131. Gen\u00e7ler, engelli bireylerle bir araya gelerek samimi bir diyalog &hellip;\" \/>\n<meta property=\"og:url\" content=\"http:\/\/denizcankizil.tr\/ru\/haberler\/gundem\/bakanliktan-ornek-yaklasim-panoya-zarar-veren-genclerle-sagduyulu-cozum\/\" \/>\n<meta property=\"og:site_name\" content=\"Av. Deniz Can K\u0131z\u0131l\" \/>\n<meta property=\"article:published_time\" content=\"2025-06-01T09:42:12+00:00\" \/>\n<meta name=\"author\" content=\"admin\" \/>\n<meta name=\"twitter:card\" content=\"summary_large_image\" \/>\n<meta name=\"twitter:label1\" content=\"\u041d\u0430\u043f\u0438\u0441\u0430\u043d\u043e \u0430\u0432\u0442\u043e\u0440\u043e\u043c\" \/>\n\t<meta name=\"twitter:data1\" content=\"admin\" \/>\n\t<meta name=\"twitter:label2\" content=\"\u041f\u0440\u0438\u043c\u0435\u0440\u043d\u043e\u0435 \u0432\u0440\u0435\u043c\u044f \u0434\u043b\u044f \u0447\u0442\u0435\u043d\u0438\u044f\" \/>\n\t<meta name=\"twitter:data2\" content=\"3 \u043c\u0438\u043d\u0443\u0442\u044b\" \/>\n<script type=\"application\/ld+json\" class=\"yoast-schema-graph\">{\"@context\":\"https:\/\/schema.org\",\"@graph\":[{\"@type\":\"Article\",\"@id\":\"http:\/\/denizcankizil.tr\/ru\/haberler\/gundem\/bakanliktan-ornek-yaklasim-panoya-zarar-veren-genclerle-sagduyulu-cozum\/#article\",\"isPartOf\":{\"@id\":\"http:\/\/denizcankizil.tr\/ru\/haberler\/gundem\/bakanliktan-ornek-yaklasim-panoya-zarar-veren-genclerle-sagduyulu-cozum\/\"},\"author\":{\"name\":\"admin\",\"@id\":\"https:\/\/denizcankizil.tr\/#\/schema\/person\/be3c05fe6a12686905512445d8185489\"},\"headline\":\"Bakanl\u0131ktan \u00f6rnek yakla\u015f\u0131m&#8230; Panoya zarar veren gen\u00e7lerle sa\u011fduyulu \u00e7\u00f6z\u00fcm\",\"datePublished\":\"2025-06-01T09:42:12+00:00\",\"mainEntityOfPage\":{\"@id\":\"http:\/\/denizcankizil.tr\/ru\/haberler\/gundem\/bakanliktan-ornek-yaklasim-panoya-zarar-veren-genclerle-sagduyulu-cozum\/\"},\"wordCount\":520,\"publisher\":{\"@id\":\"https:\/\/denizcankizil.tr\/#organization\"},\"articleSection\":[\"G\u00fcndem\"],\"inLanguage\":\"ru-RU\"},{\"@type\":\"WebPage\",\"@id\":\"http:\/\/denizcankizil.tr\/ru\/haberler\/gundem\/bakanliktan-ornek-yaklasim-panoya-zarar-veren-genclerle-sagduyulu-cozum\/\",\"url\":\"http:\/\/denizcankizil.tr\/ru\/haberler\/gundem\/bakanliktan-ornek-yaklasim-panoya-zarar-veren-genclerle-sagduyulu-cozum\/\",\"name\":\"Bakanl\u0131ktan \u00f6rnek yakla\u015f\u0131m... Panoya zarar veren gen\u00e7lerle sa\u011fduyulu \u00e7\u00f6z\u00fcm - Av. Deniz Can K\u0131z\u0131l\",\"isPartOf\":{\"@id\":\"https:\/\/denizcankizil.tr\/#website\"},\"datePublished\":\"2025-06-01T09:42:12+00:00\",\"breadcrumb\":{\"@id\":\"http:\/\/denizcankizil.tr\/ru\/haberler\/gundem\/bakanliktan-ornek-yaklasim-panoya-zarar-veren-genclerle-sagduyulu-cozum\/#breadcrumb\"},\"inLanguage\":\"ru-RU\",\"potentialAction\":[{\"@type\":\"ReadAction\",\"target\":[\"http:\/\/denizcankizil.tr\/ru\/haberler\/gundem\/bakanliktan-ornek-yaklasim-panoya-zarar-veren-genclerle-sagduyulu-cozum\/\"]}]},{\"@type\":\"BreadcrumbList\",\"@id\":\"http:\/\/denizcankizil.tr\/ru\/haberler\/gundem\/bakanliktan-ornek-yaklasim-panoya-zarar-veren-genclerle-sagduyulu-cozum\/#breadcrumb\",\"itemListElement\":[{\"@type\":\"ListItem\",\"position\":1,\"name\":\"Home\",\"item\":\"https:\/\/denizcankizil.tr\/de\/\"},{\"@type\":\"ListItem\",\"position\":2,\"name\":\"Bakanl\u0131ktan \u00f6rnek yakla\u015f\u0131m&#8230; Panoya zarar veren gen\u00e7lerle sa\u011fduyulu \u00e7\u00f6z\u00fcm\"}]},{\"@type\":\"WebSite\",\"@id\":\"https:\/\/denizcankizil.tr\/#website\",\"url\":\"https:\/\/denizcankizil.tr\/\",\"name\":\"Av. Deniz Can K\u0131z\u0131l\",\"description\":\"Avukat Deniz Can K\u0131z\u0131l Antalya Barosu\",\"publisher\":{\"@id\":\"https:\/\/denizcankizil.tr\/#organization\"},\"potentialAction\":[{\"@type\":\"SearchAction\",\"target\":{\"@type\":\"EntryPoint\",\"urlTemplate\":\"https:\/\/denizcankizil.tr\/?s={search_term_string}\"},\"query-input\":{\"@type\":\"PropertyValueSpecification\",\"valueRequired\":true,\"valueName\":\"search_term_string\"}}],\"inLanguage\":\"ru-RU\"},{\"@type\":\"Organization\",\"@id\":\"https:\/\/denizcankizil.tr\/#organization\",\"name\":\"Av. Deniz Can K\u0131z\u0131l\",\"url\":\"https:\/\/denizcankizil.tr\/\",\"logo\":{\"@type\":\"ImageObject\",\"inLanguage\":\"ru-RU\",\"@id\":\"https:\/\/denizcankizil.tr\/#\/schema\/logo\/image\/\",\"url\":\"http:\/\/denizcankizil.tr\/wp-content\/uploads\/2024\/10\/siyah-logo-svg.svg\",\"contentUrl\":\"http:\/\/denizcankizil.tr\/wp-content\/uploads\/2024\/10\/siyah-logo-svg.svg\",\"width\":1080,\"height\":1080,\"caption\":\"Av. Deniz Can K\u0131z\u0131l\"},\"image\":{\"@id\":\"https:\/\/denizcankizil.tr\/#\/schema\/logo\/image\/\"}},{\"@type\":\"Person\",\"@id\":\"https:\/\/denizcankizil.tr\/#\/schema\/person\/be3c05fe6a12686905512445d8185489\",\"name\":\"admin\",\"image\":{\"@type\":\"ImageObject\",\"inLanguage\":\"ru-RU\",\"@id\":\"https:\/\/denizcankizil.tr\/#\/schema\/person\/image\/\",\"url\":\"https:\/\/secure.gravatar.com\/avatar\/c1fce94c830dc79107e174f890d7210541c4a63e8e5d816341794a2151c9d58c?s=96&d=mm&r=g\",\"contentUrl\":\"https:\/\/secure.gravatar.com\/avatar\/c1fce94c830dc79107e174f890d7210541c4a63e8e5d816341794a2151c9d58c?s=96&d=mm&r=g\",\"caption\":\"admin\"},\"sameAs\":[\"http:\/\/denizcankizil.tr\"],\"url\":\"https:\/\/www.iskenderun.org\/bakanliktan-ornek-yaklasim-panoya-zarar-veren-genclerle-sagduyulu-cozum\"}]}<\/script>\n<!-- \/ Yoast SEO Premium plugin. -->","yoast_head_json":{"title":"Bakanl\u0131ktan \u00f6rnek yakla\u015f\u0131m... Panoya zarar veren gen\u00e7lerle sa\u011fduyulu \u00e7\u00f6z\u00fcm - Av. Deniz Can K\u0131z\u0131l","robots":{"index":"index","follow":"follow","max-snippet":"max-snippet:-1","max-image-preview":"max-image-preview:large","max-video-preview":"max-video-preview:-1"},"canonical":"http:\/\/denizcankizil.tr\/ru\/haberler\/gundem\/bakanliktan-ornek-yaklasim-panoya-zarar-veren-genclerle-sagduyulu-cozum\/","og_locale":"ru_RU","og_type":"article","og_title":"Bakanl\u0131ktan \u00f6rnek yakla\u015f\u0131m... Panoya zarar veren gen\u00e7lerle sa\u011fduyulu \u00e7\u00f6z\u00fcm","og_description":"Aile ve Sosyal Hizmetler Bakanl\u0131\u011f\u0131, Ankara G\u00fcvenpark\u2019ta Aile Y\u0131l\u0131 panosuna zarar veren gen\u00e7lerle ileti\u015fime ge\u00e7erek fark\u0131ndal\u0131k yaratt\u0131. Gen\u00e7ler, engelli bireylerle bir araya gelerek samimi bir diyalog kurdu.ANKARA (\u0130GFA) &#8211; Aile ve Sosyal Hizmetler Bakanl\u0131\u011f\u0131, Ankara G\u00fcvenpark\u2019ta 20 May\u0131s 2025 gecesi Aile Y\u0131l\u0131 foto\u011fraf \u00e7ekim panosuna zarar veren d\u00f6rt gen\u00e7le sa\u011fduyulu bir ileti\u015fim kurarak olay\u0131 toplumsal fark\u0131ndal\u0131\u011fa d\u00f6n\u00fc\u015ft\u00fcrd\u00fc. Bakan Mahinur \u00d6zdemir G\u00f6kta\u015f\u2019\u0131n talimat\u0131yla gen\u00e7lerle temasa ge\u00e7en Hukuk Hizmetleri Genel M\u00fcd\u00fcrl\u00fc\u011f\u00fc, onlar\u0131 g\u00f6r\u00fc\u015fmeye davet etti. Olay, 20 May\u0131s saat 00:30\u2019da d\u00f6rt gencin panoya kesici aletlerle zarar vermesiyle meydana geldi. Emniyetin h\u0131zl\u0131 \u00e7al\u0131\u015fmas\u0131yla gen\u00e7ler tespit edilerek ifadeleri al\u0131nd\u0131. Savc\u0131l\u0131k, kamu mal\u0131na zarar verme su\u00e7undan resen soru\u015fturma ba\u015flatt\u0131. Bakanl\u0131k, gen\u00e7lerle yapt\u0131\u011f\u0131 g\u00f6r\u00fc\u015fmede Aile Y\u0131l\u0131\u2019n\u0131n anlam\u0131n\u0131, bakanl\u0131\u011f\u0131n dezavantajl\u0131 gruplara 24 saat hizmet anlay\u0131\u015f\u0131n\u0131 ve g\u00f6revlerini samimiyetle anlatt\u0131. Gen\u00e7ler, hatalar\u0131n\u0131 kabul ederek bilgilendirmeyi dikkatle dinledi ve bu s\u00fcre\u00e7 sonunda Bakanl\u0131k, \u015fikayetini geri \u00e7ekti. ENGELL\u0130 B\u0130REYLERLE ANLAMLI BULU\u015eMA Bakanl\u0131k, gen\u00e7leri Saray Engelsiz Ya\u015fam Merkezi\u2019ne davet etti. 28 May\u0131s\u2019ta ger\u00e7ekle\u015fen ziyarette gen\u00e7ler, engelli bireylerle merkezin seras\u0131nda vakit ge\u00e7irip \u00e7al\u0131\u015fmalara destek verdi. Ziyaret s\u0131ras\u0131nda gen\u00e7ler ve engelli bireyler aras\u0131nda s\u0131cak bir diyalog kuruldu. \u200bAile ve Sosyal Hizmetler Bakanl\u0131\u011f\u0131, Ankara G\u00fcvenpark\u2019ta Aile Y\u0131l\u0131 panosuna zarar veren gen\u00e7lerle ileti\u015fime ge\u00e7erek fark\u0131ndal\u0131k yaratt\u0131. Gen\u00e7ler, engelli bireylerle bir araya gelerek samimi bir diyalog &hellip;","og_url":"http:\/\/denizcankizil.tr\/ru\/haberler\/gundem\/bakanliktan-ornek-yaklasim-panoya-zarar-veren-genclerle-sagduyulu-cozum\/","og_site_name":"Av. Deniz Can K\u0131z\u0131l","article_published_time":"2025-06-01T09:42:12+00:00","author":"admin","twitter_card":"summary_large_image","twitter_misc":{"\u041d\u0430\u043f\u0438\u0441\u0430\u043d\u043e \u0430\u0432\u0442\u043e\u0440\u043e\u043c":"admin","\u041f\u0440\u0438\u043c\u0435\u0440\u043d\u043e\u0435 \u0432\u0440\u0435\u043c\u044f \u0434\u043b\u044f \u0447\u0442\u0435\u043d\u0438\u044f":"3 \u043c\u0438\u043d\u0443\u0442\u044b"},"schema":{"@context":"https:\/\/schema.org","@graph":[{"@type":"Article","@id":"http:\/\/denizcankizil.tr\/ru\/haberler\/gundem\/bakanliktan-ornek-yaklasim-panoya-zarar-veren-genclerle-sagduyulu-cozum\/#article","isPartOf":{"@id":"http:\/\/denizcankizil.tr\/ru\/haberler\/gundem\/bakanliktan-ornek-yaklasim-panoya-zarar-veren-genclerle-sagduyulu-cozum\/"},"author":{"name":"admin","@id":"https:\/\/denizcankizil.tr\/#\/schema\/person\/be3c05fe6a12686905512445d8185489"},"headline":"Bakanl\u0131ktan \u00f6rnek yakla\u015f\u0131m&#8230; Panoya zarar veren gen\u00e7lerle sa\u011fduyulu \u00e7\u00f6z\u00fcm","datePublished":"2025-06-01T09:42:12+00:00","mainEntityOfPage":{"@id":"http:\/\/denizcankizil.tr\/ru\/haberler\/gundem\/bakanliktan-ornek-yaklasim-panoya-zarar-veren-genclerle-sagduyulu-cozum\/"},"wordCount":520,"publisher":{"@id":"https:\/\/denizcankizil.tr\/#organization"},"articleSection":["G\u00fcndem"],"inLanguage":"ru-RU"},{"@type":"WebPage","@id":"http:\/\/denizcankizil.tr\/ru\/haberler\/gundem\/bakanliktan-ornek-yaklasim-panoya-zarar-veren-genclerle-sagduyulu-cozum\/","url":"http:\/\/denizcankizil.tr\/ru\/haberler\/gundem\/bakanliktan-ornek-yaklasim-panoya-zarar-veren-genclerle-sagduyulu-cozum\/","name":"Bakanl\u0131ktan \u00f6rnek yakla\u015f\u0131m... Panoya zarar veren gen\u00e7lerle sa\u011fduyulu \u00e7\u00f6z\u00fcm - Av. Deniz Can K\u0131z\u0131l","isPartOf":{"@id":"https:\/\/denizcankizil.tr\/#website"},"datePublished":"2025-06-01T09:42:12+00:00","breadcrumb":{"@id":"http:\/\/denizcankizil.tr\/ru\/haberler\/gundem\/bakanliktan-ornek-yaklasim-panoya-zarar-veren-genclerle-sagduyulu-cozum\/#breadcrumb"},"inLanguage":"ru-RU","potentialAction":[{"@type":"ReadAction","target":["http:\/\/denizcankizil.tr\/ru\/haberler\/gundem\/bakanliktan-ornek-yaklasim-panoya-zarar-veren-genclerle-sagduyulu-cozum\/"]}]},{"@type":"BreadcrumbList","@id":"http:\/\/denizcankizil.tr\/ru\/haberler\/gundem\/bakanliktan-ornek-yaklasim-panoya-zarar-veren-genclerle-sagduyulu-cozum\/#breadcrumb","itemListElement":[{"@type":"ListItem","position":1,"name":"Home","item":"https:\/\/denizcankizil.tr\/de\/"},{"@type":"ListItem","position":2,"name":"Bakanl\u0131ktan \u00f6rnek yakla\u015f\u0131m&#8230; Panoya zarar veren gen\u00e7lerle sa\u011fduyulu \u00e7\u00f6z\u00fcm"}]},{"@type":"WebSite","@id":"https:\/\/denizcankizil.tr\/#website","url":"https:\/\/denizcankizil.tr\/","name":"Av. Deniz Can K\u0131z\u0131l","description":"Avukat Deniz Can K\u0131z\u0131l Antalya Barosu","publisher":{"@id":"https:\/\/denizcankizil.tr\/#organization"},"potentialAction":[{"@type":"SearchAction","target":{"@type":"EntryPoint","urlTemplate":"https:\/\/denizcankizil.tr\/?s={search_term_string}"},"query-input":{"@type":"PropertyValueSpecification","valueRequired":true,"valueName":"search_term_string"}}],"inLanguage":"ru-RU"},{"@type":"Organization","@id":"https:\/\/denizcankizil.tr\/#organization","name":"Av. Deniz Can K\u0131z\u0131l","url":"https:\/\/denizcankizil.tr\/","logo":{"@type":"ImageObject","inLanguage":"ru-RU","@id":"https:\/\/denizcankizil.tr\/#\/schema\/logo\/image\/","url":"http:\/\/denizcankizil.tr\/wp-content\/uploads\/2024\/10\/siyah-logo-svg.svg","contentUrl":"http:\/\/denizcankizil.tr\/wp-content\/uploads\/2024\/10\/siyah-logo-svg.svg","width":1080,"height":1080,"caption":"Av. Deniz Can K\u0131z\u0131l"},"image":{"@id":"https:\/\/denizcankizil.tr\/#\/schema\/logo\/image\/"}},{"@type":"Person","@id":"https:\/\/denizcankizil.tr\/#\/schema\/person\/be3c05fe6a12686905512445d8185489","name":"\u0430\u0434\u043c\u0438\u043d","image":{"@type":"ImageObject","inLanguage":"ru-RU","@id":"https:\/\/denizcankizil.tr\/#\/schema\/person\/image\/","url":"https:\/\/secure.gravatar.com\/avatar\/c1fce94c830dc79107e174f890d7210541c4a63e8e5d816341794a2151c9d58c?s=96&d=mm&r=g","contentUrl":"https:\/\/secure.gravatar.com\/avatar\/c1fce94c830dc79107e174f890d7210541c4a63e8e5d816341794a2151c9d58c?s=96&d=mm&r=g","caption":"admin"},"sameAs":["http:\/\/denizcankizil.tr"],"url":"https:\/\/www.iskenderun.org\/bakanliktan-ornek-yaklasim-panoya-zarar-veren-genclerle-sagduyulu-cozum"}]}},"_links":{"self":[{"href":"http:\/\/denizcankizil.tr\/ru\/wp-json\/wp\/v2\/posts\/103475","targetHints":{"allow":["GET"]}}],"collection":[{"href":"http:\/\/denizcankizil.tr\/ru\/wp-json\/wp\/v2\/posts"}],"about":[{"href":"http:\/\/denizcankizil.tr\/ru\/wp-json\/wp\/v2\/types\/post"}],"author":[{"embeddable":true,"href":"http:\/\/denizcankizil.tr\/ru\/wp-json\/wp\/v2\/users\/1"}],"replies":[{"embeddable":true,"href":"http:\/\/denizcankizil.tr\/ru\/wp-json\/wp\/v2\/comments?post=103475"}],"version-history":[{"count":0,"href":"http:\/\/denizcankizil.tr\/ru\/wp-json\/wp\/v2\/posts\/103475\/revisions"}],"wp:attachment":[{"href":"http:\/\/denizcankizil.tr\/ru\/wp-json\/wp\/v2\/media?parent=103475"}],"wp:term":[{"taxonomy":"category","embeddable":true,"href":"http:\/\/denizcankizil.tr\/ru\/wp-json\/wp\/v2\/categories?post=103475"},{"taxonomy":"post_tag","embeddable":true,"href":"http:\/\/denizcankizil.tr\/ru\/wp-json\/wp\/v2\/tags?post=103475"}],"curies":[{"name":"wp","href":"https:\/\/api.w.org\/{rel}","templated":true}]}}