{"id":100546,"date":"2025-05-29T13:42:21","date_gmt":"2025-05-29T10:42:21","guid":{"rendered":"https:\/\/denizcankizil.tr\/uncategorized-tr\/alanya-universitesinde-mezuniyet\/"},"modified":"2025-05-29T13:42:21","modified_gmt":"2025-05-29T10:42:21","slug":"alanya-universitesinde-mezuniyet","status":"publish","type":"post","link":"http:\/\/denizcankizil.tr\/ru\/haberler\/antalya\/alanya-universitesinde-mezuniyet\/","title":{"rendered":"Alanya \u00dcniversitesi&#8217;nde mezuniyet"},"content":{"rendered":"<p>Alanya \u00dcniversitesi, 2024-2025 akademik y\u0131l\u0131 7. d\u00f6nem mezunlar\u0131n\u0131 g\u00f6rkemli bir t\u00f6renle u\u011furlad\u0131. Hamdullah Emin Pa\u015fa Kamp\u00fcs\u00fc&#8217;nde ger\u00e7ekle\u015fen mezuniyet t\u00f6reni, unutulmaz anlara sahne oldu. Sayg\u0131 duru\u015fu ve \u0130stiklal Mar\u015f\u0131&#8217;n\u0131n ard\u0131ndan sahne alan K\u0131r\u0131kkale \u00dcniversitesi Oda Orkestras\u0131, konuklara sundu\u011fu mini konserle t\u00f6rene anlam katt\u0131. Ard\u0131ndan, mezun \u00f6\u011frenciler sahneye alk\u0131\u015flar e\u015fli\u011finde \u00e7\u0131kt\u0131.<\/p>\n<p>&#8220;Bu bir son de\u011fil, g\u00fc\u00e7l\u00fc bir ba\u015flang\u0131\u00e7&#8221;<br \/>\nT\u00f6renin a\u00e7\u0131l\u0131\u015f konu\u015fmas\u0131n\u0131 Alanya \u00dcniversitesi Rekt\u00f6r\u00fc Prof. Dr. Turan Sa\u011fer ger\u00e7ekle\u015ftirdi. Konu\u015fmas\u0131nda \u00fcniversitenin 2011 y\u0131l\u0131ndaki kurulu\u015fundan bu yana kat etti\u011fi geli\u015fim s\u00fcrecine dikkat \u00e7eken Sa\u011fer, duygusal s\u00f6zleriyle mezunlara, &#8220;Belki y\u0131llar \u00f6nce \u00fcniversitenin kap\u0131s\u0131ndan i\u00e7eriye att\u0131\u011f\u0131n\u0131z ilk ad\u0131m\u0131 hat\u0131rl\u0131yorsunuzdur. Heyecanla, umutla \u00e7\u0131kt\u0131\u011f\u0131n\u0131z bu yolculu\u011fun sonuna geldiniz. Art\u0131k sadece bilgiyle de\u011fil, \u00f6zg\u00fcvenle ve sorumlulukla donanm\u0131\u015f bireylersiniz. Bu mezuniyet, sadece bir biti\u015f de\u011fil; ayn\u0131 zamanda yeni bir ba\u015flang\u0131\u00e7. Yolunuz a\u00e7\u0131k, inanc\u0131n\u0131z g\u00fc\u00e7l\u00fc olsun. Alanya \u00dcniversitesi ailesi olarak sizinle her zaman gurur duyaca\u011f\u0131z&#8221; ifadelerini kulland\u0131.<\/p>\n<p>&#8220;Yedi y\u0131lda 29&#8217;dan 129&#8217;a.\u2026&#8221;<br \/>\nRekt\u00f6r Sa\u011fer &#8216;in ard\u0131ndan k\u00fcrs\u00fcye \u00e7\u0131kan Alanya Belediye Ba\u015fkan\u0131 Osman Tar\u0131k \u00d6z\u00e7elik, t\u00f6rende duygusal bir an\u0131s\u0131n\u0131 payla\u015ft\u0131. \u0130lk mezuniyet t\u00f6reninde ya\u015fad\u0131klar\u0131n\u0131 anlatan \u00d6z\u00e7elik, bug\u00fcn ula\u015f\u0131lan noktan\u0131n \u00fcniversitenin geli\u015fiminin bir g\u00f6stergesi oldu\u011funu \u00d6\u011frencilere gelecek ya\u015famlar\u0131nda ba\u015far\u0131lar dileyen \u00d6z\u00e7elik, &#8220;Bug\u00fcn, 100&#8217;\u00fcn \u00fczerinde \u00f6\u011frencimizi mezun ediyoruz. Oysa ilk mezuniyetimizde sadece 29 \u00f6\u011frencimiz vard\u0131. Bug\u00fcn sahnede bir \u00f6\u011frencimizin y\u00fcr\u00fcy\u00fc\u015f\u00fc s\u0131ras\u0131nda annesinin h\u00fcng\u00fcr h\u00fcng\u00fcr a\u011flad\u0131\u011f\u0131n\u0131 g\u00f6r\u00fcnce o g\u00fcn\u00fc hat\u0131rlad\u0131m. Bu \u00fcniversite, sadece nicelik de\u011fil, nitelik olarak da b\u00fcy\u00fcyor. Gen\u00e7 arkada\u015flar\u0131m; Atat\u00fcrk&#8217;\u00fcn \u00e7izdi\u011fi \u00e7a\u011fda\u015f yolda ilerleyin, kendinize inan\u0131n. Bu yolculukta zorluklar olacakt\u0131r ama siz bu zorluklar\u0131n \u00fcstesinden gelecek g\u00fc\u00e7tesiniz&#8221; dedi.<\/p>\n<p>&#8220;H\u0131zl\u0131 de\u011fil sa\u011flam ad\u0131mlar at\u0131n&#8221;<br \/>\nAlanya \u00dcniversitesi M\u00fctevelli Heyeti Ba\u015fkan Vekili Murat K\u0131rc\u0131 da t\u00f6rende yapt\u0131\u011f\u0131 konu\u015fmada, gen\u00e7lere hayatlar\u0131 boyunca rehberlik edecek \u00f6nemli tavsiyelerde bulundu. Sab\u0131rl\u0131 \u00e7al\u0131\u015fman\u0131n ve s\u00fcrekli geli\u015fimin \u00f6nemine de\u011finen K\u0131rc\u0131, mezunlara, &#8220;Mesle\u011finiz ne olursa olsun, ilk on y\u0131l\u0131n\u0131z\u0131 \u00f6\u011frenmeye ve geli\u015fmeye aday\u0131n. Teknolojiyi takip edin, yeniliklere a\u00e7\u0131k olun ama h\u0131zl\u0131 y\u00fckselme tela\u015f\u0131na kap\u0131lmay\u0131n. Ger\u00e7ek ba\u015far\u0131 sab\u0131rla gelir. Bug\u00fcn mezun oluyorsunuz ama \u00f6\u011frenme yolculu\u011funuz yeni ba\u015fl\u0131yor. Yolunuz a\u00e7\u0131k, ba\u015far\u0131n\u0131z daim olsun&#8221; s\u00f6zleriyle mesaj verdi.<\/p>\n<p>\u00dcniversite birincisi Muhammed Alsafar oldu<br \/>\nGecenin en gurur verici anlar\u0131ndan biri, \u00fcniversite birincisinin sahneye \u00e7a\u011fr\u0131lmas\u0131 oldu. Bilgisayar M\u00fchendisli\u011fi B\u00f6l\u00fcm\u00fc \u00f6\u011frencisi Muhammed Alsafar, \u00fcst\u00fcn akademik ba\u015far\u0131s\u0131yla 2025 y\u0131l\u0131 birincisi olma gururunu ya\u015fad\u0131. \u0130smini mezuniyet k\u00fct\u00fc\u011f\u00fcne Alanya Belediye Ba\u015fkan\u0131 Osman Tar\u0131k \u00d6z\u00e7elik ile birlikte \u00e7akan Alsafar, salondan alk\u0131\u015flarla u\u011furland\u0131. Alanya \u00dcniversitesi&#8217;nde toplam 129 \u00f6\u011frenci, mezun olarak gelecek ya\u015fama ad\u0131m att\u0131. Diplomalar\u0131n\u0131 Alanya \u00dcniversitesi akademisyenlerinden teslim alan \u00f6\u011frenciler, t\u00f6renin sonunda kep atarak mezuniyet sevincini hep birlikte ya\u015fad\u0131lar.<\/p>\n<p>T\u00f6rene Alanya Belediye Ba\u015fkan\u0131 Osman Tar\u0131k \u00d6z\u00e7elik, Alaaddin Keykubat \u00dcniversitesi Rekt\u00f6r Yard\u0131mc\u0131s\u0131 Prof. Dr. O\u011fuz Karahan, Alanya \u00dcniversitesi M\u00fctevelli Heyeti Ba\u015fkan Vekili Murat K\u0131rc\u0131, Alanya \u0130l\u00e7e Milli E\u011fitim M\u00fcd\u00fcr\u00fc Yusuf Y\u0131lmaz, Alanya Belediye Ba\u015fkan Yard\u0131mc\u0131s\u0131 Murat Levent Ko\u00e7ak&#8217;\u0131n yan\u0131 s\u0131ra \u00e7ok say\u0131da davetli kat\u0131ld\u0131.<\/p>\n<p>Kaynak: www.kanalv.com.tr Haber Sitesinden Al\u0131nm\u0131\u015ft\u0131r.<\/p>","protected":false},"excerpt":{"rendered":"<p>Alanya \u00dcniversitesi, 2024-2025 akademik y\u0131l\u0131 7. d\u00f6nem mezunlar\u0131n\u0131 g\u00f6rkemli bir t\u00f6renle u\u011furlad\u0131. Hamdullah Emin Pa\u015fa Kamp\u00fcs\u00fc&#8217;nde ger\u00e7ekle\u015fen mezuniyet t\u00f6reni, unutulmaz anlara sahne oldu. Sayg\u0131 duru\u015fu ve \u0130stiklal Mar\u015f\u0131&#8217;n\u0131n ard\u0131ndan sahne alan K\u0131r\u0131kkale \u00dcniversitesi Oda Orkestras\u0131, konuklara sundu\u011fu mini konserle t\u00f6rene anlam katt\u0131. Ard\u0131ndan, mezun \u00f6\u011frenciler sahneye alk\u0131\u015flar e\u015fli\u011finde \u00e7\u0131kt\u0131. &#8220;Bu bir son de\u011fil, g\u00fc\u00e7l\u00fc bir ba\u015flang\u0131\u00e7&#8221; T\u00f6renin a\u00e7\u0131l\u0131\u015f konu\u015fmas\u0131n\u0131 Alanya \u00dcniversitesi Rekt\u00f6r\u00fc Prof. Dr. Turan Sa\u011fer ger\u00e7ekle\u015ftirdi. Konu\u015fmas\u0131nda \u00fcniversitenin 2011 y\u0131l\u0131ndaki kurulu\u015fundan bu yana kat etti\u011fi geli\u015fim s\u00fcrecine dikkat \u00e7eken Sa\u011fer, duygusal s\u00f6zleriyle mezunlara, &#8220;Belki y\u0131llar \u00f6nce \u00fcniversitenin kap\u0131s\u0131ndan i\u00e7eriye att\u0131\u011f\u0131n\u0131z ilk ad\u0131m\u0131 hat\u0131rl\u0131yorsunuzdur. Heyecanla, umutla \u00e7\u0131kt\u0131\u011f\u0131n\u0131z bu yolculu\u011fun sonuna geldiniz. Art\u0131k sadece bilgiyle de\u011fil, \u00f6zg\u00fcvenle ve sorumlulukla donanm\u0131\u015f bireylersiniz. Bu mezuniyet, sadece bir biti\u015f de\u011fil; ayn\u0131 zamanda yeni bir ba\u015flang\u0131\u00e7. Yolunuz a\u00e7\u0131k, inanc\u0131n\u0131z g\u00fc\u00e7l\u00fc olsun. Alanya \u00dcniversitesi ailesi olarak sizinle her zaman gurur duyaca\u011f\u0131z&#8221; ifadelerini kulland\u0131. &#8220;Yedi y\u0131lda 29&#8217;dan 129&#8217;a.\u2026&#8221; Rekt\u00f6r Sa\u011fer &#8216;in ard\u0131ndan k\u00fcrs\u00fcye \u00e7\u0131kan Alanya Belediye Ba\u015fkan\u0131 Osman Tar\u0131k \u00d6z\u00e7elik, t\u00f6rende duygusal bir an\u0131s\u0131n\u0131 payla\u015ft\u0131. \u0130lk mezuniyet t\u00f6reninde ya\u015fad\u0131klar\u0131n\u0131 anlatan \u00d6z\u00e7elik, bug\u00fcn ula\u015f\u0131lan noktan\u0131n \u00fcniversitenin geli\u015fiminin bir g\u00f6stergesi oldu\u011funu \u00d6\u011frencilere gelecek ya\u015famlar\u0131nda ba\u015far\u0131lar dileyen \u00d6z\u00e7elik, &#8220;Bug\u00fcn, 100&#8217;\u00fcn \u00fczerinde \u00f6\u011frencimizi mezun ediyoruz. Oysa ilk mezuniyetimizde sadece 29 \u00f6\u011frencimiz vard\u0131. Bug\u00fcn sahnede bir \u00f6\u011frencimizin y\u00fcr\u00fcy\u00fc\u015f\u00fc s\u0131ras\u0131nda annesinin h\u00fcng\u00fcr h\u00fcng\u00fcr &hellip;<\/p>","protected":false},"author":4,"featured_media":100548,"comment_status":"","ping_status":"open","sticky":false,"template":"","format":"standard","meta":{"_acf_changed":false,"footnotes":""},"categories":[26],"tags":[],"class_list":["post-100546","post","type-post","status-publish","format-standard","has-post-thumbnail","hentry","category-antalya"],"acf":[],"yoast_head":"<!-- This site is optimized with the Yoast SEO Premium plugin v26.6 (Yoast SEO v27.1.1) - https:\/\/yoast.com\/product\/yoast-seo-premium-wordpress\/ -->\n<title>Alanya \u00dcniversitesi&#039;nde mezuniyet - Av. Deniz Can K\u0131z\u0131l<\/title>\n<meta name=\"robots\" content=\"index, follow, max-snippet:-1, max-image-preview:large, max-video-preview:-1\" \/>\n<link rel=\"canonical\" href=\"http:\/\/denizcankizil.tr\/ru\/haberler\/antalya\/alanya-universitesinde-mezuniyet\/\" \/>\n<meta property=\"og:locale\" content=\"ru_RU\" \/>\n<meta property=\"og:type\" content=\"article\" \/>\n<meta property=\"og:title\" content=\"Alanya \u00dcniversitesi&#039;nde mezuniyet\" \/>\n<meta property=\"og:description\" content=\"Alanya \u00dcniversitesi, 2024-2025 akademik y\u0131l\u0131 7. d\u00f6nem mezunlar\u0131n\u0131 g\u00f6rkemli bir t\u00f6renle u\u011furlad\u0131. Hamdullah Emin Pa\u015fa Kamp\u00fcs\u00fc&#8217;nde ger\u00e7ekle\u015fen mezuniyet t\u00f6reni, unutulmaz anlara sahne oldu. Sayg\u0131 duru\u015fu ve \u0130stiklal Mar\u015f\u0131&#8217;n\u0131n ard\u0131ndan sahne alan K\u0131r\u0131kkale \u00dcniversitesi Oda Orkestras\u0131, konuklara sundu\u011fu mini konserle t\u00f6rene anlam katt\u0131. Ard\u0131ndan, mezun \u00f6\u011frenciler sahneye alk\u0131\u015flar e\u015fli\u011finde \u00e7\u0131kt\u0131. &#8220;Bu bir son de\u011fil, g\u00fc\u00e7l\u00fc bir ba\u015flang\u0131\u00e7&#8221; T\u00f6renin a\u00e7\u0131l\u0131\u015f konu\u015fmas\u0131n\u0131 Alanya \u00dcniversitesi Rekt\u00f6r\u00fc Prof. Dr. Turan Sa\u011fer ger\u00e7ekle\u015ftirdi. Konu\u015fmas\u0131nda \u00fcniversitenin 2011 y\u0131l\u0131ndaki kurulu\u015fundan bu yana kat etti\u011fi geli\u015fim s\u00fcrecine dikkat \u00e7eken Sa\u011fer, duygusal s\u00f6zleriyle mezunlara, &#8220;Belki y\u0131llar \u00f6nce \u00fcniversitenin kap\u0131s\u0131ndan i\u00e7eriye att\u0131\u011f\u0131n\u0131z ilk ad\u0131m\u0131 hat\u0131rl\u0131yorsunuzdur. Heyecanla, umutla \u00e7\u0131kt\u0131\u011f\u0131n\u0131z bu yolculu\u011fun sonuna geldiniz. Art\u0131k sadece bilgiyle de\u011fil, \u00f6zg\u00fcvenle ve sorumlulukla donanm\u0131\u015f bireylersiniz. Bu mezuniyet, sadece bir biti\u015f de\u011fil; ayn\u0131 zamanda yeni bir ba\u015flang\u0131\u00e7. Yolunuz a\u00e7\u0131k, inanc\u0131n\u0131z g\u00fc\u00e7l\u00fc olsun. Alanya \u00dcniversitesi ailesi olarak sizinle her zaman gurur duyaca\u011f\u0131z&#8221; ifadelerini kulland\u0131. &#8220;Yedi y\u0131lda 29&#8217;dan 129&#8217;a.\u2026&#8221; Rekt\u00f6r Sa\u011fer &#8216;in ard\u0131ndan k\u00fcrs\u00fcye \u00e7\u0131kan Alanya Belediye Ba\u015fkan\u0131 Osman Tar\u0131k \u00d6z\u00e7elik, t\u00f6rende duygusal bir an\u0131s\u0131n\u0131 payla\u015ft\u0131. \u0130lk mezuniyet t\u00f6reninde ya\u015fad\u0131klar\u0131n\u0131 anlatan \u00d6z\u00e7elik, bug\u00fcn ula\u015f\u0131lan noktan\u0131n \u00fcniversitenin geli\u015fiminin bir g\u00f6stergesi oldu\u011funu \u00d6\u011frencilere gelecek ya\u015famlar\u0131nda ba\u015far\u0131lar dileyen \u00d6z\u00e7elik, &#8220;Bug\u00fcn, 100&#8217;\u00fcn \u00fczerinde \u00f6\u011frencimizi mezun ediyoruz. Oysa ilk mezuniyetimizde sadece 29 \u00f6\u011frencimiz vard\u0131. Bug\u00fcn sahnede bir \u00f6\u011frencimizin y\u00fcr\u00fcy\u00fc\u015f\u00fc s\u0131ras\u0131nda annesinin h\u00fcng\u00fcr h\u00fcng\u00fcr &hellip;\" \/>\n<meta property=\"og:url\" content=\"http:\/\/denizcankizil.tr\/ru\/haberler\/antalya\/alanya-universitesinde-mezuniyet\/\" \/>\n<meta property=\"og:site_name\" content=\"Av. Deniz Can K\u0131z\u0131l\" \/>\n<meta property=\"article:published_time\" content=\"2025-05-29T10:42:21+00:00\" \/>\n<meta property=\"og:image\" content=\"http:\/\/denizcankizil.tr\/wp-content\/uploads\/2025\/05\/6607-01-aSKodA.jpg\" \/>\n\t<meta property=\"og:image:width\" content=\"1280\" \/>\n\t<meta property=\"og:image:height\" content=\"720\" \/>\n\t<meta property=\"og:image:type\" content=\"image\/jpeg\" \/>\n<meta name=\"author\" content=\"Av. Deniz Can K\u0131z\u0131l\" \/>\n<meta name=\"twitter:card\" content=\"summary_large_image\" \/>\n<meta name=\"twitter:label1\" content=\"\u041d\u0430\u043f\u0438\u0441\u0430\u043d\u043e \u0430\u0432\u0442\u043e\u0440\u043e\u043c\" \/>\n\t<meta name=\"twitter:data1\" content=\"Av. Deniz Can K\u0131z\u0131l\" \/>\n\t<meta name=\"twitter:label2\" content=\"\u041f\u0440\u0438\u043c\u0435\u0440\u043d\u043e\u0435 \u0432\u0440\u0435\u043c\u044f \u0434\u043b\u044f \u0447\u0442\u0435\u043d\u0438\u044f\" \/>\n\t<meta name=\"twitter:data2\" content=\"3 \u043c\u0438\u043d\u0443\u0442\u044b\" \/>\n<script type=\"application\/ld+json\" class=\"yoast-schema-graph\">{\"@context\":\"https:\/\/schema.org\",\"@graph\":[{\"@type\":\"Article\",\"@id\":\"http:\/\/denizcankizil.tr\/uk\/haberler\/antalya\/alanya-universitesinde-mezuniyet\/#article\",\"isPartOf\":{\"@id\":\"http:\/\/denizcankizil.tr\/uk\/haberler\/antalya\/alanya-universitesinde-mezuniyet\/\"},\"author\":{\"name\":\"Av. Deniz Can K\u0131z\u0131l\",\"@id\":\"https:\/\/denizcankizil.tr\/de\/#\/schema\/person\/5dc1b22991bd7ac833867c10afc9b0ff\"},\"headline\":\"Alanya \u00dcniversitesi&#8217;nde mezuniyet\",\"datePublished\":\"2025-05-29T10:42:21+00:00\",\"mainEntityOfPage\":{\"@id\":\"http:\/\/denizcankizil.tr\/uk\/haberler\/antalya\/alanya-universitesinde-mezuniyet\/\"},\"wordCount\":658,\"publisher\":{\"@id\":\"https:\/\/denizcankizil.tr\/de\/#organization\"},\"image\":{\"@id\":\"http:\/\/denizcankizil.tr\/uk\/haberler\/antalya\/alanya-universitesinde-mezuniyet\/#primaryimage\"},\"thumbnailUrl\":\"http:\/\/denizcankizil.tr\/wp-content\/uploads\/2025\/05\/6607-01-aSKodA.jpg\",\"articleSection\":[\"Antalya\"],\"inLanguage\":\"ru-RU\"},{\"@type\":\"WebPage\",\"@id\":\"http:\/\/denizcankizil.tr\/uk\/haberler\/antalya\/alanya-universitesinde-mezuniyet\/\",\"url\":\"http:\/\/denizcankizil.tr\/uk\/haberler\/antalya\/alanya-universitesinde-mezuniyet\/\",\"name\":\"Alanya \u00dcniversitesi'nde mezuniyet - Av. Deniz Can K\u0131z\u0131l\",\"isPartOf\":{\"@id\":\"https:\/\/denizcankizil.tr\/de\/#website\"},\"primaryImageOfPage\":{\"@id\":\"http:\/\/denizcankizil.tr\/uk\/haberler\/antalya\/alanya-universitesinde-mezuniyet\/#primaryimage\"},\"image\":{\"@id\":\"http:\/\/denizcankizil.tr\/uk\/haberler\/antalya\/alanya-universitesinde-mezuniyet\/#primaryimage\"},\"thumbnailUrl\":\"http:\/\/denizcankizil.tr\/wp-content\/uploads\/2025\/05\/6607-01-aSKodA.jpg\",\"datePublished\":\"2025-05-29T10:42:21+00:00\",\"breadcrumb\":{\"@id\":\"http:\/\/denizcankizil.tr\/uk\/haberler\/antalya\/alanya-universitesinde-mezuniyet\/#breadcrumb\"},\"inLanguage\":\"ru-RU\",\"potentialAction\":[{\"@type\":\"ReadAction\",\"target\":[\"http:\/\/denizcankizil.tr\/uk\/haberler\/antalya\/alanya-universitesinde-mezuniyet\/\"]}]},{\"@type\":\"ImageObject\",\"inLanguage\":\"ru-RU\",\"@id\":\"http:\/\/denizcankizil.tr\/uk\/haberler\/antalya\/alanya-universitesinde-mezuniyet\/#primaryimage\",\"url\":\"http:\/\/denizcankizil.tr\/wp-content\/uploads\/2025\/05\/6607-01-aSKodA.jpg\",\"contentUrl\":\"http:\/\/denizcankizil.tr\/wp-content\/uploads\/2025\/05\/6607-01-aSKodA.jpg\",\"width\":1280,\"height\":720},{\"@type\":\"BreadcrumbList\",\"@id\":\"http:\/\/denizcankizil.tr\/uk\/haberler\/antalya\/alanya-universitesinde-mezuniyet\/#breadcrumb\",\"itemListElement\":[{\"@type\":\"ListItem\",\"position\":1,\"name\":\"Home\",\"item\":\"https:\/\/denizcankizil.tr\/de\/\"},{\"@type\":\"ListItem\",\"position\":2,\"name\":\"Alanya \u00dcniversitesi&#8217;nde mezuniyet\"}]},{\"@type\":\"WebSite\",\"@id\":\"https:\/\/denizcankizil.tr\/de\/#website\",\"url\":\"https:\/\/denizcankizil.tr\/de\/\",\"name\":\"Av. Deniz Can K\u0131z\u0131l\",\"description\":\"Avukat Deniz Can K\u0131z\u0131l Antalya Barosu\",\"publisher\":{\"@id\":\"https:\/\/denizcankizil.tr\/de\/#organization\"},\"potentialAction\":[{\"@type\":\"SearchAction\",\"target\":{\"@type\":\"EntryPoint\",\"urlTemplate\":\"https:\/\/denizcankizil.tr\/de\/?s={search_term_string}\"},\"query-input\":{\"@type\":\"PropertyValueSpecification\",\"valueRequired\":true,\"valueName\":\"search_term_string\"}}],\"inLanguage\":\"ru-RU\"},{\"@type\":\"Organization\",\"@id\":\"https:\/\/denizcankizil.tr\/de\/#organization\",\"name\":\"Av. Deniz Can K\u0131z\u0131l\",\"url\":\"https:\/\/denizcankizil.tr\/de\/\",\"logo\":{\"@type\":\"ImageObject\",\"inLanguage\":\"ru-RU\",\"@id\":\"https:\/\/denizcankizil.tr\/de\/#\/schema\/logo\/image\/\",\"url\":\"http:\/\/denizcankizil.tr\/wp-content\/uploads\/2024\/10\/siyah-logo-svg.svg\",\"contentUrl\":\"http:\/\/denizcankizil.tr\/wp-content\/uploads\/2024\/10\/siyah-logo-svg.svg\",\"width\":1080,\"height\":1080,\"caption\":\"Av. Deniz Can K\u0131z\u0131l\"},\"image\":{\"@id\":\"https:\/\/denizcankizil.tr\/de\/#\/schema\/logo\/image\/\"}},{\"@type\":\"Person\",\"@id\":\"https:\/\/denizcankizil.tr\/de\/#\/schema\/person\/5dc1b22991bd7ac833867c10afc9b0ff\",\"name\":\"Av. Deniz Can K\u0131z\u0131l\",\"image\":{\"@type\":\"ImageObject\",\"inLanguage\":\"ru-RU\",\"@id\":\"https:\/\/denizcankizil.tr\/de\/#\/schema\/person\/image\/\",\"url\":\"https:\/\/secure.gravatar.com\/avatar\/a0b128fb9855c79efc976d5640eedb31dc35ec297594d6016d2cf7c60e975bb6?s=96&d=mm&r=g\",\"contentUrl\":\"https:\/\/secure.gravatar.com\/avatar\/a0b128fb9855c79efc976d5640eedb31dc35ec297594d6016d2cf7c60e975bb6?s=96&d=mm&r=g\",\"caption\":\"Av. Deniz Can K\u0131z\u0131l\"},\"sameAs\":[\"http:\/\/www.denizcankizil.tr\"],\"url\":\"http:\/\/denizcankizil.tr\/ru\/author\/denizcankizil\/\"}]}<\/script>\n<!-- \/ Yoast SEO Premium plugin. -->","yoast_head_json":{"title":"Alanya \u00dcniversitesi'nde mezuniyet - Av. Deniz Can K\u0131z\u0131l","robots":{"index":"index","follow":"follow","max-snippet":"max-snippet:-1","max-image-preview":"max-image-preview:large","max-video-preview":"max-video-preview:-1"},"canonical":"http:\/\/denizcankizil.tr\/ru\/haberler\/antalya\/alanya-universitesinde-mezuniyet\/","og_locale":"ru_RU","og_type":"article","og_title":"Alanya \u00dcniversitesi'nde mezuniyet","og_description":"Alanya \u00dcniversitesi, 2024-2025 akademik y\u0131l\u0131 7. d\u00f6nem mezunlar\u0131n\u0131 g\u00f6rkemli bir t\u00f6renle u\u011furlad\u0131. Hamdullah Emin Pa\u015fa Kamp\u00fcs\u00fc&#8217;nde ger\u00e7ekle\u015fen mezuniyet t\u00f6reni, unutulmaz anlara sahne oldu. Sayg\u0131 duru\u015fu ve \u0130stiklal Mar\u015f\u0131&#8217;n\u0131n ard\u0131ndan sahne alan K\u0131r\u0131kkale \u00dcniversitesi Oda Orkestras\u0131, konuklara sundu\u011fu mini konserle t\u00f6rene anlam katt\u0131. Ard\u0131ndan, mezun \u00f6\u011frenciler sahneye alk\u0131\u015flar e\u015fli\u011finde \u00e7\u0131kt\u0131. &#8220;Bu bir son de\u011fil, g\u00fc\u00e7l\u00fc bir ba\u015flang\u0131\u00e7&#8221; T\u00f6renin a\u00e7\u0131l\u0131\u015f konu\u015fmas\u0131n\u0131 Alanya \u00dcniversitesi Rekt\u00f6r\u00fc Prof. Dr. Turan Sa\u011fer ger\u00e7ekle\u015ftirdi. Konu\u015fmas\u0131nda \u00fcniversitenin 2011 y\u0131l\u0131ndaki kurulu\u015fundan bu yana kat etti\u011fi geli\u015fim s\u00fcrecine dikkat \u00e7eken Sa\u011fer, duygusal s\u00f6zleriyle mezunlara, &#8220;Belki y\u0131llar \u00f6nce \u00fcniversitenin kap\u0131s\u0131ndan i\u00e7eriye att\u0131\u011f\u0131n\u0131z ilk ad\u0131m\u0131 hat\u0131rl\u0131yorsunuzdur. Heyecanla, umutla \u00e7\u0131kt\u0131\u011f\u0131n\u0131z bu yolculu\u011fun sonuna geldiniz. Art\u0131k sadece bilgiyle de\u011fil, \u00f6zg\u00fcvenle ve sorumlulukla donanm\u0131\u015f bireylersiniz. Bu mezuniyet, sadece bir biti\u015f de\u011fil; ayn\u0131 zamanda yeni bir ba\u015flang\u0131\u00e7. Yolunuz a\u00e7\u0131k, inanc\u0131n\u0131z g\u00fc\u00e7l\u00fc olsun. Alanya \u00dcniversitesi ailesi olarak sizinle her zaman gurur duyaca\u011f\u0131z&#8221; ifadelerini kulland\u0131. &#8220;Yedi y\u0131lda 29&#8217;dan 129&#8217;a.\u2026&#8221; Rekt\u00f6r Sa\u011fer &#8216;in ard\u0131ndan k\u00fcrs\u00fcye \u00e7\u0131kan Alanya Belediye Ba\u015fkan\u0131 Osman Tar\u0131k \u00d6z\u00e7elik, t\u00f6rende duygusal bir an\u0131s\u0131n\u0131 payla\u015ft\u0131. \u0130lk mezuniyet t\u00f6reninde ya\u015fad\u0131klar\u0131n\u0131 anlatan \u00d6z\u00e7elik, bug\u00fcn ula\u015f\u0131lan noktan\u0131n \u00fcniversitenin geli\u015fiminin bir g\u00f6stergesi oldu\u011funu \u00d6\u011frencilere gelecek ya\u015famlar\u0131nda ba\u015far\u0131lar dileyen \u00d6z\u00e7elik, &#8220;Bug\u00fcn, 100&#8217;\u00fcn \u00fczerinde \u00f6\u011frencimizi mezun ediyoruz. Oysa ilk mezuniyetimizde sadece 29 \u00f6\u011frencimiz vard\u0131. Bug\u00fcn sahnede bir \u00f6\u011frencimizin y\u00fcr\u00fcy\u00fc\u015f\u00fc s\u0131ras\u0131nda annesinin h\u00fcng\u00fcr h\u00fcng\u00fcr &hellip;","og_url":"http:\/\/denizcankizil.tr\/ru\/haberler\/antalya\/alanya-universitesinde-mezuniyet\/","og_site_name":"Av. Deniz Can K\u0131z\u0131l","article_published_time":"2025-05-29T10:42:21+00:00","og_image":[{"width":1280,"height":720,"url":"http:\/\/denizcankizil.tr\/wp-content\/uploads\/2025\/05\/6607-01-aSKodA.jpg","type":"image\/jpeg"}],"author":"Av. Deniz Can K\u0131z\u0131l","twitter_card":"summary_large_image","twitter_misc":{"\u041d\u0430\u043f\u0438\u0441\u0430\u043d\u043e \u0430\u0432\u0442\u043e\u0440\u043e\u043c":"Av. Deniz Can K\u0131z\u0131l","\u041f\u0440\u0438\u043c\u0435\u0440\u043d\u043e\u0435 \u0432\u0440\u0435\u043c\u044f \u0434\u043b\u044f \u0447\u0442\u0435\u043d\u0438\u044f":"3 \u043c\u0438\u043d\u0443\u0442\u044b"},"schema":{"@context":"https:\/\/schema.org","@graph":[{"@type":"Article","@id":"http:\/\/denizcankizil.tr\/uk\/haberler\/antalya\/alanya-universitesinde-mezuniyet\/#article","isPartOf":{"@id":"http:\/\/denizcankizil.tr\/uk\/haberler\/antalya\/alanya-universitesinde-mezuniyet\/"},"author":{"name":"Av. Deniz Can K\u0131z\u0131l","@id":"https:\/\/denizcankizil.tr\/de\/#\/schema\/person\/5dc1b22991bd7ac833867c10afc9b0ff"},"headline":"Alanya \u00dcniversitesi&#8217;nde mezuniyet","datePublished":"2025-05-29T10:42:21+00:00","mainEntityOfPage":{"@id":"http:\/\/denizcankizil.tr\/uk\/haberler\/antalya\/alanya-universitesinde-mezuniyet\/"},"wordCount":658,"publisher":{"@id":"https:\/\/denizcankizil.tr\/de\/#organization"},"image":{"@id":"http:\/\/denizcankizil.tr\/uk\/haberler\/antalya\/alanya-universitesinde-mezuniyet\/#primaryimage"},"thumbnailUrl":"http:\/\/denizcankizil.tr\/wp-content\/uploads\/2025\/05\/6607-01-aSKodA.jpg","articleSection":["Antalya"],"inLanguage":"ru-RU"},{"@type":"WebPage","@id":"http:\/\/denizcankizil.tr\/uk\/haberler\/antalya\/alanya-universitesinde-mezuniyet\/","url":"http:\/\/denizcankizil.tr\/uk\/haberler\/antalya\/alanya-universitesinde-mezuniyet\/","name":"Alanya \u00dcniversitesi'nde mezuniyet - Av. Deniz Can K\u0131z\u0131l","isPartOf":{"@id":"https:\/\/denizcankizil.tr\/de\/#website"},"primaryImageOfPage":{"@id":"http:\/\/denizcankizil.tr\/uk\/haberler\/antalya\/alanya-universitesinde-mezuniyet\/#primaryimage"},"image":{"@id":"http:\/\/denizcankizil.tr\/uk\/haberler\/antalya\/alanya-universitesinde-mezuniyet\/#primaryimage"},"thumbnailUrl":"http:\/\/denizcankizil.tr\/wp-content\/uploads\/2025\/05\/6607-01-aSKodA.jpg","datePublished":"2025-05-29T10:42:21+00:00","breadcrumb":{"@id":"http:\/\/denizcankizil.tr\/uk\/haberler\/antalya\/alanya-universitesinde-mezuniyet\/#breadcrumb"},"inLanguage":"ru-RU","potentialAction":[{"@type":"ReadAction","target":["http:\/\/denizcankizil.tr\/uk\/haberler\/antalya\/alanya-universitesinde-mezuniyet\/"]}]},{"@type":"ImageObject","inLanguage":"ru-RU","@id":"http:\/\/denizcankizil.tr\/uk\/haberler\/antalya\/alanya-universitesinde-mezuniyet\/#primaryimage","url":"http:\/\/denizcankizil.tr\/wp-content\/uploads\/2025\/05\/6607-01-aSKodA.jpg","contentUrl":"http:\/\/denizcankizil.tr\/wp-content\/uploads\/2025\/05\/6607-01-aSKodA.jpg","width":1280,"height":720},{"@type":"BreadcrumbList","@id":"http:\/\/denizcankizil.tr\/uk\/haberler\/antalya\/alanya-universitesinde-mezuniyet\/#breadcrumb","itemListElement":[{"@type":"ListItem","position":1,"name":"Home","item":"https:\/\/denizcankizil.tr\/de\/"},{"@type":"ListItem","position":2,"name":"Alanya \u00dcniversitesi&#8217;nde mezuniyet"}]},{"@type":"WebSite","@id":"https:\/\/denizcankizil.tr\/de\/#website","url":"https:\/\/denizcankizil.tr\/de\/","name":"Av. Deniz Can K\u0131z\u0131l","description":"Avukat Deniz Can K\u0131z\u0131l Antalya Barosu","publisher":{"@id":"https:\/\/denizcankizil.tr\/de\/#organization"},"potentialAction":[{"@type":"SearchAction","target":{"@type":"EntryPoint","urlTemplate":"https:\/\/denizcankizil.tr\/de\/?s={search_term_string}"},"query-input":{"@type":"PropertyValueSpecification","valueRequired":true,"valueName":"search_term_string"}}],"inLanguage":"ru-RU"},{"@type":"Organization","@id":"https:\/\/denizcankizil.tr\/de\/#organization","name":"Av. Deniz Can K\u0131z\u0131l","url":"https:\/\/denizcankizil.tr\/de\/","logo":{"@type":"ImageObject","inLanguage":"ru-RU","@id":"https:\/\/denizcankizil.tr\/de\/#\/schema\/logo\/image\/","url":"http:\/\/denizcankizil.tr\/wp-content\/uploads\/2024\/10\/siyah-logo-svg.svg","contentUrl":"http:\/\/denizcankizil.tr\/wp-content\/uploads\/2024\/10\/siyah-logo-svg.svg","width":1080,"height":1080,"caption":"Av. Deniz Can K\u0131z\u0131l"},"image":{"@id":"https:\/\/denizcankizil.tr\/de\/#\/schema\/logo\/image\/"}},{"@type":"Person","@id":"https:\/\/denizcankizil.tr\/de\/#\/schema\/person\/5dc1b22991bd7ac833867c10afc9b0ff","name":"Av. Deniz Can K\u0131z\u0131l","image":{"@type":"ImageObject","inLanguage":"ru-RU","@id":"https:\/\/denizcankizil.tr\/de\/#\/schema\/person\/image\/","url":"https:\/\/secure.gravatar.com\/avatar\/a0b128fb9855c79efc976d5640eedb31dc35ec297594d6016d2cf7c60e975bb6?s=96&d=mm&r=g","contentUrl":"https:\/\/secure.gravatar.com\/avatar\/a0b128fb9855c79efc976d5640eedb31dc35ec297594d6016d2cf7c60e975bb6?s=96&d=mm&r=g","caption":"Av. Deniz Can K\u0131z\u0131l"},"sameAs":["http:\/\/www.denizcankizil.tr"],"url":"http:\/\/denizcankizil.tr\/ru\/author\/denizcankizil\/"}]}},"_links":{"self":[{"href":"http:\/\/denizcankizil.tr\/ru\/wp-json\/wp\/v2\/posts\/100546","targetHints":{"allow":["GET"]}}],"collection":[{"href":"http:\/\/denizcankizil.tr\/ru\/wp-json\/wp\/v2\/posts"}],"about":[{"href":"http:\/\/denizcankizil.tr\/ru\/wp-json\/wp\/v2\/types\/post"}],"author":[{"embeddable":true,"href":"http:\/\/denizcankizil.tr\/ru\/wp-json\/wp\/v2\/users\/4"}],"replies":[{"embeddable":true,"href":"http:\/\/denizcankizil.tr\/ru\/wp-json\/wp\/v2\/comments?post=100546"}],"version-history":[{"count":0,"href":"http:\/\/denizcankizil.tr\/ru\/wp-json\/wp\/v2\/posts\/100546\/revisions"}],"wp:featuredmedia":[{"embeddable":true,"href":"http:\/\/denizcankizil.tr\/ru\/wp-json\/wp\/v2\/media\/100548"}],"wp:attachment":[{"href":"http:\/\/denizcankizil.tr\/ru\/wp-json\/wp\/v2\/media?parent=100546"}],"wp:term":[{"taxonomy":"category","embeddable":true,"href":"http:\/\/denizcankizil.tr\/ru\/wp-json\/wp\/v2\/categories?post=100546"},{"taxonomy":"post_tag","embeddable":true,"href":"http:\/\/denizcankizil.tr\/ru\/wp-json\/wp\/v2\/tags?post=100546"}],"curies":[{"name":"wp","href":"https:\/\/api.w.org\/{rel}","templated":true}]}}