{"id":99897,"date":"2025-05-28T22:42:34","date_gmt":"2025-05-28T19:42:34","guid":{"rendered":"https:\/\/denizcankizil.tr\/uncategorized-tr\/yenisehirde-turizm-hamlesi-avrupadaki-turk-operatorleri-agirlandi\/"},"modified":"2025-05-28T22:42:34","modified_gmt":"2025-05-28T19:42:34","slug":"yenisehirde-turizm-hamlesi-avrupadaki-turk-operatorleri-agirlandi","status":"publish","type":"post","link":"http:\/\/denizcankizil.tr\/en\/haberler\/gundem\/yenisehirde-turizm-hamlesi-avrupadaki-turk-operatorleri-agirlandi\/","title":{"rendered":"Yeni\u015fehir\u2019de turizm hamlesi! Avrupa\u2019daki T\u00fcrk Operat\u00f6rleri a\u011f\u0131rland\u0131"},"content":{"rendered":"<p>Bursa Yeni\u015fehir Belediye Ba\u015fkan\u0131 Ercan \u00d6zel, Avrupa\u2019daki T\u00fcrk Tur Operat\u00f6rlerini il\u00e7ede a\u011f\u0131rlayarak Yeni\u015fehir\u2019in turizm potansiyelini tan\u0131tt\u0131.BURSA (\u0130GFA) &#8211; Bursa Yeni\u015fehir Belediye Ba\u015fkan\u0131 Ercan \u00d6zel, SunExpress Airlines D\u00fcsseldorf, Nordrhein-Westfalen B\u00f6lge M\u00fcd\u00fcr\u00fc Recep Ak\u0131n ve SunExpress Airlines, Kuzey ve Do\u011fu Almanya, \u0130skandinavya ve \u0130ngiltere B\u00f6lge M\u00fcd\u00fcr\u00fc Hakan Ortatepe ile Almanya, Hollanda, Bel\u00e7ika ve Avrupa&#8217;daki T\u00fcrk Tur Operat\u00f6rlerini il\u00e7ede a\u011f\u0131rlad\u0131.<br \/>\nAvrupa\u2019daki T\u00fcrk Tur Operat\u00f6rlerini Yeni\u015fehir\u2019de a\u011f\u0131rlayan Belediye Ba\u015fkan\u0131 Ercan \u00d6zel, \u201cOsmanl\u0131\u2019n\u0131n ilk ba\u015fkenti olan Yeni\u015fehir\u2019in turizme y\u00f6nelik tan\u0131t\u0131m faaliyetlerini s\u00fcrd\u00fcrmeye devam edece\u011fiz. Uluslararas\u0131 Bursa Yeni\u015fehir Havaliman\u0131\u2019n\u0131n daha fazla destinasyon b\u00f6lgesi kazanmas\u0131yla il\u00e7emizde her ge\u00e7en g\u00fcn daha fazla turiste ev sahipli\u011fi yapacak\u201d dedi.<\/p>\n<p>TUR\u0130ZM ROTASI<br \/>\nYeni\u015fehir\u2019in tarihi ve turistik b\u00f6lgelerinden olan Kumluk Camii, \u00c7\u0131narl\u0131 Camii, Balibey Cami, Tarihi Yeni\u015fehir \u00c7ar\u015f\u0131 Hamam\u0131, Saat Kulesi ve Sinanpa\u015fa K\u00fclliyesi\u2019ni gezdiren Ba\u015fkan Ercan \u00d6zel, daha sonra Tur Operat\u00f6rlerine Tarihi Yeni\u015fehir Belediye Binas\u0131\u2019nda il\u00e7enin tarih ve do\u011fa turizmine y\u00f6nelik sunum ger\u00e7ekle\u015ftirdi.<br \/>\nTAR\u0130H\u0130 YA\u015eAYAN \u015eEH\u0130R<br \/>\nYeni\u015fehir\u2019in turizmine y\u00f6nelik, yat\u0131r\u0131mlar\u0131n\u0131 anlatan Ba\u015fkan Ercan \u00d6zel, \u201cOsmanl\u0131\u2019n\u0131n kurdu\u011fu ilk kent Yeni\u015fehir\u2019dir. Bursa ku\u015fat\u0131l\u0131p al\u0131nana kadar Osmanl\u0131\u2019ya 26 y\u0131l ba\u015fkentlik yapm\u0131\u015f \u015fehirdir. Bu nedenle tarihi \u00f6nemi ve de\u011feri \u00e7ok b\u00fcy\u00fckt\u00fcr. Osmanl\u0131\u2019n\u0131n ilk d\u00f6nem mimarisini bu \u015fehirde g\u00f6rmek m\u00fcmk\u00fcn. Sadece gezilip g\u00f6r\u00fclecek de\u011fil, ayn\u0131 zamanda tarihi ya\u015fayan da bir kentiz. Sinanpa\u015fa K\u00fclliyesi bug\u00fcn dahi \u00f6nemli etkinliklere ev sahipli\u011fi yap\u0131yor. Tarihi Yeni\u015fehir \u00c7ar\u015f\u0131 Hamam\u0131, asl\u0131na uygun \u015fekilde i\u015fletiliyor. Osmanl\u0131\u2019n\u0131n kurulu\u015f hutbesinin okundu\u011fu cami bug\u00fcn halen daha camii olarak kullan\u0131l\u0131yor. Yani, Yeni\u015fehir tarihi ya\u015famaya devam ediyor\u201d dedi.<\/p>\n<p>DO\u011eA TUR\u0130ZM\u0130NE Y\u00d6NEL\u0130K ADIMLAR<br \/>\nTurizm de\u011ferlerinin daha \u00f6n plana \u00e7\u0131kaca\u011f\u0131n\u0131 vurgulayan Ba\u015fkan Ercan \u00d6zel, \u201cTarihiyle oldu\u011fu gibi, do\u011fal g\u00fczellikleriyle de \u00f6n plana \u00e7\u0131kan Yeni\u015fehir\u2019de, son d\u00f6nemlerde eko ve agro turizmine odakland\u0131k. Cennet Kanyonu ve Yarhisar \u015eelalesi\u2019ne her y\u0131l binlerce turist geliyor. Biz bu say\u0131y\u0131 daha da artt\u0131rmak istiyoruz\u201d ifadelerini kulland\u0131.<\/p>\n<p>HAVAL\u0130MANINA TAM DESTEK<br \/>\nUluslararas\u0131 Yeni\u015fehir Havaliman\u0131\u2019n\u0131n i\u015flevsellik kazanmas\u0131nda b\u00fcy\u00fck bir paya sahip olan SunExpress\u2019in destinasyon b\u00f6lgelerini art\u0131raca\u011f\u0131na inand\u0131\u011f\u0131n\u0131 ifade eden Ba\u015fkan Ercan \u00d6zel, \u201cYerel y\u00f6netim olarak, bu konuda elimizden gelen deste\u011fi sunduk, sunmaya da devam edece\u011fiz. \u00d6zellikle yurt d\u0131\u015f\u0131ndan gelecek yolcular\u0131n burada zorluk \u00e7ekmemesi i\u00e7in gerekli altyap\u0131 konusunda da yard\u0131mc\u0131 olaca\u011f\u0131z\u201d diye konu\u015ftu.<br \/>\nYEN\u0130\u015eEH\u0130R TUR\u0130ZM ROTASINA G\u0130RMEL\u0130<br \/>\nSunExpress Airlines D\u00fcsseldorf, Nordrhein-Westfalen B\u00f6lge M\u00fcd\u00fcr\u00fc Recep Ak\u0131n da, \u201cBug\u00fcn; Almanya, Hollanda, Bel\u00e7ika ve Avrupa&#8217;daki di\u011fer T\u00fcrk Tur Operat\u00f6rleriyle birlikte Yeni\u015fehir\u2019i tan\u0131ma f\u0131rsat\u0131 bulduk. Bu b\u00f6lgenin muhakkak turizm rotas\u0131na girmesi gerekti\u011fine inan\u0131yoruz. Tur operat\u00f6rlerimiz de buradan olumlu duygu ve d\u00fc\u015f\u00fcncelerle ayr\u0131l\u0131yor. Eminiz ki, Belediye Ba\u015fkan\u0131m\u0131z Say\u0131n Ercan \u00d6zel\u2019in, anlatt\u0131klar\u0131 sayesinde Almanya ba\u015fta olmak \u00fczere, bir\u00e7ok Avrupa \u00fclkesinden buraya ziyaretler ba\u015flayacakt\u0131r\u201d dedi.<br \/>\n\u2018SAKLI KALMI\u015e HAZ\u0130NE G\u0130B\u0130\u2019<br \/>\nSunExpress Airlines, Kuzey ve Do\u011fu Almanya, \u0130skandinavya ve \u0130ngiltere B\u00f6lge M\u00fcd\u00fcr\u00fc Hakan Ortatepe de, Yeni\u015fehir\u2019in sakl\u0131 kalm\u0131\u015f bir hazine oldu\u011fu dile getirerek, \u201cSunExpress olarak Uluslararas\u0131 Bursa Yeni\u015fehir Havaliman\u0131\u2019n\u0131 ve Yeni\u015fehir\u2019in Avrupa\u2019da daha fazla bilinmesini ve buraya daha fazla insan\u0131n gelmesini istiyoruz\u201d diye konu\u015ftu.<\/p>\n<p>\u2018YEN\u0130\u015eEH\u0130R\u2019\u0130 B\u00d6YLE B\u0130LM\u0130YORDUK\u2019<br \/>\nBa\u015fkan Ercan \u00d6zel\u2019in sunumundan ve gezdi\u011fi yerlerden \u00e7ok etkilendi\u011fini dile getiren bir Tur Operat\u00f6r\u00fc, \u201cBiz Yeni\u015fehir\u2019in bu kadar g\u00fczel oldu\u011funu bilmiyorduk. \u00d6nemli bir vizyon yakalam\u0131\u015fs\u0131n\u0131z. Ben m\u00fc\u015fterilerime muhakkak Yeni\u015fehir\u2019in gezilmesi gerekti\u011fini tavsiye edece\u011fim ve tur rotam\u0131za alaca\u011f\u0131m\u201d \u015feklinde konu\u015ftu.<\/p>\n<p>\u200bBursa Yeni\u015fehir Belediye Ba\u015fkan\u0131 Ercan \u00d6zel, Avrupa\u2019daki T\u00fcrk Tur Operat\u00f6rlerini il\u00e7ede a\u011f\u0131rlayarak Yeni\u015fehir\u2019in turizm potansiyelini tan\u0131tt\u0131.BURSA (\u0130GFA) &#8211; Bursa Yeni\u015fehir Belediye Ba\u015fkan\u0131 Ercan \u00d6zel, SunExpress Airlines D\u00fcsseldorf, Nordrhein-Westfalen B\u00f6lge M\u00fcd\u00fcr\u00fc Recep Ak\u0131n ve SunExpress Airlines, Kuzey ve Do\u011fu Almanya, \u0130skandinavya ve \u0130ngiltere B\u00f6lge M\u00fcd\u00fcr\u00fc Hakan Ortatepe ile Almanya, Hollanda, Bel\u00e7ika ve Avrupa&#8217;daki T\u00fcrk Tur Operat\u00f6rlerini il\u00e7ede a\u011f\u0131rlad\u0131.<br \/>\nAvrupa\u2019daki T\u00fcrk Tur Operat\u00f6rlerini Yeni\u015fehir\u2019de a\u011f\u0131rlayan Belediye Ba\u015fkan\u0131 Ercan \u00d6zel, \u201cOsmanl\u0131\u2019n\u0131n ilk ba\u015fkenti olan Yeni\u015fehir\u2019in turizme y\u00f6nelik tan\u0131t\u0131m faaliyetlerini s\u00fcrd\u00fcrmeye devam edece\u011fiz. Uluslararas\u0131 Bursa Yeni\u015fehir Havaliman\u0131\u2019n\u0131n daha fazla destinasyon b\u00f6lgesi kazanmas\u0131yla il\u00e7emizde her ge\u00e7en g\u00fcn daha fazla turiste ev sahipli\u011fi yapacak\u201d dedi.<\/p>\n<p>TUR\u0130ZM ROTASI<br \/>\nYeni\u015fehir\u2019in tarihi ve turistik b\u00f6lgelerinden olan Kumluk Camii, \u00c7\u0131narl\u0131 Camii, Balibey Cami, Tarihi Yeni\u015fehir \u00c7ar\u015f\u0131 Hamam\u0131, Saat Kulesi ve Sinanpa\u015fa K\u00fclliyesi\u2019ni gezdiren Ba\u015fkan Ercan \u00d6zel, daha sonra Tur Operat\u00f6rlerine Tarihi Yeni\u015fehir Belediye Binas\u0131\u2019nda il\u00e7enin tarih ve do\u011fa turizmine y\u00f6nelik sunum ger\u00e7ekle\u015ftirdi.<br \/>\nTAR\u0130H\u0130 YA\u015eAYAN \u015eEH\u0130R<br \/>\nYeni\u015fehir\u2019in turizmine y\u00f6nelik, yat\u0131r\u0131mlar\u0131n\u0131 anlatan Ba\u015fkan Ercan \u00d6zel, \u201cOsmanl\u0131\u2019n\u0131n kurdu\u011fu ilk kent Yeni\u015fehir\u2019dir. Bursa ku\u015fat\u0131l\u0131p al\u0131nana kadar Osmanl\u0131\u2019ya 26 y\u0131l ba\u015fkentlik yapm\u0131\u015f \u015fehirdir. Bu nedenle tarihi \u00f6nemi ve de\u011feri \u00e7ok b\u00fcy\u00fckt\u00fcr. Osmanl\u0131\u2019n\u0131n ilk d\u00f6nem mimarisini bu \u015fehirde g\u00f6rmek m\u00fcmk\u00fcn. Sadece gezilip g\u00f6r\u00fclecek de\u011fil, ayn\u0131 zamanda tarihi ya\u015fayan da bir kentiz. Sinanpa\u015fa K\u00fclliyesi bug\u00fcn dahi \u00f6nemli etkinliklere ev sahipli\u011fi yap\u0131yor. Tarihi Yeni\u015fehir \u00c7ar\u015f\u0131 Hamam\u0131, asl\u0131na uygun \u015fekilde i\u015fletiliyor. Osmanl\u0131\u2019n\u0131n kurulu\u015f hutbesinin okundu\u011fu cami bug\u00fcn halen daha camii olarak kullan\u0131l\u0131yor. Yani, Yeni\u015fehir tarihi ya\u015famaya devam ediyor\u201d dedi.<\/p>\n<p>DO\u011eA TUR\u0130ZM\u0130NE Y\u00d6NEL\u0130K ADIMLAR<br \/>\nTurizm de\u011ferlerinin daha \u00f6n plana \u00e7\u0131kaca\u011f\u0131n\u0131 vurgulayan Ba\u015fkan Ercan \u00d6zel, \u201cTarihiyle oldu\u011fu gibi, do\u011fal g\u00fczellikleriyle de \u00f6n plana \u00e7\u0131kan Yeni\u015fehir\u2019de, son d\u00f6nemlerde eko ve agro turizmine odakland\u0131k. Cennet Kanyonu ve Yarhisar \u015eelalesi\u2019ne her y\u0131l binlerce turist geliyor. Biz bu say\u0131y\u0131 daha da artt\u0131rmak istiyoruz\u201d ifadelerini kulland\u0131.<\/p>\n<p>HAVAL\u0130MANINA TAM DESTEK<br \/>\nUluslararas\u0131 Yeni\u015fehir Havaliman\u0131\u2019n\u0131n i\u015flevsellik kazanmas\u0131nda b\u00fcy\u00fck bir paya sahip olan SunExpress\u2019in destinasyon b\u00f6lgelerini art\u0131raca\u011f\u0131na inand\u0131\u011f\u0131n\u0131 ifade eden Ba\u015fkan Ercan \u00d6zel, \u201cYerel y\u00f6netim olarak, bu konuda elimizden gelen deste\u011fi sunduk, sunmaya da devam edece\u011fiz. \u00d6zellikle yurt d\u0131\u015f\u0131ndan gelecek yolcular\u0131n burada zorluk \u00e7ekmemesi i\u00e7in gerekli altyap\u0131 konusunda da yard\u0131mc\u0131 olaca\u011f\u0131z\u201d diye konu\u015ftu.<br \/>\nYEN\u0130\u015eEH\u0130R TUR\u0130ZM ROTASINA G\u0130RMEL\u0130<br \/>\nSunExpress Airlines D\u00fcsseldorf, Nordrhein-Westfalen B\u00f6lge M\u00fcd\u00fcr\u00fc Recep Ak\u0131n da, \u201cBug\u00fcn; Almanya, Hollanda, Bel\u00e7ika ve Avrupa&#8217;daki di\u011fer T\u00fcrk Tur Operat\u00f6rleriyle birlikte Yeni\u015fehir\u2019i tan\u0131ma f\u0131rsat\u0131 bulduk. Bu b\u00f6lgenin muhakkak turizm rotas\u0131na girmesi gerekti\u011fine inan\u0131yoruz. Tur operat\u00f6rlerimiz de buradan olumlu duygu ve d\u00fc\u015f\u00fcncelerle ayr\u0131l\u0131yor. Eminiz ki, Belediye Ba\u015fkan\u0131m\u0131z Say\u0131n Ercan \u00d6zel\u2019in, anlatt\u0131klar\u0131 sayesinde Almanya ba\u015fta olmak \u00fczere, bir\u00e7ok Avrupa \u00fclkesinden buraya ziyaretler ba\u015flayacakt\u0131r\u201d dedi.<br \/>\n\u2018SAKLI KALMI\u015e HAZ\u0130NE G\u0130B\u0130\u2019<br \/>\nSunExpress Airlines, Kuzey ve Do\u011fu Almanya, \u0130skandinavya ve \u0130ngiltere B\u00f6lge M\u00fcd\u00fcr\u00fc Hakan Ortatepe de, Yeni\u015fehir\u2019in sakl\u0131 kalm\u0131\u015f bir hazine oldu\u011fu dile getirerek, \u201cSunExpress olarak Uluslararas\u0131 Bursa Yeni\u015fehir Havaliman\u0131\u2019n\u0131 ve Yeni\u015fehir\u2019in Avrupa\u2019da daha fazla bilinmesini ve buraya daha fazla insan\u0131n gelmesini istiyoruz\u201d diye konu\u015ftu.<\/p>\n<p>\u2018YEN\u0130\u015eEH\u0130R\u2019\u0130 B\u00d6YLE B\u0130LM\u0130YORDUK\u2019<br \/>\nBa\u015fkan Ercan \u00d6zel\u2019in sunumundan ve gezdi\u011fi yerlerden \u00e7ok etkilendi\u011fini dile getiren bir Tur Operat\u00f6r\u00fc, \u201cBiz Yeni\u015fehir\u2019in bu kadar g\u00fczel oldu\u011funu bilmiyorduk. \u00d6nemli bir vizyon yakalam\u0131\u015fs\u0131n\u0131z. Ben m\u00fc\u015fterilerime muhakkak Yeni\u015fehir\u2019in gezilmesi gerekti\u011fini tavsiye edece\u011fim ve tur rotam\u0131za alaca\u011f\u0131m\u201d \u015feklinde konu\u015ftu.\u00a0<\/p>\n<p>\u200bHaberin Al\u0131nt\u0131land\u0131\u011f\u0131 Kaynak: www.iskenderun.org<\/p>","protected":false},"excerpt":{"rendered":"<p>Bursa Yeni\u015fehir Belediye Ba\u015fkan\u0131 Ercan \u00d6zel, Avrupa\u2019daki T\u00fcrk Tur Operat\u00f6rlerini il\u00e7ede a\u011f\u0131rlayarak Yeni\u015fehir\u2019in turizm potansiyelini tan\u0131tt\u0131.BURSA (\u0130GFA) &#8211; Bursa Yeni\u015fehir Belediye Ba\u015fkan\u0131 Ercan \u00d6zel, SunExpress Airlines D\u00fcsseldorf, Nordrhein-Westfalen B\u00f6lge M\u00fcd\u00fcr\u00fc Recep Ak\u0131n ve SunExpress Airlines, Kuzey ve Do\u011fu Almanya, \u0130skandinavya ve \u0130ngiltere B\u00f6lge M\u00fcd\u00fcr\u00fc Hakan Ortatepe ile Almanya, Hollanda, Bel\u00e7ika ve Avrupa&#8217;daki T\u00fcrk Tur Operat\u00f6rlerini il\u00e7ede a\u011f\u0131rlad\u0131. Avrupa\u2019daki T\u00fcrk Tur Operat\u00f6rlerini Yeni\u015fehir\u2019de a\u011f\u0131rlayan Belediye Ba\u015fkan\u0131 Ercan \u00d6zel, \u201cOsmanl\u0131\u2019n\u0131n ilk ba\u015fkenti olan Yeni\u015fehir\u2019in turizme y\u00f6nelik tan\u0131t\u0131m faaliyetlerini s\u00fcrd\u00fcrmeye devam edece\u011fiz. Uluslararas\u0131 Bursa Yeni\u015fehir Havaliman\u0131\u2019n\u0131n daha fazla destinasyon b\u00f6lgesi kazanmas\u0131yla il\u00e7emizde her ge\u00e7en g\u00fcn daha fazla turiste ev sahipli\u011fi yapacak\u201d dedi. TUR\u0130ZM ROTASI Yeni\u015fehir\u2019in tarihi ve turistik b\u00f6lgelerinden olan Kumluk Camii, \u00c7\u0131narl\u0131 Camii, Balibey Cami, Tarihi Yeni\u015fehir \u00c7ar\u015f\u0131 Hamam\u0131, Saat Kulesi ve Sinanpa\u015fa K\u00fclliyesi\u2019ni gezdiren Ba\u015fkan Ercan \u00d6zel, daha sonra Tur Operat\u00f6rlerine Tarihi Yeni\u015fehir Belediye Binas\u0131\u2019nda il\u00e7enin tarih ve do\u011fa turizmine y\u00f6nelik sunum ger\u00e7ekle\u015ftirdi. TAR\u0130H\u0130 YA\u015eAYAN \u015eEH\u0130R Yeni\u015fehir\u2019in turizmine y\u00f6nelik, yat\u0131r\u0131mlar\u0131n\u0131 anlatan Ba\u015fkan Ercan \u00d6zel, \u201cOsmanl\u0131\u2019n\u0131n kurdu\u011fu ilk kent Yeni\u015fehir\u2019dir. Bursa ku\u015fat\u0131l\u0131p al\u0131nana kadar Osmanl\u0131\u2019ya 26 y\u0131l ba\u015fkentlik yapm\u0131\u015f \u015fehirdir. Bu nedenle tarihi \u00f6nemi ve de\u011feri \u00e7ok b\u00fcy\u00fckt\u00fcr. Osmanl\u0131\u2019n\u0131n ilk d\u00f6nem mimarisini bu \u015fehirde g\u00f6rmek m\u00fcmk\u00fcn. Sadece gezilip g\u00f6r\u00fclecek de\u011fil, ayn\u0131 zamanda tarihi ya\u015fayan da bir kentiz. Sinanpa\u015fa K\u00fclliyesi bug\u00fcn dahi \u00f6nemli &hellip;<\/p>","protected":false},"author":1,"featured_media":0,"comment_status":"","ping_status":"open","sticky":false,"template":"","format":"standard","meta":{"_acf_changed":false,"footnotes":""},"categories":[24],"tags":[],"class_list":["post-99897","post","type-post","status-publish","format-standard","has-post-thumbnail","hentry","category-gundem"],"acf":[],"yoast_head":"<!-- This site is optimized with the Yoast SEO Premium plugin v26.6 (Yoast SEO v27.1.1) - https:\/\/yoast.com\/product\/yoast-seo-premium-wordpress\/ -->\n<title>Yeni\u015fehir\u2019de turizm hamlesi! Avrupa\u2019daki T\u00fcrk Operat\u00f6rleri a\u011f\u0131rland\u0131 - Av. Deniz Can K\u0131z\u0131l<\/title>\n<meta name=\"robots\" content=\"index, follow, max-snippet:-1, max-image-preview:large, max-video-preview:-1\" \/>\n<link rel=\"canonical\" href=\"http:\/\/denizcankizil.tr\/en\/haberler\/gundem\/yenisehirde-turizm-hamlesi-avrupadaki-turk-operatorleri-agirlandi\/\" \/>\n<meta property=\"og:locale\" content=\"en_GB\" \/>\n<meta property=\"og:type\" content=\"article\" \/>\n<meta property=\"og:title\" content=\"Yeni\u015fehir\u2019de turizm hamlesi! Avrupa\u2019daki T\u00fcrk Operat\u00f6rleri a\u011f\u0131rland\u0131\" \/>\n<meta property=\"og:description\" content=\"Bursa Yeni\u015fehir Belediye Ba\u015fkan\u0131 Ercan \u00d6zel, Avrupa\u2019daki T\u00fcrk Tur Operat\u00f6rlerini il\u00e7ede a\u011f\u0131rlayarak Yeni\u015fehir\u2019in turizm potansiyelini tan\u0131tt\u0131.BURSA (\u0130GFA) &#8211; Bursa Yeni\u015fehir Belediye Ba\u015fkan\u0131 Ercan \u00d6zel, SunExpress Airlines D\u00fcsseldorf, Nordrhein-Westfalen B\u00f6lge M\u00fcd\u00fcr\u00fc Recep Ak\u0131n ve SunExpress Airlines, Kuzey ve Do\u011fu Almanya, \u0130skandinavya ve \u0130ngiltere B\u00f6lge M\u00fcd\u00fcr\u00fc Hakan Ortatepe ile Almanya, Hollanda, Bel\u00e7ika ve Avrupa&#8217;daki T\u00fcrk Tur Operat\u00f6rlerini il\u00e7ede a\u011f\u0131rlad\u0131. Avrupa\u2019daki T\u00fcrk Tur Operat\u00f6rlerini Yeni\u015fehir\u2019de a\u011f\u0131rlayan Belediye Ba\u015fkan\u0131 Ercan \u00d6zel, \u201cOsmanl\u0131\u2019n\u0131n ilk ba\u015fkenti olan Yeni\u015fehir\u2019in turizme y\u00f6nelik tan\u0131t\u0131m faaliyetlerini s\u00fcrd\u00fcrmeye devam edece\u011fiz. Uluslararas\u0131 Bursa Yeni\u015fehir Havaliman\u0131\u2019n\u0131n daha fazla destinasyon b\u00f6lgesi kazanmas\u0131yla il\u00e7emizde her ge\u00e7en g\u00fcn daha fazla turiste ev sahipli\u011fi yapacak\u201d dedi. TUR\u0130ZM ROTASI Yeni\u015fehir\u2019in tarihi ve turistik b\u00f6lgelerinden olan Kumluk Camii, \u00c7\u0131narl\u0131 Camii, Balibey Cami, Tarihi Yeni\u015fehir \u00c7ar\u015f\u0131 Hamam\u0131, Saat Kulesi ve Sinanpa\u015fa K\u00fclliyesi\u2019ni gezdiren Ba\u015fkan Ercan \u00d6zel, daha sonra Tur Operat\u00f6rlerine Tarihi Yeni\u015fehir Belediye Binas\u0131\u2019nda il\u00e7enin tarih ve do\u011fa turizmine y\u00f6nelik sunum ger\u00e7ekle\u015ftirdi. TAR\u0130H\u0130 YA\u015eAYAN \u015eEH\u0130R Yeni\u015fehir\u2019in turizmine y\u00f6nelik, yat\u0131r\u0131mlar\u0131n\u0131 anlatan Ba\u015fkan Ercan \u00d6zel, \u201cOsmanl\u0131\u2019n\u0131n kurdu\u011fu ilk kent Yeni\u015fehir\u2019dir. Bursa ku\u015fat\u0131l\u0131p al\u0131nana kadar Osmanl\u0131\u2019ya 26 y\u0131l ba\u015fkentlik yapm\u0131\u015f \u015fehirdir. Bu nedenle tarihi \u00f6nemi ve de\u011feri \u00e7ok b\u00fcy\u00fckt\u00fcr. Osmanl\u0131\u2019n\u0131n ilk d\u00f6nem mimarisini bu \u015fehirde g\u00f6rmek m\u00fcmk\u00fcn. Sadece gezilip g\u00f6r\u00fclecek de\u011fil, ayn\u0131 zamanda tarihi ya\u015fayan da bir kentiz. Sinanpa\u015fa K\u00fclliyesi bug\u00fcn dahi \u00f6nemli &hellip;\" \/>\n<meta property=\"og:url\" content=\"http:\/\/denizcankizil.tr\/en\/haberler\/gundem\/yenisehirde-turizm-hamlesi-avrupadaki-turk-operatorleri-agirlandi\/\" \/>\n<meta property=\"og:site_name\" content=\"Av. Deniz Can K\u0131z\u0131l\" \/>\n<meta property=\"article:published_time\" content=\"2025-05-28T19:42:34+00:00\" \/>\n<meta name=\"author\" content=\"admin\" \/>\n<meta name=\"twitter:card\" content=\"summary_large_image\" \/>\n<meta name=\"twitter:label1\" content=\"Written by\" \/>\n\t<meta name=\"twitter:data1\" content=\"admin\" \/>\n\t<meta name=\"twitter:label2\" content=\"Estimated reading time\" \/>\n\t<meta name=\"twitter:data2\" content=\"7 minutes\" \/>\n<script type=\"application\/ld+json\" class=\"yoast-schema-graph\">{\"@context\":\"https:\/\/schema.org\",\"@graph\":[{\"@type\":\"Article\",\"@id\":\"http:\/\/denizcankizil.tr\/en\/haberler\/gundem\/yenisehirde-turizm-hamlesi-avrupadaki-turk-operatorleri-agirlandi\/#article\",\"isPartOf\":{\"@id\":\"http:\/\/denizcankizil.tr\/en\/haberler\/gundem\/yenisehirde-turizm-hamlesi-avrupadaki-turk-operatorleri-agirlandi\/\"},\"author\":{\"name\":\"admin\",\"@id\":\"https:\/\/denizcankizil.tr\/de\/#\/schema\/person\/be3c05fe6a12686905512445d8185489\"},\"headline\":\"Yeni\u015fehir\u2019de turizm hamlesi! Avrupa\u2019daki T\u00fcrk Operat\u00f6rleri a\u011f\u0131rland\u0131\",\"datePublished\":\"2025-05-28T19:42:34+00:00\",\"mainEntityOfPage\":{\"@id\":\"http:\/\/denizcankizil.tr\/en\/haberler\/gundem\/yenisehirde-turizm-hamlesi-avrupadaki-turk-operatorleri-agirlandi\/\"},\"wordCount\":1481,\"publisher\":{\"@id\":\"https:\/\/denizcankizil.tr\/de\/#organization\"},\"articleSection\":[\"G\u00fcndem\"],\"inLanguage\":\"en-GB\"},{\"@type\":\"WebPage\",\"@id\":\"http:\/\/denizcankizil.tr\/en\/haberler\/gundem\/yenisehirde-turizm-hamlesi-avrupadaki-turk-operatorleri-agirlandi\/\",\"url\":\"http:\/\/denizcankizil.tr\/en\/haberler\/gundem\/yenisehirde-turizm-hamlesi-avrupadaki-turk-operatorleri-agirlandi\/\",\"name\":\"Yeni\u015fehir\u2019de turizm hamlesi! Avrupa\u2019daki T\u00fcrk Operat\u00f6rleri a\u011f\u0131rland\u0131 - Av. Deniz Can K\u0131z\u0131l\",\"isPartOf\":{\"@id\":\"https:\/\/denizcankizil.tr\/de\/#website\"},\"datePublished\":\"2025-05-28T19:42:34+00:00\",\"breadcrumb\":{\"@id\":\"http:\/\/denizcankizil.tr\/en\/haberler\/gundem\/yenisehirde-turizm-hamlesi-avrupadaki-turk-operatorleri-agirlandi\/#breadcrumb\"},\"inLanguage\":\"en-GB\",\"potentialAction\":[{\"@type\":\"ReadAction\",\"target\":[\"http:\/\/denizcankizil.tr\/en\/haberler\/gundem\/yenisehirde-turizm-hamlesi-avrupadaki-turk-operatorleri-agirlandi\/\"]}]},{\"@type\":\"BreadcrumbList\",\"@id\":\"http:\/\/denizcankizil.tr\/en\/haberler\/gundem\/yenisehirde-turizm-hamlesi-avrupadaki-turk-operatorleri-agirlandi\/#breadcrumb\",\"itemListElement\":[{\"@type\":\"ListItem\",\"position\":1,\"name\":\"Home\",\"item\":\"https:\/\/denizcankizil.tr\/de\/\"},{\"@type\":\"ListItem\",\"position\":2,\"name\":\"Yeni\u015fehir\u2019de turizm hamlesi! Avrupa\u2019daki T\u00fcrk Operat\u00f6rleri a\u011f\u0131rland\u0131\"}]},{\"@type\":\"WebSite\",\"@id\":\"https:\/\/denizcankizil.tr\/de\/#website\",\"url\":\"https:\/\/denizcankizil.tr\/de\/\",\"name\":\"Av. Deniz Can K\u0131z\u0131l\",\"description\":\"Avukat Deniz Can K\u0131z\u0131l Antalya Barosu\",\"publisher\":{\"@id\":\"https:\/\/denizcankizil.tr\/de\/#organization\"},\"potentialAction\":[{\"@type\":\"SearchAction\",\"target\":{\"@type\":\"EntryPoint\",\"urlTemplate\":\"https:\/\/denizcankizil.tr\/de\/?s={search_term_string}\"},\"query-input\":{\"@type\":\"PropertyValueSpecification\",\"valueRequired\":true,\"valueName\":\"search_term_string\"}}],\"inLanguage\":\"en-GB\"},{\"@type\":\"Organization\",\"@id\":\"https:\/\/denizcankizil.tr\/de\/#organization\",\"name\":\"Av. Deniz Can K\u0131z\u0131l\",\"url\":\"https:\/\/denizcankizil.tr\/de\/\",\"logo\":{\"@type\":\"ImageObject\",\"inLanguage\":\"en-GB\",\"@id\":\"https:\/\/denizcankizil.tr\/de\/#\/schema\/logo\/image\/\",\"url\":\"http:\/\/denizcankizil.tr\/wp-content\/uploads\/2024\/10\/siyah-logo-svg.svg\",\"contentUrl\":\"http:\/\/denizcankizil.tr\/wp-content\/uploads\/2024\/10\/siyah-logo-svg.svg\",\"width\":1080,\"height\":1080,\"caption\":\"Av. Deniz Can K\u0131z\u0131l\"},\"image\":{\"@id\":\"https:\/\/denizcankizil.tr\/de\/#\/schema\/logo\/image\/\"}},{\"@type\":\"Person\",\"@id\":\"https:\/\/denizcankizil.tr\/de\/#\/schema\/person\/be3c05fe6a12686905512445d8185489\",\"name\":\"admin\",\"image\":{\"@type\":\"ImageObject\",\"inLanguage\":\"en-GB\",\"@id\":\"https:\/\/denizcankizil.tr\/de\/#\/schema\/person\/image\/\",\"url\":\"https:\/\/secure.gravatar.com\/avatar\/c1fce94c830dc79107e174f890d7210541c4a63e8e5d816341794a2151c9d58c?s=96&d=mm&r=g\",\"contentUrl\":\"https:\/\/secure.gravatar.com\/avatar\/c1fce94c830dc79107e174f890d7210541c4a63e8e5d816341794a2151c9d58c?s=96&d=mm&r=g\",\"caption\":\"admin\"},\"sameAs\":[\"http:\/\/denizcankizil.tr\"],\"url\":\"https:\/\/www.iskenderun.org\/yenisehirde-turizm-hamlesi-avrupadaki-turk-operatorleri-agirlandi\"}]}<\/script>\n<!-- \/ Yoast SEO Premium plugin. -->","yoast_head_json":{"title":"Yeni\u015fehir\u2019de turizm hamlesi! Avrupa\u2019daki T\u00fcrk Operat\u00f6rleri a\u011f\u0131rland\u0131 - Av. Deniz Can K\u0131z\u0131l","robots":{"index":"index","follow":"follow","max-snippet":"max-snippet:-1","max-image-preview":"max-image-preview:large","max-video-preview":"max-video-preview:-1"},"canonical":"http:\/\/denizcankizil.tr\/en\/haberler\/gundem\/yenisehirde-turizm-hamlesi-avrupadaki-turk-operatorleri-agirlandi\/","og_locale":"en_GB","og_type":"article","og_title":"Yeni\u015fehir\u2019de turizm hamlesi! Avrupa\u2019daki T\u00fcrk Operat\u00f6rleri a\u011f\u0131rland\u0131","og_description":"Bursa Yeni\u015fehir Belediye Ba\u015fkan\u0131 Ercan \u00d6zel, Avrupa\u2019daki T\u00fcrk Tur Operat\u00f6rlerini il\u00e7ede a\u011f\u0131rlayarak Yeni\u015fehir\u2019in turizm potansiyelini tan\u0131tt\u0131.BURSA (\u0130GFA) &#8211; Bursa Yeni\u015fehir Belediye Ba\u015fkan\u0131 Ercan \u00d6zel, SunExpress Airlines D\u00fcsseldorf, Nordrhein-Westfalen B\u00f6lge M\u00fcd\u00fcr\u00fc Recep Ak\u0131n ve SunExpress Airlines, Kuzey ve Do\u011fu Almanya, \u0130skandinavya ve \u0130ngiltere B\u00f6lge M\u00fcd\u00fcr\u00fc Hakan Ortatepe ile Almanya, Hollanda, Bel\u00e7ika ve Avrupa&#8217;daki T\u00fcrk Tur Operat\u00f6rlerini il\u00e7ede a\u011f\u0131rlad\u0131. Avrupa\u2019daki T\u00fcrk Tur Operat\u00f6rlerini Yeni\u015fehir\u2019de a\u011f\u0131rlayan Belediye Ba\u015fkan\u0131 Ercan \u00d6zel, \u201cOsmanl\u0131\u2019n\u0131n ilk ba\u015fkenti olan Yeni\u015fehir\u2019in turizme y\u00f6nelik tan\u0131t\u0131m faaliyetlerini s\u00fcrd\u00fcrmeye devam edece\u011fiz. Uluslararas\u0131 Bursa Yeni\u015fehir Havaliman\u0131\u2019n\u0131n daha fazla destinasyon b\u00f6lgesi kazanmas\u0131yla il\u00e7emizde her ge\u00e7en g\u00fcn daha fazla turiste ev sahipli\u011fi yapacak\u201d dedi. TUR\u0130ZM ROTASI Yeni\u015fehir\u2019in tarihi ve turistik b\u00f6lgelerinden olan Kumluk Camii, \u00c7\u0131narl\u0131 Camii, Balibey Cami, Tarihi Yeni\u015fehir \u00c7ar\u015f\u0131 Hamam\u0131, Saat Kulesi ve Sinanpa\u015fa K\u00fclliyesi\u2019ni gezdiren Ba\u015fkan Ercan \u00d6zel, daha sonra Tur Operat\u00f6rlerine Tarihi Yeni\u015fehir Belediye Binas\u0131\u2019nda il\u00e7enin tarih ve do\u011fa turizmine y\u00f6nelik sunum ger\u00e7ekle\u015ftirdi. TAR\u0130H\u0130 YA\u015eAYAN \u015eEH\u0130R Yeni\u015fehir\u2019in turizmine y\u00f6nelik, yat\u0131r\u0131mlar\u0131n\u0131 anlatan Ba\u015fkan Ercan \u00d6zel, \u201cOsmanl\u0131\u2019n\u0131n kurdu\u011fu ilk kent Yeni\u015fehir\u2019dir. Bursa ku\u015fat\u0131l\u0131p al\u0131nana kadar Osmanl\u0131\u2019ya 26 y\u0131l ba\u015fkentlik yapm\u0131\u015f \u015fehirdir. Bu nedenle tarihi \u00f6nemi ve de\u011feri \u00e7ok b\u00fcy\u00fckt\u00fcr. Osmanl\u0131\u2019n\u0131n ilk d\u00f6nem mimarisini bu \u015fehirde g\u00f6rmek m\u00fcmk\u00fcn. Sadece gezilip g\u00f6r\u00fclecek de\u011fil, ayn\u0131 zamanda tarihi ya\u015fayan da bir kentiz. Sinanpa\u015fa K\u00fclliyesi bug\u00fcn dahi \u00f6nemli &hellip;","og_url":"http:\/\/denizcankizil.tr\/en\/haberler\/gundem\/yenisehirde-turizm-hamlesi-avrupadaki-turk-operatorleri-agirlandi\/","og_site_name":"Av. Deniz Can K\u0131z\u0131l","article_published_time":"2025-05-28T19:42:34+00:00","author":"admin","twitter_card":"summary_large_image","twitter_misc":{"Written by":"admin","Estimated reading time":"7 minutes"},"schema":{"@context":"https:\/\/schema.org","@graph":[{"@type":"Article","@id":"http:\/\/denizcankizil.tr\/en\/haberler\/gundem\/yenisehirde-turizm-hamlesi-avrupadaki-turk-operatorleri-agirlandi\/#article","isPartOf":{"@id":"http:\/\/denizcankizil.tr\/en\/haberler\/gundem\/yenisehirde-turizm-hamlesi-avrupadaki-turk-operatorleri-agirlandi\/"},"author":{"name":"admin","@id":"https:\/\/denizcankizil.tr\/de\/#\/schema\/person\/be3c05fe6a12686905512445d8185489"},"headline":"Yeni\u015fehir\u2019de turizm hamlesi! Avrupa\u2019daki T\u00fcrk Operat\u00f6rleri a\u011f\u0131rland\u0131","datePublished":"2025-05-28T19:42:34+00:00","mainEntityOfPage":{"@id":"http:\/\/denizcankizil.tr\/en\/haberler\/gundem\/yenisehirde-turizm-hamlesi-avrupadaki-turk-operatorleri-agirlandi\/"},"wordCount":1481,"publisher":{"@id":"https:\/\/denizcankizil.tr\/de\/#organization"},"articleSection":["G\u00fcndem"],"inLanguage":"en-GB"},{"@type":"WebPage","@id":"http:\/\/denizcankizil.tr\/en\/haberler\/gundem\/yenisehirde-turizm-hamlesi-avrupadaki-turk-operatorleri-agirlandi\/","url":"http:\/\/denizcankizil.tr\/en\/haberler\/gundem\/yenisehirde-turizm-hamlesi-avrupadaki-turk-operatorleri-agirlandi\/","name":"Yeni\u015fehir\u2019de turizm hamlesi! Avrupa\u2019daki T\u00fcrk Operat\u00f6rleri a\u011f\u0131rland\u0131 - Av. Deniz Can K\u0131z\u0131l","isPartOf":{"@id":"https:\/\/denizcankizil.tr\/de\/#website"},"datePublished":"2025-05-28T19:42:34+00:00","breadcrumb":{"@id":"http:\/\/denizcankizil.tr\/en\/haberler\/gundem\/yenisehirde-turizm-hamlesi-avrupadaki-turk-operatorleri-agirlandi\/#breadcrumb"},"inLanguage":"en-GB","potentialAction":[{"@type":"ReadAction","target":["http:\/\/denizcankizil.tr\/en\/haberler\/gundem\/yenisehirde-turizm-hamlesi-avrupadaki-turk-operatorleri-agirlandi\/"]}]},{"@type":"BreadcrumbList","@id":"http:\/\/denizcankizil.tr\/en\/haberler\/gundem\/yenisehirde-turizm-hamlesi-avrupadaki-turk-operatorleri-agirlandi\/#breadcrumb","itemListElement":[{"@type":"ListItem","position":1,"name":"Home","item":"https:\/\/denizcankizil.tr\/de\/"},{"@type":"ListItem","position":2,"name":"Yeni\u015fehir\u2019de turizm hamlesi! Avrupa\u2019daki T\u00fcrk Operat\u00f6rleri a\u011f\u0131rland\u0131"}]},{"@type":"WebSite","@id":"https:\/\/denizcankizil.tr\/de\/#website","url":"https:\/\/denizcankizil.tr\/de\/","name":"Av. Deniz Can K\u0131z\u0131l","description":"Avukat Deniz Can K\u0131z\u0131l Antalya Barosu","publisher":{"@id":"https:\/\/denizcankizil.tr\/de\/#organization"},"potentialAction":[{"@type":"SearchAction","target":{"@type":"EntryPoint","urlTemplate":"https:\/\/denizcankizil.tr\/de\/?s={search_term_string}"},"query-input":{"@type":"PropertyValueSpecification","valueRequired":true,"valueName":"search_term_string"}}],"inLanguage":"en-GB"},{"@type":"Organization","@id":"https:\/\/denizcankizil.tr\/de\/#organization","name":"Av. Deniz Can K\u0131z\u0131l","url":"https:\/\/denizcankizil.tr\/de\/","logo":{"@type":"ImageObject","inLanguage":"en-GB","@id":"https:\/\/denizcankizil.tr\/de\/#\/schema\/logo\/image\/","url":"http:\/\/denizcankizil.tr\/wp-content\/uploads\/2024\/10\/siyah-logo-svg.svg","contentUrl":"http:\/\/denizcankizil.tr\/wp-content\/uploads\/2024\/10\/siyah-logo-svg.svg","width":1080,"height":1080,"caption":"Av. Deniz Can K\u0131z\u0131l"},"image":{"@id":"https:\/\/denizcankizil.tr\/de\/#\/schema\/logo\/image\/"}},{"@type":"Person","@id":"https:\/\/denizcankizil.tr\/de\/#\/schema\/person\/be3c05fe6a12686905512445d8185489","name":"admin","image":{"@type":"ImageObject","inLanguage":"en-GB","@id":"https:\/\/denizcankizil.tr\/de\/#\/schema\/person\/image\/","url":"https:\/\/secure.gravatar.com\/avatar\/c1fce94c830dc79107e174f890d7210541c4a63e8e5d816341794a2151c9d58c?s=96&d=mm&r=g","contentUrl":"https:\/\/secure.gravatar.com\/avatar\/c1fce94c830dc79107e174f890d7210541c4a63e8e5d816341794a2151c9d58c?s=96&d=mm&r=g","caption":"admin"},"sameAs":["http:\/\/denizcankizil.tr"],"url":"https:\/\/www.iskenderun.org\/yenisehirde-turizm-hamlesi-avrupadaki-turk-operatorleri-agirlandi"}]}},"_links":{"self":[{"href":"http:\/\/denizcankizil.tr\/en\/wp-json\/wp\/v2\/posts\/99897","targetHints":{"allow":["GET"]}}],"collection":[{"href":"http:\/\/denizcankizil.tr\/en\/wp-json\/wp\/v2\/posts"}],"about":[{"href":"http:\/\/denizcankizil.tr\/en\/wp-json\/wp\/v2\/types\/post"}],"author":[{"embeddable":true,"href":"http:\/\/denizcankizil.tr\/en\/wp-json\/wp\/v2\/users\/1"}],"replies":[{"embeddable":true,"href":"http:\/\/denizcankizil.tr\/en\/wp-json\/wp\/v2\/comments?post=99897"}],"version-history":[{"count":0,"href":"http:\/\/denizcankizil.tr\/en\/wp-json\/wp\/v2\/posts\/99897\/revisions"}],"wp:attachment":[{"href":"http:\/\/denizcankizil.tr\/en\/wp-json\/wp\/v2\/media?parent=99897"}],"wp:term":[{"taxonomy":"category","embeddable":true,"href":"http:\/\/denizcankizil.tr\/en\/wp-json\/wp\/v2\/categories?post=99897"},{"taxonomy":"post_tag","embeddable":true,"href":"http:\/\/denizcankizil.tr\/en\/wp-json\/wp\/v2\/tags?post=99897"}],"curies":[{"name":"wp","href":"https:\/\/api.w.org\/{rel}","templated":true}]}}