{"id":99522,"date":"2025-05-28T13:42:27","date_gmt":"2025-05-28T10:42:27","guid":{"rendered":"https:\/\/denizcankizil.tr\/uncategorized-tr\/bursa-business-school-turkiyenin-kongre-merkezi-olacak\/"},"modified":"2025-05-28T13:42:27","modified_gmt":"2025-05-28T10:42:27","slug":"bursa-business-school-turkiyenin-kongre-merkezi-olacak","status":"publish","type":"post","link":"http:\/\/denizcankizil.tr\/en\/haberler\/gundem\/bursa-business-school-turkiyenin-kongre-merkezi-olacak\/","title":{"rendered":"Bursa Business School T\u00fcrkiye\u2019nin Kongre Merkezi olacak"},"content":{"rendered":"<p>BTSO May\u0131s Meclis Toplant\u0131s\u0131\u2019nda Ba\u015fkan Burkay, Bursa Business School\u2019un sekt\u00f6r konseylerinin katk\u0131lar\u0131yla k\u0131sa s\u00fcrede \u00f6nemli bir kongre destinasyonuna d\u00f6n\u00fc\u015ft\u00fc\u011f\u00fcn\u00fc s\u00f6yledi.BURSA (\u0130GFA) &#8211; Bursa Ticaret ve Sanayi Odas\u0131 (BTSO) May\u0131s Ay\u0131 Meclis Toplant\u0131s\u0131 Oda Hizmet Binas\u0131\u2019nda ger\u00e7ekle\u015ftirildi. BTSO Y\u00f6netim Kurulu Ba\u015fkan\u0131 \u0130brahim Burkay, i\u015f d\u00fcnyas\u0131n\u0131n \u00f6n\u00fcnde en az hasarla atlat\u0131lmas\u0131 gereken kritik bir s\u00fcre\u00e7 oldu\u011funu s\u00f6yledi.<br \/>\nK\u00fcresel ekonomideki zorlu ve belirsiz ortam\u0131n bu s\u00fcreci uzatt\u0131\u011f\u0131n\u0131 s\u00f6yleyen \u0130brahim Burkay, \u201cGe\u00e7mi\u015fte krizlerle, bu tip d\u00f6nemlerle \u00e7ok m\u00fccadele ettik ancak pandemi sonras\u0131 ciddi anlamda uzayan bu d\u00f6nem giri\u015fimcileri ve firmalar\u0131 \u00e7ok yordu.\u201d dedi.<br \/>\nBURSA \u0130\u015e D\u00dcNYASINDAN 3 KR\u0130T\u0130K TALEP<br \/>\nBa\u015fkan Burkay, k\u00fcresel ekonomideki belirsizliklerin i\u015f d\u00fcnyas\u0131n\u0131 zorlad\u0131\u011f\u0131n\u0131 vurgulayarak, pandemi sonras\u0131 uzayan bu s\u00fcrecin giri\u015fimcileri yordu\u011funu ifade etti. BTSO olarak ekonomi y\u00f6netimiyle s\u0131k\u0131 bir diyalog i\u00e7inde olduklar\u0131n\u0131 belirten Burkay, son bir ayda 10 kez bakanlarla bir araya geldiklerini ve i\u015f d\u00fcnyas\u0131n\u0131n taleplerini ilettiklerini s\u00f6yledi.<br \/>\nBurkay, &#8221;\u0130\u015f d\u00fcnyam\u0131z\u0131n talep ve beklentilerini payla\u015ft\u0131k. Hazine ve Maliye Bakanl\u0131\u011f\u0131m\u0131z taraf\u0131ndan a\u00e7\u0131klanan 30 milyar TL\u2019lik KGF destekli kredi paketi \u00f6nemli ancak limitin art\u0131r\u0131lmas\u0131 i\u015f d\u00fcnyam\u0131za nefes ald\u0131racakt\u0131r. Bununla birlikte y\u00fcksek faiz ortam\u0131nda i\u015fletmelerimiz katma de\u011fer \u00fcretemiyor. Bu konuda ekonomi y\u00f6netiminin ciddi \u00e7al\u0131\u015fmalar\u0131 oldu\u011funu biliyoruz. \u0130mkanlara g\u00f6re \u00f6nceliklendirme yap\u0131larak firmalar\u0131 rahatlatacak destek paketlerinin hayata ge\u00e7mesini bekliyoruz.<br \/>\nBir di\u011fer beklentimiz k\u0131sa \u00e7al\u0131\u015fma \u00f6dene\u011finin bu d\u00f6nemde yine devreye girmesi. \u00dc\u00e7\u00fcnc\u00fc olarak da reeskont kredi maliyetlerinin a\u015fa\u011f\u0131 \u00e7ekilmesini bekliyoruz. Komitelerimizin ve konseylerimizin \u00e7al\u0131\u015fmalar\u0131n tamam\u0131n\u0131 kamu ile payla\u015f\u0131yoruz. Bunlar\u0131n \u00f6zellikle b\u00fct\u00e7eye dayal\u0131 olmayan k\u0131s\u0131mlar\u0131n\u0131n h\u0131zl\u0131 bir \u015fekilde \u00e7\u00f6z\u00fcme kavu\u015fturma noktas\u0131nda ciddi bir irade oldu\u011funu g\u00f6r\u00fcyoruz. \u00d6n\u00fcm\u00fczde en az hasarla atlatmam\u0131z gereken zor bir s\u00fcre\u00e7 var. Bu s\u00fcre\u00e7te 57 bin \u00fcyemizle \u00e7ok s\u0131k\u0131 temas halinde olmaya devam edece\u011fiz.\u201d diye konu\u015ftu.<\/p>\n<p>BURSA BUS\u0130NESS SCHOOL T\u00dcRK\u0130YE\u2019N\u0130N KONGRE MERKEZ\u0130 OLACAK<br \/>\nBTSO\u2019nun vizyon projelerinden Bursa Business School\u2019un h\u0131zl\u0131 bir y\u00fckseli\u015f g\u00f6sterdi\u011fini kaydeden Burkay, Nisan ay\u0131nda d\u00fczenlenen Enerji Zirvesi, Diren\u00e7li Kentler Zirvesi ve 2. Uluda\u011f \u00c7evre Forumu\u2019nun b\u00fcy\u00fck ba\u015far\u0131 elde etti\u011fini belirtti.<br \/>\n\u00c7evre, \u015eehircilik ve \u0130klim De\u011fi\u015fikli\u011fi Bakan\u0131 Murat Kurum\u2019un kat\u0131l\u0131m\u0131yla ger\u00e7ekle\u015fen \u00c7evre Forumu\u2019nda 550 ki\u015filik salonun tamamen doldu\u011funu ifade eden Burkay, \u201cBursa\u2019n\u0131n b\u00f6yle bir merkeze ihtiyac\u0131 varm\u0131\u015f, bunu g\u00f6rd\u00fck. Sekt\u00f6r konseylerimiz, kendi alanlar\u0131nda T\u00fcrkiye\u2019nin en b\u00fcy\u00fck sivil toplum kurulu\u015fu haline gelecek\u201d dedi.<br \/>\nULUDA\u011e\u2019IN MAKUS KADER\u0130 DE\u011e\u0130\u015eECEK<br \/>\nBTSO\u2019nun ortaya koydu\u011fu projelerin rol model oldu\u011funu ifade eden Ba\u015fkan Burkay, \u201cGUHEM ilk anlatt\u0131\u011f\u0131m\u0131zda \u00e7ok anla\u015f\u0131lamad\u0131 ama bug\u00fcn gelinen noktada Avrupa\u2019n\u0131n en \u00f6nemli uzay havac\u0131l\u0131k temal\u0131 e\u011fitim merkezi haline geldi. Azerbaycan, Orta Do\u011fu, T\u00fcrk Cumhuriyetleri d\u00fcnyan\u0131n d\u00f6rt bir yan\u0131ndan \u00f6\u011frenciler GUHEM\u2019i gezmek i\u00e7in Bursa\u2019ya geliyor. Bu meclis \u00fcyelerimizin deste\u011fi ile oluyor.<br \/>\nBu projeyi biz hep birlikte in\u015fa ettik. Yine Uluda\u011f\u2019da Bursa Business School projesini hep birlikte hayata ge\u00e7irdik. Net \u015fekilde ifade ediyorum, Bursa Business School 3 y\u0131l i\u00e7inde T\u00fcrkiye\u2019nin kongre merkezi olacak. Uluda\u011f\u2019da oteller b\u00f6lgesi var ancak 2-3 ay a\u00e7\u0131k kalabiliyor.<br \/>\nUluda\u011f, kar ve kaya\u011fa mahkum olmayacak. Bursa Business School ile Uluda\u011f\u2019\u0131n i\u015f modelini de\u011fi\u015ftirerek b\u00f6lgeye b\u00fcy\u00fck bir de\u011fer kataca\u011f\u0131z\u201d dedi.<\/p>\n<p>GELECE\u011e\u0130 \u015eEK\u0130LLEND\u0130REN PROJELER<br \/>\nBTSO\u2019nun d\u00f6n\u00fc\u015ft\u00fcr\u00fcc\u00fc g\u00fcc\u00fcne vurgu yapan Ba\u015fkan Burkay, TEKNOSAB, BUTEKOM, Bursa Model Fabrika gibi projelerin de bu vizyonun bir \u00fcr\u00fcn\u00fc oldu\u011funu s\u00f6yledi. BTSO meclisi \u00e7at\u0131s\u0131 alt\u0131nda sekt\u00f6rlerinin en g\u00fc\u00e7l\u00fc oyuncular\u0131n\u0131n yer ald\u0131\u011f\u0131n\u0131 ifade eden Burkay, \u201cBizim \u00fcretti\u011fimiz projeler T\u00fcrkiye ekonomisini de d\u00f6n\u00fc\u015ft\u00fcrecek potansiyelde. En \u00f6nemli \u00f6nceliklerimiz temsil etti\u011fimiz alanlarda gelece\u011fi \u015fekillendirecek projeleri bir bir hayata ge\u00e7irmek. BTSO olarak b\u00fct\u00fcn \u00e7al\u0131\u015fma prensibimiz bunun \u00fczerine kurulu.\u201d diye konu\u015ftu.<\/p>\n<p>\u200bBTSO May\u0131s Meclis Toplant\u0131s\u0131\u2019nda Ba\u015fkan Burkay, Bursa Business School\u2019un sekt\u00f6r konseylerinin katk\u0131lar\u0131yla k\u0131sa s\u00fcrede \u00f6nemli bir kongre destinasyonuna d\u00f6n\u00fc\u015ft\u00fc\u011f\u00fcn\u00fc s\u00f6yledi.BURSA (\u0130GFA) &#8211; Bursa Ticaret ve Sanayi Odas\u0131 (BTSO) May\u0131s Ay\u0131 Meclis Toplant\u0131s\u0131 Oda Hizmet Binas\u0131\u2019nda ger\u00e7ekle\u015ftirildi. BTSO Y\u00f6netim Kurulu Ba\u015fkan\u0131 \u0130brahim Burkay, i\u015f d\u00fcnyas\u0131n\u0131n \u00f6n\u00fcnde en az hasarla atlat\u0131lmas\u0131 gereken kritik bir s\u00fcre\u00e7 oldu\u011funu s\u00f6yledi.<br \/>\nK\u00fcresel ekonomideki zorlu ve belirsiz ortam\u0131n bu s\u00fcreci uzatt\u0131\u011f\u0131n\u0131 s\u00f6yleyen \u0130brahim Burkay, \u201cGe\u00e7mi\u015fte krizlerle, bu tip d\u00f6nemlerle \u00e7ok m\u00fccadele ettik ancak pandemi sonras\u0131 ciddi anlamda uzayan bu d\u00f6nem giri\u015fimcileri ve firmalar\u0131 \u00e7ok yordu.\u201d dedi.<br \/>\nBURSA \u0130\u015e D\u00dcNYASINDAN 3 KR\u0130T\u0130K TALEP<br \/>\nBa\u015fkan Burkay, k\u00fcresel ekonomideki belirsizliklerin i\u015f d\u00fcnyas\u0131n\u0131 zorlad\u0131\u011f\u0131n\u0131 vurgulayarak, pandemi sonras\u0131 uzayan bu s\u00fcrecin giri\u015fimcileri yordu\u011funu ifade etti. BTSO olarak ekonomi y\u00f6netimiyle s\u0131k\u0131 bir diyalog i\u00e7inde olduklar\u0131n\u0131 belirten Burkay, son bir ayda 10 kez bakanlarla bir araya geldiklerini ve i\u015f d\u00fcnyas\u0131n\u0131n taleplerini ilettiklerini s\u00f6yledi.<br \/>\nBurkay, &#8221;\u0130\u015f d\u00fcnyam\u0131z\u0131n talep ve beklentilerini payla\u015ft\u0131k. Hazine ve Maliye Bakanl\u0131\u011f\u0131m\u0131z taraf\u0131ndan a\u00e7\u0131klanan 30 milyar TL\u2019lik KGF destekli kredi paketi \u00f6nemli ancak limitin art\u0131r\u0131lmas\u0131 i\u015f d\u00fcnyam\u0131za nefes ald\u0131racakt\u0131r. Bununla birlikte y\u00fcksek faiz ortam\u0131nda i\u015fletmelerimiz katma de\u011fer \u00fcretemiyor. Bu konuda ekonomi y\u00f6netiminin ciddi \u00e7al\u0131\u015fmalar\u0131 oldu\u011funu biliyoruz. \u0130mkanlara g\u00f6re \u00f6nceliklendirme yap\u0131larak firmalar\u0131 rahatlatacak destek paketlerinin hayata ge\u00e7mesini bekliyoruz.<br \/>\nBir di\u011fer beklentimiz k\u0131sa \u00e7al\u0131\u015fma \u00f6dene\u011finin bu d\u00f6nemde yine devreye girmesi. \u00dc\u00e7\u00fcnc\u00fc olarak da reeskont kredi maliyetlerinin a\u015fa\u011f\u0131 \u00e7ekilmesini bekliyoruz. Komitelerimizin ve konseylerimizin \u00e7al\u0131\u015fmalar\u0131n tamam\u0131n\u0131 kamu ile payla\u015f\u0131yoruz. Bunlar\u0131n \u00f6zellikle b\u00fct\u00e7eye dayal\u0131 olmayan k\u0131s\u0131mlar\u0131n\u0131n h\u0131zl\u0131 bir \u015fekilde \u00e7\u00f6z\u00fcme kavu\u015fturma noktas\u0131nda ciddi bir irade oldu\u011funu g\u00f6r\u00fcyoruz. \u00d6n\u00fcm\u00fczde en az hasarla atlatmam\u0131z gereken zor bir s\u00fcre\u00e7 var. Bu s\u00fcre\u00e7te 57 bin \u00fcyemizle \u00e7ok s\u0131k\u0131 temas halinde olmaya devam edece\u011fiz.\u201d diye konu\u015ftu.<\/p>\n<p>BURSA BUS\u0130NESS SCHOOL T\u00dcRK\u0130YE\u2019N\u0130N KONGRE MERKEZ\u0130 OLACAK<br \/>\nBTSO\u2019nun vizyon projelerinden Bursa Business School\u2019un h\u0131zl\u0131 bir y\u00fckseli\u015f g\u00f6sterdi\u011fini kaydeden Burkay, Nisan ay\u0131nda d\u00fczenlenen Enerji Zirvesi, Diren\u00e7li Kentler Zirvesi ve 2. Uluda\u011f \u00c7evre Forumu\u2019nun b\u00fcy\u00fck ba\u015far\u0131 elde etti\u011fini belirtti.<br \/>\n\u00c7evre, \u015eehircilik ve \u0130klim De\u011fi\u015fikli\u011fi Bakan\u0131 Murat Kurum\u2019un kat\u0131l\u0131m\u0131yla ger\u00e7ekle\u015fen \u00c7evre Forumu\u2019nda 550 ki\u015filik salonun tamamen doldu\u011funu ifade eden Burkay, \u201cBursa\u2019n\u0131n b\u00f6yle bir merkeze ihtiyac\u0131 varm\u0131\u015f, bunu g\u00f6rd\u00fck. Sekt\u00f6r konseylerimiz, kendi alanlar\u0131nda T\u00fcrkiye\u2019nin en b\u00fcy\u00fck sivil toplum kurulu\u015fu haline gelecek\u201d dedi.<br \/>\nULUDA\u011e\u2019IN MAKUS KADER\u0130 DE\u011e\u0130\u015eECEK<br \/>\nBTSO\u2019nun ortaya koydu\u011fu projelerin rol model oldu\u011funu ifade eden Ba\u015fkan Burkay, \u201cGUHEM ilk anlatt\u0131\u011f\u0131m\u0131zda \u00e7ok anla\u015f\u0131lamad\u0131 ama bug\u00fcn gelinen noktada Avrupa\u2019n\u0131n en \u00f6nemli uzay havac\u0131l\u0131k temal\u0131 e\u011fitim merkezi haline geldi. Azerbaycan, Orta Do\u011fu, T\u00fcrk Cumhuriyetleri d\u00fcnyan\u0131n d\u00f6rt bir yan\u0131ndan \u00f6\u011frenciler GUHEM\u2019i gezmek i\u00e7in Bursa\u2019ya geliyor. Bu meclis \u00fcyelerimizin deste\u011fi ile oluyor.<br \/>\nBu projeyi biz hep birlikte in\u015fa ettik. Yine Uluda\u011f\u2019da Bursa Business School projesini hep birlikte hayata ge\u00e7irdik. Net \u015fekilde ifade ediyorum, Bursa Business School 3 y\u0131l i\u00e7inde T\u00fcrkiye\u2019nin kongre merkezi olacak. Uluda\u011f\u2019da oteller b\u00f6lgesi var ancak 2-3 ay a\u00e7\u0131k kalabiliyor.<br \/>\nUluda\u011f, kar ve kaya\u011fa mahkum olmayacak. Bursa Business School ile Uluda\u011f\u2019\u0131n i\u015f modelini de\u011fi\u015ftirerek b\u00f6lgeye b\u00fcy\u00fck bir de\u011fer kataca\u011f\u0131z\u201d dedi.<\/p>\n<p>GELECE\u011e\u0130 \u015eEK\u0130LLEND\u0130REN PROJELER<br \/>\nBTSO\u2019nun d\u00f6n\u00fc\u015ft\u00fcr\u00fcc\u00fc g\u00fcc\u00fcne vurgu yapan Ba\u015fkan Burkay, TEKNOSAB, BUTEKOM, Bursa Model Fabrika gibi projelerin de bu vizyonun bir \u00fcr\u00fcn\u00fc oldu\u011funu s\u00f6yledi. BTSO meclisi \u00e7at\u0131s\u0131 alt\u0131nda sekt\u00f6rlerinin en g\u00fc\u00e7l\u00fc oyuncular\u0131n\u0131n yer ald\u0131\u011f\u0131n\u0131 ifade eden Burkay, \u201cBizim \u00fcretti\u011fimiz projeler T\u00fcrkiye ekonomisini de d\u00f6n\u00fc\u015ft\u00fcrecek potansiyelde. En \u00f6nemli \u00f6nceliklerimiz temsil etti\u011fimiz alanlarda gelece\u011fi \u015fekillendirecek projeleri bir bir hayata ge\u00e7irmek. BTSO olarak b\u00fct\u00fcn \u00e7al\u0131\u015fma prensibimiz bunun \u00fczerine kurulu.\u201d diye konu\u015ftu.\u00a0<\/p>\n<p>\u200bHaberin Al\u0131nt\u0131land\u0131\u011f\u0131 Kaynak: www.iskenderun.org<\/p>","protected":false},"excerpt":{"rendered":"<p>BTSO May\u0131s Meclis Toplant\u0131s\u0131\u2019nda Ba\u015fkan Burkay, Bursa Business School\u2019un sekt\u00f6r konseylerinin katk\u0131lar\u0131yla k\u0131sa s\u00fcrede \u00f6nemli bir kongre destinasyonuna d\u00f6n\u00fc\u015ft\u00fc\u011f\u00fcn\u00fc s\u00f6yledi.BURSA (\u0130GFA) &#8211; Bursa Ticaret ve Sanayi Odas\u0131 (BTSO) May\u0131s Ay\u0131 Meclis Toplant\u0131s\u0131 Oda Hizmet Binas\u0131\u2019nda ger\u00e7ekle\u015ftirildi. BTSO Y\u00f6netim Kurulu Ba\u015fkan\u0131 \u0130brahim Burkay, i\u015f d\u00fcnyas\u0131n\u0131n \u00f6n\u00fcnde en az hasarla atlat\u0131lmas\u0131 gereken kritik bir s\u00fcre\u00e7 oldu\u011funu s\u00f6yledi. K\u00fcresel ekonomideki zorlu ve belirsiz ortam\u0131n bu s\u00fcreci uzatt\u0131\u011f\u0131n\u0131 s\u00f6yleyen \u0130brahim Burkay, \u201cGe\u00e7mi\u015fte krizlerle, bu tip d\u00f6nemlerle \u00e7ok m\u00fccadele ettik ancak pandemi sonras\u0131 ciddi anlamda uzayan bu d\u00f6nem giri\u015fimcileri ve firmalar\u0131 \u00e7ok yordu.\u201d dedi. BURSA \u0130\u015e D\u00dcNYASINDAN 3 KR\u0130T\u0130K TALEP Ba\u015fkan Burkay, k\u00fcresel ekonomideki belirsizliklerin i\u015f d\u00fcnyas\u0131n\u0131 zorlad\u0131\u011f\u0131n\u0131 vurgulayarak, pandemi sonras\u0131 uzayan bu s\u00fcrecin giri\u015fimcileri yordu\u011funu ifade etti. BTSO olarak ekonomi y\u00f6netimiyle s\u0131k\u0131 bir diyalog i\u00e7inde olduklar\u0131n\u0131 belirten Burkay, son bir ayda 10 kez bakanlarla bir araya geldiklerini ve i\u015f d\u00fcnyas\u0131n\u0131n taleplerini ilettiklerini s\u00f6yledi. Burkay, &#8221;\u0130\u015f d\u00fcnyam\u0131z\u0131n talep ve beklentilerini payla\u015ft\u0131k. Hazine ve Maliye Bakanl\u0131\u011f\u0131m\u0131z taraf\u0131ndan a\u00e7\u0131klanan 30 milyar TL\u2019lik KGF destekli kredi paketi \u00f6nemli ancak limitin art\u0131r\u0131lmas\u0131 i\u015f d\u00fcnyam\u0131za nefes ald\u0131racakt\u0131r. Bununla birlikte y\u00fcksek faiz ortam\u0131nda i\u015fletmelerimiz katma de\u011fer \u00fcretemiyor. Bu konuda ekonomi y\u00f6netiminin ciddi \u00e7al\u0131\u015fmalar\u0131 oldu\u011funu biliyoruz. \u0130mkanlara g\u00f6re \u00f6nceliklendirme yap\u0131larak firmalar\u0131 rahatlatacak destek paketlerinin hayata ge\u00e7mesini bekliyoruz. Bir di\u011fer beklentimiz k\u0131sa \u00e7al\u0131\u015fma &hellip;<\/p>","protected":false},"author":1,"featured_media":0,"comment_status":"","ping_status":"open","sticky":false,"template":"","format":"standard","meta":{"_acf_changed":false,"footnotes":""},"categories":[24],"tags":[],"class_list":["post-99522","post","type-post","status-publish","format-standard","has-post-thumbnail","hentry","category-gundem"],"acf":[],"yoast_head":"<!-- This site is optimized with the Yoast SEO Premium plugin v26.6 (Yoast SEO v27.1.1) - https:\/\/yoast.com\/product\/yoast-seo-premium-wordpress\/ -->\n<title>Bursa Business School T\u00fcrkiye\u2019nin Kongre Merkezi olacak - Av. Deniz Can K\u0131z\u0131l<\/title>\n<meta name=\"robots\" content=\"index, follow, max-snippet:-1, max-image-preview:large, max-video-preview:-1\" \/>\n<link rel=\"canonical\" href=\"https:\/\/denizcankizil.tr\/en\/haberler\/gundem\/bursa-business-school-turkiyenin-kongre-merkezi-olacak\/\" \/>\n<meta property=\"og:locale\" content=\"en_GB\" \/>\n<meta property=\"og:type\" content=\"article\" \/>\n<meta property=\"og:title\" content=\"Bursa Business School T\u00fcrkiye\u2019nin Kongre Merkezi olacak\" \/>\n<meta property=\"og:description\" content=\"BTSO May\u0131s Meclis Toplant\u0131s\u0131\u2019nda Ba\u015fkan Burkay, Bursa Business School\u2019un sekt\u00f6r konseylerinin katk\u0131lar\u0131yla k\u0131sa s\u00fcrede \u00f6nemli bir kongre destinasyonuna d\u00f6n\u00fc\u015ft\u00fc\u011f\u00fcn\u00fc s\u00f6yledi.BURSA (\u0130GFA) &#8211; Bursa Ticaret ve Sanayi Odas\u0131 (BTSO) May\u0131s Ay\u0131 Meclis Toplant\u0131s\u0131 Oda Hizmet Binas\u0131\u2019nda ger\u00e7ekle\u015ftirildi. BTSO Y\u00f6netim Kurulu Ba\u015fkan\u0131 \u0130brahim Burkay, i\u015f d\u00fcnyas\u0131n\u0131n \u00f6n\u00fcnde en az hasarla atlat\u0131lmas\u0131 gereken kritik bir s\u00fcre\u00e7 oldu\u011funu s\u00f6yledi. K\u00fcresel ekonomideki zorlu ve belirsiz ortam\u0131n bu s\u00fcreci uzatt\u0131\u011f\u0131n\u0131 s\u00f6yleyen \u0130brahim Burkay, \u201cGe\u00e7mi\u015fte krizlerle, bu tip d\u00f6nemlerle \u00e7ok m\u00fccadele ettik ancak pandemi sonras\u0131 ciddi anlamda uzayan bu d\u00f6nem giri\u015fimcileri ve firmalar\u0131 \u00e7ok yordu.\u201d dedi. BURSA \u0130\u015e D\u00dcNYASINDAN 3 KR\u0130T\u0130K TALEP Ba\u015fkan Burkay, k\u00fcresel ekonomideki belirsizliklerin i\u015f d\u00fcnyas\u0131n\u0131 zorlad\u0131\u011f\u0131n\u0131 vurgulayarak, pandemi sonras\u0131 uzayan bu s\u00fcrecin giri\u015fimcileri yordu\u011funu ifade etti. BTSO olarak ekonomi y\u00f6netimiyle s\u0131k\u0131 bir diyalog i\u00e7inde olduklar\u0131n\u0131 belirten Burkay, son bir ayda 10 kez bakanlarla bir araya geldiklerini ve i\u015f d\u00fcnyas\u0131n\u0131n taleplerini ilettiklerini s\u00f6yledi. Burkay, &#8221;\u0130\u015f d\u00fcnyam\u0131z\u0131n talep ve beklentilerini payla\u015ft\u0131k. Hazine ve Maliye Bakanl\u0131\u011f\u0131m\u0131z taraf\u0131ndan a\u00e7\u0131klanan 30 milyar TL\u2019lik KGF destekli kredi paketi \u00f6nemli ancak limitin art\u0131r\u0131lmas\u0131 i\u015f d\u00fcnyam\u0131za nefes ald\u0131racakt\u0131r. Bununla birlikte y\u00fcksek faiz ortam\u0131nda i\u015fletmelerimiz katma de\u011fer \u00fcretemiyor. Bu konuda ekonomi y\u00f6netiminin ciddi \u00e7al\u0131\u015fmalar\u0131 oldu\u011funu biliyoruz. \u0130mkanlara g\u00f6re \u00f6nceliklendirme yap\u0131larak firmalar\u0131 rahatlatacak destek paketlerinin hayata ge\u00e7mesini bekliyoruz. Bir di\u011fer beklentimiz k\u0131sa \u00e7al\u0131\u015fma &hellip;\" \/>\n<meta property=\"og:url\" content=\"https:\/\/denizcankizil.tr\/en\/haberler\/gundem\/bursa-business-school-turkiyenin-kongre-merkezi-olacak\/\" \/>\n<meta property=\"og:site_name\" content=\"Av. Deniz Can K\u0131z\u0131l\" \/>\n<meta property=\"article:published_time\" content=\"2025-05-28T10:42:27+00:00\" \/>\n<meta name=\"author\" content=\"admin\" \/>\n<meta name=\"twitter:card\" content=\"summary_large_image\" \/>\n<meta name=\"twitter:label1\" content=\"Written by\" \/>\n\t<meta name=\"twitter:data1\" content=\"admin\" \/>\n\t<meta name=\"twitter:label2\" content=\"Estimated reading time\" \/>\n\t<meta name=\"twitter:data2\" content=\"8 minutes\" \/>\n<script type=\"application\/ld+json\" class=\"yoast-schema-graph\">{\"@context\":\"https:\/\/schema.org\",\"@graph\":[{\"@type\":\"Article\",\"@id\":\"https:\/\/denizcankizil.tr\/ru\/haberler\/gundem\/bursa-business-school-turkiyenin-kongre-merkezi-olacak\/#article\",\"isPartOf\":{\"@id\":\"https:\/\/denizcankizil.tr\/ru\/haberler\/gundem\/bursa-business-school-turkiyenin-kongre-merkezi-olacak\/\"},\"author\":{\"name\":\"admin\",\"@id\":\"https:\/\/denizcankizil.tr\/de\/#\/schema\/person\/be3c05fe6a12686905512445d8185489\"},\"headline\":\"Bursa Business School T\u00fcrkiye\u2019nin Kongre Merkezi olacak\",\"datePublished\":\"2025-05-28T10:42:27+00:00\",\"mainEntityOfPage\":{\"@id\":\"https:\/\/denizcankizil.tr\/ru\/haberler\/gundem\/bursa-business-school-turkiyenin-kongre-merkezi-olacak\/\"},\"wordCount\":1525,\"publisher\":{\"@id\":\"https:\/\/denizcankizil.tr\/de\/#organization\"},\"articleSection\":[\"G\u00fcndem\"],\"inLanguage\":\"en-GB\"},{\"@type\":\"WebPage\",\"@id\":\"https:\/\/denizcankizil.tr\/ru\/haberler\/gundem\/bursa-business-school-turkiyenin-kongre-merkezi-olacak\/\",\"url\":\"https:\/\/denizcankizil.tr\/ru\/haberler\/gundem\/bursa-business-school-turkiyenin-kongre-merkezi-olacak\/\",\"name\":\"Bursa Business School T\u00fcrkiye\u2019nin Kongre Merkezi olacak - Av. Deniz Can K\u0131z\u0131l\",\"isPartOf\":{\"@id\":\"https:\/\/denizcankizil.tr\/de\/#website\"},\"datePublished\":\"2025-05-28T10:42:27+00:00\",\"breadcrumb\":{\"@id\":\"https:\/\/denizcankizil.tr\/ru\/haberler\/gundem\/bursa-business-school-turkiyenin-kongre-merkezi-olacak\/#breadcrumb\"},\"inLanguage\":\"en-GB\",\"potentialAction\":[{\"@type\":\"ReadAction\",\"target\":[\"https:\/\/denizcankizil.tr\/ru\/haberler\/gundem\/bursa-business-school-turkiyenin-kongre-merkezi-olacak\/\"]}]},{\"@type\":\"BreadcrumbList\",\"@id\":\"https:\/\/denizcankizil.tr\/ru\/haberler\/gundem\/bursa-business-school-turkiyenin-kongre-merkezi-olacak\/#breadcrumb\",\"itemListElement\":[{\"@type\":\"ListItem\",\"position\":1,\"name\":\"Home\",\"item\":\"https:\/\/denizcankizil.tr\/de\/\"},{\"@type\":\"ListItem\",\"position\":2,\"name\":\"Bursa Business School T\u00fcrkiye\u2019nin Kongre Merkezi olacak\"}]},{\"@type\":\"WebSite\",\"@id\":\"https:\/\/denizcankizil.tr\/de\/#website\",\"url\":\"https:\/\/denizcankizil.tr\/de\/\",\"name\":\"Av. Deniz Can K\u0131z\u0131l\",\"description\":\"Avukat Deniz Can K\u0131z\u0131l Antalya Barosu\",\"publisher\":{\"@id\":\"https:\/\/denizcankizil.tr\/de\/#organization\"},\"potentialAction\":[{\"@type\":\"SearchAction\",\"target\":{\"@type\":\"EntryPoint\",\"urlTemplate\":\"https:\/\/denizcankizil.tr\/de\/?s={search_term_string}\"},\"query-input\":{\"@type\":\"PropertyValueSpecification\",\"valueRequired\":true,\"valueName\":\"search_term_string\"}}],\"inLanguage\":\"en-GB\"},{\"@type\":\"Organization\",\"@id\":\"https:\/\/denizcankizil.tr\/de\/#organization\",\"name\":\"Av. Deniz Can K\u0131z\u0131l\",\"url\":\"https:\/\/denizcankizil.tr\/de\/\",\"logo\":{\"@type\":\"ImageObject\",\"inLanguage\":\"en-GB\",\"@id\":\"https:\/\/denizcankizil.tr\/de\/#\/schema\/logo\/image\/\",\"url\":\"http:\/\/denizcankizil.tr\/wp-content\/uploads\/2024\/10\/siyah-logo-svg.svg\",\"contentUrl\":\"http:\/\/denizcankizil.tr\/wp-content\/uploads\/2024\/10\/siyah-logo-svg.svg\",\"width\":1080,\"height\":1080,\"caption\":\"Av. Deniz Can K\u0131z\u0131l\"},\"image\":{\"@id\":\"https:\/\/denizcankizil.tr\/de\/#\/schema\/logo\/image\/\"}},{\"@type\":\"Person\",\"@id\":\"https:\/\/denizcankizil.tr\/de\/#\/schema\/person\/be3c05fe6a12686905512445d8185489\",\"name\":\"admin\",\"image\":{\"@type\":\"ImageObject\",\"inLanguage\":\"en-GB\",\"@id\":\"https:\/\/denizcankizil.tr\/de\/#\/schema\/person\/image\/\",\"url\":\"https:\/\/secure.gravatar.com\/avatar\/c1fce94c830dc79107e174f890d7210541c4a63e8e5d816341794a2151c9d58c?s=96&d=mm&r=g\",\"contentUrl\":\"https:\/\/secure.gravatar.com\/avatar\/c1fce94c830dc79107e174f890d7210541c4a63e8e5d816341794a2151c9d58c?s=96&d=mm&r=g\",\"caption\":\"admin\"},\"sameAs\":[\"http:\/\/denizcankizil.tr\"],\"url\":\"https:\/\/www.iskenderun.org\/bursa-business-school-turkiyenin-kongre-merkezi-olacak\"}]}<\/script>\n<!-- \/ Yoast SEO Premium plugin. -->","yoast_head_json":{"title":"Bursa Business School T\u00fcrkiye\u2019nin Kongre Merkezi olacak - Av. Deniz Can K\u0131z\u0131l","robots":{"index":"index","follow":"follow","max-snippet":"max-snippet:-1","max-image-preview":"max-image-preview:large","max-video-preview":"max-video-preview:-1"},"canonical":"https:\/\/denizcankizil.tr\/en\/haberler\/gundem\/bursa-business-school-turkiyenin-kongre-merkezi-olacak\/","og_locale":"en_GB","og_type":"article","og_title":"Bursa Business School T\u00fcrkiye\u2019nin Kongre Merkezi olacak","og_description":"BTSO May\u0131s Meclis Toplant\u0131s\u0131\u2019nda Ba\u015fkan Burkay, Bursa Business School\u2019un sekt\u00f6r konseylerinin katk\u0131lar\u0131yla k\u0131sa s\u00fcrede \u00f6nemli bir kongre destinasyonuna d\u00f6n\u00fc\u015ft\u00fc\u011f\u00fcn\u00fc s\u00f6yledi.BURSA (\u0130GFA) &#8211; Bursa Ticaret ve Sanayi Odas\u0131 (BTSO) May\u0131s Ay\u0131 Meclis Toplant\u0131s\u0131 Oda Hizmet Binas\u0131\u2019nda ger\u00e7ekle\u015ftirildi. BTSO Y\u00f6netim Kurulu Ba\u015fkan\u0131 \u0130brahim Burkay, i\u015f d\u00fcnyas\u0131n\u0131n \u00f6n\u00fcnde en az hasarla atlat\u0131lmas\u0131 gereken kritik bir s\u00fcre\u00e7 oldu\u011funu s\u00f6yledi. K\u00fcresel ekonomideki zorlu ve belirsiz ortam\u0131n bu s\u00fcreci uzatt\u0131\u011f\u0131n\u0131 s\u00f6yleyen \u0130brahim Burkay, \u201cGe\u00e7mi\u015fte krizlerle, bu tip d\u00f6nemlerle \u00e7ok m\u00fccadele ettik ancak pandemi sonras\u0131 ciddi anlamda uzayan bu d\u00f6nem giri\u015fimcileri ve firmalar\u0131 \u00e7ok yordu.\u201d dedi. BURSA \u0130\u015e D\u00dcNYASINDAN 3 KR\u0130T\u0130K TALEP Ba\u015fkan Burkay, k\u00fcresel ekonomideki belirsizliklerin i\u015f d\u00fcnyas\u0131n\u0131 zorlad\u0131\u011f\u0131n\u0131 vurgulayarak, pandemi sonras\u0131 uzayan bu s\u00fcrecin giri\u015fimcileri yordu\u011funu ifade etti. BTSO olarak ekonomi y\u00f6netimiyle s\u0131k\u0131 bir diyalog i\u00e7inde olduklar\u0131n\u0131 belirten Burkay, son bir ayda 10 kez bakanlarla bir araya geldiklerini ve i\u015f d\u00fcnyas\u0131n\u0131n taleplerini ilettiklerini s\u00f6yledi. Burkay, &#8221;\u0130\u015f d\u00fcnyam\u0131z\u0131n talep ve beklentilerini payla\u015ft\u0131k. Hazine ve Maliye Bakanl\u0131\u011f\u0131m\u0131z taraf\u0131ndan a\u00e7\u0131klanan 30 milyar TL\u2019lik KGF destekli kredi paketi \u00f6nemli ancak limitin art\u0131r\u0131lmas\u0131 i\u015f d\u00fcnyam\u0131za nefes ald\u0131racakt\u0131r. Bununla birlikte y\u00fcksek faiz ortam\u0131nda i\u015fletmelerimiz katma de\u011fer \u00fcretemiyor. Bu konuda ekonomi y\u00f6netiminin ciddi \u00e7al\u0131\u015fmalar\u0131 oldu\u011funu biliyoruz. \u0130mkanlara g\u00f6re \u00f6nceliklendirme yap\u0131larak firmalar\u0131 rahatlatacak destek paketlerinin hayata ge\u00e7mesini bekliyoruz. Bir di\u011fer beklentimiz k\u0131sa \u00e7al\u0131\u015fma &hellip;","og_url":"https:\/\/denizcankizil.tr\/en\/haberler\/gundem\/bursa-business-school-turkiyenin-kongre-merkezi-olacak\/","og_site_name":"Av. Deniz Can K\u0131z\u0131l","article_published_time":"2025-05-28T10:42:27+00:00","author":"admin","twitter_card":"summary_large_image","twitter_misc":{"Written by":"admin","Estimated reading time":"8 minutes"},"schema":{"@context":"https:\/\/schema.org","@graph":[{"@type":"Article","@id":"https:\/\/denizcankizil.tr\/ru\/haberler\/gundem\/bursa-business-school-turkiyenin-kongre-merkezi-olacak\/#article","isPartOf":{"@id":"https:\/\/denizcankizil.tr\/ru\/haberler\/gundem\/bursa-business-school-turkiyenin-kongre-merkezi-olacak\/"},"author":{"name":"admin","@id":"https:\/\/denizcankizil.tr\/de\/#\/schema\/person\/be3c05fe6a12686905512445d8185489"},"headline":"Bursa Business School T\u00fcrkiye\u2019nin Kongre Merkezi olacak","datePublished":"2025-05-28T10:42:27+00:00","mainEntityOfPage":{"@id":"https:\/\/denizcankizil.tr\/ru\/haberler\/gundem\/bursa-business-school-turkiyenin-kongre-merkezi-olacak\/"},"wordCount":1525,"publisher":{"@id":"https:\/\/denizcankizil.tr\/de\/#organization"},"articleSection":["G\u00fcndem"],"inLanguage":"en-GB"},{"@type":"WebPage","@id":"https:\/\/denizcankizil.tr\/ru\/haberler\/gundem\/bursa-business-school-turkiyenin-kongre-merkezi-olacak\/","url":"https:\/\/denizcankizil.tr\/ru\/haberler\/gundem\/bursa-business-school-turkiyenin-kongre-merkezi-olacak\/","name":"Bursa Business School T\u00fcrkiye\u2019nin Kongre Merkezi olacak - Av. Deniz Can K\u0131z\u0131l","isPartOf":{"@id":"https:\/\/denizcankizil.tr\/de\/#website"},"datePublished":"2025-05-28T10:42:27+00:00","breadcrumb":{"@id":"https:\/\/denizcankizil.tr\/ru\/haberler\/gundem\/bursa-business-school-turkiyenin-kongre-merkezi-olacak\/#breadcrumb"},"inLanguage":"en-GB","potentialAction":[{"@type":"ReadAction","target":["https:\/\/denizcankizil.tr\/ru\/haberler\/gundem\/bursa-business-school-turkiyenin-kongre-merkezi-olacak\/"]}]},{"@type":"BreadcrumbList","@id":"https:\/\/denizcankizil.tr\/ru\/haberler\/gundem\/bursa-business-school-turkiyenin-kongre-merkezi-olacak\/#breadcrumb","itemListElement":[{"@type":"ListItem","position":1,"name":"Home","item":"https:\/\/denizcankizil.tr\/de\/"},{"@type":"ListItem","position":2,"name":"Bursa Business School T\u00fcrkiye\u2019nin Kongre Merkezi olacak"}]},{"@type":"WebSite","@id":"https:\/\/denizcankizil.tr\/de\/#website","url":"https:\/\/denizcankizil.tr\/de\/","name":"Av. Deniz Can K\u0131z\u0131l","description":"Avukat Deniz Can K\u0131z\u0131l Antalya Barosu","publisher":{"@id":"https:\/\/denizcankizil.tr\/de\/#organization"},"potentialAction":[{"@type":"SearchAction","target":{"@type":"EntryPoint","urlTemplate":"https:\/\/denizcankizil.tr\/de\/?s={search_term_string}"},"query-input":{"@type":"PropertyValueSpecification","valueRequired":true,"valueName":"search_term_string"}}],"inLanguage":"en-GB"},{"@type":"Organization","@id":"https:\/\/denizcankizil.tr\/de\/#organization","name":"Av. Deniz Can K\u0131z\u0131l","url":"https:\/\/denizcankizil.tr\/de\/","logo":{"@type":"ImageObject","inLanguage":"en-GB","@id":"https:\/\/denizcankizil.tr\/de\/#\/schema\/logo\/image\/","url":"http:\/\/denizcankizil.tr\/wp-content\/uploads\/2024\/10\/siyah-logo-svg.svg","contentUrl":"http:\/\/denizcankizil.tr\/wp-content\/uploads\/2024\/10\/siyah-logo-svg.svg","width":1080,"height":1080,"caption":"Av. Deniz Can K\u0131z\u0131l"},"image":{"@id":"https:\/\/denizcankizil.tr\/de\/#\/schema\/logo\/image\/"}},{"@type":"Person","@id":"https:\/\/denizcankizil.tr\/de\/#\/schema\/person\/be3c05fe6a12686905512445d8185489","name":"admin","image":{"@type":"ImageObject","inLanguage":"en-GB","@id":"https:\/\/denizcankizil.tr\/de\/#\/schema\/person\/image\/","url":"https:\/\/secure.gravatar.com\/avatar\/c1fce94c830dc79107e174f890d7210541c4a63e8e5d816341794a2151c9d58c?s=96&d=mm&r=g","contentUrl":"https:\/\/secure.gravatar.com\/avatar\/c1fce94c830dc79107e174f890d7210541c4a63e8e5d816341794a2151c9d58c?s=96&d=mm&r=g","caption":"admin"},"sameAs":["http:\/\/denizcankizil.tr"],"url":"https:\/\/www.iskenderun.org\/bursa-business-school-turkiyenin-kongre-merkezi-olacak"}]}},"_links":{"self":[{"href":"http:\/\/denizcankizil.tr\/en\/wp-json\/wp\/v2\/posts\/99522","targetHints":{"allow":["GET"]}}],"collection":[{"href":"http:\/\/denizcankizil.tr\/en\/wp-json\/wp\/v2\/posts"}],"about":[{"href":"http:\/\/denizcankizil.tr\/en\/wp-json\/wp\/v2\/types\/post"}],"author":[{"embeddable":true,"href":"http:\/\/denizcankizil.tr\/en\/wp-json\/wp\/v2\/users\/1"}],"replies":[{"embeddable":true,"href":"http:\/\/denizcankizil.tr\/en\/wp-json\/wp\/v2\/comments?post=99522"}],"version-history":[{"count":0,"href":"http:\/\/denizcankizil.tr\/en\/wp-json\/wp\/v2\/posts\/99522\/revisions"}],"wp:attachment":[{"href":"http:\/\/denizcankizil.tr\/en\/wp-json\/wp\/v2\/media?parent=99522"}],"wp:term":[{"taxonomy":"category","embeddable":true,"href":"http:\/\/denizcankizil.tr\/en\/wp-json\/wp\/v2\/categories?post=99522"},{"taxonomy":"post_tag","embeddable":true,"href":"http:\/\/denizcankizil.tr\/en\/wp-json\/wp\/v2\/tags?post=99522"}],"curies":[{"name":"wp","href":"https:\/\/api.w.org\/{rel}","templated":true}]}}