{"id":98091,"date":"2025-05-27T06:42:20","date_gmt":"2025-05-27T03:42:20","guid":{"rendered":"https:\/\/denizcankizil.tr\/uncategorized-tr\/ilhan-sesene-veda-toreni\/"},"modified":"2025-05-27T06:42:20","modified_gmt":"2025-05-27T03:42:20","slug":"ilhan-sesene-veda-toreni","status":"publish","type":"post","link":"http:\/\/denizcankizil.tr\/en\/haberler\/gundem\/ilhan-sesene-veda-toreni\/","title":{"rendered":"\u0130lhan \u015ee\u015fen\u2019e Veda T\u00f6reni"},"content":{"rendered":"<p>T\u00fcrk m\u00fczi\u011finin de\u011ferli ismi \u0130lhan \u015ee\u015fen hayat\u0131n\u0131 kaybetti. Usta sanat\u00e7\u0131 i\u00e7in Kad\u0131k\u00f6y Belediyesi Caddebostan K\u00fclt\u00fcr Merkezi (CKM)\u2019nde 27 May\u0131s Sal\u0131 g\u00fcn\u00fc saat 11.00\u2019de anma t\u00f6reni d\u00fczenlenecek.<\/p>\n<p>\u200bT\u00fcrk m\u00fczi\u011finin de\u011ferli ismi \u0130lhan \u015ee\u015fen hayat\u0131n\u0131 kaybetti. Usta sanat\u00e7\u0131 i\u00e7in Kad\u0131k\u00f6y Belediyesi Caddebostan K\u00fclt\u00fcr Merkezi (CKM)\u2019nde 27 May\u0131s Sal\u0131 g\u00fcn\u00fc saat 11.00\u2019de anma t\u00f6reni d\u00fczenlenecek.\u00a0<\/p>\n<p>\u200bHaberin Al\u0131nt\u0131land\u0131\u011f\u0131 Kaynak: www.iskenderun.org<\/p>","protected":false},"excerpt":{"rendered":"<p>T\u00fcrk m\u00fczi\u011finin de\u011ferli ismi \u0130lhan \u015ee\u015fen hayat\u0131n\u0131 kaybetti. Usta sanat\u00e7\u0131 i\u00e7in Kad\u0131k\u00f6y Belediyesi Caddebostan K\u00fclt\u00fcr Merkezi (CKM)\u2019nde 27 May\u0131s Sal\u0131 g\u00fcn\u00fc saat 11.00\u2019de anma t\u00f6reni d\u00fczenlenecek. \u200bT\u00fcrk m\u00fczi\u011finin de\u011ferli ismi \u0130lhan \u015ee\u015fen hayat\u0131n\u0131 kaybetti. Usta sanat\u00e7\u0131 i\u00e7in Kad\u0131k\u00f6y Belediyesi Caddebostan K\u00fclt\u00fcr Merkezi (CKM)\u2019nde 27 May\u0131s Sal\u0131 g\u00fcn\u00fc saat 11.00\u2019de anma t\u00f6reni d\u00fczenlenecek.\u00a0 \u200bHaberin Al\u0131nt\u0131land\u0131\u011f\u0131 Kaynak: www.iskenderun.org<\/p>","protected":false},"author":1,"featured_media":0,"comment_status":"","ping_status":"open","sticky":false,"template":"","format":"standard","meta":{"_acf_changed":false,"footnotes":""},"categories":[24],"tags":[],"class_list":["post-98091","post","type-post","status-publish","format-standard","has-post-thumbnail","hentry","category-gundem"],"acf":[],"yoast_head":"<!-- This site is optimized with the Yoast SEO Premium plugin v26.6 (Yoast SEO v27.1.1) - https:\/\/yoast.com\/product\/yoast-seo-premium-wordpress\/ -->\n<title>\u0130lhan \u015ee\u015fen\u2019e Veda T\u00f6reni - Av. Deniz Can K\u0131z\u0131l<\/title>\n<meta name=\"robots\" content=\"index, follow, max-snippet:-1, max-image-preview:large, max-video-preview:-1\" \/>\n<link rel=\"canonical\" href=\"http:\/\/denizcankizil.tr\/en\/haberler\/gundem\/ilhan-sesene-veda-toreni\/\" \/>\n<meta property=\"og:locale\" content=\"en_GB\" \/>\n<meta property=\"og:type\" content=\"article\" \/>\n<meta property=\"og:title\" content=\"\u0130lhan \u015ee\u015fen\u2019e Veda T\u00f6reni\" \/>\n<meta property=\"og:description\" content=\"T\u00fcrk m\u00fczi\u011finin de\u011ferli ismi \u0130lhan \u015ee\u015fen hayat\u0131n\u0131 kaybetti. Usta sanat\u00e7\u0131 i\u00e7in Kad\u0131k\u00f6y Belediyesi Caddebostan K\u00fclt\u00fcr Merkezi (CKM)\u2019nde 27 May\u0131s Sal\u0131 g\u00fcn\u00fc saat 11.00\u2019de anma t\u00f6reni d\u00fczenlenecek. \u200bT\u00fcrk m\u00fczi\u011finin de\u011ferli ismi \u0130lhan \u015ee\u015fen hayat\u0131n\u0131 kaybetti. Usta sanat\u00e7\u0131 i\u00e7in Kad\u0131k\u00f6y Belediyesi Caddebostan K\u00fclt\u00fcr Merkezi (CKM)\u2019nde 27 May\u0131s Sal\u0131 g\u00fcn\u00fc saat 11.00\u2019de anma t\u00f6reni d\u00fczenlenecek.\u00a0 \u200bHaberin Al\u0131nt\u0131land\u0131\u011f\u0131 Kaynak: www.iskenderun.org\" \/>\n<meta property=\"og:url\" content=\"http:\/\/denizcankizil.tr\/en\/haberler\/gundem\/ilhan-sesene-veda-toreni\/\" \/>\n<meta property=\"og:site_name\" content=\"Av. Deniz Can K\u0131z\u0131l\" \/>\n<meta property=\"article:published_time\" content=\"2025-05-27T03:42:20+00:00\" \/>\n<meta name=\"author\" content=\"admin\" \/>\n<meta name=\"twitter:card\" content=\"summary_large_image\" \/>\n<meta name=\"twitter:label1\" content=\"Written by\" \/>\n\t<meta name=\"twitter:data1\" content=\"admin\" \/>\n<script type=\"application\/ld+json\" class=\"yoast-schema-graph\">{\"@context\":\"https:\/\/schema.org\",\"@graph\":[{\"@type\":\"Article\",\"@id\":\"http:\/\/denizcankizil.tr\/en\/haberler\/gundem\/ilhan-sesene-veda-toreni\/#article\",\"isPartOf\":{\"@id\":\"http:\/\/denizcankizil.tr\/en\/haberler\/gundem\/ilhan-sesene-veda-toreni\/\"},\"author\":{\"name\":\"admin\",\"@id\":\"https:\/\/denizcankizil.tr\/#\/schema\/person\/be3c05fe6a12686905512445d8185489\"},\"headline\":\"\u0130lhan \u015ee\u015fen\u2019e Veda T\u00f6reni\",\"datePublished\":\"2025-05-27T03:42:20+00:00\",\"mainEntityOfPage\":{\"@id\":\"http:\/\/denizcankizil.tr\/en\/haberler\/gundem\/ilhan-sesene-veda-toreni\/\"},\"wordCount\":97,\"publisher\":{\"@id\":\"https:\/\/denizcankizil.tr\/#organization\"},\"articleSection\":[\"G\u00fcndem\"],\"inLanguage\":\"en-GB\"},{\"@type\":\"WebPage\",\"@id\":\"http:\/\/denizcankizil.tr\/en\/haberler\/gundem\/ilhan-sesene-veda-toreni\/\",\"url\":\"http:\/\/denizcankizil.tr\/en\/haberler\/gundem\/ilhan-sesene-veda-toreni\/\",\"name\":\"\u0130lhan \u015ee\u015fen\u2019e Veda T\u00f6reni - Av. Deniz Can K\u0131z\u0131l\",\"isPartOf\":{\"@id\":\"https:\/\/denizcankizil.tr\/#website\"},\"datePublished\":\"2025-05-27T03:42:20+00:00\",\"breadcrumb\":{\"@id\":\"http:\/\/denizcankizil.tr\/en\/haberler\/gundem\/ilhan-sesene-veda-toreni\/#breadcrumb\"},\"inLanguage\":\"en-GB\",\"potentialAction\":[{\"@type\":\"ReadAction\",\"target\":[\"http:\/\/denizcankizil.tr\/en\/haberler\/gundem\/ilhan-sesene-veda-toreni\/\"]}]},{\"@type\":\"BreadcrumbList\",\"@id\":\"http:\/\/denizcankizil.tr\/en\/haberler\/gundem\/ilhan-sesene-veda-toreni\/#breadcrumb\",\"itemListElement\":[{\"@type\":\"ListItem\",\"position\":1,\"name\":\"Home\",\"item\":\"https:\/\/denizcankizil.tr\/de\/\"},{\"@type\":\"ListItem\",\"position\":2,\"name\":\"\u0130lhan \u015ee\u015fen\u2019e Veda T\u00f6reni\"}]},{\"@type\":\"WebSite\",\"@id\":\"https:\/\/denizcankizil.tr\/#website\",\"url\":\"https:\/\/denizcankizil.tr\/\",\"name\":\"Av. Deniz Can K\u0131z\u0131l\",\"description\":\"Avukat Deniz Can K\u0131z\u0131l Antalya Barosu\",\"publisher\":{\"@id\":\"https:\/\/denizcankizil.tr\/#organization\"},\"potentialAction\":[{\"@type\":\"SearchAction\",\"target\":{\"@type\":\"EntryPoint\",\"urlTemplate\":\"https:\/\/denizcankizil.tr\/?s={search_term_string}\"},\"query-input\":{\"@type\":\"PropertyValueSpecification\",\"valueRequired\":true,\"valueName\":\"search_term_string\"}}],\"inLanguage\":\"en-GB\"},{\"@type\":\"Organization\",\"@id\":\"https:\/\/denizcankizil.tr\/#organization\",\"name\":\"Av. Deniz Can K\u0131z\u0131l\",\"url\":\"https:\/\/denizcankizil.tr\/\",\"logo\":{\"@type\":\"ImageObject\",\"inLanguage\":\"en-GB\",\"@id\":\"https:\/\/denizcankizil.tr\/#\/schema\/logo\/image\/\",\"url\":\"http:\/\/denizcankizil.tr\/wp-content\/uploads\/2024\/10\/siyah-logo-svg.svg\",\"contentUrl\":\"http:\/\/denizcankizil.tr\/wp-content\/uploads\/2024\/10\/siyah-logo-svg.svg\",\"width\":1080,\"height\":1080,\"caption\":\"Av. Deniz Can K\u0131z\u0131l\"},\"image\":{\"@id\":\"https:\/\/denizcankizil.tr\/#\/schema\/logo\/image\/\"}},{\"@type\":\"Person\",\"@id\":\"https:\/\/denizcankizil.tr\/#\/schema\/person\/be3c05fe6a12686905512445d8185489\",\"name\":\"admin\",\"image\":{\"@type\":\"ImageObject\",\"inLanguage\":\"en-GB\",\"@id\":\"https:\/\/denizcankizil.tr\/#\/schema\/person\/image\/\",\"url\":\"https:\/\/secure.gravatar.com\/avatar\/c1fce94c830dc79107e174f890d7210541c4a63e8e5d816341794a2151c9d58c?s=96&d=mm&r=g\",\"contentUrl\":\"https:\/\/secure.gravatar.com\/avatar\/c1fce94c830dc79107e174f890d7210541c4a63e8e5d816341794a2151c9d58c?s=96&d=mm&r=g\",\"caption\":\"admin\"},\"sameAs\":[\"http:\/\/denizcankizil.tr\"],\"url\":\"https:\/\/www.iskenderun.org\/ilhan-sesene-veda-toreni\"}]}<\/script>\n<!-- \/ Yoast SEO Premium plugin. -->","yoast_head_json":{"title":"\u0130lhan \u015ee\u015fen\u2019e Veda T\u00f6reni - Av. Deniz Can K\u0131z\u0131l","robots":{"index":"index","follow":"follow","max-snippet":"max-snippet:-1","max-image-preview":"max-image-preview:large","max-video-preview":"max-video-preview:-1"},"canonical":"http:\/\/denizcankizil.tr\/en\/haberler\/gundem\/ilhan-sesene-veda-toreni\/","og_locale":"en_GB","og_type":"article","og_title":"\u0130lhan \u015ee\u015fen\u2019e Veda T\u00f6reni","og_description":"T\u00fcrk m\u00fczi\u011finin de\u011ferli ismi \u0130lhan \u015ee\u015fen hayat\u0131n\u0131 kaybetti. Usta sanat\u00e7\u0131 i\u00e7in Kad\u0131k\u00f6y Belediyesi Caddebostan K\u00fclt\u00fcr Merkezi (CKM)\u2019nde 27 May\u0131s Sal\u0131 g\u00fcn\u00fc saat 11.00\u2019de anma t\u00f6reni d\u00fczenlenecek. \u200bT\u00fcrk m\u00fczi\u011finin de\u011ferli ismi \u0130lhan \u015ee\u015fen hayat\u0131n\u0131 kaybetti. Usta sanat\u00e7\u0131 i\u00e7in Kad\u0131k\u00f6y Belediyesi Caddebostan K\u00fclt\u00fcr Merkezi (CKM)\u2019nde 27 May\u0131s Sal\u0131 g\u00fcn\u00fc saat 11.00\u2019de anma t\u00f6reni d\u00fczenlenecek.\u00a0 \u200bHaberin Al\u0131nt\u0131land\u0131\u011f\u0131 Kaynak: www.iskenderun.org","og_url":"http:\/\/denizcankizil.tr\/en\/haberler\/gundem\/ilhan-sesene-veda-toreni\/","og_site_name":"Av. Deniz Can K\u0131z\u0131l","article_published_time":"2025-05-27T03:42:20+00:00","author":"admin","twitter_card":"summary_large_image","twitter_misc":{"Written by":"admin"},"schema":{"@context":"https:\/\/schema.org","@graph":[{"@type":"Article","@id":"http:\/\/denizcankizil.tr\/en\/haberler\/gundem\/ilhan-sesene-veda-toreni\/#article","isPartOf":{"@id":"http:\/\/denizcankizil.tr\/en\/haberler\/gundem\/ilhan-sesene-veda-toreni\/"},"author":{"name":"admin","@id":"https:\/\/denizcankizil.tr\/#\/schema\/person\/be3c05fe6a12686905512445d8185489"},"headline":"\u0130lhan \u015ee\u015fen\u2019e Veda T\u00f6reni","datePublished":"2025-05-27T03:42:20+00:00","mainEntityOfPage":{"@id":"http:\/\/denizcankizil.tr\/en\/haberler\/gundem\/ilhan-sesene-veda-toreni\/"},"wordCount":97,"publisher":{"@id":"https:\/\/denizcankizil.tr\/#organization"},"articleSection":["G\u00fcndem"],"inLanguage":"en-GB"},{"@type":"WebPage","@id":"http:\/\/denizcankizil.tr\/en\/haberler\/gundem\/ilhan-sesene-veda-toreni\/","url":"http:\/\/denizcankizil.tr\/en\/haberler\/gundem\/ilhan-sesene-veda-toreni\/","name":"\u0130lhan \u015ee\u015fen\u2019e Veda T\u00f6reni - Av. Deniz Can K\u0131z\u0131l","isPartOf":{"@id":"https:\/\/denizcankizil.tr\/#website"},"datePublished":"2025-05-27T03:42:20+00:00","breadcrumb":{"@id":"http:\/\/denizcankizil.tr\/en\/haberler\/gundem\/ilhan-sesene-veda-toreni\/#breadcrumb"},"inLanguage":"en-GB","potentialAction":[{"@type":"ReadAction","target":["http:\/\/denizcankizil.tr\/en\/haberler\/gundem\/ilhan-sesene-veda-toreni\/"]}]},{"@type":"BreadcrumbList","@id":"http:\/\/denizcankizil.tr\/en\/haberler\/gundem\/ilhan-sesene-veda-toreni\/#breadcrumb","itemListElement":[{"@type":"ListItem","position":1,"name":"Home","item":"https:\/\/denizcankizil.tr\/de\/"},{"@type":"ListItem","position":2,"name":"\u0130lhan \u015ee\u015fen\u2019e Veda T\u00f6reni"}]},{"@type":"WebSite","@id":"https:\/\/denizcankizil.tr\/#website","url":"https:\/\/denizcankizil.tr\/","name":"Av. Deniz Can K\u0131z\u0131l","description":"Avukat Deniz Can K\u0131z\u0131l Antalya Barosu","publisher":{"@id":"https:\/\/denizcankizil.tr\/#organization"},"potentialAction":[{"@type":"SearchAction","target":{"@type":"EntryPoint","urlTemplate":"https:\/\/denizcankizil.tr\/?s={search_term_string}"},"query-input":{"@type":"PropertyValueSpecification","valueRequired":true,"valueName":"search_term_string"}}],"inLanguage":"en-GB"},{"@type":"Organization","@id":"https:\/\/denizcankizil.tr\/#organization","name":"Av. Deniz Can K\u0131z\u0131l","url":"https:\/\/denizcankizil.tr\/","logo":{"@type":"ImageObject","inLanguage":"en-GB","@id":"https:\/\/denizcankizil.tr\/#\/schema\/logo\/image\/","url":"http:\/\/denizcankizil.tr\/wp-content\/uploads\/2024\/10\/siyah-logo-svg.svg","contentUrl":"http:\/\/denizcankizil.tr\/wp-content\/uploads\/2024\/10\/siyah-logo-svg.svg","width":1080,"height":1080,"caption":"Av. Deniz Can K\u0131z\u0131l"},"image":{"@id":"https:\/\/denizcankizil.tr\/#\/schema\/logo\/image\/"}},{"@type":"Person","@id":"https:\/\/denizcankizil.tr\/#\/schema\/person\/be3c05fe6a12686905512445d8185489","name":"admin","image":{"@type":"ImageObject","inLanguage":"en-GB","@id":"https:\/\/denizcankizil.tr\/#\/schema\/person\/image\/","url":"https:\/\/secure.gravatar.com\/avatar\/c1fce94c830dc79107e174f890d7210541c4a63e8e5d816341794a2151c9d58c?s=96&d=mm&r=g","contentUrl":"https:\/\/secure.gravatar.com\/avatar\/c1fce94c830dc79107e174f890d7210541c4a63e8e5d816341794a2151c9d58c?s=96&d=mm&r=g","caption":"admin"},"sameAs":["http:\/\/denizcankizil.tr"],"url":"https:\/\/www.iskenderun.org\/ilhan-sesene-veda-toreni"}]}},"_links":{"self":[{"href":"http:\/\/denizcankizil.tr\/en\/wp-json\/wp\/v2\/posts\/98091","targetHints":{"allow":["GET"]}}],"collection":[{"href":"http:\/\/denizcankizil.tr\/en\/wp-json\/wp\/v2\/posts"}],"about":[{"href":"http:\/\/denizcankizil.tr\/en\/wp-json\/wp\/v2\/types\/post"}],"author":[{"embeddable":true,"href":"http:\/\/denizcankizil.tr\/en\/wp-json\/wp\/v2\/users\/1"}],"replies":[{"embeddable":true,"href":"http:\/\/denizcankizil.tr\/en\/wp-json\/wp\/v2\/comments?post=98091"}],"version-history":[{"count":0,"href":"http:\/\/denizcankizil.tr\/en\/wp-json\/wp\/v2\/posts\/98091\/revisions"}],"wp:attachment":[{"href":"http:\/\/denizcankizil.tr\/en\/wp-json\/wp\/v2\/media?parent=98091"}],"wp:term":[{"taxonomy":"category","embeddable":true,"href":"http:\/\/denizcankizil.tr\/en\/wp-json\/wp\/v2\/categories?post=98091"},{"taxonomy":"post_tag","embeddable":true,"href":"http:\/\/denizcankizil.tr\/en\/wp-json\/wp\/v2\/tags?post=98091"}],"curies":[{"name":"wp","href":"https:\/\/api.w.org\/{rel}","templated":true}]}}