{"id":97369,"date":"2025-05-26T15:40:52","date_gmt":"2025-05-26T12:40:52","guid":{"rendered":"https:\/\/denizcankizil.tr\/uncategorized-tr\/atanmis-mirascinin-hukuki-niteligi-ve-haklari-tmk-516-2\/"},"modified":"2025-05-26T15:40:52","modified_gmt":"2025-05-26T12:40:52","slug":"atanmis-mirascinin-hukuki-niteligi-ve-haklari-tmk-516-2","status":"publish","type":"post","link":"http:\/\/denizcankizil.tr\/en\/koseyazilari\/degerlendirme\/atanmis-mirascinin-hukuki-niteligi-ve-haklari-tmk-516-2\/","title":{"rendered":"Atanm\u0131\u015f Miras\u00e7\u0131n\u0131n Hukuki Niteli\u011fi ve Haklar\u0131 (TMK 516)"},"content":{"rendered":"<p> <strong>Atanm\u0131\u015f Miras\u00e7\u0131n\u0131n Hukuki Niteli\u011fi ve Haklar\u0131 (TMK 516)<\/strong><\/p>\n<p>T\u00fcrk Medeni\u2062 Kanunu&#8217;nun 516. maddesi, miras\u2062 hukukunun\u2062 \u00f6nemli bir \u200dpar\u00e7as\u0131n\u0131 olu\u015fturarak atanm\u0131\u015f miras\u00e7\u0131 kavram\u0131n\u0131 d\u00fczenlemektedir.Atanm\u0131\u015f miras\u00e7\u0131, miras b\u0131rakan\u0131n iradesi do\u011frultusunda belirlenen\u2063 ve miras\u0131n intikalinde \u00f6zel haklara sahip olan bir ki\u015fidir. Bu makalede, atanm\u0131\u015f \u200bmiras\u00e7\u0131n\u0131n hukuki niteli\u011fi, haklar\u0131 ve bu haklar\u0131n uygulanabilirli\u011fi \u00fczerinde durulacakt\u0131r.\u2064 Miras hukukunun temel ilkeleri \u00e7er\u00e7evesinde, atanm\u0131\u015f miras\u00e7\u0131n\u0131n rol\u00fc, miras b\u0131rakan\u0131n\u200b iradesinin yans\u0131mas\u0131 olarak de\u011ferlendirilecek ve bu ba\u011flamda \u200cT\u00fcrk Medeni Kanunu&#8217;nun ilgili h\u00fck\u00fcmleri \u0131\u015f\u0131\u011f\u0131nda\u2064 derinlemesine bir inceleme ger\u00e7ekle\u015ftirilecektir. Ayr\u0131ca, atanm\u0131\u015f miras\u00e7\u0131n\u0131n haklar\u0131n\u0131n korunmas\u0131 ve bu haklar\u0131n ihlali durumunda ba\u015fvurulabilecek\u2062 hukuki yollar da ele al\u0131nacakt\u0131r.bu \u00e7al\u0131\u015fma, hem akademik bir perspektif \u200bsunmay\u0131 hem de uygulay\u0131c\u0131lar i\u00e7in pratik bilgiler sa\u011flamay\u0131 ama\u00e7lamaktad\u0131r.<br \/><img decoding=\"async\" class=\"kimage_class lazyload\" data-src=\"https:\/\/denizcankizil.tr\/wp-content\/uploads\/2024\/10\/ounsel-scaled.jpg\" alt=\"Atanm\u0131\u015f Miras\u00e7\u0131n\u0131n Tan\u0131m\u0131 ve Hukuki Stat\u00fcs\u00fc\" src=\"data:image\/svg+xml;base64,PHN2ZyB3aWR0aD0iMSIgaGVpZ2h0PSIxIiB4bWxucz0iaHR0cDovL3d3dy53My5vcmcvMjAwMC9zdmciPjwvc3ZnPg==\"><\/p>\n<h2 id=\"atanmis-mirascinin-tanimi-ve-hukuki-statusu\">Atanm\u0131\u015f Miras\u00e7\u0131n\u0131n Tan\u0131m\u0131\u200c ve\u200b Hukuki Stat\u00fcs\u00fc<\/h2>\n<p><strong>Atanm\u0131\u015f miras\u00e7\u0131<\/strong>,\u2063 miras b\u0131rakan\u0131n iradesi do\u011frultusunda, miras\u0131n\u200b kendisine b\u0131rak\u0131ld\u0131\u011f\u0131 ki\u015fi olarak tan\u0131mlan\u0131r. T\u00fcrk Medeni kanunu&#8217;nun 516. maddesi, atanm\u0131\u015f miras\u00e7\u0131n\u0131n hukuki stat\u00fcs\u00fcn\u00fc belirlemekte ve bu ki\u015filerin haklar\u0131n\u0131 d\u00fczenlemektedir. Atanm\u0131\u015f miras\u00e7\u0131lar, miras b\u0131rakan\u0131n belirledi\u011fi \u015fartlar \u00e7er\u00e7evesinde, miras\u0131n intikalinde \u00f6nemli bir rol oynamaktad\u0131r.<\/p>\n<p>Atanm\u0131\u015f miras\u00e7\u0131n\u0131n hukuki niteli\u011fi, miras b\u0131rakan\u0131n iradesine dayand\u0131\u011f\u0131 i\u00e7in, bu ki\u015filer,\u2062 miras\u0131n payla\u015f\u0131m\u0131nda ve y\u00f6netiminde belirli haklara sahiptir. Bu haklar aras\u0131nda \u015funlar bulunmaktad\u0131r:<\/p>\n<ul>\n<li><strong>Miras\u0131n kabul\u00fc veya reddi:<\/strong> Atanm\u0131\u015f miras\u00e7\u0131, miras\u0131 kabul etme veya reddetme hakk\u0131na sahiptir.<\/li>\n<li><strong>Miras\u0131n y\u00f6netimi:<\/strong> Miras\u0131n y\u00f6netimi konusunda, atanm\u0131\u015f \u2062miras\u00e7\u0131, miras\u0131n korunmas\u0131 ve de\u011ferlendirilmesi i\u00e7in gerekli ad\u0131mlar\u0131 atma yetkisine sahiptir.<\/li>\n<li><strong>Payla\u015f\u0131m\u2062 hakk\u0131:<\/strong> Miras\u0131n \u2064payla\u015f\u0131m\u0131nda, atanm\u0131\u015f \u2062miras\u00e7\u0131, di\u011fer miras\u00e7\u0131larla birlikte hak sahibi olarak yer al\u0131r.<\/li>\n<\/ul>\n<p>Sonu\u00e7 olarak, \u2062atanm\u0131\u015f miras\u00e7\u0131n\u0131n hukuki \u200bstat\u00fcs\u00fc, miras b\u0131rakan\u0131n\u2064 iradesine dayal\u0131\u2062 olarak \u015fekillenmekte ve bu ki\u015filer, miras\u0131n intikal s\u00fcrecinde \u00f6nemli haklara sahip olmaktad\u0131r. T\u00fcrk medeni Kanunu,bu haklar\u0131n korunmas\u0131n\u0131 ve d\u00fczenlenmesini sa\u011flayarak,miras hukukunun temel ilkelerini\u200b ortaya koymaktad\u0131r.<\/p>\n<p><img decoding=\"async\" class=\"kimage_class lazyload\" data-src=\"https:\/\/denizcankizil.tr\/wp-content\/uploads\/2024\/10\/iikhg-253D.jpg\" alt=\"T\u00fcrk Medeni Kanunu'nda Atanm\u0131\u015f Miras\u00e7\u0131n\u0131n D\u00fczenlenmesi\" src=\"data:image\/svg+xml;base64,PHN2ZyB3aWR0aD0iMSIgaGVpZ2h0PSIxIiB4bWxucz0iaHR0cDovL3d3dy53My5vcmcvMjAwMC9zdmciPjwvc3ZnPg==\"><\/p>\n<h2 id=\"turk-medeni-kanununda-atanmis-mirascinin-duzenlenmesi\">T\u00fcrk Medeni Kanunu&#8217;nda Atanm\u0131\u015f Miras\u00e7\u0131n\u0131n D\u00fczenlenmesi<\/h2>\n<p><strong>T\u00fcrk Medeni Kanunu&#8217;nda atanm\u0131\u015f miras\u00e7\u0131, miras\u2062 b\u0131rakan\u0131n iradesi do\u011frultusunda belirlenen\u200c ve miras\u0131n kendisine b\u0131rak\u0131ld\u0131\u011f\u0131 ki\u015fi olarak tan\u0131mlanmaktad\u0131r. \u2064Bu d\u00fczenleme, \u200cmiras\u00e7\u0131n\u0131n haklar\u0131n\u0131 ve y\u00fck\u00fcml\u00fcl\u00fcklerini belirleyen \u00f6nemli bir hukuki \u00e7er\u00e7eve sunmaktad\u0131r.<\/strong><\/p>\n<p>Atanm\u0131\u015f miras\u00e7\u0131n\u0131n hukuki niteli\u011fi, miras b\u0131rakan\u0131n iradesine dayand\u0131\u011f\u0131 i\u00e7in, bu\u200c ki\u015fi miras\u0131n intikalinde belirleyici bir rol oynamaktad\u0131r. T\u00fcrk Medeni Kanunu&#8217;nun 516. \u2062maddesi, atanm\u0131\u015f miras\u00e7\u0131n\u0131n haklar\u0131n\u0131 \u015fu \u015fekilde d\u00fczenlemektedir:<\/p>\n<ul>\n<li><strong>Miras\u0131n kabul\u00fc:<\/strong> Atanm\u0131\u015f miras\u00e7\u0131, miras\u0131 kabul etme \u200bhakk\u0131na sahiptir. Bu kabul, miras\u0131n intikalini sa\u011flar.<\/li>\n<li><strong>Miras\u0131n reddi:<\/strong> Atanm\u0131\u015f miras\u00e7\u0131, miras\u0131 reddetme hakk\u0131na da sahiptir. Bu durumda, miras\u0131n di\u011fer miras\u00e7\u0131lara \u200dge\u00e7mesi s\u00f6z \u2062konusu olur.<\/li>\n<li><strong>Haklar\u0131n kullan\u0131m\u0131:<\/strong> Atanm\u0131\u015f miras\u00e7\u0131, miras\u0131n kendisine intikal etmesi durumunda, miras\u0131n y\u00f6netimi ve tasfiyesi konusunda hak sahibi \u200colur.<\/li>\n<\/ul>\n<p><strong>bu ba\u011flamda, atanm\u0131\u015f miras\u00e7\u0131n\u0131n haklar\u0131, miras b\u0131rakan\u0131n\u2064 iradesine\u200b ba\u011fl\u0131 olarak \u015fekillenir ve miras\u0131n intikal s\u00fcrecinde \u00f6nemli\u2062 bir yer tutar. T\u00fcrk Medeni Kanunu, bu d\u00fczenlemelerle miras hukukunun\u2063 temel ilkelerini korumay\u0131 ama\u00e7lamaktad\u0131r.<\/strong><\/p>\n<p><img decoding=\"async\" class=\"kimage_class lazyload\" data-src=\"https:\/\/denizcankizil.tr\/wp-content\/uploads\/2024\/10\/78x381.jpg\" alt=\"Atanm\u0131\u015f miras\u00e7\u0131n\u0131n Haklar\u0131 ve Y\u00fck\u00fcml\u00fcl\u00fckleri\" src=\"data:image\/svg+xml;base64,PHN2ZyB3aWR0aD0iMSIgaGVpZ2h0PSIxIiB4bWxucz0iaHR0cDovL3d3dy53My5vcmcvMjAwMC9zdmciPjwvc3ZnPg==\"><\/p>\n<h2 id=\"atanmis-mirascinin-haklari-ve-yukumlulukleri\">Atanm\u0131\u015f Miras\u00e7\u0131n\u0131n Haklar\u0131 ve Y\u00fck\u00fcml\u00fcl\u00fckleri<\/h2>\n<p>Atanm\u0131\u015f\u2062 miras\u00e7\u0131, miras b\u0131rakan\u0131n iradesi do\u011frultusunda belirlenen ve miras\u0131n intikalinde hak sahibi olan ki\u015fidir. T\u00fcrk Medeni Kanunu&#8217;nun \u200b516. maddesi \u200duyar\u0131nca,,miras\u0131n devri \u2062s\u00fcrecinde \u00f6nemli bir rol oynamaktad\u0131r. Bu ba\u011flamda, \u200catanm\u0131\u015f miras\u00e7\u0131n\u0131n sahip oldu\u011fu haklar a\u015fa\u011f\u0131daki gibi s\u0131ralanabilir:<\/p>\n<ul>\n<li><strong>miras\u0131n Kabul\u00fc:<\/strong> Atanm\u0131\u015f miras\u00e7\u0131, miras\u0131 kabul etme\u200c hakk\u0131na sahiptir. Miras\u0131n \u200bkabul\u00fc, miras\u0131n intikalini sa\u011flar\u2064 ve miras\u00e7\u0131, <a href=\"https:\/\/denizcankizil.tr\/en\/seo\/miras-hukuku-avukati-hangi-dava-turlerine-bakar-antalyadaki-adliye-ve-mahkemeler-listesi-nelerdir-antalyanin-ilceleri-hangileridir\/\" title=\"Miras Hukuku Avukat\u0131 Hangi Dava T\u00fcrlerine Bakar ? Antalya&#039;daki Adliye ve Mahkemeler Listesi Nelerdir? Antalya&#039;n\u0131n il\u00e7eleri hangileridir?\">miras b\u0131rakan\u0131n bor\u00e7lar\u0131<\/a>ndan da sorumlu hale gelir.<\/li>\n<li><strong>Miras\u0131n Y\u00f6netimi:<\/strong> Atanm\u0131\u015f \u200cmiras\u00e7\u0131, miras\u0131n y\u00f6netimi konusunda yetkilidir. Miras\u0131n\u200c korunmas\u0131 ve de\u011ferlendirilmesi, atanm\u0131\u015f miras\u00e7\u0131n\u0131n sorumlulu\u011fundad\u0131r.<\/li>\n<li><strong>Payla\u015f\u0131m Hakk\u0131:<\/strong> \u200cMiras\u0131n payla\u015f\u0131m\u0131nda, atanm\u0131\u015f miras\u00e7\u0131, di\u011fer miras\u00e7\u0131larla birlikte hak \u2064sahibi olur. Bu payla\u015f\u0131m, miras \u2062b\u0131rakan\u0131n \u2064iradesine g\u00f6re \u015fekillenir.<\/li>\n<li><strong>Bilgilendirilme Hakk\u0131:<\/strong> Atanm\u0131\u015f miras\u00e7\u0131, miras\u0131n durumu hakk\u0131nda \u200dbilgi alma hakk\u0131na sahiptir. Miras\u0131n y\u00f6netimi ve durumu hakk\u0131nda bilgilendirilmesi, atanm\u0131\u015f miras\u00e7\u0131n\u0131n haklar\u0131 aras\u0131nda yer al\u0131r.<\/li>\n<\/ul>\n<p>Atanm\u0131\u015f miras\u00e7\u0131n\u0131n y\u00fck\u00fcml\u00fcl\u00fckleri ise, miras\u0131n kabul\u00fc ile ba\u015flar. Miras b\u0131rakan\u0131n bor\u00e7lar\u0131, miras\u0131n kabul\u00fc ile birlikte atanm\u0131\u015f miras\u00e7\u0131n\u0131n sorumlulu\u011funa ge\u00e7er. Bu nedenle, atanm\u0131\u015f miras\u00e7\u0131n\u0131n, miras\u0131n durumunu dikkatlice de\u011ferlendirmesi ve gerekli \u00f6nlemleri almas\u0131 \u200c\u00f6nemlidir. Ayr\u0131ca, miras\u0131n y\u00f6netimi s\u0131ras\u0131nda, atanm\u0131\u015f miras\u00e7\u0131, di\u011fer miras\u00e7\u0131larla i\u015fbirli\u011fi i\u00e7inde hareket etmekle y\u00fck\u00fcml\u00fcd\u00fcr. Bu y\u00fck\u00fcml\u00fcl\u00fckler, miras\u0131n adil bir \u015fekilde payla\u015f\u0131lmas\u0131n\u0131 ve y\u00f6netilmesini sa\u011flamak amac\u0131yla belirlenmi\u015ftir.<\/p>\n<p><img decoding=\"async\" class=\"kimage_class lazyload\" data-src=\"https:\/\/denizcankizil.tr\/wp-content\/uploads\/2024\/10\/2JauI-253D.jpg\" alt=\"Atanm\u0131\u015f miras\u00e7\u0131n\u0131n Miras\u0131n \u0130kamesi S\u00fcrecindeki Rol\u00fc\" src=\"data:image\/svg+xml;base64,PHN2ZyB3aWR0aD0iMSIgaGVpZ2h0PSIxIiB4bWxucz0iaHR0cDovL3d3dy53My5vcmcvMjAwMC9zdmciPjwvc3ZnPg==\"><\/p>\n<h2 id=\"atanmis-mirascinin-mirasin-ikamesi-surecindeki-rolu\">Atanm\u0131\u015f Miras\u00e7\u0131n\u0131n Miras\u0131n \u0130kamesi S\u00fcrecindeki Rol\u00fc<\/h2>\n<section>\n<p>Atanm\u0131\u015f miras\u00e7\u0131, miras b\u0131rakan\u0131n iradesi\u2062 do\u011frultusunda belirlenen ve miras\u0131n intikali s\u00fcrecinde \u00f6nemli bir rol \u00fcstlenen bir hukuki stat\u00fcye sahiptir. T\u00fcrk medeni Kanunu&#8217;nun 516.maddesi \u00e7er\u00e7evesinde, atanm\u0131\u015f miras\u00e7\u0131n\u0131n miras\u0131n ikamesi s\u00fcrecindeki i\u015flevi, miras\u0131n devri ve y\u00f6netimi a\u00e7\u0131s\u0131ndan kritik bir \u00f6neme\u200b sahiptir. Bu ba\u011flamda, atanm\u0131\u015f miras\u00e7\u0131n\u0131n sahip oldu\u011fu haklar ve\u200b y\u00fck\u00fcml\u00fcl\u00fckler,\u2063 miras\u0131n intikal s\u00fcrecinin sa\u011fl\u0131kl\u0131 bir \u015fekilde y\u00fcr\u00fct\u00fclmesi i\u00e7in gereklidir.<\/p>\n<p>Atanm\u0131\u015f miras\u00e7\u0131n\u0131n miras\u0131n ikamesi s\u00fcrecindeki rol\u00fc a\u015fa\u011f\u0131daki gibi \u200c\u00f6zetlenebilir:<\/p>\n<ul>\n<li><strong>Miras\u0131n Y\u00f6netimi:<\/strong> Atanm\u0131\u015f miras\u00e7\u0131, miras\u0131n y\u00f6netiminden sorumlu olup, miras\u0131n korunmas\u0131 ve de\u011ferlendirilmesi konusunda yetkilidir.<\/li>\n<li><strong>Hukuki temsil:<\/strong> Miras\u0131n intikali s\u0131ras\u0131nda, atanm\u0131\u015f miras\u00e7\u0131, miras b\u0131rakan\u0131n iradesini temsil eder ve bu iradeye uygun hareket eder.<\/li>\n<li><strong>Haklar\u0131n Kullan\u0131m\u0131:<\/strong> Atanm\u0131\u015f miras\u00e7\u0131, miras\u0131n intikali \u2064ile birlikte, miras\u0131n getirdi\u011fi haklar\u0131 kullanma yetkisine sahiptir.<\/li>\n<li><strong>Y\u00fck\u00fcml\u00fcl\u00fckler:<\/strong> Miras\u0131n y\u00f6netimi s\u0131ras\u0131nda, atanm\u0131\u015f miras\u00e7\u0131, miras\u0131n bor\u00e7lar\u0131n\u0131 da \u00fcstlenmekle y\u00fck\u00fcml\u00fcd\u00fcr.<\/li>\n<\/ul>\n<p>Sonu\u00e7 olarak,atanm\u0131\u015f miras\u00e7\u0131n\u0131n miras\u0131n ikamesi s\u00fcrecindeki rol\u00fc,hem hukuki hem de pratik a\u00e7\u0131dan\u200d b\u00fcy\u00fck bir \u00f6nem ta\u015f\u0131maktad\u0131r. Miras\u0131n sa\u011fl\u0131kl\u0131 bir \u015fekilde devri ve y\u00f6netimi i\u00e7in atanm\u0131\u015f miras\u00e7\u0131n\u0131n g\u00f6rev ve sorumluluklar\u0131n\u0131n\u200d bilinmesi, miras\u00e7\u0131lar aras\u0131nda olas\u0131 anla\u015fmazl\u0131klar\u0131n \u00f6nlenmesine katk\u0131 \u200dsa\u011flayacakt\u0131r.<\/p>\n<\/section>\n<p><img decoding=\"async\" class=\"kimage_class lazyload\" data-src=\"https:\/\/denizcankizil.tr\/wp-content\/uploads\/2024\/10\/puo6A-253D.jpg\" alt=\"Atanm\u0131\u015f miras\u00e7\u0131n\u0131n \u0130htiya\u00e7 Duydu\u011fu Bilgi ve Belgeler\" src=\"data:image\/svg+xml;base64,PHN2ZyB3aWR0aD0iMSIgaGVpZ2h0PSIxIiB4bWxucz0iaHR0cDovL3d3dy53My5vcmcvMjAwMC9zdmciPjwvc3ZnPg==\"><\/p>\n<h2 id=\"atanmis-mirascinin-ihtiyac-duydugu-bilgi-ve-belgeler\">Atanm\u0131\u015f Miras\u00e7\u0131n\u0131n \u0130htiya\u00e7 Duydu\u011fu Bilgi ve Belgeler<\/h2>\n<p>Atanm\u0131\u015f miras\u00e7\u0131lar,\u2062 miras\u0131n intikali s\u00fcrecinde belirli bilgi ve belgelere ihtiya\u00e7\u200b duyarlar. Bu belgeler, miras\u0131n devri ve \u2064miras\u00e7\u0131n\u0131n haklar\u0131n\u0131n korunmas\u0131 a\u00e7\u0131s\u0131ndan b\u00fcy\u00fck \u00f6nem ta\u015f\u0131maktad\u0131r. A\u015fa\u011f\u0131da,atanm\u0131\u015f miras\u00e7\u0131n\u0131n ihtiya\u00e7 duyabilece\u011fi temel bilgi ve belgeler s\u0131ralanm\u0131\u015ft\u0131r:<\/p>\n<ul>\n<li><strong>Miras b\u0131rakan\u0131n kimlik \u200dbilgileri:<\/strong> Miras b\u0131rakan\u0131n kimli\u011fi,miras\u0131n intikali i\u00e7in gereklidir.<\/li>\n<li><strong>Miras s\u00f6zle\u015fmesi veya vasiyetname:<\/strong> miras\u2063 b\u0131rakan\u0131n iradesini belirten\u2063 belgeler,atanm\u0131\u015f miras\u00e7\u0131n\u0131n haklar\u0131n\u0131 ortaya koyar.<\/li>\n<li><strong>Miras\u0131n\u2064 i\u00e7eri\u011fi:<\/strong> Miras\u0131n nelerden olu\u015ftu\u011fu, ta\u015f\u0131nmazlar, ta\u015f\u0131n\u0131rlar ve di\u011fer varl\u0131klar\u0131n envanterinin \u00e7\u0131kar\u0131lmas\u0131 gerekmektedir.<\/li>\n<li><strong>\u00d6deme belgeleri:<\/strong> Miras\u0131n\u200b devri s\u0131ras\u0131nda ortaya \u00e7\u0131kabilecek bor\u00e7lar ve alacaklar hakk\u0131nda bilgi sahibi \u200dolmak i\u00e7in gerekli belgeler toplanmal\u0131d\u0131r.<\/li>\n<\/ul>\n<p>Bu belgelerin temin\u200b edilmesi, atanm\u0131\u015f miras\u00e7\u0131n\u0131n haklar\u0131n\u0131 korumas\u0131\u200d ve \u200bmiras\u0131n intikal s\u00fcrecini sa\u011fl\u0131kl\u0131 bir\u200d \u015fekilde y\u00fcr\u00fctmesi a\u00e7\u0131s\u0131ndan \u2063kritik bir\u2064 rol oynamaktad\u0131r.Ayr\u0131ca, miras\u0131n devri s\u0131ras\u0131nda kar\u015f\u0131la\u015f\u0131labilecek hukuki\u200d sorunlar\u0131n \u00f6n\u00fcne ge\u00e7ilmesi i\u00e7in bu belgelerin eksiksiz bir \u015fekilde\u2063 haz\u0131rlanmas\u0131 \u00f6nemlidir.<\/p>\n<p><img decoding=\"async\" class=\"kimage_class lazyload\" data-src=\"https:\/\/denizcankizil.tr\/wp-content\/uploads\/2024\/10\/3984-antalyada-sigorta-hukuku-avukatinin-gorev-alanlari.jpg\" alt=\"Atanm\u0131\u015f Miras\u00e7\u0131n\u0131n Haklar\u0131n\u0131n Korunmas\u0131 ve \u0130hlali Durumunda Ba\u015fvurulacak\u2063 Yollar\" src=\"data:image\/svg+xml;base64,PHN2ZyB3aWR0aD0iMSIgaGVpZ2h0PSIxIiB4bWxucz0iaHR0cDovL3d3dy53My5vcmcvMjAwMC9zdmciPjwvc3ZnPg==\"><\/p>\n<h2 id=\"atanmis-mirascinin-haklarinin-korunmasi-ve-ihlali-durumunda-basvurulacak-yollar\">Atanm\u0131\u015f miras\u00e7\u0131n\u0131n Haklar\u0131n\u0131n Korunmas\u0131 ve \u0130hlali Durumunda Ba\u015fvurulacak yollar<\/h2>\n<p>Atanm\u0131\u015f miras\u00e7\u0131n\u0131n haklar\u0131n\u0131n korunmas\u0131, miras hukukunun \u00f6nemli bir par\u00e7as\u0131n\u0131 olu\u015fturur. T\u00fcrk Medeni Kanunu&#8217;nun 516. maddesi uyar\u0131nca,\u2063 atanm\u0131\u015f miras\u00e7\u0131lar, miras b\u0131rakan\u0131n iradesi do\u011frultusunda belirlenen ki\u015filerdir \u2063ve bu ki\u015filerin haklar\u0131, miras\u0131n intikali s\u00fcrecinde b\u00fcy\u00fck bir \u00f6neme sahiptir. Atanm\u0131\u015f\u200c miras\u00e7\u0131lar,\u200c miras b\u0131rakan\u0131n malvarl\u0131\u011f\u0131ndan yararlanma hakk\u0131na sahip olmalar\u0131n\u0131n yan\u0131 s\u0131ra, miras\u0131n y\u00f6netimi ve korunmas\u0131 konusunda da belirli yetkilere sahiptirler.<\/p>\n<p>atanm\u0131\u015f miras\u00e7\u0131n\u0131n haklar\u0131n\u0131n ihlali durumunda,\u00e7e\u015fitli\u2063 hukuki yollar mevcuttur. Bu yollar aras\u0131nda:<\/p>\n<ul>\n<li><strong>\u0130htiyati tedbir talebi:<\/strong> Miras\u0131n korunmas\u0131 amac\u0131yla, <a href=\"https:\/\/denizcankizil.tr\/en\/koseyazilari\/degerlendirme\/dovmeye-dair-hukuki-degerlendirme-yasal-cerceve-ve-uygulama\/\" title=\"D\u00f6vmeye Dair Hukuki De\u011ferlendirme: Yasal \u00c7er\u00e7eve ve Uygulama\">mahkemeden ihtiyati tedbir talep edilebilir<\/a>.<\/li>\n<li><strong>Dava a\u00e7ma hakk\u0131:<\/strong> Miras\u0131n payla\u015f\u0131m\u0131nda veya y\u00f6netiminde hak ihlali s\u00f6z konusu oldu\u011funda, miras\u00e7\u0131lar dava a\u00e7ma hakk\u0131na\u2064 sahiptir.<\/li>\n<li><strong>Arabuluculuk:<\/strong> Taraflar aras\u0131nda \u2063uzla\u015fma sa\u011flanmas\u0131 amac\u0131yla arabuluculuk y\u00f6ntemine\u200d ba\u015fvurulabilir.<\/li>\n<\/ul>\n<p>Bu yollar, atanm\u0131\u015f miras\u00e7\u0131n\u0131n haklar\u0131n\u0131n ihlal edilmesi durumunda, haklar\u0131n\u0131 \u200ckoruma ve \u2063savunma imkan\u0131 sunar. Miras hukukunda, \u2064haklar\u0131n korunmas\u0131 ve ihlallerin \u00f6nlenmesi, hem miras\u00e7\u0131lar\u0131n hem\u200b de miras \u2063b\u0131rakan\u0131n iradesinin sayg\u0131 g\u00f6rmesi a\u00e7\u0131s\u0131ndan kritik bir \u00f6neme sahiptir.<\/p>\n<p>Sonu\u00e7 olarak, T\u00fcrk Medeni Kanunu&#8217;nun \u2063516. maddesi \u00e7er\u00e7evesinde atanm\u0131\u015f miras\u00e7\u0131n\u0131n hukuki niteli\u011fi ve haklar\u0131, miras\u2062 hukukunun \u00f6nemli bir par\u00e7as\u0131n\u0131 olu\u015fturmaktad\u0131r. Atanm\u0131\u015f miras\u00e7\u0131lar, miras b\u0131rakan\u0131n \u2063iradesi do\u011frultusunda \u2063belirlenen ve miras\u0131n intikalinde belirli\u200b haklara sahip olan bireylerdir. Bu ba\u011flamda, atanm\u0131\u015f miras\u00e7\u0131n\u0131n\u2063 haklar\u0131, \u2062miras\u0131n payla\u015f\u0131m\u0131nda ve y\u00f6netiminde kritik bir rol oynamaktad\u0131r.\u200c Miras b\u0131rakan\u0131n iradesinin korunmas\u0131 ve miras\u00e7\u0131lar aras\u0131ndaki ili\u015fkilerin \u2064d\u00fczenlenmesi a\u00e7\u0131s\u0131ndan, atanm\u0131\u015f miras\u00e7\u0131n\u0131n hukuki stat\u00fcs\u00fc \u2062ve haklar\u0131 \u00fczerinde durulmas\u0131 gereken \u00f6nemli hususlard\u0131r. Gelecekte, bu konudaki yasal d\u00fczenlemelerin ve\u200d i\u00e7tihatlar\u0131n geli\u015fimi, atanm\u0131\u015f miras\u00e7\u0131lar\u0131n haklar\u0131n\u0131n daha da netle\u015fmesine\u2062 ve korunmas\u0131na katk\u0131 sa\u011flayacakt\u0131r. Bu \u2063nedenle, miras \u200bhukuku alan\u0131nda \u00e7al\u0131\u015fan hukuk\u00e7ular\u0131n ve uygulay\u0131c\u0131lar\u0131n, atanm\u0131\u015f miras\u00e7\u0131n\u0131n hukuki\u2062 niteli\u011fi ve haklar\u0131 konusundaki bilgilerini\u2062 g\u00fcncel tutmalar\u0131 b\u00fcy\u00fck \u00f6nem ta\u015f\u0131maktad\u0131r. <\/p>","protected":false},"excerpt":{"rendered":"<p>Atanm\u0131\u015f miras\u00e7\u0131, T\u00fcrk Medeni Kanunu&#8217;nun 516. maddesi uyar\u0131nca, miras b\u0131rakan taraf\u0131ndan belirlenen ve miras\u0131n kendisine b\u0131rak\u0131ld\u0131\u011f\u0131 ki\u015fi olarak tan\u0131mlan\u0131r. Bu miras\u00e7\u0131n\u0131n haklar\u0131, miras\u0131n intikali ve y\u00f6netimi a\u00e7\u0131s\u0131ndan \u00f6nemli hukuki sonu\u00e7lar do\u011furur.<\/p>","protected":false},"author":4,"featured_media":0,"comment_status":"open","ping_status":"open","sticky":false,"template":"","format":"standard","meta":{"_acf_changed":false,"footnotes":""},"categories":[22],"tags":[],"class_list":["post-97369","post","type-post","status-publish","format-standard","hentry","category-degerlendirme"],"acf":[],"yoast_head":"<!-- This site is optimized with the Yoast SEO Premium plugin v26.6 (Yoast SEO v27.1.1) - https:\/\/yoast.com\/product\/yoast-seo-premium-wordpress\/ -->\n<title>Atanm\u0131\u015f Miras\u00e7\u0131n\u0131n Hukuki Niteli\u011fi ve Haklar\u0131 (TMK 516) - Av. Deniz Can K\u0131z\u0131l<\/title>\n<meta name=\"robots\" content=\"index, follow, max-snippet:-1, max-image-preview:large, max-video-preview:-1\" \/>\n<link rel=\"canonical\" href=\"https:\/\/denizcankizil.tr\/en\/koseyazilari\/degerlendirme\/atanmis-mirascinin-hukuki-niteligi-ve-haklari-tmk-516-2\/\" \/>\n<meta property=\"og:locale\" content=\"en_GB\" \/>\n<meta property=\"og:type\" content=\"article\" \/>\n<meta property=\"og:title\" content=\"Atanm\u0131\u015f Miras\u00e7\u0131n\u0131n Hukuki Niteli\u011fi ve Haklar\u0131 (TMK 516)\" \/>\n<meta property=\"og:description\" content=\"Atanm\u0131\u015f miras\u00e7\u0131, T\u00fcrk Medeni Kanunu&#039;nun 516. maddesi uyar\u0131nca, miras b\u0131rakan taraf\u0131ndan belirlenen ve miras\u0131n kendisine b\u0131rak\u0131ld\u0131\u011f\u0131 ki\u015fi olarak tan\u0131mlan\u0131r. Bu miras\u00e7\u0131n\u0131n haklar\u0131, miras\u0131n intikali ve y\u00f6netimi a\u00e7\u0131s\u0131ndan \u00f6nemli hukuki sonu\u00e7lar do\u011furur.\" \/>\n<meta property=\"og:url\" content=\"https:\/\/denizcankizil.tr\/en\/koseyazilari\/degerlendirme\/atanmis-mirascinin-hukuki-niteligi-ve-haklari-tmk-516-2\/\" \/>\n<meta property=\"og:site_name\" content=\"Av. Deniz Can K\u0131z\u0131l\" \/>\n<meta property=\"article:published_time\" content=\"2025-05-26T12:40:52+00:00\" \/>\n<meta property=\"og:image\" content=\"https:\/\/denizcankizil.tr\/wp-content\/uploads\/2024\/10\/ounsel-scaled.jpg\" \/>\n<meta name=\"author\" content=\"Av. Deniz Can K\u0131z\u0131l\" \/>\n<meta name=\"twitter:card\" content=\"summary_large_image\" \/>\n<meta name=\"twitter:label1\" content=\"Written by\" \/>\n\t<meta name=\"twitter:data1\" content=\"Av. Deniz Can K\u0131z\u0131l\" \/>\n\t<meta name=\"twitter:label2\" content=\"Estimated reading time\" \/>\n\t<meta name=\"twitter:data2\" content=\"9 minutes\" \/>\n<script type=\"application\/ld+json\" class=\"yoast-schema-graph\">{\"@context\":\"https:\/\/schema.org\",\"@graph\":[{\"@type\":\"Article\",\"@id\":\"https:\/\/denizcankizil.tr\/de\/koseyazilari\/degerlendirme\/atanmis-mirascinin-hukuki-niteligi-ve-haklari-tmk-516-2\/#article\",\"isPartOf\":{\"@id\":\"https:\/\/denizcankizil.tr\/de\/koseyazilari\/degerlendirme\/atanmis-mirascinin-hukuki-niteligi-ve-haklari-tmk-516-2\/\"},\"author\":{\"name\":\"Av. Deniz Can K\u0131z\u0131l\",\"@id\":\"https:\/\/denizcankizil.tr\/#\/schema\/person\/5dc1b22991bd7ac833867c10afc9b0ff\"},\"headline\":\"Atanm\u0131\u015f Miras\u00e7\u0131n\u0131n Hukuki Niteli\u011fi ve Haklar\u0131 (TMK 516)\",\"datePublished\":\"2025-05-26T12:40:52+00:00\",\"mainEntityOfPage\":{\"@id\":\"https:\/\/denizcankizil.tr\/de\/koseyazilari\/degerlendirme\/atanmis-mirascinin-hukuki-niteligi-ve-haklari-tmk-516-2\/\"},\"wordCount\":1763,\"commentCount\":0,\"publisher\":{\"@id\":\"https:\/\/denizcankizil.tr\/#organization\"},\"image\":{\"@id\":\"https:\/\/denizcankizil.tr\/de\/koseyazilari\/degerlendirme\/atanmis-mirascinin-hukuki-niteligi-ve-haklari-tmk-516-2\/#primaryimage\"},\"thumbnailUrl\":\"https:\/\/denizcankizil.tr\/wp-content\/uploads\/2024\/10\/ounsel-scaled.jpg\",\"articleSection\":[\"De\u011ferlendirme\"],\"inLanguage\":\"en-GB\",\"potentialAction\":[{\"@type\":\"CommentAction\",\"name\":\"Comment\",\"target\":[\"https:\/\/denizcankizil.tr\/de\/koseyazilari\/degerlendirme\/atanmis-mirascinin-hukuki-niteligi-ve-haklari-tmk-516-2\/#respond\"]}]},{\"@type\":\"WebPage\",\"@id\":\"https:\/\/denizcankizil.tr\/de\/koseyazilari\/degerlendirme\/atanmis-mirascinin-hukuki-niteligi-ve-haklari-tmk-516-2\/\",\"url\":\"https:\/\/denizcankizil.tr\/de\/koseyazilari\/degerlendirme\/atanmis-mirascinin-hukuki-niteligi-ve-haklari-tmk-516-2\/\",\"name\":\"Atanm\u0131\u015f Miras\u00e7\u0131n\u0131n Hukuki Niteli\u011fi ve Haklar\u0131 (TMK 516) - Av. Deniz Can K\u0131z\u0131l\",\"isPartOf\":{\"@id\":\"https:\/\/denizcankizil.tr\/#website\"},\"primaryImageOfPage\":{\"@id\":\"https:\/\/denizcankizil.tr\/de\/koseyazilari\/degerlendirme\/atanmis-mirascinin-hukuki-niteligi-ve-haklari-tmk-516-2\/#primaryimage\"},\"image\":{\"@id\":\"https:\/\/denizcankizil.tr\/de\/koseyazilari\/degerlendirme\/atanmis-mirascinin-hukuki-niteligi-ve-haklari-tmk-516-2\/#primaryimage\"},\"thumbnailUrl\":\"https:\/\/denizcankizil.tr\/wp-content\/uploads\/2024\/10\/ounsel-scaled.jpg\",\"datePublished\":\"2025-05-26T12:40:52+00:00\",\"breadcrumb\":{\"@id\":\"https:\/\/denizcankizil.tr\/de\/koseyazilari\/degerlendirme\/atanmis-mirascinin-hukuki-niteligi-ve-haklari-tmk-516-2\/#breadcrumb\"},\"inLanguage\":\"en-GB\",\"potentialAction\":[{\"@type\":\"ReadAction\",\"target\":[\"https:\/\/denizcankizil.tr\/de\/koseyazilari\/degerlendirme\/atanmis-mirascinin-hukuki-niteligi-ve-haklari-tmk-516-2\/\"]}]},{\"@type\":\"ImageObject\",\"inLanguage\":\"en-GB\",\"@id\":\"https:\/\/denizcankizil.tr\/de\/koseyazilari\/degerlendirme\/atanmis-mirascinin-hukuki-niteligi-ve-haklari-tmk-516-2\/#primaryimage\",\"url\":\"https:\/\/denizcankizil.tr\/wp-content\/uploads\/2024\/10\/ounsel-scaled.jpg\",\"contentUrl\":\"https:\/\/denizcankizil.tr\/wp-content\/uploads\/2024\/10\/ounsel-scaled.jpg\"},{\"@type\":\"BreadcrumbList\",\"@id\":\"https:\/\/denizcankizil.tr\/de\/koseyazilari\/degerlendirme\/atanmis-mirascinin-hukuki-niteligi-ve-haklari-tmk-516-2\/#breadcrumb\",\"itemListElement\":[{\"@type\":\"ListItem\",\"position\":1,\"name\":\"Home\",\"item\":\"https:\/\/denizcankizil.tr\/de\/\"},{\"@type\":\"ListItem\",\"position\":2,\"name\":\"Atanm\u0131\u015f Miras\u00e7\u0131n\u0131n Hukuki Niteli\u011fi ve Haklar\u0131 (TMK 516)\"}]},{\"@type\":\"WebSite\",\"@id\":\"https:\/\/denizcankizil.tr\/#website\",\"url\":\"https:\/\/denizcankizil.tr\/\",\"name\":\"Av. Deniz Can K\u0131z\u0131l\",\"description\":\"Avukat Deniz Can K\u0131z\u0131l Antalya Barosu\",\"publisher\":{\"@id\":\"https:\/\/denizcankizil.tr\/#organization\"},\"potentialAction\":[{\"@type\":\"SearchAction\",\"target\":{\"@type\":\"EntryPoint\",\"urlTemplate\":\"https:\/\/denizcankizil.tr\/?s={search_term_string}\"},\"query-input\":{\"@type\":\"PropertyValueSpecification\",\"valueRequired\":true,\"valueName\":\"search_term_string\"}}],\"inLanguage\":\"en-GB\"},{\"@type\":\"Organization\",\"@id\":\"https:\/\/denizcankizil.tr\/#organization\",\"name\":\"Av. Deniz Can K\u0131z\u0131l\",\"url\":\"https:\/\/denizcankizil.tr\/\",\"logo\":{\"@type\":\"ImageObject\",\"inLanguage\":\"en-GB\",\"@id\":\"https:\/\/denizcankizil.tr\/#\/schema\/logo\/image\/\",\"url\":\"http:\/\/denizcankizil.tr\/wp-content\/uploads\/2024\/10\/siyah-logo-svg.svg\",\"contentUrl\":\"http:\/\/denizcankizil.tr\/wp-content\/uploads\/2024\/10\/siyah-logo-svg.svg\",\"width\":1080,\"height\":1080,\"caption\":\"Av. Deniz Can K\u0131z\u0131l\"},\"image\":{\"@id\":\"https:\/\/denizcankizil.tr\/#\/schema\/logo\/image\/\"}},{\"@type\":\"Person\",\"@id\":\"https:\/\/denizcankizil.tr\/#\/schema\/person\/5dc1b22991bd7ac833867c10afc9b0ff\",\"name\":\"Av. Deniz Can K\u0131z\u0131l\",\"image\":{\"@type\":\"ImageObject\",\"inLanguage\":\"en-GB\",\"@id\":\"https:\/\/denizcankizil.tr\/#\/schema\/person\/image\/\",\"url\":\"https:\/\/secure.gravatar.com\/avatar\/a0b128fb9855c79efc976d5640eedb31dc35ec297594d6016d2cf7c60e975bb6?s=96&d=mm&r=g\",\"contentUrl\":\"https:\/\/secure.gravatar.com\/avatar\/a0b128fb9855c79efc976d5640eedb31dc35ec297594d6016d2cf7c60e975bb6?s=96&d=mm&r=g\",\"caption\":\"Av. Deniz Can K\u0131z\u0131l\"},\"sameAs\":[\"http:\/\/www.denizcankizil.tr\"],\"url\":\"http:\/\/denizcankizil.tr\/en\/author\/denizcankizil\/\"}]}<\/script>\n<!-- \/ Yoast SEO Premium plugin. -->","yoast_head_json":{"title":"Atanm\u0131\u015f Miras\u00e7\u0131n\u0131n Hukuki Niteli\u011fi ve Haklar\u0131 (TMK 516) - Av. Deniz Can K\u0131z\u0131l","robots":{"index":"index","follow":"follow","max-snippet":"max-snippet:-1","max-image-preview":"max-image-preview:large","max-video-preview":"max-video-preview:-1"},"canonical":"https:\/\/denizcankizil.tr\/en\/koseyazilari\/degerlendirme\/atanmis-mirascinin-hukuki-niteligi-ve-haklari-tmk-516-2\/","og_locale":"en_GB","og_type":"article","og_title":"Atanm\u0131\u015f Miras\u00e7\u0131n\u0131n Hukuki Niteli\u011fi ve Haklar\u0131 (TMK 516)","og_description":"Atanm\u0131\u015f miras\u00e7\u0131, T\u00fcrk Medeni Kanunu'nun 516. maddesi uyar\u0131nca, miras b\u0131rakan taraf\u0131ndan belirlenen ve miras\u0131n kendisine b\u0131rak\u0131ld\u0131\u011f\u0131 ki\u015fi olarak tan\u0131mlan\u0131r. Bu miras\u00e7\u0131n\u0131n haklar\u0131, miras\u0131n intikali ve y\u00f6netimi a\u00e7\u0131s\u0131ndan \u00f6nemli hukuki sonu\u00e7lar do\u011furur.","og_url":"https:\/\/denizcankizil.tr\/en\/koseyazilari\/degerlendirme\/atanmis-mirascinin-hukuki-niteligi-ve-haklari-tmk-516-2\/","og_site_name":"Av. Deniz Can K\u0131z\u0131l","article_published_time":"2025-05-26T12:40:52+00:00","og_image":[{"url":"https:\/\/denizcankizil.tr\/wp-content\/uploads\/2024\/10\/ounsel-scaled.jpg","type":"","width":"","height":""}],"author":"Av. Deniz Can K\u0131z\u0131l","twitter_card":"summary_large_image","twitter_misc":{"Written by":"Av. Deniz Can K\u0131z\u0131l","Estimated reading time":"9 minutes"},"schema":{"@context":"https:\/\/schema.org","@graph":[{"@type":"Article","@id":"https:\/\/denizcankizil.tr\/de\/koseyazilari\/degerlendirme\/atanmis-mirascinin-hukuki-niteligi-ve-haklari-tmk-516-2\/#article","isPartOf":{"@id":"https:\/\/denizcankizil.tr\/de\/koseyazilari\/degerlendirme\/atanmis-mirascinin-hukuki-niteligi-ve-haklari-tmk-516-2\/"},"author":{"name":"Av. Deniz Can K\u0131z\u0131l","@id":"https:\/\/denizcankizil.tr\/#\/schema\/person\/5dc1b22991bd7ac833867c10afc9b0ff"},"headline":"Atanm\u0131\u015f Miras\u00e7\u0131n\u0131n Hukuki Niteli\u011fi ve Haklar\u0131 (TMK 516)","datePublished":"2025-05-26T12:40:52+00:00","mainEntityOfPage":{"@id":"https:\/\/denizcankizil.tr\/de\/koseyazilari\/degerlendirme\/atanmis-mirascinin-hukuki-niteligi-ve-haklari-tmk-516-2\/"},"wordCount":1763,"commentCount":0,"publisher":{"@id":"https:\/\/denizcankizil.tr\/#organization"},"image":{"@id":"https:\/\/denizcankizil.tr\/de\/koseyazilari\/degerlendirme\/atanmis-mirascinin-hukuki-niteligi-ve-haklari-tmk-516-2\/#primaryimage"},"thumbnailUrl":"https:\/\/denizcankizil.tr\/wp-content\/uploads\/2024\/10\/ounsel-scaled.jpg","articleSection":["De\u011ferlendirme"],"inLanguage":"en-GB","potentialAction":[{"@type":"CommentAction","name":"Comment","target":["https:\/\/denizcankizil.tr\/de\/koseyazilari\/degerlendirme\/atanmis-mirascinin-hukuki-niteligi-ve-haklari-tmk-516-2\/#respond"]}]},{"@type":"WebPage","@id":"https:\/\/denizcankizil.tr\/de\/koseyazilari\/degerlendirme\/atanmis-mirascinin-hukuki-niteligi-ve-haklari-tmk-516-2\/","url":"https:\/\/denizcankizil.tr\/de\/koseyazilari\/degerlendirme\/atanmis-mirascinin-hukuki-niteligi-ve-haklari-tmk-516-2\/","name":"Atanm\u0131\u015f Miras\u00e7\u0131n\u0131n Hukuki Niteli\u011fi ve Haklar\u0131 (TMK 516) - Av. Deniz Can K\u0131z\u0131l","isPartOf":{"@id":"https:\/\/denizcankizil.tr\/#website"},"primaryImageOfPage":{"@id":"https:\/\/denizcankizil.tr\/de\/koseyazilari\/degerlendirme\/atanmis-mirascinin-hukuki-niteligi-ve-haklari-tmk-516-2\/#primaryimage"},"image":{"@id":"https:\/\/denizcankizil.tr\/de\/koseyazilari\/degerlendirme\/atanmis-mirascinin-hukuki-niteligi-ve-haklari-tmk-516-2\/#primaryimage"},"thumbnailUrl":"https:\/\/denizcankizil.tr\/wp-content\/uploads\/2024\/10\/ounsel-scaled.jpg","datePublished":"2025-05-26T12:40:52+00:00","breadcrumb":{"@id":"https:\/\/denizcankizil.tr\/de\/koseyazilari\/degerlendirme\/atanmis-mirascinin-hukuki-niteligi-ve-haklari-tmk-516-2\/#breadcrumb"},"inLanguage":"en-GB","potentialAction":[{"@type":"ReadAction","target":["https:\/\/denizcankizil.tr\/de\/koseyazilari\/degerlendirme\/atanmis-mirascinin-hukuki-niteligi-ve-haklari-tmk-516-2\/"]}]},{"@type":"ImageObject","inLanguage":"en-GB","@id":"https:\/\/denizcankizil.tr\/de\/koseyazilari\/degerlendirme\/atanmis-mirascinin-hukuki-niteligi-ve-haklari-tmk-516-2\/#primaryimage","url":"https:\/\/denizcankizil.tr\/wp-content\/uploads\/2024\/10\/ounsel-scaled.jpg","contentUrl":"https:\/\/denizcankizil.tr\/wp-content\/uploads\/2024\/10\/ounsel-scaled.jpg"},{"@type":"BreadcrumbList","@id":"https:\/\/denizcankizil.tr\/de\/koseyazilari\/degerlendirme\/atanmis-mirascinin-hukuki-niteligi-ve-haklari-tmk-516-2\/#breadcrumb","itemListElement":[{"@type":"ListItem","position":1,"name":"Home","item":"https:\/\/denizcankizil.tr\/de\/"},{"@type":"ListItem","position":2,"name":"Atanm\u0131\u015f Miras\u00e7\u0131n\u0131n Hukuki Niteli\u011fi ve Haklar\u0131 (TMK 516)"}]},{"@type":"WebSite","@id":"https:\/\/denizcankizil.tr\/#website","url":"https:\/\/denizcankizil.tr\/","name":"Av. Deniz Can K\u0131z\u0131l","description":"Avukat Deniz Can K\u0131z\u0131l Antalya Barosu","publisher":{"@id":"https:\/\/denizcankizil.tr\/#organization"},"potentialAction":[{"@type":"SearchAction","target":{"@type":"EntryPoint","urlTemplate":"https:\/\/denizcankizil.tr\/?s={search_term_string}"},"query-input":{"@type":"PropertyValueSpecification","valueRequired":true,"valueName":"search_term_string"}}],"inLanguage":"en-GB"},{"@type":"Organization","@id":"https:\/\/denizcankizil.tr\/#organization","name":"Av. Deniz Can K\u0131z\u0131l","url":"https:\/\/denizcankizil.tr\/","logo":{"@type":"ImageObject","inLanguage":"en-GB","@id":"https:\/\/denizcankizil.tr\/#\/schema\/logo\/image\/","url":"http:\/\/denizcankizil.tr\/wp-content\/uploads\/2024\/10\/siyah-logo-svg.svg","contentUrl":"http:\/\/denizcankizil.tr\/wp-content\/uploads\/2024\/10\/siyah-logo-svg.svg","width":1080,"height":1080,"caption":"Av. Deniz Can K\u0131z\u0131l"},"image":{"@id":"https:\/\/denizcankizil.tr\/#\/schema\/logo\/image\/"}},{"@type":"Person","@id":"https:\/\/denizcankizil.tr\/#\/schema\/person\/5dc1b22991bd7ac833867c10afc9b0ff","name":"Av. Deniz Can K\u0131z\u0131l","image":{"@type":"ImageObject","inLanguage":"en-GB","@id":"https:\/\/denizcankizil.tr\/#\/schema\/person\/image\/","url":"https:\/\/secure.gravatar.com\/avatar\/a0b128fb9855c79efc976d5640eedb31dc35ec297594d6016d2cf7c60e975bb6?s=96&d=mm&r=g","contentUrl":"https:\/\/secure.gravatar.com\/avatar\/a0b128fb9855c79efc976d5640eedb31dc35ec297594d6016d2cf7c60e975bb6?s=96&d=mm&r=g","caption":"Av. Deniz Can K\u0131z\u0131l"},"sameAs":["http:\/\/www.denizcankizil.tr"],"url":"http:\/\/denizcankizil.tr\/en\/author\/denizcankizil\/"}]}},"_links":{"self":[{"href":"http:\/\/denizcankizil.tr\/en\/wp-json\/wp\/v2\/posts\/97369","targetHints":{"allow":["GET"]}}],"collection":[{"href":"http:\/\/denizcankizil.tr\/en\/wp-json\/wp\/v2\/posts"}],"about":[{"href":"http:\/\/denizcankizil.tr\/en\/wp-json\/wp\/v2\/types\/post"}],"author":[{"embeddable":true,"href":"http:\/\/denizcankizil.tr\/en\/wp-json\/wp\/v2\/users\/4"}],"replies":[{"embeddable":true,"href":"http:\/\/denizcankizil.tr\/en\/wp-json\/wp\/v2\/comments?post=97369"}],"version-history":[{"count":0,"href":"http:\/\/denizcankizil.tr\/en\/wp-json\/wp\/v2\/posts\/97369\/revisions"}],"wp:attachment":[{"href":"http:\/\/denizcankizil.tr\/en\/wp-json\/wp\/v2\/media?parent=97369"}],"wp:term":[{"taxonomy":"category","embeddable":true,"href":"http:\/\/denizcankizil.tr\/en\/wp-json\/wp\/v2\/categories?post=97369"},{"taxonomy":"post_tag","embeddable":true,"href":"http:\/\/denizcankizil.tr\/en\/wp-json\/wp\/v2\/tags?post=97369"}],"curies":[{"name":"wp","href":"https:\/\/api.w.org\/{rel}","templated":true}]}}