{"id":95313,"date":"2025-05-24T09:41:44","date_gmt":"2025-05-24T06:41:44","guid":{"rendered":"https:\/\/denizcankizil.tr\/uncategorized-tr\/antalyada-tramvay-seferleri-durdu-binlerce-vatandas-magdur-oldu\/"},"modified":"2025-05-24T09:41:44","modified_gmt":"2025-05-24T06:41:44","slug":"antalyada-tramvay-seferleri-durdu-binlerce-vatandas-magdur-oldu","status":"publish","type":"post","link":"http:\/\/denizcankizil.tr\/en\/haberler\/gundem\/antalyada-tramvay-seferleri-durdu-binlerce-vatandas-magdur-oldu\/","title":{"rendered":"Antalya\u2019da tramvay seferleri durdu! Binlerce vatanda\u015f ma\u011fdur oldu"},"content":{"rendered":"<p>Antalya\u2019da elektri\u011fin kesilmesi ile rayl\u0131 sistemler adeta fel\u00e7 oldu. Tramvay duraklar\u0131nda yolcular\u0131n bir k\u0131sm\u0131n\u0131n bekleyi\u015fi s\u00fcrerken baz\u0131 duraklarda yo\u011funluk olu\u015ftu\u011fu g\u00f6zlendi. Enerji yeniden sa\u011flan\u0131r sa\u011flanmaz seferlerin ba\u015flayaca\u011f\u0131 bildirildi. Antalya B\u00fcy\u00fck\u015fehir Belediyesi\u2019nden yap\u0131lan a\u00e7\u0131klamada seferlerin elektrik kesintisinden dolay\u0131 ger\u00e7ekle\u015ftirilemedi\u011fi ifade edildi.<\/p>\n<p>ESNAF MA\u011eDRUYET YA\u015eADI<\/p>\n<p>\u015eehir merkezindeki nostaljik tramvay da kesinti sebebiyle seferlerine ara verdi. \u015eehir merkezinde jenarat\u00f6r\u00fc olmayan esnaflar mum ve \u0131\u015f\u0131ldak yakarak \u00e7al\u0131\u015fmalar\u0131n\u0131 s\u00fcrd\u00fcrd\u00fcler. Hastane ve al\u0131\u015fveri\u015f merkezlerinde ise jenarat\u00f6rler devreye girdi. Baz istasyonlar\u0131n\u0131n baz\u0131lar\u0131 ise ak\u00fcyle beslendi\u011fi i\u00e7in GSM ile ileti\u015fimde s\u0131k\u0131nt\u0131lar ya\u015fand\u0131\u011f\u0131 kaydediliyor. G\u00fc\u00e7 kayna\u011f\u0131 kullanan i\u015fyerleri ise ak\u00fclerin bitmesiyle i\u015fleyemez hale geldi.<\/p>\n<p>\u015eEH\u0130R GENEL\u0130NDE TRAF\u0130K I\u015eIKLARI S\u00d6ND\u00dc<\/p>\n<p>Antalya B\u00fcy\u00fck\u015fehir Belediyesi&#8217;nden \u015fehrin baz\u0131 noktalar\u0131nda trafik \u0131\u015f\u0131klar\u0131n\u0131n \u00e7al\u0131\u015fmad\u0131\u011f\u0131 duyuruldu. A\u00e7\u0131klamada \u015f\u00f6yle denildi:<\/p>\n<p>\u201cAntalya\u2019n\u0131n \u00f6nemli b\u00f6l\u00fcm\u00fcnde elektrik kesintisi nedeniyle trafik \u0131\u015f\u0131klar\u0131 \u015fu anl\u0131k \u00e7al\u0131\u015fmamaktad\u0131r.\u201d<\/p>\n<p>\u200bAntalya\u2019n\u0131n Konyaalt\u0131, Kepez ve Muratpa\u015fa il\u00e7elerinde d\u00fcn ak\u015fam saatlerinden itibaren elektrik iletim a\u011f\u0131nda ya\u015fanan ar\u0131za nedeniyle elektrik kesintisi ya\u015fand\u0131. Elektrik kesintisinden dolay\u0131 bu sabah (24 May\u0131s) tramvay seferleri yap\u0131lamad\u0131. Binlerce Antalyal\u0131 ma\u011fduriyet ya\u015fad\u0131.\u00a0<\/p>\n<p>\u200bHaberin Al\u0131nt\u0131land\u0131\u011f\u0131 Kaynak: www.antalyakorfez.com<\/p>","protected":false},"excerpt":{"rendered":"<p>Antalya\u2019da elektri\u011fin kesilmesi ile rayl\u0131 sistemler adeta fel\u00e7 oldu. Tramvay duraklar\u0131nda yolcular\u0131n bir k\u0131sm\u0131n\u0131n bekleyi\u015fi s\u00fcrerken baz\u0131 duraklarda yo\u011funluk olu\u015ftu\u011fu g\u00f6zlendi. Enerji yeniden sa\u011flan\u0131r sa\u011flanmaz seferlerin ba\u015flayaca\u011f\u0131 bildirildi. Antalya B\u00fcy\u00fck\u015fehir Belediyesi\u2019nden yap\u0131lan a\u00e7\u0131klamada seferlerin elektrik kesintisinden dolay\u0131 ger\u00e7ekle\u015ftirilemedi\u011fi ifade edildi. ESNAF MA\u011eDRUYET YA\u015eADI \u015eehir merkezindeki nostaljik tramvay da kesinti sebebiyle seferlerine ara verdi. \u015eehir merkezinde jenarat\u00f6r\u00fc olmayan esnaflar mum ve \u0131\u015f\u0131ldak yakarak \u00e7al\u0131\u015fmalar\u0131n\u0131 s\u00fcrd\u00fcrd\u00fcler. Hastane ve al\u0131\u015fveri\u015f merkezlerinde ise jenarat\u00f6rler devreye girdi. Baz istasyonlar\u0131n\u0131n baz\u0131lar\u0131 ise ak\u00fcyle beslendi\u011fi i\u00e7in GSM ile ileti\u015fimde s\u0131k\u0131nt\u0131lar ya\u015fand\u0131\u011f\u0131 kaydediliyor. G\u00fc\u00e7 kayna\u011f\u0131 kullanan i\u015fyerleri ise ak\u00fclerin bitmesiyle i\u015fleyemez hale geldi. \u015eEH\u0130R GENEL\u0130NDE TRAF\u0130K I\u015eIKLARI S\u00d6ND\u00dc Antalya B\u00fcy\u00fck\u015fehir Belediyesi&#8217;nden \u015fehrin baz\u0131 noktalar\u0131nda trafik \u0131\u015f\u0131klar\u0131n\u0131n \u00e7al\u0131\u015fmad\u0131\u011f\u0131 duyuruldu. A\u00e7\u0131klamada \u015f\u00f6yle denildi: \u201cAntalya\u2019n\u0131n \u00f6nemli b\u00f6l\u00fcm\u00fcnde elektrik kesintisi nedeniyle trafik \u0131\u015f\u0131klar\u0131 \u015fu anl\u0131k \u00e7al\u0131\u015fmamaktad\u0131r.\u201d \u200bAntalya\u2019n\u0131n Konyaalt\u0131, Kepez ve Muratpa\u015fa il\u00e7elerinde d\u00fcn ak\u015fam saatlerinden itibaren elektrik iletim a\u011f\u0131nda ya\u015fanan ar\u0131za nedeniyle elektrik kesintisi ya\u015fand\u0131. Elektrik kesintisinden dolay\u0131 bu sabah (24 May\u0131s) tramvay seferleri yap\u0131lamad\u0131. Binlerce Antalyal\u0131 ma\u011fduriyet ya\u015fad\u0131.\u00a0 \u200bHaberin Al\u0131nt\u0131land\u0131\u011f\u0131 Kaynak: www.antalyakorfez.com<\/p>","protected":false},"author":5,"featured_media":0,"comment_status":"","ping_status":"open","sticky":false,"template":"","format":"standard","meta":{"_acf_changed":false,"footnotes":""},"categories":[24],"tags":[],"class_list":["post-95313","post","type-post","status-publish","format-standard","has-post-thumbnail","hentry","category-gundem"],"acf":[],"yoast_head":"<!-- This site is optimized with the Yoast SEO Premium plugin v26.6 (Yoast SEO v27.1.1) - https:\/\/yoast.com\/product\/yoast-seo-premium-wordpress\/ -->\n<title>Antalya\u2019da tramvay seferleri durdu! Binlerce vatanda\u015f ma\u011fdur oldu - Av. Deniz Can K\u0131z\u0131l<\/title>\n<meta name=\"robots\" content=\"index, follow, max-snippet:-1, max-image-preview:large, max-video-preview:-1\" \/>\n<link rel=\"canonical\" href=\"http:\/\/denizcankizil.tr\/en\/haberler\/gundem\/antalyada-tramvay-seferleri-durdu-binlerce-vatandas-magdur-oldu\/\" \/>\n<meta property=\"og:locale\" content=\"en_GB\" \/>\n<meta property=\"og:type\" content=\"article\" \/>\n<meta property=\"og:title\" content=\"Antalya\u2019da tramvay seferleri durdu! Binlerce vatanda\u015f ma\u011fdur oldu\" \/>\n<meta property=\"og:description\" content=\"Antalya\u2019da elektri\u011fin kesilmesi ile rayl\u0131 sistemler adeta fel\u00e7 oldu. Tramvay duraklar\u0131nda yolcular\u0131n bir k\u0131sm\u0131n\u0131n bekleyi\u015fi s\u00fcrerken baz\u0131 duraklarda yo\u011funluk olu\u015ftu\u011fu g\u00f6zlendi. Enerji yeniden sa\u011flan\u0131r sa\u011flanmaz seferlerin ba\u015flayaca\u011f\u0131 bildirildi. Antalya B\u00fcy\u00fck\u015fehir Belediyesi\u2019nden yap\u0131lan a\u00e7\u0131klamada seferlerin elektrik kesintisinden dolay\u0131 ger\u00e7ekle\u015ftirilemedi\u011fi ifade edildi. ESNAF MA\u011eDRUYET YA\u015eADI \u015eehir merkezindeki nostaljik tramvay da kesinti sebebiyle seferlerine ara verdi. \u015eehir merkezinde jenarat\u00f6r\u00fc olmayan esnaflar mum ve \u0131\u015f\u0131ldak yakarak \u00e7al\u0131\u015fmalar\u0131n\u0131 s\u00fcrd\u00fcrd\u00fcler. Hastane ve al\u0131\u015fveri\u015f merkezlerinde ise jenarat\u00f6rler devreye girdi. Baz istasyonlar\u0131n\u0131n baz\u0131lar\u0131 ise ak\u00fcyle beslendi\u011fi i\u00e7in GSM ile ileti\u015fimde s\u0131k\u0131nt\u0131lar ya\u015fand\u0131\u011f\u0131 kaydediliyor. G\u00fc\u00e7 kayna\u011f\u0131 kullanan i\u015fyerleri ise ak\u00fclerin bitmesiyle i\u015fleyemez hale geldi. \u015eEH\u0130R GENEL\u0130NDE TRAF\u0130K I\u015eIKLARI S\u00d6ND\u00dc Antalya B\u00fcy\u00fck\u015fehir Belediyesi&#8217;nden \u015fehrin baz\u0131 noktalar\u0131nda trafik \u0131\u015f\u0131klar\u0131n\u0131n \u00e7al\u0131\u015fmad\u0131\u011f\u0131 duyuruldu. A\u00e7\u0131klamada \u015f\u00f6yle denildi: \u201cAntalya\u2019n\u0131n \u00f6nemli b\u00f6l\u00fcm\u00fcnde elektrik kesintisi nedeniyle trafik \u0131\u015f\u0131klar\u0131 \u015fu anl\u0131k \u00e7al\u0131\u015fmamaktad\u0131r.\u201d \u200bAntalya\u2019n\u0131n Konyaalt\u0131, Kepez ve Muratpa\u015fa il\u00e7elerinde d\u00fcn ak\u015fam saatlerinden itibaren elektrik iletim a\u011f\u0131nda ya\u015fanan ar\u0131za nedeniyle elektrik kesintisi ya\u015fand\u0131. Elektrik kesintisinden dolay\u0131 bu sabah (24 May\u0131s) tramvay seferleri yap\u0131lamad\u0131. Binlerce Antalyal\u0131 ma\u011fduriyet ya\u015fad\u0131.\u00a0 \u200bHaberin Al\u0131nt\u0131land\u0131\u011f\u0131 Kaynak: www.antalyakorfez.com\" \/>\n<meta property=\"og:url\" content=\"http:\/\/denizcankizil.tr\/en\/haberler\/gundem\/antalyada-tramvay-seferleri-durdu-binlerce-vatandas-magdur-oldu\/\" \/>\n<meta property=\"og:site_name\" content=\"Av. Deniz Can K\u0131z\u0131l\" \/>\n<meta property=\"article:published_time\" content=\"2025-05-24T06:41:44+00:00\" \/>\n<meta name=\"author\" content=\"Antalya K\u00f6rfez\" \/>\n<meta name=\"twitter:card\" content=\"summary_large_image\" \/>\n<meta name=\"twitter:label1\" content=\"Written by\" \/>\n\t<meta name=\"twitter:data1\" content=\"Antalya K\u00f6rfez\" \/>\n\t<meta name=\"twitter:label2\" content=\"Estimated reading time\" \/>\n\t<meta name=\"twitter:data2\" content=\"1 minute\" \/>\n<script type=\"application\/ld+json\" class=\"yoast-schema-graph\">{\"@context\":\"https:\/\/schema.org\",\"@graph\":[{\"@type\":\"Article\",\"@id\":\"http:\/\/denizcankizil.tr\/en\/haberler\/gundem\/antalyada-tramvay-seferleri-durdu-binlerce-vatandas-magdur-oldu\/#article\",\"isPartOf\":{\"@id\":\"http:\/\/denizcankizil.tr\/en\/haberler\/gundem\/antalyada-tramvay-seferleri-durdu-binlerce-vatandas-magdur-oldu\/\"},\"author\":{\"name\":\"Antalya K\u00f6rfez\",\"@id\":\"https:\/\/denizcankizil.tr\/de\/#\/schema\/person\/e1eb71bb4dd684d46563f0af307e1234\"},\"headline\":\"Antalya\u2019da tramvay seferleri durdu! Binlerce vatanda\u015f ma\u011fdur oldu\",\"datePublished\":\"2025-05-24T06:41:44+00:00\",\"mainEntityOfPage\":{\"@id\":\"http:\/\/denizcankizil.tr\/en\/haberler\/gundem\/antalyada-tramvay-seferleri-durdu-binlerce-vatandas-magdur-oldu\/\"},\"wordCount\":260,\"publisher\":{\"@id\":\"https:\/\/denizcankizil.tr\/de\/#organization\"},\"articleSection\":[\"G\u00fcndem\"],\"inLanguage\":\"en-GB\"},{\"@type\":\"WebPage\",\"@id\":\"http:\/\/denizcankizil.tr\/en\/haberler\/gundem\/antalyada-tramvay-seferleri-durdu-binlerce-vatandas-magdur-oldu\/\",\"url\":\"http:\/\/denizcankizil.tr\/en\/haberler\/gundem\/antalyada-tramvay-seferleri-durdu-binlerce-vatandas-magdur-oldu\/\",\"name\":\"Antalya\u2019da tramvay seferleri durdu! Binlerce vatanda\u015f ma\u011fdur oldu - Av. Deniz Can K\u0131z\u0131l\",\"isPartOf\":{\"@id\":\"https:\/\/denizcankizil.tr\/de\/#website\"},\"datePublished\":\"2025-05-24T06:41:44+00:00\",\"breadcrumb\":{\"@id\":\"http:\/\/denizcankizil.tr\/en\/haberler\/gundem\/antalyada-tramvay-seferleri-durdu-binlerce-vatandas-magdur-oldu\/#breadcrumb\"},\"inLanguage\":\"en-GB\",\"potentialAction\":[{\"@type\":\"ReadAction\",\"target\":[\"http:\/\/denizcankizil.tr\/en\/haberler\/gundem\/antalyada-tramvay-seferleri-durdu-binlerce-vatandas-magdur-oldu\/\"]}]},{\"@type\":\"BreadcrumbList\",\"@id\":\"http:\/\/denizcankizil.tr\/en\/haberler\/gundem\/antalyada-tramvay-seferleri-durdu-binlerce-vatandas-magdur-oldu\/#breadcrumb\",\"itemListElement\":[{\"@type\":\"ListItem\",\"position\":1,\"name\":\"Home\",\"item\":\"https:\/\/denizcankizil.tr\/de\/\"},{\"@type\":\"ListItem\",\"position\":2,\"name\":\"Antalya\u2019da tramvay seferleri durdu! Binlerce vatanda\u015f ma\u011fdur oldu\"}]},{\"@type\":\"WebSite\",\"@id\":\"https:\/\/denizcankizil.tr\/de\/#website\",\"url\":\"https:\/\/denizcankizil.tr\/de\/\",\"name\":\"Av. Deniz Can K\u0131z\u0131l\",\"description\":\"Avukat Deniz Can K\u0131z\u0131l Antalya Barosu\",\"publisher\":{\"@id\":\"https:\/\/denizcankizil.tr\/de\/#organization\"},\"potentialAction\":[{\"@type\":\"SearchAction\",\"target\":{\"@type\":\"EntryPoint\",\"urlTemplate\":\"https:\/\/denizcankizil.tr\/de\/?s={search_term_string}\"},\"query-input\":{\"@type\":\"PropertyValueSpecification\",\"valueRequired\":true,\"valueName\":\"search_term_string\"}}],\"inLanguage\":\"en-GB\"},{\"@type\":\"Organization\",\"@id\":\"https:\/\/denizcankizil.tr\/de\/#organization\",\"name\":\"Av. Deniz Can K\u0131z\u0131l\",\"url\":\"https:\/\/denizcankizil.tr\/de\/\",\"logo\":{\"@type\":\"ImageObject\",\"inLanguage\":\"en-GB\",\"@id\":\"https:\/\/denizcankizil.tr\/de\/#\/schema\/logo\/image\/\",\"url\":\"http:\/\/denizcankizil.tr\/wp-content\/uploads\/2024\/10\/siyah-logo-svg.svg\",\"contentUrl\":\"http:\/\/denizcankizil.tr\/wp-content\/uploads\/2024\/10\/siyah-logo-svg.svg\",\"width\":1080,\"height\":1080,\"caption\":\"Av. Deniz Can K\u0131z\u0131l\"},\"image\":{\"@id\":\"https:\/\/denizcankizil.tr\/de\/#\/schema\/logo\/image\/\"}},{\"@type\":\"Person\",\"@id\":\"https:\/\/denizcankizil.tr\/de\/#\/schema\/person\/e1eb71bb4dd684d46563f0af307e1234\",\"name\":\"Antalya K\u00f6rfez\",\"image\":{\"@type\":\"ImageObject\",\"inLanguage\":\"en-GB\",\"@id\":\"https:\/\/denizcankizil.tr\/de\/#\/schema\/person\/image\/\",\"url\":\"https:\/\/secure.gravatar.com\/avatar\/42b01982558a48a0b501fdcab6a408d3717ea5919095ee2e67b0e521799c5905?s=96&d=mm&r=g\",\"contentUrl\":\"https:\/\/secure.gravatar.com\/avatar\/42b01982558a48a0b501fdcab6a408d3717ea5919095ee2e67b0e521799c5905?s=96&d=mm&r=g\",\"caption\":\"Antalya K\u00f6rfez\"},\"sameAs\":[\"http:\/\/www.antalyakorfez.com\"],\"url\":\"https:\/\/www.antalyakorfez.com\/antalyada-tramvay-seferleri-durdu-binlerce-vatandas-magdur-oldu\"}]}<\/script>\n<!-- \/ Yoast SEO Premium plugin. -->","yoast_head_json":{"title":"Antalya\u2019da tramvay seferleri durdu! Binlerce vatanda\u015f ma\u011fdur oldu - Av. Deniz Can K\u0131z\u0131l","robots":{"index":"index","follow":"follow","max-snippet":"max-snippet:-1","max-image-preview":"max-image-preview:large","max-video-preview":"max-video-preview:-1"},"canonical":"http:\/\/denizcankizil.tr\/en\/haberler\/gundem\/antalyada-tramvay-seferleri-durdu-binlerce-vatandas-magdur-oldu\/","og_locale":"en_GB","og_type":"article","og_title":"Antalya\u2019da tramvay seferleri durdu! Binlerce vatanda\u015f ma\u011fdur oldu","og_description":"Antalya\u2019da elektri\u011fin kesilmesi ile rayl\u0131 sistemler adeta fel\u00e7 oldu. Tramvay duraklar\u0131nda yolcular\u0131n bir k\u0131sm\u0131n\u0131n bekleyi\u015fi s\u00fcrerken baz\u0131 duraklarda yo\u011funluk olu\u015ftu\u011fu g\u00f6zlendi. Enerji yeniden sa\u011flan\u0131r sa\u011flanmaz seferlerin ba\u015flayaca\u011f\u0131 bildirildi. Antalya B\u00fcy\u00fck\u015fehir Belediyesi\u2019nden yap\u0131lan a\u00e7\u0131klamada seferlerin elektrik kesintisinden dolay\u0131 ger\u00e7ekle\u015ftirilemedi\u011fi ifade edildi. ESNAF MA\u011eDRUYET YA\u015eADI \u015eehir merkezindeki nostaljik tramvay da kesinti sebebiyle seferlerine ara verdi. \u015eehir merkezinde jenarat\u00f6r\u00fc olmayan esnaflar mum ve \u0131\u015f\u0131ldak yakarak \u00e7al\u0131\u015fmalar\u0131n\u0131 s\u00fcrd\u00fcrd\u00fcler. Hastane ve al\u0131\u015fveri\u015f merkezlerinde ise jenarat\u00f6rler devreye girdi. Baz istasyonlar\u0131n\u0131n baz\u0131lar\u0131 ise ak\u00fcyle beslendi\u011fi i\u00e7in GSM ile ileti\u015fimde s\u0131k\u0131nt\u0131lar ya\u015fand\u0131\u011f\u0131 kaydediliyor. G\u00fc\u00e7 kayna\u011f\u0131 kullanan i\u015fyerleri ise ak\u00fclerin bitmesiyle i\u015fleyemez hale geldi. \u015eEH\u0130R GENEL\u0130NDE TRAF\u0130K I\u015eIKLARI S\u00d6ND\u00dc Antalya B\u00fcy\u00fck\u015fehir Belediyesi&#8217;nden \u015fehrin baz\u0131 noktalar\u0131nda trafik \u0131\u015f\u0131klar\u0131n\u0131n \u00e7al\u0131\u015fmad\u0131\u011f\u0131 duyuruldu. A\u00e7\u0131klamada \u015f\u00f6yle denildi: \u201cAntalya\u2019n\u0131n \u00f6nemli b\u00f6l\u00fcm\u00fcnde elektrik kesintisi nedeniyle trafik \u0131\u015f\u0131klar\u0131 \u015fu anl\u0131k \u00e7al\u0131\u015fmamaktad\u0131r.\u201d \u200bAntalya\u2019n\u0131n Konyaalt\u0131, Kepez ve Muratpa\u015fa il\u00e7elerinde d\u00fcn ak\u015fam saatlerinden itibaren elektrik iletim a\u011f\u0131nda ya\u015fanan ar\u0131za nedeniyle elektrik kesintisi ya\u015fand\u0131. Elektrik kesintisinden dolay\u0131 bu sabah (24 May\u0131s) tramvay seferleri yap\u0131lamad\u0131. Binlerce Antalyal\u0131 ma\u011fduriyet ya\u015fad\u0131.\u00a0 \u200bHaberin Al\u0131nt\u0131land\u0131\u011f\u0131 Kaynak: www.antalyakorfez.com","og_url":"http:\/\/denizcankizil.tr\/en\/haberler\/gundem\/antalyada-tramvay-seferleri-durdu-binlerce-vatandas-magdur-oldu\/","og_site_name":"Av. Deniz Can K\u0131z\u0131l","article_published_time":"2025-05-24T06:41:44+00:00","author":"Antalya K\u00f6rfez","twitter_card":"summary_large_image","twitter_misc":{"Written by":"Antalya K\u00f6rfez","Estimated reading time":"1 minute"},"schema":{"@context":"https:\/\/schema.org","@graph":[{"@type":"Article","@id":"http:\/\/denizcankizil.tr\/en\/haberler\/gundem\/antalyada-tramvay-seferleri-durdu-binlerce-vatandas-magdur-oldu\/#article","isPartOf":{"@id":"http:\/\/denizcankizil.tr\/en\/haberler\/gundem\/antalyada-tramvay-seferleri-durdu-binlerce-vatandas-magdur-oldu\/"},"author":{"name":"Antalya K\u00f6rfez","@id":"https:\/\/denizcankizil.tr\/de\/#\/schema\/person\/e1eb71bb4dd684d46563f0af307e1234"},"headline":"Antalya\u2019da tramvay seferleri durdu! Binlerce vatanda\u015f ma\u011fdur oldu","datePublished":"2025-05-24T06:41:44+00:00","mainEntityOfPage":{"@id":"http:\/\/denizcankizil.tr\/en\/haberler\/gundem\/antalyada-tramvay-seferleri-durdu-binlerce-vatandas-magdur-oldu\/"},"wordCount":260,"publisher":{"@id":"https:\/\/denizcankizil.tr\/de\/#organization"},"articleSection":["G\u00fcndem"],"inLanguage":"en-GB"},{"@type":"WebPage","@id":"http:\/\/denizcankizil.tr\/en\/haberler\/gundem\/antalyada-tramvay-seferleri-durdu-binlerce-vatandas-magdur-oldu\/","url":"http:\/\/denizcankizil.tr\/en\/haberler\/gundem\/antalyada-tramvay-seferleri-durdu-binlerce-vatandas-magdur-oldu\/","name":"Antalya\u2019da tramvay seferleri durdu! Binlerce vatanda\u015f ma\u011fdur oldu - Av. Deniz Can K\u0131z\u0131l","isPartOf":{"@id":"https:\/\/denizcankizil.tr\/de\/#website"},"datePublished":"2025-05-24T06:41:44+00:00","breadcrumb":{"@id":"http:\/\/denizcankizil.tr\/en\/haberler\/gundem\/antalyada-tramvay-seferleri-durdu-binlerce-vatandas-magdur-oldu\/#breadcrumb"},"inLanguage":"en-GB","potentialAction":[{"@type":"ReadAction","target":["http:\/\/denizcankizil.tr\/en\/haberler\/gundem\/antalyada-tramvay-seferleri-durdu-binlerce-vatandas-magdur-oldu\/"]}]},{"@type":"BreadcrumbList","@id":"http:\/\/denizcankizil.tr\/en\/haberler\/gundem\/antalyada-tramvay-seferleri-durdu-binlerce-vatandas-magdur-oldu\/#breadcrumb","itemListElement":[{"@type":"ListItem","position":1,"name":"Home","item":"https:\/\/denizcankizil.tr\/de\/"},{"@type":"ListItem","position":2,"name":"Antalya\u2019da tramvay seferleri durdu! Binlerce vatanda\u015f ma\u011fdur oldu"}]},{"@type":"WebSite","@id":"https:\/\/denizcankizil.tr\/de\/#website","url":"https:\/\/denizcankizil.tr\/de\/","name":"Av. Deniz Can K\u0131z\u0131l","description":"Avukat Deniz Can K\u0131z\u0131l Antalya Barosu","publisher":{"@id":"https:\/\/denizcankizil.tr\/de\/#organization"},"potentialAction":[{"@type":"SearchAction","target":{"@type":"EntryPoint","urlTemplate":"https:\/\/denizcankizil.tr\/de\/?s={search_term_string}"},"query-input":{"@type":"PropertyValueSpecification","valueRequired":true,"valueName":"search_term_string"}}],"inLanguage":"en-GB"},{"@type":"Organization","@id":"https:\/\/denizcankizil.tr\/de\/#organization","name":"Av. Deniz Can K\u0131z\u0131l","url":"https:\/\/denizcankizil.tr\/de\/","logo":{"@type":"ImageObject","inLanguage":"en-GB","@id":"https:\/\/denizcankizil.tr\/de\/#\/schema\/logo\/image\/","url":"http:\/\/denizcankizil.tr\/wp-content\/uploads\/2024\/10\/siyah-logo-svg.svg","contentUrl":"http:\/\/denizcankizil.tr\/wp-content\/uploads\/2024\/10\/siyah-logo-svg.svg","width":1080,"height":1080,"caption":"Av. Deniz Can K\u0131z\u0131l"},"image":{"@id":"https:\/\/denizcankizil.tr\/de\/#\/schema\/logo\/image\/"}},{"@type":"Person","@id":"https:\/\/denizcankizil.tr\/de\/#\/schema\/person\/e1eb71bb4dd684d46563f0af307e1234","name":"Antalya K\u00f6rfez","image":{"@type":"ImageObject","inLanguage":"en-GB","@id":"https:\/\/denizcankizil.tr\/de\/#\/schema\/person\/image\/","url":"https:\/\/secure.gravatar.com\/avatar\/42b01982558a48a0b501fdcab6a408d3717ea5919095ee2e67b0e521799c5905?s=96&d=mm&r=g","contentUrl":"https:\/\/secure.gravatar.com\/avatar\/42b01982558a48a0b501fdcab6a408d3717ea5919095ee2e67b0e521799c5905?s=96&d=mm&r=g","caption":"Antalya K\u00f6rfez"},"sameAs":["http:\/\/www.antalyakorfez.com"],"url":"https:\/\/www.antalyakorfez.com\/antalyada-tramvay-seferleri-durdu-binlerce-vatandas-magdur-oldu"}]}},"_links":{"self":[{"href":"http:\/\/denizcankizil.tr\/en\/wp-json\/wp\/v2\/posts\/95313","targetHints":{"allow":["GET"]}}],"collection":[{"href":"http:\/\/denizcankizil.tr\/en\/wp-json\/wp\/v2\/posts"}],"about":[{"href":"http:\/\/denizcankizil.tr\/en\/wp-json\/wp\/v2\/types\/post"}],"author":[{"embeddable":true,"href":"http:\/\/denizcankizil.tr\/en\/wp-json\/wp\/v2\/users\/5"}],"replies":[{"embeddable":true,"href":"http:\/\/denizcankizil.tr\/en\/wp-json\/wp\/v2\/comments?post=95313"}],"version-history":[{"count":0,"href":"http:\/\/denizcankizil.tr\/en\/wp-json\/wp\/v2\/posts\/95313\/revisions"}],"wp:attachment":[{"href":"http:\/\/denizcankizil.tr\/en\/wp-json\/wp\/v2\/media?parent=95313"}],"wp:term":[{"taxonomy":"category","embeddable":true,"href":"http:\/\/denizcankizil.tr\/en\/wp-json\/wp\/v2\/categories?post=95313"},{"taxonomy":"post_tag","embeddable":true,"href":"http:\/\/denizcankizil.tr\/en\/wp-json\/wp\/v2\/tags?post=95313"}],"curies":[{"name":"wp","href":"https:\/\/api.w.org\/{rel}","templated":true}]}}