{"id":9494,"date":"2024-10-28T15:42:43","date_gmt":"2024-10-28T12:42:43","guid":{"rendered":"https:\/\/denizcankizil.tr\/uncategorized-tr\/inegolde-cumhuriyet-bayrami-coskusu-celenk-toreniyle-basladi\/"},"modified":"2024-10-28T15:42:43","modified_gmt":"2024-10-28T12:42:43","slug":"inegolde-cumhuriyet-bayrami-coskusu-celenk-toreniyle-basladi","status":"publish","type":"post","link":"http:\/\/denizcankizil.tr\/en\/haberler\/gundem\/inegolde-cumhuriyet-bayrami-coskusu-celenk-toreniyle-basladi\/","title":{"rendered":"\u0130neg\u00f6l\u2019de Cumhuriyet Bayram\u0131 Co\u015fkusu \u00c7elenk T\u00f6reniyle Ba\u015flad\u0131"},"content":{"rendered":"<p>29 Ekim Cumhuriyet Bayram\u0131\u2019n\u0131n 101. y\u0131ld\u00f6n\u00fcm\u00fc kutlamalar\u0131, 13.00\u2019DA Atat\u00fcrk An\u0131t\u0131 \u00f6n\u00fcnde d\u00fczenlenen \u00e7elenk sunma t\u00f6reniyle ba\u015flad\u0131.<\/p>\n<p>\u200b29 Ekim Cumhuriyet Bayram\u0131\u2019n\u0131n 101. y\u0131ld\u00f6n\u00fcm\u00fc kutlamalar\u0131, 13.00\u2019DA Atat\u00fcrk An\u0131t\u0131 \u00f6n\u00fcnde d\u00fczenlenen \u00e7elenk sunma t\u00f6reniyle ba\u015flad\u0131.\u00a0<\/p>\n<p>\u200bHaberin Al\u0131nt\u0131land\u0131\u011f\u0131 Kaynak: www.iskenderun.org<\/p>","protected":false},"excerpt":{"rendered":"<p>29 Ekim Cumhuriyet Bayram\u0131\u2019n\u0131n 101. y\u0131ld\u00f6n\u00fcm\u00fc kutlamalar\u0131, 13.00\u2019DA Atat\u00fcrk An\u0131t\u0131 \u00f6n\u00fcnde d\u00fczenlenen \u00e7elenk sunma t\u00f6reniyle ba\u015flad\u0131. \u200b29 Ekim Cumhuriyet Bayram\u0131\u2019n\u0131n 101. y\u0131ld\u00f6n\u00fcm\u00fc kutlamalar\u0131, 13.00\u2019DA Atat\u00fcrk An\u0131t\u0131 \u00f6n\u00fcnde d\u00fczenlenen \u00e7elenk sunma t\u00f6reniyle ba\u015flad\u0131.\u00a0 \u200bHaberin Al\u0131nt\u0131land\u0131\u011f\u0131 Kaynak: www.iskenderun.org<\/p>","protected":false},"author":0,"featured_media":0,"comment_status":"open","ping_status":"open","sticky":false,"template":"","format":"standard","meta":{"_acf_changed":false,"footnotes":""},"categories":[24,535],"tags":[],"class_list":["post-9494","post","type-post","status-publish","format-standard","has-post-thumbnail","hentry","category-gundem","category-uncategorized-tr"],"acf":[],"yoast_head":"<!-- This site is optimized with the Yoast SEO Premium plugin v26.6 (Yoast SEO v27.1.1) - https:\/\/yoast.com\/product\/yoast-seo-premium-wordpress\/ -->\n<title>\u0130neg\u00f6l\u2019de Cumhuriyet Bayram\u0131 Co\u015fkusu \u00c7elenk T\u00f6reniyle Ba\u015flad\u0131 - Av. Deniz Can K\u0131z\u0131l<\/title>\n<meta name=\"robots\" content=\"index, follow, max-snippet:-1, max-image-preview:large, max-video-preview:-1\" \/>\n<link rel=\"canonical\" href=\"http:\/\/denizcankizil.tr\/en\/haberler\/gundem\/inegolde-cumhuriyet-bayrami-coskusu-celenk-toreniyle-basladi\/\" \/>\n<meta property=\"og:locale\" content=\"en_GB\" \/>\n<meta property=\"og:type\" content=\"article\" \/>\n<meta property=\"og:title\" content=\"\u0130neg\u00f6l\u2019de Cumhuriyet Bayram\u0131 Co\u015fkusu \u00c7elenk T\u00f6reniyle Ba\u015flad\u0131\" \/>\n<meta property=\"og:description\" content=\"29 Ekim Cumhuriyet Bayram\u0131\u2019n\u0131n 101. y\u0131ld\u00f6n\u00fcm\u00fc kutlamalar\u0131, 13.00\u2019DA Atat\u00fcrk An\u0131t\u0131 \u00f6n\u00fcnde d\u00fczenlenen \u00e7elenk sunma t\u00f6reniyle ba\u015flad\u0131. \u200b29 Ekim Cumhuriyet Bayram\u0131\u2019n\u0131n 101. y\u0131ld\u00f6n\u00fcm\u00fc kutlamalar\u0131, 13.00\u2019DA Atat\u00fcrk An\u0131t\u0131 \u00f6n\u00fcnde d\u00fczenlenen \u00e7elenk sunma t\u00f6reniyle ba\u015flad\u0131.\u00a0 \u200bHaberin Al\u0131nt\u0131land\u0131\u011f\u0131 Kaynak: www.iskenderun.org\" \/>\n<meta property=\"og:url\" content=\"http:\/\/denizcankizil.tr\/en\/haberler\/gundem\/inegolde-cumhuriyet-bayrami-coskusu-celenk-toreniyle-basladi\/\" \/>\n<meta property=\"og:site_name\" content=\"Av. Deniz Can K\u0131z\u0131l\" \/>\n<meta property=\"article:published_time\" content=\"2024-10-28T12:42:43+00:00\" \/>\n<meta name=\"twitter:card\" content=\"summary_large_image\" \/>\n<script type=\"application\/ld+json\" class=\"yoast-schema-graph\">{\"@context\":\"https:\/\/schema.org\",\"@graph\":[{\"@type\":\"Article\",\"@id\":\"http:\/\/denizcankizil.tr\/en\/haberler\/gundem\/inegolde-cumhuriyet-bayrami-coskusu-celenk-toreniyle-basladi\/#article\",\"isPartOf\":{\"@id\":\"http:\/\/denizcankizil.tr\/en\/haberler\/gundem\/inegolde-cumhuriyet-bayrami-coskusu-celenk-toreniyle-basladi\/\"},\"author\":{\"name\":\"\",\"@id\":\"\"},\"headline\":\"\u0130neg\u00f6l\u2019de Cumhuriyet Bayram\u0131 Co\u015fkusu \u00c7elenk T\u00f6reniyle Ba\u015flad\u0131\",\"datePublished\":\"2024-10-28T12:42:43+00:00\",\"mainEntityOfPage\":{\"@id\":\"http:\/\/denizcankizil.tr\/en\/haberler\/gundem\/inegolde-cumhuriyet-bayrami-coskusu-celenk-toreniyle-basladi\/\"},\"wordCount\":70,\"commentCount\":0,\"publisher\":{\"@id\":\"https:\/\/denizcankizil.tr\/#organization\"},\"articleSection\":[\"G\u00fcndem\",\"Uncategorized\"],\"inLanguage\":\"en-GB\",\"potentialAction\":[{\"@type\":\"CommentAction\",\"name\":\"Comment\",\"target\":[\"http:\/\/denizcankizil.tr\/en\/haberler\/gundem\/inegolde-cumhuriyet-bayrami-coskusu-celenk-toreniyle-basladi\/#respond\"]}]},{\"@type\":\"WebPage\",\"@id\":\"http:\/\/denizcankizil.tr\/en\/haberler\/gundem\/inegolde-cumhuriyet-bayrami-coskusu-celenk-toreniyle-basladi\/\",\"url\":\"http:\/\/denizcankizil.tr\/en\/haberler\/gundem\/inegolde-cumhuriyet-bayrami-coskusu-celenk-toreniyle-basladi\/\",\"name\":\"\u0130neg\u00f6l\u2019de Cumhuriyet Bayram\u0131 Co\u015fkusu \u00c7elenk T\u00f6reniyle Ba\u015flad\u0131 - Av. Deniz Can K\u0131z\u0131l\",\"isPartOf\":{\"@id\":\"https:\/\/denizcankizil.tr\/#website\"},\"datePublished\":\"2024-10-28T12:42:43+00:00\",\"breadcrumb\":{\"@id\":\"http:\/\/denizcankizil.tr\/en\/haberler\/gundem\/inegolde-cumhuriyet-bayrami-coskusu-celenk-toreniyle-basladi\/#breadcrumb\"},\"inLanguage\":\"en-GB\",\"potentialAction\":[{\"@type\":\"ReadAction\",\"target\":[\"http:\/\/denizcankizil.tr\/en\/haberler\/gundem\/inegolde-cumhuriyet-bayrami-coskusu-celenk-toreniyle-basladi\/\"]}]},{\"@type\":\"BreadcrumbList\",\"@id\":\"http:\/\/denizcankizil.tr\/en\/haberler\/gundem\/inegolde-cumhuriyet-bayrami-coskusu-celenk-toreniyle-basladi\/#breadcrumb\",\"itemListElement\":[{\"@type\":\"ListItem\",\"position\":1,\"name\":\"Home\",\"item\":\"https:\/\/denizcankizil.tr\/de\/\"},{\"@type\":\"ListItem\",\"position\":2,\"name\":\"\u0130neg\u00f6l\u2019de Cumhuriyet Bayram\u0131 Co\u015fkusu \u00c7elenk T\u00f6reniyle Ba\u015flad\u0131\"}]},{\"@type\":\"WebSite\",\"@id\":\"https:\/\/denizcankizil.tr\/#website\",\"url\":\"https:\/\/denizcankizil.tr\/\",\"name\":\"Av. Deniz Can K\u0131z\u0131l\",\"description\":\"Avukat Deniz Can K\u0131z\u0131l Antalya Barosu\",\"publisher\":{\"@id\":\"https:\/\/denizcankizil.tr\/#organization\"},\"potentialAction\":[{\"@type\":\"SearchAction\",\"target\":{\"@type\":\"EntryPoint\",\"urlTemplate\":\"https:\/\/denizcankizil.tr\/?s={search_term_string}\"},\"query-input\":{\"@type\":\"PropertyValueSpecification\",\"valueRequired\":true,\"valueName\":\"search_term_string\"}}],\"inLanguage\":\"en-GB\"},{\"@type\":\"Organization\",\"@id\":\"https:\/\/denizcankizil.tr\/#organization\",\"name\":\"Av. Deniz Can K\u0131z\u0131l\",\"url\":\"https:\/\/denizcankizil.tr\/\",\"logo\":{\"@type\":\"ImageObject\",\"inLanguage\":\"en-GB\",\"@id\":\"https:\/\/denizcankizil.tr\/#\/schema\/logo\/image\/\",\"url\":\"http:\/\/denizcankizil.tr\/wp-content\/uploads\/2024\/10\/siyah-logo-svg.svg\",\"contentUrl\":\"http:\/\/denizcankizil.tr\/wp-content\/uploads\/2024\/10\/siyah-logo-svg.svg\",\"width\":1080,\"height\":1080,\"caption\":\"Av. Deniz Can K\u0131z\u0131l\"},\"image\":{\"@id\":\"https:\/\/denizcankizil.tr\/#\/schema\/logo\/image\/\"}}]}<\/script>\n<!-- \/ Yoast SEO Premium plugin. -->","yoast_head_json":{"title":"\u0130neg\u00f6l\u2019de Cumhuriyet Bayram\u0131 Co\u015fkusu \u00c7elenk T\u00f6reniyle Ba\u015flad\u0131 - Av. Deniz Can K\u0131z\u0131l","robots":{"index":"index","follow":"follow","max-snippet":"max-snippet:-1","max-image-preview":"max-image-preview:large","max-video-preview":"max-video-preview:-1"},"canonical":"http:\/\/denizcankizil.tr\/en\/haberler\/gundem\/inegolde-cumhuriyet-bayrami-coskusu-celenk-toreniyle-basladi\/","og_locale":"en_GB","og_type":"article","og_title":"\u0130neg\u00f6l\u2019de Cumhuriyet Bayram\u0131 Co\u015fkusu \u00c7elenk T\u00f6reniyle Ba\u015flad\u0131","og_description":"29 Ekim Cumhuriyet Bayram\u0131\u2019n\u0131n 101. y\u0131ld\u00f6n\u00fcm\u00fc kutlamalar\u0131, 13.00\u2019DA Atat\u00fcrk An\u0131t\u0131 \u00f6n\u00fcnde d\u00fczenlenen \u00e7elenk sunma t\u00f6reniyle ba\u015flad\u0131. \u200b29 Ekim Cumhuriyet Bayram\u0131\u2019n\u0131n 101. y\u0131ld\u00f6n\u00fcm\u00fc kutlamalar\u0131, 13.00\u2019DA Atat\u00fcrk An\u0131t\u0131 \u00f6n\u00fcnde d\u00fczenlenen \u00e7elenk sunma t\u00f6reniyle ba\u015flad\u0131.\u00a0 \u200bHaberin Al\u0131nt\u0131land\u0131\u011f\u0131 Kaynak: www.iskenderun.org","og_url":"http:\/\/denizcankizil.tr\/en\/haberler\/gundem\/inegolde-cumhuriyet-bayrami-coskusu-celenk-toreniyle-basladi\/","og_site_name":"Av. Deniz Can K\u0131z\u0131l","article_published_time":"2024-10-28T12:42:43+00:00","twitter_card":"summary_large_image","schema":{"@context":"https:\/\/schema.org","@graph":[{"@type":"Article","@id":"http:\/\/denizcankizil.tr\/en\/haberler\/gundem\/inegolde-cumhuriyet-bayrami-coskusu-celenk-toreniyle-basladi\/#article","isPartOf":{"@id":"http:\/\/denizcankizil.tr\/en\/haberler\/gundem\/inegolde-cumhuriyet-bayrami-coskusu-celenk-toreniyle-basladi\/"},"author":{"name":"","@id":""},"headline":"\u0130neg\u00f6l\u2019de Cumhuriyet Bayram\u0131 Co\u015fkusu \u00c7elenk T\u00f6reniyle Ba\u015flad\u0131","datePublished":"2024-10-28T12:42:43+00:00","mainEntityOfPage":{"@id":"http:\/\/denizcankizil.tr\/en\/haberler\/gundem\/inegolde-cumhuriyet-bayrami-coskusu-celenk-toreniyle-basladi\/"},"wordCount":70,"commentCount":0,"publisher":{"@id":"https:\/\/denizcankizil.tr\/#organization"},"articleSection":["G\u00fcndem","Uncategorized"],"inLanguage":"en-GB","potentialAction":[{"@type":"CommentAction","name":"Comment","target":["http:\/\/denizcankizil.tr\/en\/haberler\/gundem\/inegolde-cumhuriyet-bayrami-coskusu-celenk-toreniyle-basladi\/#respond"]}]},{"@type":"WebPage","@id":"http:\/\/denizcankizil.tr\/en\/haberler\/gundem\/inegolde-cumhuriyet-bayrami-coskusu-celenk-toreniyle-basladi\/","url":"http:\/\/denizcankizil.tr\/en\/haberler\/gundem\/inegolde-cumhuriyet-bayrami-coskusu-celenk-toreniyle-basladi\/","name":"\u0130neg\u00f6l\u2019de Cumhuriyet Bayram\u0131 Co\u015fkusu \u00c7elenk T\u00f6reniyle Ba\u015flad\u0131 - Av. Deniz Can K\u0131z\u0131l","isPartOf":{"@id":"https:\/\/denizcankizil.tr\/#website"},"datePublished":"2024-10-28T12:42:43+00:00","breadcrumb":{"@id":"http:\/\/denizcankizil.tr\/en\/haberler\/gundem\/inegolde-cumhuriyet-bayrami-coskusu-celenk-toreniyle-basladi\/#breadcrumb"},"inLanguage":"en-GB","potentialAction":[{"@type":"ReadAction","target":["http:\/\/denizcankizil.tr\/en\/haberler\/gundem\/inegolde-cumhuriyet-bayrami-coskusu-celenk-toreniyle-basladi\/"]}]},{"@type":"BreadcrumbList","@id":"http:\/\/denizcankizil.tr\/en\/haberler\/gundem\/inegolde-cumhuriyet-bayrami-coskusu-celenk-toreniyle-basladi\/#breadcrumb","itemListElement":[{"@type":"ListItem","position":1,"name":"Home","item":"https:\/\/denizcankizil.tr\/de\/"},{"@type":"ListItem","position":2,"name":"\u0130neg\u00f6l\u2019de Cumhuriyet Bayram\u0131 Co\u015fkusu \u00c7elenk T\u00f6reniyle Ba\u015flad\u0131"}]},{"@type":"WebSite","@id":"https:\/\/denizcankizil.tr\/#website","url":"https:\/\/denizcankizil.tr\/","name":"Av. Deniz Can K\u0131z\u0131l","description":"Avukat Deniz Can K\u0131z\u0131l Antalya Barosu","publisher":{"@id":"https:\/\/denizcankizil.tr\/#organization"},"potentialAction":[{"@type":"SearchAction","target":{"@type":"EntryPoint","urlTemplate":"https:\/\/denizcankizil.tr\/?s={search_term_string}"},"query-input":{"@type":"PropertyValueSpecification","valueRequired":true,"valueName":"search_term_string"}}],"inLanguage":"en-GB"},{"@type":"Organization","@id":"https:\/\/denizcankizil.tr\/#organization","name":"Av. Deniz Can K\u0131z\u0131l","url":"https:\/\/denizcankizil.tr\/","logo":{"@type":"ImageObject","inLanguage":"en-GB","@id":"https:\/\/denizcankizil.tr\/#\/schema\/logo\/image\/","url":"http:\/\/denizcankizil.tr\/wp-content\/uploads\/2024\/10\/siyah-logo-svg.svg","contentUrl":"http:\/\/denizcankizil.tr\/wp-content\/uploads\/2024\/10\/siyah-logo-svg.svg","width":1080,"height":1080,"caption":"Av. Deniz Can K\u0131z\u0131l"},"image":{"@id":"https:\/\/denizcankizil.tr\/#\/schema\/logo\/image\/"}}]}},"_links":{"self":[{"href":"http:\/\/denizcankizil.tr\/en\/wp-json\/wp\/v2\/posts\/9494","targetHints":{"allow":["GET"]}}],"collection":[{"href":"http:\/\/denizcankizil.tr\/en\/wp-json\/wp\/v2\/posts"}],"about":[{"href":"http:\/\/denizcankizil.tr\/en\/wp-json\/wp\/v2\/types\/post"}],"replies":[{"embeddable":true,"href":"http:\/\/denizcankizil.tr\/en\/wp-json\/wp\/v2\/comments?post=9494"}],"version-history":[{"count":0,"href":"http:\/\/denizcankizil.tr\/en\/wp-json\/wp\/v2\/posts\/9494\/revisions"}],"wp:attachment":[{"href":"http:\/\/denizcankizil.tr\/en\/wp-json\/wp\/v2\/media?parent=9494"}],"wp:term":[{"taxonomy":"category","embeddable":true,"href":"http:\/\/denizcankizil.tr\/en\/wp-json\/wp\/v2\/categories?post=9494"},{"taxonomy":"post_tag","embeddable":true,"href":"http:\/\/denizcankizil.tr\/en\/wp-json\/wp\/v2\/tags?post=9494"}],"curies":[{"name":"wp","href":"https:\/\/api.w.org\/{rel}","templated":true}]}}