{"id":94771,"date":"2025-05-23T15:41:23","date_gmt":"2025-05-23T12:41:23","guid":{"rendered":"https:\/\/denizcankizil.tr\/uncategorized-tr\/ekrem-imamoglundan-operasyon-aciklamasi-ici-bombos\/"},"modified":"2025-05-23T15:41:23","modified_gmt":"2025-05-23T12:41:23","slug":"ekrem-imamoglundan-operasyon-aciklamasi-ici-bombos","status":"publish","type":"post","link":"http:\/\/denizcankizil.tr\/en\/haberler\/gundem\/ekrem-imamoglundan-operasyon-aciklamasi-ici-bombos\/","title":{"rendered":"Ekrem \u0130mamo\u011flu\u2019ndan operasyon a\u00e7\u0131klamas\u0131: \u201c\u0130\u00e7i bombo\u015f\u201d"},"content":{"rendered":"<p>Silivri\u2019de tutuklu bulunan \u0130stanbul B\u00fcy\u00fck\u015fehir Belediye (\u0130BB) Ba\u015fkan\u0131 ve CHP\u2019nin cumhurba\u015fkan\u0131 aday\u0131 Ekrem \u0130mamo\u011flu son g\u00fcmlerde artan operasyonlara cevap verdi. \u0130mamo\u011flu, \u0130BB\u2019ye y\u00f6nelik d\u00fczenlenen yolsuzluk operasyonlar\u0131n\u0131n i\u00e7i bo\u015f oldu\u011funu ve esas amac\u0131n, korku salarak ve \u015fantaj yaparak soru\u015fturman\u0131 g\u00fc\u00e7lendirmek oldu\u011funu \u00f6ne s\u00fcrd\u00fc.<\/p>\n<p>\u201c\u0130\u00c7\u0130 BOMBO\u015e\u201d <\/p>\n<p>Ger\u00e7ekle\u015fen operasyonlar hakk\u0131nda konu\u015fan \u0130mamo\u011flu, \u201c\u0130mamo\u011flu, iktidar ya da muhalefet, kime oy vermi\u015f olursa olsun kimseyi inand\u0131ramad\u0131n. Bombo\u015f dosyan\u0131 doldurmak i\u00e7in akl\u0131nca her f\u0131rsatta dalga dalga yeni operasyonlar yap\u0131yorsun. Tehditle, korku salarak ve \u015fantaj yaparak soru\u015fturman\u0131 g\u00fc\u00e7lendirmeye \u00e7al\u0131\u015f\u0131yorsun\u201d diye konu\u015ftu.<\/p>\n<p>\u0130\u015eTE BU ACZ\u0130YETT\u0130R<\/p>\n<p>\u0130BB\u2019ye y\u00f6nelik yap\u0131lan operasyonlarda 70 g\u00fcnde y\u00fczlerce insan\u0131n cezaevine girdi\u011fine dikkat \u00e7eken \u0130mamo\u011flu, \u201cCiddiyetsizlik, tutars\u0131zl\u0131k, uydurma\u2026 ne ararsan sende var. 8 ay \u00f6nce soru\u015fturma ba\u015flatm\u0131\u015fs\u0131n, 70 g\u00fcnde y\u00fczlerce insan\u0131 cezaevine atm\u0131\u015fs\u0131n, \u015fimdi bask\u0131yla ifade al\u0131yorsun. \u0130\u015fte bu acziyettir. \u0130\u015fte bu delil ve kan\u0131ts\u0131z\u0131l\u0131\u011f\u0131n itiraf\u0131d\u0131r\u201d ifadelerini kulland\u0131.<\/p>\n<p>\u201cTAR\u0130HE GE\u00c7ECEK G\u00dc\u00c7L\u00dc B\u0130R TOKAT \u00c7IKACAK\u201d<\/p>\n<p>\u0130ktidara se\u00e7im \u00e7a\u011fr\u0131s\u0131nda bulunan Ekrem \u0130mamo\u011flu, \u201cUnutma; \u00f6yle de yenileceksin, b\u00f6yle de yenileceksin. Sabah bask\u0131nlar\u0131yla uyanan \u00e7ocuklar\u0131n, endi\u015feli anne babalar\u0131n ah\u0131na yenileceksin. Sand\u0131ktan sana hayalini bile kuramayaca\u011f\u0131n, tarihe ge\u00e7ecek g\u00fc\u00e7l\u00fc bir tokat \u00e7\u0131kacak\u201d dedi.<\/p>\n<p>NE OLMU\u015eTU?<\/p>\n<p>\u0130stanbul Cumhuriyet Ba\u015fsavc\u0131l\u0131\u011f\u0131nca, tutuklanmas\u0131n\u0131n ard\u0131ndan \u0130BB Ba\u015fkanl\u0131\u011f\u0131 g\u00f6revinden uzakla\u015ft\u0131r\u0131lan Ekrem \u0130mamo\u011flu&#8217;nun da aralar\u0131nda bulundu\u011fu zanl\u0131lar hakk\u0131nda &#8220;su\u00e7 \u00f6rg\u00fct\u00fc y\u00f6neticisi olmak&#8221;, &#8220;su\u00e7 \u00f6rg\u00fct\u00fcne \u00fcye olmak&#8221;, &#8220;irtikap&#8221;, &#8220;r\u00fc\u015fvet&#8221;, &#8220;nitelikli doland\u0131r\u0131c\u0131l\u0131k&#8221;, &#8220;ki\u015fisel verileri hukuka ayk\u0131r\u0131 ele ge\u00e7irmek&#8221; ve &#8220;ihaleye fesat kar\u0131\u015ft\u0131rmak&#8221; su\u00e7lar\u0131ndan y\u00fcr\u00fct\u00fclen yolsuzluk soru\u015fturmas\u0131 s\u00fcr\u00fcyor. Bu kapsamda polis ekiplerince yap\u0131lan \u00e7al\u0131\u015fmalarda 1 zanl\u0131n\u0131n daha yakalanmas\u0131yla g\u00f6zalt\u0131 say\u0131s\u0131 45&#8217;e ula\u015ft\u0131.<\/p>\n<p>\u200bSilivri\u2019de tutuklu bulunan \u0130stanbul B\u00fcy\u00fck\u015fehir Belediye (\u0130BB) Ba\u015fkan\u0131 ve CHP\u2019nin cumhurba\u015fkan\u0131 aday\u0131 Ekrem \u0130mamo\u011flu son g\u00fcnlerde artan \u0130BB\u2019ye y\u00f6nelik yolsuzluk operasyonlar\u0131na ili\u015fkin a\u00e7\u0131klamalarda bulundu. \u0130mamo\u011flu, \u201cBombo\u015f dosyan\u0131 doldurmak i\u00e7in akl\u0131nca her f\u0131rsatta dalga dalga yeni operasyonlar yap\u0131yorsun. Tehditle, korku salarak ve \u015fantaj yaparak soru\u015fturman\u0131 g\u00fc\u00e7lendirmeye \u00e7al\u0131\u015f\u0131yorsun\u201d dedi.\u00a0<\/p>\n<p>\u200bHaberin Al\u0131nt\u0131land\u0131\u011f\u0131 Kaynak: www.antalyakorfez.com<\/p>","protected":false},"excerpt":{"rendered":"<p>Silivri\u2019de tutuklu bulunan \u0130stanbul B\u00fcy\u00fck\u015fehir Belediye (\u0130BB) Ba\u015fkan\u0131 ve CHP\u2019nin cumhurba\u015fkan\u0131 aday\u0131 Ekrem \u0130mamo\u011flu son g\u00fcmlerde artan operasyonlara cevap verdi. \u0130mamo\u011flu, \u0130BB\u2019ye y\u00f6nelik d\u00fczenlenen yolsuzluk operasyonlar\u0131n\u0131n i\u00e7i bo\u015f oldu\u011funu ve esas amac\u0131n, korku salarak ve \u015fantaj yaparak soru\u015fturman\u0131 g\u00fc\u00e7lendirmek oldu\u011funu \u00f6ne s\u00fcrd\u00fc. \u201c\u0130\u00c7\u0130 BOMBO\u015e\u201d Ger\u00e7ekle\u015fen operasyonlar hakk\u0131nda konu\u015fan \u0130mamo\u011flu, \u201c\u0130mamo\u011flu, iktidar ya da muhalefet, kime oy vermi\u015f olursa olsun kimseyi inand\u0131ramad\u0131n. Bombo\u015f dosyan\u0131 doldurmak i\u00e7in akl\u0131nca her f\u0131rsatta dalga dalga yeni operasyonlar yap\u0131yorsun. Tehditle, korku salarak ve \u015fantaj yaparak soru\u015fturman\u0131 g\u00fc\u00e7lendirmeye \u00e7al\u0131\u015f\u0131yorsun\u201d diye konu\u015ftu. \u0130\u015eTE BU ACZ\u0130YETT\u0130R \u0130BB\u2019ye y\u00f6nelik yap\u0131lan operasyonlarda 70 g\u00fcnde y\u00fczlerce insan\u0131n cezaevine girdi\u011fine dikkat \u00e7eken \u0130mamo\u011flu, \u201cCiddiyetsizlik, tutars\u0131zl\u0131k, uydurma\u2026 ne ararsan sende var. 8 ay \u00f6nce soru\u015fturma ba\u015flatm\u0131\u015fs\u0131n, 70 g\u00fcnde y\u00fczlerce insan\u0131 cezaevine atm\u0131\u015fs\u0131n, \u015fimdi bask\u0131yla ifade al\u0131yorsun. \u0130\u015fte bu acziyettir. \u0130\u015fte bu delil ve kan\u0131ts\u0131z\u0131l\u0131\u011f\u0131n itiraf\u0131d\u0131r\u201d ifadelerini kulland\u0131. \u201cTAR\u0130HE GE\u00c7ECEK G\u00dc\u00c7L\u00dc B\u0130R TOKAT \u00c7IKACAK\u201d \u0130ktidara se\u00e7im \u00e7a\u011fr\u0131s\u0131nda bulunan Ekrem \u0130mamo\u011flu, \u201cUnutma; \u00f6yle de yenileceksin, b\u00f6yle de yenileceksin. Sabah bask\u0131nlar\u0131yla uyanan \u00e7ocuklar\u0131n, endi\u015feli anne babalar\u0131n ah\u0131na yenileceksin. Sand\u0131ktan sana hayalini bile kuramayaca\u011f\u0131n, tarihe ge\u00e7ecek g\u00fc\u00e7l\u00fc bir tokat \u00e7\u0131kacak\u201d dedi. NE OLMU\u015eTU? \u0130stanbul Cumhuriyet Ba\u015fsavc\u0131l\u0131\u011f\u0131nca, tutuklanmas\u0131n\u0131n ard\u0131ndan \u0130BB Ba\u015fkanl\u0131\u011f\u0131 g\u00f6revinden uzakla\u015ft\u0131r\u0131lan Ekrem \u0130mamo\u011flu&#8217;nun da aralar\u0131nda bulundu\u011fu zanl\u0131lar hakk\u0131nda &#8220;su\u00e7 \u00f6rg\u00fct\u00fc y\u00f6neticisi olmak&#8221;, &#8220;su\u00e7 \u00f6rg\u00fct\u00fcne \u00fcye olmak&#8221;, &#8220;irtikap&#8221;, &hellip;<\/p>","protected":false},"author":5,"featured_media":0,"comment_status":"","ping_status":"open","sticky":false,"template":"","format":"standard","meta":{"_acf_changed":false,"footnotes":""},"categories":[24],"tags":[],"class_list":["post-94771","post","type-post","status-publish","format-standard","has-post-thumbnail","hentry","category-gundem"],"acf":[],"yoast_head":"<!-- This site is optimized with the Yoast SEO Premium plugin v26.6 (Yoast SEO v27.1.1) - https:\/\/yoast.com\/product\/yoast-seo-premium-wordpress\/ -->\n<title>Ekrem \u0130mamo\u011flu\u2019ndan operasyon a\u00e7\u0131klamas\u0131: \u201c\u0130\u00e7i bombo\u015f\u201d - Av. Deniz Can K\u0131z\u0131l<\/title>\n<meta name=\"robots\" content=\"index, follow, max-snippet:-1, max-image-preview:large, max-video-preview:-1\" \/>\n<link rel=\"canonical\" href=\"http:\/\/denizcankizil.tr\/en\/haberler\/gundem\/ekrem-imamoglundan-operasyon-aciklamasi-ici-bombos\/\" \/>\n<meta property=\"og:locale\" content=\"en_GB\" \/>\n<meta property=\"og:type\" content=\"article\" \/>\n<meta property=\"og:title\" content=\"Ekrem \u0130mamo\u011flu\u2019ndan operasyon a\u00e7\u0131klamas\u0131: \u201c\u0130\u00e7i bombo\u015f\u201d\" \/>\n<meta property=\"og:description\" content=\"Silivri\u2019de tutuklu bulunan \u0130stanbul B\u00fcy\u00fck\u015fehir Belediye (\u0130BB) Ba\u015fkan\u0131 ve CHP\u2019nin cumhurba\u015fkan\u0131 aday\u0131 Ekrem \u0130mamo\u011flu son g\u00fcmlerde artan operasyonlara cevap verdi. \u0130mamo\u011flu, \u0130BB\u2019ye y\u00f6nelik d\u00fczenlenen yolsuzluk operasyonlar\u0131n\u0131n i\u00e7i bo\u015f oldu\u011funu ve esas amac\u0131n, korku salarak ve \u015fantaj yaparak soru\u015fturman\u0131 g\u00fc\u00e7lendirmek oldu\u011funu \u00f6ne s\u00fcrd\u00fc. \u201c\u0130\u00c7\u0130 BOMBO\u015e\u201d Ger\u00e7ekle\u015fen operasyonlar hakk\u0131nda konu\u015fan \u0130mamo\u011flu, \u201c\u0130mamo\u011flu, iktidar ya da muhalefet, kime oy vermi\u015f olursa olsun kimseyi inand\u0131ramad\u0131n. Bombo\u015f dosyan\u0131 doldurmak i\u00e7in akl\u0131nca her f\u0131rsatta dalga dalga yeni operasyonlar yap\u0131yorsun. Tehditle, korku salarak ve \u015fantaj yaparak soru\u015fturman\u0131 g\u00fc\u00e7lendirmeye \u00e7al\u0131\u015f\u0131yorsun\u201d diye konu\u015ftu. \u0130\u015eTE BU ACZ\u0130YETT\u0130R \u0130BB\u2019ye y\u00f6nelik yap\u0131lan operasyonlarda 70 g\u00fcnde y\u00fczlerce insan\u0131n cezaevine girdi\u011fine dikkat \u00e7eken \u0130mamo\u011flu, \u201cCiddiyetsizlik, tutars\u0131zl\u0131k, uydurma\u2026 ne ararsan sende var. 8 ay \u00f6nce soru\u015fturma ba\u015flatm\u0131\u015fs\u0131n, 70 g\u00fcnde y\u00fczlerce insan\u0131 cezaevine atm\u0131\u015fs\u0131n, \u015fimdi bask\u0131yla ifade al\u0131yorsun. \u0130\u015fte bu acziyettir. \u0130\u015fte bu delil ve kan\u0131ts\u0131z\u0131l\u0131\u011f\u0131n itiraf\u0131d\u0131r\u201d ifadelerini kulland\u0131. \u201cTAR\u0130HE GE\u00c7ECEK G\u00dc\u00c7L\u00dc B\u0130R TOKAT \u00c7IKACAK\u201d \u0130ktidara se\u00e7im \u00e7a\u011fr\u0131s\u0131nda bulunan Ekrem \u0130mamo\u011flu, \u201cUnutma; \u00f6yle de yenileceksin, b\u00f6yle de yenileceksin. Sabah bask\u0131nlar\u0131yla uyanan \u00e7ocuklar\u0131n, endi\u015feli anne babalar\u0131n ah\u0131na yenileceksin. Sand\u0131ktan sana hayalini bile kuramayaca\u011f\u0131n, tarihe ge\u00e7ecek g\u00fc\u00e7l\u00fc bir tokat \u00e7\u0131kacak\u201d dedi. NE OLMU\u015eTU? \u0130stanbul Cumhuriyet Ba\u015fsavc\u0131l\u0131\u011f\u0131nca, tutuklanmas\u0131n\u0131n ard\u0131ndan \u0130BB Ba\u015fkanl\u0131\u011f\u0131 g\u00f6revinden uzakla\u015ft\u0131r\u0131lan Ekrem \u0130mamo\u011flu&#8217;nun da aralar\u0131nda bulundu\u011fu zanl\u0131lar hakk\u0131nda &#8220;su\u00e7 \u00f6rg\u00fct\u00fc y\u00f6neticisi olmak&#8221;, &#8220;su\u00e7 \u00f6rg\u00fct\u00fcne \u00fcye olmak&#8221;, &#8220;irtikap&#8221;, &hellip;\" \/>\n<meta property=\"og:url\" content=\"http:\/\/denizcankizil.tr\/en\/haberler\/gundem\/ekrem-imamoglundan-operasyon-aciklamasi-ici-bombos\/\" \/>\n<meta property=\"og:site_name\" content=\"Av. Deniz Can K\u0131z\u0131l\" \/>\n<meta property=\"article:published_time\" content=\"2025-05-23T12:41:23+00:00\" \/>\n<meta name=\"author\" content=\"Antalya K\u00f6rfez\" \/>\n<meta name=\"twitter:card\" content=\"summary_large_image\" \/>\n<meta name=\"twitter:label1\" content=\"Written by\" \/>\n\t<meta name=\"twitter:data1\" content=\"Antalya K\u00f6rfez\" \/>\n\t<meta name=\"twitter:label2\" content=\"Estimated reading time\" \/>\n\t<meta name=\"twitter:data2\" content=\"2 minutes\" \/>\n<script type=\"application\/ld+json\" class=\"yoast-schema-graph\">{\"@context\":\"https:\/\/schema.org\",\"@graph\":[{\"@type\":\"Article\",\"@id\":\"http:\/\/denizcankizil.tr\/de\/haberler\/gundem\/ekrem-imamoglundan-operasyon-aciklamasi-ici-bombos\/#article\",\"isPartOf\":{\"@id\":\"http:\/\/denizcankizil.tr\/de\/haberler\/gundem\/ekrem-imamoglundan-operasyon-aciklamasi-ici-bombos\/\"},\"author\":{\"name\":\"Antalya K\u00f6rfez\",\"@id\":\"https:\/\/denizcankizil.tr\/de\/#\/schema\/person\/e1eb71bb4dd684d46563f0af307e1234\"},\"headline\":\"Ekrem \u0130mamo\u011flu\u2019ndan operasyon a\u00e7\u0131klamas\u0131: \u201c\u0130\u00e7i bombo\u015f\u201d\",\"datePublished\":\"2025-05-23T12:41:23+00:00\",\"mainEntityOfPage\":{\"@id\":\"http:\/\/denizcankizil.tr\/de\/haberler\/gundem\/ekrem-imamoglundan-operasyon-aciklamasi-ici-bombos\/\"},\"wordCount\":447,\"publisher\":{\"@id\":\"https:\/\/denizcankizil.tr\/de\/#organization\"},\"articleSection\":[\"G\u00fcndem\"],\"inLanguage\":\"en-GB\"},{\"@type\":\"WebPage\",\"@id\":\"http:\/\/denizcankizil.tr\/de\/haberler\/gundem\/ekrem-imamoglundan-operasyon-aciklamasi-ici-bombos\/\",\"url\":\"http:\/\/denizcankizil.tr\/de\/haberler\/gundem\/ekrem-imamoglundan-operasyon-aciklamasi-ici-bombos\/\",\"name\":\"Ekrem \u0130mamo\u011flu\u2019ndan operasyon a\u00e7\u0131klamas\u0131: \u201c\u0130\u00e7i bombo\u015f\u201d - Av. Deniz Can K\u0131z\u0131l\",\"isPartOf\":{\"@id\":\"https:\/\/denizcankizil.tr\/de\/#website\"},\"datePublished\":\"2025-05-23T12:41:23+00:00\",\"breadcrumb\":{\"@id\":\"http:\/\/denizcankizil.tr\/de\/haberler\/gundem\/ekrem-imamoglundan-operasyon-aciklamasi-ici-bombos\/#breadcrumb\"},\"inLanguage\":\"en-GB\",\"potentialAction\":[{\"@type\":\"ReadAction\",\"target\":[\"http:\/\/denizcankizil.tr\/de\/haberler\/gundem\/ekrem-imamoglundan-operasyon-aciklamasi-ici-bombos\/\"]}]},{\"@type\":\"BreadcrumbList\",\"@id\":\"http:\/\/denizcankizil.tr\/de\/haberler\/gundem\/ekrem-imamoglundan-operasyon-aciklamasi-ici-bombos\/#breadcrumb\",\"itemListElement\":[{\"@type\":\"ListItem\",\"position\":1,\"name\":\"Home\",\"item\":\"https:\/\/denizcankizil.tr\/de\/\"},{\"@type\":\"ListItem\",\"position\":2,\"name\":\"Ekrem \u0130mamo\u011flu\u2019ndan operasyon a\u00e7\u0131klamas\u0131: \u201c\u0130\u00e7i bombo\u015f\u201d\"}]},{\"@type\":\"WebSite\",\"@id\":\"https:\/\/denizcankizil.tr\/de\/#website\",\"url\":\"https:\/\/denizcankizil.tr\/de\/\",\"name\":\"Av. Deniz Can K\u0131z\u0131l\",\"description\":\"Avukat Deniz Can K\u0131z\u0131l Antalya Barosu\",\"publisher\":{\"@id\":\"https:\/\/denizcankizil.tr\/de\/#organization\"},\"potentialAction\":[{\"@type\":\"SearchAction\",\"target\":{\"@type\":\"EntryPoint\",\"urlTemplate\":\"https:\/\/denizcankizil.tr\/de\/?s={search_term_string}\"},\"query-input\":{\"@type\":\"PropertyValueSpecification\",\"valueRequired\":true,\"valueName\":\"search_term_string\"}}],\"inLanguage\":\"en-GB\"},{\"@type\":\"Organization\",\"@id\":\"https:\/\/denizcankizil.tr\/de\/#organization\",\"name\":\"Av. Deniz Can K\u0131z\u0131l\",\"url\":\"https:\/\/denizcankizil.tr\/de\/\",\"logo\":{\"@type\":\"ImageObject\",\"inLanguage\":\"en-GB\",\"@id\":\"https:\/\/denizcankizil.tr\/de\/#\/schema\/logo\/image\/\",\"url\":\"http:\/\/denizcankizil.tr\/wp-content\/uploads\/2024\/10\/siyah-logo-svg.svg\",\"contentUrl\":\"http:\/\/denizcankizil.tr\/wp-content\/uploads\/2024\/10\/siyah-logo-svg.svg\",\"width\":1080,\"height\":1080,\"caption\":\"Av. Deniz Can K\u0131z\u0131l\"},\"image\":{\"@id\":\"https:\/\/denizcankizil.tr\/de\/#\/schema\/logo\/image\/\"}},{\"@type\":\"Person\",\"@id\":\"https:\/\/denizcankizil.tr\/de\/#\/schema\/person\/e1eb71bb4dd684d46563f0af307e1234\",\"name\":\"Antalya K\u00f6rfez\",\"image\":{\"@type\":\"ImageObject\",\"inLanguage\":\"en-GB\",\"@id\":\"https:\/\/denizcankizil.tr\/de\/#\/schema\/person\/image\/\",\"url\":\"https:\/\/secure.gravatar.com\/avatar\/42b01982558a48a0b501fdcab6a408d3717ea5919095ee2e67b0e521799c5905?s=96&d=mm&r=g\",\"contentUrl\":\"https:\/\/secure.gravatar.com\/avatar\/42b01982558a48a0b501fdcab6a408d3717ea5919095ee2e67b0e521799c5905?s=96&d=mm&r=g\",\"caption\":\"Antalya K\u00f6rfez\"},\"sameAs\":[\"http:\/\/www.antalyakorfez.com\"],\"url\":\"https:\/\/www.antalyakorfez.com\/ekrem-imamoglundan-operasyon-aciklamasi-ici-bombos\"}]}<\/script>\n<!-- \/ Yoast SEO Premium plugin. -->","yoast_head_json":{"title":"Ekrem \u0130mamo\u011flu\u2019ndan operasyon a\u00e7\u0131klamas\u0131: \u201c\u0130\u00e7i bombo\u015f\u201d - Av. Deniz Can K\u0131z\u0131l","robots":{"index":"index","follow":"follow","max-snippet":"max-snippet:-1","max-image-preview":"max-image-preview:large","max-video-preview":"max-video-preview:-1"},"canonical":"http:\/\/denizcankizil.tr\/en\/haberler\/gundem\/ekrem-imamoglundan-operasyon-aciklamasi-ici-bombos\/","og_locale":"en_GB","og_type":"article","og_title":"Ekrem \u0130mamo\u011flu\u2019ndan operasyon a\u00e7\u0131klamas\u0131: \u201c\u0130\u00e7i bombo\u015f\u201d","og_description":"Silivri\u2019de tutuklu bulunan \u0130stanbul B\u00fcy\u00fck\u015fehir Belediye (\u0130BB) Ba\u015fkan\u0131 ve CHP\u2019nin cumhurba\u015fkan\u0131 aday\u0131 Ekrem \u0130mamo\u011flu son g\u00fcmlerde artan operasyonlara cevap verdi. \u0130mamo\u011flu, \u0130BB\u2019ye y\u00f6nelik d\u00fczenlenen yolsuzluk operasyonlar\u0131n\u0131n i\u00e7i bo\u015f oldu\u011funu ve esas amac\u0131n, korku salarak ve \u015fantaj yaparak soru\u015fturman\u0131 g\u00fc\u00e7lendirmek oldu\u011funu \u00f6ne s\u00fcrd\u00fc. \u201c\u0130\u00c7\u0130 BOMBO\u015e\u201d Ger\u00e7ekle\u015fen operasyonlar hakk\u0131nda konu\u015fan \u0130mamo\u011flu, \u201c\u0130mamo\u011flu, iktidar ya da muhalefet, kime oy vermi\u015f olursa olsun kimseyi inand\u0131ramad\u0131n. Bombo\u015f dosyan\u0131 doldurmak i\u00e7in akl\u0131nca her f\u0131rsatta dalga dalga yeni operasyonlar yap\u0131yorsun. Tehditle, korku salarak ve \u015fantaj yaparak soru\u015fturman\u0131 g\u00fc\u00e7lendirmeye \u00e7al\u0131\u015f\u0131yorsun\u201d diye konu\u015ftu. \u0130\u015eTE BU ACZ\u0130YETT\u0130R \u0130BB\u2019ye y\u00f6nelik yap\u0131lan operasyonlarda 70 g\u00fcnde y\u00fczlerce insan\u0131n cezaevine girdi\u011fine dikkat \u00e7eken \u0130mamo\u011flu, \u201cCiddiyetsizlik, tutars\u0131zl\u0131k, uydurma\u2026 ne ararsan sende var. 8 ay \u00f6nce soru\u015fturma ba\u015flatm\u0131\u015fs\u0131n, 70 g\u00fcnde y\u00fczlerce insan\u0131 cezaevine atm\u0131\u015fs\u0131n, \u015fimdi bask\u0131yla ifade al\u0131yorsun. \u0130\u015fte bu acziyettir. \u0130\u015fte bu delil ve kan\u0131ts\u0131z\u0131l\u0131\u011f\u0131n itiraf\u0131d\u0131r\u201d ifadelerini kulland\u0131. \u201cTAR\u0130HE GE\u00c7ECEK G\u00dc\u00c7L\u00dc B\u0130R TOKAT \u00c7IKACAK\u201d \u0130ktidara se\u00e7im \u00e7a\u011fr\u0131s\u0131nda bulunan Ekrem \u0130mamo\u011flu, \u201cUnutma; \u00f6yle de yenileceksin, b\u00f6yle de yenileceksin. Sabah bask\u0131nlar\u0131yla uyanan \u00e7ocuklar\u0131n, endi\u015feli anne babalar\u0131n ah\u0131na yenileceksin. Sand\u0131ktan sana hayalini bile kuramayaca\u011f\u0131n, tarihe ge\u00e7ecek g\u00fc\u00e7l\u00fc bir tokat \u00e7\u0131kacak\u201d dedi. NE OLMU\u015eTU? \u0130stanbul Cumhuriyet Ba\u015fsavc\u0131l\u0131\u011f\u0131nca, tutuklanmas\u0131n\u0131n ard\u0131ndan \u0130BB Ba\u015fkanl\u0131\u011f\u0131 g\u00f6revinden uzakla\u015ft\u0131r\u0131lan Ekrem \u0130mamo\u011flu&#8217;nun da aralar\u0131nda bulundu\u011fu zanl\u0131lar hakk\u0131nda &#8220;su\u00e7 \u00f6rg\u00fct\u00fc y\u00f6neticisi olmak&#8221;, &#8220;su\u00e7 \u00f6rg\u00fct\u00fcne \u00fcye olmak&#8221;, &#8220;irtikap&#8221;, &hellip;","og_url":"http:\/\/denizcankizil.tr\/en\/haberler\/gundem\/ekrem-imamoglundan-operasyon-aciklamasi-ici-bombos\/","og_site_name":"Av. Deniz Can K\u0131z\u0131l","article_published_time":"2025-05-23T12:41:23+00:00","author":"Antalya K\u00f6rfez","twitter_card":"summary_large_image","twitter_misc":{"Written by":"Antalya K\u00f6rfez","Estimated reading time":"2 minutes"},"schema":{"@context":"https:\/\/schema.org","@graph":[{"@type":"Article","@id":"http:\/\/denizcankizil.tr\/de\/haberler\/gundem\/ekrem-imamoglundan-operasyon-aciklamasi-ici-bombos\/#article","isPartOf":{"@id":"http:\/\/denizcankizil.tr\/de\/haberler\/gundem\/ekrem-imamoglundan-operasyon-aciklamasi-ici-bombos\/"},"author":{"name":"Antalya K\u00f6rfez","@id":"https:\/\/denizcankizil.tr\/de\/#\/schema\/person\/e1eb71bb4dd684d46563f0af307e1234"},"headline":"Ekrem \u0130mamo\u011flu\u2019ndan operasyon a\u00e7\u0131klamas\u0131: \u201c\u0130\u00e7i bombo\u015f\u201d","datePublished":"2025-05-23T12:41:23+00:00","mainEntityOfPage":{"@id":"http:\/\/denizcankizil.tr\/de\/haberler\/gundem\/ekrem-imamoglundan-operasyon-aciklamasi-ici-bombos\/"},"wordCount":447,"publisher":{"@id":"https:\/\/denizcankizil.tr\/de\/#organization"},"articleSection":["G\u00fcndem"],"inLanguage":"en-GB"},{"@type":"WebPage","@id":"http:\/\/denizcankizil.tr\/de\/haberler\/gundem\/ekrem-imamoglundan-operasyon-aciklamasi-ici-bombos\/","url":"http:\/\/denizcankizil.tr\/de\/haberler\/gundem\/ekrem-imamoglundan-operasyon-aciklamasi-ici-bombos\/","name":"Ekrem \u0130mamo\u011flu\u2019ndan operasyon a\u00e7\u0131klamas\u0131: \u201c\u0130\u00e7i bombo\u015f\u201d - Av. Deniz Can K\u0131z\u0131l","isPartOf":{"@id":"https:\/\/denizcankizil.tr\/de\/#website"},"datePublished":"2025-05-23T12:41:23+00:00","breadcrumb":{"@id":"http:\/\/denizcankizil.tr\/de\/haberler\/gundem\/ekrem-imamoglundan-operasyon-aciklamasi-ici-bombos\/#breadcrumb"},"inLanguage":"en-GB","potentialAction":[{"@type":"ReadAction","target":["http:\/\/denizcankizil.tr\/de\/haberler\/gundem\/ekrem-imamoglundan-operasyon-aciklamasi-ici-bombos\/"]}]},{"@type":"BreadcrumbList","@id":"http:\/\/denizcankizil.tr\/de\/haberler\/gundem\/ekrem-imamoglundan-operasyon-aciklamasi-ici-bombos\/#breadcrumb","itemListElement":[{"@type":"ListItem","position":1,"name":"Home","item":"https:\/\/denizcankizil.tr\/de\/"},{"@type":"ListItem","position":2,"name":"Ekrem \u0130mamo\u011flu\u2019ndan operasyon a\u00e7\u0131klamas\u0131: \u201c\u0130\u00e7i bombo\u015f\u201d"}]},{"@type":"WebSite","@id":"https:\/\/denizcankizil.tr\/de\/#website","url":"https:\/\/denizcankizil.tr\/de\/","name":"Av. Deniz Can K\u0131z\u0131l","description":"Avukat Deniz Can K\u0131z\u0131l Antalya Barosu","publisher":{"@id":"https:\/\/denizcankizil.tr\/de\/#organization"},"potentialAction":[{"@type":"SearchAction","target":{"@type":"EntryPoint","urlTemplate":"https:\/\/denizcankizil.tr\/de\/?s={search_term_string}"},"query-input":{"@type":"PropertyValueSpecification","valueRequired":true,"valueName":"search_term_string"}}],"inLanguage":"en-GB"},{"@type":"Organization","@id":"https:\/\/denizcankizil.tr\/de\/#organization","name":"Av. Deniz Can K\u0131z\u0131l","url":"https:\/\/denizcankizil.tr\/de\/","logo":{"@type":"ImageObject","inLanguage":"en-GB","@id":"https:\/\/denizcankizil.tr\/de\/#\/schema\/logo\/image\/","url":"http:\/\/denizcankizil.tr\/wp-content\/uploads\/2024\/10\/siyah-logo-svg.svg","contentUrl":"http:\/\/denizcankizil.tr\/wp-content\/uploads\/2024\/10\/siyah-logo-svg.svg","width":1080,"height":1080,"caption":"Av. Deniz Can K\u0131z\u0131l"},"image":{"@id":"https:\/\/denizcankizil.tr\/de\/#\/schema\/logo\/image\/"}},{"@type":"Person","@id":"https:\/\/denizcankizil.tr\/de\/#\/schema\/person\/e1eb71bb4dd684d46563f0af307e1234","name":"Antalya K\u00f6rfez","image":{"@type":"ImageObject","inLanguage":"en-GB","@id":"https:\/\/denizcankizil.tr\/de\/#\/schema\/person\/image\/","url":"https:\/\/secure.gravatar.com\/avatar\/42b01982558a48a0b501fdcab6a408d3717ea5919095ee2e67b0e521799c5905?s=96&d=mm&r=g","contentUrl":"https:\/\/secure.gravatar.com\/avatar\/42b01982558a48a0b501fdcab6a408d3717ea5919095ee2e67b0e521799c5905?s=96&d=mm&r=g","caption":"Antalya K\u00f6rfez"},"sameAs":["http:\/\/www.antalyakorfez.com"],"url":"https:\/\/www.antalyakorfez.com\/ekrem-imamoglundan-operasyon-aciklamasi-ici-bombos"}]}},"_links":{"self":[{"href":"http:\/\/denizcankizil.tr\/en\/wp-json\/wp\/v2\/posts\/94771","targetHints":{"allow":["GET"]}}],"collection":[{"href":"http:\/\/denizcankizil.tr\/en\/wp-json\/wp\/v2\/posts"}],"about":[{"href":"http:\/\/denizcankizil.tr\/en\/wp-json\/wp\/v2\/types\/post"}],"author":[{"embeddable":true,"href":"http:\/\/denizcankizil.tr\/en\/wp-json\/wp\/v2\/users\/5"}],"replies":[{"embeddable":true,"href":"http:\/\/denizcankizil.tr\/en\/wp-json\/wp\/v2\/comments?post=94771"}],"version-history":[{"count":0,"href":"http:\/\/denizcankizil.tr\/en\/wp-json\/wp\/v2\/posts\/94771\/revisions"}],"wp:attachment":[{"href":"http:\/\/denizcankizil.tr\/en\/wp-json\/wp\/v2\/media?parent=94771"}],"wp:term":[{"taxonomy":"category","embeddable":true,"href":"http:\/\/denizcankizil.tr\/en\/wp-json\/wp\/v2\/categories?post=94771"},{"taxonomy":"post_tag","embeddable":true,"href":"http:\/\/denizcankizil.tr\/en\/wp-json\/wp\/v2\/tags?post=94771"}],"curies":[{"name":"wp","href":"https:\/\/api.w.org\/{rel}","templated":true}]}}