{"id":94191,"date":"2025-05-22T15:42:54","date_gmt":"2025-05-22T12:42:54","guid":{"rendered":"https:\/\/denizcankizil.tr\/uncategorized-tr\/baskan-kocagozden-sosyal-belediyecilik-vurgusu\/"},"modified":"2025-05-22T15:42:54","modified_gmt":"2025-05-22T12:42:54","slug":"baskan-kocagozden-sosyal-belediyecilik-vurgusu","status":"publish","type":"post","link":"http:\/\/denizcankizil.tr\/en\/haberler\/antalya\/baskan-kocagozden-sosyal-belediyecilik-vurgusu\/","title":{"rendered":"Ba\u015fkan Kocag\u00f6z&#8217;den sosyal belediyecilik vurgusu"},"content":{"rendered":"<p>Kepez Belediye Ba\u015fkan\u0131 Mesut Kocag\u00f6z, Antalya Dayan\u0131\u015fma Grubu \u00fcyeleriyle bir araya geldi. Kent merkezindeki bir otel ger\u00e7ekle\u015fen bulu\u015fmada Ba\u015fkan Kocag\u00f6z, 700 bin n\u00fcfusa sahip Kepez&#8217;in ihtiya\u00e7lar\u0131na y\u00f6nelik y\u00fcr\u00fctt\u00fckleri hizmet \u00e7al\u0131\u015fmalar\u0131n\u0131 payla\u015ft\u0131. Antalya Dayan\u0131\u015fma Grubu Ba\u015fkan\u0131 Erdal At\u0131lgan&#8217;\u0131n ev sahipli\u011finde d\u00fczenlenen kahvalt\u0131 program\u0131nda konu\u015fan Ba\u015fkan Kocag\u00f6z, &#8220;Kepez&#8217;in bug\u00fcn\u00fcn\u00fc ve yar\u0131n\u0131 burada sizlerle konu\u015fuyor olmak benim i\u00e7in b\u00fcy\u00fck bir onurdur. Hepiniz birbirinizden de\u011ferlisiniz, sizler Antalya&#8217;n\u0131n nabz\u0131n\u0131 tutan bir topluluksunuz. Burada Kepez i\u00e7in sizlerin fikirlerini almak, ortak akla ula\u015fmak bizler i\u00e7in \u00e7ok \u00f6nemlidir&#8221; dedi.<\/p>\n<p>Kepez&#8217;de 81 vilayet, 7 b\u00f6lge ya\u015f\u0131yor<br \/>\nAntalya Dayan\u0131\u015fma Grubu \u00fcyelerine Kepez&#8217;i anlatan Ba\u015fkan Kocag\u00f6z, &#8220;Kepez&#8217;in n\u00fcfusu 700 bin81 vilayetten 7 b\u00f6lgeden insan\u0131m\u0131z\u0131n ya\u015fad\u0131\u011f\u0131 bir yer. Kepez&#8217;de y\u00fczde 26.7 Antalya&#8217;l\u0131, y\u00fczde 12.8 Do\u011fu ve G\u00fcneydo\u011fu Anadolu, y\u00fczde 6 Burdurlu, y\u00fczde 4 Konyal\u0131, y\u00fczde 3,8 Ispartal\u0131 ya\u015f\u0131yor. Kepez&#8217;de deniz hari\u00e7 her \u015fey var. Orman\u0131, \u015felalesi, \u0131rma\u011f\u0131, ye\u015filli\u011fi, tar\u0131m\u0131, \u00e7i\u00e7e\u011fi, seras\u0131 k\u0131sacas\u0131 her\u015fey var&#8221; diye konu\u015ftu.<\/p>\n<p>&#8220;Oy fark\u0131yla Kepez&#8217;i ald\u0131k&#8221;<br \/>\n2024 y\u0131l\u0131 31 Mart se\u00e7imlerine de\u011finen Ba\u015fkan Kocag\u00f6z, &#8220;Yerel se\u00e7imden 10 ay \u00f6nce genel se\u00e7im oldu. Cumhur ittifak\u0131 ile Cumhuriyet Halk Partisi aras\u0131ndaki fark 70 bindi. Se\u00e7imlerde, biz bu 70 bin fark\u0131 kapatt\u0131\u011f\u0131m\u0131z gibi 17 bin 500 oy da fark att\u0131k&#8221; dedi. Cezaevi s\u00fcrecine de de\u011finen Ba\u015fkan Kocag\u00f6z, &#8220;Bu s\u00fcre\u00e7te g\u00f6rd\u00fc\u011f\u00fcm destek sadece bana de\u011fil halk\u0131n iradesine duyulan sayg\u0131n\u0131n ve insan\u0131m\u0131z\u0131n ne kadar adalete d\u00fc\u015fk\u00fcn oldu\u011funun g\u00f6stergesiydi&#8221; diye konu\u015ftu.<\/p>\n<p>&#8220;Kepez&#8217;de giderleri k\u0131st\u0131k&#8221;<br \/>\nG\u00f6reve geldi\u011finde Kepez Belediyesi&#8217;nin 1 milyar 226 milyon TL. borcu oldu\u011funu ve bor\u00e7 bakiyesini g\u00f6r\u00fcnce \u00e7ok \u015fa\u015f\u0131rd\u0131\u011f\u0131n\u0131 dile getirdi. B\u00fct\u00e7enin 2 milyar 700 bin TL&#8217;sinin neredeyse yar\u0131s\u0131n\u0131n bor\u00e7 ve belediyenin banka hesaplar\u0131n\u0131n da hacizli oldu\u011funu s\u00f6yledi. Ba\u015fkan Kocag\u00f6z, &#8220;Biz bilan\u00e7oyu herkes gibi balkondan sark\u0131tmad\u0131k \u00e7\u00fcnk\u00fc bu makamlar acz makam\u0131 de\u011fil \u00e7\u00f6z\u00fcm makam\u0131d\u0131r diye d\u00fc\u015f\u00fcn\u00fcyorum. Hi\u00e7bir mazeret ba\u015far\u0131n\u0131n yerini tutamaz inanc\u0131yla \u00e7al\u0131\u015fmaya ba\u015flad\u0131k. Gelirleri art\u0131rd\u0131k, giderleri k\u0131st\u0131k. Adeta Teke&#8217;den s\u00fct \u00e7\u0131kard\u0131k. Tasarruf yapt\u0131k. \u00d6rne\u011fin; belediyemizin \u00fcniformalar\u0131n\u0131n maliyeti 24 milyon TL. tutuyordu. Hay\u0131rsever deste\u011fiyle diki\u015f makinas\u0131 alarak, 18 bayanla 1 ayda bitece\u011fine 2 ayda bitti ve 4 milyona maal ettik. Hem 18 ki\u015fiye istihdam sa\u011flam\u0131\u015f olduk, hem de 20 milyon tasarruf etmi\u015f olduk. Bug\u00fcn itibariyle 561 milyon bor\u00e7 \u00f6dedik. Ve kalan borcu 665 milyona d\u00fc\u015f\u00fcrd\u00fck. \u0130nsanlar dertlenince \u00e7are buluyor. Bizde bulduk&#8221; dedi.<\/p>\n<p>&#8220;Acil sorunlar\u0131 \u00e7\u00f6zd\u00fck&#8221;<br \/>\nKepez&#8217;de bor\u00e7lar\u0131 \u00f6derken bir yandan da Kepez&#8217;in \u00e7ok acil \u00e7\u00f6z\u00fclmesi gereken problemlerini \u00e7\u00f6zd\u00fcklerinin alt\u0131n\u0131 \u00e7izen Ba\u015fkan Kocag\u00f6z, &#8220;2024 y\u0131l\u0131 \u015fubat ay\u0131nda ya\u011fan ya\u011fmur su bask\u0131nlar\u0131na neden oldu. Allah rahmet eylesin, bir vatanda\u015f\u0131m\u0131zda hayat\u0131n\u0131 kaybetti. Ayn\u0131 oranda Aral\u0131k ay\u0131nda da ya\u011fmur ya\u011fd\u0131. Su bask\u0131nlar\u0131 ya\u015fanmad\u0131. Bu nas\u0131l oldu? 68 mahallenin mazgallar\u0131n\u0131 temizledik. Kepez&#8217;de bir mazgal temizleme arac\u0131 yoktu. Ay deresi, Fevzi \u00c7akmak gibi dere yataklar\u0131ndaki evleri y\u0131kt\u0131k. Bakslar\u0131 de\u011fi\u015ftirdik, sa\u011f olsun Antalya B\u00fcy\u00fck\u015fehir Belediyemiz ve ASAT bizlere bu \u00e7al\u0131\u015fmalarda \u00e7ok b\u00fcy\u00fck katk\u0131lar sundular. Ve Kepez&#8217;i su basmad\u0131&#8221; diye konu\u015ftu.<\/p>\n<p>&#8220;Antalya&#8217;n\u0131n en temiz il\u00e7esi olacak&#8221;<br \/>\nKepez&#8217;in bir ba\u015fka sorununun da temizlik oldu\u011funu belirten Ba\u015fkan Kocag\u00f6z, &#8220;G\u00fcnl\u00fck 89 \u015fikayet geliyordu, temizlikle ilgili Temizlik problemdi. Bir \u015fehrin en g\u00fczel yan\u0131 temiz olmas\u0131d\u0131r. \u00c7\u00f6p arac\u0131 almak istedik, \u00c7evre ve \u015eehircilik Bakanl\u0131\u011f\u0131&#8217;ndan ret geldi. Biz ne yapt\u0131k, \u00e7al\u0131\u015fmalar\u0131 vardiyal\u0131 hale getirdik. G\u00fcnl\u00fck temizlikle ilgili \u015fikayet say\u0131m\u0131z 8&#8217;e d\u00fc\u015ft\u00fc. Bu konuda iddial\u0131y\u0131m. Antalya&#8217;n\u0131n en temiz yeri olacak&#8221; dedi.<\/p>\n<p>Kepez&#8217;e k\u00fclt\u00fcr sanat akademisi<br \/>\nKepez&#8217;de 100&#8217;e yak\u0131n park\u0131 ve yollar\u0131 \u0131\u015f\u0131kland\u0131rd\u0131klar\u0131n\u0131, Zab\u0131ta ve \u00d6zel G\u00fcvenlik personeli say\u0131s\u0131n\u0131 da artt\u0131rd\u0131klar\u0131n\u0131 s\u00f6yledi. Gelecek nesilleri k\u00f6t\u00fc al\u0131\u015fkanl\u0131klardan korumak i\u00e7in de gen\u00e7lere spor yapabilecekleri imkanlar sa\u011flad\u0131klar\u0131n\u0131 belirten Ba\u015fkan Kocag\u00f6z, &#8220;Gen\u00e7lerimize m\u00fczik, sanat ve k\u00fclt\u00fcr imkanlar\u0131n\u0131 her mahallemizde artt\u0131r\u0131rken, at\u0131l olan Mimar Sinan Kongre Merkezi&#8217;ni ayn\u0131 zamanda K\u00fclt\u00fcr Sanat Akademisi haline getirdik. Burada 1500 ki\u015fi akademi e\u011fitimi al\u0131yor&#8221; diye konu\u015ftu.<\/p>\n<p>Turizm ihtisas mahallesi<br \/>\nT\u00fcrkiye&#8217;de ilk olacak projeleri de platform \u00fcyelerine aktaran Ba\u015fkan Kocag\u00f6z, &#8220;Turizmde en b\u00fcy\u00fck problem lojman Biz, Turizm \u0130htisas Mahallesi kuruyoruz. Lojistik b\u00fcy\u00fck problem. Servisler bir yerden alacak, bir yere b\u0131rakacak. 1+1 ve 2+1 \u015feklinde daireler yapaca\u011f\u0131z. \u0130\u00e7inde kre\u015f, sosyal tesis olacak. Finansmanda turizmcilerimiz olacak. Bu bir ilk ve T\u00fcrkiye&#8217;ye \u00f6rnek olacak. Kentsel d\u00f6n\u00fc\u015f\u00fcm \u00e7ok \u00f6nemli. \u0130stanbul K\u0130PTA\u015e gibi KEPTA\u015e i\u015ftirakini kurduk. \u0130nsan hayat\u0131 \u00e7ok \u00f6nemli. Bununla ilgili ortak akla \u00e7ok \u00f6nem veriyoruz. Odalarla i\u015fbirli\u011fi yapt\u0131k ve \u00fczerinde \u00e7al\u0131\u015f\u0131l\u0131yor. Bunu KEPTA\u015e ile yapaca\u011f\u0131z. B\u00f6lgemizde parsel baz\u0131ndan ada baz\u0131na ge\u00e7ilen yerler var. \u0130nsanlar kentsel d\u00f6n\u00fc\u015f\u00fcm noktas\u0131nda g\u00fcven sorunu ya\u015f\u0131yor. \u0130nsanlar belediyeye g\u00fcvendikleri i\u00e7in bunu KEPTA\u015e \u00e7\u00f6zecek&#8221; dedi.<\/p>\n<p>Kepez&#8217;e mahalle meclisleri<br \/>\nYerel y\u00f6netimlerin siyaset \u00fcst\u00fc olmas\u0131 gerekti\u011fine de\u011finen Ba\u015fkan Kocag\u00f6z, Mahalle Meclislerine de\u011findi. T\u00fcrkiye&#8217;de bir ilk olacak, yerel demokrasiyi biz sa\u011flayaca\u011f\u0131z&#8221; diyerek s\u00f6zlerini s\u00fcrd\u00fcren Ba\u015fkan Kocag\u00f6z, &#8220;Pilot uygulamaya birka\u00e7 mahallemizde ba\u015flad\u0131k. Muhtar se\u00e7ilmi\u015f oldu\u011fu i\u00e7in mahalle meclisinin ba\u015fkan\u0131 olacak. Bu mecliste; y\u00fczde 7 baraj\u0131n\u0131 ge\u00e7en partilerin mahalle meclisleri, gen\u00e7, kad\u0131n, engelli ve kanat \u00f6nderi olacak. G\u0131da paketimi da\u011f\u0131taca\u011f\u0131z? Ortak paydada belirlenen ki\u015fiye gidecek. Ger\u00e7ek ihtiya\u00e7 sahibine ula\u015facak&#8221; diye konu\u015ftu.<\/p>\n<p>\u00c7ek-yaz-g\u00f6nder<br \/>\nKepez&#8217;de 18 bin 500 \u00e7\u00f6p konteyneri oldu\u011funu ve bunun belediye at\u00f6lyelerinde \u00fcretildi\u011fini belirten Ba\u015fkan Kocag\u00f6z, &#8220;\u00c7\u00f6p konteynerlerinin \u00fczerini yenileyerek, \u00e7ek-yaz-g\u00f6nder diyerek, mahalle sorunlar\u0131n\u0131n acilen belediyemize iletilmesini sa\u011flad\u0131k. Antalya&#8217;da ilk \u00e7\u00f6p taksi uygulamas\u0131n\u0131 ba\u015flatt\u0131k. Vatanda\u015f\u0131n \u00e7ekip bize att\u0131\u011f\u0131 \u00e7\u00f6p sorununu ayn\u0131 g\u00fcn \u00e7\u00f6z\u00fcyoruz. Acil bak\u0131m onar\u0131m ekibini kurduk. Ve bize iletilen sorunlar\u0131 24 saat i\u00e7inde \u00e7\u00f6z\u00fcyoruz. Bence belediyecilik budur&#8221; dedi.<\/p>\n<p>Belediyecilikte &#8216;en&#8217;ler \u00f6nemli<br \/>\nKonu\u015fmas\u0131nda birlik ve beraberli\u011fin \u00f6nemine de\u011finen Ba\u015fkan Kocag\u00f6z, &#8220;Kepez Belediyesi meclisinde al\u0131nan kararlar\u0131m\u0131z oy birli\u011fiyle al\u0131n\u0131yor. Bizim derdimiz insanlar\u0131m\u0131za iyi hizmet edebilmek. Belediyecilikte EN&#8217;ler \u00e7ok \u00f6nemlidir. En temiz, en g\u00fcvenli, en en olacaks\u0131n\u0131z. Bence yerel y\u00f6neticili\u011fin g\u00f6revi o \u015fehre k\u00fclt\u00fcr vermektir&#8221; diye konu\u015ftu.<\/p>\n<p>&#8220;Kepez \u00f6zlemi\u015f&#8221;<br \/>\nBa\u015fkan Kocag\u00f6z, konu\u015fmas\u0131nda milli bayramlara da de\u011findi. Kepez&#8217;de 23 Nisan Ulusal Egemenlik ve \u00c7ocuk Bayram\u0131 ile 19 May\u0131s Atat\u00fcrk&#8217;\u00fc Anma, Gen\u00e7lik ve Spor Bayram\u0131&#8217;n\u0131n b\u00fcy\u00fck bir co\u015fkuyla kutland\u0131\u011f\u0131 bildirdi. Milli bayramlar\u0131n h\u0131nca h\u0131n\u00e7 dolan 35 bin ki\u015filik alanda kutland\u0131\u011f\u0131n\u0131 belirterek, &#8220;Kepez \u00f6zlemi\u015f&#8221; dedi.<\/p>\n<p>&#8220;Bizim derdimiz insan&#8221;<br \/>\nKepez&#8217;in bir Alt\u0131nova, bir Dokuma&#8217;dan ibaret olmad\u0131\u011f\u0131n\u0131 da s\u00f6zlerine ekleyen Ba\u015fkan Kocag\u00f6z, &#8220;Kepez&#8217;in i\u00e7lerine girdi\u011finizde yal\u0131nayak \u00e7ocuklar\u0131, \u00fc\u015f\u00fcyen \u00e7ocuklar\u0131 g\u00f6r\u00fcrs\u00fcn\u00fcz. Yata\u011fa a\u00e7 giren insanlar\u0131 g\u00f6r\u00fcrs\u00fcn\u00fcz. Bizim derdimiz insan Biz yoksullu\u011fu y\u00f6netmek i\u00e7in de\u011fil, yok etmek i\u00e7in m\u00fccadele edece\u011fiz. Biz oy de\u011fil, bu \u015fehre, bu vatana katk\u0131 da bulunmak istiyoruz. \u00d6rnek olmak istiyoruz&#8221; diye konu\u015ftu.<\/p>\n<p>33 proje bitti<br \/>\nBa\u015fkan Kocag\u00f6z, T\u00fcrkiye&#8217;ye \u00f6rnek olacak Ortak Bulu\u015fma Alan\u0131 (OBA), projesinin detaylar\u0131n\u0131 platform \u00fcyeleriyle payla\u015ft\u0131. Kepez&#8217;de 27 May\u0131s&#8217;ta \u00d6\u011frenci Kent Lokantas\u0131 ve 2 Haziran&#8217;da \u00c7ankaya Kapal\u0131 Pazar\u0131&#8217;n\u0131 a\u00e7acaklar\u0131n\u0131 da bildirdi. Ba\u015fkan Kocag\u00f6z, &#8220;Her hafta bir temel atma, bir a\u00e7\u0131l\u0131\u015f yap\u0131yoruz. Se\u00e7im beyannamesinde 105 projemizin 46 tanesine ba\u015flad\u0131k, 33 tanesi bitti, 13 tanesi bitmek \u00fczere 9 ayda bunlar\u0131 yapt\u0131k. \u0130nsan dert edinirse derman\u0131 da buluyor&#8221; dedi.<\/p>\n<p>&#8220;Kepez&#8217;i beraber y\u00f6netelim&#8221;<br \/>\nKepez&#8217;i ortak ak\u0131lla y\u00f6netmek istediklerini belirten Ba\u015fkan Kocag\u00f6z, &#8220;Bunu y\u00fcrekten ve samimiyetle s\u00f6yl\u00fcyorum. Sizin gibi insanlara ihtiyac\u0131m\u0131z var. \u015eehrin ihtiyac\u0131 var. Gelin Kepez&#8217;i beraber y\u00f6netelim. L\u00fctfen kendinizi Kepez Belediye Ba\u015fkan\u0131 gibi g\u00f6r\u00fcn. Gelin hep beraber Kepez&#8217;i de\u011fi\u015ftirelim&#8221; diye konu\u015ftu.<\/p>\n<p>Kaynak: www.kanalv.com.tr Haber Sitesinden Al\u0131nm\u0131\u015ft\u0131r.<\/p>","protected":false},"excerpt":{"rendered":"<p>Kepez Belediye Ba\u015fkan\u0131 Mesut Kocag\u00f6z, Antalya Dayan\u0131\u015fma Grubu \u00fcyeleriyle bir araya geldi. Kent merkezindeki bir otel ger\u00e7ekle\u015fen bulu\u015fmada Ba\u015fkan Kocag\u00f6z, 700 bin n\u00fcfusa sahip Kepez&#8217;in ihtiya\u00e7lar\u0131na y\u00f6nelik y\u00fcr\u00fctt\u00fckleri hizmet \u00e7al\u0131\u015fmalar\u0131n\u0131 payla\u015ft\u0131. Antalya Dayan\u0131\u015fma Grubu Ba\u015fkan\u0131 Erdal At\u0131lgan&#8217;\u0131n ev sahipli\u011finde d\u00fczenlenen kahvalt\u0131 program\u0131nda konu\u015fan Ba\u015fkan Kocag\u00f6z, &#8220;Kepez&#8217;in bug\u00fcn\u00fcn\u00fc ve yar\u0131n\u0131 burada sizlerle konu\u015fuyor olmak benim i\u00e7in b\u00fcy\u00fck bir onurdur. Hepiniz birbirinizden de\u011ferlisiniz, sizler Antalya&#8217;n\u0131n nabz\u0131n\u0131 tutan bir topluluksunuz. Burada Kepez i\u00e7in sizlerin fikirlerini almak, ortak akla ula\u015fmak bizler i\u00e7in \u00e7ok \u00f6nemlidir&#8221; dedi. Kepez&#8217;de 81 vilayet, 7 b\u00f6lge ya\u015f\u0131yor Antalya Dayan\u0131\u015fma Grubu \u00fcyelerine Kepez&#8217;i anlatan Ba\u015fkan Kocag\u00f6z, &#8220;Kepez&#8217;in n\u00fcfusu 700 bin81 vilayetten 7 b\u00f6lgeden insan\u0131m\u0131z\u0131n ya\u015fad\u0131\u011f\u0131 bir yer. Kepez&#8217;de y\u00fczde 26.7 Antalya&#8217;l\u0131, y\u00fczde 12.8 Do\u011fu ve G\u00fcneydo\u011fu Anadolu, y\u00fczde 6 Burdurlu, y\u00fczde 4 Konyal\u0131, y\u00fczde 3,8 Ispartal\u0131 ya\u015f\u0131yor. Kepez&#8217;de deniz hari\u00e7 her \u015fey var. Orman\u0131, \u015felalesi, \u0131rma\u011f\u0131, ye\u015filli\u011fi, tar\u0131m\u0131, \u00e7i\u00e7e\u011fi, seras\u0131 k\u0131sacas\u0131 her\u015fey var&#8221; diye konu\u015ftu. &#8220;Oy fark\u0131yla Kepez&#8217;i ald\u0131k&#8221; 2024 y\u0131l\u0131 31 Mart se\u00e7imlerine de\u011finen Ba\u015fkan Kocag\u00f6z, &#8220;Yerel se\u00e7imden 10 ay \u00f6nce genel se\u00e7im oldu. Cumhur ittifak\u0131 ile Cumhuriyet Halk Partisi aras\u0131ndaki fark 70 bindi. Se\u00e7imlerde, biz bu 70 bin fark\u0131 kapatt\u0131\u011f\u0131m\u0131z gibi 17 bin 500 oy da fark att\u0131k&#8221; dedi. Cezaevi s\u00fcrecine de de\u011finen Ba\u015fkan Kocag\u00f6z, &#8220;Bu s\u00fcre\u00e7te g\u00f6rd\u00fc\u011f\u00fcm destek &hellip;<\/p>","protected":false},"author":4,"featured_media":94192,"comment_status":"","ping_status":"open","sticky":false,"template":"","format":"standard","meta":{"_acf_changed":false,"footnotes":""},"categories":[26],"tags":[],"class_list":["post-94191","post","type-post","status-publish","format-standard","has-post-thumbnail","hentry","category-antalya"],"acf":[],"yoast_head":"<!-- This site is optimized with the Yoast SEO Premium plugin v26.6 (Yoast SEO v27.1.1) - https:\/\/yoast.com\/product\/yoast-seo-premium-wordpress\/ -->\n<title>Ba\u015fkan Kocag\u00f6z&#039;den sosyal belediyecilik vurgusu - Av. Deniz Can K\u0131z\u0131l<\/title>\n<meta name=\"robots\" content=\"index, follow, max-snippet:-1, max-image-preview:large, max-video-preview:-1\" \/>\n<link rel=\"canonical\" href=\"http:\/\/denizcankizil.tr\/en\/haberler\/antalya\/baskan-kocagozden-sosyal-belediyecilik-vurgusu\/\" \/>\n<meta property=\"og:locale\" content=\"en_GB\" \/>\n<meta property=\"og:type\" content=\"article\" \/>\n<meta property=\"og:title\" content=\"Ba\u015fkan Kocag\u00f6z&#039;den sosyal belediyecilik vurgusu\" \/>\n<meta property=\"og:description\" content=\"Kepez Belediye Ba\u015fkan\u0131 Mesut Kocag\u00f6z, Antalya Dayan\u0131\u015fma Grubu \u00fcyeleriyle bir araya geldi. Kent merkezindeki bir otel ger\u00e7ekle\u015fen bulu\u015fmada Ba\u015fkan Kocag\u00f6z, 700 bin n\u00fcfusa sahip Kepez&#8217;in ihtiya\u00e7lar\u0131na y\u00f6nelik y\u00fcr\u00fctt\u00fckleri hizmet \u00e7al\u0131\u015fmalar\u0131n\u0131 payla\u015ft\u0131. Antalya Dayan\u0131\u015fma Grubu Ba\u015fkan\u0131 Erdal At\u0131lgan&#8217;\u0131n ev sahipli\u011finde d\u00fczenlenen kahvalt\u0131 program\u0131nda konu\u015fan Ba\u015fkan Kocag\u00f6z, &#8220;Kepez&#8217;in bug\u00fcn\u00fcn\u00fc ve yar\u0131n\u0131 burada sizlerle konu\u015fuyor olmak benim i\u00e7in b\u00fcy\u00fck bir onurdur. Hepiniz birbirinizden de\u011ferlisiniz, sizler Antalya&#8217;n\u0131n nabz\u0131n\u0131 tutan bir topluluksunuz. Burada Kepez i\u00e7in sizlerin fikirlerini almak, ortak akla ula\u015fmak bizler i\u00e7in \u00e7ok \u00f6nemlidir&#8221; dedi. Kepez&#8217;de 81 vilayet, 7 b\u00f6lge ya\u015f\u0131yor Antalya Dayan\u0131\u015fma Grubu \u00fcyelerine Kepez&#8217;i anlatan Ba\u015fkan Kocag\u00f6z, &#8220;Kepez&#8217;in n\u00fcfusu 700 bin81 vilayetten 7 b\u00f6lgeden insan\u0131m\u0131z\u0131n ya\u015fad\u0131\u011f\u0131 bir yer. Kepez&#8217;de y\u00fczde 26.7 Antalya&#8217;l\u0131, y\u00fczde 12.8 Do\u011fu ve G\u00fcneydo\u011fu Anadolu, y\u00fczde 6 Burdurlu, y\u00fczde 4 Konyal\u0131, y\u00fczde 3,8 Ispartal\u0131 ya\u015f\u0131yor. Kepez&#8217;de deniz hari\u00e7 her \u015fey var. Orman\u0131, \u015felalesi, \u0131rma\u011f\u0131, ye\u015filli\u011fi, tar\u0131m\u0131, \u00e7i\u00e7e\u011fi, seras\u0131 k\u0131sacas\u0131 her\u015fey var&#8221; diye konu\u015ftu. &#8220;Oy fark\u0131yla Kepez&#8217;i ald\u0131k&#8221; 2024 y\u0131l\u0131 31 Mart se\u00e7imlerine de\u011finen Ba\u015fkan Kocag\u00f6z, &#8220;Yerel se\u00e7imden 10 ay \u00f6nce genel se\u00e7im oldu. Cumhur ittifak\u0131 ile Cumhuriyet Halk Partisi aras\u0131ndaki fark 70 bindi. Se\u00e7imlerde, biz bu 70 bin fark\u0131 kapatt\u0131\u011f\u0131m\u0131z gibi 17 bin 500 oy da fark att\u0131k&#8221; dedi. Cezaevi s\u00fcrecine de de\u011finen Ba\u015fkan Kocag\u00f6z, &#8220;Bu s\u00fcre\u00e7te g\u00f6rd\u00fc\u011f\u00fcm destek &hellip;\" \/>\n<meta property=\"og:url\" content=\"http:\/\/denizcankizil.tr\/en\/haberler\/antalya\/baskan-kocagozden-sosyal-belediyecilik-vurgusu\/\" \/>\n<meta property=\"og:site_name\" content=\"Av. Deniz Can K\u0131z\u0131l\" \/>\n<meta property=\"article:published_time\" content=\"2025-05-22T12:42:54+00:00\" \/>\n<meta property=\"og:image\" content=\"http:\/\/denizcankizil.tr\/wp-content\/uploads\/2025\/05\/6485-01-2Nbugj.jpg\" \/>\n\t<meta property=\"og:image:width\" content=\"1280\" \/>\n\t<meta property=\"og:image:height\" content=\"720\" \/>\n\t<meta property=\"og:image:type\" content=\"image\/jpeg\" \/>\n<meta name=\"author\" content=\"Av. Deniz Can K\u0131z\u0131l\" \/>\n<meta name=\"twitter:card\" content=\"summary_large_image\" \/>\n<meta name=\"twitter:label1\" content=\"Written by\" \/>\n\t<meta name=\"twitter:data1\" content=\"Av. Deniz Can K\u0131z\u0131l\" \/>\n\t<meta name=\"twitter:label2\" content=\"Estimated reading time\" \/>\n\t<meta name=\"twitter:data2\" content=\"7 minutes\" \/>\n<script type=\"application\/ld+json\" class=\"yoast-schema-graph\">{\"@context\":\"https:\/\/schema.org\",\"@graph\":[{\"@type\":\"Article\",\"@id\":\"http:\/\/denizcankizil.tr\/en\/haberler\/antalya\/baskan-kocagozden-sosyal-belediyecilik-vurgusu\/#article\",\"isPartOf\":{\"@id\":\"http:\/\/denizcankizil.tr\/en\/haberler\/antalya\/baskan-kocagozden-sosyal-belediyecilik-vurgusu\/\"},\"author\":{\"name\":\"Av. Deniz Can K\u0131z\u0131l\",\"@id\":\"https:\/\/denizcankizil.tr\/#\/schema\/person\/5dc1b22991bd7ac833867c10afc9b0ff\"},\"headline\":\"Ba\u015fkan Kocag\u00f6z&#8217;den sosyal belediyecilik vurgusu\",\"datePublished\":\"2025-05-22T12:42:54+00:00\",\"mainEntityOfPage\":{\"@id\":\"http:\/\/denizcankizil.tr\/en\/haberler\/antalya\/baskan-kocagozden-sosyal-belediyecilik-vurgusu\/\"},\"wordCount\":1518,\"publisher\":{\"@id\":\"https:\/\/denizcankizil.tr\/#organization\"},\"image\":{\"@id\":\"http:\/\/denizcankizil.tr\/en\/haberler\/antalya\/baskan-kocagozden-sosyal-belediyecilik-vurgusu\/#primaryimage\"},\"thumbnailUrl\":\"http:\/\/denizcankizil.tr\/wp-content\/uploads\/2025\/05\/6485-01-2Nbugj.jpg\",\"articleSection\":[\"Antalya\"],\"inLanguage\":\"en-GB\"},{\"@type\":\"WebPage\",\"@id\":\"http:\/\/denizcankizil.tr\/en\/haberler\/antalya\/baskan-kocagozden-sosyal-belediyecilik-vurgusu\/\",\"url\":\"http:\/\/denizcankizil.tr\/en\/haberler\/antalya\/baskan-kocagozden-sosyal-belediyecilik-vurgusu\/\",\"name\":\"Ba\u015fkan Kocag\u00f6z'den sosyal belediyecilik vurgusu - Av. Deniz Can K\u0131z\u0131l\",\"isPartOf\":{\"@id\":\"https:\/\/denizcankizil.tr\/#website\"},\"primaryImageOfPage\":{\"@id\":\"http:\/\/denizcankizil.tr\/en\/haberler\/antalya\/baskan-kocagozden-sosyal-belediyecilik-vurgusu\/#primaryimage\"},\"image\":{\"@id\":\"http:\/\/denizcankizil.tr\/en\/haberler\/antalya\/baskan-kocagozden-sosyal-belediyecilik-vurgusu\/#primaryimage\"},\"thumbnailUrl\":\"http:\/\/denizcankizil.tr\/wp-content\/uploads\/2025\/05\/6485-01-2Nbugj.jpg\",\"datePublished\":\"2025-05-22T12:42:54+00:00\",\"breadcrumb\":{\"@id\":\"http:\/\/denizcankizil.tr\/en\/haberler\/antalya\/baskan-kocagozden-sosyal-belediyecilik-vurgusu\/#breadcrumb\"},\"inLanguage\":\"en-GB\",\"potentialAction\":[{\"@type\":\"ReadAction\",\"target\":[\"http:\/\/denizcankizil.tr\/en\/haberler\/antalya\/baskan-kocagozden-sosyal-belediyecilik-vurgusu\/\"]}]},{\"@type\":\"ImageObject\",\"inLanguage\":\"en-GB\",\"@id\":\"http:\/\/denizcankizil.tr\/en\/haberler\/antalya\/baskan-kocagozden-sosyal-belediyecilik-vurgusu\/#primaryimage\",\"url\":\"http:\/\/denizcankizil.tr\/wp-content\/uploads\/2025\/05\/6485-01-2Nbugj.jpg\",\"contentUrl\":\"http:\/\/denizcankizil.tr\/wp-content\/uploads\/2025\/05\/6485-01-2Nbugj.jpg\",\"width\":1280,\"height\":720},{\"@type\":\"BreadcrumbList\",\"@id\":\"http:\/\/denizcankizil.tr\/en\/haberler\/antalya\/baskan-kocagozden-sosyal-belediyecilik-vurgusu\/#breadcrumb\",\"itemListElement\":[{\"@type\":\"ListItem\",\"position\":1,\"name\":\"Home\",\"item\":\"https:\/\/denizcankizil.tr\/uk\/\"},{\"@type\":\"ListItem\",\"position\":2,\"name\":\"Ba\u015fkan Kocag\u00f6z&#8217;den sosyal belediyecilik vurgusu\"}]},{\"@type\":\"WebSite\",\"@id\":\"https:\/\/denizcankizil.tr\/#website\",\"url\":\"https:\/\/denizcankizil.tr\/\",\"name\":\"Av. Deniz Can K\u0131z\u0131l\",\"description\":\"Avukat Deniz Can K\u0131z\u0131l Antalya Barosu\",\"publisher\":{\"@id\":\"https:\/\/denizcankizil.tr\/#organization\"},\"potentialAction\":[{\"@type\":\"SearchAction\",\"target\":{\"@type\":\"EntryPoint\",\"urlTemplate\":\"https:\/\/denizcankizil.tr\/?s={search_term_string}\"},\"query-input\":{\"@type\":\"PropertyValueSpecification\",\"valueRequired\":true,\"valueName\":\"search_term_string\"}}],\"inLanguage\":\"en-GB\"},{\"@type\":\"Organization\",\"@id\":\"https:\/\/denizcankizil.tr\/#organization\",\"name\":\"Av. Deniz Can K\u0131z\u0131l\",\"url\":\"https:\/\/denizcankizil.tr\/\",\"logo\":{\"@type\":\"ImageObject\",\"inLanguage\":\"en-GB\",\"@id\":\"https:\/\/denizcankizil.tr\/#\/schema\/logo\/image\/\",\"url\":\"http:\/\/denizcankizil.tr\/wp-content\/uploads\/2024\/10\/siyah-logo-svg.svg\",\"contentUrl\":\"http:\/\/denizcankizil.tr\/wp-content\/uploads\/2024\/10\/siyah-logo-svg.svg\",\"width\":1080,\"height\":1080,\"caption\":\"Av. Deniz Can K\u0131z\u0131l\"},\"image\":{\"@id\":\"https:\/\/denizcankizil.tr\/#\/schema\/logo\/image\/\"}},{\"@type\":\"Person\",\"@id\":\"https:\/\/denizcankizil.tr\/#\/schema\/person\/5dc1b22991bd7ac833867c10afc9b0ff\",\"name\":\"Av. Deniz Can K\u0131z\u0131l\",\"image\":{\"@type\":\"ImageObject\",\"inLanguage\":\"en-GB\",\"@id\":\"https:\/\/denizcankizil.tr\/#\/schema\/person\/image\/\",\"url\":\"https:\/\/secure.gravatar.com\/avatar\/a0b128fb9855c79efc976d5640eedb31dc35ec297594d6016d2cf7c60e975bb6?s=96&d=mm&r=g\",\"contentUrl\":\"https:\/\/secure.gravatar.com\/avatar\/a0b128fb9855c79efc976d5640eedb31dc35ec297594d6016d2cf7c60e975bb6?s=96&d=mm&r=g\",\"caption\":\"Av. Deniz Can K\u0131z\u0131l\"},\"sameAs\":[\"http:\/\/www.denizcankizil.tr\"],\"url\":\"http:\/\/denizcankizil.tr\/en\/author\/denizcankizil\/\"}]}<\/script>\n<!-- \/ Yoast SEO Premium plugin. -->","yoast_head_json":{"title":"Ba\u015fkan Kocag\u00f6z'den sosyal belediyecilik vurgusu - Av. Deniz Can K\u0131z\u0131l","robots":{"index":"index","follow":"follow","max-snippet":"max-snippet:-1","max-image-preview":"max-image-preview:large","max-video-preview":"max-video-preview:-1"},"canonical":"http:\/\/denizcankizil.tr\/en\/haberler\/antalya\/baskan-kocagozden-sosyal-belediyecilik-vurgusu\/","og_locale":"en_GB","og_type":"article","og_title":"Ba\u015fkan Kocag\u00f6z'den sosyal belediyecilik vurgusu","og_description":"Kepez Belediye Ba\u015fkan\u0131 Mesut Kocag\u00f6z, Antalya Dayan\u0131\u015fma Grubu \u00fcyeleriyle bir araya geldi. Kent merkezindeki bir otel ger\u00e7ekle\u015fen bulu\u015fmada Ba\u015fkan Kocag\u00f6z, 700 bin n\u00fcfusa sahip Kepez&#8217;in ihtiya\u00e7lar\u0131na y\u00f6nelik y\u00fcr\u00fctt\u00fckleri hizmet \u00e7al\u0131\u015fmalar\u0131n\u0131 payla\u015ft\u0131. Antalya Dayan\u0131\u015fma Grubu Ba\u015fkan\u0131 Erdal At\u0131lgan&#8217;\u0131n ev sahipli\u011finde d\u00fczenlenen kahvalt\u0131 program\u0131nda konu\u015fan Ba\u015fkan Kocag\u00f6z, &#8220;Kepez&#8217;in bug\u00fcn\u00fcn\u00fc ve yar\u0131n\u0131 burada sizlerle konu\u015fuyor olmak benim i\u00e7in b\u00fcy\u00fck bir onurdur. Hepiniz birbirinizden de\u011ferlisiniz, sizler Antalya&#8217;n\u0131n nabz\u0131n\u0131 tutan bir topluluksunuz. Burada Kepez i\u00e7in sizlerin fikirlerini almak, ortak akla ula\u015fmak bizler i\u00e7in \u00e7ok \u00f6nemlidir&#8221; dedi. Kepez&#8217;de 81 vilayet, 7 b\u00f6lge ya\u015f\u0131yor Antalya Dayan\u0131\u015fma Grubu \u00fcyelerine Kepez&#8217;i anlatan Ba\u015fkan Kocag\u00f6z, &#8220;Kepez&#8217;in n\u00fcfusu 700 bin81 vilayetten 7 b\u00f6lgeden insan\u0131m\u0131z\u0131n ya\u015fad\u0131\u011f\u0131 bir yer. Kepez&#8217;de y\u00fczde 26.7 Antalya&#8217;l\u0131, y\u00fczde 12.8 Do\u011fu ve G\u00fcneydo\u011fu Anadolu, y\u00fczde 6 Burdurlu, y\u00fczde 4 Konyal\u0131, y\u00fczde 3,8 Ispartal\u0131 ya\u015f\u0131yor. Kepez&#8217;de deniz hari\u00e7 her \u015fey var. Orman\u0131, \u015felalesi, \u0131rma\u011f\u0131, ye\u015filli\u011fi, tar\u0131m\u0131, \u00e7i\u00e7e\u011fi, seras\u0131 k\u0131sacas\u0131 her\u015fey var&#8221; diye konu\u015ftu. &#8220;Oy fark\u0131yla Kepez&#8217;i ald\u0131k&#8221; 2024 y\u0131l\u0131 31 Mart se\u00e7imlerine de\u011finen Ba\u015fkan Kocag\u00f6z, &#8220;Yerel se\u00e7imden 10 ay \u00f6nce genel se\u00e7im oldu. Cumhur ittifak\u0131 ile Cumhuriyet Halk Partisi aras\u0131ndaki fark 70 bindi. Se\u00e7imlerde, biz bu 70 bin fark\u0131 kapatt\u0131\u011f\u0131m\u0131z gibi 17 bin 500 oy da fark att\u0131k&#8221; dedi. Cezaevi s\u00fcrecine de de\u011finen Ba\u015fkan Kocag\u00f6z, &#8220;Bu s\u00fcre\u00e7te g\u00f6rd\u00fc\u011f\u00fcm destek &hellip;","og_url":"http:\/\/denizcankizil.tr\/en\/haberler\/antalya\/baskan-kocagozden-sosyal-belediyecilik-vurgusu\/","og_site_name":"Av. Deniz Can K\u0131z\u0131l","article_published_time":"2025-05-22T12:42:54+00:00","og_image":[{"width":1280,"height":720,"url":"http:\/\/denizcankizil.tr\/wp-content\/uploads\/2025\/05\/6485-01-2Nbugj.jpg","type":"image\/jpeg"}],"author":"Av. Deniz Can K\u0131z\u0131l","twitter_card":"summary_large_image","twitter_misc":{"Written by":"Av. Deniz Can K\u0131z\u0131l","Estimated reading time":"7 minutes"},"schema":{"@context":"https:\/\/schema.org","@graph":[{"@type":"Article","@id":"http:\/\/denizcankizil.tr\/en\/haberler\/antalya\/baskan-kocagozden-sosyal-belediyecilik-vurgusu\/#article","isPartOf":{"@id":"http:\/\/denizcankizil.tr\/en\/haberler\/antalya\/baskan-kocagozden-sosyal-belediyecilik-vurgusu\/"},"author":{"name":"Av. Deniz Can K\u0131z\u0131l","@id":"https:\/\/denizcankizil.tr\/#\/schema\/person\/5dc1b22991bd7ac833867c10afc9b0ff"},"headline":"Ba\u015fkan Kocag\u00f6z&#8217;den sosyal belediyecilik vurgusu","datePublished":"2025-05-22T12:42:54+00:00","mainEntityOfPage":{"@id":"http:\/\/denizcankizil.tr\/en\/haberler\/antalya\/baskan-kocagozden-sosyal-belediyecilik-vurgusu\/"},"wordCount":1518,"publisher":{"@id":"https:\/\/denizcankizil.tr\/#organization"},"image":{"@id":"http:\/\/denizcankizil.tr\/en\/haberler\/antalya\/baskan-kocagozden-sosyal-belediyecilik-vurgusu\/#primaryimage"},"thumbnailUrl":"http:\/\/denizcankizil.tr\/wp-content\/uploads\/2025\/05\/6485-01-2Nbugj.jpg","articleSection":["Antalya"],"inLanguage":"en-GB"},{"@type":"WebPage","@id":"http:\/\/denizcankizil.tr\/en\/haberler\/antalya\/baskan-kocagozden-sosyal-belediyecilik-vurgusu\/","url":"http:\/\/denizcankizil.tr\/en\/haberler\/antalya\/baskan-kocagozden-sosyal-belediyecilik-vurgusu\/","name":"Ba\u015fkan Kocag\u00f6z'den sosyal belediyecilik vurgusu - Av. Deniz Can K\u0131z\u0131l","isPartOf":{"@id":"https:\/\/denizcankizil.tr\/#website"},"primaryImageOfPage":{"@id":"http:\/\/denizcankizil.tr\/en\/haberler\/antalya\/baskan-kocagozden-sosyal-belediyecilik-vurgusu\/#primaryimage"},"image":{"@id":"http:\/\/denizcankizil.tr\/en\/haberler\/antalya\/baskan-kocagozden-sosyal-belediyecilik-vurgusu\/#primaryimage"},"thumbnailUrl":"http:\/\/denizcankizil.tr\/wp-content\/uploads\/2025\/05\/6485-01-2Nbugj.jpg","datePublished":"2025-05-22T12:42:54+00:00","breadcrumb":{"@id":"http:\/\/denizcankizil.tr\/en\/haberler\/antalya\/baskan-kocagozden-sosyal-belediyecilik-vurgusu\/#breadcrumb"},"inLanguage":"en-GB","potentialAction":[{"@type":"ReadAction","target":["http:\/\/denizcankizil.tr\/en\/haberler\/antalya\/baskan-kocagozden-sosyal-belediyecilik-vurgusu\/"]}]},{"@type":"ImageObject","inLanguage":"en-GB","@id":"http:\/\/denizcankizil.tr\/en\/haberler\/antalya\/baskan-kocagozden-sosyal-belediyecilik-vurgusu\/#primaryimage","url":"http:\/\/denizcankizil.tr\/wp-content\/uploads\/2025\/05\/6485-01-2Nbugj.jpg","contentUrl":"http:\/\/denizcankizil.tr\/wp-content\/uploads\/2025\/05\/6485-01-2Nbugj.jpg","width":1280,"height":720},{"@type":"BreadcrumbList","@id":"http:\/\/denizcankizil.tr\/en\/haberler\/antalya\/baskan-kocagozden-sosyal-belediyecilik-vurgusu\/#breadcrumb","itemListElement":[{"@type":"ListItem","position":1,"name":"Home","item":"https:\/\/denizcankizil.tr\/uk\/"},{"@type":"ListItem","position":2,"name":"Ba\u015fkan Kocag\u00f6z&#8217;den sosyal belediyecilik vurgusu"}]},{"@type":"WebSite","@id":"https:\/\/denizcankizil.tr\/#website","url":"https:\/\/denizcankizil.tr\/","name":"Av. Deniz Can K\u0131z\u0131l","description":"Avukat Deniz Can K\u0131z\u0131l Antalya Barosu","publisher":{"@id":"https:\/\/denizcankizil.tr\/#organization"},"potentialAction":[{"@type":"SearchAction","target":{"@type":"EntryPoint","urlTemplate":"https:\/\/denizcankizil.tr\/?s={search_term_string}"},"query-input":{"@type":"PropertyValueSpecification","valueRequired":true,"valueName":"search_term_string"}}],"inLanguage":"en-GB"},{"@type":"Organization","@id":"https:\/\/denizcankizil.tr\/#organization","name":"Av. Deniz Can K\u0131z\u0131l","url":"https:\/\/denizcankizil.tr\/","logo":{"@type":"ImageObject","inLanguage":"en-GB","@id":"https:\/\/denizcankizil.tr\/#\/schema\/logo\/image\/","url":"http:\/\/denizcankizil.tr\/wp-content\/uploads\/2024\/10\/siyah-logo-svg.svg","contentUrl":"http:\/\/denizcankizil.tr\/wp-content\/uploads\/2024\/10\/siyah-logo-svg.svg","width":1080,"height":1080,"caption":"Av. Deniz Can K\u0131z\u0131l"},"image":{"@id":"https:\/\/denizcankizil.tr\/#\/schema\/logo\/image\/"}},{"@type":"Person","@id":"https:\/\/denizcankizil.tr\/#\/schema\/person\/5dc1b22991bd7ac833867c10afc9b0ff","name":"Av. Deniz Can K\u0131z\u0131l","image":{"@type":"ImageObject","inLanguage":"en-GB","@id":"https:\/\/denizcankizil.tr\/#\/schema\/person\/image\/","url":"https:\/\/secure.gravatar.com\/avatar\/a0b128fb9855c79efc976d5640eedb31dc35ec297594d6016d2cf7c60e975bb6?s=96&d=mm&r=g","contentUrl":"https:\/\/secure.gravatar.com\/avatar\/a0b128fb9855c79efc976d5640eedb31dc35ec297594d6016d2cf7c60e975bb6?s=96&d=mm&r=g","caption":"Av. Deniz Can K\u0131z\u0131l"},"sameAs":["http:\/\/www.denizcankizil.tr"],"url":"http:\/\/denizcankizil.tr\/en\/author\/denizcankizil\/"}]}},"_links":{"self":[{"href":"http:\/\/denizcankizil.tr\/en\/wp-json\/wp\/v2\/posts\/94191","targetHints":{"allow":["GET"]}}],"collection":[{"href":"http:\/\/denizcankizil.tr\/en\/wp-json\/wp\/v2\/posts"}],"about":[{"href":"http:\/\/denizcankizil.tr\/en\/wp-json\/wp\/v2\/types\/post"}],"author":[{"embeddable":true,"href":"http:\/\/denizcankizil.tr\/en\/wp-json\/wp\/v2\/users\/4"}],"replies":[{"embeddable":true,"href":"http:\/\/denizcankizil.tr\/en\/wp-json\/wp\/v2\/comments?post=94191"}],"version-history":[{"count":0,"href":"http:\/\/denizcankizil.tr\/en\/wp-json\/wp\/v2\/posts\/94191\/revisions"}],"wp:featuredmedia":[{"embeddable":true,"href":"http:\/\/denizcankizil.tr\/en\/wp-json\/wp\/v2\/media\/94192"}],"wp:attachment":[{"href":"http:\/\/denizcankizil.tr\/en\/wp-json\/wp\/v2\/media?parent=94191"}],"wp:term":[{"taxonomy":"category","embeddable":true,"href":"http:\/\/denizcankizil.tr\/en\/wp-json\/wp\/v2\/categories?post=94191"},{"taxonomy":"post_tag","embeddable":true,"href":"http:\/\/denizcankizil.tr\/en\/wp-json\/wp\/v2\/tags?post=94191"}],"curies":[{"name":"wp","href":"https:\/\/api.w.org\/{rel}","templated":true}]}}