{"id":94079,"date":"2025-05-22T11:41:24","date_gmt":"2025-05-22T08:41:24","guid":{"rendered":"https:\/\/denizcankizil.tr\/uncategorized-tr\/seritli-engereklerin-ciftlesme-dansi\/"},"modified":"2025-05-22T11:41:24","modified_gmt":"2025-05-22T08:41:24","slug":"seritli-engereklerin-ciftlesme-dansi","status":"publish","type":"post","link":"http:\/\/denizcankizil.tr\/en\/haberler\/antalya\/seritli-engereklerin-ciftlesme-dansi\/","title":{"rendered":"\u015eeritli engereklerin \u00e7iftle\u015fme dans\u0131"},"content":{"rendered":"<p>Finike&#8217;ye ba\u011fl\u0131 Kale Mahallesi&#8217;nde oturan \u00dcnal Uysal, d\u00fcn sabah saatlerinde evinin penceresinden bah\u00e7eye bak\u0131nca birbirine sar\u0131lm\u0131\u015f halde 2 y\u0131lan g\u00f6rd\u00fc. Uysal, cep telefonu kameras\u0131yla y\u0131lanlar\u0131n bu anlar\u0131n\u0131 kaydetti. Akdeniz \u00dcniversitesi Fen Fak\u00fcltesi Biyoloji B\u00f6l\u00fcm\u00fc Zooloji Anabilim Dal\u0131 \u00d6\u011fretim \u00dcyesi Do\u00e7. Dr. Mustafa Yavuz, y\u0131lanlar\u0131n &#8216;Montivipera xanthina&#8217; t\u00fcr\u00fc &#8216;\u015eeritli engerek&#8217; oldu\u011funu s\u00f6yledi.<\/p>\n<p>&#8216;GECE AKT\u0130FT\u0130FLER&#8217;<\/p>\n<p>Bu t\u00fcr\u00fcn zehirli oldu\u011funu ancak kolay kolay insana sald\u0131rmad\u0131\u011f\u0131n\u0131 anlatan Do\u00e7. Dr. Yavuz, &#8220;Gececil bir t\u00fcr. Gece aktiftirler. Fare ve benzeri zararl\u0131lar\u0131n ba\u015f d\u00fc\u015fman\u0131d\u0131r. \u00c7iftle\u015fme rit\u00fceli, \u00e7iftle\u015fme dans\u0131 yap\u0131yorlar&#8221; dedi. Di\u011fer yandan &#8216;\u015eeritli engerek&#8217; t\u00fcr\u00fcn\u00fcn T\u00fcrkiye&#8217;nin yan\u0131 s\u0131ra Yunanistan ve Bulgaristan&#8217;da yay\u0131l\u0131\u015f g\u00f6sterdi\u011fi, boylar\u0131n\u0131n en fazla 1,5 metreye kadar ula\u015fabildi\u011fi, s\u0131k\u0131\u015ft\u0131r\u0131lmad\u0131k\u00e7a insan\u0131 \u0131s\u0131rmad\u0131\u011f\u0131 belirtildi. Yavru olanlar\u0131n\u0131n bile bir yeti\u015fkini \u00f6ld\u00fcrebilecek kadar zehir ta\u015f\u0131yan \u015eeritli engereklerin, da\u011flarda, ormans\u0131z ve ta\u015fl\u0131k yerlerde ya\u015fad\u0131\u011f\u0131 kaydedildi<\/p>\n<p>Kaynak: www.kanalv.com.tr Haber Sitesinden Al\u0131nm\u0131\u015ft\u0131r.<\/p>","protected":false},"excerpt":{"rendered":"<p>Finike&#8217;ye ba\u011fl\u0131 Kale Mahallesi&#8217;nde oturan \u00dcnal Uysal, d\u00fcn sabah saatlerinde evinin penceresinden bah\u00e7eye bak\u0131nca birbirine sar\u0131lm\u0131\u015f halde 2 y\u0131lan g\u00f6rd\u00fc. Uysal, cep telefonu kameras\u0131yla y\u0131lanlar\u0131n bu anlar\u0131n\u0131 kaydetti. Akdeniz \u00dcniversitesi Fen Fak\u00fcltesi Biyoloji B\u00f6l\u00fcm\u00fc Zooloji Anabilim Dal\u0131 \u00d6\u011fretim \u00dcyesi Do\u00e7. Dr. Mustafa Yavuz, y\u0131lanlar\u0131n &#8216;Montivipera xanthina&#8217; t\u00fcr\u00fc &#8216;\u015eeritli engerek&#8217; oldu\u011funu s\u00f6yledi. &#8216;GECE AKT\u0130FT\u0130FLER&#8217; Bu t\u00fcr\u00fcn zehirli oldu\u011funu ancak kolay kolay insana sald\u0131rmad\u0131\u011f\u0131n\u0131 anlatan Do\u00e7. Dr. Yavuz, &#8220;Gececil bir t\u00fcr. Gece aktiftirler. Fare ve benzeri zararl\u0131lar\u0131n ba\u015f d\u00fc\u015fman\u0131d\u0131r. \u00c7iftle\u015fme rit\u00fceli, \u00e7iftle\u015fme dans\u0131 yap\u0131yorlar&#8221; dedi. Di\u011fer yandan &#8216;\u015eeritli engerek&#8217; t\u00fcr\u00fcn\u00fcn T\u00fcrkiye&#8217;nin yan\u0131 s\u0131ra Yunanistan ve Bulgaristan&#8217;da yay\u0131l\u0131\u015f g\u00f6sterdi\u011fi, boylar\u0131n\u0131n en fazla 1,5 metreye kadar ula\u015fabildi\u011fi, s\u0131k\u0131\u015ft\u0131r\u0131lmad\u0131k\u00e7a insan\u0131 \u0131s\u0131rmad\u0131\u011f\u0131 belirtildi. Yavru olanlar\u0131n\u0131n bile bir yeti\u015fkini \u00f6ld\u00fcrebilecek kadar zehir ta\u015f\u0131yan \u015eeritli engereklerin, da\u011flarda, ormans\u0131z ve ta\u015fl\u0131k yerlerde ya\u015fad\u0131\u011f\u0131 kaydedildi Kaynak: www.kanalv.com.tr Haber Sitesinden Al\u0131nm\u0131\u015ft\u0131r.<\/p>","protected":false},"author":4,"featured_media":94080,"comment_status":"","ping_status":"open","sticky":false,"template":"","format":"standard","meta":{"_acf_changed":false,"footnotes":""},"categories":[26],"tags":[],"class_list":["post-94079","post","type-post","status-publish","format-standard","has-post-thumbnail","hentry","category-antalya"],"acf":[],"yoast_head":"<!-- This site is optimized with the Yoast SEO Premium plugin v26.6 (Yoast SEO v27.1.1) - https:\/\/yoast.com\/product\/yoast-seo-premium-wordpress\/ -->\n<title>\u015eeritli engereklerin \u00e7iftle\u015fme dans\u0131 - Av. Deniz Can K\u0131z\u0131l<\/title>\n<meta name=\"robots\" content=\"index, follow, max-snippet:-1, max-image-preview:large, max-video-preview:-1\" \/>\n<link rel=\"canonical\" href=\"http:\/\/denizcankizil.tr\/en\/haberler\/antalya\/seritli-engereklerin-ciftlesme-dansi\/\" \/>\n<meta property=\"og:locale\" content=\"en_GB\" \/>\n<meta property=\"og:type\" content=\"article\" \/>\n<meta property=\"og:title\" content=\"\u015eeritli engereklerin \u00e7iftle\u015fme dans\u0131\" \/>\n<meta property=\"og:description\" content=\"Finike&#8217;ye ba\u011fl\u0131 Kale Mahallesi&#8217;nde oturan \u00dcnal Uysal, d\u00fcn sabah saatlerinde evinin penceresinden bah\u00e7eye bak\u0131nca birbirine sar\u0131lm\u0131\u015f halde 2 y\u0131lan g\u00f6rd\u00fc. Uysal, cep telefonu kameras\u0131yla y\u0131lanlar\u0131n bu anlar\u0131n\u0131 kaydetti. Akdeniz \u00dcniversitesi Fen Fak\u00fcltesi Biyoloji B\u00f6l\u00fcm\u00fc Zooloji Anabilim Dal\u0131 \u00d6\u011fretim \u00dcyesi Do\u00e7. Dr. Mustafa Yavuz, y\u0131lanlar\u0131n &#8216;Montivipera xanthina&#8217; t\u00fcr\u00fc &#8216;\u015eeritli engerek&#8217; oldu\u011funu s\u00f6yledi. &#8216;GECE AKT\u0130FT\u0130FLER&#8217; Bu t\u00fcr\u00fcn zehirli oldu\u011funu ancak kolay kolay insana sald\u0131rmad\u0131\u011f\u0131n\u0131 anlatan Do\u00e7. Dr. Yavuz, &#8220;Gececil bir t\u00fcr. Gece aktiftirler. Fare ve benzeri zararl\u0131lar\u0131n ba\u015f d\u00fc\u015fman\u0131d\u0131r. \u00c7iftle\u015fme rit\u00fceli, \u00e7iftle\u015fme dans\u0131 yap\u0131yorlar&#8221; dedi. Di\u011fer yandan &#8216;\u015eeritli engerek&#8217; t\u00fcr\u00fcn\u00fcn T\u00fcrkiye&#8217;nin yan\u0131 s\u0131ra Yunanistan ve Bulgaristan&#8217;da yay\u0131l\u0131\u015f g\u00f6sterdi\u011fi, boylar\u0131n\u0131n en fazla 1,5 metreye kadar ula\u015fabildi\u011fi, s\u0131k\u0131\u015ft\u0131r\u0131lmad\u0131k\u00e7a insan\u0131 \u0131s\u0131rmad\u0131\u011f\u0131 belirtildi. Yavru olanlar\u0131n\u0131n bile bir yeti\u015fkini \u00f6ld\u00fcrebilecek kadar zehir ta\u015f\u0131yan \u015eeritli engereklerin, da\u011flarda, ormans\u0131z ve ta\u015fl\u0131k yerlerde ya\u015fad\u0131\u011f\u0131 kaydedildi Kaynak: www.kanalv.com.tr Haber Sitesinden Al\u0131nm\u0131\u015ft\u0131r.\" \/>\n<meta property=\"og:url\" content=\"http:\/\/denizcankizil.tr\/en\/haberler\/antalya\/seritli-engereklerin-ciftlesme-dansi\/\" \/>\n<meta property=\"og:site_name\" content=\"Av. Deniz Can K\u0131z\u0131l\" \/>\n<meta property=\"article:published_time\" content=\"2025-05-22T08:41:24+00:00\" \/>\n<meta property=\"og:image\" content=\"http:\/\/denizcankizil.tr\/wp-content\/uploads\/2025\/05\/6478-01-27gure.jpg\" \/>\n\t<meta property=\"og:image:width\" content=\"1280\" \/>\n\t<meta property=\"og:image:height\" content=\"720\" \/>\n\t<meta property=\"og:image:type\" content=\"image\/jpeg\" \/>\n<meta name=\"author\" content=\"Av. Deniz Can K\u0131z\u0131l\" \/>\n<meta name=\"twitter:card\" content=\"summary_large_image\" \/>\n<meta name=\"twitter:label1\" content=\"Written by\" \/>\n\t<meta name=\"twitter:data1\" content=\"Av. Deniz Can K\u0131z\u0131l\" \/>\n\t<meta name=\"twitter:label2\" content=\"Estimated reading time\" \/>\n\t<meta name=\"twitter:data2\" content=\"1 minute\" \/>\n<script type=\"application\/ld+json\" class=\"yoast-schema-graph\">{\"@context\":\"https:\/\/schema.org\",\"@graph\":[{\"@type\":\"Article\",\"@id\":\"http:\/\/denizcankizil.tr\/en\/haberler\/antalya\/seritli-engereklerin-ciftlesme-dansi\/#article\",\"isPartOf\":{\"@id\":\"http:\/\/denizcankizil.tr\/en\/haberler\/antalya\/seritli-engereklerin-ciftlesme-dansi\/\"},\"author\":{\"name\":\"Av. Deniz Can K\u0131z\u0131l\",\"@id\":\"https:\/\/denizcankizil.tr\/de\/#\/schema\/person\/5dc1b22991bd7ac833867c10afc9b0ff\"},\"headline\":\"\u015eeritli engereklerin \u00e7iftle\u015fme dans\u0131\",\"datePublished\":\"2025-05-22T08:41:24+00:00\",\"mainEntityOfPage\":{\"@id\":\"http:\/\/denizcankizil.tr\/en\/haberler\/antalya\/seritli-engereklerin-ciftlesme-dansi\/\"},\"wordCount\":209,\"publisher\":{\"@id\":\"https:\/\/denizcankizil.tr\/de\/#organization\"},\"image\":{\"@id\":\"http:\/\/denizcankizil.tr\/en\/haberler\/antalya\/seritli-engereklerin-ciftlesme-dansi\/#primaryimage\"},\"thumbnailUrl\":\"http:\/\/denizcankizil.tr\/wp-content\/uploads\/2025\/05\/6478-01-27gure.jpg\",\"articleSection\":[\"Antalya\"],\"inLanguage\":\"en-GB\"},{\"@type\":\"WebPage\",\"@id\":\"http:\/\/denizcankizil.tr\/en\/haberler\/antalya\/seritli-engereklerin-ciftlesme-dansi\/\",\"url\":\"http:\/\/denizcankizil.tr\/en\/haberler\/antalya\/seritli-engereklerin-ciftlesme-dansi\/\",\"name\":\"\u015eeritli engereklerin \u00e7iftle\u015fme dans\u0131 - Av. Deniz Can K\u0131z\u0131l\",\"isPartOf\":{\"@id\":\"https:\/\/denizcankizil.tr\/de\/#website\"},\"primaryImageOfPage\":{\"@id\":\"http:\/\/denizcankizil.tr\/en\/haberler\/antalya\/seritli-engereklerin-ciftlesme-dansi\/#primaryimage\"},\"image\":{\"@id\":\"http:\/\/denizcankizil.tr\/en\/haberler\/antalya\/seritli-engereklerin-ciftlesme-dansi\/#primaryimage\"},\"thumbnailUrl\":\"http:\/\/denizcankizil.tr\/wp-content\/uploads\/2025\/05\/6478-01-27gure.jpg\",\"datePublished\":\"2025-05-22T08:41:24+00:00\",\"breadcrumb\":{\"@id\":\"http:\/\/denizcankizil.tr\/en\/haberler\/antalya\/seritli-engereklerin-ciftlesme-dansi\/#breadcrumb\"},\"inLanguage\":\"en-GB\",\"potentialAction\":[{\"@type\":\"ReadAction\",\"target\":[\"http:\/\/denizcankizil.tr\/en\/haberler\/antalya\/seritli-engereklerin-ciftlesme-dansi\/\"]}]},{\"@type\":\"ImageObject\",\"inLanguage\":\"en-GB\",\"@id\":\"http:\/\/denizcankizil.tr\/en\/haberler\/antalya\/seritli-engereklerin-ciftlesme-dansi\/#primaryimage\",\"url\":\"http:\/\/denizcankizil.tr\/wp-content\/uploads\/2025\/05\/6478-01-27gure.jpg\",\"contentUrl\":\"http:\/\/denizcankizil.tr\/wp-content\/uploads\/2025\/05\/6478-01-27gure.jpg\",\"width\":1280,\"height\":720},{\"@type\":\"BreadcrumbList\",\"@id\":\"http:\/\/denizcankizil.tr\/en\/haberler\/antalya\/seritli-engereklerin-ciftlesme-dansi\/#breadcrumb\",\"itemListElement\":[{\"@type\":\"ListItem\",\"position\":1,\"name\":\"Home\",\"item\":\"https:\/\/denizcankizil.tr\/de\/\"},{\"@type\":\"ListItem\",\"position\":2,\"name\":\"\u015eeritli engereklerin \u00e7iftle\u015fme dans\u0131\"}]},{\"@type\":\"WebSite\",\"@id\":\"https:\/\/denizcankizil.tr\/de\/#website\",\"url\":\"https:\/\/denizcankizil.tr\/de\/\",\"name\":\"Av. Deniz Can K\u0131z\u0131l\",\"description\":\"Avukat Deniz Can K\u0131z\u0131l Antalya Barosu\",\"publisher\":{\"@id\":\"https:\/\/denizcankizil.tr\/de\/#organization\"},\"potentialAction\":[{\"@type\":\"SearchAction\",\"target\":{\"@type\":\"EntryPoint\",\"urlTemplate\":\"https:\/\/denizcankizil.tr\/de\/?s={search_term_string}\"},\"query-input\":{\"@type\":\"PropertyValueSpecification\",\"valueRequired\":true,\"valueName\":\"search_term_string\"}}],\"inLanguage\":\"en-GB\"},{\"@type\":\"Organization\",\"@id\":\"https:\/\/denizcankizil.tr\/de\/#organization\",\"name\":\"Av. Deniz Can K\u0131z\u0131l\",\"url\":\"https:\/\/denizcankizil.tr\/de\/\",\"logo\":{\"@type\":\"ImageObject\",\"inLanguage\":\"en-GB\",\"@id\":\"https:\/\/denizcankizil.tr\/de\/#\/schema\/logo\/image\/\",\"url\":\"http:\/\/denizcankizil.tr\/wp-content\/uploads\/2024\/10\/siyah-logo-svg.svg\",\"contentUrl\":\"http:\/\/denizcankizil.tr\/wp-content\/uploads\/2024\/10\/siyah-logo-svg.svg\",\"width\":1080,\"height\":1080,\"caption\":\"Av. Deniz Can K\u0131z\u0131l\"},\"image\":{\"@id\":\"https:\/\/denizcankizil.tr\/de\/#\/schema\/logo\/image\/\"}},{\"@type\":\"Person\",\"@id\":\"https:\/\/denizcankizil.tr\/de\/#\/schema\/person\/5dc1b22991bd7ac833867c10afc9b0ff\",\"name\":\"Av. Deniz Can K\u0131z\u0131l\",\"image\":{\"@type\":\"ImageObject\",\"inLanguage\":\"en-GB\",\"@id\":\"https:\/\/denizcankizil.tr\/de\/#\/schema\/person\/image\/\",\"url\":\"https:\/\/secure.gravatar.com\/avatar\/a0b128fb9855c79efc976d5640eedb31dc35ec297594d6016d2cf7c60e975bb6?s=96&d=mm&r=g\",\"contentUrl\":\"https:\/\/secure.gravatar.com\/avatar\/a0b128fb9855c79efc976d5640eedb31dc35ec297594d6016d2cf7c60e975bb6?s=96&d=mm&r=g\",\"caption\":\"Av. Deniz Can K\u0131z\u0131l\"},\"sameAs\":[\"http:\/\/www.denizcankizil.tr\"],\"url\":\"http:\/\/denizcankizil.tr\/en\/author\/denizcankizil\/\"}]}<\/script>\n<!-- \/ Yoast SEO Premium plugin. -->","yoast_head_json":{"title":"\u015eeritli engereklerin \u00e7iftle\u015fme dans\u0131 - Av. Deniz Can K\u0131z\u0131l","robots":{"index":"index","follow":"follow","max-snippet":"max-snippet:-1","max-image-preview":"max-image-preview:large","max-video-preview":"max-video-preview:-1"},"canonical":"http:\/\/denizcankizil.tr\/en\/haberler\/antalya\/seritli-engereklerin-ciftlesme-dansi\/","og_locale":"en_GB","og_type":"article","og_title":"\u015eeritli engereklerin \u00e7iftle\u015fme dans\u0131","og_description":"Finike&#8217;ye ba\u011fl\u0131 Kale Mahallesi&#8217;nde oturan \u00dcnal Uysal, d\u00fcn sabah saatlerinde evinin penceresinden bah\u00e7eye bak\u0131nca birbirine sar\u0131lm\u0131\u015f halde 2 y\u0131lan g\u00f6rd\u00fc. Uysal, cep telefonu kameras\u0131yla y\u0131lanlar\u0131n bu anlar\u0131n\u0131 kaydetti. Akdeniz \u00dcniversitesi Fen Fak\u00fcltesi Biyoloji B\u00f6l\u00fcm\u00fc Zooloji Anabilim Dal\u0131 \u00d6\u011fretim \u00dcyesi Do\u00e7. Dr. Mustafa Yavuz, y\u0131lanlar\u0131n &#8216;Montivipera xanthina&#8217; t\u00fcr\u00fc &#8216;\u015eeritli engerek&#8217; oldu\u011funu s\u00f6yledi. &#8216;GECE AKT\u0130FT\u0130FLER&#8217; Bu t\u00fcr\u00fcn zehirli oldu\u011funu ancak kolay kolay insana sald\u0131rmad\u0131\u011f\u0131n\u0131 anlatan Do\u00e7. Dr. Yavuz, &#8220;Gececil bir t\u00fcr. Gece aktiftirler. Fare ve benzeri zararl\u0131lar\u0131n ba\u015f d\u00fc\u015fman\u0131d\u0131r. \u00c7iftle\u015fme rit\u00fceli, \u00e7iftle\u015fme dans\u0131 yap\u0131yorlar&#8221; dedi. Di\u011fer yandan &#8216;\u015eeritli engerek&#8217; t\u00fcr\u00fcn\u00fcn T\u00fcrkiye&#8217;nin yan\u0131 s\u0131ra Yunanistan ve Bulgaristan&#8217;da yay\u0131l\u0131\u015f g\u00f6sterdi\u011fi, boylar\u0131n\u0131n en fazla 1,5 metreye kadar ula\u015fabildi\u011fi, s\u0131k\u0131\u015ft\u0131r\u0131lmad\u0131k\u00e7a insan\u0131 \u0131s\u0131rmad\u0131\u011f\u0131 belirtildi. Yavru olanlar\u0131n\u0131n bile bir yeti\u015fkini \u00f6ld\u00fcrebilecek kadar zehir ta\u015f\u0131yan \u015eeritli engereklerin, da\u011flarda, ormans\u0131z ve ta\u015fl\u0131k yerlerde ya\u015fad\u0131\u011f\u0131 kaydedildi Kaynak: www.kanalv.com.tr Haber Sitesinden Al\u0131nm\u0131\u015ft\u0131r.","og_url":"http:\/\/denizcankizil.tr\/en\/haberler\/antalya\/seritli-engereklerin-ciftlesme-dansi\/","og_site_name":"Av. Deniz Can K\u0131z\u0131l","article_published_time":"2025-05-22T08:41:24+00:00","og_image":[{"width":1280,"height":720,"url":"http:\/\/denizcankizil.tr\/wp-content\/uploads\/2025\/05\/6478-01-27gure.jpg","type":"image\/jpeg"}],"author":"Av. Deniz Can K\u0131z\u0131l","twitter_card":"summary_large_image","twitter_misc":{"Written by":"Av. Deniz Can K\u0131z\u0131l","Estimated reading time":"1 minute"},"schema":{"@context":"https:\/\/schema.org","@graph":[{"@type":"Article","@id":"http:\/\/denizcankizil.tr\/en\/haberler\/antalya\/seritli-engereklerin-ciftlesme-dansi\/#article","isPartOf":{"@id":"http:\/\/denizcankizil.tr\/en\/haberler\/antalya\/seritli-engereklerin-ciftlesme-dansi\/"},"author":{"name":"Av. Deniz Can K\u0131z\u0131l","@id":"https:\/\/denizcankizil.tr\/de\/#\/schema\/person\/5dc1b22991bd7ac833867c10afc9b0ff"},"headline":"\u015eeritli engereklerin \u00e7iftle\u015fme dans\u0131","datePublished":"2025-05-22T08:41:24+00:00","mainEntityOfPage":{"@id":"http:\/\/denizcankizil.tr\/en\/haberler\/antalya\/seritli-engereklerin-ciftlesme-dansi\/"},"wordCount":209,"publisher":{"@id":"https:\/\/denizcankizil.tr\/de\/#organization"},"image":{"@id":"http:\/\/denizcankizil.tr\/en\/haberler\/antalya\/seritli-engereklerin-ciftlesme-dansi\/#primaryimage"},"thumbnailUrl":"http:\/\/denizcankizil.tr\/wp-content\/uploads\/2025\/05\/6478-01-27gure.jpg","articleSection":["Antalya"],"inLanguage":"en-GB"},{"@type":"WebPage","@id":"http:\/\/denizcankizil.tr\/en\/haberler\/antalya\/seritli-engereklerin-ciftlesme-dansi\/","url":"http:\/\/denizcankizil.tr\/en\/haberler\/antalya\/seritli-engereklerin-ciftlesme-dansi\/","name":"\u015eeritli engereklerin \u00e7iftle\u015fme dans\u0131 - Av. Deniz Can K\u0131z\u0131l","isPartOf":{"@id":"https:\/\/denizcankizil.tr\/de\/#website"},"primaryImageOfPage":{"@id":"http:\/\/denizcankizil.tr\/en\/haberler\/antalya\/seritli-engereklerin-ciftlesme-dansi\/#primaryimage"},"image":{"@id":"http:\/\/denizcankizil.tr\/en\/haberler\/antalya\/seritli-engereklerin-ciftlesme-dansi\/#primaryimage"},"thumbnailUrl":"http:\/\/denizcankizil.tr\/wp-content\/uploads\/2025\/05\/6478-01-27gure.jpg","datePublished":"2025-05-22T08:41:24+00:00","breadcrumb":{"@id":"http:\/\/denizcankizil.tr\/en\/haberler\/antalya\/seritli-engereklerin-ciftlesme-dansi\/#breadcrumb"},"inLanguage":"en-GB","potentialAction":[{"@type":"ReadAction","target":["http:\/\/denizcankizil.tr\/en\/haberler\/antalya\/seritli-engereklerin-ciftlesme-dansi\/"]}]},{"@type":"ImageObject","inLanguage":"en-GB","@id":"http:\/\/denizcankizil.tr\/en\/haberler\/antalya\/seritli-engereklerin-ciftlesme-dansi\/#primaryimage","url":"http:\/\/denizcankizil.tr\/wp-content\/uploads\/2025\/05\/6478-01-27gure.jpg","contentUrl":"http:\/\/denizcankizil.tr\/wp-content\/uploads\/2025\/05\/6478-01-27gure.jpg","width":1280,"height":720},{"@type":"BreadcrumbList","@id":"http:\/\/denizcankizil.tr\/en\/haberler\/antalya\/seritli-engereklerin-ciftlesme-dansi\/#breadcrumb","itemListElement":[{"@type":"ListItem","position":1,"name":"Home","item":"https:\/\/denizcankizil.tr\/de\/"},{"@type":"ListItem","position":2,"name":"\u015eeritli engereklerin \u00e7iftle\u015fme dans\u0131"}]},{"@type":"WebSite","@id":"https:\/\/denizcankizil.tr\/de\/#website","url":"https:\/\/denizcankizil.tr\/de\/","name":"Av. Deniz Can K\u0131z\u0131l","description":"Avukat Deniz Can K\u0131z\u0131l Antalya Barosu","publisher":{"@id":"https:\/\/denizcankizil.tr\/de\/#organization"},"potentialAction":[{"@type":"SearchAction","target":{"@type":"EntryPoint","urlTemplate":"https:\/\/denizcankizil.tr\/de\/?s={search_term_string}"},"query-input":{"@type":"PropertyValueSpecification","valueRequired":true,"valueName":"search_term_string"}}],"inLanguage":"en-GB"},{"@type":"Organization","@id":"https:\/\/denizcankizil.tr\/de\/#organization","name":"Av. Deniz Can K\u0131z\u0131l","url":"https:\/\/denizcankizil.tr\/de\/","logo":{"@type":"ImageObject","inLanguage":"en-GB","@id":"https:\/\/denizcankizil.tr\/de\/#\/schema\/logo\/image\/","url":"http:\/\/denizcankizil.tr\/wp-content\/uploads\/2024\/10\/siyah-logo-svg.svg","contentUrl":"http:\/\/denizcankizil.tr\/wp-content\/uploads\/2024\/10\/siyah-logo-svg.svg","width":1080,"height":1080,"caption":"Av. Deniz Can K\u0131z\u0131l"},"image":{"@id":"https:\/\/denizcankizil.tr\/de\/#\/schema\/logo\/image\/"}},{"@type":"Person","@id":"https:\/\/denizcankizil.tr\/de\/#\/schema\/person\/5dc1b22991bd7ac833867c10afc9b0ff","name":"Av. Deniz Can K\u0131z\u0131l","image":{"@type":"ImageObject","inLanguage":"en-GB","@id":"https:\/\/denizcankizil.tr\/de\/#\/schema\/person\/image\/","url":"https:\/\/secure.gravatar.com\/avatar\/a0b128fb9855c79efc976d5640eedb31dc35ec297594d6016d2cf7c60e975bb6?s=96&d=mm&r=g","contentUrl":"https:\/\/secure.gravatar.com\/avatar\/a0b128fb9855c79efc976d5640eedb31dc35ec297594d6016d2cf7c60e975bb6?s=96&d=mm&r=g","caption":"Av. Deniz Can K\u0131z\u0131l"},"sameAs":["http:\/\/www.denizcankizil.tr"],"url":"http:\/\/denizcankizil.tr\/en\/author\/denizcankizil\/"}]}},"_links":{"self":[{"href":"http:\/\/denizcankizil.tr\/en\/wp-json\/wp\/v2\/posts\/94079","targetHints":{"allow":["GET"]}}],"collection":[{"href":"http:\/\/denizcankizil.tr\/en\/wp-json\/wp\/v2\/posts"}],"about":[{"href":"http:\/\/denizcankizil.tr\/en\/wp-json\/wp\/v2\/types\/post"}],"author":[{"embeddable":true,"href":"http:\/\/denizcankizil.tr\/en\/wp-json\/wp\/v2\/users\/4"}],"replies":[{"embeddable":true,"href":"http:\/\/denizcankizil.tr\/en\/wp-json\/wp\/v2\/comments?post=94079"}],"version-history":[{"count":0,"href":"http:\/\/denizcankizil.tr\/en\/wp-json\/wp\/v2\/posts\/94079\/revisions"}],"wp:featuredmedia":[{"embeddable":true,"href":"http:\/\/denizcankizil.tr\/en\/wp-json\/wp\/v2\/media\/94080"}],"wp:attachment":[{"href":"http:\/\/denizcankizil.tr\/en\/wp-json\/wp\/v2\/media?parent=94079"}],"wp:term":[{"taxonomy":"category","embeddable":true,"href":"http:\/\/denizcankizil.tr\/en\/wp-json\/wp\/v2\/categories?post=94079"},{"taxonomy":"post_tag","embeddable":true,"href":"http:\/\/denizcankizil.tr\/en\/wp-json\/wp\/v2\/tags?post=94079"}],"curies":[{"name":"wp","href":"https:\/\/api.w.org\/{rel}","templated":true}]}}