{"id":93672,"date":"2025-05-21T16:43:28","date_gmt":"2025-05-21T13:43:28","guid":{"rendered":"https:\/\/denizcankizil.tr\/uncategorized-tr\/bursa-niluferde-karadeniz-ruzgari-esecek\/"},"modified":"2025-05-21T16:43:28","modified_gmt":"2025-05-21T13:43:28","slug":"bursa-niluferde-karadeniz-ruzgari-esecek","status":"publish","type":"post","link":"http:\/\/denizcankizil.tr\/en\/haberler\/gundem\/bursa-niluferde-karadeniz-ruzgari-esecek\/","title":{"rendered":"Bursa Nil\u00fcfer\u2019de Karadeniz r\u00fczgar\u0131 esecek"},"content":{"rendered":"<p>Bursa Nil\u00fcfer Belediyesi, Karadeniz k\u00fclt\u00fcr\u00fcn\u00fc Bursa\u2019da ya\u015fatacak.BURSA (\u0130GFA) &#8211; Bursa&#8217;da FSM Hastane Alan\u0131\u2019nda 30 May\u0131s ile 1 Haziran tarihleri aras\u0131nda 3 g\u00fcn d\u00fczenlenecek festivalde; yerel lezzetler, al\u0131\u015fveri\u015f stantlar\u0131, konser ve etkinliklerle dolu bir Nil\u00fcfer Karadeniz Festivali ger\u00e7ekle\u015ftirilecek.<br \/>\nNil\u00fcfer Belediyesi, Karadeniz k\u00fclt\u00fcr\u00fcn\u00fc herkesle bulu\u015fturmak amac\u0131yla 1. Karadeniz Festivali d\u00fczenliyor. Fatih Sultan Mehmet Bulvar\u0131 (FSM) Hastane Alan\u0131\u2019nda renkli etkinliklerin yap\u0131laca\u011f\u0131 festival i\u00e7in dolu dolu bir program haz\u0131rland\u0131. Karadeniz lezzetleri, al\u0131\u015fveri\u015f stantlar\u0131, halk oyunlar\u0131 ve aktivite alanlar\u0131n\u0131n yer alaca\u011f\u0131 festivalde \u00e7ocuklar i\u00e7in de \u00f6zel oyun alanlar\u0131 haz\u0131rlanacak.<\/p>\n<p>Festivalde ziyaret\u00e7iler, d\u00fczenlenecek konserlerle de keyifli anlar ya\u015fayacak. Festival kapsam\u0131nda 30 May\u0131s ak\u015fam\u0131 Tu\u011f\u00e7e Kandemir, 31 May\u0131s ak\u015fam\u0131 ise Ekin Uzunlar sahneye \u00e7\u0131kacak. 1 Haziran\u2019da ise Karadeniz\u2019in sevilen yerel sanat\u00e7\u0131lar\u0131 izleyicilerle bulu\u015facak.<\/p>\n<p>\u200bBursa Nil\u00fcfer Belediyesi, Karadeniz k\u00fclt\u00fcr\u00fcn\u00fc Bursa\u2019da ya\u015fatacak.BURSA (\u0130GFA) &#8211; Bursa&#8217;da FSM Hastane Alan\u0131\u2019nda 30 May\u0131s ile 1 Haziran tarihleri aras\u0131nda 3 g\u00fcn d\u00fczenlenecek festivalde; yerel lezzetler, al\u0131\u015fveri\u015f stantlar\u0131, konser ve etkinliklerle dolu bir Nil\u00fcfer Karadeniz Festivali ger\u00e7ekle\u015ftirilecek.<br \/>\nNil\u00fcfer Belediyesi, Karadeniz k\u00fclt\u00fcr\u00fcn\u00fc herkesle bulu\u015fturmak amac\u0131yla 1. Karadeniz Festivali d\u00fczenliyor. Fatih Sultan Mehmet Bulvar\u0131 (FSM) Hastane Alan\u0131\u2019nda renkli etkinliklerin yap\u0131laca\u011f\u0131 festival i\u00e7in dolu dolu bir program haz\u0131rland\u0131. Karadeniz lezzetleri, al\u0131\u015fveri\u015f stantlar\u0131, halk oyunlar\u0131 ve aktivite alanlar\u0131n\u0131n yer alaca\u011f\u0131 festivalde \u00e7ocuklar i\u00e7in de \u00f6zel oyun alanlar\u0131 haz\u0131rlanacak.<\/p>\n<p>Festivalde ziyaret\u00e7iler, d\u00fczenlenecek konserlerle de keyifli anlar ya\u015fayacak. Festival kapsam\u0131nda 30 May\u0131s ak\u015fam\u0131 Tu\u011f\u00e7e Kandemir, 31 May\u0131s ak\u015fam\u0131 ise Ekin Uzunlar sahneye \u00e7\u0131kacak. 1 Haziran\u2019da ise Karadeniz\u2019in sevilen yerel sanat\u00e7\u0131lar\u0131 izleyicilerle bulu\u015facak.\u00a0<\/p>\n<p>\u200bHaberin Al\u0131nt\u0131land\u0131\u011f\u0131 Kaynak: www.iskenderun.org<\/p>","protected":false},"excerpt":{"rendered":"<p>Bursa Nil\u00fcfer Belediyesi, Karadeniz k\u00fclt\u00fcr\u00fcn\u00fc Bursa\u2019da ya\u015fatacak.BURSA (\u0130GFA) &#8211; Bursa&#8217;da FSM Hastane Alan\u0131\u2019nda 30 May\u0131s ile 1 Haziran tarihleri aras\u0131nda 3 g\u00fcn d\u00fczenlenecek festivalde; yerel lezzetler, al\u0131\u015fveri\u015f stantlar\u0131, konser ve etkinliklerle dolu bir Nil\u00fcfer Karadeniz Festivali ger\u00e7ekle\u015ftirilecek. Nil\u00fcfer Belediyesi, Karadeniz k\u00fclt\u00fcr\u00fcn\u00fc herkesle bulu\u015fturmak amac\u0131yla 1. Karadeniz Festivali d\u00fczenliyor. Fatih Sultan Mehmet Bulvar\u0131 (FSM) Hastane Alan\u0131\u2019nda renkli etkinliklerin yap\u0131laca\u011f\u0131 festival i\u00e7in dolu dolu bir program haz\u0131rland\u0131. Karadeniz lezzetleri, al\u0131\u015fveri\u015f stantlar\u0131, halk oyunlar\u0131 ve aktivite alanlar\u0131n\u0131n yer alaca\u011f\u0131 festivalde \u00e7ocuklar i\u00e7in de \u00f6zel oyun alanlar\u0131 haz\u0131rlanacak. Festivalde ziyaret\u00e7iler, d\u00fczenlenecek konserlerle de keyifli anlar ya\u015fayacak. Festival kapsam\u0131nda 30 May\u0131s ak\u015fam\u0131 Tu\u011f\u00e7e Kandemir, 31 May\u0131s ak\u015fam\u0131 ise Ekin Uzunlar sahneye \u00e7\u0131kacak. 1 Haziran\u2019da ise Karadeniz\u2019in sevilen yerel sanat\u00e7\u0131lar\u0131 izleyicilerle bulu\u015facak. \u200bBursa Nil\u00fcfer Belediyesi, Karadeniz k\u00fclt\u00fcr\u00fcn\u00fc Bursa\u2019da ya\u015fatacak.BURSA (\u0130GFA) &#8211; Bursa&#8217;da FSM Hastane Alan\u0131\u2019nda 30 May\u0131s ile 1 Haziran tarihleri aras\u0131nda 3 g\u00fcn d\u00fczenlenecek festivalde; yerel lezzetler, al\u0131\u015fveri\u015f stantlar\u0131, konser ve etkinliklerle dolu bir Nil\u00fcfer Karadeniz Festivali ger\u00e7ekle\u015ftirilecek. Nil\u00fcfer Belediyesi, Karadeniz k\u00fclt\u00fcr\u00fcn\u00fc herkesle bulu\u015fturmak amac\u0131yla 1. Karadeniz Festivali d\u00fczenliyor. Fatih Sultan Mehmet Bulvar\u0131 (FSM) Hastane Alan\u0131\u2019nda renkli etkinliklerin yap\u0131laca\u011f\u0131 festival i\u00e7in dolu dolu bir program haz\u0131rland\u0131. Karadeniz lezzetleri, al\u0131\u015fveri\u015f stantlar\u0131, halk oyunlar\u0131 ve aktivite alanlar\u0131n\u0131n yer alaca\u011f\u0131 festivalde \u00e7ocuklar i\u00e7in de \u00f6zel oyun alanlar\u0131 haz\u0131rlanacak. &hellip;<\/p>","protected":false},"author":1,"featured_media":0,"comment_status":"","ping_status":"open","sticky":false,"template":"","format":"standard","meta":{"_acf_changed":false,"footnotes":""},"categories":[24],"tags":[],"class_list":["post-93672","post","type-post","status-publish","format-standard","has-post-thumbnail","hentry","category-gundem"],"acf":[],"yoast_head":"<!-- This site is optimized with the Yoast SEO Premium plugin v26.6 (Yoast SEO v27.1.1) - https:\/\/yoast.com\/product\/yoast-seo-premium-wordpress\/ -->\n<title>Bursa Nil\u00fcfer\u2019de Karadeniz r\u00fczgar\u0131 esecek - Av. Deniz Can K\u0131z\u0131l<\/title>\n<meta name=\"robots\" content=\"index, follow, max-snippet:-1, max-image-preview:large, max-video-preview:-1\" \/>\n<link rel=\"canonical\" href=\"http:\/\/denizcankizil.tr\/en\/haberler\/gundem\/bursa-niluferde-karadeniz-ruzgari-esecek\/\" \/>\n<meta property=\"og:locale\" content=\"en_GB\" \/>\n<meta property=\"og:type\" content=\"article\" \/>\n<meta property=\"og:title\" content=\"Bursa Nil\u00fcfer\u2019de Karadeniz r\u00fczgar\u0131 esecek\" \/>\n<meta property=\"og:description\" content=\"Bursa Nil\u00fcfer Belediyesi, Karadeniz k\u00fclt\u00fcr\u00fcn\u00fc Bursa\u2019da ya\u015fatacak.BURSA (\u0130GFA) &#8211; Bursa&#8217;da FSM Hastane Alan\u0131\u2019nda 30 May\u0131s ile 1 Haziran tarihleri aras\u0131nda 3 g\u00fcn d\u00fczenlenecek festivalde; yerel lezzetler, al\u0131\u015fveri\u015f stantlar\u0131, konser ve etkinliklerle dolu bir Nil\u00fcfer Karadeniz Festivali ger\u00e7ekle\u015ftirilecek. Nil\u00fcfer Belediyesi, Karadeniz k\u00fclt\u00fcr\u00fcn\u00fc herkesle bulu\u015fturmak amac\u0131yla 1. Karadeniz Festivali d\u00fczenliyor. Fatih Sultan Mehmet Bulvar\u0131 (FSM) Hastane Alan\u0131\u2019nda renkli etkinliklerin yap\u0131laca\u011f\u0131 festival i\u00e7in dolu dolu bir program haz\u0131rland\u0131. Karadeniz lezzetleri, al\u0131\u015fveri\u015f stantlar\u0131, halk oyunlar\u0131 ve aktivite alanlar\u0131n\u0131n yer alaca\u011f\u0131 festivalde \u00e7ocuklar i\u00e7in de \u00f6zel oyun alanlar\u0131 haz\u0131rlanacak. Festivalde ziyaret\u00e7iler, d\u00fczenlenecek konserlerle de keyifli anlar ya\u015fayacak. Festival kapsam\u0131nda 30 May\u0131s ak\u015fam\u0131 Tu\u011f\u00e7e Kandemir, 31 May\u0131s ak\u015fam\u0131 ise Ekin Uzunlar sahneye \u00e7\u0131kacak. 1 Haziran\u2019da ise Karadeniz\u2019in sevilen yerel sanat\u00e7\u0131lar\u0131 izleyicilerle bulu\u015facak. \u200bBursa Nil\u00fcfer Belediyesi, Karadeniz k\u00fclt\u00fcr\u00fcn\u00fc Bursa\u2019da ya\u015fatacak.BURSA (\u0130GFA) &#8211; Bursa&#8217;da FSM Hastane Alan\u0131\u2019nda 30 May\u0131s ile 1 Haziran tarihleri aras\u0131nda 3 g\u00fcn d\u00fczenlenecek festivalde; yerel lezzetler, al\u0131\u015fveri\u015f stantlar\u0131, konser ve etkinliklerle dolu bir Nil\u00fcfer Karadeniz Festivali ger\u00e7ekle\u015ftirilecek. Nil\u00fcfer Belediyesi, Karadeniz k\u00fclt\u00fcr\u00fcn\u00fc herkesle bulu\u015fturmak amac\u0131yla 1. Karadeniz Festivali d\u00fczenliyor. Fatih Sultan Mehmet Bulvar\u0131 (FSM) Hastane Alan\u0131\u2019nda renkli etkinliklerin yap\u0131laca\u011f\u0131 festival i\u00e7in dolu dolu bir program haz\u0131rland\u0131. Karadeniz lezzetleri, al\u0131\u015fveri\u015f stantlar\u0131, halk oyunlar\u0131 ve aktivite alanlar\u0131n\u0131n yer alaca\u011f\u0131 festivalde \u00e7ocuklar i\u00e7in de \u00f6zel oyun alanlar\u0131 haz\u0131rlanacak. &hellip;\" \/>\n<meta property=\"og:url\" content=\"http:\/\/denizcankizil.tr\/en\/haberler\/gundem\/bursa-niluferde-karadeniz-ruzgari-esecek\/\" \/>\n<meta property=\"og:site_name\" content=\"Av. Deniz Can K\u0131z\u0131l\" \/>\n<meta property=\"article:published_time\" content=\"2025-05-21T13:43:28+00:00\" \/>\n<meta name=\"author\" content=\"admin\" \/>\n<meta name=\"twitter:card\" content=\"summary_large_image\" \/>\n<meta name=\"twitter:label1\" content=\"Written by\" \/>\n\t<meta name=\"twitter:data1\" content=\"admin\" \/>\n\t<meta name=\"twitter:label2\" content=\"Estimated reading time\" \/>\n\t<meta name=\"twitter:data2\" content=\"2 minutes\" \/>\n<script type=\"application\/ld+json\" class=\"yoast-schema-graph\">{\"@context\":\"https:\/\/schema.org\",\"@graph\":[{\"@type\":\"Article\",\"@id\":\"http:\/\/denizcankizil.tr\/en\/haberler\/gundem\/bursa-niluferde-karadeniz-ruzgari-esecek\/#article\",\"isPartOf\":{\"@id\":\"http:\/\/denizcankizil.tr\/en\/haberler\/gundem\/bursa-niluferde-karadeniz-ruzgari-esecek\/\"},\"author\":{\"name\":\"admin\",\"@id\":\"https:\/\/denizcankizil.tr\/de\/#\/schema\/person\/be3c05fe6a12686905512445d8185489\"},\"headline\":\"Bursa Nil\u00fcfer\u2019de Karadeniz r\u00fczgar\u0131 esecek\",\"datePublished\":\"2025-05-21T13:43:28+00:00\",\"mainEntityOfPage\":{\"@id\":\"http:\/\/denizcankizil.tr\/en\/haberler\/gundem\/bursa-niluferde-karadeniz-ruzgari-esecek\/\"},\"wordCount\":326,\"publisher\":{\"@id\":\"https:\/\/denizcankizil.tr\/de\/#organization\"},\"articleSection\":[\"G\u00fcndem\"],\"inLanguage\":\"en-GB\"},{\"@type\":\"WebPage\",\"@id\":\"http:\/\/denizcankizil.tr\/en\/haberler\/gundem\/bursa-niluferde-karadeniz-ruzgari-esecek\/\",\"url\":\"http:\/\/denizcankizil.tr\/en\/haberler\/gundem\/bursa-niluferde-karadeniz-ruzgari-esecek\/\",\"name\":\"Bursa Nil\u00fcfer\u2019de Karadeniz r\u00fczgar\u0131 esecek - Av. Deniz Can K\u0131z\u0131l\",\"isPartOf\":{\"@id\":\"https:\/\/denizcankizil.tr\/de\/#website\"},\"datePublished\":\"2025-05-21T13:43:28+00:00\",\"breadcrumb\":{\"@id\":\"http:\/\/denizcankizil.tr\/en\/haberler\/gundem\/bursa-niluferde-karadeniz-ruzgari-esecek\/#breadcrumb\"},\"inLanguage\":\"en-GB\",\"potentialAction\":[{\"@type\":\"ReadAction\",\"target\":[\"http:\/\/denizcankizil.tr\/en\/haberler\/gundem\/bursa-niluferde-karadeniz-ruzgari-esecek\/\"]}]},{\"@type\":\"BreadcrumbList\",\"@id\":\"http:\/\/denizcankizil.tr\/en\/haberler\/gundem\/bursa-niluferde-karadeniz-ruzgari-esecek\/#breadcrumb\",\"itemListElement\":[{\"@type\":\"ListItem\",\"position\":1,\"name\":\"Home\",\"item\":\"https:\/\/denizcankizil.tr\/de\/\"},{\"@type\":\"ListItem\",\"position\":2,\"name\":\"Bursa Nil\u00fcfer\u2019de Karadeniz r\u00fczgar\u0131 esecek\"}]},{\"@type\":\"WebSite\",\"@id\":\"https:\/\/denizcankizil.tr\/de\/#website\",\"url\":\"https:\/\/denizcankizil.tr\/de\/\",\"name\":\"Av. Deniz Can K\u0131z\u0131l\",\"description\":\"Avukat Deniz Can K\u0131z\u0131l Antalya Barosu\",\"publisher\":{\"@id\":\"https:\/\/denizcankizil.tr\/de\/#organization\"},\"potentialAction\":[{\"@type\":\"SearchAction\",\"target\":{\"@type\":\"EntryPoint\",\"urlTemplate\":\"https:\/\/denizcankizil.tr\/de\/?s={search_term_string}\"},\"query-input\":{\"@type\":\"PropertyValueSpecification\",\"valueRequired\":true,\"valueName\":\"search_term_string\"}}],\"inLanguage\":\"en-GB\"},{\"@type\":\"Organization\",\"@id\":\"https:\/\/denizcankizil.tr\/de\/#organization\",\"name\":\"Av. Deniz Can K\u0131z\u0131l\",\"url\":\"https:\/\/denizcankizil.tr\/de\/\",\"logo\":{\"@type\":\"ImageObject\",\"inLanguage\":\"en-GB\",\"@id\":\"https:\/\/denizcankizil.tr\/de\/#\/schema\/logo\/image\/\",\"url\":\"http:\/\/denizcankizil.tr\/wp-content\/uploads\/2024\/10\/siyah-logo-svg.svg\",\"contentUrl\":\"http:\/\/denizcankizil.tr\/wp-content\/uploads\/2024\/10\/siyah-logo-svg.svg\",\"width\":1080,\"height\":1080,\"caption\":\"Av. Deniz Can K\u0131z\u0131l\"},\"image\":{\"@id\":\"https:\/\/denizcankizil.tr\/de\/#\/schema\/logo\/image\/\"}},{\"@type\":\"Person\",\"@id\":\"https:\/\/denizcankizil.tr\/de\/#\/schema\/person\/be3c05fe6a12686905512445d8185489\",\"name\":\"admin\",\"image\":{\"@type\":\"ImageObject\",\"inLanguage\":\"en-GB\",\"@id\":\"https:\/\/denizcankizil.tr\/de\/#\/schema\/person\/image\/\",\"url\":\"https:\/\/secure.gravatar.com\/avatar\/c1fce94c830dc79107e174f890d7210541c4a63e8e5d816341794a2151c9d58c?s=96&d=mm&r=g\",\"contentUrl\":\"https:\/\/secure.gravatar.com\/avatar\/c1fce94c830dc79107e174f890d7210541c4a63e8e5d816341794a2151c9d58c?s=96&d=mm&r=g\",\"caption\":\"admin\"},\"sameAs\":[\"http:\/\/denizcankizil.tr\"],\"url\":\"https:\/\/www.iskenderun.org\/bursa-niluferde-karadeniz-ruzgari-esecek\"}]}<\/script>\n<!-- \/ Yoast SEO Premium plugin. -->","yoast_head_json":{"title":"Bursa Nil\u00fcfer\u2019de Karadeniz r\u00fczgar\u0131 esecek - Av. Deniz Can K\u0131z\u0131l","robots":{"index":"index","follow":"follow","max-snippet":"max-snippet:-1","max-image-preview":"max-image-preview:large","max-video-preview":"max-video-preview:-1"},"canonical":"http:\/\/denizcankizil.tr\/en\/haberler\/gundem\/bursa-niluferde-karadeniz-ruzgari-esecek\/","og_locale":"en_GB","og_type":"article","og_title":"Bursa Nil\u00fcfer\u2019de Karadeniz r\u00fczgar\u0131 esecek","og_description":"Bursa Nil\u00fcfer Belediyesi, Karadeniz k\u00fclt\u00fcr\u00fcn\u00fc Bursa\u2019da ya\u015fatacak.BURSA (\u0130GFA) &#8211; Bursa&#8217;da FSM Hastane Alan\u0131\u2019nda 30 May\u0131s ile 1 Haziran tarihleri aras\u0131nda 3 g\u00fcn d\u00fczenlenecek festivalde; yerel lezzetler, al\u0131\u015fveri\u015f stantlar\u0131, konser ve etkinliklerle dolu bir Nil\u00fcfer Karadeniz Festivali ger\u00e7ekle\u015ftirilecek. Nil\u00fcfer Belediyesi, Karadeniz k\u00fclt\u00fcr\u00fcn\u00fc herkesle bulu\u015fturmak amac\u0131yla 1. Karadeniz Festivali d\u00fczenliyor. Fatih Sultan Mehmet Bulvar\u0131 (FSM) Hastane Alan\u0131\u2019nda renkli etkinliklerin yap\u0131laca\u011f\u0131 festival i\u00e7in dolu dolu bir program haz\u0131rland\u0131. Karadeniz lezzetleri, al\u0131\u015fveri\u015f stantlar\u0131, halk oyunlar\u0131 ve aktivite alanlar\u0131n\u0131n yer alaca\u011f\u0131 festivalde \u00e7ocuklar i\u00e7in de \u00f6zel oyun alanlar\u0131 haz\u0131rlanacak. Festivalde ziyaret\u00e7iler, d\u00fczenlenecek konserlerle de keyifli anlar ya\u015fayacak. Festival kapsam\u0131nda 30 May\u0131s ak\u015fam\u0131 Tu\u011f\u00e7e Kandemir, 31 May\u0131s ak\u015fam\u0131 ise Ekin Uzunlar sahneye \u00e7\u0131kacak. 1 Haziran\u2019da ise Karadeniz\u2019in sevilen yerel sanat\u00e7\u0131lar\u0131 izleyicilerle bulu\u015facak. \u200bBursa Nil\u00fcfer Belediyesi, Karadeniz k\u00fclt\u00fcr\u00fcn\u00fc Bursa\u2019da ya\u015fatacak.BURSA (\u0130GFA) &#8211; Bursa&#8217;da FSM Hastane Alan\u0131\u2019nda 30 May\u0131s ile 1 Haziran tarihleri aras\u0131nda 3 g\u00fcn d\u00fczenlenecek festivalde; yerel lezzetler, al\u0131\u015fveri\u015f stantlar\u0131, konser ve etkinliklerle dolu bir Nil\u00fcfer Karadeniz Festivali ger\u00e7ekle\u015ftirilecek. Nil\u00fcfer Belediyesi, Karadeniz k\u00fclt\u00fcr\u00fcn\u00fc herkesle bulu\u015fturmak amac\u0131yla 1. Karadeniz Festivali d\u00fczenliyor. Fatih Sultan Mehmet Bulvar\u0131 (FSM) Hastane Alan\u0131\u2019nda renkli etkinliklerin yap\u0131laca\u011f\u0131 festival i\u00e7in dolu dolu bir program haz\u0131rland\u0131. Karadeniz lezzetleri, al\u0131\u015fveri\u015f stantlar\u0131, halk oyunlar\u0131 ve aktivite alanlar\u0131n\u0131n yer alaca\u011f\u0131 festivalde \u00e7ocuklar i\u00e7in de \u00f6zel oyun alanlar\u0131 haz\u0131rlanacak. &hellip;","og_url":"http:\/\/denizcankizil.tr\/en\/haberler\/gundem\/bursa-niluferde-karadeniz-ruzgari-esecek\/","og_site_name":"Av. Deniz Can K\u0131z\u0131l","article_published_time":"2025-05-21T13:43:28+00:00","author":"admin","twitter_card":"summary_large_image","twitter_misc":{"Written by":"admin","Estimated reading time":"2 minutes"},"schema":{"@context":"https:\/\/schema.org","@graph":[{"@type":"Article","@id":"http:\/\/denizcankizil.tr\/en\/haberler\/gundem\/bursa-niluferde-karadeniz-ruzgari-esecek\/#article","isPartOf":{"@id":"http:\/\/denizcankizil.tr\/en\/haberler\/gundem\/bursa-niluferde-karadeniz-ruzgari-esecek\/"},"author":{"name":"admin","@id":"https:\/\/denizcankizil.tr\/de\/#\/schema\/person\/be3c05fe6a12686905512445d8185489"},"headline":"Bursa Nil\u00fcfer\u2019de Karadeniz r\u00fczgar\u0131 esecek","datePublished":"2025-05-21T13:43:28+00:00","mainEntityOfPage":{"@id":"http:\/\/denizcankizil.tr\/en\/haberler\/gundem\/bursa-niluferde-karadeniz-ruzgari-esecek\/"},"wordCount":326,"publisher":{"@id":"https:\/\/denizcankizil.tr\/de\/#organization"},"articleSection":["G\u00fcndem"],"inLanguage":"en-GB"},{"@type":"WebPage","@id":"http:\/\/denizcankizil.tr\/en\/haberler\/gundem\/bursa-niluferde-karadeniz-ruzgari-esecek\/","url":"http:\/\/denizcankizil.tr\/en\/haberler\/gundem\/bursa-niluferde-karadeniz-ruzgari-esecek\/","name":"Bursa Nil\u00fcfer\u2019de Karadeniz r\u00fczgar\u0131 esecek - Av. Deniz Can K\u0131z\u0131l","isPartOf":{"@id":"https:\/\/denizcankizil.tr\/de\/#website"},"datePublished":"2025-05-21T13:43:28+00:00","breadcrumb":{"@id":"http:\/\/denizcankizil.tr\/en\/haberler\/gundem\/bursa-niluferde-karadeniz-ruzgari-esecek\/#breadcrumb"},"inLanguage":"en-GB","potentialAction":[{"@type":"ReadAction","target":["http:\/\/denizcankizil.tr\/en\/haberler\/gundem\/bursa-niluferde-karadeniz-ruzgari-esecek\/"]}]},{"@type":"BreadcrumbList","@id":"http:\/\/denizcankizil.tr\/en\/haberler\/gundem\/bursa-niluferde-karadeniz-ruzgari-esecek\/#breadcrumb","itemListElement":[{"@type":"ListItem","position":1,"name":"Home","item":"https:\/\/denizcankizil.tr\/de\/"},{"@type":"ListItem","position":2,"name":"Bursa Nil\u00fcfer\u2019de Karadeniz r\u00fczgar\u0131 esecek"}]},{"@type":"WebSite","@id":"https:\/\/denizcankizil.tr\/de\/#website","url":"https:\/\/denizcankizil.tr\/de\/","name":"Av. Deniz Can K\u0131z\u0131l","description":"Avukat Deniz Can K\u0131z\u0131l Antalya Barosu","publisher":{"@id":"https:\/\/denizcankizil.tr\/de\/#organization"},"potentialAction":[{"@type":"SearchAction","target":{"@type":"EntryPoint","urlTemplate":"https:\/\/denizcankizil.tr\/de\/?s={search_term_string}"},"query-input":{"@type":"PropertyValueSpecification","valueRequired":true,"valueName":"search_term_string"}}],"inLanguage":"en-GB"},{"@type":"Organization","@id":"https:\/\/denizcankizil.tr\/de\/#organization","name":"Av. Deniz Can K\u0131z\u0131l","url":"https:\/\/denizcankizil.tr\/de\/","logo":{"@type":"ImageObject","inLanguage":"en-GB","@id":"https:\/\/denizcankizil.tr\/de\/#\/schema\/logo\/image\/","url":"http:\/\/denizcankizil.tr\/wp-content\/uploads\/2024\/10\/siyah-logo-svg.svg","contentUrl":"http:\/\/denizcankizil.tr\/wp-content\/uploads\/2024\/10\/siyah-logo-svg.svg","width":1080,"height":1080,"caption":"Av. Deniz Can K\u0131z\u0131l"},"image":{"@id":"https:\/\/denizcankizil.tr\/de\/#\/schema\/logo\/image\/"}},{"@type":"Person","@id":"https:\/\/denizcankizil.tr\/de\/#\/schema\/person\/be3c05fe6a12686905512445d8185489","name":"admin","image":{"@type":"ImageObject","inLanguage":"en-GB","@id":"https:\/\/denizcankizil.tr\/de\/#\/schema\/person\/image\/","url":"https:\/\/secure.gravatar.com\/avatar\/c1fce94c830dc79107e174f890d7210541c4a63e8e5d816341794a2151c9d58c?s=96&d=mm&r=g","contentUrl":"https:\/\/secure.gravatar.com\/avatar\/c1fce94c830dc79107e174f890d7210541c4a63e8e5d816341794a2151c9d58c?s=96&d=mm&r=g","caption":"admin"},"sameAs":["http:\/\/denizcankizil.tr"],"url":"https:\/\/www.iskenderun.org\/bursa-niluferde-karadeniz-ruzgari-esecek"}]}},"_links":{"self":[{"href":"http:\/\/denizcankizil.tr\/en\/wp-json\/wp\/v2\/posts\/93672","targetHints":{"allow":["GET"]}}],"collection":[{"href":"http:\/\/denizcankizil.tr\/en\/wp-json\/wp\/v2\/posts"}],"about":[{"href":"http:\/\/denizcankizil.tr\/en\/wp-json\/wp\/v2\/types\/post"}],"author":[{"embeddable":true,"href":"http:\/\/denizcankizil.tr\/en\/wp-json\/wp\/v2\/users\/1"}],"replies":[{"embeddable":true,"href":"http:\/\/denizcankizil.tr\/en\/wp-json\/wp\/v2\/comments?post=93672"}],"version-history":[{"count":0,"href":"http:\/\/denizcankizil.tr\/en\/wp-json\/wp\/v2\/posts\/93672\/revisions"}],"wp:attachment":[{"href":"http:\/\/denizcankizil.tr\/en\/wp-json\/wp\/v2\/media?parent=93672"}],"wp:term":[{"taxonomy":"category","embeddable":true,"href":"http:\/\/denizcankizil.tr\/en\/wp-json\/wp\/v2\/categories?post=93672"},{"taxonomy":"post_tag","embeddable":true,"href":"http:\/\/denizcankizil.tr\/en\/wp-json\/wp\/v2\/tags?post=93672"}],"curies":[{"name":"wp","href":"https:\/\/api.w.org\/{rel}","templated":true}]}}