{"id":93124,"date":"2025-05-20T23:29:30","date_gmt":"2025-05-20T20:29:30","guid":{"rendered":"https:\/\/denizcankizil.tr\/uncategorized-tr\/iste-de-sesimiz-bir-yuregimiz-bir-konseri\/"},"modified":"2025-05-20T23:29:30","modified_gmt":"2025-05-20T20:29:30","slug":"iste-de-sesimiz-bir-yuregimiz-bir-konseri","status":"publish","type":"post","link":"http:\/\/denizcankizil.tr\/en\/haberler\/gundem\/iste-de-sesimiz-bir-yuregimiz-bir-konseri\/","title":{"rendered":"\u0130STE  de  Sesimiz Bir Y\u00fcre\u011fimiz Bir Konseri"},"content":{"rendered":"<p>\u0130skenderun Teknik \u00dcniversitesi, gen\u00e7li\u011fi m\u00fczikle bir araya getiren anlaml\u0131 bir etkinli\u011fe ev sahipli\u011fi yapt\u0131.<br \/>\n\u00c7evre, \u015eehircilik ve \u0130klim De\u011fi\u015fikli\u011fi Bakanl\u0131\u011f\u0131 taraf\u0131ndan Emlak Konut, Emlak Kat\u0131l\u0131m ve T\u00fcrkiye \u00c7evre Ajans\u0131\u2019n\u0131n katk\u0131lar\u0131yla d\u00fczenlenen \u201cSesimiz Bir, Y\u00fcre\u011fimiz Bir\u201d Gen\u00e7lik Konseri kapsam\u0131nda \u00fcnl\u00fc besteci ve sanat\u00e7\u0131 Sinan Ak\u00e7\u0131l, \u0130skenderun Teknik \u00dcniversitesi Merkez Kamp\u00fcs\u2019 te sahne ald\u0131. Mimarl\u0131k Fak\u00fcltesi \u00f6n\u00fcnde kurulan dev sahnede ger\u00e7ekle\u015fen konser, \u00f6\u011frencilerin ve \u0130skenderun halk\u0131n\u0131n yo\u011fun ilgisiyle adeta bir m\u00fczik \u015f\u00f6lenine d\u00f6n\u00fc\u015ft\u00fc. \u0130skenderun Teknik \u00dcniversitesi Rekt\u00f6r Yard\u0131mc\u0131s\u0131 Prof. Dr. Nazif \u00c7ali\u015f, Rekt\u00f6r Dan\u0131\u015fman\u0131 \u00d6\u011fr. G\u00f6r. Hamit Bas\u0131k, \u0130skenderun Belediye Ba\u015fkan Yard\u0131mc\u0131s\u0131 Cihan Aky\u00fcreko\u011flu ile \u00c7evre, \u015eehircilik ve \u0130klim De\u011fi\u015fikli\u011fi Hatay \u0130l M\u00fcd\u00fcr Yard\u0131mc\u0131s\u0131 Oya Aslan Bayram kat\u0131ld\u0131.<br \/>\nco\u015fkulu kalabal\u0131k kar\u015f\u0131s\u0131nda sahne alan\u00a0 Sinan Ak\u00e7il\u2019\u0131n\u00a0 konser g\u00fcn\u00fc de\u00a0 \u00f6zel haz\u0131rlanan do\u011fum g\u00fcn\u00fc pastas\u0131 s\u00fcrprizi oldu. Pasta, Rekt\u00f6r Yard\u0131mc\u0131s\u0131 Prof. Dr. Nazif \u00c7ali\u015f taraf\u0131ndan Sinan Ak\u00e7ali\u2019a takdim edildi.<br \/>\nKonserle ilgili de\u011ferlendirmede bulunan \u0130skenderun Teknik \u00dcniversitesi Rekt\u00f6r\u00fc Prof. Dr. Mehmet Duruel, etkinli\u011fin \u00fcniversite gen\u00e7li\u011fi i\u00e7in ta\u015f\u0131d\u0131\u011f\u0131 \u00f6neme dikkat \u00e7ekerek \u015fu ifadeleri kulland\u0131:<br \/>\n\u201c\u0130skenderun Teknik \u00dcniversitesi olarak yaln\u0131zca akademik de\u011fil, sosyal ve k\u00fclt\u00fcrel alanlarda da \u00f6\u011frencilerimizin yan\u0131nda olmay\u0131 \u00f6nemsiyoruz. Gen\u00e7lerimizin enerjisi, umutlar\u0131 ve hayalleri bizler i\u00e7in yol g\u00f6sterici. Bu anlaml\u0131 gecede onlar\u0131 m\u00fczikle bulu\u015fturmak, birlik ve beraberlik duygusunu peki\u015ftirmek bizim i\u00e7in b\u00fcy\u00fck bir mutluluk kayna\u011f\u0131 oldu. Ba\u015fta Say\u0131n Bakanl\u0131\u011f\u0131m\u0131z olmak \u00fczere katk\u0131 sunan t\u00fcm kurumlara te\u015fekk\u00fcr ediyoruz. Gen\u00e7lerimizin y\u00fcz\u00fcn\u00fc g\u00fcld\u00fcrebildiysek, biraz olsun moral verebildiysek ne mutlu bize.\u201d<\/p>\n<p>\u200b\u0130skenderun Teknik \u00dcniversitesi, gen\u00e7li\u011fi m\u00fczikle bir araya getiren anlaml\u0131 bir etkinli\u011fe ev sahipli\u011fi yapt\u0131.<br \/>\n\u00c7evre, \u015eehircilik ve \u0130klim De\u011fi\u015fikli\u011fi Bakanl\u0131\u011f\u0131 taraf\u0131ndan Emlak Konut, Emlak Kat\u0131l\u0131m ve T\u00fcrkiye \u00c7evre Ajans\u0131\u2019n\u0131n katk\u0131lar\u0131yla d\u00fczenlenen \u201cSesimiz Bir, Y\u00fcre\u011fimiz Bir\u201d Gen\u00e7lik Konseri kapsam\u0131nda \u00fcnl\u00fc besteci ve sanat\u00e7\u0131 Sinan Ak\u00e7\u0131l, \u0130skenderun Teknik \u00dcniversitesi Merkez Kamp\u00fcs\u2019 te sahne ald\u0131. Mimarl\u0131k Fak\u00fcltesi \u00f6n\u00fcnde kurulan dev sahnede ger\u00e7ekle\u015fen konser, \u00f6\u011frencilerin ve \u0130skenderun halk\u0131n\u0131n yo\u011fun ilgisiyle adeta bir m\u00fczik \u015f\u00f6lenine d\u00f6n\u00fc\u015ft\u00fc. \u0130skenderun Teknik \u00dcniversitesi Rekt\u00f6r Yard\u0131mc\u0131s\u0131 Prof. Dr. Nazif \u00c7ali\u015f, Rekt\u00f6r Dan\u0131\u015fman\u0131 \u00d6\u011fr. G\u00f6r. Hamit Bas\u0131k, \u0130skenderun Belediye Ba\u015fkan Yard\u0131mc\u0131s\u0131 Cihan Aky\u00fcreko\u011flu ile \u00c7evre, \u015eehircilik ve \u0130klim De\u011fi\u015fikli\u011fi Hatay \u0130l M\u00fcd\u00fcr Yard\u0131mc\u0131s\u0131 Oya Aslan Bayram kat\u0131ld\u0131.<br \/>\nco\u015fkulu kalabal\u0131k kar\u015f\u0131s\u0131nda sahne alan\u00a0 Sinan Ak\u00e7il\u2019\u0131n\u00a0 konser g\u00fcn\u00fc de\u00a0 \u00f6zel haz\u0131rlanan do\u011fum g\u00fcn\u00fc pastas\u0131 s\u00fcrprizi oldu. Pasta, Rekt\u00f6r Yard\u0131mc\u0131s\u0131 Prof. Dr. Nazif \u00c7ali\u015f taraf\u0131ndan Sinan Ak\u00e7ali\u2019a takdim edildi.<br \/>\nKonserle ilgili de\u011ferlendirmede bulunan \u0130skenderun Teknik \u00dcniversitesi Rekt\u00f6r\u00fc Prof. Dr. Mehmet Duruel, etkinli\u011fin \u00fcniversite gen\u00e7li\u011fi i\u00e7in ta\u015f\u0131d\u0131\u011f\u0131 \u00f6neme dikkat \u00e7ekerek \u015fu ifadeleri kulland\u0131:<br \/>\n\u201c\u0130skenderun Teknik \u00dcniversitesi olarak yaln\u0131zca akademik de\u011fil, sosyal ve k\u00fclt\u00fcrel alanlarda da \u00f6\u011frencilerimizin yan\u0131nda olmay\u0131 \u00f6nemsiyoruz. Gen\u00e7lerimizin enerjisi, umutlar\u0131 ve hayalleri bizler i\u00e7in yol g\u00f6sterici. Bu anlaml\u0131 gecede onlar\u0131 m\u00fczikle bulu\u015fturmak, birlik ve beraberlik duygusunu peki\u015ftirmek bizim i\u00e7in b\u00fcy\u00fck bir mutluluk kayna\u011f\u0131 oldu. Ba\u015fta Say\u0131n Bakanl\u0131\u011f\u0131m\u0131z olmak \u00fczere katk\u0131 sunan t\u00fcm kurumlara te\u015fekk\u00fcr ediyoruz. Gen\u00e7lerimizin y\u00fcz\u00fcn\u00fc g\u00fcld\u00fcrebildiysek, biraz olsun moral verebildiysek ne mutlu bize.\u201d\u00a0<\/p>\n<p>\u200bHaberin Al\u0131nt\u0131land\u0131\u011f\u0131 Kaynak: www.iskenderun.org<\/p>","protected":false},"excerpt":{"rendered":"<p>\u0130skenderun Teknik \u00dcniversitesi, gen\u00e7li\u011fi m\u00fczikle bir araya getiren anlaml\u0131 bir etkinli\u011fe ev sahipli\u011fi yapt\u0131. \u00c7evre, \u015eehircilik ve \u0130klim De\u011fi\u015fikli\u011fi Bakanl\u0131\u011f\u0131 taraf\u0131ndan Emlak Konut, Emlak Kat\u0131l\u0131m ve T\u00fcrkiye \u00c7evre Ajans\u0131\u2019n\u0131n katk\u0131lar\u0131yla d\u00fczenlenen \u201cSesimiz Bir, Y\u00fcre\u011fimiz Bir\u201d Gen\u00e7lik Konseri kapsam\u0131nda \u00fcnl\u00fc besteci ve sanat\u00e7\u0131 Sinan Ak\u00e7\u0131l, \u0130skenderun Teknik \u00dcniversitesi Merkez Kamp\u00fcs\u2019 te sahne ald\u0131. Mimarl\u0131k Fak\u00fcltesi \u00f6n\u00fcnde kurulan dev sahnede ger\u00e7ekle\u015fen konser, \u00f6\u011frencilerin ve \u0130skenderun halk\u0131n\u0131n yo\u011fun ilgisiyle adeta bir m\u00fczik \u015f\u00f6lenine d\u00f6n\u00fc\u015ft\u00fc. \u0130skenderun Teknik \u00dcniversitesi Rekt\u00f6r Yard\u0131mc\u0131s\u0131 Prof. Dr. Nazif \u00c7ali\u015f, Rekt\u00f6r Dan\u0131\u015fman\u0131 \u00d6\u011fr. G\u00f6r. Hamit Bas\u0131k, \u0130skenderun Belediye Ba\u015fkan Yard\u0131mc\u0131s\u0131 Cihan Aky\u00fcreko\u011flu ile \u00c7evre, \u015eehircilik ve \u0130klim De\u011fi\u015fikli\u011fi Hatay \u0130l M\u00fcd\u00fcr Yard\u0131mc\u0131s\u0131 Oya Aslan Bayram kat\u0131ld\u0131. co\u015fkulu kalabal\u0131k kar\u015f\u0131s\u0131nda sahne alan\u00a0 Sinan Ak\u00e7il\u2019\u0131n\u00a0 konser g\u00fcn\u00fc de\u00a0 \u00f6zel haz\u0131rlanan do\u011fum g\u00fcn\u00fc pastas\u0131 s\u00fcrprizi oldu. Pasta, Rekt\u00f6r Yard\u0131mc\u0131s\u0131 Prof. Dr. Nazif \u00c7ali\u015f taraf\u0131ndan Sinan Ak\u00e7ali\u2019a takdim edildi. Konserle ilgili de\u011ferlendirmede bulunan \u0130skenderun Teknik \u00dcniversitesi Rekt\u00f6r\u00fc Prof. Dr. Mehmet Duruel, etkinli\u011fin \u00fcniversite gen\u00e7li\u011fi i\u00e7in ta\u015f\u0131d\u0131\u011f\u0131 \u00f6neme dikkat \u00e7ekerek \u015fu ifadeleri kulland\u0131: \u201c\u0130skenderun Teknik \u00dcniversitesi olarak yaln\u0131zca akademik de\u011fil, sosyal ve k\u00fclt\u00fcrel alanlarda da \u00f6\u011frencilerimizin yan\u0131nda olmay\u0131 \u00f6nemsiyoruz. Gen\u00e7lerimizin enerjisi, umutlar\u0131 ve hayalleri bizler i\u00e7in yol g\u00f6sterici. Bu anlaml\u0131 gecede onlar\u0131 m\u00fczikle bulu\u015fturmak, birlik ve beraberlik duygusunu peki\u015ftirmek bizim i\u00e7in b\u00fcy\u00fck bir mutluluk kayna\u011f\u0131 &hellip;<\/p>","protected":false},"author":1,"featured_media":0,"comment_status":"","ping_status":"open","sticky":false,"template":"","format":"standard","meta":{"_acf_changed":false,"footnotes":""},"categories":[24],"tags":[],"class_list":["post-93124","post","type-post","status-publish","format-standard","has-post-thumbnail","hentry","category-gundem"],"acf":[],"yoast_head":"<!-- This site is optimized with the Yoast SEO Premium plugin v26.6 (Yoast SEO v27.1.1) - https:\/\/yoast.com\/product\/yoast-seo-premium-wordpress\/ -->\n<title>\u0130STE de Sesimiz Bir Y\u00fcre\u011fimiz Bir Konseri - Av. Deniz Can K\u0131z\u0131l<\/title>\n<meta name=\"robots\" content=\"index, follow, max-snippet:-1, max-image-preview:large, max-video-preview:-1\" \/>\n<link rel=\"canonical\" href=\"http:\/\/denizcankizil.tr\/en\/haberler\/gundem\/iste-de-sesimiz-bir-yuregimiz-bir-konseri\/\" \/>\n<meta property=\"og:locale\" content=\"en_GB\" \/>\n<meta property=\"og:type\" content=\"article\" \/>\n<meta property=\"og:title\" content=\"\u0130STE de Sesimiz Bir Y\u00fcre\u011fimiz Bir Konseri\" \/>\n<meta property=\"og:description\" content=\"\u0130skenderun Teknik \u00dcniversitesi, gen\u00e7li\u011fi m\u00fczikle bir araya getiren anlaml\u0131 bir etkinli\u011fe ev sahipli\u011fi yapt\u0131. \u00c7evre, \u015eehircilik ve \u0130klim De\u011fi\u015fikli\u011fi Bakanl\u0131\u011f\u0131 taraf\u0131ndan Emlak Konut, Emlak Kat\u0131l\u0131m ve T\u00fcrkiye \u00c7evre Ajans\u0131\u2019n\u0131n katk\u0131lar\u0131yla d\u00fczenlenen \u201cSesimiz Bir, Y\u00fcre\u011fimiz Bir\u201d Gen\u00e7lik Konseri kapsam\u0131nda \u00fcnl\u00fc besteci ve sanat\u00e7\u0131 Sinan Ak\u00e7\u0131l, \u0130skenderun Teknik \u00dcniversitesi Merkez Kamp\u00fcs\u2019 te sahne ald\u0131. Mimarl\u0131k Fak\u00fcltesi \u00f6n\u00fcnde kurulan dev sahnede ger\u00e7ekle\u015fen konser, \u00f6\u011frencilerin ve \u0130skenderun halk\u0131n\u0131n yo\u011fun ilgisiyle adeta bir m\u00fczik \u015f\u00f6lenine d\u00f6n\u00fc\u015ft\u00fc. \u0130skenderun Teknik \u00dcniversitesi Rekt\u00f6r Yard\u0131mc\u0131s\u0131 Prof. Dr. Nazif \u00c7ali\u015f, Rekt\u00f6r Dan\u0131\u015fman\u0131 \u00d6\u011fr. G\u00f6r. Hamit Bas\u0131k, \u0130skenderun Belediye Ba\u015fkan Yard\u0131mc\u0131s\u0131 Cihan Aky\u00fcreko\u011flu ile \u00c7evre, \u015eehircilik ve \u0130klim De\u011fi\u015fikli\u011fi Hatay \u0130l M\u00fcd\u00fcr Yard\u0131mc\u0131s\u0131 Oya Aslan Bayram kat\u0131ld\u0131. co\u015fkulu kalabal\u0131k kar\u015f\u0131s\u0131nda sahne alan\u00a0 Sinan Ak\u00e7il\u2019\u0131n\u00a0 konser g\u00fcn\u00fc de\u00a0 \u00f6zel haz\u0131rlanan do\u011fum g\u00fcn\u00fc pastas\u0131 s\u00fcrprizi oldu. Pasta, Rekt\u00f6r Yard\u0131mc\u0131s\u0131 Prof. Dr. Nazif \u00c7ali\u015f taraf\u0131ndan Sinan Ak\u00e7ali\u2019a takdim edildi. Konserle ilgili de\u011ferlendirmede bulunan \u0130skenderun Teknik \u00dcniversitesi Rekt\u00f6r\u00fc Prof. Dr. Mehmet Duruel, etkinli\u011fin \u00fcniversite gen\u00e7li\u011fi i\u00e7in ta\u015f\u0131d\u0131\u011f\u0131 \u00f6neme dikkat \u00e7ekerek \u015fu ifadeleri kulland\u0131: \u201c\u0130skenderun Teknik \u00dcniversitesi olarak yaln\u0131zca akademik de\u011fil, sosyal ve k\u00fclt\u00fcrel alanlarda da \u00f6\u011frencilerimizin yan\u0131nda olmay\u0131 \u00f6nemsiyoruz. Gen\u00e7lerimizin enerjisi, umutlar\u0131 ve hayalleri bizler i\u00e7in yol g\u00f6sterici. Bu anlaml\u0131 gecede onlar\u0131 m\u00fczikle bulu\u015fturmak, birlik ve beraberlik duygusunu peki\u015ftirmek bizim i\u00e7in b\u00fcy\u00fck bir mutluluk kayna\u011f\u0131 &hellip;\" \/>\n<meta property=\"og:url\" content=\"http:\/\/denizcankizil.tr\/en\/haberler\/gundem\/iste-de-sesimiz-bir-yuregimiz-bir-konseri\/\" \/>\n<meta property=\"og:site_name\" content=\"Av. Deniz Can K\u0131z\u0131l\" \/>\n<meta property=\"article:published_time\" content=\"2025-05-20T20:29:30+00:00\" \/>\n<meta name=\"author\" content=\"admin\" \/>\n<meta name=\"twitter:card\" content=\"summary_large_image\" \/>\n<meta name=\"twitter:label1\" content=\"Written by\" \/>\n\t<meta name=\"twitter:data1\" content=\"admin\" \/>\n\t<meta name=\"twitter:label2\" content=\"Estimated reading time\" \/>\n\t<meta name=\"twitter:data2\" content=\"3 minutes\" \/>\n<script type=\"application\/ld+json\" class=\"yoast-schema-graph\">{\"@context\":\"https:\/\/schema.org\",\"@graph\":[{\"@type\":\"Article\",\"@id\":\"http:\/\/denizcankizil.tr\/en\/haberler\/gundem\/iste-de-sesimiz-bir-yuregimiz-bir-konseri\/#article\",\"isPartOf\":{\"@id\":\"http:\/\/denizcankizil.tr\/en\/haberler\/gundem\/iste-de-sesimiz-bir-yuregimiz-bir-konseri\/\"},\"author\":{\"name\":\"admin\",\"@id\":\"https:\/\/denizcankizil.tr\/#\/schema\/person\/be3c05fe6a12686905512445d8185489\"},\"headline\":\"\u0130STE de Sesimiz Bir Y\u00fcre\u011fimiz Bir Konseri\",\"datePublished\":\"2025-05-20T20:29:30+00:00\",\"mainEntityOfPage\":{\"@id\":\"http:\/\/denizcankizil.tr\/en\/haberler\/gundem\/iste-de-sesimiz-bir-yuregimiz-bir-konseri\/\"},\"wordCount\":669,\"publisher\":{\"@id\":\"https:\/\/denizcankizil.tr\/#organization\"},\"articleSection\":[\"G\u00fcndem\"],\"inLanguage\":\"en-GB\"},{\"@type\":\"WebPage\",\"@id\":\"http:\/\/denizcankizil.tr\/en\/haberler\/gundem\/iste-de-sesimiz-bir-yuregimiz-bir-konseri\/\",\"url\":\"http:\/\/denizcankizil.tr\/en\/haberler\/gundem\/iste-de-sesimiz-bir-yuregimiz-bir-konseri\/\",\"name\":\"\u0130STE de Sesimiz Bir Y\u00fcre\u011fimiz Bir Konseri - Av. Deniz Can K\u0131z\u0131l\",\"isPartOf\":{\"@id\":\"https:\/\/denizcankizil.tr\/#website\"},\"datePublished\":\"2025-05-20T20:29:30+00:00\",\"breadcrumb\":{\"@id\":\"http:\/\/denizcankizil.tr\/en\/haberler\/gundem\/iste-de-sesimiz-bir-yuregimiz-bir-konseri\/#breadcrumb\"},\"inLanguage\":\"en-GB\",\"potentialAction\":[{\"@type\":\"ReadAction\",\"target\":[\"http:\/\/denizcankizil.tr\/en\/haberler\/gundem\/iste-de-sesimiz-bir-yuregimiz-bir-konseri\/\"]}]},{\"@type\":\"BreadcrumbList\",\"@id\":\"http:\/\/denizcankizil.tr\/en\/haberler\/gundem\/iste-de-sesimiz-bir-yuregimiz-bir-konseri\/#breadcrumb\",\"itemListElement\":[{\"@type\":\"ListItem\",\"position\":1,\"name\":\"Home\",\"item\":\"https:\/\/denizcankizil.tr\/uk\/\"},{\"@type\":\"ListItem\",\"position\":2,\"name\":\"\u0130STE de Sesimiz Bir Y\u00fcre\u011fimiz Bir Konseri\"}]},{\"@type\":\"WebSite\",\"@id\":\"https:\/\/denizcankizil.tr\/#website\",\"url\":\"https:\/\/denizcankizil.tr\/\",\"name\":\"Av. Deniz Can K\u0131z\u0131l\",\"description\":\"Avukat Deniz Can K\u0131z\u0131l Antalya Barosu\",\"publisher\":{\"@id\":\"https:\/\/denizcankizil.tr\/#organization\"},\"potentialAction\":[{\"@type\":\"SearchAction\",\"target\":{\"@type\":\"EntryPoint\",\"urlTemplate\":\"https:\/\/denizcankizil.tr\/?s={search_term_string}\"},\"query-input\":{\"@type\":\"PropertyValueSpecification\",\"valueRequired\":true,\"valueName\":\"search_term_string\"}}],\"inLanguage\":\"en-GB\"},{\"@type\":\"Organization\",\"@id\":\"https:\/\/denizcankizil.tr\/#organization\",\"name\":\"Av. Deniz Can K\u0131z\u0131l\",\"url\":\"https:\/\/denizcankizil.tr\/\",\"logo\":{\"@type\":\"ImageObject\",\"inLanguage\":\"en-GB\",\"@id\":\"https:\/\/denizcankizil.tr\/#\/schema\/logo\/image\/\",\"url\":\"http:\/\/denizcankizil.tr\/wp-content\/uploads\/2024\/10\/siyah-logo-svg.svg\",\"contentUrl\":\"http:\/\/denizcankizil.tr\/wp-content\/uploads\/2024\/10\/siyah-logo-svg.svg\",\"width\":1080,\"height\":1080,\"caption\":\"Av. Deniz Can K\u0131z\u0131l\"},\"image\":{\"@id\":\"https:\/\/denizcankizil.tr\/#\/schema\/logo\/image\/\"}},{\"@type\":\"Person\",\"@id\":\"https:\/\/denizcankizil.tr\/#\/schema\/person\/be3c05fe6a12686905512445d8185489\",\"name\":\"admin\",\"image\":{\"@type\":\"ImageObject\",\"inLanguage\":\"en-GB\",\"@id\":\"https:\/\/denizcankizil.tr\/#\/schema\/person\/image\/\",\"url\":\"https:\/\/secure.gravatar.com\/avatar\/c1fce94c830dc79107e174f890d7210541c4a63e8e5d816341794a2151c9d58c?s=96&d=mm&r=g\",\"contentUrl\":\"https:\/\/secure.gravatar.com\/avatar\/c1fce94c830dc79107e174f890d7210541c4a63e8e5d816341794a2151c9d58c?s=96&d=mm&r=g\",\"caption\":\"admin\"},\"sameAs\":[\"http:\/\/denizcankizil.tr\"],\"url\":\"https:\/\/www.iskenderun.org\/iste-de-sesimiz-bir-yuregimiz-bir-konseri\"}]}<\/script>\n<!-- \/ Yoast SEO Premium plugin. -->","yoast_head_json":{"title":"\u0130STE de Sesimiz Bir Y\u00fcre\u011fimiz Bir Konseri - Av. Deniz Can K\u0131z\u0131l","robots":{"index":"index","follow":"follow","max-snippet":"max-snippet:-1","max-image-preview":"max-image-preview:large","max-video-preview":"max-video-preview:-1"},"canonical":"http:\/\/denizcankizil.tr\/en\/haberler\/gundem\/iste-de-sesimiz-bir-yuregimiz-bir-konseri\/","og_locale":"en_GB","og_type":"article","og_title":"\u0130STE de Sesimiz Bir Y\u00fcre\u011fimiz Bir Konseri","og_description":"\u0130skenderun Teknik \u00dcniversitesi, gen\u00e7li\u011fi m\u00fczikle bir araya getiren anlaml\u0131 bir etkinli\u011fe ev sahipli\u011fi yapt\u0131. \u00c7evre, \u015eehircilik ve \u0130klim De\u011fi\u015fikli\u011fi Bakanl\u0131\u011f\u0131 taraf\u0131ndan Emlak Konut, Emlak Kat\u0131l\u0131m ve T\u00fcrkiye \u00c7evre Ajans\u0131\u2019n\u0131n katk\u0131lar\u0131yla d\u00fczenlenen \u201cSesimiz Bir, Y\u00fcre\u011fimiz Bir\u201d Gen\u00e7lik Konseri kapsam\u0131nda \u00fcnl\u00fc besteci ve sanat\u00e7\u0131 Sinan Ak\u00e7\u0131l, \u0130skenderun Teknik \u00dcniversitesi Merkez Kamp\u00fcs\u2019 te sahne ald\u0131. Mimarl\u0131k Fak\u00fcltesi \u00f6n\u00fcnde kurulan dev sahnede ger\u00e7ekle\u015fen konser, \u00f6\u011frencilerin ve \u0130skenderun halk\u0131n\u0131n yo\u011fun ilgisiyle adeta bir m\u00fczik \u015f\u00f6lenine d\u00f6n\u00fc\u015ft\u00fc. \u0130skenderun Teknik \u00dcniversitesi Rekt\u00f6r Yard\u0131mc\u0131s\u0131 Prof. Dr. Nazif \u00c7ali\u015f, Rekt\u00f6r Dan\u0131\u015fman\u0131 \u00d6\u011fr. G\u00f6r. Hamit Bas\u0131k, \u0130skenderun Belediye Ba\u015fkan Yard\u0131mc\u0131s\u0131 Cihan Aky\u00fcreko\u011flu ile \u00c7evre, \u015eehircilik ve \u0130klim De\u011fi\u015fikli\u011fi Hatay \u0130l M\u00fcd\u00fcr Yard\u0131mc\u0131s\u0131 Oya Aslan Bayram kat\u0131ld\u0131. co\u015fkulu kalabal\u0131k kar\u015f\u0131s\u0131nda sahne alan\u00a0 Sinan Ak\u00e7il\u2019\u0131n\u00a0 konser g\u00fcn\u00fc de\u00a0 \u00f6zel haz\u0131rlanan do\u011fum g\u00fcn\u00fc pastas\u0131 s\u00fcrprizi oldu. Pasta, Rekt\u00f6r Yard\u0131mc\u0131s\u0131 Prof. Dr. Nazif \u00c7ali\u015f taraf\u0131ndan Sinan Ak\u00e7ali\u2019a takdim edildi. Konserle ilgili de\u011ferlendirmede bulunan \u0130skenderun Teknik \u00dcniversitesi Rekt\u00f6r\u00fc Prof. Dr. Mehmet Duruel, etkinli\u011fin \u00fcniversite gen\u00e7li\u011fi i\u00e7in ta\u015f\u0131d\u0131\u011f\u0131 \u00f6neme dikkat \u00e7ekerek \u015fu ifadeleri kulland\u0131: \u201c\u0130skenderun Teknik \u00dcniversitesi olarak yaln\u0131zca akademik de\u011fil, sosyal ve k\u00fclt\u00fcrel alanlarda da \u00f6\u011frencilerimizin yan\u0131nda olmay\u0131 \u00f6nemsiyoruz. Gen\u00e7lerimizin enerjisi, umutlar\u0131 ve hayalleri bizler i\u00e7in yol g\u00f6sterici. Bu anlaml\u0131 gecede onlar\u0131 m\u00fczikle bulu\u015fturmak, birlik ve beraberlik duygusunu peki\u015ftirmek bizim i\u00e7in b\u00fcy\u00fck bir mutluluk kayna\u011f\u0131 &hellip;","og_url":"http:\/\/denizcankizil.tr\/en\/haberler\/gundem\/iste-de-sesimiz-bir-yuregimiz-bir-konseri\/","og_site_name":"Av. Deniz Can K\u0131z\u0131l","article_published_time":"2025-05-20T20:29:30+00:00","author":"admin","twitter_card":"summary_large_image","twitter_misc":{"Written by":"admin","Estimated reading time":"3 minutes"},"schema":{"@context":"https:\/\/schema.org","@graph":[{"@type":"Article","@id":"http:\/\/denizcankizil.tr\/en\/haberler\/gundem\/iste-de-sesimiz-bir-yuregimiz-bir-konseri\/#article","isPartOf":{"@id":"http:\/\/denizcankizil.tr\/en\/haberler\/gundem\/iste-de-sesimiz-bir-yuregimiz-bir-konseri\/"},"author":{"name":"admin","@id":"https:\/\/denizcankizil.tr\/#\/schema\/person\/be3c05fe6a12686905512445d8185489"},"headline":"\u0130STE de Sesimiz Bir Y\u00fcre\u011fimiz Bir Konseri","datePublished":"2025-05-20T20:29:30+00:00","mainEntityOfPage":{"@id":"http:\/\/denizcankizil.tr\/en\/haberler\/gundem\/iste-de-sesimiz-bir-yuregimiz-bir-konseri\/"},"wordCount":669,"publisher":{"@id":"https:\/\/denizcankizil.tr\/#organization"},"articleSection":["G\u00fcndem"],"inLanguage":"en-GB"},{"@type":"WebPage","@id":"http:\/\/denizcankizil.tr\/en\/haberler\/gundem\/iste-de-sesimiz-bir-yuregimiz-bir-konseri\/","url":"http:\/\/denizcankizil.tr\/en\/haberler\/gundem\/iste-de-sesimiz-bir-yuregimiz-bir-konseri\/","name":"\u0130STE de Sesimiz Bir Y\u00fcre\u011fimiz Bir Konseri - Av. Deniz Can K\u0131z\u0131l","isPartOf":{"@id":"https:\/\/denizcankizil.tr\/#website"},"datePublished":"2025-05-20T20:29:30+00:00","breadcrumb":{"@id":"http:\/\/denizcankizil.tr\/en\/haberler\/gundem\/iste-de-sesimiz-bir-yuregimiz-bir-konseri\/#breadcrumb"},"inLanguage":"en-GB","potentialAction":[{"@type":"ReadAction","target":["http:\/\/denizcankizil.tr\/en\/haberler\/gundem\/iste-de-sesimiz-bir-yuregimiz-bir-konseri\/"]}]},{"@type":"BreadcrumbList","@id":"http:\/\/denizcankizil.tr\/en\/haberler\/gundem\/iste-de-sesimiz-bir-yuregimiz-bir-konseri\/#breadcrumb","itemListElement":[{"@type":"ListItem","position":1,"name":"Home","item":"https:\/\/denizcankizil.tr\/uk\/"},{"@type":"ListItem","position":2,"name":"\u0130STE de Sesimiz Bir Y\u00fcre\u011fimiz Bir Konseri"}]},{"@type":"WebSite","@id":"https:\/\/denizcankizil.tr\/#website","url":"https:\/\/denizcankizil.tr\/","name":"Av. Deniz Can K\u0131z\u0131l","description":"Avukat Deniz Can K\u0131z\u0131l Antalya Barosu","publisher":{"@id":"https:\/\/denizcankizil.tr\/#organization"},"potentialAction":[{"@type":"SearchAction","target":{"@type":"EntryPoint","urlTemplate":"https:\/\/denizcankizil.tr\/?s={search_term_string}"},"query-input":{"@type":"PropertyValueSpecification","valueRequired":true,"valueName":"search_term_string"}}],"inLanguage":"en-GB"},{"@type":"Organization","@id":"https:\/\/denizcankizil.tr\/#organization","name":"Av. Deniz Can K\u0131z\u0131l","url":"https:\/\/denizcankizil.tr\/","logo":{"@type":"ImageObject","inLanguage":"en-GB","@id":"https:\/\/denizcankizil.tr\/#\/schema\/logo\/image\/","url":"http:\/\/denizcankizil.tr\/wp-content\/uploads\/2024\/10\/siyah-logo-svg.svg","contentUrl":"http:\/\/denizcankizil.tr\/wp-content\/uploads\/2024\/10\/siyah-logo-svg.svg","width":1080,"height":1080,"caption":"Av. Deniz Can K\u0131z\u0131l"},"image":{"@id":"https:\/\/denizcankizil.tr\/#\/schema\/logo\/image\/"}},{"@type":"Person","@id":"https:\/\/denizcankizil.tr\/#\/schema\/person\/be3c05fe6a12686905512445d8185489","name":"admin","image":{"@type":"ImageObject","inLanguage":"en-GB","@id":"https:\/\/denizcankizil.tr\/#\/schema\/person\/image\/","url":"https:\/\/secure.gravatar.com\/avatar\/c1fce94c830dc79107e174f890d7210541c4a63e8e5d816341794a2151c9d58c?s=96&d=mm&r=g","contentUrl":"https:\/\/secure.gravatar.com\/avatar\/c1fce94c830dc79107e174f890d7210541c4a63e8e5d816341794a2151c9d58c?s=96&d=mm&r=g","caption":"admin"},"sameAs":["http:\/\/denizcankizil.tr"],"url":"https:\/\/www.iskenderun.org\/iste-de-sesimiz-bir-yuregimiz-bir-konseri"}]}},"_links":{"self":[{"href":"http:\/\/denizcankizil.tr\/en\/wp-json\/wp\/v2\/posts\/93124","targetHints":{"allow":["GET"]}}],"collection":[{"href":"http:\/\/denizcankizil.tr\/en\/wp-json\/wp\/v2\/posts"}],"about":[{"href":"http:\/\/denizcankizil.tr\/en\/wp-json\/wp\/v2\/types\/post"}],"author":[{"embeddable":true,"href":"http:\/\/denizcankizil.tr\/en\/wp-json\/wp\/v2\/users\/1"}],"replies":[{"embeddable":true,"href":"http:\/\/denizcankizil.tr\/en\/wp-json\/wp\/v2\/comments?post=93124"}],"version-history":[{"count":0,"href":"http:\/\/denizcankizil.tr\/en\/wp-json\/wp\/v2\/posts\/93124\/revisions"}],"wp:attachment":[{"href":"http:\/\/denizcankizil.tr\/en\/wp-json\/wp\/v2\/media?parent=93124"}],"wp:term":[{"taxonomy":"category","embeddable":true,"href":"http:\/\/denizcankizil.tr\/en\/wp-json\/wp\/v2\/categories?post=93124"},{"taxonomy":"post_tag","embeddable":true,"href":"http:\/\/denizcankizil.tr\/en\/wp-json\/wp\/v2\/tags?post=93124"}],"curies":[{"name":"wp","href":"https:\/\/api.w.org\/{rel}","templated":true}]}}