{"id":92716,"date":"2025-05-20T14:41:35","date_gmt":"2025-05-20T11:41:35","guid":{"rendered":"https:\/\/denizcankizil.tr\/uncategorized-tr\/antalyada-is-makinesi-ile-otomobil-carpisti\/"},"modified":"2025-05-20T14:41:35","modified_gmt":"2025-05-20T11:41:35","slug":"antalyada-is-makinesi-ile-otomobil-carpisti","status":"publish","type":"post","link":"http:\/\/denizcankizil.tr\/en\/haberler\/antalya\/antalyada-is-makinesi-ile-otomobil-carpisti\/","title":{"rendered":"Antalya&#8217;da i\u015f makinesi ile otomobil \u00e7arp\u0131\u015ft\u0131"},"content":{"rendered":"<p>Kaza, saat 11.00 s\u0131ralar\u0131nda Serik-Belek yolu Eminceler mevkiinde meydana geldi. Belek&#8217;ten Serik y\u00f6n\u00fcne seyreden s\u00fcr\u00fcc\u00fcs\u00fc \u00f6\u011frenilemeyen i\u015f makinesi ile Kemal D. idaresindeki 06 BC 8413 plakal\u0131 otomobil \u00e7arp\u0131\u015ft\u0131. \u00c7arp\u0131\u015fman\u0131n etkisi ile otomobil yol ortas\u0131nda yan durdu. Kazada otomobil s\u00fcr\u00fcc\u00fcs\u00fc Kemal D. ile ara\u00e7taki e\u015fi G\u00fcll\u00fc D. yaraland\u0131. Vatanda\u015flar\u0131n ihbar\u0131 \u00fczerine kaza yerine sa\u011fl\u0131k, itfaiye ve polis ekipleri sevk edildi. \u0130tfaiye ve sa\u011fl\u0131k ekiplerince ara\u00e7tan \u00e7\u0131kar\u0131lan s\u00fcr\u00fcc\u00fc ilk m\u00fcdahalenin ard\u0131ndan ambulansla Serik&#8217;teki \u00f6zel hastaneye kald\u0131rd\u0131. Ekipler daha sonra otomobilin yolcu koltu\u011funda s\u0131k\u0131\u015fan G\u00fcll\u00fc D.&#8217;yi \u00e7\u0131karmak i\u00e7in \u00e7al\u0131\u015fma ba\u015flatt\u0131. Yakla\u015f\u0131k yar\u0131m saatlik \u00e7al\u0131\u015fman\u0131n ard\u0131ndan G\u00fcll\u00fc D. s\u0131k\u0131\u015ft\u0131\u011f\u0131 yerden \u00e7\u0131kart\u0131ld\u0131. \u0130lk m\u00fcdahalenin ard\u0131ndan ambulans ile \u00f6zel hastane kald\u0131r\u0131lan G\u00fcll\u00fc D. ile Kemal D.&#8217;nin sa\u011fl\u0131k durumunun iyi oldu\u011fu \u00f6\u011frenildi.<br \/>\nPolis kazayla ilgili inceleme ba\u015flatt\u0131.<\/p>\n<p>Kaynak: www.kanalv.com.tr Haber Sitesinden Al\u0131nm\u0131\u015ft\u0131r.<\/p>","protected":false},"excerpt":{"rendered":"<p>Kaza, saat 11.00 s\u0131ralar\u0131nda Serik-Belek yolu Eminceler mevkiinde meydana geldi. Belek&#8217;ten Serik y\u00f6n\u00fcne seyreden s\u00fcr\u00fcc\u00fcs\u00fc \u00f6\u011frenilemeyen i\u015f makinesi ile Kemal D. idaresindeki 06 BC 8413 plakal\u0131 otomobil \u00e7arp\u0131\u015ft\u0131. \u00c7arp\u0131\u015fman\u0131n etkisi ile otomobil yol ortas\u0131nda yan durdu. Kazada otomobil s\u00fcr\u00fcc\u00fcs\u00fc Kemal D. ile ara\u00e7taki e\u015fi G\u00fcll\u00fc D. yaraland\u0131. Vatanda\u015flar\u0131n ihbar\u0131 \u00fczerine kaza yerine sa\u011fl\u0131k, itfaiye ve polis ekipleri sevk edildi. \u0130tfaiye ve sa\u011fl\u0131k ekiplerince ara\u00e7tan \u00e7\u0131kar\u0131lan s\u00fcr\u00fcc\u00fc ilk m\u00fcdahalenin ard\u0131ndan ambulansla Serik&#8217;teki \u00f6zel hastaneye kald\u0131rd\u0131. Ekipler daha sonra otomobilin yolcu koltu\u011funda s\u0131k\u0131\u015fan G\u00fcll\u00fc D.&#8217;yi \u00e7\u0131karmak i\u00e7in \u00e7al\u0131\u015fma ba\u015flatt\u0131. Yakla\u015f\u0131k yar\u0131m saatlik \u00e7al\u0131\u015fman\u0131n ard\u0131ndan G\u00fcll\u00fc D. s\u0131k\u0131\u015ft\u0131\u011f\u0131 yerden \u00e7\u0131kart\u0131ld\u0131. \u0130lk m\u00fcdahalenin ard\u0131ndan ambulans ile \u00f6zel hastane kald\u0131r\u0131lan G\u00fcll\u00fc D. ile Kemal D.&#8217;nin sa\u011fl\u0131k durumunun iyi oldu\u011fu \u00f6\u011frenildi. Polis kazayla ilgili inceleme ba\u015flatt\u0131. Kaynak: www.kanalv.com.tr Haber Sitesinden Al\u0131nm\u0131\u015ft\u0131r.<\/p>","protected":false},"author":4,"featured_media":92717,"comment_status":"","ping_status":"open","sticky":false,"template":"","format":"standard","meta":{"_acf_changed":false,"footnotes":""},"categories":[26],"tags":[],"class_list":["post-92716","post","type-post","status-publish","format-standard","has-post-thumbnail","hentry","category-antalya"],"acf":[],"yoast_head":"<!-- This site is optimized with the Yoast SEO Premium plugin v26.6 (Yoast SEO v27.1.1) - https:\/\/yoast.com\/product\/yoast-seo-premium-wordpress\/ -->\n<title>Antalya&#039;da i\u015f makinesi ile otomobil \u00e7arp\u0131\u015ft\u0131 - Av. Deniz Can K\u0131z\u0131l<\/title>\n<meta name=\"robots\" content=\"index, follow, max-snippet:-1, max-image-preview:large, max-video-preview:-1\" \/>\n<link rel=\"canonical\" href=\"http:\/\/denizcankizil.tr\/en\/haberler\/antalya\/antalyada-is-makinesi-ile-otomobil-carpisti\/\" \/>\n<meta property=\"og:locale\" content=\"en_GB\" \/>\n<meta property=\"og:type\" content=\"article\" \/>\n<meta property=\"og:title\" content=\"Antalya&#039;da i\u015f makinesi ile otomobil \u00e7arp\u0131\u015ft\u0131\" \/>\n<meta property=\"og:description\" content=\"Kaza, saat 11.00 s\u0131ralar\u0131nda Serik-Belek yolu Eminceler mevkiinde meydana geldi. Belek&#8217;ten Serik y\u00f6n\u00fcne seyreden s\u00fcr\u00fcc\u00fcs\u00fc \u00f6\u011frenilemeyen i\u015f makinesi ile Kemal D. idaresindeki 06 BC 8413 plakal\u0131 otomobil \u00e7arp\u0131\u015ft\u0131. \u00c7arp\u0131\u015fman\u0131n etkisi ile otomobil yol ortas\u0131nda yan durdu. Kazada otomobil s\u00fcr\u00fcc\u00fcs\u00fc Kemal D. ile ara\u00e7taki e\u015fi G\u00fcll\u00fc D. yaraland\u0131. Vatanda\u015flar\u0131n ihbar\u0131 \u00fczerine kaza yerine sa\u011fl\u0131k, itfaiye ve polis ekipleri sevk edildi. \u0130tfaiye ve sa\u011fl\u0131k ekiplerince ara\u00e7tan \u00e7\u0131kar\u0131lan s\u00fcr\u00fcc\u00fc ilk m\u00fcdahalenin ard\u0131ndan ambulansla Serik&#8217;teki \u00f6zel hastaneye kald\u0131rd\u0131. Ekipler daha sonra otomobilin yolcu koltu\u011funda s\u0131k\u0131\u015fan G\u00fcll\u00fc D.&#8217;yi \u00e7\u0131karmak i\u00e7in \u00e7al\u0131\u015fma ba\u015flatt\u0131. Yakla\u015f\u0131k yar\u0131m saatlik \u00e7al\u0131\u015fman\u0131n ard\u0131ndan G\u00fcll\u00fc D. s\u0131k\u0131\u015ft\u0131\u011f\u0131 yerden \u00e7\u0131kart\u0131ld\u0131. \u0130lk m\u00fcdahalenin ard\u0131ndan ambulans ile \u00f6zel hastane kald\u0131r\u0131lan G\u00fcll\u00fc D. ile Kemal D.&#8217;nin sa\u011fl\u0131k durumunun iyi oldu\u011fu \u00f6\u011frenildi. Polis kazayla ilgili inceleme ba\u015flatt\u0131. Kaynak: www.kanalv.com.tr Haber Sitesinden Al\u0131nm\u0131\u015ft\u0131r.\" \/>\n<meta property=\"og:url\" content=\"http:\/\/denizcankizil.tr\/en\/haberler\/antalya\/antalyada-is-makinesi-ile-otomobil-carpisti\/\" \/>\n<meta property=\"og:site_name\" content=\"Av. Deniz Can K\u0131z\u0131l\" \/>\n<meta property=\"article:published_time\" content=\"2025-05-20T11:41:35+00:00\" \/>\n<meta property=\"og:image\" content=\"http:\/\/denizcankizil.tr\/wp-content\/uploads\/2025\/05\/6437-01-BoG0B2.jpg\" \/>\n\t<meta property=\"og:image:width\" content=\"1280\" \/>\n\t<meta property=\"og:image:height\" content=\"720\" \/>\n\t<meta property=\"og:image:type\" content=\"image\/jpeg\" \/>\n<meta name=\"author\" content=\"Av. Deniz Can K\u0131z\u0131l\" \/>\n<meta name=\"twitter:card\" content=\"summary_large_image\" \/>\n<meta name=\"twitter:label1\" content=\"Written by\" \/>\n\t<meta name=\"twitter:data1\" content=\"Av. Deniz Can K\u0131z\u0131l\" \/>\n\t<meta name=\"twitter:label2\" content=\"Estimated reading time\" \/>\n\t<meta name=\"twitter:data2\" content=\"1 minute\" \/>\n<script type=\"application\/ld+json\" class=\"yoast-schema-graph\">{\"@context\":\"https:\/\/schema.org\",\"@graph\":[{\"@type\":\"Article\",\"@id\":\"http:\/\/denizcankizil.tr\/en\/haberler\/antalya\/antalyada-is-makinesi-ile-otomobil-carpisti\/#article\",\"isPartOf\":{\"@id\":\"http:\/\/denizcankizil.tr\/en\/haberler\/antalya\/antalyada-is-makinesi-ile-otomobil-carpisti\/\"},\"author\":{\"name\":\"Av. Deniz Can K\u0131z\u0131l\",\"@id\":\"https:\/\/denizcankizil.tr\/#\/schema\/person\/5dc1b22991bd7ac833867c10afc9b0ff\"},\"headline\":\"Antalya&#8217;da i\u015f makinesi ile otomobil \u00e7arp\u0131\u015ft\u0131\",\"datePublished\":\"2025-05-20T11:41:35+00:00\",\"mainEntityOfPage\":{\"@id\":\"http:\/\/denizcankizil.tr\/en\/haberler\/antalya\/antalyada-is-makinesi-ile-otomobil-carpisti\/\"},\"wordCount\":195,\"publisher\":{\"@id\":\"https:\/\/denizcankizil.tr\/#organization\"},\"image\":{\"@id\":\"http:\/\/denizcankizil.tr\/en\/haberler\/antalya\/antalyada-is-makinesi-ile-otomobil-carpisti\/#primaryimage\"},\"thumbnailUrl\":\"http:\/\/denizcankizil.tr\/wp-content\/uploads\/2025\/05\/6437-01-BoG0B2.jpg\",\"articleSection\":[\"Antalya\"],\"inLanguage\":\"en-GB\"},{\"@type\":\"WebPage\",\"@id\":\"http:\/\/denizcankizil.tr\/en\/haberler\/antalya\/antalyada-is-makinesi-ile-otomobil-carpisti\/\",\"url\":\"http:\/\/denizcankizil.tr\/en\/haberler\/antalya\/antalyada-is-makinesi-ile-otomobil-carpisti\/\",\"name\":\"Antalya'da i\u015f makinesi ile otomobil \u00e7arp\u0131\u015ft\u0131 - Av. Deniz Can K\u0131z\u0131l\",\"isPartOf\":{\"@id\":\"https:\/\/denizcankizil.tr\/#website\"},\"primaryImageOfPage\":{\"@id\":\"http:\/\/denizcankizil.tr\/en\/haberler\/antalya\/antalyada-is-makinesi-ile-otomobil-carpisti\/#primaryimage\"},\"image\":{\"@id\":\"http:\/\/denizcankizil.tr\/en\/haberler\/antalya\/antalyada-is-makinesi-ile-otomobil-carpisti\/#primaryimage\"},\"thumbnailUrl\":\"http:\/\/denizcankizil.tr\/wp-content\/uploads\/2025\/05\/6437-01-BoG0B2.jpg\",\"datePublished\":\"2025-05-20T11:41:35+00:00\",\"breadcrumb\":{\"@id\":\"http:\/\/denizcankizil.tr\/en\/haberler\/antalya\/antalyada-is-makinesi-ile-otomobil-carpisti\/#breadcrumb\"},\"inLanguage\":\"en-GB\",\"potentialAction\":[{\"@type\":\"ReadAction\",\"target\":[\"http:\/\/denizcankizil.tr\/en\/haberler\/antalya\/antalyada-is-makinesi-ile-otomobil-carpisti\/\"]}]},{\"@type\":\"ImageObject\",\"inLanguage\":\"en-GB\",\"@id\":\"http:\/\/denizcankizil.tr\/en\/haberler\/antalya\/antalyada-is-makinesi-ile-otomobil-carpisti\/#primaryimage\",\"url\":\"http:\/\/denizcankizil.tr\/wp-content\/uploads\/2025\/05\/6437-01-BoG0B2.jpg\",\"contentUrl\":\"http:\/\/denizcankizil.tr\/wp-content\/uploads\/2025\/05\/6437-01-BoG0B2.jpg\",\"width\":1280,\"height\":720},{\"@type\":\"BreadcrumbList\",\"@id\":\"http:\/\/denizcankizil.tr\/en\/haberler\/antalya\/antalyada-is-makinesi-ile-otomobil-carpisti\/#breadcrumb\",\"itemListElement\":[{\"@type\":\"ListItem\",\"position\":1,\"name\":\"Home\",\"item\":\"https:\/\/denizcankizil.tr\/uk\/\"},{\"@type\":\"ListItem\",\"position\":2,\"name\":\"Antalya&#8217;da i\u015f makinesi ile otomobil \u00e7arp\u0131\u015ft\u0131\"}]},{\"@type\":\"WebSite\",\"@id\":\"https:\/\/denizcankizil.tr\/#website\",\"url\":\"https:\/\/denizcankizil.tr\/\",\"name\":\"Av. Deniz Can K\u0131z\u0131l\",\"description\":\"Avukat Deniz Can K\u0131z\u0131l Antalya Barosu\",\"publisher\":{\"@id\":\"https:\/\/denizcankizil.tr\/#organization\"},\"potentialAction\":[{\"@type\":\"SearchAction\",\"target\":{\"@type\":\"EntryPoint\",\"urlTemplate\":\"https:\/\/denizcankizil.tr\/?s={search_term_string}\"},\"query-input\":{\"@type\":\"PropertyValueSpecification\",\"valueRequired\":true,\"valueName\":\"search_term_string\"}}],\"inLanguage\":\"en-GB\"},{\"@type\":\"Organization\",\"@id\":\"https:\/\/denizcankizil.tr\/#organization\",\"name\":\"Av. Deniz Can K\u0131z\u0131l\",\"url\":\"https:\/\/denizcankizil.tr\/\",\"logo\":{\"@type\":\"ImageObject\",\"inLanguage\":\"en-GB\",\"@id\":\"https:\/\/denizcankizil.tr\/#\/schema\/logo\/image\/\",\"url\":\"http:\/\/denizcankizil.tr\/wp-content\/uploads\/2024\/10\/siyah-logo-svg.svg\",\"contentUrl\":\"http:\/\/denizcankizil.tr\/wp-content\/uploads\/2024\/10\/siyah-logo-svg.svg\",\"width\":1080,\"height\":1080,\"caption\":\"Av. Deniz Can K\u0131z\u0131l\"},\"image\":{\"@id\":\"https:\/\/denizcankizil.tr\/#\/schema\/logo\/image\/\"}},{\"@type\":\"Person\",\"@id\":\"https:\/\/denizcankizil.tr\/#\/schema\/person\/5dc1b22991bd7ac833867c10afc9b0ff\",\"name\":\"Av. Deniz Can K\u0131z\u0131l\",\"image\":{\"@type\":\"ImageObject\",\"inLanguage\":\"en-GB\",\"@id\":\"https:\/\/denizcankizil.tr\/#\/schema\/person\/image\/\",\"url\":\"https:\/\/secure.gravatar.com\/avatar\/a0b128fb9855c79efc976d5640eedb31dc35ec297594d6016d2cf7c60e975bb6?s=96&d=mm&r=g\",\"contentUrl\":\"https:\/\/secure.gravatar.com\/avatar\/a0b128fb9855c79efc976d5640eedb31dc35ec297594d6016d2cf7c60e975bb6?s=96&d=mm&r=g\",\"caption\":\"Av. Deniz Can K\u0131z\u0131l\"},\"sameAs\":[\"http:\/\/www.denizcankizil.tr\"],\"url\":\"http:\/\/denizcankizil.tr\/en\/author\/denizcankizil\/\"}]}<\/script>\n<!-- \/ Yoast SEO Premium plugin. -->","yoast_head_json":{"title":"Antalya'da i\u015f makinesi ile otomobil \u00e7arp\u0131\u015ft\u0131 - Av. Deniz Can K\u0131z\u0131l","robots":{"index":"index","follow":"follow","max-snippet":"max-snippet:-1","max-image-preview":"max-image-preview:large","max-video-preview":"max-video-preview:-1"},"canonical":"http:\/\/denizcankizil.tr\/en\/haberler\/antalya\/antalyada-is-makinesi-ile-otomobil-carpisti\/","og_locale":"en_GB","og_type":"article","og_title":"Antalya'da i\u015f makinesi ile otomobil \u00e7arp\u0131\u015ft\u0131","og_description":"Kaza, saat 11.00 s\u0131ralar\u0131nda Serik-Belek yolu Eminceler mevkiinde meydana geldi. Belek&#8217;ten Serik y\u00f6n\u00fcne seyreden s\u00fcr\u00fcc\u00fcs\u00fc \u00f6\u011frenilemeyen i\u015f makinesi ile Kemal D. idaresindeki 06 BC 8413 plakal\u0131 otomobil \u00e7arp\u0131\u015ft\u0131. \u00c7arp\u0131\u015fman\u0131n etkisi ile otomobil yol ortas\u0131nda yan durdu. Kazada otomobil s\u00fcr\u00fcc\u00fcs\u00fc Kemal D. ile ara\u00e7taki e\u015fi G\u00fcll\u00fc D. yaraland\u0131. Vatanda\u015flar\u0131n ihbar\u0131 \u00fczerine kaza yerine sa\u011fl\u0131k, itfaiye ve polis ekipleri sevk edildi. \u0130tfaiye ve sa\u011fl\u0131k ekiplerince ara\u00e7tan \u00e7\u0131kar\u0131lan s\u00fcr\u00fcc\u00fc ilk m\u00fcdahalenin ard\u0131ndan ambulansla Serik&#8217;teki \u00f6zel hastaneye kald\u0131rd\u0131. Ekipler daha sonra otomobilin yolcu koltu\u011funda s\u0131k\u0131\u015fan G\u00fcll\u00fc D.&#8217;yi \u00e7\u0131karmak i\u00e7in \u00e7al\u0131\u015fma ba\u015flatt\u0131. Yakla\u015f\u0131k yar\u0131m saatlik \u00e7al\u0131\u015fman\u0131n ard\u0131ndan G\u00fcll\u00fc D. s\u0131k\u0131\u015ft\u0131\u011f\u0131 yerden \u00e7\u0131kart\u0131ld\u0131. \u0130lk m\u00fcdahalenin ard\u0131ndan ambulans ile \u00f6zel hastane kald\u0131r\u0131lan G\u00fcll\u00fc D. ile Kemal D.&#8217;nin sa\u011fl\u0131k durumunun iyi oldu\u011fu \u00f6\u011frenildi. Polis kazayla ilgili inceleme ba\u015flatt\u0131. Kaynak: www.kanalv.com.tr Haber Sitesinden Al\u0131nm\u0131\u015ft\u0131r.","og_url":"http:\/\/denizcankizil.tr\/en\/haberler\/antalya\/antalyada-is-makinesi-ile-otomobil-carpisti\/","og_site_name":"Av. Deniz Can K\u0131z\u0131l","article_published_time":"2025-05-20T11:41:35+00:00","og_image":[{"width":1280,"height":720,"url":"http:\/\/denizcankizil.tr\/wp-content\/uploads\/2025\/05\/6437-01-BoG0B2.jpg","type":"image\/jpeg"}],"author":"Av. Deniz Can K\u0131z\u0131l","twitter_card":"summary_large_image","twitter_misc":{"Written by":"Av. Deniz Can K\u0131z\u0131l","Estimated reading time":"1 minute"},"schema":{"@context":"https:\/\/schema.org","@graph":[{"@type":"Article","@id":"http:\/\/denizcankizil.tr\/en\/haberler\/antalya\/antalyada-is-makinesi-ile-otomobil-carpisti\/#article","isPartOf":{"@id":"http:\/\/denizcankizil.tr\/en\/haberler\/antalya\/antalyada-is-makinesi-ile-otomobil-carpisti\/"},"author":{"name":"Av. Deniz Can K\u0131z\u0131l","@id":"https:\/\/denizcankizil.tr\/#\/schema\/person\/5dc1b22991bd7ac833867c10afc9b0ff"},"headline":"Antalya&#8217;da i\u015f makinesi ile otomobil \u00e7arp\u0131\u015ft\u0131","datePublished":"2025-05-20T11:41:35+00:00","mainEntityOfPage":{"@id":"http:\/\/denizcankizil.tr\/en\/haberler\/antalya\/antalyada-is-makinesi-ile-otomobil-carpisti\/"},"wordCount":195,"publisher":{"@id":"https:\/\/denizcankizil.tr\/#organization"},"image":{"@id":"http:\/\/denizcankizil.tr\/en\/haberler\/antalya\/antalyada-is-makinesi-ile-otomobil-carpisti\/#primaryimage"},"thumbnailUrl":"http:\/\/denizcankizil.tr\/wp-content\/uploads\/2025\/05\/6437-01-BoG0B2.jpg","articleSection":["Antalya"],"inLanguage":"en-GB"},{"@type":"WebPage","@id":"http:\/\/denizcankizil.tr\/en\/haberler\/antalya\/antalyada-is-makinesi-ile-otomobil-carpisti\/","url":"http:\/\/denizcankizil.tr\/en\/haberler\/antalya\/antalyada-is-makinesi-ile-otomobil-carpisti\/","name":"Antalya'da i\u015f makinesi ile otomobil \u00e7arp\u0131\u015ft\u0131 - Av. Deniz Can K\u0131z\u0131l","isPartOf":{"@id":"https:\/\/denizcankizil.tr\/#website"},"primaryImageOfPage":{"@id":"http:\/\/denizcankizil.tr\/en\/haberler\/antalya\/antalyada-is-makinesi-ile-otomobil-carpisti\/#primaryimage"},"image":{"@id":"http:\/\/denizcankizil.tr\/en\/haberler\/antalya\/antalyada-is-makinesi-ile-otomobil-carpisti\/#primaryimage"},"thumbnailUrl":"http:\/\/denizcankizil.tr\/wp-content\/uploads\/2025\/05\/6437-01-BoG0B2.jpg","datePublished":"2025-05-20T11:41:35+00:00","breadcrumb":{"@id":"http:\/\/denizcankizil.tr\/en\/haberler\/antalya\/antalyada-is-makinesi-ile-otomobil-carpisti\/#breadcrumb"},"inLanguage":"en-GB","potentialAction":[{"@type":"ReadAction","target":["http:\/\/denizcankizil.tr\/en\/haberler\/antalya\/antalyada-is-makinesi-ile-otomobil-carpisti\/"]}]},{"@type":"ImageObject","inLanguage":"en-GB","@id":"http:\/\/denizcankizil.tr\/en\/haberler\/antalya\/antalyada-is-makinesi-ile-otomobil-carpisti\/#primaryimage","url":"http:\/\/denizcankizil.tr\/wp-content\/uploads\/2025\/05\/6437-01-BoG0B2.jpg","contentUrl":"http:\/\/denizcankizil.tr\/wp-content\/uploads\/2025\/05\/6437-01-BoG0B2.jpg","width":1280,"height":720},{"@type":"BreadcrumbList","@id":"http:\/\/denizcankizil.tr\/en\/haberler\/antalya\/antalyada-is-makinesi-ile-otomobil-carpisti\/#breadcrumb","itemListElement":[{"@type":"ListItem","position":1,"name":"Home","item":"https:\/\/denizcankizil.tr\/uk\/"},{"@type":"ListItem","position":2,"name":"Antalya&#8217;da i\u015f makinesi ile otomobil \u00e7arp\u0131\u015ft\u0131"}]},{"@type":"WebSite","@id":"https:\/\/denizcankizil.tr\/#website","url":"https:\/\/denizcankizil.tr\/","name":"Av. Deniz Can K\u0131z\u0131l","description":"Avukat Deniz Can K\u0131z\u0131l Antalya Barosu","publisher":{"@id":"https:\/\/denizcankizil.tr\/#organization"},"potentialAction":[{"@type":"SearchAction","target":{"@type":"EntryPoint","urlTemplate":"https:\/\/denizcankizil.tr\/?s={search_term_string}"},"query-input":{"@type":"PropertyValueSpecification","valueRequired":true,"valueName":"search_term_string"}}],"inLanguage":"en-GB"},{"@type":"Organization","@id":"https:\/\/denizcankizil.tr\/#organization","name":"Av. Deniz Can K\u0131z\u0131l","url":"https:\/\/denizcankizil.tr\/","logo":{"@type":"ImageObject","inLanguage":"en-GB","@id":"https:\/\/denizcankizil.tr\/#\/schema\/logo\/image\/","url":"http:\/\/denizcankizil.tr\/wp-content\/uploads\/2024\/10\/siyah-logo-svg.svg","contentUrl":"http:\/\/denizcankizil.tr\/wp-content\/uploads\/2024\/10\/siyah-logo-svg.svg","width":1080,"height":1080,"caption":"Av. Deniz Can K\u0131z\u0131l"},"image":{"@id":"https:\/\/denizcankizil.tr\/#\/schema\/logo\/image\/"}},{"@type":"Person","@id":"https:\/\/denizcankizil.tr\/#\/schema\/person\/5dc1b22991bd7ac833867c10afc9b0ff","name":"Av. Deniz Can K\u0131z\u0131l","image":{"@type":"ImageObject","inLanguage":"en-GB","@id":"https:\/\/denizcankizil.tr\/#\/schema\/person\/image\/","url":"https:\/\/secure.gravatar.com\/avatar\/a0b128fb9855c79efc976d5640eedb31dc35ec297594d6016d2cf7c60e975bb6?s=96&d=mm&r=g","contentUrl":"https:\/\/secure.gravatar.com\/avatar\/a0b128fb9855c79efc976d5640eedb31dc35ec297594d6016d2cf7c60e975bb6?s=96&d=mm&r=g","caption":"Av. Deniz Can K\u0131z\u0131l"},"sameAs":["http:\/\/www.denizcankizil.tr"],"url":"http:\/\/denizcankizil.tr\/en\/author\/denizcankizil\/"}]}},"_links":{"self":[{"href":"http:\/\/denizcankizil.tr\/en\/wp-json\/wp\/v2\/posts\/92716","targetHints":{"allow":["GET"]}}],"collection":[{"href":"http:\/\/denizcankizil.tr\/en\/wp-json\/wp\/v2\/posts"}],"about":[{"href":"http:\/\/denizcankizil.tr\/en\/wp-json\/wp\/v2\/types\/post"}],"author":[{"embeddable":true,"href":"http:\/\/denizcankizil.tr\/en\/wp-json\/wp\/v2\/users\/4"}],"replies":[{"embeddable":true,"href":"http:\/\/denizcankizil.tr\/en\/wp-json\/wp\/v2\/comments?post=92716"}],"version-history":[{"count":0,"href":"http:\/\/denizcankizil.tr\/en\/wp-json\/wp\/v2\/posts\/92716\/revisions"}],"wp:featuredmedia":[{"embeddable":true,"href":"http:\/\/denizcankizil.tr\/en\/wp-json\/wp\/v2\/media\/92717"}],"wp:attachment":[{"href":"http:\/\/denizcankizil.tr\/en\/wp-json\/wp\/v2\/media?parent=92716"}],"wp:term":[{"taxonomy":"category","embeddable":true,"href":"http:\/\/denizcankizil.tr\/en\/wp-json\/wp\/v2\/categories?post=92716"},{"taxonomy":"post_tag","embeddable":true,"href":"http:\/\/denizcankizil.tr\/en\/wp-json\/wp\/v2\/tags?post=92716"}],"curies":[{"name":"wp","href":"https:\/\/api.w.org\/{rel}","templated":true}]}}