{"id":90981,"date":"2025-05-16T00:00:00","date_gmt":"2025-05-15T21:00:00","guid":{"rendered":"https:\/\/denizcankizil.tr\/uncategorized-tr\/tehiri-icra-karari-icin-yatirilan-teminatin-nemalandirilmasi\/"},"modified":"2025-05-16T00:00:00","modified_gmt":"2025-05-15T21:00:00","slug":"tehiri-icra-karari-icin-yatirilan-teminatin-nemalandirilmasi","status":"publish","type":"post","link":"http:\/\/denizcankizil.tr\/en\/hukukihaber\/tehiri-icra-karari-icin-yatirilan-teminatin-nemalandirilmasi\/","title":{"rendered":"TEH\u0130R\u0130 \u0130CRA KARARI \u0130\u00c7\u0130N YATIRILAN TEM\u0130NATIN NEMALANDIRILMASI"},"content":{"rendered":"<p>Bor\u00e7ludan tehiri icra karar\u0131 i\u00e7in tahsil edilen bedelin alacakl\u0131ya \u00f6dendi\u011fi ana kadar bor\u00e7lunun veya alacakl\u0131n\u0131n para \u00fczerinde tasarrufta bulunma, paray\u0131 kullanma veya paran\u0131n de\u011ferinin enflasyon kar\u015f\u0131s\u0131nda erimesini \u00f6nleyici tedbirler alma imk\u00e2n\u0131 bulunmamaktad\u0131r. Bor\u00e7ludan tahsil edilen bedel bu s\u00fcre\u00e7te hen\u00fcz icra m\u00fcd\u00fcrl\u00fc\u011f\u00fcn\u00fcn kontrol\u00fc alt\u0131nda bulunmakta olup bu paran\u0131n enflasyon kar\u015f\u0131s\u0131nda de\u011fer kaybetmesini \u00f6nleyebilecek olan da icra dairesi olup, tahsil edilen paran\u0131n al\u0131m g\u00fcc\u00fcn\u00fc kaybetmesini engellemenin yolu da paran\u0131n nemaland\u0131r\u0131lmas\u0131d\u0131r.<\/p>\n<p>Paran\u0131n kulland\u0131r\u0131lmas\u0131 kar\u015f\u0131l\u0131\u011f\u0131nda elde edilen menfaatler (faiz, ikramiye vs.) onun semeresi olup bunlarda paran\u0131n malikine aittir.<\/p>\n<p>Paran\u0131n bankaya yat\u0131r\u0131lmas\u0131 ile bu para bankaca kullan\u0131ld\u0131\u011f\u0131ndan , banka taraf\u0131ndan paran\u0131n sahibine faiz, ikramiye veya benzeri adlar alt\u0131nda birtak\u0131m \u00f6demeler yap\u0131labilmektedir. Bankaya yat\u0131r\u0131lan paran\u0131n icra iflas dairesinin kontrol\u00fcnde olmas\u0131 ve bu paran\u0131n icra dairesince bankaya yat\u0131r\u0131lmas\u0131, elde edilen gelirlerden yararlanma hakk\u0131n\u0131n paran\u0131n malikine ait oldu\u011fu ger\u00e7e\u011fini de\u011fi\u015ftirmemektedir.<\/p>\n<p>Uzun s\u00fcren yarg\u0131lamalar kar\u015f\u0131s\u0131nda cebri icra organ\u0131n\u0131n tahsil etti\u011fi paray\u0131 basit bir i\u015flemle mevduat hesab\u0131na yat\u0131r\u0131lmas\u0131 ile bor\u00e7lu \u00fczerinde olu\u015fan olumsuz etki azalt\u0131lmaktad\u0131r. Bu durum yani paran\u0131n nemaland\u0131r\u0131lmas\u0131 bor\u00e7lu ve alacakl\u0131n\u0131n menfaatine uygun bir durumdur.<\/p>\n<p>Ancak tehiri icra karar\u0131 i\u00e7in yat\u0131r\u0131lan teminat\u0131n nemaland\u0131r\u0131l\u0131p nemaland\u0131r\u0131lmayaca\u011f\u0131na ili\u015fkin icra memur i\u015flemine kar\u015f\u0131 yap\u0131lan \u015fikayetler \u00fczerine verilen kararlar \u0130\u0130K&#8217;nun 363. maddesi uyar\u0131nca kesin oldu\u011fundan nakdi teminat\u0131n nemaland\u0131r\u0131l\u0131p nemaland\u0131r\u0131lmayaca\u011f\u0131 hususu istikrar kazanamam\u0131\u015ft\u0131r. Ankara, Samsun gibi a\u015fa\u011f\u0131da al\u0131nt\u0131s\u0131n\u0131 yapt\u0131\u011f\u0131m\u0131z mahkeme kararlar\u0131 uyar\u0131nca teminat\u0131n nemaland\u0131r\u0131laca\u011f\u0131 y\u00f6n\u00fcnde kararlar verilmekte iken \u0130stanbul da ekseriyet teminat\u0131n nemaland\u0131r\u0131lmayaca\u011f\u0131 y\u00f6n\u00fcndedir.<\/p>\n<p>T\u00fcm bu hususlar neticesinde her ne kadar \u0130\u0130K&#8217;nda a\u00e7\u0131k\u00e7a nakit teminat\u0131n nemaland\u0131r\u0131lmas\u0131na dair h\u00fck\u00fcm bulunmasa da teminat\u0131n nemaland\u0131r\u0131lmas\u0131n\u0131 engelleyici yasal d\u00fczenleme de bulunmad\u0131\u011f\u0131, s\u00f6z konusu paran\u0131n nemaland\u0131r\u0131lmas\u0131n\u0131n bor\u00e7lu ve alacakl\u0131n\u0131n menfaatine uygun olaca\u011f\u0131 nazara al\u0131nd\u0131\u011f\u0131nda mahkemece \u015fikayetin kabul\u00fcne karar verilmesi gerekirken \u015fikayetin reddine karar verilmesi isabetli bulunmam\u0131\u015ft\u0131r. (Samsun BAM 4.Hukuk Dairesi 2024\/2540E. 2025\/237K.)<\/p>\n<p>Anayasa Mahkemesi sonu\u00e7 olarak cebri icra organlar\u0131n\u0131n tahsil etti\u011fi paray\u0131 bir mevduat hesab\u0131na yat\u0131r\u0131lmas\u0131 bi\u00e7iminde alaca\u011f\u0131 basit bir tedbirle icra s\u00fcrecinin h\u0131zl\u0131 i\u015flememesinin bor\u00e7lu \u00fczerinde olu\u015fturdu\u011fu olumsuz etkileri asgari seviyeye indirememesinin m\u00fclkiyet hakk\u0131n\u0131n devlete y\u00fckledi\u011fi koruma pozitif y\u00fck\u00fcml\u00fcl\u00fc\u011f\u00fcn\u00fcn ihlali sonucunu do\u011furdu\u011funu kabul etmi\u015f olup, bor\u00e7lu taraf\u0131ndan icra dosyas\u0131na yat\u0131r\u0131lan nakit ve teminat\u0131n nemaland\u0131r\u0131lamayaca\u011f\u0131 y\u00f6n\u00fcnde aksi bir d\u00fczenlemenin de bulunmad\u0131\u011f\u0131, s\u00f6z konusu paran\u0131n nemaland\u0131r\u0131lmas\u0131n\u0131n bor\u00e7lu ve alacakl\u0131n\u0131n menfaatine uygun olaca\u011f\u0131 anla\u015f\u0131lmakla (Ankara BAM 18.Hukuk Dairesi 2023\/1526E. 2024\/2229K.)<\/p>\n<p>Tehiri icra karar\u0131n\u0131n nemaland\u0131r\u0131lmas\u0131na ili\u015fkin mahkemelerce farkl\u0131 kararlar verilmesi ve teminat\u0131n nemaland\u0131r\u0131lmas\u0131 talebinin reddine ili\u015fkin memur i\u015fleminin iptaline kar\u015f\u0131 istinaf veya temyiz yoluna ba\u015fvuru imkan\u0131n\u0131n olmamas\u0131 adil yarg\u0131lanma hakk\u0131n\u0131 da ihlal etmektedir. <\/p>\n<p>Somut olayda, temyizen incelenmesi istenen karar, mehil belgesi d\u00fczenlenmesi amac\u0131yla \u0130\u0130K&#8217;n\u0131n 36. maddesi uyar\u0131nca depo edilen nakit teminat\u0131n nemaland\u0131r\u0131lmas\u0131 talebinin reddine dair memur i\u015fleminin iptali talebine ili\u015fkin olup, an\u0131lan karar\u0131n temyiz kabiliyeti bulunmamaktad\u0131r. (Yarg\u0131tay 12. Hukuk Dairesi 2023\/4673E. 2023\/4509K.)<\/p>\n<p>Ba\u015fvuru; \u0130\u0130K&#8217;nun 36. maddesi kapsam\u0131nda icran\u0131n geri b\u0131rak\u0131lmas\u0131 i\u00e7in sunulan nakit teminat\u0131n nemaland\u0131r\u0131lmas\u0131 talebinin reddine dair 25\/03\/2021 tarihli icra memur i\u015flemini \u015fikayete ili\u015fkindir.\u0130cra Mahkemesi kararlar\u0131ndan hangileri i\u00e7in istinaf yoluna ba\u015fvurulabilece\u011fi \u00f6zel h\u00fck\u00fcmlerle ve genel olarak da \u0130\u0130K&#8217;n\u0131n 363. maddesinde d\u00fczenlenmi\u015ftir. Bunlar\u0131n d\u0131\u015f\u0131nda kalan icra mahkemesi kararlar\u0131 kesindir. Somut olayda, b\u00f6lge adliye mahkemesince incelenmesi istenilen karar\u0131n \u0130\u0130K.n\u0131n 363 maddesinde belirtilen istinaf yoluna ba\u015fvurulabilecek kararlardan olmad\u0131\u011f\u0131 kesin nitelikte bulundu\u011fu g\u00f6r\u00fclmekle \u0130\u0130K&#8217;n\u0131n 365\/3 maddesi gere\u011fince istinaf ba\u015fvuru dilek\u00e7esinin reddine kesin olmak \u00fczere karar vermek gerekmi\u015ftir. (Ankara B\u00f6lge Adliye Mahkemesi 18. Hukuk Dairesi 2021\/2012E. 2023\/623K. )<\/p>\n<p>\u200bBor\u00e7ludan tehiri icra karar\u0131 i\u00e7in tahsil edilen bedelin alacakl\u0131ya \u00f6dendi\u011fi ana kadar bor\u00e7lunun veya alacakl\u0131n\u0131n para \u00fczerinde tasarrufta bulunma, paray\u0131 kullanma veya paran\u0131n de\u011ferinin enflasyon kar\u015f\u0131s\u0131nda erimesini \u00f6nleyici tedbirler alma imk\u00e2n\u0131 bulunmamaktad\u0131r. Bor\u00e7ludan tahsil edilen bedel bu s\u00fcre\u00e7te hen\u00fcz icra m\u00fcd\u00fcrl\u00fc\u011f\u00fcn\u00fcn kontrol\u00fc alt\u0131nda bulunmakta olup bu paran\u0131n enflasyon kar\u015f\u0131s\u0131nda de\u011fer kaybetmesini \u00f6nleyebilecek olan da icra dairesi olup, tahsil edilen paran\u0131n al\u0131m g\u00fcc\u00fcn\u00fc kaybetmesini engellemenin yolu da paran\u0131n nemaland\u0131r\u0131lmas\u0131d\u0131r.<\/p>\n<p>Paran\u0131n kulland\u0131r\u0131lmas\u0131 kar\u015f\u0131l\u0131\u011f\u0131nda elde edilen menfaatler (faiz, ikramiye vs.) onun semeresi olup bunlarda paran\u0131n malikine aittir.<\/p>\n<p>Paran\u0131n bankaya yat\u0131r\u0131lmas\u0131 ile bu para bankaca kullan\u0131ld\u0131\u011f\u0131ndan , banka taraf\u0131ndan paran\u0131n sahibine faiz, ikramiye veya benzeri adlar alt\u0131nda birtak\u0131m \u00f6demeler yap\u0131labilmektedir. Bankaya yat\u0131r\u0131lan paran\u0131n icra iflas dairesinin kontrol\u00fcnde olmas\u0131 ve bu paran\u0131n icra dairesince bankaya yat\u0131r\u0131lmas\u0131, elde edilen gelirlerden yararlanma hakk\u0131n\u0131n paran\u0131n malikine ait oldu\u011fu ger\u00e7e\u011fini de\u011fi\u015ftirmemektedir.<\/p>\n<p>Uzun s\u00fcren yarg\u0131lamalar kar\u015f\u0131s\u0131nda cebri icra organ\u0131n\u0131n tahsil etti\u011fi paray\u0131 basit bir i\u015flemle mevduat hesab\u0131na yat\u0131r\u0131lmas\u0131 ile bor\u00e7lu \u00fczerinde olu\u015fan olumsuz etki azalt\u0131lmaktad\u0131r. Bu durum yani paran\u0131n nemaland\u0131r\u0131lmas\u0131 bor\u00e7lu ve alacakl\u0131n\u0131n menfaatine uygun bir durumdur.<\/p>\n<p>Ancak tehiri icra karar\u0131 i\u00e7in yat\u0131r\u0131lan teminat\u0131n nemaland\u0131r\u0131l\u0131p nemaland\u0131r\u0131lmayaca\u011f\u0131na ili\u015fkin icra memur i\u015flemine kar\u015f\u0131 yap\u0131lan \u015fikayetler \u00fczerine verilen kararlar \u0130\u0130K&#8217;nun 363. maddesi uyar\u0131nca kesin oldu\u011fundan nakdi teminat\u0131n nemaland\u0131r\u0131l\u0131p nemaland\u0131r\u0131lmayaca\u011f\u0131 hususu istikrar kazanamam\u0131\u015ft\u0131r. Ankara, Samsun gibi a\u015fa\u011f\u0131da al\u0131nt\u0131s\u0131n\u0131 yapt\u0131\u011f\u0131m\u0131z mahkeme kararlar\u0131 uyar\u0131nca teminat\u0131n nemaland\u0131r\u0131laca\u011f\u0131 y\u00f6n\u00fcnde kararlar verilmekte iken \u0130stanbul da ekseriyet teminat\u0131n nemaland\u0131r\u0131lmayaca\u011f\u0131 y\u00f6n\u00fcndedir.<\/p>\n<p>T\u00fcm bu hususlar neticesinde her ne kadar \u0130\u0130K&#8217;nda a\u00e7\u0131k\u00e7a nakit teminat\u0131n nemaland\u0131r\u0131lmas\u0131na dair h\u00fck\u00fcm bulunmasa da teminat\u0131n nemaland\u0131r\u0131lmas\u0131n\u0131 engelleyici yasal d\u00fczenleme de bulunmad\u0131\u011f\u0131, s\u00f6z konusu paran\u0131n nemaland\u0131r\u0131lmas\u0131n\u0131n bor\u00e7lu ve alacakl\u0131n\u0131n menfaatine uygun olaca\u011f\u0131 nazara al\u0131nd\u0131\u011f\u0131nda mahkemece \u015fikayetin kabul\u00fcne karar verilmesi gerekirken \u015fikayetin reddine karar verilmesi isabetli bulunmam\u0131\u015ft\u0131r. (Samsun BAM 4.Hukuk Dairesi 2024\/2540E. 2025\/237K.)<\/p>\n<p>Anayasa Mahkemesi sonu\u00e7 olarak cebri icra organlar\u0131n\u0131n tahsil etti\u011fi paray\u0131 bir mevduat hesab\u0131na yat\u0131r\u0131lmas\u0131 bi\u00e7iminde alaca\u011f\u0131 basit bir tedbirle icra s\u00fcrecinin h\u0131zl\u0131 i\u015flememesinin bor\u00e7lu \u00fczerinde olu\u015fturdu\u011fu olumsuz etkileri asgari seviyeye indirememesinin m\u00fclkiyet hakk\u0131n\u0131n devlete y\u00fckledi\u011fi koruma pozitif y\u00fck\u00fcml\u00fcl\u00fc\u011f\u00fcn\u00fcn ihlali sonucunu do\u011furdu\u011funu kabul etmi\u015f olup, bor\u00e7lu taraf\u0131ndan icra dosyas\u0131na yat\u0131r\u0131lan nakit ve teminat\u0131n nemaland\u0131r\u0131lamayaca\u011f\u0131 y\u00f6n\u00fcnde aksi bir d\u00fczenlemenin de bulunmad\u0131\u011f\u0131, s\u00f6z konusu paran\u0131n nemaland\u0131r\u0131lmas\u0131n\u0131n bor\u00e7lu ve alacakl\u0131n\u0131n menfaatine uygun olaca\u011f\u0131 anla\u015f\u0131lmakla (Ankara BAM 18.Hukuk Dairesi 2023\/1526E. 2024\/2229K.)<\/p>\n<p>Tehiri icra karar\u0131n\u0131n nemaland\u0131r\u0131lmas\u0131na ili\u015fkin mahkemelerce farkl\u0131 kararlar verilmesi ve teminat\u0131n nemaland\u0131r\u0131lmas\u0131 talebinin reddine ili\u015fkin memur i\u015fleminin iptaline kar\u015f\u0131 istinaf veya temyiz yoluna ba\u015fvuru imkan\u0131n\u0131n olmamas\u0131 adil yarg\u0131lanma hakk\u0131n\u0131 da ihlal etmektedir. <\/p>\n<p>Somut olayda, temyizen incelenmesi istenen karar, mehil belgesi d\u00fczenlenmesi amac\u0131yla \u0130\u0130K&#8217;n\u0131n 36. maddesi uyar\u0131nca depo edilen nakit teminat\u0131n nemaland\u0131r\u0131lmas\u0131 talebinin reddine dair memur i\u015fleminin iptali talebine ili\u015fkin olup, an\u0131lan karar\u0131n temyiz kabiliyeti bulunmamaktad\u0131r. (Yarg\u0131tay 12. Hukuk Dairesi 2023\/4673E. 2023\/4509K.)<\/p>\n<p>Ba\u015fvuru; \u0130\u0130K&#8217;nun 36. maddesi kapsam\u0131nda icran\u0131n geri b\u0131rak\u0131lmas\u0131 i\u00e7in sunulan nakit teminat\u0131n nemaland\u0131r\u0131lmas\u0131 talebinin reddine dair 25\/03\/2021 tarihli icra memur i\u015flemini \u015fikayete ili\u015fkindir.\u0130cra Mahkemesi kararlar\u0131ndan hangileri i\u00e7in istinaf yoluna ba\u015fvurulabilece\u011fi \u00f6zel h\u00fck\u00fcmlerle ve genel olarak da \u0130\u0130K&#8217;n\u0131n 363. maddesinde d\u00fczenlenmi\u015ftir. Bunlar\u0131n d\u0131\u015f\u0131nda kalan icra mahkemesi kararlar\u0131 kesindir. Somut olayda, b\u00f6lge adliye mahkemesince incelenmesi istenilen karar\u0131n \u0130\u0130K.n\u0131n 363 maddesinde belirtilen istinaf yoluna ba\u015fvurulabilecek kararlardan olmad\u0131\u011f\u0131 kesin nitelikte bulundu\u011fu g\u00f6r\u00fclmekle \u0130\u0130K&#8217;n\u0131n 365\/3 maddesi gere\u011fince istinaf ba\u015fvuru dilek\u00e7esinin reddine kesin olmak \u00fczere karar vermek gerekmi\u015ftir. (Ankara B\u00f6lge Adliye Mahkemesi 18. Hukuk Dairesi 2021\/2012E. 2023\/623K. )\u00a0Hukuki Haber<\/p>\n<p>Haberin Al\u0131nt\u0131land\u0131\u011f\u0131 Kaynak: www.hukukihaber.net<\/p>","protected":false},"excerpt":{"rendered":"<p>Bor\u00e7ludan tehiri icra karar\u0131 i\u00e7in tahsil edilen bedelin alacakl\u0131ya \u00f6dendi\u011fi ana kadar bor\u00e7lunun veya alacakl\u0131n\u0131n para \u00fczerinde tasarrufta bulunma, paray\u0131 kullanma veya paran\u0131n de\u011ferinin enflasyon kar\u015f\u0131s\u0131nda erimesini \u00f6nleyici tedbirler alma imk\u00e2n\u0131 bulunmamaktad\u0131r. Bor\u00e7ludan tahsil edilen bedel bu s\u00fcre\u00e7te hen\u00fcz icra m\u00fcd\u00fcrl\u00fc\u011f\u00fcn\u00fcn kontrol\u00fc alt\u0131nda bulunmakta olup bu paran\u0131n enflasyon kar\u015f\u0131s\u0131nda de\u011fer kaybetmesini \u00f6nleyebilecek olan da icra dairesi olup, tahsil edilen paran\u0131n al\u0131m g\u00fcc\u00fcn\u00fc kaybetmesini engellemenin yolu da paran\u0131n nemaland\u0131r\u0131lmas\u0131d\u0131r. Paran\u0131n kulland\u0131r\u0131lmas\u0131 kar\u015f\u0131l\u0131\u011f\u0131nda elde edilen menfaatler (faiz, ikramiye vs.) onun semeresi olup bunlarda paran\u0131n malikine aittir. Paran\u0131n bankaya yat\u0131r\u0131lmas\u0131 ile bu para bankaca kullan\u0131ld\u0131\u011f\u0131ndan , banka taraf\u0131ndan paran\u0131n sahibine faiz, ikramiye veya benzeri adlar alt\u0131nda birtak\u0131m \u00f6demeler yap\u0131labilmektedir. Bankaya yat\u0131r\u0131lan paran\u0131n icra iflas dairesinin kontrol\u00fcnde olmas\u0131 ve bu paran\u0131n icra dairesince bankaya yat\u0131r\u0131lmas\u0131, elde edilen gelirlerden yararlanma hakk\u0131n\u0131n paran\u0131n malikine ait oldu\u011fu ger\u00e7e\u011fini de\u011fi\u015ftirmemektedir. Uzun s\u00fcren yarg\u0131lamalar kar\u015f\u0131s\u0131nda cebri icra organ\u0131n\u0131n tahsil etti\u011fi paray\u0131 basit bir i\u015flemle mevduat hesab\u0131na yat\u0131r\u0131lmas\u0131 ile bor\u00e7lu \u00fczerinde olu\u015fan olumsuz etki azalt\u0131lmaktad\u0131r. Bu durum yani paran\u0131n nemaland\u0131r\u0131lmas\u0131 bor\u00e7lu ve alacakl\u0131n\u0131n menfaatine uygun bir durumdur. Ancak tehiri icra karar\u0131 i\u00e7in yat\u0131r\u0131lan teminat\u0131n nemaland\u0131r\u0131l\u0131p nemaland\u0131r\u0131lmayaca\u011f\u0131na ili\u015fkin icra memur i\u015flemine kar\u015f\u0131 yap\u0131lan \u015fikayetler \u00fczerine verilen kararlar \u0130\u0130K&#8217;nun 363. maddesi uyar\u0131nca kesin oldu\u011fundan nakdi teminat\u0131n nemaland\u0131r\u0131l\u0131p nemaland\u0131r\u0131lmayaca\u011f\u0131 hususu istikrar kazanamam\u0131\u015ft\u0131r. Ankara, &hellip;<\/p>","protected":false},"author":3,"featured_media":0,"comment_status":"","ping_status":"open","sticky":false,"template":"","format":"standard","meta":{"_acf_changed":false,"footnotes":""},"categories":[27],"tags":[],"class_list":["post-90981","post","type-post","status-publish","format-standard","has-post-thumbnail","hentry","category-hukukihaber"],"acf":[],"yoast_head":"<!-- This site is optimized with the Yoast SEO Premium plugin v26.6 (Yoast SEO v27.1.1) - https:\/\/yoast.com\/product\/yoast-seo-premium-wordpress\/ -->\n<title>TEH\u0130R\u0130 \u0130CRA KARARI \u0130\u00c7\u0130N YATIRILAN TEM\u0130NATIN NEMALANDIRILMASI - Av. Deniz Can K\u0131z\u0131l<\/title>\n<meta name=\"robots\" content=\"index, follow, max-snippet:-1, max-image-preview:large, max-video-preview:-1\" \/>\n<link rel=\"canonical\" href=\"http:\/\/denizcankizil.tr\/en\/hukukihaber\/tehiri-icra-karari-icin-yatirilan-teminatin-nemalandirilmasi\/\" \/>\n<meta property=\"og:locale\" content=\"en_GB\" \/>\n<meta property=\"og:type\" content=\"article\" \/>\n<meta property=\"og:title\" content=\"TEH\u0130R\u0130 \u0130CRA KARARI \u0130\u00c7\u0130N YATIRILAN TEM\u0130NATIN NEMALANDIRILMASI\" \/>\n<meta property=\"og:description\" content=\"Bor\u00e7ludan tehiri icra karar\u0131 i\u00e7in tahsil edilen bedelin alacakl\u0131ya \u00f6dendi\u011fi ana kadar bor\u00e7lunun veya alacakl\u0131n\u0131n para \u00fczerinde tasarrufta bulunma, paray\u0131 kullanma veya paran\u0131n de\u011ferinin enflasyon kar\u015f\u0131s\u0131nda erimesini \u00f6nleyici tedbirler alma imk\u00e2n\u0131 bulunmamaktad\u0131r. Bor\u00e7ludan tahsil edilen bedel bu s\u00fcre\u00e7te hen\u00fcz icra m\u00fcd\u00fcrl\u00fc\u011f\u00fcn\u00fcn kontrol\u00fc alt\u0131nda bulunmakta olup bu paran\u0131n enflasyon kar\u015f\u0131s\u0131nda de\u011fer kaybetmesini \u00f6nleyebilecek olan da icra dairesi olup, tahsil edilen paran\u0131n al\u0131m g\u00fcc\u00fcn\u00fc kaybetmesini engellemenin yolu da paran\u0131n nemaland\u0131r\u0131lmas\u0131d\u0131r. Paran\u0131n kulland\u0131r\u0131lmas\u0131 kar\u015f\u0131l\u0131\u011f\u0131nda elde edilen menfaatler (faiz, ikramiye vs.) onun semeresi olup bunlarda paran\u0131n malikine aittir. Paran\u0131n bankaya yat\u0131r\u0131lmas\u0131 ile bu para bankaca kullan\u0131ld\u0131\u011f\u0131ndan , banka taraf\u0131ndan paran\u0131n sahibine faiz, ikramiye veya benzeri adlar alt\u0131nda birtak\u0131m \u00f6demeler yap\u0131labilmektedir. Bankaya yat\u0131r\u0131lan paran\u0131n icra iflas dairesinin kontrol\u00fcnde olmas\u0131 ve bu paran\u0131n icra dairesince bankaya yat\u0131r\u0131lmas\u0131, elde edilen gelirlerden yararlanma hakk\u0131n\u0131n paran\u0131n malikine ait oldu\u011fu ger\u00e7e\u011fini de\u011fi\u015ftirmemektedir. Uzun s\u00fcren yarg\u0131lamalar kar\u015f\u0131s\u0131nda cebri icra organ\u0131n\u0131n tahsil etti\u011fi paray\u0131 basit bir i\u015flemle mevduat hesab\u0131na yat\u0131r\u0131lmas\u0131 ile bor\u00e7lu \u00fczerinde olu\u015fan olumsuz etki azalt\u0131lmaktad\u0131r. Bu durum yani paran\u0131n nemaland\u0131r\u0131lmas\u0131 bor\u00e7lu ve alacakl\u0131n\u0131n menfaatine uygun bir durumdur. Ancak tehiri icra karar\u0131 i\u00e7in yat\u0131r\u0131lan teminat\u0131n nemaland\u0131r\u0131l\u0131p nemaland\u0131r\u0131lmayaca\u011f\u0131na ili\u015fkin icra memur i\u015flemine kar\u015f\u0131 yap\u0131lan \u015fikayetler \u00fczerine verilen kararlar \u0130\u0130K&#8217;nun 363. maddesi uyar\u0131nca kesin oldu\u011fundan nakdi teminat\u0131n nemaland\u0131r\u0131l\u0131p nemaland\u0131r\u0131lmayaca\u011f\u0131 hususu istikrar kazanamam\u0131\u015ft\u0131r. Ankara, &hellip;\" \/>\n<meta property=\"og:url\" content=\"http:\/\/denizcankizil.tr\/en\/hukukihaber\/tehiri-icra-karari-icin-yatirilan-teminatin-nemalandirilmasi\/\" \/>\n<meta property=\"og:site_name\" content=\"Av. Deniz Can K\u0131z\u0131l\" \/>\n<meta property=\"article:published_time\" content=\"2025-05-15T21:00:00+00:00\" \/>\n<meta name=\"author\" content=\"Hukuki Haber.net\" \/>\n<meta name=\"twitter:card\" content=\"summary_large_image\" \/>\n<meta name=\"twitter:label1\" content=\"Written by\" \/>\n\t<meta name=\"twitter:data1\" content=\"Hukuki Haber.net\" \/>\n\t<meta name=\"twitter:label2\" content=\"Estimated reading time\" \/>\n\t<meta name=\"twitter:data2\" content=\"8 minutes\" \/>\n<script type=\"application\/ld+json\" class=\"yoast-schema-graph\">{\"@context\":\"https:\/\/schema.org\",\"@graph\":[{\"@type\":\"Article\",\"@id\":\"http:\/\/denizcankizil.tr\/en\/hukukihaber\/tehiri-icra-karari-icin-yatirilan-teminatin-nemalandirilmasi\/#article\",\"isPartOf\":{\"@id\":\"http:\/\/denizcankizil.tr\/en\/hukukihaber\/tehiri-icra-karari-icin-yatirilan-teminatin-nemalandirilmasi\/\"},\"author\":{\"name\":\"Hukuki Haber.net\",\"@id\":\"https:\/\/denizcankizil.tr\/#\/schema\/person\/001a271de994a0aa3f90eea084424822\"},\"headline\":\"TEH\u0130R\u0130 \u0130CRA KARARI \u0130\u00c7\u0130N YATIRILAN TEM\u0130NATIN NEMALANDIRILMASI\",\"datePublished\":\"2025-05-15T21:00:00+00:00\",\"mainEntityOfPage\":{\"@id\":\"http:\/\/denizcankizil.tr\/en\/hukukihaber\/tehiri-icra-karari-icin-yatirilan-teminatin-nemalandirilmasi\/\"},\"wordCount\":1569,\"publisher\":{\"@id\":\"https:\/\/denizcankizil.tr\/#organization\"},\"articleSection\":[\"Hukuki Haberler\"],\"inLanguage\":\"en-GB\"},{\"@type\":\"WebPage\",\"@id\":\"http:\/\/denizcankizil.tr\/en\/hukukihaber\/tehiri-icra-karari-icin-yatirilan-teminatin-nemalandirilmasi\/\",\"url\":\"http:\/\/denizcankizil.tr\/en\/hukukihaber\/tehiri-icra-karari-icin-yatirilan-teminatin-nemalandirilmasi\/\",\"name\":\"TEH\u0130R\u0130 \u0130CRA KARARI \u0130\u00c7\u0130N YATIRILAN TEM\u0130NATIN NEMALANDIRILMASI - Av. Deniz Can K\u0131z\u0131l\",\"isPartOf\":{\"@id\":\"https:\/\/denizcankizil.tr\/#website\"},\"datePublished\":\"2025-05-15T21:00:00+00:00\",\"breadcrumb\":{\"@id\":\"http:\/\/denizcankizil.tr\/en\/hukukihaber\/tehiri-icra-karari-icin-yatirilan-teminatin-nemalandirilmasi\/#breadcrumb\"},\"inLanguage\":\"en-GB\",\"potentialAction\":[{\"@type\":\"ReadAction\",\"target\":[\"http:\/\/denizcankizil.tr\/en\/hukukihaber\/tehiri-icra-karari-icin-yatirilan-teminatin-nemalandirilmasi\/\"]}]},{\"@type\":\"BreadcrumbList\",\"@id\":\"http:\/\/denizcankizil.tr\/en\/hukukihaber\/tehiri-icra-karari-icin-yatirilan-teminatin-nemalandirilmasi\/#breadcrumb\",\"itemListElement\":[{\"@type\":\"ListItem\",\"position\":1,\"name\":\"Home\",\"item\":\"https:\/\/denizcankizil.tr\/de\/\"},{\"@type\":\"ListItem\",\"position\":2,\"name\":\"TEH\u0130R\u0130 \u0130CRA KARARI \u0130\u00c7\u0130N YATIRILAN TEM\u0130NATIN NEMALANDIRILMASI\"}]},{\"@type\":\"WebSite\",\"@id\":\"https:\/\/denizcankizil.tr\/#website\",\"url\":\"https:\/\/denizcankizil.tr\/\",\"name\":\"Av. Deniz Can K\u0131z\u0131l\",\"description\":\"Avukat Deniz Can K\u0131z\u0131l Antalya Barosu\",\"publisher\":{\"@id\":\"https:\/\/denizcankizil.tr\/#organization\"},\"potentialAction\":[{\"@type\":\"SearchAction\",\"target\":{\"@type\":\"EntryPoint\",\"urlTemplate\":\"https:\/\/denizcankizil.tr\/?s={search_term_string}\"},\"query-input\":{\"@type\":\"PropertyValueSpecification\",\"valueRequired\":true,\"valueName\":\"search_term_string\"}}],\"inLanguage\":\"en-GB\"},{\"@type\":\"Organization\",\"@id\":\"https:\/\/denizcankizil.tr\/#organization\",\"name\":\"Av. Deniz Can K\u0131z\u0131l\",\"url\":\"https:\/\/denizcankizil.tr\/\",\"logo\":{\"@type\":\"ImageObject\",\"inLanguage\":\"en-GB\",\"@id\":\"https:\/\/denizcankizil.tr\/#\/schema\/logo\/image\/\",\"url\":\"http:\/\/denizcankizil.tr\/wp-content\/uploads\/2024\/10\/siyah-logo-svg.svg\",\"contentUrl\":\"http:\/\/denizcankizil.tr\/wp-content\/uploads\/2024\/10\/siyah-logo-svg.svg\",\"width\":1080,\"height\":1080,\"caption\":\"Av. Deniz Can K\u0131z\u0131l\"},\"image\":{\"@id\":\"https:\/\/denizcankizil.tr\/#\/schema\/logo\/image\/\"}},{\"@type\":\"Person\",\"@id\":\"https:\/\/denizcankizil.tr\/#\/schema\/person\/001a271de994a0aa3f90eea084424822\",\"name\":\"Hukuki Haber.net\",\"image\":{\"@type\":\"ImageObject\",\"inLanguage\":\"en-GB\",\"@id\":\"https:\/\/denizcankizil.tr\/#\/schema\/person\/image\/\",\"url\":\"https:\/\/secure.gravatar.com\/avatar\/57d8a49151495586611a149d29fc42865b951dc053a84709a3172ccb5abf3118?s=96&d=mm&r=g\",\"contentUrl\":\"https:\/\/secure.gravatar.com\/avatar\/57d8a49151495586611a149d29fc42865b951dc053a84709a3172ccb5abf3118?s=96&d=mm&r=g\",\"caption\":\"Hukuki Haber.net\"},\"sameAs\":[\"http:\/\/www.hukukihaber.net\"],\"url\":\"https:\/\/www.hukukihaber.net\/tehiri-icra-karari-icin-yatirilan-teminatin-nemalandirilmasi\"}]}<\/script>\n<!-- \/ Yoast SEO Premium plugin. -->","yoast_head_json":{"title":"TEH\u0130R\u0130 \u0130CRA KARARI \u0130\u00c7\u0130N YATIRILAN TEM\u0130NATIN NEMALANDIRILMASI - Av. Deniz Can K\u0131z\u0131l","robots":{"index":"index","follow":"follow","max-snippet":"max-snippet:-1","max-image-preview":"max-image-preview:large","max-video-preview":"max-video-preview:-1"},"canonical":"http:\/\/denizcankizil.tr\/en\/hukukihaber\/tehiri-icra-karari-icin-yatirilan-teminatin-nemalandirilmasi\/","og_locale":"en_GB","og_type":"article","og_title":"TEH\u0130R\u0130 \u0130CRA KARARI \u0130\u00c7\u0130N YATIRILAN TEM\u0130NATIN NEMALANDIRILMASI","og_description":"Bor\u00e7ludan tehiri icra karar\u0131 i\u00e7in tahsil edilen bedelin alacakl\u0131ya \u00f6dendi\u011fi ana kadar bor\u00e7lunun veya alacakl\u0131n\u0131n para \u00fczerinde tasarrufta bulunma, paray\u0131 kullanma veya paran\u0131n de\u011ferinin enflasyon kar\u015f\u0131s\u0131nda erimesini \u00f6nleyici tedbirler alma imk\u00e2n\u0131 bulunmamaktad\u0131r. Bor\u00e7ludan tahsil edilen bedel bu s\u00fcre\u00e7te hen\u00fcz icra m\u00fcd\u00fcrl\u00fc\u011f\u00fcn\u00fcn kontrol\u00fc alt\u0131nda bulunmakta olup bu paran\u0131n enflasyon kar\u015f\u0131s\u0131nda de\u011fer kaybetmesini \u00f6nleyebilecek olan da icra dairesi olup, tahsil edilen paran\u0131n al\u0131m g\u00fcc\u00fcn\u00fc kaybetmesini engellemenin yolu da paran\u0131n nemaland\u0131r\u0131lmas\u0131d\u0131r. Paran\u0131n kulland\u0131r\u0131lmas\u0131 kar\u015f\u0131l\u0131\u011f\u0131nda elde edilen menfaatler (faiz, ikramiye vs.) onun semeresi olup bunlarda paran\u0131n malikine aittir. Paran\u0131n bankaya yat\u0131r\u0131lmas\u0131 ile bu para bankaca kullan\u0131ld\u0131\u011f\u0131ndan , banka taraf\u0131ndan paran\u0131n sahibine faiz, ikramiye veya benzeri adlar alt\u0131nda birtak\u0131m \u00f6demeler yap\u0131labilmektedir. Bankaya yat\u0131r\u0131lan paran\u0131n icra iflas dairesinin kontrol\u00fcnde olmas\u0131 ve bu paran\u0131n icra dairesince bankaya yat\u0131r\u0131lmas\u0131, elde edilen gelirlerden yararlanma hakk\u0131n\u0131n paran\u0131n malikine ait oldu\u011fu ger\u00e7e\u011fini de\u011fi\u015ftirmemektedir. Uzun s\u00fcren yarg\u0131lamalar kar\u015f\u0131s\u0131nda cebri icra organ\u0131n\u0131n tahsil etti\u011fi paray\u0131 basit bir i\u015flemle mevduat hesab\u0131na yat\u0131r\u0131lmas\u0131 ile bor\u00e7lu \u00fczerinde olu\u015fan olumsuz etki azalt\u0131lmaktad\u0131r. Bu durum yani paran\u0131n nemaland\u0131r\u0131lmas\u0131 bor\u00e7lu ve alacakl\u0131n\u0131n menfaatine uygun bir durumdur. Ancak tehiri icra karar\u0131 i\u00e7in yat\u0131r\u0131lan teminat\u0131n nemaland\u0131r\u0131l\u0131p nemaland\u0131r\u0131lmayaca\u011f\u0131na ili\u015fkin icra memur i\u015flemine kar\u015f\u0131 yap\u0131lan \u015fikayetler \u00fczerine verilen kararlar \u0130\u0130K&#8217;nun 363. maddesi uyar\u0131nca kesin oldu\u011fundan nakdi teminat\u0131n nemaland\u0131r\u0131l\u0131p nemaland\u0131r\u0131lmayaca\u011f\u0131 hususu istikrar kazanamam\u0131\u015ft\u0131r. Ankara, &hellip;","og_url":"http:\/\/denizcankizil.tr\/en\/hukukihaber\/tehiri-icra-karari-icin-yatirilan-teminatin-nemalandirilmasi\/","og_site_name":"Av. Deniz Can K\u0131z\u0131l","article_published_time":"2025-05-15T21:00:00+00:00","author":"Hukuki Haber.net","twitter_card":"summary_large_image","twitter_misc":{"Written by":"Hukuki Haber.net","Estimated reading time":"8 minutes"},"schema":{"@context":"https:\/\/schema.org","@graph":[{"@type":"Article","@id":"http:\/\/denizcankizil.tr\/en\/hukukihaber\/tehiri-icra-karari-icin-yatirilan-teminatin-nemalandirilmasi\/#article","isPartOf":{"@id":"http:\/\/denizcankizil.tr\/en\/hukukihaber\/tehiri-icra-karari-icin-yatirilan-teminatin-nemalandirilmasi\/"},"author":{"name":"Hukuki Haber.net","@id":"https:\/\/denizcankizil.tr\/#\/schema\/person\/001a271de994a0aa3f90eea084424822"},"headline":"TEH\u0130R\u0130 \u0130CRA KARARI \u0130\u00c7\u0130N YATIRILAN TEM\u0130NATIN NEMALANDIRILMASI","datePublished":"2025-05-15T21:00:00+00:00","mainEntityOfPage":{"@id":"http:\/\/denizcankizil.tr\/en\/hukukihaber\/tehiri-icra-karari-icin-yatirilan-teminatin-nemalandirilmasi\/"},"wordCount":1569,"publisher":{"@id":"https:\/\/denizcankizil.tr\/#organization"},"articleSection":["Hukuki Haberler"],"inLanguage":"en-GB"},{"@type":"WebPage","@id":"http:\/\/denizcankizil.tr\/en\/hukukihaber\/tehiri-icra-karari-icin-yatirilan-teminatin-nemalandirilmasi\/","url":"http:\/\/denizcankizil.tr\/en\/hukukihaber\/tehiri-icra-karari-icin-yatirilan-teminatin-nemalandirilmasi\/","name":"TEH\u0130R\u0130 \u0130CRA KARARI \u0130\u00c7\u0130N YATIRILAN TEM\u0130NATIN NEMALANDIRILMASI - Av. Deniz Can K\u0131z\u0131l","isPartOf":{"@id":"https:\/\/denizcankizil.tr\/#website"},"datePublished":"2025-05-15T21:00:00+00:00","breadcrumb":{"@id":"http:\/\/denizcankizil.tr\/en\/hukukihaber\/tehiri-icra-karari-icin-yatirilan-teminatin-nemalandirilmasi\/#breadcrumb"},"inLanguage":"en-GB","potentialAction":[{"@type":"ReadAction","target":["http:\/\/denizcankizil.tr\/en\/hukukihaber\/tehiri-icra-karari-icin-yatirilan-teminatin-nemalandirilmasi\/"]}]},{"@type":"BreadcrumbList","@id":"http:\/\/denizcankizil.tr\/en\/hukukihaber\/tehiri-icra-karari-icin-yatirilan-teminatin-nemalandirilmasi\/#breadcrumb","itemListElement":[{"@type":"ListItem","position":1,"name":"Home","item":"https:\/\/denizcankizil.tr\/de\/"},{"@type":"ListItem","position":2,"name":"TEH\u0130R\u0130 \u0130CRA KARARI \u0130\u00c7\u0130N YATIRILAN TEM\u0130NATIN NEMALANDIRILMASI"}]},{"@type":"WebSite","@id":"https:\/\/denizcankizil.tr\/#website","url":"https:\/\/denizcankizil.tr\/","name":"Av. Deniz Can K\u0131z\u0131l","description":"Avukat Deniz Can K\u0131z\u0131l Antalya Barosu","publisher":{"@id":"https:\/\/denizcankizil.tr\/#organization"},"potentialAction":[{"@type":"SearchAction","target":{"@type":"EntryPoint","urlTemplate":"https:\/\/denizcankizil.tr\/?s={search_term_string}"},"query-input":{"@type":"PropertyValueSpecification","valueRequired":true,"valueName":"search_term_string"}}],"inLanguage":"en-GB"},{"@type":"Organization","@id":"https:\/\/denizcankizil.tr\/#organization","name":"Av. Deniz Can K\u0131z\u0131l","url":"https:\/\/denizcankizil.tr\/","logo":{"@type":"ImageObject","inLanguage":"en-GB","@id":"https:\/\/denizcankizil.tr\/#\/schema\/logo\/image\/","url":"http:\/\/denizcankizil.tr\/wp-content\/uploads\/2024\/10\/siyah-logo-svg.svg","contentUrl":"http:\/\/denizcankizil.tr\/wp-content\/uploads\/2024\/10\/siyah-logo-svg.svg","width":1080,"height":1080,"caption":"Av. Deniz Can K\u0131z\u0131l"},"image":{"@id":"https:\/\/denizcankizil.tr\/#\/schema\/logo\/image\/"}},{"@type":"Person","@id":"https:\/\/denizcankizil.tr\/#\/schema\/person\/001a271de994a0aa3f90eea084424822","name":"Hukuki Haber.net","image":{"@type":"ImageObject","inLanguage":"en-GB","@id":"https:\/\/denizcankizil.tr\/#\/schema\/person\/image\/","url":"https:\/\/secure.gravatar.com\/avatar\/57d8a49151495586611a149d29fc42865b951dc053a84709a3172ccb5abf3118?s=96&d=mm&r=g","contentUrl":"https:\/\/secure.gravatar.com\/avatar\/57d8a49151495586611a149d29fc42865b951dc053a84709a3172ccb5abf3118?s=96&d=mm&r=g","caption":"Hukuki Haber.net"},"sameAs":["http:\/\/www.hukukihaber.net"],"url":"https:\/\/www.hukukihaber.net\/tehiri-icra-karari-icin-yatirilan-teminatin-nemalandirilmasi"}]}},"_links":{"self":[{"href":"http:\/\/denizcankizil.tr\/en\/wp-json\/wp\/v2\/posts\/90981","targetHints":{"allow":["GET"]}}],"collection":[{"href":"http:\/\/denizcankizil.tr\/en\/wp-json\/wp\/v2\/posts"}],"about":[{"href":"http:\/\/denizcankizil.tr\/en\/wp-json\/wp\/v2\/types\/post"}],"author":[{"embeddable":true,"href":"http:\/\/denizcankizil.tr\/en\/wp-json\/wp\/v2\/users\/3"}],"replies":[{"embeddable":true,"href":"http:\/\/denizcankizil.tr\/en\/wp-json\/wp\/v2\/comments?post=90981"}],"version-history":[{"count":0,"href":"http:\/\/denizcankizil.tr\/en\/wp-json\/wp\/v2\/posts\/90981\/revisions"}],"wp:attachment":[{"href":"http:\/\/denizcankizil.tr\/en\/wp-json\/wp\/v2\/media?parent=90981"}],"wp:term":[{"taxonomy":"category","embeddable":true,"href":"http:\/\/denizcankizil.tr\/en\/wp-json\/wp\/v2\/categories?post=90981"},{"taxonomy":"post_tag","embeddable":true,"href":"http:\/\/denizcankizil.tr\/en\/wp-json\/wp\/v2\/tags?post=90981"}],"curies":[{"name":"wp","href":"https:\/\/api.w.org\/{rel}","templated":true}]}}