{"id":90912,"date":"2025-05-18T22:42:08","date_gmt":"2025-05-18T19:42:08","guid":{"rendered":"https:\/\/denizcankizil.tr\/uncategorized-tr\/efes-selcukta-talepler-cevapsiz-kalmiyor-selbimden-hizli-ve-etkili-cozum\/"},"modified":"2025-05-18T22:42:08","modified_gmt":"2025-05-18T19:42:08","slug":"efes-selcukta-talepler-cevapsiz-kalmiyor-selbimden-hizli-ve-etkili-cozum","status":"publish","type":"post","link":"http:\/\/denizcankizil.tr\/en\/haberler\/gundem\/efes-selcukta-talepler-cevapsiz-kalmiyor-selbimden-hizli-ve-etkili-cozum\/","title":{"rendered":"Efes Sel\u00e7uk\u2019ta Talepler Cevaps\u0131z Kalm\u0131yor: SELB\u0130M\u2019den H\u0131zl\u0131 ve Etkili \u00c7\u00f6z\u00fcm"},"content":{"rendered":"<p>Efes Sel\u00e7uklu vatanda\u015flar\u0131n \u00f6neri, istek ve \u015fik\u00e2yetlerini iletebilmeleri i\u00e7in hizmet veren SELB\u0130M (Sel\u00e7uk Belediyesi \u0130leti\u015fim Merkezi) \u00e7al\u0131\u015fmalar\u0131n\u0131 aral\u0131ks\u0131z s\u00fcrd\u00fcr\u00fcyor.\u00a0<\/p>\n<p>\u200bEfes Sel\u00e7uklu vatanda\u015flar\u0131n \u00f6neri, istek ve \u015fik\u00e2yetlerini iletebilmeleri i\u00e7in hizmet veren SELB\u0130M (Sel\u00e7uk Belediyesi \u0130leti\u015fim Merkezi) \u00e7al\u0131\u015fmalar\u0131n\u0131 aral\u0131ks\u0131z s\u00fcrd\u00fcr\u00fcyor.\u00a0\u00a0<\/p>\n<p>\u200bHaberin Al\u0131nt\u0131land\u0131\u011f\u0131 Kaynak: www.iskenderun.org<\/p>","protected":false},"excerpt":{"rendered":"<p>Efes Sel\u00e7uklu vatanda\u015flar\u0131n \u00f6neri, istek ve \u015fik\u00e2yetlerini iletebilmeleri i\u00e7in hizmet veren SELB\u0130M (Sel\u00e7uk Belediyesi \u0130leti\u015fim Merkezi) \u00e7al\u0131\u015fmalar\u0131n\u0131 aral\u0131ks\u0131z s\u00fcrd\u00fcr\u00fcyor.\u00a0 \u200bEfes Sel\u00e7uklu vatanda\u015flar\u0131n \u00f6neri, istek ve \u015fik\u00e2yetlerini iletebilmeleri i\u00e7in hizmet veren SELB\u0130M (Sel\u00e7uk Belediyesi \u0130leti\u015fim Merkezi) \u00e7al\u0131\u015fmalar\u0131n\u0131 aral\u0131ks\u0131z s\u00fcrd\u00fcr\u00fcyor.\u00a0\u00a0 \u200bHaberin Al\u0131nt\u0131land\u0131\u011f\u0131 Kaynak: www.iskenderun.org<\/p>","protected":false},"author":1,"featured_media":0,"comment_status":"","ping_status":"open","sticky":false,"template":"","format":"standard","meta":{"_acf_changed":false,"footnotes":""},"categories":[24],"tags":[],"class_list":["post-90912","post","type-post","status-publish","format-standard","has-post-thumbnail","hentry","category-gundem"],"acf":[],"yoast_head":"<!-- This site is optimized with the Yoast SEO Premium plugin v26.6 (Yoast SEO v27.1.1) - https:\/\/yoast.com\/product\/yoast-seo-premium-wordpress\/ -->\n<title>Efes Sel\u00e7uk\u2019ta Talepler Cevaps\u0131z Kalm\u0131yor: SELB\u0130M\u2019den H\u0131zl\u0131 ve Etkili \u00c7\u00f6z\u00fcm - Av. Deniz Can K\u0131z\u0131l<\/title>\n<meta name=\"robots\" content=\"index, follow, max-snippet:-1, max-image-preview:large, max-video-preview:-1\" \/>\n<link rel=\"canonical\" href=\"http:\/\/denizcankizil.tr\/en\/haberler\/gundem\/efes-selcukta-talepler-cevapsiz-kalmiyor-selbimden-hizli-ve-etkili-cozum\/\" \/>\n<meta property=\"og:locale\" content=\"en_GB\" \/>\n<meta property=\"og:type\" content=\"article\" \/>\n<meta property=\"og:title\" content=\"Efes Sel\u00e7uk\u2019ta Talepler Cevaps\u0131z Kalm\u0131yor: SELB\u0130M\u2019den H\u0131zl\u0131 ve Etkili \u00c7\u00f6z\u00fcm\" \/>\n<meta property=\"og:description\" content=\"Efes Sel\u00e7uklu vatanda\u015flar\u0131n \u00f6neri, istek ve \u015fik\u00e2yetlerini iletebilmeleri i\u00e7in hizmet veren SELB\u0130M (Sel\u00e7uk Belediyesi \u0130leti\u015fim Merkezi) \u00e7al\u0131\u015fmalar\u0131n\u0131 aral\u0131ks\u0131z s\u00fcrd\u00fcr\u00fcyor.\u00a0 \u200bEfes Sel\u00e7uklu vatanda\u015flar\u0131n \u00f6neri, istek ve \u015fik\u00e2yetlerini iletebilmeleri i\u00e7in hizmet veren SELB\u0130M (Sel\u00e7uk Belediyesi \u0130leti\u015fim Merkezi) \u00e7al\u0131\u015fmalar\u0131n\u0131 aral\u0131ks\u0131z s\u00fcrd\u00fcr\u00fcyor.\u00a0\u00a0 \u200bHaberin Al\u0131nt\u0131land\u0131\u011f\u0131 Kaynak: www.iskenderun.org\" \/>\n<meta property=\"og:url\" content=\"http:\/\/denizcankizil.tr\/en\/haberler\/gundem\/efes-selcukta-talepler-cevapsiz-kalmiyor-selbimden-hizli-ve-etkili-cozum\/\" \/>\n<meta property=\"og:site_name\" content=\"Av. Deniz Can K\u0131z\u0131l\" \/>\n<meta property=\"article:published_time\" content=\"2025-05-18T19:42:08+00:00\" \/>\n<meta name=\"author\" content=\"admin\" \/>\n<meta name=\"twitter:card\" content=\"summary_large_image\" \/>\n<meta name=\"twitter:label1\" content=\"Written by\" \/>\n\t<meta name=\"twitter:data1\" content=\"admin\" \/>\n<script type=\"application\/ld+json\" class=\"yoast-schema-graph\">{\"@context\":\"https:\/\/schema.org\",\"@graph\":[{\"@type\":\"Article\",\"@id\":\"http:\/\/denizcankizil.tr\/ru\/haberler\/gundem\/efes-selcukta-talepler-cevapsiz-kalmiyor-selbimden-hizli-ve-etkili-cozum\/#article\",\"isPartOf\":{\"@id\":\"http:\/\/denizcankizil.tr\/ru\/haberler\/gundem\/efes-selcukta-talepler-cevapsiz-kalmiyor-selbimden-hizli-ve-etkili-cozum\/\"},\"author\":{\"name\":\"admin\",\"@id\":\"https:\/\/denizcankizil.tr\/de\/#\/schema\/person\/be3c05fe6a12686905512445d8185489\"},\"headline\":\"Efes Sel\u00e7uk\u2019ta Talepler Cevaps\u0131z Kalm\u0131yor: SELB\u0130M\u2019den H\u0131zl\u0131 ve Etkili \u00c7\u00f6z\u00fcm\",\"datePublished\":\"2025-05-18T19:42:08+00:00\",\"mainEntityOfPage\":{\"@id\":\"http:\/\/denizcankizil.tr\/ru\/haberler\/gundem\/efes-selcukta-talepler-cevapsiz-kalmiyor-selbimden-hizli-ve-etkili-cozum\/\"},\"wordCount\":94,\"publisher\":{\"@id\":\"https:\/\/denizcankizil.tr\/de\/#organization\"},\"articleSection\":[\"G\u00fcndem\"],\"inLanguage\":\"en-GB\"},{\"@type\":\"WebPage\",\"@id\":\"http:\/\/denizcankizil.tr\/ru\/haberler\/gundem\/efes-selcukta-talepler-cevapsiz-kalmiyor-selbimden-hizli-ve-etkili-cozum\/\",\"url\":\"http:\/\/denizcankizil.tr\/ru\/haberler\/gundem\/efes-selcukta-talepler-cevapsiz-kalmiyor-selbimden-hizli-ve-etkili-cozum\/\",\"name\":\"Efes Sel\u00e7uk\u2019ta Talepler Cevaps\u0131z Kalm\u0131yor: SELB\u0130M\u2019den H\u0131zl\u0131 ve Etkili \u00c7\u00f6z\u00fcm - Av. Deniz Can K\u0131z\u0131l\",\"isPartOf\":{\"@id\":\"https:\/\/denizcankizil.tr\/de\/#website\"},\"datePublished\":\"2025-05-18T19:42:08+00:00\",\"breadcrumb\":{\"@id\":\"http:\/\/denizcankizil.tr\/ru\/haberler\/gundem\/efes-selcukta-talepler-cevapsiz-kalmiyor-selbimden-hizli-ve-etkili-cozum\/#breadcrumb\"},\"inLanguage\":\"en-GB\",\"potentialAction\":[{\"@type\":\"ReadAction\",\"target\":[\"http:\/\/denizcankizil.tr\/ru\/haberler\/gundem\/efes-selcukta-talepler-cevapsiz-kalmiyor-selbimden-hizli-ve-etkili-cozum\/\"]}]},{\"@type\":\"BreadcrumbList\",\"@id\":\"http:\/\/denizcankizil.tr\/ru\/haberler\/gundem\/efes-selcukta-talepler-cevapsiz-kalmiyor-selbimden-hizli-ve-etkili-cozum\/#breadcrumb\",\"itemListElement\":[{\"@type\":\"ListItem\",\"position\":1,\"name\":\"Home\",\"item\":\"https:\/\/denizcankizil.tr\/de\/\"},{\"@type\":\"ListItem\",\"position\":2,\"name\":\"Efes Sel\u00e7uk\u2019ta Talepler Cevaps\u0131z Kalm\u0131yor: SELB\u0130M\u2019den H\u0131zl\u0131 ve Etkili \u00c7\u00f6z\u00fcm\"}]},{\"@type\":\"WebSite\",\"@id\":\"https:\/\/denizcankizil.tr\/de\/#website\",\"url\":\"https:\/\/denizcankizil.tr\/de\/\",\"name\":\"Av. Deniz Can K\u0131z\u0131l\",\"description\":\"Avukat Deniz Can K\u0131z\u0131l Antalya Barosu\",\"publisher\":{\"@id\":\"https:\/\/denizcankizil.tr\/de\/#organization\"},\"potentialAction\":[{\"@type\":\"SearchAction\",\"target\":{\"@type\":\"EntryPoint\",\"urlTemplate\":\"https:\/\/denizcankizil.tr\/de\/?s={search_term_string}\"},\"query-input\":{\"@type\":\"PropertyValueSpecification\",\"valueRequired\":true,\"valueName\":\"search_term_string\"}}],\"inLanguage\":\"en-GB\"},{\"@type\":\"Organization\",\"@id\":\"https:\/\/denizcankizil.tr\/de\/#organization\",\"name\":\"Av. Deniz Can K\u0131z\u0131l\",\"url\":\"https:\/\/denizcankizil.tr\/de\/\",\"logo\":{\"@type\":\"ImageObject\",\"inLanguage\":\"en-GB\",\"@id\":\"https:\/\/denizcankizil.tr\/de\/#\/schema\/logo\/image\/\",\"url\":\"http:\/\/denizcankizil.tr\/wp-content\/uploads\/2024\/10\/siyah-logo-svg.svg\",\"contentUrl\":\"http:\/\/denizcankizil.tr\/wp-content\/uploads\/2024\/10\/siyah-logo-svg.svg\",\"width\":1080,\"height\":1080,\"caption\":\"Av. Deniz Can K\u0131z\u0131l\"},\"image\":{\"@id\":\"https:\/\/denizcankizil.tr\/de\/#\/schema\/logo\/image\/\"}},{\"@type\":\"Person\",\"@id\":\"https:\/\/denizcankizil.tr\/de\/#\/schema\/person\/be3c05fe6a12686905512445d8185489\",\"name\":\"admin\",\"image\":{\"@type\":\"ImageObject\",\"inLanguage\":\"en-GB\",\"@id\":\"https:\/\/denizcankizil.tr\/de\/#\/schema\/person\/image\/\",\"url\":\"https:\/\/secure.gravatar.com\/avatar\/c1fce94c830dc79107e174f890d7210541c4a63e8e5d816341794a2151c9d58c?s=96&d=mm&r=g\",\"contentUrl\":\"https:\/\/secure.gravatar.com\/avatar\/c1fce94c830dc79107e174f890d7210541c4a63e8e5d816341794a2151c9d58c?s=96&d=mm&r=g\",\"caption\":\"admin\"},\"sameAs\":[\"http:\/\/denizcankizil.tr\"],\"url\":\"https:\/\/www.iskenderun.org\/efes-selcukta-talepler-cevapsiz-kalmiyor-selbimden-hizli-ve-etkili-cozum\"}]}<\/script>\n<!-- \/ Yoast SEO Premium plugin. -->","yoast_head_json":{"title":"Efes Sel\u00e7uk\u2019ta Talepler Cevaps\u0131z Kalm\u0131yor: SELB\u0130M\u2019den H\u0131zl\u0131 ve Etkili \u00c7\u00f6z\u00fcm - Av. Deniz Can K\u0131z\u0131l","robots":{"index":"index","follow":"follow","max-snippet":"max-snippet:-1","max-image-preview":"max-image-preview:large","max-video-preview":"max-video-preview:-1"},"canonical":"http:\/\/denizcankizil.tr\/en\/haberler\/gundem\/efes-selcukta-talepler-cevapsiz-kalmiyor-selbimden-hizli-ve-etkili-cozum\/","og_locale":"en_GB","og_type":"article","og_title":"Efes Sel\u00e7uk\u2019ta Talepler Cevaps\u0131z Kalm\u0131yor: SELB\u0130M\u2019den H\u0131zl\u0131 ve Etkili \u00c7\u00f6z\u00fcm","og_description":"Efes Sel\u00e7uklu vatanda\u015flar\u0131n \u00f6neri, istek ve \u015fik\u00e2yetlerini iletebilmeleri i\u00e7in hizmet veren SELB\u0130M (Sel\u00e7uk Belediyesi \u0130leti\u015fim Merkezi) \u00e7al\u0131\u015fmalar\u0131n\u0131 aral\u0131ks\u0131z s\u00fcrd\u00fcr\u00fcyor.\u00a0 \u200bEfes Sel\u00e7uklu vatanda\u015flar\u0131n \u00f6neri, istek ve \u015fik\u00e2yetlerini iletebilmeleri i\u00e7in hizmet veren SELB\u0130M (Sel\u00e7uk Belediyesi \u0130leti\u015fim Merkezi) \u00e7al\u0131\u015fmalar\u0131n\u0131 aral\u0131ks\u0131z s\u00fcrd\u00fcr\u00fcyor.\u00a0\u00a0 \u200bHaberin Al\u0131nt\u0131land\u0131\u011f\u0131 Kaynak: www.iskenderun.org","og_url":"http:\/\/denizcankizil.tr\/en\/haberler\/gundem\/efes-selcukta-talepler-cevapsiz-kalmiyor-selbimden-hizli-ve-etkili-cozum\/","og_site_name":"Av. Deniz Can K\u0131z\u0131l","article_published_time":"2025-05-18T19:42:08+00:00","author":"admin","twitter_card":"summary_large_image","twitter_misc":{"Written by":"admin"},"schema":{"@context":"https:\/\/schema.org","@graph":[{"@type":"Article","@id":"http:\/\/denizcankizil.tr\/ru\/haberler\/gundem\/efes-selcukta-talepler-cevapsiz-kalmiyor-selbimden-hizli-ve-etkili-cozum\/#article","isPartOf":{"@id":"http:\/\/denizcankizil.tr\/ru\/haberler\/gundem\/efes-selcukta-talepler-cevapsiz-kalmiyor-selbimden-hizli-ve-etkili-cozum\/"},"author":{"name":"admin","@id":"https:\/\/denizcankizil.tr\/de\/#\/schema\/person\/be3c05fe6a12686905512445d8185489"},"headline":"Efes Sel\u00e7uk\u2019ta Talepler Cevaps\u0131z Kalm\u0131yor: SELB\u0130M\u2019den H\u0131zl\u0131 ve Etkili \u00c7\u00f6z\u00fcm","datePublished":"2025-05-18T19:42:08+00:00","mainEntityOfPage":{"@id":"http:\/\/denizcankizil.tr\/ru\/haberler\/gundem\/efes-selcukta-talepler-cevapsiz-kalmiyor-selbimden-hizli-ve-etkili-cozum\/"},"wordCount":94,"publisher":{"@id":"https:\/\/denizcankizil.tr\/de\/#organization"},"articleSection":["G\u00fcndem"],"inLanguage":"en-GB"},{"@type":"WebPage","@id":"http:\/\/denizcankizil.tr\/ru\/haberler\/gundem\/efes-selcukta-talepler-cevapsiz-kalmiyor-selbimden-hizli-ve-etkili-cozum\/","url":"http:\/\/denizcankizil.tr\/ru\/haberler\/gundem\/efes-selcukta-talepler-cevapsiz-kalmiyor-selbimden-hizli-ve-etkili-cozum\/","name":"Efes Sel\u00e7uk\u2019ta Talepler Cevaps\u0131z Kalm\u0131yor: SELB\u0130M\u2019den H\u0131zl\u0131 ve Etkili \u00c7\u00f6z\u00fcm - Av. Deniz Can K\u0131z\u0131l","isPartOf":{"@id":"https:\/\/denizcankizil.tr\/de\/#website"},"datePublished":"2025-05-18T19:42:08+00:00","breadcrumb":{"@id":"http:\/\/denizcankizil.tr\/ru\/haberler\/gundem\/efes-selcukta-talepler-cevapsiz-kalmiyor-selbimden-hizli-ve-etkili-cozum\/#breadcrumb"},"inLanguage":"en-GB","potentialAction":[{"@type":"ReadAction","target":["http:\/\/denizcankizil.tr\/ru\/haberler\/gundem\/efes-selcukta-talepler-cevapsiz-kalmiyor-selbimden-hizli-ve-etkili-cozum\/"]}]},{"@type":"BreadcrumbList","@id":"http:\/\/denizcankizil.tr\/ru\/haberler\/gundem\/efes-selcukta-talepler-cevapsiz-kalmiyor-selbimden-hizli-ve-etkili-cozum\/#breadcrumb","itemListElement":[{"@type":"ListItem","position":1,"name":"Home","item":"https:\/\/denizcankizil.tr\/de\/"},{"@type":"ListItem","position":2,"name":"Efes Sel\u00e7uk\u2019ta Talepler Cevaps\u0131z Kalm\u0131yor: SELB\u0130M\u2019den H\u0131zl\u0131 ve Etkili \u00c7\u00f6z\u00fcm"}]},{"@type":"WebSite","@id":"https:\/\/denizcankizil.tr\/de\/#website","url":"https:\/\/denizcankizil.tr\/de\/","name":"Av. Deniz Can K\u0131z\u0131l","description":"Avukat Deniz Can K\u0131z\u0131l Antalya Barosu","publisher":{"@id":"https:\/\/denizcankizil.tr\/de\/#organization"},"potentialAction":[{"@type":"SearchAction","target":{"@type":"EntryPoint","urlTemplate":"https:\/\/denizcankizil.tr\/de\/?s={search_term_string}"},"query-input":{"@type":"PropertyValueSpecification","valueRequired":true,"valueName":"search_term_string"}}],"inLanguage":"en-GB"},{"@type":"Organization","@id":"https:\/\/denizcankizil.tr\/de\/#organization","name":"Av. Deniz Can K\u0131z\u0131l","url":"https:\/\/denizcankizil.tr\/de\/","logo":{"@type":"ImageObject","inLanguage":"en-GB","@id":"https:\/\/denizcankizil.tr\/de\/#\/schema\/logo\/image\/","url":"http:\/\/denizcankizil.tr\/wp-content\/uploads\/2024\/10\/siyah-logo-svg.svg","contentUrl":"http:\/\/denizcankizil.tr\/wp-content\/uploads\/2024\/10\/siyah-logo-svg.svg","width":1080,"height":1080,"caption":"Av. Deniz Can K\u0131z\u0131l"},"image":{"@id":"https:\/\/denizcankizil.tr\/de\/#\/schema\/logo\/image\/"}},{"@type":"Person","@id":"https:\/\/denizcankizil.tr\/de\/#\/schema\/person\/be3c05fe6a12686905512445d8185489","name":"admin","image":{"@type":"ImageObject","inLanguage":"en-GB","@id":"https:\/\/denizcankizil.tr\/de\/#\/schema\/person\/image\/","url":"https:\/\/secure.gravatar.com\/avatar\/c1fce94c830dc79107e174f890d7210541c4a63e8e5d816341794a2151c9d58c?s=96&d=mm&r=g","contentUrl":"https:\/\/secure.gravatar.com\/avatar\/c1fce94c830dc79107e174f890d7210541c4a63e8e5d816341794a2151c9d58c?s=96&d=mm&r=g","caption":"admin"},"sameAs":["http:\/\/denizcankizil.tr"],"url":"https:\/\/www.iskenderun.org\/efes-selcukta-talepler-cevapsiz-kalmiyor-selbimden-hizli-ve-etkili-cozum"}]}},"_links":{"self":[{"href":"http:\/\/denizcankizil.tr\/en\/wp-json\/wp\/v2\/posts\/90912","targetHints":{"allow":["GET"]}}],"collection":[{"href":"http:\/\/denizcankizil.tr\/en\/wp-json\/wp\/v2\/posts"}],"about":[{"href":"http:\/\/denizcankizil.tr\/en\/wp-json\/wp\/v2\/types\/post"}],"author":[{"embeddable":true,"href":"http:\/\/denizcankizil.tr\/en\/wp-json\/wp\/v2\/users\/1"}],"replies":[{"embeddable":true,"href":"http:\/\/denizcankizil.tr\/en\/wp-json\/wp\/v2\/comments?post=90912"}],"version-history":[{"count":0,"href":"http:\/\/denizcankizil.tr\/en\/wp-json\/wp\/v2\/posts\/90912\/revisions"}],"wp:attachment":[{"href":"http:\/\/denizcankizil.tr\/en\/wp-json\/wp\/v2\/media?parent=90912"}],"wp:term":[{"taxonomy":"category","embeddable":true,"href":"http:\/\/denizcankizil.tr\/en\/wp-json\/wp\/v2\/categories?post=90912"},{"taxonomy":"post_tag","embeddable":true,"href":"http:\/\/denizcankizil.tr\/en\/wp-json\/wp\/v2\/tags?post=90912"}],"curies":[{"name":"wp","href":"https:\/\/api.w.org\/{rel}","templated":true}]}}