{"id":88696,"date":"2025-05-16T19:42:27","date_gmt":"2025-05-16T16:42:27","guid":{"rendered":"https:\/\/denizcankizil.tr\/uncategorized-tr\/niluferde-guvenilir-saglikli-gida-icin-akademik-destek\/"},"modified":"2025-05-16T19:42:27","modified_gmt":"2025-05-16T16:42:27","slug":"niluferde-guvenilir-saglikli-gida-icin-akademik-destek","status":"publish","type":"post","link":"http:\/\/denizcankizil.tr\/en\/haberler\/gundem\/niluferde-guvenilir-saglikli-gida-icin-akademik-destek\/","title":{"rendered":"Nil\u00fcfer\u2019de g\u00fcvenilir sa\u011fl\u0131kl\u0131 g\u0131da i\u00e7in akademik destek"},"content":{"rendered":"<p>Nil\u00fcfer Belediye Ba\u015fkan\u0131 \u015eadi \u00d6zdemir ile TMMOB G\u0131da M\u00fchendisleri Odas\u0131 Bursa \u015eubesi Y\u00f6netim Kurulu Ba\u015fkan\u0131 Serkan Durmu\u015f, g\u0131da g\u00fcvenli\u011fi ve halk sa\u011fl\u0131\u011f\u0131n\u0131 kapsayan bilimsel ve teknik i\u015f birli\u011fi protokol\u00fcn\u00fc imzalad\u0131.<\/p>\n<p>\u200bNil\u00fcfer Belediye Ba\u015fkan\u0131 \u015eadi \u00d6zdemir ile TMMOB G\u0131da M\u00fchendisleri Odas\u0131 Bursa \u015eubesi Y\u00f6netim Kurulu Ba\u015fkan\u0131 Serkan Durmu\u015f, g\u0131da g\u00fcvenli\u011fi ve halk sa\u011fl\u0131\u011f\u0131n\u0131 kapsayan bilimsel ve teknik i\u015f birli\u011fi protokol\u00fcn\u00fc imzalad\u0131.\u00a0<\/p>\n<p>\u200bHaberin Al\u0131nt\u0131land\u0131\u011f\u0131 Kaynak: www.iskenderun.org<\/p>","protected":false},"excerpt":{"rendered":"<p>Nil\u00fcfer Belediye Ba\u015fkan\u0131 \u015eadi \u00d6zdemir ile TMMOB G\u0131da M\u00fchendisleri Odas\u0131 Bursa \u015eubesi Y\u00f6netim Kurulu Ba\u015fkan\u0131 Serkan Durmu\u015f, g\u0131da g\u00fcvenli\u011fi ve halk sa\u011fl\u0131\u011f\u0131n\u0131 kapsayan bilimsel ve teknik i\u015f birli\u011fi protokol\u00fcn\u00fc imzalad\u0131. \u200bNil\u00fcfer Belediye Ba\u015fkan\u0131 \u015eadi \u00d6zdemir ile TMMOB G\u0131da M\u00fchendisleri Odas\u0131 Bursa \u015eubesi Y\u00f6netim Kurulu Ba\u015fkan\u0131 Serkan Durmu\u015f, g\u0131da g\u00fcvenli\u011fi ve halk sa\u011fl\u0131\u011f\u0131n\u0131 kapsayan bilimsel ve teknik i\u015f birli\u011fi protokol\u00fcn\u00fc imzalad\u0131.\u00a0 \u200bHaberin Al\u0131nt\u0131land\u0131\u011f\u0131 Kaynak: www.iskenderun.org<\/p>","protected":false},"author":1,"featured_media":0,"comment_status":"","ping_status":"open","sticky":false,"template":"","format":"standard","meta":{"_acf_changed":false,"footnotes":""},"categories":[24],"tags":[],"class_list":["post-88696","post","type-post","status-publish","format-standard","has-post-thumbnail","hentry","category-gundem"],"acf":[],"yoast_head":"<!-- This site is optimized with the Yoast SEO Premium plugin v26.6 (Yoast SEO v27.1.1) - https:\/\/yoast.com\/product\/yoast-seo-premium-wordpress\/ -->\n<title>Nil\u00fcfer\u2019de g\u00fcvenilir sa\u011fl\u0131kl\u0131 g\u0131da i\u00e7in akademik destek - Av. Deniz Can K\u0131z\u0131l<\/title>\n<meta name=\"robots\" content=\"index, follow, max-snippet:-1, max-image-preview:large, max-video-preview:-1\" \/>\n<link rel=\"canonical\" href=\"https:\/\/denizcankizil.tr\/en\/haberler\/gundem\/niluferde-guvenilir-saglikli-gida-icin-akademik-destek\/\" \/>\n<meta property=\"og:locale\" content=\"en_GB\" \/>\n<meta property=\"og:type\" content=\"article\" \/>\n<meta property=\"og:title\" content=\"Nil\u00fcfer\u2019de g\u00fcvenilir sa\u011fl\u0131kl\u0131 g\u0131da i\u00e7in akademik destek\" \/>\n<meta property=\"og:description\" content=\"Nil\u00fcfer Belediye Ba\u015fkan\u0131 \u015eadi \u00d6zdemir ile TMMOB G\u0131da M\u00fchendisleri Odas\u0131 Bursa \u015eubesi Y\u00f6netim Kurulu Ba\u015fkan\u0131 Serkan Durmu\u015f, g\u0131da g\u00fcvenli\u011fi ve halk sa\u011fl\u0131\u011f\u0131n\u0131 kapsayan bilimsel ve teknik i\u015f birli\u011fi protokol\u00fcn\u00fc imzalad\u0131. \u200bNil\u00fcfer Belediye Ba\u015fkan\u0131 \u015eadi \u00d6zdemir ile TMMOB G\u0131da M\u00fchendisleri Odas\u0131 Bursa \u015eubesi Y\u00f6netim Kurulu Ba\u015fkan\u0131 Serkan Durmu\u015f, g\u0131da g\u00fcvenli\u011fi ve halk sa\u011fl\u0131\u011f\u0131n\u0131 kapsayan bilimsel ve teknik i\u015f birli\u011fi protokol\u00fcn\u00fc imzalad\u0131.\u00a0 \u200bHaberin Al\u0131nt\u0131land\u0131\u011f\u0131 Kaynak: www.iskenderun.org\" \/>\n<meta property=\"og:url\" content=\"https:\/\/denizcankizil.tr\/en\/haberler\/gundem\/niluferde-guvenilir-saglikli-gida-icin-akademik-destek\/\" \/>\n<meta property=\"og:site_name\" content=\"Av. Deniz Can K\u0131z\u0131l\" \/>\n<meta property=\"article:published_time\" content=\"2025-05-16T16:42:27+00:00\" \/>\n<meta name=\"author\" content=\"admin\" \/>\n<meta name=\"twitter:card\" content=\"summary_large_image\" \/>\n<meta name=\"twitter:label1\" content=\"Written by\" \/>\n\t<meta name=\"twitter:data1\" content=\"admin\" \/>\n<script type=\"application\/ld+json\" class=\"yoast-schema-graph\">{\"@context\":\"https:\/\/schema.org\",\"@graph\":[{\"@type\":\"Article\",\"@id\":\"https:\/\/denizcankizil.tr\/ru\/haberler\/gundem\/niluferde-guvenilir-saglikli-gida-icin-akademik-destek\/#article\",\"isPartOf\":{\"@id\":\"https:\/\/denizcankizil.tr\/ru\/haberler\/gundem\/niluferde-guvenilir-saglikli-gida-icin-akademik-destek\/\"},\"author\":{\"name\":\"admin\",\"@id\":\"https:\/\/denizcankizil.tr\/de\/#\/schema\/person\/be3c05fe6a12686905512445d8185489\"},\"headline\":\"Nil\u00fcfer\u2019de g\u00fcvenilir sa\u011fl\u0131kl\u0131 g\u0131da i\u00e7in akademik destek\",\"datePublished\":\"2025-05-16T16:42:27+00:00\",\"mainEntityOfPage\":{\"@id\":\"https:\/\/denizcankizil.tr\/ru\/haberler\/gundem\/niluferde-guvenilir-saglikli-gida-icin-akademik-destek\/\"},\"wordCount\":108,\"publisher\":{\"@id\":\"https:\/\/denizcankizil.tr\/de\/#organization\"},\"articleSection\":[\"G\u00fcndem\"],\"inLanguage\":\"en-GB\"},{\"@type\":\"WebPage\",\"@id\":\"https:\/\/denizcankizil.tr\/ru\/haberler\/gundem\/niluferde-guvenilir-saglikli-gida-icin-akademik-destek\/\",\"url\":\"https:\/\/denizcankizil.tr\/ru\/haberler\/gundem\/niluferde-guvenilir-saglikli-gida-icin-akademik-destek\/\",\"name\":\"Nil\u00fcfer\u2019de g\u00fcvenilir sa\u011fl\u0131kl\u0131 g\u0131da i\u00e7in akademik destek - Av. Deniz Can K\u0131z\u0131l\",\"isPartOf\":{\"@id\":\"https:\/\/denizcankizil.tr\/de\/#website\"},\"datePublished\":\"2025-05-16T16:42:27+00:00\",\"breadcrumb\":{\"@id\":\"https:\/\/denizcankizil.tr\/ru\/haberler\/gundem\/niluferde-guvenilir-saglikli-gida-icin-akademik-destek\/#breadcrumb\"},\"inLanguage\":\"en-GB\",\"potentialAction\":[{\"@type\":\"ReadAction\",\"target\":[\"https:\/\/denizcankizil.tr\/ru\/haberler\/gundem\/niluferde-guvenilir-saglikli-gida-icin-akademik-destek\/\"]}]},{\"@type\":\"BreadcrumbList\",\"@id\":\"https:\/\/denizcankizil.tr\/ru\/haberler\/gundem\/niluferde-guvenilir-saglikli-gida-icin-akademik-destek\/#breadcrumb\",\"itemListElement\":[{\"@type\":\"ListItem\",\"position\":1,\"name\":\"Home\",\"item\":\"https:\/\/denizcankizil.tr\/de\/\"},{\"@type\":\"ListItem\",\"position\":2,\"name\":\"Nil\u00fcfer\u2019de g\u00fcvenilir sa\u011fl\u0131kl\u0131 g\u0131da i\u00e7in akademik destek\"}]},{\"@type\":\"WebSite\",\"@id\":\"https:\/\/denizcankizil.tr\/de\/#website\",\"url\":\"https:\/\/denizcankizil.tr\/de\/\",\"name\":\"Av. Deniz Can K\u0131z\u0131l\",\"description\":\"Avukat Deniz Can K\u0131z\u0131l Antalya Barosu\",\"publisher\":{\"@id\":\"https:\/\/denizcankizil.tr\/de\/#organization\"},\"potentialAction\":[{\"@type\":\"SearchAction\",\"target\":{\"@type\":\"EntryPoint\",\"urlTemplate\":\"https:\/\/denizcankizil.tr\/de\/?s={search_term_string}\"},\"query-input\":{\"@type\":\"PropertyValueSpecification\",\"valueRequired\":true,\"valueName\":\"search_term_string\"}}],\"inLanguage\":\"en-GB\"},{\"@type\":\"Organization\",\"@id\":\"https:\/\/denizcankizil.tr\/de\/#organization\",\"name\":\"Av. Deniz Can K\u0131z\u0131l\",\"url\":\"https:\/\/denizcankizil.tr\/de\/\",\"logo\":{\"@type\":\"ImageObject\",\"inLanguage\":\"en-GB\",\"@id\":\"https:\/\/denizcankizil.tr\/de\/#\/schema\/logo\/image\/\",\"url\":\"http:\/\/denizcankizil.tr\/wp-content\/uploads\/2024\/10\/siyah-logo-svg.svg\",\"contentUrl\":\"http:\/\/denizcankizil.tr\/wp-content\/uploads\/2024\/10\/siyah-logo-svg.svg\",\"width\":1080,\"height\":1080,\"caption\":\"Av. Deniz Can K\u0131z\u0131l\"},\"image\":{\"@id\":\"https:\/\/denizcankizil.tr\/de\/#\/schema\/logo\/image\/\"}},{\"@type\":\"Person\",\"@id\":\"https:\/\/denizcankizil.tr\/de\/#\/schema\/person\/be3c05fe6a12686905512445d8185489\",\"name\":\"admin\",\"image\":{\"@type\":\"ImageObject\",\"inLanguage\":\"en-GB\",\"@id\":\"https:\/\/denizcankizil.tr\/de\/#\/schema\/person\/image\/\",\"url\":\"https:\/\/secure.gravatar.com\/avatar\/c1fce94c830dc79107e174f890d7210541c4a63e8e5d816341794a2151c9d58c?s=96&d=mm&r=g\",\"contentUrl\":\"https:\/\/secure.gravatar.com\/avatar\/c1fce94c830dc79107e174f890d7210541c4a63e8e5d816341794a2151c9d58c?s=96&d=mm&r=g\",\"caption\":\"admin\"},\"sameAs\":[\"http:\/\/denizcankizil.tr\"],\"url\":\"https:\/\/www.iskenderun.org\/niluferde-guvenilir-saglikli-gida-icin-akademik-destek\"}]}<\/script>\n<!-- \/ Yoast SEO Premium plugin. -->","yoast_head_json":{"title":"Nil\u00fcfer\u2019de g\u00fcvenilir sa\u011fl\u0131kl\u0131 g\u0131da i\u00e7in akademik destek - Av. Deniz Can K\u0131z\u0131l","robots":{"index":"index","follow":"follow","max-snippet":"max-snippet:-1","max-image-preview":"max-image-preview:large","max-video-preview":"max-video-preview:-1"},"canonical":"https:\/\/denizcankizil.tr\/en\/haberler\/gundem\/niluferde-guvenilir-saglikli-gida-icin-akademik-destek\/","og_locale":"en_GB","og_type":"article","og_title":"Nil\u00fcfer\u2019de g\u00fcvenilir sa\u011fl\u0131kl\u0131 g\u0131da i\u00e7in akademik destek","og_description":"Nil\u00fcfer Belediye Ba\u015fkan\u0131 \u015eadi \u00d6zdemir ile TMMOB G\u0131da M\u00fchendisleri Odas\u0131 Bursa \u015eubesi Y\u00f6netim Kurulu Ba\u015fkan\u0131 Serkan Durmu\u015f, g\u0131da g\u00fcvenli\u011fi ve halk sa\u011fl\u0131\u011f\u0131n\u0131 kapsayan bilimsel ve teknik i\u015f birli\u011fi protokol\u00fcn\u00fc imzalad\u0131. \u200bNil\u00fcfer Belediye Ba\u015fkan\u0131 \u015eadi \u00d6zdemir ile TMMOB G\u0131da M\u00fchendisleri Odas\u0131 Bursa \u015eubesi Y\u00f6netim Kurulu Ba\u015fkan\u0131 Serkan Durmu\u015f, g\u0131da g\u00fcvenli\u011fi ve halk sa\u011fl\u0131\u011f\u0131n\u0131 kapsayan bilimsel ve teknik i\u015f birli\u011fi protokol\u00fcn\u00fc imzalad\u0131.\u00a0 \u200bHaberin Al\u0131nt\u0131land\u0131\u011f\u0131 Kaynak: www.iskenderun.org","og_url":"https:\/\/denizcankizil.tr\/en\/haberler\/gundem\/niluferde-guvenilir-saglikli-gida-icin-akademik-destek\/","og_site_name":"Av. Deniz Can K\u0131z\u0131l","article_published_time":"2025-05-16T16:42:27+00:00","author":"admin","twitter_card":"summary_large_image","twitter_misc":{"Written by":"admin"},"schema":{"@context":"https:\/\/schema.org","@graph":[{"@type":"Article","@id":"https:\/\/denizcankizil.tr\/ru\/haberler\/gundem\/niluferde-guvenilir-saglikli-gida-icin-akademik-destek\/#article","isPartOf":{"@id":"https:\/\/denizcankizil.tr\/ru\/haberler\/gundem\/niluferde-guvenilir-saglikli-gida-icin-akademik-destek\/"},"author":{"name":"admin","@id":"https:\/\/denizcankizil.tr\/de\/#\/schema\/person\/be3c05fe6a12686905512445d8185489"},"headline":"Nil\u00fcfer\u2019de g\u00fcvenilir sa\u011fl\u0131kl\u0131 g\u0131da i\u00e7in akademik destek","datePublished":"2025-05-16T16:42:27+00:00","mainEntityOfPage":{"@id":"https:\/\/denizcankizil.tr\/ru\/haberler\/gundem\/niluferde-guvenilir-saglikli-gida-icin-akademik-destek\/"},"wordCount":108,"publisher":{"@id":"https:\/\/denizcankizil.tr\/de\/#organization"},"articleSection":["G\u00fcndem"],"inLanguage":"en-GB"},{"@type":"WebPage","@id":"https:\/\/denizcankizil.tr\/ru\/haberler\/gundem\/niluferde-guvenilir-saglikli-gida-icin-akademik-destek\/","url":"https:\/\/denizcankizil.tr\/ru\/haberler\/gundem\/niluferde-guvenilir-saglikli-gida-icin-akademik-destek\/","name":"Nil\u00fcfer\u2019de g\u00fcvenilir sa\u011fl\u0131kl\u0131 g\u0131da i\u00e7in akademik destek - Av. Deniz Can K\u0131z\u0131l","isPartOf":{"@id":"https:\/\/denizcankizil.tr\/de\/#website"},"datePublished":"2025-05-16T16:42:27+00:00","breadcrumb":{"@id":"https:\/\/denizcankizil.tr\/ru\/haberler\/gundem\/niluferde-guvenilir-saglikli-gida-icin-akademik-destek\/#breadcrumb"},"inLanguage":"en-GB","potentialAction":[{"@type":"ReadAction","target":["https:\/\/denizcankizil.tr\/ru\/haberler\/gundem\/niluferde-guvenilir-saglikli-gida-icin-akademik-destek\/"]}]},{"@type":"BreadcrumbList","@id":"https:\/\/denizcankizil.tr\/ru\/haberler\/gundem\/niluferde-guvenilir-saglikli-gida-icin-akademik-destek\/#breadcrumb","itemListElement":[{"@type":"ListItem","position":1,"name":"Home","item":"https:\/\/denizcankizil.tr\/de\/"},{"@type":"ListItem","position":2,"name":"Nil\u00fcfer\u2019de g\u00fcvenilir sa\u011fl\u0131kl\u0131 g\u0131da i\u00e7in akademik destek"}]},{"@type":"WebSite","@id":"https:\/\/denizcankizil.tr\/de\/#website","url":"https:\/\/denizcankizil.tr\/de\/","name":"Av. Deniz Can K\u0131z\u0131l","description":"Avukat Deniz Can K\u0131z\u0131l Antalya Barosu","publisher":{"@id":"https:\/\/denizcankizil.tr\/de\/#organization"},"potentialAction":[{"@type":"SearchAction","target":{"@type":"EntryPoint","urlTemplate":"https:\/\/denizcankizil.tr\/de\/?s={search_term_string}"},"query-input":{"@type":"PropertyValueSpecification","valueRequired":true,"valueName":"search_term_string"}}],"inLanguage":"en-GB"},{"@type":"Organization","@id":"https:\/\/denizcankizil.tr\/de\/#organization","name":"Av. Deniz Can K\u0131z\u0131l","url":"https:\/\/denizcankizil.tr\/de\/","logo":{"@type":"ImageObject","inLanguage":"en-GB","@id":"https:\/\/denizcankizil.tr\/de\/#\/schema\/logo\/image\/","url":"http:\/\/denizcankizil.tr\/wp-content\/uploads\/2024\/10\/siyah-logo-svg.svg","contentUrl":"http:\/\/denizcankizil.tr\/wp-content\/uploads\/2024\/10\/siyah-logo-svg.svg","width":1080,"height":1080,"caption":"Av. Deniz Can K\u0131z\u0131l"},"image":{"@id":"https:\/\/denizcankizil.tr\/de\/#\/schema\/logo\/image\/"}},{"@type":"Person","@id":"https:\/\/denizcankizil.tr\/de\/#\/schema\/person\/be3c05fe6a12686905512445d8185489","name":"admin","image":{"@type":"ImageObject","inLanguage":"en-GB","@id":"https:\/\/denizcankizil.tr\/de\/#\/schema\/person\/image\/","url":"https:\/\/secure.gravatar.com\/avatar\/c1fce94c830dc79107e174f890d7210541c4a63e8e5d816341794a2151c9d58c?s=96&d=mm&r=g","contentUrl":"https:\/\/secure.gravatar.com\/avatar\/c1fce94c830dc79107e174f890d7210541c4a63e8e5d816341794a2151c9d58c?s=96&d=mm&r=g","caption":"admin"},"sameAs":["http:\/\/denizcankizil.tr"],"url":"https:\/\/www.iskenderun.org\/niluferde-guvenilir-saglikli-gida-icin-akademik-destek"}]}},"_links":{"self":[{"href":"http:\/\/denizcankizil.tr\/en\/wp-json\/wp\/v2\/posts\/88696","targetHints":{"allow":["GET"]}}],"collection":[{"href":"http:\/\/denizcankizil.tr\/en\/wp-json\/wp\/v2\/posts"}],"about":[{"href":"http:\/\/denizcankizil.tr\/en\/wp-json\/wp\/v2\/types\/post"}],"author":[{"embeddable":true,"href":"http:\/\/denizcankizil.tr\/en\/wp-json\/wp\/v2\/users\/1"}],"replies":[{"embeddable":true,"href":"http:\/\/denizcankizil.tr\/en\/wp-json\/wp\/v2\/comments?post=88696"}],"version-history":[{"count":0,"href":"http:\/\/denizcankizil.tr\/en\/wp-json\/wp\/v2\/posts\/88696\/revisions"}],"wp:attachment":[{"href":"http:\/\/denizcankizil.tr\/en\/wp-json\/wp\/v2\/media?parent=88696"}],"wp:term":[{"taxonomy":"category","embeddable":true,"href":"http:\/\/denizcankizil.tr\/en\/wp-json\/wp\/v2\/categories?post=88696"},{"taxonomy":"post_tag","embeddable":true,"href":"http:\/\/denizcankizil.tr\/en\/wp-json\/wp\/v2\/tags?post=88696"}],"curies":[{"name":"wp","href":"https:\/\/api.w.org\/{rel}","templated":true}]}}