{"id":88413,"date":"2025-05-16T13:42:26","date_gmt":"2025-05-16T10:42:26","guid":{"rendered":"https:\/\/denizcankizil.tr\/uncategorized-tr\/muay-thai-sampiyonundan-ariada-ziyaret\/"},"modified":"2025-05-16T13:42:26","modified_gmt":"2025-05-16T10:42:26","slug":"muay-thai-sampiyonundan-ariada-ziyaret","status":"publish","type":"post","link":"http:\/\/denizcankizil.tr\/en\/haberler\/gundem\/muay-thai-sampiyonundan-ariada-ziyaret\/","title":{"rendered":"Muay Thai \u015eampiyonundan, AR\u0130AD\u2019a Ziyaret"},"content":{"rendered":"<p>Arsuz Alt\u0131n Yumruk Spor Kul\u00fcb\u00fc sporcusu olan R\u00fczgar Ge\u00e7er, antren\u00f6r\u00fc Ali Antakyal\u0131o\u011flu ve derne\u011fin \u00fcyesi Berkan Kirar\u00a0 ile birlikte Arsuz \u0130\u015f \u0130nsanlar\u0131 Derne\u011fi\u2019ni ziyaret etti.<\/p>\n<p>Ziyaretten dolay\u0131 duydu\u011fu memnuniyeti dile getiren AR\u0130AD Ba\u015fkan\u0131 Adnan A\u011f\u0131r, \u201cR\u00fczgar Ge\u00e7er\u2019in elde etti\u011fi ba\u015far\u0131, b\u00fcy\u00fck bir gurur kayna\u011f\u0131d\u0131r. Hatay \u0130l Birincili\u011fi, Akdeniz B\u00f6lge \u015eampiyonlu\u011fu, okullar aras\u0131 T\u00fcrkiye \u015fampiyonlu\u011fu bulunan R\u00fczgar Ge\u00e7er\u2019i ve antren\u00f6r\u00fc Ali Antakyal\u0131o\u011flu\u2019nu y\u00fcrekten tebrik ediyorum. AR\u0130AD olarak, sportif ba\u015far\u0131lar\u0131 her zaman desteklemekteyiz. Kendisine ve antren\u00f6r\u00fcne ziyaretten dolay\u0131 te\u015fekk\u00fcr ediyorum. 26 Haziran- 2 Temmuz tarihleri aras\u0131nda K\u0131rklareli&#8217;nde d\u00fczenlenecek olan T\u00fcrkiye Muay Thai \u015eampiyonas\u0131 Milli tak\u0131m se\u00e7melerinde gen\u00e7ler kategorisinde d\u00f6v\u00fc\u015fmeye hak kazanan Arsuzlu sporcumuza ba\u015far\u0131lar diliyoruz.\u2019\u2019 \u015feklinde konu\u015ftu. \u00a0\u00a0\u00a0 \u00a0<\/p>\n<p>Ziyaret g\u00fcn\u00fcn an\u0131s\u0131na pasta kesimi ve toplu foto\u011fraf \u00e7ekimiyle son buldu.<\/p>\n<p>\u200bMuay Thai okullar aras\u0131 T\u00fcrkiye \u015eampiyonu R\u00fczgar Ge\u00e7er, Arsuz \u0130\u015f \u0130nsanlar\u0131 Derne\u011fi\u2019ne ziyarette bulundu.\u00a0<\/p>\n<p>\u200bHaberin Al\u0131nt\u0131land\u0131\u011f\u0131 Kaynak: www.iskenderun.org<\/p>","protected":false},"excerpt":{"rendered":"<p>Arsuz Alt\u0131n Yumruk Spor Kul\u00fcb\u00fc sporcusu olan R\u00fczgar Ge\u00e7er, antren\u00f6r\u00fc Ali Antakyal\u0131o\u011flu ve derne\u011fin \u00fcyesi Berkan Kirar\u00a0 ile birlikte Arsuz \u0130\u015f \u0130nsanlar\u0131 Derne\u011fi\u2019ni ziyaret etti. Ziyaretten dolay\u0131 duydu\u011fu memnuniyeti dile getiren AR\u0130AD Ba\u015fkan\u0131 Adnan A\u011f\u0131r, \u201cR\u00fczgar Ge\u00e7er\u2019in elde etti\u011fi ba\u015far\u0131, b\u00fcy\u00fck bir gurur kayna\u011f\u0131d\u0131r. Hatay \u0130l Birincili\u011fi, Akdeniz B\u00f6lge \u015eampiyonlu\u011fu, okullar aras\u0131 T\u00fcrkiye \u015fampiyonlu\u011fu bulunan R\u00fczgar Ge\u00e7er\u2019i ve antren\u00f6r\u00fc Ali Antakyal\u0131o\u011flu\u2019nu y\u00fcrekten tebrik ediyorum. AR\u0130AD olarak, sportif ba\u015far\u0131lar\u0131 her zaman desteklemekteyiz. Kendisine ve antren\u00f6r\u00fcne ziyaretten dolay\u0131 te\u015fekk\u00fcr ediyorum. 26 Haziran- 2 Temmuz tarihleri aras\u0131nda K\u0131rklareli&#8217;nde d\u00fczenlenecek olan T\u00fcrkiye Muay Thai \u015eampiyonas\u0131 Milli tak\u0131m se\u00e7melerinde gen\u00e7ler kategorisinde d\u00f6v\u00fc\u015fmeye hak kazanan Arsuzlu sporcumuza ba\u015far\u0131lar diliyoruz.\u2019\u2019 \u015feklinde konu\u015ftu. \u00a0\u00a0\u00a0 \u00a0 Ziyaret g\u00fcn\u00fcn an\u0131s\u0131na pasta kesimi ve toplu foto\u011fraf \u00e7ekimiyle son buldu. \u200bMuay Thai okullar aras\u0131 T\u00fcrkiye \u015eampiyonu R\u00fczgar Ge\u00e7er, Arsuz \u0130\u015f \u0130nsanlar\u0131 Derne\u011fi\u2019ne ziyarette bulundu.\u00a0 \u200bHaberin Al\u0131nt\u0131land\u0131\u011f\u0131 Kaynak: www.iskenderun.org<\/p>","protected":false},"author":1,"featured_media":0,"comment_status":"","ping_status":"open","sticky":false,"template":"","format":"standard","meta":{"_acf_changed":false,"footnotes":""},"categories":[24],"tags":[],"class_list":["post-88413","post","type-post","status-publish","format-standard","has-post-thumbnail","hentry","category-gundem"],"acf":[],"yoast_head":"<!-- This site is optimized with the Yoast SEO Premium plugin v26.6 (Yoast SEO v27.1.1) - https:\/\/yoast.com\/product\/yoast-seo-premium-wordpress\/ -->\n<title>Muay Thai \u015eampiyonundan, AR\u0130AD\u2019a Ziyaret - Av. Deniz Can K\u0131z\u0131l<\/title>\n<meta name=\"robots\" content=\"index, follow, max-snippet:-1, max-image-preview:large, max-video-preview:-1\" \/>\n<link rel=\"canonical\" href=\"https:\/\/denizcankizil.tr\/en\/haberler\/gundem\/muay-thai-sampiyonundan-ariada-ziyaret\/\" \/>\n<meta property=\"og:locale\" content=\"en_GB\" \/>\n<meta property=\"og:type\" content=\"article\" \/>\n<meta property=\"og:title\" content=\"Muay Thai \u015eampiyonundan, AR\u0130AD\u2019a Ziyaret\" \/>\n<meta property=\"og:description\" content=\"Arsuz Alt\u0131n Yumruk Spor Kul\u00fcb\u00fc sporcusu olan R\u00fczgar Ge\u00e7er, antren\u00f6r\u00fc Ali Antakyal\u0131o\u011flu ve derne\u011fin \u00fcyesi Berkan Kirar\u00a0 ile birlikte Arsuz \u0130\u015f \u0130nsanlar\u0131 Derne\u011fi\u2019ni ziyaret etti. Ziyaretten dolay\u0131 duydu\u011fu memnuniyeti dile getiren AR\u0130AD Ba\u015fkan\u0131 Adnan A\u011f\u0131r, \u201cR\u00fczgar Ge\u00e7er\u2019in elde etti\u011fi ba\u015far\u0131, b\u00fcy\u00fck bir gurur kayna\u011f\u0131d\u0131r. Hatay \u0130l Birincili\u011fi, Akdeniz B\u00f6lge \u015eampiyonlu\u011fu, okullar aras\u0131 T\u00fcrkiye \u015fampiyonlu\u011fu bulunan R\u00fczgar Ge\u00e7er\u2019i ve antren\u00f6r\u00fc Ali Antakyal\u0131o\u011flu\u2019nu y\u00fcrekten tebrik ediyorum. AR\u0130AD olarak, sportif ba\u015far\u0131lar\u0131 her zaman desteklemekteyiz. Kendisine ve antren\u00f6r\u00fcne ziyaretten dolay\u0131 te\u015fekk\u00fcr ediyorum. 26 Haziran- 2 Temmuz tarihleri aras\u0131nda K\u0131rklareli&#8217;nde d\u00fczenlenecek olan T\u00fcrkiye Muay Thai \u015eampiyonas\u0131 Milli tak\u0131m se\u00e7melerinde gen\u00e7ler kategorisinde d\u00f6v\u00fc\u015fmeye hak kazanan Arsuzlu sporcumuza ba\u015far\u0131lar diliyoruz.\u2019\u2019 \u015feklinde konu\u015ftu. \u00a0\u00a0\u00a0 \u00a0 Ziyaret g\u00fcn\u00fcn an\u0131s\u0131na pasta kesimi ve toplu foto\u011fraf \u00e7ekimiyle son buldu. \u200bMuay Thai okullar aras\u0131 T\u00fcrkiye \u015eampiyonu R\u00fczgar Ge\u00e7er, Arsuz \u0130\u015f \u0130nsanlar\u0131 Derne\u011fi\u2019ne ziyarette bulundu.\u00a0 \u200bHaberin Al\u0131nt\u0131land\u0131\u011f\u0131 Kaynak: www.iskenderun.org\" \/>\n<meta property=\"og:url\" content=\"https:\/\/denizcankizil.tr\/en\/haberler\/gundem\/muay-thai-sampiyonundan-ariada-ziyaret\/\" \/>\n<meta property=\"og:site_name\" content=\"Av. Deniz Can K\u0131z\u0131l\" \/>\n<meta property=\"article:published_time\" content=\"2025-05-16T10:42:26+00:00\" \/>\n<meta name=\"author\" content=\"admin\" \/>\n<meta name=\"twitter:card\" content=\"summary_large_image\" \/>\n<meta name=\"twitter:label1\" content=\"Written by\" \/>\n\t<meta name=\"twitter:data1\" content=\"admin\" \/>\n\t<meta name=\"twitter:label2\" content=\"Estimated reading time\" \/>\n\t<meta name=\"twitter:data2\" content=\"1 minute\" \/>\n<script type=\"application\/ld+json\" class=\"yoast-schema-graph\">{\"@context\":\"https:\/\/schema.org\",\"@graph\":[{\"@type\":\"Article\",\"@id\":\"https:\/\/denizcankizil.tr\/de\/haberler\/gundem\/muay-thai-sampiyonundan-ariada-ziyaret\/#article\",\"isPartOf\":{\"@id\":\"https:\/\/denizcankizil.tr\/de\/haberler\/gundem\/muay-thai-sampiyonundan-ariada-ziyaret\/\"},\"author\":{\"name\":\"admin\",\"@id\":\"https:\/\/denizcankizil.tr\/de\/#\/schema\/person\/be3c05fe6a12686905512445d8185489\"},\"headline\":\"Muay Thai \u015eampiyonundan, AR\u0130AD\u2019a Ziyaret\",\"datePublished\":\"2025-05-16T10:42:26+00:00\",\"mainEntityOfPage\":{\"@id\":\"https:\/\/denizcankizil.tr\/de\/haberler\/gundem\/muay-thai-sampiyonundan-ariada-ziyaret\/\"},\"wordCount\":207,\"publisher\":{\"@id\":\"https:\/\/denizcankizil.tr\/de\/#organization\"},\"articleSection\":[\"G\u00fcndem\"],\"inLanguage\":\"en-GB\"},{\"@type\":\"WebPage\",\"@id\":\"https:\/\/denizcankizil.tr\/de\/haberler\/gundem\/muay-thai-sampiyonundan-ariada-ziyaret\/\",\"url\":\"https:\/\/denizcankizil.tr\/de\/haberler\/gundem\/muay-thai-sampiyonundan-ariada-ziyaret\/\",\"name\":\"Muay Thai \u015eampiyonundan, AR\u0130AD\u2019a Ziyaret - Av. Deniz Can K\u0131z\u0131l\",\"isPartOf\":{\"@id\":\"https:\/\/denizcankizil.tr\/de\/#website\"},\"datePublished\":\"2025-05-16T10:42:26+00:00\",\"breadcrumb\":{\"@id\":\"https:\/\/denizcankizil.tr\/de\/haberler\/gundem\/muay-thai-sampiyonundan-ariada-ziyaret\/#breadcrumb\"},\"inLanguage\":\"en-GB\",\"potentialAction\":[{\"@type\":\"ReadAction\",\"target\":[\"https:\/\/denizcankizil.tr\/de\/haberler\/gundem\/muay-thai-sampiyonundan-ariada-ziyaret\/\"]}]},{\"@type\":\"BreadcrumbList\",\"@id\":\"https:\/\/denizcankizil.tr\/de\/haberler\/gundem\/muay-thai-sampiyonundan-ariada-ziyaret\/#breadcrumb\",\"itemListElement\":[{\"@type\":\"ListItem\",\"position\":1,\"name\":\"Home\",\"item\":\"https:\/\/denizcankizil.tr\/de\/\"},{\"@type\":\"ListItem\",\"position\":2,\"name\":\"Muay Thai \u015eampiyonundan, AR\u0130AD\u2019a Ziyaret\"}]},{\"@type\":\"WebSite\",\"@id\":\"https:\/\/denizcankizil.tr\/de\/#website\",\"url\":\"https:\/\/denizcankizil.tr\/de\/\",\"name\":\"Av. Deniz Can K\u0131z\u0131l\",\"description\":\"Avukat Deniz Can K\u0131z\u0131l Antalya Barosu\",\"publisher\":{\"@id\":\"https:\/\/denizcankizil.tr\/de\/#organization\"},\"potentialAction\":[{\"@type\":\"SearchAction\",\"target\":{\"@type\":\"EntryPoint\",\"urlTemplate\":\"https:\/\/denizcankizil.tr\/de\/?s={search_term_string}\"},\"query-input\":{\"@type\":\"PropertyValueSpecification\",\"valueRequired\":true,\"valueName\":\"search_term_string\"}}],\"inLanguage\":\"en-GB\"},{\"@type\":\"Organization\",\"@id\":\"https:\/\/denizcankizil.tr\/de\/#organization\",\"name\":\"Av. Deniz Can K\u0131z\u0131l\",\"url\":\"https:\/\/denizcankizil.tr\/de\/\",\"logo\":{\"@type\":\"ImageObject\",\"inLanguage\":\"en-GB\",\"@id\":\"https:\/\/denizcankizil.tr\/de\/#\/schema\/logo\/image\/\",\"url\":\"http:\/\/denizcankizil.tr\/wp-content\/uploads\/2024\/10\/siyah-logo-svg.svg\",\"contentUrl\":\"http:\/\/denizcankizil.tr\/wp-content\/uploads\/2024\/10\/siyah-logo-svg.svg\",\"width\":1080,\"height\":1080,\"caption\":\"Av. Deniz Can K\u0131z\u0131l\"},\"image\":{\"@id\":\"https:\/\/denizcankizil.tr\/de\/#\/schema\/logo\/image\/\"}},{\"@type\":\"Person\",\"@id\":\"https:\/\/denizcankizil.tr\/de\/#\/schema\/person\/be3c05fe6a12686905512445d8185489\",\"name\":\"admin\",\"image\":{\"@type\":\"ImageObject\",\"inLanguage\":\"en-GB\",\"@id\":\"https:\/\/denizcankizil.tr\/de\/#\/schema\/person\/image\/\",\"url\":\"https:\/\/secure.gravatar.com\/avatar\/c1fce94c830dc79107e174f890d7210541c4a63e8e5d816341794a2151c9d58c?s=96&d=mm&r=g\",\"contentUrl\":\"https:\/\/secure.gravatar.com\/avatar\/c1fce94c830dc79107e174f890d7210541c4a63e8e5d816341794a2151c9d58c?s=96&d=mm&r=g\",\"caption\":\"admin\"},\"sameAs\":[\"http:\/\/denizcankizil.tr\"],\"url\":\"https:\/\/www.iskenderun.org\/muay-thai-sampiyonundan-ariada-ziyaret\"}]}<\/script>\n<!-- \/ Yoast SEO Premium plugin. -->","yoast_head_json":{"title":"Muay Thai \u015eampiyonundan, AR\u0130AD\u2019a Ziyaret - Av. Deniz Can K\u0131z\u0131l","robots":{"index":"index","follow":"follow","max-snippet":"max-snippet:-1","max-image-preview":"max-image-preview:large","max-video-preview":"max-video-preview:-1"},"canonical":"https:\/\/denizcankizil.tr\/en\/haberler\/gundem\/muay-thai-sampiyonundan-ariada-ziyaret\/","og_locale":"en_GB","og_type":"article","og_title":"Muay Thai \u015eampiyonundan, AR\u0130AD\u2019a Ziyaret","og_description":"Arsuz Alt\u0131n Yumruk Spor Kul\u00fcb\u00fc sporcusu olan R\u00fczgar Ge\u00e7er, antren\u00f6r\u00fc Ali Antakyal\u0131o\u011flu ve derne\u011fin \u00fcyesi Berkan Kirar\u00a0 ile birlikte Arsuz \u0130\u015f \u0130nsanlar\u0131 Derne\u011fi\u2019ni ziyaret etti. Ziyaretten dolay\u0131 duydu\u011fu memnuniyeti dile getiren AR\u0130AD Ba\u015fkan\u0131 Adnan A\u011f\u0131r, \u201cR\u00fczgar Ge\u00e7er\u2019in elde etti\u011fi ba\u015far\u0131, b\u00fcy\u00fck bir gurur kayna\u011f\u0131d\u0131r. Hatay \u0130l Birincili\u011fi, Akdeniz B\u00f6lge \u015eampiyonlu\u011fu, okullar aras\u0131 T\u00fcrkiye \u015fampiyonlu\u011fu bulunan R\u00fczgar Ge\u00e7er\u2019i ve antren\u00f6r\u00fc Ali Antakyal\u0131o\u011flu\u2019nu y\u00fcrekten tebrik ediyorum. AR\u0130AD olarak, sportif ba\u015far\u0131lar\u0131 her zaman desteklemekteyiz. Kendisine ve antren\u00f6r\u00fcne ziyaretten dolay\u0131 te\u015fekk\u00fcr ediyorum. 26 Haziran- 2 Temmuz tarihleri aras\u0131nda K\u0131rklareli&#8217;nde d\u00fczenlenecek olan T\u00fcrkiye Muay Thai \u015eampiyonas\u0131 Milli tak\u0131m se\u00e7melerinde gen\u00e7ler kategorisinde d\u00f6v\u00fc\u015fmeye hak kazanan Arsuzlu sporcumuza ba\u015far\u0131lar diliyoruz.\u2019\u2019 \u015feklinde konu\u015ftu. \u00a0\u00a0\u00a0 \u00a0 Ziyaret g\u00fcn\u00fcn an\u0131s\u0131na pasta kesimi ve toplu foto\u011fraf \u00e7ekimiyle son buldu. \u200bMuay Thai okullar aras\u0131 T\u00fcrkiye \u015eampiyonu R\u00fczgar Ge\u00e7er, Arsuz \u0130\u015f \u0130nsanlar\u0131 Derne\u011fi\u2019ne ziyarette bulundu.\u00a0 \u200bHaberin Al\u0131nt\u0131land\u0131\u011f\u0131 Kaynak: www.iskenderun.org","og_url":"https:\/\/denizcankizil.tr\/en\/haberler\/gundem\/muay-thai-sampiyonundan-ariada-ziyaret\/","og_site_name":"Av. Deniz Can K\u0131z\u0131l","article_published_time":"2025-05-16T10:42:26+00:00","author":"admin","twitter_card":"summary_large_image","twitter_misc":{"Written by":"admin","Estimated reading time":"1 minute"},"schema":{"@context":"https:\/\/schema.org","@graph":[{"@type":"Article","@id":"https:\/\/denizcankizil.tr\/de\/haberler\/gundem\/muay-thai-sampiyonundan-ariada-ziyaret\/#article","isPartOf":{"@id":"https:\/\/denizcankizil.tr\/de\/haberler\/gundem\/muay-thai-sampiyonundan-ariada-ziyaret\/"},"author":{"name":"admin","@id":"https:\/\/denizcankizil.tr\/de\/#\/schema\/person\/be3c05fe6a12686905512445d8185489"},"headline":"Muay Thai \u015eampiyonundan, AR\u0130AD\u2019a Ziyaret","datePublished":"2025-05-16T10:42:26+00:00","mainEntityOfPage":{"@id":"https:\/\/denizcankizil.tr\/de\/haberler\/gundem\/muay-thai-sampiyonundan-ariada-ziyaret\/"},"wordCount":207,"publisher":{"@id":"https:\/\/denizcankizil.tr\/de\/#organization"},"articleSection":["G\u00fcndem"],"inLanguage":"en-GB"},{"@type":"WebPage","@id":"https:\/\/denizcankizil.tr\/de\/haberler\/gundem\/muay-thai-sampiyonundan-ariada-ziyaret\/","url":"https:\/\/denizcankizil.tr\/de\/haberler\/gundem\/muay-thai-sampiyonundan-ariada-ziyaret\/","name":"Muay Thai \u015eampiyonundan, AR\u0130AD\u2019a Ziyaret - Av. Deniz Can K\u0131z\u0131l","isPartOf":{"@id":"https:\/\/denizcankizil.tr\/de\/#website"},"datePublished":"2025-05-16T10:42:26+00:00","breadcrumb":{"@id":"https:\/\/denizcankizil.tr\/de\/haberler\/gundem\/muay-thai-sampiyonundan-ariada-ziyaret\/#breadcrumb"},"inLanguage":"en-GB","potentialAction":[{"@type":"ReadAction","target":["https:\/\/denizcankizil.tr\/de\/haberler\/gundem\/muay-thai-sampiyonundan-ariada-ziyaret\/"]}]},{"@type":"BreadcrumbList","@id":"https:\/\/denizcankizil.tr\/de\/haberler\/gundem\/muay-thai-sampiyonundan-ariada-ziyaret\/#breadcrumb","itemListElement":[{"@type":"ListItem","position":1,"name":"Home","item":"https:\/\/denizcankizil.tr\/de\/"},{"@type":"ListItem","position":2,"name":"Muay Thai \u015eampiyonundan, AR\u0130AD\u2019a Ziyaret"}]},{"@type":"WebSite","@id":"https:\/\/denizcankizil.tr\/de\/#website","url":"https:\/\/denizcankizil.tr\/de\/","name":"Av. Deniz Can K\u0131z\u0131l","description":"Avukat Deniz Can K\u0131z\u0131l Antalya Barosu","publisher":{"@id":"https:\/\/denizcankizil.tr\/de\/#organization"},"potentialAction":[{"@type":"SearchAction","target":{"@type":"EntryPoint","urlTemplate":"https:\/\/denizcankizil.tr\/de\/?s={search_term_string}"},"query-input":{"@type":"PropertyValueSpecification","valueRequired":true,"valueName":"search_term_string"}}],"inLanguage":"en-GB"},{"@type":"Organization","@id":"https:\/\/denizcankizil.tr\/de\/#organization","name":"Av. Deniz Can K\u0131z\u0131l","url":"https:\/\/denizcankizil.tr\/de\/","logo":{"@type":"ImageObject","inLanguage":"en-GB","@id":"https:\/\/denizcankizil.tr\/de\/#\/schema\/logo\/image\/","url":"http:\/\/denizcankizil.tr\/wp-content\/uploads\/2024\/10\/siyah-logo-svg.svg","contentUrl":"http:\/\/denizcankizil.tr\/wp-content\/uploads\/2024\/10\/siyah-logo-svg.svg","width":1080,"height":1080,"caption":"Av. Deniz Can K\u0131z\u0131l"},"image":{"@id":"https:\/\/denizcankizil.tr\/de\/#\/schema\/logo\/image\/"}},{"@type":"Person","@id":"https:\/\/denizcankizil.tr\/de\/#\/schema\/person\/be3c05fe6a12686905512445d8185489","name":"admin","image":{"@type":"ImageObject","inLanguage":"en-GB","@id":"https:\/\/denizcankizil.tr\/de\/#\/schema\/person\/image\/","url":"https:\/\/secure.gravatar.com\/avatar\/c1fce94c830dc79107e174f890d7210541c4a63e8e5d816341794a2151c9d58c?s=96&d=mm&r=g","contentUrl":"https:\/\/secure.gravatar.com\/avatar\/c1fce94c830dc79107e174f890d7210541c4a63e8e5d816341794a2151c9d58c?s=96&d=mm&r=g","caption":"admin"},"sameAs":["http:\/\/denizcankizil.tr"],"url":"https:\/\/www.iskenderun.org\/muay-thai-sampiyonundan-ariada-ziyaret"}]}},"_links":{"self":[{"href":"http:\/\/denizcankizil.tr\/en\/wp-json\/wp\/v2\/posts\/88413","targetHints":{"allow":["GET"]}}],"collection":[{"href":"http:\/\/denizcankizil.tr\/en\/wp-json\/wp\/v2\/posts"}],"about":[{"href":"http:\/\/denizcankizil.tr\/en\/wp-json\/wp\/v2\/types\/post"}],"author":[{"embeddable":true,"href":"http:\/\/denizcankizil.tr\/en\/wp-json\/wp\/v2\/users\/1"}],"replies":[{"embeddable":true,"href":"http:\/\/denizcankizil.tr\/en\/wp-json\/wp\/v2\/comments?post=88413"}],"version-history":[{"count":0,"href":"http:\/\/denizcankizil.tr\/en\/wp-json\/wp\/v2\/posts\/88413\/revisions"}],"wp:attachment":[{"href":"http:\/\/denizcankizil.tr\/en\/wp-json\/wp\/v2\/media?parent=88413"}],"wp:term":[{"taxonomy":"category","embeddable":true,"href":"http:\/\/denizcankizil.tr\/en\/wp-json\/wp\/v2\/categories?post=88413"},{"taxonomy":"post_tag","embeddable":true,"href":"http:\/\/denizcankizil.tr\/en\/wp-json\/wp\/v2\/tags?post=88413"}],"curies":[{"name":"wp","href":"https:\/\/api.w.org\/{rel}","templated":true}]}}