{"id":88100,"date":"2025-05-16T06:42:19","date_gmt":"2025-05-16T03:42:19","guid":{"rendered":"https:\/\/denizcankizil.tr\/uncategorized-tr\/bursa-buyuksehir-meclisinde-gerginlik-baskan-bozbeyden-saldiriya-kinama\/"},"modified":"2025-05-16T06:42:19","modified_gmt":"2025-05-16T03:42:19","slug":"bursa-buyuksehir-meclisinde-gerginlik-baskan-bozbeyden-saldiriya-kinama","status":"publish","type":"post","link":"http:\/\/denizcankizil.tr\/en\/haberler\/gundem\/bursa-buyuksehir-meclisinde-gerginlik-baskan-bozbeyden-saldiriya-kinama\/","title":{"rendered":"Bursa B\u00fcy\u00fck\u015fehir Meclisi\u2019nde gerginlik! Ba\u015fkan Bozbey&#8217;den sald\u0131r\u0131ya k\u0131nama!"},"content":{"rendered":"<p>Bursa B\u00fcy\u00fck\u015fehir Belediye Meclisi\u2019nin May\u0131s ay\u0131 birinci toplant\u0131s\u0131nda yap\u0131lan konu\u015fmalar sonras\u0131nda tansiyon y\u00fckselirken, AK Partili baz\u0131 meclis \u00fcyelerinin ortam\u0131 sakinle\u015ftirmeye \u00e7al\u0131\u015fan Ba\u015fkan Mustafa Bozbey\u2019e hakaret etmesi \u00fczerine gergin anlar ya\u015fand\u0131.BURSA (\u0130GFA)  &#8211; Bursa B\u00fcy\u00fck\u015fehir Belediye Meclisi\u2019nin May\u0131s ay\u0131 birinci toplant\u0131s\u0131, Ba\u015fkan Mustafa Bozbey\u2019in ba\u015fkanl\u0131\u011f\u0131nda yap\u0131ld\u0131.<br \/>\nG\u00fcndem maddelerine ge\u00e7ilmeden \u00f6nce grup s\u00f6zc\u00fclerinin s\u00f6z ald\u0131\u011f\u0131 toplant\u0131, zaman zaman tart\u0131\u015fmalara sahne oldu. Ba\u015fkan Mustafa Bozbey bunun \u00fczerine gergin ortam\u0131n sona ermesi amac\u0131yla oturuma ara verdi. Bu s\u0131rada mecliste gerginlik \u00e7\u0131karan baz\u0131 AK Partili meclis \u00fcyelerinin Ba\u015fkan Mustafa Bozbey\u2019e hakaret etmesi \u00fczerine tart\u0131\u015fmalar tekrar ba\u015flad\u0131.<br \/>\nAran\u0131n ard\u0131ndan a\u00e7\u0131klamalarda bulunan Ba\u015fkan Mustafa Bozbey, b\u00f6yle bir olay\u0131n Bursa B\u00fcy\u00fck\u015fehir Belediye Meclisi\u2019nde ya\u015fanmas\u0131ndan hicap duydu\u011funu belirtti.<br \/>\nDemokrasiye, insan hak ve \u00f6zg\u00fcrl\u00fcklerine, ifade \u00f6zg\u00fcrl\u00fc\u011f\u00fcne inanm\u0131\u015f insanlar olarak herkesi dinlemek zorunda olduklar\u0131n\u0131 s\u00f6yleyen Ba\u015fkan Bozbey, \u201cS\u00f6ylenenleri y\u00fczde 100 kabul edecek de\u011filiz. Kabul edebiliriz ya da etmeyebiliriz. Ancak birbirimize kar\u015f\u0131 s\u00f6ylemlerimizde ve ifadelerimizde insani duygular\u0131m\u0131z\u0131 b\u0131rakmamal\u0131y\u0131z. Ya\u015fananlardan \u00fcz\u00fcnt\u00fc duydum\u201d dedi.<\/p>\n<p>Meclis toplant\u0131s\u0131nda Bursa B\u00fcy\u00fck\u015fehir Belediyesi Ba\u015fkanl\u0131k Makam\u0131&#8217;na y\u00f6neltilen s\u00f6zl\u00fc sald\u0131r\u0131lar\u0131n sadece \u015fahsi de\u011fil, t\u00fcm Bursa\u2019ya yap\u0131lm\u0131\u015f a\u011f\u0131r bir hakaret oldu\u011funu belirten Ba\u015fkan Bozbey, meclisin \u00e7al\u0131\u015fma d\u00fczenini alt \u00fcst ederek, hakaret ya\u011fd\u0131rarak, belediyenin yasama faaliyetini sabote etmenin siyaset olmad\u0131\u011f\u0131n\u0131, vandall\u0131k oldu\u011funu ifade etti.<br \/>\nMeclis \u00e7at\u0131s\u0131 alt\u0131nda sergilenmesi gereken sayg\u0131, nezaket ve ciddiyet anlay\u0131\u015f\u0131n\u0131n \u00e7i\u011fnendi\u011fini, kurumlar\u0131n itibar\u0131n\u0131n hedef al\u0131nd\u0131\u011f\u0131n\u0131 s\u00f6yleyen Ba\u015fkan Bozbey, \u201cBursa\u2019n\u0131n se\u00e7ilmi\u015f ba\u015fkan\u0131 Mustafa Bozbey\u2019e kar\u015f\u0131 talihsiz ve yak\u0131\u015f\u0131ks\u0131z ifadeleri kullanan AK Parti Meclis \u00dcyelerinin tutumunu en sert bi\u00e7imde k\u0131n\u0131yorum. AK Parti\u2019den, kendi i\u00e7inde de bu yak\u0131\u015f\u0131ks\u0131z ifadeler nedeniyle, gerekli i\u015flemleri yapmas\u0131n\u0131 bekliyorum. Aksi takdirde, bu \u00e7irkin sald\u0131r\u0131y\u0131 sahiplenmi\u015f olacaklard\u0131r. Bursa halk\u0131n\u0131n iradesini temsil eden bu makam\u0131n onuru, hi\u00e7bir ki\u015fi ya da grubun siyasi h\u0131rslar\u0131na malzeme edilemez. Bursa, ahlakl\u0131 insanlar\u0131n \u015fehridir. A\u011f\u0131za al\u0131nmayacak k\u00fcf\u00fcrler ile Bursa\u2019da siyasetin kirletilmesini asla kabul etmiyoruz. Siyasi ahlak\u0131 ve Bursa\u2019n\u0131n huzurunu korumak i\u00e7in her platformda bu davran\u0131\u015flar\u0131n kar\u015f\u0131s\u0131nda olaca\u011f\u0131m\u0131z\u0131n alt\u0131n\u0131 \u00e7iziyoruz\u201d diye konu\u015ftu.<\/p>\n<p>\u200bBursa B\u00fcy\u00fck\u015fehir Belediye Meclisi\u2019nin May\u0131s ay\u0131 birinci toplant\u0131s\u0131nda yap\u0131lan konu\u015fmalar sonras\u0131nda tansiyon y\u00fckselirken, AK Partili baz\u0131 meclis \u00fcyelerinin ortam\u0131 sakinle\u015ftirmeye \u00e7al\u0131\u015fan Ba\u015fkan Mustafa Bozbey\u2019e hakaret etmesi \u00fczerine gergin anlar ya\u015fand\u0131.BURSA (\u0130GFA)  &#8211; Bursa B\u00fcy\u00fck\u015fehir Belediye Meclisi\u2019nin May\u0131s ay\u0131 birinci toplant\u0131s\u0131, Ba\u015fkan Mustafa Bozbey\u2019in ba\u015fkanl\u0131\u011f\u0131nda yap\u0131ld\u0131.<br \/>\nG\u00fcndem maddelerine ge\u00e7ilmeden \u00f6nce grup s\u00f6zc\u00fclerinin s\u00f6z ald\u0131\u011f\u0131 toplant\u0131, zaman zaman tart\u0131\u015fmalara sahne oldu. Ba\u015fkan Mustafa Bozbey bunun \u00fczerine gergin ortam\u0131n sona ermesi amac\u0131yla oturuma ara verdi. Bu s\u0131rada mecliste gerginlik \u00e7\u0131karan baz\u0131 AK Partili meclis \u00fcyelerinin Ba\u015fkan Mustafa Bozbey\u2019e hakaret etmesi \u00fczerine tart\u0131\u015fmalar tekrar ba\u015flad\u0131.<br \/>\nAran\u0131n ard\u0131ndan a\u00e7\u0131klamalarda bulunan Ba\u015fkan Mustafa Bozbey, b\u00f6yle bir olay\u0131n Bursa B\u00fcy\u00fck\u015fehir Belediye Meclisi\u2019nde ya\u015fanmas\u0131ndan hicap duydu\u011funu belirtti.<br \/>\nDemokrasiye, insan hak ve \u00f6zg\u00fcrl\u00fcklerine, ifade \u00f6zg\u00fcrl\u00fc\u011f\u00fcne inanm\u0131\u015f insanlar olarak herkesi dinlemek zorunda olduklar\u0131n\u0131 s\u00f6yleyen Ba\u015fkan Bozbey, \u201cS\u00f6ylenenleri y\u00fczde 100 kabul edecek de\u011filiz. Kabul edebiliriz ya da etmeyebiliriz. Ancak birbirimize kar\u015f\u0131 s\u00f6ylemlerimizde ve ifadelerimizde insani duygular\u0131m\u0131z\u0131 b\u0131rakmamal\u0131y\u0131z. Ya\u015fananlardan \u00fcz\u00fcnt\u00fc duydum\u201d dedi.<\/p>\n<p>Meclis toplant\u0131s\u0131nda Bursa B\u00fcy\u00fck\u015fehir Belediyesi Ba\u015fkanl\u0131k Makam\u0131&#8217;na y\u00f6neltilen s\u00f6zl\u00fc sald\u0131r\u0131lar\u0131n sadece \u015fahsi de\u011fil, t\u00fcm Bursa\u2019ya yap\u0131lm\u0131\u015f a\u011f\u0131r bir hakaret oldu\u011funu belirten Ba\u015fkan Bozbey, meclisin \u00e7al\u0131\u015fma d\u00fczenini alt \u00fcst ederek, hakaret ya\u011fd\u0131rarak, belediyenin yasama faaliyetini sabote etmenin siyaset olmad\u0131\u011f\u0131n\u0131, vandall\u0131k oldu\u011funu ifade etti.<br \/>\nMeclis \u00e7at\u0131s\u0131 alt\u0131nda sergilenmesi gereken sayg\u0131, nezaket ve ciddiyet anlay\u0131\u015f\u0131n\u0131n \u00e7i\u011fnendi\u011fini, kurumlar\u0131n itibar\u0131n\u0131n hedef al\u0131nd\u0131\u011f\u0131n\u0131 s\u00f6yleyen Ba\u015fkan Bozbey, \u201cBursa\u2019n\u0131n se\u00e7ilmi\u015f ba\u015fkan\u0131 Mustafa Bozbey\u2019e kar\u015f\u0131 talihsiz ve yak\u0131\u015f\u0131ks\u0131z ifadeleri kullanan AK Parti Meclis \u00dcyelerinin tutumunu en sert bi\u00e7imde k\u0131n\u0131yorum. AK Parti\u2019den, kendi i\u00e7inde de bu yak\u0131\u015f\u0131ks\u0131z ifadeler nedeniyle, gerekli i\u015flemleri yapmas\u0131n\u0131 bekliyorum. Aksi takdirde, bu \u00e7irkin sald\u0131r\u0131y\u0131 sahiplenmi\u015f olacaklard\u0131r. Bursa halk\u0131n\u0131n iradesini temsil eden bu makam\u0131n onuru, hi\u00e7bir ki\u015fi ya da grubun siyasi h\u0131rslar\u0131na malzeme edilemez. Bursa, ahlakl\u0131 insanlar\u0131n \u015fehridir. A\u011f\u0131za al\u0131nmayacak k\u00fcf\u00fcrler ile Bursa\u2019da siyasetin kirletilmesini asla kabul etmiyoruz. Siyasi ahlak\u0131 ve Bursa\u2019n\u0131n huzurunu korumak i\u00e7in her platformda bu davran\u0131\u015flar\u0131n kar\u015f\u0131s\u0131nda olaca\u011f\u0131m\u0131z\u0131n alt\u0131n\u0131 \u00e7iziyoruz\u201d diye konu\u015ftu.\u00a0<\/p>\n<p>\u200bHaberin Al\u0131nt\u0131land\u0131\u011f\u0131 Kaynak: www.iskenderun.org<\/p>","protected":false},"excerpt":{"rendered":"<p>Bursa B\u00fcy\u00fck\u015fehir Belediye Meclisi\u2019nin May\u0131s ay\u0131 birinci toplant\u0131s\u0131nda yap\u0131lan konu\u015fmalar sonras\u0131nda tansiyon y\u00fckselirken, AK Partili baz\u0131 meclis \u00fcyelerinin ortam\u0131 sakinle\u015ftirmeye \u00e7al\u0131\u015fan Ba\u015fkan Mustafa Bozbey\u2019e hakaret etmesi \u00fczerine gergin anlar ya\u015fand\u0131.BURSA (\u0130GFA) &#8211; Bursa B\u00fcy\u00fck\u015fehir Belediye Meclisi\u2019nin May\u0131s ay\u0131 birinci toplant\u0131s\u0131, Ba\u015fkan Mustafa Bozbey\u2019in ba\u015fkanl\u0131\u011f\u0131nda yap\u0131ld\u0131. G\u00fcndem maddelerine ge\u00e7ilmeden \u00f6nce grup s\u00f6zc\u00fclerinin s\u00f6z ald\u0131\u011f\u0131 toplant\u0131, zaman zaman tart\u0131\u015fmalara sahne oldu. Ba\u015fkan Mustafa Bozbey bunun \u00fczerine gergin ortam\u0131n sona ermesi amac\u0131yla oturuma ara verdi. Bu s\u0131rada mecliste gerginlik \u00e7\u0131karan baz\u0131 AK Partili meclis \u00fcyelerinin Ba\u015fkan Mustafa Bozbey\u2019e hakaret etmesi \u00fczerine tart\u0131\u015fmalar tekrar ba\u015flad\u0131. Aran\u0131n ard\u0131ndan a\u00e7\u0131klamalarda bulunan Ba\u015fkan Mustafa Bozbey, b\u00f6yle bir olay\u0131n Bursa B\u00fcy\u00fck\u015fehir Belediye Meclisi\u2019nde ya\u015fanmas\u0131ndan hicap duydu\u011funu belirtti. Demokrasiye, insan hak ve \u00f6zg\u00fcrl\u00fcklerine, ifade \u00f6zg\u00fcrl\u00fc\u011f\u00fcne inanm\u0131\u015f insanlar olarak herkesi dinlemek zorunda olduklar\u0131n\u0131 s\u00f6yleyen Ba\u015fkan Bozbey, \u201cS\u00f6ylenenleri y\u00fczde 100 kabul edecek de\u011filiz. Kabul edebiliriz ya da etmeyebiliriz. Ancak birbirimize kar\u015f\u0131 s\u00f6ylemlerimizde ve ifadelerimizde insani duygular\u0131m\u0131z\u0131 b\u0131rakmamal\u0131y\u0131z. Ya\u015fananlardan \u00fcz\u00fcnt\u00fc duydum\u201d dedi. Meclis toplant\u0131s\u0131nda Bursa B\u00fcy\u00fck\u015fehir Belediyesi Ba\u015fkanl\u0131k Makam\u0131&#8217;na y\u00f6neltilen s\u00f6zl\u00fc sald\u0131r\u0131lar\u0131n sadece \u015fahsi de\u011fil, t\u00fcm Bursa\u2019ya yap\u0131lm\u0131\u015f a\u011f\u0131r bir hakaret oldu\u011funu belirten Ba\u015fkan Bozbey, meclisin \u00e7al\u0131\u015fma d\u00fczenini alt \u00fcst ederek, hakaret ya\u011fd\u0131rarak, belediyenin yasama faaliyetini sabote etmenin siyaset olmad\u0131\u011f\u0131n\u0131, vandall\u0131k oldu\u011funu ifade etti. Meclis \u00e7at\u0131s\u0131 alt\u0131nda sergilenmesi gereken sayg\u0131, nezaket ve &hellip;<\/p>","protected":false},"author":1,"featured_media":0,"comment_status":"","ping_status":"open","sticky":false,"template":"","format":"standard","meta":{"_acf_changed":false,"footnotes":""},"categories":[24],"tags":[],"class_list":["post-88100","post","type-post","status-publish","format-standard","has-post-thumbnail","hentry","category-gundem"],"acf":[],"yoast_head":"<!-- This site is optimized with the Yoast SEO Premium plugin v26.6 (Yoast SEO v27.1.1) - https:\/\/yoast.com\/product\/yoast-seo-premium-wordpress\/ -->\n<title>Bursa B\u00fcy\u00fck\u015fehir Meclisi\u2019nde gerginlik! Ba\u015fkan Bozbey&#039;den sald\u0131r\u0131ya k\u0131nama! - Av. Deniz Can K\u0131z\u0131l<\/title>\n<meta name=\"robots\" content=\"index, follow, max-snippet:-1, max-image-preview:large, max-video-preview:-1\" \/>\n<link rel=\"canonical\" href=\"https:\/\/denizcankizil.tr\/en\/haberler\/gundem\/bursa-buyuksehir-meclisinde-gerginlik-baskan-bozbeyden-saldiriya-kinama\/\" \/>\n<meta property=\"og:locale\" content=\"en_GB\" \/>\n<meta property=\"og:type\" content=\"article\" \/>\n<meta property=\"og:title\" content=\"Bursa B\u00fcy\u00fck\u015fehir Meclisi\u2019nde gerginlik! Ba\u015fkan Bozbey&#039;den sald\u0131r\u0131ya k\u0131nama!\" \/>\n<meta property=\"og:description\" content=\"Bursa B\u00fcy\u00fck\u015fehir Belediye Meclisi\u2019nin May\u0131s ay\u0131 birinci toplant\u0131s\u0131nda yap\u0131lan konu\u015fmalar sonras\u0131nda tansiyon y\u00fckselirken, AK Partili baz\u0131 meclis \u00fcyelerinin ortam\u0131 sakinle\u015ftirmeye \u00e7al\u0131\u015fan Ba\u015fkan Mustafa Bozbey\u2019e hakaret etmesi \u00fczerine gergin anlar ya\u015fand\u0131.BURSA (\u0130GFA) &#8211; Bursa B\u00fcy\u00fck\u015fehir Belediye Meclisi\u2019nin May\u0131s ay\u0131 birinci toplant\u0131s\u0131, Ba\u015fkan Mustafa Bozbey\u2019in ba\u015fkanl\u0131\u011f\u0131nda yap\u0131ld\u0131. G\u00fcndem maddelerine ge\u00e7ilmeden \u00f6nce grup s\u00f6zc\u00fclerinin s\u00f6z ald\u0131\u011f\u0131 toplant\u0131, zaman zaman tart\u0131\u015fmalara sahne oldu. Ba\u015fkan Mustafa Bozbey bunun \u00fczerine gergin ortam\u0131n sona ermesi amac\u0131yla oturuma ara verdi. Bu s\u0131rada mecliste gerginlik \u00e7\u0131karan baz\u0131 AK Partili meclis \u00fcyelerinin Ba\u015fkan Mustafa Bozbey\u2019e hakaret etmesi \u00fczerine tart\u0131\u015fmalar tekrar ba\u015flad\u0131. Aran\u0131n ard\u0131ndan a\u00e7\u0131klamalarda bulunan Ba\u015fkan Mustafa Bozbey, b\u00f6yle bir olay\u0131n Bursa B\u00fcy\u00fck\u015fehir Belediye Meclisi\u2019nde ya\u015fanmas\u0131ndan hicap duydu\u011funu belirtti. Demokrasiye, insan hak ve \u00f6zg\u00fcrl\u00fcklerine, ifade \u00f6zg\u00fcrl\u00fc\u011f\u00fcne inanm\u0131\u015f insanlar olarak herkesi dinlemek zorunda olduklar\u0131n\u0131 s\u00f6yleyen Ba\u015fkan Bozbey, \u201cS\u00f6ylenenleri y\u00fczde 100 kabul edecek de\u011filiz. Kabul edebiliriz ya da etmeyebiliriz. Ancak birbirimize kar\u015f\u0131 s\u00f6ylemlerimizde ve ifadelerimizde insani duygular\u0131m\u0131z\u0131 b\u0131rakmamal\u0131y\u0131z. Ya\u015fananlardan \u00fcz\u00fcnt\u00fc duydum\u201d dedi. Meclis toplant\u0131s\u0131nda Bursa B\u00fcy\u00fck\u015fehir Belediyesi Ba\u015fkanl\u0131k Makam\u0131&#8217;na y\u00f6neltilen s\u00f6zl\u00fc sald\u0131r\u0131lar\u0131n sadece \u015fahsi de\u011fil, t\u00fcm Bursa\u2019ya yap\u0131lm\u0131\u015f a\u011f\u0131r bir hakaret oldu\u011funu belirten Ba\u015fkan Bozbey, meclisin \u00e7al\u0131\u015fma d\u00fczenini alt \u00fcst ederek, hakaret ya\u011fd\u0131rarak, belediyenin yasama faaliyetini sabote etmenin siyaset olmad\u0131\u011f\u0131n\u0131, vandall\u0131k oldu\u011funu ifade etti. Meclis \u00e7at\u0131s\u0131 alt\u0131nda sergilenmesi gereken sayg\u0131, nezaket ve &hellip;\" \/>\n<meta property=\"og:url\" content=\"https:\/\/denizcankizil.tr\/en\/haberler\/gundem\/bursa-buyuksehir-meclisinde-gerginlik-baskan-bozbeyden-saldiriya-kinama\/\" \/>\n<meta property=\"og:site_name\" content=\"Av. Deniz Can K\u0131z\u0131l\" \/>\n<meta property=\"article:published_time\" content=\"2025-05-16T03:42:19+00:00\" \/>\n<meta name=\"author\" content=\"admin\" \/>\n<meta name=\"twitter:card\" content=\"summary_large_image\" \/>\n<meta name=\"twitter:label1\" content=\"Written by\" \/>\n\t<meta name=\"twitter:data1\" content=\"admin\" \/>\n\t<meta name=\"twitter:label2\" content=\"Estimated reading time\" \/>\n\t<meta name=\"twitter:data2\" content=\"5 minutes\" \/>\n<script type=\"application\/ld+json\" class=\"yoast-schema-graph\">{\"@context\":\"https:\/\/schema.org\",\"@graph\":[{\"@type\":\"Article\",\"@id\":\"https:\/\/denizcankizil.tr\/ru\/haberler\/gundem\/bursa-buyuksehir-meclisinde-gerginlik-baskan-bozbeyden-saldiriya-kinama\/#article\",\"isPartOf\":{\"@id\":\"https:\/\/denizcankizil.tr\/ru\/haberler\/gundem\/bursa-buyuksehir-meclisinde-gerginlik-baskan-bozbeyden-saldiriya-kinama\/\"},\"author\":{\"name\":\"admin\",\"@id\":\"https:\/\/denizcankizil.tr\/de\/#\/schema\/person\/be3c05fe6a12686905512445d8185489\"},\"headline\":\"Bursa B\u00fcy\u00fck\u015fehir Meclisi\u2019nde gerginlik! Ba\u015fkan Bozbey&#8217;den sald\u0131r\u0131ya k\u0131nama!\",\"datePublished\":\"2025-05-16T03:42:19+00:00\",\"mainEntityOfPage\":{\"@id\":\"https:\/\/denizcankizil.tr\/ru\/haberler\/gundem\/bursa-buyuksehir-meclisinde-gerginlik-baskan-bozbeyden-saldiriya-kinama\/\"},\"wordCount\":933,\"publisher\":{\"@id\":\"https:\/\/denizcankizil.tr\/de\/#organization\"},\"articleSection\":[\"G\u00fcndem\"],\"inLanguage\":\"en-GB\"},{\"@type\":\"WebPage\",\"@id\":\"https:\/\/denizcankizil.tr\/ru\/haberler\/gundem\/bursa-buyuksehir-meclisinde-gerginlik-baskan-bozbeyden-saldiriya-kinama\/\",\"url\":\"https:\/\/denizcankizil.tr\/ru\/haberler\/gundem\/bursa-buyuksehir-meclisinde-gerginlik-baskan-bozbeyden-saldiriya-kinama\/\",\"name\":\"Bursa B\u00fcy\u00fck\u015fehir Meclisi\u2019nde gerginlik! Ba\u015fkan Bozbey'den sald\u0131r\u0131ya k\u0131nama! - Av. Deniz Can K\u0131z\u0131l\",\"isPartOf\":{\"@id\":\"https:\/\/denizcankizil.tr\/de\/#website\"},\"datePublished\":\"2025-05-16T03:42:19+00:00\",\"breadcrumb\":{\"@id\":\"https:\/\/denizcankizil.tr\/ru\/haberler\/gundem\/bursa-buyuksehir-meclisinde-gerginlik-baskan-bozbeyden-saldiriya-kinama\/#breadcrumb\"},\"inLanguage\":\"en-GB\",\"potentialAction\":[{\"@type\":\"ReadAction\",\"target\":[\"https:\/\/denizcankizil.tr\/ru\/haberler\/gundem\/bursa-buyuksehir-meclisinde-gerginlik-baskan-bozbeyden-saldiriya-kinama\/\"]}]},{\"@type\":\"BreadcrumbList\",\"@id\":\"https:\/\/denizcankizil.tr\/ru\/haberler\/gundem\/bursa-buyuksehir-meclisinde-gerginlik-baskan-bozbeyden-saldiriya-kinama\/#breadcrumb\",\"itemListElement\":[{\"@type\":\"ListItem\",\"position\":1,\"name\":\"Home\",\"item\":\"https:\/\/denizcankizil.tr\/de\/\"},{\"@type\":\"ListItem\",\"position\":2,\"name\":\"Bursa B\u00fcy\u00fck\u015fehir Meclisi\u2019nde gerginlik! Ba\u015fkan Bozbey&#8217;den sald\u0131r\u0131ya k\u0131nama!\"}]},{\"@type\":\"WebSite\",\"@id\":\"https:\/\/denizcankizil.tr\/de\/#website\",\"url\":\"https:\/\/denizcankizil.tr\/de\/\",\"name\":\"Av. Deniz Can K\u0131z\u0131l\",\"description\":\"Avukat Deniz Can K\u0131z\u0131l Antalya Barosu\",\"publisher\":{\"@id\":\"https:\/\/denizcankizil.tr\/de\/#organization\"},\"potentialAction\":[{\"@type\":\"SearchAction\",\"target\":{\"@type\":\"EntryPoint\",\"urlTemplate\":\"https:\/\/denizcankizil.tr\/de\/?s={search_term_string}\"},\"query-input\":{\"@type\":\"PropertyValueSpecification\",\"valueRequired\":true,\"valueName\":\"search_term_string\"}}],\"inLanguage\":\"en-GB\"},{\"@type\":\"Organization\",\"@id\":\"https:\/\/denizcankizil.tr\/de\/#organization\",\"name\":\"Av. Deniz Can K\u0131z\u0131l\",\"url\":\"https:\/\/denizcankizil.tr\/de\/\",\"logo\":{\"@type\":\"ImageObject\",\"inLanguage\":\"en-GB\",\"@id\":\"https:\/\/denizcankizil.tr\/de\/#\/schema\/logo\/image\/\",\"url\":\"http:\/\/denizcankizil.tr\/wp-content\/uploads\/2024\/10\/siyah-logo-svg.svg\",\"contentUrl\":\"http:\/\/denizcankizil.tr\/wp-content\/uploads\/2024\/10\/siyah-logo-svg.svg\",\"width\":1080,\"height\":1080,\"caption\":\"Av. Deniz Can K\u0131z\u0131l\"},\"image\":{\"@id\":\"https:\/\/denizcankizil.tr\/de\/#\/schema\/logo\/image\/\"}},{\"@type\":\"Person\",\"@id\":\"https:\/\/denizcankizil.tr\/de\/#\/schema\/person\/be3c05fe6a12686905512445d8185489\",\"name\":\"admin\",\"image\":{\"@type\":\"ImageObject\",\"inLanguage\":\"en-GB\",\"@id\":\"https:\/\/denizcankizil.tr\/de\/#\/schema\/person\/image\/\",\"url\":\"https:\/\/secure.gravatar.com\/avatar\/c1fce94c830dc79107e174f890d7210541c4a63e8e5d816341794a2151c9d58c?s=96&d=mm&r=g\",\"contentUrl\":\"https:\/\/secure.gravatar.com\/avatar\/c1fce94c830dc79107e174f890d7210541c4a63e8e5d816341794a2151c9d58c?s=96&d=mm&r=g\",\"caption\":\"admin\"},\"sameAs\":[\"http:\/\/denizcankizil.tr\"],\"url\":\"https:\/\/www.iskenderun.org\/bursa-buyuksehir-meclisinde-gerginlik-baskan-bozbeyden-saldiriya-kinama\"}]}<\/script>\n<!-- \/ Yoast SEO Premium plugin. -->","yoast_head_json":{"title":"Bursa B\u00fcy\u00fck\u015fehir Meclisi\u2019nde gerginlik! Ba\u015fkan Bozbey'den sald\u0131r\u0131ya k\u0131nama! - Av. Deniz Can K\u0131z\u0131l","robots":{"index":"index","follow":"follow","max-snippet":"max-snippet:-1","max-image-preview":"max-image-preview:large","max-video-preview":"max-video-preview:-1"},"canonical":"https:\/\/denizcankizil.tr\/en\/haberler\/gundem\/bursa-buyuksehir-meclisinde-gerginlik-baskan-bozbeyden-saldiriya-kinama\/","og_locale":"en_GB","og_type":"article","og_title":"Bursa B\u00fcy\u00fck\u015fehir Meclisi\u2019nde gerginlik! Ba\u015fkan Bozbey'den sald\u0131r\u0131ya k\u0131nama!","og_description":"Bursa B\u00fcy\u00fck\u015fehir Belediye Meclisi\u2019nin May\u0131s ay\u0131 birinci toplant\u0131s\u0131nda yap\u0131lan konu\u015fmalar sonras\u0131nda tansiyon y\u00fckselirken, AK Partili baz\u0131 meclis \u00fcyelerinin ortam\u0131 sakinle\u015ftirmeye \u00e7al\u0131\u015fan Ba\u015fkan Mustafa Bozbey\u2019e hakaret etmesi \u00fczerine gergin anlar ya\u015fand\u0131.BURSA (\u0130GFA) &#8211; Bursa B\u00fcy\u00fck\u015fehir Belediye Meclisi\u2019nin May\u0131s ay\u0131 birinci toplant\u0131s\u0131, Ba\u015fkan Mustafa Bozbey\u2019in ba\u015fkanl\u0131\u011f\u0131nda yap\u0131ld\u0131. G\u00fcndem maddelerine ge\u00e7ilmeden \u00f6nce grup s\u00f6zc\u00fclerinin s\u00f6z ald\u0131\u011f\u0131 toplant\u0131, zaman zaman tart\u0131\u015fmalara sahne oldu. Ba\u015fkan Mustafa Bozbey bunun \u00fczerine gergin ortam\u0131n sona ermesi amac\u0131yla oturuma ara verdi. Bu s\u0131rada mecliste gerginlik \u00e7\u0131karan baz\u0131 AK Partili meclis \u00fcyelerinin Ba\u015fkan Mustafa Bozbey\u2019e hakaret etmesi \u00fczerine tart\u0131\u015fmalar tekrar ba\u015flad\u0131. Aran\u0131n ard\u0131ndan a\u00e7\u0131klamalarda bulunan Ba\u015fkan Mustafa Bozbey, b\u00f6yle bir olay\u0131n Bursa B\u00fcy\u00fck\u015fehir Belediye Meclisi\u2019nde ya\u015fanmas\u0131ndan hicap duydu\u011funu belirtti. Demokrasiye, insan hak ve \u00f6zg\u00fcrl\u00fcklerine, ifade \u00f6zg\u00fcrl\u00fc\u011f\u00fcne inanm\u0131\u015f insanlar olarak herkesi dinlemek zorunda olduklar\u0131n\u0131 s\u00f6yleyen Ba\u015fkan Bozbey, \u201cS\u00f6ylenenleri y\u00fczde 100 kabul edecek de\u011filiz. Kabul edebiliriz ya da etmeyebiliriz. Ancak birbirimize kar\u015f\u0131 s\u00f6ylemlerimizde ve ifadelerimizde insani duygular\u0131m\u0131z\u0131 b\u0131rakmamal\u0131y\u0131z. Ya\u015fananlardan \u00fcz\u00fcnt\u00fc duydum\u201d dedi. Meclis toplant\u0131s\u0131nda Bursa B\u00fcy\u00fck\u015fehir Belediyesi Ba\u015fkanl\u0131k Makam\u0131&#8217;na y\u00f6neltilen s\u00f6zl\u00fc sald\u0131r\u0131lar\u0131n sadece \u015fahsi de\u011fil, t\u00fcm Bursa\u2019ya yap\u0131lm\u0131\u015f a\u011f\u0131r bir hakaret oldu\u011funu belirten Ba\u015fkan Bozbey, meclisin \u00e7al\u0131\u015fma d\u00fczenini alt \u00fcst ederek, hakaret ya\u011fd\u0131rarak, belediyenin yasama faaliyetini sabote etmenin siyaset olmad\u0131\u011f\u0131n\u0131, vandall\u0131k oldu\u011funu ifade etti. Meclis \u00e7at\u0131s\u0131 alt\u0131nda sergilenmesi gereken sayg\u0131, nezaket ve &hellip;","og_url":"https:\/\/denizcankizil.tr\/en\/haberler\/gundem\/bursa-buyuksehir-meclisinde-gerginlik-baskan-bozbeyden-saldiriya-kinama\/","og_site_name":"Av. Deniz Can K\u0131z\u0131l","article_published_time":"2025-05-16T03:42:19+00:00","author":"admin","twitter_card":"summary_large_image","twitter_misc":{"Written by":"admin","Estimated reading time":"5 minutes"},"schema":{"@context":"https:\/\/schema.org","@graph":[{"@type":"Article","@id":"https:\/\/denizcankizil.tr\/ru\/haberler\/gundem\/bursa-buyuksehir-meclisinde-gerginlik-baskan-bozbeyden-saldiriya-kinama\/#article","isPartOf":{"@id":"https:\/\/denizcankizil.tr\/ru\/haberler\/gundem\/bursa-buyuksehir-meclisinde-gerginlik-baskan-bozbeyden-saldiriya-kinama\/"},"author":{"name":"admin","@id":"https:\/\/denizcankizil.tr\/de\/#\/schema\/person\/be3c05fe6a12686905512445d8185489"},"headline":"Bursa B\u00fcy\u00fck\u015fehir Meclisi\u2019nde gerginlik! Ba\u015fkan Bozbey&#8217;den sald\u0131r\u0131ya k\u0131nama!","datePublished":"2025-05-16T03:42:19+00:00","mainEntityOfPage":{"@id":"https:\/\/denizcankizil.tr\/ru\/haberler\/gundem\/bursa-buyuksehir-meclisinde-gerginlik-baskan-bozbeyden-saldiriya-kinama\/"},"wordCount":933,"publisher":{"@id":"https:\/\/denizcankizil.tr\/de\/#organization"},"articleSection":["G\u00fcndem"],"inLanguage":"en-GB"},{"@type":"WebPage","@id":"https:\/\/denizcankizil.tr\/ru\/haberler\/gundem\/bursa-buyuksehir-meclisinde-gerginlik-baskan-bozbeyden-saldiriya-kinama\/","url":"https:\/\/denizcankizil.tr\/ru\/haberler\/gundem\/bursa-buyuksehir-meclisinde-gerginlik-baskan-bozbeyden-saldiriya-kinama\/","name":"Bursa B\u00fcy\u00fck\u015fehir Meclisi\u2019nde gerginlik! Ba\u015fkan Bozbey'den sald\u0131r\u0131ya k\u0131nama! - Av. Deniz Can K\u0131z\u0131l","isPartOf":{"@id":"https:\/\/denizcankizil.tr\/de\/#website"},"datePublished":"2025-05-16T03:42:19+00:00","breadcrumb":{"@id":"https:\/\/denizcankizil.tr\/ru\/haberler\/gundem\/bursa-buyuksehir-meclisinde-gerginlik-baskan-bozbeyden-saldiriya-kinama\/#breadcrumb"},"inLanguage":"en-GB","potentialAction":[{"@type":"ReadAction","target":["https:\/\/denizcankizil.tr\/ru\/haberler\/gundem\/bursa-buyuksehir-meclisinde-gerginlik-baskan-bozbeyden-saldiriya-kinama\/"]}]},{"@type":"BreadcrumbList","@id":"https:\/\/denizcankizil.tr\/ru\/haberler\/gundem\/bursa-buyuksehir-meclisinde-gerginlik-baskan-bozbeyden-saldiriya-kinama\/#breadcrumb","itemListElement":[{"@type":"ListItem","position":1,"name":"Home","item":"https:\/\/denizcankizil.tr\/de\/"},{"@type":"ListItem","position":2,"name":"Bursa B\u00fcy\u00fck\u015fehir Meclisi\u2019nde gerginlik! Ba\u015fkan Bozbey&#8217;den sald\u0131r\u0131ya k\u0131nama!"}]},{"@type":"WebSite","@id":"https:\/\/denizcankizil.tr\/de\/#website","url":"https:\/\/denizcankizil.tr\/de\/","name":"Av. Deniz Can K\u0131z\u0131l","description":"Avukat Deniz Can K\u0131z\u0131l Antalya Barosu","publisher":{"@id":"https:\/\/denizcankizil.tr\/de\/#organization"},"potentialAction":[{"@type":"SearchAction","target":{"@type":"EntryPoint","urlTemplate":"https:\/\/denizcankizil.tr\/de\/?s={search_term_string}"},"query-input":{"@type":"PropertyValueSpecification","valueRequired":true,"valueName":"search_term_string"}}],"inLanguage":"en-GB"},{"@type":"Organization","@id":"https:\/\/denizcankizil.tr\/de\/#organization","name":"Av. Deniz Can K\u0131z\u0131l","url":"https:\/\/denizcankizil.tr\/de\/","logo":{"@type":"ImageObject","inLanguage":"en-GB","@id":"https:\/\/denizcankizil.tr\/de\/#\/schema\/logo\/image\/","url":"http:\/\/denizcankizil.tr\/wp-content\/uploads\/2024\/10\/siyah-logo-svg.svg","contentUrl":"http:\/\/denizcankizil.tr\/wp-content\/uploads\/2024\/10\/siyah-logo-svg.svg","width":1080,"height":1080,"caption":"Av. Deniz Can K\u0131z\u0131l"},"image":{"@id":"https:\/\/denizcankizil.tr\/de\/#\/schema\/logo\/image\/"}},{"@type":"Person","@id":"https:\/\/denizcankizil.tr\/de\/#\/schema\/person\/be3c05fe6a12686905512445d8185489","name":"admin","image":{"@type":"ImageObject","inLanguage":"en-GB","@id":"https:\/\/denizcankizil.tr\/de\/#\/schema\/person\/image\/","url":"https:\/\/secure.gravatar.com\/avatar\/c1fce94c830dc79107e174f890d7210541c4a63e8e5d816341794a2151c9d58c?s=96&d=mm&r=g","contentUrl":"https:\/\/secure.gravatar.com\/avatar\/c1fce94c830dc79107e174f890d7210541c4a63e8e5d816341794a2151c9d58c?s=96&d=mm&r=g","caption":"admin"},"sameAs":["http:\/\/denizcankizil.tr"],"url":"https:\/\/www.iskenderun.org\/bursa-buyuksehir-meclisinde-gerginlik-baskan-bozbeyden-saldiriya-kinama"}]}},"_links":{"self":[{"href":"http:\/\/denizcankizil.tr\/en\/wp-json\/wp\/v2\/posts\/88100","targetHints":{"allow":["GET"]}}],"collection":[{"href":"http:\/\/denizcankizil.tr\/en\/wp-json\/wp\/v2\/posts"}],"about":[{"href":"http:\/\/denizcankizil.tr\/en\/wp-json\/wp\/v2\/types\/post"}],"author":[{"embeddable":true,"href":"http:\/\/denizcankizil.tr\/en\/wp-json\/wp\/v2\/users\/1"}],"replies":[{"embeddable":true,"href":"http:\/\/denizcankizil.tr\/en\/wp-json\/wp\/v2\/comments?post=88100"}],"version-history":[{"count":0,"href":"http:\/\/denizcankizil.tr\/en\/wp-json\/wp\/v2\/posts\/88100\/revisions"}],"wp:attachment":[{"href":"http:\/\/denizcankizil.tr\/en\/wp-json\/wp\/v2\/media?parent=88100"}],"wp:term":[{"taxonomy":"category","embeddable":true,"href":"http:\/\/denizcankizil.tr\/en\/wp-json\/wp\/v2\/categories?post=88100"},{"taxonomy":"post_tag","embeddable":true,"href":"http:\/\/denizcankizil.tr\/en\/wp-json\/wp\/v2\/tags?post=88100"}],"curies":[{"name":"wp","href":"https:\/\/api.w.org\/{rel}","templated":true}]}}