{"id":87473,"date":"2025-05-15T16:51:35","date_gmt":"2025-05-15T13:51:35","guid":{"rendered":"https:\/\/denizcankizil.tr\/uncategorized-tr\/bakan-tunc-hukuk-mahkemelerinin-etkinligi-artirilacak\/"},"modified":"2025-05-15T16:51:35","modified_gmt":"2025-05-15T13:51:35","slug":"bakan-tunc-hukuk-mahkemelerinin-etkinligi-artirilacak","status":"publish","type":"post","link":"http:\/\/denizcankizil.tr\/en\/haberler\/gundem\/bakan-tunc-hukuk-mahkemelerinin-etkinligi-artirilacak\/","title":{"rendered":"Bakan Tun\u00e7: Hukuk Mahkemeleri&#8217;nin etkinli\u011fi art\u0131r\u0131lacak"},"content":{"rendered":"<p>Adalet Bakan\u0131 Y\u0131lmaz Tun\u00e7, \u2018Hukuk Mahkemelerinin Etkinli\u011finin Art\u0131r\u0131lmas\u0131 \u00c7al\u0131\u015ftay\u0131\u2019nda yarg\u0131 mensuplar\u0131, avukatlar, noterler, akademisyenler ve STK temsilcileriyle bir araya geldi. Hukuk Muhakemeleri Kanunu\u2019nun uygulamalar\u0131 de\u011ferlendirilirken, \u00e7al\u0131\u015ftay\u0131n mevzuat \u00e7al\u0131\u015fmalar\u0131na katk\u0131 sunaca\u011f\u0131 belirtildi.ANKARA (\u0130GFA) &#8211; Adalet Bakan\u0131 Y\u0131lmaz Tun\u00e7, \u2018Hukuk Mahkemelerinin Etkinli\u011finin Art\u0131r\u0131lmas\u0131 \u00c7al\u0131\u015ftay\u0131\u2019nda hukuk camias\u0131yla bulu\u015ftu.<br \/>\n\u00c7al\u0131\u015ftayda, Hukuk Muhakemeleri Kanunu\u2019nun y\u00fcr\u00fcrl\u00fc\u011fe girdi\u011fi 2011\u2019den bu yana yap\u0131lan yenilikler ve kanunun uygulamadaki etkileri masaya yat\u0131r\u0131ld\u0131.<br \/>\n#Canl\u0131 Yay\u0131n | \u2018Hukuk Mahkemelerinin Etkinli\u011finin Art\u0131r\u0131lmas\u0131 \u00c7al\u0131\u015ftay\u0131\u2019nday\u0131z. https:\/\/t.co\/7CeiFRIXwi\u2014 Y\u0131lmaz TUN\u00c7 (@yilmaztunc) May 15, 2025<br \/>\nBakan Tun\u00e7, yarg\u0131 mensuplar\u0131, avukatlar, noterler, akademisyenler ve sivil toplum kurulu\u015fu temsilcilerinin kat\u0131ld\u0131\u011f\u0131 \u00e7al\u0131\u015ftay\u0131n, gelece\u011fe y\u00f6nelik ortak bir vizyon olu\u015fturaca\u011f\u0131n\u0131 vurgularken, \u201c\u00c7al\u0131\u015ftaydan \u00e7\u0131kacak g\u00f6r\u00fc\u015f ve \u00f6neriler, mevzuat ve uygulamaya y\u00f6nelik \u00e7al\u0131\u015fmalar\u0131m\u0131za \u00f6nemli katk\u0131lar sunacak. Eme\u011fi ge\u00e7en herkese te\u015fekk\u00fcr ediyorum\u201d dedi.<\/p>\n<p>\u200bAdalet Bakan\u0131 Y\u0131lmaz Tun\u00e7, \u2018Hukuk Mahkemelerinin Etkinli\u011finin Art\u0131r\u0131lmas\u0131 \u00c7al\u0131\u015ftay\u0131\u2019nda yarg\u0131 mensuplar\u0131, avukatlar, noterler, akademisyenler ve STK temsilcileriyle bir araya geldi. Hukuk Muhakemeleri Kanunu\u2019nun uygulamalar\u0131 de\u011ferlendirilirken, \u00e7al\u0131\u015ftay\u0131n mevzuat \u00e7al\u0131\u015fmalar\u0131na katk\u0131 sunaca\u011f\u0131 belirtildi.ANKARA (\u0130GFA) &#8211; Adalet Bakan\u0131 Y\u0131lmaz Tun\u00e7, \u2018Hukuk Mahkemelerinin Etkinli\u011finin Art\u0131r\u0131lmas\u0131 \u00c7al\u0131\u015ftay\u0131\u2019nda hukuk camias\u0131yla bulu\u015ftu.<br \/>\n\u00c7al\u0131\u015ftayda, Hukuk Muhakemeleri Kanunu\u2019nun y\u00fcr\u00fcrl\u00fc\u011fe girdi\u011fi 2011\u2019den bu yana yap\u0131lan yenilikler ve kanunun uygulamadaki etkileri masaya yat\u0131r\u0131ld\u0131.<br \/>\n#Canl\u0131 Yay\u0131n | \u2018Hukuk Mahkemelerinin Etkinli\u011finin Art\u0131r\u0131lmas\u0131 \u00c7al\u0131\u015ftay\u0131\u2019nday\u0131z. https:\/\/t.co\/7CeiFRIXwi\u2014 Y\u0131lmaz TUN\u00c7 (@yilmaztunc) May 15, 2025<br \/>\nBakan Tun\u00e7, yarg\u0131 mensuplar\u0131, avukatlar, noterler, akademisyenler ve sivil toplum kurulu\u015fu temsilcilerinin kat\u0131ld\u0131\u011f\u0131 \u00e7al\u0131\u015ftay\u0131n, gelece\u011fe y\u00f6nelik ortak bir vizyon olu\u015fturaca\u011f\u0131n\u0131 vurgularken, \u201c\u00c7al\u0131\u015ftaydan \u00e7\u0131kacak g\u00f6r\u00fc\u015f ve \u00f6neriler, mevzuat ve uygulamaya y\u00f6nelik \u00e7al\u0131\u015fmalar\u0131m\u0131za \u00f6nemli katk\u0131lar sunacak. Eme\u011fi ge\u00e7en herkese te\u015fekk\u00fcr ediyorum\u201d dedi.\u00a0<\/p>\n<p>\u200bHaberin Al\u0131nt\u0131land\u0131\u011f\u0131 Kaynak: www.iskenderun.org<\/p>","protected":false},"excerpt":{"rendered":"<p>Adalet Bakan\u0131 Y\u0131lmaz Tun\u00e7, \u2018Hukuk Mahkemelerinin Etkinli\u011finin Art\u0131r\u0131lmas\u0131 \u00c7al\u0131\u015ftay\u0131\u2019nda yarg\u0131 mensuplar\u0131, avukatlar, noterler, akademisyenler ve STK temsilcileriyle bir araya geldi. Hukuk Muhakemeleri Kanunu\u2019nun uygulamalar\u0131 de\u011ferlendirilirken, \u00e7al\u0131\u015ftay\u0131n mevzuat \u00e7al\u0131\u015fmalar\u0131na katk\u0131 sunaca\u011f\u0131 belirtildi.ANKARA (\u0130GFA) &#8211; Adalet Bakan\u0131 Y\u0131lmaz Tun\u00e7, \u2018Hukuk Mahkemelerinin Etkinli\u011finin Art\u0131r\u0131lmas\u0131 \u00c7al\u0131\u015ftay\u0131\u2019nda hukuk camias\u0131yla bulu\u015ftu. \u00c7al\u0131\u015ftayda, Hukuk Muhakemeleri Kanunu\u2019nun y\u00fcr\u00fcrl\u00fc\u011fe girdi\u011fi 2011\u2019den bu yana yap\u0131lan yenilikler ve kanunun uygulamadaki etkileri masaya yat\u0131r\u0131ld\u0131. #Canl\u0131 Yay\u0131n | \u2018Hukuk Mahkemelerinin Etkinli\u011finin Art\u0131r\u0131lmas\u0131 \u00c7al\u0131\u015ftay\u0131\u2019nday\u0131z. https:\/\/t.co\/7CeiFRIXwi\u2014 Y\u0131lmaz TUN\u00c7 (@yilmaztunc) May 15, 2025 Bakan Tun\u00e7, yarg\u0131 mensuplar\u0131, avukatlar, noterler, akademisyenler ve sivil toplum kurulu\u015fu temsilcilerinin kat\u0131ld\u0131\u011f\u0131 \u00e7al\u0131\u015ftay\u0131n, gelece\u011fe y\u00f6nelik ortak bir vizyon olu\u015fturaca\u011f\u0131n\u0131 vurgularken, \u201c\u00c7al\u0131\u015ftaydan \u00e7\u0131kacak g\u00f6r\u00fc\u015f ve \u00f6neriler, mevzuat ve uygulamaya y\u00f6nelik \u00e7al\u0131\u015fmalar\u0131m\u0131za \u00f6nemli katk\u0131lar sunacak. Eme\u011fi ge\u00e7en herkese te\u015fekk\u00fcr ediyorum\u201d dedi. \u200bAdalet Bakan\u0131 Y\u0131lmaz Tun\u00e7, \u2018Hukuk Mahkemelerinin Etkinli\u011finin Art\u0131r\u0131lmas\u0131 \u00c7al\u0131\u015ftay\u0131\u2019nda yarg\u0131 mensuplar\u0131, avukatlar, noterler, akademisyenler ve STK temsilcileriyle bir araya geldi. Hukuk Muhakemeleri Kanunu\u2019nun uygulamalar\u0131 de\u011ferlendirilirken, \u00e7al\u0131\u015ftay\u0131n mevzuat \u00e7al\u0131\u015fmalar\u0131na katk\u0131 sunaca\u011f\u0131 belirtildi.ANKARA (\u0130GFA) &#8211; Adalet Bakan\u0131 Y\u0131lmaz Tun\u00e7, \u2018Hukuk Mahkemelerinin Etkinli\u011finin Art\u0131r\u0131lmas\u0131 \u00c7al\u0131\u015ftay\u0131\u2019nda hukuk camias\u0131yla bulu\u015ftu. \u00c7al\u0131\u015ftayda, Hukuk Muhakemeleri Kanunu\u2019nun y\u00fcr\u00fcrl\u00fc\u011fe girdi\u011fi 2011\u2019den bu yana yap\u0131lan yenilikler ve kanunun uygulamadaki etkileri masaya yat\u0131r\u0131ld\u0131. #Canl\u0131 Yay\u0131n | \u2018Hukuk Mahkemelerinin Etkinli\u011finin Art\u0131r\u0131lmas\u0131 \u00c7al\u0131\u015ftay\u0131\u2019nday\u0131z. https:\/\/t.co\/7CeiFRIXwi\u2014 Y\u0131lmaz TUN\u00c7 (@yilmaztunc) May 15, 2025 Bakan Tun\u00e7, yarg\u0131 mensuplar\u0131, avukatlar, noterler, &hellip;<\/p>","protected":false},"author":1,"featured_media":0,"comment_status":"","ping_status":"open","sticky":false,"template":"","format":"standard","meta":{"_acf_changed":false,"footnotes":""},"categories":[24],"tags":[],"class_list":["post-87473","post","type-post","status-publish","format-standard","has-post-thumbnail","hentry","category-gundem"],"acf":[],"yoast_head":"<!-- This site is optimized with the Yoast SEO Premium plugin v26.6 (Yoast SEO v27.1.1) - https:\/\/yoast.com\/product\/yoast-seo-premium-wordpress\/ -->\n<title>Bakan Tun\u00e7: Hukuk Mahkemeleri&#039;nin etkinli\u011fi art\u0131r\u0131lacak - Av. Deniz Can K\u0131z\u0131l<\/title>\n<meta name=\"robots\" content=\"index, follow, max-snippet:-1, max-image-preview:large, max-video-preview:-1\" \/>\n<link rel=\"canonical\" href=\"http:\/\/denizcankizil.tr\/en\/haberler\/gundem\/bakan-tunc-hukuk-mahkemelerinin-etkinligi-artirilacak\/\" \/>\n<meta property=\"og:locale\" content=\"en_GB\" \/>\n<meta property=\"og:type\" content=\"article\" \/>\n<meta property=\"og:title\" content=\"Bakan Tun\u00e7: Hukuk Mahkemeleri&#039;nin etkinli\u011fi art\u0131r\u0131lacak\" \/>\n<meta property=\"og:description\" content=\"Adalet Bakan\u0131 Y\u0131lmaz Tun\u00e7, \u2018Hukuk Mahkemelerinin Etkinli\u011finin Art\u0131r\u0131lmas\u0131 \u00c7al\u0131\u015ftay\u0131\u2019nda yarg\u0131 mensuplar\u0131, avukatlar, noterler, akademisyenler ve STK temsilcileriyle bir araya geldi. Hukuk Muhakemeleri Kanunu\u2019nun uygulamalar\u0131 de\u011ferlendirilirken, \u00e7al\u0131\u015ftay\u0131n mevzuat \u00e7al\u0131\u015fmalar\u0131na katk\u0131 sunaca\u011f\u0131 belirtildi.ANKARA (\u0130GFA) &#8211; Adalet Bakan\u0131 Y\u0131lmaz Tun\u00e7, \u2018Hukuk Mahkemelerinin Etkinli\u011finin Art\u0131r\u0131lmas\u0131 \u00c7al\u0131\u015ftay\u0131\u2019nda hukuk camias\u0131yla bulu\u015ftu. \u00c7al\u0131\u015ftayda, Hukuk Muhakemeleri Kanunu\u2019nun y\u00fcr\u00fcrl\u00fc\u011fe girdi\u011fi 2011\u2019den bu yana yap\u0131lan yenilikler ve kanunun uygulamadaki etkileri masaya yat\u0131r\u0131ld\u0131. #Canl\u0131 Yay\u0131n | \u2018Hukuk Mahkemelerinin Etkinli\u011finin Art\u0131r\u0131lmas\u0131 \u00c7al\u0131\u015ftay\u0131\u2019nday\u0131z. https:\/\/t.co\/7CeiFRIXwi\u2014 Y\u0131lmaz TUN\u00c7 (@yilmaztunc) May 15, 2025 Bakan Tun\u00e7, yarg\u0131 mensuplar\u0131, avukatlar, noterler, akademisyenler ve sivil toplum kurulu\u015fu temsilcilerinin kat\u0131ld\u0131\u011f\u0131 \u00e7al\u0131\u015ftay\u0131n, gelece\u011fe y\u00f6nelik ortak bir vizyon olu\u015fturaca\u011f\u0131n\u0131 vurgularken, \u201c\u00c7al\u0131\u015ftaydan \u00e7\u0131kacak g\u00f6r\u00fc\u015f ve \u00f6neriler, mevzuat ve uygulamaya y\u00f6nelik \u00e7al\u0131\u015fmalar\u0131m\u0131za \u00f6nemli katk\u0131lar sunacak. Eme\u011fi ge\u00e7en herkese te\u015fekk\u00fcr ediyorum\u201d dedi. \u200bAdalet Bakan\u0131 Y\u0131lmaz Tun\u00e7, \u2018Hukuk Mahkemelerinin Etkinli\u011finin Art\u0131r\u0131lmas\u0131 \u00c7al\u0131\u015ftay\u0131\u2019nda yarg\u0131 mensuplar\u0131, avukatlar, noterler, akademisyenler ve STK temsilcileriyle bir araya geldi. Hukuk Muhakemeleri Kanunu\u2019nun uygulamalar\u0131 de\u011ferlendirilirken, \u00e7al\u0131\u015ftay\u0131n mevzuat \u00e7al\u0131\u015fmalar\u0131na katk\u0131 sunaca\u011f\u0131 belirtildi.ANKARA (\u0130GFA) &#8211; Adalet Bakan\u0131 Y\u0131lmaz Tun\u00e7, \u2018Hukuk Mahkemelerinin Etkinli\u011finin Art\u0131r\u0131lmas\u0131 \u00c7al\u0131\u015ftay\u0131\u2019nda hukuk camias\u0131yla bulu\u015ftu. \u00c7al\u0131\u015ftayda, Hukuk Muhakemeleri Kanunu\u2019nun y\u00fcr\u00fcrl\u00fc\u011fe girdi\u011fi 2011\u2019den bu yana yap\u0131lan yenilikler ve kanunun uygulamadaki etkileri masaya yat\u0131r\u0131ld\u0131. #Canl\u0131 Yay\u0131n | \u2018Hukuk Mahkemelerinin Etkinli\u011finin Art\u0131r\u0131lmas\u0131 \u00c7al\u0131\u015ftay\u0131\u2019nday\u0131z. https:\/\/t.co\/7CeiFRIXwi\u2014 Y\u0131lmaz TUN\u00c7 (@yilmaztunc) May 15, 2025 Bakan Tun\u00e7, yarg\u0131 mensuplar\u0131, avukatlar, noterler, &hellip;\" \/>\n<meta property=\"og:url\" content=\"http:\/\/denizcankizil.tr\/en\/haberler\/gundem\/bakan-tunc-hukuk-mahkemelerinin-etkinligi-artirilacak\/\" \/>\n<meta property=\"og:site_name\" content=\"Av. Deniz Can K\u0131z\u0131l\" \/>\n<meta property=\"article:published_time\" content=\"2025-05-15T13:51:35+00:00\" \/>\n<meta name=\"author\" content=\"admin\" \/>\n<meta name=\"twitter:card\" content=\"summary_large_image\" \/>\n<meta name=\"twitter:label1\" content=\"Written by\" \/>\n\t<meta name=\"twitter:data1\" content=\"admin\" \/>\n\t<meta name=\"twitter:label2\" content=\"Estimated reading time\" \/>\n\t<meta name=\"twitter:data2\" content=\"2 minutes\" \/>\n<script type=\"application\/ld+json\" class=\"yoast-schema-graph\">{\"@context\":\"https:\/\/schema.org\",\"@graph\":[{\"@type\":\"Article\",\"@id\":\"http:\/\/denizcankizil.tr\/en\/haberler\/gundem\/bakan-tunc-hukuk-mahkemelerinin-etkinligi-artirilacak\/#article\",\"isPartOf\":{\"@id\":\"http:\/\/denizcankizil.tr\/en\/haberler\/gundem\/bakan-tunc-hukuk-mahkemelerinin-etkinligi-artirilacak\/\"},\"author\":{\"name\":\"admin\",\"@id\":\"https:\/\/denizcankizil.tr\/#\/schema\/person\/be3c05fe6a12686905512445d8185489\"},\"headline\":\"Bakan Tun\u00e7: Hukuk Mahkemeleri&#8217;nin etkinli\u011fi art\u0131r\u0131lacak\",\"datePublished\":\"2025-05-15T13:51:35+00:00\",\"mainEntityOfPage\":{\"@id\":\"http:\/\/denizcankizil.tr\/en\/haberler\/gundem\/bakan-tunc-hukuk-mahkemelerinin-etkinligi-artirilacak\/\"},\"wordCount\":366,\"publisher\":{\"@id\":\"https:\/\/denizcankizil.tr\/#organization\"},\"articleSection\":[\"G\u00fcndem\"],\"inLanguage\":\"en-GB\"},{\"@type\":\"WebPage\",\"@id\":\"http:\/\/denizcankizil.tr\/en\/haberler\/gundem\/bakan-tunc-hukuk-mahkemelerinin-etkinligi-artirilacak\/\",\"url\":\"http:\/\/denizcankizil.tr\/en\/haberler\/gundem\/bakan-tunc-hukuk-mahkemelerinin-etkinligi-artirilacak\/\",\"name\":\"Bakan Tun\u00e7: Hukuk Mahkemeleri'nin etkinli\u011fi art\u0131r\u0131lacak - Av. Deniz Can K\u0131z\u0131l\",\"isPartOf\":{\"@id\":\"https:\/\/denizcankizil.tr\/#website\"},\"datePublished\":\"2025-05-15T13:51:35+00:00\",\"breadcrumb\":{\"@id\":\"http:\/\/denizcankizil.tr\/en\/haberler\/gundem\/bakan-tunc-hukuk-mahkemelerinin-etkinligi-artirilacak\/#breadcrumb\"},\"inLanguage\":\"en-GB\",\"potentialAction\":[{\"@type\":\"ReadAction\",\"target\":[\"http:\/\/denizcankizil.tr\/en\/haberler\/gundem\/bakan-tunc-hukuk-mahkemelerinin-etkinligi-artirilacak\/\"]}]},{\"@type\":\"BreadcrumbList\",\"@id\":\"http:\/\/denizcankizil.tr\/en\/haberler\/gundem\/bakan-tunc-hukuk-mahkemelerinin-etkinligi-artirilacak\/#breadcrumb\",\"itemListElement\":[{\"@type\":\"ListItem\",\"position\":1,\"name\":\"Home\",\"item\":\"https:\/\/denizcankizil.tr\/de\/\"},{\"@type\":\"ListItem\",\"position\":2,\"name\":\"Bakan Tun\u00e7: Hukuk Mahkemeleri&#8217;nin etkinli\u011fi art\u0131r\u0131lacak\"}]},{\"@type\":\"WebSite\",\"@id\":\"https:\/\/denizcankizil.tr\/#website\",\"url\":\"https:\/\/denizcankizil.tr\/\",\"name\":\"Av. Deniz Can K\u0131z\u0131l\",\"description\":\"Avukat Deniz Can K\u0131z\u0131l Antalya Barosu\",\"publisher\":{\"@id\":\"https:\/\/denizcankizil.tr\/#organization\"},\"potentialAction\":[{\"@type\":\"SearchAction\",\"target\":{\"@type\":\"EntryPoint\",\"urlTemplate\":\"https:\/\/denizcankizil.tr\/?s={search_term_string}\"},\"query-input\":{\"@type\":\"PropertyValueSpecification\",\"valueRequired\":true,\"valueName\":\"search_term_string\"}}],\"inLanguage\":\"en-GB\"},{\"@type\":\"Organization\",\"@id\":\"https:\/\/denizcankizil.tr\/#organization\",\"name\":\"Av. Deniz Can K\u0131z\u0131l\",\"url\":\"https:\/\/denizcankizil.tr\/\",\"logo\":{\"@type\":\"ImageObject\",\"inLanguage\":\"en-GB\",\"@id\":\"https:\/\/denizcankizil.tr\/#\/schema\/logo\/image\/\",\"url\":\"http:\/\/denizcankizil.tr\/wp-content\/uploads\/2024\/10\/siyah-logo-svg.svg\",\"contentUrl\":\"http:\/\/denizcankizil.tr\/wp-content\/uploads\/2024\/10\/siyah-logo-svg.svg\",\"width\":1080,\"height\":1080,\"caption\":\"Av. Deniz Can K\u0131z\u0131l\"},\"image\":{\"@id\":\"https:\/\/denizcankizil.tr\/#\/schema\/logo\/image\/\"}},{\"@type\":\"Person\",\"@id\":\"https:\/\/denizcankizil.tr\/#\/schema\/person\/be3c05fe6a12686905512445d8185489\",\"name\":\"admin\",\"image\":{\"@type\":\"ImageObject\",\"inLanguage\":\"en-GB\",\"@id\":\"https:\/\/denizcankizil.tr\/#\/schema\/person\/image\/\",\"url\":\"https:\/\/secure.gravatar.com\/avatar\/c1fce94c830dc79107e174f890d7210541c4a63e8e5d816341794a2151c9d58c?s=96&d=mm&r=g\",\"contentUrl\":\"https:\/\/secure.gravatar.com\/avatar\/c1fce94c830dc79107e174f890d7210541c4a63e8e5d816341794a2151c9d58c?s=96&d=mm&r=g\",\"caption\":\"admin\"},\"sameAs\":[\"http:\/\/denizcankizil.tr\"],\"url\":\"https:\/\/www.iskenderun.org\/bakan-tunc-hukuk-mahkemelerinin-etkinligi-artirilacak\"}]}<\/script>\n<!-- \/ Yoast SEO Premium plugin. -->","yoast_head_json":{"title":"Bakan Tun\u00e7: Hukuk Mahkemeleri'nin etkinli\u011fi art\u0131r\u0131lacak - Av. Deniz Can K\u0131z\u0131l","robots":{"index":"index","follow":"follow","max-snippet":"max-snippet:-1","max-image-preview":"max-image-preview:large","max-video-preview":"max-video-preview:-1"},"canonical":"http:\/\/denizcankizil.tr\/en\/haberler\/gundem\/bakan-tunc-hukuk-mahkemelerinin-etkinligi-artirilacak\/","og_locale":"en_GB","og_type":"article","og_title":"Bakan Tun\u00e7: Hukuk Mahkemeleri'nin etkinli\u011fi art\u0131r\u0131lacak","og_description":"Adalet Bakan\u0131 Y\u0131lmaz Tun\u00e7, \u2018Hukuk Mahkemelerinin Etkinli\u011finin Art\u0131r\u0131lmas\u0131 \u00c7al\u0131\u015ftay\u0131\u2019nda yarg\u0131 mensuplar\u0131, avukatlar, noterler, akademisyenler ve STK temsilcileriyle bir araya geldi. Hukuk Muhakemeleri Kanunu\u2019nun uygulamalar\u0131 de\u011ferlendirilirken, \u00e7al\u0131\u015ftay\u0131n mevzuat \u00e7al\u0131\u015fmalar\u0131na katk\u0131 sunaca\u011f\u0131 belirtildi.ANKARA (\u0130GFA) &#8211; Adalet Bakan\u0131 Y\u0131lmaz Tun\u00e7, \u2018Hukuk Mahkemelerinin Etkinli\u011finin Art\u0131r\u0131lmas\u0131 \u00c7al\u0131\u015ftay\u0131\u2019nda hukuk camias\u0131yla bulu\u015ftu. \u00c7al\u0131\u015ftayda, Hukuk Muhakemeleri Kanunu\u2019nun y\u00fcr\u00fcrl\u00fc\u011fe girdi\u011fi 2011\u2019den bu yana yap\u0131lan yenilikler ve kanunun uygulamadaki etkileri masaya yat\u0131r\u0131ld\u0131. #Canl\u0131 Yay\u0131n | \u2018Hukuk Mahkemelerinin Etkinli\u011finin Art\u0131r\u0131lmas\u0131 \u00c7al\u0131\u015ftay\u0131\u2019nday\u0131z. https:\/\/t.co\/7CeiFRIXwi\u2014 Y\u0131lmaz TUN\u00c7 (@yilmaztunc) May 15, 2025 Bakan Tun\u00e7, yarg\u0131 mensuplar\u0131, avukatlar, noterler, akademisyenler ve sivil toplum kurulu\u015fu temsilcilerinin kat\u0131ld\u0131\u011f\u0131 \u00e7al\u0131\u015ftay\u0131n, gelece\u011fe y\u00f6nelik ortak bir vizyon olu\u015fturaca\u011f\u0131n\u0131 vurgularken, \u201c\u00c7al\u0131\u015ftaydan \u00e7\u0131kacak g\u00f6r\u00fc\u015f ve \u00f6neriler, mevzuat ve uygulamaya y\u00f6nelik \u00e7al\u0131\u015fmalar\u0131m\u0131za \u00f6nemli katk\u0131lar sunacak. Eme\u011fi ge\u00e7en herkese te\u015fekk\u00fcr ediyorum\u201d dedi. \u200bAdalet Bakan\u0131 Y\u0131lmaz Tun\u00e7, \u2018Hukuk Mahkemelerinin Etkinli\u011finin Art\u0131r\u0131lmas\u0131 \u00c7al\u0131\u015ftay\u0131\u2019nda yarg\u0131 mensuplar\u0131, avukatlar, noterler, akademisyenler ve STK temsilcileriyle bir araya geldi. Hukuk Muhakemeleri Kanunu\u2019nun uygulamalar\u0131 de\u011ferlendirilirken, \u00e7al\u0131\u015ftay\u0131n mevzuat \u00e7al\u0131\u015fmalar\u0131na katk\u0131 sunaca\u011f\u0131 belirtildi.ANKARA (\u0130GFA) &#8211; Adalet Bakan\u0131 Y\u0131lmaz Tun\u00e7, \u2018Hukuk Mahkemelerinin Etkinli\u011finin Art\u0131r\u0131lmas\u0131 \u00c7al\u0131\u015ftay\u0131\u2019nda hukuk camias\u0131yla bulu\u015ftu. \u00c7al\u0131\u015ftayda, Hukuk Muhakemeleri Kanunu\u2019nun y\u00fcr\u00fcrl\u00fc\u011fe girdi\u011fi 2011\u2019den bu yana yap\u0131lan yenilikler ve kanunun uygulamadaki etkileri masaya yat\u0131r\u0131ld\u0131. #Canl\u0131 Yay\u0131n | \u2018Hukuk Mahkemelerinin Etkinli\u011finin Art\u0131r\u0131lmas\u0131 \u00c7al\u0131\u015ftay\u0131\u2019nday\u0131z. https:\/\/t.co\/7CeiFRIXwi\u2014 Y\u0131lmaz TUN\u00c7 (@yilmaztunc) May 15, 2025 Bakan Tun\u00e7, yarg\u0131 mensuplar\u0131, avukatlar, noterler, &hellip;","og_url":"http:\/\/denizcankizil.tr\/en\/haberler\/gundem\/bakan-tunc-hukuk-mahkemelerinin-etkinligi-artirilacak\/","og_site_name":"Av. Deniz Can K\u0131z\u0131l","article_published_time":"2025-05-15T13:51:35+00:00","author":"admin","twitter_card":"summary_large_image","twitter_misc":{"Written by":"admin","Estimated reading time":"2 minutes"},"schema":{"@context":"https:\/\/schema.org","@graph":[{"@type":"Article","@id":"http:\/\/denizcankizil.tr\/en\/haberler\/gundem\/bakan-tunc-hukuk-mahkemelerinin-etkinligi-artirilacak\/#article","isPartOf":{"@id":"http:\/\/denizcankizil.tr\/en\/haberler\/gundem\/bakan-tunc-hukuk-mahkemelerinin-etkinligi-artirilacak\/"},"author":{"name":"admin","@id":"https:\/\/denizcankizil.tr\/#\/schema\/person\/be3c05fe6a12686905512445d8185489"},"headline":"Bakan Tun\u00e7: Hukuk Mahkemeleri&#8217;nin etkinli\u011fi art\u0131r\u0131lacak","datePublished":"2025-05-15T13:51:35+00:00","mainEntityOfPage":{"@id":"http:\/\/denizcankizil.tr\/en\/haberler\/gundem\/bakan-tunc-hukuk-mahkemelerinin-etkinligi-artirilacak\/"},"wordCount":366,"publisher":{"@id":"https:\/\/denizcankizil.tr\/#organization"},"articleSection":["G\u00fcndem"],"inLanguage":"en-GB"},{"@type":"WebPage","@id":"http:\/\/denizcankizil.tr\/en\/haberler\/gundem\/bakan-tunc-hukuk-mahkemelerinin-etkinligi-artirilacak\/","url":"http:\/\/denizcankizil.tr\/en\/haberler\/gundem\/bakan-tunc-hukuk-mahkemelerinin-etkinligi-artirilacak\/","name":"Bakan Tun\u00e7: Hukuk Mahkemeleri'nin etkinli\u011fi art\u0131r\u0131lacak - Av. Deniz Can K\u0131z\u0131l","isPartOf":{"@id":"https:\/\/denizcankizil.tr\/#website"},"datePublished":"2025-05-15T13:51:35+00:00","breadcrumb":{"@id":"http:\/\/denizcankizil.tr\/en\/haberler\/gundem\/bakan-tunc-hukuk-mahkemelerinin-etkinligi-artirilacak\/#breadcrumb"},"inLanguage":"en-GB","potentialAction":[{"@type":"ReadAction","target":["http:\/\/denizcankizil.tr\/en\/haberler\/gundem\/bakan-tunc-hukuk-mahkemelerinin-etkinligi-artirilacak\/"]}]},{"@type":"BreadcrumbList","@id":"http:\/\/denizcankizil.tr\/en\/haberler\/gundem\/bakan-tunc-hukuk-mahkemelerinin-etkinligi-artirilacak\/#breadcrumb","itemListElement":[{"@type":"ListItem","position":1,"name":"Home","item":"https:\/\/denizcankizil.tr\/de\/"},{"@type":"ListItem","position":2,"name":"Bakan Tun\u00e7: Hukuk Mahkemeleri&#8217;nin etkinli\u011fi art\u0131r\u0131lacak"}]},{"@type":"WebSite","@id":"https:\/\/denizcankizil.tr\/#website","url":"https:\/\/denizcankizil.tr\/","name":"Av. Deniz Can K\u0131z\u0131l","description":"Avukat Deniz Can K\u0131z\u0131l Antalya Barosu","publisher":{"@id":"https:\/\/denizcankizil.tr\/#organization"},"potentialAction":[{"@type":"SearchAction","target":{"@type":"EntryPoint","urlTemplate":"https:\/\/denizcankizil.tr\/?s={search_term_string}"},"query-input":{"@type":"PropertyValueSpecification","valueRequired":true,"valueName":"search_term_string"}}],"inLanguage":"en-GB"},{"@type":"Organization","@id":"https:\/\/denizcankizil.tr\/#organization","name":"Av. Deniz Can K\u0131z\u0131l","url":"https:\/\/denizcankizil.tr\/","logo":{"@type":"ImageObject","inLanguage":"en-GB","@id":"https:\/\/denizcankizil.tr\/#\/schema\/logo\/image\/","url":"http:\/\/denizcankizil.tr\/wp-content\/uploads\/2024\/10\/siyah-logo-svg.svg","contentUrl":"http:\/\/denizcankizil.tr\/wp-content\/uploads\/2024\/10\/siyah-logo-svg.svg","width":1080,"height":1080,"caption":"Av. Deniz Can K\u0131z\u0131l"},"image":{"@id":"https:\/\/denizcankizil.tr\/#\/schema\/logo\/image\/"}},{"@type":"Person","@id":"https:\/\/denizcankizil.tr\/#\/schema\/person\/be3c05fe6a12686905512445d8185489","name":"admin","image":{"@type":"ImageObject","inLanguage":"en-GB","@id":"https:\/\/denizcankizil.tr\/#\/schema\/person\/image\/","url":"https:\/\/secure.gravatar.com\/avatar\/c1fce94c830dc79107e174f890d7210541c4a63e8e5d816341794a2151c9d58c?s=96&d=mm&r=g","contentUrl":"https:\/\/secure.gravatar.com\/avatar\/c1fce94c830dc79107e174f890d7210541c4a63e8e5d816341794a2151c9d58c?s=96&d=mm&r=g","caption":"admin"},"sameAs":["http:\/\/denizcankizil.tr"],"url":"https:\/\/www.iskenderun.org\/bakan-tunc-hukuk-mahkemelerinin-etkinligi-artirilacak"}]}},"_links":{"self":[{"href":"http:\/\/denizcankizil.tr\/en\/wp-json\/wp\/v2\/posts\/87473","targetHints":{"allow":["GET"]}}],"collection":[{"href":"http:\/\/denizcankizil.tr\/en\/wp-json\/wp\/v2\/posts"}],"about":[{"href":"http:\/\/denizcankizil.tr\/en\/wp-json\/wp\/v2\/types\/post"}],"author":[{"embeddable":true,"href":"http:\/\/denizcankizil.tr\/en\/wp-json\/wp\/v2\/users\/1"}],"replies":[{"embeddable":true,"href":"http:\/\/denizcankizil.tr\/en\/wp-json\/wp\/v2\/comments?post=87473"}],"version-history":[{"count":0,"href":"http:\/\/denizcankizil.tr\/en\/wp-json\/wp\/v2\/posts\/87473\/revisions"}],"wp:attachment":[{"href":"http:\/\/denizcankizil.tr\/en\/wp-json\/wp\/v2\/media?parent=87473"}],"wp:term":[{"taxonomy":"category","embeddable":true,"href":"http:\/\/denizcankizil.tr\/en\/wp-json\/wp\/v2\/categories?post=87473"},{"taxonomy":"post_tag","embeddable":true,"href":"http:\/\/denizcankizil.tr\/en\/wp-json\/wp\/v2\/tags?post=87473"}],"curies":[{"name":"wp","href":"https:\/\/api.w.org\/{rel}","templated":true}]}}