{"id":87426,"date":"2025-05-15T15:43:34","date_gmt":"2025-05-15T12:43:34","guid":{"rendered":"https:\/\/denizcankizil.tr\/uncategorized-tr\/iskenderunda-genclik-yuruyusu-coskusu\/"},"modified":"2025-05-15T15:43:34","modified_gmt":"2025-05-15T12:43:34","slug":"iskenderunda-genclik-yuruyusu-coskusu","status":"publish","type":"post","link":"http:\/\/denizcankizil.tr\/en\/haberler\/gundem\/iskenderunda-genclik-yuruyusu-coskusu\/","title":{"rendered":"\u0130skenderun\u2019da &#8216;Gen\u00e7lik Y\u00fcr\u00fcy\u00fc\u015f\u00fc&#8217; Co\u015fkusu"},"content":{"rendered":"<p>19 May\u0131s Atat\u00fcrk\u2019\u00fc Anma, Gen\u00e7lik ve Spor Bayram\u0131 kutlama program\u0131 kapsam\u0131nda y\u00fczlerce gen\u00e7 ellerinde T\u00fcrk bayraklar\u0131yla gen\u00e7lik y\u00fcr\u00fcy\u00fc\u015f\u00fc ger\u00e7ekle\u015ftirdi. \u0130skenderun Gen\u00e7lik ve Spor M\u00fcd\u00fcrl\u00fc\u011f\u00fc koordinesinde d\u00fczenlenen &#8216;Gen\u00e7lik Y\u00fcr\u00fcy\u00fc\u015f\u00fc&#8217; korteji co\u015fku i\u00e7erisinde ge\u00e7ti. \u0130skenderun Gen\u00e7lik ve Spor \u0130l\u00e7e M\u00fcd\u00fcrl\u00fc\u011f\u00fc, \u0130l\u00e7e Milli E\u011fitim M\u00fcd\u00fcrl\u00fc\u011f\u00fc, \u0130skenderun Belediyesi Gen\u00e7lik ve Spor Hizmetleri M\u00fcd\u00fcrl\u00fc\u011f\u00fc, \u00f6\u011fretmenler, \u00f6\u011frenciler ile vatanda\u015flar Atat\u00fcrk Bulvar\u0131&#8217;ndan Fener Caddesi \u00fczerinde vatanda\u015flar\u0131n alk\u0131\u015flar\u0131yla y\u00fcr\u00fcd\u00fc.<\/p>\n<p>\u0130skenderun Gen\u00e7lik ve Spor il\u00e7e M\u00fcd\u00fcr\u00fc Ferit Ali G\u00fcndel, \u0130skenderun Makzume Anadolu Lisesi bah\u00e7esinde Atat\u00fcrk An\u0131t\u2019\u0131na \u00e7elenk sundu. Sayg\u0131 duru\u015fu ve \u0130stiklal Mar\u015f\u0131m\u0131z\u0131n okunmas\u0131n\u0131n ard\u0131ndan \u0130skenderun Gen\u00e7lik Merkezi Gen\u00e7lik Korosu taraf\u0131ndan Gen\u00e7lik Konseri yap\u0131ld\u0131.<\/p>\n<p>\u0130skenderun Gen\u00e7lik ve Spor M\u00fcd\u00fcr\u00fc Ferit Ali G\u00fcndel, yapt\u0131\u011f\u0131 a\u00e7\u0131klamada, t\u00fcm gen\u00e7lerimizin ve t\u00fcm halk\u0131m\u0131z\u0131n 19 May\u0131s Atat\u00fcrk&#8217;\u00fc Anma, Gen\u00e7lik ve Spor Bayram\u0131\u2019n\u0131 g\u00f6n\u00fclden kutlad\u0131\u011f\u0131n\u0131 belirtti. \u00a0Co\u015fku dolu ge\u00e7en konseri izleyenler de t\u00fcrk\u00fclere e\u015flik etti, &#8216;Gen\u00e7lik Y\u00fcr\u00fcy\u00fc\u015f\u00fc&#8217; etkinli\u011fi konserle tamamland\u0131.<\/p>\n<p>Gen\u00e7lik Y\u00fcr\u00fcy\u00fc\u015f\u00fc&#8217;ne \u0130skenderun Gen\u00e7lik ve Spor il\u00e7e M\u00fcd\u00fcr\u00fc Ferit Ali G\u00fcndel, \u0130skenderun Belediye Ba\u015fkan Yard\u0131mc\u0131s\u0131 Cihan Aky\u00fcreko\u011flu, il\u00e7e Milli E\u011fitim \u015eube M\u00fcd\u00fcr\u00fc Mustafa Ocako\u011flu, Yurt M\u00fcd\u00fcrleri Mehmet Ali Y\u0131lmaz, Ay\u015feg\u00fcl Kanca, Fatma Birsen Bozkurt, \u0130skenderun Gen\u00e7lik Merkezi M\u00fcd\u00fcr\u00fc Ahmet Keskin, \u00f6\u011fretmenler ve \u00f6\u011frenciler kat\u0131l\u0131m g\u00f6sterdi.<\/p>\n<p>\u200b\u0130skenderun il\u00e7esinde, 15-21 May\u0131s Gen\u00e7lik Haftas\u0131 etkinlikleri kapsam\u0131nda 19 May\u0131s Atat\u00fcrk\u2019\u00fc Anma, Gen\u00e7lik ve Spor Bayram\u0131 &#8216;Gen\u00e7lik Y\u00fcr\u00fcy\u00fc\u015f\u00fc&#8217; korteji ile ba\u015flad\u0131.\u00a0<\/p>\n<p>\u200bHaberin Al\u0131nt\u0131land\u0131\u011f\u0131 Kaynak: www.iskenderun.org<\/p>","protected":false},"excerpt":{"rendered":"<p>19 May\u0131s Atat\u00fcrk\u2019\u00fc Anma, Gen\u00e7lik ve Spor Bayram\u0131 kutlama program\u0131 kapsam\u0131nda y\u00fczlerce gen\u00e7 ellerinde T\u00fcrk bayraklar\u0131yla gen\u00e7lik y\u00fcr\u00fcy\u00fc\u015f\u00fc ger\u00e7ekle\u015ftirdi. \u0130skenderun Gen\u00e7lik ve Spor M\u00fcd\u00fcrl\u00fc\u011f\u00fc koordinesinde d\u00fczenlenen &#8216;Gen\u00e7lik Y\u00fcr\u00fcy\u00fc\u015f\u00fc&#8217; korteji co\u015fku i\u00e7erisinde ge\u00e7ti. \u0130skenderun Gen\u00e7lik ve Spor \u0130l\u00e7e M\u00fcd\u00fcrl\u00fc\u011f\u00fc, \u0130l\u00e7e Milli E\u011fitim M\u00fcd\u00fcrl\u00fc\u011f\u00fc, \u0130skenderun Belediyesi Gen\u00e7lik ve Spor Hizmetleri M\u00fcd\u00fcrl\u00fc\u011f\u00fc, \u00f6\u011fretmenler, \u00f6\u011frenciler ile vatanda\u015flar Atat\u00fcrk Bulvar\u0131&#8217;ndan Fener Caddesi \u00fczerinde vatanda\u015flar\u0131n alk\u0131\u015flar\u0131yla y\u00fcr\u00fcd\u00fc. \u0130skenderun Gen\u00e7lik ve Spor il\u00e7e M\u00fcd\u00fcr\u00fc Ferit Ali G\u00fcndel, \u0130skenderun Makzume Anadolu Lisesi bah\u00e7esinde Atat\u00fcrk An\u0131t\u2019\u0131na \u00e7elenk sundu. Sayg\u0131 duru\u015fu ve \u0130stiklal Mar\u015f\u0131m\u0131z\u0131n okunmas\u0131n\u0131n ard\u0131ndan \u0130skenderun Gen\u00e7lik Merkezi Gen\u00e7lik Korosu taraf\u0131ndan Gen\u00e7lik Konseri yap\u0131ld\u0131. \u0130skenderun Gen\u00e7lik ve Spor M\u00fcd\u00fcr\u00fc Ferit Ali G\u00fcndel, yapt\u0131\u011f\u0131 a\u00e7\u0131klamada, t\u00fcm gen\u00e7lerimizin ve t\u00fcm halk\u0131m\u0131z\u0131n 19 May\u0131s Atat\u00fcrk&#8217;\u00fc Anma, Gen\u00e7lik ve Spor Bayram\u0131\u2019n\u0131 g\u00f6n\u00fclden kutlad\u0131\u011f\u0131n\u0131 belirtti. \u00a0Co\u015fku dolu ge\u00e7en konseri izleyenler de t\u00fcrk\u00fclere e\u015flik etti, &#8216;Gen\u00e7lik Y\u00fcr\u00fcy\u00fc\u015f\u00fc&#8217; etkinli\u011fi konserle tamamland\u0131. Gen\u00e7lik Y\u00fcr\u00fcy\u00fc\u015f\u00fc&#8217;ne \u0130skenderun Gen\u00e7lik ve Spor il\u00e7e M\u00fcd\u00fcr\u00fc Ferit Ali G\u00fcndel, \u0130skenderun Belediye Ba\u015fkan Yard\u0131mc\u0131s\u0131 Cihan Aky\u00fcreko\u011flu, il\u00e7e Milli E\u011fitim \u015eube M\u00fcd\u00fcr\u00fc Mustafa Ocako\u011flu, Yurt M\u00fcd\u00fcrleri Mehmet Ali Y\u0131lmaz, Ay\u015feg\u00fcl Kanca, Fatma Birsen Bozkurt, \u0130skenderun Gen\u00e7lik Merkezi M\u00fcd\u00fcr\u00fc Ahmet Keskin, \u00f6\u011fretmenler ve \u00f6\u011frenciler kat\u0131l\u0131m g\u00f6sterdi. \u200b\u0130skenderun il\u00e7esinde, 15-21 May\u0131s Gen\u00e7lik Haftas\u0131 etkinlikleri kapsam\u0131nda 19 May\u0131s Atat\u00fcrk\u2019\u00fc Anma, Gen\u00e7lik ve Spor Bayram\u0131 &#8216;Gen\u00e7lik Y\u00fcr\u00fcy\u00fc\u015f\u00fc&#8217; korteji ile &hellip;<\/p>","protected":false},"author":1,"featured_media":0,"comment_status":"","ping_status":"open","sticky":false,"template":"","format":"standard","meta":{"_acf_changed":false,"footnotes":""},"categories":[24],"tags":[],"class_list":["post-87426","post","type-post","status-publish","format-standard","has-post-thumbnail","hentry","category-gundem"],"acf":[],"yoast_head":"<!-- This site is optimized with the Yoast SEO Premium plugin v26.6 (Yoast SEO v27.1.1) - https:\/\/yoast.com\/product\/yoast-seo-premium-wordpress\/ -->\n<title>\u0130skenderun\u2019da &#039;Gen\u00e7lik Y\u00fcr\u00fcy\u00fc\u015f\u00fc&#039; Co\u015fkusu - Av. Deniz Can K\u0131z\u0131l<\/title>\n<meta name=\"robots\" content=\"index, follow, max-snippet:-1, max-image-preview:large, max-video-preview:-1\" \/>\n<link rel=\"canonical\" href=\"http:\/\/denizcankizil.tr\/en\/haberler\/gundem\/iskenderunda-genclik-yuruyusu-coskusu\/\" \/>\n<meta property=\"og:locale\" content=\"en_GB\" \/>\n<meta property=\"og:type\" content=\"article\" \/>\n<meta property=\"og:title\" content=\"\u0130skenderun\u2019da &#039;Gen\u00e7lik Y\u00fcr\u00fcy\u00fc\u015f\u00fc&#039; Co\u015fkusu\" \/>\n<meta property=\"og:description\" content=\"19 May\u0131s Atat\u00fcrk\u2019\u00fc Anma, Gen\u00e7lik ve Spor Bayram\u0131 kutlama program\u0131 kapsam\u0131nda y\u00fczlerce gen\u00e7 ellerinde T\u00fcrk bayraklar\u0131yla gen\u00e7lik y\u00fcr\u00fcy\u00fc\u015f\u00fc ger\u00e7ekle\u015ftirdi. \u0130skenderun Gen\u00e7lik ve Spor M\u00fcd\u00fcrl\u00fc\u011f\u00fc koordinesinde d\u00fczenlenen &#8216;Gen\u00e7lik Y\u00fcr\u00fcy\u00fc\u015f\u00fc&#8217; korteji co\u015fku i\u00e7erisinde ge\u00e7ti. \u0130skenderun Gen\u00e7lik ve Spor \u0130l\u00e7e M\u00fcd\u00fcrl\u00fc\u011f\u00fc, \u0130l\u00e7e Milli E\u011fitim M\u00fcd\u00fcrl\u00fc\u011f\u00fc, \u0130skenderun Belediyesi Gen\u00e7lik ve Spor Hizmetleri M\u00fcd\u00fcrl\u00fc\u011f\u00fc, \u00f6\u011fretmenler, \u00f6\u011frenciler ile vatanda\u015flar Atat\u00fcrk Bulvar\u0131&#8217;ndan Fener Caddesi \u00fczerinde vatanda\u015flar\u0131n alk\u0131\u015flar\u0131yla y\u00fcr\u00fcd\u00fc. \u0130skenderun Gen\u00e7lik ve Spor il\u00e7e M\u00fcd\u00fcr\u00fc Ferit Ali G\u00fcndel, \u0130skenderun Makzume Anadolu Lisesi bah\u00e7esinde Atat\u00fcrk An\u0131t\u2019\u0131na \u00e7elenk sundu. Sayg\u0131 duru\u015fu ve \u0130stiklal Mar\u015f\u0131m\u0131z\u0131n okunmas\u0131n\u0131n ard\u0131ndan \u0130skenderun Gen\u00e7lik Merkezi Gen\u00e7lik Korosu taraf\u0131ndan Gen\u00e7lik Konseri yap\u0131ld\u0131. \u0130skenderun Gen\u00e7lik ve Spor M\u00fcd\u00fcr\u00fc Ferit Ali G\u00fcndel, yapt\u0131\u011f\u0131 a\u00e7\u0131klamada, t\u00fcm gen\u00e7lerimizin ve t\u00fcm halk\u0131m\u0131z\u0131n 19 May\u0131s Atat\u00fcrk&#8217;\u00fc Anma, Gen\u00e7lik ve Spor Bayram\u0131\u2019n\u0131 g\u00f6n\u00fclden kutlad\u0131\u011f\u0131n\u0131 belirtti. \u00a0Co\u015fku dolu ge\u00e7en konseri izleyenler de t\u00fcrk\u00fclere e\u015flik etti, &#8216;Gen\u00e7lik Y\u00fcr\u00fcy\u00fc\u015f\u00fc&#8217; etkinli\u011fi konserle tamamland\u0131. Gen\u00e7lik Y\u00fcr\u00fcy\u00fc\u015f\u00fc&#8217;ne \u0130skenderun Gen\u00e7lik ve Spor il\u00e7e M\u00fcd\u00fcr\u00fc Ferit Ali G\u00fcndel, \u0130skenderun Belediye Ba\u015fkan Yard\u0131mc\u0131s\u0131 Cihan Aky\u00fcreko\u011flu, il\u00e7e Milli E\u011fitim \u015eube M\u00fcd\u00fcr\u00fc Mustafa Ocako\u011flu, Yurt M\u00fcd\u00fcrleri Mehmet Ali Y\u0131lmaz, Ay\u015feg\u00fcl Kanca, Fatma Birsen Bozkurt, \u0130skenderun Gen\u00e7lik Merkezi M\u00fcd\u00fcr\u00fc Ahmet Keskin, \u00f6\u011fretmenler ve \u00f6\u011frenciler kat\u0131l\u0131m g\u00f6sterdi. \u200b\u0130skenderun il\u00e7esinde, 15-21 May\u0131s Gen\u00e7lik Haftas\u0131 etkinlikleri kapsam\u0131nda 19 May\u0131s Atat\u00fcrk\u2019\u00fc Anma, Gen\u00e7lik ve Spor Bayram\u0131 &#8216;Gen\u00e7lik Y\u00fcr\u00fcy\u00fc\u015f\u00fc&#8217; korteji ile &hellip;\" \/>\n<meta property=\"og:url\" content=\"http:\/\/denizcankizil.tr\/en\/haberler\/gundem\/iskenderunda-genclik-yuruyusu-coskusu\/\" \/>\n<meta property=\"og:site_name\" content=\"Av. Deniz Can K\u0131z\u0131l\" \/>\n<meta property=\"article:published_time\" content=\"2025-05-15T12:43:34+00:00\" \/>\n<meta name=\"author\" content=\"admin\" \/>\n<meta name=\"twitter:card\" content=\"summary_large_image\" \/>\n<meta name=\"twitter:label1\" content=\"Written by\" \/>\n\t<meta name=\"twitter:data1\" content=\"admin\" \/>\n\t<meta name=\"twitter:label2\" content=\"Estimated reading time\" \/>\n\t<meta name=\"twitter:data2\" content=\"2 minutes\" \/>\n<script type=\"application\/ld+json\" class=\"yoast-schema-graph\">{\"@context\":\"https:\/\/schema.org\",\"@graph\":[{\"@type\":\"Article\",\"@id\":\"http:\/\/denizcankizil.tr\/en\/haberler\/gundem\/iskenderunda-genclik-yuruyusu-coskusu\/#article\",\"isPartOf\":{\"@id\":\"http:\/\/denizcankizil.tr\/en\/haberler\/gundem\/iskenderunda-genclik-yuruyusu-coskusu\/\"},\"author\":{\"name\":\"admin\",\"@id\":\"https:\/\/denizcankizil.tr\/de\/#\/schema\/person\/be3c05fe6a12686905512445d8185489\"},\"headline\":\"\u0130skenderun\u2019da &#8216;Gen\u00e7lik Y\u00fcr\u00fcy\u00fc\u015f\u00fc&#8217; Co\u015fkusu\",\"datePublished\":\"2025-05-15T12:43:34+00:00\",\"mainEntityOfPage\":{\"@id\":\"http:\/\/denizcankizil.tr\/en\/haberler\/gundem\/iskenderunda-genclik-yuruyusu-coskusu\/\"},\"wordCount\":346,\"publisher\":{\"@id\":\"https:\/\/denizcankizil.tr\/de\/#organization\"},\"articleSection\":[\"G\u00fcndem\"],\"inLanguage\":\"en-GB\"},{\"@type\":\"WebPage\",\"@id\":\"http:\/\/denizcankizil.tr\/en\/haberler\/gundem\/iskenderunda-genclik-yuruyusu-coskusu\/\",\"url\":\"http:\/\/denizcankizil.tr\/en\/haberler\/gundem\/iskenderunda-genclik-yuruyusu-coskusu\/\",\"name\":\"\u0130skenderun\u2019da 'Gen\u00e7lik Y\u00fcr\u00fcy\u00fc\u015f\u00fc' Co\u015fkusu - Av. Deniz Can K\u0131z\u0131l\",\"isPartOf\":{\"@id\":\"https:\/\/denizcankizil.tr\/de\/#website\"},\"datePublished\":\"2025-05-15T12:43:34+00:00\",\"breadcrumb\":{\"@id\":\"http:\/\/denizcankizil.tr\/en\/haberler\/gundem\/iskenderunda-genclik-yuruyusu-coskusu\/#breadcrumb\"},\"inLanguage\":\"en-GB\",\"potentialAction\":[{\"@type\":\"ReadAction\",\"target\":[\"http:\/\/denizcankizil.tr\/en\/haberler\/gundem\/iskenderunda-genclik-yuruyusu-coskusu\/\"]}]},{\"@type\":\"BreadcrumbList\",\"@id\":\"http:\/\/denizcankizil.tr\/en\/haberler\/gundem\/iskenderunda-genclik-yuruyusu-coskusu\/#breadcrumb\",\"itemListElement\":[{\"@type\":\"ListItem\",\"position\":1,\"name\":\"Home\",\"item\":\"https:\/\/denizcankizil.tr\/de\/\"},{\"@type\":\"ListItem\",\"position\":2,\"name\":\"\u0130skenderun\u2019da &#8216;Gen\u00e7lik Y\u00fcr\u00fcy\u00fc\u015f\u00fc&#8217; Co\u015fkusu\"}]},{\"@type\":\"WebSite\",\"@id\":\"https:\/\/denizcankizil.tr\/de\/#website\",\"url\":\"https:\/\/denizcankizil.tr\/de\/\",\"name\":\"Av. Deniz Can K\u0131z\u0131l\",\"description\":\"Avukat Deniz Can K\u0131z\u0131l Antalya Barosu\",\"publisher\":{\"@id\":\"https:\/\/denizcankizil.tr\/de\/#organization\"},\"potentialAction\":[{\"@type\":\"SearchAction\",\"target\":{\"@type\":\"EntryPoint\",\"urlTemplate\":\"https:\/\/denizcankizil.tr\/de\/?s={search_term_string}\"},\"query-input\":{\"@type\":\"PropertyValueSpecification\",\"valueRequired\":true,\"valueName\":\"search_term_string\"}}],\"inLanguage\":\"en-GB\"},{\"@type\":\"Organization\",\"@id\":\"https:\/\/denizcankizil.tr\/de\/#organization\",\"name\":\"Av. Deniz Can K\u0131z\u0131l\",\"url\":\"https:\/\/denizcankizil.tr\/de\/\",\"logo\":{\"@type\":\"ImageObject\",\"inLanguage\":\"en-GB\",\"@id\":\"https:\/\/denizcankizil.tr\/de\/#\/schema\/logo\/image\/\",\"url\":\"http:\/\/denizcankizil.tr\/wp-content\/uploads\/2024\/10\/siyah-logo-svg.svg\",\"contentUrl\":\"http:\/\/denizcankizil.tr\/wp-content\/uploads\/2024\/10\/siyah-logo-svg.svg\",\"width\":1080,\"height\":1080,\"caption\":\"Av. Deniz Can K\u0131z\u0131l\"},\"image\":{\"@id\":\"https:\/\/denizcankizil.tr\/de\/#\/schema\/logo\/image\/\"}},{\"@type\":\"Person\",\"@id\":\"https:\/\/denizcankizil.tr\/de\/#\/schema\/person\/be3c05fe6a12686905512445d8185489\",\"name\":\"admin\",\"image\":{\"@type\":\"ImageObject\",\"inLanguage\":\"en-GB\",\"@id\":\"https:\/\/denizcankizil.tr\/de\/#\/schema\/person\/image\/\",\"url\":\"https:\/\/secure.gravatar.com\/avatar\/c1fce94c830dc79107e174f890d7210541c4a63e8e5d816341794a2151c9d58c?s=96&d=mm&r=g\",\"contentUrl\":\"https:\/\/secure.gravatar.com\/avatar\/c1fce94c830dc79107e174f890d7210541c4a63e8e5d816341794a2151c9d58c?s=96&d=mm&r=g\",\"caption\":\"admin\"},\"sameAs\":[\"http:\/\/denizcankizil.tr\"],\"url\":\"https:\/\/www.iskenderun.org\/iskenderunda-genclik-yuruyusu-coskusu-1\"}]}<\/script>\n<!-- \/ Yoast SEO Premium plugin. -->","yoast_head_json":{"title":"\u0130skenderun\u2019da 'Gen\u00e7lik Y\u00fcr\u00fcy\u00fc\u015f\u00fc' Co\u015fkusu - Av. Deniz Can K\u0131z\u0131l","robots":{"index":"index","follow":"follow","max-snippet":"max-snippet:-1","max-image-preview":"max-image-preview:large","max-video-preview":"max-video-preview:-1"},"canonical":"http:\/\/denizcankizil.tr\/en\/haberler\/gundem\/iskenderunda-genclik-yuruyusu-coskusu\/","og_locale":"en_GB","og_type":"article","og_title":"\u0130skenderun\u2019da 'Gen\u00e7lik Y\u00fcr\u00fcy\u00fc\u015f\u00fc' Co\u015fkusu","og_description":"19 May\u0131s Atat\u00fcrk\u2019\u00fc Anma, Gen\u00e7lik ve Spor Bayram\u0131 kutlama program\u0131 kapsam\u0131nda y\u00fczlerce gen\u00e7 ellerinde T\u00fcrk bayraklar\u0131yla gen\u00e7lik y\u00fcr\u00fcy\u00fc\u015f\u00fc ger\u00e7ekle\u015ftirdi. \u0130skenderun Gen\u00e7lik ve Spor M\u00fcd\u00fcrl\u00fc\u011f\u00fc koordinesinde d\u00fczenlenen &#8216;Gen\u00e7lik Y\u00fcr\u00fcy\u00fc\u015f\u00fc&#8217; korteji co\u015fku i\u00e7erisinde ge\u00e7ti. \u0130skenderun Gen\u00e7lik ve Spor \u0130l\u00e7e M\u00fcd\u00fcrl\u00fc\u011f\u00fc, \u0130l\u00e7e Milli E\u011fitim M\u00fcd\u00fcrl\u00fc\u011f\u00fc, \u0130skenderun Belediyesi Gen\u00e7lik ve Spor Hizmetleri M\u00fcd\u00fcrl\u00fc\u011f\u00fc, \u00f6\u011fretmenler, \u00f6\u011frenciler ile vatanda\u015flar Atat\u00fcrk Bulvar\u0131&#8217;ndan Fener Caddesi \u00fczerinde vatanda\u015flar\u0131n alk\u0131\u015flar\u0131yla y\u00fcr\u00fcd\u00fc. \u0130skenderun Gen\u00e7lik ve Spor il\u00e7e M\u00fcd\u00fcr\u00fc Ferit Ali G\u00fcndel, \u0130skenderun Makzume Anadolu Lisesi bah\u00e7esinde Atat\u00fcrk An\u0131t\u2019\u0131na \u00e7elenk sundu. Sayg\u0131 duru\u015fu ve \u0130stiklal Mar\u015f\u0131m\u0131z\u0131n okunmas\u0131n\u0131n ard\u0131ndan \u0130skenderun Gen\u00e7lik Merkezi Gen\u00e7lik Korosu taraf\u0131ndan Gen\u00e7lik Konseri yap\u0131ld\u0131. \u0130skenderun Gen\u00e7lik ve Spor M\u00fcd\u00fcr\u00fc Ferit Ali G\u00fcndel, yapt\u0131\u011f\u0131 a\u00e7\u0131klamada, t\u00fcm gen\u00e7lerimizin ve t\u00fcm halk\u0131m\u0131z\u0131n 19 May\u0131s Atat\u00fcrk&#8217;\u00fc Anma, Gen\u00e7lik ve Spor Bayram\u0131\u2019n\u0131 g\u00f6n\u00fclden kutlad\u0131\u011f\u0131n\u0131 belirtti. \u00a0Co\u015fku dolu ge\u00e7en konseri izleyenler de t\u00fcrk\u00fclere e\u015flik etti, &#8216;Gen\u00e7lik Y\u00fcr\u00fcy\u00fc\u015f\u00fc&#8217; etkinli\u011fi konserle tamamland\u0131. Gen\u00e7lik Y\u00fcr\u00fcy\u00fc\u015f\u00fc&#8217;ne \u0130skenderun Gen\u00e7lik ve Spor il\u00e7e M\u00fcd\u00fcr\u00fc Ferit Ali G\u00fcndel, \u0130skenderun Belediye Ba\u015fkan Yard\u0131mc\u0131s\u0131 Cihan Aky\u00fcreko\u011flu, il\u00e7e Milli E\u011fitim \u015eube M\u00fcd\u00fcr\u00fc Mustafa Ocako\u011flu, Yurt M\u00fcd\u00fcrleri Mehmet Ali Y\u0131lmaz, Ay\u015feg\u00fcl Kanca, Fatma Birsen Bozkurt, \u0130skenderun Gen\u00e7lik Merkezi M\u00fcd\u00fcr\u00fc Ahmet Keskin, \u00f6\u011fretmenler ve \u00f6\u011frenciler kat\u0131l\u0131m g\u00f6sterdi. \u200b\u0130skenderun il\u00e7esinde, 15-21 May\u0131s Gen\u00e7lik Haftas\u0131 etkinlikleri kapsam\u0131nda 19 May\u0131s Atat\u00fcrk\u2019\u00fc Anma, Gen\u00e7lik ve Spor Bayram\u0131 &#8216;Gen\u00e7lik Y\u00fcr\u00fcy\u00fc\u015f\u00fc&#8217; korteji ile &hellip;","og_url":"http:\/\/denizcankizil.tr\/en\/haberler\/gundem\/iskenderunda-genclik-yuruyusu-coskusu\/","og_site_name":"Av. Deniz Can K\u0131z\u0131l","article_published_time":"2025-05-15T12:43:34+00:00","author":"admin","twitter_card":"summary_large_image","twitter_misc":{"Written by":"admin","Estimated reading time":"2 minutes"},"schema":{"@context":"https:\/\/schema.org","@graph":[{"@type":"Article","@id":"http:\/\/denizcankizil.tr\/en\/haberler\/gundem\/iskenderunda-genclik-yuruyusu-coskusu\/#article","isPartOf":{"@id":"http:\/\/denizcankizil.tr\/en\/haberler\/gundem\/iskenderunda-genclik-yuruyusu-coskusu\/"},"author":{"name":"admin","@id":"https:\/\/denizcankizil.tr\/de\/#\/schema\/person\/be3c05fe6a12686905512445d8185489"},"headline":"\u0130skenderun\u2019da &#8216;Gen\u00e7lik Y\u00fcr\u00fcy\u00fc\u015f\u00fc&#8217; Co\u015fkusu","datePublished":"2025-05-15T12:43:34+00:00","mainEntityOfPage":{"@id":"http:\/\/denizcankizil.tr\/en\/haberler\/gundem\/iskenderunda-genclik-yuruyusu-coskusu\/"},"wordCount":346,"publisher":{"@id":"https:\/\/denizcankizil.tr\/de\/#organization"},"articleSection":["G\u00fcndem"],"inLanguage":"en-GB"},{"@type":"WebPage","@id":"http:\/\/denizcankizil.tr\/en\/haberler\/gundem\/iskenderunda-genclik-yuruyusu-coskusu\/","url":"http:\/\/denizcankizil.tr\/en\/haberler\/gundem\/iskenderunda-genclik-yuruyusu-coskusu\/","name":"\u0130skenderun\u2019da 'Gen\u00e7lik Y\u00fcr\u00fcy\u00fc\u015f\u00fc' Co\u015fkusu - Av. Deniz Can K\u0131z\u0131l","isPartOf":{"@id":"https:\/\/denizcankizil.tr\/de\/#website"},"datePublished":"2025-05-15T12:43:34+00:00","breadcrumb":{"@id":"http:\/\/denizcankizil.tr\/en\/haberler\/gundem\/iskenderunda-genclik-yuruyusu-coskusu\/#breadcrumb"},"inLanguage":"en-GB","potentialAction":[{"@type":"ReadAction","target":["http:\/\/denizcankizil.tr\/en\/haberler\/gundem\/iskenderunda-genclik-yuruyusu-coskusu\/"]}]},{"@type":"BreadcrumbList","@id":"http:\/\/denizcankizil.tr\/en\/haberler\/gundem\/iskenderunda-genclik-yuruyusu-coskusu\/#breadcrumb","itemListElement":[{"@type":"ListItem","position":1,"name":"Home","item":"https:\/\/denizcankizil.tr\/de\/"},{"@type":"ListItem","position":2,"name":"\u0130skenderun\u2019da &#8216;Gen\u00e7lik Y\u00fcr\u00fcy\u00fc\u015f\u00fc&#8217; Co\u015fkusu"}]},{"@type":"WebSite","@id":"https:\/\/denizcankizil.tr\/de\/#website","url":"https:\/\/denizcankizil.tr\/de\/","name":"Av. Deniz Can K\u0131z\u0131l","description":"Avukat Deniz Can K\u0131z\u0131l Antalya Barosu","publisher":{"@id":"https:\/\/denizcankizil.tr\/de\/#organization"},"potentialAction":[{"@type":"SearchAction","target":{"@type":"EntryPoint","urlTemplate":"https:\/\/denizcankizil.tr\/de\/?s={search_term_string}"},"query-input":{"@type":"PropertyValueSpecification","valueRequired":true,"valueName":"search_term_string"}}],"inLanguage":"en-GB"},{"@type":"Organization","@id":"https:\/\/denizcankizil.tr\/de\/#organization","name":"Av. Deniz Can K\u0131z\u0131l","url":"https:\/\/denizcankizil.tr\/de\/","logo":{"@type":"ImageObject","inLanguage":"en-GB","@id":"https:\/\/denizcankizil.tr\/de\/#\/schema\/logo\/image\/","url":"http:\/\/denizcankizil.tr\/wp-content\/uploads\/2024\/10\/siyah-logo-svg.svg","contentUrl":"http:\/\/denizcankizil.tr\/wp-content\/uploads\/2024\/10\/siyah-logo-svg.svg","width":1080,"height":1080,"caption":"Av. Deniz Can K\u0131z\u0131l"},"image":{"@id":"https:\/\/denizcankizil.tr\/de\/#\/schema\/logo\/image\/"}},{"@type":"Person","@id":"https:\/\/denizcankizil.tr\/de\/#\/schema\/person\/be3c05fe6a12686905512445d8185489","name":"admin","image":{"@type":"ImageObject","inLanguage":"en-GB","@id":"https:\/\/denizcankizil.tr\/de\/#\/schema\/person\/image\/","url":"https:\/\/secure.gravatar.com\/avatar\/c1fce94c830dc79107e174f890d7210541c4a63e8e5d816341794a2151c9d58c?s=96&d=mm&r=g","contentUrl":"https:\/\/secure.gravatar.com\/avatar\/c1fce94c830dc79107e174f890d7210541c4a63e8e5d816341794a2151c9d58c?s=96&d=mm&r=g","caption":"admin"},"sameAs":["http:\/\/denizcankizil.tr"],"url":"https:\/\/www.iskenderun.org\/iskenderunda-genclik-yuruyusu-coskusu-1"}]}},"_links":{"self":[{"href":"http:\/\/denizcankizil.tr\/en\/wp-json\/wp\/v2\/posts\/87426","targetHints":{"allow":["GET"]}}],"collection":[{"href":"http:\/\/denizcankizil.tr\/en\/wp-json\/wp\/v2\/posts"}],"about":[{"href":"http:\/\/denizcankizil.tr\/en\/wp-json\/wp\/v2\/types\/post"}],"author":[{"embeddable":true,"href":"http:\/\/denizcankizil.tr\/en\/wp-json\/wp\/v2\/users\/1"}],"replies":[{"embeddable":true,"href":"http:\/\/denizcankizil.tr\/en\/wp-json\/wp\/v2\/comments?post=87426"}],"version-history":[{"count":0,"href":"http:\/\/denizcankizil.tr\/en\/wp-json\/wp\/v2\/posts\/87426\/revisions"}],"wp:attachment":[{"href":"http:\/\/denizcankizil.tr\/en\/wp-json\/wp\/v2\/media?parent=87426"}],"wp:term":[{"taxonomy":"category","embeddable":true,"href":"http:\/\/denizcankizil.tr\/en\/wp-json\/wp\/v2\/categories?post=87426"},{"taxonomy":"post_tag","embeddable":true,"href":"http:\/\/denizcankizil.tr\/en\/wp-json\/wp\/v2\/tags?post=87426"}],"curies":[{"name":"wp","href":"https:\/\/api.w.org\/{rel}","templated":true}]}}