{"id":86204,"date":"2025-05-14T12:42:18","date_gmt":"2025-05-14T09:42:18","guid":{"rendered":"https:\/\/denizcankizil.tr\/uncategorized-tr\/adalya-vakfinda-yeni-donem-yonetim-kurulu-belirlendi\/"},"modified":"2025-05-14T12:42:18","modified_gmt":"2025-05-14T09:42:18","slug":"adalya-vakfinda-yeni-donem-yonetim-kurulu-belirlendi","status":"publish","type":"post","link":"http:\/\/denizcankizil.tr\/en\/haberler\/gundem\/adalya-vakfinda-yeni-donem-yonetim-kurulu-belirlendi\/","title":{"rendered":"Adalya Vakf\u0131&#8217;nda yeni d\u00f6nem: Y\u00f6netim kurulu belirlendi"},"content":{"rendered":"<p>Antalya&#8217;da sosyal dayan\u0131\u015fman\u0131n \u00f6nc\u00fclerinden Muratpa\u015fa Belediyesi&#8217;ne ba\u011fl\u0131 Adalya Vakf\u0131, yeni y\u00f6netim kurulunu belirledi. \u00dcniversite \u00f6\u011frencilerine burs sa\u011flanmas\u0131, ihtiya\u00e7 sahibi ailelere y\u00f6nelik destekleri ve \u00f6zel gereksinimli bireyler i\u00e7in geli\u015ftirdi\u011fi Engelsiz Kafe projesiyle dikkat \u00e7eken vak\u0131f, toplumsal dayan\u0131\u015fma anlay\u0131\u015f\u0131n\u0131 g\u00fc\u00e7lendirerek \u00f6rnek bir sosyal hizmet modeli sunmaya devam ediyor.<\/p>\n<p>HEM SOSYAL HEM DE K\u0130\u015e\u0130SEL GEL\u0130\u015e\u0130MLER DESTEKLEN\u0130YOR <\/p>\n<p>E\u011fitimden sanata ve spora bir\u00e7ok alanda \u00fccretsiz programlar\u0131n d\u00fczenlendi\u011fi Engelsiz Kafe; m\u00fczik \u00e7al\u0131\u015fmalar\u0131, el sanatlar\u0131 at\u00f6lyeleri, spor aktiviteleri, seminerler, do\u011fa kamplar\u0131 ve mutfak at\u00f6lyeleriyle \u00f6zel gereksinimli bireylerin hem sosyal hem de ki\u015fisel geli\u015fimlerini destekliyor.<\/p>\n<p>\u0130\u015eTE YEN\u0130 Y\u00d6NET\u0130M KURULU \u015eU \u0130S\u0130MLERDE OLU\u015eUYOR<\/p>\n<p>Yeni y\u00f6netim kuruluyla birlikte vakf\u0131n \u00e7al\u0131\u015fmalar\u0131n\u0131 daha da ileriye ta\u015f\u0131mas\u0131 hedefleniyor. Muratpa\u015fa Belediye Ba\u015fkan\u0131 \u00dcmit Uysal\u2019\u0131n da yer ald\u0131\u011f\u0131 yeni y\u00f6netim kurulu \u015fu isimlerden olu\u015fuyor: Y\u0131lmaz Altun, H\u00fcseyin Demir, Sarper Demrut, Erdal \u00d6z\u00e7ivi, Can Ekrem Ate\u015f ve \u00d6zg\u00fcr At\u0131c\u0131. Denetleme kurulu ise Refik Cennet, Timur Murat \u0130nan\u00e7 ve Eser Akkaya\u2019dan olu\u015fuyor.<\/p>\n<p>\u200bBurs programlar\u0131, sosyal yard\u0131mlar ve Engelsiz Kafe projeleriyle \u00f6ne \u00e7\u0131kan Adalya Vakf\u0131&#8217;n\u0131n yeni y\u00f6netim kurulu a\u00e7\u0131kland\u0131. Muratpa\u015fa Belediyesi Ba\u015fkan\u0131 \u00dcmit Uysal&#8217;\u0131n da yer ald\u0131\u011f\u0131 y\u00f6netim, sosyal hizmetlerde yeni projelerle yola devam edecek\u00a0<\/p>\n<p>\u200bHaberin Al\u0131nt\u0131land\u0131\u011f\u0131 Kaynak: www.antalyakorfez.com<\/p>","protected":false},"excerpt":{"rendered":"<p>Antalya&#8217;da sosyal dayan\u0131\u015fman\u0131n \u00f6nc\u00fclerinden Muratpa\u015fa Belediyesi&#8217;ne ba\u011fl\u0131 Adalya Vakf\u0131, yeni y\u00f6netim kurulunu belirledi. \u00dcniversite \u00f6\u011frencilerine burs sa\u011flanmas\u0131, ihtiya\u00e7 sahibi ailelere y\u00f6nelik destekleri ve \u00f6zel gereksinimli bireyler i\u00e7in geli\u015ftirdi\u011fi Engelsiz Kafe projesiyle dikkat \u00e7eken vak\u0131f, toplumsal dayan\u0131\u015fma anlay\u0131\u015f\u0131n\u0131 g\u00fc\u00e7lendirerek \u00f6rnek bir sosyal hizmet modeli sunmaya devam ediyor. HEM SOSYAL HEM DE K\u0130\u015e\u0130SEL GEL\u0130\u015e\u0130MLER DESTEKLEN\u0130YOR E\u011fitimden sanata ve spora bir\u00e7ok alanda \u00fccretsiz programlar\u0131n d\u00fczenlendi\u011fi Engelsiz Kafe; m\u00fczik \u00e7al\u0131\u015fmalar\u0131, el sanatlar\u0131 at\u00f6lyeleri, spor aktiviteleri, seminerler, do\u011fa kamplar\u0131 ve mutfak at\u00f6lyeleriyle \u00f6zel gereksinimli bireylerin hem sosyal hem de ki\u015fisel geli\u015fimlerini destekliyor. \u0130\u015eTE YEN\u0130 Y\u00d6NET\u0130M KURULU \u015eU \u0130S\u0130MLERDE OLU\u015eUYOR Yeni y\u00f6netim kuruluyla birlikte vakf\u0131n \u00e7al\u0131\u015fmalar\u0131n\u0131 daha da ileriye ta\u015f\u0131mas\u0131 hedefleniyor. Muratpa\u015fa Belediye Ba\u015fkan\u0131 \u00dcmit Uysal\u2019\u0131n da yer ald\u0131\u011f\u0131 yeni y\u00f6netim kurulu \u015fu isimlerden olu\u015fuyor: Y\u0131lmaz Altun, H\u00fcseyin Demir, Sarper Demrut, Erdal \u00d6z\u00e7ivi, Can Ekrem Ate\u015f ve \u00d6zg\u00fcr At\u0131c\u0131. Denetleme kurulu ise Refik Cennet, Timur Murat \u0130nan\u00e7 ve Eser Akkaya\u2019dan olu\u015fuyor. \u200bBurs programlar\u0131, sosyal yard\u0131mlar ve Engelsiz Kafe projeleriyle \u00f6ne \u00e7\u0131kan Adalya Vakf\u0131&#8217;n\u0131n yeni y\u00f6netim kurulu a\u00e7\u0131kland\u0131. Muratpa\u015fa Belediyesi Ba\u015fkan\u0131 \u00dcmit Uysal&#8217;\u0131n da yer ald\u0131\u011f\u0131 y\u00f6netim, sosyal hizmetlerde yeni projelerle yola devam edecek\u00a0 \u200bHaberin Al\u0131nt\u0131land\u0131\u011f\u0131 Kaynak: www.antalyakorfez.com<\/p>","protected":false},"author":5,"featured_media":0,"comment_status":"","ping_status":"open","sticky":false,"template":"","format":"standard","meta":{"_acf_changed":false,"footnotes":""},"categories":[24],"tags":[],"class_list":["post-86204","post","type-post","status-publish","format-standard","has-post-thumbnail","hentry","category-gundem"],"acf":[],"yoast_head":"<!-- This site is optimized with the Yoast SEO Premium plugin v26.6 (Yoast SEO v27.1.1) - https:\/\/yoast.com\/product\/yoast-seo-premium-wordpress\/ -->\n<title>Adalya Vakf\u0131&#039;nda yeni d\u00f6nem: Y\u00f6netim kurulu belirlendi - Av. Deniz Can K\u0131z\u0131l<\/title>\n<meta name=\"robots\" content=\"index, follow, max-snippet:-1, max-image-preview:large, max-video-preview:-1\" \/>\n<link rel=\"canonical\" href=\"http:\/\/denizcankizil.tr\/en\/haberler\/gundem\/adalya-vakfinda-yeni-donem-yonetim-kurulu-belirlendi\/\" \/>\n<meta property=\"og:locale\" content=\"en_GB\" \/>\n<meta property=\"og:type\" content=\"article\" \/>\n<meta property=\"og:title\" content=\"Adalya Vakf\u0131&#039;nda yeni d\u00f6nem: Y\u00f6netim kurulu belirlendi\" \/>\n<meta property=\"og:description\" content=\"Antalya&#8217;da sosyal dayan\u0131\u015fman\u0131n \u00f6nc\u00fclerinden Muratpa\u015fa Belediyesi&#8217;ne ba\u011fl\u0131 Adalya Vakf\u0131, yeni y\u00f6netim kurulunu belirledi. \u00dcniversite \u00f6\u011frencilerine burs sa\u011flanmas\u0131, ihtiya\u00e7 sahibi ailelere y\u00f6nelik destekleri ve \u00f6zel gereksinimli bireyler i\u00e7in geli\u015ftirdi\u011fi Engelsiz Kafe projesiyle dikkat \u00e7eken vak\u0131f, toplumsal dayan\u0131\u015fma anlay\u0131\u015f\u0131n\u0131 g\u00fc\u00e7lendirerek \u00f6rnek bir sosyal hizmet modeli sunmaya devam ediyor. HEM SOSYAL HEM DE K\u0130\u015e\u0130SEL GEL\u0130\u015e\u0130MLER DESTEKLEN\u0130YOR E\u011fitimden sanata ve spora bir\u00e7ok alanda \u00fccretsiz programlar\u0131n d\u00fczenlendi\u011fi Engelsiz Kafe; m\u00fczik \u00e7al\u0131\u015fmalar\u0131, el sanatlar\u0131 at\u00f6lyeleri, spor aktiviteleri, seminerler, do\u011fa kamplar\u0131 ve mutfak at\u00f6lyeleriyle \u00f6zel gereksinimli bireylerin hem sosyal hem de ki\u015fisel geli\u015fimlerini destekliyor. \u0130\u015eTE YEN\u0130 Y\u00d6NET\u0130M KURULU \u015eU \u0130S\u0130MLERDE OLU\u015eUYOR Yeni y\u00f6netim kuruluyla birlikte vakf\u0131n \u00e7al\u0131\u015fmalar\u0131n\u0131 daha da ileriye ta\u015f\u0131mas\u0131 hedefleniyor. Muratpa\u015fa Belediye Ba\u015fkan\u0131 \u00dcmit Uysal\u2019\u0131n da yer ald\u0131\u011f\u0131 yeni y\u00f6netim kurulu \u015fu isimlerden olu\u015fuyor: Y\u0131lmaz Altun, H\u00fcseyin Demir, Sarper Demrut, Erdal \u00d6z\u00e7ivi, Can Ekrem Ate\u015f ve \u00d6zg\u00fcr At\u0131c\u0131. Denetleme kurulu ise Refik Cennet, Timur Murat \u0130nan\u00e7 ve Eser Akkaya\u2019dan olu\u015fuyor. \u200bBurs programlar\u0131, sosyal yard\u0131mlar ve Engelsiz Kafe projeleriyle \u00f6ne \u00e7\u0131kan Adalya Vakf\u0131&#8217;n\u0131n yeni y\u00f6netim kurulu a\u00e7\u0131kland\u0131. Muratpa\u015fa Belediyesi Ba\u015fkan\u0131 \u00dcmit Uysal&#8217;\u0131n da yer ald\u0131\u011f\u0131 y\u00f6netim, sosyal hizmetlerde yeni projelerle yola devam edecek\u00a0 \u200bHaberin Al\u0131nt\u0131land\u0131\u011f\u0131 Kaynak: www.antalyakorfez.com\" \/>\n<meta property=\"og:url\" content=\"http:\/\/denizcankizil.tr\/en\/haberler\/gundem\/adalya-vakfinda-yeni-donem-yonetim-kurulu-belirlendi\/\" \/>\n<meta property=\"og:site_name\" content=\"Av. Deniz Can K\u0131z\u0131l\" \/>\n<meta property=\"article:published_time\" content=\"2025-05-14T09:42:18+00:00\" \/>\n<meta name=\"author\" content=\"Antalya K\u00f6rfez\" \/>\n<meta name=\"twitter:card\" content=\"summary_large_image\" \/>\n<meta name=\"twitter:label1\" content=\"Written by\" \/>\n\t<meta name=\"twitter:data1\" content=\"Antalya K\u00f6rfez\" \/>\n\t<meta name=\"twitter:label2\" content=\"Estimated reading time\" \/>\n\t<meta name=\"twitter:data2\" content=\"1 minute\" \/>\n<script type=\"application\/ld+json\" class=\"yoast-schema-graph\">{\"@context\":\"https:\/\/schema.org\",\"@graph\":[{\"@type\":\"Article\",\"@id\":\"http:\/\/denizcankizil.tr\/en\/haberler\/gundem\/adalya-vakfinda-yeni-donem-yonetim-kurulu-belirlendi\/#article\",\"isPartOf\":{\"@id\":\"http:\/\/denizcankizil.tr\/en\/haberler\/gundem\/adalya-vakfinda-yeni-donem-yonetim-kurulu-belirlendi\/\"},\"author\":{\"name\":\"Antalya K\u00f6rfez\",\"@id\":\"https:\/\/denizcankizil.tr\/de\/#\/schema\/person\/e1eb71bb4dd684d46563f0af307e1234\"},\"headline\":\"Adalya Vakf\u0131&#8217;nda yeni d\u00f6nem: Y\u00f6netim kurulu belirlendi\",\"datePublished\":\"2025-05-14T09:42:18+00:00\",\"mainEntityOfPage\":{\"@id\":\"http:\/\/denizcankizil.tr\/en\/haberler\/gundem\/adalya-vakfinda-yeni-donem-yonetim-kurulu-belirlendi\/\"},\"wordCount\":257,\"publisher\":{\"@id\":\"https:\/\/denizcankizil.tr\/de\/#organization\"},\"articleSection\":[\"G\u00fcndem\"],\"inLanguage\":\"en-GB\"},{\"@type\":\"WebPage\",\"@id\":\"http:\/\/denizcankizil.tr\/en\/haberler\/gundem\/adalya-vakfinda-yeni-donem-yonetim-kurulu-belirlendi\/\",\"url\":\"http:\/\/denizcankizil.tr\/en\/haberler\/gundem\/adalya-vakfinda-yeni-donem-yonetim-kurulu-belirlendi\/\",\"name\":\"Adalya Vakf\u0131'nda yeni d\u00f6nem: Y\u00f6netim kurulu belirlendi - Av. Deniz Can K\u0131z\u0131l\",\"isPartOf\":{\"@id\":\"https:\/\/denizcankizil.tr\/de\/#website\"},\"datePublished\":\"2025-05-14T09:42:18+00:00\",\"breadcrumb\":{\"@id\":\"http:\/\/denizcankizil.tr\/en\/haberler\/gundem\/adalya-vakfinda-yeni-donem-yonetim-kurulu-belirlendi\/#breadcrumb\"},\"inLanguage\":\"en-GB\",\"potentialAction\":[{\"@type\":\"ReadAction\",\"target\":[\"http:\/\/denizcankizil.tr\/en\/haberler\/gundem\/adalya-vakfinda-yeni-donem-yonetim-kurulu-belirlendi\/\"]}]},{\"@type\":\"BreadcrumbList\",\"@id\":\"http:\/\/denizcankizil.tr\/en\/haberler\/gundem\/adalya-vakfinda-yeni-donem-yonetim-kurulu-belirlendi\/#breadcrumb\",\"itemListElement\":[{\"@type\":\"ListItem\",\"position\":1,\"name\":\"Home\",\"item\":\"https:\/\/denizcankizil.tr\/de\/\"},{\"@type\":\"ListItem\",\"position\":2,\"name\":\"Adalya Vakf\u0131&#8217;nda yeni d\u00f6nem: Y\u00f6netim kurulu belirlendi\"}]},{\"@type\":\"WebSite\",\"@id\":\"https:\/\/denizcankizil.tr\/de\/#website\",\"url\":\"https:\/\/denizcankizil.tr\/de\/\",\"name\":\"Av. Deniz Can K\u0131z\u0131l\",\"description\":\"Avukat Deniz Can K\u0131z\u0131l Antalya Barosu\",\"publisher\":{\"@id\":\"https:\/\/denizcankizil.tr\/de\/#organization\"},\"potentialAction\":[{\"@type\":\"SearchAction\",\"target\":{\"@type\":\"EntryPoint\",\"urlTemplate\":\"https:\/\/denizcankizil.tr\/de\/?s={search_term_string}\"},\"query-input\":{\"@type\":\"PropertyValueSpecification\",\"valueRequired\":true,\"valueName\":\"search_term_string\"}}],\"inLanguage\":\"en-GB\"},{\"@type\":\"Organization\",\"@id\":\"https:\/\/denizcankizil.tr\/de\/#organization\",\"name\":\"Av. Deniz Can K\u0131z\u0131l\",\"url\":\"https:\/\/denizcankizil.tr\/de\/\",\"logo\":{\"@type\":\"ImageObject\",\"inLanguage\":\"en-GB\",\"@id\":\"https:\/\/denizcankizil.tr\/de\/#\/schema\/logo\/image\/\",\"url\":\"http:\/\/denizcankizil.tr\/wp-content\/uploads\/2024\/10\/siyah-logo-svg.svg\",\"contentUrl\":\"http:\/\/denizcankizil.tr\/wp-content\/uploads\/2024\/10\/siyah-logo-svg.svg\",\"width\":1080,\"height\":1080,\"caption\":\"Av. Deniz Can K\u0131z\u0131l\"},\"image\":{\"@id\":\"https:\/\/denizcankizil.tr\/de\/#\/schema\/logo\/image\/\"}},{\"@type\":\"Person\",\"@id\":\"https:\/\/denizcankizil.tr\/de\/#\/schema\/person\/e1eb71bb4dd684d46563f0af307e1234\",\"name\":\"Antalya K\u00f6rfez\",\"image\":{\"@type\":\"ImageObject\",\"inLanguage\":\"en-GB\",\"@id\":\"https:\/\/denizcankizil.tr\/de\/#\/schema\/person\/image\/\",\"url\":\"https:\/\/secure.gravatar.com\/avatar\/42b01982558a48a0b501fdcab6a408d3717ea5919095ee2e67b0e521799c5905?s=96&d=mm&r=g\",\"contentUrl\":\"https:\/\/secure.gravatar.com\/avatar\/42b01982558a48a0b501fdcab6a408d3717ea5919095ee2e67b0e521799c5905?s=96&d=mm&r=g\",\"caption\":\"Antalya K\u00f6rfez\"},\"sameAs\":[\"http:\/\/www.antalyakorfez.com\"],\"url\":\"https:\/\/www.antalyakorfez.com\/adalya-vakfinda-yeni-donem-yonetim-kurulu-belirlendi\"}]}<\/script>\n<!-- \/ Yoast SEO Premium plugin. -->","yoast_head_json":{"title":"Adalya Vakf\u0131'nda yeni d\u00f6nem: Y\u00f6netim kurulu belirlendi - Av. Deniz Can K\u0131z\u0131l","robots":{"index":"index","follow":"follow","max-snippet":"max-snippet:-1","max-image-preview":"max-image-preview:large","max-video-preview":"max-video-preview:-1"},"canonical":"http:\/\/denizcankizil.tr\/en\/haberler\/gundem\/adalya-vakfinda-yeni-donem-yonetim-kurulu-belirlendi\/","og_locale":"en_GB","og_type":"article","og_title":"Adalya Vakf\u0131'nda yeni d\u00f6nem: Y\u00f6netim kurulu belirlendi","og_description":"Antalya&#8217;da sosyal dayan\u0131\u015fman\u0131n \u00f6nc\u00fclerinden Muratpa\u015fa Belediyesi&#8217;ne ba\u011fl\u0131 Adalya Vakf\u0131, yeni y\u00f6netim kurulunu belirledi. \u00dcniversite \u00f6\u011frencilerine burs sa\u011flanmas\u0131, ihtiya\u00e7 sahibi ailelere y\u00f6nelik destekleri ve \u00f6zel gereksinimli bireyler i\u00e7in geli\u015ftirdi\u011fi Engelsiz Kafe projesiyle dikkat \u00e7eken vak\u0131f, toplumsal dayan\u0131\u015fma anlay\u0131\u015f\u0131n\u0131 g\u00fc\u00e7lendirerek \u00f6rnek bir sosyal hizmet modeli sunmaya devam ediyor. HEM SOSYAL HEM DE K\u0130\u015e\u0130SEL GEL\u0130\u015e\u0130MLER DESTEKLEN\u0130YOR E\u011fitimden sanata ve spora bir\u00e7ok alanda \u00fccretsiz programlar\u0131n d\u00fczenlendi\u011fi Engelsiz Kafe; m\u00fczik \u00e7al\u0131\u015fmalar\u0131, el sanatlar\u0131 at\u00f6lyeleri, spor aktiviteleri, seminerler, do\u011fa kamplar\u0131 ve mutfak at\u00f6lyeleriyle \u00f6zel gereksinimli bireylerin hem sosyal hem de ki\u015fisel geli\u015fimlerini destekliyor. \u0130\u015eTE YEN\u0130 Y\u00d6NET\u0130M KURULU \u015eU \u0130S\u0130MLERDE OLU\u015eUYOR Yeni y\u00f6netim kuruluyla birlikte vakf\u0131n \u00e7al\u0131\u015fmalar\u0131n\u0131 daha da ileriye ta\u015f\u0131mas\u0131 hedefleniyor. Muratpa\u015fa Belediye Ba\u015fkan\u0131 \u00dcmit Uysal\u2019\u0131n da yer ald\u0131\u011f\u0131 yeni y\u00f6netim kurulu \u015fu isimlerden olu\u015fuyor: Y\u0131lmaz Altun, H\u00fcseyin Demir, Sarper Demrut, Erdal \u00d6z\u00e7ivi, Can Ekrem Ate\u015f ve \u00d6zg\u00fcr At\u0131c\u0131. Denetleme kurulu ise Refik Cennet, Timur Murat \u0130nan\u00e7 ve Eser Akkaya\u2019dan olu\u015fuyor. \u200bBurs programlar\u0131, sosyal yard\u0131mlar ve Engelsiz Kafe projeleriyle \u00f6ne \u00e7\u0131kan Adalya Vakf\u0131&#8217;n\u0131n yeni y\u00f6netim kurulu a\u00e7\u0131kland\u0131. Muratpa\u015fa Belediyesi Ba\u015fkan\u0131 \u00dcmit Uysal&#8217;\u0131n da yer ald\u0131\u011f\u0131 y\u00f6netim, sosyal hizmetlerde yeni projelerle yola devam edecek\u00a0 \u200bHaberin Al\u0131nt\u0131land\u0131\u011f\u0131 Kaynak: www.antalyakorfez.com","og_url":"http:\/\/denizcankizil.tr\/en\/haberler\/gundem\/adalya-vakfinda-yeni-donem-yonetim-kurulu-belirlendi\/","og_site_name":"Av. Deniz Can K\u0131z\u0131l","article_published_time":"2025-05-14T09:42:18+00:00","author":"Antalya K\u00f6rfez","twitter_card":"summary_large_image","twitter_misc":{"Written by":"Antalya K\u00f6rfez","Estimated reading time":"1 minute"},"schema":{"@context":"https:\/\/schema.org","@graph":[{"@type":"Article","@id":"http:\/\/denizcankizil.tr\/en\/haberler\/gundem\/adalya-vakfinda-yeni-donem-yonetim-kurulu-belirlendi\/#article","isPartOf":{"@id":"http:\/\/denizcankizil.tr\/en\/haberler\/gundem\/adalya-vakfinda-yeni-donem-yonetim-kurulu-belirlendi\/"},"author":{"name":"Antalya K\u00f6rfez","@id":"https:\/\/denizcankizil.tr\/de\/#\/schema\/person\/e1eb71bb4dd684d46563f0af307e1234"},"headline":"Adalya Vakf\u0131&#8217;nda yeni d\u00f6nem: Y\u00f6netim kurulu belirlendi","datePublished":"2025-05-14T09:42:18+00:00","mainEntityOfPage":{"@id":"http:\/\/denizcankizil.tr\/en\/haberler\/gundem\/adalya-vakfinda-yeni-donem-yonetim-kurulu-belirlendi\/"},"wordCount":257,"publisher":{"@id":"https:\/\/denizcankizil.tr\/de\/#organization"},"articleSection":["G\u00fcndem"],"inLanguage":"en-GB"},{"@type":"WebPage","@id":"http:\/\/denizcankizil.tr\/en\/haberler\/gundem\/adalya-vakfinda-yeni-donem-yonetim-kurulu-belirlendi\/","url":"http:\/\/denizcankizil.tr\/en\/haberler\/gundem\/adalya-vakfinda-yeni-donem-yonetim-kurulu-belirlendi\/","name":"Adalya Vakf\u0131'nda yeni d\u00f6nem: Y\u00f6netim kurulu belirlendi - Av. Deniz Can K\u0131z\u0131l","isPartOf":{"@id":"https:\/\/denizcankizil.tr\/de\/#website"},"datePublished":"2025-05-14T09:42:18+00:00","breadcrumb":{"@id":"http:\/\/denizcankizil.tr\/en\/haberler\/gundem\/adalya-vakfinda-yeni-donem-yonetim-kurulu-belirlendi\/#breadcrumb"},"inLanguage":"en-GB","potentialAction":[{"@type":"ReadAction","target":["http:\/\/denizcankizil.tr\/en\/haberler\/gundem\/adalya-vakfinda-yeni-donem-yonetim-kurulu-belirlendi\/"]}]},{"@type":"BreadcrumbList","@id":"http:\/\/denizcankizil.tr\/en\/haberler\/gundem\/adalya-vakfinda-yeni-donem-yonetim-kurulu-belirlendi\/#breadcrumb","itemListElement":[{"@type":"ListItem","position":1,"name":"Home","item":"https:\/\/denizcankizil.tr\/de\/"},{"@type":"ListItem","position":2,"name":"Adalya Vakf\u0131&#8217;nda yeni d\u00f6nem: Y\u00f6netim kurulu belirlendi"}]},{"@type":"WebSite","@id":"https:\/\/denizcankizil.tr\/de\/#website","url":"https:\/\/denizcankizil.tr\/de\/","name":"Av. Deniz Can K\u0131z\u0131l","description":"Avukat Deniz Can K\u0131z\u0131l Antalya Barosu","publisher":{"@id":"https:\/\/denizcankizil.tr\/de\/#organization"},"potentialAction":[{"@type":"SearchAction","target":{"@type":"EntryPoint","urlTemplate":"https:\/\/denizcankizil.tr\/de\/?s={search_term_string}"},"query-input":{"@type":"PropertyValueSpecification","valueRequired":true,"valueName":"search_term_string"}}],"inLanguage":"en-GB"},{"@type":"Organization","@id":"https:\/\/denizcankizil.tr\/de\/#organization","name":"Av. Deniz Can K\u0131z\u0131l","url":"https:\/\/denizcankizil.tr\/de\/","logo":{"@type":"ImageObject","inLanguage":"en-GB","@id":"https:\/\/denizcankizil.tr\/de\/#\/schema\/logo\/image\/","url":"http:\/\/denizcankizil.tr\/wp-content\/uploads\/2024\/10\/siyah-logo-svg.svg","contentUrl":"http:\/\/denizcankizil.tr\/wp-content\/uploads\/2024\/10\/siyah-logo-svg.svg","width":1080,"height":1080,"caption":"Av. Deniz Can K\u0131z\u0131l"},"image":{"@id":"https:\/\/denizcankizil.tr\/de\/#\/schema\/logo\/image\/"}},{"@type":"Person","@id":"https:\/\/denizcankizil.tr\/de\/#\/schema\/person\/e1eb71bb4dd684d46563f0af307e1234","name":"Antalya K\u00f6rfez","image":{"@type":"ImageObject","inLanguage":"en-GB","@id":"https:\/\/denizcankizil.tr\/de\/#\/schema\/person\/image\/","url":"https:\/\/secure.gravatar.com\/avatar\/42b01982558a48a0b501fdcab6a408d3717ea5919095ee2e67b0e521799c5905?s=96&d=mm&r=g","contentUrl":"https:\/\/secure.gravatar.com\/avatar\/42b01982558a48a0b501fdcab6a408d3717ea5919095ee2e67b0e521799c5905?s=96&d=mm&r=g","caption":"Antalya K\u00f6rfez"},"sameAs":["http:\/\/www.antalyakorfez.com"],"url":"https:\/\/www.antalyakorfez.com\/adalya-vakfinda-yeni-donem-yonetim-kurulu-belirlendi"}]}},"_links":{"self":[{"href":"http:\/\/denizcankizil.tr\/en\/wp-json\/wp\/v2\/posts\/86204","targetHints":{"allow":["GET"]}}],"collection":[{"href":"http:\/\/denizcankizil.tr\/en\/wp-json\/wp\/v2\/posts"}],"about":[{"href":"http:\/\/denizcankizil.tr\/en\/wp-json\/wp\/v2\/types\/post"}],"author":[{"embeddable":true,"href":"http:\/\/denizcankizil.tr\/en\/wp-json\/wp\/v2\/users\/5"}],"replies":[{"embeddable":true,"href":"http:\/\/denizcankizil.tr\/en\/wp-json\/wp\/v2\/comments?post=86204"}],"version-history":[{"count":0,"href":"http:\/\/denizcankizil.tr\/en\/wp-json\/wp\/v2\/posts\/86204\/revisions"}],"wp:attachment":[{"href":"http:\/\/denizcankizil.tr\/en\/wp-json\/wp\/v2\/media?parent=86204"}],"wp:term":[{"taxonomy":"category","embeddable":true,"href":"http:\/\/denizcankizil.tr\/en\/wp-json\/wp\/v2\/categories?post=86204"},{"taxonomy":"post_tag","embeddable":true,"href":"http:\/\/denizcankizil.tr\/en\/wp-json\/wp\/v2\/tags?post=86204"}],"curies":[{"name":"wp","href":"https:\/\/api.w.org\/{rel}","templated":true}]}}