{"id":84911,"date":"2025-05-13T08:41:21","date_gmt":"2025-05-13T05:41:21","guid":{"rendered":"https:\/\/denizcankizil.tr\/uncategorized-tr\/antalyada-kacak-kiyma-ceken-yandi-cezasi-dudak-ucuklatti\/"},"modified":"2025-05-13T08:41:21","modified_gmt":"2025-05-13T05:41:21","slug":"antalyada-kacak-kiyma-ceken-yandi-cezasi-dudak-ucuklatti","status":"publish","type":"post","link":"http:\/\/denizcankizil.tr\/en\/haberler\/gundem\/antalyada-kacak-kiyma-ceken-yandi-cezasi-dudak-ucuklatti\/","title":{"rendered":"Antalya&#8217;da ka\u00e7ak k\u0131yma \u00e7eken yand\u0131\u2026 Cezas\u0131 dudak u\u00e7uklatt\u0131!"},"content":{"rendered":"<p>T\u00fcrkiye Kasaplar Federasyonu Genel Ba\u015fkan\u0131 ve Antalya Kasaplar Odas\u0131 Ba\u015fkan\u0131 Osman Yard\u0131mc\u0131, Kurban Bayram\u0131 \u00f6ncesinde \u00f6nemli a\u00e7\u0131klamalarda bulundu. Yard\u0131mc\u0131, zincir marketlerin sat\u0131\u015fa sundu\u011fu kurbanl\u0131klara ve bayram boyunca kasaplar d\u0131\u015f\u0131nda k\u0131yma \u00e7eken esnaflara dikkat \u00e7ekti. Ticaret Bakanl\u0131\u011f\u0131 ekiplerinin bu bayramda yo\u011fun bir denetim ger\u00e7ekle\u015ftirece\u011fini anlatan Yard\u0131mc\u0131, kasaplar\u0131n d\u0131\u015f\u0131nda koyun kesen ve et i\u015fleyen esnaflar\u0131n yak\u0131n takipte olaca\u011f\u0131n\u0131 bildirdi.<\/p>\n<p>BIRAKIN KASAPLAR \u0130\u015e\u0130N\u0130 YAPSIN!<\/p>\n<p>Ge\u00e7ti\u011fimiz y\u0131l Antalya\u2019da kasaplar\u0131n d\u0131\u015f\u0131nda et i\u015fleyen, k\u0131yma \u00e7eken farkl\u0131 esnaf mensuplar\u0131na 80 bin TL para cezas\u0131 uyguland\u0131\u011f\u0131n\u0131 anlatan Kasaplar Odas\u0131 Ba\u015fkan\u0131 Osman Yard\u0131mc\u0131, bu y\u0131l cezan\u0131n art\u0131r\u0131larak 180 bin TL\u2019ye \u00e7\u0131kart\u0131ld\u0131\u011f\u0131n\u0131 a\u00e7\u0131klad\u0131. Yard\u0131mc\u0131, \u201cHer kurban bayram\u0131nda ya\u015fanan sorunlar\u0131 bu y\u0131l ya\u015famak istemiyoruz. \u015eehrimizde kurban bayram\u0131n\u0131 kasaplar\u0131m\u0131z d\u0131\u015f\u0131nda et i\u015fleme ve k\u0131yma \u00e7ekimi i\u00e7in bekleyen esnaflar\u0131m\u0131z\u0131 uyar\u0131yoruz. B\u0131rak\u0131n kasap esnaf\u0131m\u0131z i\u015fini yaps\u0131n. Biz kasaplar farkl\u0131 i\u015fler yapm\u0131yoruz. Herkes i\u015fini yaps\u0131n. Bu y\u0131l kurban bayram\u0131nda bakanl\u0131k ekipleri d\u0131\u015f\u0131nda meslek odas\u0131 olarak bizlerde etkin denetim ger\u00e7ekle\u015ftirece\u011fiz\u201d diye konu\u015ftu.<\/p>\n<p>Z\u0130NC\u0130R MARKETLER NEDEN KURBANLIK SATIYOR?<\/p>\n<p>Kurban Bayram\u0131&#8217;na say\u0131l\u0131 g\u00fcnler kala Antalya\u2019da \u00e7ok say\u0131da zincir marketin kurbanl\u0131k sat\u0131\u015f\u0131na ba\u015flad\u0131\u011f\u0131n\u0131 hat\u0131rlatan Osman Yard\u0131mc\u0131, sat\u0131\u015fa \u00e7\u0131kart\u0131lan kurbanl\u0131klar\u0131n bayramdan g\u00fcnler \u00f6ncesinde kesilerek so\u011fuk hava depolar\u0131na konuldu\u011funu ifade etti. Bu \u015fekilde kesimlerin kurbanl\u0131k say\u0131lmad\u0131\u011f\u0131n\u0131 ifade eden Yard\u0131mc\u0131; \u201cGe\u00e7ti\u011fimiz y\u0131l Diyanet \u0130\u015fleri Ba\u015fkanl\u0131\u011f\u0131 a\u00e7\u0131klama yapt\u0131. Kurbanl\u0131klar bayram g\u00fcn\u00fcnde kesilmeli. G\u00fcn\u00fcnden \u00f6nce kesilen kurbanlar kurbanl\u0131k say\u0131lm\u0131yor. Bu nedenle zincir marketlerde sat\u0131\u015fa \u00e7\u0131kart\u0131lan kurbanl\u0131klar d\u00fc\u015f\u00fck fiyatlar\u0131yla dikkat \u00e7ekiyor\u201d dedi.<\/p>\n<p>&#8220;KUZUNUN C\u0130\u011eER\u0130 B\u0130R\u0130N\u0130N EL\u0130NDE&#8230;&#8221;<\/p>\n<p>Yard\u0131mc\u0131, a\u00e7\u0131klamalar\u0131n\u0131 \u015fu \u015fekilde s\u00fcrd\u00fcrd\u00fc:<\/p>\n<p>\u201cDi\u011fer yandan zincir marketlerde kesilen kurbanl\u0131k koyunlar\u0131n sakatat\u0131 yok, kellesi yok, ayaklar\u0131 yok. Bu nas\u0131l bir kurban anlay\u0131\u015f\u0131. Vatanda\u015flar\u0131m\u0131z\u0131n bu konuda dikkatli olmalar\u0131n\u0131 ve kurbanl\u0131klar\u0131n\u0131 kasaplardan ve sat\u0131\u015f noktalar\u0131ndan almalar\u0131n\u0131 tavsiye ediyoruz. Bug\u00fcn bir kuzu ci\u011ferinin kilogram\u0131 800 TL\u2019nin \u00fczerinde. Kesilen binlerce kuzunun ci\u011feri birinin ellerinde oluyor ve b\u00fcy\u00fck bir kazan\u00e7 sa\u011flan\u0131yor. Vatanda\u015flar\u0131m\u0131z\u0131n kand\u0131r\u0131lmas\u0131na g\u00f6nl\u00fcm\u00fcz raz\u0131 olmayacak. Bu nedenle bu t\u00fcr a\u00e7\u0131klamalar\u0131m\u0131z\u0131 aral\u0131ks\u0131z bir \u015fekilde yapaca\u011f\u0131z.\u201d<\/p>\n<p>\u200bYakla\u015fan Kurban Bayram\u0131 \u00f6ncesinde Antalya Kasaplar Odas\u0131&#8217;ndan \u00f6nemli a\u00e7\u0131klamalar geldi. Her bayramda kasaplar\u0131n d\u0131\u015f\u0131nda ba\u015fka esnaf kollar\u0131n\u0131n da et i\u015fledi\u011fine dikkat \u00e7eken Kasaplar Odas\u0131 Ba\u015fkan\u0131 Osman Yard\u0131mc\u0131, &#8220;Bu ki\u015filer tespit edildi\u011fi an 180 bin TL para cezas\u0131 \u00f6demek zorunda kalacak\u201d dedi.\u00a0<\/p>\n<p>\u200bHaberin Al\u0131nt\u0131land\u0131\u011f\u0131 Kaynak: www.antalyakorfez.com<\/p>","protected":false},"excerpt":{"rendered":"<p>T\u00fcrkiye Kasaplar Federasyonu Genel Ba\u015fkan\u0131 ve Antalya Kasaplar Odas\u0131 Ba\u015fkan\u0131 Osman Yard\u0131mc\u0131, Kurban Bayram\u0131 \u00f6ncesinde \u00f6nemli a\u00e7\u0131klamalarda bulundu. Yard\u0131mc\u0131, zincir marketlerin sat\u0131\u015fa sundu\u011fu kurbanl\u0131klara ve bayram boyunca kasaplar d\u0131\u015f\u0131nda k\u0131yma \u00e7eken esnaflara dikkat \u00e7ekti. Ticaret Bakanl\u0131\u011f\u0131 ekiplerinin bu bayramda yo\u011fun bir denetim ger\u00e7ekle\u015ftirece\u011fini anlatan Yard\u0131mc\u0131, kasaplar\u0131n d\u0131\u015f\u0131nda koyun kesen ve et i\u015fleyen esnaflar\u0131n yak\u0131n takipte olaca\u011f\u0131n\u0131 bildirdi. BIRAKIN KASAPLAR \u0130\u015e\u0130N\u0130 YAPSIN! Ge\u00e7ti\u011fimiz y\u0131l Antalya\u2019da kasaplar\u0131n d\u0131\u015f\u0131nda et i\u015fleyen, k\u0131yma \u00e7eken farkl\u0131 esnaf mensuplar\u0131na 80 bin TL para cezas\u0131 uyguland\u0131\u011f\u0131n\u0131 anlatan Kasaplar Odas\u0131 Ba\u015fkan\u0131 Osman Yard\u0131mc\u0131, bu y\u0131l cezan\u0131n art\u0131r\u0131larak 180 bin TL\u2019ye \u00e7\u0131kart\u0131ld\u0131\u011f\u0131n\u0131 a\u00e7\u0131klad\u0131. Yard\u0131mc\u0131, \u201cHer kurban bayram\u0131nda ya\u015fanan sorunlar\u0131 bu y\u0131l ya\u015famak istemiyoruz. \u015eehrimizde kurban bayram\u0131n\u0131 kasaplar\u0131m\u0131z d\u0131\u015f\u0131nda et i\u015fleme ve k\u0131yma \u00e7ekimi i\u00e7in bekleyen esnaflar\u0131m\u0131z\u0131 uyar\u0131yoruz. B\u0131rak\u0131n kasap esnaf\u0131m\u0131z i\u015fini yaps\u0131n. Biz kasaplar farkl\u0131 i\u015fler yapm\u0131yoruz. Herkes i\u015fini yaps\u0131n. Bu y\u0131l kurban bayram\u0131nda bakanl\u0131k ekipleri d\u0131\u015f\u0131nda meslek odas\u0131 olarak bizlerde etkin denetim ger\u00e7ekle\u015ftirece\u011fiz\u201d diye konu\u015ftu. Z\u0130NC\u0130R MARKETLER NEDEN KURBANLIK SATIYOR? Kurban Bayram\u0131&#8217;na say\u0131l\u0131 g\u00fcnler kala Antalya\u2019da \u00e7ok say\u0131da zincir marketin kurbanl\u0131k sat\u0131\u015f\u0131na ba\u015flad\u0131\u011f\u0131n\u0131 hat\u0131rlatan Osman Yard\u0131mc\u0131, sat\u0131\u015fa \u00e7\u0131kart\u0131lan kurbanl\u0131klar\u0131n bayramdan g\u00fcnler \u00f6ncesinde kesilerek so\u011fuk hava depolar\u0131na konuldu\u011funu ifade etti. Bu \u015fekilde kesimlerin kurbanl\u0131k say\u0131lmad\u0131\u011f\u0131n\u0131 ifade eden Yard\u0131mc\u0131; \u201cGe\u00e7ti\u011fimiz y\u0131l Diyanet \u0130\u015fleri Ba\u015fkanl\u0131\u011f\u0131 a\u00e7\u0131klama yapt\u0131. Kurbanl\u0131klar bayram g\u00fcn\u00fcnde kesilmeli. &hellip;<\/p>","protected":false},"author":5,"featured_media":0,"comment_status":"","ping_status":"open","sticky":false,"template":"","format":"standard","meta":{"_acf_changed":false,"footnotes":""},"categories":[24],"tags":[],"class_list":["post-84911","post","type-post","status-publish","format-standard","has-post-thumbnail","hentry","category-gundem"],"acf":[],"yoast_head":"<!-- This site is optimized with the Yoast SEO Premium plugin v26.6 (Yoast SEO v27.1.1) - https:\/\/yoast.com\/product\/yoast-seo-premium-wordpress\/ -->\n<title>Antalya&#039;da ka\u00e7ak k\u0131yma \u00e7eken yand\u0131\u2026 Cezas\u0131 dudak u\u00e7uklatt\u0131! - Av. Deniz Can K\u0131z\u0131l<\/title>\n<meta name=\"robots\" content=\"index, follow, max-snippet:-1, max-image-preview:large, max-video-preview:-1\" \/>\n<link rel=\"canonical\" href=\"http:\/\/denizcankizil.tr\/en\/haberler\/gundem\/antalyada-kacak-kiyma-ceken-yandi-cezasi-dudak-ucuklatti\/\" \/>\n<meta property=\"og:locale\" content=\"en_GB\" \/>\n<meta property=\"og:type\" content=\"article\" \/>\n<meta property=\"og:title\" content=\"Antalya&#039;da ka\u00e7ak k\u0131yma \u00e7eken yand\u0131\u2026 Cezas\u0131 dudak u\u00e7uklatt\u0131!\" \/>\n<meta property=\"og:description\" content=\"T\u00fcrkiye Kasaplar Federasyonu Genel Ba\u015fkan\u0131 ve Antalya Kasaplar Odas\u0131 Ba\u015fkan\u0131 Osman Yard\u0131mc\u0131, Kurban Bayram\u0131 \u00f6ncesinde \u00f6nemli a\u00e7\u0131klamalarda bulundu. Yard\u0131mc\u0131, zincir marketlerin sat\u0131\u015fa sundu\u011fu kurbanl\u0131klara ve bayram boyunca kasaplar d\u0131\u015f\u0131nda k\u0131yma \u00e7eken esnaflara dikkat \u00e7ekti. Ticaret Bakanl\u0131\u011f\u0131 ekiplerinin bu bayramda yo\u011fun bir denetim ger\u00e7ekle\u015ftirece\u011fini anlatan Yard\u0131mc\u0131, kasaplar\u0131n d\u0131\u015f\u0131nda koyun kesen ve et i\u015fleyen esnaflar\u0131n yak\u0131n takipte olaca\u011f\u0131n\u0131 bildirdi. BIRAKIN KASAPLAR \u0130\u015e\u0130N\u0130 YAPSIN! Ge\u00e7ti\u011fimiz y\u0131l Antalya\u2019da kasaplar\u0131n d\u0131\u015f\u0131nda et i\u015fleyen, k\u0131yma \u00e7eken farkl\u0131 esnaf mensuplar\u0131na 80 bin TL para cezas\u0131 uyguland\u0131\u011f\u0131n\u0131 anlatan Kasaplar Odas\u0131 Ba\u015fkan\u0131 Osman Yard\u0131mc\u0131, bu y\u0131l cezan\u0131n art\u0131r\u0131larak 180 bin TL\u2019ye \u00e7\u0131kart\u0131ld\u0131\u011f\u0131n\u0131 a\u00e7\u0131klad\u0131. Yard\u0131mc\u0131, \u201cHer kurban bayram\u0131nda ya\u015fanan sorunlar\u0131 bu y\u0131l ya\u015famak istemiyoruz. \u015eehrimizde kurban bayram\u0131n\u0131 kasaplar\u0131m\u0131z d\u0131\u015f\u0131nda et i\u015fleme ve k\u0131yma \u00e7ekimi i\u00e7in bekleyen esnaflar\u0131m\u0131z\u0131 uyar\u0131yoruz. B\u0131rak\u0131n kasap esnaf\u0131m\u0131z i\u015fini yaps\u0131n. Biz kasaplar farkl\u0131 i\u015fler yapm\u0131yoruz. Herkes i\u015fini yaps\u0131n. Bu y\u0131l kurban bayram\u0131nda bakanl\u0131k ekipleri d\u0131\u015f\u0131nda meslek odas\u0131 olarak bizlerde etkin denetim ger\u00e7ekle\u015ftirece\u011fiz\u201d diye konu\u015ftu. Z\u0130NC\u0130R MARKETLER NEDEN KURBANLIK SATIYOR? Kurban Bayram\u0131&#8217;na say\u0131l\u0131 g\u00fcnler kala Antalya\u2019da \u00e7ok say\u0131da zincir marketin kurbanl\u0131k sat\u0131\u015f\u0131na ba\u015flad\u0131\u011f\u0131n\u0131 hat\u0131rlatan Osman Yard\u0131mc\u0131, sat\u0131\u015fa \u00e7\u0131kart\u0131lan kurbanl\u0131klar\u0131n bayramdan g\u00fcnler \u00f6ncesinde kesilerek so\u011fuk hava depolar\u0131na konuldu\u011funu ifade etti. Bu \u015fekilde kesimlerin kurbanl\u0131k say\u0131lmad\u0131\u011f\u0131n\u0131 ifade eden Yard\u0131mc\u0131; \u201cGe\u00e7ti\u011fimiz y\u0131l Diyanet \u0130\u015fleri Ba\u015fkanl\u0131\u011f\u0131 a\u00e7\u0131klama yapt\u0131. Kurbanl\u0131klar bayram g\u00fcn\u00fcnde kesilmeli. &hellip;\" \/>\n<meta property=\"og:url\" content=\"http:\/\/denizcankizil.tr\/en\/haberler\/gundem\/antalyada-kacak-kiyma-ceken-yandi-cezasi-dudak-ucuklatti\/\" \/>\n<meta property=\"og:site_name\" content=\"Av. Deniz Can K\u0131z\u0131l\" \/>\n<meta property=\"article:published_time\" content=\"2025-05-13T05:41:21+00:00\" \/>\n<meta name=\"author\" content=\"Antalya K\u00f6rfez\" \/>\n<meta name=\"twitter:card\" content=\"summary_large_image\" \/>\n<meta name=\"twitter:label1\" content=\"Written by\" \/>\n\t<meta name=\"twitter:data1\" content=\"Antalya K\u00f6rfez\" \/>\n\t<meta name=\"twitter:label2\" content=\"Estimated reading time\" \/>\n\t<meta name=\"twitter:data2\" content=\"3 minutes\" \/>\n<script type=\"application\/ld+json\" class=\"yoast-schema-graph\">{\"@context\":\"https:\/\/schema.org\",\"@graph\":[{\"@type\":\"Article\",\"@id\":\"http:\/\/denizcankizil.tr\/en\/haberler\/gundem\/antalyada-kacak-kiyma-ceken-yandi-cezasi-dudak-ucuklatti\/#article\",\"isPartOf\":{\"@id\":\"http:\/\/denizcankizil.tr\/en\/haberler\/gundem\/antalyada-kacak-kiyma-ceken-yandi-cezasi-dudak-ucuklatti\/\"},\"author\":{\"name\":\"Antalya K\u00f6rfez\",\"@id\":\"https:\/\/denizcankizil.tr\/#\/schema\/person\/e1eb71bb4dd684d46563f0af307e1234\"},\"headline\":\"Antalya&#8217;da ka\u00e7ak k\u0131yma \u00e7eken yand\u0131\u2026 Cezas\u0131 dudak u\u00e7uklatt\u0131!\",\"datePublished\":\"2025-05-13T05:41:21+00:00\",\"mainEntityOfPage\":{\"@id\":\"http:\/\/denizcankizil.tr\/en\/haberler\/gundem\/antalyada-kacak-kiyma-ceken-yandi-cezasi-dudak-ucuklatti\/\"},\"wordCount\":530,\"publisher\":{\"@id\":\"https:\/\/denizcankizil.tr\/#organization\"},\"articleSection\":[\"G\u00fcndem\"],\"inLanguage\":\"en-GB\"},{\"@type\":\"WebPage\",\"@id\":\"http:\/\/denizcankizil.tr\/en\/haberler\/gundem\/antalyada-kacak-kiyma-ceken-yandi-cezasi-dudak-ucuklatti\/\",\"url\":\"http:\/\/denizcankizil.tr\/en\/haberler\/gundem\/antalyada-kacak-kiyma-ceken-yandi-cezasi-dudak-ucuklatti\/\",\"name\":\"Antalya'da ka\u00e7ak k\u0131yma \u00e7eken yand\u0131\u2026 Cezas\u0131 dudak u\u00e7uklatt\u0131! - Av. Deniz Can K\u0131z\u0131l\",\"isPartOf\":{\"@id\":\"https:\/\/denizcankizil.tr\/#website\"},\"datePublished\":\"2025-05-13T05:41:21+00:00\",\"breadcrumb\":{\"@id\":\"http:\/\/denizcankizil.tr\/en\/haberler\/gundem\/antalyada-kacak-kiyma-ceken-yandi-cezasi-dudak-ucuklatti\/#breadcrumb\"},\"inLanguage\":\"en-GB\",\"potentialAction\":[{\"@type\":\"ReadAction\",\"target\":[\"http:\/\/denizcankizil.tr\/en\/haberler\/gundem\/antalyada-kacak-kiyma-ceken-yandi-cezasi-dudak-ucuklatti\/\"]}]},{\"@type\":\"BreadcrumbList\",\"@id\":\"http:\/\/denizcankizil.tr\/en\/haberler\/gundem\/antalyada-kacak-kiyma-ceken-yandi-cezasi-dudak-ucuklatti\/#breadcrumb\",\"itemListElement\":[{\"@type\":\"ListItem\",\"position\":1,\"name\":\"Home\",\"item\":\"https:\/\/denizcankizil.tr\/de\/\"},{\"@type\":\"ListItem\",\"position\":2,\"name\":\"Antalya&#8217;da ka\u00e7ak k\u0131yma \u00e7eken yand\u0131\u2026 Cezas\u0131 dudak u\u00e7uklatt\u0131!\"}]},{\"@type\":\"WebSite\",\"@id\":\"https:\/\/denizcankizil.tr\/#website\",\"url\":\"https:\/\/denizcankizil.tr\/\",\"name\":\"Av. Deniz Can K\u0131z\u0131l\",\"description\":\"Avukat Deniz Can K\u0131z\u0131l Antalya Barosu\",\"publisher\":{\"@id\":\"https:\/\/denizcankizil.tr\/#organization\"},\"potentialAction\":[{\"@type\":\"SearchAction\",\"target\":{\"@type\":\"EntryPoint\",\"urlTemplate\":\"https:\/\/denizcankizil.tr\/?s={search_term_string}\"},\"query-input\":{\"@type\":\"PropertyValueSpecification\",\"valueRequired\":true,\"valueName\":\"search_term_string\"}}],\"inLanguage\":\"en-GB\"},{\"@type\":\"Organization\",\"@id\":\"https:\/\/denizcankizil.tr\/#organization\",\"name\":\"Av. Deniz Can K\u0131z\u0131l\",\"url\":\"https:\/\/denizcankizil.tr\/\",\"logo\":{\"@type\":\"ImageObject\",\"inLanguage\":\"en-GB\",\"@id\":\"https:\/\/denizcankizil.tr\/#\/schema\/logo\/image\/\",\"url\":\"http:\/\/denizcankizil.tr\/wp-content\/uploads\/2024\/10\/siyah-logo-svg.svg\",\"contentUrl\":\"http:\/\/denizcankizil.tr\/wp-content\/uploads\/2024\/10\/siyah-logo-svg.svg\",\"width\":1080,\"height\":1080,\"caption\":\"Av. Deniz Can K\u0131z\u0131l\"},\"image\":{\"@id\":\"https:\/\/denizcankizil.tr\/#\/schema\/logo\/image\/\"}},{\"@type\":\"Person\",\"@id\":\"https:\/\/denizcankizil.tr\/#\/schema\/person\/e1eb71bb4dd684d46563f0af307e1234\",\"name\":\"Antalya K\u00f6rfez\",\"image\":{\"@type\":\"ImageObject\",\"inLanguage\":\"en-GB\",\"@id\":\"https:\/\/denizcankizil.tr\/#\/schema\/person\/image\/\",\"url\":\"https:\/\/secure.gravatar.com\/avatar\/42b01982558a48a0b501fdcab6a408d3717ea5919095ee2e67b0e521799c5905?s=96&d=mm&r=g\",\"contentUrl\":\"https:\/\/secure.gravatar.com\/avatar\/42b01982558a48a0b501fdcab6a408d3717ea5919095ee2e67b0e521799c5905?s=96&d=mm&r=g\",\"caption\":\"Antalya K\u00f6rfez\"},\"sameAs\":[\"http:\/\/www.antalyakorfez.com\"],\"url\":\"https:\/\/www.antalyakorfez.com\/antalyada-kacak-kiyma-ceken-yandi-cezasi-dudak-ucuklatti\"}]}<\/script>\n<!-- \/ Yoast SEO Premium plugin. -->","yoast_head_json":{"title":"Antalya'da ka\u00e7ak k\u0131yma \u00e7eken yand\u0131\u2026 Cezas\u0131 dudak u\u00e7uklatt\u0131! - Av. Deniz Can K\u0131z\u0131l","robots":{"index":"index","follow":"follow","max-snippet":"max-snippet:-1","max-image-preview":"max-image-preview:large","max-video-preview":"max-video-preview:-1"},"canonical":"http:\/\/denizcankizil.tr\/en\/haberler\/gundem\/antalyada-kacak-kiyma-ceken-yandi-cezasi-dudak-ucuklatti\/","og_locale":"en_GB","og_type":"article","og_title":"Antalya'da ka\u00e7ak k\u0131yma \u00e7eken yand\u0131\u2026 Cezas\u0131 dudak u\u00e7uklatt\u0131!","og_description":"T\u00fcrkiye Kasaplar Federasyonu Genel Ba\u015fkan\u0131 ve Antalya Kasaplar Odas\u0131 Ba\u015fkan\u0131 Osman Yard\u0131mc\u0131, Kurban Bayram\u0131 \u00f6ncesinde \u00f6nemli a\u00e7\u0131klamalarda bulundu. Yard\u0131mc\u0131, zincir marketlerin sat\u0131\u015fa sundu\u011fu kurbanl\u0131klara ve bayram boyunca kasaplar d\u0131\u015f\u0131nda k\u0131yma \u00e7eken esnaflara dikkat \u00e7ekti. Ticaret Bakanl\u0131\u011f\u0131 ekiplerinin bu bayramda yo\u011fun bir denetim ger\u00e7ekle\u015ftirece\u011fini anlatan Yard\u0131mc\u0131, kasaplar\u0131n d\u0131\u015f\u0131nda koyun kesen ve et i\u015fleyen esnaflar\u0131n yak\u0131n takipte olaca\u011f\u0131n\u0131 bildirdi. BIRAKIN KASAPLAR \u0130\u015e\u0130N\u0130 YAPSIN! Ge\u00e7ti\u011fimiz y\u0131l Antalya\u2019da kasaplar\u0131n d\u0131\u015f\u0131nda et i\u015fleyen, k\u0131yma \u00e7eken farkl\u0131 esnaf mensuplar\u0131na 80 bin TL para cezas\u0131 uyguland\u0131\u011f\u0131n\u0131 anlatan Kasaplar Odas\u0131 Ba\u015fkan\u0131 Osman Yard\u0131mc\u0131, bu y\u0131l cezan\u0131n art\u0131r\u0131larak 180 bin TL\u2019ye \u00e7\u0131kart\u0131ld\u0131\u011f\u0131n\u0131 a\u00e7\u0131klad\u0131. Yard\u0131mc\u0131, \u201cHer kurban bayram\u0131nda ya\u015fanan sorunlar\u0131 bu y\u0131l ya\u015famak istemiyoruz. \u015eehrimizde kurban bayram\u0131n\u0131 kasaplar\u0131m\u0131z d\u0131\u015f\u0131nda et i\u015fleme ve k\u0131yma \u00e7ekimi i\u00e7in bekleyen esnaflar\u0131m\u0131z\u0131 uyar\u0131yoruz. B\u0131rak\u0131n kasap esnaf\u0131m\u0131z i\u015fini yaps\u0131n. Biz kasaplar farkl\u0131 i\u015fler yapm\u0131yoruz. Herkes i\u015fini yaps\u0131n. Bu y\u0131l kurban bayram\u0131nda bakanl\u0131k ekipleri d\u0131\u015f\u0131nda meslek odas\u0131 olarak bizlerde etkin denetim ger\u00e7ekle\u015ftirece\u011fiz\u201d diye konu\u015ftu. Z\u0130NC\u0130R MARKETLER NEDEN KURBANLIK SATIYOR? Kurban Bayram\u0131&#8217;na say\u0131l\u0131 g\u00fcnler kala Antalya\u2019da \u00e7ok say\u0131da zincir marketin kurbanl\u0131k sat\u0131\u015f\u0131na ba\u015flad\u0131\u011f\u0131n\u0131 hat\u0131rlatan Osman Yard\u0131mc\u0131, sat\u0131\u015fa \u00e7\u0131kart\u0131lan kurbanl\u0131klar\u0131n bayramdan g\u00fcnler \u00f6ncesinde kesilerek so\u011fuk hava depolar\u0131na konuldu\u011funu ifade etti. Bu \u015fekilde kesimlerin kurbanl\u0131k say\u0131lmad\u0131\u011f\u0131n\u0131 ifade eden Yard\u0131mc\u0131; \u201cGe\u00e7ti\u011fimiz y\u0131l Diyanet \u0130\u015fleri Ba\u015fkanl\u0131\u011f\u0131 a\u00e7\u0131klama yapt\u0131. Kurbanl\u0131klar bayram g\u00fcn\u00fcnde kesilmeli. &hellip;","og_url":"http:\/\/denizcankizil.tr\/en\/haberler\/gundem\/antalyada-kacak-kiyma-ceken-yandi-cezasi-dudak-ucuklatti\/","og_site_name":"Av. Deniz Can K\u0131z\u0131l","article_published_time":"2025-05-13T05:41:21+00:00","author":"Antalya K\u00f6rfez","twitter_card":"summary_large_image","twitter_misc":{"Written by":"Antalya K\u00f6rfez","Estimated reading time":"3 minutes"},"schema":{"@context":"https:\/\/schema.org","@graph":[{"@type":"Article","@id":"http:\/\/denizcankizil.tr\/en\/haberler\/gundem\/antalyada-kacak-kiyma-ceken-yandi-cezasi-dudak-ucuklatti\/#article","isPartOf":{"@id":"http:\/\/denizcankizil.tr\/en\/haberler\/gundem\/antalyada-kacak-kiyma-ceken-yandi-cezasi-dudak-ucuklatti\/"},"author":{"name":"Antalya K\u00f6rfez","@id":"https:\/\/denizcankizil.tr\/#\/schema\/person\/e1eb71bb4dd684d46563f0af307e1234"},"headline":"Antalya&#8217;da ka\u00e7ak k\u0131yma \u00e7eken yand\u0131\u2026 Cezas\u0131 dudak u\u00e7uklatt\u0131!","datePublished":"2025-05-13T05:41:21+00:00","mainEntityOfPage":{"@id":"http:\/\/denizcankizil.tr\/en\/haberler\/gundem\/antalyada-kacak-kiyma-ceken-yandi-cezasi-dudak-ucuklatti\/"},"wordCount":530,"publisher":{"@id":"https:\/\/denizcankizil.tr\/#organization"},"articleSection":["G\u00fcndem"],"inLanguage":"en-GB"},{"@type":"WebPage","@id":"http:\/\/denizcankizil.tr\/en\/haberler\/gundem\/antalyada-kacak-kiyma-ceken-yandi-cezasi-dudak-ucuklatti\/","url":"http:\/\/denizcankizil.tr\/en\/haberler\/gundem\/antalyada-kacak-kiyma-ceken-yandi-cezasi-dudak-ucuklatti\/","name":"Antalya'da ka\u00e7ak k\u0131yma \u00e7eken yand\u0131\u2026 Cezas\u0131 dudak u\u00e7uklatt\u0131! - Av. Deniz Can K\u0131z\u0131l","isPartOf":{"@id":"https:\/\/denizcankizil.tr\/#website"},"datePublished":"2025-05-13T05:41:21+00:00","breadcrumb":{"@id":"http:\/\/denizcankizil.tr\/en\/haberler\/gundem\/antalyada-kacak-kiyma-ceken-yandi-cezasi-dudak-ucuklatti\/#breadcrumb"},"inLanguage":"en-GB","potentialAction":[{"@type":"ReadAction","target":["http:\/\/denizcankizil.tr\/en\/haberler\/gundem\/antalyada-kacak-kiyma-ceken-yandi-cezasi-dudak-ucuklatti\/"]}]},{"@type":"BreadcrumbList","@id":"http:\/\/denizcankizil.tr\/en\/haberler\/gundem\/antalyada-kacak-kiyma-ceken-yandi-cezasi-dudak-ucuklatti\/#breadcrumb","itemListElement":[{"@type":"ListItem","position":1,"name":"Home","item":"https:\/\/denizcankizil.tr\/de\/"},{"@type":"ListItem","position":2,"name":"Antalya&#8217;da ka\u00e7ak k\u0131yma \u00e7eken yand\u0131\u2026 Cezas\u0131 dudak u\u00e7uklatt\u0131!"}]},{"@type":"WebSite","@id":"https:\/\/denizcankizil.tr\/#website","url":"https:\/\/denizcankizil.tr\/","name":"Av. Deniz Can K\u0131z\u0131l","description":"Avukat Deniz Can K\u0131z\u0131l Antalya Barosu","publisher":{"@id":"https:\/\/denizcankizil.tr\/#organization"},"potentialAction":[{"@type":"SearchAction","target":{"@type":"EntryPoint","urlTemplate":"https:\/\/denizcankizil.tr\/?s={search_term_string}"},"query-input":{"@type":"PropertyValueSpecification","valueRequired":true,"valueName":"search_term_string"}}],"inLanguage":"en-GB"},{"@type":"Organization","@id":"https:\/\/denizcankizil.tr\/#organization","name":"Av. Deniz Can K\u0131z\u0131l","url":"https:\/\/denizcankizil.tr\/","logo":{"@type":"ImageObject","inLanguage":"en-GB","@id":"https:\/\/denizcankizil.tr\/#\/schema\/logo\/image\/","url":"http:\/\/denizcankizil.tr\/wp-content\/uploads\/2024\/10\/siyah-logo-svg.svg","contentUrl":"http:\/\/denizcankizil.tr\/wp-content\/uploads\/2024\/10\/siyah-logo-svg.svg","width":1080,"height":1080,"caption":"Av. Deniz Can K\u0131z\u0131l"},"image":{"@id":"https:\/\/denizcankizil.tr\/#\/schema\/logo\/image\/"}},{"@type":"Person","@id":"https:\/\/denizcankizil.tr\/#\/schema\/person\/e1eb71bb4dd684d46563f0af307e1234","name":"Antalya K\u00f6rfez","image":{"@type":"ImageObject","inLanguage":"en-GB","@id":"https:\/\/denizcankizil.tr\/#\/schema\/person\/image\/","url":"https:\/\/secure.gravatar.com\/avatar\/42b01982558a48a0b501fdcab6a408d3717ea5919095ee2e67b0e521799c5905?s=96&d=mm&r=g","contentUrl":"https:\/\/secure.gravatar.com\/avatar\/42b01982558a48a0b501fdcab6a408d3717ea5919095ee2e67b0e521799c5905?s=96&d=mm&r=g","caption":"Antalya K\u00f6rfez"},"sameAs":["http:\/\/www.antalyakorfez.com"],"url":"https:\/\/www.antalyakorfez.com\/antalyada-kacak-kiyma-ceken-yandi-cezasi-dudak-ucuklatti"}]}},"_links":{"self":[{"href":"http:\/\/denizcankizil.tr\/en\/wp-json\/wp\/v2\/posts\/84911","targetHints":{"allow":["GET"]}}],"collection":[{"href":"http:\/\/denizcankizil.tr\/en\/wp-json\/wp\/v2\/posts"}],"about":[{"href":"http:\/\/denizcankizil.tr\/en\/wp-json\/wp\/v2\/types\/post"}],"author":[{"embeddable":true,"href":"http:\/\/denizcankizil.tr\/en\/wp-json\/wp\/v2\/users\/5"}],"replies":[{"embeddable":true,"href":"http:\/\/denizcankizil.tr\/en\/wp-json\/wp\/v2\/comments?post=84911"}],"version-history":[{"count":0,"href":"http:\/\/denizcankizil.tr\/en\/wp-json\/wp\/v2\/posts\/84911\/revisions"}],"wp:attachment":[{"href":"http:\/\/denizcankizil.tr\/en\/wp-json\/wp\/v2\/media?parent=84911"}],"wp:term":[{"taxonomy":"category","embeddable":true,"href":"http:\/\/denizcankizil.tr\/en\/wp-json\/wp\/v2\/categories?post=84911"},{"taxonomy":"post_tag","embeddable":true,"href":"http:\/\/denizcankizil.tr\/en\/wp-json\/wp\/v2\/tags?post=84911"}],"curies":[{"name":"wp","href":"https:\/\/api.w.org\/{rel}","templated":true}]}}