{"id":82239,"date":"2025-05-10T15:41:23","date_gmt":"2025-05-10T12:41:23","guid":{"rendered":"https:\/\/denizcankizil.tr\/uncategorized-tr\/gazipasa-alanya-havalimaninda-copenhagen-air-taxiye-torenli-karsilama\/"},"modified":"2025-05-10T15:41:23","modified_gmt":"2025-05-10T12:41:23","slug":"gazipasa-alanya-havalimaninda-copenhagen-air-taxiye-torenli-karsilama","status":"publish","type":"post","link":"http:\/\/denizcankizil.tr\/en\/haberler\/gundem\/gazipasa-alanya-havalimaninda-copenhagen-air-taxiye-torenli-karsilama\/","title":{"rendered":"Gazipa\u015fa-Alanya Havaliman\u0131\u2019nda Copenhagen Air Taxi\u2019ye t\u00f6renli kar\u015f\u0131lama"},"content":{"rendered":"<p>TAV Havalimanlar\u0131 taraf\u0131ndan i\u015fletilen Gazipa\u015fa-Alanya Havaliman\u0131, Copenhagen Air Taxi&#8217;nin bug\u00fcn Billund&#8217;dan ger\u00e7ekle\u015ftirdi\u011fi ilk seferini su tak\u0131 ile kar\u015f\u0131lad\u0131. B737-800 tipi u\u00e7akla ger\u00e7ekle\u015ftirilen CAT671 sefer say\u0131l\u0131 u\u00e7u\u015fla 174 yolcu Alanya&#8217;ya geldi. Yolcular terminalde \u00e7i\u00e7eklerle kar\u015f\u0131land\u0131.Copenhagen Air Taxi, Kopenhag u\u00e7u\u015flar\u0131na ise May\u0131s sonu itibar\u0131yla ba\u015flayacak. 2 Temmuz&#8217;a kadar her cumartesi g\u00fcn\u00fc ger\u00e7ekle\u015fecek seferler, 2 Temmuz-6 A\u011fustos tarihleri aras\u0131nda \u00e7ar\u015famba ve cumartesi g\u00fcnleri olmak \u00fczere devam edecek. 18 Ekim&#8217;e kadar s\u00fcrecek operasyon kapsam\u0131nda Copenhagen Air Taxi toplam 102 sefer planl\u0131yor.<\/p>\n<p>DAHA FAZLA SEYAHAT SE\u00c7ENE\u011e\u0130<\/p>\n<p>TAV Gazipa\u015fa-Alanya Havaliman\u0131 Direkt\u00f6r\u00fc Ali \u00d6zg\u00fcr Pehlivan, \u201cCopenhagen Air Taxi&#8217;yi havaliman\u0131m\u0131zda a\u011f\u0131rlamaktan b\u00fcy\u00fck memnuniyet duyuyoruz. Bu i\u015fbirli\u011fi, yolcular\u0131m\u0131za daha fazla seyahat se\u00e7ene\u011fi sunarken, Gazipa\u015fa&#8217;y\u0131 daha geni\u015f kitlelerle bulu\u015fturma hedefimize de katk\u0131 sa\u011fl\u0131yor. T\u00fcm ekibimizle birlikte bu yeni hatt\u0131n ba\u015far\u0131l\u0131 bir \u015fekilde i\u015flemesi ve misafirlerimize en iyi seyahat deneyimini sunmak i\u00e7in \u00e7al\u0131\u015fmaya devam edece\u011fiz&#8221; dedi.<\/p>\n<p>14 \u00dcLKEDEN U\u00c7AK GELECEK<\/p>\n<p>2024 y\u0131l\u0131nda 1.051.608 yolcuya hizmet veren Gazipa\u015fa-Alanya Havaliman\u0131&#8217;ndan, 2025 yaz sezonunda 26 Ekim tarihine kadar devam edecek d\u00f6nemde; d\u0131\u015f hatlarda 14 havayolu ile 14 \u00fclkede 21 destinasyona u\u00e7u\u015f d\u00fczenlenmesi planlan\u0131yor. Havaliman\u0131, 2025 y\u0131l\u0131n\u0131n ilk \u00e7eyre\u011finde 114 bin 221 yolcuya hizmet verdi.<\/p>\n<p>\u200bGazipa\u015fa-Alanya Havaliman\u0131, Copenhagen Air Taxi\u2019nin Billund\u2019dan ger\u00e7ekle\u015ftirdi\u011fi ilk u\u00e7u\u015fu t\u00f6renle kar\u015f\u0131lad\u0131. Sezon boyunca havayolu \u015firketi, Billund ve Kopenhag\u2019a d\u00fczenli seferler ger\u00e7ekle\u015ftirerek b\u00f6lgenin uluslararas\u0131 hava trafi\u011fine katk\u0131 sa\u011flayacak.\u00a0<\/p>\n<p>\u200bHaberin Al\u0131nt\u0131land\u0131\u011f\u0131 Kaynak: www.antalyakorfez.com<\/p>","protected":false},"excerpt":{"rendered":"<p>TAV Havalimanlar\u0131 taraf\u0131ndan i\u015fletilen Gazipa\u015fa-Alanya Havaliman\u0131, Copenhagen Air Taxi&#8217;nin bug\u00fcn Billund&#8217;dan ger\u00e7ekle\u015ftirdi\u011fi ilk seferini su tak\u0131 ile kar\u015f\u0131lad\u0131. B737-800 tipi u\u00e7akla ger\u00e7ekle\u015ftirilen CAT671 sefer say\u0131l\u0131 u\u00e7u\u015fla 174 yolcu Alanya&#8217;ya geldi. Yolcular terminalde \u00e7i\u00e7eklerle kar\u015f\u0131land\u0131.Copenhagen Air Taxi, Kopenhag u\u00e7u\u015flar\u0131na ise May\u0131s sonu itibar\u0131yla ba\u015flayacak. 2 Temmuz&#8217;a kadar her cumartesi g\u00fcn\u00fc ger\u00e7ekle\u015fecek seferler, 2 Temmuz-6 A\u011fustos tarihleri aras\u0131nda \u00e7ar\u015famba ve cumartesi g\u00fcnleri olmak \u00fczere devam edecek. 18 Ekim&#8217;e kadar s\u00fcrecek operasyon kapsam\u0131nda Copenhagen Air Taxi toplam 102 sefer planl\u0131yor. DAHA FAZLA SEYAHAT SE\u00c7ENE\u011e\u0130 TAV Gazipa\u015fa-Alanya Havaliman\u0131 Direkt\u00f6r\u00fc Ali \u00d6zg\u00fcr Pehlivan, \u201cCopenhagen Air Taxi&#8217;yi havaliman\u0131m\u0131zda a\u011f\u0131rlamaktan b\u00fcy\u00fck memnuniyet duyuyoruz. Bu i\u015fbirli\u011fi, yolcular\u0131m\u0131za daha fazla seyahat se\u00e7ene\u011fi sunarken, Gazipa\u015fa&#8217;y\u0131 daha geni\u015f kitlelerle bulu\u015fturma hedefimize de katk\u0131 sa\u011fl\u0131yor. T\u00fcm ekibimizle birlikte bu yeni hatt\u0131n ba\u015far\u0131l\u0131 bir \u015fekilde i\u015flemesi ve misafirlerimize en iyi seyahat deneyimini sunmak i\u00e7in \u00e7al\u0131\u015fmaya devam edece\u011fiz&#8221; dedi. 14 \u00dcLKEDEN U\u00c7AK GELECEK 2024 y\u0131l\u0131nda 1.051.608 yolcuya hizmet veren Gazipa\u015fa-Alanya Havaliman\u0131&#8217;ndan, 2025 yaz sezonunda 26 Ekim tarihine kadar devam edecek d\u00f6nemde; d\u0131\u015f hatlarda 14 havayolu ile 14 \u00fclkede 21 destinasyona u\u00e7u\u015f d\u00fczenlenmesi planlan\u0131yor. Havaliman\u0131, 2025 y\u0131l\u0131n\u0131n ilk \u00e7eyre\u011finde 114 bin 221 yolcuya hizmet verdi. \u200bGazipa\u015fa-Alanya Havaliman\u0131, Copenhagen Air Taxi\u2019nin Billund\u2019dan ger\u00e7ekle\u015ftirdi\u011fi ilk u\u00e7u\u015fu t\u00f6renle kar\u015f\u0131lad\u0131. Sezon boyunca havayolu \u015firketi, Billund ve Kopenhag\u2019a d\u00fczenli seferler &hellip;<\/p>","protected":false},"author":5,"featured_media":0,"comment_status":"","ping_status":"open","sticky":false,"template":"","format":"standard","meta":{"_acf_changed":false,"footnotes":""},"categories":[24],"tags":[],"class_list":["post-82239","post","type-post","status-publish","format-standard","has-post-thumbnail","hentry","category-gundem"],"acf":[],"yoast_head":"<!-- This site is optimized with the Yoast SEO Premium plugin v26.6 (Yoast SEO v27.1.1) - https:\/\/yoast.com\/product\/yoast-seo-premium-wordpress\/ -->\n<title>Gazipa\u015fa-Alanya Havaliman\u0131\u2019nda Copenhagen Air Taxi\u2019ye t\u00f6renli kar\u015f\u0131lama - Av. Deniz Can K\u0131z\u0131l<\/title>\n<meta name=\"robots\" content=\"index, follow, max-snippet:-1, max-image-preview:large, max-video-preview:-1\" \/>\n<link rel=\"canonical\" href=\"http:\/\/denizcankizil.tr\/en\/haberler\/gundem\/gazipasa-alanya-havalimaninda-copenhagen-air-taxiye-torenli-karsilama\/\" \/>\n<meta property=\"og:locale\" content=\"en_GB\" \/>\n<meta property=\"og:type\" content=\"article\" \/>\n<meta property=\"og:title\" content=\"Gazipa\u015fa-Alanya Havaliman\u0131\u2019nda Copenhagen Air Taxi\u2019ye t\u00f6renli kar\u015f\u0131lama\" \/>\n<meta property=\"og:description\" content=\"TAV Havalimanlar\u0131 taraf\u0131ndan i\u015fletilen Gazipa\u015fa-Alanya Havaliman\u0131, Copenhagen Air Taxi&#8217;nin bug\u00fcn Billund&#8217;dan ger\u00e7ekle\u015ftirdi\u011fi ilk seferini su tak\u0131 ile kar\u015f\u0131lad\u0131. B737-800 tipi u\u00e7akla ger\u00e7ekle\u015ftirilen CAT671 sefer say\u0131l\u0131 u\u00e7u\u015fla 174 yolcu Alanya&#8217;ya geldi. Yolcular terminalde \u00e7i\u00e7eklerle kar\u015f\u0131land\u0131.Copenhagen Air Taxi, Kopenhag u\u00e7u\u015flar\u0131na ise May\u0131s sonu itibar\u0131yla ba\u015flayacak. 2 Temmuz&#8217;a kadar her cumartesi g\u00fcn\u00fc ger\u00e7ekle\u015fecek seferler, 2 Temmuz-6 A\u011fustos tarihleri aras\u0131nda \u00e7ar\u015famba ve cumartesi g\u00fcnleri olmak \u00fczere devam edecek. 18 Ekim&#8217;e kadar s\u00fcrecek operasyon kapsam\u0131nda Copenhagen Air Taxi toplam 102 sefer planl\u0131yor. DAHA FAZLA SEYAHAT SE\u00c7ENE\u011e\u0130 TAV Gazipa\u015fa-Alanya Havaliman\u0131 Direkt\u00f6r\u00fc Ali \u00d6zg\u00fcr Pehlivan, \u201cCopenhagen Air Taxi&#8217;yi havaliman\u0131m\u0131zda a\u011f\u0131rlamaktan b\u00fcy\u00fck memnuniyet duyuyoruz. Bu i\u015fbirli\u011fi, yolcular\u0131m\u0131za daha fazla seyahat se\u00e7ene\u011fi sunarken, Gazipa\u015fa&#8217;y\u0131 daha geni\u015f kitlelerle bulu\u015fturma hedefimize de katk\u0131 sa\u011fl\u0131yor. T\u00fcm ekibimizle birlikte bu yeni hatt\u0131n ba\u015far\u0131l\u0131 bir \u015fekilde i\u015flemesi ve misafirlerimize en iyi seyahat deneyimini sunmak i\u00e7in \u00e7al\u0131\u015fmaya devam edece\u011fiz&#8221; dedi. 14 \u00dcLKEDEN U\u00c7AK GELECEK 2024 y\u0131l\u0131nda 1.051.608 yolcuya hizmet veren Gazipa\u015fa-Alanya Havaliman\u0131&#8217;ndan, 2025 yaz sezonunda 26 Ekim tarihine kadar devam edecek d\u00f6nemde; d\u0131\u015f hatlarda 14 havayolu ile 14 \u00fclkede 21 destinasyona u\u00e7u\u015f d\u00fczenlenmesi planlan\u0131yor. Havaliman\u0131, 2025 y\u0131l\u0131n\u0131n ilk \u00e7eyre\u011finde 114 bin 221 yolcuya hizmet verdi. \u200bGazipa\u015fa-Alanya Havaliman\u0131, Copenhagen Air Taxi\u2019nin Billund\u2019dan ger\u00e7ekle\u015ftirdi\u011fi ilk u\u00e7u\u015fu t\u00f6renle kar\u015f\u0131lad\u0131. Sezon boyunca havayolu \u015firketi, Billund ve Kopenhag\u2019a d\u00fczenli seferler &hellip;\" \/>\n<meta property=\"og:url\" content=\"http:\/\/denizcankizil.tr\/en\/haberler\/gundem\/gazipasa-alanya-havalimaninda-copenhagen-air-taxiye-torenli-karsilama\/\" \/>\n<meta property=\"og:site_name\" content=\"Av. Deniz Can K\u0131z\u0131l\" \/>\n<meta property=\"article:published_time\" content=\"2025-05-10T12:41:23+00:00\" \/>\n<meta name=\"author\" content=\"Antalya K\u00f6rfez\" \/>\n<meta name=\"twitter:card\" content=\"summary_large_image\" \/>\n<meta name=\"twitter:label1\" content=\"Written by\" \/>\n\t<meta name=\"twitter:data1\" content=\"Antalya K\u00f6rfez\" \/>\n\t<meta name=\"twitter:label2\" content=\"Estimated reading time\" \/>\n\t<meta name=\"twitter:data2\" content=\"1 minute\" \/>\n<script type=\"application\/ld+json\" class=\"yoast-schema-graph\">{\"@context\":\"https:\/\/schema.org\",\"@graph\":[{\"@type\":\"Article\",\"@id\":\"http:\/\/denizcankizil.tr\/en\/haberler\/gundem\/gazipasa-alanya-havalimaninda-copenhagen-air-taxiye-torenli-karsilama\/#article\",\"isPartOf\":{\"@id\":\"http:\/\/denizcankizil.tr\/en\/haberler\/gundem\/gazipasa-alanya-havalimaninda-copenhagen-air-taxiye-torenli-karsilama\/\"},\"author\":{\"name\":\"Antalya K\u00f6rfez\",\"@id\":\"https:\/\/denizcankizil.tr\/#\/schema\/person\/e1eb71bb4dd684d46563f0af307e1234\"},\"headline\":\"Gazipa\u015fa-Alanya Havaliman\u0131\u2019nda Copenhagen Air Taxi\u2019ye t\u00f6renli kar\u015f\u0131lama\",\"datePublished\":\"2025-05-10T12:41:23+00:00\",\"mainEntityOfPage\":{\"@id\":\"http:\/\/denizcankizil.tr\/en\/haberler\/gundem\/gazipasa-alanya-havalimaninda-copenhagen-air-taxiye-torenli-karsilama\/\"},\"wordCount\":309,\"publisher\":{\"@id\":\"https:\/\/denizcankizil.tr\/#organization\"},\"articleSection\":[\"G\u00fcndem\"],\"inLanguage\":\"en-GB\"},{\"@type\":\"WebPage\",\"@id\":\"http:\/\/denizcankizil.tr\/en\/haberler\/gundem\/gazipasa-alanya-havalimaninda-copenhagen-air-taxiye-torenli-karsilama\/\",\"url\":\"http:\/\/denizcankizil.tr\/en\/haberler\/gundem\/gazipasa-alanya-havalimaninda-copenhagen-air-taxiye-torenli-karsilama\/\",\"name\":\"Gazipa\u015fa-Alanya Havaliman\u0131\u2019nda Copenhagen Air Taxi\u2019ye t\u00f6renli kar\u015f\u0131lama - Av. Deniz Can K\u0131z\u0131l\",\"isPartOf\":{\"@id\":\"https:\/\/denizcankizil.tr\/#website\"},\"datePublished\":\"2025-05-10T12:41:23+00:00\",\"breadcrumb\":{\"@id\":\"http:\/\/denizcankizil.tr\/en\/haberler\/gundem\/gazipasa-alanya-havalimaninda-copenhagen-air-taxiye-torenli-karsilama\/#breadcrumb\"},\"inLanguage\":\"en-GB\",\"potentialAction\":[{\"@type\":\"ReadAction\",\"target\":[\"http:\/\/denizcankizil.tr\/en\/haberler\/gundem\/gazipasa-alanya-havalimaninda-copenhagen-air-taxiye-torenli-karsilama\/\"]}]},{\"@type\":\"BreadcrumbList\",\"@id\":\"http:\/\/denizcankizil.tr\/en\/haberler\/gundem\/gazipasa-alanya-havalimaninda-copenhagen-air-taxiye-torenli-karsilama\/#breadcrumb\",\"itemListElement\":[{\"@type\":\"ListItem\",\"position\":1,\"name\":\"Home\",\"item\":\"https:\/\/denizcankizil.tr\/uk\/\"},{\"@type\":\"ListItem\",\"position\":2,\"name\":\"Gazipa\u015fa-Alanya Havaliman\u0131\u2019nda Copenhagen Air Taxi\u2019ye t\u00f6renli kar\u015f\u0131lama\"}]},{\"@type\":\"WebSite\",\"@id\":\"https:\/\/denizcankizil.tr\/#website\",\"url\":\"https:\/\/denizcankizil.tr\/\",\"name\":\"Av. Deniz Can K\u0131z\u0131l\",\"description\":\"Avukat Deniz Can K\u0131z\u0131l Antalya Barosu\",\"publisher\":{\"@id\":\"https:\/\/denizcankizil.tr\/#organization\"},\"potentialAction\":[{\"@type\":\"SearchAction\",\"target\":{\"@type\":\"EntryPoint\",\"urlTemplate\":\"https:\/\/denizcankizil.tr\/?s={search_term_string}\"},\"query-input\":{\"@type\":\"PropertyValueSpecification\",\"valueRequired\":true,\"valueName\":\"search_term_string\"}}],\"inLanguage\":\"en-GB\"},{\"@type\":\"Organization\",\"@id\":\"https:\/\/denizcankizil.tr\/#organization\",\"name\":\"Av. Deniz Can K\u0131z\u0131l\",\"url\":\"https:\/\/denizcankizil.tr\/\",\"logo\":{\"@type\":\"ImageObject\",\"inLanguage\":\"en-GB\",\"@id\":\"https:\/\/denizcankizil.tr\/#\/schema\/logo\/image\/\",\"url\":\"http:\/\/denizcankizil.tr\/wp-content\/uploads\/2024\/10\/siyah-logo-svg.svg\",\"contentUrl\":\"http:\/\/denizcankizil.tr\/wp-content\/uploads\/2024\/10\/siyah-logo-svg.svg\",\"width\":1080,\"height\":1080,\"caption\":\"Av. Deniz Can K\u0131z\u0131l\"},\"image\":{\"@id\":\"https:\/\/denizcankizil.tr\/#\/schema\/logo\/image\/\"}},{\"@type\":\"Person\",\"@id\":\"https:\/\/denizcankizil.tr\/#\/schema\/person\/e1eb71bb4dd684d46563f0af307e1234\",\"name\":\"Antalya K\u00f6rfez\",\"image\":{\"@type\":\"ImageObject\",\"inLanguage\":\"en-GB\",\"@id\":\"https:\/\/denizcankizil.tr\/#\/schema\/person\/image\/\",\"url\":\"https:\/\/secure.gravatar.com\/avatar\/42b01982558a48a0b501fdcab6a408d3717ea5919095ee2e67b0e521799c5905?s=96&d=mm&r=g\",\"contentUrl\":\"https:\/\/secure.gravatar.com\/avatar\/42b01982558a48a0b501fdcab6a408d3717ea5919095ee2e67b0e521799c5905?s=96&d=mm&r=g\",\"caption\":\"Antalya K\u00f6rfez\"},\"sameAs\":[\"http:\/\/www.antalyakorfez.com\"],\"url\":\"https:\/\/www.antalyakorfez.com\/gazipasa-alanya-havalimaninda-copenhagen-air-taxiye-torenli-karsilama\"}]}<\/script>\n<!-- \/ Yoast SEO Premium plugin. -->","yoast_head_json":{"title":"Gazipa\u015fa-Alanya Havaliman\u0131\u2019nda Copenhagen Air Taxi\u2019ye t\u00f6renli kar\u015f\u0131lama - Av. Deniz Can K\u0131z\u0131l","robots":{"index":"index","follow":"follow","max-snippet":"max-snippet:-1","max-image-preview":"max-image-preview:large","max-video-preview":"max-video-preview:-1"},"canonical":"http:\/\/denizcankizil.tr\/en\/haberler\/gundem\/gazipasa-alanya-havalimaninda-copenhagen-air-taxiye-torenli-karsilama\/","og_locale":"en_GB","og_type":"article","og_title":"Gazipa\u015fa-Alanya Havaliman\u0131\u2019nda Copenhagen Air Taxi\u2019ye t\u00f6renli kar\u015f\u0131lama","og_description":"TAV Havalimanlar\u0131 taraf\u0131ndan i\u015fletilen Gazipa\u015fa-Alanya Havaliman\u0131, Copenhagen Air Taxi&#8217;nin bug\u00fcn Billund&#8217;dan ger\u00e7ekle\u015ftirdi\u011fi ilk seferini su tak\u0131 ile kar\u015f\u0131lad\u0131. B737-800 tipi u\u00e7akla ger\u00e7ekle\u015ftirilen CAT671 sefer say\u0131l\u0131 u\u00e7u\u015fla 174 yolcu Alanya&#8217;ya geldi. Yolcular terminalde \u00e7i\u00e7eklerle kar\u015f\u0131land\u0131.Copenhagen Air Taxi, Kopenhag u\u00e7u\u015flar\u0131na ise May\u0131s sonu itibar\u0131yla ba\u015flayacak. 2 Temmuz&#8217;a kadar her cumartesi g\u00fcn\u00fc ger\u00e7ekle\u015fecek seferler, 2 Temmuz-6 A\u011fustos tarihleri aras\u0131nda \u00e7ar\u015famba ve cumartesi g\u00fcnleri olmak \u00fczere devam edecek. 18 Ekim&#8217;e kadar s\u00fcrecek operasyon kapsam\u0131nda Copenhagen Air Taxi toplam 102 sefer planl\u0131yor. DAHA FAZLA SEYAHAT SE\u00c7ENE\u011e\u0130 TAV Gazipa\u015fa-Alanya Havaliman\u0131 Direkt\u00f6r\u00fc Ali \u00d6zg\u00fcr Pehlivan, \u201cCopenhagen Air Taxi&#8217;yi havaliman\u0131m\u0131zda a\u011f\u0131rlamaktan b\u00fcy\u00fck memnuniyet duyuyoruz. Bu i\u015fbirli\u011fi, yolcular\u0131m\u0131za daha fazla seyahat se\u00e7ene\u011fi sunarken, Gazipa\u015fa&#8217;y\u0131 daha geni\u015f kitlelerle bulu\u015fturma hedefimize de katk\u0131 sa\u011fl\u0131yor. T\u00fcm ekibimizle birlikte bu yeni hatt\u0131n ba\u015far\u0131l\u0131 bir \u015fekilde i\u015flemesi ve misafirlerimize en iyi seyahat deneyimini sunmak i\u00e7in \u00e7al\u0131\u015fmaya devam edece\u011fiz&#8221; dedi. 14 \u00dcLKEDEN U\u00c7AK GELECEK 2024 y\u0131l\u0131nda 1.051.608 yolcuya hizmet veren Gazipa\u015fa-Alanya Havaliman\u0131&#8217;ndan, 2025 yaz sezonunda 26 Ekim tarihine kadar devam edecek d\u00f6nemde; d\u0131\u015f hatlarda 14 havayolu ile 14 \u00fclkede 21 destinasyona u\u00e7u\u015f d\u00fczenlenmesi planlan\u0131yor. Havaliman\u0131, 2025 y\u0131l\u0131n\u0131n ilk \u00e7eyre\u011finde 114 bin 221 yolcuya hizmet verdi. \u200bGazipa\u015fa-Alanya Havaliman\u0131, Copenhagen Air Taxi\u2019nin Billund\u2019dan ger\u00e7ekle\u015ftirdi\u011fi ilk u\u00e7u\u015fu t\u00f6renle kar\u015f\u0131lad\u0131. Sezon boyunca havayolu \u015firketi, Billund ve Kopenhag\u2019a d\u00fczenli seferler &hellip;","og_url":"http:\/\/denizcankizil.tr\/en\/haberler\/gundem\/gazipasa-alanya-havalimaninda-copenhagen-air-taxiye-torenli-karsilama\/","og_site_name":"Av. Deniz Can K\u0131z\u0131l","article_published_time":"2025-05-10T12:41:23+00:00","author":"Antalya K\u00f6rfez","twitter_card":"summary_large_image","twitter_misc":{"Written by":"Antalya K\u00f6rfez","Estimated reading time":"1 minute"},"schema":{"@context":"https:\/\/schema.org","@graph":[{"@type":"Article","@id":"http:\/\/denizcankizil.tr\/en\/haberler\/gundem\/gazipasa-alanya-havalimaninda-copenhagen-air-taxiye-torenli-karsilama\/#article","isPartOf":{"@id":"http:\/\/denizcankizil.tr\/en\/haberler\/gundem\/gazipasa-alanya-havalimaninda-copenhagen-air-taxiye-torenli-karsilama\/"},"author":{"name":"Antalya K\u00f6rfez","@id":"https:\/\/denizcankizil.tr\/#\/schema\/person\/e1eb71bb4dd684d46563f0af307e1234"},"headline":"Gazipa\u015fa-Alanya Havaliman\u0131\u2019nda Copenhagen Air Taxi\u2019ye t\u00f6renli kar\u015f\u0131lama","datePublished":"2025-05-10T12:41:23+00:00","mainEntityOfPage":{"@id":"http:\/\/denizcankizil.tr\/en\/haberler\/gundem\/gazipasa-alanya-havalimaninda-copenhagen-air-taxiye-torenli-karsilama\/"},"wordCount":309,"publisher":{"@id":"https:\/\/denizcankizil.tr\/#organization"},"articleSection":["G\u00fcndem"],"inLanguage":"en-GB"},{"@type":"WebPage","@id":"http:\/\/denizcankizil.tr\/en\/haberler\/gundem\/gazipasa-alanya-havalimaninda-copenhagen-air-taxiye-torenli-karsilama\/","url":"http:\/\/denizcankizil.tr\/en\/haberler\/gundem\/gazipasa-alanya-havalimaninda-copenhagen-air-taxiye-torenli-karsilama\/","name":"Gazipa\u015fa-Alanya Havaliman\u0131\u2019nda Copenhagen Air Taxi\u2019ye t\u00f6renli kar\u015f\u0131lama - Av. Deniz Can K\u0131z\u0131l","isPartOf":{"@id":"https:\/\/denizcankizil.tr\/#website"},"datePublished":"2025-05-10T12:41:23+00:00","breadcrumb":{"@id":"http:\/\/denizcankizil.tr\/en\/haberler\/gundem\/gazipasa-alanya-havalimaninda-copenhagen-air-taxiye-torenli-karsilama\/#breadcrumb"},"inLanguage":"en-GB","potentialAction":[{"@type":"ReadAction","target":["http:\/\/denizcankizil.tr\/en\/haberler\/gundem\/gazipasa-alanya-havalimaninda-copenhagen-air-taxiye-torenli-karsilama\/"]}]},{"@type":"BreadcrumbList","@id":"http:\/\/denizcankizil.tr\/en\/haberler\/gundem\/gazipasa-alanya-havalimaninda-copenhagen-air-taxiye-torenli-karsilama\/#breadcrumb","itemListElement":[{"@type":"ListItem","position":1,"name":"Home","item":"https:\/\/denizcankizil.tr\/uk\/"},{"@type":"ListItem","position":2,"name":"Gazipa\u015fa-Alanya Havaliman\u0131\u2019nda Copenhagen Air Taxi\u2019ye t\u00f6renli kar\u015f\u0131lama"}]},{"@type":"WebSite","@id":"https:\/\/denizcankizil.tr\/#website","url":"https:\/\/denizcankizil.tr\/","name":"Av. Deniz Can K\u0131z\u0131l","description":"Avukat Deniz Can K\u0131z\u0131l Antalya Barosu","publisher":{"@id":"https:\/\/denizcankizil.tr\/#organization"},"potentialAction":[{"@type":"SearchAction","target":{"@type":"EntryPoint","urlTemplate":"https:\/\/denizcankizil.tr\/?s={search_term_string}"},"query-input":{"@type":"PropertyValueSpecification","valueRequired":true,"valueName":"search_term_string"}}],"inLanguage":"en-GB"},{"@type":"Organization","@id":"https:\/\/denizcankizil.tr\/#organization","name":"Av. Deniz Can K\u0131z\u0131l","url":"https:\/\/denizcankizil.tr\/","logo":{"@type":"ImageObject","inLanguage":"en-GB","@id":"https:\/\/denizcankizil.tr\/#\/schema\/logo\/image\/","url":"http:\/\/denizcankizil.tr\/wp-content\/uploads\/2024\/10\/siyah-logo-svg.svg","contentUrl":"http:\/\/denizcankizil.tr\/wp-content\/uploads\/2024\/10\/siyah-logo-svg.svg","width":1080,"height":1080,"caption":"Av. Deniz Can K\u0131z\u0131l"},"image":{"@id":"https:\/\/denizcankizil.tr\/#\/schema\/logo\/image\/"}},{"@type":"Person","@id":"https:\/\/denizcankizil.tr\/#\/schema\/person\/e1eb71bb4dd684d46563f0af307e1234","name":"Antalya K\u00f6rfez","image":{"@type":"ImageObject","inLanguage":"en-GB","@id":"https:\/\/denizcankizil.tr\/#\/schema\/person\/image\/","url":"https:\/\/secure.gravatar.com\/avatar\/42b01982558a48a0b501fdcab6a408d3717ea5919095ee2e67b0e521799c5905?s=96&d=mm&r=g","contentUrl":"https:\/\/secure.gravatar.com\/avatar\/42b01982558a48a0b501fdcab6a408d3717ea5919095ee2e67b0e521799c5905?s=96&d=mm&r=g","caption":"Antalya K\u00f6rfez"},"sameAs":["http:\/\/www.antalyakorfez.com"],"url":"https:\/\/www.antalyakorfez.com\/gazipasa-alanya-havalimaninda-copenhagen-air-taxiye-torenli-karsilama"}]}},"_links":{"self":[{"href":"http:\/\/denizcankizil.tr\/en\/wp-json\/wp\/v2\/posts\/82239","targetHints":{"allow":["GET"]}}],"collection":[{"href":"http:\/\/denizcankizil.tr\/en\/wp-json\/wp\/v2\/posts"}],"about":[{"href":"http:\/\/denizcankizil.tr\/en\/wp-json\/wp\/v2\/types\/post"}],"author":[{"embeddable":true,"href":"http:\/\/denizcankizil.tr\/en\/wp-json\/wp\/v2\/users\/5"}],"replies":[{"embeddable":true,"href":"http:\/\/denizcankizil.tr\/en\/wp-json\/wp\/v2\/comments?post=82239"}],"version-history":[{"count":0,"href":"http:\/\/denizcankizil.tr\/en\/wp-json\/wp\/v2\/posts\/82239\/revisions"}],"wp:attachment":[{"href":"http:\/\/denizcankizil.tr\/en\/wp-json\/wp\/v2\/media?parent=82239"}],"wp:term":[{"taxonomy":"category","embeddable":true,"href":"http:\/\/denizcankizil.tr\/en\/wp-json\/wp\/v2\/categories?post=82239"},{"taxonomy":"post_tag","embeddable":true,"href":"http:\/\/denizcankizil.tr\/en\/wp-json\/wp\/v2\/tags?post=82239"}],"curies":[{"name":"wp","href":"https:\/\/api.w.org\/{rel}","templated":true}]}}