{"id":8056,"date":"2024-10-25T17:41:31","date_gmt":"2024-10-25T14:41:31","guid":{"rendered":"https:\/\/denizcankizil.tr\/uncategorized-tr\/meryem-ana-kilisesi-yerli-ve-yabanci-turistleri-agirliyor\/"},"modified":"2024-10-25T17:41:31","modified_gmt":"2024-10-25T14:41:31","slug":"meryem-ana-kilisesi-yerli-ve-yabanci-turistleri-agirliyor","status":"publish","type":"post","link":"http:\/\/denizcankizil.tr\/en\/haberler\/gundem\/meryem-ana-kilisesi-yerli-ve-yabanci-turistleri-agirliyor\/","title":{"rendered":"Meryem Ana Kilisesi Yerli ve Yabanc\u0131 Turistleri A\u011f\u0131rl\u0131yor"},"content":{"rendered":"<p>Nev\u015fehir Belediyesi taraf\u0131ndan turizme kazand\u0131r\u0131lan tarihi Meryem Ana Kilisesi, yerli ve yabanc\u0131 turistlerin b\u00fcy\u00fck ilgisini \u00e7ekiyor. Kilise\u2019nin son ziyaret\u00e7ileri Fransa\u2019n\u0131n ba\u015fkenti Paris\u2019ten gelen Antakyal\u0131 Hristiyan Ortodokslar Derne\u011fi \u00fcyeleri oldu.<\/p>\n<p>\u200bNev\u015fehir Belediyesi taraf\u0131ndan turizme kazand\u0131r\u0131lan tarihi Meryem Ana Kilisesi, yerli ve yabanc\u0131 turistlerin b\u00fcy\u00fck ilgisini \u00e7ekiyor. Kilise\u2019nin son ziyaret\u00e7ileri Fransa\u2019n\u0131n ba\u015fkenti Paris\u2019ten gelen Antakyal\u0131 Hristiyan Ortodokslar Derne\u011fi \u00fcyeleri oldu.\u00a0<\/p>\n<p>\u200bHaberin Al\u0131nt\u0131land\u0131\u011f\u0131 Kaynak: www.iskenderun.org<\/p>","protected":false},"excerpt":{"rendered":"<p>Nev\u015fehir Belediyesi taraf\u0131ndan turizme kazand\u0131r\u0131lan tarihi Meryem Ana Kilisesi, yerli ve yabanc\u0131 turistlerin b\u00fcy\u00fck ilgisini \u00e7ekiyor. Kilise\u2019nin son ziyaret\u00e7ileri Fransa\u2019n\u0131n ba\u015fkenti Paris\u2019ten gelen Antakyal\u0131 Hristiyan Ortodokslar Derne\u011fi \u00fcyeleri oldu. \u200bNev\u015fehir Belediyesi taraf\u0131ndan turizme kazand\u0131r\u0131lan tarihi Meryem Ana Kilisesi, yerli ve yabanc\u0131 turistlerin b\u00fcy\u00fck ilgisini \u00e7ekiyor. Kilise\u2019nin son ziyaret\u00e7ileri Fransa\u2019n\u0131n ba\u015fkenti Paris\u2019ten gelen Antakyal\u0131 Hristiyan Ortodokslar Derne\u011fi \u00fcyeleri oldu.\u00a0 \u200bHaberin Al\u0131nt\u0131land\u0131\u011f\u0131 Kaynak: www.iskenderun.org<\/p>","protected":false},"author":0,"featured_media":0,"comment_status":"open","ping_status":"open","sticky":false,"template":"","format":"standard","meta":{"_acf_changed":false,"footnotes":""},"categories":[24,535],"tags":[],"class_list":["post-8056","post","type-post","status-publish","format-standard","has-post-thumbnail","hentry","category-gundem","category-uncategorized-tr"],"acf":[],"yoast_head":"<!-- This site is optimized with the Yoast SEO Premium plugin v26.6 (Yoast SEO v27.1.1) - https:\/\/yoast.com\/product\/yoast-seo-premium-wordpress\/ -->\n<title>Meryem Ana Kilisesi Yerli ve Yabanc\u0131 Turistleri A\u011f\u0131rl\u0131yor - Av. Deniz Can K\u0131z\u0131l<\/title>\n<meta name=\"robots\" content=\"index, follow, max-snippet:-1, max-image-preview:large, max-video-preview:-1\" \/>\n<link rel=\"canonical\" href=\"http:\/\/denizcankizil.tr\/en\/haberler\/gundem\/meryem-ana-kilisesi-yerli-ve-yabanci-turistleri-agirliyor\/\" \/>\n<meta property=\"og:locale\" content=\"en_GB\" \/>\n<meta property=\"og:type\" content=\"article\" \/>\n<meta property=\"og:title\" content=\"Meryem Ana Kilisesi Yerli ve Yabanc\u0131 Turistleri A\u011f\u0131rl\u0131yor\" \/>\n<meta property=\"og:description\" content=\"Nev\u015fehir Belediyesi taraf\u0131ndan turizme kazand\u0131r\u0131lan tarihi Meryem Ana Kilisesi, yerli ve yabanc\u0131 turistlerin b\u00fcy\u00fck ilgisini \u00e7ekiyor. Kilise\u2019nin son ziyaret\u00e7ileri Fransa\u2019n\u0131n ba\u015fkenti Paris\u2019ten gelen Antakyal\u0131 Hristiyan Ortodokslar Derne\u011fi \u00fcyeleri oldu. \u200bNev\u015fehir Belediyesi taraf\u0131ndan turizme kazand\u0131r\u0131lan tarihi Meryem Ana Kilisesi, yerli ve yabanc\u0131 turistlerin b\u00fcy\u00fck ilgisini \u00e7ekiyor. Kilise\u2019nin son ziyaret\u00e7ileri Fransa\u2019n\u0131n ba\u015fkenti Paris\u2019ten gelen Antakyal\u0131 Hristiyan Ortodokslar Derne\u011fi \u00fcyeleri oldu.\u00a0 \u200bHaberin Al\u0131nt\u0131land\u0131\u011f\u0131 Kaynak: www.iskenderun.org\" \/>\n<meta property=\"og:url\" content=\"http:\/\/denizcankizil.tr\/en\/haberler\/gundem\/meryem-ana-kilisesi-yerli-ve-yabanci-turistleri-agirliyor\/\" \/>\n<meta property=\"og:site_name\" content=\"Av. Deniz Can K\u0131z\u0131l\" \/>\n<meta property=\"article:published_time\" content=\"2024-10-25T14:41:31+00:00\" \/>\n<meta name=\"twitter:card\" content=\"summary_large_image\" \/>\n<script type=\"application\/ld+json\" class=\"yoast-schema-graph\">{\"@context\":\"https:\/\/schema.org\",\"@graph\":[{\"@type\":\"Article\",\"@id\":\"http:\/\/denizcankizil.tr\/en\/haberler\/gundem\/meryem-ana-kilisesi-yerli-ve-yabanci-turistleri-agirliyor\/#article\",\"isPartOf\":{\"@id\":\"http:\/\/denizcankizil.tr\/en\/haberler\/gundem\/meryem-ana-kilisesi-yerli-ve-yabanci-turistleri-agirliyor\/\"},\"author\":{\"name\":\"\",\"@id\":\"\"},\"headline\":\"Meryem Ana Kilisesi Yerli ve Yabanc\u0131 Turistleri A\u011f\u0131rl\u0131yor\",\"datePublished\":\"2024-10-25T14:41:31+00:00\",\"mainEntityOfPage\":{\"@id\":\"http:\/\/denizcankizil.tr\/en\/haberler\/gundem\/meryem-ana-kilisesi-yerli-ve-yabanci-turistleri-agirliyor\/\"},\"wordCount\":102,\"commentCount\":0,\"publisher\":{\"@id\":\"https:\/\/denizcankizil.tr\/de\/#organization\"},\"articleSection\":[\"G\u00fcndem\",\"Uncategorized\"],\"inLanguage\":\"en-GB\",\"potentialAction\":[{\"@type\":\"CommentAction\",\"name\":\"Comment\",\"target\":[\"http:\/\/denizcankizil.tr\/en\/haberler\/gundem\/meryem-ana-kilisesi-yerli-ve-yabanci-turistleri-agirliyor\/#respond\"]}]},{\"@type\":\"WebPage\",\"@id\":\"http:\/\/denizcankizil.tr\/en\/haberler\/gundem\/meryem-ana-kilisesi-yerli-ve-yabanci-turistleri-agirliyor\/\",\"url\":\"http:\/\/denizcankizil.tr\/en\/haberler\/gundem\/meryem-ana-kilisesi-yerli-ve-yabanci-turistleri-agirliyor\/\",\"name\":\"Meryem Ana Kilisesi Yerli ve Yabanc\u0131 Turistleri A\u011f\u0131rl\u0131yor - Av. Deniz Can K\u0131z\u0131l\",\"isPartOf\":{\"@id\":\"https:\/\/denizcankizil.tr\/de\/#website\"},\"datePublished\":\"2024-10-25T14:41:31+00:00\",\"breadcrumb\":{\"@id\":\"http:\/\/denizcankizil.tr\/en\/haberler\/gundem\/meryem-ana-kilisesi-yerli-ve-yabanci-turistleri-agirliyor\/#breadcrumb\"},\"inLanguage\":\"en-GB\",\"potentialAction\":[{\"@type\":\"ReadAction\",\"target\":[\"http:\/\/denizcankizil.tr\/en\/haberler\/gundem\/meryem-ana-kilisesi-yerli-ve-yabanci-turistleri-agirliyor\/\"]}]},{\"@type\":\"BreadcrumbList\",\"@id\":\"http:\/\/denizcankizil.tr\/en\/haberler\/gundem\/meryem-ana-kilisesi-yerli-ve-yabanci-turistleri-agirliyor\/#breadcrumb\",\"itemListElement\":[{\"@type\":\"ListItem\",\"position\":1,\"name\":\"Home\",\"item\":\"https:\/\/denizcankizil.tr\/de\/\"},{\"@type\":\"ListItem\",\"position\":2,\"name\":\"Meryem Ana Kilisesi Yerli ve Yabanc\u0131 Turistleri A\u011f\u0131rl\u0131yor\"}]},{\"@type\":\"WebSite\",\"@id\":\"https:\/\/denizcankizil.tr\/de\/#website\",\"url\":\"https:\/\/denizcankizil.tr\/de\/\",\"name\":\"Av. Deniz Can K\u0131z\u0131l\",\"description\":\"Avukat Deniz Can K\u0131z\u0131l Antalya Barosu\",\"publisher\":{\"@id\":\"https:\/\/denizcankizil.tr\/de\/#organization\"},\"potentialAction\":[{\"@type\":\"SearchAction\",\"target\":{\"@type\":\"EntryPoint\",\"urlTemplate\":\"https:\/\/denizcankizil.tr\/de\/?s={search_term_string}\"},\"query-input\":{\"@type\":\"PropertyValueSpecification\",\"valueRequired\":true,\"valueName\":\"search_term_string\"}}],\"inLanguage\":\"en-GB\"},{\"@type\":\"Organization\",\"@id\":\"https:\/\/denizcankizil.tr\/de\/#organization\",\"name\":\"Av. Deniz Can K\u0131z\u0131l\",\"url\":\"https:\/\/denizcankizil.tr\/de\/\",\"logo\":{\"@type\":\"ImageObject\",\"inLanguage\":\"en-GB\",\"@id\":\"https:\/\/denizcankizil.tr\/de\/#\/schema\/logo\/image\/\",\"url\":\"http:\/\/denizcankizil.tr\/wp-content\/uploads\/2024\/10\/siyah-logo-svg.svg\",\"contentUrl\":\"http:\/\/denizcankizil.tr\/wp-content\/uploads\/2024\/10\/siyah-logo-svg.svg\",\"width\":1080,\"height\":1080,\"caption\":\"Av. Deniz Can K\u0131z\u0131l\"},\"image\":{\"@id\":\"https:\/\/denizcankizil.tr\/de\/#\/schema\/logo\/image\/\"}}]}<\/script>\n<!-- \/ Yoast SEO Premium plugin. -->","yoast_head_json":{"title":"Meryem Ana Kilisesi Yerli ve Yabanc\u0131 Turistleri A\u011f\u0131rl\u0131yor - Av. Deniz Can K\u0131z\u0131l","robots":{"index":"index","follow":"follow","max-snippet":"max-snippet:-1","max-image-preview":"max-image-preview:large","max-video-preview":"max-video-preview:-1"},"canonical":"http:\/\/denizcankizil.tr\/en\/haberler\/gundem\/meryem-ana-kilisesi-yerli-ve-yabanci-turistleri-agirliyor\/","og_locale":"en_GB","og_type":"article","og_title":"Meryem Ana Kilisesi Yerli ve Yabanc\u0131 Turistleri A\u011f\u0131rl\u0131yor","og_description":"Nev\u015fehir Belediyesi taraf\u0131ndan turizme kazand\u0131r\u0131lan tarihi Meryem Ana Kilisesi, yerli ve yabanc\u0131 turistlerin b\u00fcy\u00fck ilgisini \u00e7ekiyor. Kilise\u2019nin son ziyaret\u00e7ileri Fransa\u2019n\u0131n ba\u015fkenti Paris\u2019ten gelen Antakyal\u0131 Hristiyan Ortodokslar Derne\u011fi \u00fcyeleri oldu. \u200bNev\u015fehir Belediyesi taraf\u0131ndan turizme kazand\u0131r\u0131lan tarihi Meryem Ana Kilisesi, yerli ve yabanc\u0131 turistlerin b\u00fcy\u00fck ilgisini \u00e7ekiyor. Kilise\u2019nin son ziyaret\u00e7ileri Fransa\u2019n\u0131n ba\u015fkenti Paris\u2019ten gelen Antakyal\u0131 Hristiyan Ortodokslar Derne\u011fi \u00fcyeleri oldu.\u00a0 \u200bHaberin Al\u0131nt\u0131land\u0131\u011f\u0131 Kaynak: www.iskenderun.org","og_url":"http:\/\/denizcankizil.tr\/en\/haberler\/gundem\/meryem-ana-kilisesi-yerli-ve-yabanci-turistleri-agirliyor\/","og_site_name":"Av. Deniz Can K\u0131z\u0131l","article_published_time":"2024-10-25T14:41:31+00:00","twitter_card":"summary_large_image","schema":{"@context":"https:\/\/schema.org","@graph":[{"@type":"Article","@id":"http:\/\/denizcankizil.tr\/en\/haberler\/gundem\/meryem-ana-kilisesi-yerli-ve-yabanci-turistleri-agirliyor\/#article","isPartOf":{"@id":"http:\/\/denizcankizil.tr\/en\/haberler\/gundem\/meryem-ana-kilisesi-yerli-ve-yabanci-turistleri-agirliyor\/"},"author":{"name":"","@id":""},"headline":"Meryem Ana Kilisesi Yerli ve Yabanc\u0131 Turistleri A\u011f\u0131rl\u0131yor","datePublished":"2024-10-25T14:41:31+00:00","mainEntityOfPage":{"@id":"http:\/\/denizcankizil.tr\/en\/haberler\/gundem\/meryem-ana-kilisesi-yerli-ve-yabanci-turistleri-agirliyor\/"},"wordCount":102,"commentCount":0,"publisher":{"@id":"https:\/\/denizcankizil.tr\/de\/#organization"},"articleSection":["G\u00fcndem","Uncategorized"],"inLanguage":"en-GB","potentialAction":[{"@type":"CommentAction","name":"Comment","target":["http:\/\/denizcankizil.tr\/en\/haberler\/gundem\/meryem-ana-kilisesi-yerli-ve-yabanci-turistleri-agirliyor\/#respond"]}]},{"@type":"WebPage","@id":"http:\/\/denizcankizil.tr\/en\/haberler\/gundem\/meryem-ana-kilisesi-yerli-ve-yabanci-turistleri-agirliyor\/","url":"http:\/\/denizcankizil.tr\/en\/haberler\/gundem\/meryem-ana-kilisesi-yerli-ve-yabanci-turistleri-agirliyor\/","name":"Meryem Ana Kilisesi Yerli ve Yabanc\u0131 Turistleri A\u011f\u0131rl\u0131yor - Av. Deniz Can K\u0131z\u0131l","isPartOf":{"@id":"https:\/\/denizcankizil.tr\/de\/#website"},"datePublished":"2024-10-25T14:41:31+00:00","breadcrumb":{"@id":"http:\/\/denizcankizil.tr\/en\/haberler\/gundem\/meryem-ana-kilisesi-yerli-ve-yabanci-turistleri-agirliyor\/#breadcrumb"},"inLanguage":"en-GB","potentialAction":[{"@type":"ReadAction","target":["http:\/\/denizcankizil.tr\/en\/haberler\/gundem\/meryem-ana-kilisesi-yerli-ve-yabanci-turistleri-agirliyor\/"]}]},{"@type":"BreadcrumbList","@id":"http:\/\/denizcankizil.tr\/en\/haberler\/gundem\/meryem-ana-kilisesi-yerli-ve-yabanci-turistleri-agirliyor\/#breadcrumb","itemListElement":[{"@type":"ListItem","position":1,"name":"Home","item":"https:\/\/denizcankizil.tr\/de\/"},{"@type":"ListItem","position":2,"name":"Meryem Ana Kilisesi Yerli ve Yabanc\u0131 Turistleri A\u011f\u0131rl\u0131yor"}]},{"@type":"WebSite","@id":"https:\/\/denizcankizil.tr\/de\/#website","url":"https:\/\/denizcankizil.tr\/de\/","name":"Av. Deniz Can K\u0131z\u0131l","description":"Avukat Deniz Can K\u0131z\u0131l Antalya Barosu","publisher":{"@id":"https:\/\/denizcankizil.tr\/de\/#organization"},"potentialAction":[{"@type":"SearchAction","target":{"@type":"EntryPoint","urlTemplate":"https:\/\/denizcankizil.tr\/de\/?s={search_term_string}"},"query-input":{"@type":"PropertyValueSpecification","valueRequired":true,"valueName":"search_term_string"}}],"inLanguage":"en-GB"},{"@type":"Organization","@id":"https:\/\/denizcankizil.tr\/de\/#organization","name":"Av. Deniz Can K\u0131z\u0131l","url":"https:\/\/denizcankizil.tr\/de\/","logo":{"@type":"ImageObject","inLanguage":"en-GB","@id":"https:\/\/denizcankizil.tr\/de\/#\/schema\/logo\/image\/","url":"http:\/\/denizcankizil.tr\/wp-content\/uploads\/2024\/10\/siyah-logo-svg.svg","contentUrl":"http:\/\/denizcankizil.tr\/wp-content\/uploads\/2024\/10\/siyah-logo-svg.svg","width":1080,"height":1080,"caption":"Av. Deniz Can K\u0131z\u0131l"},"image":{"@id":"https:\/\/denizcankizil.tr\/de\/#\/schema\/logo\/image\/"}}]}},"_links":{"self":[{"href":"http:\/\/denizcankizil.tr\/en\/wp-json\/wp\/v2\/posts\/8056","targetHints":{"allow":["GET"]}}],"collection":[{"href":"http:\/\/denizcankizil.tr\/en\/wp-json\/wp\/v2\/posts"}],"about":[{"href":"http:\/\/denizcankizil.tr\/en\/wp-json\/wp\/v2\/types\/post"}],"replies":[{"embeddable":true,"href":"http:\/\/denizcankizil.tr\/en\/wp-json\/wp\/v2\/comments?post=8056"}],"version-history":[{"count":0,"href":"http:\/\/denizcankizil.tr\/en\/wp-json\/wp\/v2\/posts\/8056\/revisions"}],"wp:attachment":[{"href":"http:\/\/denizcankizil.tr\/en\/wp-json\/wp\/v2\/media?parent=8056"}],"wp:term":[{"taxonomy":"category","embeddable":true,"href":"http:\/\/denizcankizil.tr\/en\/wp-json\/wp\/v2\/categories?post=8056"},{"taxonomy":"post_tag","embeddable":true,"href":"http:\/\/denizcankizil.tr\/en\/wp-json\/wp\/v2\/tags?post=8056"}],"curies":[{"name":"wp","href":"https:\/\/api.w.org\/{rel}","templated":true}]}}