{"id":80218,"date":"2025-05-08T17:42:44","date_gmt":"2025-05-08T14:42:44","guid":{"rendered":"https:\/\/denizcankizil.tr\/uncategorized-tr\/didim-belediyesi-ilce-genelinde-baslattigi-yol-yapim-calismalarini-tum-hiziyla-surduruyor\/"},"modified":"2025-05-08T17:42:44","modified_gmt":"2025-05-08T14:42:44","slug":"didim-belediyesi-ilce-genelinde-baslattigi-yol-yapim-calismalarini-tum-hiziyla-surduruyor","status":"publish","type":"post","link":"http:\/\/denizcankizil.tr\/en\/haberler\/gundem\/didim-belediyesi-ilce-genelinde-baslattigi-yol-yapim-calismalarini-tum-hiziyla-surduruyor\/","title":{"rendered":"Didim Belediyesi, il\u00e7e genelinde ba\u015flatt\u0131\u011f\u0131 yol yap\u0131m \u00e7al\u0131\u015fmalar\u0131n\u0131 t\u00fcm h\u0131z\u0131yla s\u00fcrd\u00fcr\u00fcyor."},"content":{"rendered":"<p>\u0130l\u00e7ede ya\u015fayan vatanda\u015flar\u0131n ya\u015fam kalitesini art\u0131rmak ve g\u00fcvenli yollarda ula\u015f\u0131m sa\u011flamalar\u0131n\u0131 m\u00fcmk\u00fcn k\u0131lmak amac\u0131yla Didim Belediyesi, kent genelinde y\u00fcr\u00fctt\u00fc\u011f\u00fc yol yap\u0131m ve onar\u0131m \u00e7al\u0131\u015fmalar\u0131na aral\u0131ks\u0131z devam ediyor.<\/p>\n<p>\u200b\u0130l\u00e7ede ya\u015fayan vatanda\u015flar\u0131n ya\u015fam kalitesini art\u0131rmak ve g\u00fcvenli yollarda ula\u015f\u0131m sa\u011flamalar\u0131n\u0131 m\u00fcmk\u00fcn k\u0131lmak amac\u0131yla Didim Belediyesi, kent genelinde y\u00fcr\u00fctt\u00fc\u011f\u00fc yol yap\u0131m ve onar\u0131m \u00e7al\u0131\u015fmalar\u0131na aral\u0131ks\u0131z devam ediyor.\u00a0<\/p>\n<p>\u200bHaberin Al\u0131nt\u0131land\u0131\u011f\u0131 Kaynak: www.iskenderun.org<\/p>","protected":false},"excerpt":{"rendered":"<p>\u0130l\u00e7ede ya\u015fayan vatanda\u015flar\u0131n ya\u015fam kalitesini art\u0131rmak ve g\u00fcvenli yollarda ula\u015f\u0131m sa\u011flamalar\u0131n\u0131 m\u00fcmk\u00fcn k\u0131lmak amac\u0131yla Didim Belediyesi, kent genelinde y\u00fcr\u00fctt\u00fc\u011f\u00fc yol yap\u0131m ve onar\u0131m \u00e7al\u0131\u015fmalar\u0131na aral\u0131ks\u0131z devam ediyor. \u200b\u0130l\u00e7ede ya\u015fayan vatanda\u015flar\u0131n ya\u015fam kalitesini art\u0131rmak ve g\u00fcvenli yollarda ula\u015f\u0131m sa\u011flamalar\u0131n\u0131 m\u00fcmk\u00fcn k\u0131lmak amac\u0131yla Didim Belediyesi, kent genelinde y\u00fcr\u00fctt\u00fc\u011f\u00fc yol yap\u0131m ve onar\u0131m \u00e7al\u0131\u015fmalar\u0131na aral\u0131ks\u0131z devam ediyor.\u00a0 \u200bHaberin Al\u0131nt\u0131land\u0131\u011f\u0131 Kaynak: www.iskenderun.org<\/p>","protected":false},"author":1,"featured_media":0,"comment_status":"","ping_status":"open","sticky":false,"template":"","format":"standard","meta":{"_acf_changed":false,"footnotes":""},"categories":[24],"tags":[],"class_list":["post-80218","post","type-post","status-publish","format-standard","has-post-thumbnail","hentry","category-gundem"],"acf":[],"yoast_head":"<!-- This site is optimized with the Yoast SEO Premium plugin v26.6 (Yoast SEO v27.1.1) - https:\/\/yoast.com\/product\/yoast-seo-premium-wordpress\/ -->\n<title>Didim Belediyesi, il\u00e7e genelinde ba\u015flatt\u0131\u011f\u0131 yol yap\u0131m \u00e7al\u0131\u015fmalar\u0131n\u0131 t\u00fcm h\u0131z\u0131yla s\u00fcrd\u00fcr\u00fcyor. - Av. Deniz Can K\u0131z\u0131l<\/title>\n<meta name=\"robots\" content=\"index, follow, max-snippet:-1, max-image-preview:large, max-video-preview:-1\" \/>\n<link rel=\"canonical\" href=\"https:\/\/denizcankizil.tr\/en\/haberler\/gundem\/didim-belediyesi-ilce-genelinde-baslattigi-yol-yapim-calismalarini-tum-hiziyla-surduruyor\/\" \/>\n<meta property=\"og:locale\" content=\"en_GB\" \/>\n<meta property=\"og:type\" content=\"article\" \/>\n<meta property=\"og:title\" content=\"Didim Belediyesi, il\u00e7e genelinde ba\u015flatt\u0131\u011f\u0131 yol yap\u0131m \u00e7al\u0131\u015fmalar\u0131n\u0131 t\u00fcm h\u0131z\u0131yla s\u00fcrd\u00fcr\u00fcyor.\" \/>\n<meta property=\"og:description\" content=\"\u0130l\u00e7ede ya\u015fayan vatanda\u015flar\u0131n ya\u015fam kalitesini art\u0131rmak ve g\u00fcvenli yollarda ula\u015f\u0131m sa\u011flamalar\u0131n\u0131 m\u00fcmk\u00fcn k\u0131lmak amac\u0131yla Didim Belediyesi, kent genelinde y\u00fcr\u00fctt\u00fc\u011f\u00fc yol yap\u0131m ve onar\u0131m \u00e7al\u0131\u015fmalar\u0131na aral\u0131ks\u0131z devam ediyor. \u200b\u0130l\u00e7ede ya\u015fayan vatanda\u015flar\u0131n ya\u015fam kalitesini art\u0131rmak ve g\u00fcvenli yollarda ula\u015f\u0131m sa\u011flamalar\u0131n\u0131 m\u00fcmk\u00fcn k\u0131lmak amac\u0131yla Didim Belediyesi, kent genelinde y\u00fcr\u00fctt\u00fc\u011f\u00fc yol yap\u0131m ve onar\u0131m \u00e7al\u0131\u015fmalar\u0131na aral\u0131ks\u0131z devam ediyor.\u00a0 \u200bHaberin Al\u0131nt\u0131land\u0131\u011f\u0131 Kaynak: www.iskenderun.org\" \/>\n<meta property=\"og:url\" content=\"https:\/\/denizcankizil.tr\/en\/haberler\/gundem\/didim-belediyesi-ilce-genelinde-baslattigi-yol-yapim-calismalarini-tum-hiziyla-surduruyor\/\" \/>\n<meta property=\"og:site_name\" content=\"Av. Deniz Can K\u0131z\u0131l\" \/>\n<meta property=\"article:published_time\" content=\"2025-05-08T14:42:44+00:00\" \/>\n<meta name=\"author\" content=\"admin\" \/>\n<meta name=\"twitter:card\" content=\"summary_large_image\" \/>\n<meta name=\"twitter:label1\" content=\"Written by\" \/>\n\t<meta name=\"twitter:data1\" content=\"admin\" \/>\n\t<meta name=\"twitter:label2\" content=\"Estimated reading time\" \/>\n\t<meta name=\"twitter:data2\" content=\"1 minute\" \/>\n<script type=\"application\/ld+json\" class=\"yoast-schema-graph\">{\"@context\":\"https:\/\/schema.org\",\"@graph\":[{\"@type\":\"Article\",\"@id\":\"https:\/\/denizcankizil.tr\/ru\/haberler\/gundem\/didim-belediyesi-ilce-genelinde-baslattigi-yol-yapim-calismalarini-tum-hiziyla-surduruyor\/#article\",\"isPartOf\":{\"@id\":\"https:\/\/denizcankizil.tr\/ru\/haberler\/gundem\/didim-belediyesi-ilce-genelinde-baslattigi-yol-yapim-calismalarini-tum-hiziyla-surduruyor\/\"},\"author\":{\"name\":\"admin\",\"@id\":\"https:\/\/denizcankizil.tr\/de\/#\/schema\/person\/be3c05fe6a12686905512445d8185489\"},\"headline\":\"Didim Belediyesi, il\u00e7e genelinde ba\u015flatt\u0131\u011f\u0131 yol yap\u0131m \u00e7al\u0131\u015fmalar\u0131n\u0131 t\u00fcm h\u0131z\u0131yla s\u00fcrd\u00fcr\u00fcyor.\",\"datePublished\":\"2025-05-08T14:42:44+00:00\",\"mainEntityOfPage\":{\"@id\":\"https:\/\/denizcankizil.tr\/ru\/haberler\/gundem\/didim-belediyesi-ilce-genelinde-baslattigi-yol-yapim-calismalarini-tum-hiziyla-surduruyor\/\"},\"wordCount\":128,\"publisher\":{\"@id\":\"https:\/\/denizcankizil.tr\/de\/#organization\"},\"articleSection\":[\"G\u00fcndem\"],\"inLanguage\":\"en-GB\"},{\"@type\":\"WebPage\",\"@id\":\"https:\/\/denizcankizil.tr\/ru\/haberler\/gundem\/didim-belediyesi-ilce-genelinde-baslattigi-yol-yapim-calismalarini-tum-hiziyla-surduruyor\/\",\"url\":\"https:\/\/denizcankizil.tr\/ru\/haberler\/gundem\/didim-belediyesi-ilce-genelinde-baslattigi-yol-yapim-calismalarini-tum-hiziyla-surduruyor\/\",\"name\":\"Didim Belediyesi, il\u00e7e genelinde ba\u015flatt\u0131\u011f\u0131 yol yap\u0131m \u00e7al\u0131\u015fmalar\u0131n\u0131 t\u00fcm h\u0131z\u0131yla s\u00fcrd\u00fcr\u00fcyor. - Av. Deniz Can K\u0131z\u0131l\",\"isPartOf\":{\"@id\":\"https:\/\/denizcankizil.tr\/de\/#website\"},\"datePublished\":\"2025-05-08T14:42:44+00:00\",\"breadcrumb\":{\"@id\":\"https:\/\/denizcankizil.tr\/ru\/haberler\/gundem\/didim-belediyesi-ilce-genelinde-baslattigi-yol-yapim-calismalarini-tum-hiziyla-surduruyor\/#breadcrumb\"},\"inLanguage\":\"en-GB\",\"potentialAction\":[{\"@type\":\"ReadAction\",\"target\":[\"https:\/\/denizcankizil.tr\/ru\/haberler\/gundem\/didim-belediyesi-ilce-genelinde-baslattigi-yol-yapim-calismalarini-tum-hiziyla-surduruyor\/\"]}]},{\"@type\":\"BreadcrumbList\",\"@id\":\"https:\/\/denizcankizil.tr\/ru\/haberler\/gundem\/didim-belediyesi-ilce-genelinde-baslattigi-yol-yapim-calismalarini-tum-hiziyla-surduruyor\/#breadcrumb\",\"itemListElement\":[{\"@type\":\"ListItem\",\"position\":1,\"name\":\"Home\",\"item\":\"https:\/\/denizcankizil.tr\/de\/\"},{\"@type\":\"ListItem\",\"position\":2,\"name\":\"Didim Belediyesi, il\u00e7e genelinde ba\u015flatt\u0131\u011f\u0131 yol yap\u0131m \u00e7al\u0131\u015fmalar\u0131n\u0131 t\u00fcm h\u0131z\u0131yla s\u00fcrd\u00fcr\u00fcyor.\"}]},{\"@type\":\"WebSite\",\"@id\":\"https:\/\/denizcankizil.tr\/de\/#website\",\"url\":\"https:\/\/denizcankizil.tr\/de\/\",\"name\":\"Av. Deniz Can K\u0131z\u0131l\",\"description\":\"Avukat Deniz Can K\u0131z\u0131l Antalya Barosu\",\"publisher\":{\"@id\":\"https:\/\/denizcankizil.tr\/de\/#organization\"},\"potentialAction\":[{\"@type\":\"SearchAction\",\"target\":{\"@type\":\"EntryPoint\",\"urlTemplate\":\"https:\/\/denizcankizil.tr\/de\/?s={search_term_string}\"},\"query-input\":{\"@type\":\"PropertyValueSpecification\",\"valueRequired\":true,\"valueName\":\"search_term_string\"}}],\"inLanguage\":\"en-GB\"},{\"@type\":\"Organization\",\"@id\":\"https:\/\/denizcankizil.tr\/de\/#organization\",\"name\":\"Av. Deniz Can K\u0131z\u0131l\",\"url\":\"https:\/\/denizcankizil.tr\/de\/\",\"logo\":{\"@type\":\"ImageObject\",\"inLanguage\":\"en-GB\",\"@id\":\"https:\/\/denizcankizil.tr\/de\/#\/schema\/logo\/image\/\",\"url\":\"http:\/\/denizcankizil.tr\/wp-content\/uploads\/2024\/10\/siyah-logo-svg.svg\",\"contentUrl\":\"http:\/\/denizcankizil.tr\/wp-content\/uploads\/2024\/10\/siyah-logo-svg.svg\",\"width\":1080,\"height\":1080,\"caption\":\"Av. Deniz Can K\u0131z\u0131l\"},\"image\":{\"@id\":\"https:\/\/denizcankizil.tr\/de\/#\/schema\/logo\/image\/\"}},{\"@type\":\"Person\",\"@id\":\"https:\/\/denizcankizil.tr\/de\/#\/schema\/person\/be3c05fe6a12686905512445d8185489\",\"name\":\"admin\",\"image\":{\"@type\":\"ImageObject\",\"inLanguage\":\"en-GB\",\"@id\":\"https:\/\/denizcankizil.tr\/de\/#\/schema\/person\/image\/\",\"url\":\"https:\/\/secure.gravatar.com\/avatar\/c1fce94c830dc79107e174f890d7210541c4a63e8e5d816341794a2151c9d58c?s=96&d=mm&r=g\",\"contentUrl\":\"https:\/\/secure.gravatar.com\/avatar\/c1fce94c830dc79107e174f890d7210541c4a63e8e5d816341794a2151c9d58c?s=96&d=mm&r=g\",\"caption\":\"admin\"},\"sameAs\":[\"http:\/\/denizcankizil.tr\"],\"url\":\"https:\/\/www.iskenderun.org\/didim-belediyesi-ilce-genelinde-baslattigi-yol-yapim-calismalarini-tum-hiziyla-surduruyor\"}]}<\/script>\n<!-- \/ Yoast SEO Premium plugin. -->","yoast_head_json":{"title":"Didim Belediyesi, il\u00e7e genelinde ba\u015flatt\u0131\u011f\u0131 yol yap\u0131m \u00e7al\u0131\u015fmalar\u0131n\u0131 t\u00fcm h\u0131z\u0131yla s\u00fcrd\u00fcr\u00fcyor. - Av. Deniz Can K\u0131z\u0131l","robots":{"index":"index","follow":"follow","max-snippet":"max-snippet:-1","max-image-preview":"max-image-preview:large","max-video-preview":"max-video-preview:-1"},"canonical":"https:\/\/denizcankizil.tr\/en\/haberler\/gundem\/didim-belediyesi-ilce-genelinde-baslattigi-yol-yapim-calismalarini-tum-hiziyla-surduruyor\/","og_locale":"en_GB","og_type":"article","og_title":"Didim Belediyesi, il\u00e7e genelinde ba\u015flatt\u0131\u011f\u0131 yol yap\u0131m \u00e7al\u0131\u015fmalar\u0131n\u0131 t\u00fcm h\u0131z\u0131yla s\u00fcrd\u00fcr\u00fcyor.","og_description":"\u0130l\u00e7ede ya\u015fayan vatanda\u015flar\u0131n ya\u015fam kalitesini art\u0131rmak ve g\u00fcvenli yollarda ula\u015f\u0131m sa\u011flamalar\u0131n\u0131 m\u00fcmk\u00fcn k\u0131lmak amac\u0131yla Didim Belediyesi, kent genelinde y\u00fcr\u00fctt\u00fc\u011f\u00fc yol yap\u0131m ve onar\u0131m \u00e7al\u0131\u015fmalar\u0131na aral\u0131ks\u0131z devam ediyor. \u200b\u0130l\u00e7ede ya\u015fayan vatanda\u015flar\u0131n ya\u015fam kalitesini art\u0131rmak ve g\u00fcvenli yollarda ula\u015f\u0131m sa\u011flamalar\u0131n\u0131 m\u00fcmk\u00fcn k\u0131lmak amac\u0131yla Didim Belediyesi, kent genelinde y\u00fcr\u00fctt\u00fc\u011f\u00fc yol yap\u0131m ve onar\u0131m \u00e7al\u0131\u015fmalar\u0131na aral\u0131ks\u0131z devam ediyor.\u00a0 \u200bHaberin Al\u0131nt\u0131land\u0131\u011f\u0131 Kaynak: www.iskenderun.org","og_url":"https:\/\/denizcankizil.tr\/en\/haberler\/gundem\/didim-belediyesi-ilce-genelinde-baslattigi-yol-yapim-calismalarini-tum-hiziyla-surduruyor\/","og_site_name":"Av. Deniz Can K\u0131z\u0131l","article_published_time":"2025-05-08T14:42:44+00:00","author":"admin","twitter_card":"summary_large_image","twitter_misc":{"Written by":"admin","Estimated reading time":"1 minute"},"schema":{"@context":"https:\/\/schema.org","@graph":[{"@type":"Article","@id":"https:\/\/denizcankizil.tr\/ru\/haberler\/gundem\/didim-belediyesi-ilce-genelinde-baslattigi-yol-yapim-calismalarini-tum-hiziyla-surduruyor\/#article","isPartOf":{"@id":"https:\/\/denizcankizil.tr\/ru\/haberler\/gundem\/didim-belediyesi-ilce-genelinde-baslattigi-yol-yapim-calismalarini-tum-hiziyla-surduruyor\/"},"author":{"name":"admin","@id":"https:\/\/denizcankizil.tr\/de\/#\/schema\/person\/be3c05fe6a12686905512445d8185489"},"headline":"Didim Belediyesi, il\u00e7e genelinde ba\u015flatt\u0131\u011f\u0131 yol yap\u0131m \u00e7al\u0131\u015fmalar\u0131n\u0131 t\u00fcm h\u0131z\u0131yla s\u00fcrd\u00fcr\u00fcyor.","datePublished":"2025-05-08T14:42:44+00:00","mainEntityOfPage":{"@id":"https:\/\/denizcankizil.tr\/ru\/haberler\/gundem\/didim-belediyesi-ilce-genelinde-baslattigi-yol-yapim-calismalarini-tum-hiziyla-surduruyor\/"},"wordCount":128,"publisher":{"@id":"https:\/\/denizcankizil.tr\/de\/#organization"},"articleSection":["G\u00fcndem"],"inLanguage":"en-GB"},{"@type":"WebPage","@id":"https:\/\/denizcankizil.tr\/ru\/haberler\/gundem\/didim-belediyesi-ilce-genelinde-baslattigi-yol-yapim-calismalarini-tum-hiziyla-surduruyor\/","url":"https:\/\/denizcankizil.tr\/ru\/haberler\/gundem\/didim-belediyesi-ilce-genelinde-baslattigi-yol-yapim-calismalarini-tum-hiziyla-surduruyor\/","name":"Didim Belediyesi, il\u00e7e genelinde ba\u015flatt\u0131\u011f\u0131 yol yap\u0131m \u00e7al\u0131\u015fmalar\u0131n\u0131 t\u00fcm h\u0131z\u0131yla s\u00fcrd\u00fcr\u00fcyor. - Av. Deniz Can K\u0131z\u0131l","isPartOf":{"@id":"https:\/\/denizcankizil.tr\/de\/#website"},"datePublished":"2025-05-08T14:42:44+00:00","breadcrumb":{"@id":"https:\/\/denizcankizil.tr\/ru\/haberler\/gundem\/didim-belediyesi-ilce-genelinde-baslattigi-yol-yapim-calismalarini-tum-hiziyla-surduruyor\/#breadcrumb"},"inLanguage":"en-GB","potentialAction":[{"@type":"ReadAction","target":["https:\/\/denizcankizil.tr\/ru\/haberler\/gundem\/didim-belediyesi-ilce-genelinde-baslattigi-yol-yapim-calismalarini-tum-hiziyla-surduruyor\/"]}]},{"@type":"BreadcrumbList","@id":"https:\/\/denizcankizil.tr\/ru\/haberler\/gundem\/didim-belediyesi-ilce-genelinde-baslattigi-yol-yapim-calismalarini-tum-hiziyla-surduruyor\/#breadcrumb","itemListElement":[{"@type":"ListItem","position":1,"name":"Home","item":"https:\/\/denizcankizil.tr\/de\/"},{"@type":"ListItem","position":2,"name":"Didim Belediyesi, il\u00e7e genelinde ba\u015flatt\u0131\u011f\u0131 yol yap\u0131m \u00e7al\u0131\u015fmalar\u0131n\u0131 t\u00fcm h\u0131z\u0131yla s\u00fcrd\u00fcr\u00fcyor."}]},{"@type":"WebSite","@id":"https:\/\/denizcankizil.tr\/de\/#website","url":"https:\/\/denizcankizil.tr\/de\/","name":"Av. Deniz Can K\u0131z\u0131l","description":"Avukat Deniz Can K\u0131z\u0131l Antalya Barosu","publisher":{"@id":"https:\/\/denizcankizil.tr\/de\/#organization"},"potentialAction":[{"@type":"SearchAction","target":{"@type":"EntryPoint","urlTemplate":"https:\/\/denizcankizil.tr\/de\/?s={search_term_string}"},"query-input":{"@type":"PropertyValueSpecification","valueRequired":true,"valueName":"search_term_string"}}],"inLanguage":"en-GB"},{"@type":"Organization","@id":"https:\/\/denizcankizil.tr\/de\/#organization","name":"Av. Deniz Can K\u0131z\u0131l","url":"https:\/\/denizcankizil.tr\/de\/","logo":{"@type":"ImageObject","inLanguage":"en-GB","@id":"https:\/\/denizcankizil.tr\/de\/#\/schema\/logo\/image\/","url":"http:\/\/denizcankizil.tr\/wp-content\/uploads\/2024\/10\/siyah-logo-svg.svg","contentUrl":"http:\/\/denizcankizil.tr\/wp-content\/uploads\/2024\/10\/siyah-logo-svg.svg","width":1080,"height":1080,"caption":"Av. Deniz Can K\u0131z\u0131l"},"image":{"@id":"https:\/\/denizcankizil.tr\/de\/#\/schema\/logo\/image\/"}},{"@type":"Person","@id":"https:\/\/denizcankizil.tr\/de\/#\/schema\/person\/be3c05fe6a12686905512445d8185489","name":"admin","image":{"@type":"ImageObject","inLanguage":"en-GB","@id":"https:\/\/denizcankizil.tr\/de\/#\/schema\/person\/image\/","url":"https:\/\/secure.gravatar.com\/avatar\/c1fce94c830dc79107e174f890d7210541c4a63e8e5d816341794a2151c9d58c?s=96&d=mm&r=g","contentUrl":"https:\/\/secure.gravatar.com\/avatar\/c1fce94c830dc79107e174f890d7210541c4a63e8e5d816341794a2151c9d58c?s=96&d=mm&r=g","caption":"admin"},"sameAs":["http:\/\/denizcankizil.tr"],"url":"https:\/\/www.iskenderun.org\/didim-belediyesi-ilce-genelinde-baslattigi-yol-yapim-calismalarini-tum-hiziyla-surduruyor"}]}},"_links":{"self":[{"href":"http:\/\/denizcankizil.tr\/en\/wp-json\/wp\/v2\/posts\/80218","targetHints":{"allow":["GET"]}}],"collection":[{"href":"http:\/\/denizcankizil.tr\/en\/wp-json\/wp\/v2\/posts"}],"about":[{"href":"http:\/\/denizcankizil.tr\/en\/wp-json\/wp\/v2\/types\/post"}],"author":[{"embeddable":true,"href":"http:\/\/denizcankizil.tr\/en\/wp-json\/wp\/v2\/users\/1"}],"replies":[{"embeddable":true,"href":"http:\/\/denizcankizil.tr\/en\/wp-json\/wp\/v2\/comments?post=80218"}],"version-history":[{"count":0,"href":"http:\/\/denizcankizil.tr\/en\/wp-json\/wp\/v2\/posts\/80218\/revisions"}],"wp:attachment":[{"href":"http:\/\/denizcankizil.tr\/en\/wp-json\/wp\/v2\/media?parent=80218"}],"wp:term":[{"taxonomy":"category","embeddable":true,"href":"http:\/\/denizcankizil.tr\/en\/wp-json\/wp\/v2\/categories?post=80218"},{"taxonomy":"post_tag","embeddable":true,"href":"http:\/\/denizcankizil.tr\/en\/wp-json\/wp\/v2\/tags?post=80218"}],"curies":[{"name":"wp","href":"https:\/\/api.w.org\/{rel}","templated":true}]}}