{"id":80068,"date":"2025-05-08T14:42:39","date_gmt":"2025-05-08T11:42:39","guid":{"rendered":"https:\/\/denizcankizil.tr\/uncategorized-tr\/gencler-sakaryayi-buyuksehirle-kesfetti\/"},"modified":"2025-05-08T14:42:39","modified_gmt":"2025-05-08T11:42:39","slug":"gencler-sakaryayi-buyuksehirle-kesfetti","status":"publish","type":"post","link":"http:\/\/denizcankizil.tr\/en\/haberler\/gundem\/gencler-sakaryayi-buyuksehirle-kesfetti\/","title":{"rendered":"Gen\u00e7ler, Sakarya\u2019y\u0131 B\u00fcy\u00fck\u015fehir&#8217;le ke\u015ffetti"},"content":{"rendered":"<p>Sakarya B\u00fcy\u00fck\u015fehir Belediyesi, turizm gezileri kapsam\u0131nda a\u011f\u0131rlad\u0131\u011f\u0131 T\u00fcrkiye\u2019nin d\u00f6rt bir yan\u0131ndan \u015fehre gelen SA\u00dc T\u00d6MER (T\u00fcrk Dili \u00d6\u011fretimi Uygulama ve Ara\u015ft\u0131rma Merkezi) \u00f6\u011frencilerini Sakarya\u2019n\u0131n tarihi, turizmi ve do\u011fal cennetinde yolculu\u011fa \u00e7\u0131kard\u0131.SAKARYA (\u0130GFA) &#8211;\u00a0Sakarya B\u00fcy\u00fck\u015fehir Belediyesi taraf\u0131ndan \u00f6\u011frencilere y\u00f6nelik d\u00fczenlenen turizm gezileri yo\u011fun bir \u015fekilde devam ediyor.<br \/>\nT\u00dcRK\u0130YE\u2019N\u0130N D\u00d6RT B\u0130R YANINDAN\u2026<br \/>\nBir\u00e7ok tarihi ve turistik b\u00f6lgenin ziyaret edildi\u011fi programlar\u0131n konu\u011fu, SA\u00dc T\u00d6MER (T\u00fcrk Dili \u00d6\u011fretimi Uygulama ve Ara\u015ft\u0131rma Merkezi) \u00f6\u011frencileri oldu. T\u00fcrkiye\u2019nin d\u00f6rt bir yan\u0131ndan gelen tarihe, edebiyata ve sanata ilgili gen\u00e7ler Sakarya\u2019y\u0131 B\u00fcy\u00fck\u015fehirle ke\u015ffetti.<br \/>\nTUR\u0130ZM\u0130N KALB\u0130NE YOLCULUK<br \/>\nYo\u011fun bir kat\u0131l\u0131mla ger\u00e7ekle\u015fen ve iki g\u00fcn boyunca iki farkl\u0131 gruba y\u00f6nelik d\u00fczenlenen gezilerde, \u015fehrin turistik b\u00f6lgeleri olan Sakarya \u0130l Orman\u0131 Tabiat Park\u0131, Acarlar Longozu ve Karasu Yeni Mahalle ziyaret edildi. Elveri\u015fli havalar\u0131 f\u0131rsat bilen \u00f6\u011frenciler, bol bol y\u00fcr\u00fcy\u00fc\u015f yaparak keyifli anlar ya\u015fad\u0131.<br \/>\n\u015eEHR\u0130N TAR\u0130H\u0130N\u0130 KE\u015eFETT\u0130LER<br \/>\nUzman rehberler e\u015fli\u011finde ger\u00e7ekle\u015ftirilen ziyaretlerde tarihe yolculuk yapan \u00f6\u011frenciler, Geyve\u2019de bulunan Ali Fuad Cebesoy M\u00fczesi, 2. Bayezid K\u00f6pr\u00fcs\u00fc, Pamukova Esentepe Park ve Tarihi Tarakl\u0131 il\u00e7esini gezme f\u0131rsat\u0131 buldu.<br \/>\nOsmanl\u0131 d\u00f6nemine ait bir\u00e7ok eseri yerinde g\u00f6rme f\u0131rsat\u0131 bulan \u00f6\u011frenciler ayn\u0131 zamanda Helenistik d\u00f6nemden eserleri inceledi.<\/p>\n<p>\u200bSakarya B\u00fcy\u00fck\u015fehir Belediyesi, turizm gezileri kapsam\u0131nda a\u011f\u0131rlad\u0131\u011f\u0131 T\u00fcrkiye\u2019nin d\u00f6rt bir yan\u0131ndan \u015fehre gelen SA\u00dc T\u00d6MER (T\u00fcrk Dili \u00d6\u011fretimi Uygulama ve Ara\u015ft\u0131rma Merkezi) \u00f6\u011frencilerini Sakarya\u2019n\u0131n tarihi, turizmi ve do\u011fal cennetinde yolculu\u011fa \u00e7\u0131kard\u0131.SAKARYA (\u0130GFA) &#8211;\u00a0Sakarya B\u00fcy\u00fck\u015fehir Belediyesi taraf\u0131ndan \u00f6\u011frencilere y\u00f6nelik d\u00fczenlenen turizm gezileri yo\u011fun bir \u015fekilde devam ediyor.<br \/>\nT\u00dcRK\u0130YE\u2019N\u0130N D\u00d6RT B\u0130R YANINDAN\u2026<br \/>\nBir\u00e7ok tarihi ve turistik b\u00f6lgenin ziyaret edildi\u011fi programlar\u0131n konu\u011fu, SA\u00dc T\u00d6MER (T\u00fcrk Dili \u00d6\u011fretimi Uygulama ve Ara\u015ft\u0131rma Merkezi) \u00f6\u011frencileri oldu. T\u00fcrkiye\u2019nin d\u00f6rt bir yan\u0131ndan gelen tarihe, edebiyata ve sanata ilgili gen\u00e7ler Sakarya\u2019y\u0131 B\u00fcy\u00fck\u015fehirle ke\u015ffetti.<br \/>\nTUR\u0130ZM\u0130N KALB\u0130NE YOLCULUK<br \/>\nYo\u011fun bir kat\u0131l\u0131mla ger\u00e7ekle\u015fen ve iki g\u00fcn boyunca iki farkl\u0131 gruba y\u00f6nelik d\u00fczenlenen gezilerde, \u015fehrin turistik b\u00f6lgeleri olan Sakarya \u0130l Orman\u0131 Tabiat Park\u0131, Acarlar Longozu ve Karasu Yeni Mahalle ziyaret edildi. Elveri\u015fli havalar\u0131 f\u0131rsat bilen \u00f6\u011frenciler, bol bol y\u00fcr\u00fcy\u00fc\u015f yaparak keyifli anlar ya\u015fad\u0131.<br \/>\n\u015eEHR\u0130N TAR\u0130H\u0130N\u0130 KE\u015eFETT\u0130LER<br \/>\nUzman rehberler e\u015fli\u011finde ger\u00e7ekle\u015ftirilen ziyaretlerde tarihe yolculuk yapan \u00f6\u011frenciler, Geyve\u2019de bulunan Ali Fuad Cebesoy M\u00fczesi, 2. Bayezid K\u00f6pr\u00fcs\u00fc, Pamukova Esentepe Park ve Tarihi Tarakl\u0131 il\u00e7esini gezme f\u0131rsat\u0131 buldu.<br \/>\nOsmanl\u0131 d\u00f6nemine ait bir\u00e7ok eseri yerinde g\u00f6rme f\u0131rsat\u0131 bulan \u00f6\u011frenciler ayn\u0131 zamanda Helenistik d\u00f6nemden eserleri inceledi.\u00a0<\/p>\n<p>\u200bHaberin Al\u0131nt\u0131land\u0131\u011f\u0131 Kaynak: www.iskenderun.org<\/p>","protected":false},"excerpt":{"rendered":"<p>Sakarya B\u00fcy\u00fck\u015fehir Belediyesi, turizm gezileri kapsam\u0131nda a\u011f\u0131rlad\u0131\u011f\u0131 T\u00fcrkiye\u2019nin d\u00f6rt bir yan\u0131ndan \u015fehre gelen SA\u00dc T\u00d6MER (T\u00fcrk Dili \u00d6\u011fretimi Uygulama ve Ara\u015ft\u0131rma Merkezi) \u00f6\u011frencilerini Sakarya\u2019n\u0131n tarihi, turizmi ve do\u011fal cennetinde yolculu\u011fa \u00e7\u0131kard\u0131.SAKARYA (\u0130GFA) &#8211;\u00a0Sakarya B\u00fcy\u00fck\u015fehir Belediyesi taraf\u0131ndan \u00f6\u011frencilere y\u00f6nelik d\u00fczenlenen turizm gezileri yo\u011fun bir \u015fekilde devam ediyor. T\u00dcRK\u0130YE\u2019N\u0130N D\u00d6RT B\u0130R YANINDAN\u2026 Bir\u00e7ok tarihi ve turistik b\u00f6lgenin ziyaret edildi\u011fi programlar\u0131n konu\u011fu, SA\u00dc T\u00d6MER (T\u00fcrk Dili \u00d6\u011fretimi Uygulama ve Ara\u015ft\u0131rma Merkezi) \u00f6\u011frencileri oldu. T\u00fcrkiye\u2019nin d\u00f6rt bir yan\u0131ndan gelen tarihe, edebiyata ve sanata ilgili gen\u00e7ler Sakarya\u2019y\u0131 B\u00fcy\u00fck\u015fehirle ke\u015ffetti. TUR\u0130ZM\u0130N KALB\u0130NE YOLCULUK Yo\u011fun bir kat\u0131l\u0131mla ger\u00e7ekle\u015fen ve iki g\u00fcn boyunca iki farkl\u0131 gruba y\u00f6nelik d\u00fczenlenen gezilerde, \u015fehrin turistik b\u00f6lgeleri olan Sakarya \u0130l Orman\u0131 Tabiat Park\u0131, Acarlar Longozu ve Karasu Yeni Mahalle ziyaret edildi. Elveri\u015fli havalar\u0131 f\u0131rsat bilen \u00f6\u011frenciler, bol bol y\u00fcr\u00fcy\u00fc\u015f yaparak keyifli anlar ya\u015fad\u0131. \u015eEHR\u0130N TAR\u0130H\u0130N\u0130 KE\u015eFETT\u0130LER Uzman rehberler e\u015fli\u011finde ger\u00e7ekle\u015ftirilen ziyaretlerde tarihe yolculuk yapan \u00f6\u011frenciler, Geyve\u2019de bulunan Ali Fuad Cebesoy M\u00fczesi, 2. Bayezid K\u00f6pr\u00fcs\u00fc, Pamukova Esentepe Park ve Tarihi Tarakl\u0131 il\u00e7esini gezme f\u0131rsat\u0131 buldu. Osmanl\u0131 d\u00f6nemine ait bir\u00e7ok eseri yerinde g\u00f6rme f\u0131rsat\u0131 bulan \u00f6\u011frenciler ayn\u0131 zamanda Helenistik d\u00f6nemden eserleri inceledi. \u200bSakarya B\u00fcy\u00fck\u015fehir Belediyesi, turizm gezileri kapsam\u0131nda a\u011f\u0131rlad\u0131\u011f\u0131 T\u00fcrkiye\u2019nin d\u00f6rt bir yan\u0131ndan \u015fehre gelen SA\u00dc T\u00d6MER (T\u00fcrk Dili \u00d6\u011fretimi Uygulama ve Ara\u015ft\u0131rma Merkezi) \u00f6\u011frencilerini &hellip;<\/p>","protected":false},"author":1,"featured_media":0,"comment_status":"","ping_status":"open","sticky":false,"template":"","format":"standard","meta":{"_acf_changed":false,"footnotes":""},"categories":[24],"tags":[],"class_list":["post-80068","post","type-post","status-publish","format-standard","has-post-thumbnail","hentry","category-gundem"],"acf":[],"yoast_head":"<!-- This site is optimized with the Yoast SEO Premium plugin v26.6 (Yoast SEO v27.1.1) - https:\/\/yoast.com\/product\/yoast-seo-premium-wordpress\/ -->\n<title>Gen\u00e7ler, Sakarya\u2019y\u0131 B\u00fcy\u00fck\u015fehir&#039;le ke\u015ffetti - Av. Deniz Can K\u0131z\u0131l<\/title>\n<meta name=\"robots\" content=\"index, follow, max-snippet:-1, max-image-preview:large, max-video-preview:-1\" \/>\n<link rel=\"canonical\" href=\"https:\/\/denizcankizil.tr\/en\/haberler\/gundem\/gencler-sakaryayi-buyuksehirle-kesfetti\/\" \/>\n<meta property=\"og:locale\" content=\"en_GB\" \/>\n<meta property=\"og:type\" content=\"article\" \/>\n<meta property=\"og:title\" content=\"Gen\u00e7ler, Sakarya\u2019y\u0131 B\u00fcy\u00fck\u015fehir&#039;le ke\u015ffetti\" \/>\n<meta property=\"og:description\" content=\"Sakarya B\u00fcy\u00fck\u015fehir Belediyesi, turizm gezileri kapsam\u0131nda a\u011f\u0131rlad\u0131\u011f\u0131 T\u00fcrkiye\u2019nin d\u00f6rt bir yan\u0131ndan \u015fehre gelen SA\u00dc T\u00d6MER (T\u00fcrk Dili \u00d6\u011fretimi Uygulama ve Ara\u015ft\u0131rma Merkezi) \u00f6\u011frencilerini Sakarya\u2019n\u0131n tarihi, turizmi ve do\u011fal cennetinde yolculu\u011fa \u00e7\u0131kard\u0131.SAKARYA (\u0130GFA) &#8211;\u00a0Sakarya B\u00fcy\u00fck\u015fehir Belediyesi taraf\u0131ndan \u00f6\u011frencilere y\u00f6nelik d\u00fczenlenen turizm gezileri yo\u011fun bir \u015fekilde devam ediyor. T\u00dcRK\u0130YE\u2019N\u0130N D\u00d6RT B\u0130R YANINDAN\u2026 Bir\u00e7ok tarihi ve turistik b\u00f6lgenin ziyaret edildi\u011fi programlar\u0131n konu\u011fu, SA\u00dc T\u00d6MER (T\u00fcrk Dili \u00d6\u011fretimi Uygulama ve Ara\u015ft\u0131rma Merkezi) \u00f6\u011frencileri oldu. T\u00fcrkiye\u2019nin d\u00f6rt bir yan\u0131ndan gelen tarihe, edebiyata ve sanata ilgili gen\u00e7ler Sakarya\u2019y\u0131 B\u00fcy\u00fck\u015fehirle ke\u015ffetti. TUR\u0130ZM\u0130N KALB\u0130NE YOLCULUK Yo\u011fun bir kat\u0131l\u0131mla ger\u00e7ekle\u015fen ve iki g\u00fcn boyunca iki farkl\u0131 gruba y\u00f6nelik d\u00fczenlenen gezilerde, \u015fehrin turistik b\u00f6lgeleri olan Sakarya \u0130l Orman\u0131 Tabiat Park\u0131, Acarlar Longozu ve Karasu Yeni Mahalle ziyaret edildi. Elveri\u015fli havalar\u0131 f\u0131rsat bilen \u00f6\u011frenciler, bol bol y\u00fcr\u00fcy\u00fc\u015f yaparak keyifli anlar ya\u015fad\u0131. \u015eEHR\u0130N TAR\u0130H\u0130N\u0130 KE\u015eFETT\u0130LER Uzman rehberler e\u015fli\u011finde ger\u00e7ekle\u015ftirilen ziyaretlerde tarihe yolculuk yapan \u00f6\u011frenciler, Geyve\u2019de bulunan Ali Fuad Cebesoy M\u00fczesi, 2. Bayezid K\u00f6pr\u00fcs\u00fc, Pamukova Esentepe Park ve Tarihi Tarakl\u0131 il\u00e7esini gezme f\u0131rsat\u0131 buldu. Osmanl\u0131 d\u00f6nemine ait bir\u00e7ok eseri yerinde g\u00f6rme f\u0131rsat\u0131 bulan \u00f6\u011frenciler ayn\u0131 zamanda Helenistik d\u00f6nemden eserleri inceledi. \u200bSakarya B\u00fcy\u00fck\u015fehir Belediyesi, turizm gezileri kapsam\u0131nda a\u011f\u0131rlad\u0131\u011f\u0131 T\u00fcrkiye\u2019nin d\u00f6rt bir yan\u0131ndan \u015fehre gelen SA\u00dc T\u00d6MER (T\u00fcrk Dili \u00d6\u011fretimi Uygulama ve Ara\u015ft\u0131rma Merkezi) \u00f6\u011frencilerini &hellip;\" \/>\n<meta property=\"og:url\" content=\"https:\/\/denizcankizil.tr\/en\/haberler\/gundem\/gencler-sakaryayi-buyuksehirle-kesfetti\/\" \/>\n<meta property=\"og:site_name\" content=\"Av. Deniz Can K\u0131z\u0131l\" \/>\n<meta property=\"article:published_time\" content=\"2025-05-08T11:42:39+00:00\" \/>\n<meta name=\"author\" content=\"admin\" \/>\n<meta name=\"twitter:card\" content=\"summary_large_image\" \/>\n<meta name=\"twitter:label1\" content=\"Written by\" \/>\n\t<meta name=\"twitter:data1\" content=\"admin\" \/>\n\t<meta name=\"twitter:label2\" content=\"Estimated reading time\" \/>\n\t<meta name=\"twitter:data2\" content=\"3 minutes\" \/>\n<script type=\"application\/ld+json\" class=\"yoast-schema-graph\">{\"@context\":\"https:\/\/schema.org\",\"@graph\":[{\"@type\":\"Article\",\"@id\":\"https:\/\/denizcankizil.tr\/uk\/haberler\/gundem\/gencler-sakaryayi-buyuksehirle-kesfetti\/#article\",\"isPartOf\":{\"@id\":\"https:\/\/denizcankizil.tr\/uk\/haberler\/gundem\/gencler-sakaryayi-buyuksehirle-kesfetti\/\"},\"author\":{\"name\":\"admin\",\"@id\":\"https:\/\/denizcankizil.tr\/de\/#\/schema\/person\/be3c05fe6a12686905512445d8185489\"},\"headline\":\"Gen\u00e7ler, Sakarya\u2019y\u0131 B\u00fcy\u00fck\u015fehir&#8217;le ke\u015ffetti\",\"datePublished\":\"2025-05-08T11:42:39+00:00\",\"mainEntityOfPage\":{\"@id\":\"https:\/\/denizcankizil.tr\/uk\/haberler\/gundem\/gencler-sakaryayi-buyuksehirle-kesfetti\/\"},\"wordCount\":547,\"publisher\":{\"@id\":\"https:\/\/denizcankizil.tr\/de\/#organization\"},\"articleSection\":[\"G\u00fcndem\"],\"inLanguage\":\"en-GB\"},{\"@type\":\"WebPage\",\"@id\":\"https:\/\/denizcankizil.tr\/uk\/haberler\/gundem\/gencler-sakaryayi-buyuksehirle-kesfetti\/\",\"url\":\"https:\/\/denizcankizil.tr\/uk\/haberler\/gundem\/gencler-sakaryayi-buyuksehirle-kesfetti\/\",\"name\":\"Gen\u00e7ler, Sakarya\u2019y\u0131 B\u00fcy\u00fck\u015fehir'le ke\u015ffetti - Av. Deniz Can K\u0131z\u0131l\",\"isPartOf\":{\"@id\":\"https:\/\/denizcankizil.tr\/de\/#website\"},\"datePublished\":\"2025-05-08T11:42:39+00:00\",\"breadcrumb\":{\"@id\":\"https:\/\/denizcankizil.tr\/uk\/haberler\/gundem\/gencler-sakaryayi-buyuksehirle-kesfetti\/#breadcrumb\"},\"inLanguage\":\"en-GB\",\"potentialAction\":[{\"@type\":\"ReadAction\",\"target\":[\"https:\/\/denizcankizil.tr\/uk\/haberler\/gundem\/gencler-sakaryayi-buyuksehirle-kesfetti\/\"]}]},{\"@type\":\"BreadcrumbList\",\"@id\":\"https:\/\/denizcankizil.tr\/uk\/haberler\/gundem\/gencler-sakaryayi-buyuksehirle-kesfetti\/#breadcrumb\",\"itemListElement\":[{\"@type\":\"ListItem\",\"position\":1,\"name\":\"Home\",\"item\":\"https:\/\/denizcankizil.tr\/de\/\"},{\"@type\":\"ListItem\",\"position\":2,\"name\":\"Gen\u00e7ler, Sakarya\u2019y\u0131 B\u00fcy\u00fck\u015fehir&#8217;le ke\u015ffetti\"}]},{\"@type\":\"WebSite\",\"@id\":\"https:\/\/denizcankizil.tr\/de\/#website\",\"url\":\"https:\/\/denizcankizil.tr\/de\/\",\"name\":\"Av. Deniz Can K\u0131z\u0131l\",\"description\":\"Avukat Deniz Can K\u0131z\u0131l Antalya Barosu\",\"publisher\":{\"@id\":\"https:\/\/denizcankizil.tr\/de\/#organization\"},\"potentialAction\":[{\"@type\":\"SearchAction\",\"target\":{\"@type\":\"EntryPoint\",\"urlTemplate\":\"https:\/\/denizcankizil.tr\/de\/?s={search_term_string}\"},\"query-input\":{\"@type\":\"PropertyValueSpecification\",\"valueRequired\":true,\"valueName\":\"search_term_string\"}}],\"inLanguage\":\"en-GB\"},{\"@type\":\"Organization\",\"@id\":\"https:\/\/denizcankizil.tr\/de\/#organization\",\"name\":\"Av. Deniz Can K\u0131z\u0131l\",\"url\":\"https:\/\/denizcankizil.tr\/de\/\",\"logo\":{\"@type\":\"ImageObject\",\"inLanguage\":\"en-GB\",\"@id\":\"https:\/\/denizcankizil.tr\/de\/#\/schema\/logo\/image\/\",\"url\":\"http:\/\/denizcankizil.tr\/wp-content\/uploads\/2024\/10\/siyah-logo-svg.svg\",\"contentUrl\":\"http:\/\/denizcankizil.tr\/wp-content\/uploads\/2024\/10\/siyah-logo-svg.svg\",\"width\":1080,\"height\":1080,\"caption\":\"Av. Deniz Can K\u0131z\u0131l\"},\"image\":{\"@id\":\"https:\/\/denizcankizil.tr\/de\/#\/schema\/logo\/image\/\"}},{\"@type\":\"Person\",\"@id\":\"https:\/\/denizcankizil.tr\/de\/#\/schema\/person\/be3c05fe6a12686905512445d8185489\",\"name\":\"admin\",\"image\":{\"@type\":\"ImageObject\",\"inLanguage\":\"en-GB\",\"@id\":\"https:\/\/denizcankizil.tr\/de\/#\/schema\/person\/image\/\",\"url\":\"https:\/\/secure.gravatar.com\/avatar\/c1fce94c830dc79107e174f890d7210541c4a63e8e5d816341794a2151c9d58c?s=96&d=mm&r=g\",\"contentUrl\":\"https:\/\/secure.gravatar.com\/avatar\/c1fce94c830dc79107e174f890d7210541c4a63e8e5d816341794a2151c9d58c?s=96&d=mm&r=g\",\"caption\":\"admin\"},\"sameAs\":[\"http:\/\/denizcankizil.tr\"],\"url\":\"https:\/\/www.iskenderun.org\/gencler-sakaryayi-buyuksehirle-kesfetti\"}]}<\/script>\n<!-- \/ Yoast SEO Premium plugin. -->","yoast_head_json":{"title":"Gen\u00e7ler, Sakarya\u2019y\u0131 B\u00fcy\u00fck\u015fehir'le ke\u015ffetti - Av. Deniz Can K\u0131z\u0131l","robots":{"index":"index","follow":"follow","max-snippet":"max-snippet:-1","max-image-preview":"max-image-preview:large","max-video-preview":"max-video-preview:-1"},"canonical":"https:\/\/denizcankizil.tr\/en\/haberler\/gundem\/gencler-sakaryayi-buyuksehirle-kesfetti\/","og_locale":"en_GB","og_type":"article","og_title":"Gen\u00e7ler, Sakarya\u2019y\u0131 B\u00fcy\u00fck\u015fehir'le ke\u015ffetti","og_description":"Sakarya B\u00fcy\u00fck\u015fehir Belediyesi, turizm gezileri kapsam\u0131nda a\u011f\u0131rlad\u0131\u011f\u0131 T\u00fcrkiye\u2019nin d\u00f6rt bir yan\u0131ndan \u015fehre gelen SA\u00dc T\u00d6MER (T\u00fcrk Dili \u00d6\u011fretimi Uygulama ve Ara\u015ft\u0131rma Merkezi) \u00f6\u011frencilerini Sakarya\u2019n\u0131n tarihi, turizmi ve do\u011fal cennetinde yolculu\u011fa \u00e7\u0131kard\u0131.SAKARYA (\u0130GFA) &#8211;\u00a0Sakarya B\u00fcy\u00fck\u015fehir Belediyesi taraf\u0131ndan \u00f6\u011frencilere y\u00f6nelik d\u00fczenlenen turizm gezileri yo\u011fun bir \u015fekilde devam ediyor. T\u00dcRK\u0130YE\u2019N\u0130N D\u00d6RT B\u0130R YANINDAN\u2026 Bir\u00e7ok tarihi ve turistik b\u00f6lgenin ziyaret edildi\u011fi programlar\u0131n konu\u011fu, SA\u00dc T\u00d6MER (T\u00fcrk Dili \u00d6\u011fretimi Uygulama ve Ara\u015ft\u0131rma Merkezi) \u00f6\u011frencileri oldu. T\u00fcrkiye\u2019nin d\u00f6rt bir yan\u0131ndan gelen tarihe, edebiyata ve sanata ilgili gen\u00e7ler Sakarya\u2019y\u0131 B\u00fcy\u00fck\u015fehirle ke\u015ffetti. TUR\u0130ZM\u0130N KALB\u0130NE YOLCULUK Yo\u011fun bir kat\u0131l\u0131mla ger\u00e7ekle\u015fen ve iki g\u00fcn boyunca iki farkl\u0131 gruba y\u00f6nelik d\u00fczenlenen gezilerde, \u015fehrin turistik b\u00f6lgeleri olan Sakarya \u0130l Orman\u0131 Tabiat Park\u0131, Acarlar Longozu ve Karasu Yeni Mahalle ziyaret edildi. Elveri\u015fli havalar\u0131 f\u0131rsat bilen \u00f6\u011frenciler, bol bol y\u00fcr\u00fcy\u00fc\u015f yaparak keyifli anlar ya\u015fad\u0131. \u015eEHR\u0130N TAR\u0130H\u0130N\u0130 KE\u015eFETT\u0130LER Uzman rehberler e\u015fli\u011finde ger\u00e7ekle\u015ftirilen ziyaretlerde tarihe yolculuk yapan \u00f6\u011frenciler, Geyve\u2019de bulunan Ali Fuad Cebesoy M\u00fczesi, 2. Bayezid K\u00f6pr\u00fcs\u00fc, Pamukova Esentepe Park ve Tarihi Tarakl\u0131 il\u00e7esini gezme f\u0131rsat\u0131 buldu. Osmanl\u0131 d\u00f6nemine ait bir\u00e7ok eseri yerinde g\u00f6rme f\u0131rsat\u0131 bulan \u00f6\u011frenciler ayn\u0131 zamanda Helenistik d\u00f6nemden eserleri inceledi. \u200bSakarya B\u00fcy\u00fck\u015fehir Belediyesi, turizm gezileri kapsam\u0131nda a\u011f\u0131rlad\u0131\u011f\u0131 T\u00fcrkiye\u2019nin d\u00f6rt bir yan\u0131ndan \u015fehre gelen SA\u00dc T\u00d6MER (T\u00fcrk Dili \u00d6\u011fretimi Uygulama ve Ara\u015ft\u0131rma Merkezi) \u00f6\u011frencilerini &hellip;","og_url":"https:\/\/denizcankizil.tr\/en\/haberler\/gundem\/gencler-sakaryayi-buyuksehirle-kesfetti\/","og_site_name":"Av. Deniz Can K\u0131z\u0131l","article_published_time":"2025-05-08T11:42:39+00:00","author":"admin","twitter_card":"summary_large_image","twitter_misc":{"Written by":"admin","Estimated reading time":"3 minutes"},"schema":{"@context":"https:\/\/schema.org","@graph":[{"@type":"Article","@id":"https:\/\/denizcankizil.tr\/uk\/haberler\/gundem\/gencler-sakaryayi-buyuksehirle-kesfetti\/#article","isPartOf":{"@id":"https:\/\/denizcankizil.tr\/uk\/haberler\/gundem\/gencler-sakaryayi-buyuksehirle-kesfetti\/"},"author":{"name":"admin","@id":"https:\/\/denizcankizil.tr\/de\/#\/schema\/person\/be3c05fe6a12686905512445d8185489"},"headline":"Gen\u00e7ler, Sakarya\u2019y\u0131 B\u00fcy\u00fck\u015fehir&#8217;le ke\u015ffetti","datePublished":"2025-05-08T11:42:39+00:00","mainEntityOfPage":{"@id":"https:\/\/denizcankizil.tr\/uk\/haberler\/gundem\/gencler-sakaryayi-buyuksehirle-kesfetti\/"},"wordCount":547,"publisher":{"@id":"https:\/\/denizcankizil.tr\/de\/#organization"},"articleSection":["G\u00fcndem"],"inLanguage":"en-GB"},{"@type":"WebPage","@id":"https:\/\/denizcankizil.tr\/uk\/haberler\/gundem\/gencler-sakaryayi-buyuksehirle-kesfetti\/","url":"https:\/\/denizcankizil.tr\/uk\/haberler\/gundem\/gencler-sakaryayi-buyuksehirle-kesfetti\/","name":"Gen\u00e7ler, Sakarya\u2019y\u0131 B\u00fcy\u00fck\u015fehir'le ke\u015ffetti - Av. Deniz Can K\u0131z\u0131l","isPartOf":{"@id":"https:\/\/denizcankizil.tr\/de\/#website"},"datePublished":"2025-05-08T11:42:39+00:00","breadcrumb":{"@id":"https:\/\/denizcankizil.tr\/uk\/haberler\/gundem\/gencler-sakaryayi-buyuksehirle-kesfetti\/#breadcrumb"},"inLanguage":"en-GB","potentialAction":[{"@type":"ReadAction","target":["https:\/\/denizcankizil.tr\/uk\/haberler\/gundem\/gencler-sakaryayi-buyuksehirle-kesfetti\/"]}]},{"@type":"BreadcrumbList","@id":"https:\/\/denizcankizil.tr\/uk\/haberler\/gundem\/gencler-sakaryayi-buyuksehirle-kesfetti\/#breadcrumb","itemListElement":[{"@type":"ListItem","position":1,"name":"Home","item":"https:\/\/denizcankizil.tr\/de\/"},{"@type":"ListItem","position":2,"name":"Gen\u00e7ler, Sakarya\u2019y\u0131 B\u00fcy\u00fck\u015fehir&#8217;le ke\u015ffetti"}]},{"@type":"WebSite","@id":"https:\/\/denizcankizil.tr\/de\/#website","url":"https:\/\/denizcankizil.tr\/de\/","name":"Av. Deniz Can K\u0131z\u0131l","description":"Avukat Deniz Can K\u0131z\u0131l Antalya Barosu","publisher":{"@id":"https:\/\/denizcankizil.tr\/de\/#organization"},"potentialAction":[{"@type":"SearchAction","target":{"@type":"EntryPoint","urlTemplate":"https:\/\/denizcankizil.tr\/de\/?s={search_term_string}"},"query-input":{"@type":"PropertyValueSpecification","valueRequired":true,"valueName":"search_term_string"}}],"inLanguage":"en-GB"},{"@type":"Organization","@id":"https:\/\/denizcankizil.tr\/de\/#organization","name":"Av. Deniz Can K\u0131z\u0131l","url":"https:\/\/denizcankizil.tr\/de\/","logo":{"@type":"ImageObject","inLanguage":"en-GB","@id":"https:\/\/denizcankizil.tr\/de\/#\/schema\/logo\/image\/","url":"http:\/\/denizcankizil.tr\/wp-content\/uploads\/2024\/10\/siyah-logo-svg.svg","contentUrl":"http:\/\/denizcankizil.tr\/wp-content\/uploads\/2024\/10\/siyah-logo-svg.svg","width":1080,"height":1080,"caption":"Av. Deniz Can K\u0131z\u0131l"},"image":{"@id":"https:\/\/denizcankizil.tr\/de\/#\/schema\/logo\/image\/"}},{"@type":"Person","@id":"https:\/\/denizcankizil.tr\/de\/#\/schema\/person\/be3c05fe6a12686905512445d8185489","name":"admin","image":{"@type":"ImageObject","inLanguage":"en-GB","@id":"https:\/\/denizcankizil.tr\/de\/#\/schema\/person\/image\/","url":"https:\/\/secure.gravatar.com\/avatar\/c1fce94c830dc79107e174f890d7210541c4a63e8e5d816341794a2151c9d58c?s=96&d=mm&r=g","contentUrl":"https:\/\/secure.gravatar.com\/avatar\/c1fce94c830dc79107e174f890d7210541c4a63e8e5d816341794a2151c9d58c?s=96&d=mm&r=g","caption":"admin"},"sameAs":["http:\/\/denizcankizil.tr"],"url":"https:\/\/www.iskenderun.org\/gencler-sakaryayi-buyuksehirle-kesfetti"}]}},"_links":{"self":[{"href":"http:\/\/denizcankizil.tr\/en\/wp-json\/wp\/v2\/posts\/80068","targetHints":{"allow":["GET"]}}],"collection":[{"href":"http:\/\/denizcankizil.tr\/en\/wp-json\/wp\/v2\/posts"}],"about":[{"href":"http:\/\/denizcankizil.tr\/en\/wp-json\/wp\/v2\/types\/post"}],"author":[{"embeddable":true,"href":"http:\/\/denizcankizil.tr\/en\/wp-json\/wp\/v2\/users\/1"}],"replies":[{"embeddable":true,"href":"http:\/\/denizcankizil.tr\/en\/wp-json\/wp\/v2\/comments?post=80068"}],"version-history":[{"count":0,"href":"http:\/\/denizcankizil.tr\/en\/wp-json\/wp\/v2\/posts\/80068\/revisions"}],"wp:attachment":[{"href":"http:\/\/denizcankizil.tr\/en\/wp-json\/wp\/v2\/media?parent=80068"}],"wp:term":[{"taxonomy":"category","embeddable":true,"href":"http:\/\/denizcankizil.tr\/en\/wp-json\/wp\/v2\/categories?post=80068"},{"taxonomy":"post_tag","embeddable":true,"href":"http:\/\/denizcankizil.tr\/en\/wp-json\/wp\/v2\/tags?post=80068"}],"curies":[{"name":"wp","href":"https:\/\/api.w.org\/{rel}","templated":true}]}}