{"id":80012,"date":"2025-05-08T13:42:58","date_gmt":"2025-05-08T10:42:58","guid":{"rendered":"https:\/\/denizcankizil.tr\/uncategorized-tr\/atikde-hazine-arazisindeki-kacak-yapi-yikildi\/"},"modified":"2025-05-08T13:42:58","modified_gmt":"2025-05-08T10:42:58","slug":"atikde-hazine-arazisindeki-kacak-yapi-yikildi","status":"publish","type":"post","link":"http:\/\/denizcankizil.tr\/en\/haberler\/gundem\/atikde-hazine-arazisindeki-kacak-yapi-yikildi\/","title":{"rendered":"Atik\u2019de Hazine Arazisindeki Ka\u00e7ak Yap\u0131 Y\u0131k\u0131ld\u0131"},"content":{"rendered":"<p>Belen Belediyesi taraf\u0131ndan yap\u0131lmamas\u0131 konusunda uyar\u0131larda bulunuldu\u011fu buna ra\u011fmen ruhsats\u0131z ve izinsiz yap\u0131la\u015fman\u0131n s\u00fcrd\u00fc\u011f\u00fc, bu durumun ise hem halk\u0131n can ve mal g\u00fcvenli\u011fini tehdit etti\u011fi hem de kent esteti\u011fini ve planl\u0131 \u015fehirle\u015fme hedeflerini olumsuz etkiledi\u011fi ifade edildi.<\/p>\n<p>Belen Belediyesi ekipleri, belirlenen ka\u00e7ak yap\u0131lar\u0131 tek tek tespit ederek y\u0131k\u0131m i\u015flemlerine ba\u015flad\u0131\u011f\u0131n\u0131 aktard\u0131.<\/p>\n<p>\u00a0S\u00fcrecin kararl\u0131l\u0131kla ve aral\u0131ks\u0131z bir \u015fekilde s\u00fcrd\u00fcr\u00fclece\u011fi belirtilirken, ka\u00e7ak yap\u0131la\u015fmayla m\u00fccadelenin sadece bug\u00fcnle s\u0131n\u0131rl\u0131 olmad\u0131\u011f\u0131, gelecekte de benzer durumlara kesinlikle m\u00fcsamaha g\u00f6sterilmeyece\u011fi a\u00e7\u0131kland\u0131.<\/p>\n<p>\u200bBelen Belediyesi, Atik Mahallesi\u2019nde hazine arazileri \u00fczerine izinsiz \u015fekilde in\u015fa edilen ka\u00e7ak yap\u0131larla ilgili harekete ge\u00e7ti. \u0130mar mevzuat\u0131na ayk\u0131r\u0131 olarak yap\u0131ld\u0131\u011f\u0131 tespit edilen yap\u0131lar y\u0131k\u0131lmaya ba\u015fland\u0131.\u00a0<\/p>\n<p>\u200bHaberin Al\u0131nt\u0131land\u0131\u011f\u0131 Kaynak: www.iskenderun.org<\/p>","protected":false},"excerpt":{"rendered":"<p>Belen Belediyesi taraf\u0131ndan yap\u0131lmamas\u0131 konusunda uyar\u0131larda bulunuldu\u011fu buna ra\u011fmen ruhsats\u0131z ve izinsiz yap\u0131la\u015fman\u0131n s\u00fcrd\u00fc\u011f\u00fc, bu durumun ise hem halk\u0131n can ve mal g\u00fcvenli\u011fini tehdit etti\u011fi hem de kent esteti\u011fini ve planl\u0131 \u015fehirle\u015fme hedeflerini olumsuz etkiledi\u011fi ifade edildi. Belen Belediyesi ekipleri, belirlenen ka\u00e7ak yap\u0131lar\u0131 tek tek tespit ederek y\u0131k\u0131m i\u015flemlerine ba\u015flad\u0131\u011f\u0131n\u0131 aktard\u0131. \u00a0S\u00fcrecin kararl\u0131l\u0131kla ve aral\u0131ks\u0131z bir \u015fekilde s\u00fcrd\u00fcr\u00fclece\u011fi belirtilirken, ka\u00e7ak yap\u0131la\u015fmayla m\u00fccadelenin sadece bug\u00fcnle s\u0131n\u0131rl\u0131 olmad\u0131\u011f\u0131, gelecekte de benzer durumlara kesinlikle m\u00fcsamaha g\u00f6sterilmeyece\u011fi a\u00e7\u0131kland\u0131. \u200bBelen Belediyesi, Atik Mahallesi\u2019nde hazine arazileri \u00fczerine izinsiz \u015fekilde in\u015fa edilen ka\u00e7ak yap\u0131larla ilgili harekete ge\u00e7ti. \u0130mar mevzuat\u0131na ayk\u0131r\u0131 olarak yap\u0131ld\u0131\u011f\u0131 tespit edilen yap\u0131lar y\u0131k\u0131lmaya ba\u015fland\u0131.\u00a0 \u200bHaberin Al\u0131nt\u0131land\u0131\u011f\u0131 Kaynak: www.iskenderun.org<\/p>","protected":false},"author":1,"featured_media":0,"comment_status":"","ping_status":"open","sticky":false,"template":"","format":"standard","meta":{"_acf_changed":false,"footnotes":""},"categories":[24],"tags":[],"class_list":["post-80012","post","type-post","status-publish","format-standard","has-post-thumbnail","hentry","category-gundem"],"acf":[],"yoast_head":"<!-- This site is optimized with the Yoast SEO Premium plugin v26.6 (Yoast SEO v27.1.1) - https:\/\/yoast.com\/product\/yoast-seo-premium-wordpress\/ -->\n<title>Atik\u2019de Hazine Arazisindeki Ka\u00e7ak Yap\u0131 Y\u0131k\u0131ld\u0131 - Av. Deniz Can K\u0131z\u0131l<\/title>\n<meta name=\"robots\" content=\"index, follow, max-snippet:-1, max-image-preview:large, max-video-preview:-1\" \/>\n<link rel=\"canonical\" href=\"http:\/\/denizcankizil.tr\/en\/haberler\/gundem\/atikde-hazine-arazisindeki-kacak-yapi-yikildi\/\" \/>\n<meta property=\"og:locale\" content=\"en_GB\" \/>\n<meta property=\"og:type\" content=\"article\" \/>\n<meta property=\"og:title\" content=\"Atik\u2019de Hazine Arazisindeki Ka\u00e7ak Yap\u0131 Y\u0131k\u0131ld\u0131\" \/>\n<meta property=\"og:description\" content=\"Belen Belediyesi taraf\u0131ndan yap\u0131lmamas\u0131 konusunda uyar\u0131larda bulunuldu\u011fu buna ra\u011fmen ruhsats\u0131z ve izinsiz yap\u0131la\u015fman\u0131n s\u00fcrd\u00fc\u011f\u00fc, bu durumun ise hem halk\u0131n can ve mal g\u00fcvenli\u011fini tehdit etti\u011fi hem de kent esteti\u011fini ve planl\u0131 \u015fehirle\u015fme hedeflerini olumsuz etkiledi\u011fi ifade edildi. Belen Belediyesi ekipleri, belirlenen ka\u00e7ak yap\u0131lar\u0131 tek tek tespit ederek y\u0131k\u0131m i\u015flemlerine ba\u015flad\u0131\u011f\u0131n\u0131 aktard\u0131. \u00a0S\u00fcrecin kararl\u0131l\u0131kla ve aral\u0131ks\u0131z bir \u015fekilde s\u00fcrd\u00fcr\u00fclece\u011fi belirtilirken, ka\u00e7ak yap\u0131la\u015fmayla m\u00fccadelenin sadece bug\u00fcnle s\u0131n\u0131rl\u0131 olmad\u0131\u011f\u0131, gelecekte de benzer durumlara kesinlikle m\u00fcsamaha g\u00f6sterilmeyece\u011fi a\u00e7\u0131kland\u0131. \u200bBelen Belediyesi, Atik Mahallesi\u2019nde hazine arazileri \u00fczerine izinsiz \u015fekilde in\u015fa edilen ka\u00e7ak yap\u0131larla ilgili harekete ge\u00e7ti. \u0130mar mevzuat\u0131na ayk\u0131r\u0131 olarak yap\u0131ld\u0131\u011f\u0131 tespit edilen yap\u0131lar y\u0131k\u0131lmaya ba\u015fland\u0131.\u00a0 \u200bHaberin Al\u0131nt\u0131land\u0131\u011f\u0131 Kaynak: www.iskenderun.org\" \/>\n<meta property=\"og:url\" content=\"http:\/\/denizcankizil.tr\/en\/haberler\/gundem\/atikde-hazine-arazisindeki-kacak-yapi-yikildi\/\" \/>\n<meta property=\"og:site_name\" content=\"Av. Deniz Can K\u0131z\u0131l\" \/>\n<meta property=\"article:published_time\" content=\"2025-05-08T10:42:58+00:00\" \/>\n<meta name=\"author\" content=\"admin\" \/>\n<meta name=\"twitter:card\" content=\"summary_large_image\" \/>\n<meta name=\"twitter:label1\" content=\"Written by\" \/>\n\t<meta name=\"twitter:data1\" content=\"admin\" \/>\n\t<meta name=\"twitter:label2\" content=\"Estimated reading time\" \/>\n\t<meta name=\"twitter:data2\" content=\"1 minute\" \/>\n<script type=\"application\/ld+json\" class=\"yoast-schema-graph\">{\"@context\":\"https:\/\/schema.org\",\"@graph\":[{\"@type\":\"Article\",\"@id\":\"http:\/\/denizcankizil.tr\/en\/haberler\/gundem\/atikde-hazine-arazisindeki-kacak-yapi-yikildi\/#article\",\"isPartOf\":{\"@id\":\"http:\/\/denizcankizil.tr\/en\/haberler\/gundem\/atikde-hazine-arazisindeki-kacak-yapi-yikildi\/\"},\"author\":{\"name\":\"admin\",\"@id\":\"https:\/\/denizcankizil.tr\/de\/#\/schema\/person\/be3c05fe6a12686905512445d8185489\"},\"headline\":\"Atik\u2019de Hazine Arazisindeki Ka\u00e7ak Yap\u0131 Y\u0131k\u0131ld\u0131\",\"datePublished\":\"2025-05-08T10:42:58+00:00\",\"mainEntityOfPage\":{\"@id\":\"http:\/\/denizcankizil.tr\/en\/haberler\/gundem\/atikde-hazine-arazisindeki-kacak-yapi-yikildi\/\"},\"wordCount\":174,\"publisher\":{\"@id\":\"https:\/\/denizcankizil.tr\/de\/#organization\"},\"articleSection\":[\"G\u00fcndem\"],\"inLanguage\":\"en-GB\"},{\"@type\":\"WebPage\",\"@id\":\"http:\/\/denizcankizil.tr\/en\/haberler\/gundem\/atikde-hazine-arazisindeki-kacak-yapi-yikildi\/\",\"url\":\"http:\/\/denizcankizil.tr\/en\/haberler\/gundem\/atikde-hazine-arazisindeki-kacak-yapi-yikildi\/\",\"name\":\"Atik\u2019de Hazine Arazisindeki Ka\u00e7ak Yap\u0131 Y\u0131k\u0131ld\u0131 - Av. Deniz Can K\u0131z\u0131l\",\"isPartOf\":{\"@id\":\"https:\/\/denizcankizil.tr\/de\/#website\"},\"datePublished\":\"2025-05-08T10:42:58+00:00\",\"breadcrumb\":{\"@id\":\"http:\/\/denizcankizil.tr\/en\/haberler\/gundem\/atikde-hazine-arazisindeki-kacak-yapi-yikildi\/#breadcrumb\"},\"inLanguage\":\"en-GB\",\"potentialAction\":[{\"@type\":\"ReadAction\",\"target\":[\"http:\/\/denizcankizil.tr\/en\/haberler\/gundem\/atikde-hazine-arazisindeki-kacak-yapi-yikildi\/\"]}]},{\"@type\":\"BreadcrumbList\",\"@id\":\"http:\/\/denizcankizil.tr\/en\/haberler\/gundem\/atikde-hazine-arazisindeki-kacak-yapi-yikildi\/#breadcrumb\",\"itemListElement\":[{\"@type\":\"ListItem\",\"position\":1,\"name\":\"Home\",\"item\":\"https:\/\/denizcankizil.tr\/de\/\"},{\"@type\":\"ListItem\",\"position\":2,\"name\":\"Atik\u2019de Hazine Arazisindeki Ka\u00e7ak Yap\u0131 Y\u0131k\u0131ld\u0131\"}]},{\"@type\":\"WebSite\",\"@id\":\"https:\/\/denizcankizil.tr\/de\/#website\",\"url\":\"https:\/\/denizcankizil.tr\/de\/\",\"name\":\"Av. Deniz Can K\u0131z\u0131l\",\"description\":\"Avukat Deniz Can K\u0131z\u0131l Antalya Barosu\",\"publisher\":{\"@id\":\"https:\/\/denizcankizil.tr\/de\/#organization\"},\"potentialAction\":[{\"@type\":\"SearchAction\",\"target\":{\"@type\":\"EntryPoint\",\"urlTemplate\":\"https:\/\/denizcankizil.tr\/de\/?s={search_term_string}\"},\"query-input\":{\"@type\":\"PropertyValueSpecification\",\"valueRequired\":true,\"valueName\":\"search_term_string\"}}],\"inLanguage\":\"en-GB\"},{\"@type\":\"Organization\",\"@id\":\"https:\/\/denizcankizil.tr\/de\/#organization\",\"name\":\"Av. Deniz Can K\u0131z\u0131l\",\"url\":\"https:\/\/denizcankizil.tr\/de\/\",\"logo\":{\"@type\":\"ImageObject\",\"inLanguage\":\"en-GB\",\"@id\":\"https:\/\/denizcankizil.tr\/de\/#\/schema\/logo\/image\/\",\"url\":\"http:\/\/denizcankizil.tr\/wp-content\/uploads\/2024\/10\/siyah-logo-svg.svg\",\"contentUrl\":\"http:\/\/denizcankizil.tr\/wp-content\/uploads\/2024\/10\/siyah-logo-svg.svg\",\"width\":1080,\"height\":1080,\"caption\":\"Av. Deniz Can K\u0131z\u0131l\"},\"image\":{\"@id\":\"https:\/\/denizcankizil.tr\/de\/#\/schema\/logo\/image\/\"}},{\"@type\":\"Person\",\"@id\":\"https:\/\/denizcankizil.tr\/de\/#\/schema\/person\/be3c05fe6a12686905512445d8185489\",\"name\":\"admin\",\"image\":{\"@type\":\"ImageObject\",\"inLanguage\":\"en-GB\",\"@id\":\"https:\/\/denizcankizil.tr\/de\/#\/schema\/person\/image\/\",\"url\":\"https:\/\/secure.gravatar.com\/avatar\/c1fce94c830dc79107e174f890d7210541c4a63e8e5d816341794a2151c9d58c?s=96&d=mm&r=g\",\"contentUrl\":\"https:\/\/secure.gravatar.com\/avatar\/c1fce94c830dc79107e174f890d7210541c4a63e8e5d816341794a2151c9d58c?s=96&d=mm&r=g\",\"caption\":\"admin\"},\"sameAs\":[\"http:\/\/denizcankizil.tr\"],\"url\":\"https:\/\/www.iskenderun.org\/atikde-hazine-arazisindeki-kacak-yapi-yikildi\"}]}<\/script>\n<!-- \/ Yoast SEO Premium plugin. -->","yoast_head_json":{"title":"Atik\u2019de Hazine Arazisindeki Ka\u00e7ak Yap\u0131 Y\u0131k\u0131ld\u0131 - Av. Deniz Can K\u0131z\u0131l","robots":{"index":"index","follow":"follow","max-snippet":"max-snippet:-1","max-image-preview":"max-image-preview:large","max-video-preview":"max-video-preview:-1"},"canonical":"http:\/\/denizcankizil.tr\/en\/haberler\/gundem\/atikde-hazine-arazisindeki-kacak-yapi-yikildi\/","og_locale":"en_GB","og_type":"article","og_title":"Atik\u2019de Hazine Arazisindeki Ka\u00e7ak Yap\u0131 Y\u0131k\u0131ld\u0131","og_description":"Belen Belediyesi taraf\u0131ndan yap\u0131lmamas\u0131 konusunda uyar\u0131larda bulunuldu\u011fu buna ra\u011fmen ruhsats\u0131z ve izinsiz yap\u0131la\u015fman\u0131n s\u00fcrd\u00fc\u011f\u00fc, bu durumun ise hem halk\u0131n can ve mal g\u00fcvenli\u011fini tehdit etti\u011fi hem de kent esteti\u011fini ve planl\u0131 \u015fehirle\u015fme hedeflerini olumsuz etkiledi\u011fi ifade edildi. Belen Belediyesi ekipleri, belirlenen ka\u00e7ak yap\u0131lar\u0131 tek tek tespit ederek y\u0131k\u0131m i\u015flemlerine ba\u015flad\u0131\u011f\u0131n\u0131 aktard\u0131. \u00a0S\u00fcrecin kararl\u0131l\u0131kla ve aral\u0131ks\u0131z bir \u015fekilde s\u00fcrd\u00fcr\u00fclece\u011fi belirtilirken, ka\u00e7ak yap\u0131la\u015fmayla m\u00fccadelenin sadece bug\u00fcnle s\u0131n\u0131rl\u0131 olmad\u0131\u011f\u0131, gelecekte de benzer durumlara kesinlikle m\u00fcsamaha g\u00f6sterilmeyece\u011fi a\u00e7\u0131kland\u0131. \u200bBelen Belediyesi, Atik Mahallesi\u2019nde hazine arazileri \u00fczerine izinsiz \u015fekilde in\u015fa edilen ka\u00e7ak yap\u0131larla ilgili harekete ge\u00e7ti. \u0130mar mevzuat\u0131na ayk\u0131r\u0131 olarak yap\u0131ld\u0131\u011f\u0131 tespit edilen yap\u0131lar y\u0131k\u0131lmaya ba\u015fland\u0131.\u00a0 \u200bHaberin Al\u0131nt\u0131land\u0131\u011f\u0131 Kaynak: www.iskenderun.org","og_url":"http:\/\/denizcankizil.tr\/en\/haberler\/gundem\/atikde-hazine-arazisindeki-kacak-yapi-yikildi\/","og_site_name":"Av. Deniz Can K\u0131z\u0131l","article_published_time":"2025-05-08T10:42:58+00:00","author":"admin","twitter_card":"summary_large_image","twitter_misc":{"Written by":"admin","Estimated reading time":"1 minute"},"schema":{"@context":"https:\/\/schema.org","@graph":[{"@type":"Article","@id":"http:\/\/denizcankizil.tr\/en\/haberler\/gundem\/atikde-hazine-arazisindeki-kacak-yapi-yikildi\/#article","isPartOf":{"@id":"http:\/\/denizcankizil.tr\/en\/haberler\/gundem\/atikde-hazine-arazisindeki-kacak-yapi-yikildi\/"},"author":{"name":"admin","@id":"https:\/\/denizcankizil.tr\/de\/#\/schema\/person\/be3c05fe6a12686905512445d8185489"},"headline":"Atik\u2019de Hazine Arazisindeki Ka\u00e7ak Yap\u0131 Y\u0131k\u0131ld\u0131","datePublished":"2025-05-08T10:42:58+00:00","mainEntityOfPage":{"@id":"http:\/\/denizcankizil.tr\/en\/haberler\/gundem\/atikde-hazine-arazisindeki-kacak-yapi-yikildi\/"},"wordCount":174,"publisher":{"@id":"https:\/\/denizcankizil.tr\/de\/#organization"},"articleSection":["G\u00fcndem"],"inLanguage":"en-GB"},{"@type":"WebPage","@id":"http:\/\/denizcankizil.tr\/en\/haberler\/gundem\/atikde-hazine-arazisindeki-kacak-yapi-yikildi\/","url":"http:\/\/denizcankizil.tr\/en\/haberler\/gundem\/atikde-hazine-arazisindeki-kacak-yapi-yikildi\/","name":"Atik\u2019de Hazine Arazisindeki Ka\u00e7ak Yap\u0131 Y\u0131k\u0131ld\u0131 - Av. Deniz Can K\u0131z\u0131l","isPartOf":{"@id":"https:\/\/denizcankizil.tr\/de\/#website"},"datePublished":"2025-05-08T10:42:58+00:00","breadcrumb":{"@id":"http:\/\/denizcankizil.tr\/en\/haberler\/gundem\/atikde-hazine-arazisindeki-kacak-yapi-yikildi\/#breadcrumb"},"inLanguage":"en-GB","potentialAction":[{"@type":"ReadAction","target":["http:\/\/denizcankizil.tr\/en\/haberler\/gundem\/atikde-hazine-arazisindeki-kacak-yapi-yikildi\/"]}]},{"@type":"BreadcrumbList","@id":"http:\/\/denizcankizil.tr\/en\/haberler\/gundem\/atikde-hazine-arazisindeki-kacak-yapi-yikildi\/#breadcrumb","itemListElement":[{"@type":"ListItem","position":1,"name":"Home","item":"https:\/\/denizcankizil.tr\/de\/"},{"@type":"ListItem","position":2,"name":"Atik\u2019de Hazine Arazisindeki Ka\u00e7ak Yap\u0131 Y\u0131k\u0131ld\u0131"}]},{"@type":"WebSite","@id":"https:\/\/denizcankizil.tr\/de\/#website","url":"https:\/\/denizcankizil.tr\/de\/","name":"Av. Deniz Can K\u0131z\u0131l","description":"Avukat Deniz Can K\u0131z\u0131l Antalya Barosu","publisher":{"@id":"https:\/\/denizcankizil.tr\/de\/#organization"},"potentialAction":[{"@type":"SearchAction","target":{"@type":"EntryPoint","urlTemplate":"https:\/\/denizcankizil.tr\/de\/?s={search_term_string}"},"query-input":{"@type":"PropertyValueSpecification","valueRequired":true,"valueName":"search_term_string"}}],"inLanguage":"en-GB"},{"@type":"Organization","@id":"https:\/\/denizcankizil.tr\/de\/#organization","name":"Av. Deniz Can K\u0131z\u0131l","url":"https:\/\/denizcankizil.tr\/de\/","logo":{"@type":"ImageObject","inLanguage":"en-GB","@id":"https:\/\/denizcankizil.tr\/de\/#\/schema\/logo\/image\/","url":"http:\/\/denizcankizil.tr\/wp-content\/uploads\/2024\/10\/siyah-logo-svg.svg","contentUrl":"http:\/\/denizcankizil.tr\/wp-content\/uploads\/2024\/10\/siyah-logo-svg.svg","width":1080,"height":1080,"caption":"Av. Deniz Can K\u0131z\u0131l"},"image":{"@id":"https:\/\/denizcankizil.tr\/de\/#\/schema\/logo\/image\/"}},{"@type":"Person","@id":"https:\/\/denizcankizil.tr\/de\/#\/schema\/person\/be3c05fe6a12686905512445d8185489","name":"admin","image":{"@type":"ImageObject","inLanguage":"en-GB","@id":"https:\/\/denizcankizil.tr\/de\/#\/schema\/person\/image\/","url":"https:\/\/secure.gravatar.com\/avatar\/c1fce94c830dc79107e174f890d7210541c4a63e8e5d816341794a2151c9d58c?s=96&d=mm&r=g","contentUrl":"https:\/\/secure.gravatar.com\/avatar\/c1fce94c830dc79107e174f890d7210541c4a63e8e5d816341794a2151c9d58c?s=96&d=mm&r=g","caption":"admin"},"sameAs":["http:\/\/denizcankizil.tr"],"url":"https:\/\/www.iskenderun.org\/atikde-hazine-arazisindeki-kacak-yapi-yikildi"}]}},"_links":{"self":[{"href":"http:\/\/denizcankizil.tr\/en\/wp-json\/wp\/v2\/posts\/80012","targetHints":{"allow":["GET"]}}],"collection":[{"href":"http:\/\/denizcankizil.tr\/en\/wp-json\/wp\/v2\/posts"}],"about":[{"href":"http:\/\/denizcankizil.tr\/en\/wp-json\/wp\/v2\/types\/post"}],"author":[{"embeddable":true,"href":"http:\/\/denizcankizil.tr\/en\/wp-json\/wp\/v2\/users\/1"}],"replies":[{"embeddable":true,"href":"http:\/\/denizcankizil.tr\/en\/wp-json\/wp\/v2\/comments?post=80012"}],"version-history":[{"count":0,"href":"http:\/\/denizcankizil.tr\/en\/wp-json\/wp\/v2\/posts\/80012\/revisions"}],"wp:attachment":[{"href":"http:\/\/denizcankizil.tr\/en\/wp-json\/wp\/v2\/media?parent=80012"}],"wp:term":[{"taxonomy":"category","embeddable":true,"href":"http:\/\/denizcankizil.tr\/en\/wp-json\/wp\/v2\/categories?post=80012"},{"taxonomy":"post_tag","embeddable":true,"href":"http:\/\/denizcankizil.tr\/en\/wp-json\/wp\/v2\/tags?post=80012"}],"curies":[{"name":"wp","href":"https:\/\/api.w.org\/{rel}","templated":true}]}}