{"id":79120,"date":"2025-05-07T17:42:37","date_gmt":"2025-05-07T14:42:37","guid":{"rendered":"https:\/\/denizcankizil.tr\/uncategorized-tr\/emekliden-enflasyon-ve-gecim-sikintisina-tepkisi\/"},"modified":"2025-05-07T17:42:37","modified_gmt":"2025-05-07T14:42:37","slug":"emekliden-enflasyon-ve-gecim-sikintisina-tepkisi","status":"publish","type":"post","link":"http:\/\/denizcankizil.tr\/en\/haberler\/gundem\/emekliden-enflasyon-ve-gecim-sikintisina-tepkisi\/","title":{"rendered":"Emekliden enflasyon ve Ge\u00e7im S\u0131k\u0131nt\u0131s\u0131na Tepkisi"},"content":{"rendered":"<p>Ulucami Caddesi \u00fczerinde bulunan G\u00fcvercinli Parkta \u00fcyeleriyle birlikte T\u00dc\u0130K T\u00fcrkiye \u0130statistik Kurumu\u2019nun 5 May\u0131s 2025\u2019te a\u00e7\u0131klad\u0131\u011f\u0131 enflasyon verilerine ili\u015fkin sert a\u00e7\u0131klamalarda bulundu. Ba\u015fkan Mustafa \u00c7ankaya, a\u00e7\u0131klanan T\u00dcFE oranlar\u0131n\u0131n emeklilerin ya\u015fad\u0131\u011f\u0131 ger\u00e7ek ekonomik s\u0131k\u0131nt\u0131y\u0131 yans\u0131tmad\u0131\u011f\u0131n\u0131 belirterek, &#8220;Sahte T\u00dc\u0130K verilerine g\u00f6re de\u011fil, insanca ya\u015famaya yetecek maa\u015f istiyoruz&#8221; dedi.<\/p>\n<p>T\u00dc\u0130K VER\u0130LER\u0130 VE EMEKL\u0130 GER\u00c7E\u011e\u0130<\/p>\n<p>Ba\u015fkan \u00c7ankaya a\u00e7\u0131klanan verilere de\u011finerek \u015funlar\u0131 payla\u015ft\u0131: \u201cT\u00dc\u0130K\u2019e g\u00f6re Nisan 2025 itibar\u0131yla: Ayl\u0131k T\u00dcFE art\u0131\u015f\u0131: %3,00. 2024 Aral\u0131k\u2019tan bu yana k\u00fcm\u00fclatif art\u0131\u015f: %13,36. Y\u0131ll\u0131k art\u0131\u015f (Nisan 2024\u2019e g\u00f6re): %37,86. On iki ayl\u0131k ortalama art\u0131\u015f: %48,73. Bu verilere g\u00f6re emeklilerin ikinci alt\u0131 ayl\u0131k zam oran\u0131na esas olacak enflasyonun ilk d\u00f6rt ay\u0131 %13,36 oldu.\u201d<\/p>\n<p>\u00c7ankaya, May\u0131s ve Haziran aylar\u0131n\u0131n verileriyle birlikte bu oran\u0131n daha da y\u00fckselece\u011fini ifade ederek ancak a\u00e7\u0131klanan resmi verilerin &#8220;minicik art\u0131\u015flar&#8221; oldu\u011funu savundu, bu oran\u0131n ya\u015fam ko\u015fullar\u0131yla ba\u011fda\u015fmad\u0131\u011f\u0131n\u0131 dile getirdi.<\/p>\n<p>\u00a0<\/p>\n<p>&#8220;TEMMUZ BEKLENMEDEN EK ZAM \u015eART&#8221;<\/p>\n<p>En d\u00fc\u015f\u00fck emekli maa\u015f\u0131n\u0131n, en d\u00fc\u015f\u00fck memur maa\u015f\u0131na e\u015fitlenmesi gerekti\u011fini vurgulayan \u00c7ankaya, &#8220;T\u00fcm emekli, dul ve yetim ayl\u0131klar\u0131na Temmuz\u2019u beklemeden ek zam yap\u0131lmal\u0131d\u0131r&#8221; \u00e7a\u011fr\u0131s\u0131nda bulundu.<\/p>\n<p>\u00a0<\/p>\n<p>BARINMA KR\u0130Z\u0130 DER\u0130NLE\u015e\u0130YOR: <\/p>\n<p>&#8220;K\u0130RA ARTI\u015eLARI KOCAMAN!&#8221;<\/p>\n<p>T\u00dc\u0130K\u2019in on iki ayl\u0131k ortalamalara g\u00f6re kira art\u0131\u015f oran\u0131n\u0131n %48,73 oldu\u011funu hat\u0131rlatan \u00c7ankaya, bu art\u0131\u015f\u0131n bar\u0131nma hakk\u0131n\u0131 tehdit eder boyuta ula\u015ft\u0131\u011f\u0131n\u0131 belirtti. \u00d6rneklerle kira art\u0131\u015flar\u0131n\u0131 a\u00e7\u0131klayan \u00c7ankaya, \u201c10 bin liral\u0131k kira 14.873 TL\u2019ye, 15 bin liral\u0131k kira ise 22.310 TL\u2019ye y\u00fckseldi. En sa\u011fl\u0131ks\u0131z konutlarda bile maa\u015flar kiraya yetmiyor\u201d dedi.<\/p>\n<p>\u00a0<\/p>\n<p>\u201cASGAR\u0130 ALTI YA\u015eAM OLMAZ\u201d<\/p>\n<p>H\u00fck\u00fcmeti Anayasa\u2019n\u0131n bar\u0131nma hakk\u0131na ili\u015fkin h\u00fck\u00fcmlerine uymaya \u00e7a\u011f\u0131ran \u00c7ankaya, her yurtta\u015f\u0131n sa\u011fl\u0131kl\u0131 bar\u0131nma hakk\u0131n\u0131 sa\u011flayacak \u00f6nlemlerin acilen al\u0131nmas\u0131 gerekti\u011fine i\u015faret ederek \u201cEkonomik politikalar\u0131n \u00e7al\u0131\u015fanlar\u0131 ve emeklileri a\u00e7l\u0131k s\u0131n\u0131r\u0131n\u0131n alt\u0131na itilmi\u015f durumda. \u00a0Asgari \u00fccret hem ortalama \u00fccret haline geldi, hem de ger\u00e7ek ya\u015fam ko\u015fullar\u0131n\u0131 kar\u015f\u0131lamamaktad\u0131r. Emekli maa\u015flar\u0131n\u0131n b\u00fcy\u00fck k\u0131sm\u0131 asgari \u00fccretin bile alt\u0131nda kald\u0131. \u0130ktidar \u00e7al\u0131\u015fan\u0131 da emekliyi de yoksullukta e\u015fitledi. Emeklilerin maa\u015flar\u0131n\u0131 belirleyen Ayl\u0131k Ba\u011flama Oran\u0131 (ABO) %35\u2019lere kadar d\u00fc\u015f\u00fcr\u00fcld\u00fc ve milli gelir art\u0131\u015flar\u0131 emekli maa\u015flar\u0131na art\u0131k yans\u0131t\u0131lmamaktad\u0131r. Huzur i\u00e7inde ge\u00e7irmemiz gereken emeklilik y\u0131llar\u0131m\u0131z, dizlerimizin derman\u0131 kalmam\u0131\u015fken, kuyruklarda ge\u00e7iyor&#8221; diye konu\u015ftu.<\/p>\n<p>\u200bHatay\u2019\u0131n \u0130skenderun \u0130l\u00e7esinde \u00fcyeleriyle bir araya gelerek enflasyon ve ge\u00e7im s\u0131k\u0131nt\u0131s\u0131na tepki g\u00f6steren T\u00fcm Emekli Sen \u015eube Ba\u015fkan\u0131 Mustafa \u00c7ankaya, bug\u00fcn \u00fclkede T\u00dc\u0130K\u2019in rakamsal enflasyon verilerinin yalan, yoksullu\u011fun ger\u00e7ek oldu\u011funu s\u00f6yledi.\u00a0<\/p>\n<p>\u200bHaberin Al\u0131nt\u0131land\u0131\u011f\u0131 Kaynak: www.iskenderun.org<\/p>","protected":false},"excerpt":{"rendered":"<p>Ulucami Caddesi \u00fczerinde bulunan G\u00fcvercinli Parkta \u00fcyeleriyle birlikte T\u00dc\u0130K T\u00fcrkiye \u0130statistik Kurumu\u2019nun 5 May\u0131s 2025\u2019te a\u00e7\u0131klad\u0131\u011f\u0131 enflasyon verilerine ili\u015fkin sert a\u00e7\u0131klamalarda bulundu. Ba\u015fkan Mustafa \u00c7ankaya, a\u00e7\u0131klanan T\u00dcFE oranlar\u0131n\u0131n emeklilerin ya\u015fad\u0131\u011f\u0131 ger\u00e7ek ekonomik s\u0131k\u0131nt\u0131y\u0131 yans\u0131tmad\u0131\u011f\u0131n\u0131 belirterek, &#8220;Sahte T\u00dc\u0130K verilerine g\u00f6re de\u011fil, insanca ya\u015famaya yetecek maa\u015f istiyoruz&#8221; dedi. T\u00dc\u0130K VER\u0130LER\u0130 VE EMEKL\u0130 GER\u00c7E\u011e\u0130 Ba\u015fkan \u00c7ankaya a\u00e7\u0131klanan verilere de\u011finerek \u015funlar\u0131 payla\u015ft\u0131: \u201cT\u00dc\u0130K\u2019e g\u00f6re Nisan 2025 itibar\u0131yla: Ayl\u0131k T\u00dcFE art\u0131\u015f\u0131: %3,00. 2024 Aral\u0131k\u2019tan bu yana k\u00fcm\u00fclatif art\u0131\u015f: %13,36. Y\u0131ll\u0131k art\u0131\u015f (Nisan 2024\u2019e g\u00f6re): %37,86. On iki ayl\u0131k ortalama art\u0131\u015f: %48,73. Bu verilere g\u00f6re emeklilerin ikinci alt\u0131 ayl\u0131k zam oran\u0131na esas olacak enflasyonun ilk d\u00f6rt ay\u0131 %13,36 oldu.\u201d \u00c7ankaya, May\u0131s ve Haziran aylar\u0131n\u0131n verileriyle birlikte bu oran\u0131n daha da y\u00fckselece\u011fini ifade ederek ancak a\u00e7\u0131klanan resmi verilerin &#8220;minicik art\u0131\u015flar&#8221; oldu\u011funu savundu, bu oran\u0131n ya\u015fam ko\u015fullar\u0131yla ba\u011fda\u015fmad\u0131\u011f\u0131n\u0131 dile getirdi. \u00a0 &#8220;TEMMUZ BEKLENMEDEN EK ZAM \u015eART&#8221; En d\u00fc\u015f\u00fck emekli maa\u015f\u0131n\u0131n, en d\u00fc\u015f\u00fck memur maa\u015f\u0131na e\u015fitlenmesi gerekti\u011fini vurgulayan \u00c7ankaya, &#8220;T\u00fcm emekli, dul ve yetim ayl\u0131klar\u0131na Temmuz\u2019u beklemeden ek zam yap\u0131lmal\u0131d\u0131r&#8221; \u00e7a\u011fr\u0131s\u0131nda bulundu. \u00a0 BARINMA KR\u0130Z\u0130 DER\u0130NLE\u015e\u0130YOR: &#8220;K\u0130RA ARTI\u015eLARI KOCAMAN!&#8221; T\u00dc\u0130K\u2019in on iki ayl\u0131k ortalamalara g\u00f6re kira art\u0131\u015f oran\u0131n\u0131n %48,73 oldu\u011funu hat\u0131rlatan \u00c7ankaya, bu art\u0131\u015f\u0131n bar\u0131nma hakk\u0131n\u0131 tehdit eder boyuta ula\u015ft\u0131\u011f\u0131n\u0131 belirtti. \u00d6rneklerle kira art\u0131\u015flar\u0131n\u0131 a\u00e7\u0131klayan \u00c7ankaya, \u201c10 bin liral\u0131k &hellip;<\/p>","protected":false},"author":1,"featured_media":0,"comment_status":"","ping_status":"open","sticky":false,"template":"","format":"standard","meta":{"_acf_changed":false,"footnotes":""},"categories":[24],"tags":[],"class_list":["post-79120","post","type-post","status-publish","format-standard","has-post-thumbnail","hentry","category-gundem"],"acf":[],"yoast_head":"<!-- This site is optimized with the Yoast SEO Premium plugin v26.6 (Yoast SEO v27.1.1) - https:\/\/yoast.com\/product\/yoast-seo-premium-wordpress\/ -->\n<title>Emekliden enflasyon ve Ge\u00e7im S\u0131k\u0131nt\u0131s\u0131na Tepkisi - Av. Deniz Can K\u0131z\u0131l<\/title>\n<meta name=\"robots\" content=\"index, follow, max-snippet:-1, max-image-preview:large, max-video-preview:-1\" \/>\n<link rel=\"canonical\" href=\"http:\/\/denizcankizil.tr\/en\/haberler\/gundem\/emekliden-enflasyon-ve-gecim-sikintisina-tepkisi\/\" \/>\n<meta property=\"og:locale\" content=\"en_GB\" \/>\n<meta property=\"og:type\" content=\"article\" \/>\n<meta property=\"og:title\" content=\"Emekliden enflasyon ve Ge\u00e7im S\u0131k\u0131nt\u0131s\u0131na Tepkisi\" \/>\n<meta property=\"og:description\" content=\"Ulucami Caddesi \u00fczerinde bulunan G\u00fcvercinli Parkta \u00fcyeleriyle birlikte T\u00dc\u0130K T\u00fcrkiye \u0130statistik Kurumu\u2019nun 5 May\u0131s 2025\u2019te a\u00e7\u0131klad\u0131\u011f\u0131 enflasyon verilerine ili\u015fkin sert a\u00e7\u0131klamalarda bulundu. Ba\u015fkan Mustafa \u00c7ankaya, a\u00e7\u0131klanan T\u00dcFE oranlar\u0131n\u0131n emeklilerin ya\u015fad\u0131\u011f\u0131 ger\u00e7ek ekonomik s\u0131k\u0131nt\u0131y\u0131 yans\u0131tmad\u0131\u011f\u0131n\u0131 belirterek, &#8220;Sahte T\u00dc\u0130K verilerine g\u00f6re de\u011fil, insanca ya\u015famaya yetecek maa\u015f istiyoruz&#8221; dedi. T\u00dc\u0130K VER\u0130LER\u0130 VE EMEKL\u0130 GER\u00c7E\u011e\u0130 Ba\u015fkan \u00c7ankaya a\u00e7\u0131klanan verilere de\u011finerek \u015funlar\u0131 payla\u015ft\u0131: \u201cT\u00dc\u0130K\u2019e g\u00f6re Nisan 2025 itibar\u0131yla: Ayl\u0131k T\u00dcFE art\u0131\u015f\u0131: %3,00. 2024 Aral\u0131k\u2019tan bu yana k\u00fcm\u00fclatif art\u0131\u015f: %13,36. Y\u0131ll\u0131k art\u0131\u015f (Nisan 2024\u2019e g\u00f6re): %37,86. On iki ayl\u0131k ortalama art\u0131\u015f: %48,73. Bu verilere g\u00f6re emeklilerin ikinci alt\u0131 ayl\u0131k zam oran\u0131na esas olacak enflasyonun ilk d\u00f6rt ay\u0131 %13,36 oldu.\u201d \u00c7ankaya, May\u0131s ve Haziran aylar\u0131n\u0131n verileriyle birlikte bu oran\u0131n daha da y\u00fckselece\u011fini ifade ederek ancak a\u00e7\u0131klanan resmi verilerin &#8220;minicik art\u0131\u015flar&#8221; oldu\u011funu savundu, bu oran\u0131n ya\u015fam ko\u015fullar\u0131yla ba\u011fda\u015fmad\u0131\u011f\u0131n\u0131 dile getirdi. \u00a0 &#8220;TEMMUZ BEKLENMEDEN EK ZAM \u015eART&#8221; En d\u00fc\u015f\u00fck emekli maa\u015f\u0131n\u0131n, en d\u00fc\u015f\u00fck memur maa\u015f\u0131na e\u015fitlenmesi gerekti\u011fini vurgulayan \u00c7ankaya, &#8220;T\u00fcm emekli, dul ve yetim ayl\u0131klar\u0131na Temmuz\u2019u beklemeden ek zam yap\u0131lmal\u0131d\u0131r&#8221; \u00e7a\u011fr\u0131s\u0131nda bulundu. \u00a0 BARINMA KR\u0130Z\u0130 DER\u0130NLE\u015e\u0130YOR: &#8220;K\u0130RA ARTI\u015eLARI KOCAMAN!&#8221; T\u00dc\u0130K\u2019in on iki ayl\u0131k ortalamalara g\u00f6re kira art\u0131\u015f oran\u0131n\u0131n %48,73 oldu\u011funu hat\u0131rlatan \u00c7ankaya, bu art\u0131\u015f\u0131n bar\u0131nma hakk\u0131n\u0131 tehdit eder boyuta ula\u015ft\u0131\u011f\u0131n\u0131 belirtti. \u00d6rneklerle kira art\u0131\u015flar\u0131n\u0131 a\u00e7\u0131klayan \u00c7ankaya, \u201c10 bin liral\u0131k &hellip;\" \/>\n<meta property=\"og:url\" content=\"http:\/\/denizcankizil.tr\/en\/haberler\/gundem\/emekliden-enflasyon-ve-gecim-sikintisina-tepkisi\/\" \/>\n<meta property=\"og:site_name\" content=\"Av. Deniz Can K\u0131z\u0131l\" \/>\n<meta property=\"article:published_time\" content=\"2025-05-07T14:42:37+00:00\" \/>\n<meta name=\"author\" content=\"admin\" \/>\n<meta name=\"twitter:card\" content=\"summary_large_image\" \/>\n<meta name=\"twitter:label1\" content=\"Written by\" \/>\n\t<meta name=\"twitter:data1\" content=\"admin\" \/>\n\t<meta name=\"twitter:label2\" content=\"Estimated reading time\" \/>\n\t<meta name=\"twitter:data2\" content=\"3 minutes\" \/>\n<script type=\"application\/ld+json\" class=\"yoast-schema-graph\">{\"@context\":\"https:\/\/schema.org\",\"@graph\":[{\"@type\":\"Article\",\"@id\":\"http:\/\/denizcankizil.tr\/en\/haberler\/gundem\/emekliden-enflasyon-ve-gecim-sikintisina-tepkisi\/#article\",\"isPartOf\":{\"@id\":\"http:\/\/denizcankizil.tr\/en\/haberler\/gundem\/emekliden-enflasyon-ve-gecim-sikintisina-tepkisi\/\"},\"author\":{\"name\":\"admin\",\"@id\":\"https:\/\/denizcankizil.tr\/de\/#\/schema\/person\/be3c05fe6a12686905512445d8185489\"},\"headline\":\"Emekliden enflasyon ve Ge\u00e7im S\u0131k\u0131nt\u0131s\u0131na Tepkisi\",\"datePublished\":\"2025-05-07T14:42:37+00:00\",\"mainEntityOfPage\":{\"@id\":\"http:\/\/denizcankizil.tr\/en\/haberler\/gundem\/emekliden-enflasyon-ve-gecim-sikintisina-tepkisi\/\"},\"wordCount\":543,\"publisher\":{\"@id\":\"https:\/\/denizcankizil.tr\/de\/#organization\"},\"articleSection\":[\"G\u00fcndem\"],\"inLanguage\":\"en-GB\"},{\"@type\":\"WebPage\",\"@id\":\"http:\/\/denizcankizil.tr\/en\/haberler\/gundem\/emekliden-enflasyon-ve-gecim-sikintisina-tepkisi\/\",\"url\":\"http:\/\/denizcankizil.tr\/en\/haberler\/gundem\/emekliden-enflasyon-ve-gecim-sikintisina-tepkisi\/\",\"name\":\"Emekliden enflasyon ve Ge\u00e7im S\u0131k\u0131nt\u0131s\u0131na Tepkisi - Av. Deniz Can K\u0131z\u0131l\",\"isPartOf\":{\"@id\":\"https:\/\/denizcankizil.tr\/de\/#website\"},\"datePublished\":\"2025-05-07T14:42:37+00:00\",\"breadcrumb\":{\"@id\":\"http:\/\/denizcankizil.tr\/en\/haberler\/gundem\/emekliden-enflasyon-ve-gecim-sikintisina-tepkisi\/#breadcrumb\"},\"inLanguage\":\"en-GB\",\"potentialAction\":[{\"@type\":\"ReadAction\",\"target\":[\"http:\/\/denizcankizil.tr\/en\/haberler\/gundem\/emekliden-enflasyon-ve-gecim-sikintisina-tepkisi\/\"]}]},{\"@type\":\"BreadcrumbList\",\"@id\":\"http:\/\/denizcankizil.tr\/en\/haberler\/gundem\/emekliden-enflasyon-ve-gecim-sikintisina-tepkisi\/#breadcrumb\",\"itemListElement\":[{\"@type\":\"ListItem\",\"position\":1,\"name\":\"Home\",\"item\":\"https:\/\/denizcankizil.tr\/de\/\"},{\"@type\":\"ListItem\",\"position\":2,\"name\":\"Emekliden enflasyon ve Ge\u00e7im S\u0131k\u0131nt\u0131s\u0131na Tepkisi\"}]},{\"@type\":\"WebSite\",\"@id\":\"https:\/\/denizcankizil.tr\/de\/#website\",\"url\":\"https:\/\/denizcankizil.tr\/de\/\",\"name\":\"Av. Deniz Can K\u0131z\u0131l\",\"description\":\"Avukat Deniz Can K\u0131z\u0131l Antalya Barosu\",\"publisher\":{\"@id\":\"https:\/\/denizcankizil.tr\/de\/#organization\"},\"potentialAction\":[{\"@type\":\"SearchAction\",\"target\":{\"@type\":\"EntryPoint\",\"urlTemplate\":\"https:\/\/denizcankizil.tr\/de\/?s={search_term_string}\"},\"query-input\":{\"@type\":\"PropertyValueSpecification\",\"valueRequired\":true,\"valueName\":\"search_term_string\"}}],\"inLanguage\":\"en-GB\"},{\"@type\":\"Organization\",\"@id\":\"https:\/\/denizcankizil.tr\/de\/#organization\",\"name\":\"Av. Deniz Can K\u0131z\u0131l\",\"url\":\"https:\/\/denizcankizil.tr\/de\/\",\"logo\":{\"@type\":\"ImageObject\",\"inLanguage\":\"en-GB\",\"@id\":\"https:\/\/denizcankizil.tr\/de\/#\/schema\/logo\/image\/\",\"url\":\"http:\/\/denizcankizil.tr\/wp-content\/uploads\/2024\/10\/siyah-logo-svg.svg\",\"contentUrl\":\"http:\/\/denizcankizil.tr\/wp-content\/uploads\/2024\/10\/siyah-logo-svg.svg\",\"width\":1080,\"height\":1080,\"caption\":\"Av. Deniz Can K\u0131z\u0131l\"},\"image\":{\"@id\":\"https:\/\/denizcankizil.tr\/de\/#\/schema\/logo\/image\/\"}},{\"@type\":\"Person\",\"@id\":\"https:\/\/denizcankizil.tr\/de\/#\/schema\/person\/be3c05fe6a12686905512445d8185489\",\"name\":\"admin\",\"image\":{\"@type\":\"ImageObject\",\"inLanguage\":\"en-GB\",\"@id\":\"https:\/\/denizcankizil.tr\/de\/#\/schema\/person\/image\/\",\"url\":\"https:\/\/secure.gravatar.com\/avatar\/c1fce94c830dc79107e174f890d7210541c4a63e8e5d816341794a2151c9d58c?s=96&d=mm&r=g\",\"contentUrl\":\"https:\/\/secure.gravatar.com\/avatar\/c1fce94c830dc79107e174f890d7210541c4a63e8e5d816341794a2151c9d58c?s=96&d=mm&r=g\",\"caption\":\"admin\"},\"sameAs\":[\"http:\/\/denizcankizil.tr\"],\"url\":\"https:\/\/www.iskenderun.org\/emekliden-enflasyon-ve-gecim-sikintisina-tepkisi\"}]}<\/script>\n<!-- \/ Yoast SEO Premium plugin. -->","yoast_head_json":{"title":"Emekliden enflasyon ve Ge\u00e7im S\u0131k\u0131nt\u0131s\u0131na Tepkisi - Av. Deniz Can K\u0131z\u0131l","robots":{"index":"index","follow":"follow","max-snippet":"max-snippet:-1","max-image-preview":"max-image-preview:large","max-video-preview":"max-video-preview:-1"},"canonical":"http:\/\/denizcankizil.tr\/en\/haberler\/gundem\/emekliden-enflasyon-ve-gecim-sikintisina-tepkisi\/","og_locale":"en_GB","og_type":"article","og_title":"Emekliden enflasyon ve Ge\u00e7im S\u0131k\u0131nt\u0131s\u0131na Tepkisi","og_description":"Ulucami Caddesi \u00fczerinde bulunan G\u00fcvercinli Parkta \u00fcyeleriyle birlikte T\u00dc\u0130K T\u00fcrkiye \u0130statistik Kurumu\u2019nun 5 May\u0131s 2025\u2019te a\u00e7\u0131klad\u0131\u011f\u0131 enflasyon verilerine ili\u015fkin sert a\u00e7\u0131klamalarda bulundu. Ba\u015fkan Mustafa \u00c7ankaya, a\u00e7\u0131klanan T\u00dcFE oranlar\u0131n\u0131n emeklilerin ya\u015fad\u0131\u011f\u0131 ger\u00e7ek ekonomik s\u0131k\u0131nt\u0131y\u0131 yans\u0131tmad\u0131\u011f\u0131n\u0131 belirterek, &#8220;Sahte T\u00dc\u0130K verilerine g\u00f6re de\u011fil, insanca ya\u015famaya yetecek maa\u015f istiyoruz&#8221; dedi. T\u00dc\u0130K VER\u0130LER\u0130 VE EMEKL\u0130 GER\u00c7E\u011e\u0130 Ba\u015fkan \u00c7ankaya a\u00e7\u0131klanan verilere de\u011finerek \u015funlar\u0131 payla\u015ft\u0131: \u201cT\u00dc\u0130K\u2019e g\u00f6re Nisan 2025 itibar\u0131yla: Ayl\u0131k T\u00dcFE art\u0131\u015f\u0131: %3,00. 2024 Aral\u0131k\u2019tan bu yana k\u00fcm\u00fclatif art\u0131\u015f: %13,36. Y\u0131ll\u0131k art\u0131\u015f (Nisan 2024\u2019e g\u00f6re): %37,86. On iki ayl\u0131k ortalama art\u0131\u015f: %48,73. Bu verilere g\u00f6re emeklilerin ikinci alt\u0131 ayl\u0131k zam oran\u0131na esas olacak enflasyonun ilk d\u00f6rt ay\u0131 %13,36 oldu.\u201d \u00c7ankaya, May\u0131s ve Haziran aylar\u0131n\u0131n verileriyle birlikte bu oran\u0131n daha da y\u00fckselece\u011fini ifade ederek ancak a\u00e7\u0131klanan resmi verilerin &#8220;minicik art\u0131\u015flar&#8221; oldu\u011funu savundu, bu oran\u0131n ya\u015fam ko\u015fullar\u0131yla ba\u011fda\u015fmad\u0131\u011f\u0131n\u0131 dile getirdi. \u00a0 &#8220;TEMMUZ BEKLENMEDEN EK ZAM \u015eART&#8221; En d\u00fc\u015f\u00fck emekli maa\u015f\u0131n\u0131n, en d\u00fc\u015f\u00fck memur maa\u015f\u0131na e\u015fitlenmesi gerekti\u011fini vurgulayan \u00c7ankaya, &#8220;T\u00fcm emekli, dul ve yetim ayl\u0131klar\u0131na Temmuz\u2019u beklemeden ek zam yap\u0131lmal\u0131d\u0131r&#8221; \u00e7a\u011fr\u0131s\u0131nda bulundu. \u00a0 BARINMA KR\u0130Z\u0130 DER\u0130NLE\u015e\u0130YOR: &#8220;K\u0130RA ARTI\u015eLARI KOCAMAN!&#8221; T\u00dc\u0130K\u2019in on iki ayl\u0131k ortalamalara g\u00f6re kira art\u0131\u015f oran\u0131n\u0131n %48,73 oldu\u011funu hat\u0131rlatan \u00c7ankaya, bu art\u0131\u015f\u0131n bar\u0131nma hakk\u0131n\u0131 tehdit eder boyuta ula\u015ft\u0131\u011f\u0131n\u0131 belirtti. \u00d6rneklerle kira art\u0131\u015flar\u0131n\u0131 a\u00e7\u0131klayan \u00c7ankaya, \u201c10 bin liral\u0131k &hellip;","og_url":"http:\/\/denizcankizil.tr\/en\/haberler\/gundem\/emekliden-enflasyon-ve-gecim-sikintisina-tepkisi\/","og_site_name":"Av. Deniz Can K\u0131z\u0131l","article_published_time":"2025-05-07T14:42:37+00:00","author":"admin","twitter_card":"summary_large_image","twitter_misc":{"Written by":"admin","Estimated reading time":"3 minutes"},"schema":{"@context":"https:\/\/schema.org","@graph":[{"@type":"Article","@id":"http:\/\/denizcankizil.tr\/en\/haberler\/gundem\/emekliden-enflasyon-ve-gecim-sikintisina-tepkisi\/#article","isPartOf":{"@id":"http:\/\/denizcankizil.tr\/en\/haberler\/gundem\/emekliden-enflasyon-ve-gecim-sikintisina-tepkisi\/"},"author":{"name":"admin","@id":"https:\/\/denizcankizil.tr\/de\/#\/schema\/person\/be3c05fe6a12686905512445d8185489"},"headline":"Emekliden enflasyon ve Ge\u00e7im S\u0131k\u0131nt\u0131s\u0131na Tepkisi","datePublished":"2025-05-07T14:42:37+00:00","mainEntityOfPage":{"@id":"http:\/\/denizcankizil.tr\/en\/haberler\/gundem\/emekliden-enflasyon-ve-gecim-sikintisina-tepkisi\/"},"wordCount":543,"publisher":{"@id":"https:\/\/denizcankizil.tr\/de\/#organization"},"articleSection":["G\u00fcndem"],"inLanguage":"en-GB"},{"@type":"WebPage","@id":"http:\/\/denizcankizil.tr\/en\/haberler\/gundem\/emekliden-enflasyon-ve-gecim-sikintisina-tepkisi\/","url":"http:\/\/denizcankizil.tr\/en\/haberler\/gundem\/emekliden-enflasyon-ve-gecim-sikintisina-tepkisi\/","name":"Emekliden enflasyon ve Ge\u00e7im S\u0131k\u0131nt\u0131s\u0131na Tepkisi - Av. Deniz Can K\u0131z\u0131l","isPartOf":{"@id":"https:\/\/denizcankizil.tr\/de\/#website"},"datePublished":"2025-05-07T14:42:37+00:00","breadcrumb":{"@id":"http:\/\/denizcankizil.tr\/en\/haberler\/gundem\/emekliden-enflasyon-ve-gecim-sikintisina-tepkisi\/#breadcrumb"},"inLanguage":"en-GB","potentialAction":[{"@type":"ReadAction","target":["http:\/\/denizcankizil.tr\/en\/haberler\/gundem\/emekliden-enflasyon-ve-gecim-sikintisina-tepkisi\/"]}]},{"@type":"BreadcrumbList","@id":"http:\/\/denizcankizil.tr\/en\/haberler\/gundem\/emekliden-enflasyon-ve-gecim-sikintisina-tepkisi\/#breadcrumb","itemListElement":[{"@type":"ListItem","position":1,"name":"Home","item":"https:\/\/denizcankizil.tr\/de\/"},{"@type":"ListItem","position":2,"name":"Emekliden enflasyon ve Ge\u00e7im S\u0131k\u0131nt\u0131s\u0131na Tepkisi"}]},{"@type":"WebSite","@id":"https:\/\/denizcankizil.tr\/de\/#website","url":"https:\/\/denizcankizil.tr\/de\/","name":"Av. Deniz Can K\u0131z\u0131l","description":"Avukat Deniz Can K\u0131z\u0131l Antalya Barosu","publisher":{"@id":"https:\/\/denizcankizil.tr\/de\/#organization"},"potentialAction":[{"@type":"SearchAction","target":{"@type":"EntryPoint","urlTemplate":"https:\/\/denizcankizil.tr\/de\/?s={search_term_string}"},"query-input":{"@type":"PropertyValueSpecification","valueRequired":true,"valueName":"search_term_string"}}],"inLanguage":"en-GB"},{"@type":"Organization","@id":"https:\/\/denizcankizil.tr\/de\/#organization","name":"Av. Deniz Can K\u0131z\u0131l","url":"https:\/\/denizcankizil.tr\/de\/","logo":{"@type":"ImageObject","inLanguage":"en-GB","@id":"https:\/\/denizcankizil.tr\/de\/#\/schema\/logo\/image\/","url":"http:\/\/denizcankizil.tr\/wp-content\/uploads\/2024\/10\/siyah-logo-svg.svg","contentUrl":"http:\/\/denizcankizil.tr\/wp-content\/uploads\/2024\/10\/siyah-logo-svg.svg","width":1080,"height":1080,"caption":"Av. Deniz Can K\u0131z\u0131l"},"image":{"@id":"https:\/\/denizcankizil.tr\/de\/#\/schema\/logo\/image\/"}},{"@type":"Person","@id":"https:\/\/denizcankizil.tr\/de\/#\/schema\/person\/be3c05fe6a12686905512445d8185489","name":"admin","image":{"@type":"ImageObject","inLanguage":"en-GB","@id":"https:\/\/denizcankizil.tr\/de\/#\/schema\/person\/image\/","url":"https:\/\/secure.gravatar.com\/avatar\/c1fce94c830dc79107e174f890d7210541c4a63e8e5d816341794a2151c9d58c?s=96&d=mm&r=g","contentUrl":"https:\/\/secure.gravatar.com\/avatar\/c1fce94c830dc79107e174f890d7210541c4a63e8e5d816341794a2151c9d58c?s=96&d=mm&r=g","caption":"admin"},"sameAs":["http:\/\/denizcankizil.tr"],"url":"https:\/\/www.iskenderun.org\/emekliden-enflasyon-ve-gecim-sikintisina-tepkisi"}]}},"_links":{"self":[{"href":"http:\/\/denizcankizil.tr\/en\/wp-json\/wp\/v2\/posts\/79120","targetHints":{"allow":["GET"]}}],"collection":[{"href":"http:\/\/denizcankizil.tr\/en\/wp-json\/wp\/v2\/posts"}],"about":[{"href":"http:\/\/denizcankizil.tr\/en\/wp-json\/wp\/v2\/types\/post"}],"author":[{"embeddable":true,"href":"http:\/\/denizcankizil.tr\/en\/wp-json\/wp\/v2\/users\/1"}],"replies":[{"embeddable":true,"href":"http:\/\/denizcankizil.tr\/en\/wp-json\/wp\/v2\/comments?post=79120"}],"version-history":[{"count":0,"href":"http:\/\/denizcankizil.tr\/en\/wp-json\/wp\/v2\/posts\/79120\/revisions"}],"wp:attachment":[{"href":"http:\/\/denizcankizil.tr\/en\/wp-json\/wp\/v2\/media?parent=79120"}],"wp:term":[{"taxonomy":"category","embeddable":true,"href":"http:\/\/denizcankizil.tr\/en\/wp-json\/wp\/v2\/categories?post=79120"},{"taxonomy":"post_tag","embeddable":true,"href":"http:\/\/denizcankizil.tr\/en\/wp-json\/wp\/v2\/tags?post=79120"}],"curies":[{"name":"wp","href":"https:\/\/api.w.org\/{rel}","templated":true}]}}