{"id":79113,"date":"2025-05-07T17:42:27","date_gmt":"2025-05-07T14:42:27","guid":{"rendered":"https:\/\/denizcankizil.tr\/uncategorized-tr\/reflektor-tak-gorunur-ol-projesi-ile-ciftcilere-10-bin-adet-reflektor-dagitilacak\/"},"modified":"2025-05-07T17:42:27","modified_gmt":"2025-05-07T14:42:27","slug":"reflektor-tak-gorunur-ol-projesi-ile-ciftcilere-10-bin-adet-reflektor-dagitilacak","status":"publish","type":"post","link":"http:\/\/denizcankizil.tr\/en\/haberler\/gundem\/reflektor-tak-gorunur-ol-projesi-ile-ciftcilere-10-bin-adet-reflektor-dagitilacak\/","title":{"rendered":"&#8220;Reflekt\u00f6r Tak, G\u00f6r\u00fcn\u00fcr Ol\u201d projesi ile \u00e7ift\u00e7ilere 10 bin adet reflekt\u00f6r da\u011f\u0131t\u0131lacak"},"content":{"rendered":"<p>Konya Valisi \u0130brahim Ak\u0131n, Konya \u0130l Jandarma Komutan\u0131 T\u00fcmgeneral L\u00fctfi \u00d6zkul ve Konya B\u00fcy\u00fck\u015fehir Belediye Ba\u015fkan\u0131 U\u011fur \u0130brahim Altay, &#8220;Reflekt\u00f6r tak, g\u00f6r\u00fcn\u00fcr ol\u201d projesi kapsam\u0131nda trakt\u00f6rlere reflekt\u00f6r da\u011f\u0131t\u0131m program\u0131na kat\u0131ld\u0131.<br \/>\nKONYA (\u0130GFA) &#8211; \u0130l Jandarma Komutan\u0131 \u00d6zkul, trafik kazalar\u0131n\u0131 \u00f6nlemeye katk\u0131 sa\u011flayacak destekten dolay\u0131 Ba\u015fkan Altay\u2019a te\u015fekk\u00fcr etti. Ba\u015fkan Altay, B\u00fcy\u00fck\u015fehir olarak her zaman Konya\u2019n\u0131n sorunlar\u0131na \u00e7are \u00fcretecek payda\u015f olmaktan b\u00fcy\u00fck mutluluk duyduklar\u0131n\u0131 belirterek, \u201c\u0130n\u015fallah bu k\u00fc\u00e7\u00fck ad\u0131m bir\u00e7ok insan\u0131n hayat\u0131n\u0131 kurtaracak\u201d diye konu\u015ftu. Vali Ak\u0131n, \u201cTakaca\u011f\u0131m\u0131z basit bir reflekt\u00f6r belki de bir\u00e7ok insan\u0131n hayat\u0131n\u0131 kurtarabilecek bir \u00f6nlemdir. B\u00fcy\u00fck\u015fehir Belediyemize bu duyarl\u0131l\u0131klar\u0131ndan dolay\u0131 te\u015fekk\u00fcr ediyorum\u201d dedi.\u00a0<br \/>\nKonya B\u00fcy\u00fck\u015fehir Belediyesi\u2019nin deste\u011fiyle \u0130l Jandarma Komutanl\u0131\u011f\u0131 koordinesinde y\u00fcr\u00fct\u00fclen &#8220;Reflekt\u00f6r tak, g\u00f6r\u00fcn\u00fcr ol\u201d projesi kapsam\u0131nda \u00e7ift\u00e7ilere 10 bin adet reflekt\u00f6r da\u011f\u0131t\u0131lacak.<br \/>\nTrafik ve \u0130lkyard\u0131m Haftas\u0131 kapsam\u0131nda Meram Hatunsaray Mahallesi\u2019nde d\u00fczenlenen reflekt\u00f6r da\u011f\u0131t\u0131m program\u0131nda konu\u015fan \u0130l Jandarma Komutan\u0131 T\u00fcmgeneral L\u00fctfi \u00d6zkul, Konya\u2019da son 5 y\u0131lda trakt\u00f6rlerin kar\u0131\u015ft\u0131\u011f\u0131 kazalarda 42 vatanda\u015f\u0131n hayat\u0131n\u0131 kaybetti\u011fini, 1.115 vatanda\u015f\u0131n da yaraland\u0131\u011f\u0131 bilgisini payla\u015ft\u0131.<\/p>\n<p>\u0130L JANDARMA KOMUTANI \u00d6ZKUL\u2019DAN BA\u015eKAN ALTAY\u2019A TE\u015eEKK\u00dcR<br \/>\nTrafik kazalar\u0131nda ter\u00f6rden fazla can kayb\u0131 verildi\u011fi d\u00fc\u015f\u00fcn\u00fcld\u00fc\u011f\u00fcnde ve sorumluluk b\u00f6lgelerinde \u00e7ift\u00e7iler i\u00e7in trakt\u00f6rler veya bunlara ba\u011fl\u0131 r\u00f6morklar\u0131n en \u00f6nemli ara\u00e7lar oldu\u011funu kaydeden \u00d6zkul, \u201cSay\u0131n B\u00fcy\u00fck\u015fehir Belediye Ba\u015fkan\u0131m\u0131zla bu trafik kazalar\u0131 ile ilgili isti\u015fare ederken bir remorka \u00e7arpmamak i\u00e7in takla att\u0131\u011f\u0131m\u0131 s\u00f6yledim. Say\u0131n Ba\u015fkan\u0131m\u0131z da yakla\u015f\u0131k 6-7 ay \u00f6nce benzer bir trafik kazas\u0131 atlatt\u0131\u011f\u0131n\u0131 s\u00f6yleyince orada kendisine reflekt\u00f6r konusunu dile getirdi\u011fimde sa\u011f olsun hemen bu konuda ne yapabiliriz diye kendisi bize sordu. Biz de reflekt\u00f6r da\u011f\u0131tabilece\u011fimizi s\u00f6yledik. 10 bin reflekt\u00f6r\u00fcn temini ve da\u011f\u0131t\u0131lmas\u0131 konusunda bize ciddi anlamda destek veren Ba\u015fkan\u0131m\u0131za ve ekibine te\u015fekk\u00fcr ediyorum\u201d ifadelerini kulland\u0131.<br \/>\n\u201cKONYALI \u00c7\u0130FT\u00c7\u0130 T\u00dcRK\u0130YE\u2019N\u0130N GIDA G\u00dcVENL\u0130\u011e\u0130 \u0130\u00c7\u0130N TARIMSAL FAAL\u0130YET Y\u00dcR\u00dcT\u00dcYOR\u201d<br \/>\nKonya B\u00fcy\u00fck\u015fehir Belediye Ba\u015fkan\u0131 U\u011fur \u0130brahim Altay, Konya\u2019n\u0131n bir tar\u0131m \u015fehri oldu\u011funu ve insanlar\u0131n 42 bin kilometrekarelik alanda sadece kendileri i\u00e7in de\u011fil, T\u00fcrkiye\u2019nin g\u0131da g\u00fcvenli\u011fi i\u00e7in tar\u0131msal faaliyet y\u00fcr\u00fctt\u00fc\u011f\u00fcn\u00fc vurgulad\u0131. Tar\u0131msal faaliyetlerin en b\u00fcy\u00fck yard\u0131mc\u0131s\u0131n\u0131n da trakt\u00f6rler ve onun ekipmanlar\u0131 oldu\u011funu ifade eden Ba\u015fkan Altay, \u00e7ift\u00e7ilerin bir yerden bir yere gitmek i\u00e7in ara\u00e7lar\u0131n kulland\u0131\u011f\u0131 yollar\u0131 ortak \u015fekilde kulland\u0131klar\u0131n\u0131 an\u0131msatt\u0131.<br \/>\n\u201c\u0130N\u015eALLAH BU K\u00dc\u00c7\u00dcK ADIM B\u0130R\u00c7OK \u0130NSANIN HAYATINI KURTARACAK\u201d<br \/>\nKonyal\u0131 \u00e7ift\u00e7ilerin \u00fcretme konusundaki hassasiyetine dikkat \u00e7eken Ba\u015fkan Altay, konu\u015fmas\u0131na \u015fu s\u00f6zlerle devam etti:<br \/>\n\u201cToprakla u\u011fra\u015fan insan\u0131n canl\u0131ya kar\u015f\u0131 sayg\u0131s\u0131 \u00e7ok b\u00fcy\u00fck olur. Yeri geldi\u011finde bir kar\u0131ncan\u0131n, bir b\u00f6ce\u011fin bile hayat\u0131m\u0131za ne kadar katk\u0131 sunduklar\u0131n\u0131 bildikleri i\u00e7in ila\u00e7lamay\u0131 yaparken bile ona g\u00f6re yaparlar. Kald\u0131 ki bir insan\u0131n hayat\u0131n\u0131 zora sokacak bir i\u015fin par\u00e7as\u0131 olsunlar. Ama bunlar bazen ihmalden, bazen ula\u015famamaktan, par\u00e7a k\u00fc\u00e7\u00fck bile olsa temin etme zorlu\u011fundan kaynakl\u0131 olarak yeteri kadar dikkat etmedi\u011fimiz bir konu. Cemil pa\u015fam\u0131za te\u015fekk\u00fcr ediyorum. Maksut m\u00fcd\u00fcr\u00fcm\u00fczle beraber Say\u0131n Valimizin riyasetinde \u015fehrimizde trafik kazalar\u0131n\u0131n azalt\u0131lmas\u0131 i\u00e7in \u00e7ok yo\u011fun bir \u00e7aba sarf ediyorlar. B\u00fcy\u00fck\u015fehir Belediyesi olarak her zaman \u015fehrimizin sorunlar\u0131na \u00e7are \u00fcretecek payda\u015f olmaktan b\u00fcy\u00fck bir mutluluk duyuyoruz. \u0130n\u015fallah bu k\u00fc\u00e7\u00fck ad\u0131m bir\u00e7ok insan\u0131n hayat\u0131n\u0131 kurtaracak ve \u00e7ift\u00e7i karde\u015flerimizin maddi ve manevi bir tazminat \u00f6demelerinin \u00f6n\u00fcne ge\u00e7mi\u015f olacak. Say\u0131n Valimize, \u0130l Jandarma Komutan\u0131m\u0131za ve ekip arkada\u015flar\u0131na, say\u0131n emniyet m\u00fcd\u00fcr\u00fcm\u00fcze, kaymakam\u0131m\u0131za ve eme\u011fi ge\u00e7en herkese te\u015fekk\u00fcr ediyorum\u201d s\u00f6zleriyle konu\u015fmas\u0131n\u0131 tamamlad\u0131.<\/p>\n<p>\u201cTAKACA\u011eIMIZ BAS\u0130T B\u0130R REFLEKT\u00d6R BELK\u0130 DE B\u0130R\u00c7OK \u0130NSANIN HAYATINI KURTARAB\u0130LECEK B\u0130R \u00d6NLEMD\u0130R\u201d<br \/>\nKonya Valisi \u0130brahim Ak\u0131n, al\u0131nacak \u00e7ok k\u00fc\u00e7\u00fck tedbirlerin, basit \u00f6nlemlerin bir can\u0131 hayatta tutabildi\u011fini veya onu hayattan koparabildi\u011fine dikkat \u00e7ekerek \u015fu ifadelere yer verdi:<br \/>\n\u201cKonya\u2019m\u0131z bir tar\u0131m \u015fehri. Trakt\u00f6r olmadan olmaz ama trakt\u00f6rlerimizde seyahat ederken, mahsul\u00fcm\u00fcz\u00fc ta\u015f\u0131rken karayolunda bizimle birlikte ba\u015fka ara\u00e7lar da seyahat ediyor. Kendi g\u00fcvenli\u011fimizi d\u00fc\u015f\u00fcnd\u00fc\u011f\u00fcm\u00fcz gibi ba\u015fkalar\u0131n\u0131n g\u00fcvenli\u011fini de d\u00fc\u015f\u00fcnmek durumunday\u0131z. Onlar\u0131n da bizim \u00fczerimizde haklar\u0131 var. Trakt\u00f6r kazalar\u0131ndaki en b\u00fcy\u00fck nedenlerden bir tanesi gece karanl\u0131\u011f\u0131nda reflekt\u00f6r olmad\u0131\u011f\u0131 i\u00e7in r\u00f6morklar\u0131n son anda fark edilmesi. F\u0131rsat varsa kurtarabiliyorsunuz ama f\u0131rsat\u0131n\u0131z yoksa Allah korusun ciddi bir kazayla kar\u015f\u0131 kar\u015f\u0131ya kalabiliyorsunuz. Bu hem bir vebal hem bir vicdan azab\u0131d\u0131r. Takaca\u011f\u0131m\u0131z basit bir reflekt\u00f6r belki de bir\u00e7ok insan\u0131n hayat\u0131n\u0131 kurtarabilecek bir \u00f6nlemdir. B\u00fcy\u00fck\u015fehir Belediyemize bu duyarl\u0131l\u0131klar\u0131ndan dolay\u0131, bize verdikleri destekten dolay\u0131 te\u015fekk\u00fcr ediyorum. De\u011ferli jandarma komutan\u0131ma da te\u015fekk\u00fcrlerimi ifade ediyorum\u201d de\u011ferlendirmesinde bulundu.<br \/>\nMeram Kaymakam\u0131 Bayram Y\u0131lmaz ve \u0130l Emniyet M\u00fcd\u00fcr Maksut Y\u00fcksek\u2019in de kat\u0131ld\u0131\u011f\u0131 programda konu\u015fmalar\u0131n ard\u0131ndan Hatunsaray Mahallesi\u2019nde bulunan \u00e7ift\u00e7ilere reflekt\u00f6rleri takdim edildi.<br \/>\nKonya B\u00fcy\u00fck\u015fehir taraf\u0131ndan \u201cReflekt\u00f6r tak, g\u00f6r\u00fcn\u00fcr ol\u201d projesi kapsam\u0131nda trafik yo\u011funlu\u011funun fazla oldu\u011fu mahallelerde trakt\u00f6r sahiplerine 10 bin adet reflekt\u00f6r da\u011f\u0131t\u0131lacak.<\/p>\n<p>\u200bKonya Valisi \u0130brahim Ak\u0131n, Konya \u0130l Jandarma Komutan\u0131 T\u00fcmgeneral L\u00fctfi \u00d6zkul ve Konya B\u00fcy\u00fck\u015fehir Belediye Ba\u015fkan\u0131 U\u011fur \u0130brahim Altay, &#8220;Reflekt\u00f6r tak, g\u00f6r\u00fcn\u00fcr ol\u201d projesi kapsam\u0131nda trakt\u00f6rlere reflekt\u00f6r da\u011f\u0131t\u0131m program\u0131na kat\u0131ld\u0131.<br \/>\nKONYA (\u0130GFA) &#8211; \u0130l Jandarma Komutan\u0131 \u00d6zkul, trafik kazalar\u0131n\u0131 \u00f6nlemeye katk\u0131 sa\u011flayacak destekten dolay\u0131 Ba\u015fkan Altay\u2019a te\u015fekk\u00fcr etti. Ba\u015fkan Altay, B\u00fcy\u00fck\u015fehir olarak her zaman Konya\u2019n\u0131n sorunlar\u0131na \u00e7are \u00fcretecek payda\u015f olmaktan b\u00fcy\u00fck mutluluk duyduklar\u0131n\u0131 belirterek, \u201c\u0130n\u015fallah bu k\u00fc\u00e7\u00fck ad\u0131m bir\u00e7ok insan\u0131n hayat\u0131n\u0131 kurtaracak\u201d diye konu\u015ftu. Vali Ak\u0131n, \u201cTakaca\u011f\u0131m\u0131z basit bir reflekt\u00f6r belki de bir\u00e7ok insan\u0131n hayat\u0131n\u0131 kurtarabilecek bir \u00f6nlemdir. B\u00fcy\u00fck\u015fehir Belediyemize bu duyarl\u0131l\u0131klar\u0131ndan dolay\u0131 te\u015fekk\u00fcr ediyorum\u201d dedi.\u00a0<br \/>\nKonya B\u00fcy\u00fck\u015fehir Belediyesi\u2019nin deste\u011fiyle \u0130l Jandarma Komutanl\u0131\u011f\u0131 koordinesinde y\u00fcr\u00fct\u00fclen &#8220;Reflekt\u00f6r tak, g\u00f6r\u00fcn\u00fcr ol\u201d projesi kapsam\u0131nda \u00e7ift\u00e7ilere 10 bin adet reflekt\u00f6r da\u011f\u0131t\u0131lacak.<br \/>\nTrafik ve \u0130lkyard\u0131m Haftas\u0131 kapsam\u0131nda Meram Hatunsaray Mahallesi\u2019nde d\u00fczenlenen reflekt\u00f6r da\u011f\u0131t\u0131m program\u0131nda konu\u015fan \u0130l Jandarma Komutan\u0131 T\u00fcmgeneral L\u00fctfi \u00d6zkul, Konya\u2019da son 5 y\u0131lda trakt\u00f6rlerin kar\u0131\u015ft\u0131\u011f\u0131 kazalarda 42 vatanda\u015f\u0131n hayat\u0131n\u0131 kaybetti\u011fini, 1.115 vatanda\u015f\u0131n da yaraland\u0131\u011f\u0131 bilgisini payla\u015ft\u0131.<\/p>\n<p>\u0130L JANDARMA KOMUTANI \u00d6ZKUL\u2019DAN BA\u015eKAN ALTAY\u2019A TE\u015eEKK\u00dcR<br \/>\nTrafik kazalar\u0131nda ter\u00f6rden fazla can kayb\u0131 verildi\u011fi d\u00fc\u015f\u00fcn\u00fcld\u00fc\u011f\u00fcnde ve sorumluluk b\u00f6lgelerinde \u00e7ift\u00e7iler i\u00e7in trakt\u00f6rler veya bunlara ba\u011fl\u0131 r\u00f6morklar\u0131n en \u00f6nemli ara\u00e7lar oldu\u011funu kaydeden \u00d6zkul, \u201cSay\u0131n B\u00fcy\u00fck\u015fehir Belediye Ba\u015fkan\u0131m\u0131zla bu trafik kazalar\u0131 ile ilgili isti\u015fare ederken bir remorka \u00e7arpmamak i\u00e7in takla att\u0131\u011f\u0131m\u0131 s\u00f6yledim. Say\u0131n Ba\u015fkan\u0131m\u0131z da yakla\u015f\u0131k 6-7 ay \u00f6nce benzer bir trafik kazas\u0131 atlatt\u0131\u011f\u0131n\u0131 s\u00f6yleyince orada kendisine reflekt\u00f6r konusunu dile getirdi\u011fimde sa\u011f olsun hemen bu konuda ne yapabiliriz diye kendisi bize sordu. Biz de reflekt\u00f6r da\u011f\u0131tabilece\u011fimizi s\u00f6yledik. 10 bin reflekt\u00f6r\u00fcn temini ve da\u011f\u0131t\u0131lmas\u0131 konusunda bize ciddi anlamda destek veren Ba\u015fkan\u0131m\u0131za ve ekibine te\u015fekk\u00fcr ediyorum\u201d ifadelerini kulland\u0131.<br \/>\n\u201cKONYALI \u00c7\u0130FT\u00c7\u0130 T\u00dcRK\u0130YE\u2019N\u0130N GIDA G\u00dcVENL\u0130\u011e\u0130 \u0130\u00c7\u0130N TARIMSAL FAAL\u0130YET Y\u00dcR\u00dcT\u00dcYOR\u201d<br \/>\nKonya B\u00fcy\u00fck\u015fehir Belediye Ba\u015fkan\u0131 U\u011fur \u0130brahim Altay, Konya\u2019n\u0131n bir tar\u0131m \u015fehri oldu\u011funu ve insanlar\u0131n 42 bin kilometrekarelik alanda sadece kendileri i\u00e7in de\u011fil, T\u00fcrkiye\u2019nin g\u0131da g\u00fcvenli\u011fi i\u00e7in tar\u0131msal faaliyet y\u00fcr\u00fctt\u00fc\u011f\u00fcn\u00fc vurgulad\u0131. Tar\u0131msal faaliyetlerin en b\u00fcy\u00fck yard\u0131mc\u0131s\u0131n\u0131n da trakt\u00f6rler ve onun ekipmanlar\u0131 oldu\u011funu ifade eden Ba\u015fkan Altay, \u00e7ift\u00e7ilerin bir yerden bir yere gitmek i\u00e7in ara\u00e7lar\u0131n kulland\u0131\u011f\u0131 yollar\u0131 ortak \u015fekilde kulland\u0131klar\u0131n\u0131 an\u0131msatt\u0131.<br \/>\n\u201c\u0130N\u015eALLAH BU K\u00dc\u00c7\u00dcK ADIM B\u0130R\u00c7OK \u0130NSANIN HAYATINI KURTARACAK\u201d<br \/>\nKonyal\u0131 \u00e7ift\u00e7ilerin \u00fcretme konusundaki hassasiyetine dikkat \u00e7eken Ba\u015fkan Altay, konu\u015fmas\u0131na \u015fu s\u00f6zlerle devam etti:<br \/>\n\u201cToprakla u\u011fra\u015fan insan\u0131n canl\u0131ya kar\u015f\u0131 sayg\u0131s\u0131 \u00e7ok b\u00fcy\u00fck olur. Yeri geldi\u011finde bir kar\u0131ncan\u0131n, bir b\u00f6ce\u011fin bile hayat\u0131m\u0131za ne kadar katk\u0131 sunduklar\u0131n\u0131 bildikleri i\u00e7in ila\u00e7lamay\u0131 yaparken bile ona g\u00f6re yaparlar. Kald\u0131 ki bir insan\u0131n hayat\u0131n\u0131 zora sokacak bir i\u015fin par\u00e7as\u0131 olsunlar. Ama bunlar bazen ihmalden, bazen ula\u015famamaktan, par\u00e7a k\u00fc\u00e7\u00fck bile olsa temin etme zorlu\u011fundan kaynakl\u0131 olarak yeteri kadar dikkat etmedi\u011fimiz bir konu. Cemil pa\u015fam\u0131za te\u015fekk\u00fcr ediyorum. Maksut m\u00fcd\u00fcr\u00fcm\u00fczle beraber Say\u0131n Valimizin riyasetinde \u015fehrimizde trafik kazalar\u0131n\u0131n azalt\u0131lmas\u0131 i\u00e7in \u00e7ok yo\u011fun bir \u00e7aba sarf ediyorlar. B\u00fcy\u00fck\u015fehir Belediyesi olarak her zaman \u015fehrimizin sorunlar\u0131na \u00e7are \u00fcretecek payda\u015f olmaktan b\u00fcy\u00fck bir mutluluk duyuyoruz. \u0130n\u015fallah bu k\u00fc\u00e7\u00fck ad\u0131m bir\u00e7ok insan\u0131n hayat\u0131n\u0131 kurtaracak ve \u00e7ift\u00e7i karde\u015flerimizin maddi ve manevi bir tazminat \u00f6demelerinin \u00f6n\u00fcne ge\u00e7mi\u015f olacak. Say\u0131n Valimize, \u0130l Jandarma Komutan\u0131m\u0131za ve ekip arkada\u015flar\u0131na, say\u0131n emniyet m\u00fcd\u00fcr\u00fcm\u00fcze, kaymakam\u0131m\u0131za ve eme\u011fi ge\u00e7en herkese te\u015fekk\u00fcr ediyorum\u201d s\u00f6zleriyle konu\u015fmas\u0131n\u0131 tamamlad\u0131.<\/p>\n<p>\u201cTAKACA\u011eIMIZ BAS\u0130T B\u0130R REFLEKT\u00d6R BELK\u0130 DE B\u0130R\u00c7OK \u0130NSANIN HAYATINI KURTARAB\u0130LECEK B\u0130R \u00d6NLEMD\u0130R\u201d<br \/>\nKonya Valisi \u0130brahim Ak\u0131n, al\u0131nacak \u00e7ok k\u00fc\u00e7\u00fck tedbirlerin, basit \u00f6nlemlerin bir can\u0131 hayatta tutabildi\u011fini veya onu hayattan koparabildi\u011fine dikkat \u00e7ekerek \u015fu ifadelere yer verdi:<br \/>\n\u201cKonya\u2019m\u0131z bir tar\u0131m \u015fehri. Trakt\u00f6r olmadan olmaz ama trakt\u00f6rlerimizde seyahat ederken, mahsul\u00fcm\u00fcz\u00fc ta\u015f\u0131rken karayolunda bizimle birlikte ba\u015fka ara\u00e7lar da seyahat ediyor. Kendi g\u00fcvenli\u011fimizi d\u00fc\u015f\u00fcnd\u00fc\u011f\u00fcm\u00fcz gibi ba\u015fkalar\u0131n\u0131n g\u00fcvenli\u011fini de d\u00fc\u015f\u00fcnmek durumunday\u0131z. Onlar\u0131n da bizim \u00fczerimizde haklar\u0131 var. Trakt\u00f6r kazalar\u0131ndaki en b\u00fcy\u00fck nedenlerden bir tanesi gece karanl\u0131\u011f\u0131nda reflekt\u00f6r olmad\u0131\u011f\u0131 i\u00e7in r\u00f6morklar\u0131n son anda fark edilmesi. F\u0131rsat varsa kurtarabiliyorsunuz ama f\u0131rsat\u0131n\u0131z yoksa Allah korusun ciddi bir kazayla kar\u015f\u0131 kar\u015f\u0131ya kalabiliyorsunuz. Bu hem bir vebal hem bir vicdan azab\u0131d\u0131r. Takaca\u011f\u0131m\u0131z basit bir reflekt\u00f6r belki de bir\u00e7ok insan\u0131n hayat\u0131n\u0131 kurtarabilecek bir \u00f6nlemdir. B\u00fcy\u00fck\u015fehir Belediyemize bu duyarl\u0131l\u0131klar\u0131ndan dolay\u0131, bize verdikleri destekten dolay\u0131 te\u015fekk\u00fcr ediyorum. De\u011ferli jandarma komutan\u0131ma da te\u015fekk\u00fcrlerimi ifade ediyorum\u201d de\u011ferlendirmesinde bulundu.<br \/>\nMeram Kaymakam\u0131 Bayram Y\u0131lmaz ve \u0130l Emniyet M\u00fcd\u00fcr Maksut Y\u00fcksek\u2019in de kat\u0131ld\u0131\u011f\u0131 programda konu\u015fmalar\u0131n ard\u0131ndan Hatunsaray Mahallesi\u2019nde bulunan \u00e7ift\u00e7ilere reflekt\u00f6rleri takdim edildi.<br \/>\nKonya B\u00fcy\u00fck\u015fehir taraf\u0131ndan \u201cReflekt\u00f6r tak, g\u00f6r\u00fcn\u00fcr ol\u201d projesi kapsam\u0131nda trafik yo\u011funlu\u011funun fazla oldu\u011fu mahallelerde trakt\u00f6r sahiplerine 10 bin adet reflekt\u00f6r da\u011f\u0131t\u0131lacak.\u00a0<\/p>\n<p>\u200bHaberin Al\u0131nt\u0131land\u0131\u011f\u0131 Kaynak: www.iskenderun.org<\/p>","protected":false},"excerpt":{"rendered":"<p>Konya Valisi \u0130brahim Ak\u0131n, Konya \u0130l Jandarma Komutan\u0131 T\u00fcmgeneral L\u00fctfi \u00d6zkul ve Konya B\u00fcy\u00fck\u015fehir Belediye Ba\u015fkan\u0131 U\u011fur \u0130brahim Altay, &#8220;Reflekt\u00f6r tak, g\u00f6r\u00fcn\u00fcr ol\u201d projesi kapsam\u0131nda trakt\u00f6rlere reflekt\u00f6r da\u011f\u0131t\u0131m program\u0131na kat\u0131ld\u0131. KONYA (\u0130GFA) &#8211; \u0130l Jandarma Komutan\u0131 \u00d6zkul, trafik kazalar\u0131n\u0131 \u00f6nlemeye katk\u0131 sa\u011flayacak destekten dolay\u0131 Ba\u015fkan Altay\u2019a te\u015fekk\u00fcr etti. Ba\u015fkan Altay, B\u00fcy\u00fck\u015fehir olarak her zaman Konya\u2019n\u0131n sorunlar\u0131na \u00e7are \u00fcretecek payda\u015f olmaktan b\u00fcy\u00fck mutluluk duyduklar\u0131n\u0131 belirterek, \u201c\u0130n\u015fallah bu k\u00fc\u00e7\u00fck ad\u0131m bir\u00e7ok insan\u0131n hayat\u0131n\u0131 kurtaracak\u201d diye konu\u015ftu. Vali Ak\u0131n, \u201cTakaca\u011f\u0131m\u0131z basit bir reflekt\u00f6r belki de bir\u00e7ok insan\u0131n hayat\u0131n\u0131 kurtarabilecek bir \u00f6nlemdir. B\u00fcy\u00fck\u015fehir Belediyemize bu duyarl\u0131l\u0131klar\u0131ndan dolay\u0131 te\u015fekk\u00fcr ediyorum\u201d dedi.\u00a0 Konya B\u00fcy\u00fck\u015fehir Belediyesi\u2019nin deste\u011fiyle \u0130l Jandarma Komutanl\u0131\u011f\u0131 koordinesinde y\u00fcr\u00fct\u00fclen &#8220;Reflekt\u00f6r tak, g\u00f6r\u00fcn\u00fcr ol\u201d projesi kapsam\u0131nda \u00e7ift\u00e7ilere 10 bin adet reflekt\u00f6r da\u011f\u0131t\u0131lacak. Trafik ve \u0130lkyard\u0131m Haftas\u0131 kapsam\u0131nda Meram Hatunsaray Mahallesi\u2019nde d\u00fczenlenen reflekt\u00f6r da\u011f\u0131t\u0131m program\u0131nda konu\u015fan \u0130l Jandarma Komutan\u0131 T\u00fcmgeneral L\u00fctfi \u00d6zkul, Konya\u2019da son 5 y\u0131lda trakt\u00f6rlerin kar\u0131\u015ft\u0131\u011f\u0131 kazalarda 42 vatanda\u015f\u0131n hayat\u0131n\u0131 kaybetti\u011fini, 1.115 vatanda\u015f\u0131n da yaraland\u0131\u011f\u0131 bilgisini payla\u015ft\u0131. \u0130L JANDARMA KOMUTANI \u00d6ZKUL\u2019DAN BA\u015eKAN ALTAY\u2019A TE\u015eEKK\u00dcR Trafik kazalar\u0131nda ter\u00f6rden fazla can kayb\u0131 verildi\u011fi d\u00fc\u015f\u00fcn\u00fcld\u00fc\u011f\u00fcnde ve sorumluluk b\u00f6lgelerinde \u00e7ift\u00e7iler i\u00e7in trakt\u00f6rler veya bunlara ba\u011fl\u0131 r\u00f6morklar\u0131n en \u00f6nemli ara\u00e7lar oldu\u011funu kaydeden \u00d6zkul, \u201cSay\u0131n B\u00fcy\u00fck\u015fehir Belediye Ba\u015fkan\u0131m\u0131zla bu trafik kazalar\u0131 ile ilgili isti\u015fare ederken bir remorka \u00e7arpmamak i\u00e7in takla &hellip;<\/p>","protected":false},"author":1,"featured_media":0,"comment_status":"","ping_status":"open","sticky":false,"template":"","format":"standard","meta":{"_acf_changed":false,"footnotes":""},"categories":[24],"tags":[],"class_list":["post-79113","post","type-post","status-publish","format-standard","has-post-thumbnail","hentry","category-gundem"],"acf":[],"yoast_head":"<!-- This site is optimized with the Yoast SEO Premium plugin v26.6 (Yoast SEO v27.1.1) - https:\/\/yoast.com\/product\/yoast-seo-premium-wordpress\/ -->\n<title>&quot;Reflekt\u00f6r Tak, G\u00f6r\u00fcn\u00fcr Ol\u201d projesi ile \u00e7ift\u00e7ilere 10 bin adet reflekt\u00f6r da\u011f\u0131t\u0131lacak - Av. Deniz Can K\u0131z\u0131l<\/title>\n<meta name=\"robots\" content=\"index, follow, max-snippet:-1, max-image-preview:large, max-video-preview:-1\" \/>\n<link rel=\"canonical\" href=\"http:\/\/denizcankizil.tr\/en\/haberler\/gundem\/reflektor-tak-gorunur-ol-projesi-ile-ciftcilere-10-bin-adet-reflektor-dagitilacak\/\" \/>\n<meta property=\"og:locale\" content=\"en_GB\" \/>\n<meta property=\"og:type\" content=\"article\" \/>\n<meta property=\"og:title\" content=\"&quot;Reflekt\u00f6r Tak, G\u00f6r\u00fcn\u00fcr Ol\u201d projesi ile \u00e7ift\u00e7ilere 10 bin adet reflekt\u00f6r da\u011f\u0131t\u0131lacak\" \/>\n<meta property=\"og:description\" content=\"Konya Valisi \u0130brahim Ak\u0131n, Konya \u0130l Jandarma Komutan\u0131 T\u00fcmgeneral L\u00fctfi \u00d6zkul ve Konya B\u00fcy\u00fck\u015fehir Belediye Ba\u015fkan\u0131 U\u011fur \u0130brahim Altay, &#8220;Reflekt\u00f6r tak, g\u00f6r\u00fcn\u00fcr ol\u201d projesi kapsam\u0131nda trakt\u00f6rlere reflekt\u00f6r da\u011f\u0131t\u0131m program\u0131na kat\u0131ld\u0131. KONYA (\u0130GFA) &#8211; \u0130l Jandarma Komutan\u0131 \u00d6zkul, trafik kazalar\u0131n\u0131 \u00f6nlemeye katk\u0131 sa\u011flayacak destekten dolay\u0131 Ba\u015fkan Altay\u2019a te\u015fekk\u00fcr etti. Ba\u015fkan Altay, B\u00fcy\u00fck\u015fehir olarak her zaman Konya\u2019n\u0131n sorunlar\u0131na \u00e7are \u00fcretecek payda\u015f olmaktan b\u00fcy\u00fck mutluluk duyduklar\u0131n\u0131 belirterek, \u201c\u0130n\u015fallah bu k\u00fc\u00e7\u00fck ad\u0131m bir\u00e7ok insan\u0131n hayat\u0131n\u0131 kurtaracak\u201d diye konu\u015ftu. Vali Ak\u0131n, \u201cTakaca\u011f\u0131m\u0131z basit bir reflekt\u00f6r belki de bir\u00e7ok insan\u0131n hayat\u0131n\u0131 kurtarabilecek bir \u00f6nlemdir. B\u00fcy\u00fck\u015fehir Belediyemize bu duyarl\u0131l\u0131klar\u0131ndan dolay\u0131 te\u015fekk\u00fcr ediyorum\u201d dedi.\u00a0 Konya B\u00fcy\u00fck\u015fehir Belediyesi\u2019nin deste\u011fiyle \u0130l Jandarma Komutanl\u0131\u011f\u0131 koordinesinde y\u00fcr\u00fct\u00fclen &#8220;Reflekt\u00f6r tak, g\u00f6r\u00fcn\u00fcr ol\u201d projesi kapsam\u0131nda \u00e7ift\u00e7ilere 10 bin adet reflekt\u00f6r da\u011f\u0131t\u0131lacak. Trafik ve \u0130lkyard\u0131m Haftas\u0131 kapsam\u0131nda Meram Hatunsaray Mahallesi\u2019nde d\u00fczenlenen reflekt\u00f6r da\u011f\u0131t\u0131m program\u0131nda konu\u015fan \u0130l Jandarma Komutan\u0131 T\u00fcmgeneral L\u00fctfi \u00d6zkul, Konya\u2019da son 5 y\u0131lda trakt\u00f6rlerin kar\u0131\u015ft\u0131\u011f\u0131 kazalarda 42 vatanda\u015f\u0131n hayat\u0131n\u0131 kaybetti\u011fini, 1.115 vatanda\u015f\u0131n da yaraland\u0131\u011f\u0131 bilgisini payla\u015ft\u0131. \u0130L JANDARMA KOMUTANI \u00d6ZKUL\u2019DAN BA\u015eKAN ALTAY\u2019A TE\u015eEKK\u00dcR Trafik kazalar\u0131nda ter\u00f6rden fazla can kayb\u0131 verildi\u011fi d\u00fc\u015f\u00fcn\u00fcld\u00fc\u011f\u00fcnde ve sorumluluk b\u00f6lgelerinde \u00e7ift\u00e7iler i\u00e7in trakt\u00f6rler veya bunlara ba\u011fl\u0131 r\u00f6morklar\u0131n en \u00f6nemli ara\u00e7lar oldu\u011funu kaydeden \u00d6zkul, \u201cSay\u0131n B\u00fcy\u00fck\u015fehir Belediye Ba\u015fkan\u0131m\u0131zla bu trafik kazalar\u0131 ile ilgili isti\u015fare ederken bir remorka \u00e7arpmamak i\u00e7in takla &hellip;\" \/>\n<meta property=\"og:url\" content=\"http:\/\/denizcankizil.tr\/en\/haberler\/gundem\/reflektor-tak-gorunur-ol-projesi-ile-ciftcilere-10-bin-adet-reflektor-dagitilacak\/\" \/>\n<meta property=\"og:site_name\" content=\"Av. Deniz Can K\u0131z\u0131l\" \/>\n<meta property=\"article:published_time\" content=\"2025-05-07T14:42:27+00:00\" \/>\n<meta name=\"author\" content=\"admin\" \/>\n<meta name=\"twitter:card\" content=\"summary_large_image\" \/>\n<meta name=\"twitter:label1\" content=\"Written by\" \/>\n\t<meta name=\"twitter:data1\" content=\"admin\" \/>\n\t<meta name=\"twitter:label2\" content=\"Estimated reading time\" \/>\n\t<meta name=\"twitter:data2\" content=\"10 minutes\" \/>\n<script type=\"application\/ld+json\" class=\"yoast-schema-graph\">{\"@context\":\"https:\/\/schema.org\",\"@graph\":[{\"@type\":\"Article\",\"@id\":\"http:\/\/denizcankizil.tr\/en\/haberler\/gundem\/reflektor-tak-gorunur-ol-projesi-ile-ciftcilere-10-bin-adet-reflektor-dagitilacak\/#article\",\"isPartOf\":{\"@id\":\"http:\/\/denizcankizil.tr\/en\/haberler\/gundem\/reflektor-tak-gorunur-ol-projesi-ile-ciftcilere-10-bin-adet-reflektor-dagitilacak\/\"},\"author\":{\"name\":\"admin\",\"@id\":\"https:\/\/denizcankizil.tr\/de\/#\/schema\/person\/be3c05fe6a12686905512445d8185489\"},\"headline\":\"&#8220;Reflekt\u00f6r Tak, G\u00f6r\u00fcn\u00fcr Ol\u201d projesi ile \u00e7ift\u00e7ilere 10 bin adet reflekt\u00f6r da\u011f\u0131t\u0131lacak\",\"datePublished\":\"2025-05-07T14:42:27+00:00\",\"mainEntityOfPage\":{\"@id\":\"http:\/\/denizcankizil.tr\/en\/haberler\/gundem\/reflektor-tak-gorunur-ol-projesi-ile-ciftcilere-10-bin-adet-reflektor-dagitilacak\/\"},\"wordCount\":2113,\"publisher\":{\"@id\":\"https:\/\/denizcankizil.tr\/de\/#organization\"},\"articleSection\":[\"G\u00fcndem\"],\"inLanguage\":\"en-GB\"},{\"@type\":\"WebPage\",\"@id\":\"http:\/\/denizcankizil.tr\/en\/haberler\/gundem\/reflektor-tak-gorunur-ol-projesi-ile-ciftcilere-10-bin-adet-reflektor-dagitilacak\/\",\"url\":\"http:\/\/denizcankizil.tr\/en\/haberler\/gundem\/reflektor-tak-gorunur-ol-projesi-ile-ciftcilere-10-bin-adet-reflektor-dagitilacak\/\",\"name\":\"\\\"Reflekt\u00f6r Tak, G\u00f6r\u00fcn\u00fcr Ol\u201d projesi ile \u00e7ift\u00e7ilere 10 bin adet reflekt\u00f6r da\u011f\u0131t\u0131lacak - Av. Deniz Can K\u0131z\u0131l\",\"isPartOf\":{\"@id\":\"https:\/\/denizcankizil.tr\/de\/#website\"},\"datePublished\":\"2025-05-07T14:42:27+00:00\",\"breadcrumb\":{\"@id\":\"http:\/\/denizcankizil.tr\/en\/haberler\/gundem\/reflektor-tak-gorunur-ol-projesi-ile-ciftcilere-10-bin-adet-reflektor-dagitilacak\/#breadcrumb\"},\"inLanguage\":\"en-GB\",\"potentialAction\":[{\"@type\":\"ReadAction\",\"target\":[\"http:\/\/denizcankizil.tr\/en\/haberler\/gundem\/reflektor-tak-gorunur-ol-projesi-ile-ciftcilere-10-bin-adet-reflektor-dagitilacak\/\"]}]},{\"@type\":\"BreadcrumbList\",\"@id\":\"http:\/\/denizcankizil.tr\/en\/haberler\/gundem\/reflektor-tak-gorunur-ol-projesi-ile-ciftcilere-10-bin-adet-reflektor-dagitilacak\/#breadcrumb\",\"itemListElement\":[{\"@type\":\"ListItem\",\"position\":1,\"name\":\"Home\",\"item\":\"https:\/\/denizcankizil.tr\/de\/\"},{\"@type\":\"ListItem\",\"position\":2,\"name\":\"&#8220;Reflekt\u00f6r Tak, G\u00f6r\u00fcn\u00fcr Ol\u201d projesi ile \u00e7ift\u00e7ilere 10 bin adet reflekt\u00f6r da\u011f\u0131t\u0131lacak\"}]},{\"@type\":\"WebSite\",\"@id\":\"https:\/\/denizcankizil.tr\/de\/#website\",\"url\":\"https:\/\/denizcankizil.tr\/de\/\",\"name\":\"Av. Deniz Can K\u0131z\u0131l\",\"description\":\"Avukat Deniz Can K\u0131z\u0131l Antalya Barosu\",\"publisher\":{\"@id\":\"https:\/\/denizcankizil.tr\/de\/#organization\"},\"potentialAction\":[{\"@type\":\"SearchAction\",\"target\":{\"@type\":\"EntryPoint\",\"urlTemplate\":\"https:\/\/denizcankizil.tr\/de\/?s={search_term_string}\"},\"query-input\":{\"@type\":\"PropertyValueSpecification\",\"valueRequired\":true,\"valueName\":\"search_term_string\"}}],\"inLanguage\":\"en-GB\"},{\"@type\":\"Organization\",\"@id\":\"https:\/\/denizcankizil.tr\/de\/#organization\",\"name\":\"Av. Deniz Can K\u0131z\u0131l\",\"url\":\"https:\/\/denizcankizil.tr\/de\/\",\"logo\":{\"@type\":\"ImageObject\",\"inLanguage\":\"en-GB\",\"@id\":\"https:\/\/denizcankizil.tr\/de\/#\/schema\/logo\/image\/\",\"url\":\"http:\/\/denizcankizil.tr\/wp-content\/uploads\/2024\/10\/siyah-logo-svg.svg\",\"contentUrl\":\"http:\/\/denizcankizil.tr\/wp-content\/uploads\/2024\/10\/siyah-logo-svg.svg\",\"width\":1080,\"height\":1080,\"caption\":\"Av. Deniz Can K\u0131z\u0131l\"},\"image\":{\"@id\":\"https:\/\/denizcankizil.tr\/de\/#\/schema\/logo\/image\/\"}},{\"@type\":\"Person\",\"@id\":\"https:\/\/denizcankizil.tr\/de\/#\/schema\/person\/be3c05fe6a12686905512445d8185489\",\"name\":\"admin\",\"image\":{\"@type\":\"ImageObject\",\"inLanguage\":\"en-GB\",\"@id\":\"https:\/\/denizcankizil.tr\/de\/#\/schema\/person\/image\/\",\"url\":\"https:\/\/secure.gravatar.com\/avatar\/c1fce94c830dc79107e174f890d7210541c4a63e8e5d816341794a2151c9d58c?s=96&d=mm&r=g\",\"contentUrl\":\"https:\/\/secure.gravatar.com\/avatar\/c1fce94c830dc79107e174f890d7210541c4a63e8e5d816341794a2151c9d58c?s=96&d=mm&r=g\",\"caption\":\"admin\"},\"sameAs\":[\"http:\/\/denizcankizil.tr\"],\"url\":\"https:\/\/www.iskenderun.org\/reflektor-tak-gorunur-ol-projesi-ile-ciftcilere-10-bin-adet-reflektor-dagitilacak\"}]}<\/script>\n<!-- \/ Yoast SEO Premium plugin. -->","yoast_head_json":{"title":"\"Reflekt\u00f6r Tak, G\u00f6r\u00fcn\u00fcr Ol\u201d projesi ile \u00e7ift\u00e7ilere 10 bin adet reflekt\u00f6r da\u011f\u0131t\u0131lacak - Av. Deniz Can K\u0131z\u0131l","robots":{"index":"index","follow":"follow","max-snippet":"max-snippet:-1","max-image-preview":"max-image-preview:large","max-video-preview":"max-video-preview:-1"},"canonical":"http:\/\/denizcankizil.tr\/en\/haberler\/gundem\/reflektor-tak-gorunur-ol-projesi-ile-ciftcilere-10-bin-adet-reflektor-dagitilacak\/","og_locale":"en_GB","og_type":"article","og_title":"\"Reflekt\u00f6r Tak, G\u00f6r\u00fcn\u00fcr Ol\u201d projesi ile \u00e7ift\u00e7ilere 10 bin adet reflekt\u00f6r da\u011f\u0131t\u0131lacak","og_description":"Konya Valisi \u0130brahim Ak\u0131n, Konya \u0130l Jandarma Komutan\u0131 T\u00fcmgeneral L\u00fctfi \u00d6zkul ve Konya B\u00fcy\u00fck\u015fehir Belediye Ba\u015fkan\u0131 U\u011fur \u0130brahim Altay, &#8220;Reflekt\u00f6r tak, g\u00f6r\u00fcn\u00fcr ol\u201d projesi kapsam\u0131nda trakt\u00f6rlere reflekt\u00f6r da\u011f\u0131t\u0131m program\u0131na kat\u0131ld\u0131. KONYA (\u0130GFA) &#8211; \u0130l Jandarma Komutan\u0131 \u00d6zkul, trafik kazalar\u0131n\u0131 \u00f6nlemeye katk\u0131 sa\u011flayacak destekten dolay\u0131 Ba\u015fkan Altay\u2019a te\u015fekk\u00fcr etti. Ba\u015fkan Altay, B\u00fcy\u00fck\u015fehir olarak her zaman Konya\u2019n\u0131n sorunlar\u0131na \u00e7are \u00fcretecek payda\u015f olmaktan b\u00fcy\u00fck mutluluk duyduklar\u0131n\u0131 belirterek, \u201c\u0130n\u015fallah bu k\u00fc\u00e7\u00fck ad\u0131m bir\u00e7ok insan\u0131n hayat\u0131n\u0131 kurtaracak\u201d diye konu\u015ftu. Vali Ak\u0131n, \u201cTakaca\u011f\u0131m\u0131z basit bir reflekt\u00f6r belki de bir\u00e7ok insan\u0131n hayat\u0131n\u0131 kurtarabilecek bir \u00f6nlemdir. B\u00fcy\u00fck\u015fehir Belediyemize bu duyarl\u0131l\u0131klar\u0131ndan dolay\u0131 te\u015fekk\u00fcr ediyorum\u201d dedi.\u00a0 Konya B\u00fcy\u00fck\u015fehir Belediyesi\u2019nin deste\u011fiyle \u0130l Jandarma Komutanl\u0131\u011f\u0131 koordinesinde y\u00fcr\u00fct\u00fclen &#8220;Reflekt\u00f6r tak, g\u00f6r\u00fcn\u00fcr ol\u201d projesi kapsam\u0131nda \u00e7ift\u00e7ilere 10 bin adet reflekt\u00f6r da\u011f\u0131t\u0131lacak. Trafik ve \u0130lkyard\u0131m Haftas\u0131 kapsam\u0131nda Meram Hatunsaray Mahallesi\u2019nde d\u00fczenlenen reflekt\u00f6r da\u011f\u0131t\u0131m program\u0131nda konu\u015fan \u0130l Jandarma Komutan\u0131 T\u00fcmgeneral L\u00fctfi \u00d6zkul, Konya\u2019da son 5 y\u0131lda trakt\u00f6rlerin kar\u0131\u015ft\u0131\u011f\u0131 kazalarda 42 vatanda\u015f\u0131n hayat\u0131n\u0131 kaybetti\u011fini, 1.115 vatanda\u015f\u0131n da yaraland\u0131\u011f\u0131 bilgisini payla\u015ft\u0131. \u0130L JANDARMA KOMUTANI \u00d6ZKUL\u2019DAN BA\u015eKAN ALTAY\u2019A TE\u015eEKK\u00dcR Trafik kazalar\u0131nda ter\u00f6rden fazla can kayb\u0131 verildi\u011fi d\u00fc\u015f\u00fcn\u00fcld\u00fc\u011f\u00fcnde ve sorumluluk b\u00f6lgelerinde \u00e7ift\u00e7iler i\u00e7in trakt\u00f6rler veya bunlara ba\u011fl\u0131 r\u00f6morklar\u0131n en \u00f6nemli ara\u00e7lar oldu\u011funu kaydeden \u00d6zkul, \u201cSay\u0131n B\u00fcy\u00fck\u015fehir Belediye Ba\u015fkan\u0131m\u0131zla bu trafik kazalar\u0131 ile ilgili isti\u015fare ederken bir remorka \u00e7arpmamak i\u00e7in takla &hellip;","og_url":"http:\/\/denizcankizil.tr\/en\/haberler\/gundem\/reflektor-tak-gorunur-ol-projesi-ile-ciftcilere-10-bin-adet-reflektor-dagitilacak\/","og_site_name":"Av. Deniz Can K\u0131z\u0131l","article_published_time":"2025-05-07T14:42:27+00:00","author":"admin","twitter_card":"summary_large_image","twitter_misc":{"Written by":"admin","Estimated reading time":"10 minutes"},"schema":{"@context":"https:\/\/schema.org","@graph":[{"@type":"Article","@id":"http:\/\/denizcankizil.tr\/en\/haberler\/gundem\/reflektor-tak-gorunur-ol-projesi-ile-ciftcilere-10-bin-adet-reflektor-dagitilacak\/#article","isPartOf":{"@id":"http:\/\/denizcankizil.tr\/en\/haberler\/gundem\/reflektor-tak-gorunur-ol-projesi-ile-ciftcilere-10-bin-adet-reflektor-dagitilacak\/"},"author":{"name":"admin","@id":"https:\/\/denizcankizil.tr\/de\/#\/schema\/person\/be3c05fe6a12686905512445d8185489"},"headline":"&#8220;Reflekt\u00f6r Tak, G\u00f6r\u00fcn\u00fcr Ol\u201d projesi ile \u00e7ift\u00e7ilere 10 bin adet reflekt\u00f6r da\u011f\u0131t\u0131lacak","datePublished":"2025-05-07T14:42:27+00:00","mainEntityOfPage":{"@id":"http:\/\/denizcankizil.tr\/en\/haberler\/gundem\/reflektor-tak-gorunur-ol-projesi-ile-ciftcilere-10-bin-adet-reflektor-dagitilacak\/"},"wordCount":2113,"publisher":{"@id":"https:\/\/denizcankizil.tr\/de\/#organization"},"articleSection":["G\u00fcndem"],"inLanguage":"en-GB"},{"@type":"WebPage","@id":"http:\/\/denizcankizil.tr\/en\/haberler\/gundem\/reflektor-tak-gorunur-ol-projesi-ile-ciftcilere-10-bin-adet-reflektor-dagitilacak\/","url":"http:\/\/denizcankizil.tr\/en\/haberler\/gundem\/reflektor-tak-gorunur-ol-projesi-ile-ciftcilere-10-bin-adet-reflektor-dagitilacak\/","name":"\"Reflekt\u00f6r Tak, G\u00f6r\u00fcn\u00fcr Ol\u201d projesi ile \u00e7ift\u00e7ilere 10 bin adet reflekt\u00f6r da\u011f\u0131t\u0131lacak - Av. Deniz Can K\u0131z\u0131l","isPartOf":{"@id":"https:\/\/denizcankizil.tr\/de\/#website"},"datePublished":"2025-05-07T14:42:27+00:00","breadcrumb":{"@id":"http:\/\/denizcankizil.tr\/en\/haberler\/gundem\/reflektor-tak-gorunur-ol-projesi-ile-ciftcilere-10-bin-adet-reflektor-dagitilacak\/#breadcrumb"},"inLanguage":"en-GB","potentialAction":[{"@type":"ReadAction","target":["http:\/\/denizcankizil.tr\/en\/haberler\/gundem\/reflektor-tak-gorunur-ol-projesi-ile-ciftcilere-10-bin-adet-reflektor-dagitilacak\/"]}]},{"@type":"BreadcrumbList","@id":"http:\/\/denizcankizil.tr\/en\/haberler\/gundem\/reflektor-tak-gorunur-ol-projesi-ile-ciftcilere-10-bin-adet-reflektor-dagitilacak\/#breadcrumb","itemListElement":[{"@type":"ListItem","position":1,"name":"Home","item":"https:\/\/denizcankizil.tr\/de\/"},{"@type":"ListItem","position":2,"name":"&#8220;Reflekt\u00f6r Tak, G\u00f6r\u00fcn\u00fcr Ol\u201d projesi ile \u00e7ift\u00e7ilere 10 bin adet reflekt\u00f6r da\u011f\u0131t\u0131lacak"}]},{"@type":"WebSite","@id":"https:\/\/denizcankizil.tr\/de\/#website","url":"https:\/\/denizcankizil.tr\/de\/","name":"Av. Deniz Can K\u0131z\u0131l","description":"Avukat Deniz Can K\u0131z\u0131l Antalya Barosu","publisher":{"@id":"https:\/\/denizcankizil.tr\/de\/#organization"},"potentialAction":[{"@type":"SearchAction","target":{"@type":"EntryPoint","urlTemplate":"https:\/\/denizcankizil.tr\/de\/?s={search_term_string}"},"query-input":{"@type":"PropertyValueSpecification","valueRequired":true,"valueName":"search_term_string"}}],"inLanguage":"en-GB"},{"@type":"Organization","@id":"https:\/\/denizcankizil.tr\/de\/#organization","name":"Av. Deniz Can K\u0131z\u0131l","url":"https:\/\/denizcankizil.tr\/de\/","logo":{"@type":"ImageObject","inLanguage":"en-GB","@id":"https:\/\/denizcankizil.tr\/de\/#\/schema\/logo\/image\/","url":"http:\/\/denizcankizil.tr\/wp-content\/uploads\/2024\/10\/siyah-logo-svg.svg","contentUrl":"http:\/\/denizcankizil.tr\/wp-content\/uploads\/2024\/10\/siyah-logo-svg.svg","width":1080,"height":1080,"caption":"Av. Deniz Can K\u0131z\u0131l"},"image":{"@id":"https:\/\/denizcankizil.tr\/de\/#\/schema\/logo\/image\/"}},{"@type":"Person","@id":"https:\/\/denizcankizil.tr\/de\/#\/schema\/person\/be3c05fe6a12686905512445d8185489","name":"admin","image":{"@type":"ImageObject","inLanguage":"en-GB","@id":"https:\/\/denizcankizil.tr\/de\/#\/schema\/person\/image\/","url":"https:\/\/secure.gravatar.com\/avatar\/c1fce94c830dc79107e174f890d7210541c4a63e8e5d816341794a2151c9d58c?s=96&d=mm&r=g","contentUrl":"https:\/\/secure.gravatar.com\/avatar\/c1fce94c830dc79107e174f890d7210541c4a63e8e5d816341794a2151c9d58c?s=96&d=mm&r=g","caption":"admin"},"sameAs":["http:\/\/denizcankizil.tr"],"url":"https:\/\/www.iskenderun.org\/reflektor-tak-gorunur-ol-projesi-ile-ciftcilere-10-bin-adet-reflektor-dagitilacak"}]}},"_links":{"self":[{"href":"http:\/\/denizcankizil.tr\/en\/wp-json\/wp\/v2\/posts\/79113","targetHints":{"allow":["GET"]}}],"collection":[{"href":"http:\/\/denizcankizil.tr\/en\/wp-json\/wp\/v2\/posts"}],"about":[{"href":"http:\/\/denizcankizil.tr\/en\/wp-json\/wp\/v2\/types\/post"}],"author":[{"embeddable":true,"href":"http:\/\/denizcankizil.tr\/en\/wp-json\/wp\/v2\/users\/1"}],"replies":[{"embeddable":true,"href":"http:\/\/denizcankizil.tr\/en\/wp-json\/wp\/v2\/comments?post=79113"}],"version-history":[{"count":0,"href":"http:\/\/denizcankizil.tr\/en\/wp-json\/wp\/v2\/posts\/79113\/revisions"}],"wp:attachment":[{"href":"http:\/\/denizcankizil.tr\/en\/wp-json\/wp\/v2\/media?parent=79113"}],"wp:term":[{"taxonomy":"category","embeddable":true,"href":"http:\/\/denizcankizil.tr\/en\/wp-json\/wp\/v2\/categories?post=79113"},{"taxonomy":"post_tag","embeddable":true,"href":"http:\/\/denizcankizil.tr\/en\/wp-json\/wp\/v2\/tags?post=79113"}],"curies":[{"name":"wp","href":"https:\/\/api.w.org\/{rel}","templated":true}]}}