{"id":78840,"date":"2025-05-07T12:41:14","date_gmt":"2025-05-07T09:41:14","guid":{"rendered":"https:\/\/denizcankizil.tr\/uncategorized-tr\/antalyada-hidirellez-coskusu\/"},"modified":"2025-05-07T12:41:14","modified_gmt":"2025-05-07T09:41:14","slug":"antalyada-hidirellez-coskusu","status":"publish","type":"post","link":"http:\/\/denizcankizil.tr\/en\/haberler\/antalya\/antalyada-hidirellez-coskusu\/","title":{"rendered":"Antalya&#8217;da H\u0131d\u0131rellez co\u015fkusu"},"content":{"rendered":"<p>Antalya B\u00fcy\u00fck\u015fehir Belediyesi K\u00fclt\u00fcr ve Sosyal \u0130\u015fleri Dairesi Ba\u015fkanl\u0131\u011f\u0131, bollu\u011fun, umudun ve bereketin simgesi, bahar\u0131n m\u00fcjdecisi H\u0131d\u0131rellez&#8217;i Karaalio\u011flu Park\u0131&#8217;nda d\u00fczenledi\u011fi \u015fenlik program\u0131yla kutlad\u0131.<\/p>\n<p>Yediden yetmi\u015fe \u015fenlik alan\u0131n\u0131 dolduran Antalyal\u0131lar, \u015fark\u0131lar ve danslar e\u015fli\u011finde doyas\u0131ya e\u011flendi. B\u00fcy\u00fck\u015fehir Belediyesi Bando ve Orkestras\u0131 konseri ve \u0130smail Baha S\u00fcrelsan Konservatuar\u0131 Dans Toplulu\u011funun Roman dans g\u00f6sterileriyle ba\u015flayan \u015fenlikte vatanda\u015flar H\u0131d\u0131rellez masal\u0131, masal at\u00f6lyesi, sanat \u00e7al\u0131\u015fmalar\u0131, dans g\u00f6sterileri ile keyifli zaman ge\u00e7irdi.<\/p>\n<p>\u00c7ocuklar ve aileleri i\u00e7in d\u00fczenlenen \u00e7uval yar\u0131\u015f\u0131 ve halat \u00e7ekme oyunlar\u0131 da renkli anlara sahne oldu. Kad\u0131n kooperatiflerinin yer ald\u0131\u011f\u0131 g\u0131da, el sanatlar\u0131 hediyelik e\u015fya stantlar\u0131na vatanda\u015flar ilgi g\u00f6sterdi. At\u00f6lye ve sivil toplum kurulu\u015flar\u0131n\u0131n \u00e7e\u015fitli stantlar\u0131n\u0131n da yer ald\u0131\u011f\u0131 \u015fenlik alan\u0131nda vatanda\u015flar \u00f6zel olarak haz\u0131rlanan dilek a\u011fac\u0131na dileklerini ast\u0131. \u015eenlik sonunda ise Antalyal\u0131lar sevilen sanat\u00e7\u0131 Erdin\u00e7 Karadeniz&#8217;in bir birinden e\u011flenceli \u015fark\u0131lar\u0131na e\u015flik ederek bahar\u0131 kar\u015f\u0131lad\u0131.<\/p>\n<p>Kaynak: www.kanalv.com.tr Haber Sitesinden Al\u0131nm\u0131\u015ft\u0131r.<\/p>","protected":false},"excerpt":{"rendered":"<p>Antalya B\u00fcy\u00fck\u015fehir Belediyesi K\u00fclt\u00fcr ve Sosyal \u0130\u015fleri Dairesi Ba\u015fkanl\u0131\u011f\u0131, bollu\u011fun, umudun ve bereketin simgesi, bahar\u0131n m\u00fcjdecisi H\u0131d\u0131rellez&#8217;i Karaalio\u011flu Park\u0131&#8217;nda d\u00fczenledi\u011fi \u015fenlik program\u0131yla kutlad\u0131. Yediden yetmi\u015fe \u015fenlik alan\u0131n\u0131 dolduran Antalyal\u0131lar, \u015fark\u0131lar ve danslar e\u015fli\u011finde doyas\u0131ya e\u011flendi. B\u00fcy\u00fck\u015fehir Belediyesi Bando ve Orkestras\u0131 konseri ve \u0130smail Baha S\u00fcrelsan Konservatuar\u0131 Dans Toplulu\u011funun Roman dans g\u00f6sterileriyle ba\u015flayan \u015fenlikte vatanda\u015flar H\u0131d\u0131rellez masal\u0131, masal at\u00f6lyesi, sanat \u00e7al\u0131\u015fmalar\u0131, dans g\u00f6sterileri ile keyifli zaman ge\u00e7irdi. \u00c7ocuklar ve aileleri i\u00e7in d\u00fczenlenen \u00e7uval yar\u0131\u015f\u0131 ve halat \u00e7ekme oyunlar\u0131 da renkli anlara sahne oldu. Kad\u0131n kooperatiflerinin yer ald\u0131\u011f\u0131 g\u0131da, el sanatlar\u0131 hediyelik e\u015fya stantlar\u0131na vatanda\u015flar ilgi g\u00f6sterdi. At\u00f6lye ve sivil toplum kurulu\u015flar\u0131n\u0131n \u00e7e\u015fitli stantlar\u0131n\u0131n da yer ald\u0131\u011f\u0131 \u015fenlik alan\u0131nda vatanda\u015flar \u00f6zel olarak haz\u0131rlanan dilek a\u011fac\u0131na dileklerini ast\u0131. \u015eenlik sonunda ise Antalyal\u0131lar sevilen sanat\u00e7\u0131 Erdin\u00e7 Karadeniz&#8217;in bir birinden e\u011flenceli \u015fark\u0131lar\u0131na e\u015flik ederek bahar\u0131 kar\u015f\u0131lad\u0131. Kaynak: www.kanalv.com.tr Haber Sitesinden Al\u0131nm\u0131\u015ft\u0131r.<\/p>","protected":false},"author":4,"featured_media":78841,"comment_status":"","ping_status":"open","sticky":false,"template":"","format":"standard","meta":{"_acf_changed":false,"footnotes":""},"categories":[26],"tags":[],"class_list":["post-78840","post","type-post","status-publish","format-standard","has-post-thumbnail","hentry","category-antalya"],"acf":[],"yoast_head":"<!-- This site is optimized with the Yoast SEO Premium plugin v26.6 (Yoast SEO v27.1.1) - https:\/\/yoast.com\/product\/yoast-seo-premium-wordpress\/ -->\n<title>Antalya&#039;da H\u0131d\u0131rellez co\u015fkusu - Av. Deniz Can K\u0131z\u0131l<\/title>\n<meta name=\"robots\" content=\"index, follow, max-snippet:-1, max-image-preview:large, max-video-preview:-1\" \/>\n<link rel=\"canonical\" href=\"http:\/\/denizcankizil.tr\/en\/haberler\/antalya\/antalyada-hidirellez-coskusu\/\" \/>\n<meta property=\"og:locale\" content=\"en_GB\" \/>\n<meta property=\"og:type\" content=\"article\" \/>\n<meta property=\"og:title\" content=\"Antalya&#039;da H\u0131d\u0131rellez co\u015fkusu\" \/>\n<meta property=\"og:description\" content=\"Antalya B\u00fcy\u00fck\u015fehir Belediyesi K\u00fclt\u00fcr ve Sosyal \u0130\u015fleri Dairesi Ba\u015fkanl\u0131\u011f\u0131, bollu\u011fun, umudun ve bereketin simgesi, bahar\u0131n m\u00fcjdecisi H\u0131d\u0131rellez&#8217;i Karaalio\u011flu Park\u0131&#8217;nda d\u00fczenledi\u011fi \u015fenlik program\u0131yla kutlad\u0131. Yediden yetmi\u015fe \u015fenlik alan\u0131n\u0131 dolduran Antalyal\u0131lar, \u015fark\u0131lar ve danslar e\u015fli\u011finde doyas\u0131ya e\u011flendi. B\u00fcy\u00fck\u015fehir Belediyesi Bando ve Orkestras\u0131 konseri ve \u0130smail Baha S\u00fcrelsan Konservatuar\u0131 Dans Toplulu\u011funun Roman dans g\u00f6sterileriyle ba\u015flayan \u015fenlikte vatanda\u015flar H\u0131d\u0131rellez masal\u0131, masal at\u00f6lyesi, sanat \u00e7al\u0131\u015fmalar\u0131, dans g\u00f6sterileri ile keyifli zaman ge\u00e7irdi. \u00c7ocuklar ve aileleri i\u00e7in d\u00fczenlenen \u00e7uval yar\u0131\u015f\u0131 ve halat \u00e7ekme oyunlar\u0131 da renkli anlara sahne oldu. Kad\u0131n kooperatiflerinin yer ald\u0131\u011f\u0131 g\u0131da, el sanatlar\u0131 hediyelik e\u015fya stantlar\u0131na vatanda\u015flar ilgi g\u00f6sterdi. At\u00f6lye ve sivil toplum kurulu\u015flar\u0131n\u0131n \u00e7e\u015fitli stantlar\u0131n\u0131n da yer ald\u0131\u011f\u0131 \u015fenlik alan\u0131nda vatanda\u015flar \u00f6zel olarak haz\u0131rlanan dilek a\u011fac\u0131na dileklerini ast\u0131. \u015eenlik sonunda ise Antalyal\u0131lar sevilen sanat\u00e7\u0131 Erdin\u00e7 Karadeniz&#8217;in bir birinden e\u011flenceli \u015fark\u0131lar\u0131na e\u015flik ederek bahar\u0131 kar\u015f\u0131lad\u0131. Kaynak: www.kanalv.com.tr Haber Sitesinden Al\u0131nm\u0131\u015ft\u0131r.\" \/>\n<meta property=\"og:url\" content=\"http:\/\/denizcankizil.tr\/en\/haberler\/antalya\/antalyada-hidirellez-coskusu\/\" \/>\n<meta property=\"og:site_name\" content=\"Av. Deniz Can K\u0131z\u0131l\" \/>\n<meta property=\"article:published_time\" content=\"2025-05-07T09:41:14+00:00\" \/>\n<meta property=\"og:image\" content=\"http:\/\/denizcankizil.tr\/wp-content\/uploads\/2025\/05\/6207-01-BuIhAJ.jpg\" \/>\n\t<meta property=\"og:image:width\" content=\"1280\" \/>\n\t<meta property=\"og:image:height\" content=\"720\" \/>\n\t<meta property=\"og:image:type\" content=\"image\/jpeg\" \/>\n<meta name=\"author\" content=\"Av. Deniz Can K\u0131z\u0131l\" \/>\n<meta name=\"twitter:card\" content=\"summary_large_image\" \/>\n<meta name=\"twitter:label1\" content=\"Written by\" \/>\n\t<meta name=\"twitter:data1\" content=\"Av. Deniz Can K\u0131z\u0131l\" \/>\n\t<meta name=\"twitter:label2\" content=\"Estimated reading time\" \/>\n\t<meta name=\"twitter:data2\" content=\"1 minute\" \/>\n<script type=\"application\/ld+json\" class=\"yoast-schema-graph\">{\"@context\":\"https:\/\/schema.org\",\"@graph\":[{\"@type\":\"Article\",\"@id\":\"http:\/\/denizcankizil.tr\/en\/haberler\/antalya\/antalyada-hidirellez-coskusu\/#article\",\"isPartOf\":{\"@id\":\"http:\/\/denizcankizil.tr\/en\/haberler\/antalya\/antalyada-hidirellez-coskusu\/\"},\"author\":{\"name\":\"Av. Deniz Can K\u0131z\u0131l\",\"@id\":\"https:\/\/denizcankizil.tr\/de\/#\/schema\/person\/5dc1b22991bd7ac833867c10afc9b0ff\"},\"headline\":\"Antalya&#8217;da H\u0131d\u0131rellez co\u015fkusu\",\"datePublished\":\"2025-05-07T09:41:14+00:00\",\"mainEntityOfPage\":{\"@id\":\"http:\/\/denizcankizil.tr\/en\/haberler\/antalya\/antalyada-hidirellez-coskusu\/\"},\"wordCount\":215,\"publisher\":{\"@id\":\"https:\/\/denizcankizil.tr\/de\/#organization\"},\"image\":{\"@id\":\"http:\/\/denizcankizil.tr\/en\/haberler\/antalya\/antalyada-hidirellez-coskusu\/#primaryimage\"},\"thumbnailUrl\":\"http:\/\/denizcankizil.tr\/wp-content\/uploads\/2025\/05\/6207-01-BuIhAJ.jpg\",\"articleSection\":[\"Antalya\"],\"inLanguage\":\"en-GB\"},{\"@type\":\"WebPage\",\"@id\":\"http:\/\/denizcankizil.tr\/en\/haberler\/antalya\/antalyada-hidirellez-coskusu\/\",\"url\":\"http:\/\/denizcankizil.tr\/en\/haberler\/antalya\/antalyada-hidirellez-coskusu\/\",\"name\":\"Antalya'da H\u0131d\u0131rellez co\u015fkusu - Av. Deniz Can K\u0131z\u0131l\",\"isPartOf\":{\"@id\":\"https:\/\/denizcankizil.tr\/de\/#website\"},\"primaryImageOfPage\":{\"@id\":\"http:\/\/denizcankizil.tr\/en\/haberler\/antalya\/antalyada-hidirellez-coskusu\/#primaryimage\"},\"image\":{\"@id\":\"http:\/\/denizcankizil.tr\/en\/haberler\/antalya\/antalyada-hidirellez-coskusu\/#primaryimage\"},\"thumbnailUrl\":\"http:\/\/denizcankizil.tr\/wp-content\/uploads\/2025\/05\/6207-01-BuIhAJ.jpg\",\"datePublished\":\"2025-05-07T09:41:14+00:00\",\"breadcrumb\":{\"@id\":\"http:\/\/denizcankizil.tr\/en\/haberler\/antalya\/antalyada-hidirellez-coskusu\/#breadcrumb\"},\"inLanguage\":\"en-GB\",\"potentialAction\":[{\"@type\":\"ReadAction\",\"target\":[\"http:\/\/denizcankizil.tr\/en\/haberler\/antalya\/antalyada-hidirellez-coskusu\/\"]}]},{\"@type\":\"ImageObject\",\"inLanguage\":\"en-GB\",\"@id\":\"http:\/\/denizcankizil.tr\/en\/haberler\/antalya\/antalyada-hidirellez-coskusu\/#primaryimage\",\"url\":\"http:\/\/denizcankizil.tr\/wp-content\/uploads\/2025\/05\/6207-01-BuIhAJ.jpg\",\"contentUrl\":\"http:\/\/denizcankizil.tr\/wp-content\/uploads\/2025\/05\/6207-01-BuIhAJ.jpg\",\"width\":1280,\"height\":720},{\"@type\":\"BreadcrumbList\",\"@id\":\"http:\/\/denizcankizil.tr\/en\/haberler\/antalya\/antalyada-hidirellez-coskusu\/#breadcrumb\",\"itemListElement\":[{\"@type\":\"ListItem\",\"position\":1,\"name\":\"Home\",\"item\":\"https:\/\/denizcankizil.tr\/de\/\"},{\"@type\":\"ListItem\",\"position\":2,\"name\":\"Antalya&#8217;da H\u0131d\u0131rellez co\u015fkusu\"}]},{\"@type\":\"WebSite\",\"@id\":\"https:\/\/denizcankizil.tr\/de\/#website\",\"url\":\"https:\/\/denizcankizil.tr\/de\/\",\"name\":\"Av. Deniz Can K\u0131z\u0131l\",\"description\":\"Avukat Deniz Can K\u0131z\u0131l Antalya Barosu\",\"publisher\":{\"@id\":\"https:\/\/denizcankizil.tr\/de\/#organization\"},\"potentialAction\":[{\"@type\":\"SearchAction\",\"target\":{\"@type\":\"EntryPoint\",\"urlTemplate\":\"https:\/\/denizcankizil.tr\/de\/?s={search_term_string}\"},\"query-input\":{\"@type\":\"PropertyValueSpecification\",\"valueRequired\":true,\"valueName\":\"search_term_string\"}}],\"inLanguage\":\"en-GB\"},{\"@type\":\"Organization\",\"@id\":\"https:\/\/denizcankizil.tr\/de\/#organization\",\"name\":\"Av. Deniz Can K\u0131z\u0131l\",\"url\":\"https:\/\/denizcankizil.tr\/de\/\",\"logo\":{\"@type\":\"ImageObject\",\"inLanguage\":\"en-GB\",\"@id\":\"https:\/\/denizcankizil.tr\/de\/#\/schema\/logo\/image\/\",\"url\":\"http:\/\/denizcankizil.tr\/wp-content\/uploads\/2024\/10\/siyah-logo-svg.svg\",\"contentUrl\":\"http:\/\/denizcankizil.tr\/wp-content\/uploads\/2024\/10\/siyah-logo-svg.svg\",\"width\":1080,\"height\":1080,\"caption\":\"Av. Deniz Can K\u0131z\u0131l\"},\"image\":{\"@id\":\"https:\/\/denizcankizil.tr\/de\/#\/schema\/logo\/image\/\"}},{\"@type\":\"Person\",\"@id\":\"https:\/\/denizcankizil.tr\/de\/#\/schema\/person\/5dc1b22991bd7ac833867c10afc9b0ff\",\"name\":\"Av. Deniz Can K\u0131z\u0131l\",\"image\":{\"@type\":\"ImageObject\",\"inLanguage\":\"en-GB\",\"@id\":\"https:\/\/denizcankizil.tr\/de\/#\/schema\/person\/image\/\",\"url\":\"https:\/\/secure.gravatar.com\/avatar\/a0b128fb9855c79efc976d5640eedb31dc35ec297594d6016d2cf7c60e975bb6?s=96&d=mm&r=g\",\"contentUrl\":\"https:\/\/secure.gravatar.com\/avatar\/a0b128fb9855c79efc976d5640eedb31dc35ec297594d6016d2cf7c60e975bb6?s=96&d=mm&r=g\",\"caption\":\"Av. Deniz Can K\u0131z\u0131l\"},\"sameAs\":[\"http:\/\/www.denizcankizil.tr\"],\"url\":\"http:\/\/denizcankizil.tr\/en\/author\/denizcankizil\/\"}]}<\/script>\n<!-- \/ Yoast SEO Premium plugin. -->","yoast_head_json":{"title":"Antalya'da H\u0131d\u0131rellez co\u015fkusu - Av. Deniz Can K\u0131z\u0131l","robots":{"index":"index","follow":"follow","max-snippet":"max-snippet:-1","max-image-preview":"max-image-preview:large","max-video-preview":"max-video-preview:-1"},"canonical":"http:\/\/denizcankizil.tr\/en\/haberler\/antalya\/antalyada-hidirellez-coskusu\/","og_locale":"en_GB","og_type":"article","og_title":"Antalya'da H\u0131d\u0131rellez co\u015fkusu","og_description":"Antalya B\u00fcy\u00fck\u015fehir Belediyesi K\u00fclt\u00fcr ve Sosyal \u0130\u015fleri Dairesi Ba\u015fkanl\u0131\u011f\u0131, bollu\u011fun, umudun ve bereketin simgesi, bahar\u0131n m\u00fcjdecisi H\u0131d\u0131rellez&#8217;i Karaalio\u011flu Park\u0131&#8217;nda d\u00fczenledi\u011fi \u015fenlik program\u0131yla kutlad\u0131. Yediden yetmi\u015fe \u015fenlik alan\u0131n\u0131 dolduran Antalyal\u0131lar, \u015fark\u0131lar ve danslar e\u015fli\u011finde doyas\u0131ya e\u011flendi. B\u00fcy\u00fck\u015fehir Belediyesi Bando ve Orkestras\u0131 konseri ve \u0130smail Baha S\u00fcrelsan Konservatuar\u0131 Dans Toplulu\u011funun Roman dans g\u00f6sterileriyle ba\u015flayan \u015fenlikte vatanda\u015flar H\u0131d\u0131rellez masal\u0131, masal at\u00f6lyesi, sanat \u00e7al\u0131\u015fmalar\u0131, dans g\u00f6sterileri ile keyifli zaman ge\u00e7irdi. \u00c7ocuklar ve aileleri i\u00e7in d\u00fczenlenen \u00e7uval yar\u0131\u015f\u0131 ve halat \u00e7ekme oyunlar\u0131 da renkli anlara sahne oldu. Kad\u0131n kooperatiflerinin yer ald\u0131\u011f\u0131 g\u0131da, el sanatlar\u0131 hediyelik e\u015fya stantlar\u0131na vatanda\u015flar ilgi g\u00f6sterdi. At\u00f6lye ve sivil toplum kurulu\u015flar\u0131n\u0131n \u00e7e\u015fitli stantlar\u0131n\u0131n da yer ald\u0131\u011f\u0131 \u015fenlik alan\u0131nda vatanda\u015flar \u00f6zel olarak haz\u0131rlanan dilek a\u011fac\u0131na dileklerini ast\u0131. \u015eenlik sonunda ise Antalyal\u0131lar sevilen sanat\u00e7\u0131 Erdin\u00e7 Karadeniz&#8217;in bir birinden e\u011flenceli \u015fark\u0131lar\u0131na e\u015flik ederek bahar\u0131 kar\u015f\u0131lad\u0131. Kaynak: www.kanalv.com.tr Haber Sitesinden Al\u0131nm\u0131\u015ft\u0131r.","og_url":"http:\/\/denizcankizil.tr\/en\/haberler\/antalya\/antalyada-hidirellez-coskusu\/","og_site_name":"Av. Deniz Can K\u0131z\u0131l","article_published_time":"2025-05-07T09:41:14+00:00","og_image":[{"width":1280,"height":720,"url":"http:\/\/denizcankizil.tr\/wp-content\/uploads\/2025\/05\/6207-01-BuIhAJ.jpg","type":"image\/jpeg"}],"author":"Av. Deniz Can K\u0131z\u0131l","twitter_card":"summary_large_image","twitter_misc":{"Written by":"Av. Deniz Can K\u0131z\u0131l","Estimated reading time":"1 minute"},"schema":{"@context":"https:\/\/schema.org","@graph":[{"@type":"Article","@id":"http:\/\/denizcankizil.tr\/en\/haberler\/antalya\/antalyada-hidirellez-coskusu\/#article","isPartOf":{"@id":"http:\/\/denizcankizil.tr\/en\/haberler\/antalya\/antalyada-hidirellez-coskusu\/"},"author":{"name":"Av. Deniz Can K\u0131z\u0131l","@id":"https:\/\/denizcankizil.tr\/de\/#\/schema\/person\/5dc1b22991bd7ac833867c10afc9b0ff"},"headline":"Antalya&#8217;da H\u0131d\u0131rellez co\u015fkusu","datePublished":"2025-05-07T09:41:14+00:00","mainEntityOfPage":{"@id":"http:\/\/denizcankizil.tr\/en\/haberler\/antalya\/antalyada-hidirellez-coskusu\/"},"wordCount":215,"publisher":{"@id":"https:\/\/denizcankizil.tr\/de\/#organization"},"image":{"@id":"http:\/\/denizcankizil.tr\/en\/haberler\/antalya\/antalyada-hidirellez-coskusu\/#primaryimage"},"thumbnailUrl":"http:\/\/denizcankizil.tr\/wp-content\/uploads\/2025\/05\/6207-01-BuIhAJ.jpg","articleSection":["Antalya"],"inLanguage":"en-GB"},{"@type":"WebPage","@id":"http:\/\/denizcankizil.tr\/en\/haberler\/antalya\/antalyada-hidirellez-coskusu\/","url":"http:\/\/denizcankizil.tr\/en\/haberler\/antalya\/antalyada-hidirellez-coskusu\/","name":"Antalya'da H\u0131d\u0131rellez co\u015fkusu - Av. Deniz Can K\u0131z\u0131l","isPartOf":{"@id":"https:\/\/denizcankizil.tr\/de\/#website"},"primaryImageOfPage":{"@id":"http:\/\/denizcankizil.tr\/en\/haberler\/antalya\/antalyada-hidirellez-coskusu\/#primaryimage"},"image":{"@id":"http:\/\/denizcankizil.tr\/en\/haberler\/antalya\/antalyada-hidirellez-coskusu\/#primaryimage"},"thumbnailUrl":"http:\/\/denizcankizil.tr\/wp-content\/uploads\/2025\/05\/6207-01-BuIhAJ.jpg","datePublished":"2025-05-07T09:41:14+00:00","breadcrumb":{"@id":"http:\/\/denizcankizil.tr\/en\/haberler\/antalya\/antalyada-hidirellez-coskusu\/#breadcrumb"},"inLanguage":"en-GB","potentialAction":[{"@type":"ReadAction","target":["http:\/\/denizcankizil.tr\/en\/haberler\/antalya\/antalyada-hidirellez-coskusu\/"]}]},{"@type":"ImageObject","inLanguage":"en-GB","@id":"http:\/\/denizcankizil.tr\/en\/haberler\/antalya\/antalyada-hidirellez-coskusu\/#primaryimage","url":"http:\/\/denizcankizil.tr\/wp-content\/uploads\/2025\/05\/6207-01-BuIhAJ.jpg","contentUrl":"http:\/\/denizcankizil.tr\/wp-content\/uploads\/2025\/05\/6207-01-BuIhAJ.jpg","width":1280,"height":720},{"@type":"BreadcrumbList","@id":"http:\/\/denizcankizil.tr\/en\/haberler\/antalya\/antalyada-hidirellez-coskusu\/#breadcrumb","itemListElement":[{"@type":"ListItem","position":1,"name":"Home","item":"https:\/\/denizcankizil.tr\/de\/"},{"@type":"ListItem","position":2,"name":"Antalya&#8217;da H\u0131d\u0131rellez co\u015fkusu"}]},{"@type":"WebSite","@id":"https:\/\/denizcankizil.tr\/de\/#website","url":"https:\/\/denizcankizil.tr\/de\/","name":"Av. Deniz Can K\u0131z\u0131l","description":"Avukat Deniz Can K\u0131z\u0131l Antalya Barosu","publisher":{"@id":"https:\/\/denizcankizil.tr\/de\/#organization"},"potentialAction":[{"@type":"SearchAction","target":{"@type":"EntryPoint","urlTemplate":"https:\/\/denizcankizil.tr\/de\/?s={search_term_string}"},"query-input":{"@type":"PropertyValueSpecification","valueRequired":true,"valueName":"search_term_string"}}],"inLanguage":"en-GB"},{"@type":"Organization","@id":"https:\/\/denizcankizil.tr\/de\/#organization","name":"Av. Deniz Can K\u0131z\u0131l","url":"https:\/\/denizcankizil.tr\/de\/","logo":{"@type":"ImageObject","inLanguage":"en-GB","@id":"https:\/\/denizcankizil.tr\/de\/#\/schema\/logo\/image\/","url":"http:\/\/denizcankizil.tr\/wp-content\/uploads\/2024\/10\/siyah-logo-svg.svg","contentUrl":"http:\/\/denizcankizil.tr\/wp-content\/uploads\/2024\/10\/siyah-logo-svg.svg","width":1080,"height":1080,"caption":"Av. Deniz Can K\u0131z\u0131l"},"image":{"@id":"https:\/\/denizcankizil.tr\/de\/#\/schema\/logo\/image\/"}},{"@type":"Person","@id":"https:\/\/denizcankizil.tr\/de\/#\/schema\/person\/5dc1b22991bd7ac833867c10afc9b0ff","name":"Av. Deniz Can K\u0131z\u0131l","image":{"@type":"ImageObject","inLanguage":"en-GB","@id":"https:\/\/denizcankizil.tr\/de\/#\/schema\/person\/image\/","url":"https:\/\/secure.gravatar.com\/avatar\/a0b128fb9855c79efc976d5640eedb31dc35ec297594d6016d2cf7c60e975bb6?s=96&d=mm&r=g","contentUrl":"https:\/\/secure.gravatar.com\/avatar\/a0b128fb9855c79efc976d5640eedb31dc35ec297594d6016d2cf7c60e975bb6?s=96&d=mm&r=g","caption":"Av. Deniz Can K\u0131z\u0131l"},"sameAs":["http:\/\/www.denizcankizil.tr"],"url":"http:\/\/denizcankizil.tr\/en\/author\/denizcankizil\/"}]}},"_links":{"self":[{"href":"http:\/\/denizcankizil.tr\/en\/wp-json\/wp\/v2\/posts\/78840","targetHints":{"allow":["GET"]}}],"collection":[{"href":"http:\/\/denizcankizil.tr\/en\/wp-json\/wp\/v2\/posts"}],"about":[{"href":"http:\/\/denizcankizil.tr\/en\/wp-json\/wp\/v2\/types\/post"}],"author":[{"embeddable":true,"href":"http:\/\/denizcankizil.tr\/en\/wp-json\/wp\/v2\/users\/4"}],"replies":[{"embeddable":true,"href":"http:\/\/denizcankizil.tr\/en\/wp-json\/wp\/v2\/comments?post=78840"}],"version-history":[{"count":0,"href":"http:\/\/denizcankizil.tr\/en\/wp-json\/wp\/v2\/posts\/78840\/revisions"}],"wp:featuredmedia":[{"embeddable":true,"href":"http:\/\/denizcankizil.tr\/en\/wp-json\/wp\/v2\/media\/78841"}],"wp:attachment":[{"href":"http:\/\/denizcankizil.tr\/en\/wp-json\/wp\/v2\/media?parent=78840"}],"wp:term":[{"taxonomy":"category","embeddable":true,"href":"http:\/\/denizcankizil.tr\/en\/wp-json\/wp\/v2\/categories?post=78840"},{"taxonomy":"post_tag","embeddable":true,"href":"http:\/\/denizcankizil.tr\/en\/wp-json\/wp\/v2\/tags?post=78840"}],"curies":[{"name":"wp","href":"https:\/\/api.w.org\/{rel}","templated":true}]}}