{"id":77922,"date":"2025-05-06T12:42:50","date_gmt":"2025-05-06T09:42:50","guid":{"rendered":"https:\/\/denizcankizil.tr\/uncategorized-tr\/buyuksehir-belediyesi-manavgat-asevi-ihtiyac-sahiplerinin-yaninda-olmaya-devam-ediyor\/"},"modified":"2025-05-06T12:42:50","modified_gmt":"2025-05-06T09:42:50","slug":"buyuksehir-belediyesi-manavgat-asevi-ihtiyac-sahiplerinin-yaninda-olmaya-devam-ediyor","status":"publish","type":"post","link":"http:\/\/denizcankizil.tr\/en\/haberler\/gundem\/buyuksehir-belediyesi-manavgat-asevi-ihtiyac-sahiplerinin-yaninda-olmaya-devam-ediyor\/","title":{"rendered":"B\u00fcy\u00fck\u015fehir Belediyesi Manavgat A\u015fevi  ihtiya\u00e7 sahiplerinin yan\u0131nda olmaya devam ediyor"},"content":{"rendered":"<p>Antalya B\u00fcy\u00fck\u015fehir Belediyesi 19 il\u00e7ede ihtiya\u00e7 sahiplerinin yan\u0131nda olmay\u0131 s\u00fcrd\u00fcr\u00fcyor. B\u00fcy\u00fck\u015fehir Belediyesi\u2019nin Manavgat\u2019ta bulunan A\u015fevi\u2019nde 225 hanedeki ihtiya\u00e7 sahibine g\u00fcnl\u00fck 675 porsiyon yemek veriliyor.<\/p>\n<p>\u200bAntalya B\u00fcy\u00fck\u015fehir Belediyesi 19 il\u00e7ede ihtiya\u00e7 sahiplerinin yan\u0131nda olmay\u0131 s\u00fcrd\u00fcr\u00fcyor. B\u00fcy\u00fck\u015fehir Belediyesi\u2019nin Manavgat\u2019ta bulunan A\u015fevi\u2019nde 225 hanedeki ihtiya\u00e7 sahibine g\u00fcnl\u00fck 675 porsiyon yemek veriliyor.\u00a0<\/p>\n<p>\u200bHaberin Al\u0131nt\u0131land\u0131\u011f\u0131 Kaynak: www.iskenderun.org<\/p>","protected":false},"excerpt":{"rendered":"<p>Antalya B\u00fcy\u00fck\u015fehir Belediyesi 19 il\u00e7ede ihtiya\u00e7 sahiplerinin yan\u0131nda olmay\u0131 s\u00fcrd\u00fcr\u00fcyor. B\u00fcy\u00fck\u015fehir Belediyesi\u2019nin Manavgat\u2019ta bulunan A\u015fevi\u2019nde 225 hanedeki ihtiya\u00e7 sahibine g\u00fcnl\u00fck 675 porsiyon yemek veriliyor. \u200bAntalya B\u00fcy\u00fck\u015fehir Belediyesi 19 il\u00e7ede ihtiya\u00e7 sahiplerinin yan\u0131nda olmay\u0131 s\u00fcrd\u00fcr\u00fcyor. B\u00fcy\u00fck\u015fehir Belediyesi\u2019nin Manavgat\u2019ta bulunan A\u015fevi\u2019nde 225 hanedeki ihtiya\u00e7 sahibine g\u00fcnl\u00fck 675 porsiyon yemek veriliyor.\u00a0 \u200bHaberin Al\u0131nt\u0131land\u0131\u011f\u0131 Kaynak: www.iskenderun.org<\/p>","protected":false},"author":1,"featured_media":0,"comment_status":"","ping_status":"open","sticky":false,"template":"","format":"standard","meta":{"_acf_changed":false,"footnotes":""},"categories":[24],"tags":[],"class_list":["post-77922","post","type-post","status-publish","format-standard","has-post-thumbnail","hentry","category-gundem"],"acf":[],"yoast_head":"<!-- This site is optimized with the Yoast SEO Premium plugin v26.6 (Yoast SEO v27.1.1) - https:\/\/yoast.com\/product\/yoast-seo-premium-wordpress\/ -->\n<title>B\u00fcy\u00fck\u015fehir Belediyesi Manavgat A\u015fevi ihtiya\u00e7 sahiplerinin yan\u0131nda olmaya devam ediyor - Av. Deniz Can K\u0131z\u0131l<\/title>\n<meta name=\"robots\" content=\"index, follow, max-snippet:-1, max-image-preview:large, max-video-preview:-1\" \/>\n<link rel=\"canonical\" href=\"http:\/\/denizcankizil.tr\/en\/haberler\/gundem\/buyuksehir-belediyesi-manavgat-asevi-ihtiyac-sahiplerinin-yaninda-olmaya-devam-ediyor\/\" \/>\n<meta property=\"og:locale\" content=\"en_GB\" \/>\n<meta property=\"og:type\" content=\"article\" \/>\n<meta property=\"og:title\" content=\"B\u00fcy\u00fck\u015fehir Belediyesi Manavgat A\u015fevi ihtiya\u00e7 sahiplerinin yan\u0131nda olmaya devam ediyor\" \/>\n<meta property=\"og:description\" content=\"Antalya B\u00fcy\u00fck\u015fehir Belediyesi 19 il\u00e7ede ihtiya\u00e7 sahiplerinin yan\u0131nda olmay\u0131 s\u00fcrd\u00fcr\u00fcyor. B\u00fcy\u00fck\u015fehir Belediyesi\u2019nin Manavgat\u2019ta bulunan A\u015fevi\u2019nde 225 hanedeki ihtiya\u00e7 sahibine g\u00fcnl\u00fck 675 porsiyon yemek veriliyor. \u200bAntalya B\u00fcy\u00fck\u015fehir Belediyesi 19 il\u00e7ede ihtiya\u00e7 sahiplerinin yan\u0131nda olmay\u0131 s\u00fcrd\u00fcr\u00fcyor. B\u00fcy\u00fck\u015fehir Belediyesi\u2019nin Manavgat\u2019ta bulunan A\u015fevi\u2019nde 225 hanedeki ihtiya\u00e7 sahibine g\u00fcnl\u00fck 675 porsiyon yemek veriliyor.\u00a0 \u200bHaberin Al\u0131nt\u0131land\u0131\u011f\u0131 Kaynak: www.iskenderun.org\" \/>\n<meta property=\"og:url\" content=\"http:\/\/denizcankizil.tr\/en\/haberler\/gundem\/buyuksehir-belediyesi-manavgat-asevi-ihtiyac-sahiplerinin-yaninda-olmaya-devam-ediyor\/\" \/>\n<meta property=\"og:site_name\" content=\"Av. Deniz Can K\u0131z\u0131l\" \/>\n<meta property=\"article:published_time\" content=\"2025-05-06T09:42:50+00:00\" \/>\n<meta name=\"author\" content=\"admin\" \/>\n<meta name=\"twitter:card\" content=\"summary_large_image\" \/>\n<meta name=\"twitter:label1\" content=\"Written by\" \/>\n\t<meta name=\"twitter:data1\" content=\"admin\" \/>\n<script type=\"application\/ld+json\" class=\"yoast-schema-graph\">{\"@context\":\"https:\/\/schema.org\",\"@graph\":[{\"@type\":\"Article\",\"@id\":\"http:\/\/denizcankizil.tr\/en\/haberler\/gundem\/buyuksehir-belediyesi-manavgat-asevi-ihtiyac-sahiplerinin-yaninda-olmaya-devam-ediyor\/#article\",\"isPartOf\":{\"@id\":\"http:\/\/denizcankizil.tr\/en\/haberler\/gundem\/buyuksehir-belediyesi-manavgat-asevi-ihtiyac-sahiplerinin-yaninda-olmaya-devam-ediyor\/\"},\"author\":{\"name\":\"admin\",\"@id\":\"https:\/\/denizcankizil.tr\/de\/#\/schema\/person\/be3c05fe6a12686905512445d8185489\"},\"headline\":\"B\u00fcy\u00fck\u015fehir Belediyesi Manavgat A\u015fevi ihtiya\u00e7 sahiplerinin yan\u0131nda olmaya devam ediyor\",\"datePublished\":\"2025-05-06T09:42:50+00:00\",\"mainEntityOfPage\":{\"@id\":\"http:\/\/denizcankizil.tr\/en\/haberler\/gundem\/buyuksehir-belediyesi-manavgat-asevi-ihtiyac-sahiplerinin-yaninda-olmaya-devam-ediyor\/\"},\"wordCount\":99,\"publisher\":{\"@id\":\"https:\/\/denizcankizil.tr\/de\/#organization\"},\"articleSection\":[\"G\u00fcndem\"],\"inLanguage\":\"en-GB\"},{\"@type\":\"WebPage\",\"@id\":\"http:\/\/denizcankizil.tr\/en\/haberler\/gundem\/buyuksehir-belediyesi-manavgat-asevi-ihtiyac-sahiplerinin-yaninda-olmaya-devam-ediyor\/\",\"url\":\"http:\/\/denizcankizil.tr\/en\/haberler\/gundem\/buyuksehir-belediyesi-manavgat-asevi-ihtiyac-sahiplerinin-yaninda-olmaya-devam-ediyor\/\",\"name\":\"B\u00fcy\u00fck\u015fehir Belediyesi Manavgat A\u015fevi ihtiya\u00e7 sahiplerinin yan\u0131nda olmaya devam ediyor - Av. Deniz Can K\u0131z\u0131l\",\"isPartOf\":{\"@id\":\"https:\/\/denizcankizil.tr\/de\/#website\"},\"datePublished\":\"2025-05-06T09:42:50+00:00\",\"breadcrumb\":{\"@id\":\"http:\/\/denizcankizil.tr\/en\/haberler\/gundem\/buyuksehir-belediyesi-manavgat-asevi-ihtiyac-sahiplerinin-yaninda-olmaya-devam-ediyor\/#breadcrumb\"},\"inLanguage\":\"en-GB\",\"potentialAction\":[{\"@type\":\"ReadAction\",\"target\":[\"http:\/\/denizcankizil.tr\/en\/haberler\/gundem\/buyuksehir-belediyesi-manavgat-asevi-ihtiyac-sahiplerinin-yaninda-olmaya-devam-ediyor\/\"]}]},{\"@type\":\"BreadcrumbList\",\"@id\":\"http:\/\/denizcankizil.tr\/en\/haberler\/gundem\/buyuksehir-belediyesi-manavgat-asevi-ihtiyac-sahiplerinin-yaninda-olmaya-devam-ediyor\/#breadcrumb\",\"itemListElement\":[{\"@type\":\"ListItem\",\"position\":1,\"name\":\"Home\",\"item\":\"https:\/\/denizcankizil.tr\/de\/\"},{\"@type\":\"ListItem\",\"position\":2,\"name\":\"B\u00fcy\u00fck\u015fehir Belediyesi Manavgat A\u015fevi ihtiya\u00e7 sahiplerinin yan\u0131nda olmaya devam ediyor\"}]},{\"@type\":\"WebSite\",\"@id\":\"https:\/\/denizcankizil.tr\/de\/#website\",\"url\":\"https:\/\/denizcankizil.tr\/de\/\",\"name\":\"Av. Deniz Can K\u0131z\u0131l\",\"description\":\"Avukat Deniz Can K\u0131z\u0131l Antalya Barosu\",\"publisher\":{\"@id\":\"https:\/\/denizcankizil.tr\/de\/#organization\"},\"potentialAction\":[{\"@type\":\"SearchAction\",\"target\":{\"@type\":\"EntryPoint\",\"urlTemplate\":\"https:\/\/denizcankizil.tr\/de\/?s={search_term_string}\"},\"query-input\":{\"@type\":\"PropertyValueSpecification\",\"valueRequired\":true,\"valueName\":\"search_term_string\"}}],\"inLanguage\":\"en-GB\"},{\"@type\":\"Organization\",\"@id\":\"https:\/\/denizcankizil.tr\/de\/#organization\",\"name\":\"Av. Deniz Can K\u0131z\u0131l\",\"url\":\"https:\/\/denizcankizil.tr\/de\/\",\"logo\":{\"@type\":\"ImageObject\",\"inLanguage\":\"en-GB\",\"@id\":\"https:\/\/denizcankizil.tr\/de\/#\/schema\/logo\/image\/\",\"url\":\"http:\/\/denizcankizil.tr\/wp-content\/uploads\/2024\/10\/siyah-logo-svg.svg\",\"contentUrl\":\"http:\/\/denizcankizil.tr\/wp-content\/uploads\/2024\/10\/siyah-logo-svg.svg\",\"width\":1080,\"height\":1080,\"caption\":\"Av. Deniz Can K\u0131z\u0131l\"},\"image\":{\"@id\":\"https:\/\/denizcankizil.tr\/de\/#\/schema\/logo\/image\/\"}},{\"@type\":\"Person\",\"@id\":\"https:\/\/denizcankizil.tr\/de\/#\/schema\/person\/be3c05fe6a12686905512445d8185489\",\"name\":\"admin\",\"image\":{\"@type\":\"ImageObject\",\"inLanguage\":\"en-GB\",\"@id\":\"https:\/\/denizcankizil.tr\/de\/#\/schema\/person\/image\/\",\"url\":\"https:\/\/secure.gravatar.com\/avatar\/c1fce94c830dc79107e174f890d7210541c4a63e8e5d816341794a2151c9d58c?s=96&d=mm&r=g\",\"contentUrl\":\"https:\/\/secure.gravatar.com\/avatar\/c1fce94c830dc79107e174f890d7210541c4a63e8e5d816341794a2151c9d58c?s=96&d=mm&r=g\",\"caption\":\"admin\"},\"sameAs\":[\"http:\/\/denizcankizil.tr\"],\"url\":\"https:\/\/www.iskenderun.org\/buyuksehir-belediyesi-manavgat-asevi-ihtiyac-sahiplerinin-yaninda-olmaya-devam-ediyor\"}]}<\/script>\n<!-- \/ Yoast SEO Premium plugin. -->","yoast_head_json":{"title":"B\u00fcy\u00fck\u015fehir Belediyesi Manavgat A\u015fevi ihtiya\u00e7 sahiplerinin yan\u0131nda olmaya devam ediyor - Av. Deniz Can K\u0131z\u0131l","robots":{"index":"index","follow":"follow","max-snippet":"max-snippet:-1","max-image-preview":"max-image-preview:large","max-video-preview":"max-video-preview:-1"},"canonical":"http:\/\/denizcankizil.tr\/en\/haberler\/gundem\/buyuksehir-belediyesi-manavgat-asevi-ihtiyac-sahiplerinin-yaninda-olmaya-devam-ediyor\/","og_locale":"en_GB","og_type":"article","og_title":"B\u00fcy\u00fck\u015fehir Belediyesi Manavgat A\u015fevi ihtiya\u00e7 sahiplerinin yan\u0131nda olmaya devam ediyor","og_description":"Antalya B\u00fcy\u00fck\u015fehir Belediyesi 19 il\u00e7ede ihtiya\u00e7 sahiplerinin yan\u0131nda olmay\u0131 s\u00fcrd\u00fcr\u00fcyor. B\u00fcy\u00fck\u015fehir Belediyesi\u2019nin Manavgat\u2019ta bulunan A\u015fevi\u2019nde 225 hanedeki ihtiya\u00e7 sahibine g\u00fcnl\u00fck 675 porsiyon yemek veriliyor. \u200bAntalya B\u00fcy\u00fck\u015fehir Belediyesi 19 il\u00e7ede ihtiya\u00e7 sahiplerinin yan\u0131nda olmay\u0131 s\u00fcrd\u00fcr\u00fcyor. B\u00fcy\u00fck\u015fehir Belediyesi\u2019nin Manavgat\u2019ta bulunan A\u015fevi\u2019nde 225 hanedeki ihtiya\u00e7 sahibine g\u00fcnl\u00fck 675 porsiyon yemek veriliyor.\u00a0 \u200bHaberin Al\u0131nt\u0131land\u0131\u011f\u0131 Kaynak: www.iskenderun.org","og_url":"http:\/\/denizcankizil.tr\/en\/haberler\/gundem\/buyuksehir-belediyesi-manavgat-asevi-ihtiyac-sahiplerinin-yaninda-olmaya-devam-ediyor\/","og_site_name":"Av. Deniz Can K\u0131z\u0131l","article_published_time":"2025-05-06T09:42:50+00:00","author":"admin","twitter_card":"summary_large_image","twitter_misc":{"Written by":"admin"},"schema":{"@context":"https:\/\/schema.org","@graph":[{"@type":"Article","@id":"http:\/\/denizcankizil.tr\/en\/haberler\/gundem\/buyuksehir-belediyesi-manavgat-asevi-ihtiyac-sahiplerinin-yaninda-olmaya-devam-ediyor\/#article","isPartOf":{"@id":"http:\/\/denizcankizil.tr\/en\/haberler\/gundem\/buyuksehir-belediyesi-manavgat-asevi-ihtiyac-sahiplerinin-yaninda-olmaya-devam-ediyor\/"},"author":{"name":"admin","@id":"https:\/\/denizcankizil.tr\/de\/#\/schema\/person\/be3c05fe6a12686905512445d8185489"},"headline":"B\u00fcy\u00fck\u015fehir Belediyesi Manavgat A\u015fevi ihtiya\u00e7 sahiplerinin yan\u0131nda olmaya devam ediyor","datePublished":"2025-05-06T09:42:50+00:00","mainEntityOfPage":{"@id":"http:\/\/denizcankizil.tr\/en\/haberler\/gundem\/buyuksehir-belediyesi-manavgat-asevi-ihtiyac-sahiplerinin-yaninda-olmaya-devam-ediyor\/"},"wordCount":99,"publisher":{"@id":"https:\/\/denizcankizil.tr\/de\/#organization"},"articleSection":["G\u00fcndem"],"inLanguage":"en-GB"},{"@type":"WebPage","@id":"http:\/\/denizcankizil.tr\/en\/haberler\/gundem\/buyuksehir-belediyesi-manavgat-asevi-ihtiyac-sahiplerinin-yaninda-olmaya-devam-ediyor\/","url":"http:\/\/denizcankizil.tr\/en\/haberler\/gundem\/buyuksehir-belediyesi-manavgat-asevi-ihtiyac-sahiplerinin-yaninda-olmaya-devam-ediyor\/","name":"B\u00fcy\u00fck\u015fehir Belediyesi Manavgat A\u015fevi ihtiya\u00e7 sahiplerinin yan\u0131nda olmaya devam ediyor - Av. Deniz Can K\u0131z\u0131l","isPartOf":{"@id":"https:\/\/denizcankizil.tr\/de\/#website"},"datePublished":"2025-05-06T09:42:50+00:00","breadcrumb":{"@id":"http:\/\/denizcankizil.tr\/en\/haberler\/gundem\/buyuksehir-belediyesi-manavgat-asevi-ihtiyac-sahiplerinin-yaninda-olmaya-devam-ediyor\/#breadcrumb"},"inLanguage":"en-GB","potentialAction":[{"@type":"ReadAction","target":["http:\/\/denizcankizil.tr\/en\/haberler\/gundem\/buyuksehir-belediyesi-manavgat-asevi-ihtiyac-sahiplerinin-yaninda-olmaya-devam-ediyor\/"]}]},{"@type":"BreadcrumbList","@id":"http:\/\/denizcankizil.tr\/en\/haberler\/gundem\/buyuksehir-belediyesi-manavgat-asevi-ihtiyac-sahiplerinin-yaninda-olmaya-devam-ediyor\/#breadcrumb","itemListElement":[{"@type":"ListItem","position":1,"name":"Home","item":"https:\/\/denizcankizil.tr\/de\/"},{"@type":"ListItem","position":2,"name":"B\u00fcy\u00fck\u015fehir Belediyesi Manavgat A\u015fevi ihtiya\u00e7 sahiplerinin yan\u0131nda olmaya devam ediyor"}]},{"@type":"WebSite","@id":"https:\/\/denizcankizil.tr\/de\/#website","url":"https:\/\/denizcankizil.tr\/de\/","name":"Av. Deniz Can K\u0131z\u0131l","description":"Avukat Deniz Can K\u0131z\u0131l Antalya Barosu","publisher":{"@id":"https:\/\/denizcankizil.tr\/de\/#organization"},"potentialAction":[{"@type":"SearchAction","target":{"@type":"EntryPoint","urlTemplate":"https:\/\/denizcankizil.tr\/de\/?s={search_term_string}"},"query-input":{"@type":"PropertyValueSpecification","valueRequired":true,"valueName":"search_term_string"}}],"inLanguage":"en-GB"},{"@type":"Organization","@id":"https:\/\/denizcankizil.tr\/de\/#organization","name":"Av. Deniz Can K\u0131z\u0131l","url":"https:\/\/denizcankizil.tr\/de\/","logo":{"@type":"ImageObject","inLanguage":"en-GB","@id":"https:\/\/denizcankizil.tr\/de\/#\/schema\/logo\/image\/","url":"http:\/\/denizcankizil.tr\/wp-content\/uploads\/2024\/10\/siyah-logo-svg.svg","contentUrl":"http:\/\/denizcankizil.tr\/wp-content\/uploads\/2024\/10\/siyah-logo-svg.svg","width":1080,"height":1080,"caption":"Av. Deniz Can K\u0131z\u0131l"},"image":{"@id":"https:\/\/denizcankizil.tr\/de\/#\/schema\/logo\/image\/"}},{"@type":"Person","@id":"https:\/\/denizcankizil.tr\/de\/#\/schema\/person\/be3c05fe6a12686905512445d8185489","name":"admin","image":{"@type":"ImageObject","inLanguage":"en-GB","@id":"https:\/\/denizcankizil.tr\/de\/#\/schema\/person\/image\/","url":"https:\/\/secure.gravatar.com\/avatar\/c1fce94c830dc79107e174f890d7210541c4a63e8e5d816341794a2151c9d58c?s=96&d=mm&r=g","contentUrl":"https:\/\/secure.gravatar.com\/avatar\/c1fce94c830dc79107e174f890d7210541c4a63e8e5d816341794a2151c9d58c?s=96&d=mm&r=g","caption":"admin"},"sameAs":["http:\/\/denizcankizil.tr"],"url":"https:\/\/www.iskenderun.org\/buyuksehir-belediyesi-manavgat-asevi-ihtiyac-sahiplerinin-yaninda-olmaya-devam-ediyor"}]}},"_links":{"self":[{"href":"http:\/\/denizcankizil.tr\/en\/wp-json\/wp\/v2\/posts\/77922","targetHints":{"allow":["GET"]}}],"collection":[{"href":"http:\/\/denizcankizil.tr\/en\/wp-json\/wp\/v2\/posts"}],"about":[{"href":"http:\/\/denizcankizil.tr\/en\/wp-json\/wp\/v2\/types\/post"}],"author":[{"embeddable":true,"href":"http:\/\/denizcankizil.tr\/en\/wp-json\/wp\/v2\/users\/1"}],"replies":[{"embeddable":true,"href":"http:\/\/denizcankizil.tr\/en\/wp-json\/wp\/v2\/comments?post=77922"}],"version-history":[{"count":0,"href":"http:\/\/denizcankizil.tr\/en\/wp-json\/wp\/v2\/posts\/77922\/revisions"}],"wp:attachment":[{"href":"http:\/\/denizcankizil.tr\/en\/wp-json\/wp\/v2\/media?parent=77922"}],"wp:term":[{"taxonomy":"category","embeddable":true,"href":"http:\/\/denizcankizil.tr\/en\/wp-json\/wp\/v2\/categories?post=77922"},{"taxonomy":"post_tag","embeddable":true,"href":"http:\/\/denizcankizil.tr\/en\/wp-json\/wp\/v2\/tags?post=77922"}],"curies":[{"name":"wp","href":"https:\/\/api.w.org\/{rel}","templated":true}]}}