{"id":75847,"date":"2025-05-04T15:42:18","date_gmt":"2025-05-04T12:42:18","guid":{"rendered":"https:\/\/denizcankizil.tr\/uncategorized-tr\/bursada-guvenli-sehir-icin-guc-birligi\/"},"modified":"2025-05-04T15:42:18","modified_gmt":"2025-05-04T12:42:18","slug":"bursada-guvenli-sehir-icin-guc-birligi","status":"publish","type":"post","link":"http:\/\/denizcankizil.tr\/en\/haberler\/gundem\/bursada-guvenli-sehir-icin-guc-birligi\/","title":{"rendered":"Bursa&#8217;da g\u00fcvenli \u015fehir i\u00e7in g\u00fc\u00e7 birli\u011fi"},"content":{"rendered":"<p>Bursa Belediyeler Birli\u011fi\u2019nin, \u015fehrin kamu kurumlar\u0131n\u0131n, STK\u2019lar\u0131n ve sekt\u00f6r temsilcilerinin kat\u0131l\u0131m\u0131yla d\u00fczenledi\u011fi \u2018Kamusal Alanlarda \u0130\u015f Sa\u011fl\u0131\u011f\u0131 ve \u0130\u015f G\u00fcvenli\u011fi \u00c7al\u0131\u015ftay\u0131\u2019nda i\u015f sa\u011fl\u0131\u011f\u0131 ve g\u00fcvenli\u011fi konular\u0131 mercek alt\u0131na al\u0131nacak.BURSA (\u0130GFA) &#8211; Bursa Belediyeler Birli\u011fi, kamusal alanlardaki i\u015f sa\u011fl\u0131\u011f\u0131 ve i\u015f g\u00fcvenli\u011fi alanlar\u0131nda, yeni yakla\u015f\u0131mlar ortaya koymak, belediyeler aras\u0131ndaki i\u015f birli\u011fini ve kamusal verimlili\u011fi artt\u0131rmak i\u00e7in \u2018Kamusal Alanlarda \u0130\u015f Sa\u011fl\u0131\u011f\u0131 ve \u0130\u015f G\u00fcvenli\u011fi \u00c7al\u0131\u015ftay\u0131 d\u00fczenliyor.<br \/>\n8-9 May\u0131s tarihlerinde Merinos Atat\u00fcrk Kongre K\u00fclt\u00fcr Merkezi\u2019nde, Bursa Belediyeler Birli\u011fi ve Y\u0131ld\u0131r\u0131m Belediye Ba\u015fkan\u0131 Oktay Y\u0131lmaz\u2019\u0131n ev sahipli\u011finde ger\u00e7ekle\u015ftirilecek \u00e7al\u0131\u015ftaya, birli\u011fe \u00fcye belediye ba\u015fkanlar\u0131 ve kamu kurum ve kurulu\u015flar\u0131n\u0131n temsilcileri, STK temsilcilerinin yan\u0131 s\u0131ra uzmanlar kat\u0131lacak.\u00a0<br \/>\n\u00c7al\u0131\u015ftay masalar\u0131nda g\u00f6rev alan alan\u0131nda uzman 150\u2019nin \u00fczerinde kat\u0131l\u0131mc\u0131 ile Kamusal Alanlarda \u0130\u015f Kazalar\u0131, \u0130SG Teknolojileri ve Dijital \u00c7\u00f6z\u00fcmler, Acil Durum Y\u00f6netimi ve Planlamas\u0131 Psikososyal Riskler, Meslek Hastal\u0131klar\u0131 ve \u00c7al\u0131\u015fan Sa\u011fl\u0131\u011f\u0131 gibi 9 farkl\u0131 ba\u015fl\u0131k masaya yat\u0131r\u0131lacak.<\/p>\n<p>BURSA VE BURSALILAR KAZANACAK<br \/>\nKamusal alanlardaki \u00e7al\u0131\u015fan sa\u011fl\u0131\u011f\u0131n\u0131n iyile\u015ftirilmesinin i\u015f g\u00fcvenli\u011fi alan\u0131nda hayata ge\u00e7irilecek uygulamalar\u0131n halka daha nitelikli ve h\u0131zl\u0131 hizmet olarak geriye d\u00f6nece\u011finin alt\u0131n\u0131 \u00e7izen Bursa Belediyeler Birli\u011fi ve Y\u0131ld\u0131r\u0131m Belediye Ba\u015fkan\u0131 Oktay Y\u0131lmaz, \u201cBu \u00e7al\u0131\u015ftayda sunulacak fikirler, al\u0131nacak kararlar sadece \u015fehrimizin i\u015f sa\u011fl\u0131\u011f\u0131 ve i\u015f g\u00fcvenli\u011fi alanlar\u0131ndaki standartlar\u0131n\u0131 y\u00fckseltmekle kalmayacak Bursa\u2019n\u0131n vizyonuna da de\u011fer katacak. Bundan dolay\u0131 bu \u00e7ok \u00f6nemli etkinli\u011finin yap\u0131lmas\u0131 i\u00e7in katk\u0131 sa\u011flayan payda\u015flar\u0131m\u0131z, STK\u2019lar, \u00dcniversitelerimiz, Birlik \u00fcyesi belediyelerimize ve kamu kurumlar\u0131n\u0131n temsilcilerine g\u00f6sterdikleri tevecc\u00fch i\u00e7in te\u015fekk\u00fcr ederim\u201d dedi.<br \/>\nZORUNLULUK DE\u011e\u0130L SORUMLULUK<br \/>\n\u00a0\u00c7al\u0131\u015fan sa\u011fl\u0131\u011f\u0131n\u0131 ve i\u015f g\u00fcvenli\u011fini yasal bir zorunluluktan ziyade insani bir sorumluluk olarak kabul ettiklerini vurgulayan Ba\u015fkan Y\u0131lmaz, \u201cKurumlar\u0131m\u0131z\u0131n isimleri ve i\u015flevleri farkl\u0131 olabilir ancak hepimizin ortak paydas\u0131 Bursa. Gayemiz de hedefimiz de dayan\u0131\u015fma ruhu ve ortak ak\u0131lla hayat\u0131n her alan\u0131nda \u00f6rnek ve marka \u015fehir Bursa vizyonuna katk\u0131 sa\u011flamak. Bu \u00e7al\u0131\u015ftay\u0131n \u015fehrin; huzur, g\u00fcvenine Bursal\u0131lar\u0131n mutlulu\u011funa katk\u0131 sa\u011flayaca\u011f\u0131na inanc\u0131m\u0131z tam. \u00c7al\u0131\u015ftay\u0131m\u0131z\u0131n hay\u0131rl\u0131 olmas\u0131n\u0131 diliyorum\u201d ifadelerini kulland\u0131.<\/p>\n<p>\u200bBursa Belediyeler Birli\u011fi\u2019nin, \u015fehrin kamu kurumlar\u0131n\u0131n, STK\u2019lar\u0131n ve sekt\u00f6r temsilcilerinin kat\u0131l\u0131m\u0131yla d\u00fczenledi\u011fi \u2018Kamusal Alanlarda \u0130\u015f Sa\u011fl\u0131\u011f\u0131 ve \u0130\u015f G\u00fcvenli\u011fi \u00c7al\u0131\u015ftay\u0131\u2019nda i\u015f sa\u011fl\u0131\u011f\u0131 ve g\u00fcvenli\u011fi konular\u0131 mercek alt\u0131na al\u0131nacak.BURSA (\u0130GFA) &#8211; Bursa Belediyeler Birli\u011fi, kamusal alanlardaki i\u015f sa\u011fl\u0131\u011f\u0131 ve i\u015f g\u00fcvenli\u011fi alanlar\u0131nda, yeni yakla\u015f\u0131mlar ortaya koymak, belediyeler aras\u0131ndaki i\u015f birli\u011fini ve kamusal verimlili\u011fi artt\u0131rmak i\u00e7in \u2018Kamusal Alanlarda \u0130\u015f Sa\u011fl\u0131\u011f\u0131 ve \u0130\u015f G\u00fcvenli\u011fi \u00c7al\u0131\u015ftay\u0131 d\u00fczenliyor.<br \/>\n8-9 May\u0131s tarihlerinde Merinos Atat\u00fcrk Kongre K\u00fclt\u00fcr Merkezi\u2019nde, Bursa Belediyeler Birli\u011fi ve Y\u0131ld\u0131r\u0131m Belediye Ba\u015fkan\u0131 Oktay Y\u0131lmaz\u2019\u0131n ev sahipli\u011finde ger\u00e7ekle\u015ftirilecek \u00e7al\u0131\u015ftaya, birli\u011fe \u00fcye belediye ba\u015fkanlar\u0131 ve kamu kurum ve kurulu\u015flar\u0131n\u0131n temsilcileri, STK temsilcilerinin yan\u0131 s\u0131ra uzmanlar kat\u0131lacak.\u00a0<br \/>\n\u00c7al\u0131\u015ftay masalar\u0131nda g\u00f6rev alan alan\u0131nda uzman 150\u2019nin \u00fczerinde kat\u0131l\u0131mc\u0131 ile Kamusal Alanlarda \u0130\u015f Kazalar\u0131, \u0130SG Teknolojileri ve Dijital \u00c7\u00f6z\u00fcmler, Acil Durum Y\u00f6netimi ve Planlamas\u0131 Psikososyal Riskler, Meslek Hastal\u0131klar\u0131 ve \u00c7al\u0131\u015fan Sa\u011fl\u0131\u011f\u0131 gibi 9 farkl\u0131 ba\u015fl\u0131k masaya yat\u0131r\u0131lacak.<\/p>\n<p>BURSA VE BURSALILAR KAZANACAK<br \/>\nKamusal alanlardaki \u00e7al\u0131\u015fan sa\u011fl\u0131\u011f\u0131n\u0131n iyile\u015ftirilmesinin i\u015f g\u00fcvenli\u011fi alan\u0131nda hayata ge\u00e7irilecek uygulamalar\u0131n halka daha nitelikli ve h\u0131zl\u0131 hizmet olarak geriye d\u00f6nece\u011finin alt\u0131n\u0131 \u00e7izen Bursa Belediyeler Birli\u011fi ve Y\u0131ld\u0131r\u0131m Belediye Ba\u015fkan\u0131 Oktay Y\u0131lmaz, \u201cBu \u00e7al\u0131\u015ftayda sunulacak fikirler, al\u0131nacak kararlar sadece \u015fehrimizin i\u015f sa\u011fl\u0131\u011f\u0131 ve i\u015f g\u00fcvenli\u011fi alanlar\u0131ndaki standartlar\u0131n\u0131 y\u00fckseltmekle kalmayacak Bursa\u2019n\u0131n vizyonuna da de\u011fer katacak. Bundan dolay\u0131 bu \u00e7ok \u00f6nemli etkinli\u011finin yap\u0131lmas\u0131 i\u00e7in katk\u0131 sa\u011flayan payda\u015flar\u0131m\u0131z, STK\u2019lar, \u00dcniversitelerimiz, Birlik \u00fcyesi belediyelerimize ve kamu kurumlar\u0131n\u0131n temsilcilerine g\u00f6sterdikleri tevecc\u00fch i\u00e7in te\u015fekk\u00fcr ederim\u201d dedi.<br \/>\nZORUNLULUK DE\u011e\u0130L SORUMLULUK<br \/>\n\u00a0\u00c7al\u0131\u015fan sa\u011fl\u0131\u011f\u0131n\u0131 ve i\u015f g\u00fcvenli\u011fini yasal bir zorunluluktan ziyade insani bir sorumluluk olarak kabul ettiklerini vurgulayan Ba\u015fkan Y\u0131lmaz, \u201cKurumlar\u0131m\u0131z\u0131n isimleri ve i\u015flevleri farkl\u0131 olabilir ancak hepimizin ortak paydas\u0131 Bursa. Gayemiz de hedefimiz de dayan\u0131\u015fma ruhu ve ortak ak\u0131lla hayat\u0131n her alan\u0131nda \u00f6rnek ve marka \u015fehir Bursa vizyonuna katk\u0131 sa\u011flamak. Bu \u00e7al\u0131\u015ftay\u0131n \u015fehrin; huzur, g\u00fcvenine Bursal\u0131lar\u0131n mutlulu\u011funa katk\u0131 sa\u011flayaca\u011f\u0131na inanc\u0131m\u0131z tam. \u00c7al\u0131\u015ftay\u0131m\u0131z\u0131n hay\u0131rl\u0131 olmas\u0131n\u0131 diliyorum\u201d ifadelerini kulland\u0131.\u00a0<\/p>\n<p>\u200bHaberin Al\u0131nt\u0131land\u0131\u011f\u0131 Kaynak: www.iskenderun.org<\/p>","protected":false},"excerpt":{"rendered":"<p>Bursa Belediyeler Birli\u011fi\u2019nin, \u015fehrin kamu kurumlar\u0131n\u0131n, STK\u2019lar\u0131n ve sekt\u00f6r temsilcilerinin kat\u0131l\u0131m\u0131yla d\u00fczenledi\u011fi \u2018Kamusal Alanlarda \u0130\u015f Sa\u011fl\u0131\u011f\u0131 ve \u0130\u015f G\u00fcvenli\u011fi \u00c7al\u0131\u015ftay\u0131\u2019nda i\u015f sa\u011fl\u0131\u011f\u0131 ve g\u00fcvenli\u011fi konular\u0131 mercek alt\u0131na al\u0131nacak.BURSA (\u0130GFA) &#8211; Bursa Belediyeler Birli\u011fi, kamusal alanlardaki i\u015f sa\u011fl\u0131\u011f\u0131 ve i\u015f g\u00fcvenli\u011fi alanlar\u0131nda, yeni yakla\u015f\u0131mlar ortaya koymak, belediyeler aras\u0131ndaki i\u015f birli\u011fini ve kamusal verimlili\u011fi artt\u0131rmak i\u00e7in \u2018Kamusal Alanlarda \u0130\u015f Sa\u011fl\u0131\u011f\u0131 ve \u0130\u015f G\u00fcvenli\u011fi \u00c7al\u0131\u015ftay\u0131 d\u00fczenliyor. 8-9 May\u0131s tarihlerinde Merinos Atat\u00fcrk Kongre K\u00fclt\u00fcr Merkezi\u2019nde, Bursa Belediyeler Birli\u011fi ve Y\u0131ld\u0131r\u0131m Belediye Ba\u015fkan\u0131 Oktay Y\u0131lmaz\u2019\u0131n ev sahipli\u011finde ger\u00e7ekle\u015ftirilecek \u00e7al\u0131\u015ftaya, birli\u011fe \u00fcye belediye ba\u015fkanlar\u0131 ve kamu kurum ve kurulu\u015flar\u0131n\u0131n temsilcileri, STK temsilcilerinin yan\u0131 s\u0131ra uzmanlar kat\u0131lacak.\u00a0 \u00c7al\u0131\u015ftay masalar\u0131nda g\u00f6rev alan alan\u0131nda uzman 150\u2019nin \u00fczerinde kat\u0131l\u0131mc\u0131 ile Kamusal Alanlarda \u0130\u015f Kazalar\u0131, \u0130SG Teknolojileri ve Dijital \u00c7\u00f6z\u00fcmler, Acil Durum Y\u00f6netimi ve Planlamas\u0131 Psikososyal Riskler, Meslek Hastal\u0131klar\u0131 ve \u00c7al\u0131\u015fan Sa\u011fl\u0131\u011f\u0131 gibi 9 farkl\u0131 ba\u015fl\u0131k masaya yat\u0131r\u0131lacak. BURSA VE BURSALILAR KAZANACAK Kamusal alanlardaki \u00e7al\u0131\u015fan sa\u011fl\u0131\u011f\u0131n\u0131n iyile\u015ftirilmesinin i\u015f g\u00fcvenli\u011fi alan\u0131nda hayata ge\u00e7irilecek uygulamalar\u0131n halka daha nitelikli ve h\u0131zl\u0131 hizmet olarak geriye d\u00f6nece\u011finin alt\u0131n\u0131 \u00e7izen Bursa Belediyeler Birli\u011fi ve Y\u0131ld\u0131r\u0131m Belediye Ba\u015fkan\u0131 Oktay Y\u0131lmaz, \u201cBu \u00e7al\u0131\u015ftayda sunulacak fikirler, al\u0131nacak kararlar sadece \u015fehrimizin i\u015f sa\u011fl\u0131\u011f\u0131 ve i\u015f g\u00fcvenli\u011fi alanlar\u0131ndaki standartlar\u0131n\u0131 y\u00fckseltmekle kalmayacak Bursa\u2019n\u0131n vizyonuna da de\u011fer katacak. Bundan dolay\u0131 bu \u00e7ok \u00f6nemli etkinli\u011finin &hellip;<\/p>","protected":false},"author":1,"featured_media":0,"comment_status":"","ping_status":"open","sticky":false,"template":"","format":"standard","meta":{"_acf_changed":false,"footnotes":""},"categories":[24],"tags":[],"class_list":["post-75847","post","type-post","status-publish","format-standard","has-post-thumbnail","hentry","category-gundem"],"acf":[],"yoast_head":"<!-- This site is optimized with the Yoast SEO Premium plugin v26.6 (Yoast SEO v27.1.1) - https:\/\/yoast.com\/product\/yoast-seo-premium-wordpress\/ -->\n<title>Bursa&#039;da g\u00fcvenli \u015fehir i\u00e7in g\u00fc\u00e7 birli\u011fi - Av. Deniz Can K\u0131z\u0131l<\/title>\n<meta name=\"robots\" content=\"index, follow, max-snippet:-1, max-image-preview:large, max-video-preview:-1\" \/>\n<link rel=\"canonical\" href=\"https:\/\/denizcankizil.tr\/en\/haberler\/gundem\/bursada-guvenli-sehir-icin-guc-birligi\/\" \/>\n<meta property=\"og:locale\" content=\"en_GB\" \/>\n<meta property=\"og:type\" content=\"article\" \/>\n<meta property=\"og:title\" content=\"Bursa&#039;da g\u00fcvenli \u015fehir i\u00e7in g\u00fc\u00e7 birli\u011fi\" \/>\n<meta property=\"og:description\" content=\"Bursa Belediyeler Birli\u011fi\u2019nin, \u015fehrin kamu kurumlar\u0131n\u0131n, STK\u2019lar\u0131n ve sekt\u00f6r temsilcilerinin kat\u0131l\u0131m\u0131yla d\u00fczenledi\u011fi \u2018Kamusal Alanlarda \u0130\u015f Sa\u011fl\u0131\u011f\u0131 ve \u0130\u015f G\u00fcvenli\u011fi \u00c7al\u0131\u015ftay\u0131\u2019nda i\u015f sa\u011fl\u0131\u011f\u0131 ve g\u00fcvenli\u011fi konular\u0131 mercek alt\u0131na al\u0131nacak.BURSA (\u0130GFA) &#8211; Bursa Belediyeler Birli\u011fi, kamusal alanlardaki i\u015f sa\u011fl\u0131\u011f\u0131 ve i\u015f g\u00fcvenli\u011fi alanlar\u0131nda, yeni yakla\u015f\u0131mlar ortaya koymak, belediyeler aras\u0131ndaki i\u015f birli\u011fini ve kamusal verimlili\u011fi artt\u0131rmak i\u00e7in \u2018Kamusal Alanlarda \u0130\u015f Sa\u011fl\u0131\u011f\u0131 ve \u0130\u015f G\u00fcvenli\u011fi \u00c7al\u0131\u015ftay\u0131 d\u00fczenliyor. 8-9 May\u0131s tarihlerinde Merinos Atat\u00fcrk Kongre K\u00fclt\u00fcr Merkezi\u2019nde, Bursa Belediyeler Birli\u011fi ve Y\u0131ld\u0131r\u0131m Belediye Ba\u015fkan\u0131 Oktay Y\u0131lmaz\u2019\u0131n ev sahipli\u011finde ger\u00e7ekle\u015ftirilecek \u00e7al\u0131\u015ftaya, birli\u011fe \u00fcye belediye ba\u015fkanlar\u0131 ve kamu kurum ve kurulu\u015flar\u0131n\u0131n temsilcileri, STK temsilcilerinin yan\u0131 s\u0131ra uzmanlar kat\u0131lacak.\u00a0 \u00c7al\u0131\u015ftay masalar\u0131nda g\u00f6rev alan alan\u0131nda uzman 150\u2019nin \u00fczerinde kat\u0131l\u0131mc\u0131 ile Kamusal Alanlarda \u0130\u015f Kazalar\u0131, \u0130SG Teknolojileri ve Dijital \u00c7\u00f6z\u00fcmler, Acil Durum Y\u00f6netimi ve Planlamas\u0131 Psikososyal Riskler, Meslek Hastal\u0131klar\u0131 ve \u00c7al\u0131\u015fan Sa\u011fl\u0131\u011f\u0131 gibi 9 farkl\u0131 ba\u015fl\u0131k masaya yat\u0131r\u0131lacak. BURSA VE BURSALILAR KAZANACAK Kamusal alanlardaki \u00e7al\u0131\u015fan sa\u011fl\u0131\u011f\u0131n\u0131n iyile\u015ftirilmesinin i\u015f g\u00fcvenli\u011fi alan\u0131nda hayata ge\u00e7irilecek uygulamalar\u0131n halka daha nitelikli ve h\u0131zl\u0131 hizmet olarak geriye d\u00f6nece\u011finin alt\u0131n\u0131 \u00e7izen Bursa Belediyeler Birli\u011fi ve Y\u0131ld\u0131r\u0131m Belediye Ba\u015fkan\u0131 Oktay Y\u0131lmaz, \u201cBu \u00e7al\u0131\u015ftayda sunulacak fikirler, al\u0131nacak kararlar sadece \u015fehrimizin i\u015f sa\u011fl\u0131\u011f\u0131 ve i\u015f g\u00fcvenli\u011fi alanlar\u0131ndaki standartlar\u0131n\u0131 y\u00fckseltmekle kalmayacak Bursa\u2019n\u0131n vizyonuna da de\u011fer katacak. Bundan dolay\u0131 bu \u00e7ok \u00f6nemli etkinli\u011finin &hellip;\" \/>\n<meta property=\"og:url\" content=\"https:\/\/denizcankizil.tr\/en\/haberler\/gundem\/bursada-guvenli-sehir-icin-guc-birligi\/\" \/>\n<meta property=\"og:site_name\" content=\"Av. Deniz Can K\u0131z\u0131l\" \/>\n<meta property=\"article:published_time\" content=\"2025-05-04T12:42:18+00:00\" \/>\n<meta name=\"author\" content=\"admin\" \/>\n<meta name=\"twitter:card\" content=\"summary_large_image\" \/>\n<meta name=\"twitter:label1\" content=\"Written by\" \/>\n\t<meta name=\"twitter:data1\" content=\"admin\" \/>\n\t<meta name=\"twitter:label2\" content=\"Estimated reading time\" \/>\n\t<meta name=\"twitter:data2\" content=\"4 minutes\" \/>\n<script type=\"application\/ld+json\" class=\"yoast-schema-graph\">{\"@context\":\"https:\/\/schema.org\",\"@graph\":[{\"@type\":\"Article\",\"@id\":\"https:\/\/denizcankizil.tr\/ru\/haberler\/gundem\/bursada-guvenli-sehir-icin-guc-birligi\/#article\",\"isPartOf\":{\"@id\":\"https:\/\/denizcankizil.tr\/ru\/haberler\/gundem\/bursada-guvenli-sehir-icin-guc-birligi\/\"},\"author\":{\"name\":\"admin\",\"@id\":\"https:\/\/denizcankizil.tr\/#\/schema\/person\/be3c05fe6a12686905512445d8185489\"},\"headline\":\"Bursa&#8217;da g\u00fcvenli \u015fehir i\u00e7in g\u00fc\u00e7 birli\u011fi\",\"datePublished\":\"2025-05-04T12:42:18+00:00\",\"mainEntityOfPage\":{\"@id\":\"https:\/\/denizcankizil.tr\/ru\/haberler\/gundem\/bursada-guvenli-sehir-icin-guc-birligi\/\"},\"wordCount\":896,\"publisher\":{\"@id\":\"https:\/\/denizcankizil.tr\/#organization\"},\"articleSection\":[\"G\u00fcndem\"],\"inLanguage\":\"en-GB\"},{\"@type\":\"WebPage\",\"@id\":\"https:\/\/denizcankizil.tr\/ru\/haberler\/gundem\/bursada-guvenli-sehir-icin-guc-birligi\/\",\"url\":\"https:\/\/denizcankizil.tr\/ru\/haberler\/gundem\/bursada-guvenli-sehir-icin-guc-birligi\/\",\"name\":\"Bursa'da g\u00fcvenli \u015fehir i\u00e7in g\u00fc\u00e7 birli\u011fi - Av. Deniz Can K\u0131z\u0131l\",\"isPartOf\":{\"@id\":\"https:\/\/denizcankizil.tr\/#website\"},\"datePublished\":\"2025-05-04T12:42:18+00:00\",\"breadcrumb\":{\"@id\":\"https:\/\/denizcankizil.tr\/ru\/haberler\/gundem\/bursada-guvenli-sehir-icin-guc-birligi\/#breadcrumb\"},\"inLanguage\":\"en-GB\",\"potentialAction\":[{\"@type\":\"ReadAction\",\"target\":[\"https:\/\/denizcankizil.tr\/ru\/haberler\/gundem\/bursada-guvenli-sehir-icin-guc-birligi\/\"]}]},{\"@type\":\"BreadcrumbList\",\"@id\":\"https:\/\/denizcankizil.tr\/ru\/haberler\/gundem\/bursada-guvenli-sehir-icin-guc-birligi\/#breadcrumb\",\"itemListElement\":[{\"@type\":\"ListItem\",\"position\":1,\"name\":\"Home\",\"item\":\"https:\/\/denizcankizil.tr\/de\/\"},{\"@type\":\"ListItem\",\"position\":2,\"name\":\"Bursa&#8217;da g\u00fcvenli \u015fehir i\u00e7in g\u00fc\u00e7 birli\u011fi\"}]},{\"@type\":\"WebSite\",\"@id\":\"https:\/\/denizcankizil.tr\/#website\",\"url\":\"https:\/\/denizcankizil.tr\/\",\"name\":\"Av. Deniz Can K\u0131z\u0131l\",\"description\":\"Avukat Deniz Can K\u0131z\u0131l Antalya Barosu\",\"publisher\":{\"@id\":\"https:\/\/denizcankizil.tr\/#organization\"},\"potentialAction\":[{\"@type\":\"SearchAction\",\"target\":{\"@type\":\"EntryPoint\",\"urlTemplate\":\"https:\/\/denizcankizil.tr\/?s={search_term_string}\"},\"query-input\":{\"@type\":\"PropertyValueSpecification\",\"valueRequired\":true,\"valueName\":\"search_term_string\"}}],\"inLanguage\":\"en-GB\"},{\"@type\":\"Organization\",\"@id\":\"https:\/\/denizcankizil.tr\/#organization\",\"name\":\"Av. Deniz Can K\u0131z\u0131l\",\"url\":\"https:\/\/denizcankizil.tr\/\",\"logo\":{\"@type\":\"ImageObject\",\"inLanguage\":\"en-GB\",\"@id\":\"https:\/\/denizcankizil.tr\/#\/schema\/logo\/image\/\",\"url\":\"http:\/\/denizcankizil.tr\/wp-content\/uploads\/2024\/10\/siyah-logo-svg.svg\",\"contentUrl\":\"http:\/\/denizcankizil.tr\/wp-content\/uploads\/2024\/10\/siyah-logo-svg.svg\",\"width\":1080,\"height\":1080,\"caption\":\"Av. Deniz Can K\u0131z\u0131l\"},\"image\":{\"@id\":\"https:\/\/denizcankizil.tr\/#\/schema\/logo\/image\/\"}},{\"@type\":\"Person\",\"@id\":\"https:\/\/denizcankizil.tr\/#\/schema\/person\/be3c05fe6a12686905512445d8185489\",\"name\":\"admin\",\"image\":{\"@type\":\"ImageObject\",\"inLanguage\":\"en-GB\",\"@id\":\"https:\/\/denizcankizil.tr\/#\/schema\/person\/image\/\",\"url\":\"https:\/\/secure.gravatar.com\/avatar\/c1fce94c830dc79107e174f890d7210541c4a63e8e5d816341794a2151c9d58c?s=96&d=mm&r=g\",\"contentUrl\":\"https:\/\/secure.gravatar.com\/avatar\/c1fce94c830dc79107e174f890d7210541c4a63e8e5d816341794a2151c9d58c?s=96&d=mm&r=g\",\"caption\":\"admin\"},\"sameAs\":[\"http:\/\/denizcankizil.tr\"],\"url\":\"https:\/\/www.iskenderun.org\/bursada-guvenli-sehir-icin-guc-birligi\"}]}<\/script>\n<!-- \/ Yoast SEO Premium plugin. -->","yoast_head_json":{"title":"Bursa'da g\u00fcvenli \u015fehir i\u00e7in g\u00fc\u00e7 birli\u011fi - Av. Deniz Can K\u0131z\u0131l","robots":{"index":"index","follow":"follow","max-snippet":"max-snippet:-1","max-image-preview":"max-image-preview:large","max-video-preview":"max-video-preview:-1"},"canonical":"https:\/\/denizcankizil.tr\/en\/haberler\/gundem\/bursada-guvenli-sehir-icin-guc-birligi\/","og_locale":"en_GB","og_type":"article","og_title":"Bursa'da g\u00fcvenli \u015fehir i\u00e7in g\u00fc\u00e7 birli\u011fi","og_description":"Bursa Belediyeler Birli\u011fi\u2019nin, \u015fehrin kamu kurumlar\u0131n\u0131n, STK\u2019lar\u0131n ve sekt\u00f6r temsilcilerinin kat\u0131l\u0131m\u0131yla d\u00fczenledi\u011fi \u2018Kamusal Alanlarda \u0130\u015f Sa\u011fl\u0131\u011f\u0131 ve \u0130\u015f G\u00fcvenli\u011fi \u00c7al\u0131\u015ftay\u0131\u2019nda i\u015f sa\u011fl\u0131\u011f\u0131 ve g\u00fcvenli\u011fi konular\u0131 mercek alt\u0131na al\u0131nacak.BURSA (\u0130GFA) &#8211; Bursa Belediyeler Birli\u011fi, kamusal alanlardaki i\u015f sa\u011fl\u0131\u011f\u0131 ve i\u015f g\u00fcvenli\u011fi alanlar\u0131nda, yeni yakla\u015f\u0131mlar ortaya koymak, belediyeler aras\u0131ndaki i\u015f birli\u011fini ve kamusal verimlili\u011fi artt\u0131rmak i\u00e7in \u2018Kamusal Alanlarda \u0130\u015f Sa\u011fl\u0131\u011f\u0131 ve \u0130\u015f G\u00fcvenli\u011fi \u00c7al\u0131\u015ftay\u0131 d\u00fczenliyor. 8-9 May\u0131s tarihlerinde Merinos Atat\u00fcrk Kongre K\u00fclt\u00fcr Merkezi\u2019nde, Bursa Belediyeler Birli\u011fi ve Y\u0131ld\u0131r\u0131m Belediye Ba\u015fkan\u0131 Oktay Y\u0131lmaz\u2019\u0131n ev sahipli\u011finde ger\u00e7ekle\u015ftirilecek \u00e7al\u0131\u015ftaya, birli\u011fe \u00fcye belediye ba\u015fkanlar\u0131 ve kamu kurum ve kurulu\u015flar\u0131n\u0131n temsilcileri, STK temsilcilerinin yan\u0131 s\u0131ra uzmanlar kat\u0131lacak.\u00a0 \u00c7al\u0131\u015ftay masalar\u0131nda g\u00f6rev alan alan\u0131nda uzman 150\u2019nin \u00fczerinde kat\u0131l\u0131mc\u0131 ile Kamusal Alanlarda \u0130\u015f Kazalar\u0131, \u0130SG Teknolojileri ve Dijital \u00c7\u00f6z\u00fcmler, Acil Durum Y\u00f6netimi ve Planlamas\u0131 Psikososyal Riskler, Meslek Hastal\u0131klar\u0131 ve \u00c7al\u0131\u015fan Sa\u011fl\u0131\u011f\u0131 gibi 9 farkl\u0131 ba\u015fl\u0131k masaya yat\u0131r\u0131lacak. BURSA VE BURSALILAR KAZANACAK Kamusal alanlardaki \u00e7al\u0131\u015fan sa\u011fl\u0131\u011f\u0131n\u0131n iyile\u015ftirilmesinin i\u015f g\u00fcvenli\u011fi alan\u0131nda hayata ge\u00e7irilecek uygulamalar\u0131n halka daha nitelikli ve h\u0131zl\u0131 hizmet olarak geriye d\u00f6nece\u011finin alt\u0131n\u0131 \u00e7izen Bursa Belediyeler Birli\u011fi ve Y\u0131ld\u0131r\u0131m Belediye Ba\u015fkan\u0131 Oktay Y\u0131lmaz, \u201cBu \u00e7al\u0131\u015ftayda sunulacak fikirler, al\u0131nacak kararlar sadece \u015fehrimizin i\u015f sa\u011fl\u0131\u011f\u0131 ve i\u015f g\u00fcvenli\u011fi alanlar\u0131ndaki standartlar\u0131n\u0131 y\u00fckseltmekle kalmayacak Bursa\u2019n\u0131n vizyonuna da de\u011fer katacak. Bundan dolay\u0131 bu \u00e7ok \u00f6nemli etkinli\u011finin &hellip;","og_url":"https:\/\/denizcankizil.tr\/en\/haberler\/gundem\/bursada-guvenli-sehir-icin-guc-birligi\/","og_site_name":"Av. Deniz Can K\u0131z\u0131l","article_published_time":"2025-05-04T12:42:18+00:00","author":"admin","twitter_card":"summary_large_image","twitter_misc":{"Written by":"admin","Estimated reading time":"4 minutes"},"schema":{"@context":"https:\/\/schema.org","@graph":[{"@type":"Article","@id":"https:\/\/denizcankizil.tr\/ru\/haberler\/gundem\/bursada-guvenli-sehir-icin-guc-birligi\/#article","isPartOf":{"@id":"https:\/\/denizcankizil.tr\/ru\/haberler\/gundem\/bursada-guvenli-sehir-icin-guc-birligi\/"},"author":{"name":"admin","@id":"https:\/\/denizcankizil.tr\/#\/schema\/person\/be3c05fe6a12686905512445d8185489"},"headline":"Bursa&#8217;da g\u00fcvenli \u015fehir i\u00e7in g\u00fc\u00e7 birli\u011fi","datePublished":"2025-05-04T12:42:18+00:00","mainEntityOfPage":{"@id":"https:\/\/denizcankizil.tr\/ru\/haberler\/gundem\/bursada-guvenli-sehir-icin-guc-birligi\/"},"wordCount":896,"publisher":{"@id":"https:\/\/denizcankizil.tr\/#organization"},"articleSection":["G\u00fcndem"],"inLanguage":"en-GB"},{"@type":"WebPage","@id":"https:\/\/denizcankizil.tr\/ru\/haberler\/gundem\/bursada-guvenli-sehir-icin-guc-birligi\/","url":"https:\/\/denizcankizil.tr\/ru\/haberler\/gundem\/bursada-guvenli-sehir-icin-guc-birligi\/","name":"Bursa'da g\u00fcvenli \u015fehir i\u00e7in g\u00fc\u00e7 birli\u011fi - Av. Deniz Can K\u0131z\u0131l","isPartOf":{"@id":"https:\/\/denizcankizil.tr\/#website"},"datePublished":"2025-05-04T12:42:18+00:00","breadcrumb":{"@id":"https:\/\/denizcankizil.tr\/ru\/haberler\/gundem\/bursada-guvenli-sehir-icin-guc-birligi\/#breadcrumb"},"inLanguage":"en-GB","potentialAction":[{"@type":"ReadAction","target":["https:\/\/denizcankizil.tr\/ru\/haberler\/gundem\/bursada-guvenli-sehir-icin-guc-birligi\/"]}]},{"@type":"BreadcrumbList","@id":"https:\/\/denizcankizil.tr\/ru\/haberler\/gundem\/bursada-guvenli-sehir-icin-guc-birligi\/#breadcrumb","itemListElement":[{"@type":"ListItem","position":1,"name":"Home","item":"https:\/\/denizcankizil.tr\/de\/"},{"@type":"ListItem","position":2,"name":"Bursa&#8217;da g\u00fcvenli \u015fehir i\u00e7in g\u00fc\u00e7 birli\u011fi"}]},{"@type":"WebSite","@id":"https:\/\/denizcankizil.tr\/#website","url":"https:\/\/denizcankizil.tr\/","name":"Av. Deniz Can K\u0131z\u0131l","description":"Avukat Deniz Can K\u0131z\u0131l Antalya Barosu","publisher":{"@id":"https:\/\/denizcankizil.tr\/#organization"},"potentialAction":[{"@type":"SearchAction","target":{"@type":"EntryPoint","urlTemplate":"https:\/\/denizcankizil.tr\/?s={search_term_string}"},"query-input":{"@type":"PropertyValueSpecification","valueRequired":true,"valueName":"search_term_string"}}],"inLanguage":"en-GB"},{"@type":"Organization","@id":"https:\/\/denizcankizil.tr\/#organization","name":"Av. Deniz Can K\u0131z\u0131l","url":"https:\/\/denizcankizil.tr\/","logo":{"@type":"ImageObject","inLanguage":"en-GB","@id":"https:\/\/denizcankizil.tr\/#\/schema\/logo\/image\/","url":"http:\/\/denizcankizil.tr\/wp-content\/uploads\/2024\/10\/siyah-logo-svg.svg","contentUrl":"http:\/\/denizcankizil.tr\/wp-content\/uploads\/2024\/10\/siyah-logo-svg.svg","width":1080,"height":1080,"caption":"Av. Deniz Can K\u0131z\u0131l"},"image":{"@id":"https:\/\/denizcankizil.tr\/#\/schema\/logo\/image\/"}},{"@type":"Person","@id":"https:\/\/denizcankizil.tr\/#\/schema\/person\/be3c05fe6a12686905512445d8185489","name":"admin","image":{"@type":"ImageObject","inLanguage":"en-GB","@id":"https:\/\/denizcankizil.tr\/#\/schema\/person\/image\/","url":"https:\/\/secure.gravatar.com\/avatar\/c1fce94c830dc79107e174f890d7210541c4a63e8e5d816341794a2151c9d58c?s=96&d=mm&r=g","contentUrl":"https:\/\/secure.gravatar.com\/avatar\/c1fce94c830dc79107e174f890d7210541c4a63e8e5d816341794a2151c9d58c?s=96&d=mm&r=g","caption":"admin"},"sameAs":["http:\/\/denizcankizil.tr"],"url":"https:\/\/www.iskenderun.org\/bursada-guvenli-sehir-icin-guc-birligi"}]}},"_links":{"self":[{"href":"http:\/\/denizcankizil.tr\/en\/wp-json\/wp\/v2\/posts\/75847","targetHints":{"allow":["GET"]}}],"collection":[{"href":"http:\/\/denizcankizil.tr\/en\/wp-json\/wp\/v2\/posts"}],"about":[{"href":"http:\/\/denizcankizil.tr\/en\/wp-json\/wp\/v2\/types\/post"}],"author":[{"embeddable":true,"href":"http:\/\/denizcankizil.tr\/en\/wp-json\/wp\/v2\/users\/1"}],"replies":[{"embeddable":true,"href":"http:\/\/denizcankizil.tr\/en\/wp-json\/wp\/v2\/comments?post=75847"}],"version-history":[{"count":0,"href":"http:\/\/denizcankizil.tr\/en\/wp-json\/wp\/v2\/posts\/75847\/revisions"}],"wp:attachment":[{"href":"http:\/\/denizcankizil.tr\/en\/wp-json\/wp\/v2\/media?parent=75847"}],"wp:term":[{"taxonomy":"category","embeddable":true,"href":"http:\/\/denizcankizil.tr\/en\/wp-json\/wp\/v2\/categories?post=75847"},{"taxonomy":"post_tag","embeddable":true,"href":"http:\/\/denizcankizil.tr\/en\/wp-json\/wp\/v2\/tags?post=75847"}],"curies":[{"name":"wp","href":"https:\/\/api.w.org\/{rel}","templated":true}]}}