{"id":73440,"date":"2025-05-02T10:41:23","date_gmt":"2025-05-02T07:41:23","guid":{"rendered":"https:\/\/denizcankizil.tr\/uncategorized-tr\/ayni-firmaya-ait-2-tur-araci-carpisti-6-yarali\/"},"modified":"2025-05-02T10:41:23","modified_gmt":"2025-05-02T07:41:23","slug":"ayni-firmaya-ait-2-tur-araci-carpisti-6-yarali","status":"publish","type":"post","link":"http:\/\/denizcankizil.tr\/en\/haberler\/antalya\/ayni-firmaya-ait-2-tur-araci-carpisti-6-yarali\/","title":{"rendered":"Ayn\u0131 firmaya ait 2 tur arac\u0131 \u00e7arp\u0131\u015ft\u0131; 6 yaral\u0131"},"content":{"rendered":"<p>Manavgat-Alanya D-400 Karayolunda meydana gelen trafik kazas\u0131nda Alanya istikametine seyir halindeki Ramazan K.\u2019n\u0131n kulland\u0131\u011f\u0131 34 HYZ 012 plakal\u0131 tur arac\u0131 K\u0131z\u0131la\u011fa\u00e7 Mahallesi \u0131\u015f\u0131kl\u0131 kav\u015fa\u011f\u0131na geldi\u011finde ayn\u0131 firmaya ait Ali \u015e.\u2019nin kulland\u0131\u011f\u0131 34 FPF 338 plakal\u0131 tur arac\u0131yla \u00e7arp\u0131\u015ft\u0131. Kazada; ara\u00e7 s\u00fcr\u00fcc\u00fclerinin yan\u0131 s\u0131ra ara\u00e7larda yolcu olarak bulunan Adiya D., Bobby M., Jason Ronald M. ve Danielle A. isimli 4 \u0130ngiliz vatanda\u015f\u0131 yaraland\u0131. Yaral\u0131lar, 112 Acil Sa\u011fl\u0131k ekiplerinin olay yerindeki ilk m\u00fcdahalelerinin ard\u0131ndan ambulanslarla hastaneye kald\u0131r\u0131ld\u0131. Yaral\u0131lar\u0131n hayati tehlikelerinin bulunmad\u0131\u011f\u0131 bildirildi.<\/p>\n<p>Kaynak: www.kanalv.com.tr Haber Sitesinden Al\u0131nm\u0131\u015ft\u0131r.<\/p>","protected":false},"excerpt":{"rendered":"<p>Manavgat-Alanya D-400 Karayolunda meydana gelen trafik kazas\u0131nda Alanya istikametine seyir halindeki Ramazan K.\u2019n\u0131n kulland\u0131\u011f\u0131 34 HYZ 012 plakal\u0131 tur arac\u0131 K\u0131z\u0131la\u011fa\u00e7 Mahallesi \u0131\u015f\u0131kl\u0131 kav\u015fa\u011f\u0131na geldi\u011finde ayn\u0131 firmaya ait Ali \u015e.\u2019nin kulland\u0131\u011f\u0131 34 FPF 338 plakal\u0131 tur arac\u0131yla \u00e7arp\u0131\u015ft\u0131. Kazada; ara\u00e7 s\u00fcr\u00fcc\u00fclerinin yan\u0131 s\u0131ra ara\u00e7larda yolcu olarak bulunan Adiya D., Bobby M., Jason Ronald M. ve Danielle A. isimli 4 \u0130ngiliz vatanda\u015f\u0131 yaraland\u0131. Yaral\u0131lar, 112 Acil Sa\u011fl\u0131k ekiplerinin olay yerindeki ilk m\u00fcdahalelerinin ard\u0131ndan ambulanslarla hastaneye kald\u0131r\u0131ld\u0131. Yaral\u0131lar\u0131n hayati tehlikelerinin bulunmad\u0131\u011f\u0131 bildirildi. Kaynak: www.kanalv.com.tr Haber Sitesinden Al\u0131nm\u0131\u015ft\u0131r.<\/p>","protected":false},"author":4,"featured_media":73441,"comment_status":"","ping_status":"open","sticky":false,"template":"","format":"standard","meta":{"_acf_changed":false,"footnotes":""},"categories":[26],"tags":[],"class_list":["post-73440","post","type-post","status-publish","format-standard","has-post-thumbnail","hentry","category-antalya"],"acf":[],"yoast_head":"<!-- This site is optimized with the Yoast SEO Premium plugin v26.6 (Yoast SEO v27.1.1) - https:\/\/yoast.com\/product\/yoast-seo-premium-wordpress\/ -->\n<title>Ayn\u0131 firmaya ait 2 tur arac\u0131 \u00e7arp\u0131\u015ft\u0131; 6 yaral\u0131 - Av. Deniz Can K\u0131z\u0131l<\/title>\n<meta name=\"robots\" content=\"index, follow, max-snippet:-1, max-image-preview:large, max-video-preview:-1\" \/>\n<link rel=\"canonical\" href=\"https:\/\/denizcankizil.tr\/en\/haberler\/antalya\/ayni-firmaya-ait-2-tur-araci-carpisti-6-yarali\/\" \/>\n<meta property=\"og:locale\" content=\"en_GB\" \/>\n<meta property=\"og:type\" content=\"article\" \/>\n<meta property=\"og:title\" content=\"Ayn\u0131 firmaya ait 2 tur arac\u0131 \u00e7arp\u0131\u015ft\u0131; 6 yaral\u0131\" \/>\n<meta property=\"og:description\" content=\"Manavgat-Alanya D-400 Karayolunda meydana gelen trafik kazas\u0131nda Alanya istikametine seyir halindeki Ramazan K.\u2019n\u0131n kulland\u0131\u011f\u0131 34 HYZ 012 plakal\u0131 tur arac\u0131 K\u0131z\u0131la\u011fa\u00e7 Mahallesi \u0131\u015f\u0131kl\u0131 kav\u015fa\u011f\u0131na geldi\u011finde ayn\u0131 firmaya ait Ali \u015e.\u2019nin kulland\u0131\u011f\u0131 34 FPF 338 plakal\u0131 tur arac\u0131yla \u00e7arp\u0131\u015ft\u0131. Kazada; ara\u00e7 s\u00fcr\u00fcc\u00fclerinin yan\u0131 s\u0131ra ara\u00e7larda yolcu olarak bulunan Adiya D., Bobby M., Jason Ronald M. ve Danielle A. isimli 4 \u0130ngiliz vatanda\u015f\u0131 yaraland\u0131. Yaral\u0131lar, 112 Acil Sa\u011fl\u0131k ekiplerinin olay yerindeki ilk m\u00fcdahalelerinin ard\u0131ndan ambulanslarla hastaneye kald\u0131r\u0131ld\u0131. Yaral\u0131lar\u0131n hayati tehlikelerinin bulunmad\u0131\u011f\u0131 bildirildi. Kaynak: www.kanalv.com.tr Haber Sitesinden Al\u0131nm\u0131\u015ft\u0131r.\" \/>\n<meta property=\"og:url\" content=\"https:\/\/denizcankizil.tr\/en\/haberler\/antalya\/ayni-firmaya-ait-2-tur-araci-carpisti-6-yarali\/\" \/>\n<meta property=\"og:site_name\" content=\"Av. Deniz Can K\u0131z\u0131l\" \/>\n<meta property=\"article:published_time\" content=\"2025-05-02T07:41:23+00:00\" \/>\n<meta property=\"og:image\" content=\"https:\/\/denizcankizil.tr\/wp-content\/uploads\/2025\/05\/6114-01-P4yVhQ.jpg\" \/>\n\t<meta property=\"og:image:width\" content=\"1280\" \/>\n\t<meta property=\"og:image:height\" content=\"720\" \/>\n\t<meta property=\"og:image:type\" content=\"image\/jpeg\" \/>\n<meta name=\"author\" content=\"Av. Deniz Can K\u0131z\u0131l\" \/>\n<meta name=\"twitter:card\" content=\"summary_large_image\" \/>\n<meta name=\"twitter:label1\" content=\"Written by\" \/>\n\t<meta name=\"twitter:data1\" content=\"Av. Deniz Can K\u0131z\u0131l\" \/>\n\t<meta name=\"twitter:label2\" content=\"Estimated reading time\" \/>\n\t<meta name=\"twitter:data2\" content=\"1 minute\" \/>\n<script type=\"application\/ld+json\" class=\"yoast-schema-graph\">{\"@context\":\"https:\/\/schema.org\",\"@graph\":[{\"@type\":\"Article\",\"@id\":\"https:\/\/denizcankizil.tr\/ru\/haberler\/antalya\/ayni-firmaya-ait-2-tur-araci-carpisti-6-yarali\/#article\",\"isPartOf\":{\"@id\":\"https:\/\/denizcankizil.tr\/ru\/haberler\/antalya\/ayni-firmaya-ait-2-tur-araci-carpisti-6-yarali\/\"},\"author\":{\"name\":\"Av. Deniz Can K\u0131z\u0131l\",\"@id\":\"https:\/\/denizcankizil.tr\/de\/#\/schema\/person\/5dc1b22991bd7ac833867c10afc9b0ff\"},\"headline\":\"Ayn\u0131 firmaya ait 2 tur arac\u0131 \u00e7arp\u0131\u015ft\u0131; 6 yaral\u0131\",\"datePublished\":\"2025-05-02T07:41:23+00:00\",\"mainEntityOfPage\":{\"@id\":\"https:\/\/denizcankizil.tr\/ru\/haberler\/antalya\/ayni-firmaya-ait-2-tur-araci-carpisti-6-yarali\/\"},\"wordCount\":118,\"publisher\":{\"@id\":\"https:\/\/denizcankizil.tr\/de\/#organization\"},\"image\":{\"@id\":\"https:\/\/denizcankizil.tr\/ru\/haberler\/antalya\/ayni-firmaya-ait-2-tur-araci-carpisti-6-yarali\/#primaryimage\"},\"thumbnailUrl\":\"http:\/\/denizcankizil.tr\/wp-content\/uploads\/2025\/05\/6114-01-P4yVhQ.jpg\",\"articleSection\":[\"Antalya\"],\"inLanguage\":\"en-GB\"},{\"@type\":\"WebPage\",\"@id\":\"https:\/\/denizcankizil.tr\/ru\/haberler\/antalya\/ayni-firmaya-ait-2-tur-araci-carpisti-6-yarali\/\",\"url\":\"https:\/\/denizcankizil.tr\/ru\/haberler\/antalya\/ayni-firmaya-ait-2-tur-araci-carpisti-6-yarali\/\",\"name\":\"Ayn\u0131 firmaya ait 2 tur arac\u0131 \u00e7arp\u0131\u015ft\u0131; 6 yaral\u0131 - Av. Deniz Can K\u0131z\u0131l\",\"isPartOf\":{\"@id\":\"https:\/\/denizcankizil.tr\/de\/#website\"},\"primaryImageOfPage\":{\"@id\":\"https:\/\/denizcankizil.tr\/ru\/haberler\/antalya\/ayni-firmaya-ait-2-tur-araci-carpisti-6-yarali\/#primaryimage\"},\"image\":{\"@id\":\"https:\/\/denizcankizil.tr\/ru\/haberler\/antalya\/ayni-firmaya-ait-2-tur-araci-carpisti-6-yarali\/#primaryimage\"},\"thumbnailUrl\":\"http:\/\/denizcankizil.tr\/wp-content\/uploads\/2025\/05\/6114-01-P4yVhQ.jpg\",\"datePublished\":\"2025-05-02T07:41:23+00:00\",\"breadcrumb\":{\"@id\":\"https:\/\/denizcankizil.tr\/ru\/haberler\/antalya\/ayni-firmaya-ait-2-tur-araci-carpisti-6-yarali\/#breadcrumb\"},\"inLanguage\":\"en-GB\",\"potentialAction\":[{\"@type\":\"ReadAction\",\"target\":[\"https:\/\/denizcankizil.tr\/ru\/haberler\/antalya\/ayni-firmaya-ait-2-tur-araci-carpisti-6-yarali\/\"]}]},{\"@type\":\"ImageObject\",\"inLanguage\":\"en-GB\",\"@id\":\"https:\/\/denizcankizil.tr\/ru\/haberler\/antalya\/ayni-firmaya-ait-2-tur-araci-carpisti-6-yarali\/#primaryimage\",\"url\":\"http:\/\/denizcankizil.tr\/wp-content\/uploads\/2025\/05\/6114-01-P4yVhQ.jpg\",\"contentUrl\":\"http:\/\/denizcankizil.tr\/wp-content\/uploads\/2025\/05\/6114-01-P4yVhQ.jpg\",\"width\":1280,\"height\":720},{\"@type\":\"BreadcrumbList\",\"@id\":\"https:\/\/denizcankizil.tr\/ru\/haberler\/antalya\/ayni-firmaya-ait-2-tur-araci-carpisti-6-yarali\/#breadcrumb\",\"itemListElement\":[{\"@type\":\"ListItem\",\"position\":1,\"name\":\"Home\",\"item\":\"https:\/\/denizcankizil.tr\/de\/\"},{\"@type\":\"ListItem\",\"position\":2,\"name\":\"Ayn\u0131 firmaya ait 2 tur arac\u0131 \u00e7arp\u0131\u015ft\u0131; 6 yaral\u0131\"}]},{\"@type\":\"WebSite\",\"@id\":\"https:\/\/denizcankizil.tr\/de\/#website\",\"url\":\"https:\/\/denizcankizil.tr\/de\/\",\"name\":\"Av. Deniz Can K\u0131z\u0131l\",\"description\":\"Avukat Deniz Can K\u0131z\u0131l Antalya Barosu\",\"publisher\":{\"@id\":\"https:\/\/denizcankizil.tr\/de\/#organization\"},\"potentialAction\":[{\"@type\":\"SearchAction\",\"target\":{\"@type\":\"EntryPoint\",\"urlTemplate\":\"https:\/\/denizcankizil.tr\/de\/?s={search_term_string}\"},\"query-input\":{\"@type\":\"PropertyValueSpecification\",\"valueRequired\":true,\"valueName\":\"search_term_string\"}}],\"inLanguage\":\"en-GB\"},{\"@type\":\"Organization\",\"@id\":\"https:\/\/denizcankizil.tr\/de\/#organization\",\"name\":\"Av. Deniz Can K\u0131z\u0131l\",\"url\":\"https:\/\/denizcankizil.tr\/de\/\",\"logo\":{\"@type\":\"ImageObject\",\"inLanguage\":\"en-GB\",\"@id\":\"https:\/\/denizcankizil.tr\/de\/#\/schema\/logo\/image\/\",\"url\":\"http:\/\/denizcankizil.tr\/wp-content\/uploads\/2024\/10\/siyah-logo-svg.svg\",\"contentUrl\":\"http:\/\/denizcankizil.tr\/wp-content\/uploads\/2024\/10\/siyah-logo-svg.svg\",\"width\":1080,\"height\":1080,\"caption\":\"Av. Deniz Can K\u0131z\u0131l\"},\"image\":{\"@id\":\"https:\/\/denizcankizil.tr\/de\/#\/schema\/logo\/image\/\"}},{\"@type\":\"Person\",\"@id\":\"https:\/\/denizcankizil.tr\/de\/#\/schema\/person\/5dc1b22991bd7ac833867c10afc9b0ff\",\"name\":\"Av. Deniz Can K\u0131z\u0131l\",\"image\":{\"@type\":\"ImageObject\",\"inLanguage\":\"en-GB\",\"@id\":\"https:\/\/denizcankizil.tr\/de\/#\/schema\/person\/image\/\",\"url\":\"https:\/\/secure.gravatar.com\/avatar\/a0b128fb9855c79efc976d5640eedb31dc35ec297594d6016d2cf7c60e975bb6?s=96&d=mm&r=g\",\"contentUrl\":\"https:\/\/secure.gravatar.com\/avatar\/a0b128fb9855c79efc976d5640eedb31dc35ec297594d6016d2cf7c60e975bb6?s=96&d=mm&r=g\",\"caption\":\"Av. Deniz Can K\u0131z\u0131l\"},\"sameAs\":[\"http:\/\/www.denizcankizil.tr\"],\"url\":\"http:\/\/denizcankizil.tr\/en\/author\/denizcankizil\/\"}]}<\/script>\n<!-- \/ Yoast SEO Premium plugin. -->","yoast_head_json":{"title":"Ayn\u0131 firmaya ait 2 tur arac\u0131 \u00e7arp\u0131\u015ft\u0131; 6 yaral\u0131 - Av. Deniz Can K\u0131z\u0131l","robots":{"index":"index","follow":"follow","max-snippet":"max-snippet:-1","max-image-preview":"max-image-preview:large","max-video-preview":"max-video-preview:-1"},"canonical":"https:\/\/denizcankizil.tr\/en\/haberler\/antalya\/ayni-firmaya-ait-2-tur-araci-carpisti-6-yarali\/","og_locale":"en_GB","og_type":"article","og_title":"Ayn\u0131 firmaya ait 2 tur arac\u0131 \u00e7arp\u0131\u015ft\u0131; 6 yaral\u0131","og_description":"Manavgat-Alanya D-400 Karayolunda meydana gelen trafik kazas\u0131nda Alanya istikametine seyir halindeki Ramazan K.\u2019n\u0131n kulland\u0131\u011f\u0131 34 HYZ 012 plakal\u0131 tur arac\u0131 K\u0131z\u0131la\u011fa\u00e7 Mahallesi \u0131\u015f\u0131kl\u0131 kav\u015fa\u011f\u0131na geldi\u011finde ayn\u0131 firmaya ait Ali \u015e.\u2019nin kulland\u0131\u011f\u0131 34 FPF 338 plakal\u0131 tur arac\u0131yla \u00e7arp\u0131\u015ft\u0131. Kazada; ara\u00e7 s\u00fcr\u00fcc\u00fclerinin yan\u0131 s\u0131ra ara\u00e7larda yolcu olarak bulunan Adiya D., Bobby M., Jason Ronald M. ve Danielle A. isimli 4 \u0130ngiliz vatanda\u015f\u0131 yaraland\u0131. Yaral\u0131lar, 112 Acil Sa\u011fl\u0131k ekiplerinin olay yerindeki ilk m\u00fcdahalelerinin ard\u0131ndan ambulanslarla hastaneye kald\u0131r\u0131ld\u0131. Yaral\u0131lar\u0131n hayati tehlikelerinin bulunmad\u0131\u011f\u0131 bildirildi. Kaynak: www.kanalv.com.tr Haber Sitesinden Al\u0131nm\u0131\u015ft\u0131r.","og_url":"https:\/\/denizcankizil.tr\/en\/haberler\/antalya\/ayni-firmaya-ait-2-tur-araci-carpisti-6-yarali\/","og_site_name":"Av. Deniz Can K\u0131z\u0131l","article_published_time":"2025-05-02T07:41:23+00:00","og_image":[{"width":1280,"height":720,"url":"https:\/\/denizcankizil.tr\/wp-content\/uploads\/2025\/05\/6114-01-P4yVhQ.jpg","type":"image\/jpeg"}],"author":"Av. Deniz Can K\u0131z\u0131l","twitter_card":"summary_large_image","twitter_misc":{"Written by":"Av. Deniz Can K\u0131z\u0131l","Estimated reading time":"1 minute"},"schema":{"@context":"https:\/\/schema.org","@graph":[{"@type":"Article","@id":"https:\/\/denizcankizil.tr\/ru\/haberler\/antalya\/ayni-firmaya-ait-2-tur-araci-carpisti-6-yarali\/#article","isPartOf":{"@id":"https:\/\/denizcankizil.tr\/ru\/haberler\/antalya\/ayni-firmaya-ait-2-tur-araci-carpisti-6-yarali\/"},"author":{"name":"Av. Deniz Can K\u0131z\u0131l","@id":"https:\/\/denizcankizil.tr\/de\/#\/schema\/person\/5dc1b22991bd7ac833867c10afc9b0ff"},"headline":"Ayn\u0131 firmaya ait 2 tur arac\u0131 \u00e7arp\u0131\u015ft\u0131; 6 yaral\u0131","datePublished":"2025-05-02T07:41:23+00:00","mainEntityOfPage":{"@id":"https:\/\/denizcankizil.tr\/ru\/haberler\/antalya\/ayni-firmaya-ait-2-tur-araci-carpisti-6-yarali\/"},"wordCount":118,"publisher":{"@id":"https:\/\/denizcankizil.tr\/de\/#organization"},"image":{"@id":"https:\/\/denizcankizil.tr\/ru\/haberler\/antalya\/ayni-firmaya-ait-2-tur-araci-carpisti-6-yarali\/#primaryimage"},"thumbnailUrl":"http:\/\/denizcankizil.tr\/wp-content\/uploads\/2025\/05\/6114-01-P4yVhQ.jpg","articleSection":["Antalya"],"inLanguage":"en-GB"},{"@type":"WebPage","@id":"https:\/\/denizcankizil.tr\/ru\/haberler\/antalya\/ayni-firmaya-ait-2-tur-araci-carpisti-6-yarali\/","url":"https:\/\/denizcankizil.tr\/ru\/haberler\/antalya\/ayni-firmaya-ait-2-tur-araci-carpisti-6-yarali\/","name":"Ayn\u0131 firmaya ait 2 tur arac\u0131 \u00e7arp\u0131\u015ft\u0131; 6 yaral\u0131 - Av. Deniz Can K\u0131z\u0131l","isPartOf":{"@id":"https:\/\/denizcankizil.tr\/de\/#website"},"primaryImageOfPage":{"@id":"https:\/\/denizcankizil.tr\/ru\/haberler\/antalya\/ayni-firmaya-ait-2-tur-araci-carpisti-6-yarali\/#primaryimage"},"image":{"@id":"https:\/\/denizcankizil.tr\/ru\/haberler\/antalya\/ayni-firmaya-ait-2-tur-araci-carpisti-6-yarali\/#primaryimage"},"thumbnailUrl":"http:\/\/denizcankizil.tr\/wp-content\/uploads\/2025\/05\/6114-01-P4yVhQ.jpg","datePublished":"2025-05-02T07:41:23+00:00","breadcrumb":{"@id":"https:\/\/denizcankizil.tr\/ru\/haberler\/antalya\/ayni-firmaya-ait-2-tur-araci-carpisti-6-yarali\/#breadcrumb"},"inLanguage":"en-GB","potentialAction":[{"@type":"ReadAction","target":["https:\/\/denizcankizil.tr\/ru\/haberler\/antalya\/ayni-firmaya-ait-2-tur-araci-carpisti-6-yarali\/"]}]},{"@type":"ImageObject","inLanguage":"en-GB","@id":"https:\/\/denizcankizil.tr\/ru\/haberler\/antalya\/ayni-firmaya-ait-2-tur-araci-carpisti-6-yarali\/#primaryimage","url":"http:\/\/denizcankizil.tr\/wp-content\/uploads\/2025\/05\/6114-01-P4yVhQ.jpg","contentUrl":"http:\/\/denizcankizil.tr\/wp-content\/uploads\/2025\/05\/6114-01-P4yVhQ.jpg","width":1280,"height":720},{"@type":"BreadcrumbList","@id":"https:\/\/denizcankizil.tr\/ru\/haberler\/antalya\/ayni-firmaya-ait-2-tur-araci-carpisti-6-yarali\/#breadcrumb","itemListElement":[{"@type":"ListItem","position":1,"name":"Home","item":"https:\/\/denizcankizil.tr\/de\/"},{"@type":"ListItem","position":2,"name":"Ayn\u0131 firmaya ait 2 tur arac\u0131 \u00e7arp\u0131\u015ft\u0131; 6 yaral\u0131"}]},{"@type":"WebSite","@id":"https:\/\/denizcankizil.tr\/de\/#website","url":"https:\/\/denizcankizil.tr\/de\/","name":"Av. Deniz Can K\u0131z\u0131l","description":"Avukat Deniz Can K\u0131z\u0131l Antalya Barosu","publisher":{"@id":"https:\/\/denizcankizil.tr\/de\/#organization"},"potentialAction":[{"@type":"SearchAction","target":{"@type":"EntryPoint","urlTemplate":"https:\/\/denizcankizil.tr\/de\/?s={search_term_string}"},"query-input":{"@type":"PropertyValueSpecification","valueRequired":true,"valueName":"search_term_string"}}],"inLanguage":"en-GB"},{"@type":"Organization","@id":"https:\/\/denizcankizil.tr\/de\/#organization","name":"Av. Deniz Can K\u0131z\u0131l","url":"https:\/\/denizcankizil.tr\/de\/","logo":{"@type":"ImageObject","inLanguage":"en-GB","@id":"https:\/\/denizcankizil.tr\/de\/#\/schema\/logo\/image\/","url":"http:\/\/denizcankizil.tr\/wp-content\/uploads\/2024\/10\/siyah-logo-svg.svg","contentUrl":"http:\/\/denizcankizil.tr\/wp-content\/uploads\/2024\/10\/siyah-logo-svg.svg","width":1080,"height":1080,"caption":"Av. Deniz Can K\u0131z\u0131l"},"image":{"@id":"https:\/\/denizcankizil.tr\/de\/#\/schema\/logo\/image\/"}},{"@type":"Person","@id":"https:\/\/denizcankizil.tr\/de\/#\/schema\/person\/5dc1b22991bd7ac833867c10afc9b0ff","name":"Av. Deniz Can K\u0131z\u0131l","image":{"@type":"ImageObject","inLanguage":"en-GB","@id":"https:\/\/denizcankizil.tr\/de\/#\/schema\/person\/image\/","url":"https:\/\/secure.gravatar.com\/avatar\/a0b128fb9855c79efc976d5640eedb31dc35ec297594d6016d2cf7c60e975bb6?s=96&d=mm&r=g","contentUrl":"https:\/\/secure.gravatar.com\/avatar\/a0b128fb9855c79efc976d5640eedb31dc35ec297594d6016d2cf7c60e975bb6?s=96&d=mm&r=g","caption":"Av. Deniz Can K\u0131z\u0131l"},"sameAs":["http:\/\/www.denizcankizil.tr"],"url":"http:\/\/denizcankizil.tr\/en\/author\/denizcankizil\/"}]}},"_links":{"self":[{"href":"http:\/\/denizcankizil.tr\/en\/wp-json\/wp\/v2\/posts\/73440","targetHints":{"allow":["GET"]}}],"collection":[{"href":"http:\/\/denizcankizil.tr\/en\/wp-json\/wp\/v2\/posts"}],"about":[{"href":"http:\/\/denizcankizil.tr\/en\/wp-json\/wp\/v2\/types\/post"}],"author":[{"embeddable":true,"href":"http:\/\/denizcankizil.tr\/en\/wp-json\/wp\/v2\/users\/4"}],"replies":[{"embeddable":true,"href":"http:\/\/denizcankizil.tr\/en\/wp-json\/wp\/v2\/comments?post=73440"}],"version-history":[{"count":0,"href":"http:\/\/denizcankizil.tr\/en\/wp-json\/wp\/v2\/posts\/73440\/revisions"}],"wp:featuredmedia":[{"embeddable":true,"href":"http:\/\/denizcankizil.tr\/en\/wp-json\/wp\/v2\/media\/73441"}],"wp:attachment":[{"href":"http:\/\/denizcankizil.tr\/en\/wp-json\/wp\/v2\/media?parent=73440"}],"wp:term":[{"taxonomy":"category","embeddable":true,"href":"http:\/\/denizcankizil.tr\/en\/wp-json\/wp\/v2\/categories?post=73440"},{"taxonomy":"post_tag","embeddable":true,"href":"http:\/\/denizcankizil.tr\/en\/wp-json\/wp\/v2\/tags?post=73440"}],"curies":[{"name":"wp","href":"https:\/\/api.w.org\/{rel}","templated":true}]}}