{"id":72346,"date":"2025-05-01T10:42:12","date_gmt":"2025-05-01T07:42:12","guid":{"rendered":"https:\/\/denizcankizil.tr\/uncategorized-tr\/kultur-portalinda-antalya-unutuldu-eksikligi-bir-an-once-giderin-cagrisi\/"},"modified":"2025-05-01T10:42:12","modified_gmt":"2025-05-01T07:42:12","slug":"kultur-portalinda-antalya-unutuldu-eksikligi-bir-an-once-giderin-cagrisi","status":"publish","type":"post","link":"http:\/\/denizcankizil.tr\/en\/haberler\/gundem\/kultur-portalinda-antalya-unutuldu-eksikligi-bir-an-once-giderin-cagrisi\/","title":{"rendered":"K\u00fclt\u00fcr portal\u0131nda Antalya unutuldu: Eksikli\u011fi bir an \u00f6nce giderin \u00e7a\u011fr\u0131s\u0131"},"content":{"rendered":"<p>Antalya Kent Konseyi, Nisan ay\u0131 toplant\u0131s\u0131n\u0131 tarih\u00ee ve k\u00fclt\u00fcrel miras\u0131n korunmas\u0131 temas\u0131yla ger\u00e7ekle\u015ftirdi. Muratpa\u015fa il\u00e7esindeki Suna &amp; \u0130nan K\u0131ra\u00e7 Kalei\u00e7i M\u00fczesi\u2019nde d\u00fczenlenen toplant\u0131, kentin k\u00fclt\u00fcrel haf\u0131zas\u0131na sahip \u00e7\u0131kma kararl\u0131l\u0131\u011f\u0131n\u0131 bir kez daha g\u00f6zler \u00f6n\u00fcne serdi. Toplant\u0131ya akademisyenler, k\u00fclt\u00fcrel miras uzmanlar\u0131, sivil toplum temsilcileri ve \u00e7e\u015fitli kurumlardan davetliler kat\u0131ld\u0131.<\/p>\n<p>ANTALYA\u2019NIN GELECE\u011e\u0130 \u0130\u00c7\u0130N \u00d6NEML\u0130<\/p>\n<p>Toplant\u0131n\u0131n a\u00e7\u0131l\u0131\u015f konu\u015fmas\u0131n\u0131 yapan Antalya Kent Konseyi Ba\u015fkan\u0131 Semanur Kurt, kent konseyinin 14 \u00e7al\u0131\u015fma organ\u0131 ve 4 meclisle aktif olarak \u00e7al\u0131\u015ft\u0131\u011f\u0131n\u0131 belirtti. Bu organlardan biri olan K\u00fclt\u00fcrel Miras \u00c7al\u0131\u015fma Grubu\u2019nun yapt\u0131\u011f\u0131 bu toplant\u0131n\u0131n Antalya\u2019n\u0131n gelece\u011fi i\u00e7in b\u00fcy\u00fck \u00f6nem ta\u015f\u0131d\u0131\u011f\u0131n\u0131 vurgulayan Kurt, \u201cAntalya\u2019n\u0131n tarih\u00ee ve k\u00fclt\u00fcrel zenginliklerini korumak sadece ge\u00e7mi\u015fi hat\u0131rlamak de\u011fil, ayn\u0131 zamanda gelece\u011fe y\u00f6n vermek\u201d dedi.<\/p>\n<p>234 ANT\u0130K YERLE\u015e\u0130M YER\u0130<\/p>\n<p>Antalya K\u00f6rfez Gazetesi muhabiri Ertu\u011frul G\u00fcn&#8217;\u00fcn haberine g\u00f6re; Semanur Kurt konu\u015fmas\u0131nda kentin tarih\u00ee derinli\u011fine dikkat \u00e7ekti. Antalya\u2019n\u0131n 300 bin y\u0131l \u00f6ncesine uzanan yerle\u015fim izlerine sahip oldu\u011funu belirten Kurt, \u201cBu kadar k\u00fc\u00e7\u00fck bir co\u011frafyada 234 antik yerle\u015fim yerinin bulunmas\u0131 tesad\u00fcf de\u011fildir. Antalya, binlerce y\u0131ld\u0131r \u00e7ok dilli, \u00e7ok dinli, \u00e7ok k\u00fclt\u00fcrl\u00fc bir ya\u015fam\u0131n merkezi oldu. MS 2\u2019nci y\u00fczy\u0131lda bug\u00fcnk\u00fc n\u00fcfusuyla ayn\u0131 yo\u011funlukta bir yerle\u015fime sahipti\u201d dedi.<\/p>\n<p>TANITMAK DA G\u00d6REV\u0130M\u0130Z<\/p>\n<p>Antalya\u2019n\u0131n n\u00fcfusunun son 40 y\u0131lda 100 binden neredeyse 3 milyona ula\u015ft\u0131\u011f\u0131n\u0131 vurgulayan Kurt, bu h\u0131zl\u0131 b\u00fcy\u00fcmenin getirdi\u011fi kentle\u015fme bask\u0131s\u0131na kar\u015f\u0131 k\u00fclt\u00fcrel miras\u0131n korunmas\u0131n\u0131n \u00e7ok daha hayati hale geldi\u011fini s\u00f6yledi. Kurt, \u201cAntik kentlerden Osmanl\u0131 eserlerine, geleneksel el sanatlar\u0131ndan mutfak k\u00fclt\u00fcr\u00fcne kadar uzanan bu zenginli\u011fi sadece korumak de\u011fil, ayn\u0131 zamanda tan\u0131tmak da g\u00f6revimiz.\u201d diye konu\u015ftu.<\/p>\n<p>NES\u0130LLERE BORCUMUZ<\/p>\n<p>Kurt, Antalya\u2019n\u0131n yaln\u0131zca T\u00fcrkiye i\u00e7in de\u011fil, t\u00fcm d\u00fcnya i\u00e7in \u00f6nemli bir tarih\u00ee miras alan\u0131 oldu\u011funu vurgulayarak, \u201cBu miras\u0131 korumak sadece bir tercih de\u011fil, gelecek nesillere olan borcumuz\u201d dedi. S\u00f6zlerini, toplant\u0131ya ev sahipli\u011fi yapan AKMED y\u00f6netimi ve eme\u011fi ge\u00e7en herkese te\u015fekk\u00fcr ederek tamamlad\u0131.<\/p>\n<p>Toplant\u0131n\u0131n konuk konu\u015fmac\u0131s\u0131, Ko\u00e7 \u00dcniversitesi AKMED \u00fcyesi Dr. Remziye Boyraz Seyhan oldu. \u201cK\u00fclt\u00fcr Envanterleri Dijital \u00c7a\u011fda Gerekli mi?\u201d ba\u015fl\u0131kl\u0131 sunumunda Dr. Seyhan, k\u00fclt\u00fcrel miras\u0131n sadece fiziksel olarak de\u011fil, dijital ara\u00e7larla da korunmas\u0131 ve eri\u015filebilir hale getirilmesi gerekti\u011fine dikkat \u00e7ekti. Geleneksel envanterleme y\u00f6ntemlerinin art\u0131k yeterli olmad\u0131\u011f\u0131n\u0131 s\u00f6yleyen Seyhan, k\u00fclt\u00fcr envanterlerinin dijitalle\u015ferek, interaktif platformlar \u00fczerinden daha geni\u015f kitlelere ula\u015ft\u0131r\u0131labilece\u011fini ifade etti.<\/p>\n<p>BELGELER\u0130N KORUNMASI \u0130\u00c7\u0130N B\u0130R ZORUNLULUK <\/p>\n<p>Seyhan, k\u00fclt\u00fcr envanterlerinin neden h\u00e2l\u00e2 gerekli oldu\u011funu \u015fu d\u00f6rt temel ba\u015fl\u0131kta \u00f6zetledi: \u201cK\u00fclt\u00fcrel miras\u0131n korunmas\u0131, do\u011fal afetler, kentle\u015fme ve insan etkisiyle tehdit alt\u0131ndaki yap\u0131lar\u0131n belgelenmesi i\u00e7in bir zorunluluk. Dijital d\u00f6n\u00fc\u015f\u00fcm ve eri\u015filebilirlik, envanterlerin internet ortam\u0131na ta\u015f\u0131narak k\u00fcresel \u00f6l\u00e7ekte payla\u015f\u0131lmas\u0131na olanak tan\u0131r. Turizm ve tan\u0131t\u0131m, sanal m\u00fczeler ve dijital haritalarla k\u00fclt\u00fcrel miras\u0131n tan\u0131t\u0131m\u0131 desteklenebilir. \u015eehir planlamas\u0131 ve s\u00fcrd\u00fcr\u00fclebilirlik, tarih\u00ee dokunun yeni projelerle tahrip edilmemesi i\u00e7in k\u00fclt\u00fcrel referanslar\u0131n veri olarak kullan\u0131lmas\u0131n\u0131 sa\u011flar.\u201d<\/p>\n<p>ANTALYA UNUTULDU<\/p>\n<p>Dr. Seyhan ayr\u0131ca K\u00fclt\u00fcr ve Turizm Bakanl\u0131\u011f\u0131\u2019n\u0131n haz\u0131rlad\u0131\u011f\u0131 T\u00fcrkiye K\u00fclt\u00fcr Portal\u0131\u2019na da de\u011findi. Portalda 10 bin 467 k\u00fclt\u00fcrel miras kayd\u0131 bulundu\u011funu belirten Seyhan, ancak Antalya\u2019n\u0131n bu veritaban\u0131nda arama sonu\u00e7lar\u0131nda g\u00f6r\u00fcnmedi\u011fini ve sadece \u0130l K\u00fclt\u00fcr ve Turizm M\u00fcd\u00fcrl\u00fc\u011f\u00fc sayfas\u0131na y\u00f6nlendirme yap\u0131ld\u0131\u011f\u0131n\u0131 s\u00f6yledi. Antalya sayfas\u0131nda \u00e7evrim i\u00e7i bir envanterin yer almamas\u0131n\u0131 ele\u015ftirerek, bu eksikli\u011fin giderilmesinin \u00e7ok \u00f6nemli oldu\u011funu vurgulad\u0131.<\/p>\n<p>\u200bK\u00fclt\u00fcr ve Turizm Bakanl\u0131\u011f\u0131\u2019n\u0131n haz\u0131rlad\u0131\u011f\u0131 10 bin 467 k\u00fclt\u00fcrel miras kayd\u0131 bulunan T\u00fcrkiye K\u00fclt\u00fcr Portal\u0131 sorgulama sayfas\u0131nda Antalya unutuldu. Ko\u00e7 \u00dcniversitesi AKMED \u00fcyesi Dr. Remziye Boyraz bu eksikli\u011fin giderilmesinin \u00e7ok \u00f6nemli oldu\u011funu vurgulad\u0131.\u00a0<\/p>\n<p>\u200bHaberin Al\u0131nt\u0131land\u0131\u011f\u0131 Kaynak: www.antalyakorfez.com<\/p>","protected":false},"excerpt":{"rendered":"<p>Antalya Kent Konseyi, Nisan ay\u0131 toplant\u0131s\u0131n\u0131 tarih\u00ee ve k\u00fclt\u00fcrel miras\u0131n korunmas\u0131 temas\u0131yla ger\u00e7ekle\u015ftirdi. Muratpa\u015fa il\u00e7esindeki Suna &amp; \u0130nan K\u0131ra\u00e7 Kalei\u00e7i M\u00fczesi\u2019nde d\u00fczenlenen toplant\u0131, kentin k\u00fclt\u00fcrel haf\u0131zas\u0131na sahip \u00e7\u0131kma kararl\u0131l\u0131\u011f\u0131n\u0131 bir kez daha g\u00f6zler \u00f6n\u00fcne serdi. Toplant\u0131ya akademisyenler, k\u00fclt\u00fcrel miras uzmanlar\u0131, sivil toplum temsilcileri ve \u00e7e\u015fitli kurumlardan davetliler kat\u0131ld\u0131. ANTALYA\u2019NIN GELECE\u011e\u0130 \u0130\u00c7\u0130N \u00d6NEML\u0130 Toplant\u0131n\u0131n a\u00e7\u0131l\u0131\u015f konu\u015fmas\u0131n\u0131 yapan Antalya Kent Konseyi Ba\u015fkan\u0131 Semanur Kurt, kent konseyinin 14 \u00e7al\u0131\u015fma organ\u0131 ve 4 meclisle aktif olarak \u00e7al\u0131\u015ft\u0131\u011f\u0131n\u0131 belirtti. Bu organlardan biri olan K\u00fclt\u00fcrel Miras \u00c7al\u0131\u015fma Grubu\u2019nun yapt\u0131\u011f\u0131 bu toplant\u0131n\u0131n Antalya\u2019n\u0131n gelece\u011fi i\u00e7in b\u00fcy\u00fck \u00f6nem ta\u015f\u0131d\u0131\u011f\u0131n\u0131 vurgulayan Kurt, \u201cAntalya\u2019n\u0131n tarih\u00ee ve k\u00fclt\u00fcrel zenginliklerini korumak sadece ge\u00e7mi\u015fi hat\u0131rlamak de\u011fil, ayn\u0131 zamanda gelece\u011fe y\u00f6n vermek\u201d dedi. 234 ANT\u0130K YERLE\u015e\u0130M YER\u0130 Antalya K\u00f6rfez Gazetesi muhabiri Ertu\u011frul G\u00fcn&#8217;\u00fcn haberine g\u00f6re; Semanur Kurt konu\u015fmas\u0131nda kentin tarih\u00ee derinli\u011fine dikkat \u00e7ekti. Antalya\u2019n\u0131n 300 bin y\u0131l \u00f6ncesine uzanan yerle\u015fim izlerine sahip oldu\u011funu belirten Kurt, \u201cBu kadar k\u00fc\u00e7\u00fck bir co\u011frafyada 234 antik yerle\u015fim yerinin bulunmas\u0131 tesad\u00fcf de\u011fildir. Antalya, binlerce y\u0131ld\u0131r \u00e7ok dilli, \u00e7ok dinli, \u00e7ok k\u00fclt\u00fcrl\u00fc bir ya\u015fam\u0131n merkezi oldu. MS 2\u2019nci y\u00fczy\u0131lda bug\u00fcnk\u00fc n\u00fcfusuyla ayn\u0131 yo\u011funlukta bir yerle\u015fime sahipti\u201d dedi. TANITMAK DA G\u00d6REV\u0130M\u0130Z Antalya\u2019n\u0131n n\u00fcfusunun son 40 y\u0131lda 100 binden neredeyse 3 milyona ula\u015ft\u0131\u011f\u0131n\u0131 vurgulayan Kurt, bu h\u0131zl\u0131 b\u00fcy\u00fcmenin getirdi\u011fi kentle\u015fme bask\u0131s\u0131na kar\u015f\u0131 &hellip;<\/p>","protected":false},"author":5,"featured_media":0,"comment_status":"","ping_status":"open","sticky":false,"template":"","format":"standard","meta":{"_acf_changed":false,"footnotes":""},"categories":[24],"tags":[],"class_list":["post-72346","post","type-post","status-publish","format-standard","has-post-thumbnail","hentry","category-gundem"],"acf":[],"yoast_head":"<!-- This site is optimized with the Yoast SEO Premium plugin v26.6 (Yoast SEO v27.1.1) - https:\/\/yoast.com\/product\/yoast-seo-premium-wordpress\/ -->\n<title>K\u00fclt\u00fcr portal\u0131nda Antalya unutuldu: Eksikli\u011fi bir an \u00f6nce giderin \u00e7a\u011fr\u0131s\u0131 - Av. Deniz Can K\u0131z\u0131l<\/title>\n<meta name=\"robots\" content=\"index, follow, max-snippet:-1, max-image-preview:large, max-video-preview:-1\" \/>\n<link rel=\"canonical\" href=\"http:\/\/denizcankizil.tr\/en\/haberler\/gundem\/kultur-portalinda-antalya-unutuldu-eksikligi-bir-an-once-giderin-cagrisi\/\" \/>\n<meta property=\"og:locale\" content=\"en_GB\" \/>\n<meta property=\"og:type\" content=\"article\" \/>\n<meta property=\"og:title\" content=\"K\u00fclt\u00fcr portal\u0131nda Antalya unutuldu: Eksikli\u011fi bir an \u00f6nce giderin \u00e7a\u011fr\u0131s\u0131\" \/>\n<meta property=\"og:description\" content=\"Antalya Kent Konseyi, Nisan ay\u0131 toplant\u0131s\u0131n\u0131 tarih\u00ee ve k\u00fclt\u00fcrel miras\u0131n korunmas\u0131 temas\u0131yla ger\u00e7ekle\u015ftirdi. Muratpa\u015fa il\u00e7esindeki Suna &amp; \u0130nan K\u0131ra\u00e7 Kalei\u00e7i M\u00fczesi\u2019nde d\u00fczenlenen toplant\u0131, kentin k\u00fclt\u00fcrel haf\u0131zas\u0131na sahip \u00e7\u0131kma kararl\u0131l\u0131\u011f\u0131n\u0131 bir kez daha g\u00f6zler \u00f6n\u00fcne serdi. Toplant\u0131ya akademisyenler, k\u00fclt\u00fcrel miras uzmanlar\u0131, sivil toplum temsilcileri ve \u00e7e\u015fitli kurumlardan davetliler kat\u0131ld\u0131. ANTALYA\u2019NIN GELECE\u011e\u0130 \u0130\u00c7\u0130N \u00d6NEML\u0130 Toplant\u0131n\u0131n a\u00e7\u0131l\u0131\u015f konu\u015fmas\u0131n\u0131 yapan Antalya Kent Konseyi Ba\u015fkan\u0131 Semanur Kurt, kent konseyinin 14 \u00e7al\u0131\u015fma organ\u0131 ve 4 meclisle aktif olarak \u00e7al\u0131\u015ft\u0131\u011f\u0131n\u0131 belirtti. Bu organlardan biri olan K\u00fclt\u00fcrel Miras \u00c7al\u0131\u015fma Grubu\u2019nun yapt\u0131\u011f\u0131 bu toplant\u0131n\u0131n Antalya\u2019n\u0131n gelece\u011fi i\u00e7in b\u00fcy\u00fck \u00f6nem ta\u015f\u0131d\u0131\u011f\u0131n\u0131 vurgulayan Kurt, \u201cAntalya\u2019n\u0131n tarih\u00ee ve k\u00fclt\u00fcrel zenginliklerini korumak sadece ge\u00e7mi\u015fi hat\u0131rlamak de\u011fil, ayn\u0131 zamanda gelece\u011fe y\u00f6n vermek\u201d dedi. 234 ANT\u0130K YERLE\u015e\u0130M YER\u0130 Antalya K\u00f6rfez Gazetesi muhabiri Ertu\u011frul G\u00fcn&#8217;\u00fcn haberine g\u00f6re; Semanur Kurt konu\u015fmas\u0131nda kentin tarih\u00ee derinli\u011fine dikkat \u00e7ekti. Antalya\u2019n\u0131n 300 bin y\u0131l \u00f6ncesine uzanan yerle\u015fim izlerine sahip oldu\u011funu belirten Kurt, \u201cBu kadar k\u00fc\u00e7\u00fck bir co\u011frafyada 234 antik yerle\u015fim yerinin bulunmas\u0131 tesad\u00fcf de\u011fildir. Antalya, binlerce y\u0131ld\u0131r \u00e7ok dilli, \u00e7ok dinli, \u00e7ok k\u00fclt\u00fcrl\u00fc bir ya\u015fam\u0131n merkezi oldu. MS 2\u2019nci y\u00fczy\u0131lda bug\u00fcnk\u00fc n\u00fcfusuyla ayn\u0131 yo\u011funlukta bir yerle\u015fime sahipti\u201d dedi. TANITMAK DA G\u00d6REV\u0130M\u0130Z Antalya\u2019n\u0131n n\u00fcfusunun son 40 y\u0131lda 100 binden neredeyse 3 milyona ula\u015ft\u0131\u011f\u0131n\u0131 vurgulayan Kurt, bu h\u0131zl\u0131 b\u00fcy\u00fcmenin getirdi\u011fi kentle\u015fme bask\u0131s\u0131na kar\u015f\u0131 &hellip;\" \/>\n<meta property=\"og:url\" content=\"http:\/\/denizcankizil.tr\/en\/haberler\/gundem\/kultur-portalinda-antalya-unutuldu-eksikligi-bir-an-once-giderin-cagrisi\/\" \/>\n<meta property=\"og:site_name\" content=\"Av. Deniz Can K\u0131z\u0131l\" \/>\n<meta property=\"article:published_time\" content=\"2025-05-01T07:42:12+00:00\" \/>\n<meta name=\"author\" content=\"Antalya K\u00f6rfez\" \/>\n<meta name=\"twitter:card\" content=\"summary_large_image\" \/>\n<meta name=\"twitter:label1\" content=\"Written by\" \/>\n\t<meta name=\"twitter:data1\" content=\"Antalya K\u00f6rfez\" \/>\n\t<meta name=\"twitter:label2\" content=\"Estimated reading time\" \/>\n\t<meta name=\"twitter:data2\" content=\"4 minutes\" \/>\n<script type=\"application\/ld+json\" class=\"yoast-schema-graph\">{\"@context\":\"https:\/\/schema.org\",\"@graph\":[{\"@type\":\"Article\",\"@id\":\"http:\/\/denizcankizil.tr\/ru\/haberler\/gundem\/kultur-portalinda-antalya-unutuldu-eksikligi-bir-an-once-giderin-cagrisi\/#article\",\"isPartOf\":{\"@id\":\"http:\/\/denizcankizil.tr\/ru\/haberler\/gundem\/kultur-portalinda-antalya-unutuldu-eksikligi-bir-an-once-giderin-cagrisi\/\"},\"author\":{\"name\":\"Antalya K\u00f6rfez\",\"@id\":\"https:\/\/denizcankizil.tr\/de\/#\/schema\/person\/e1eb71bb4dd684d46563f0af307e1234\"},\"headline\":\"K\u00fclt\u00fcr portal\u0131nda Antalya unutuldu: Eksikli\u011fi bir an \u00f6nce giderin \u00e7a\u011fr\u0131s\u0131\",\"datePublished\":\"2025-05-01T07:42:12+00:00\",\"mainEntityOfPage\":{\"@id\":\"http:\/\/denizcankizil.tr\/ru\/haberler\/gundem\/kultur-portalinda-antalya-unutuldu-eksikligi-bir-an-once-giderin-cagrisi\/\"},\"wordCount\":784,\"publisher\":{\"@id\":\"https:\/\/denizcankizil.tr\/de\/#organization\"},\"articleSection\":[\"G\u00fcndem\"],\"inLanguage\":\"en-GB\"},{\"@type\":\"WebPage\",\"@id\":\"http:\/\/denizcankizil.tr\/ru\/haberler\/gundem\/kultur-portalinda-antalya-unutuldu-eksikligi-bir-an-once-giderin-cagrisi\/\",\"url\":\"http:\/\/denizcankizil.tr\/ru\/haberler\/gundem\/kultur-portalinda-antalya-unutuldu-eksikligi-bir-an-once-giderin-cagrisi\/\",\"name\":\"K\u00fclt\u00fcr portal\u0131nda Antalya unutuldu: Eksikli\u011fi bir an \u00f6nce giderin \u00e7a\u011fr\u0131s\u0131 - Av. Deniz Can K\u0131z\u0131l\",\"isPartOf\":{\"@id\":\"https:\/\/denizcankizil.tr\/de\/#website\"},\"datePublished\":\"2025-05-01T07:42:12+00:00\",\"breadcrumb\":{\"@id\":\"http:\/\/denizcankizil.tr\/ru\/haberler\/gundem\/kultur-portalinda-antalya-unutuldu-eksikligi-bir-an-once-giderin-cagrisi\/#breadcrumb\"},\"inLanguage\":\"en-GB\",\"potentialAction\":[{\"@type\":\"ReadAction\",\"target\":[\"http:\/\/denizcankizil.tr\/ru\/haberler\/gundem\/kultur-portalinda-antalya-unutuldu-eksikligi-bir-an-once-giderin-cagrisi\/\"]}]},{\"@type\":\"BreadcrumbList\",\"@id\":\"http:\/\/denizcankizil.tr\/ru\/haberler\/gundem\/kultur-portalinda-antalya-unutuldu-eksikligi-bir-an-once-giderin-cagrisi\/#breadcrumb\",\"itemListElement\":[{\"@type\":\"ListItem\",\"position\":1,\"name\":\"Home\",\"item\":\"https:\/\/denizcankizil.tr\/de\/\"},{\"@type\":\"ListItem\",\"position\":2,\"name\":\"K\u00fclt\u00fcr portal\u0131nda Antalya unutuldu: Eksikli\u011fi bir an \u00f6nce giderin \u00e7a\u011fr\u0131s\u0131\"}]},{\"@type\":\"WebSite\",\"@id\":\"https:\/\/denizcankizil.tr\/de\/#website\",\"url\":\"https:\/\/denizcankizil.tr\/de\/\",\"name\":\"Av. Deniz Can K\u0131z\u0131l\",\"description\":\"Avukat Deniz Can K\u0131z\u0131l Antalya Barosu\",\"publisher\":{\"@id\":\"https:\/\/denizcankizil.tr\/de\/#organization\"},\"potentialAction\":[{\"@type\":\"SearchAction\",\"target\":{\"@type\":\"EntryPoint\",\"urlTemplate\":\"https:\/\/denizcankizil.tr\/de\/?s={search_term_string}\"},\"query-input\":{\"@type\":\"PropertyValueSpecification\",\"valueRequired\":true,\"valueName\":\"search_term_string\"}}],\"inLanguage\":\"en-GB\"},{\"@type\":\"Organization\",\"@id\":\"https:\/\/denizcankizil.tr\/de\/#organization\",\"name\":\"Av. Deniz Can K\u0131z\u0131l\",\"url\":\"https:\/\/denizcankizil.tr\/de\/\",\"logo\":{\"@type\":\"ImageObject\",\"inLanguage\":\"en-GB\",\"@id\":\"https:\/\/denizcankizil.tr\/de\/#\/schema\/logo\/image\/\",\"url\":\"http:\/\/denizcankizil.tr\/wp-content\/uploads\/2024\/10\/siyah-logo-svg.svg\",\"contentUrl\":\"http:\/\/denizcankizil.tr\/wp-content\/uploads\/2024\/10\/siyah-logo-svg.svg\",\"width\":1080,\"height\":1080,\"caption\":\"Av. Deniz Can K\u0131z\u0131l\"},\"image\":{\"@id\":\"https:\/\/denizcankizil.tr\/de\/#\/schema\/logo\/image\/\"}},{\"@type\":\"Person\",\"@id\":\"https:\/\/denizcankizil.tr\/de\/#\/schema\/person\/e1eb71bb4dd684d46563f0af307e1234\",\"name\":\"Antalya K\u00f6rfez\",\"image\":{\"@type\":\"ImageObject\",\"inLanguage\":\"en-GB\",\"@id\":\"https:\/\/denizcankizil.tr\/de\/#\/schema\/person\/image\/\",\"url\":\"https:\/\/secure.gravatar.com\/avatar\/42b01982558a48a0b501fdcab6a408d3717ea5919095ee2e67b0e521799c5905?s=96&d=mm&r=g\",\"contentUrl\":\"https:\/\/secure.gravatar.com\/avatar\/42b01982558a48a0b501fdcab6a408d3717ea5919095ee2e67b0e521799c5905?s=96&d=mm&r=g\",\"caption\":\"Antalya K\u00f6rfez\"},\"sameAs\":[\"http:\/\/www.antalyakorfez.com\"],\"url\":\"https:\/\/www.antalyakorfez.com\/kultur-portalinda-antalya-unutuldu-eksikligi-bir-an-once-giderin-cagrisi\"}]}<\/script>\n<!-- \/ Yoast SEO Premium plugin. -->","yoast_head_json":{"title":"K\u00fclt\u00fcr portal\u0131nda Antalya unutuldu: Eksikli\u011fi bir an \u00f6nce giderin \u00e7a\u011fr\u0131s\u0131 - Av. Deniz Can K\u0131z\u0131l","robots":{"index":"index","follow":"follow","max-snippet":"max-snippet:-1","max-image-preview":"max-image-preview:large","max-video-preview":"max-video-preview:-1"},"canonical":"http:\/\/denizcankizil.tr\/en\/haberler\/gundem\/kultur-portalinda-antalya-unutuldu-eksikligi-bir-an-once-giderin-cagrisi\/","og_locale":"en_GB","og_type":"article","og_title":"K\u00fclt\u00fcr portal\u0131nda Antalya unutuldu: Eksikli\u011fi bir an \u00f6nce giderin \u00e7a\u011fr\u0131s\u0131","og_description":"Antalya Kent Konseyi, Nisan ay\u0131 toplant\u0131s\u0131n\u0131 tarih\u00ee ve k\u00fclt\u00fcrel miras\u0131n korunmas\u0131 temas\u0131yla ger\u00e7ekle\u015ftirdi. Muratpa\u015fa il\u00e7esindeki Suna &amp; \u0130nan K\u0131ra\u00e7 Kalei\u00e7i M\u00fczesi\u2019nde d\u00fczenlenen toplant\u0131, kentin k\u00fclt\u00fcrel haf\u0131zas\u0131na sahip \u00e7\u0131kma kararl\u0131l\u0131\u011f\u0131n\u0131 bir kez daha g\u00f6zler \u00f6n\u00fcne serdi. Toplant\u0131ya akademisyenler, k\u00fclt\u00fcrel miras uzmanlar\u0131, sivil toplum temsilcileri ve \u00e7e\u015fitli kurumlardan davetliler kat\u0131ld\u0131. ANTALYA\u2019NIN GELECE\u011e\u0130 \u0130\u00c7\u0130N \u00d6NEML\u0130 Toplant\u0131n\u0131n a\u00e7\u0131l\u0131\u015f konu\u015fmas\u0131n\u0131 yapan Antalya Kent Konseyi Ba\u015fkan\u0131 Semanur Kurt, kent konseyinin 14 \u00e7al\u0131\u015fma organ\u0131 ve 4 meclisle aktif olarak \u00e7al\u0131\u015ft\u0131\u011f\u0131n\u0131 belirtti. Bu organlardan biri olan K\u00fclt\u00fcrel Miras \u00c7al\u0131\u015fma Grubu\u2019nun yapt\u0131\u011f\u0131 bu toplant\u0131n\u0131n Antalya\u2019n\u0131n gelece\u011fi i\u00e7in b\u00fcy\u00fck \u00f6nem ta\u015f\u0131d\u0131\u011f\u0131n\u0131 vurgulayan Kurt, \u201cAntalya\u2019n\u0131n tarih\u00ee ve k\u00fclt\u00fcrel zenginliklerini korumak sadece ge\u00e7mi\u015fi hat\u0131rlamak de\u011fil, ayn\u0131 zamanda gelece\u011fe y\u00f6n vermek\u201d dedi. 234 ANT\u0130K YERLE\u015e\u0130M YER\u0130 Antalya K\u00f6rfez Gazetesi muhabiri Ertu\u011frul G\u00fcn&#8217;\u00fcn haberine g\u00f6re; Semanur Kurt konu\u015fmas\u0131nda kentin tarih\u00ee derinli\u011fine dikkat \u00e7ekti. Antalya\u2019n\u0131n 300 bin y\u0131l \u00f6ncesine uzanan yerle\u015fim izlerine sahip oldu\u011funu belirten Kurt, \u201cBu kadar k\u00fc\u00e7\u00fck bir co\u011frafyada 234 antik yerle\u015fim yerinin bulunmas\u0131 tesad\u00fcf de\u011fildir. Antalya, binlerce y\u0131ld\u0131r \u00e7ok dilli, \u00e7ok dinli, \u00e7ok k\u00fclt\u00fcrl\u00fc bir ya\u015fam\u0131n merkezi oldu. MS 2\u2019nci y\u00fczy\u0131lda bug\u00fcnk\u00fc n\u00fcfusuyla ayn\u0131 yo\u011funlukta bir yerle\u015fime sahipti\u201d dedi. TANITMAK DA G\u00d6REV\u0130M\u0130Z Antalya\u2019n\u0131n n\u00fcfusunun son 40 y\u0131lda 100 binden neredeyse 3 milyona ula\u015ft\u0131\u011f\u0131n\u0131 vurgulayan Kurt, bu h\u0131zl\u0131 b\u00fcy\u00fcmenin getirdi\u011fi kentle\u015fme bask\u0131s\u0131na kar\u015f\u0131 &hellip;","og_url":"http:\/\/denizcankizil.tr\/en\/haberler\/gundem\/kultur-portalinda-antalya-unutuldu-eksikligi-bir-an-once-giderin-cagrisi\/","og_site_name":"Av. Deniz Can K\u0131z\u0131l","article_published_time":"2025-05-01T07:42:12+00:00","author":"Antalya K\u00f6rfez","twitter_card":"summary_large_image","twitter_misc":{"Written by":"Antalya K\u00f6rfez","Estimated reading time":"4 minutes"},"schema":{"@context":"https:\/\/schema.org","@graph":[{"@type":"Article","@id":"http:\/\/denizcankizil.tr\/ru\/haberler\/gundem\/kultur-portalinda-antalya-unutuldu-eksikligi-bir-an-once-giderin-cagrisi\/#article","isPartOf":{"@id":"http:\/\/denizcankizil.tr\/ru\/haberler\/gundem\/kultur-portalinda-antalya-unutuldu-eksikligi-bir-an-once-giderin-cagrisi\/"},"author":{"name":"Antalya K\u00f6rfez","@id":"https:\/\/denizcankizil.tr\/de\/#\/schema\/person\/e1eb71bb4dd684d46563f0af307e1234"},"headline":"K\u00fclt\u00fcr portal\u0131nda Antalya unutuldu: Eksikli\u011fi bir an \u00f6nce giderin \u00e7a\u011fr\u0131s\u0131","datePublished":"2025-05-01T07:42:12+00:00","mainEntityOfPage":{"@id":"http:\/\/denizcankizil.tr\/ru\/haberler\/gundem\/kultur-portalinda-antalya-unutuldu-eksikligi-bir-an-once-giderin-cagrisi\/"},"wordCount":784,"publisher":{"@id":"https:\/\/denizcankizil.tr\/de\/#organization"},"articleSection":["G\u00fcndem"],"inLanguage":"en-GB"},{"@type":"WebPage","@id":"http:\/\/denizcankizil.tr\/ru\/haberler\/gundem\/kultur-portalinda-antalya-unutuldu-eksikligi-bir-an-once-giderin-cagrisi\/","url":"http:\/\/denizcankizil.tr\/ru\/haberler\/gundem\/kultur-portalinda-antalya-unutuldu-eksikligi-bir-an-once-giderin-cagrisi\/","name":"K\u00fclt\u00fcr portal\u0131nda Antalya unutuldu: Eksikli\u011fi bir an \u00f6nce giderin \u00e7a\u011fr\u0131s\u0131 - Av. Deniz Can K\u0131z\u0131l","isPartOf":{"@id":"https:\/\/denizcankizil.tr\/de\/#website"},"datePublished":"2025-05-01T07:42:12+00:00","breadcrumb":{"@id":"http:\/\/denizcankizil.tr\/ru\/haberler\/gundem\/kultur-portalinda-antalya-unutuldu-eksikligi-bir-an-once-giderin-cagrisi\/#breadcrumb"},"inLanguage":"en-GB","potentialAction":[{"@type":"ReadAction","target":["http:\/\/denizcankizil.tr\/ru\/haberler\/gundem\/kultur-portalinda-antalya-unutuldu-eksikligi-bir-an-once-giderin-cagrisi\/"]}]},{"@type":"BreadcrumbList","@id":"http:\/\/denizcankizil.tr\/ru\/haberler\/gundem\/kultur-portalinda-antalya-unutuldu-eksikligi-bir-an-once-giderin-cagrisi\/#breadcrumb","itemListElement":[{"@type":"ListItem","position":1,"name":"Home","item":"https:\/\/denizcankizil.tr\/de\/"},{"@type":"ListItem","position":2,"name":"K\u00fclt\u00fcr portal\u0131nda Antalya unutuldu: Eksikli\u011fi bir an \u00f6nce giderin \u00e7a\u011fr\u0131s\u0131"}]},{"@type":"WebSite","@id":"https:\/\/denizcankizil.tr\/de\/#website","url":"https:\/\/denizcankizil.tr\/de\/","name":"Av. Deniz Can K\u0131z\u0131l","description":"Avukat Deniz Can K\u0131z\u0131l Antalya Barosu","publisher":{"@id":"https:\/\/denizcankizil.tr\/de\/#organization"},"potentialAction":[{"@type":"SearchAction","target":{"@type":"EntryPoint","urlTemplate":"https:\/\/denizcankizil.tr\/de\/?s={search_term_string}"},"query-input":{"@type":"PropertyValueSpecification","valueRequired":true,"valueName":"search_term_string"}}],"inLanguage":"en-GB"},{"@type":"Organization","@id":"https:\/\/denizcankizil.tr\/de\/#organization","name":"Av. Deniz Can K\u0131z\u0131l","url":"https:\/\/denizcankizil.tr\/de\/","logo":{"@type":"ImageObject","inLanguage":"en-GB","@id":"https:\/\/denizcankizil.tr\/de\/#\/schema\/logo\/image\/","url":"http:\/\/denizcankizil.tr\/wp-content\/uploads\/2024\/10\/siyah-logo-svg.svg","contentUrl":"http:\/\/denizcankizil.tr\/wp-content\/uploads\/2024\/10\/siyah-logo-svg.svg","width":1080,"height":1080,"caption":"Av. Deniz Can K\u0131z\u0131l"},"image":{"@id":"https:\/\/denizcankizil.tr\/de\/#\/schema\/logo\/image\/"}},{"@type":"Person","@id":"https:\/\/denizcankizil.tr\/de\/#\/schema\/person\/e1eb71bb4dd684d46563f0af307e1234","name":"Antalya K\u00f6rfez","image":{"@type":"ImageObject","inLanguage":"en-GB","@id":"https:\/\/denizcankizil.tr\/de\/#\/schema\/person\/image\/","url":"https:\/\/secure.gravatar.com\/avatar\/42b01982558a48a0b501fdcab6a408d3717ea5919095ee2e67b0e521799c5905?s=96&d=mm&r=g","contentUrl":"https:\/\/secure.gravatar.com\/avatar\/42b01982558a48a0b501fdcab6a408d3717ea5919095ee2e67b0e521799c5905?s=96&d=mm&r=g","caption":"Antalya K\u00f6rfez"},"sameAs":["http:\/\/www.antalyakorfez.com"],"url":"https:\/\/www.antalyakorfez.com\/kultur-portalinda-antalya-unutuldu-eksikligi-bir-an-once-giderin-cagrisi"}]}},"_links":{"self":[{"href":"http:\/\/denizcankizil.tr\/en\/wp-json\/wp\/v2\/posts\/72346","targetHints":{"allow":["GET"]}}],"collection":[{"href":"http:\/\/denizcankizil.tr\/en\/wp-json\/wp\/v2\/posts"}],"about":[{"href":"http:\/\/denizcankizil.tr\/en\/wp-json\/wp\/v2\/types\/post"}],"author":[{"embeddable":true,"href":"http:\/\/denizcankizil.tr\/en\/wp-json\/wp\/v2\/users\/5"}],"replies":[{"embeddable":true,"href":"http:\/\/denizcankizil.tr\/en\/wp-json\/wp\/v2\/comments?post=72346"}],"version-history":[{"count":0,"href":"http:\/\/denizcankizil.tr\/en\/wp-json\/wp\/v2\/posts\/72346\/revisions"}],"wp:attachment":[{"href":"http:\/\/denizcankizil.tr\/en\/wp-json\/wp\/v2\/media?parent=72346"}],"wp:term":[{"taxonomy":"category","embeddable":true,"href":"http:\/\/denizcankizil.tr\/en\/wp-json\/wp\/v2\/categories?post=72346"},{"taxonomy":"post_tag","embeddable":true,"href":"http:\/\/denizcankizil.tr\/en\/wp-json\/wp\/v2\/tags?post=72346"}],"curies":[{"name":"wp","href":"https:\/\/api.w.org\/{rel}","templated":true}]}}