{"id":71531,"date":"2025-04-30T15:35:00","date_gmt":"2025-04-30T12:35:00","guid":{"rendered":"https:\/\/denizcankizil.tr\/uncategorized-tr\/yargitay-1-ceza-dairesinin-2024-6057-e-2025-420-k-sayili-karari\/"},"modified":"2025-04-30T15:35:00","modified_gmt":"2025-04-30T12:35:00","slug":"yargitay-1-ceza-dairesinin-2024-6057-e-2025-420-k-sayili-karari","status":"publish","type":"post","link":"http:\/\/denizcankizil.tr\/en\/hukukihaber\/yargitay-1-ceza-dairesinin-2024-6057-e-2025-420-k-sayili-karari\/","title":{"rendered":"Yarg\u0131tay 1. Ceza Dairesi\u2019nin 2024\/6057 E., 2025\/420 K. say\u0131l\u0131 karar\u0131"},"content":{"rendered":"<p>T.C.<\/p>\n<p>Yarg\u0131tay<\/p>\n<p>1. Ceza Dairesi<\/p>\n<p>2024\/6057 E., 2025\/420 K.<\/p>\n<p>&#8220;\u0130\u00e7tihat Metni&#8221;<\/p>\n<p>UYU\u015eMAZLI\u011eIN G\u0130DER\u0130LMES\u0130<br \/>\nTALEB\u0130NDE BULUNAN: Yarg\u0131tay Cumhuriyet Ba\u015fsavc\u0131l\u0131\u011f\u0131<br \/>\nTALEP YAZISININ TAR\u0130H\u0130: 12.09.2024<br \/>\nTALEP KONUSU: Hakk\u0131nda beraat karar\u0131 verilen ve Otomatik CMK Atama Sisteminden (OCAS) atanan zorunlu m\u00fcdafii ile temsil olunan san\u0131k lehine ya da mahkumiyet durumunda Otomatik CMK Atama Sisteminden (OCAS) atanan zorunlu ma\u011fdur vekili lehine Avukatl\u0131k Asgari \u00dccret Tarifesine g\u00f6re vekalet \u00fccretinin h\u00fckmedilip h\u00fckmedilemeyece\u011fine ili\u015fkin<\/p>\n<p>TALEPTE BULUNULAN<br \/>\n\u0130LG\u0130L\u0130 KURUL KARARI: Konya B\u00f6lge Adliye Mahkemesi Ceza Daireleri Ba\u015fkanlar Kurulunun 06.05.2024 tarih ve 2024\/4 say\u0131l\u0131 uyu\u015fmazl\u0131\u011f\u0131n giderilmesi talebi<br \/>\n\u0130lgili Evrak \u0130ncelenerek Gere\u011fi D\u00fc\u015f\u00fcn\u00fcld\u00fc:<br \/>\nUyu\u015fmazl\u0131\u011f\u0131n Konusu:<\/p>\n<p>21.09.2023 tarih ve 32316 say\u0131l\u0131 Resmi Gazete&#8217;de yay\u0131mlanarak y\u00fcr\u00fcrl\u00fc\u011fe giren Avukatl\u0131k Asgari \u00dccret Tarifesinin 14\/1 maddesinde yer alan, &#8220;Kamu davas\u0131na kat\u0131lma \u00fczerine, mahkumiyete ya da h\u00fckm\u00fcn a\u00e7\u0131klanmas\u0131n\u0131n geri b\u0131rak\u0131lmas\u0131na karar verilmi\u015f ise vekil ile temsil edilen kat\u0131lan lehine bu Tarifenin ikinci k\u0131sm\u0131n\u0131n ikinci b\u00f6l\u00fcm\u00fcnde belirlenen avukatl\u0131k \u00fccreti san\u0131\u011fa y\u00fckletilir. Bu h\u00fck\u00fcm, kat\u0131lan\u0131n 04\/12\/2004 tarihli ve 5271 say\u0131l\u0131 Ceza Muhakemesi Kanunu gere\u011fince g\u00f6revlendirilen vekili bulunmas\u0131 durumunda kovu\u015fturma i\u00e7in \u00f6denen \u00fccret mahsup edilerek uygulan\u0131r.&#8221; ve tarifenin 14\/4 maddesinde yer alan &#8220;Beraat eden ve vekil veya m\u00fcdafi ile temsil edilen san\u0131k yarar\u0131na Hazine aleyhine maktu avukatl\u0131k \u00fccretine h\u00fckmedilir. Bu h\u00fck\u00fcm, san\u0131\u011f\u0131n 4\/12\/2004 tarihli ve 5271 say\u0131l\u0131 Ceza Muhakemesi Kanunu gere\u011fince g\u00f6revlendirilen m\u00fcdafii bulunmas\u0131 durumunda kovu\u015fturma i\u00e7in Hazineden al\u0131nan \u00fccretin mahsubu suretiyle uygulan\u0131r.&#8221; d\u00fczenlemelere istinaden hakk\u0131nda beraat karar\u0131 verilen ancak Ceza Muhakemesi Kanunu gere\u011fince g\u00f6revlendirilen zorunlu m\u00fcdafii ile temsil olunan san\u0131k lehine ya da mahkumiyet durumunda Ceza Muhakemesi Kanunu gere\u011fince g\u00f6revlendirilen zorunlu ma\u011fdur vekili lehine vekalet \u00fccretine h\u00fckmedilip h\u00fckmedilemeyece\u011fine ili\u015fkindir.<\/p>\n<p>Uyu\u015fmazl\u0131\u011f\u0131n Giderilmesi Talebine Konu Kararlar:<\/p>\n<p>a)Konya B\u00f6lge Adliye Mahkemesi 6. Ceza Dairesi&#8217;nin 2024\/527-505 E-K say\u0131l\u0131 karar\u0131nda;<br \/>\n&#8220;CMK 150\/2-3 maddesinden do\u011fan zorunluluk ya da baro taraf\u0131ndan g\u00f6revlendirilen m\u00fcdafi nedeniyle beraat eden lehine vekalet \u00fccretine h\u00fckmolunmas\u0131 gerekti\u011fi \u015feklinde yorumlanmamas\u0131 gerek\u00e7esi ile istinaf ba\u015fvurusunun esastan reddine,&#8221; kesin olarak karar verildi\u011fi,<\/p>\n<p>b)Konya B\u00f6lge Adliye Mahkemesi 3. Ceza Dairesi&#8217;nin 2024\/560-503 E-K say\u0131l\u0131 karar\u0131nda;<br \/>\n&#8220;CMK 150\/2-3 maddesinden do\u011fan zorunluluk ya da baro taraf\u0131ndan g\u00f6revlendirilen m\u00fcdafi nedeniyle beraat eden lehine vekalet \u00fccretine h\u00fckmolunmas\u0131 gerekti\u011fi \u015feklinde yorumlanmamas\u0131 gerek\u00e7esi ile vekalet \u00fccretine ili\u015fkin f\u0131kran\u0131n tamamen \u00e7\u0131kart\u0131larak d\u00fczeltilerek istinaf ba\u015fvurusunun esastan reddine,&#8221; temyiz yolu a\u00e7\u0131k olmak \u00fczere karar verildi\u011fi,<\/p>\n<p>c)Konya B\u00f6lge Adliye Mahkemesi 2. Ceza Dairesi&#8217;nin 2023\/995 &#8211; 2024\/28 E-K say\u0131l\u0131 karar\u0131nda;<br \/>\n&#8220;San\u0131\u011f\u0131n \u00fczerine at\u0131l\u0131 su\u00e7un nevi ve gerektirdi\u011fi ceza miktar\u0131na g\u00f6re zorunlu olarak san\u0131\u011fa m\u00fcdafii g\u00f6revlendirildi\u011finden san\u0131k lehine vekalet \u00fccretine h\u00fckmolunmas\u0131 hususu usul ve yasaya ayk\u0131r\u0131 oldu\u011fu gerek\u00e7esiyle vekalet \u00fccretine ili\u015fkin f\u0131kran\u0131n tamamen \u00e7\u0131kart\u0131larak d\u00fczeltilerek istinaf ba\u015fvurusunun esastan reddine,&#8221; temyiz yolu a\u00e7\u0131k olmak \u00fczere karar verildi\u011fi,<\/p>\n<p>d)Gaziantep B\u00f6lge Adliye Mahkemesi 10. Ceza Dairesi&#8217;nin 2024\/769-467 E-K say\u0131l\u0131 karar\u0131nda; &#8220;Avukatl\u0131k Asgari \u00dccret Tarifesi&#8217;nin 14\/4 maddesi gere\u011fince san\u0131k lehine hazine aleyhine vekalet \u00fccretine h\u00fckmedilebilmesi i\u00e7in san\u0131k taraf\u0131ndan verilmi\u015f usul\u00fcne uygun olarak bir vekaletnamenin olmas\u0131 gerekti\u011fi ancak san\u0131k m\u00fcdafinin zorunlu m\u00fcdafi olarak atand\u0131\u011f\u0131, yine san\u0131k m\u00fcdafi tarafindan dosyaya vekaletnamenin bulunmad\u0131\u011f\u0131 gerek\u00e7esiyle lehine vekalet \u00fccretine h\u00fckmedilmemi\u015f olmas\u0131nda bir isabetsizlik g\u00f6r\u00fclmedi\u011fi istinaf ba\u015fvurusunun esastan reddine,&#8221; kesin olarak karar verildi\u011fi,<\/p>\n<p>e)\u0130zmir B\u00f6lge Adliye Mahkemesi 21. Ceza Dairesi&#8217;nin 2023\/373\/-4026 E-K say\u0131l\u0131 karar\u0131nda;<br \/>\n&#8220;CMK 150\/2-3 maddesinden do\u011fan zorunluluk ya da baro taraf\u0131ndan g\u00f6revlendirilen m\u00fcdafi nedeniyle beraat eden lehine vekalet \u00fccretine h\u00fckmolunmas\u0131 gerekti\u011fi \u015feklinde yorumlanmayaca\u011f\u0131, soru\u015fturma ya da kovu\u015fturma a\u015famalar\u0131nda ister zorunluluk nedeniyle isterse san\u0131\u011f\u0131n talebi \u00fczerine m\u00fcdafi g\u00f6revlendirilmesi ve san\u0131\u011f\u0131n ayn\u0131 kovu\u015fturmada kendisini vekille temsil ettirmesi ve beraatine karar verilmesi halinde h\u00fckmolunmas\u0131 gereken vekalet \u00fccretinden g\u00f6revlendirilen m\u00fcdafi nedeniyle hazine taraf\u0131ndan \u00f6denmesi gereken vekalet \u00fccretinin mahsubuna karar verilmesi gerekti\u011fi gerek\u00e7esiyle baro<br \/>\ntaraf\u0131ndan g\u00f6revlendirilen m\u00fcdafiler lehine vekalet \u00fccretine h\u00fckmolunmamas\u0131nda bir isabetsizlik g\u00f6r\u00fclmedi\u011fi gerek\u00e7esiyle istinaf ba\u015fvurusunun esastan reddine,&#8221; kesin olarak karar verildi\u011fi,<\/p>\n<p>f)Bursa B\u00f6lge Adliye Mahkemesi 1. Ceza Dairesi&#8217;nin 2024\/404-397 E-K say\u0131l\u0131 karar\u0131nda;<br \/>\n&#8220;CMK 150\/2-3 maddesinden do\u011fan zorunluluk ya da baro taraf\u0131ndan g\u00f6revlendirilen m\u00fcdafi nedeniyle beraat eden lehine vekalet \u00fccretine h\u00fckmolunmas\u0131 gerekti\u011fi \u015feklinde yorumlanmayaca\u011f\u0131na,&#8221; ili\u015fkin kesin olarak karar verildi\u011fi,<\/p>\n<p>g)Konya B\u00f6lge Adliye Mahkemesi 7. Ceza Dairesi&#8217;nin 2024\/68-114 E-K say\u0131l\u0131 karar\u0131nda;<br \/>\n&#8220;H\u00fckmolunan vekalet \u00fccretinden, g\u00f6revlendirilen m\u00fcdafi nedeniyle Hazine taraf\u0131ndan \u00f6denmesi gereken vekalet \u00fccretinin mahsubuna d\u00fczeltilerek istinaf ba\u015fvurusunun esastan reddine,&#8221; temyiz yolu a\u00e7\u0131k olmak \u00fczere karar verildi\u011fi anla\u015f\u0131lm\u0131\u015ft\u0131r.<br \/>\nYarg\u0131tay Cumhuriyet Ba\u015fsavc\u0131l\u0131\u011f\u0131 12.09.2024 tarihli m\u00fctalaas\u0131nda \u00f6zetle;<\/p>\n<p>&#8220;21\/09\/2023 tarih ve 31316 say\u0131l\u0131 Resmi Gazete&#8217;de yay\u0131mlanarak y\u00fcr\u00fcrl\u00fc\u011fe giren Avukatl\u0131k Asgari \u00dccret Tarifesinin 14\/1 maddesinde yer alan &#8220;Kamu davas\u0131na kat\u0131lma \u00fczerine, mahkumiyete ya da h\u00fckm\u00fcn a\u00e7\u0131klanmas\u0131n\u0131n geri b\u0131rak\u0131lmas\u0131na karar verilmi\u015f ise vekil ile temsil edilen kat\u0131lan lehine bu Tarifenin ikinci k\u0131sm\u0131n\u0131n ikinci b\u00f6l\u00fcm\u00fcnde belirlenen avukatl\u0131k \u00fccreti san\u0131\u011fa y\u00fckletilir. Bu h\u00fck\u00fcm, kat\u0131lan\u0131n 04\/12\/2004 tarihli ve 5271 say\u0131l\u0131 Ceza Muhakemesi Kanunu gere\u011fince g\u00f6revlendirilen vekili bulunmas\u0131 durumunda kovu\u015fturma i\u00e7in \u00f6denen \u00fccret mahsup edilerek uygulan\u0131r.&#8221; h\u00fckm\u00fcne istinaden hakk\u0131nda beraat karar\u0131 verilen ancak OCAS sisteminden tayin olunan zorunlu m\u00fcdafii ile temsil olunan san\u0131k lehine (veya zorunlu vekil ile temsil edilen kat\u0131lan lehine) vekalet \u00fccretine h\u00fckmedilip, h\u00fckmedilemeyece\u011fine ili\u015fkin B\u00f6lge Adliye Mahkemeleri Ceza Daireleri kararlar\u0131 aras\u0131ndaki uyu\u015fmazl\u0131\u011f\u0131n, 5235 say\u0131l\u0131 Kanun&#8217;un 35\/3. maddesi uyar\u0131nca, Konya B\u00f6lge Adliye Mahkemesi 6. Ceza Dairesinin 2024\/527-505 E-K say\u0131l\u0131 karar\u0131, Gaziantep B\u00f6lge Adliye Mahkemesi 10. Ceza Dairesinin 2024\/769-467 E-K say\u0131l\u0131 karar\u0131, \u0130zmir B\u00f6lge Adliye Mahkemesi 21. Ceza Dairesinin 2023\/3738-4026 E-K say\u0131l\u0131 karar\u0131 ve Bursa B\u00f6lge Adliye Mahkemesi 1. Ceza Dairesinin 2024\/404-397 E-K say\u0131l\u0131 kararlar\u0131ndaki g\u00f6r\u00fc\u015f ve kabul do\u011frultusunda giderilmesi arz ve talep olunur.&#8221; \u015feklinde g\u00f6r\u00fc\u015f bildirmi\u015ftir.<\/p>\n<p>\u0130lgili Mevzuat:<br \/>\n5271 say\u0131l\u0131 Ceza Muhakemesi Kanunu;<br \/>\n\u015e\u00fcphelinin veya san\u0131\u011f\u0131n m\u00fcdafi se\u00e7imi<br \/>\nMadde 149 \u2013 (1) \u015e\u00fcpheli veya san\u0131k, soru\u015fturma ve kovu\u015fturman\u0131n her a\u015famas\u0131nda bir veya birden fazla m\u00fcdafiin yard\u0131m\u0131ndan yararlanabilir; kanun\u00ee temsilcisi varsa, o da \u015f\u00fcpheliye veya san\u0131\u011fa m\u00fcdafi se\u00e7ebilir.<\/p>\n<p>M\u00fcdafiin g\u00f6revlendirilmesi<br \/>\nMadde 150 \u2013 (De\u011fi\u015fik: 6\/12\/2006 \u2013 5560\/21 md.)<br \/>\n(1) \u015e\u00fcpheli veya san\u0131ktan kendisine bir m\u00fcdafi se\u00e7mesi istenir. \u015e\u00fcpheli veya san\u0131k, m\u00fcdafi se\u00e7ebilecek durumda olmad\u0131\u011f\u0131n\u0131 beyan ederse, istemi halinde bir m\u00fcdafi g\u00f6revlendirilir.<\/p>\n<p>(2) M\u00fcdafii bulunmayan \u015f\u00fcpheli veya san\u0131k; \u00e7ocuk, kendisini savunamayacak derecede malul veya sa\u011f\u0131r ve dilsiz ise, istemi aranmaks\u0131z\u0131n bir m\u00fcdafi g\u00f6revlendirilir<\/p>\n<p>(3) Alt s\u0131n\u0131r\u0131 be\u015f y\u0131ldan fazla hapis cezas\u0131n\u0131 gerektiren su\u00e7lardan dolay\u0131 yap\u0131lan soru\u015fturma ve kovu\u015fturmada ikinci f\u0131kra h\u00fckm\u00fc uygulan\u0131r.<\/p>\n<p>(4) Zorunlu m\u00fcdafilikle ilgili di\u011fer hususlar, T\u00fcrkiye Barolar Birli\u011finin g\u00f6r\u00fc\u015f\u00fc al\u0131narak \u00e7\u0131kar\u0131lacak y\u00f6netmelikle d\u00fczenlenir.<\/p>\n<p>Ma\u011fdur ile \u015fik\u00e2yet\u00e7inin haklar\u0131<br \/>\nMadde 234 &#8211; (2) Ma\u011fdur, onsekiz ya\u015f\u0131n\u0131 doldurmam\u0131\u015f, sa\u011f\u0131r veya dilsiz ya da meram\u0131n\u0131 ifade edemeyecek derecede mal\u00fbl olur ve bir vekili de bulunmazsa, istemi aranmaks\u0131z\u0131n bir vekil g\u00f6revlendirilir.<\/p>\n<p>Madde 239 \u2013 (1) (De\u011fi\u015fik: 24\/7\/2008-5793\/41 md.) Ma\u011fdur veya su\u00e7tan zarar g\u00f6ren davaya kat\u0131ld\u0131\u011f\u0131nda, cinsel sald\u0131r\u0131, \u00e7ocuklar\u0131n cinsel istismar\u0131 veya \u0131srarl\u0131 takip su\u00e7lar\u0131 ile kad\u0131na kar\u015f\u0131 i\u015flenen kasten yaralama, i\u015fkence veya eziyet su\u00e7lar\u0131nda ve alt s\u0131n\u0131r\u0131 be\u015f y\u0131ldan fazla hapis cezas\u0131n\u0131 gerektiren su\u00e7larda, baro taraf\u0131ndan kendisine avukat g\u00f6revlendirilmesini isteyebilir.<\/p>\n<p>(2) Ma\u011fdur veya su\u00e7tan zarar g\u00f6renin \u00e7ocuk, sa\u011f\u0131r ve dilsiz veya kendisini savunamayacak derecede ak\u0131l<br \/>\nhastas\u0131 olmas\u0131 halinde avukat g\u00f6revlendirilmesi i\u00e7in istem aranmaz.<\/p>\n<p>Yarg\u0131lama giderleri<br \/>\nMadde 324 \u2013 (1) Har\u00e7lar ve tarifesine g\u00f6re \u00f6denmesi gereken avukatl\u0131k \u00fccretleri ile soru\u015fturma ve kovu\u015fturma evrelerinde yarg\u0131laman\u0131n y\u00fcr\u00fct\u00fclmesi amac\u0131yla Devlet Hazinesinden yap\u0131lan her t\u00fcrl\u00fc harcamalar ve taraflarca yap\u0131lan \u00f6demeler yarg\u0131lama giderleridir.<\/p>\n<p>(2) H\u00fck\u00fcm ve kararda yarg\u0131lama giderlerinin kimlere y\u00fckletilece\u011fi g\u00f6sterilir.<\/p>\n<p>(3) Giderlerin miktar\u0131 ile iki taraftan birinin di\u011ferine \u00f6demesi gereken paran\u0131n miktar\u0131n\u0131 mahkeme ba\u015fkan\u0131 veya h\u00e2kim belirler.<\/p>\n<p>(4) Devlete ait yarg\u0131lama giderlerine ili\u015fkin kararlar, Har\u00e7lar Kanunu h\u00fck\u00fcmlerine g\u00f6re; ki\u015fisel haklara ili\u015fkin kararlar, 9.6.1932 tarihli ve 2004 say\u0131l\u0131 \u0130cra ve \u0130fl\u00e2s Kanunu h\u00fck\u00fcmlerine g\u00f6re yerine getirilir. (Ek c\u00fcmle: 2\/7\/2012-6352\/100 md.) Devlete ait yarg\u0131lama giderlerinin 21\/7\/1953 tarihli ve 6183 say\u0131l\u0131 Amme Alacaklar\u0131n\u0131n Tahsil Usul\u00fc Hakk\u0131nda Kanunun 106 nc\u0131 maddesindeki terkin edilmesi gereken tutarlardan az olmas\u0131 halinde, bu giderin Devlet Hazinesine y\u00fcklenmesine karar verilir.<\/p>\n<p>(5) T\u00fcrk\u00e7e bilmeyen ya da engelli olan \u015f\u00fcpheli,san\u0131k, ma\u011fdur veya tan\u0131k i\u00e7in g\u00f6revlendirilen terc\u00fcman\u0131n<br \/>\ngiderleri, yarg\u0131lama gideri say\u0131lmaz ve bu giderler Devlet Hazinesince kar\u015f\u0131lan\u0131r.<\/p>\n<p>San\u0131\u011f\u0131n y\u00fck\u00fcml\u00fcl\u00fc\u011f\u00fc<br \/>\nMadde 325 \u2013 (1) Cezaya veya g\u00fcvenlik tedbirine mahk\u00fbm edilmesi h\u00e2linde, b\u00fct\u00fcn yarg\u0131lama giderleri san\u0131\u011fa y\u00fcklenir.<\/p>\n<p>(2) (De\u011fi\u015fik: 6\/12\/2006-5560\/27 md.) H\u00fckm\u00fcn a\u00e7\u0131klanmas\u0131n\u0131n geri b\u0131rak\u0131lmas\u0131 ve cezan\u0131n ertelenmesi hallerinde de birinci f\u0131kra h\u00fckm\u00fc uygulan\u0131r.<\/p>\n<p>(3) Yarg\u0131laman\u0131n de\u011fi\u015fik evrelerinde yap\u0131lan ara\u015ft\u0131rma veya i\u015flemler nedeniyle giderler meydana gelmi\u015f olup da, sonu\u00e7 san\u0131k lehine ortaya \u00e7\u0131km\u0131\u015f ise, bu giderlerin san\u0131\u011fa y\u00fcklenmesinin hakkaniyete ayk\u0131r\u0131 olaca\u011f\u0131 anla\u015f\u0131ld\u0131\u011f\u0131nda mahkeme, bunlar\u0131n k\u0131smen veya tamamen Devlet Hazinesine y\u00fcklenmesine karar verir.<\/p>\n<p>(4) H\u00fck\u00fcm kesinle\u015fmeden san\u0131k \u00f6l\u00fcrse, miras\u00e7\u0131lar giderleri \u00f6demekle y\u00fck\u00fcml\u00fc tutulmazlar.<br \/>\nBeraat veya ceza verilmesine yer olmad\u0131\u011f\u0131 karar\u0131 verilmesi h\u00e2linde gider<br \/>\nMadde 327 \u2013 (1) Hakk\u0131nda beraat veya ceza verilmesine yer olmad\u0131\u011f\u0131na karar verilen ki\u015fi, sadece kendi kusurundan ileri gelen giderleri \u00f6demeye mahk\u00fbm edilir.<\/p>\n<p>(2) Bu ki\u015finin \u00f6nceden \u00f6demek zorunda kald\u0131\u011f\u0131 giderler, Devlet Hazinesince \u00fcstlenilir.<\/p>\n<p>Y\u00f6netmelik<br \/>\nMadde 333 \u2013 (1) Bu Kanunda \u00f6ng\u00f6r\u00fclen y\u00f6netmelikler, aksine h\u00fck\u00fcm bulunmad\u0131k\u00e7a, ilgili bakanl\u0131klar\u0131n g\u00f6r\u00fc\u015f\u00fc al\u0131narak Adalet Bakanl\u0131\u011f\u0131 taraf\u0131ndan \u00e7\u0131kar\u0131l\u0131r.<\/p>\n<p>5320 say\u0131l\u0131 Ceza Muhakemesi Kanununun Y\u00fcr\u00fcrl\u00fck ve Uygulama \u015eekli Hakk\u0131nda Kanunu;<\/p>\n<p>M\u00fcdafi ve vekil \u00fccreti<br \/>\nMadde 13- (De\u011fi\u015fik: 6\/12\/2006-5560\/30 md.)<\/p>\n<p>(1) Ceza Muhakemesi Kanunu gere\u011fince soru\u015fturma ve kovu\u015fturma makamlar\u0131n\u0131n istemi \u00fczerine baro taraf\u0131ndan g\u00f6revlendirilen m\u00fcdafi ve vekile, avukatl\u0131k \u00fccret tarifesinden ayr\u0131k olarak, T\u00fcrkiye Barolar Birli\u011finin g\u00f6r\u00fc\u015f\u00fc de al\u0131narak Adalet ve Maliye bakanl\u0131klar\u0131 taraf\u0131ndan birlikte tespit edilecek \u00fccret, Adalet Bakanl\u0131\u011f\u0131 b\u00fct\u00e7esinde bu ama\u00e7la yer alan \u00f6denekten \u00f6denir. Bu \u00fccret, yarg\u0131lama giderlerinden say\u0131l\u0131r.<\/p>\n<p>(2) Bu madde uyar\u0131nca yap\u0131lacak \u00f6deme ve uygulamaya ili\u015fkin us\u00fbl ve esaslar T\u00fcrkiye Barolar Birli\u011finin<br \/>\ng\u00f6r\u00fc\u015f\u00fc de al\u0131nmak suretiyle Adalet Bakanl\u0131\u011f\u0131 taraf\u0131ndan \u00e7\u0131kar\u0131lacak y\u00f6netmelikle belirlenir.<\/p>\n<p>02.03.2007 tarih ve 26450 say\u0131l\u0131 Resmi Gazetede yay\u0131mlanarak y\u00fcr\u00fcrl\u00fc\u011fe giren Ceza Muhakemesi Kanunu Gere\u011fince M\u00fcdafi ve Vekillerin G\u00f6revlendirilmeleri ile Yap\u0131lacak \u00d6demelerin Usul ve Esaslar\u0131na \u0130li\u015fkin Y\u00f6netmelik;<\/p>\n<p>Dayanak<br \/>\nMADDE 3 \u2013 (De\u011fi\u015fik:RG-7\/11\/2020-31297)<br \/>\n(1) Bu Y\u00f6netmelik, 19\/3\/1969 tarihli ve 1136 say\u0131l\u0131 Avukatl\u0131k Kanununun 177 nci maddesi, 4\/12\/2004 tarihli ve 5271 say\u0131l\u0131 Ceza Muhakemesi Kanununun 150, 234 ve 239 uncu maddeleri ile 23\/3\/2005 tarihli ve 5320 say\u0131l\u0131 Ceza Muhakemesi Kanununun Y\u00fcr\u00fcrl\u00fck ve Uygulama \u015eekli Hakk\u0131nda Kanunun 13 \u00fcnc\u00fc maddesine dayan\u0131larak haz\u0131rlanm\u0131\u015ft\u0131r.<\/p>\n<p>M\u00fcdafi veya vekillerin g\u00f6revlendirilmesi<br \/>\nMADDE 5\u2013 (1) \u015e\u00fcpheli veya san\u0131ktan kendisine bir m\u00fcdafi se\u00e7mesi istenir. M\u00fcdafi se\u00e7ebilecek durumda olmad\u0131\u011f\u0131n\u0131 beyan ederse, g\u00f6revlendirilecek m\u00fcdafie yap\u0131lacak \u00f6demelerin yarg\u0131lama giderlerinden say\u0131laca\u011f\u0131 ve mahk\u00fbmiyeti h\u00e2linde kendisinden tahsil edilece\u011fi hususu hat\u0131rlat\u0131larak talep etti\u011fi takdirde barodan bir m\u00fcdafi g\u00f6revlendirmesi istenir.<\/p>\n<p>(2) \u015e\u00fcpheli veya san\u0131k; \u00e7ocuk, kendisini savunamayacak derecede mal\u00fbl veya sa\u011f\u0131r ve dilsiz ise ya da hakk\u0131nda alt s\u0131n\u0131r\u0131 be\u015f y\u0131ldan fazla hapis cezas\u0131n\u0131 gerektiren bir su\u00e7tan dolay\u0131 soru\u015fturma ya da kovu\u015fturma yap\u0131l\u0131yorsa istemi aranmaks\u0131z\u0131n barodan bir m\u00fcdafi g\u00f6revlendirmesi istenir. Ancak bunun i\u00e7in \u015f\u00fcpheli veya san\u0131\u011f\u0131n m\u00fcdafiinin olmamas\u0131 \u015fartt\u0131r.<\/p>\n<p>(3) \u0130kinci f\u0131krada say\u0131lan h\u00e2llerde kovu\u015fturma a\u015famas\u0131nda san\u0131\u011fa iddianamenin tebli\u011fi i\u00e7in \u00e7\u0131kar\u0131lan \u00e7a\u011fr\u0131 k\u00e2\u011f\u0131d\u0131na ayr\u0131ca &#8220;tebli\u011f tarihinden itibaren yedi g\u00fcn i\u00e7inde m\u00fcdafii bulunup bulunmad\u0131\u011f\u0131n\u0131 bildirmesi, bildirimde bulunmad\u0131\u011f\u0131 takdirde barodan bir m\u00fcdafi g\u00f6revlendirmesinin istenece\u011fi, g\u00f6revlendirilen m\u00fcdafie \u00f6denecek \u00fccretin yarg\u0131lama giderlerinden say\u0131laca\u011f\u0131 ve mahk\u00fbmiyeti h\u00e2linde kendisinden tahsil edilece\u011fi&#8221; hususunu hat\u0131rlatan me\u015fruhat verilir. San\u0131\u011f\u0131n tutuklu olmas\u0131 h\u00e2linde Ceza Muhakemesi Kanununun 176 nc\u0131 maddesinin \u00fc\u00e7\u00fcnc\u00fc f\u0131kras\u0131 gere\u011fince yap\u0131lan i\u015flemler s\u0131ras\u0131nda yukar\u0131da belirtilen me\u015fruhat hat\u0131rlat\u0131l\u0131r. San\u0131k taraf\u0131ndan bildirimde bulunulmad\u0131\u011f\u0131, tebligat yap\u0131lamad\u0131\u011f\u0131 veya tutuklu san\u0131\u011f\u0131n m\u00fcdafii olmad\u0131\u011f\u0131n\u0131 bildirmesi h\u00e2linde duru\u015fma g\u00fcn\u00fc beklenmeksizin barodan bir m\u00fcdafi g\u00f6revlendirmesi istenir.<\/p>\n<p>(4) Vekili bulunmayan ma\u011fdur, \u015fik\u00e2yet\u00e7i veya kat\u0131lan\u0131n talep etmesi h\u00e2linde, barodan bir vekil g\u00f6revlendirmesi istenir.<\/p>\n<p>(5) Ceza Muhakemesi Kanunu gere\u011fince ma\u011fdur veya su\u00e7tan zarar g\u00f6ren i\u00e7in zorunlu olarak vekil g\u00f6revlendirilmesi gereken h\u00e2llerde istemi aranmaks\u0131z\u0131n barodan bir vekil g\u00f6revlendirmesi istenir. Ancak bunun i\u00e7in ma\u011fdur veya su\u00e7tan zarar g\u00f6renin vekilinin olmamas\u0131 \u015fartt\u0131r.<\/p>\n<p>\u00dccret<br \/>\nMADDE 8 \u2013 (1) Ceza Muhakemesi Kanunu gere\u011fince baro taraf\u0131ndan g\u00f6revlendirilen m\u00fcdafi veya vekile Avukatl\u0131k Asgari \u00dccret Tarifesinden ayr\u0131k olarak haz\u0131rlanacak &#8220;Ceza Muhakemesi Kanunu Gere\u011fince G\u00f6revlendirilen M\u00fcdafi ve Vekillere Yap\u0131lacak \u00d6demelere \u0130li\u015fkin Tarife&#8221; gere\u011fince \u00f6denecek mebl\u00e2\u011f Adalet Bakanl\u0131\u011f\u0131 b\u00fct\u00e7esinde bu ama\u00e7la ayr\u0131lan \u00f6denekten kar\u015f\u0131lan\u0131r.<br \/>\n(2) (De\u011fi\u015fik:RG-10\/6\/2011-27960) M\u00fcdafi veya vekilin g\u00f6revi gere\u011fi yapt\u0131\u011f\u0131 zorunlu yol giderleri ile kendisi taraf\u0131ndan kar\u015f\u0131lanmas\u0131 durumunda temyiz, istinaf ve itiraz har\u00e7lar\u0131 ayr\u0131ca \u00f6denir.<\/p>\n<p>(3) (De\u011fi\u015fik:RG-10\/6\/2011-27960) M\u00fcdafi veya vekile Tarife gere\u011fince \u00f6denen mebl\u00e2\u011f, zorunlu yol giderleri ve m\u00fcdafi veya vekil taraf\u0131ndan \u00f6denen temyiz, istinaf ve itiraz har\u00e7lar\u0131 yarg\u0131lama giderlerinden say\u0131l\u0131r.<\/p>\n<p>Tarife<br \/>\nMADDE 9 \u2013 (1) Ceza Muhakemesi Kanunu gere\u011fince baro taraf\u0131ndan g\u00f6revlendirilen m\u00fcdafi veya vekile \u00f6denecek mebl\u00e2\u011f, T\u00fcrkiye Barolar Birli\u011finin g\u00f6r\u00fc\u015f\u00fc de al\u0131nmak suretiyle Adalet ve Maliye Bakanl\u0131klar\u0131 taraf\u0131ndan her y\u0131l Aral\u0131k ay\u0131nda haz\u0131rlanan ve 1 Ocak tarihinden ge\u00e7erli olmak \u00fczere d\u00fczenlenen Tarifede g\u00f6sterilir. Tarife ayr\u0131ca Resm\u00ee Gazete\u2019de yay\u0131mlan\u0131r.<\/p>\n<p>1136 say\u0131l\u0131 Avukatl\u0131k Kanunu;<br \/>\nAvukatl\u0131k s\u00f6zle\u015fmesinin kapsam\u0131<br \/>\nMadde 163 \u2013 (De\u011fi\u015fik: 2\/5\/2001 &#8211; 4667\/76 md.)<br \/>\nAvukatl\u0131k s\u00f6zle\u015fmesi serbest\u00e7e d\u00fczenlenir. Avukatl\u0131k s\u00f6zle\u015fmesinin belli bir hukuk\u00ee yard\u0131m\u0131 ve mebl\u00e2\u011f\u0131 yahut de\u011feri kapsamas\u0131 gerekir. Yaz\u0131l\u0131 olmayan anla\u015fmalar, genel h\u00fck\u00fcmlere g\u00f6re ispatlan\u0131r. Yasaya ayk\u0131r\u0131 olmayan \u015farta ba\u011fl\u0131 s\u00f6zle\u015fmeler ge\u00e7erlidir.<br \/>\nAvukatl\u0131k \u00fccret tavan\u0131n\u0131 a\u015fan s\u00f6zle\u015fmeler, bu Kanunda belirtilen tavan miktar\u0131nda ge\u00e7erlidir. \u0130fa edilmi\u015f s\u00f6zle\u015fmenin ge\u00e7ersizli\u011fi ileri s\u00fcr\u00fclemez. Yokluk halleri hari\u00e7, avukatl\u0131k s\u00f6zle\u015fmesinin bir h\u00fckm\u00fcn\u00fcn ge\u00e7ersizli\u011fi, bu s\u00f6zle\u015fmenin t\u00fcm\u00fcn\u00fc ge\u00e7ersiz k\u0131lmaz.<\/p>\n<p>Avukatl\u0131k \u00fccreti<br \/>\nMadde 164 \u2013 (De\u011fi\u015fik: 2\/5\/2001 &#8211; 4667\/77 md.)<br \/>\nAvukatl\u0131k \u00fccreti, avukat\u0131n hukuk\u00ee yard\u0131m\u0131n\u0131n kar\u015f\u0131l\u0131\u011f\u0131 olan mebl\u00e2\u011f\u0131 veya de\u011feri ifade eder.<\/p>\n<p>Avukatl\u0131k \u00fccret tarifesinin haz\u0131rlanmas\u0131<br \/>\nMadde 168 \u2013 (De\u011fi\u015fik: 2\/5\/2001 &#8211; 4667\/81 md.)<br \/>\nBaronun y\u00f6netim kurullar\u0131, her y\u0131l Eyl\u00fcl ay\u0131 i\u00e7erisinde, yarg\u0131 yerlerindeki i\u015flemler ile di\u011fer i\u015flemlerden al\u0131nacak avukatl\u0131k \u00fccretinin asgar\u00ee hadlerini g\u00f6steren birer tarife haz\u0131rlayarak T\u00fcrkiye Barolar Birli\u011fine g\u00f6nderirler.<\/p>\n<p>T\u00fcrkiye Barolar Birli\u011fi Y\u00f6netim Kurulunca, baro y\u00f6netim kurullar\u0131n\u0131n teklifleri de g\u00f6z \u00f6n\u00fcne al\u0131nmak suretiyle uygulanacak tarife o y\u0131l\u0131n Ekim ay\u0131 sonuna kadar haz\u0131rlanarak Adalet Bakanl\u0131\u011f\u0131na g\u00f6nderilir. (Ek c\u00fcmle: 16\/6\/2009-5904\/35 md.) \u015eu kadar ki haz\u0131rlanan tarifede; genel b\u00fct\u00e7eye, il \u00f6zel idareleri, belediye ve k\u00f6ylere ait vergi, resim, har\u00e7 ve benzeri mali y\u00fck\u00fcml\u00fcl\u00fckler ve bunlar\u0131n zam ve cezalar\u0131 ile tarifelere ili\u015fkin davalar ve 6183 say\u0131l\u0131 Amme Alacaklar\u0131n\u0131n Tahsil Usul\u00fc Hakk\u0131nda Kanunun uygulanmas\u0131ndan do\u011fan her t\u00fcrl\u00fc davalar i\u00e7in avukatl\u0131k \u00fccreti tutar\u0131 maktu olarak belirlenir. Bu tarife Adalet Bakanl\u0131\u011f\u0131na ula\u015ft\u0131\u011f\u0131 tarihten itibaren bir ay i\u00e7inde Bakanl\u0131k\u00e7a karar verilmedi\u011fi veya tarife onayland\u0131\u011f\u0131 takdirde kesinle\u015fir. Ancak Adalet Bakanl\u0131\u011f\u0131 uygun bulmad\u0131\u011f\u0131 tarifeyi bir daha g\u00f6r\u00fc\u015f\u00fclmek \u00fczere, g\u00f6sterdi\u011fi gerek\u00e7esiyle birlikte T\u00fcrkiye Barolar Birli\u011fine geri g\u00f6nderir. Geri g\u00f6nderilen bu tarife, T\u00fcrkiye Barolar Birli\u011fi Y\u00f6netim Kurulunca \u00fc\u00e7te iki \u00e7o\u011funlukla aynen kabul edildi\u011fi takdirde onaylanm\u0131\u015f, aksi halde onaylanmam\u0131\u015f say\u0131l\u0131r; sonu\u00e7 T\u00fcrkiye Barolar Birli\u011fi taraf\u0131ndan Adalet Bakanl\u0131\u011f\u0131na bildirilir. 8 inci maddenin alt\u0131nc\u0131 f\u0131kras\u0131 h\u00fck\u00fcmleri k\u0131yasen uygulan\u0131r.<\/p>\n<p>Avukatl\u0131k \u00fccretinin takdirinde, hukuk\u00ee yard\u0131m\u0131n tamamland\u0131\u011f\u0131 veya dava sonunda h\u00fck\u00fcm verildi\u011fi tarihte y\u00fcr\u00fcrl\u00fckte olan tarife esas al\u0131n\u0131r.<\/p>\n<p>21\/09\/2023 tarih ve 32316 say\u0131l\u0131 Resmi Gazete&#8217;de yay\u0131mlanarak y\u00fcr\u00fcrl\u00fc\u011fe giren Avukatl\u0131k Asgari \u00dccret Tarifesi;<\/p>\n<p>Ceza davalar\u0131nda \u00fccret<br \/>\nMADDE 14- (1) Kamu davas\u0131na kat\u0131lma \u00fczerine, mahkumiyete ya da h\u00fckm\u00fcn a\u00e7\u0131klanmas\u0131n\u0131n geri b\u0131rak\u0131lmas\u0131na karar verilmi\u015f ise vekil ile temsil edilen kat\u0131lan lehine bu Tarifenin ikinci k\u0131sm\u0131n\u0131n ikinci b\u00f6l\u00fcm\u00fcnde belirlenen avukatl\u0131k \u00fccreti san\u0131\u011fa y\u00fckletilir. Bu h\u00fck\u00fcm, kat\u0131lan\u0131n 4\/12\/2004 tarihli ve 5271 say\u0131l\u0131 Ceza Muhakemesi Kanunu gere\u011fince g\u00f6revlendirilen vekili bulunmas\u0131 durumunda kovu\u015fturma i\u00e7in<br \/>\n\u00f6denen \u00fccret mahsup edilerek uygulan\u0131r.<\/p>\n<p>(2) Ceza h\u00fckm\u00fc ta\u015f\u0131yan \u00f6zel kanun, t\u00fcz\u00fck ve kararnamelere g\u00f6re yaln\u0131z para cezas\u0131na h\u00fckmolunan davalarda bu Tarifeye g\u00f6re belirlenecek avukatl\u0131k \u00fccreti h\u00fckmolunan para cezas\u0131 tutar\u0131n\u0131 ge\u00e7emez.<\/p>\n<p>(3) 4\/12\/2004 tarihli ve 5271 say\u0131l\u0131 Ceza Muhakemesi Kanununun 141 ve devam\u0131 maddelerine g\u00f6re tazminat i\u00e7in A\u011f\u0131r Ceza Mahkemelerine yap\u0131lan ba\u015fvurularda, bu Tarifenin \u00fc\u00e7\u00fcnc\u00fc k\u0131sm\u0131 gere\u011fince avukatl\u0131k \u00fccretine h\u00fckmedilir. \u015eu kadar ki, h\u00fckmedilecek bu \u00fccret ikinci k\u0131sm\u0131n\u0131n ikinci b\u00f6l\u00fcm\u00fcn\u00fcn dokuzuncu s\u0131ras\u0131ndaki \u00fccretten az, on \u00fc\u00e7\u00fcnc\u00fc s\u0131ras\u0131ndaki \u00fccretten fazla olamaz.<\/p>\n<p>(4) Beraat eden ve vekil veya m\u00fcdafi ile temsil edilen san\u0131k yarar\u0131na Hazine aleyhine maktu avukatl\u0131k \u00fccretine h\u00fckmedilir. Bu h\u00fck\u00fcm, san\u0131\u011f\u0131n 4\/12\/2004 tarihli ve 5271 say\u0131l\u0131 Ceza Muhakemesi Kanunu gere\u011fince g\u00f6revlendirilen m\u00fcdafii bulunmas\u0131 durumunda kovu\u015fturma i\u00e7in Hazineden al\u0131nan \u00fccretin mahsubu suretiyle uygulan\u0131r.<\/p>\n<p>(5) Ceza mahkemelerinde g\u00f6r\u00fclen tekzip, internet yay\u0131n i\u00e7eri\u011finden \u00e7\u0131karma, idari para cezalar\u0131na itiraz gibi ba\u015fvurular\u0131n reddi, kabul\u00fc veya ilk derece mahkemesinin karar\u0131na yap\u0131lan itiraz \u00fczerine, ilk derece mahkemesi karar\u0131n\u0131n kald\u0131r\u0131lmas\u0131 halinde i\u015fin duru\u015fmas\u0131z veya duru\u015fmal\u0131 olu\u015funa g\u00f6re ikinci k\u0131s\u0131m birinci b\u00f6l\u00fcm 1. s\u0131radaki i\u015f i\u00e7in \u00f6ng\u00f6r\u00fcld\u00fc\u011f\u00fc \u015fekilde avukatl\u0131k \u00fccretine h\u00fckmedilir. Ancak ba\u015fvuruya konu idari para cezas\u0131n\u0131n miktar\u0131 bu Tarifenin ikinci k\u0131s\u0131m birinci b\u00f6l\u00fcm 1. s\u0131radaki i\u015f i\u00e7in \u00f6ng\u00f6r\u00fclen maktu \u00fccretin alt\u0131nda ise idari para cezas\u0131 kadar avukatl\u0131k \u00fccretine h\u00fckmedilir. (03.10.2024 tarih 32681 say\u0131l\u0131 resmi gazetede yay\u0131nlanarak y\u00fcr\u00fcrl\u00fc\u011fe giren AA\u00dcT&#8217;de de ayn\u0131 d\u00fczenleme korunmu\u015ftur.)<br \/>\n\u015eeklinde d\u00fczenlemeler mevcuttur.<\/p>\n<p>GERE\u011e\u0130 G\u00d6R\u00dc\u015e\u00dcLD\u00dc:<\/p>\n<p>5271 say\u0131l\u0131 Ceza Muhakemesi Kanunu&#8217;nun (5271 say\u0131l\u0131 Kanun), 149\/1. maddesinde vekalet s\u00f6zle\u015fmesine dayal\u0131 m\u00fcdafilik, 150\/1. maddesinde iste\u011fe ba\u011fl\u0131 m\u00fcdafilik, 150\/2-3, 74, 101\/3, 204 ve 247. maddelerinde zorunlu m\u00fcdafilik durumlar\u0131, ma\u011fdur ve \u015fikayet\u00e7iler i\u00e7inde 5271 say\u0131l\u0131 Kanun&#8217;un 234\/1-a\/3, b\/5 maddelerinde iste\u011fe ba\u011fl\u0131 vekillik, ayn\u0131 Kanun&#8217;un 234\/2 ve 239\/1. maddelerinde de zorunlu vekillik durumlar\u0131 d\u00fczenlenmi\u015ftir.<\/p>\n<p>5271 say\u0131l\u0131 Kanun&#8217;un &#8220;Yarg\u0131lama giderleri&#8221; ba\u015fl\u0131kl\u0131 324\/1. maddesinde har\u00e7lar ve tarifesine g\u00f6re \u00f6denmesi gereken avukatl\u0131k \u00fccretleri ile soru\u015fturma ve kovu\u015fturma evrelerinde yarg\u0131laman\u0131n y\u00fcr\u00fct\u00fclmesi amac\u0131yla Devlet Hazinesinden yap\u0131lan her t\u00fcrl\u00fc harcamalar ve taraflarca yap\u0131lan \u00f6demelerin yarg\u0131lama gideri oldu\u011fu belirtildikten sonra &#8220;Beraat veya ceza verilmesine yer olmad\u0131\u011f\u0131 karar\u0131 verilmesi h\u00e2linde gider&#8221; ba\u015fl\u0131kl\u0131 327\/2. maddesinde, beraat veya ceza verilmesine yer olmad\u0131\u011f\u0131na karar verilen ki\u015finin \u00f6nceden \u00f6demek zorunda kald\u0131\u011f\u0131 giderlerin Devlet Hazinesince \u00fcstlenilece\u011fi d\u00fczenlenmi\u015ftir. Yine ayn\u0131 Kanunun &#8220;San\u0131\u011f\u0131n Y\u00fck\u00fcml\u00fcl\u00fc\u011f\u00fc&#8221; ba\u015fl\u0131kl\u0131 325\/1. maddesi uyar\u0131nca cezaya veya g\u00fcvenlik tedbirine mahkum edilmesi halinde b\u00fct\u00fcn yarg\u0131lama giderlerinin san\u0131\u011fa y\u00fckletilece\u011fi belirtilmi\u015ftir.<\/p>\n<p>5271 say\u0131l\u0131 Kanun&#8217;un 150\/4. maddesinde &#8220;Zorunlu m\u00fcdafilikle ilgili di\u011fer hususlar, T\u00fcrkiye Barolar Birli\u011finin g\u00f6r\u00fc\u015f\u00fc al\u0131narak \u00e7\u0131kar\u0131lacak y\u00f6netmelikle d\u00fczenlenir&#8221; h\u00fckm\u00fcne yer verilmi\u015f, ayn\u0131 Kanunun 333. maddesinde ise 5271 say\u0131l\u0131 Kanun&#8217;un \u00f6ng\u00f6rd\u00fc\u011f\u00fc y\u00f6netmeliklerin aksine h\u00fck\u00fcm bulunmad\u0131k\u00e7a, ilgili Bakanl\u0131klar\u0131n g\u00f6r\u00fc\u015f\u00fc al\u0131narak Adalet Bakanl\u0131\u011f\u0131 taraf\u0131ndan \u00e7\u0131kar\u0131laca\u011f\u0131 d\u00fczenlenmi\u015ftir.<\/p>\n<p>5320 say\u0131l\u0131 Ceza Muhakemesi Kanunu&#8217;nun Y\u00fcr\u00fcrl\u00fck ve Uygulama \u015eekli Hakk\u0131nda Kanun&#8217;un (5320 say\u0131l\u0131 Kanun) 13\/1. maddesinde ise, Ceza Muhakemesi Kanunu gere\u011fince soru\u015fturma ve kovu\u015fturma makamlar\u0131n\u0131n istemi \u00fczerine baro taraf\u0131ndan g\u00f6revlendirilen m\u00fcdafie ve vekile, avukatl\u0131k \u00fccret tarifesinden ayr\u0131k olarak, T\u00fcrkiye Barolar Birli\u011finin g\u00f6r\u00fc\u015f\u00fc de al\u0131narak Adalet ve Maliye bakanl\u0131klar\u0131 taraf\u0131ndan birlikte tespit edilecek \u00fccretin, Adalet Bakanl\u0131\u011f\u0131 b\u00fct\u00e7esinde bu ama\u00e7la yer alan \u00f6denekten \u00f6denece\u011fi ve bu \u00fccretin, yarg\u0131lama giderlerinden say\u0131laca\u011f\u0131 h\u00fck\u00fcm alt\u0131na al\u0131nm\u0131\u015ft\u0131r. Ayn\u0131 Kanun&#8217;un 13\/2. maddesinde de bu madde uyar\u0131nca yap\u0131lacak \u00f6deme ve uygulamaya ili\u015fkin us\u00fbl ve esaslar\u0131n ise T\u00fcrkiye Barolar Birli\u011finin g\u00f6r\u00fc\u015f\u00fc de al\u0131nmak suretiyle Adalet Bakanl\u0131\u011f\u0131 taraf\u0131ndan \u00e7\u0131kar\u0131lacak y\u00f6netmelikle belirlenece\u011fi belirtilmi\u015f olup bu h\u00fckme istinaden Adalet Bakanl\u0131\u011f\u0131 taraf\u0131ndan 02.03.2007 tarih ve 26450 say\u0131l\u0131 Resmi Gazete&#8217;de yay\u0131mlanarak y\u00fcr\u00fcrl\u00fc\u011fe giren &#8220;Ceza Muhakemesi Kanunu Gere\u011fince M\u00fcdafi ve Vekillerin G\u00f6revlendirilmeleri \u0130le Yap\u0131lacak \u00d6demelerin Usul ve Esaslar\u0131na \u0130li\u015fkin Y\u00f6netmelik&#8221; (Y\u00f6netmelik) haz\u0131rlanm\u0131\u015ft\u0131r. Yukar\u0131da de\u011finilen Kanun ve Y\u00f6netmelik do\u011frultusunda da Ceza Muhakemesi Kanunu gere\u011fince soru\u015fturma ve kovu\u015fturma makamlar\u0131n\u0131n istemi \u00fczerine baro taraf\u0131ndan g\u00f6revlendirilen m\u00fcdafie ve vekile \u00f6denecek \u00fccrete ili\u015fkin olarak 01.01.2024 tarihinden itibaren uygulanacak 13\/1\/2024 tarihli ve 32428 say\u0131l\u0131 Resmi Gazete\u2019de yay\u0131mlanan Adalet Bakanl\u0131\u011f\u0131n\u0131n &#8220;Ceza Muhakemesi Kanunu Gere\u011fince G\u00f6revlendirilen M\u00fcdafi ve Vekillere Yap\u0131lacak \u00d6demelere \u0130li\u015fkin 2024 Y\u0131l\u0131 Tarifesi&#8221; haz\u0131rlanm\u0131\u015ft\u0131r.<\/p>\n<p>1136 Say\u0131l\u0131 Avukatl\u0131k Kanunu&#8217;nun (1136 say\u0131l\u0131 Kanun) 163. maddesinde, avukatl\u0131k s\u00f6zle\u015fmesinin ve \u00fccretinin taraflarca serbest\u00e7e d\u00fczenlenebilece\u011fi, 164. maddesinde, avukatl\u0131k \u00fccretinin avukat\u0131n yapt\u0131\u011f\u0131 hukuki yard\u0131m\u0131n kar\u015f\u0131l\u0131\u011f\u0131n\u0131n oldu\u011fu belirtilmi\u015f, 168. maddesinde de Avukatl\u0131k Asgari \u00dccret Tarifesinin (AA\u00dcT) nas\u0131l haz\u0131rlanaca\u011f\u0131 d\u00fczenlenmi\u015ftir. Bu maddeyle T\u00fcrkiye Barolar Birli\u011fi&#8217;ne serbest avukatl\u0131k faaliyetleri kapsam\u0131nda, yani vekalet s\u00f6zle\u015fmesine dayal\u0131 olarak yap\u0131lan hukuki yard\u0131mlarda uygulanacak asgari \u00fccret tarifesini belirleme yetkisi verilmi\u015f olup buna g\u00f6re her y\u0131l T\u00fcrkiye Barolar birli\u011fi taraf\u0131ndan Avukatl\u0131k Asgari \u00dccret Tarifesi haz\u0131rlanmaktad\u0131r.<\/p>\n<p>Ceza Muhakemesi Kanunu gere\u011fince atanan zorunlu m\u00fcdafilerin ve vekillerin \u00fccretleri ise, 5320 say\u0131l\u0131 Kanun&#8217;un 13. maddesi ve bu maddeye dayan\u0131larak \u00e7\u0131kar\u0131lan &#8220;Ceza Muhakemesi Kanunu Gere\u011fince M\u00fcdafi ve Vekillerin G\u00f6revlendirilmeleri ile Yap\u0131lacak \u00d6demelerin Usul ve Esaslar\u0131na \u0130li\u015fkin Y\u00f6netmelik&#8221; ile d\u00fczenlenmi\u015ftir. Bu y\u00f6netmeli\u011fin 9. maddesi, zorunlu m\u00fcdafi ve vekil \u00fccretlerinin, T\u00fcrkiye Barolar Birli\u011fi&#8217;nin g\u00f6r\u00fc\u015f\u00fc al\u0131narak, Adalet ve Maliye Bakanl\u0131klar\u0131 taraf\u0131ndan birlikte belirlenecek bir tarife ile \u00f6denece\u011fini a\u00e7\u0131k\u00e7a h\u00fckme ba\u011flam\u0131\u015ft\u0131r. Bu d\u00fczenlemeler uyar\u0131nca T\u00fcrkiye Barolar Birli\u011fi&#8217;nin Ceza Muhakemesi Kanunu gere\u011fince atanan zorunlu m\u00fcdafi ve vekil \u00fccretleri \u00fczerinde herhangi bir d\u00fczenleme yetkisi bulunmad\u0131\u011f\u0131ndan AA\u00dcT&#8217;nin 14\/1 ve 14\/4 maddeleri ile getirilen d\u00fczenlemelerde yetki a\u015f\u0131m\u0131 oldu\u011fu kabul edilmelidir.<\/p>\n<p>Bu a\u00e7\u0131klamalar \u0131\u015f\u0131\u011f\u0131nda; Avukatl\u0131k Asgari \u00dccret Tarifesinin, 1136 say\u0131l\u0131 Avukatl\u0131k Kanunu&#8217;nun 168. maddesine dayan\u0131larak T\u00fcrkiye Barolar Birli\u011fi taraf\u0131ndan haz\u0131rlan\u0131p, Adalet Bakanl\u0131\u011f\u0131&#8217;n\u0131n onay\u0131yla y\u00fcr\u00fcrl\u00fc\u011fe giren bir d\u00fczenleyici i\u015flem olmas\u0131, 5271 say\u0131l\u0131 Kanun ya da ilgili di\u011fer kanunlarda T\u00fcrkiye Barolar Birli\u011fi&#8217;ne Ceza Muhakemesi Kanunu gere\u011fince atanan zorunlu m\u00fcdafi veya vekil \u00fccretlerine ili\u015fkin d\u00fczenleme yapabilme yetkisi verildi\u011fine dair a\u00e7\u0131k bir h\u00fck\u00fcm de bulunmamas\u0131 nedenleriyle tarifede yap\u0131lan d\u00fczenlemelerin uygulama yeri bulunmad\u0131\u011f\u0131 kabul edilmi\u015ftir.<\/p>\n<p>KARAR:<br \/>\n21.09.2023 tarihli ve 32316 say\u0131l\u0131 Resmi Gazete&#8217;de yay\u0131mlanan Avukatl\u0131k Asgari \u00dccret Tarifesi&#8217;nin 14\/1 ve 14\/4. maddelerinde belirlenen hususunun, Ceza Muhakemesi Kanunu gere\u011fince soru\u015fturma ve kovu\u015fturma makamlar\u0131n\u0131n istemi \u00fczerine baro taraf\u0131ndan g\u00f6revlendirilen zorunlu m\u00fcdafii ile temsil edilen san\u0131k lehine ve yine Ceza Muhakemesi Kanunu gere\u011fince soru\u015fturma ve kovu\u015fturma makamlar\u0131n\u0131n istemi \u00fczerine baro taraf\u0131ndan g\u00f6revlendirilen zorunlu vekil ile temsil edilen ma\u011fdur lehine h\u00fckmedilecek vekalet \u00fccretinin Avukatl\u0131k Asgari \u00dccret Tarifesi ile d\u00fczenleme olana\u011f\u0131n\u0131n bulunmad\u0131\u011f\u0131 anla\u015f\u0131lmakla,<\/p>\n<p>Dosyan\u0131n Konya B\u00f6lge Adliye Mahkemesi Ceza Daireleri Ba\u015fkanlar Kuruluna g\u00f6nderilmek \u00fczere Yarg\u0131tay Cumhuriyet Ba\u015fsavc\u0131l\u0131\u011f\u0131na TEVD\u0130\u0130NE,Talebe uygun olarak oy birli\u011fi ile evrak \u00fczerinden 16.01.2025 tarihinde karar verildi.<br \/>\n\u00a0<\/p>\n<p>\u200bYarg\u0131tay 1. Ceza Dairesi\u2019nin 16.01.2025 tarihli, 2024\/6057 E., 2025\/420 K. say\u0131l\u0131 karar\u0131\u00a0Hukuki Haber<\/p>\n<p>Haberin Al\u0131nt\u0131land\u0131\u011f\u0131 Kaynak: www.hukukihaber.net<\/p>","protected":false},"excerpt":{"rendered":"<p>T.C. Yarg\u0131tay 1. Ceza Dairesi 2024\/6057 E., 2025\/420 K. &#8220;\u0130\u00e7tihat Metni&#8221; UYU\u015eMAZLI\u011eIN G\u0130DER\u0130LMES\u0130 TALEB\u0130NDE BULUNAN: Yarg\u0131tay Cumhuriyet Ba\u015fsavc\u0131l\u0131\u011f\u0131 TALEP YAZISININ TAR\u0130H\u0130: 12.09.2024 TALEP KONUSU: Hakk\u0131nda beraat karar\u0131 verilen ve Otomatik CMK Atama Sisteminden (OCAS) atanan zorunlu m\u00fcdafii ile temsil olunan san\u0131k lehine ya da mahkumiyet durumunda Otomatik CMK Atama Sisteminden (OCAS) atanan zorunlu ma\u011fdur vekili lehine Avukatl\u0131k Asgari \u00dccret Tarifesine g\u00f6re vekalet \u00fccretinin h\u00fckmedilip h\u00fckmedilemeyece\u011fine ili\u015fkin TALEPTE BULUNULAN \u0130LG\u0130L\u0130 KURUL KARARI: Konya B\u00f6lge Adliye Mahkemesi Ceza Daireleri Ba\u015fkanlar Kurulunun 06.05.2024 tarih ve 2024\/4 say\u0131l\u0131 uyu\u015fmazl\u0131\u011f\u0131n giderilmesi talebi \u0130lgili Evrak \u0130ncelenerek Gere\u011fi D\u00fc\u015f\u00fcn\u00fcld\u00fc: Uyu\u015fmazl\u0131\u011f\u0131n Konusu: 21.09.2023 tarih ve 32316 say\u0131l\u0131 Resmi Gazete&#8217;de yay\u0131mlanarak y\u00fcr\u00fcrl\u00fc\u011fe giren Avukatl\u0131k Asgari \u00dccret Tarifesinin 14\/1 maddesinde yer alan, &#8220;Kamu davas\u0131na kat\u0131lma \u00fczerine, mahkumiyete ya da h\u00fckm\u00fcn a\u00e7\u0131klanmas\u0131n\u0131n geri b\u0131rak\u0131lmas\u0131na karar verilmi\u015f ise vekil ile temsil edilen kat\u0131lan lehine bu Tarifenin ikinci k\u0131sm\u0131n\u0131n ikinci b\u00f6l\u00fcm\u00fcnde belirlenen avukatl\u0131k \u00fccreti san\u0131\u011fa y\u00fckletilir. Bu h\u00fck\u00fcm, kat\u0131lan\u0131n 04\/12\/2004 tarihli ve 5271 say\u0131l\u0131 Ceza Muhakemesi Kanunu gere\u011fince g\u00f6revlendirilen vekili bulunmas\u0131 durumunda kovu\u015fturma i\u00e7in \u00f6denen \u00fccret mahsup edilerek uygulan\u0131r.&#8221; ve tarifenin 14\/4 maddesinde yer alan &#8220;Beraat eden ve vekil veya m\u00fcdafi ile temsil edilen san\u0131k yarar\u0131na Hazine aleyhine maktu avukatl\u0131k \u00fccretine h\u00fckmedilir. Bu h\u00fck\u00fcm, san\u0131\u011f\u0131n 4\/12\/2004 tarihli ve 5271 say\u0131l\u0131 Ceza Muhakemesi Kanunu &hellip;<\/p>","protected":false},"author":3,"featured_media":0,"comment_status":"","ping_status":"open","sticky":false,"template":"","format":"standard","meta":{"_acf_changed":false,"footnotes":""},"categories":[27],"tags":[],"class_list":["post-71531","post","type-post","status-publish","format-standard","has-post-thumbnail","hentry","category-hukukihaber"],"acf":[],"yoast_head":"<!-- This site is optimized with the Yoast SEO Premium plugin v26.6 (Yoast SEO v27.1.1) - https:\/\/yoast.com\/product\/yoast-seo-premium-wordpress\/ -->\n<title>Yarg\u0131tay 1. Ceza Dairesi\u2019nin 2024\/6057 E., 2025\/420 K. say\u0131l\u0131 karar\u0131 - Av. Deniz Can K\u0131z\u0131l<\/title>\n<meta name=\"robots\" content=\"index, follow, max-snippet:-1, max-image-preview:large, max-video-preview:-1\" \/>\n<link rel=\"canonical\" href=\"http:\/\/denizcankizil.tr\/en\/hukukihaber\/yargitay-1-ceza-dairesinin-2024-6057-e-2025-420-k-sayili-karari\/\" \/>\n<meta property=\"og:locale\" content=\"en_GB\" \/>\n<meta property=\"og:type\" content=\"article\" \/>\n<meta property=\"og:title\" content=\"Yarg\u0131tay 1. Ceza Dairesi\u2019nin 2024\/6057 E., 2025\/420 K. say\u0131l\u0131 karar\u0131\" \/>\n<meta property=\"og:description\" content=\"T.C. Yarg\u0131tay 1. Ceza Dairesi 2024\/6057 E., 2025\/420 K. &#8220;\u0130\u00e7tihat Metni&#8221; UYU\u015eMAZLI\u011eIN G\u0130DER\u0130LMES\u0130 TALEB\u0130NDE BULUNAN: Yarg\u0131tay Cumhuriyet Ba\u015fsavc\u0131l\u0131\u011f\u0131 TALEP YAZISININ TAR\u0130H\u0130: 12.09.2024 TALEP KONUSU: Hakk\u0131nda beraat karar\u0131 verilen ve Otomatik CMK Atama Sisteminden (OCAS) atanan zorunlu m\u00fcdafii ile temsil olunan san\u0131k lehine ya da mahkumiyet durumunda Otomatik CMK Atama Sisteminden (OCAS) atanan zorunlu ma\u011fdur vekili lehine Avukatl\u0131k Asgari \u00dccret Tarifesine g\u00f6re vekalet \u00fccretinin h\u00fckmedilip h\u00fckmedilemeyece\u011fine ili\u015fkin TALEPTE BULUNULAN \u0130LG\u0130L\u0130 KURUL KARARI: Konya B\u00f6lge Adliye Mahkemesi Ceza Daireleri Ba\u015fkanlar Kurulunun 06.05.2024 tarih ve 2024\/4 say\u0131l\u0131 uyu\u015fmazl\u0131\u011f\u0131n giderilmesi talebi \u0130lgili Evrak \u0130ncelenerek Gere\u011fi D\u00fc\u015f\u00fcn\u00fcld\u00fc: Uyu\u015fmazl\u0131\u011f\u0131n Konusu: 21.09.2023 tarih ve 32316 say\u0131l\u0131 Resmi Gazete&#8217;de yay\u0131mlanarak y\u00fcr\u00fcrl\u00fc\u011fe giren Avukatl\u0131k Asgari \u00dccret Tarifesinin 14\/1 maddesinde yer alan, &#8220;Kamu davas\u0131na kat\u0131lma \u00fczerine, mahkumiyete ya da h\u00fckm\u00fcn a\u00e7\u0131klanmas\u0131n\u0131n geri b\u0131rak\u0131lmas\u0131na karar verilmi\u015f ise vekil ile temsil edilen kat\u0131lan lehine bu Tarifenin ikinci k\u0131sm\u0131n\u0131n ikinci b\u00f6l\u00fcm\u00fcnde belirlenen avukatl\u0131k \u00fccreti san\u0131\u011fa y\u00fckletilir. Bu h\u00fck\u00fcm, kat\u0131lan\u0131n 04\/12\/2004 tarihli ve 5271 say\u0131l\u0131 Ceza Muhakemesi Kanunu gere\u011fince g\u00f6revlendirilen vekili bulunmas\u0131 durumunda kovu\u015fturma i\u00e7in \u00f6denen \u00fccret mahsup edilerek uygulan\u0131r.&#8221; ve tarifenin 14\/4 maddesinde yer alan &#8220;Beraat eden ve vekil veya m\u00fcdafi ile temsil edilen san\u0131k yarar\u0131na Hazine aleyhine maktu avukatl\u0131k \u00fccretine h\u00fckmedilir. Bu h\u00fck\u00fcm, san\u0131\u011f\u0131n 4\/12\/2004 tarihli ve 5271 say\u0131l\u0131 Ceza Muhakemesi Kanunu &hellip;\" \/>\n<meta property=\"og:url\" content=\"http:\/\/denizcankizil.tr\/en\/hukukihaber\/yargitay-1-ceza-dairesinin-2024-6057-e-2025-420-k-sayili-karari\/\" \/>\n<meta property=\"og:site_name\" content=\"Av. Deniz Can K\u0131z\u0131l\" \/>\n<meta property=\"article:published_time\" content=\"2025-04-30T12:35:00+00:00\" \/>\n<meta name=\"author\" content=\"Hukuki Haber.net\" \/>\n<meta name=\"twitter:card\" content=\"summary_large_image\" \/>\n<meta name=\"twitter:label1\" content=\"Written by\" \/>\n\t<meta name=\"twitter:data1\" content=\"Hukuki Haber.net\" \/>\n\t<meta name=\"twitter:label2\" content=\"Estimated reading time\" \/>\n\t<meta name=\"twitter:data2\" content=\"22 minutes\" \/>\n<script type=\"application\/ld+json\" class=\"yoast-schema-graph\">{\"@context\":\"https:\/\/schema.org\",\"@graph\":[{\"@type\":\"Article\",\"@id\":\"http:\/\/denizcankizil.tr\/en\/hukukihaber\/yargitay-1-ceza-dairesinin-2024-6057-e-2025-420-k-sayili-karari\/#article\",\"isPartOf\":{\"@id\":\"http:\/\/denizcankizil.tr\/en\/hukukihaber\/yargitay-1-ceza-dairesinin-2024-6057-e-2025-420-k-sayili-karari\/\"},\"author\":{\"name\":\"Hukuki Haber.net\",\"@id\":\"https:\/\/denizcankizil.tr\/de\/#\/schema\/person\/001a271de994a0aa3f90eea084424822\"},\"headline\":\"Yarg\u0131tay 1. Ceza Dairesi\u2019nin 2024\/6057 E., 2025\/420 K. say\u0131l\u0131 karar\u0131\",\"datePublished\":\"2025-04-30T12:35:00+00:00\",\"mainEntityOfPage\":{\"@id\":\"http:\/\/denizcankizil.tr\/en\/hukukihaber\/yargitay-1-ceza-dairesinin-2024-6057-e-2025-420-k-sayili-karari\/\"},\"wordCount\":4528,\"publisher\":{\"@id\":\"https:\/\/denizcankizil.tr\/de\/#organization\"},\"articleSection\":[\"Hukuki Haberler\"],\"inLanguage\":\"en-GB\"},{\"@type\":\"WebPage\",\"@id\":\"http:\/\/denizcankizil.tr\/en\/hukukihaber\/yargitay-1-ceza-dairesinin-2024-6057-e-2025-420-k-sayili-karari\/\",\"url\":\"http:\/\/denizcankizil.tr\/en\/hukukihaber\/yargitay-1-ceza-dairesinin-2024-6057-e-2025-420-k-sayili-karari\/\",\"name\":\"Yarg\u0131tay 1. Ceza Dairesi\u2019nin 2024\/6057 E., 2025\/420 K. say\u0131l\u0131 karar\u0131 - Av. Deniz Can K\u0131z\u0131l\",\"isPartOf\":{\"@id\":\"https:\/\/denizcankizil.tr\/de\/#website\"},\"datePublished\":\"2025-04-30T12:35:00+00:00\",\"breadcrumb\":{\"@id\":\"http:\/\/denizcankizil.tr\/en\/hukukihaber\/yargitay-1-ceza-dairesinin-2024-6057-e-2025-420-k-sayili-karari\/#breadcrumb\"},\"inLanguage\":\"en-GB\",\"potentialAction\":[{\"@type\":\"ReadAction\",\"target\":[\"http:\/\/denizcankizil.tr\/en\/hukukihaber\/yargitay-1-ceza-dairesinin-2024-6057-e-2025-420-k-sayili-karari\/\"]}]},{\"@type\":\"BreadcrumbList\",\"@id\":\"http:\/\/denizcankizil.tr\/en\/hukukihaber\/yargitay-1-ceza-dairesinin-2024-6057-e-2025-420-k-sayili-karari\/#breadcrumb\",\"itemListElement\":[{\"@type\":\"ListItem\",\"position\":1,\"name\":\"Home\",\"item\":\"https:\/\/denizcankizil.tr\/de\/\"},{\"@type\":\"ListItem\",\"position\":2,\"name\":\"Yarg\u0131tay 1. Ceza Dairesi\u2019nin 2024\/6057 E., 2025\/420 K. say\u0131l\u0131 karar\u0131\"}]},{\"@type\":\"WebSite\",\"@id\":\"https:\/\/denizcankizil.tr\/de\/#website\",\"url\":\"https:\/\/denizcankizil.tr\/de\/\",\"name\":\"Av. Deniz Can K\u0131z\u0131l\",\"description\":\"Avukat Deniz Can K\u0131z\u0131l Antalya Barosu\",\"publisher\":{\"@id\":\"https:\/\/denizcankizil.tr\/de\/#organization\"},\"potentialAction\":[{\"@type\":\"SearchAction\",\"target\":{\"@type\":\"EntryPoint\",\"urlTemplate\":\"https:\/\/denizcankizil.tr\/de\/?s={search_term_string}\"},\"query-input\":{\"@type\":\"PropertyValueSpecification\",\"valueRequired\":true,\"valueName\":\"search_term_string\"}}],\"inLanguage\":\"en-GB\"},{\"@type\":\"Organization\",\"@id\":\"https:\/\/denizcankizil.tr\/de\/#organization\",\"name\":\"Av. Deniz Can K\u0131z\u0131l\",\"url\":\"https:\/\/denizcankizil.tr\/de\/\",\"logo\":{\"@type\":\"ImageObject\",\"inLanguage\":\"en-GB\",\"@id\":\"https:\/\/denizcankizil.tr\/de\/#\/schema\/logo\/image\/\",\"url\":\"http:\/\/denizcankizil.tr\/wp-content\/uploads\/2024\/10\/siyah-logo-svg.svg\",\"contentUrl\":\"http:\/\/denizcankizil.tr\/wp-content\/uploads\/2024\/10\/siyah-logo-svg.svg\",\"width\":1080,\"height\":1080,\"caption\":\"Av. Deniz Can K\u0131z\u0131l\"},\"image\":{\"@id\":\"https:\/\/denizcankizil.tr\/de\/#\/schema\/logo\/image\/\"}},{\"@type\":\"Person\",\"@id\":\"https:\/\/denizcankizil.tr\/de\/#\/schema\/person\/001a271de994a0aa3f90eea084424822\",\"name\":\"Hukuki Haber.net\",\"image\":{\"@type\":\"ImageObject\",\"inLanguage\":\"en-GB\",\"@id\":\"https:\/\/denizcankizil.tr\/de\/#\/schema\/person\/image\/\",\"url\":\"https:\/\/secure.gravatar.com\/avatar\/57d8a49151495586611a149d29fc42865b951dc053a84709a3172ccb5abf3118?s=96&d=mm&r=g\",\"contentUrl\":\"https:\/\/secure.gravatar.com\/avatar\/57d8a49151495586611a149d29fc42865b951dc053a84709a3172ccb5abf3118?s=96&d=mm&r=g\",\"caption\":\"Hukuki Haber.net\"},\"sameAs\":[\"http:\/\/www.hukukihaber.net\"],\"url\":\"http:\/\/denizcankizil.tr\/en\/author\/hukukihabernet\/\"}]}<\/script>\n<!-- \/ Yoast SEO Premium plugin. -->","yoast_head_json":{"title":"Yarg\u0131tay 1. Ceza Dairesi\u2019nin 2024\/6057 E., 2025\/420 K. say\u0131l\u0131 karar\u0131 - Av. Deniz Can K\u0131z\u0131l","robots":{"index":"index","follow":"follow","max-snippet":"max-snippet:-1","max-image-preview":"max-image-preview:large","max-video-preview":"max-video-preview:-1"},"canonical":"http:\/\/denizcankizil.tr\/en\/hukukihaber\/yargitay-1-ceza-dairesinin-2024-6057-e-2025-420-k-sayili-karari\/","og_locale":"en_GB","og_type":"article","og_title":"Yarg\u0131tay 1. Ceza Dairesi\u2019nin 2024\/6057 E., 2025\/420 K. say\u0131l\u0131 karar\u0131","og_description":"T.C. Yarg\u0131tay 1. Ceza Dairesi 2024\/6057 E., 2025\/420 K. &#8220;\u0130\u00e7tihat Metni&#8221; UYU\u015eMAZLI\u011eIN G\u0130DER\u0130LMES\u0130 TALEB\u0130NDE BULUNAN: Yarg\u0131tay Cumhuriyet Ba\u015fsavc\u0131l\u0131\u011f\u0131 TALEP YAZISININ TAR\u0130H\u0130: 12.09.2024 TALEP KONUSU: Hakk\u0131nda beraat karar\u0131 verilen ve Otomatik CMK Atama Sisteminden (OCAS) atanan zorunlu m\u00fcdafii ile temsil olunan san\u0131k lehine ya da mahkumiyet durumunda Otomatik CMK Atama Sisteminden (OCAS) atanan zorunlu ma\u011fdur vekili lehine Avukatl\u0131k Asgari \u00dccret Tarifesine g\u00f6re vekalet \u00fccretinin h\u00fckmedilip h\u00fckmedilemeyece\u011fine ili\u015fkin TALEPTE BULUNULAN \u0130LG\u0130L\u0130 KURUL KARARI: Konya B\u00f6lge Adliye Mahkemesi Ceza Daireleri Ba\u015fkanlar Kurulunun 06.05.2024 tarih ve 2024\/4 say\u0131l\u0131 uyu\u015fmazl\u0131\u011f\u0131n giderilmesi talebi \u0130lgili Evrak \u0130ncelenerek Gere\u011fi D\u00fc\u015f\u00fcn\u00fcld\u00fc: Uyu\u015fmazl\u0131\u011f\u0131n Konusu: 21.09.2023 tarih ve 32316 say\u0131l\u0131 Resmi Gazete&#8217;de yay\u0131mlanarak y\u00fcr\u00fcrl\u00fc\u011fe giren Avukatl\u0131k Asgari \u00dccret Tarifesinin 14\/1 maddesinde yer alan, &#8220;Kamu davas\u0131na kat\u0131lma \u00fczerine, mahkumiyete ya da h\u00fckm\u00fcn a\u00e7\u0131klanmas\u0131n\u0131n geri b\u0131rak\u0131lmas\u0131na karar verilmi\u015f ise vekil ile temsil edilen kat\u0131lan lehine bu Tarifenin ikinci k\u0131sm\u0131n\u0131n ikinci b\u00f6l\u00fcm\u00fcnde belirlenen avukatl\u0131k \u00fccreti san\u0131\u011fa y\u00fckletilir. Bu h\u00fck\u00fcm, kat\u0131lan\u0131n 04\/12\/2004 tarihli ve 5271 say\u0131l\u0131 Ceza Muhakemesi Kanunu gere\u011fince g\u00f6revlendirilen vekili bulunmas\u0131 durumunda kovu\u015fturma i\u00e7in \u00f6denen \u00fccret mahsup edilerek uygulan\u0131r.&#8221; ve tarifenin 14\/4 maddesinde yer alan &#8220;Beraat eden ve vekil veya m\u00fcdafi ile temsil edilen san\u0131k yarar\u0131na Hazine aleyhine maktu avukatl\u0131k \u00fccretine h\u00fckmedilir. Bu h\u00fck\u00fcm, san\u0131\u011f\u0131n 4\/12\/2004 tarihli ve 5271 say\u0131l\u0131 Ceza Muhakemesi Kanunu &hellip;","og_url":"http:\/\/denizcankizil.tr\/en\/hukukihaber\/yargitay-1-ceza-dairesinin-2024-6057-e-2025-420-k-sayili-karari\/","og_site_name":"Av. Deniz Can K\u0131z\u0131l","article_published_time":"2025-04-30T12:35:00+00:00","author":"Hukuki Haber.net","twitter_card":"summary_large_image","twitter_misc":{"Written by":"Hukuki Haber.net","Estimated reading time":"22 minutes"},"schema":{"@context":"https:\/\/schema.org","@graph":[{"@type":"Article","@id":"http:\/\/denizcankizil.tr\/en\/hukukihaber\/yargitay-1-ceza-dairesinin-2024-6057-e-2025-420-k-sayili-karari\/#article","isPartOf":{"@id":"http:\/\/denizcankizil.tr\/en\/hukukihaber\/yargitay-1-ceza-dairesinin-2024-6057-e-2025-420-k-sayili-karari\/"},"author":{"name":"Hukuki Haber.net","@id":"https:\/\/denizcankizil.tr\/de\/#\/schema\/person\/001a271de994a0aa3f90eea084424822"},"headline":"Yarg\u0131tay 1. Ceza Dairesi\u2019nin 2024\/6057 E., 2025\/420 K. say\u0131l\u0131 karar\u0131","datePublished":"2025-04-30T12:35:00+00:00","mainEntityOfPage":{"@id":"http:\/\/denizcankizil.tr\/en\/hukukihaber\/yargitay-1-ceza-dairesinin-2024-6057-e-2025-420-k-sayili-karari\/"},"wordCount":4528,"publisher":{"@id":"https:\/\/denizcankizil.tr\/de\/#organization"},"articleSection":["Hukuki Haberler"],"inLanguage":"en-GB"},{"@type":"WebPage","@id":"http:\/\/denizcankizil.tr\/en\/hukukihaber\/yargitay-1-ceza-dairesinin-2024-6057-e-2025-420-k-sayili-karari\/","url":"http:\/\/denizcankizil.tr\/en\/hukukihaber\/yargitay-1-ceza-dairesinin-2024-6057-e-2025-420-k-sayili-karari\/","name":"Yarg\u0131tay 1. Ceza Dairesi\u2019nin 2024\/6057 E., 2025\/420 K. say\u0131l\u0131 karar\u0131 - Av. Deniz Can K\u0131z\u0131l","isPartOf":{"@id":"https:\/\/denizcankizil.tr\/de\/#website"},"datePublished":"2025-04-30T12:35:00+00:00","breadcrumb":{"@id":"http:\/\/denizcankizil.tr\/en\/hukukihaber\/yargitay-1-ceza-dairesinin-2024-6057-e-2025-420-k-sayili-karari\/#breadcrumb"},"inLanguage":"en-GB","potentialAction":[{"@type":"ReadAction","target":["http:\/\/denizcankizil.tr\/en\/hukukihaber\/yargitay-1-ceza-dairesinin-2024-6057-e-2025-420-k-sayili-karari\/"]}]},{"@type":"BreadcrumbList","@id":"http:\/\/denizcankizil.tr\/en\/hukukihaber\/yargitay-1-ceza-dairesinin-2024-6057-e-2025-420-k-sayili-karari\/#breadcrumb","itemListElement":[{"@type":"ListItem","position":1,"name":"Home","item":"https:\/\/denizcankizil.tr\/de\/"},{"@type":"ListItem","position":2,"name":"Yarg\u0131tay 1. Ceza Dairesi\u2019nin 2024\/6057 E., 2025\/420 K. say\u0131l\u0131 karar\u0131"}]},{"@type":"WebSite","@id":"https:\/\/denizcankizil.tr\/de\/#website","url":"https:\/\/denizcankizil.tr\/de\/","name":"Av. Deniz Can K\u0131z\u0131l","description":"Avukat Deniz Can K\u0131z\u0131l Antalya Barosu","publisher":{"@id":"https:\/\/denizcankizil.tr\/de\/#organization"},"potentialAction":[{"@type":"SearchAction","target":{"@type":"EntryPoint","urlTemplate":"https:\/\/denizcankizil.tr\/de\/?s={search_term_string}"},"query-input":{"@type":"PropertyValueSpecification","valueRequired":true,"valueName":"search_term_string"}}],"inLanguage":"en-GB"},{"@type":"Organization","@id":"https:\/\/denizcankizil.tr\/de\/#organization","name":"Av. Deniz Can K\u0131z\u0131l","url":"https:\/\/denizcankizil.tr\/de\/","logo":{"@type":"ImageObject","inLanguage":"en-GB","@id":"https:\/\/denizcankizil.tr\/de\/#\/schema\/logo\/image\/","url":"http:\/\/denizcankizil.tr\/wp-content\/uploads\/2024\/10\/siyah-logo-svg.svg","contentUrl":"http:\/\/denizcankizil.tr\/wp-content\/uploads\/2024\/10\/siyah-logo-svg.svg","width":1080,"height":1080,"caption":"Av. Deniz Can K\u0131z\u0131l"},"image":{"@id":"https:\/\/denizcankizil.tr\/de\/#\/schema\/logo\/image\/"}},{"@type":"Person","@id":"https:\/\/denizcankizil.tr\/de\/#\/schema\/person\/001a271de994a0aa3f90eea084424822","name":"Hukuki Haber.net","image":{"@type":"ImageObject","inLanguage":"en-GB","@id":"https:\/\/denizcankizil.tr\/de\/#\/schema\/person\/image\/","url":"https:\/\/secure.gravatar.com\/avatar\/57d8a49151495586611a149d29fc42865b951dc053a84709a3172ccb5abf3118?s=96&d=mm&r=g","contentUrl":"https:\/\/secure.gravatar.com\/avatar\/57d8a49151495586611a149d29fc42865b951dc053a84709a3172ccb5abf3118?s=96&d=mm&r=g","caption":"Hukuki Haber.net"},"sameAs":["http:\/\/www.hukukihaber.net"],"url":"http:\/\/denizcankizil.tr\/en\/author\/hukukihabernet\/"}]}},"_links":{"self":[{"href":"http:\/\/denizcankizil.tr\/en\/wp-json\/wp\/v2\/posts\/71531","targetHints":{"allow":["GET"]}}],"collection":[{"href":"http:\/\/denizcankizil.tr\/en\/wp-json\/wp\/v2\/posts"}],"about":[{"href":"http:\/\/denizcankizil.tr\/en\/wp-json\/wp\/v2\/types\/post"}],"author":[{"embeddable":true,"href":"http:\/\/denizcankizil.tr\/en\/wp-json\/wp\/v2\/users\/3"}],"replies":[{"embeddable":true,"href":"http:\/\/denizcankizil.tr\/en\/wp-json\/wp\/v2\/comments?post=71531"}],"version-history":[{"count":0,"href":"http:\/\/denizcankizil.tr\/en\/wp-json\/wp\/v2\/posts\/71531\/revisions"}],"wp:attachment":[{"href":"http:\/\/denizcankizil.tr\/en\/wp-json\/wp\/v2\/media?parent=71531"}],"wp:term":[{"taxonomy":"category","embeddable":true,"href":"http:\/\/denizcankizil.tr\/en\/wp-json\/wp\/v2\/categories?post=71531"},{"taxonomy":"post_tag","embeddable":true,"href":"http:\/\/denizcankizil.tr\/en\/wp-json\/wp\/v2\/tags?post=71531"}],"curies":[{"name":"wp","href":"https:\/\/api.w.org\/{rel}","templated":true}]}}