{"id":71528,"date":"2025-04-30T15:42:05","date_gmt":"2025-04-30T12:42:05","guid":{"rendered":"https:\/\/denizcankizil.tr\/uncategorized-tr\/antalyada-1-mayis-kutlamalari-nerede-ve-saat-kacta-baslayacak\/"},"modified":"2025-04-30T15:42:05","modified_gmt":"2025-04-30T12:42:05","slug":"antalyada-1-mayis-kutlamalari-nerede-ve-saat-kacta-baslayacak","status":"publish","type":"post","link":"http:\/\/denizcankizil.tr\/en\/haberler\/gundem\/antalyada-1-mayis-kutlamalari-nerede-ve-saat-kacta-baslayacak\/","title":{"rendered":"Antalya\u2019da 1 May\u0131s kutlamalar\u0131 nerede ve saat ka\u00e7ta ba\u015flayacak?"},"content":{"rendered":"<p>Antalya\u2019da 1 May\u0131s kutlamalar\u0131 yar\u0131n saat 15.00\u2019da i\u015f\u00e7i sendikalar\u0131 ba\u015fta olmak \u00fczere, siyasi partiler, dernek ve STK\u2019lardan olu\u015fturaca\u011f\u0131 b\u00fcy\u00fck kortej ile ba\u015flayacak. Y\u00fcr\u00fcy\u00fc\u015fler, Konyaalt\u0131 Caddesi\u2019nde yer alan m\u00fcze \u00f6n\u00fcnde ba\u015flanacak ve Cumhuriyet Meydan\u0131\u2019nda s\u0131n bulacak.<\/p>\n<p>T\u00dcRK-\u0130\u015e VE D\u0130SK EN \u00d6NDE OLACAK<\/p>\n<p>T\u00dcRK \u0130\u015e,\u202fD\u0130SK,\u202fKESK, Birle\u015fik Kamu \u0130\u015f, T\u00fcrk Tabipler Birli\u011fi (TTB) ve T\u00fcrk M\u00fchendis ve Mimar Odalar\u0131 Birli\u011fi (TTB)\u202fAntalya\u202f\u015fubeleri taraf\u0131ndan olu\u015fturulan\u202f1 May\u0131s Tertip Komitesi, yar\u0131n kutlan\u0131lacak olan 1 May\u0131s Emek ve Dayan\u0131\u015fma G\u00fcn\u00fc\u2019ne haz\u0131r. D\u0130SK Akdeniz B\u00f6lge Temsilcisi ve Genel-\u0130\u015f Antalya \u015eube Ba\u015fkan\u0131 Vedat K\u00fc\u00e7\u00fck, 1 May\u0131s Emek ve Dayan\u0131\u015fma G\u00fcn\u00fc\u2019nde geni\u015f halk kitlelerinin meydanlarda olaca\u011f\u0131n\u0131 kaydetti. K\u00fc\u00e7\u00fck, \u201cBiz kazanaca\u011f\u0131z. Biz bu \u00fclkenin t\u00fcm de\u011fer ve g\u00fczelliklerini \u00fcreten milyonlarla bu \u00fclkenin ger\u00e7ek sahipleriyiz. Biz \u00f6rg\u00fctl\u00fc oldu\u011fumuzda, birlik oldu\u011fumuzda, bizden b\u00fcy\u00fck g\u00fc\u00e7 yok. O nedenle bir avu\u00e7 sermaye ve iktidar sahibi kaybedecek; biz kazanaca\u011f\u0131z, halk kazanacak\u201d dedi.<\/p>\n<p>UCUZ \u0130\u015eG\u00dcC\u00dc DEPOSU<\/p>\n<p>K\u00fc\u00e7\u00fck b\u00fct\u00fcn Antalyal\u0131lar\u0131n yar\u0131n olacak 1 May\u0131s kutlamalar\u0131na davet ederek, \u201cBiz kazand\u0131\u011f\u0131m\u0131zda \u00fclkeyi ucuz i\u015fg\u00fcc\u00fc deposu ve yerinden yurdundan ettikleri milyonlarca \u00e7aresiz s\u0131\u011f\u0131nmac\u0131 i\u00e7in hapishane haline getirmek isteyen emperyalistler kaybedecek ama halk kazanacak. Biz kazand\u0131\u011f\u0131m\u0131zda her alanda ayr\u0131mc\u0131l\u0131\u011f\u0131 ve cinsiyet\u00e7ili\u011fi normalle\u015ftirmeye \u00e7al\u0131\u015fanlar kaybedecek ama e\u015fitlik kazanacak. Biz kazand\u0131\u011f\u0131m\u0131zda, demokrasi kazanacak, adalet kazanacak, bar\u0131\u015f kazanacak, karde\u015flik kazanacak, emek kazanacak, bu \u00fclke, bu halk kazanacak\u201d diye konu\u015ftu.<\/p>\n<p>MEYDANLARDA BULU\u015eACA\u011eIZ<\/p>\n<p>T\u00dcRK-\u0130\u015e Antalya \u0130l Temsilcisi Yol-\u0130\u015f Sendikas\u0131 1 No\u2019lu \u015eube Ba\u015fkan\u0131 Cemil \u00dcnal, 1 May\u0131s\u2019ta Antalyal\u0131lar\u0131 kutlama alanlar\u0131na davet etti. Ba\u015fkan \u00dcnal, bu y\u0131l 1 May\u0131s\u2019\u0131n sadece bir i\u015f\u00e7i bayram\u0131 de\u011fil, ayn\u0131 zamanda adalet ve \u00f6zg\u00fcrl\u00fck aray\u0131\u015f\u0131n\u0131n da g\u00fc\u00e7l\u00fc bir ifadesi olaca\u011f\u0131n\u0131 vurgulayarak, \u201c 1 May\u0131s\u2019ta i\u015f\u00e7iler, haklar\u0131 i\u00e7in, adalet i\u00e7in, demokrasi i\u00e7in, bar\u0131\u015f i\u00e7in meydanlarda bulu\u015facak. K\u00f6le zihniyetli ta\u015feronla\u015fmaya kar\u015f\u0131, i\u015fsizli\u011fe kar\u015f\u0131, kay\u0131t d\u0131\u015f\u0131l\u0131\u011fa kar\u015f\u0131 1 May\u0131s meydanlar\u0131nda olaca\u011f\u0131z. Yoksullu\u011fa kar\u015f\u0131, g\u00fcvencesiz i\u015f\u00e7ili\u011fe kar\u015f\u0131 hayat pahal\u0131\u011f\u0131na kar\u015f\u0131 meydanlarda direnece\u011fiz\u201d diye konu\u015ftu.<\/p>\n<p>ADALETS\u0130Z VERG\u0130 S\u0130STEM\u0130<\/p>\n<p>M\u00fccadele i\u00e7in yar\u0131n meydanlarda olacaklar\u0131na de\u011finen \u00dcnal, \u201cAdaletsiz vergi sistemine kar\u015f\u0131, hukuksuzlu\u011fa kar\u015f\u0131 insanca ya\u015fam \u00fccreti i\u00e7in 1 May\u0131s meydanlar\u0131nda olaca\u011f\u0131z. Y\u0131l\u0131n 365 g\u00fcn\u00fc ezilen, s\u00f6m\u00fcr\u00fclen, horlanan ve yok say\u0131lan milyonlar olarak, 1 May\u0131s alanlar\u0131nda kendimizi ifade edecek, taleplerimizi, umutlar\u0131m\u0131z\u0131 tepkilerimizi dile getirece\u011fiz, alanlarda meydanlarda olaca\u011f\u0131z. Bu \u00fclkenin t\u00fcm de\u011ferlerini ve g\u00fczelliklerini \u00fcreten i\u015f\u00e7ilerin, emek\u00e7ilerin, emeklilerin, gen\u00e7lerin, kad\u0131nlar\u0131n hesap sorma ve de\u011fi\u015ftirme iradesini g\u00fc\u00e7l\u00fc bir bi\u00e7imde ortaya koydu\u011fu, siyasi iktidar\u0131n yoksulla\u015ft\u0131r\u0131c\u0131 ekonomi politikalar\u0131na ve hukuksuzluklar\u0131na dur dedi\u011fi bir d\u00f6nemde 1 May\u0131s meydanlar\u0131nda bulu\u015faca\u011f\u0131z. Ekme\u011fimizin her g\u00fcn k\u00fc\u00e7\u00fcld\u00fc\u011f\u00fc; gelirde, vergide ve \u00fclkede adaletsizliklerin artt\u0131\u011f\u0131; hak ve \u00f6zg\u00fcrl\u00fcklerimizin alabildi\u011fine k\u0131s\u0131tland\u0131\u011f\u0131 bu s\u00fcre\u00e7te, h\u00fck\u00fcmetin yoksulla\u015ft\u0131r\u0131c\u0131 ekonomik program\u0131na kar\u015f\u0131 1 May\u0131s meydanlar\u0131nda bulu\u015faca\u011f\u0131z\u201d \u015feklinde konu\u015ftu.<\/p>\n<p>\u200bAntalya\u2019da 1 May\u0131s Emek ve Dayan\u0131\u015fma G\u00fcn\u00fc, sendikalar, siyasi partiler, STK\u2019lar ve vatanda\u015flar\u0131n kat\u0131l\u0131m\u0131yla yar\u0131n kutlanacak. Resmi program yar\u0131n sabah saat 10.00\u2019da Cumhuriyet Meydan\u0131\u2019nda Atat\u00fcrk An\u0131t\u0131na \u00e7elenk konulmas\u0131yla ba\u015flayacak.\u00a0<\/p>\n<p>\u200bHaberin Al\u0131nt\u0131land\u0131\u011f\u0131 Kaynak: www.antalyakorfez.com<\/p>","protected":false},"excerpt":{"rendered":"<p>Antalya\u2019da 1 May\u0131s kutlamalar\u0131 yar\u0131n saat 15.00\u2019da i\u015f\u00e7i sendikalar\u0131 ba\u015fta olmak \u00fczere, siyasi partiler, dernek ve STK\u2019lardan olu\u015fturaca\u011f\u0131 b\u00fcy\u00fck kortej ile ba\u015flayacak. Y\u00fcr\u00fcy\u00fc\u015fler, Konyaalt\u0131 Caddesi\u2019nde yer alan m\u00fcze \u00f6n\u00fcnde ba\u015flanacak ve Cumhuriyet Meydan\u0131\u2019nda s\u0131n bulacak. T\u00dcRK-\u0130\u015e VE D\u0130SK EN \u00d6NDE OLACAK T\u00dcRK \u0130\u015e,\u202fD\u0130SK,\u202fKESK, Birle\u015fik Kamu \u0130\u015f, T\u00fcrk Tabipler Birli\u011fi (TTB) ve T\u00fcrk M\u00fchendis ve Mimar Odalar\u0131 Birli\u011fi (TTB)\u202fAntalya\u202f\u015fubeleri taraf\u0131ndan olu\u015fturulan\u202f1 May\u0131s Tertip Komitesi, yar\u0131n kutlan\u0131lacak olan 1 May\u0131s Emek ve Dayan\u0131\u015fma G\u00fcn\u00fc\u2019ne haz\u0131r. D\u0130SK Akdeniz B\u00f6lge Temsilcisi ve Genel-\u0130\u015f Antalya \u015eube Ba\u015fkan\u0131 Vedat K\u00fc\u00e7\u00fck, 1 May\u0131s Emek ve Dayan\u0131\u015fma G\u00fcn\u00fc\u2019nde geni\u015f halk kitlelerinin meydanlarda olaca\u011f\u0131n\u0131 kaydetti. K\u00fc\u00e7\u00fck, \u201cBiz kazanaca\u011f\u0131z. Biz bu \u00fclkenin t\u00fcm de\u011fer ve g\u00fczelliklerini \u00fcreten milyonlarla bu \u00fclkenin ger\u00e7ek sahipleriyiz. Biz \u00f6rg\u00fctl\u00fc oldu\u011fumuzda, birlik oldu\u011fumuzda, bizden b\u00fcy\u00fck g\u00fc\u00e7 yok. O nedenle bir avu\u00e7 sermaye ve iktidar sahibi kaybedecek; biz kazanaca\u011f\u0131z, halk kazanacak\u201d dedi. UCUZ \u0130\u015eG\u00dcC\u00dc DEPOSU K\u00fc\u00e7\u00fck b\u00fct\u00fcn Antalyal\u0131lar\u0131n yar\u0131n olacak 1 May\u0131s kutlamalar\u0131na davet ederek, \u201cBiz kazand\u0131\u011f\u0131m\u0131zda \u00fclkeyi ucuz i\u015fg\u00fcc\u00fc deposu ve yerinden yurdundan ettikleri milyonlarca \u00e7aresiz s\u0131\u011f\u0131nmac\u0131 i\u00e7in hapishane haline getirmek isteyen emperyalistler kaybedecek ama halk kazanacak. Biz kazand\u0131\u011f\u0131m\u0131zda her alanda ayr\u0131mc\u0131l\u0131\u011f\u0131 ve cinsiyet\u00e7ili\u011fi normalle\u015ftirmeye \u00e7al\u0131\u015fanlar kaybedecek ama e\u015fitlik kazanacak. Biz kazand\u0131\u011f\u0131m\u0131zda, demokrasi kazanacak, adalet kazanacak, bar\u0131\u015f kazanacak, karde\u015flik kazanacak, emek kazanacak, bu \u00fclke, bu halk &hellip;<\/p>","protected":false},"author":5,"featured_media":0,"comment_status":"","ping_status":"open","sticky":false,"template":"","format":"standard","meta":{"_acf_changed":false,"footnotes":""},"categories":[24],"tags":[],"class_list":["post-71528","post","type-post","status-publish","format-standard","has-post-thumbnail","hentry","category-gundem"],"acf":[],"yoast_head":"<!-- This site is optimized with the Yoast SEO Premium plugin v26.6 (Yoast SEO v27.1.1) - https:\/\/yoast.com\/product\/yoast-seo-premium-wordpress\/ -->\n<title>Antalya\u2019da 1 May\u0131s kutlamalar\u0131 nerede ve saat ka\u00e7ta ba\u015flayacak? - Av. Deniz Can K\u0131z\u0131l<\/title>\n<meta name=\"robots\" content=\"index, follow, max-snippet:-1, max-image-preview:large, max-video-preview:-1\" \/>\n<link rel=\"canonical\" href=\"http:\/\/denizcankizil.tr\/en\/haberler\/gundem\/antalyada-1-mayis-kutlamalari-nerede-ve-saat-kacta-baslayacak\/\" \/>\n<meta property=\"og:locale\" content=\"en_GB\" \/>\n<meta property=\"og:type\" content=\"article\" \/>\n<meta property=\"og:title\" content=\"Antalya\u2019da 1 May\u0131s kutlamalar\u0131 nerede ve saat ka\u00e7ta ba\u015flayacak?\" \/>\n<meta property=\"og:description\" content=\"Antalya\u2019da 1 May\u0131s kutlamalar\u0131 yar\u0131n saat 15.00\u2019da i\u015f\u00e7i sendikalar\u0131 ba\u015fta olmak \u00fczere, siyasi partiler, dernek ve STK\u2019lardan olu\u015fturaca\u011f\u0131 b\u00fcy\u00fck kortej ile ba\u015flayacak. Y\u00fcr\u00fcy\u00fc\u015fler, Konyaalt\u0131 Caddesi\u2019nde yer alan m\u00fcze \u00f6n\u00fcnde ba\u015flanacak ve Cumhuriyet Meydan\u0131\u2019nda s\u0131n bulacak. T\u00dcRK-\u0130\u015e VE D\u0130SK EN \u00d6NDE OLACAK T\u00dcRK \u0130\u015e,\u202fD\u0130SK,\u202fKESK, Birle\u015fik Kamu \u0130\u015f, T\u00fcrk Tabipler Birli\u011fi (TTB) ve T\u00fcrk M\u00fchendis ve Mimar Odalar\u0131 Birli\u011fi (TTB)\u202fAntalya\u202f\u015fubeleri taraf\u0131ndan olu\u015fturulan\u202f1 May\u0131s Tertip Komitesi, yar\u0131n kutlan\u0131lacak olan 1 May\u0131s Emek ve Dayan\u0131\u015fma G\u00fcn\u00fc\u2019ne haz\u0131r. D\u0130SK Akdeniz B\u00f6lge Temsilcisi ve Genel-\u0130\u015f Antalya \u015eube Ba\u015fkan\u0131 Vedat K\u00fc\u00e7\u00fck, 1 May\u0131s Emek ve Dayan\u0131\u015fma G\u00fcn\u00fc\u2019nde geni\u015f halk kitlelerinin meydanlarda olaca\u011f\u0131n\u0131 kaydetti. K\u00fc\u00e7\u00fck, \u201cBiz kazanaca\u011f\u0131z. Biz bu \u00fclkenin t\u00fcm de\u011fer ve g\u00fczelliklerini \u00fcreten milyonlarla bu \u00fclkenin ger\u00e7ek sahipleriyiz. Biz \u00f6rg\u00fctl\u00fc oldu\u011fumuzda, birlik oldu\u011fumuzda, bizden b\u00fcy\u00fck g\u00fc\u00e7 yok. O nedenle bir avu\u00e7 sermaye ve iktidar sahibi kaybedecek; biz kazanaca\u011f\u0131z, halk kazanacak\u201d dedi. UCUZ \u0130\u015eG\u00dcC\u00dc DEPOSU K\u00fc\u00e7\u00fck b\u00fct\u00fcn Antalyal\u0131lar\u0131n yar\u0131n olacak 1 May\u0131s kutlamalar\u0131na davet ederek, \u201cBiz kazand\u0131\u011f\u0131m\u0131zda \u00fclkeyi ucuz i\u015fg\u00fcc\u00fc deposu ve yerinden yurdundan ettikleri milyonlarca \u00e7aresiz s\u0131\u011f\u0131nmac\u0131 i\u00e7in hapishane haline getirmek isteyen emperyalistler kaybedecek ama halk kazanacak. Biz kazand\u0131\u011f\u0131m\u0131zda her alanda ayr\u0131mc\u0131l\u0131\u011f\u0131 ve cinsiyet\u00e7ili\u011fi normalle\u015ftirmeye \u00e7al\u0131\u015fanlar kaybedecek ama e\u015fitlik kazanacak. Biz kazand\u0131\u011f\u0131m\u0131zda, demokrasi kazanacak, adalet kazanacak, bar\u0131\u015f kazanacak, karde\u015flik kazanacak, emek kazanacak, bu \u00fclke, bu halk &hellip;\" \/>\n<meta property=\"og:url\" content=\"http:\/\/denizcankizil.tr\/en\/haberler\/gundem\/antalyada-1-mayis-kutlamalari-nerede-ve-saat-kacta-baslayacak\/\" \/>\n<meta property=\"og:site_name\" content=\"Av. Deniz Can K\u0131z\u0131l\" \/>\n<meta property=\"article:published_time\" content=\"2025-04-30T12:42:05+00:00\" \/>\n<meta name=\"author\" content=\"Antalya K\u00f6rfez\" \/>\n<meta name=\"twitter:card\" content=\"summary_large_image\" \/>\n<meta name=\"twitter:label1\" content=\"Written by\" \/>\n\t<meta name=\"twitter:data1\" content=\"Antalya K\u00f6rfez\" \/>\n\t<meta name=\"twitter:label2\" content=\"Estimated reading time\" \/>\n\t<meta name=\"twitter:data2\" content=\"3 minutes\" \/>\n<script type=\"application\/ld+json\" class=\"yoast-schema-graph\">{\"@context\":\"https:\/\/schema.org\",\"@graph\":[{\"@type\":\"Article\",\"@id\":\"http:\/\/denizcankizil.tr\/en\/haberler\/gundem\/antalyada-1-mayis-kutlamalari-nerede-ve-saat-kacta-baslayacak\/#article\",\"isPartOf\":{\"@id\":\"http:\/\/denizcankizil.tr\/en\/haberler\/gundem\/antalyada-1-mayis-kutlamalari-nerede-ve-saat-kacta-baslayacak\/\"},\"author\":{\"name\":\"Antalya K\u00f6rfez\",\"@id\":\"https:\/\/denizcankizil.tr\/de\/#\/schema\/person\/e1eb71bb4dd684d46563f0af307e1234\"},\"headline\":\"Antalya\u2019da 1 May\u0131s kutlamalar\u0131 nerede ve saat ka\u00e7ta ba\u015flayacak?\",\"datePublished\":\"2025-04-30T12:42:05+00:00\",\"mainEntityOfPage\":{\"@id\":\"http:\/\/denizcankizil.tr\/en\/haberler\/gundem\/antalyada-1-mayis-kutlamalari-nerede-ve-saat-kacta-baslayacak\/\"},\"wordCount\":660,\"publisher\":{\"@id\":\"https:\/\/denizcankizil.tr\/de\/#organization\"},\"articleSection\":[\"G\u00fcndem\"],\"inLanguage\":\"en-GB\"},{\"@type\":\"WebPage\",\"@id\":\"http:\/\/denizcankizil.tr\/en\/haberler\/gundem\/antalyada-1-mayis-kutlamalari-nerede-ve-saat-kacta-baslayacak\/\",\"url\":\"http:\/\/denizcankizil.tr\/en\/haberler\/gundem\/antalyada-1-mayis-kutlamalari-nerede-ve-saat-kacta-baslayacak\/\",\"name\":\"Antalya\u2019da 1 May\u0131s kutlamalar\u0131 nerede ve saat ka\u00e7ta ba\u015flayacak? - Av. Deniz Can K\u0131z\u0131l\",\"isPartOf\":{\"@id\":\"https:\/\/denizcankizil.tr\/de\/#website\"},\"datePublished\":\"2025-04-30T12:42:05+00:00\",\"breadcrumb\":{\"@id\":\"http:\/\/denizcankizil.tr\/en\/haberler\/gundem\/antalyada-1-mayis-kutlamalari-nerede-ve-saat-kacta-baslayacak\/#breadcrumb\"},\"inLanguage\":\"en-GB\",\"potentialAction\":[{\"@type\":\"ReadAction\",\"target\":[\"http:\/\/denizcankizil.tr\/en\/haberler\/gundem\/antalyada-1-mayis-kutlamalari-nerede-ve-saat-kacta-baslayacak\/\"]}]},{\"@type\":\"BreadcrumbList\",\"@id\":\"http:\/\/denizcankizil.tr\/en\/haberler\/gundem\/antalyada-1-mayis-kutlamalari-nerede-ve-saat-kacta-baslayacak\/#breadcrumb\",\"itemListElement\":[{\"@type\":\"ListItem\",\"position\":1,\"name\":\"Home\",\"item\":\"https:\/\/denizcankizil.tr\/de\/\"},{\"@type\":\"ListItem\",\"position\":2,\"name\":\"Antalya\u2019da 1 May\u0131s kutlamalar\u0131 nerede ve saat ka\u00e7ta ba\u015flayacak?\"}]},{\"@type\":\"WebSite\",\"@id\":\"https:\/\/denizcankizil.tr\/de\/#website\",\"url\":\"https:\/\/denizcankizil.tr\/de\/\",\"name\":\"Av. Deniz Can K\u0131z\u0131l\",\"description\":\"Avukat Deniz Can K\u0131z\u0131l Antalya Barosu\",\"publisher\":{\"@id\":\"https:\/\/denizcankizil.tr\/de\/#organization\"},\"potentialAction\":[{\"@type\":\"SearchAction\",\"target\":{\"@type\":\"EntryPoint\",\"urlTemplate\":\"https:\/\/denizcankizil.tr\/de\/?s={search_term_string}\"},\"query-input\":{\"@type\":\"PropertyValueSpecification\",\"valueRequired\":true,\"valueName\":\"search_term_string\"}}],\"inLanguage\":\"en-GB\"},{\"@type\":\"Organization\",\"@id\":\"https:\/\/denizcankizil.tr\/de\/#organization\",\"name\":\"Av. Deniz Can K\u0131z\u0131l\",\"url\":\"https:\/\/denizcankizil.tr\/de\/\",\"logo\":{\"@type\":\"ImageObject\",\"inLanguage\":\"en-GB\",\"@id\":\"https:\/\/denizcankizil.tr\/de\/#\/schema\/logo\/image\/\",\"url\":\"http:\/\/denizcankizil.tr\/wp-content\/uploads\/2024\/10\/siyah-logo-svg.svg\",\"contentUrl\":\"http:\/\/denizcankizil.tr\/wp-content\/uploads\/2024\/10\/siyah-logo-svg.svg\",\"width\":1080,\"height\":1080,\"caption\":\"Av. Deniz Can K\u0131z\u0131l\"},\"image\":{\"@id\":\"https:\/\/denizcankizil.tr\/de\/#\/schema\/logo\/image\/\"}},{\"@type\":\"Person\",\"@id\":\"https:\/\/denizcankizil.tr\/de\/#\/schema\/person\/e1eb71bb4dd684d46563f0af307e1234\",\"name\":\"Antalya K\u00f6rfez\",\"image\":{\"@type\":\"ImageObject\",\"inLanguage\":\"en-GB\",\"@id\":\"https:\/\/denizcankizil.tr\/de\/#\/schema\/person\/image\/\",\"url\":\"https:\/\/secure.gravatar.com\/avatar\/42b01982558a48a0b501fdcab6a408d3717ea5919095ee2e67b0e521799c5905?s=96&d=mm&r=g\",\"contentUrl\":\"https:\/\/secure.gravatar.com\/avatar\/42b01982558a48a0b501fdcab6a408d3717ea5919095ee2e67b0e521799c5905?s=96&d=mm&r=g\",\"caption\":\"Antalya K\u00f6rfez\"},\"sameAs\":[\"http:\/\/www.antalyakorfez.com\"],\"url\":\"https:\/\/www.antalyakorfez.com\/antalyada-1-mayis-kutlamalari-nerede-ve-saat-kacta-baslayacak\"}]}<\/script>\n<!-- \/ Yoast SEO Premium plugin. -->","yoast_head_json":{"title":"Antalya\u2019da 1 May\u0131s kutlamalar\u0131 nerede ve saat ka\u00e7ta ba\u015flayacak? - Av. Deniz Can K\u0131z\u0131l","robots":{"index":"index","follow":"follow","max-snippet":"max-snippet:-1","max-image-preview":"max-image-preview:large","max-video-preview":"max-video-preview:-1"},"canonical":"http:\/\/denizcankizil.tr\/en\/haberler\/gundem\/antalyada-1-mayis-kutlamalari-nerede-ve-saat-kacta-baslayacak\/","og_locale":"en_GB","og_type":"article","og_title":"Antalya\u2019da 1 May\u0131s kutlamalar\u0131 nerede ve saat ka\u00e7ta ba\u015flayacak?","og_description":"Antalya\u2019da 1 May\u0131s kutlamalar\u0131 yar\u0131n saat 15.00\u2019da i\u015f\u00e7i sendikalar\u0131 ba\u015fta olmak \u00fczere, siyasi partiler, dernek ve STK\u2019lardan olu\u015fturaca\u011f\u0131 b\u00fcy\u00fck kortej ile ba\u015flayacak. Y\u00fcr\u00fcy\u00fc\u015fler, Konyaalt\u0131 Caddesi\u2019nde yer alan m\u00fcze \u00f6n\u00fcnde ba\u015flanacak ve Cumhuriyet Meydan\u0131\u2019nda s\u0131n bulacak. T\u00dcRK-\u0130\u015e VE D\u0130SK EN \u00d6NDE OLACAK T\u00dcRK \u0130\u015e,\u202fD\u0130SK,\u202fKESK, Birle\u015fik Kamu \u0130\u015f, T\u00fcrk Tabipler Birli\u011fi (TTB) ve T\u00fcrk M\u00fchendis ve Mimar Odalar\u0131 Birli\u011fi (TTB)\u202fAntalya\u202f\u015fubeleri taraf\u0131ndan olu\u015fturulan\u202f1 May\u0131s Tertip Komitesi, yar\u0131n kutlan\u0131lacak olan 1 May\u0131s Emek ve Dayan\u0131\u015fma G\u00fcn\u00fc\u2019ne haz\u0131r. D\u0130SK Akdeniz B\u00f6lge Temsilcisi ve Genel-\u0130\u015f Antalya \u015eube Ba\u015fkan\u0131 Vedat K\u00fc\u00e7\u00fck, 1 May\u0131s Emek ve Dayan\u0131\u015fma G\u00fcn\u00fc\u2019nde geni\u015f halk kitlelerinin meydanlarda olaca\u011f\u0131n\u0131 kaydetti. K\u00fc\u00e7\u00fck, \u201cBiz kazanaca\u011f\u0131z. Biz bu \u00fclkenin t\u00fcm de\u011fer ve g\u00fczelliklerini \u00fcreten milyonlarla bu \u00fclkenin ger\u00e7ek sahipleriyiz. Biz \u00f6rg\u00fctl\u00fc oldu\u011fumuzda, birlik oldu\u011fumuzda, bizden b\u00fcy\u00fck g\u00fc\u00e7 yok. O nedenle bir avu\u00e7 sermaye ve iktidar sahibi kaybedecek; biz kazanaca\u011f\u0131z, halk kazanacak\u201d dedi. UCUZ \u0130\u015eG\u00dcC\u00dc DEPOSU K\u00fc\u00e7\u00fck b\u00fct\u00fcn Antalyal\u0131lar\u0131n yar\u0131n olacak 1 May\u0131s kutlamalar\u0131na davet ederek, \u201cBiz kazand\u0131\u011f\u0131m\u0131zda \u00fclkeyi ucuz i\u015fg\u00fcc\u00fc deposu ve yerinden yurdundan ettikleri milyonlarca \u00e7aresiz s\u0131\u011f\u0131nmac\u0131 i\u00e7in hapishane haline getirmek isteyen emperyalistler kaybedecek ama halk kazanacak. Biz kazand\u0131\u011f\u0131m\u0131zda her alanda ayr\u0131mc\u0131l\u0131\u011f\u0131 ve cinsiyet\u00e7ili\u011fi normalle\u015ftirmeye \u00e7al\u0131\u015fanlar kaybedecek ama e\u015fitlik kazanacak. Biz kazand\u0131\u011f\u0131m\u0131zda, demokrasi kazanacak, adalet kazanacak, bar\u0131\u015f kazanacak, karde\u015flik kazanacak, emek kazanacak, bu \u00fclke, bu halk &hellip;","og_url":"http:\/\/denizcankizil.tr\/en\/haberler\/gundem\/antalyada-1-mayis-kutlamalari-nerede-ve-saat-kacta-baslayacak\/","og_site_name":"Av. Deniz Can K\u0131z\u0131l","article_published_time":"2025-04-30T12:42:05+00:00","author":"Antalya K\u00f6rfez","twitter_card":"summary_large_image","twitter_misc":{"Written by":"Antalya K\u00f6rfez","Estimated reading time":"3 minutes"},"schema":{"@context":"https:\/\/schema.org","@graph":[{"@type":"Article","@id":"http:\/\/denizcankizil.tr\/en\/haberler\/gundem\/antalyada-1-mayis-kutlamalari-nerede-ve-saat-kacta-baslayacak\/#article","isPartOf":{"@id":"http:\/\/denizcankizil.tr\/en\/haberler\/gundem\/antalyada-1-mayis-kutlamalari-nerede-ve-saat-kacta-baslayacak\/"},"author":{"name":"Antalya K\u00f6rfez","@id":"https:\/\/denizcankizil.tr\/de\/#\/schema\/person\/e1eb71bb4dd684d46563f0af307e1234"},"headline":"Antalya\u2019da 1 May\u0131s kutlamalar\u0131 nerede ve saat ka\u00e7ta ba\u015flayacak?","datePublished":"2025-04-30T12:42:05+00:00","mainEntityOfPage":{"@id":"http:\/\/denizcankizil.tr\/en\/haberler\/gundem\/antalyada-1-mayis-kutlamalari-nerede-ve-saat-kacta-baslayacak\/"},"wordCount":660,"publisher":{"@id":"https:\/\/denizcankizil.tr\/de\/#organization"},"articleSection":["G\u00fcndem"],"inLanguage":"en-GB"},{"@type":"WebPage","@id":"http:\/\/denizcankizil.tr\/en\/haberler\/gundem\/antalyada-1-mayis-kutlamalari-nerede-ve-saat-kacta-baslayacak\/","url":"http:\/\/denizcankizil.tr\/en\/haberler\/gundem\/antalyada-1-mayis-kutlamalari-nerede-ve-saat-kacta-baslayacak\/","name":"Antalya\u2019da 1 May\u0131s kutlamalar\u0131 nerede ve saat ka\u00e7ta ba\u015flayacak? - Av. Deniz Can K\u0131z\u0131l","isPartOf":{"@id":"https:\/\/denizcankizil.tr\/de\/#website"},"datePublished":"2025-04-30T12:42:05+00:00","breadcrumb":{"@id":"http:\/\/denizcankizil.tr\/en\/haberler\/gundem\/antalyada-1-mayis-kutlamalari-nerede-ve-saat-kacta-baslayacak\/#breadcrumb"},"inLanguage":"en-GB","potentialAction":[{"@type":"ReadAction","target":["http:\/\/denizcankizil.tr\/en\/haberler\/gundem\/antalyada-1-mayis-kutlamalari-nerede-ve-saat-kacta-baslayacak\/"]}]},{"@type":"BreadcrumbList","@id":"http:\/\/denizcankizil.tr\/en\/haberler\/gundem\/antalyada-1-mayis-kutlamalari-nerede-ve-saat-kacta-baslayacak\/#breadcrumb","itemListElement":[{"@type":"ListItem","position":1,"name":"Home","item":"https:\/\/denizcankizil.tr\/de\/"},{"@type":"ListItem","position":2,"name":"Antalya\u2019da 1 May\u0131s kutlamalar\u0131 nerede ve saat ka\u00e7ta ba\u015flayacak?"}]},{"@type":"WebSite","@id":"https:\/\/denizcankizil.tr\/de\/#website","url":"https:\/\/denizcankizil.tr\/de\/","name":"Av. Deniz Can K\u0131z\u0131l","description":"Avukat Deniz Can K\u0131z\u0131l Antalya Barosu","publisher":{"@id":"https:\/\/denizcankizil.tr\/de\/#organization"},"potentialAction":[{"@type":"SearchAction","target":{"@type":"EntryPoint","urlTemplate":"https:\/\/denizcankizil.tr\/de\/?s={search_term_string}"},"query-input":{"@type":"PropertyValueSpecification","valueRequired":true,"valueName":"search_term_string"}}],"inLanguage":"en-GB"},{"@type":"Organization","@id":"https:\/\/denizcankizil.tr\/de\/#organization","name":"Av. Deniz Can K\u0131z\u0131l","url":"https:\/\/denizcankizil.tr\/de\/","logo":{"@type":"ImageObject","inLanguage":"en-GB","@id":"https:\/\/denizcankizil.tr\/de\/#\/schema\/logo\/image\/","url":"http:\/\/denizcankizil.tr\/wp-content\/uploads\/2024\/10\/siyah-logo-svg.svg","contentUrl":"http:\/\/denizcankizil.tr\/wp-content\/uploads\/2024\/10\/siyah-logo-svg.svg","width":1080,"height":1080,"caption":"Av. Deniz Can K\u0131z\u0131l"},"image":{"@id":"https:\/\/denizcankizil.tr\/de\/#\/schema\/logo\/image\/"}},{"@type":"Person","@id":"https:\/\/denizcankizil.tr\/de\/#\/schema\/person\/e1eb71bb4dd684d46563f0af307e1234","name":"Antalya K\u00f6rfez","image":{"@type":"ImageObject","inLanguage":"en-GB","@id":"https:\/\/denizcankizil.tr\/de\/#\/schema\/person\/image\/","url":"https:\/\/secure.gravatar.com\/avatar\/42b01982558a48a0b501fdcab6a408d3717ea5919095ee2e67b0e521799c5905?s=96&d=mm&r=g","contentUrl":"https:\/\/secure.gravatar.com\/avatar\/42b01982558a48a0b501fdcab6a408d3717ea5919095ee2e67b0e521799c5905?s=96&d=mm&r=g","caption":"Antalya K\u00f6rfez"},"sameAs":["http:\/\/www.antalyakorfez.com"],"url":"https:\/\/www.antalyakorfez.com\/antalyada-1-mayis-kutlamalari-nerede-ve-saat-kacta-baslayacak"}]}},"_links":{"self":[{"href":"http:\/\/denizcankizil.tr\/en\/wp-json\/wp\/v2\/posts\/71528","targetHints":{"allow":["GET"]}}],"collection":[{"href":"http:\/\/denizcankizil.tr\/en\/wp-json\/wp\/v2\/posts"}],"about":[{"href":"http:\/\/denizcankizil.tr\/en\/wp-json\/wp\/v2\/types\/post"}],"author":[{"embeddable":true,"href":"http:\/\/denizcankizil.tr\/en\/wp-json\/wp\/v2\/users\/5"}],"replies":[{"embeddable":true,"href":"http:\/\/denizcankizil.tr\/en\/wp-json\/wp\/v2\/comments?post=71528"}],"version-history":[{"count":0,"href":"http:\/\/denizcankizil.tr\/en\/wp-json\/wp\/v2\/posts\/71528\/revisions"}],"wp:attachment":[{"href":"http:\/\/denizcankizil.tr\/en\/wp-json\/wp\/v2\/media?parent=71528"}],"wp:term":[{"taxonomy":"category","embeddable":true,"href":"http:\/\/denizcankizil.tr\/en\/wp-json\/wp\/v2\/categories?post=71528"},{"taxonomy":"post_tag","embeddable":true,"href":"http:\/\/denizcankizil.tr\/en\/wp-json\/wp\/v2\/tags?post=71528"}],"curies":[{"name":"wp","href":"https:\/\/api.w.org\/{rel}","templated":true}]}}