{"id":71238,"date":"2025-04-30T09:42:27","date_gmt":"2025-04-30T06:42:27","guid":{"rendered":"https:\/\/denizcankizil.tr\/uncategorized-tr\/bursadan-zirai-don-magduru-ciftciye-destek\/"},"modified":"2025-04-30T09:42:27","modified_gmt":"2025-04-30T06:42:27","slug":"bursadan-zirai-don-magduru-ciftciye-destek","status":"publish","type":"post","link":"http:\/\/denizcankizil.tr\/en\/haberler\/gundem\/bursadan-zirai-don-magduru-ciftciye-destek\/","title":{"rendered":"Bursa&#8217;dan &#8216;zirai don&#8217; ma\u011fduru \u00e7ift\u00e7iye destek"},"content":{"rendered":"<p>Ge\u00e7ti\u011fimiz hafta T\u00fcrkiye genelinde etkili olan zirai don felaketi sonras\u0131 Keles il\u00e7esinde incelemelerde bulunan Bursa B\u00fcy\u00fck\u015fehir Belediyesi yetkilileri, \u00e7ift\u00e7ilerin s\u0131k\u0131nt\u0131lar\u0131n\u0131 dinleyerek yap\u0131labilecek \u00e7al\u0131\u015fmalar hakk\u0131nda fikir al\u0131\u015fveri\u015finde bulundu.BURSA (\u0130GFA) &#8211; T\u00fcrkiye genelinde etkili olan zirai don felaketi sonras\u0131 bir\u00e7ok meyve ve tar\u0131m \u00fcr\u00fcn\u00fcnde ciddi kay\u0131plar ya\u015fan\u0131rken, Bursal\u0131 \u00e7ift\u00e7iler de ayn\u0131 durumdan ma\u011fdur oldu.<br \/>\nBursa B\u00fcy\u00fck\u015fehir Belediyesi K\u0131rsal Hizmetler Daire Ba\u015fkan\u0131 Ayhan Sars\u0131c\u0131, Muhtarl\u0131k \u0130\u015fleri \u015eube M\u00fcd\u00fcr\u00fc Barbaros Cihangir, Da\u011f \u0130l\u00e7eleri Koordinat\u00f6r\u00fc Ersin Ya\u015far da Kelesli muhtarlar ve \u00fcreticilerle bir araya gelerek zirai don sonras\u0131 ya\u015fanan durumu g\u00f6r\u00fc\u015ft\u00fc.<br \/>\nKeles Ziraat Odas\u0131 Ba\u015fkanl\u0131\u011f\u0131\u2019na ziyaret eden B\u00fcy\u00fck\u015fehir Belediyesi yetkilileri, yap\u0131labilecek ortak \u00e7al\u0131\u015fmalar ve desteklemeler hakk\u0131nda fikir al\u0131\u015fveri\u015finde bulurdu.<br \/>\nMeyve bah\u00e7elerini de gezen yetkililer, zirai donun etkileri yerinde g\u00f6rerek \u00e7ift\u00e7ilerle durum de\u011ferlendirmesi yapt\u0131.<\/p>\n<p>\u200bGe\u00e7ti\u011fimiz hafta T\u00fcrkiye genelinde etkili olan zirai don felaketi sonras\u0131 Keles il\u00e7esinde incelemelerde bulunan Bursa B\u00fcy\u00fck\u015fehir Belediyesi yetkilileri, \u00e7ift\u00e7ilerin s\u0131k\u0131nt\u0131lar\u0131n\u0131 dinleyerek yap\u0131labilecek \u00e7al\u0131\u015fmalar hakk\u0131nda fikir al\u0131\u015fveri\u015finde bulundu.BURSA (\u0130GFA) &#8211; T\u00fcrkiye genelinde etkili olan zirai don felaketi sonras\u0131 bir\u00e7ok meyve ve tar\u0131m \u00fcr\u00fcn\u00fcnde ciddi kay\u0131plar ya\u015fan\u0131rken, Bursal\u0131 \u00e7ift\u00e7iler de ayn\u0131 durumdan ma\u011fdur oldu.<br \/>\nBursa B\u00fcy\u00fck\u015fehir Belediyesi K\u0131rsal Hizmetler Daire Ba\u015fkan\u0131 Ayhan Sars\u0131c\u0131, Muhtarl\u0131k \u0130\u015fleri \u015eube M\u00fcd\u00fcr\u00fc Barbaros Cihangir, Da\u011f \u0130l\u00e7eleri Koordinat\u00f6r\u00fc Ersin Ya\u015far da Kelesli muhtarlar ve \u00fcreticilerle bir araya gelerek zirai don sonras\u0131 ya\u015fanan durumu g\u00f6r\u00fc\u015ft\u00fc.<br \/>\nKeles Ziraat Odas\u0131 Ba\u015fkanl\u0131\u011f\u0131\u2019na ziyaret eden B\u00fcy\u00fck\u015fehir Belediyesi yetkilileri, yap\u0131labilecek ortak \u00e7al\u0131\u015fmalar ve desteklemeler hakk\u0131nda fikir al\u0131\u015fveri\u015finde bulurdu.<br \/>\nMeyve bah\u00e7elerini de gezen yetkililer, zirai donun etkileri yerinde g\u00f6rerek \u00e7ift\u00e7ilerle durum de\u011ferlendirmesi yapt\u0131.\u00a0<\/p>\n<p>\u200bHaberin Al\u0131nt\u0131land\u0131\u011f\u0131 Kaynak: www.iskenderun.org<\/p>","protected":false},"excerpt":{"rendered":"<p>Ge\u00e7ti\u011fimiz hafta T\u00fcrkiye genelinde etkili olan zirai don felaketi sonras\u0131 Keles il\u00e7esinde incelemelerde bulunan Bursa B\u00fcy\u00fck\u015fehir Belediyesi yetkilileri, \u00e7ift\u00e7ilerin s\u0131k\u0131nt\u0131lar\u0131n\u0131 dinleyerek yap\u0131labilecek \u00e7al\u0131\u015fmalar hakk\u0131nda fikir al\u0131\u015fveri\u015finde bulundu.BURSA (\u0130GFA) &#8211; T\u00fcrkiye genelinde etkili olan zirai don felaketi sonras\u0131 bir\u00e7ok meyve ve tar\u0131m \u00fcr\u00fcn\u00fcnde ciddi kay\u0131plar ya\u015fan\u0131rken, Bursal\u0131 \u00e7ift\u00e7iler de ayn\u0131 durumdan ma\u011fdur oldu. Bursa B\u00fcy\u00fck\u015fehir Belediyesi K\u0131rsal Hizmetler Daire Ba\u015fkan\u0131 Ayhan Sars\u0131c\u0131, Muhtarl\u0131k \u0130\u015fleri \u015eube M\u00fcd\u00fcr\u00fc Barbaros Cihangir, Da\u011f \u0130l\u00e7eleri Koordinat\u00f6r\u00fc Ersin Ya\u015far da Kelesli muhtarlar ve \u00fcreticilerle bir araya gelerek zirai don sonras\u0131 ya\u015fanan durumu g\u00f6r\u00fc\u015ft\u00fc. Keles Ziraat Odas\u0131 Ba\u015fkanl\u0131\u011f\u0131\u2019na ziyaret eden B\u00fcy\u00fck\u015fehir Belediyesi yetkilileri, yap\u0131labilecek ortak \u00e7al\u0131\u015fmalar ve desteklemeler hakk\u0131nda fikir al\u0131\u015fveri\u015finde bulurdu. Meyve bah\u00e7elerini de gezen yetkililer, zirai donun etkileri yerinde g\u00f6rerek \u00e7ift\u00e7ilerle durum de\u011ferlendirmesi yapt\u0131. \u200bGe\u00e7ti\u011fimiz hafta T\u00fcrkiye genelinde etkili olan zirai don felaketi sonras\u0131 Keles il\u00e7esinde incelemelerde bulunan Bursa B\u00fcy\u00fck\u015fehir Belediyesi yetkilileri, \u00e7ift\u00e7ilerin s\u0131k\u0131nt\u0131lar\u0131n\u0131 dinleyerek yap\u0131labilecek \u00e7al\u0131\u015fmalar hakk\u0131nda fikir al\u0131\u015fveri\u015finde bulundu.BURSA (\u0130GFA) &#8211; T\u00fcrkiye genelinde etkili olan zirai don felaketi sonras\u0131 bir\u00e7ok meyve ve tar\u0131m \u00fcr\u00fcn\u00fcnde ciddi kay\u0131plar ya\u015fan\u0131rken, Bursal\u0131 \u00e7ift\u00e7iler de ayn\u0131 durumdan ma\u011fdur oldu. Bursa B\u00fcy\u00fck\u015fehir Belediyesi K\u0131rsal Hizmetler Daire Ba\u015fkan\u0131 Ayhan Sars\u0131c\u0131, Muhtarl\u0131k \u0130\u015fleri \u015eube M\u00fcd\u00fcr\u00fc Barbaros Cihangir, Da\u011f \u0130l\u00e7eleri Koordinat\u00f6r\u00fc Ersin Ya\u015far da Kelesli muhtarlar ve \u00fcreticilerle bir araya gelerek zirai don &hellip;<\/p>","protected":false},"author":1,"featured_media":0,"comment_status":"","ping_status":"open","sticky":false,"template":"","format":"standard","meta":{"_acf_changed":false,"footnotes":""},"categories":[24],"tags":[],"class_list":["post-71238","post","type-post","status-publish","format-standard","has-post-thumbnail","hentry","category-gundem"],"acf":[],"yoast_head":"<!-- This site is optimized with the Yoast SEO Premium plugin v26.6 (Yoast SEO v27.1.1) - https:\/\/yoast.com\/product\/yoast-seo-premium-wordpress\/ -->\n<title>Bursa&#039;dan &#039;zirai don&#039; ma\u011fduru \u00e7ift\u00e7iye destek - Av. Deniz Can K\u0131z\u0131l<\/title>\n<meta name=\"robots\" content=\"index, follow, max-snippet:-1, max-image-preview:large, max-video-preview:-1\" \/>\n<link rel=\"canonical\" href=\"http:\/\/denizcankizil.tr\/en\/haberler\/gundem\/bursadan-zirai-don-magduru-ciftciye-destek\/\" \/>\n<meta property=\"og:locale\" content=\"en_GB\" \/>\n<meta property=\"og:type\" content=\"article\" \/>\n<meta property=\"og:title\" content=\"Bursa&#039;dan &#039;zirai don&#039; ma\u011fduru \u00e7ift\u00e7iye destek\" \/>\n<meta property=\"og:description\" content=\"Ge\u00e7ti\u011fimiz hafta T\u00fcrkiye genelinde etkili olan zirai don felaketi sonras\u0131 Keles il\u00e7esinde incelemelerde bulunan Bursa B\u00fcy\u00fck\u015fehir Belediyesi yetkilileri, \u00e7ift\u00e7ilerin s\u0131k\u0131nt\u0131lar\u0131n\u0131 dinleyerek yap\u0131labilecek \u00e7al\u0131\u015fmalar hakk\u0131nda fikir al\u0131\u015fveri\u015finde bulundu.BURSA (\u0130GFA) &#8211; T\u00fcrkiye genelinde etkili olan zirai don felaketi sonras\u0131 bir\u00e7ok meyve ve tar\u0131m \u00fcr\u00fcn\u00fcnde ciddi kay\u0131plar ya\u015fan\u0131rken, Bursal\u0131 \u00e7ift\u00e7iler de ayn\u0131 durumdan ma\u011fdur oldu. Bursa B\u00fcy\u00fck\u015fehir Belediyesi K\u0131rsal Hizmetler Daire Ba\u015fkan\u0131 Ayhan Sars\u0131c\u0131, Muhtarl\u0131k \u0130\u015fleri \u015eube M\u00fcd\u00fcr\u00fc Barbaros Cihangir, Da\u011f \u0130l\u00e7eleri Koordinat\u00f6r\u00fc Ersin Ya\u015far da Kelesli muhtarlar ve \u00fcreticilerle bir araya gelerek zirai don sonras\u0131 ya\u015fanan durumu g\u00f6r\u00fc\u015ft\u00fc. Keles Ziraat Odas\u0131 Ba\u015fkanl\u0131\u011f\u0131\u2019na ziyaret eden B\u00fcy\u00fck\u015fehir Belediyesi yetkilileri, yap\u0131labilecek ortak \u00e7al\u0131\u015fmalar ve desteklemeler hakk\u0131nda fikir al\u0131\u015fveri\u015finde bulurdu. Meyve bah\u00e7elerini de gezen yetkililer, zirai donun etkileri yerinde g\u00f6rerek \u00e7ift\u00e7ilerle durum de\u011ferlendirmesi yapt\u0131. \u200bGe\u00e7ti\u011fimiz hafta T\u00fcrkiye genelinde etkili olan zirai don felaketi sonras\u0131 Keles il\u00e7esinde incelemelerde bulunan Bursa B\u00fcy\u00fck\u015fehir Belediyesi yetkilileri, \u00e7ift\u00e7ilerin s\u0131k\u0131nt\u0131lar\u0131n\u0131 dinleyerek yap\u0131labilecek \u00e7al\u0131\u015fmalar hakk\u0131nda fikir al\u0131\u015fveri\u015finde bulundu.BURSA (\u0130GFA) &#8211; T\u00fcrkiye genelinde etkili olan zirai don felaketi sonras\u0131 bir\u00e7ok meyve ve tar\u0131m \u00fcr\u00fcn\u00fcnde ciddi kay\u0131plar ya\u015fan\u0131rken, Bursal\u0131 \u00e7ift\u00e7iler de ayn\u0131 durumdan ma\u011fdur oldu. Bursa B\u00fcy\u00fck\u015fehir Belediyesi K\u0131rsal Hizmetler Daire Ba\u015fkan\u0131 Ayhan Sars\u0131c\u0131, Muhtarl\u0131k \u0130\u015fleri \u015eube M\u00fcd\u00fcr\u00fc Barbaros Cihangir, Da\u011f \u0130l\u00e7eleri Koordinat\u00f6r\u00fc Ersin Ya\u015far da Kelesli muhtarlar ve \u00fcreticilerle bir araya gelerek zirai don &hellip;\" \/>\n<meta property=\"og:url\" content=\"http:\/\/denizcankizil.tr\/en\/haberler\/gundem\/bursadan-zirai-don-magduru-ciftciye-destek\/\" \/>\n<meta property=\"og:site_name\" content=\"Av. Deniz Can K\u0131z\u0131l\" \/>\n<meta property=\"article:published_time\" content=\"2025-04-30T06:42:27+00:00\" \/>\n<meta name=\"author\" content=\"admin\" \/>\n<meta name=\"twitter:card\" content=\"summary_large_image\" \/>\n<meta name=\"twitter:label1\" content=\"Written by\" \/>\n\t<meta name=\"twitter:data1\" content=\"admin\" \/>\n\t<meta name=\"twitter:label2\" content=\"Estimated reading time\" \/>\n\t<meta name=\"twitter:data2\" content=\"2 minutes\" \/>\n<script type=\"application\/ld+json\" class=\"yoast-schema-graph\">{\"@context\":\"https:\/\/schema.org\",\"@graph\":[{\"@type\":\"Article\",\"@id\":\"http:\/\/denizcankizil.tr\/en\/haberler\/gundem\/bursadan-zirai-don-magduru-ciftciye-destek\/#article\",\"isPartOf\":{\"@id\":\"http:\/\/denizcankizil.tr\/en\/haberler\/gundem\/bursadan-zirai-don-magduru-ciftciye-destek\/\"},\"author\":{\"name\":\"admin\",\"@id\":\"https:\/\/denizcankizil.tr\/#\/schema\/person\/be3c05fe6a12686905512445d8185489\"},\"headline\":\"Bursa&#8217;dan &#8216;zirai don&#8217; ma\u011fduru \u00e7ift\u00e7iye destek\",\"datePublished\":\"2025-04-30T06:42:27+00:00\",\"mainEntityOfPage\":{\"@id\":\"http:\/\/denizcankizil.tr\/en\/haberler\/gundem\/bursadan-zirai-don-magduru-ciftciye-destek\/\"},\"wordCount\":367,\"publisher\":{\"@id\":\"https:\/\/denizcankizil.tr\/#organization\"},\"articleSection\":[\"G\u00fcndem\"],\"inLanguage\":\"en-GB\"},{\"@type\":\"WebPage\",\"@id\":\"http:\/\/denizcankizil.tr\/en\/haberler\/gundem\/bursadan-zirai-don-magduru-ciftciye-destek\/\",\"url\":\"http:\/\/denizcankizil.tr\/en\/haberler\/gundem\/bursadan-zirai-don-magduru-ciftciye-destek\/\",\"name\":\"Bursa'dan 'zirai don' ma\u011fduru \u00e7ift\u00e7iye destek - Av. Deniz Can K\u0131z\u0131l\",\"isPartOf\":{\"@id\":\"https:\/\/denizcankizil.tr\/#website\"},\"datePublished\":\"2025-04-30T06:42:27+00:00\",\"breadcrumb\":{\"@id\":\"http:\/\/denizcankizil.tr\/en\/haberler\/gundem\/bursadan-zirai-don-magduru-ciftciye-destek\/#breadcrumb\"},\"inLanguage\":\"en-GB\",\"potentialAction\":[{\"@type\":\"ReadAction\",\"target\":[\"http:\/\/denizcankizil.tr\/en\/haberler\/gundem\/bursadan-zirai-don-magduru-ciftciye-destek\/\"]}]},{\"@type\":\"BreadcrumbList\",\"@id\":\"http:\/\/denizcankizil.tr\/en\/haberler\/gundem\/bursadan-zirai-don-magduru-ciftciye-destek\/#breadcrumb\",\"itemListElement\":[{\"@type\":\"ListItem\",\"position\":1,\"name\":\"Home\",\"item\":\"https:\/\/denizcankizil.tr\/de\/\"},{\"@type\":\"ListItem\",\"position\":2,\"name\":\"Bursa&#8217;dan &#8216;zirai don&#8217; ma\u011fduru \u00e7ift\u00e7iye destek\"}]},{\"@type\":\"WebSite\",\"@id\":\"https:\/\/denizcankizil.tr\/#website\",\"url\":\"https:\/\/denizcankizil.tr\/\",\"name\":\"Av. Deniz Can K\u0131z\u0131l\",\"description\":\"Avukat Deniz Can K\u0131z\u0131l Antalya Barosu\",\"publisher\":{\"@id\":\"https:\/\/denizcankizil.tr\/#organization\"},\"potentialAction\":[{\"@type\":\"SearchAction\",\"target\":{\"@type\":\"EntryPoint\",\"urlTemplate\":\"https:\/\/denizcankizil.tr\/?s={search_term_string}\"},\"query-input\":{\"@type\":\"PropertyValueSpecification\",\"valueRequired\":true,\"valueName\":\"search_term_string\"}}],\"inLanguage\":\"en-GB\"},{\"@type\":\"Organization\",\"@id\":\"https:\/\/denizcankizil.tr\/#organization\",\"name\":\"Av. Deniz Can K\u0131z\u0131l\",\"url\":\"https:\/\/denizcankizil.tr\/\",\"logo\":{\"@type\":\"ImageObject\",\"inLanguage\":\"en-GB\",\"@id\":\"https:\/\/denizcankizil.tr\/#\/schema\/logo\/image\/\",\"url\":\"http:\/\/denizcankizil.tr\/wp-content\/uploads\/2024\/10\/siyah-logo-svg.svg\",\"contentUrl\":\"http:\/\/denizcankizil.tr\/wp-content\/uploads\/2024\/10\/siyah-logo-svg.svg\",\"width\":1080,\"height\":1080,\"caption\":\"Av. Deniz Can K\u0131z\u0131l\"},\"image\":{\"@id\":\"https:\/\/denizcankizil.tr\/#\/schema\/logo\/image\/\"}},{\"@type\":\"Person\",\"@id\":\"https:\/\/denizcankizil.tr\/#\/schema\/person\/be3c05fe6a12686905512445d8185489\",\"name\":\"admin\",\"image\":{\"@type\":\"ImageObject\",\"inLanguage\":\"en-GB\",\"@id\":\"https:\/\/denizcankizil.tr\/#\/schema\/person\/image\/\",\"url\":\"https:\/\/secure.gravatar.com\/avatar\/c1fce94c830dc79107e174f890d7210541c4a63e8e5d816341794a2151c9d58c?s=96&d=mm&r=g\",\"contentUrl\":\"https:\/\/secure.gravatar.com\/avatar\/c1fce94c830dc79107e174f890d7210541c4a63e8e5d816341794a2151c9d58c?s=96&d=mm&r=g\",\"caption\":\"admin\"},\"sameAs\":[\"http:\/\/denizcankizil.tr\"],\"url\":\"https:\/\/www.iskenderun.org\/bursadan-zirai-don-magduru-ciftciye-destek\"}]}<\/script>\n<!-- \/ Yoast SEO Premium plugin. -->","yoast_head_json":{"title":"Bursa'dan 'zirai don' ma\u011fduru \u00e7ift\u00e7iye destek - Av. Deniz Can K\u0131z\u0131l","robots":{"index":"index","follow":"follow","max-snippet":"max-snippet:-1","max-image-preview":"max-image-preview:large","max-video-preview":"max-video-preview:-1"},"canonical":"http:\/\/denizcankizil.tr\/en\/haberler\/gundem\/bursadan-zirai-don-magduru-ciftciye-destek\/","og_locale":"en_GB","og_type":"article","og_title":"Bursa'dan 'zirai don' ma\u011fduru \u00e7ift\u00e7iye destek","og_description":"Ge\u00e7ti\u011fimiz hafta T\u00fcrkiye genelinde etkili olan zirai don felaketi sonras\u0131 Keles il\u00e7esinde incelemelerde bulunan Bursa B\u00fcy\u00fck\u015fehir Belediyesi yetkilileri, \u00e7ift\u00e7ilerin s\u0131k\u0131nt\u0131lar\u0131n\u0131 dinleyerek yap\u0131labilecek \u00e7al\u0131\u015fmalar hakk\u0131nda fikir al\u0131\u015fveri\u015finde bulundu.BURSA (\u0130GFA) &#8211; T\u00fcrkiye genelinde etkili olan zirai don felaketi sonras\u0131 bir\u00e7ok meyve ve tar\u0131m \u00fcr\u00fcn\u00fcnde ciddi kay\u0131plar ya\u015fan\u0131rken, Bursal\u0131 \u00e7ift\u00e7iler de ayn\u0131 durumdan ma\u011fdur oldu. Bursa B\u00fcy\u00fck\u015fehir Belediyesi K\u0131rsal Hizmetler Daire Ba\u015fkan\u0131 Ayhan Sars\u0131c\u0131, Muhtarl\u0131k \u0130\u015fleri \u015eube M\u00fcd\u00fcr\u00fc Barbaros Cihangir, Da\u011f \u0130l\u00e7eleri Koordinat\u00f6r\u00fc Ersin Ya\u015far da Kelesli muhtarlar ve \u00fcreticilerle bir araya gelerek zirai don sonras\u0131 ya\u015fanan durumu g\u00f6r\u00fc\u015ft\u00fc. Keles Ziraat Odas\u0131 Ba\u015fkanl\u0131\u011f\u0131\u2019na ziyaret eden B\u00fcy\u00fck\u015fehir Belediyesi yetkilileri, yap\u0131labilecek ortak \u00e7al\u0131\u015fmalar ve desteklemeler hakk\u0131nda fikir al\u0131\u015fveri\u015finde bulurdu. Meyve bah\u00e7elerini de gezen yetkililer, zirai donun etkileri yerinde g\u00f6rerek \u00e7ift\u00e7ilerle durum de\u011ferlendirmesi yapt\u0131. \u200bGe\u00e7ti\u011fimiz hafta T\u00fcrkiye genelinde etkili olan zirai don felaketi sonras\u0131 Keles il\u00e7esinde incelemelerde bulunan Bursa B\u00fcy\u00fck\u015fehir Belediyesi yetkilileri, \u00e7ift\u00e7ilerin s\u0131k\u0131nt\u0131lar\u0131n\u0131 dinleyerek yap\u0131labilecek \u00e7al\u0131\u015fmalar hakk\u0131nda fikir al\u0131\u015fveri\u015finde bulundu.BURSA (\u0130GFA) &#8211; T\u00fcrkiye genelinde etkili olan zirai don felaketi sonras\u0131 bir\u00e7ok meyve ve tar\u0131m \u00fcr\u00fcn\u00fcnde ciddi kay\u0131plar ya\u015fan\u0131rken, Bursal\u0131 \u00e7ift\u00e7iler de ayn\u0131 durumdan ma\u011fdur oldu. Bursa B\u00fcy\u00fck\u015fehir Belediyesi K\u0131rsal Hizmetler Daire Ba\u015fkan\u0131 Ayhan Sars\u0131c\u0131, Muhtarl\u0131k \u0130\u015fleri \u015eube M\u00fcd\u00fcr\u00fc Barbaros Cihangir, Da\u011f \u0130l\u00e7eleri Koordinat\u00f6r\u00fc Ersin Ya\u015far da Kelesli muhtarlar ve \u00fcreticilerle bir araya gelerek zirai don &hellip;","og_url":"http:\/\/denizcankizil.tr\/en\/haberler\/gundem\/bursadan-zirai-don-magduru-ciftciye-destek\/","og_site_name":"Av. Deniz Can K\u0131z\u0131l","article_published_time":"2025-04-30T06:42:27+00:00","author":"admin","twitter_card":"summary_large_image","twitter_misc":{"Written by":"admin","Estimated reading time":"2 minutes"},"schema":{"@context":"https:\/\/schema.org","@graph":[{"@type":"Article","@id":"http:\/\/denizcankizil.tr\/en\/haberler\/gundem\/bursadan-zirai-don-magduru-ciftciye-destek\/#article","isPartOf":{"@id":"http:\/\/denizcankizil.tr\/en\/haberler\/gundem\/bursadan-zirai-don-magduru-ciftciye-destek\/"},"author":{"name":"admin","@id":"https:\/\/denizcankizil.tr\/#\/schema\/person\/be3c05fe6a12686905512445d8185489"},"headline":"Bursa&#8217;dan &#8216;zirai don&#8217; ma\u011fduru \u00e7ift\u00e7iye destek","datePublished":"2025-04-30T06:42:27+00:00","mainEntityOfPage":{"@id":"http:\/\/denizcankizil.tr\/en\/haberler\/gundem\/bursadan-zirai-don-magduru-ciftciye-destek\/"},"wordCount":367,"publisher":{"@id":"https:\/\/denizcankizil.tr\/#organization"},"articleSection":["G\u00fcndem"],"inLanguage":"en-GB"},{"@type":"WebPage","@id":"http:\/\/denizcankizil.tr\/en\/haberler\/gundem\/bursadan-zirai-don-magduru-ciftciye-destek\/","url":"http:\/\/denizcankizil.tr\/en\/haberler\/gundem\/bursadan-zirai-don-magduru-ciftciye-destek\/","name":"Bursa'dan 'zirai don' ma\u011fduru \u00e7ift\u00e7iye destek - Av. Deniz Can K\u0131z\u0131l","isPartOf":{"@id":"https:\/\/denizcankizil.tr\/#website"},"datePublished":"2025-04-30T06:42:27+00:00","breadcrumb":{"@id":"http:\/\/denizcankizil.tr\/en\/haberler\/gundem\/bursadan-zirai-don-magduru-ciftciye-destek\/#breadcrumb"},"inLanguage":"en-GB","potentialAction":[{"@type":"ReadAction","target":["http:\/\/denizcankizil.tr\/en\/haberler\/gundem\/bursadan-zirai-don-magduru-ciftciye-destek\/"]}]},{"@type":"BreadcrumbList","@id":"http:\/\/denizcankizil.tr\/en\/haberler\/gundem\/bursadan-zirai-don-magduru-ciftciye-destek\/#breadcrumb","itemListElement":[{"@type":"ListItem","position":1,"name":"Home","item":"https:\/\/denizcankizil.tr\/de\/"},{"@type":"ListItem","position":2,"name":"Bursa&#8217;dan &#8216;zirai don&#8217; ma\u011fduru \u00e7ift\u00e7iye destek"}]},{"@type":"WebSite","@id":"https:\/\/denizcankizil.tr\/#website","url":"https:\/\/denizcankizil.tr\/","name":"Av. Deniz Can K\u0131z\u0131l","description":"Avukat Deniz Can K\u0131z\u0131l Antalya Barosu","publisher":{"@id":"https:\/\/denizcankizil.tr\/#organization"},"potentialAction":[{"@type":"SearchAction","target":{"@type":"EntryPoint","urlTemplate":"https:\/\/denizcankizil.tr\/?s={search_term_string}"},"query-input":{"@type":"PropertyValueSpecification","valueRequired":true,"valueName":"search_term_string"}}],"inLanguage":"en-GB"},{"@type":"Organization","@id":"https:\/\/denizcankizil.tr\/#organization","name":"Av. Deniz Can K\u0131z\u0131l","url":"https:\/\/denizcankizil.tr\/","logo":{"@type":"ImageObject","inLanguage":"en-GB","@id":"https:\/\/denizcankizil.tr\/#\/schema\/logo\/image\/","url":"http:\/\/denizcankizil.tr\/wp-content\/uploads\/2024\/10\/siyah-logo-svg.svg","contentUrl":"http:\/\/denizcankizil.tr\/wp-content\/uploads\/2024\/10\/siyah-logo-svg.svg","width":1080,"height":1080,"caption":"Av. Deniz Can K\u0131z\u0131l"},"image":{"@id":"https:\/\/denizcankizil.tr\/#\/schema\/logo\/image\/"}},{"@type":"Person","@id":"https:\/\/denizcankizil.tr\/#\/schema\/person\/be3c05fe6a12686905512445d8185489","name":"admin","image":{"@type":"ImageObject","inLanguage":"en-GB","@id":"https:\/\/denizcankizil.tr\/#\/schema\/person\/image\/","url":"https:\/\/secure.gravatar.com\/avatar\/c1fce94c830dc79107e174f890d7210541c4a63e8e5d816341794a2151c9d58c?s=96&d=mm&r=g","contentUrl":"https:\/\/secure.gravatar.com\/avatar\/c1fce94c830dc79107e174f890d7210541c4a63e8e5d816341794a2151c9d58c?s=96&d=mm&r=g","caption":"admin"},"sameAs":["http:\/\/denizcankizil.tr"],"url":"https:\/\/www.iskenderun.org\/bursadan-zirai-don-magduru-ciftciye-destek"}]}},"_links":{"self":[{"href":"http:\/\/denizcankizil.tr\/en\/wp-json\/wp\/v2\/posts\/71238","targetHints":{"allow":["GET"]}}],"collection":[{"href":"http:\/\/denizcankizil.tr\/en\/wp-json\/wp\/v2\/posts"}],"about":[{"href":"http:\/\/denizcankizil.tr\/en\/wp-json\/wp\/v2\/types\/post"}],"author":[{"embeddable":true,"href":"http:\/\/denizcankizil.tr\/en\/wp-json\/wp\/v2\/users\/1"}],"replies":[{"embeddable":true,"href":"http:\/\/denizcankizil.tr\/en\/wp-json\/wp\/v2\/comments?post=71238"}],"version-history":[{"count":0,"href":"http:\/\/denizcankizil.tr\/en\/wp-json\/wp\/v2\/posts\/71238\/revisions"}],"wp:attachment":[{"href":"http:\/\/denizcankizil.tr\/en\/wp-json\/wp\/v2\/media?parent=71238"}],"wp:term":[{"taxonomy":"category","embeddable":true,"href":"http:\/\/denizcankizil.tr\/en\/wp-json\/wp\/v2\/categories?post=71238"},{"taxonomy":"post_tag","embeddable":true,"href":"http:\/\/denizcankizil.tr\/en\/wp-json\/wp\/v2\/tags?post=71238"}],"curies":[{"name":"wp","href":"https:\/\/api.w.org\/{rel}","templated":true}]}}