{"id":70378,"date":"2025-04-29T14:42:35","date_gmt":"2025-04-29T11:42:35","guid":{"rendered":"https:\/\/denizcankizil.tr\/uncategorized-tr\/izmirde-akilli-kavsaklar-ile-akici-trafik\/"},"modified":"2025-04-29T14:42:35","modified_gmt":"2025-04-29T11:42:35","slug":"izmirde-akilli-kavsaklar-ile-akici-trafik","status":"publish","type":"post","link":"http:\/\/denizcankizil.tr\/en\/haberler\/gundem\/izmirde-akilli-kavsaklar-ile-akici-trafik\/","title":{"rendered":"\u0130zmir\u2019de \u201cak\u0131ll\u0131\u201d kav\u015faklar ile ak\u0131c\u0131 trafik"},"content":{"rendered":"<p>Kent genelinde \u0130zmir B\u00fcy\u00fck\u015fehir Belediyesi sorumlulu\u011fundaki 479 kav\u015fakta, Ak\u0131ll\u0131 Trafik Y\u00f6netim Sistemi kullan\u0131larak trafik daha ak\u0131c\u0131 hale getiriliyor.<\/p>\n<p>\u200bKent genelinde \u0130zmir B\u00fcy\u00fck\u015fehir Belediyesi sorumlulu\u011fundaki 479 kav\u015fakta, Ak\u0131ll\u0131 Trafik Y\u00f6netim Sistemi kullan\u0131larak trafik daha ak\u0131c\u0131 hale getiriliyor.\u00a0<\/p>\n<p>\u200bHaberin Al\u0131nt\u0131land\u0131\u011f\u0131 Kaynak: www.iskenderun.org<\/p>","protected":false},"excerpt":{"rendered":"<p>Kent genelinde \u0130zmir B\u00fcy\u00fck\u015fehir Belediyesi sorumlulu\u011fundaki 479 kav\u015fakta, Ak\u0131ll\u0131 Trafik Y\u00f6netim Sistemi kullan\u0131larak trafik daha ak\u0131c\u0131 hale getiriliyor. \u200bKent genelinde \u0130zmir B\u00fcy\u00fck\u015fehir Belediyesi sorumlulu\u011fundaki 479 kav\u015fakta, Ak\u0131ll\u0131 Trafik Y\u00f6netim Sistemi kullan\u0131larak trafik daha ak\u0131c\u0131 hale getiriliyor.\u00a0 \u200bHaberin Al\u0131nt\u0131land\u0131\u011f\u0131 Kaynak: www.iskenderun.org<\/p>","protected":false},"author":1,"featured_media":0,"comment_status":"","ping_status":"open","sticky":false,"template":"","format":"standard","meta":{"_acf_changed":false,"footnotes":""},"categories":[24],"tags":[],"class_list":["post-70378","post","type-post","status-publish","format-standard","has-post-thumbnail","hentry","category-gundem"],"acf":[],"yoast_head":"<!-- This site is optimized with the Yoast SEO Premium plugin v26.6 (Yoast SEO v27.1.1) - https:\/\/yoast.com\/product\/yoast-seo-premium-wordpress\/ -->\n<title>\u0130zmir\u2019de \u201cak\u0131ll\u0131\u201d kav\u015faklar ile ak\u0131c\u0131 trafik - Av. Deniz Can K\u0131z\u0131l<\/title>\n<meta name=\"robots\" content=\"index, follow, max-snippet:-1, max-image-preview:large, max-video-preview:-1\" \/>\n<link rel=\"canonical\" href=\"http:\/\/denizcankizil.tr\/en\/haberler\/gundem\/izmirde-akilli-kavsaklar-ile-akici-trafik\/\" \/>\n<meta property=\"og:locale\" content=\"en_GB\" \/>\n<meta property=\"og:type\" content=\"article\" \/>\n<meta property=\"og:title\" content=\"\u0130zmir\u2019de \u201cak\u0131ll\u0131\u201d kav\u015faklar ile ak\u0131c\u0131 trafik\" \/>\n<meta property=\"og:description\" content=\"Kent genelinde \u0130zmir B\u00fcy\u00fck\u015fehir Belediyesi sorumlulu\u011fundaki 479 kav\u015fakta, Ak\u0131ll\u0131 Trafik Y\u00f6netim Sistemi kullan\u0131larak trafik daha ak\u0131c\u0131 hale getiriliyor. \u200bKent genelinde \u0130zmir B\u00fcy\u00fck\u015fehir Belediyesi sorumlulu\u011fundaki 479 kav\u015fakta, Ak\u0131ll\u0131 Trafik Y\u00f6netim Sistemi kullan\u0131larak trafik daha ak\u0131c\u0131 hale getiriliyor.\u00a0 \u200bHaberin Al\u0131nt\u0131land\u0131\u011f\u0131 Kaynak: www.iskenderun.org\" \/>\n<meta property=\"og:url\" content=\"http:\/\/denizcankizil.tr\/en\/haberler\/gundem\/izmirde-akilli-kavsaklar-ile-akici-trafik\/\" \/>\n<meta property=\"og:site_name\" content=\"Av. Deniz Can K\u0131z\u0131l\" \/>\n<meta property=\"article:published_time\" content=\"2025-04-29T11:42:35+00:00\" \/>\n<meta name=\"author\" content=\"admin\" \/>\n<meta name=\"twitter:card\" content=\"summary_large_image\" \/>\n<meta name=\"twitter:label1\" content=\"Written by\" \/>\n\t<meta name=\"twitter:data1\" content=\"admin\" \/>\n<script type=\"application\/ld+json\" class=\"yoast-schema-graph\">{\"@context\":\"https:\/\/schema.org\",\"@graph\":[{\"@type\":\"Article\",\"@id\":\"http:\/\/denizcankizil.tr\/de\/haberler\/gundem\/izmirde-akilli-kavsaklar-ile-akici-trafik\/#article\",\"isPartOf\":{\"@id\":\"http:\/\/denizcankizil.tr\/de\/haberler\/gundem\/izmirde-akilli-kavsaklar-ile-akici-trafik\/\"},\"author\":{\"name\":\"admin\",\"@id\":\"https:\/\/denizcankizil.tr\/#\/schema\/person\/be3c05fe6a12686905512445d8185489\"},\"headline\":\"\u0130zmir\u2019de \u201cak\u0131ll\u0131\u201d kav\u015faklar ile ak\u0131c\u0131 trafik\",\"datePublished\":\"2025-04-29T11:42:35+00:00\",\"mainEntityOfPage\":{\"@id\":\"http:\/\/denizcankizil.tr\/de\/haberler\/gundem\/izmirde-akilli-kavsaklar-ile-akici-trafik\/\"},\"wordCount\":70,\"publisher\":{\"@id\":\"https:\/\/denizcankizil.tr\/#organization\"},\"articleSection\":[\"G\u00fcndem\"],\"inLanguage\":\"en-GB\"},{\"@type\":\"WebPage\",\"@id\":\"http:\/\/denizcankizil.tr\/de\/haberler\/gundem\/izmirde-akilli-kavsaklar-ile-akici-trafik\/\",\"url\":\"http:\/\/denizcankizil.tr\/de\/haberler\/gundem\/izmirde-akilli-kavsaklar-ile-akici-trafik\/\",\"name\":\"\u0130zmir\u2019de \u201cak\u0131ll\u0131\u201d kav\u015faklar ile ak\u0131c\u0131 trafik - Av. Deniz Can K\u0131z\u0131l\",\"isPartOf\":{\"@id\":\"https:\/\/denizcankizil.tr\/#website\"},\"datePublished\":\"2025-04-29T11:42:35+00:00\",\"breadcrumb\":{\"@id\":\"http:\/\/denizcankizil.tr\/de\/haberler\/gundem\/izmirde-akilli-kavsaklar-ile-akici-trafik\/#breadcrumb\"},\"inLanguage\":\"en-GB\",\"potentialAction\":[{\"@type\":\"ReadAction\",\"target\":[\"http:\/\/denizcankizil.tr\/de\/haberler\/gundem\/izmirde-akilli-kavsaklar-ile-akici-trafik\/\"]}]},{\"@type\":\"BreadcrumbList\",\"@id\":\"http:\/\/denizcankizil.tr\/de\/haberler\/gundem\/izmirde-akilli-kavsaklar-ile-akici-trafik\/#breadcrumb\",\"itemListElement\":[{\"@type\":\"ListItem\",\"position\":1,\"name\":\"Home\",\"item\":\"https:\/\/denizcankizil.tr\/de\/\"},{\"@type\":\"ListItem\",\"position\":2,\"name\":\"\u0130zmir\u2019de \u201cak\u0131ll\u0131\u201d kav\u015faklar ile ak\u0131c\u0131 trafik\"}]},{\"@type\":\"WebSite\",\"@id\":\"https:\/\/denizcankizil.tr\/#website\",\"url\":\"https:\/\/denizcankizil.tr\/\",\"name\":\"Av. Deniz Can K\u0131z\u0131l\",\"description\":\"Avukat Deniz Can K\u0131z\u0131l Antalya Barosu\",\"publisher\":{\"@id\":\"https:\/\/denizcankizil.tr\/#organization\"},\"potentialAction\":[{\"@type\":\"SearchAction\",\"target\":{\"@type\":\"EntryPoint\",\"urlTemplate\":\"https:\/\/denizcankizil.tr\/?s={search_term_string}\"},\"query-input\":{\"@type\":\"PropertyValueSpecification\",\"valueRequired\":true,\"valueName\":\"search_term_string\"}}],\"inLanguage\":\"en-GB\"},{\"@type\":\"Organization\",\"@id\":\"https:\/\/denizcankizil.tr\/#organization\",\"name\":\"Av. Deniz Can K\u0131z\u0131l\",\"url\":\"https:\/\/denizcankizil.tr\/\",\"logo\":{\"@type\":\"ImageObject\",\"inLanguage\":\"en-GB\",\"@id\":\"https:\/\/denizcankizil.tr\/#\/schema\/logo\/image\/\",\"url\":\"http:\/\/denizcankizil.tr\/wp-content\/uploads\/2024\/10\/siyah-logo-svg.svg\",\"contentUrl\":\"http:\/\/denizcankizil.tr\/wp-content\/uploads\/2024\/10\/siyah-logo-svg.svg\",\"width\":1080,\"height\":1080,\"caption\":\"Av. Deniz Can K\u0131z\u0131l\"},\"image\":{\"@id\":\"https:\/\/denizcankizil.tr\/#\/schema\/logo\/image\/\"}},{\"@type\":\"Person\",\"@id\":\"https:\/\/denizcankizil.tr\/#\/schema\/person\/be3c05fe6a12686905512445d8185489\",\"name\":\"admin\",\"image\":{\"@type\":\"ImageObject\",\"inLanguage\":\"en-GB\",\"@id\":\"https:\/\/denizcankizil.tr\/#\/schema\/person\/image\/\",\"url\":\"https:\/\/secure.gravatar.com\/avatar\/c1fce94c830dc79107e174f890d7210541c4a63e8e5d816341794a2151c9d58c?s=96&d=mm&r=g\",\"contentUrl\":\"https:\/\/secure.gravatar.com\/avatar\/c1fce94c830dc79107e174f890d7210541c4a63e8e5d816341794a2151c9d58c?s=96&d=mm&r=g\",\"caption\":\"admin\"},\"sameAs\":[\"http:\/\/denizcankizil.tr\"],\"url\":\"https:\/\/www.iskenderun.org\/izmirde-akilli-kavsaklar-ile-akici-trafik-1\"}]}<\/script>\n<!-- \/ Yoast SEO Premium plugin. -->","yoast_head_json":{"title":"\u0130zmir\u2019de \u201cak\u0131ll\u0131\u201d kav\u015faklar ile ak\u0131c\u0131 trafik - Av. Deniz Can K\u0131z\u0131l","robots":{"index":"index","follow":"follow","max-snippet":"max-snippet:-1","max-image-preview":"max-image-preview:large","max-video-preview":"max-video-preview:-1"},"canonical":"http:\/\/denizcankizil.tr\/en\/haberler\/gundem\/izmirde-akilli-kavsaklar-ile-akici-trafik\/","og_locale":"en_GB","og_type":"article","og_title":"\u0130zmir\u2019de \u201cak\u0131ll\u0131\u201d kav\u015faklar ile ak\u0131c\u0131 trafik","og_description":"Kent genelinde \u0130zmir B\u00fcy\u00fck\u015fehir Belediyesi sorumlulu\u011fundaki 479 kav\u015fakta, Ak\u0131ll\u0131 Trafik Y\u00f6netim Sistemi kullan\u0131larak trafik daha ak\u0131c\u0131 hale getiriliyor. \u200bKent genelinde \u0130zmir B\u00fcy\u00fck\u015fehir Belediyesi sorumlulu\u011fundaki 479 kav\u015fakta, Ak\u0131ll\u0131 Trafik Y\u00f6netim Sistemi kullan\u0131larak trafik daha ak\u0131c\u0131 hale getiriliyor.\u00a0 \u200bHaberin Al\u0131nt\u0131land\u0131\u011f\u0131 Kaynak: www.iskenderun.org","og_url":"http:\/\/denizcankizil.tr\/en\/haberler\/gundem\/izmirde-akilli-kavsaklar-ile-akici-trafik\/","og_site_name":"Av. Deniz Can K\u0131z\u0131l","article_published_time":"2025-04-29T11:42:35+00:00","author":"admin","twitter_card":"summary_large_image","twitter_misc":{"Written by":"admin"},"schema":{"@context":"https:\/\/schema.org","@graph":[{"@type":"Article","@id":"http:\/\/denizcankizil.tr\/de\/haberler\/gundem\/izmirde-akilli-kavsaklar-ile-akici-trafik\/#article","isPartOf":{"@id":"http:\/\/denizcankizil.tr\/de\/haberler\/gundem\/izmirde-akilli-kavsaklar-ile-akici-trafik\/"},"author":{"name":"admin","@id":"https:\/\/denizcankizil.tr\/#\/schema\/person\/be3c05fe6a12686905512445d8185489"},"headline":"\u0130zmir\u2019de \u201cak\u0131ll\u0131\u201d kav\u015faklar ile ak\u0131c\u0131 trafik","datePublished":"2025-04-29T11:42:35+00:00","mainEntityOfPage":{"@id":"http:\/\/denizcankizil.tr\/de\/haberler\/gundem\/izmirde-akilli-kavsaklar-ile-akici-trafik\/"},"wordCount":70,"publisher":{"@id":"https:\/\/denizcankizil.tr\/#organization"},"articleSection":["G\u00fcndem"],"inLanguage":"en-GB"},{"@type":"WebPage","@id":"http:\/\/denizcankizil.tr\/de\/haberler\/gundem\/izmirde-akilli-kavsaklar-ile-akici-trafik\/","url":"http:\/\/denizcankizil.tr\/de\/haberler\/gundem\/izmirde-akilli-kavsaklar-ile-akici-trafik\/","name":"\u0130zmir\u2019de \u201cak\u0131ll\u0131\u201d kav\u015faklar ile ak\u0131c\u0131 trafik - Av. Deniz Can K\u0131z\u0131l","isPartOf":{"@id":"https:\/\/denizcankizil.tr\/#website"},"datePublished":"2025-04-29T11:42:35+00:00","breadcrumb":{"@id":"http:\/\/denizcankizil.tr\/de\/haberler\/gundem\/izmirde-akilli-kavsaklar-ile-akici-trafik\/#breadcrumb"},"inLanguage":"en-GB","potentialAction":[{"@type":"ReadAction","target":["http:\/\/denizcankizil.tr\/de\/haberler\/gundem\/izmirde-akilli-kavsaklar-ile-akici-trafik\/"]}]},{"@type":"BreadcrumbList","@id":"http:\/\/denizcankizil.tr\/de\/haberler\/gundem\/izmirde-akilli-kavsaklar-ile-akici-trafik\/#breadcrumb","itemListElement":[{"@type":"ListItem","position":1,"name":"Home","item":"https:\/\/denizcankizil.tr\/de\/"},{"@type":"ListItem","position":2,"name":"\u0130zmir\u2019de \u201cak\u0131ll\u0131\u201d kav\u015faklar ile ak\u0131c\u0131 trafik"}]},{"@type":"WebSite","@id":"https:\/\/denizcankizil.tr\/#website","url":"https:\/\/denizcankizil.tr\/","name":"Av. Deniz Can K\u0131z\u0131l","description":"Avukat Deniz Can K\u0131z\u0131l Antalya Barosu","publisher":{"@id":"https:\/\/denizcankizil.tr\/#organization"},"potentialAction":[{"@type":"SearchAction","target":{"@type":"EntryPoint","urlTemplate":"https:\/\/denizcankizil.tr\/?s={search_term_string}"},"query-input":{"@type":"PropertyValueSpecification","valueRequired":true,"valueName":"search_term_string"}}],"inLanguage":"en-GB"},{"@type":"Organization","@id":"https:\/\/denizcankizil.tr\/#organization","name":"Av. Deniz Can K\u0131z\u0131l","url":"https:\/\/denizcankizil.tr\/","logo":{"@type":"ImageObject","inLanguage":"en-GB","@id":"https:\/\/denizcankizil.tr\/#\/schema\/logo\/image\/","url":"http:\/\/denizcankizil.tr\/wp-content\/uploads\/2024\/10\/siyah-logo-svg.svg","contentUrl":"http:\/\/denizcankizil.tr\/wp-content\/uploads\/2024\/10\/siyah-logo-svg.svg","width":1080,"height":1080,"caption":"Av. Deniz Can K\u0131z\u0131l"},"image":{"@id":"https:\/\/denizcankizil.tr\/#\/schema\/logo\/image\/"}},{"@type":"Person","@id":"https:\/\/denizcankizil.tr\/#\/schema\/person\/be3c05fe6a12686905512445d8185489","name":"admin","image":{"@type":"ImageObject","inLanguage":"en-GB","@id":"https:\/\/denizcankizil.tr\/#\/schema\/person\/image\/","url":"https:\/\/secure.gravatar.com\/avatar\/c1fce94c830dc79107e174f890d7210541c4a63e8e5d816341794a2151c9d58c?s=96&d=mm&r=g","contentUrl":"https:\/\/secure.gravatar.com\/avatar\/c1fce94c830dc79107e174f890d7210541c4a63e8e5d816341794a2151c9d58c?s=96&d=mm&r=g","caption":"admin"},"sameAs":["http:\/\/denizcankizil.tr"],"url":"https:\/\/www.iskenderun.org\/izmirde-akilli-kavsaklar-ile-akici-trafik-1"}]}},"_links":{"self":[{"href":"http:\/\/denizcankizil.tr\/en\/wp-json\/wp\/v2\/posts\/70378","targetHints":{"allow":["GET"]}}],"collection":[{"href":"http:\/\/denizcankizil.tr\/en\/wp-json\/wp\/v2\/posts"}],"about":[{"href":"http:\/\/denizcankizil.tr\/en\/wp-json\/wp\/v2\/types\/post"}],"author":[{"embeddable":true,"href":"http:\/\/denizcankizil.tr\/en\/wp-json\/wp\/v2\/users\/1"}],"replies":[{"embeddable":true,"href":"http:\/\/denizcankizil.tr\/en\/wp-json\/wp\/v2\/comments?post=70378"}],"version-history":[{"count":0,"href":"http:\/\/denizcankizil.tr\/en\/wp-json\/wp\/v2\/posts\/70378\/revisions"}],"wp:attachment":[{"href":"http:\/\/denizcankizil.tr\/en\/wp-json\/wp\/v2\/media?parent=70378"}],"wp:term":[{"taxonomy":"category","embeddable":true,"href":"http:\/\/denizcankizil.tr\/en\/wp-json\/wp\/v2\/categories?post=70378"},{"taxonomy":"post_tag","embeddable":true,"href":"http:\/\/denizcankizil.tr\/en\/wp-json\/wp\/v2\/tags?post=70378"}],"curies":[{"name":"wp","href":"https:\/\/api.w.org\/{rel}","templated":true}]}}