{"id":69416,"date":"2025-04-28T18:41:20","date_gmt":"2025-04-28T15:41:20","guid":{"rendered":"https:\/\/denizcankizil.tr\/uncategorized-tr\/egitim-sendikalari-proje-okul-uygulamasina-karsi-tek-ses-oldu\/"},"modified":"2025-04-28T18:41:20","modified_gmt":"2025-04-28T15:41:20","slug":"egitim-sendikalari-proje-okul-uygulamasina-karsi-tek-ses-oldu","status":"publish","type":"post","link":"http:\/\/denizcankizil.tr\/en\/haberler\/gundem\/egitim-sendikalari-proje-okul-uygulamasina-karsi-tek-ses-oldu\/","title":{"rendered":"E\u011fitim sendikalar\u0131 proje okul uygulamas\u0131na kar\u015f\u0131 tek ses oldu"},"content":{"rendered":"<p>Antalya&#8217;da e\u011fitim sendikalar\u0131 proje okul uygulamas\u0131na kar\u015f\u0131 tek ses oldu. Antalya il Milli E\u011fitim M\u00fcd\u00fcrl\u00fc\u011f\u00fc \u00f6n\u00fcnde bulu\u015fan sendikalar ad\u0131na ortak a\u00e7\u0131klamay\u0131 E\u011fitim Sen Antalya \u015eube Ba\u015fkan\u0131 Kadir \u00d6zt\u00fcrk okudu. \u00d6zt\u00fcrk, iktidar\u0131n e\u011fitim politikalar\u0131n\u0131 sert s\u00f6zlerle ele\u015ftirdi.<\/p>\n<p>\u201cD\u0130NDAR VE K\u0130NDAR B\u0130R NES\u0130L YET\u0130\u015eT\u0130RME PE\u015e\u0130NDELER\u201d <\/p>\n<p>\u00d6zt\u00fcrk, mevcut iktidar\u0131n \u00e7a\u011fda\u015f, laik ve bilimsel e\u011fitimden uzak durdu\u011funu belirterek, \u201cDinci-fa\u015fist bir iktidar\u0131n halk\u0131n cahil olmas\u0131n\u0131, kendi iktidarlar\u0131n\u0131n s\u00fcrmesini ister. Dindar ve kindar bir nesil yaratman\u0131n pe\u015findeler\u201d dedi. E\u011fitimin cemaat ve tarikatlar\u0131n etkisi alt\u0131na al\u0131nd\u0131\u011f\u0131n\u0131 vurgulayan \u00d6zt\u00fcrk, \u201cLaikli\u011fin, ak\u0131lc\u0131l\u0131\u011f\u0131n ve rasyonel d\u00fc\u015f\u00fcnmenin ortadan kald\u0131r\u0131lmas\u0131 i\u00e7in e\u011fitim, iktidar\u0131n arka bah\u00e7esi haline getirildi\u201c ifadelerini kulland\u0131.<\/p>\n<p>\u201cPROJE OKULLARI KAOSUN YEN\u0130 Y\u00dcZ\u00dc\u201d <\/p>\n<p>E\u011fitimdeki sistem de\u011fi\u015fikliklerine dikkat \u00e7eken \u00d6zt\u00fcrk, 23 y\u0131lda dokuz Milli E\u011fitim Bakan\u0131 de\u011fi\u015fti\u011fini ve her bakanla birlikte farkl\u0131 uygulamalar hayata ge\u00e7irildi\u011fini belirterek, \u201cE\u011fitimde yarat\u0131lan kaosun yeni y\u00fcz\u00fc proje okullar\u0131d\u0131r\u201d dedi. \u00d6\u011fretmenlik Meslek Kanunu ve T\u00fcrkiye Y\u00fczy\u0131l\u0131 Maarif Modeli gibi tart\u0131\u015fmal\u0131 uygulamalar\u0131 da ele\u015ftiren \u00d6zt\u00fcrk, \u201cD\u00fcn bunlarla u\u011fra\u015f\u0131yorduk, bug\u00fcn proje okullar\u0131 ile kar\u015f\u0131 kar\u015f\u0131yay\u0131z, yar\u0131n yeni bir uygulamayla daha kar\u015f\u0131la\u015faca\u011f\u0131m\u0131za eminiz. Ancak seyirci kalmayaca\u011f\u0131z\u201d \u015feklinde konu\u015ftu. \u00d6zt\u00fcrk, proje okullar\u0131 uygulamalar\u0131na kar\u015f\u0131 hukuki yollar\u0131 kullanacaklar\u0131n\u0131 belirterek, \u201cT\u00fcm e\u011fitim emek\u00e7ilerini bu haks\u0131zl\u0131\u011fa ve hukuksuzlu\u011fa kar\u015f\u0131 birlikte m\u00fccadele etmeye \u00e7a\u011f\u0131r\u0131yoruz\u201d dedi.<\/p>\n<p>\u201cBU \u0130KT\u0130DAR DE\u011e\u0130\u015eMEDEN KAOS B\u0130TMEYECEK\u201d <\/p>\n<p>A\u00e7\u0131klamas\u0131nda iktidar de\u011fi\u015fmeden e\u011fitimde ya\u015fanan sorunlar\u0131n \u00e7\u00f6z\u00fclmeyece\u011fini s\u00f6yleyen \u00d6zt\u00fcrk, \u201cE\u011fitim, cemaat ve tarikatlar\u0131n tahakk\u00fcm\u00fcnde bilimsellikten uzak bir hale d\u00f6n\u00fc\u015f\u00fcyor. Yapmam\u0131z gereken, m\u00fccadeleyi b\u00fcy\u00fctmek ve bu iktidar\u0131 tarihin \u00e7\u00f6pl\u00fc\u011f\u00fcne g\u00f6ndermektir\u201d ifadelerini kulland\u0131.<\/p>\n<p>\u200bE\u011fitim sendikalar\u0131 proje okullar\u0131 uygulamas\u0131n\u0131 ele\u015ftirmek i\u00e7in \u0130l Milli E\u011fitim M\u00fcd\u00fcrl\u00fc\u011f\u00fc \u00f6n\u00fcnde bulu\u015ftu.  Sendikalar ad\u0131na ortak a\u00e7\u0131klamay\u0131 okuyan E\u011fitim Sen Antalya \u015eube Ba\u015fkan\u0131 Kadir \u00d6zt\u00fcrk, e\u011fitimin cemaat ve tarikatlar\u0131n tahakk\u00fcm\u00fcne teslim etmeyeceklerini s\u00f6yledi\u00a0<\/p>\n<p>\u200bHaberin Al\u0131nt\u0131land\u0131\u011f\u0131 Kaynak: www.antalyakorfez.com<\/p>","protected":false},"excerpt":{"rendered":"<p>Antalya&#8217;da e\u011fitim sendikalar\u0131 proje okul uygulamas\u0131na kar\u015f\u0131 tek ses oldu. Antalya il Milli E\u011fitim M\u00fcd\u00fcrl\u00fc\u011f\u00fc \u00f6n\u00fcnde bulu\u015fan sendikalar ad\u0131na ortak a\u00e7\u0131klamay\u0131 E\u011fitim Sen Antalya \u015eube Ba\u015fkan\u0131 Kadir \u00d6zt\u00fcrk okudu. \u00d6zt\u00fcrk, iktidar\u0131n e\u011fitim politikalar\u0131n\u0131 sert s\u00f6zlerle ele\u015ftirdi. \u201cD\u0130NDAR VE K\u0130NDAR B\u0130R NES\u0130L YET\u0130\u015eT\u0130RME PE\u015e\u0130NDELER\u201d \u00d6zt\u00fcrk, mevcut iktidar\u0131n \u00e7a\u011fda\u015f, laik ve bilimsel e\u011fitimden uzak durdu\u011funu belirterek, \u201cDinci-fa\u015fist bir iktidar\u0131n halk\u0131n cahil olmas\u0131n\u0131, kendi iktidarlar\u0131n\u0131n s\u00fcrmesini ister. Dindar ve kindar bir nesil yaratman\u0131n pe\u015findeler\u201d dedi. E\u011fitimin cemaat ve tarikatlar\u0131n etkisi alt\u0131na al\u0131nd\u0131\u011f\u0131n\u0131 vurgulayan \u00d6zt\u00fcrk, \u201cLaikli\u011fin, ak\u0131lc\u0131l\u0131\u011f\u0131n ve rasyonel d\u00fc\u015f\u00fcnmenin ortadan kald\u0131r\u0131lmas\u0131 i\u00e7in e\u011fitim, iktidar\u0131n arka bah\u00e7esi haline getirildi\u201c ifadelerini kulland\u0131. \u201cPROJE OKULLARI KAOSUN YEN\u0130 Y\u00dcZ\u00dc\u201d E\u011fitimdeki sistem de\u011fi\u015fikliklerine dikkat \u00e7eken \u00d6zt\u00fcrk, 23 y\u0131lda dokuz Milli E\u011fitim Bakan\u0131 de\u011fi\u015fti\u011fini ve her bakanla birlikte farkl\u0131 uygulamalar hayata ge\u00e7irildi\u011fini belirterek, \u201cE\u011fitimde yarat\u0131lan kaosun yeni y\u00fcz\u00fc proje okullar\u0131d\u0131r\u201d dedi. \u00d6\u011fretmenlik Meslek Kanunu ve T\u00fcrkiye Y\u00fczy\u0131l\u0131 Maarif Modeli gibi tart\u0131\u015fmal\u0131 uygulamalar\u0131 da ele\u015ftiren \u00d6zt\u00fcrk, \u201cD\u00fcn bunlarla u\u011fra\u015f\u0131yorduk, bug\u00fcn proje okullar\u0131 ile kar\u015f\u0131 kar\u015f\u0131yay\u0131z, yar\u0131n yeni bir uygulamayla daha kar\u015f\u0131la\u015faca\u011f\u0131m\u0131za eminiz. Ancak seyirci kalmayaca\u011f\u0131z\u201d \u015feklinde konu\u015ftu. \u00d6zt\u00fcrk, proje okullar\u0131 uygulamalar\u0131na kar\u015f\u0131 hukuki yollar\u0131 kullanacaklar\u0131n\u0131 belirterek, \u201cT\u00fcm e\u011fitim emek\u00e7ilerini bu haks\u0131zl\u0131\u011fa ve hukuksuzlu\u011fa kar\u015f\u0131 birlikte m\u00fccadele etmeye \u00e7a\u011f\u0131r\u0131yoruz\u201d dedi. \u201cBU \u0130KT\u0130DAR DE\u011e\u0130\u015eMEDEN KAOS B\u0130TMEYECEK\u201d A\u00e7\u0131klamas\u0131nda iktidar de\u011fi\u015fmeden e\u011fitimde ya\u015fanan sorunlar\u0131n &hellip;<\/p>","protected":false},"author":5,"featured_media":0,"comment_status":"","ping_status":"open","sticky":false,"template":"","format":"standard","meta":{"_acf_changed":false,"footnotes":""},"categories":[24],"tags":[],"class_list":["post-69416","post","type-post","status-publish","format-standard","has-post-thumbnail","hentry","category-gundem"],"acf":[],"yoast_head":"<!-- This site is optimized with the Yoast SEO Premium plugin v26.6 (Yoast SEO v27.1.1) - https:\/\/yoast.com\/product\/yoast-seo-premium-wordpress\/ -->\n<title>E\u011fitim sendikalar\u0131 proje okul uygulamas\u0131na kar\u015f\u0131 tek ses oldu - Av. Deniz Can K\u0131z\u0131l<\/title>\n<meta name=\"robots\" content=\"index, follow, max-snippet:-1, max-image-preview:large, max-video-preview:-1\" \/>\n<link rel=\"canonical\" href=\"http:\/\/denizcankizil.tr\/en\/haberler\/gundem\/egitim-sendikalari-proje-okul-uygulamasina-karsi-tek-ses-oldu\/\" \/>\n<meta property=\"og:locale\" content=\"en_GB\" \/>\n<meta property=\"og:type\" content=\"article\" \/>\n<meta property=\"og:title\" content=\"E\u011fitim sendikalar\u0131 proje okul uygulamas\u0131na kar\u015f\u0131 tek ses oldu\" \/>\n<meta property=\"og:description\" content=\"Antalya&#8217;da e\u011fitim sendikalar\u0131 proje okul uygulamas\u0131na kar\u015f\u0131 tek ses oldu. Antalya il Milli E\u011fitim M\u00fcd\u00fcrl\u00fc\u011f\u00fc \u00f6n\u00fcnde bulu\u015fan sendikalar ad\u0131na ortak a\u00e7\u0131klamay\u0131 E\u011fitim Sen Antalya \u015eube Ba\u015fkan\u0131 Kadir \u00d6zt\u00fcrk okudu. \u00d6zt\u00fcrk, iktidar\u0131n e\u011fitim politikalar\u0131n\u0131 sert s\u00f6zlerle ele\u015ftirdi. \u201cD\u0130NDAR VE K\u0130NDAR B\u0130R NES\u0130L YET\u0130\u015eT\u0130RME PE\u015e\u0130NDELER\u201d \u00d6zt\u00fcrk, mevcut iktidar\u0131n \u00e7a\u011fda\u015f, laik ve bilimsel e\u011fitimden uzak durdu\u011funu belirterek, \u201cDinci-fa\u015fist bir iktidar\u0131n halk\u0131n cahil olmas\u0131n\u0131, kendi iktidarlar\u0131n\u0131n s\u00fcrmesini ister. Dindar ve kindar bir nesil yaratman\u0131n pe\u015findeler\u201d dedi. E\u011fitimin cemaat ve tarikatlar\u0131n etkisi alt\u0131na al\u0131nd\u0131\u011f\u0131n\u0131 vurgulayan \u00d6zt\u00fcrk, \u201cLaikli\u011fin, ak\u0131lc\u0131l\u0131\u011f\u0131n ve rasyonel d\u00fc\u015f\u00fcnmenin ortadan kald\u0131r\u0131lmas\u0131 i\u00e7in e\u011fitim, iktidar\u0131n arka bah\u00e7esi haline getirildi\u201c ifadelerini kulland\u0131. \u201cPROJE OKULLARI KAOSUN YEN\u0130 Y\u00dcZ\u00dc\u201d E\u011fitimdeki sistem de\u011fi\u015fikliklerine dikkat \u00e7eken \u00d6zt\u00fcrk, 23 y\u0131lda dokuz Milli E\u011fitim Bakan\u0131 de\u011fi\u015fti\u011fini ve her bakanla birlikte farkl\u0131 uygulamalar hayata ge\u00e7irildi\u011fini belirterek, \u201cE\u011fitimde yarat\u0131lan kaosun yeni y\u00fcz\u00fc proje okullar\u0131d\u0131r\u201d dedi. \u00d6\u011fretmenlik Meslek Kanunu ve T\u00fcrkiye Y\u00fczy\u0131l\u0131 Maarif Modeli gibi tart\u0131\u015fmal\u0131 uygulamalar\u0131 da ele\u015ftiren \u00d6zt\u00fcrk, \u201cD\u00fcn bunlarla u\u011fra\u015f\u0131yorduk, bug\u00fcn proje okullar\u0131 ile kar\u015f\u0131 kar\u015f\u0131yay\u0131z, yar\u0131n yeni bir uygulamayla daha kar\u015f\u0131la\u015faca\u011f\u0131m\u0131za eminiz. Ancak seyirci kalmayaca\u011f\u0131z\u201d \u015feklinde konu\u015ftu. \u00d6zt\u00fcrk, proje okullar\u0131 uygulamalar\u0131na kar\u015f\u0131 hukuki yollar\u0131 kullanacaklar\u0131n\u0131 belirterek, \u201cT\u00fcm e\u011fitim emek\u00e7ilerini bu haks\u0131zl\u0131\u011fa ve hukuksuzlu\u011fa kar\u015f\u0131 birlikte m\u00fccadele etmeye \u00e7a\u011f\u0131r\u0131yoruz\u201d dedi. \u201cBU \u0130KT\u0130DAR DE\u011e\u0130\u015eMEDEN KAOS B\u0130TMEYECEK\u201d A\u00e7\u0131klamas\u0131nda iktidar de\u011fi\u015fmeden e\u011fitimde ya\u015fanan sorunlar\u0131n &hellip;\" \/>\n<meta property=\"og:url\" content=\"http:\/\/denizcankizil.tr\/en\/haberler\/gundem\/egitim-sendikalari-proje-okul-uygulamasina-karsi-tek-ses-oldu\/\" \/>\n<meta property=\"og:site_name\" content=\"Av. Deniz Can K\u0131z\u0131l\" \/>\n<meta property=\"article:published_time\" content=\"2025-04-28T15:41:20+00:00\" \/>\n<meta name=\"author\" content=\"Antalya K\u00f6rfez\" \/>\n<meta name=\"twitter:card\" content=\"summary_large_image\" \/>\n<meta name=\"twitter:label1\" content=\"Written by\" \/>\n\t<meta name=\"twitter:data1\" content=\"Antalya K\u00f6rfez\" \/>\n\t<meta name=\"twitter:label2\" content=\"Estimated reading time\" \/>\n\t<meta name=\"twitter:data2\" content=\"2 minutes\" \/>\n<script type=\"application\/ld+json\" class=\"yoast-schema-graph\">{\"@context\":\"https:\/\/schema.org\",\"@graph\":[{\"@type\":\"Article\",\"@id\":\"http:\/\/denizcankizil.tr\/en\/haberler\/gundem\/egitim-sendikalari-proje-okul-uygulamasina-karsi-tek-ses-oldu\/#article\",\"isPartOf\":{\"@id\":\"http:\/\/denizcankizil.tr\/en\/haberler\/gundem\/egitim-sendikalari-proje-okul-uygulamasina-karsi-tek-ses-oldu\/\"},\"author\":{\"name\":\"Antalya K\u00f6rfez\",\"@id\":\"https:\/\/denizcankizil.tr\/#\/schema\/person\/e1eb71bb4dd684d46563f0af307e1234\"},\"headline\":\"E\u011fitim sendikalar\u0131 proje okul uygulamas\u0131na kar\u015f\u0131 tek ses oldu\",\"datePublished\":\"2025-04-28T15:41:20+00:00\",\"mainEntityOfPage\":{\"@id\":\"http:\/\/denizcankizil.tr\/en\/haberler\/gundem\/egitim-sendikalari-proje-okul-uygulamasina-karsi-tek-ses-oldu\/\"},\"wordCount\":426,\"publisher\":{\"@id\":\"https:\/\/denizcankizil.tr\/#organization\"},\"articleSection\":[\"G\u00fcndem\"],\"inLanguage\":\"en-GB\"},{\"@type\":\"WebPage\",\"@id\":\"http:\/\/denizcankizil.tr\/en\/haberler\/gundem\/egitim-sendikalari-proje-okul-uygulamasina-karsi-tek-ses-oldu\/\",\"url\":\"http:\/\/denizcankizil.tr\/en\/haberler\/gundem\/egitim-sendikalari-proje-okul-uygulamasina-karsi-tek-ses-oldu\/\",\"name\":\"E\u011fitim sendikalar\u0131 proje okul uygulamas\u0131na kar\u015f\u0131 tek ses oldu - Av. Deniz Can K\u0131z\u0131l\",\"isPartOf\":{\"@id\":\"https:\/\/denizcankizil.tr\/#website\"},\"datePublished\":\"2025-04-28T15:41:20+00:00\",\"breadcrumb\":{\"@id\":\"http:\/\/denizcankizil.tr\/en\/haberler\/gundem\/egitim-sendikalari-proje-okul-uygulamasina-karsi-tek-ses-oldu\/#breadcrumb\"},\"inLanguage\":\"en-GB\",\"potentialAction\":[{\"@type\":\"ReadAction\",\"target\":[\"http:\/\/denizcankizil.tr\/en\/haberler\/gundem\/egitim-sendikalari-proje-okul-uygulamasina-karsi-tek-ses-oldu\/\"]}]},{\"@type\":\"BreadcrumbList\",\"@id\":\"http:\/\/denizcankizil.tr\/en\/haberler\/gundem\/egitim-sendikalari-proje-okul-uygulamasina-karsi-tek-ses-oldu\/#breadcrumb\",\"itemListElement\":[{\"@type\":\"ListItem\",\"position\":1,\"name\":\"Home\",\"item\":\"https:\/\/denizcankizil.tr\/de\/\"},{\"@type\":\"ListItem\",\"position\":2,\"name\":\"E\u011fitim sendikalar\u0131 proje okul uygulamas\u0131na kar\u015f\u0131 tek ses oldu\"}]},{\"@type\":\"WebSite\",\"@id\":\"https:\/\/denizcankizil.tr\/#website\",\"url\":\"https:\/\/denizcankizil.tr\/\",\"name\":\"Av. Deniz Can K\u0131z\u0131l\",\"description\":\"Avukat Deniz Can K\u0131z\u0131l Antalya Barosu\",\"publisher\":{\"@id\":\"https:\/\/denizcankizil.tr\/#organization\"},\"potentialAction\":[{\"@type\":\"SearchAction\",\"target\":{\"@type\":\"EntryPoint\",\"urlTemplate\":\"https:\/\/denizcankizil.tr\/?s={search_term_string}\"},\"query-input\":{\"@type\":\"PropertyValueSpecification\",\"valueRequired\":true,\"valueName\":\"search_term_string\"}}],\"inLanguage\":\"en-GB\"},{\"@type\":\"Organization\",\"@id\":\"https:\/\/denizcankizil.tr\/#organization\",\"name\":\"Av. Deniz Can K\u0131z\u0131l\",\"url\":\"https:\/\/denizcankizil.tr\/\",\"logo\":{\"@type\":\"ImageObject\",\"inLanguage\":\"en-GB\",\"@id\":\"https:\/\/denizcankizil.tr\/#\/schema\/logo\/image\/\",\"url\":\"http:\/\/denizcankizil.tr\/wp-content\/uploads\/2024\/10\/siyah-logo-svg.svg\",\"contentUrl\":\"http:\/\/denizcankizil.tr\/wp-content\/uploads\/2024\/10\/siyah-logo-svg.svg\",\"width\":1080,\"height\":1080,\"caption\":\"Av. Deniz Can K\u0131z\u0131l\"},\"image\":{\"@id\":\"https:\/\/denizcankizil.tr\/#\/schema\/logo\/image\/\"}},{\"@type\":\"Person\",\"@id\":\"https:\/\/denizcankizil.tr\/#\/schema\/person\/e1eb71bb4dd684d46563f0af307e1234\",\"name\":\"Antalya K\u00f6rfez\",\"image\":{\"@type\":\"ImageObject\",\"inLanguage\":\"en-GB\",\"@id\":\"https:\/\/denizcankizil.tr\/#\/schema\/person\/image\/\",\"url\":\"https:\/\/secure.gravatar.com\/avatar\/42b01982558a48a0b501fdcab6a408d3717ea5919095ee2e67b0e521799c5905?s=96&d=mm&r=g\",\"contentUrl\":\"https:\/\/secure.gravatar.com\/avatar\/42b01982558a48a0b501fdcab6a408d3717ea5919095ee2e67b0e521799c5905?s=96&d=mm&r=g\",\"caption\":\"Antalya K\u00f6rfez\"},\"sameAs\":[\"http:\/\/www.antalyakorfez.com\"],\"url\":\"https:\/\/www.antalyakorfez.com\/egitim-sendikalari-proje-okul-uygulamasina-karsi-tek-ses-oldu\"}]}<\/script>\n<!-- \/ Yoast SEO Premium plugin. -->","yoast_head_json":{"title":"E\u011fitim sendikalar\u0131 proje okul uygulamas\u0131na kar\u015f\u0131 tek ses oldu - Av. Deniz Can K\u0131z\u0131l","robots":{"index":"index","follow":"follow","max-snippet":"max-snippet:-1","max-image-preview":"max-image-preview:large","max-video-preview":"max-video-preview:-1"},"canonical":"http:\/\/denizcankizil.tr\/en\/haberler\/gundem\/egitim-sendikalari-proje-okul-uygulamasina-karsi-tek-ses-oldu\/","og_locale":"en_GB","og_type":"article","og_title":"E\u011fitim sendikalar\u0131 proje okul uygulamas\u0131na kar\u015f\u0131 tek ses oldu","og_description":"Antalya&#8217;da e\u011fitim sendikalar\u0131 proje okul uygulamas\u0131na kar\u015f\u0131 tek ses oldu. Antalya il Milli E\u011fitim M\u00fcd\u00fcrl\u00fc\u011f\u00fc \u00f6n\u00fcnde bulu\u015fan sendikalar ad\u0131na ortak a\u00e7\u0131klamay\u0131 E\u011fitim Sen Antalya \u015eube Ba\u015fkan\u0131 Kadir \u00d6zt\u00fcrk okudu. \u00d6zt\u00fcrk, iktidar\u0131n e\u011fitim politikalar\u0131n\u0131 sert s\u00f6zlerle ele\u015ftirdi. \u201cD\u0130NDAR VE K\u0130NDAR B\u0130R NES\u0130L YET\u0130\u015eT\u0130RME PE\u015e\u0130NDELER\u201d \u00d6zt\u00fcrk, mevcut iktidar\u0131n \u00e7a\u011fda\u015f, laik ve bilimsel e\u011fitimden uzak durdu\u011funu belirterek, \u201cDinci-fa\u015fist bir iktidar\u0131n halk\u0131n cahil olmas\u0131n\u0131, kendi iktidarlar\u0131n\u0131n s\u00fcrmesini ister. Dindar ve kindar bir nesil yaratman\u0131n pe\u015findeler\u201d dedi. E\u011fitimin cemaat ve tarikatlar\u0131n etkisi alt\u0131na al\u0131nd\u0131\u011f\u0131n\u0131 vurgulayan \u00d6zt\u00fcrk, \u201cLaikli\u011fin, ak\u0131lc\u0131l\u0131\u011f\u0131n ve rasyonel d\u00fc\u015f\u00fcnmenin ortadan kald\u0131r\u0131lmas\u0131 i\u00e7in e\u011fitim, iktidar\u0131n arka bah\u00e7esi haline getirildi\u201c ifadelerini kulland\u0131. \u201cPROJE OKULLARI KAOSUN YEN\u0130 Y\u00dcZ\u00dc\u201d E\u011fitimdeki sistem de\u011fi\u015fikliklerine dikkat \u00e7eken \u00d6zt\u00fcrk, 23 y\u0131lda dokuz Milli E\u011fitim Bakan\u0131 de\u011fi\u015fti\u011fini ve her bakanla birlikte farkl\u0131 uygulamalar hayata ge\u00e7irildi\u011fini belirterek, \u201cE\u011fitimde yarat\u0131lan kaosun yeni y\u00fcz\u00fc proje okullar\u0131d\u0131r\u201d dedi. \u00d6\u011fretmenlik Meslek Kanunu ve T\u00fcrkiye Y\u00fczy\u0131l\u0131 Maarif Modeli gibi tart\u0131\u015fmal\u0131 uygulamalar\u0131 da ele\u015ftiren \u00d6zt\u00fcrk, \u201cD\u00fcn bunlarla u\u011fra\u015f\u0131yorduk, bug\u00fcn proje okullar\u0131 ile kar\u015f\u0131 kar\u015f\u0131yay\u0131z, yar\u0131n yeni bir uygulamayla daha kar\u015f\u0131la\u015faca\u011f\u0131m\u0131za eminiz. Ancak seyirci kalmayaca\u011f\u0131z\u201d \u015feklinde konu\u015ftu. \u00d6zt\u00fcrk, proje okullar\u0131 uygulamalar\u0131na kar\u015f\u0131 hukuki yollar\u0131 kullanacaklar\u0131n\u0131 belirterek, \u201cT\u00fcm e\u011fitim emek\u00e7ilerini bu haks\u0131zl\u0131\u011fa ve hukuksuzlu\u011fa kar\u015f\u0131 birlikte m\u00fccadele etmeye \u00e7a\u011f\u0131r\u0131yoruz\u201d dedi. \u201cBU \u0130KT\u0130DAR DE\u011e\u0130\u015eMEDEN KAOS B\u0130TMEYECEK\u201d A\u00e7\u0131klamas\u0131nda iktidar de\u011fi\u015fmeden e\u011fitimde ya\u015fanan sorunlar\u0131n &hellip;","og_url":"http:\/\/denizcankizil.tr\/en\/haberler\/gundem\/egitim-sendikalari-proje-okul-uygulamasina-karsi-tek-ses-oldu\/","og_site_name":"Av. Deniz Can K\u0131z\u0131l","article_published_time":"2025-04-28T15:41:20+00:00","author":"Antalya K\u00f6rfez","twitter_card":"summary_large_image","twitter_misc":{"Written by":"Antalya K\u00f6rfez","Estimated reading time":"2 minutes"},"schema":{"@context":"https:\/\/schema.org","@graph":[{"@type":"Article","@id":"http:\/\/denizcankizil.tr\/en\/haberler\/gundem\/egitim-sendikalari-proje-okul-uygulamasina-karsi-tek-ses-oldu\/#article","isPartOf":{"@id":"http:\/\/denizcankizil.tr\/en\/haberler\/gundem\/egitim-sendikalari-proje-okul-uygulamasina-karsi-tek-ses-oldu\/"},"author":{"name":"Antalya K\u00f6rfez","@id":"https:\/\/denizcankizil.tr\/#\/schema\/person\/e1eb71bb4dd684d46563f0af307e1234"},"headline":"E\u011fitim sendikalar\u0131 proje okul uygulamas\u0131na kar\u015f\u0131 tek ses oldu","datePublished":"2025-04-28T15:41:20+00:00","mainEntityOfPage":{"@id":"http:\/\/denizcankizil.tr\/en\/haberler\/gundem\/egitim-sendikalari-proje-okul-uygulamasina-karsi-tek-ses-oldu\/"},"wordCount":426,"publisher":{"@id":"https:\/\/denizcankizil.tr\/#organization"},"articleSection":["G\u00fcndem"],"inLanguage":"en-GB"},{"@type":"WebPage","@id":"http:\/\/denizcankizil.tr\/en\/haberler\/gundem\/egitim-sendikalari-proje-okul-uygulamasina-karsi-tek-ses-oldu\/","url":"http:\/\/denizcankizil.tr\/en\/haberler\/gundem\/egitim-sendikalari-proje-okul-uygulamasina-karsi-tek-ses-oldu\/","name":"E\u011fitim sendikalar\u0131 proje okul uygulamas\u0131na kar\u015f\u0131 tek ses oldu - Av. Deniz Can K\u0131z\u0131l","isPartOf":{"@id":"https:\/\/denizcankizil.tr\/#website"},"datePublished":"2025-04-28T15:41:20+00:00","breadcrumb":{"@id":"http:\/\/denizcankizil.tr\/en\/haberler\/gundem\/egitim-sendikalari-proje-okul-uygulamasina-karsi-tek-ses-oldu\/#breadcrumb"},"inLanguage":"en-GB","potentialAction":[{"@type":"ReadAction","target":["http:\/\/denizcankizil.tr\/en\/haberler\/gundem\/egitim-sendikalari-proje-okul-uygulamasina-karsi-tek-ses-oldu\/"]}]},{"@type":"BreadcrumbList","@id":"http:\/\/denizcankizil.tr\/en\/haberler\/gundem\/egitim-sendikalari-proje-okul-uygulamasina-karsi-tek-ses-oldu\/#breadcrumb","itemListElement":[{"@type":"ListItem","position":1,"name":"Home","item":"https:\/\/denizcankizil.tr\/de\/"},{"@type":"ListItem","position":2,"name":"E\u011fitim sendikalar\u0131 proje okul uygulamas\u0131na kar\u015f\u0131 tek ses oldu"}]},{"@type":"WebSite","@id":"https:\/\/denizcankizil.tr\/#website","url":"https:\/\/denizcankizil.tr\/","name":"Av. Deniz Can K\u0131z\u0131l","description":"Avukat Deniz Can K\u0131z\u0131l Antalya Barosu","publisher":{"@id":"https:\/\/denizcankizil.tr\/#organization"},"potentialAction":[{"@type":"SearchAction","target":{"@type":"EntryPoint","urlTemplate":"https:\/\/denizcankizil.tr\/?s={search_term_string}"},"query-input":{"@type":"PropertyValueSpecification","valueRequired":true,"valueName":"search_term_string"}}],"inLanguage":"en-GB"},{"@type":"Organization","@id":"https:\/\/denizcankizil.tr\/#organization","name":"Av. Deniz Can K\u0131z\u0131l","url":"https:\/\/denizcankizil.tr\/","logo":{"@type":"ImageObject","inLanguage":"en-GB","@id":"https:\/\/denizcankizil.tr\/#\/schema\/logo\/image\/","url":"http:\/\/denizcankizil.tr\/wp-content\/uploads\/2024\/10\/siyah-logo-svg.svg","contentUrl":"http:\/\/denizcankizil.tr\/wp-content\/uploads\/2024\/10\/siyah-logo-svg.svg","width":1080,"height":1080,"caption":"Av. Deniz Can K\u0131z\u0131l"},"image":{"@id":"https:\/\/denizcankizil.tr\/#\/schema\/logo\/image\/"}},{"@type":"Person","@id":"https:\/\/denizcankizil.tr\/#\/schema\/person\/e1eb71bb4dd684d46563f0af307e1234","name":"Antalya K\u00f6rfez","image":{"@type":"ImageObject","inLanguage":"en-GB","@id":"https:\/\/denizcankizil.tr\/#\/schema\/person\/image\/","url":"https:\/\/secure.gravatar.com\/avatar\/42b01982558a48a0b501fdcab6a408d3717ea5919095ee2e67b0e521799c5905?s=96&d=mm&r=g","contentUrl":"https:\/\/secure.gravatar.com\/avatar\/42b01982558a48a0b501fdcab6a408d3717ea5919095ee2e67b0e521799c5905?s=96&d=mm&r=g","caption":"Antalya K\u00f6rfez"},"sameAs":["http:\/\/www.antalyakorfez.com"],"url":"https:\/\/www.antalyakorfez.com\/egitim-sendikalari-proje-okul-uygulamasina-karsi-tek-ses-oldu"}]}},"_links":{"self":[{"href":"http:\/\/denizcankizil.tr\/en\/wp-json\/wp\/v2\/posts\/69416","targetHints":{"allow":["GET"]}}],"collection":[{"href":"http:\/\/denizcankizil.tr\/en\/wp-json\/wp\/v2\/posts"}],"about":[{"href":"http:\/\/denizcankizil.tr\/en\/wp-json\/wp\/v2\/types\/post"}],"author":[{"embeddable":true,"href":"http:\/\/denizcankizil.tr\/en\/wp-json\/wp\/v2\/users\/5"}],"replies":[{"embeddable":true,"href":"http:\/\/denizcankizil.tr\/en\/wp-json\/wp\/v2\/comments?post=69416"}],"version-history":[{"count":0,"href":"http:\/\/denizcankizil.tr\/en\/wp-json\/wp\/v2\/posts\/69416\/revisions"}],"wp:attachment":[{"href":"http:\/\/denizcankizil.tr\/en\/wp-json\/wp\/v2\/media?parent=69416"}],"wp:term":[{"taxonomy":"category","embeddable":true,"href":"http:\/\/denizcankizil.tr\/en\/wp-json\/wp\/v2\/categories?post=69416"},{"taxonomy":"post_tag","embeddable":true,"href":"http:\/\/denizcankizil.tr\/en\/wp-json\/wp\/v2\/tags?post=69416"}],"curies":[{"name":"wp","href":"https:\/\/api.w.org\/{rel}","templated":true}]}}