{"id":69024,"date":"2025-04-28T09:42:19","date_gmt":"2025-04-28T06:42:19","guid":{"rendered":"https:\/\/denizcankizil.tr\/uncategorized-tr\/meteorolojiden-marmaraya-tedbirli-olun-uyarisi\/"},"modified":"2025-04-28T09:42:19","modified_gmt":"2025-04-28T06:42:19","slug":"meteorolojiden-marmaraya-tedbirli-olun-uyarisi","status":"publish","type":"post","link":"http:\/\/denizcankizil.tr\/en\/haberler\/gundem\/meteorolojiden-marmaraya-tedbirli-olun-uyarisi\/","title":{"rendered":"Meteoroloji&#8217;den Marmara\u2019ya &#8216;tedbirli olun&#8217; uyar\u0131s\u0131"},"content":{"rendered":"<p>Meteoroloji Genel M\u00fcd\u00fcrl\u00fc\u011f\u00fc\u2019n\u00fcn uyar\u0131s\u0131na dayanarak, Marmara\u2019da 28 Nisan 2025 Pazartesi \u00f6\u011fleden itibaren f\u0131rt\u0131na beklendi\u011fini duyuruldu. B\u00f6lgedeki valilikelr f\u0131rt\u0131nan\u0131n Sal\u0131 gecesi etkisini kaybetmesinin \u00f6n g\u00f6r\u00fcld\u00fc\u011f\u00fcn\u00fc belirterek, vatanda\u015flar\u0131 tedbirli olmalar\u0131 konusunda uyard\u0131.\u0130STANBUL (\u0130GFA) &#8211; \u0130stanbul Valili\u011fi, Meteoroloji Genel M\u00fcd\u00fcrl\u00fc\u011f\u00fc\u2019n\u00fcn de\u011ferlendirmelerine g\u00f6re, Marmara B\u00f6lgesi\u2019nde 28 Nisan 2025 Pazartesi \u00f6\u011fle saatlerinden itibaren f\u0131rt\u0131na beklendi\u011fini a\u00e7\u0131klad\u0131.<br \/>\nR\u00fczg\u00e2r\u0131n kuzey ve kuzeydo\u011fu y\u00f6nlerden 6-8 kuvvetinde (50-75 km\/saat) esmesi tahmin ediliyor.<br \/>\nF\u0131rt\u0131nan\u0131n, 29 Nisan 2025 Sal\u0131 g\u00fcn\u00fc gece saatlerinden itibaren etkisini kaybetmesi bekleniyor.<\/p>\n<p>Bu arada b\u00f6lgedeki di\u011fer valilikler de vatanda\u015flar\u0131 dikkatli ve tedbirli olmaya \u00e7a\u011f\u0131rarak, olas\u0131 olumsuzluklara kar\u015f\u0131 haz\u0131rl\u0131kl\u0131 olunmas\u0131n\u0131 istedi.<\/p>\n<p>\u200bMeteoroloji Genel M\u00fcd\u00fcrl\u00fc\u011f\u00fc\u2019n\u00fcn uyar\u0131s\u0131na dayanarak, Marmara\u2019da 28 Nisan 2025 Pazartesi \u00f6\u011fleden itibaren f\u0131rt\u0131na beklendi\u011fini duyuruldu. B\u00f6lgedeki valilikelr f\u0131rt\u0131nan\u0131n Sal\u0131 gecesi etkisini kaybetmesinin \u00f6n g\u00f6r\u00fcld\u00fc\u011f\u00fcn\u00fc belirterek, vatanda\u015flar\u0131 tedbirli olmalar\u0131 konusunda uyard\u0131.\u0130STANBUL (\u0130GFA) &#8211; \u0130stanbul Valili\u011fi, Meteoroloji Genel M\u00fcd\u00fcrl\u00fc\u011f\u00fc\u2019n\u00fcn de\u011ferlendirmelerine g\u00f6re, Marmara B\u00f6lgesi\u2019nde 28 Nisan 2025 Pazartesi \u00f6\u011fle saatlerinden itibaren f\u0131rt\u0131na beklendi\u011fini a\u00e7\u0131klad\u0131.<br \/>\nR\u00fczg\u00e2r\u0131n kuzey ve kuzeydo\u011fu y\u00f6nlerden 6-8 kuvvetinde (50-75 km\/saat) esmesi tahmin ediliyor.<br \/>\nF\u0131rt\u0131nan\u0131n, 29 Nisan 2025 Sal\u0131 g\u00fcn\u00fc gece saatlerinden itibaren etkisini kaybetmesi bekleniyor.<\/p>\n<p>Bu arada b\u00f6lgedeki di\u011fer valilikler de vatanda\u015flar\u0131 dikkatli ve tedbirli olmaya \u00e7a\u011f\u0131rarak, olas\u0131 olumsuzluklara kar\u015f\u0131 haz\u0131rl\u0131kl\u0131 olunmas\u0131n\u0131 istedi.\u00a0<\/p>\n<p>\u200bHaberin Al\u0131nt\u0131land\u0131\u011f\u0131 Kaynak: www.iskenderun.org<\/p>","protected":false},"excerpt":{"rendered":"<p>Meteoroloji Genel M\u00fcd\u00fcrl\u00fc\u011f\u00fc\u2019n\u00fcn uyar\u0131s\u0131na dayanarak, Marmara\u2019da 28 Nisan 2025 Pazartesi \u00f6\u011fleden itibaren f\u0131rt\u0131na beklendi\u011fini duyuruldu. B\u00f6lgedeki valilikelr f\u0131rt\u0131nan\u0131n Sal\u0131 gecesi etkisini kaybetmesinin \u00f6n g\u00f6r\u00fcld\u00fc\u011f\u00fcn\u00fc belirterek, vatanda\u015flar\u0131 tedbirli olmalar\u0131 konusunda uyard\u0131.\u0130STANBUL (\u0130GFA) &#8211; \u0130stanbul Valili\u011fi, Meteoroloji Genel M\u00fcd\u00fcrl\u00fc\u011f\u00fc\u2019n\u00fcn de\u011ferlendirmelerine g\u00f6re, Marmara B\u00f6lgesi\u2019nde 28 Nisan 2025 Pazartesi \u00f6\u011fle saatlerinden itibaren f\u0131rt\u0131na beklendi\u011fini a\u00e7\u0131klad\u0131. R\u00fczg\u00e2r\u0131n kuzey ve kuzeydo\u011fu y\u00f6nlerden 6-8 kuvvetinde (50-75 km\/saat) esmesi tahmin ediliyor. F\u0131rt\u0131nan\u0131n, 29 Nisan 2025 Sal\u0131 g\u00fcn\u00fc gece saatlerinden itibaren etkisini kaybetmesi bekleniyor. Bu arada b\u00f6lgedeki di\u011fer valilikler de vatanda\u015flar\u0131 dikkatli ve tedbirli olmaya \u00e7a\u011f\u0131rarak, olas\u0131 olumsuzluklara kar\u015f\u0131 haz\u0131rl\u0131kl\u0131 olunmas\u0131n\u0131 istedi. \u200bMeteoroloji Genel M\u00fcd\u00fcrl\u00fc\u011f\u00fc\u2019n\u00fcn uyar\u0131s\u0131na dayanarak, Marmara\u2019da 28 Nisan 2025 Pazartesi \u00f6\u011fleden itibaren f\u0131rt\u0131na beklendi\u011fini duyuruldu. B\u00f6lgedeki valilikelr f\u0131rt\u0131nan\u0131n Sal\u0131 gecesi etkisini kaybetmesinin \u00f6n g\u00f6r\u00fcld\u00fc\u011f\u00fcn\u00fc belirterek, vatanda\u015flar\u0131 tedbirli olmalar\u0131 konusunda uyard\u0131.\u0130STANBUL (\u0130GFA) &#8211; \u0130stanbul Valili\u011fi, Meteoroloji Genel M\u00fcd\u00fcrl\u00fc\u011f\u00fc\u2019n\u00fcn de\u011ferlendirmelerine g\u00f6re, Marmara B\u00f6lgesi\u2019nde 28 Nisan 2025 Pazartesi \u00f6\u011fle saatlerinden itibaren f\u0131rt\u0131na beklendi\u011fini a\u00e7\u0131klad\u0131. R\u00fczg\u00e2r\u0131n kuzey ve kuzeydo\u011fu y\u00f6nlerden 6-8 kuvvetinde (50-75 km\/saat) esmesi tahmin ediliyor. F\u0131rt\u0131nan\u0131n, 29 Nisan 2025 Sal\u0131 g\u00fcn\u00fc gece saatlerinden itibaren etkisini kaybetmesi bekleniyor. Bu arada b\u00f6lgedeki di\u011fer valilikler de vatanda\u015flar\u0131 dikkatli ve tedbirli olmaya \u00e7a\u011f\u0131rarak, olas\u0131 olumsuzluklara kar\u015f\u0131 haz\u0131rl\u0131kl\u0131 olunmas\u0131n\u0131 istedi.\u00a0 \u200bHaberin Al\u0131nt\u0131land\u0131\u011f\u0131 Kaynak: www.iskenderun.org<\/p>","protected":false},"author":1,"featured_media":0,"comment_status":"","ping_status":"open","sticky":false,"template":"","format":"standard","meta":{"_acf_changed":false,"footnotes":""},"categories":[24],"tags":[],"class_list":["post-69024","post","type-post","status-publish","format-standard","has-post-thumbnail","hentry","category-gundem"],"acf":[],"yoast_head":"<!-- This site is optimized with the Yoast SEO Premium plugin v26.6 (Yoast SEO v27.1.1) - https:\/\/yoast.com\/product\/yoast-seo-premium-wordpress\/ -->\n<title>Meteoroloji&#039;den Marmara\u2019ya &#039;tedbirli olun&#039; uyar\u0131s\u0131 - Av. Deniz Can K\u0131z\u0131l<\/title>\n<meta name=\"robots\" content=\"index, follow, max-snippet:-1, max-image-preview:large, max-video-preview:-1\" \/>\n<link rel=\"canonical\" href=\"http:\/\/denizcankizil.tr\/en\/haberler\/gundem\/meteorolojiden-marmaraya-tedbirli-olun-uyarisi\/\" \/>\n<meta property=\"og:locale\" content=\"en_GB\" \/>\n<meta property=\"og:type\" content=\"article\" \/>\n<meta property=\"og:title\" content=\"Meteoroloji&#039;den Marmara\u2019ya &#039;tedbirli olun&#039; uyar\u0131s\u0131\" \/>\n<meta property=\"og:description\" content=\"Meteoroloji Genel M\u00fcd\u00fcrl\u00fc\u011f\u00fc\u2019n\u00fcn uyar\u0131s\u0131na dayanarak, Marmara\u2019da 28 Nisan 2025 Pazartesi \u00f6\u011fleden itibaren f\u0131rt\u0131na beklendi\u011fini duyuruldu. B\u00f6lgedeki valilikelr f\u0131rt\u0131nan\u0131n Sal\u0131 gecesi etkisini kaybetmesinin \u00f6n g\u00f6r\u00fcld\u00fc\u011f\u00fcn\u00fc belirterek, vatanda\u015flar\u0131 tedbirli olmalar\u0131 konusunda uyard\u0131.\u0130STANBUL (\u0130GFA) &#8211; \u0130stanbul Valili\u011fi, Meteoroloji Genel M\u00fcd\u00fcrl\u00fc\u011f\u00fc\u2019n\u00fcn de\u011ferlendirmelerine g\u00f6re, Marmara B\u00f6lgesi\u2019nde 28 Nisan 2025 Pazartesi \u00f6\u011fle saatlerinden itibaren f\u0131rt\u0131na beklendi\u011fini a\u00e7\u0131klad\u0131. R\u00fczg\u00e2r\u0131n kuzey ve kuzeydo\u011fu y\u00f6nlerden 6-8 kuvvetinde (50-75 km\/saat) esmesi tahmin ediliyor. F\u0131rt\u0131nan\u0131n, 29 Nisan 2025 Sal\u0131 g\u00fcn\u00fc gece saatlerinden itibaren etkisini kaybetmesi bekleniyor. Bu arada b\u00f6lgedeki di\u011fer valilikler de vatanda\u015flar\u0131 dikkatli ve tedbirli olmaya \u00e7a\u011f\u0131rarak, olas\u0131 olumsuzluklara kar\u015f\u0131 haz\u0131rl\u0131kl\u0131 olunmas\u0131n\u0131 istedi. \u200bMeteoroloji Genel M\u00fcd\u00fcrl\u00fc\u011f\u00fc\u2019n\u00fcn uyar\u0131s\u0131na dayanarak, Marmara\u2019da 28 Nisan 2025 Pazartesi \u00f6\u011fleden itibaren f\u0131rt\u0131na beklendi\u011fini duyuruldu. B\u00f6lgedeki valilikelr f\u0131rt\u0131nan\u0131n Sal\u0131 gecesi etkisini kaybetmesinin \u00f6n g\u00f6r\u00fcld\u00fc\u011f\u00fcn\u00fc belirterek, vatanda\u015flar\u0131 tedbirli olmalar\u0131 konusunda uyard\u0131.\u0130STANBUL (\u0130GFA) &#8211; \u0130stanbul Valili\u011fi, Meteoroloji Genel M\u00fcd\u00fcrl\u00fc\u011f\u00fc\u2019n\u00fcn de\u011ferlendirmelerine g\u00f6re, Marmara B\u00f6lgesi\u2019nde 28 Nisan 2025 Pazartesi \u00f6\u011fle saatlerinden itibaren f\u0131rt\u0131na beklendi\u011fini a\u00e7\u0131klad\u0131. R\u00fczg\u00e2r\u0131n kuzey ve kuzeydo\u011fu y\u00f6nlerden 6-8 kuvvetinde (50-75 km\/saat) esmesi tahmin ediliyor. F\u0131rt\u0131nan\u0131n, 29 Nisan 2025 Sal\u0131 g\u00fcn\u00fc gece saatlerinden itibaren etkisini kaybetmesi bekleniyor. Bu arada b\u00f6lgedeki di\u011fer valilikler de vatanda\u015flar\u0131 dikkatli ve tedbirli olmaya \u00e7a\u011f\u0131rarak, olas\u0131 olumsuzluklara kar\u015f\u0131 haz\u0131rl\u0131kl\u0131 olunmas\u0131n\u0131 istedi.\u00a0 \u200bHaberin Al\u0131nt\u0131land\u0131\u011f\u0131 Kaynak: www.iskenderun.org\" \/>\n<meta property=\"og:url\" content=\"http:\/\/denizcankizil.tr\/en\/haberler\/gundem\/meteorolojiden-marmaraya-tedbirli-olun-uyarisi\/\" \/>\n<meta property=\"og:site_name\" content=\"Av. Deniz Can K\u0131z\u0131l\" \/>\n<meta property=\"article:published_time\" content=\"2025-04-28T06:42:19+00:00\" \/>\n<meta name=\"author\" content=\"admin\" \/>\n<meta name=\"twitter:card\" content=\"summary_large_image\" \/>\n<meta name=\"twitter:label1\" content=\"Written by\" \/>\n\t<meta name=\"twitter:data1\" content=\"admin\" \/>\n\t<meta name=\"twitter:label2\" content=\"Estimated reading time\" \/>\n\t<meta name=\"twitter:data2\" content=\"1 minute\" \/>\n<script type=\"application\/ld+json\" class=\"yoast-schema-graph\">{\"@context\":\"https:\/\/schema.org\",\"@graph\":[{\"@type\":\"Article\",\"@id\":\"http:\/\/denizcankizil.tr\/en\/haberler\/gundem\/meteorolojiden-marmaraya-tedbirli-olun-uyarisi\/#article\",\"isPartOf\":{\"@id\":\"http:\/\/denizcankizil.tr\/en\/haberler\/gundem\/meteorolojiden-marmaraya-tedbirli-olun-uyarisi\/\"},\"author\":{\"name\":\"admin\",\"@id\":\"https:\/\/denizcankizil.tr\/de\/#\/schema\/person\/be3c05fe6a12686905512445d8185489\"},\"headline\":\"Meteoroloji&#8217;den Marmara\u2019ya &#8216;tedbirli olun&#8217; uyar\u0131s\u0131\",\"datePublished\":\"2025-04-28T06:42:19+00:00\",\"mainEntityOfPage\":{\"@id\":\"http:\/\/denizcankizil.tr\/en\/haberler\/gundem\/meteorolojiden-marmaraya-tedbirli-olun-uyarisi\/\"},\"wordCount\":288,\"publisher\":{\"@id\":\"https:\/\/denizcankizil.tr\/de\/#organization\"},\"articleSection\":[\"G\u00fcndem\"],\"inLanguage\":\"en-GB\"},{\"@type\":\"WebPage\",\"@id\":\"http:\/\/denizcankizil.tr\/en\/haberler\/gundem\/meteorolojiden-marmaraya-tedbirli-olun-uyarisi\/\",\"url\":\"http:\/\/denizcankizil.tr\/en\/haberler\/gundem\/meteorolojiden-marmaraya-tedbirli-olun-uyarisi\/\",\"name\":\"Meteoroloji'den Marmara\u2019ya 'tedbirli olun' uyar\u0131s\u0131 - Av. Deniz Can K\u0131z\u0131l\",\"isPartOf\":{\"@id\":\"https:\/\/denizcankizil.tr\/de\/#website\"},\"datePublished\":\"2025-04-28T06:42:19+00:00\",\"breadcrumb\":{\"@id\":\"http:\/\/denizcankizil.tr\/en\/haberler\/gundem\/meteorolojiden-marmaraya-tedbirli-olun-uyarisi\/#breadcrumb\"},\"inLanguage\":\"en-GB\",\"potentialAction\":[{\"@type\":\"ReadAction\",\"target\":[\"http:\/\/denizcankizil.tr\/en\/haberler\/gundem\/meteorolojiden-marmaraya-tedbirli-olun-uyarisi\/\"]}]},{\"@type\":\"BreadcrumbList\",\"@id\":\"http:\/\/denizcankizil.tr\/en\/haberler\/gundem\/meteorolojiden-marmaraya-tedbirli-olun-uyarisi\/#breadcrumb\",\"itemListElement\":[{\"@type\":\"ListItem\",\"position\":1,\"name\":\"Home\",\"item\":\"https:\/\/denizcankizil.tr\/de\/\"},{\"@type\":\"ListItem\",\"position\":2,\"name\":\"Meteoroloji&#8217;den Marmara\u2019ya &#8216;tedbirli olun&#8217; uyar\u0131s\u0131\"}]},{\"@type\":\"WebSite\",\"@id\":\"https:\/\/denizcankizil.tr\/de\/#website\",\"url\":\"https:\/\/denizcankizil.tr\/de\/\",\"name\":\"Av. Deniz Can K\u0131z\u0131l\",\"description\":\"Avukat Deniz Can K\u0131z\u0131l Antalya Barosu\",\"publisher\":{\"@id\":\"https:\/\/denizcankizil.tr\/de\/#organization\"},\"potentialAction\":[{\"@type\":\"SearchAction\",\"target\":{\"@type\":\"EntryPoint\",\"urlTemplate\":\"https:\/\/denizcankizil.tr\/de\/?s={search_term_string}\"},\"query-input\":{\"@type\":\"PropertyValueSpecification\",\"valueRequired\":true,\"valueName\":\"search_term_string\"}}],\"inLanguage\":\"en-GB\"},{\"@type\":\"Organization\",\"@id\":\"https:\/\/denizcankizil.tr\/de\/#organization\",\"name\":\"Av. Deniz Can K\u0131z\u0131l\",\"url\":\"https:\/\/denizcankizil.tr\/de\/\",\"logo\":{\"@type\":\"ImageObject\",\"inLanguage\":\"en-GB\",\"@id\":\"https:\/\/denizcankizil.tr\/de\/#\/schema\/logo\/image\/\",\"url\":\"http:\/\/denizcankizil.tr\/wp-content\/uploads\/2024\/10\/siyah-logo-svg.svg\",\"contentUrl\":\"http:\/\/denizcankizil.tr\/wp-content\/uploads\/2024\/10\/siyah-logo-svg.svg\",\"width\":1080,\"height\":1080,\"caption\":\"Av. Deniz Can K\u0131z\u0131l\"},\"image\":{\"@id\":\"https:\/\/denizcankizil.tr\/de\/#\/schema\/logo\/image\/\"}},{\"@type\":\"Person\",\"@id\":\"https:\/\/denizcankizil.tr\/de\/#\/schema\/person\/be3c05fe6a12686905512445d8185489\",\"name\":\"admin\",\"image\":{\"@type\":\"ImageObject\",\"inLanguage\":\"en-GB\",\"@id\":\"https:\/\/denizcankizil.tr\/de\/#\/schema\/person\/image\/\",\"url\":\"https:\/\/secure.gravatar.com\/avatar\/c1fce94c830dc79107e174f890d7210541c4a63e8e5d816341794a2151c9d58c?s=96&d=mm&r=g\",\"contentUrl\":\"https:\/\/secure.gravatar.com\/avatar\/c1fce94c830dc79107e174f890d7210541c4a63e8e5d816341794a2151c9d58c?s=96&d=mm&r=g\",\"caption\":\"admin\"},\"sameAs\":[\"http:\/\/denizcankizil.tr\"],\"url\":\"https:\/\/www.iskenderun.org\/meteorolojiden-marmaraya-tedbirli-olun-uyarisi\"}]}<\/script>\n<!-- \/ Yoast SEO Premium plugin. -->","yoast_head_json":{"title":"Meteoroloji'den Marmara\u2019ya 'tedbirli olun' uyar\u0131s\u0131 - Av. Deniz Can K\u0131z\u0131l","robots":{"index":"index","follow":"follow","max-snippet":"max-snippet:-1","max-image-preview":"max-image-preview:large","max-video-preview":"max-video-preview:-1"},"canonical":"http:\/\/denizcankizil.tr\/en\/haberler\/gundem\/meteorolojiden-marmaraya-tedbirli-olun-uyarisi\/","og_locale":"en_GB","og_type":"article","og_title":"Meteoroloji'den Marmara\u2019ya 'tedbirli olun' uyar\u0131s\u0131","og_description":"Meteoroloji Genel M\u00fcd\u00fcrl\u00fc\u011f\u00fc\u2019n\u00fcn uyar\u0131s\u0131na dayanarak, Marmara\u2019da 28 Nisan 2025 Pazartesi \u00f6\u011fleden itibaren f\u0131rt\u0131na beklendi\u011fini duyuruldu. B\u00f6lgedeki valilikelr f\u0131rt\u0131nan\u0131n Sal\u0131 gecesi etkisini kaybetmesinin \u00f6n g\u00f6r\u00fcld\u00fc\u011f\u00fcn\u00fc belirterek, vatanda\u015flar\u0131 tedbirli olmalar\u0131 konusunda uyard\u0131.\u0130STANBUL (\u0130GFA) &#8211; \u0130stanbul Valili\u011fi, Meteoroloji Genel M\u00fcd\u00fcrl\u00fc\u011f\u00fc\u2019n\u00fcn de\u011ferlendirmelerine g\u00f6re, Marmara B\u00f6lgesi\u2019nde 28 Nisan 2025 Pazartesi \u00f6\u011fle saatlerinden itibaren f\u0131rt\u0131na beklendi\u011fini a\u00e7\u0131klad\u0131. R\u00fczg\u00e2r\u0131n kuzey ve kuzeydo\u011fu y\u00f6nlerden 6-8 kuvvetinde (50-75 km\/saat) esmesi tahmin ediliyor. F\u0131rt\u0131nan\u0131n, 29 Nisan 2025 Sal\u0131 g\u00fcn\u00fc gece saatlerinden itibaren etkisini kaybetmesi bekleniyor. Bu arada b\u00f6lgedeki di\u011fer valilikler de vatanda\u015flar\u0131 dikkatli ve tedbirli olmaya \u00e7a\u011f\u0131rarak, olas\u0131 olumsuzluklara kar\u015f\u0131 haz\u0131rl\u0131kl\u0131 olunmas\u0131n\u0131 istedi. \u200bMeteoroloji Genel M\u00fcd\u00fcrl\u00fc\u011f\u00fc\u2019n\u00fcn uyar\u0131s\u0131na dayanarak, Marmara\u2019da 28 Nisan 2025 Pazartesi \u00f6\u011fleden itibaren f\u0131rt\u0131na beklendi\u011fini duyuruldu. B\u00f6lgedeki valilikelr f\u0131rt\u0131nan\u0131n Sal\u0131 gecesi etkisini kaybetmesinin \u00f6n g\u00f6r\u00fcld\u00fc\u011f\u00fcn\u00fc belirterek, vatanda\u015flar\u0131 tedbirli olmalar\u0131 konusunda uyard\u0131.\u0130STANBUL (\u0130GFA) &#8211; \u0130stanbul Valili\u011fi, Meteoroloji Genel M\u00fcd\u00fcrl\u00fc\u011f\u00fc\u2019n\u00fcn de\u011ferlendirmelerine g\u00f6re, Marmara B\u00f6lgesi\u2019nde 28 Nisan 2025 Pazartesi \u00f6\u011fle saatlerinden itibaren f\u0131rt\u0131na beklendi\u011fini a\u00e7\u0131klad\u0131. R\u00fczg\u00e2r\u0131n kuzey ve kuzeydo\u011fu y\u00f6nlerden 6-8 kuvvetinde (50-75 km\/saat) esmesi tahmin ediliyor. F\u0131rt\u0131nan\u0131n, 29 Nisan 2025 Sal\u0131 g\u00fcn\u00fc gece saatlerinden itibaren etkisini kaybetmesi bekleniyor. Bu arada b\u00f6lgedeki di\u011fer valilikler de vatanda\u015flar\u0131 dikkatli ve tedbirli olmaya \u00e7a\u011f\u0131rarak, olas\u0131 olumsuzluklara kar\u015f\u0131 haz\u0131rl\u0131kl\u0131 olunmas\u0131n\u0131 istedi.\u00a0 \u200bHaberin Al\u0131nt\u0131land\u0131\u011f\u0131 Kaynak: www.iskenderun.org","og_url":"http:\/\/denizcankizil.tr\/en\/haberler\/gundem\/meteorolojiden-marmaraya-tedbirli-olun-uyarisi\/","og_site_name":"Av. Deniz Can K\u0131z\u0131l","article_published_time":"2025-04-28T06:42:19+00:00","author":"admin","twitter_card":"summary_large_image","twitter_misc":{"Written by":"admin","Estimated reading time":"1 minute"},"schema":{"@context":"https:\/\/schema.org","@graph":[{"@type":"Article","@id":"http:\/\/denizcankizil.tr\/en\/haberler\/gundem\/meteorolojiden-marmaraya-tedbirli-olun-uyarisi\/#article","isPartOf":{"@id":"http:\/\/denizcankizil.tr\/en\/haberler\/gundem\/meteorolojiden-marmaraya-tedbirli-olun-uyarisi\/"},"author":{"name":"admin","@id":"https:\/\/denizcankizil.tr\/de\/#\/schema\/person\/be3c05fe6a12686905512445d8185489"},"headline":"Meteoroloji&#8217;den Marmara\u2019ya &#8216;tedbirli olun&#8217; uyar\u0131s\u0131","datePublished":"2025-04-28T06:42:19+00:00","mainEntityOfPage":{"@id":"http:\/\/denizcankizil.tr\/en\/haberler\/gundem\/meteorolojiden-marmaraya-tedbirli-olun-uyarisi\/"},"wordCount":288,"publisher":{"@id":"https:\/\/denizcankizil.tr\/de\/#organization"},"articleSection":["G\u00fcndem"],"inLanguage":"en-GB"},{"@type":"WebPage","@id":"http:\/\/denizcankizil.tr\/en\/haberler\/gundem\/meteorolojiden-marmaraya-tedbirli-olun-uyarisi\/","url":"http:\/\/denizcankizil.tr\/en\/haberler\/gundem\/meteorolojiden-marmaraya-tedbirli-olun-uyarisi\/","name":"Meteoroloji'den Marmara\u2019ya 'tedbirli olun' uyar\u0131s\u0131 - Av. Deniz Can K\u0131z\u0131l","isPartOf":{"@id":"https:\/\/denizcankizil.tr\/de\/#website"},"datePublished":"2025-04-28T06:42:19+00:00","breadcrumb":{"@id":"http:\/\/denizcankizil.tr\/en\/haberler\/gundem\/meteorolojiden-marmaraya-tedbirli-olun-uyarisi\/#breadcrumb"},"inLanguage":"en-GB","potentialAction":[{"@type":"ReadAction","target":["http:\/\/denizcankizil.tr\/en\/haberler\/gundem\/meteorolojiden-marmaraya-tedbirli-olun-uyarisi\/"]}]},{"@type":"BreadcrumbList","@id":"http:\/\/denizcankizil.tr\/en\/haberler\/gundem\/meteorolojiden-marmaraya-tedbirli-olun-uyarisi\/#breadcrumb","itemListElement":[{"@type":"ListItem","position":1,"name":"Home","item":"https:\/\/denizcankizil.tr\/de\/"},{"@type":"ListItem","position":2,"name":"Meteoroloji&#8217;den Marmara\u2019ya &#8216;tedbirli olun&#8217; uyar\u0131s\u0131"}]},{"@type":"WebSite","@id":"https:\/\/denizcankizil.tr\/de\/#website","url":"https:\/\/denizcankizil.tr\/de\/","name":"Av. Deniz Can K\u0131z\u0131l","description":"Avukat Deniz Can K\u0131z\u0131l Antalya Barosu","publisher":{"@id":"https:\/\/denizcankizil.tr\/de\/#organization"},"potentialAction":[{"@type":"SearchAction","target":{"@type":"EntryPoint","urlTemplate":"https:\/\/denizcankizil.tr\/de\/?s={search_term_string}"},"query-input":{"@type":"PropertyValueSpecification","valueRequired":true,"valueName":"search_term_string"}}],"inLanguage":"en-GB"},{"@type":"Organization","@id":"https:\/\/denizcankizil.tr\/de\/#organization","name":"Av. Deniz Can K\u0131z\u0131l","url":"https:\/\/denizcankizil.tr\/de\/","logo":{"@type":"ImageObject","inLanguage":"en-GB","@id":"https:\/\/denizcankizil.tr\/de\/#\/schema\/logo\/image\/","url":"http:\/\/denizcankizil.tr\/wp-content\/uploads\/2024\/10\/siyah-logo-svg.svg","contentUrl":"http:\/\/denizcankizil.tr\/wp-content\/uploads\/2024\/10\/siyah-logo-svg.svg","width":1080,"height":1080,"caption":"Av. Deniz Can K\u0131z\u0131l"},"image":{"@id":"https:\/\/denizcankizil.tr\/de\/#\/schema\/logo\/image\/"}},{"@type":"Person","@id":"https:\/\/denizcankizil.tr\/de\/#\/schema\/person\/be3c05fe6a12686905512445d8185489","name":"admin","image":{"@type":"ImageObject","inLanguage":"en-GB","@id":"https:\/\/denizcankizil.tr\/de\/#\/schema\/person\/image\/","url":"https:\/\/secure.gravatar.com\/avatar\/c1fce94c830dc79107e174f890d7210541c4a63e8e5d816341794a2151c9d58c?s=96&d=mm&r=g","contentUrl":"https:\/\/secure.gravatar.com\/avatar\/c1fce94c830dc79107e174f890d7210541c4a63e8e5d816341794a2151c9d58c?s=96&d=mm&r=g","caption":"admin"},"sameAs":["http:\/\/denizcankizil.tr"],"url":"https:\/\/www.iskenderun.org\/meteorolojiden-marmaraya-tedbirli-olun-uyarisi"}]}},"_links":{"self":[{"href":"http:\/\/denizcankizil.tr\/en\/wp-json\/wp\/v2\/posts\/69024","targetHints":{"allow":["GET"]}}],"collection":[{"href":"http:\/\/denizcankizil.tr\/en\/wp-json\/wp\/v2\/posts"}],"about":[{"href":"http:\/\/denizcankizil.tr\/en\/wp-json\/wp\/v2\/types\/post"}],"author":[{"embeddable":true,"href":"http:\/\/denizcankizil.tr\/en\/wp-json\/wp\/v2\/users\/1"}],"replies":[{"embeddable":true,"href":"http:\/\/denizcankizil.tr\/en\/wp-json\/wp\/v2\/comments?post=69024"}],"version-history":[{"count":0,"href":"http:\/\/denizcankizil.tr\/en\/wp-json\/wp\/v2\/posts\/69024\/revisions"}],"wp:attachment":[{"href":"http:\/\/denizcankizil.tr\/en\/wp-json\/wp\/v2\/media?parent=69024"}],"wp:term":[{"taxonomy":"category","embeddable":true,"href":"http:\/\/denizcankizil.tr\/en\/wp-json\/wp\/v2\/categories?post=69024"},{"taxonomy":"post_tag","embeddable":true,"href":"http:\/\/denizcankizil.tr\/en\/wp-json\/wp\/v2\/tags?post=69024"}],"curies":[{"name":"wp","href":"https:\/\/api.w.org\/{rel}","templated":true}]}}