{"id":67161,"date":"2025-04-26T14:42:19","date_gmt":"2025-04-26T11:42:19","guid":{"rendered":"https:\/\/denizcankizil.tr\/uncategorized-tr\/hatayda-nisan-yagmurlari-hayati-olumsuz-etkiledi\/"},"modified":"2025-04-26T14:42:19","modified_gmt":"2025-04-26T11:42:19","slug":"hatayda-nisan-yagmurlari-hayati-olumsuz-etkiledi","status":"publish","type":"post","link":"http:\/\/denizcankizil.tr\/en\/haberler\/gundem\/hatayda-nisan-yagmurlari-hayati-olumsuz-etkiledi\/","title":{"rendered":"Hatay\u2019da Nisan Ya\u011fmurlar\u0131 Hayat\u0131 Olumsuz Etkiledi"},"content":{"rendered":"<p>Hatay\u2019da Ya\u011f\u0131\u015flar K\u0131y\u0131 Kesimlerde Kuvvetli<\/p>\n<p>Hatay\u2019da g\u00fcn boyunca \u00e7ok bulutlu bir hava h\u00e2kim olurken, aral\u0131kl\u0131 ve yerel olarak sa\u011fanak ve g\u00f6k g\u00fcr\u00fclt\u00fcl\u00fc sa\u011fanak ya\u011f\u0131\u015flar etkili oldu. \u00d6zellikle sabah saatlerinde k\u0131y\u0131 kesimlerde ya\u011f\u0131\u015flar\u0131n kuvvetli olmas\u0131 nedeniyle s\u00fcr\u00fcc\u00fcler ve vatanda\u015flar zor anlar ya\u015fad\u0131. Hatay\u2019\u0131n bir\u00e7ok il\u00e7esinde oldu\u011fu gibi etkili olan ya\u011f\u0131\u015flarda \u0130skenderun\u2019da Nisan ya\u011fmurlar\u0131n\u0131 vatanda\u015flar bereket olarak nitelendirdi. Yakla\u015f\u0131k yar\u0131m saatlik ya\u011f\u0131\u015f s\u0131ras\u0131nda vatanda\u015flar \u0131sland\u0131, \u015fehir merkezindeki baz\u0131 depremzede esnaf\u0131n bulundu\u011fu \u00e7ar\u015f\u0131n\u0131n \u00e7at\u0131lar\u0131ndan ya\u011fmur s\u0131zd\u0131, esnaf ellerinde s\u00fcp\u00fcrgeyle su tahliyesi yapt\u0131.<\/p>\n<p>Meteoroloji Genel M\u00fcd\u00fcrl\u00fc\u011f\u00fc taraf\u0131ndan yap\u0131lan son de\u011ferlendirmelere g\u00f6re, T\u00fcrkiye genelinin par\u00e7al\u0131 ve \u00e7ok bulutlu, Bat\u0131 Karadeniz k\u0131y\u0131lar\u0131 d\u0131\u015f\u0131nda kalan b\u00f6lgelerin ise aral\u0131kl\u0131 sa\u011fanak ve g\u00f6k g\u00fcr\u00fclt\u00fcl\u00fc sa\u011fanak ya\u011f\u0131\u015fl\u0131 ge\u00e7ece\u011fi tahmin ediliyor. Ya\u011f\u0131\u015flar\u0131n; Edirne, K\u0131rklareli, \u00c7anakkale, Adana, Osmaniye, Nev\u015fehir, Yozgat, Sivas, Tokat, Ordu, Giresun, Tunceli, Bing\u00f6l, Bitlis, Diyarbak\u0131r, Batman, Siirt, \u015e\u0131rnak, Hakkari ve Hatay\u2019\u0131n k\u0131y\u0131 kesimleri ile Van\u2019\u0131n kuzeyinde yerel olarak kuvvetli olmas\u0131 bekleniyor.<\/p>\n<p>Meteoroloji\u2019den Pe\u015f Pe\u015fe Uyar\u0131lar<\/p>\n<p>Meteoroloji Genel M\u00fcd\u00fcrl\u00fc\u011f\u00fc, kuvvetli ya\u011f\u0131\u015flara kar\u015f\u0131 vatanda\u015flar\u0131 dikkatli ve tedbirli olmalar\u0131 konusunda uyard\u0131. Ayr\u0131ca Do\u011fu ve G\u00fcneydo\u011fu Anadolu\u2019nun do\u011fusunda g\u00fcney ve g\u00fcneybat\u0131 y\u00f6nlerinden esecek kuvvetli r\u00fczg\u00e2rlara kar\u015f\u0131 da uyar\u0131 yap\u0131ld\u0131. R\u00fczg\u00e2r h\u0131z\u0131n\u0131n 40-60 km\/saat aras\u0131nda olmas\u0131 bekleniyor.<\/p>\n<p>\u00d6te yandan, Do\u011fu Anadolu\u2019nun g\u00fcneydo\u011fusu ile G\u00fcneydo\u011fu Anadolu\u2019da toz ta\u015f\u0131n\u0131m\u0131 bekleniyor. Bu nedenle b\u00f6lgede ula\u015f\u0131mda aksamalar, hava kalitesinde d\u00fc\u015f\u00fc\u015f, g\u00f6r\u00fc\u015f mesafesinde azalma ve \u00e7amur \u015feklinde ya\u011f\u0131\u015f gibi olumsuzluklara kar\u015f\u0131 tedbir al\u0131nmas\u0131 gerekti\u011fi belirtildi.<\/p>\n<p>\u200bT\u00fcrkiye genelinde etkili olan kuvvetli Nisan ya\u011f\u0131\u015flar\u0131, Hatay\u2019da da g\u00fcnl\u00fck ya\u015fam\u0131 olumsuz etkiledi. \u00d6zellikle Payas, D\u00f6rtyol, Erzin, \u0130skenderun ve Belen il\u00e7elerinde sa\u011fanak ve g\u00f6k g\u00fcr\u00fclt\u00fcl\u00fc sa\u011fanak ya\u011f\u0131\u015flar nedeniyle vatanda\u015flar zor anlar ya\u015fad\u0131.\u00a0<\/p>\n<p>\u200bHaberin Al\u0131nt\u0131land\u0131\u011f\u0131 Kaynak: www.iskenderun.org<\/p>","protected":false},"excerpt":{"rendered":"<p>Hatay\u2019da Ya\u011f\u0131\u015flar K\u0131y\u0131 Kesimlerde Kuvvetli Hatay\u2019da g\u00fcn boyunca \u00e7ok bulutlu bir hava h\u00e2kim olurken, aral\u0131kl\u0131 ve yerel olarak sa\u011fanak ve g\u00f6k g\u00fcr\u00fclt\u00fcl\u00fc sa\u011fanak ya\u011f\u0131\u015flar etkili oldu. \u00d6zellikle sabah saatlerinde k\u0131y\u0131 kesimlerde ya\u011f\u0131\u015flar\u0131n kuvvetli olmas\u0131 nedeniyle s\u00fcr\u00fcc\u00fcler ve vatanda\u015flar zor anlar ya\u015fad\u0131. Hatay\u2019\u0131n bir\u00e7ok il\u00e7esinde oldu\u011fu gibi etkili olan ya\u011f\u0131\u015flarda \u0130skenderun\u2019da Nisan ya\u011fmurlar\u0131n\u0131 vatanda\u015flar bereket olarak nitelendirdi. Yakla\u015f\u0131k yar\u0131m saatlik ya\u011f\u0131\u015f s\u0131ras\u0131nda vatanda\u015flar \u0131sland\u0131, \u015fehir merkezindeki baz\u0131 depremzede esnaf\u0131n bulundu\u011fu \u00e7ar\u015f\u0131n\u0131n \u00e7at\u0131lar\u0131ndan ya\u011fmur s\u0131zd\u0131, esnaf ellerinde s\u00fcp\u00fcrgeyle su tahliyesi yapt\u0131. Meteoroloji Genel M\u00fcd\u00fcrl\u00fc\u011f\u00fc taraf\u0131ndan yap\u0131lan son de\u011ferlendirmelere g\u00f6re, T\u00fcrkiye genelinin par\u00e7al\u0131 ve \u00e7ok bulutlu, Bat\u0131 Karadeniz k\u0131y\u0131lar\u0131 d\u0131\u015f\u0131nda kalan b\u00f6lgelerin ise aral\u0131kl\u0131 sa\u011fanak ve g\u00f6k g\u00fcr\u00fclt\u00fcl\u00fc sa\u011fanak ya\u011f\u0131\u015fl\u0131 ge\u00e7ece\u011fi tahmin ediliyor. Ya\u011f\u0131\u015flar\u0131n; Edirne, K\u0131rklareli, \u00c7anakkale, Adana, Osmaniye, Nev\u015fehir, Yozgat, Sivas, Tokat, Ordu, Giresun, Tunceli, Bing\u00f6l, Bitlis, Diyarbak\u0131r, Batman, Siirt, \u015e\u0131rnak, Hakkari ve Hatay\u2019\u0131n k\u0131y\u0131 kesimleri ile Van\u2019\u0131n kuzeyinde yerel olarak kuvvetli olmas\u0131 bekleniyor. Meteoroloji\u2019den Pe\u015f Pe\u015fe Uyar\u0131lar Meteoroloji Genel M\u00fcd\u00fcrl\u00fc\u011f\u00fc, kuvvetli ya\u011f\u0131\u015flara kar\u015f\u0131 vatanda\u015flar\u0131 dikkatli ve tedbirli olmalar\u0131 konusunda uyard\u0131. Ayr\u0131ca Do\u011fu ve G\u00fcneydo\u011fu Anadolu\u2019nun do\u011fusunda g\u00fcney ve g\u00fcneybat\u0131 y\u00f6nlerinden esecek kuvvetli r\u00fczg\u00e2rlara kar\u015f\u0131 da uyar\u0131 yap\u0131ld\u0131. R\u00fczg\u00e2r h\u0131z\u0131n\u0131n 40-60 km\/saat aras\u0131nda olmas\u0131 bekleniyor. \u00d6te yandan, Do\u011fu Anadolu\u2019nun g\u00fcneydo\u011fusu ile G\u00fcneydo\u011fu Anadolu\u2019da toz ta\u015f\u0131n\u0131m\u0131 bekleniyor. Bu nedenle b\u00f6lgede ula\u015f\u0131mda aksamalar, hava &hellip;<\/p>","protected":false},"author":1,"featured_media":0,"comment_status":"","ping_status":"open","sticky":false,"template":"","format":"standard","meta":{"_acf_changed":false,"footnotes":""},"categories":[24],"tags":[],"class_list":["post-67161","post","type-post","status-publish","format-standard","has-post-thumbnail","hentry","category-gundem"],"acf":[],"yoast_head":"<!-- This site is optimized with the Yoast SEO Premium plugin v26.6 (Yoast SEO v27.1.1) - https:\/\/yoast.com\/product\/yoast-seo-premium-wordpress\/ -->\n<title>Hatay\u2019da Nisan Ya\u011fmurlar\u0131 Hayat\u0131 Olumsuz Etkiledi - Av. Deniz Can K\u0131z\u0131l<\/title>\n<meta name=\"robots\" content=\"index, follow, max-snippet:-1, max-image-preview:large, max-video-preview:-1\" \/>\n<link rel=\"canonical\" href=\"http:\/\/denizcankizil.tr\/en\/haberler\/gundem\/hatayda-nisan-yagmurlari-hayati-olumsuz-etkiledi\/\" \/>\n<meta property=\"og:locale\" content=\"en_GB\" \/>\n<meta property=\"og:type\" content=\"article\" \/>\n<meta property=\"og:title\" content=\"Hatay\u2019da Nisan Ya\u011fmurlar\u0131 Hayat\u0131 Olumsuz Etkiledi\" \/>\n<meta property=\"og:description\" content=\"Hatay\u2019da Ya\u011f\u0131\u015flar K\u0131y\u0131 Kesimlerde Kuvvetli Hatay\u2019da g\u00fcn boyunca \u00e7ok bulutlu bir hava h\u00e2kim olurken, aral\u0131kl\u0131 ve yerel olarak sa\u011fanak ve g\u00f6k g\u00fcr\u00fclt\u00fcl\u00fc sa\u011fanak ya\u011f\u0131\u015flar etkili oldu. \u00d6zellikle sabah saatlerinde k\u0131y\u0131 kesimlerde ya\u011f\u0131\u015flar\u0131n kuvvetli olmas\u0131 nedeniyle s\u00fcr\u00fcc\u00fcler ve vatanda\u015flar zor anlar ya\u015fad\u0131. Hatay\u2019\u0131n bir\u00e7ok il\u00e7esinde oldu\u011fu gibi etkili olan ya\u011f\u0131\u015flarda \u0130skenderun\u2019da Nisan ya\u011fmurlar\u0131n\u0131 vatanda\u015flar bereket olarak nitelendirdi. Yakla\u015f\u0131k yar\u0131m saatlik ya\u011f\u0131\u015f s\u0131ras\u0131nda vatanda\u015flar \u0131sland\u0131, \u015fehir merkezindeki baz\u0131 depremzede esnaf\u0131n bulundu\u011fu \u00e7ar\u015f\u0131n\u0131n \u00e7at\u0131lar\u0131ndan ya\u011fmur s\u0131zd\u0131, esnaf ellerinde s\u00fcp\u00fcrgeyle su tahliyesi yapt\u0131. Meteoroloji Genel M\u00fcd\u00fcrl\u00fc\u011f\u00fc taraf\u0131ndan yap\u0131lan son de\u011ferlendirmelere g\u00f6re, T\u00fcrkiye genelinin par\u00e7al\u0131 ve \u00e7ok bulutlu, Bat\u0131 Karadeniz k\u0131y\u0131lar\u0131 d\u0131\u015f\u0131nda kalan b\u00f6lgelerin ise aral\u0131kl\u0131 sa\u011fanak ve g\u00f6k g\u00fcr\u00fclt\u00fcl\u00fc sa\u011fanak ya\u011f\u0131\u015fl\u0131 ge\u00e7ece\u011fi tahmin ediliyor. Ya\u011f\u0131\u015flar\u0131n; Edirne, K\u0131rklareli, \u00c7anakkale, Adana, Osmaniye, Nev\u015fehir, Yozgat, Sivas, Tokat, Ordu, Giresun, Tunceli, Bing\u00f6l, Bitlis, Diyarbak\u0131r, Batman, Siirt, \u015e\u0131rnak, Hakkari ve Hatay\u2019\u0131n k\u0131y\u0131 kesimleri ile Van\u2019\u0131n kuzeyinde yerel olarak kuvvetli olmas\u0131 bekleniyor. Meteoroloji\u2019den Pe\u015f Pe\u015fe Uyar\u0131lar Meteoroloji Genel M\u00fcd\u00fcrl\u00fc\u011f\u00fc, kuvvetli ya\u011f\u0131\u015flara kar\u015f\u0131 vatanda\u015flar\u0131 dikkatli ve tedbirli olmalar\u0131 konusunda uyard\u0131. Ayr\u0131ca Do\u011fu ve G\u00fcneydo\u011fu Anadolu\u2019nun do\u011fusunda g\u00fcney ve g\u00fcneybat\u0131 y\u00f6nlerinden esecek kuvvetli r\u00fczg\u00e2rlara kar\u015f\u0131 da uyar\u0131 yap\u0131ld\u0131. R\u00fczg\u00e2r h\u0131z\u0131n\u0131n 40-60 km\/saat aras\u0131nda olmas\u0131 bekleniyor. \u00d6te yandan, Do\u011fu Anadolu\u2019nun g\u00fcneydo\u011fusu ile G\u00fcneydo\u011fu Anadolu\u2019da toz ta\u015f\u0131n\u0131m\u0131 bekleniyor. Bu nedenle b\u00f6lgede ula\u015f\u0131mda aksamalar, hava &hellip;\" \/>\n<meta property=\"og:url\" content=\"http:\/\/denizcankizil.tr\/en\/haberler\/gundem\/hatayda-nisan-yagmurlari-hayati-olumsuz-etkiledi\/\" \/>\n<meta property=\"og:site_name\" content=\"Av. Deniz Can K\u0131z\u0131l\" \/>\n<meta property=\"article:published_time\" content=\"2025-04-26T11:42:19+00:00\" \/>\n<meta name=\"author\" content=\"admin\" \/>\n<meta name=\"twitter:card\" content=\"summary_large_image\" \/>\n<meta name=\"twitter:label1\" content=\"Written by\" \/>\n\t<meta name=\"twitter:data1\" content=\"admin\" \/>\n\t<meta name=\"twitter:label2\" content=\"Estimated reading time\" \/>\n\t<meta name=\"twitter:data2\" content=\"2 minutes\" \/>\n<script type=\"application\/ld+json\" class=\"yoast-schema-graph\">{\"@context\":\"https:\/\/schema.org\",\"@graph\":[{\"@type\":\"Article\",\"@id\":\"http:\/\/denizcankizil.tr\/en\/haberler\/gundem\/hatayda-nisan-yagmurlari-hayati-olumsuz-etkiledi\/#article\",\"isPartOf\":{\"@id\":\"http:\/\/denizcankizil.tr\/en\/haberler\/gundem\/hatayda-nisan-yagmurlari-hayati-olumsuz-etkiledi\/\"},\"author\":{\"name\":\"admin\",\"@id\":\"https:\/\/denizcankizil.tr\/de\/#\/schema\/person\/be3c05fe6a12686905512445d8185489\"},\"headline\":\"Hatay\u2019da Nisan Ya\u011fmurlar\u0131 Hayat\u0131 Olumsuz Etkiledi\",\"datePublished\":\"2025-04-26T11:42:19+00:00\",\"mainEntityOfPage\":{\"@id\":\"http:\/\/denizcankizil.tr\/en\/haberler\/gundem\/hatayda-nisan-yagmurlari-hayati-olumsuz-etkiledi\/\"},\"wordCount\":398,\"publisher\":{\"@id\":\"https:\/\/denizcankizil.tr\/de\/#organization\"},\"articleSection\":[\"G\u00fcndem\"],\"inLanguage\":\"en-GB\"},{\"@type\":\"WebPage\",\"@id\":\"http:\/\/denizcankizil.tr\/en\/haberler\/gundem\/hatayda-nisan-yagmurlari-hayati-olumsuz-etkiledi\/\",\"url\":\"http:\/\/denizcankizil.tr\/en\/haberler\/gundem\/hatayda-nisan-yagmurlari-hayati-olumsuz-etkiledi\/\",\"name\":\"Hatay\u2019da Nisan Ya\u011fmurlar\u0131 Hayat\u0131 Olumsuz Etkiledi - Av. Deniz Can K\u0131z\u0131l\",\"isPartOf\":{\"@id\":\"https:\/\/denizcankizil.tr\/de\/#website\"},\"datePublished\":\"2025-04-26T11:42:19+00:00\",\"breadcrumb\":{\"@id\":\"http:\/\/denizcankizil.tr\/en\/haberler\/gundem\/hatayda-nisan-yagmurlari-hayati-olumsuz-etkiledi\/#breadcrumb\"},\"inLanguage\":\"en-GB\",\"potentialAction\":[{\"@type\":\"ReadAction\",\"target\":[\"http:\/\/denizcankizil.tr\/en\/haberler\/gundem\/hatayda-nisan-yagmurlari-hayati-olumsuz-etkiledi\/\"]}]},{\"@type\":\"BreadcrumbList\",\"@id\":\"http:\/\/denizcankizil.tr\/en\/haberler\/gundem\/hatayda-nisan-yagmurlari-hayati-olumsuz-etkiledi\/#breadcrumb\",\"itemListElement\":[{\"@type\":\"ListItem\",\"position\":1,\"name\":\"Home\",\"item\":\"https:\/\/denizcankizil.tr\/de\/\"},{\"@type\":\"ListItem\",\"position\":2,\"name\":\"Hatay\u2019da Nisan Ya\u011fmurlar\u0131 Hayat\u0131 Olumsuz Etkiledi\"}]},{\"@type\":\"WebSite\",\"@id\":\"https:\/\/denizcankizil.tr\/de\/#website\",\"url\":\"https:\/\/denizcankizil.tr\/de\/\",\"name\":\"Av. Deniz Can K\u0131z\u0131l\",\"description\":\"Avukat Deniz Can K\u0131z\u0131l Antalya Barosu\",\"publisher\":{\"@id\":\"https:\/\/denizcankizil.tr\/de\/#organization\"},\"potentialAction\":[{\"@type\":\"SearchAction\",\"target\":{\"@type\":\"EntryPoint\",\"urlTemplate\":\"https:\/\/denizcankizil.tr\/de\/?s={search_term_string}\"},\"query-input\":{\"@type\":\"PropertyValueSpecification\",\"valueRequired\":true,\"valueName\":\"search_term_string\"}}],\"inLanguage\":\"en-GB\"},{\"@type\":\"Organization\",\"@id\":\"https:\/\/denizcankizil.tr\/de\/#organization\",\"name\":\"Av. Deniz Can K\u0131z\u0131l\",\"url\":\"https:\/\/denizcankizil.tr\/de\/\",\"logo\":{\"@type\":\"ImageObject\",\"inLanguage\":\"en-GB\",\"@id\":\"https:\/\/denizcankizil.tr\/de\/#\/schema\/logo\/image\/\",\"url\":\"http:\/\/denizcankizil.tr\/wp-content\/uploads\/2024\/10\/siyah-logo-svg.svg\",\"contentUrl\":\"http:\/\/denizcankizil.tr\/wp-content\/uploads\/2024\/10\/siyah-logo-svg.svg\",\"width\":1080,\"height\":1080,\"caption\":\"Av. Deniz Can K\u0131z\u0131l\"},\"image\":{\"@id\":\"https:\/\/denizcankizil.tr\/de\/#\/schema\/logo\/image\/\"}},{\"@type\":\"Person\",\"@id\":\"https:\/\/denizcankizil.tr\/de\/#\/schema\/person\/be3c05fe6a12686905512445d8185489\",\"name\":\"admin\",\"image\":{\"@type\":\"ImageObject\",\"inLanguage\":\"en-GB\",\"@id\":\"https:\/\/denizcankizil.tr\/de\/#\/schema\/person\/image\/\",\"url\":\"https:\/\/secure.gravatar.com\/avatar\/c1fce94c830dc79107e174f890d7210541c4a63e8e5d816341794a2151c9d58c?s=96&d=mm&r=g\",\"contentUrl\":\"https:\/\/secure.gravatar.com\/avatar\/c1fce94c830dc79107e174f890d7210541c4a63e8e5d816341794a2151c9d58c?s=96&d=mm&r=g\",\"caption\":\"admin\"},\"sameAs\":[\"http:\/\/denizcankizil.tr\"],\"url\":\"https:\/\/www.iskenderun.org\/hatayda-nisan-yagmurlari-hayati-olumsuz-etkiledi\"}]}<\/script>\n<!-- \/ Yoast SEO Premium plugin. -->","yoast_head_json":{"title":"Hatay\u2019da Nisan Ya\u011fmurlar\u0131 Hayat\u0131 Olumsuz Etkiledi - Av. Deniz Can K\u0131z\u0131l","robots":{"index":"index","follow":"follow","max-snippet":"max-snippet:-1","max-image-preview":"max-image-preview:large","max-video-preview":"max-video-preview:-1"},"canonical":"http:\/\/denizcankizil.tr\/en\/haberler\/gundem\/hatayda-nisan-yagmurlari-hayati-olumsuz-etkiledi\/","og_locale":"en_GB","og_type":"article","og_title":"Hatay\u2019da Nisan Ya\u011fmurlar\u0131 Hayat\u0131 Olumsuz Etkiledi","og_description":"Hatay\u2019da Ya\u011f\u0131\u015flar K\u0131y\u0131 Kesimlerde Kuvvetli Hatay\u2019da g\u00fcn boyunca \u00e7ok bulutlu bir hava h\u00e2kim olurken, aral\u0131kl\u0131 ve yerel olarak sa\u011fanak ve g\u00f6k g\u00fcr\u00fclt\u00fcl\u00fc sa\u011fanak ya\u011f\u0131\u015flar etkili oldu. \u00d6zellikle sabah saatlerinde k\u0131y\u0131 kesimlerde ya\u011f\u0131\u015flar\u0131n kuvvetli olmas\u0131 nedeniyle s\u00fcr\u00fcc\u00fcler ve vatanda\u015flar zor anlar ya\u015fad\u0131. Hatay\u2019\u0131n bir\u00e7ok il\u00e7esinde oldu\u011fu gibi etkili olan ya\u011f\u0131\u015flarda \u0130skenderun\u2019da Nisan ya\u011fmurlar\u0131n\u0131 vatanda\u015flar bereket olarak nitelendirdi. Yakla\u015f\u0131k yar\u0131m saatlik ya\u011f\u0131\u015f s\u0131ras\u0131nda vatanda\u015flar \u0131sland\u0131, \u015fehir merkezindeki baz\u0131 depremzede esnaf\u0131n bulundu\u011fu \u00e7ar\u015f\u0131n\u0131n \u00e7at\u0131lar\u0131ndan ya\u011fmur s\u0131zd\u0131, esnaf ellerinde s\u00fcp\u00fcrgeyle su tahliyesi yapt\u0131. Meteoroloji Genel M\u00fcd\u00fcrl\u00fc\u011f\u00fc taraf\u0131ndan yap\u0131lan son de\u011ferlendirmelere g\u00f6re, T\u00fcrkiye genelinin par\u00e7al\u0131 ve \u00e7ok bulutlu, Bat\u0131 Karadeniz k\u0131y\u0131lar\u0131 d\u0131\u015f\u0131nda kalan b\u00f6lgelerin ise aral\u0131kl\u0131 sa\u011fanak ve g\u00f6k g\u00fcr\u00fclt\u00fcl\u00fc sa\u011fanak ya\u011f\u0131\u015fl\u0131 ge\u00e7ece\u011fi tahmin ediliyor. Ya\u011f\u0131\u015flar\u0131n; Edirne, K\u0131rklareli, \u00c7anakkale, Adana, Osmaniye, Nev\u015fehir, Yozgat, Sivas, Tokat, Ordu, Giresun, Tunceli, Bing\u00f6l, Bitlis, Diyarbak\u0131r, Batman, Siirt, \u015e\u0131rnak, Hakkari ve Hatay\u2019\u0131n k\u0131y\u0131 kesimleri ile Van\u2019\u0131n kuzeyinde yerel olarak kuvvetli olmas\u0131 bekleniyor. Meteoroloji\u2019den Pe\u015f Pe\u015fe Uyar\u0131lar Meteoroloji Genel M\u00fcd\u00fcrl\u00fc\u011f\u00fc, kuvvetli ya\u011f\u0131\u015flara kar\u015f\u0131 vatanda\u015flar\u0131 dikkatli ve tedbirli olmalar\u0131 konusunda uyard\u0131. Ayr\u0131ca Do\u011fu ve G\u00fcneydo\u011fu Anadolu\u2019nun do\u011fusunda g\u00fcney ve g\u00fcneybat\u0131 y\u00f6nlerinden esecek kuvvetli r\u00fczg\u00e2rlara kar\u015f\u0131 da uyar\u0131 yap\u0131ld\u0131. R\u00fczg\u00e2r h\u0131z\u0131n\u0131n 40-60 km\/saat aras\u0131nda olmas\u0131 bekleniyor. \u00d6te yandan, Do\u011fu Anadolu\u2019nun g\u00fcneydo\u011fusu ile G\u00fcneydo\u011fu Anadolu\u2019da toz ta\u015f\u0131n\u0131m\u0131 bekleniyor. Bu nedenle b\u00f6lgede ula\u015f\u0131mda aksamalar, hava &hellip;","og_url":"http:\/\/denizcankizil.tr\/en\/haberler\/gundem\/hatayda-nisan-yagmurlari-hayati-olumsuz-etkiledi\/","og_site_name":"Av. Deniz Can K\u0131z\u0131l","article_published_time":"2025-04-26T11:42:19+00:00","author":"admin","twitter_card":"summary_large_image","twitter_misc":{"Written by":"admin","Estimated reading time":"2 minutes"},"schema":{"@context":"https:\/\/schema.org","@graph":[{"@type":"Article","@id":"http:\/\/denizcankizil.tr\/en\/haberler\/gundem\/hatayda-nisan-yagmurlari-hayati-olumsuz-etkiledi\/#article","isPartOf":{"@id":"http:\/\/denizcankizil.tr\/en\/haberler\/gundem\/hatayda-nisan-yagmurlari-hayati-olumsuz-etkiledi\/"},"author":{"name":"admin","@id":"https:\/\/denizcankizil.tr\/de\/#\/schema\/person\/be3c05fe6a12686905512445d8185489"},"headline":"Hatay\u2019da Nisan Ya\u011fmurlar\u0131 Hayat\u0131 Olumsuz Etkiledi","datePublished":"2025-04-26T11:42:19+00:00","mainEntityOfPage":{"@id":"http:\/\/denizcankizil.tr\/en\/haberler\/gundem\/hatayda-nisan-yagmurlari-hayati-olumsuz-etkiledi\/"},"wordCount":398,"publisher":{"@id":"https:\/\/denizcankizil.tr\/de\/#organization"},"articleSection":["G\u00fcndem"],"inLanguage":"en-GB"},{"@type":"WebPage","@id":"http:\/\/denizcankizil.tr\/en\/haberler\/gundem\/hatayda-nisan-yagmurlari-hayati-olumsuz-etkiledi\/","url":"http:\/\/denizcankizil.tr\/en\/haberler\/gundem\/hatayda-nisan-yagmurlari-hayati-olumsuz-etkiledi\/","name":"Hatay\u2019da Nisan Ya\u011fmurlar\u0131 Hayat\u0131 Olumsuz Etkiledi - Av. Deniz Can K\u0131z\u0131l","isPartOf":{"@id":"https:\/\/denizcankizil.tr\/de\/#website"},"datePublished":"2025-04-26T11:42:19+00:00","breadcrumb":{"@id":"http:\/\/denizcankizil.tr\/en\/haberler\/gundem\/hatayda-nisan-yagmurlari-hayati-olumsuz-etkiledi\/#breadcrumb"},"inLanguage":"en-GB","potentialAction":[{"@type":"ReadAction","target":["http:\/\/denizcankizil.tr\/en\/haberler\/gundem\/hatayda-nisan-yagmurlari-hayati-olumsuz-etkiledi\/"]}]},{"@type":"BreadcrumbList","@id":"http:\/\/denizcankizil.tr\/en\/haberler\/gundem\/hatayda-nisan-yagmurlari-hayati-olumsuz-etkiledi\/#breadcrumb","itemListElement":[{"@type":"ListItem","position":1,"name":"Home","item":"https:\/\/denizcankizil.tr\/de\/"},{"@type":"ListItem","position":2,"name":"Hatay\u2019da Nisan Ya\u011fmurlar\u0131 Hayat\u0131 Olumsuz Etkiledi"}]},{"@type":"WebSite","@id":"https:\/\/denizcankizil.tr\/de\/#website","url":"https:\/\/denizcankizil.tr\/de\/","name":"Av. Deniz Can K\u0131z\u0131l","description":"Avukat Deniz Can K\u0131z\u0131l Antalya Barosu","publisher":{"@id":"https:\/\/denizcankizil.tr\/de\/#organization"},"potentialAction":[{"@type":"SearchAction","target":{"@type":"EntryPoint","urlTemplate":"https:\/\/denizcankizil.tr\/de\/?s={search_term_string}"},"query-input":{"@type":"PropertyValueSpecification","valueRequired":true,"valueName":"search_term_string"}}],"inLanguage":"en-GB"},{"@type":"Organization","@id":"https:\/\/denizcankizil.tr\/de\/#organization","name":"Av. Deniz Can K\u0131z\u0131l","url":"https:\/\/denizcankizil.tr\/de\/","logo":{"@type":"ImageObject","inLanguage":"en-GB","@id":"https:\/\/denizcankizil.tr\/de\/#\/schema\/logo\/image\/","url":"http:\/\/denizcankizil.tr\/wp-content\/uploads\/2024\/10\/siyah-logo-svg.svg","contentUrl":"http:\/\/denizcankizil.tr\/wp-content\/uploads\/2024\/10\/siyah-logo-svg.svg","width":1080,"height":1080,"caption":"Av. Deniz Can K\u0131z\u0131l"},"image":{"@id":"https:\/\/denizcankizil.tr\/de\/#\/schema\/logo\/image\/"}},{"@type":"Person","@id":"https:\/\/denizcankizil.tr\/de\/#\/schema\/person\/be3c05fe6a12686905512445d8185489","name":"admin","image":{"@type":"ImageObject","inLanguage":"en-GB","@id":"https:\/\/denizcankizil.tr\/de\/#\/schema\/person\/image\/","url":"https:\/\/secure.gravatar.com\/avatar\/c1fce94c830dc79107e174f890d7210541c4a63e8e5d816341794a2151c9d58c?s=96&d=mm&r=g","contentUrl":"https:\/\/secure.gravatar.com\/avatar\/c1fce94c830dc79107e174f890d7210541c4a63e8e5d816341794a2151c9d58c?s=96&d=mm&r=g","caption":"admin"},"sameAs":["http:\/\/denizcankizil.tr"],"url":"https:\/\/www.iskenderun.org\/hatayda-nisan-yagmurlari-hayati-olumsuz-etkiledi"}]}},"_links":{"self":[{"href":"http:\/\/denizcankizil.tr\/en\/wp-json\/wp\/v2\/posts\/67161","targetHints":{"allow":["GET"]}}],"collection":[{"href":"http:\/\/denizcankizil.tr\/en\/wp-json\/wp\/v2\/posts"}],"about":[{"href":"http:\/\/denizcankizil.tr\/en\/wp-json\/wp\/v2\/types\/post"}],"author":[{"embeddable":true,"href":"http:\/\/denizcankizil.tr\/en\/wp-json\/wp\/v2\/users\/1"}],"replies":[{"embeddable":true,"href":"http:\/\/denizcankizil.tr\/en\/wp-json\/wp\/v2\/comments?post=67161"}],"version-history":[{"count":0,"href":"http:\/\/denizcankizil.tr\/en\/wp-json\/wp\/v2\/posts\/67161\/revisions"}],"wp:attachment":[{"href":"http:\/\/denizcankizil.tr\/en\/wp-json\/wp\/v2\/media?parent=67161"}],"wp:term":[{"taxonomy":"category","embeddable":true,"href":"http:\/\/denizcankizil.tr\/en\/wp-json\/wp\/v2\/categories?post=67161"},{"taxonomy":"post_tag","embeddable":true,"href":"http:\/\/denizcankizil.tr\/en\/wp-json\/wp\/v2\/tags?post=67161"}],"curies":[{"name":"wp","href":"https:\/\/api.w.org\/{rel}","templated":true}]}}