{"id":6557,"date":"2024-10-22T12:41:15","date_gmt":"2024-10-22T09:41:15","guid":{"rendered":"https:\/\/denizcankizil.tr\/uncategorized-tr\/baskan-bocekin-kitabi-tuttu\/"},"modified":"2024-10-22T12:41:15","modified_gmt":"2024-10-22T09:41:15","slug":"baskan-bocekin-kitabi-tuttu","status":"publish","type":"post","link":"http:\/\/denizcankizil.tr\/en\/haberler\/gundem\/baskan-bocekin-kitabi-tuttu\/","title":{"rendered":"Ba\u015fkan B\u00f6cek&#8217;in kitab\u0131 tuttu"},"content":{"rendered":"<p>Antalya B\u00fcy\u00fck\u015fehir Belediyesi ev sahipli\u011finde Cam Piramit Fuar ve Kongre Merkezi\u2019nde bu y\u0131l 14&#8217;\u00fcnc\u00fcs\u00fc ger\u00e7ekle\u015ftirilecek &#8220;Antalya Kitap Fuar\u0131\u201d 25 Ekim- 3 Kas\u0131m tarihleri aras\u0131nda d\u00fczenlenecek. Fuara 271 yazar ve 225 ulusal ve uluslararas\u0131 yay\u0131nevi kat\u0131lacak. Ayr\u0131ca fuar i\u00e7in 19 il\u00e7eden \u00f6\u011frencilerin ula\u015f\u0131m\u0131n\u0131 kolayla\u015ft\u0131rmak i\u00e7in otob\u00fcs seferleri d\u00fczenlenecek. \u00a0Antalya B\u00fcy\u00fck\u015fehir Belediye Ba\u015fkan\u0131 Muhittin B\u00f6cek, bu y\u0131l 14&#8217;\u00fcnc\u00fcs\u00fc ger\u00e7ekle\u015ftirilecek &#8220;Antalya Kitap Fuar\u0131\u201d lasman toplant\u0131s\u0131nda gazeteciler ile bir araya geldi. B\u00f6cek, aradan ge\u00e7en 14 y\u0131l i\u00e7erisinde, fuar\u0131n b\u00fcy\u00fcyerek Antalya\u2019n\u0131n ve \u00fclkenin en \u00f6nemli k\u00fclt\u00fcrel etkinlikleri i\u00e7erisinde yerini ald\u0131\u011f\u0131na dikkat \u00e7ekti.\u00a0<\/p>\n<p>\u2018ANTALYA\u2019MIN \u00c7OK OKUDU\u011eUNU G\u00d6STERD\u0130\u2019<\/p>\n<p>Belediye eliyle ger\u00e7ekle\u015ftirilmi\u015f en b\u00fcy\u00fck kitap fuar\u0131 konumuna ula\u015ft\u0131klar\u0131n\u0131 ifade eden B\u00f6cek, \u201cAntalya\u2019m\u0131z\u0131 k\u00fclt\u00fcr sanat alan\u0131nda daha \u00fcst noktalara ta\u015f\u0131mak ad\u0131na bir\u00e7ok projemizi hayata ge\u00e7iriyor ve bunlar\u0131 s\u00fcrekli hale getirmeye devam ediyoruz. Bu projelerimizin hepsi birbirinden k\u0131ymetli ancak daha \u00f6nce de ifade etti\u011fim gibi kitap fuar\u0131 benim i\u00e7in farkl\u0131 bir anlam ta\u015f\u0131maktad\u0131r Y\u0131l 2009, Konyaalt\u0131 belediye ba\u015fkanl\u0131\u011f\u0131m d\u00f6neminde Antalya\u2019daki korsan kitap sat\u0131\u015flar\u0131n\u0131n fazlal\u0131\u011f\u0131 ve bu konudaki yap\u0131lan denetimlerin s\u0131kl\u0131\u011f\u0131 bana bu \u015fehrimin, Antalya\u2019m\u0131n \u00e7ok okudu\u011funu g\u00f6sterdi\u201d dedi.\u00a0<\/p>\n<p>M\u0130LYONLAR BEKLEN\u0130YOR<\/p>\n<p>2022 y\u0131l\u0131ndaki 12. kitap fuar\u0131nda hayata okuyarak devam ettiklerini belirten Ba\u015fkan B\u00f6cek, \u201cEn son cumhuriyetimizin 100. y\u0131l\u0131nda 24 Kas\u0131m 3 Aral\u0131k 2023 tarihleri aras\u0131nda d\u00fczenledi\u011fimiz 13. Antalya kitap fuar\u0131nda \u201cCumhuriyetimizin ikinci y\u00fczy\u0131l\u0131n\u0131 birlikte yaz\u0131yoruz\u201d temas\u0131 ile ger\u00e7ekle\u015ftirdik. 13. Antalya kitap fuar\u0131m\u0131zda 1 milyon 11 bin 176 ziyaret\u00e7i ile T\u00fcrkiye rekorunu k\u0131rd\u0131k. Bu y\u0131l 25 Ekim- 3 Kas\u0131m tarihleri aras\u0131nda d\u00fczenleyece\u011fimiz 14. Antalya kitap fuar\u0131m\u0131zda daha b\u00fcy\u00fck bir kat\u0131l\u0131m\u0131n olmas\u0131n\u0131 bekliyoruz. Aradan ge\u00e7en 14 y\u0131l i\u00e7erisinde, fuar\u0131m\u0131z b\u00fcy\u00fcyerek Antalya\u2019m\u0131z\u0131n ve \u00fclkemizin en \u00f6nemli k\u00fclt\u00fcrel etkinlikleri i\u00e7erisinde yerini ald\u0131. Belediye eliyle ger\u00e7ekle\u015ftirilmi\u015f en b\u00fcy\u00fck kitap fuar\u0131 konumuna ula\u015ft\u0131rd\u0131k. Bu y\u0131l; \u00f6zellikle son d\u00f6nemlerde ya\u015fad\u0131\u011f\u0131m\u0131z kad\u0131nlara, \u00e7ocuklara, hayvanlara, do\u011faya, hatta yenido\u011fan bebeklere kadar uzanan kan dondurucu vah\u015fetler nedeniyle kendimizi, insanl\u0131\u011f\u0131m\u0131z\u0131 sorgulamak, insanl\u0131\u011fa \u00e7a\u011fr\u0131 yapmak amac\u0131yla\u201d insan olmak\u201d, temas\u0131yla kar\u015f\u0131n\u0131za \u00e7\u0131k\u0131yoruz\u201d dedi.\u00a0<\/p>\n<p>271 YAZAR 225 YAYINEV\u0130<\/p>\n<p>271 yazar\u0131m\u0131z\u0131 ve 225 ulusal ve uluslararas\u0131 yay\u0131nevini 14. Antalya kitap fuar\u0131m\u0131zda a\u011f\u0131rlayacaklar\u0131n\u0131 ifade eden B\u00f6cek, \u201cDe\u011ferli \u0130lker Ba\u015fbu\u011f onur konu\u011fumuz olacak. Bu y\u0131l da kitap fuar\u0131m\u0131zda birbirinden de\u011ferli yazar, \u00e7izer ve d\u00fc\u015f\u00fcn\u00fcr bizlerle birlikte olacak. CHP Grup Ba\u015fkan Vekili Ali Mahir Ba\u015far\u0131r, \u0130lber Ortayl\u0131, \u0130smail K\u00fc\u00e7\u00fckkaya, \u0130clal Ayd\u0131n, \u00dcmit \u00d6zda\u011f, Gani M\u00fcjde, Tuna Kiremitci, Doktor Dilek Kaya \u0130mamo\u011flu, Bar\u0131\u015f Terko\u011flu, Timur Soykan, Sayg\u0131 \u00d6zt\u00fcrk, Hidayet Karaku\u015f, Erol M\u00fctercimler, \u0130nci Aral, Kemal Varol, Enver Aysever, Ahmet Telli ve birbirinden de\u011ferli yazar\u0131m\u0131z\u0131 Antalyal\u0131 kitapseverlerle bulu\u015fturaca\u011f\u0131m\u0131z\u0131 buradan m\u00fcjdeliyorum. Yine bu y\u0131l ben her iki kitab\u0131mla sizlerle birlikte olmaya devam edece\u011fim\u201d s\u00f6zlerine yer verdi.\u00a0<\/p>\n<p>\u201c\u0130K\u0130NC\u0130 YA\u015eAM- S\u0130YASET VE \u0130HANET\u201d YOK SATIYOR<\/p>\n<p>T\u00fcm kitapseverleri, 25 Ekim \u2013 3 Kas\u0131m tarihlerinde, sabah 10- ak\u015fam 8 saatleri aras\u0131nda a\u00e7\u0131k olacak Cam Piramit Fuar ve Kongre Merkezi\u2019ne davet eden Ba\u015fkan B\u00f6cek, pandemi sonras\u0131nda keleme ald\u0131\u011f\u0131 \u201c\u0130kinci Ya\u015fam- Siyaset ve \u0130hanet\u201d kitab\u0131na oldu\u011fu ilgiden memnun kald\u0131\u011f\u0131n\u0131 ifade etti. \u00a0B\u00f6cek, \u201c\u015euanda \u00fc\u00e7\u00fcnc\u00fc bask\u0131da, gayet sat\u0131\u015flar\u0131ndan memnunum. Yeni kitaplarda yolda geliyor\u201d dedi. \u00a0Son y\u0131llarda kitaplara olan ilginin azald\u0131\u011f\u0131n\u0131 da belirten B\u00f6cek, \u201cSosyal medya daha \u00f6nce bu kadar h\u0131zl\u0131 de\u011fildi. Sosyal medyan\u0131n yayg\u0131nla\u015fmas\u0131 ile kitaba olan ilgi azald\u0131. Sadece T\u00fcrkiye\u2019de de\u011fil d\u00fcnyada da b\u00f6yle bir durum var. Kitap fuarlar\u0131n\u0131 tam da bunun i\u00e7in d\u00fczenliyoruz. 16 ya\u015f\u0131nda yazar\u0131m\u0131z var, imza alabilmek i\u00e7in binlerce ki\u015fi s\u0131raya giriyor\u201d dedi.<\/p>\n<p>\u00a0<\/p>\n<p>\u200bBu y\u0131l 14&#8217;\u00fcnc\u00fcs\u00fc ger\u00e7ekle\u015ftirilecek olan &#8220;Antalya Kitap Fuar\u0131\u201d lasman toplant\u0131s\u0131nda konu\u015fan Antalya B\u00fcy\u00fck\u015fehir Belediye Ba\u015fkan\u0131 Muhittin B\u00f6cek, pandemi sonras\u0131nda keleme ald\u0131\u011f\u0131 \u201c\u0130kinci Ya\u015fam- Siyaset ve \u0130hanet\u201d kitab\u0131na olan ilgiden memnun kald\u0131\u011f\u0131n\u0131 ifade etti. \u00a0B\u00f6cek, \u201c\u015euanda \u00fc\u00e7\u00fcnc\u00fc bask\u0131da, sat\u0131\u015flar\u0131ndan gayet memnunum. Yeni kitaplarda yolda geliyor\u201d dedi\u00a0<\/p>\n<p>\u200bHaberin Al\u0131nt\u0131land\u0131\u011f\u0131 Kaynak: www.antalyakorfez.com<\/p>","protected":false},"excerpt":{"rendered":"<p>Antalya B\u00fcy\u00fck\u015fehir Belediyesi ev sahipli\u011finde Cam Piramit Fuar ve Kongre Merkezi\u2019nde bu y\u0131l 14&#8217;\u00fcnc\u00fcs\u00fc ger\u00e7ekle\u015ftirilecek &#8220;Antalya Kitap Fuar\u0131\u201d 25 Ekim- 3 Kas\u0131m tarihleri aras\u0131nda d\u00fczenlenecek. Fuara 271 yazar ve 225 ulusal ve uluslararas\u0131 yay\u0131nevi kat\u0131lacak. Ayr\u0131ca fuar i\u00e7in 19 il\u00e7eden \u00f6\u011frencilerin ula\u015f\u0131m\u0131n\u0131 kolayla\u015ft\u0131rmak i\u00e7in otob\u00fcs seferleri d\u00fczenlenecek. \u00a0Antalya B\u00fcy\u00fck\u015fehir Belediye Ba\u015fkan\u0131 Muhittin B\u00f6cek, bu y\u0131l 14&#8217;\u00fcnc\u00fcs\u00fc ger\u00e7ekle\u015ftirilecek &#8220;Antalya Kitap Fuar\u0131\u201d lasman toplant\u0131s\u0131nda gazeteciler ile bir araya geldi. B\u00f6cek, aradan ge\u00e7en 14 y\u0131l i\u00e7erisinde, fuar\u0131n b\u00fcy\u00fcyerek Antalya\u2019n\u0131n ve \u00fclkenin en \u00f6nemli k\u00fclt\u00fcrel etkinlikleri i\u00e7erisinde yerini ald\u0131\u011f\u0131na dikkat \u00e7ekti.\u00a0 \u2018ANTALYA\u2019MIN \u00c7OK OKUDU\u011eUNU G\u00d6STERD\u0130\u2019 Belediye eliyle ger\u00e7ekle\u015ftirilmi\u015f en b\u00fcy\u00fck kitap fuar\u0131 konumuna ula\u015ft\u0131klar\u0131n\u0131 ifade eden B\u00f6cek, \u201cAntalya\u2019m\u0131z\u0131 k\u00fclt\u00fcr sanat alan\u0131nda daha \u00fcst noktalara ta\u015f\u0131mak ad\u0131na bir\u00e7ok projemizi hayata ge\u00e7iriyor ve bunlar\u0131 s\u00fcrekli hale getirmeye devam ediyoruz. Bu projelerimizin hepsi birbirinden k\u0131ymetli ancak daha \u00f6nce de ifade etti\u011fim gibi kitap fuar\u0131 benim i\u00e7in farkl\u0131 bir anlam ta\u015f\u0131maktad\u0131r Y\u0131l 2009, Konyaalt\u0131 belediye ba\u015fkanl\u0131\u011f\u0131m d\u00f6neminde Antalya\u2019daki korsan kitap sat\u0131\u015flar\u0131n\u0131n fazlal\u0131\u011f\u0131 ve bu konudaki yap\u0131lan denetimlerin s\u0131kl\u0131\u011f\u0131 bana bu \u015fehrimin, Antalya\u2019m\u0131n \u00e7ok okudu\u011funu g\u00f6sterdi\u201d dedi.\u00a0 M\u0130LYONLAR BEKLEN\u0130YOR 2022 y\u0131l\u0131ndaki 12. kitap fuar\u0131nda hayata okuyarak devam ettiklerini belirten Ba\u015fkan B\u00f6cek, \u201cEn son cumhuriyetimizin 100. y\u0131l\u0131nda 24 Kas\u0131m 3 Aral\u0131k 2023 tarihleri aras\u0131nda d\u00fczenledi\u011fimiz 13. Antalya kitap fuar\u0131nda \u201cCumhuriyetimizin &hellip;<\/p>","protected":false},"author":0,"featured_media":0,"comment_status":"open","ping_status":"open","sticky":false,"template":"","format":"standard","meta":{"_acf_changed":false,"footnotes":""},"categories":[24,535],"tags":[],"class_list":["post-6557","post","type-post","status-publish","format-standard","has-post-thumbnail","hentry","category-gundem","category-uncategorized-tr"],"acf":[],"yoast_head":"<!-- This site is optimized with the Yoast SEO Premium plugin v26.6 (Yoast SEO v27.1.1) - https:\/\/yoast.com\/product\/yoast-seo-premium-wordpress\/ -->\n<title>Ba\u015fkan B\u00f6cek&#039;in kitab\u0131 tuttu - Av. Deniz Can K\u0131z\u0131l<\/title>\n<meta name=\"robots\" content=\"index, follow, max-snippet:-1, max-image-preview:large, max-video-preview:-1\" \/>\n<link rel=\"canonical\" href=\"http:\/\/denizcankizil.tr\/en\/haberler\/gundem\/baskan-bocekin-kitabi-tuttu\/\" \/>\n<meta property=\"og:locale\" content=\"en_GB\" \/>\n<meta property=\"og:type\" content=\"article\" \/>\n<meta property=\"og:title\" content=\"Ba\u015fkan B\u00f6cek&#039;in kitab\u0131 tuttu\" \/>\n<meta property=\"og:description\" content=\"Antalya B\u00fcy\u00fck\u015fehir Belediyesi ev sahipli\u011finde Cam Piramit Fuar ve Kongre Merkezi\u2019nde bu y\u0131l 14&#8217;\u00fcnc\u00fcs\u00fc ger\u00e7ekle\u015ftirilecek &#8220;Antalya Kitap Fuar\u0131\u201d 25 Ekim- 3 Kas\u0131m tarihleri aras\u0131nda d\u00fczenlenecek. Fuara 271 yazar ve 225 ulusal ve uluslararas\u0131 yay\u0131nevi kat\u0131lacak. Ayr\u0131ca fuar i\u00e7in 19 il\u00e7eden \u00f6\u011frencilerin ula\u015f\u0131m\u0131n\u0131 kolayla\u015ft\u0131rmak i\u00e7in otob\u00fcs seferleri d\u00fczenlenecek. \u00a0Antalya B\u00fcy\u00fck\u015fehir Belediye Ba\u015fkan\u0131 Muhittin B\u00f6cek, bu y\u0131l 14&#8217;\u00fcnc\u00fcs\u00fc ger\u00e7ekle\u015ftirilecek &#8220;Antalya Kitap Fuar\u0131\u201d lasman toplant\u0131s\u0131nda gazeteciler ile bir araya geldi. B\u00f6cek, aradan ge\u00e7en 14 y\u0131l i\u00e7erisinde, fuar\u0131n b\u00fcy\u00fcyerek Antalya\u2019n\u0131n ve \u00fclkenin en \u00f6nemli k\u00fclt\u00fcrel etkinlikleri i\u00e7erisinde yerini ald\u0131\u011f\u0131na dikkat \u00e7ekti.\u00a0 \u2018ANTALYA\u2019MIN \u00c7OK OKUDU\u011eUNU G\u00d6STERD\u0130\u2019 Belediye eliyle ger\u00e7ekle\u015ftirilmi\u015f en b\u00fcy\u00fck kitap fuar\u0131 konumuna ula\u015ft\u0131klar\u0131n\u0131 ifade eden B\u00f6cek, \u201cAntalya\u2019m\u0131z\u0131 k\u00fclt\u00fcr sanat alan\u0131nda daha \u00fcst noktalara ta\u015f\u0131mak ad\u0131na bir\u00e7ok projemizi hayata ge\u00e7iriyor ve bunlar\u0131 s\u00fcrekli hale getirmeye devam ediyoruz. Bu projelerimizin hepsi birbirinden k\u0131ymetli ancak daha \u00f6nce de ifade etti\u011fim gibi kitap fuar\u0131 benim i\u00e7in farkl\u0131 bir anlam ta\u015f\u0131maktad\u0131r Y\u0131l 2009, Konyaalt\u0131 belediye ba\u015fkanl\u0131\u011f\u0131m d\u00f6neminde Antalya\u2019daki korsan kitap sat\u0131\u015flar\u0131n\u0131n fazlal\u0131\u011f\u0131 ve bu konudaki yap\u0131lan denetimlerin s\u0131kl\u0131\u011f\u0131 bana bu \u015fehrimin, Antalya\u2019m\u0131n \u00e7ok okudu\u011funu g\u00f6sterdi\u201d dedi.\u00a0 M\u0130LYONLAR BEKLEN\u0130YOR 2022 y\u0131l\u0131ndaki 12. kitap fuar\u0131nda hayata okuyarak devam ettiklerini belirten Ba\u015fkan B\u00f6cek, \u201cEn son cumhuriyetimizin 100. y\u0131l\u0131nda 24 Kas\u0131m 3 Aral\u0131k 2023 tarihleri aras\u0131nda d\u00fczenledi\u011fimiz 13. Antalya kitap fuar\u0131nda \u201cCumhuriyetimizin &hellip;\" \/>\n<meta property=\"og:url\" content=\"http:\/\/denizcankizil.tr\/en\/haberler\/gundem\/baskan-bocekin-kitabi-tuttu\/\" \/>\n<meta property=\"og:site_name\" content=\"Av. Deniz Can K\u0131z\u0131l\" \/>\n<meta property=\"article:published_time\" content=\"2024-10-22T09:41:15+00:00\" \/>\n<meta name=\"twitter:card\" content=\"summary_large_image\" \/>\n<meta name=\"twitter:label1\" content=\"Estimated reading time\" \/>\n\t<meta name=\"twitter:data1\" content=\"4 minutes\" \/>\n<script type=\"application\/ld+json\" class=\"yoast-schema-graph\">{\"@context\":\"https:\/\/schema.org\",\"@graph\":[{\"@type\":\"Article\",\"@id\":\"http:\/\/denizcankizil.tr\/en\/haberler\/gundem\/baskan-bocekin-kitabi-tuttu\/#article\",\"isPartOf\":{\"@id\":\"http:\/\/denizcankizil.tr\/en\/haberler\/gundem\/baskan-bocekin-kitabi-tuttu\/\"},\"author\":{\"name\":\"\",\"@id\":\"\"},\"headline\":\"Ba\u015fkan B\u00f6cek&#8217;in kitab\u0131 tuttu\",\"datePublished\":\"2024-10-22T09:41:15+00:00\",\"mainEntityOfPage\":{\"@id\":\"http:\/\/denizcankizil.tr\/en\/haberler\/gundem\/baskan-bocekin-kitabi-tuttu\/\"},\"wordCount\":811,\"commentCount\":0,\"publisher\":{\"@id\":\"https:\/\/denizcankizil.tr\/#organization\"},\"articleSection\":[\"G\u00fcndem\",\"Uncategorized\"],\"inLanguage\":\"en-GB\",\"potentialAction\":[{\"@type\":\"CommentAction\",\"name\":\"Comment\",\"target\":[\"http:\/\/denizcankizil.tr\/en\/haberler\/gundem\/baskan-bocekin-kitabi-tuttu\/#respond\"]}]},{\"@type\":\"WebPage\",\"@id\":\"http:\/\/denizcankizil.tr\/en\/haberler\/gundem\/baskan-bocekin-kitabi-tuttu\/\",\"url\":\"http:\/\/denizcankizil.tr\/en\/haberler\/gundem\/baskan-bocekin-kitabi-tuttu\/\",\"name\":\"Ba\u015fkan B\u00f6cek'in kitab\u0131 tuttu - Av. Deniz Can K\u0131z\u0131l\",\"isPartOf\":{\"@id\":\"https:\/\/denizcankizil.tr\/#website\"},\"datePublished\":\"2024-10-22T09:41:15+00:00\",\"breadcrumb\":{\"@id\":\"http:\/\/denizcankizil.tr\/en\/haberler\/gundem\/baskan-bocekin-kitabi-tuttu\/#breadcrumb\"},\"inLanguage\":\"en-GB\",\"potentialAction\":[{\"@type\":\"ReadAction\",\"target\":[\"http:\/\/denizcankizil.tr\/en\/haberler\/gundem\/baskan-bocekin-kitabi-tuttu\/\"]}]},{\"@type\":\"BreadcrumbList\",\"@id\":\"http:\/\/denizcankizil.tr\/en\/haberler\/gundem\/baskan-bocekin-kitabi-tuttu\/#breadcrumb\",\"itemListElement\":[{\"@type\":\"ListItem\",\"position\":1,\"name\":\"Home\",\"item\":\"https:\/\/denizcankizil.tr\/de\/\"},{\"@type\":\"ListItem\",\"position\":2,\"name\":\"Ba\u015fkan B\u00f6cek&#8217;in kitab\u0131 tuttu\"}]},{\"@type\":\"WebSite\",\"@id\":\"https:\/\/denizcankizil.tr\/#website\",\"url\":\"https:\/\/denizcankizil.tr\/\",\"name\":\"Av. Deniz Can K\u0131z\u0131l\",\"description\":\"Avukat Deniz Can K\u0131z\u0131l Antalya Barosu\",\"publisher\":{\"@id\":\"https:\/\/denizcankizil.tr\/#organization\"},\"potentialAction\":[{\"@type\":\"SearchAction\",\"target\":{\"@type\":\"EntryPoint\",\"urlTemplate\":\"https:\/\/denizcankizil.tr\/?s={search_term_string}\"},\"query-input\":{\"@type\":\"PropertyValueSpecification\",\"valueRequired\":true,\"valueName\":\"search_term_string\"}}],\"inLanguage\":\"en-GB\"},{\"@type\":\"Organization\",\"@id\":\"https:\/\/denizcankizil.tr\/#organization\",\"name\":\"Av. Deniz Can K\u0131z\u0131l\",\"url\":\"https:\/\/denizcankizil.tr\/\",\"logo\":{\"@type\":\"ImageObject\",\"inLanguage\":\"en-GB\",\"@id\":\"https:\/\/denizcankizil.tr\/#\/schema\/logo\/image\/\",\"url\":\"http:\/\/denizcankizil.tr\/wp-content\/uploads\/2024\/10\/siyah-logo-svg.svg\",\"contentUrl\":\"http:\/\/denizcankizil.tr\/wp-content\/uploads\/2024\/10\/siyah-logo-svg.svg\",\"width\":1080,\"height\":1080,\"caption\":\"Av. Deniz Can K\u0131z\u0131l\"},\"image\":{\"@id\":\"https:\/\/denizcankizil.tr\/#\/schema\/logo\/image\/\"}}]}<\/script>\n<!-- \/ Yoast SEO Premium plugin. -->","yoast_head_json":{"title":"Ba\u015fkan B\u00f6cek'in kitab\u0131 tuttu - Av. Deniz Can K\u0131z\u0131l","robots":{"index":"index","follow":"follow","max-snippet":"max-snippet:-1","max-image-preview":"max-image-preview:large","max-video-preview":"max-video-preview:-1"},"canonical":"http:\/\/denizcankizil.tr\/en\/haberler\/gundem\/baskan-bocekin-kitabi-tuttu\/","og_locale":"en_GB","og_type":"article","og_title":"Ba\u015fkan B\u00f6cek'in kitab\u0131 tuttu","og_description":"Antalya B\u00fcy\u00fck\u015fehir Belediyesi ev sahipli\u011finde Cam Piramit Fuar ve Kongre Merkezi\u2019nde bu y\u0131l 14&#8217;\u00fcnc\u00fcs\u00fc ger\u00e7ekle\u015ftirilecek &#8220;Antalya Kitap Fuar\u0131\u201d 25 Ekim- 3 Kas\u0131m tarihleri aras\u0131nda d\u00fczenlenecek. Fuara 271 yazar ve 225 ulusal ve uluslararas\u0131 yay\u0131nevi kat\u0131lacak. Ayr\u0131ca fuar i\u00e7in 19 il\u00e7eden \u00f6\u011frencilerin ula\u015f\u0131m\u0131n\u0131 kolayla\u015ft\u0131rmak i\u00e7in otob\u00fcs seferleri d\u00fczenlenecek. \u00a0Antalya B\u00fcy\u00fck\u015fehir Belediye Ba\u015fkan\u0131 Muhittin B\u00f6cek, bu y\u0131l 14&#8217;\u00fcnc\u00fcs\u00fc ger\u00e7ekle\u015ftirilecek &#8220;Antalya Kitap Fuar\u0131\u201d lasman toplant\u0131s\u0131nda gazeteciler ile bir araya geldi. B\u00f6cek, aradan ge\u00e7en 14 y\u0131l i\u00e7erisinde, fuar\u0131n b\u00fcy\u00fcyerek Antalya\u2019n\u0131n ve \u00fclkenin en \u00f6nemli k\u00fclt\u00fcrel etkinlikleri i\u00e7erisinde yerini ald\u0131\u011f\u0131na dikkat \u00e7ekti.\u00a0 \u2018ANTALYA\u2019MIN \u00c7OK OKUDU\u011eUNU G\u00d6STERD\u0130\u2019 Belediye eliyle ger\u00e7ekle\u015ftirilmi\u015f en b\u00fcy\u00fck kitap fuar\u0131 konumuna ula\u015ft\u0131klar\u0131n\u0131 ifade eden B\u00f6cek, \u201cAntalya\u2019m\u0131z\u0131 k\u00fclt\u00fcr sanat alan\u0131nda daha \u00fcst noktalara ta\u015f\u0131mak ad\u0131na bir\u00e7ok projemizi hayata ge\u00e7iriyor ve bunlar\u0131 s\u00fcrekli hale getirmeye devam ediyoruz. Bu projelerimizin hepsi birbirinden k\u0131ymetli ancak daha \u00f6nce de ifade etti\u011fim gibi kitap fuar\u0131 benim i\u00e7in farkl\u0131 bir anlam ta\u015f\u0131maktad\u0131r Y\u0131l 2009, Konyaalt\u0131 belediye ba\u015fkanl\u0131\u011f\u0131m d\u00f6neminde Antalya\u2019daki korsan kitap sat\u0131\u015flar\u0131n\u0131n fazlal\u0131\u011f\u0131 ve bu konudaki yap\u0131lan denetimlerin s\u0131kl\u0131\u011f\u0131 bana bu \u015fehrimin, Antalya\u2019m\u0131n \u00e7ok okudu\u011funu g\u00f6sterdi\u201d dedi.\u00a0 M\u0130LYONLAR BEKLEN\u0130YOR 2022 y\u0131l\u0131ndaki 12. kitap fuar\u0131nda hayata okuyarak devam ettiklerini belirten Ba\u015fkan B\u00f6cek, \u201cEn son cumhuriyetimizin 100. y\u0131l\u0131nda 24 Kas\u0131m 3 Aral\u0131k 2023 tarihleri aras\u0131nda d\u00fczenledi\u011fimiz 13. Antalya kitap fuar\u0131nda \u201cCumhuriyetimizin &hellip;","og_url":"http:\/\/denizcankizil.tr\/en\/haberler\/gundem\/baskan-bocekin-kitabi-tuttu\/","og_site_name":"Av. Deniz Can K\u0131z\u0131l","article_published_time":"2024-10-22T09:41:15+00:00","twitter_card":"summary_large_image","twitter_misc":{"Estimated reading time":"4 minutes"},"schema":{"@context":"https:\/\/schema.org","@graph":[{"@type":"Article","@id":"http:\/\/denizcankizil.tr\/en\/haberler\/gundem\/baskan-bocekin-kitabi-tuttu\/#article","isPartOf":{"@id":"http:\/\/denizcankizil.tr\/en\/haberler\/gundem\/baskan-bocekin-kitabi-tuttu\/"},"author":{"name":"","@id":""},"headline":"Ba\u015fkan B\u00f6cek&#8217;in kitab\u0131 tuttu","datePublished":"2024-10-22T09:41:15+00:00","mainEntityOfPage":{"@id":"http:\/\/denizcankizil.tr\/en\/haberler\/gundem\/baskan-bocekin-kitabi-tuttu\/"},"wordCount":811,"commentCount":0,"publisher":{"@id":"https:\/\/denizcankizil.tr\/#organization"},"articleSection":["G\u00fcndem","Uncategorized"],"inLanguage":"en-GB","potentialAction":[{"@type":"CommentAction","name":"Comment","target":["http:\/\/denizcankizil.tr\/en\/haberler\/gundem\/baskan-bocekin-kitabi-tuttu\/#respond"]}]},{"@type":"WebPage","@id":"http:\/\/denizcankizil.tr\/en\/haberler\/gundem\/baskan-bocekin-kitabi-tuttu\/","url":"http:\/\/denizcankizil.tr\/en\/haberler\/gundem\/baskan-bocekin-kitabi-tuttu\/","name":"Ba\u015fkan B\u00f6cek'in kitab\u0131 tuttu - Av. Deniz Can K\u0131z\u0131l","isPartOf":{"@id":"https:\/\/denizcankizil.tr\/#website"},"datePublished":"2024-10-22T09:41:15+00:00","breadcrumb":{"@id":"http:\/\/denizcankizil.tr\/en\/haberler\/gundem\/baskan-bocekin-kitabi-tuttu\/#breadcrumb"},"inLanguage":"en-GB","potentialAction":[{"@type":"ReadAction","target":["http:\/\/denizcankizil.tr\/en\/haberler\/gundem\/baskan-bocekin-kitabi-tuttu\/"]}]},{"@type":"BreadcrumbList","@id":"http:\/\/denizcankizil.tr\/en\/haberler\/gundem\/baskan-bocekin-kitabi-tuttu\/#breadcrumb","itemListElement":[{"@type":"ListItem","position":1,"name":"Home","item":"https:\/\/denizcankizil.tr\/de\/"},{"@type":"ListItem","position":2,"name":"Ba\u015fkan B\u00f6cek&#8217;in kitab\u0131 tuttu"}]},{"@type":"WebSite","@id":"https:\/\/denizcankizil.tr\/#website","url":"https:\/\/denizcankizil.tr\/","name":"Av. Deniz Can K\u0131z\u0131l","description":"Avukat Deniz Can K\u0131z\u0131l Antalya Barosu","publisher":{"@id":"https:\/\/denizcankizil.tr\/#organization"},"potentialAction":[{"@type":"SearchAction","target":{"@type":"EntryPoint","urlTemplate":"https:\/\/denizcankizil.tr\/?s={search_term_string}"},"query-input":{"@type":"PropertyValueSpecification","valueRequired":true,"valueName":"search_term_string"}}],"inLanguage":"en-GB"},{"@type":"Organization","@id":"https:\/\/denizcankizil.tr\/#organization","name":"Av. Deniz Can K\u0131z\u0131l","url":"https:\/\/denizcankizil.tr\/","logo":{"@type":"ImageObject","inLanguage":"en-GB","@id":"https:\/\/denizcankizil.tr\/#\/schema\/logo\/image\/","url":"http:\/\/denizcankizil.tr\/wp-content\/uploads\/2024\/10\/siyah-logo-svg.svg","contentUrl":"http:\/\/denizcankizil.tr\/wp-content\/uploads\/2024\/10\/siyah-logo-svg.svg","width":1080,"height":1080,"caption":"Av. Deniz Can K\u0131z\u0131l"},"image":{"@id":"https:\/\/denizcankizil.tr\/#\/schema\/logo\/image\/"}}]}},"_links":{"self":[{"href":"http:\/\/denizcankizil.tr\/en\/wp-json\/wp\/v2\/posts\/6557","targetHints":{"allow":["GET"]}}],"collection":[{"href":"http:\/\/denizcankizil.tr\/en\/wp-json\/wp\/v2\/posts"}],"about":[{"href":"http:\/\/denizcankizil.tr\/en\/wp-json\/wp\/v2\/types\/post"}],"replies":[{"embeddable":true,"href":"http:\/\/denizcankizil.tr\/en\/wp-json\/wp\/v2\/comments?post=6557"}],"version-history":[{"count":0,"href":"http:\/\/denizcankizil.tr\/en\/wp-json\/wp\/v2\/posts\/6557\/revisions"}],"wp:attachment":[{"href":"http:\/\/denizcankizil.tr\/en\/wp-json\/wp\/v2\/media?parent=6557"}],"wp:term":[{"taxonomy":"category","embeddable":true,"href":"http:\/\/denizcankizil.tr\/en\/wp-json\/wp\/v2\/categories?post=6557"},{"taxonomy":"post_tag","embeddable":true,"href":"http:\/\/denizcankizil.tr\/en\/wp-json\/wp\/v2\/tags?post=6557"}],"curies":[{"name":"wp","href":"https:\/\/api.w.org\/{rel}","templated":true}]}}