{"id":64860,"date":"2025-04-24T10:42:50","date_gmt":"2025-04-24T07:42:50","guid":{"rendered":"https:\/\/denizcankizil.tr\/uncategorized-tr\/hatay-osmaniye-yol-ayriminda-feci-kaza\/"},"modified":"2025-04-24T10:42:50","modified_gmt":"2025-04-24T07:42:50","slug":"hatay-osmaniye-yol-ayriminda-feci-kaza","status":"publish","type":"post","link":"http:\/\/denizcankizil.tr\/en\/haberler\/gundem\/hatay-osmaniye-yol-ayriminda-feci-kaza\/","title":{"rendered":"Hatay-Osmaniye Yol Ayr\u0131m\u0131nda Feci Kaza&#8230;"},"content":{"rendered":"<p>Edinilen bilgilere g\u00f6re, seyir halindeki bir otomobil, yol \u00fczerindeki \u00e7at\u0131 ayr\u0131m\u0131nda \u00f6n\u00fcnde ilerleyen TIR\u2019a arkadan \u00e7arpt\u0131. \u00c7arpman\u0131n etkisiyle otomobilde bulunan s\u00fcr\u00fcc\u00fc ara\u00e7 i\u00e7inde s\u0131k\u0131\u015ft\u0131.<\/p>\n<p>Kazay\u0131 g\u00f6ren di\u011fer s\u00fcr\u00fcc\u00fcler, korna \u00e7alarak TIR \u015fof\u00f6r\u00fcn\u00fc uyard\u0131. Olay yerine k\u0131sa s\u00fcrede sa\u011fl\u0131k ve itfaiye ekipleri sevk edildi. Ekiplerin yapt\u0131\u011f\u0131 kontrolde, otomobil s\u00fcr\u00fcc\u00fcs\u00fcn\u00fcn olay yerinde ya\u015fam\u0131n\u0131 yitirdi\u011fi belirlendi.<\/p>\n<p>Hayat\u0131n\u0131 kaybeden s\u00fcr\u00fcc\u00fcn\u00fcn kimli\u011fi hen\u00fcz a\u00e7\u0131klanmazken, kazayla ilgili soru\u015fturma ba\u015flat\u0131ld\u0131\u011f\u0131 bildirildi.<\/p>\n<p>\u200bHatay-Osmaniye yol ayr\u0131m\u0131nda sabah saatlerinde meydana gelen trafik kazas\u0131nda bir ki\u015fi hayat\u0131n\u0131 kaybetti.\u00a0<\/p>\n<p>\u200bHaberin Al\u0131nt\u0131land\u0131\u011f\u0131 Kaynak: www.iskenderun.org<\/p>","protected":false},"excerpt":{"rendered":"<p>Edinilen bilgilere g\u00f6re, seyir halindeki bir otomobil, yol \u00fczerindeki \u00e7at\u0131 ayr\u0131m\u0131nda \u00f6n\u00fcnde ilerleyen TIR\u2019a arkadan \u00e7arpt\u0131. \u00c7arpman\u0131n etkisiyle otomobilde bulunan s\u00fcr\u00fcc\u00fc ara\u00e7 i\u00e7inde s\u0131k\u0131\u015ft\u0131. Kazay\u0131 g\u00f6ren di\u011fer s\u00fcr\u00fcc\u00fcler, korna \u00e7alarak TIR \u015fof\u00f6r\u00fcn\u00fc uyard\u0131. Olay yerine k\u0131sa s\u00fcrede sa\u011fl\u0131k ve itfaiye ekipleri sevk edildi. Ekiplerin yapt\u0131\u011f\u0131 kontrolde, otomobil s\u00fcr\u00fcc\u00fcs\u00fcn\u00fcn olay yerinde ya\u015fam\u0131n\u0131 yitirdi\u011fi belirlendi. Hayat\u0131n\u0131 kaybeden s\u00fcr\u00fcc\u00fcn\u00fcn kimli\u011fi hen\u00fcz a\u00e7\u0131klanmazken, kazayla ilgili soru\u015fturma ba\u015flat\u0131ld\u0131\u011f\u0131 bildirildi. \u200bHatay-Osmaniye yol ayr\u0131m\u0131nda sabah saatlerinde meydana gelen trafik kazas\u0131nda bir ki\u015fi hayat\u0131n\u0131 kaybetti.\u00a0 \u200bHaberin Al\u0131nt\u0131land\u0131\u011f\u0131 Kaynak: www.iskenderun.org<\/p>","protected":false},"author":1,"featured_media":0,"comment_status":"","ping_status":"open","sticky":false,"template":"","format":"standard","meta":{"_acf_changed":false,"footnotes":""},"categories":[24],"tags":[],"class_list":["post-64860","post","type-post","status-publish","format-standard","has-post-thumbnail","hentry","category-gundem"],"acf":[],"yoast_head":"<!-- This site is optimized with the Yoast SEO Premium plugin v26.6 (Yoast SEO v27.1.1) - https:\/\/yoast.com\/product\/yoast-seo-premium-wordpress\/ -->\n<title>Hatay-Osmaniye Yol Ayr\u0131m\u0131nda Feci Kaza... - Av. Deniz Can K\u0131z\u0131l<\/title>\n<meta name=\"robots\" content=\"index, follow, max-snippet:-1, max-image-preview:large, max-video-preview:-1\" \/>\n<link rel=\"canonical\" href=\"http:\/\/denizcankizil.tr\/en\/haberler\/gundem\/hatay-osmaniye-yol-ayriminda-feci-kaza\/\" \/>\n<meta property=\"og:locale\" content=\"en_GB\" \/>\n<meta property=\"og:type\" content=\"article\" \/>\n<meta property=\"og:title\" content=\"Hatay-Osmaniye Yol Ayr\u0131m\u0131nda Feci Kaza...\" \/>\n<meta property=\"og:description\" content=\"Edinilen bilgilere g\u00f6re, seyir halindeki bir otomobil, yol \u00fczerindeki \u00e7at\u0131 ayr\u0131m\u0131nda \u00f6n\u00fcnde ilerleyen TIR\u2019a arkadan \u00e7arpt\u0131. \u00c7arpman\u0131n etkisiyle otomobilde bulunan s\u00fcr\u00fcc\u00fc ara\u00e7 i\u00e7inde s\u0131k\u0131\u015ft\u0131. Kazay\u0131 g\u00f6ren di\u011fer s\u00fcr\u00fcc\u00fcler, korna \u00e7alarak TIR \u015fof\u00f6r\u00fcn\u00fc uyard\u0131. Olay yerine k\u0131sa s\u00fcrede sa\u011fl\u0131k ve itfaiye ekipleri sevk edildi. Ekiplerin yapt\u0131\u011f\u0131 kontrolde, otomobil s\u00fcr\u00fcc\u00fcs\u00fcn\u00fcn olay yerinde ya\u015fam\u0131n\u0131 yitirdi\u011fi belirlendi. Hayat\u0131n\u0131 kaybeden s\u00fcr\u00fcc\u00fcn\u00fcn kimli\u011fi hen\u00fcz a\u00e7\u0131klanmazken, kazayla ilgili soru\u015fturma ba\u015flat\u0131ld\u0131\u011f\u0131 bildirildi. \u200bHatay-Osmaniye yol ayr\u0131m\u0131nda sabah saatlerinde meydana gelen trafik kazas\u0131nda bir ki\u015fi hayat\u0131n\u0131 kaybetti.\u00a0 \u200bHaberin Al\u0131nt\u0131land\u0131\u011f\u0131 Kaynak: www.iskenderun.org\" \/>\n<meta property=\"og:url\" content=\"http:\/\/denizcankizil.tr\/en\/haberler\/gundem\/hatay-osmaniye-yol-ayriminda-feci-kaza\/\" \/>\n<meta property=\"og:site_name\" content=\"Av. Deniz Can K\u0131z\u0131l\" \/>\n<meta property=\"article:published_time\" content=\"2025-04-24T07:42:50+00:00\" \/>\n<meta name=\"author\" content=\"admin\" \/>\n<meta name=\"twitter:card\" content=\"summary_large_image\" \/>\n<meta name=\"twitter:label1\" content=\"Written by\" \/>\n\t<meta name=\"twitter:data1\" content=\"admin\" \/>\n\t<meta name=\"twitter:label2\" content=\"Estimated reading time\" \/>\n\t<meta name=\"twitter:data2\" content=\"1 minute\" \/>\n<script type=\"application\/ld+json\" class=\"yoast-schema-graph\">{\"@context\":\"https:\/\/schema.org\",\"@graph\":[{\"@type\":\"Article\",\"@id\":\"http:\/\/denizcankizil.tr\/en\/haberler\/gundem\/hatay-osmaniye-yol-ayriminda-feci-kaza\/#article\",\"isPartOf\":{\"@id\":\"http:\/\/denizcankizil.tr\/en\/haberler\/gundem\/hatay-osmaniye-yol-ayriminda-feci-kaza\/\"},\"author\":{\"name\":\"admin\",\"@id\":\"https:\/\/denizcankizil.tr\/#\/schema\/person\/be3c05fe6a12686905512445d8185489\"},\"headline\":\"Hatay-Osmaniye Yol Ayr\u0131m\u0131nda Feci Kaza&#8230;\",\"datePublished\":\"2025-04-24T07:42:50+00:00\",\"mainEntityOfPage\":{\"@id\":\"http:\/\/denizcankizil.tr\/en\/haberler\/gundem\/hatay-osmaniye-yol-ayriminda-feci-kaza\/\"},\"wordCount\":138,\"publisher\":{\"@id\":\"https:\/\/denizcankizil.tr\/#organization\"},\"articleSection\":[\"G\u00fcndem\"],\"inLanguage\":\"en-GB\"},{\"@type\":\"WebPage\",\"@id\":\"http:\/\/denizcankizil.tr\/en\/haberler\/gundem\/hatay-osmaniye-yol-ayriminda-feci-kaza\/\",\"url\":\"http:\/\/denizcankizil.tr\/en\/haberler\/gundem\/hatay-osmaniye-yol-ayriminda-feci-kaza\/\",\"name\":\"Hatay-Osmaniye Yol Ayr\u0131m\u0131nda Feci Kaza... - Av. Deniz Can K\u0131z\u0131l\",\"isPartOf\":{\"@id\":\"https:\/\/denizcankizil.tr\/#website\"},\"datePublished\":\"2025-04-24T07:42:50+00:00\",\"breadcrumb\":{\"@id\":\"http:\/\/denizcankizil.tr\/en\/haberler\/gundem\/hatay-osmaniye-yol-ayriminda-feci-kaza\/#breadcrumb\"},\"inLanguage\":\"en-GB\",\"potentialAction\":[{\"@type\":\"ReadAction\",\"target\":[\"http:\/\/denizcankizil.tr\/en\/haberler\/gundem\/hatay-osmaniye-yol-ayriminda-feci-kaza\/\"]}]},{\"@type\":\"BreadcrumbList\",\"@id\":\"http:\/\/denizcankizil.tr\/en\/haberler\/gundem\/hatay-osmaniye-yol-ayriminda-feci-kaza\/#breadcrumb\",\"itemListElement\":[{\"@type\":\"ListItem\",\"position\":1,\"name\":\"Home\",\"item\":\"https:\/\/denizcankizil.tr\/de\/\"},{\"@type\":\"ListItem\",\"position\":2,\"name\":\"Hatay-Osmaniye Yol Ayr\u0131m\u0131nda Feci Kaza&#8230;\"}]},{\"@type\":\"WebSite\",\"@id\":\"https:\/\/denizcankizil.tr\/#website\",\"url\":\"https:\/\/denizcankizil.tr\/\",\"name\":\"Av. Deniz Can K\u0131z\u0131l\",\"description\":\"Avukat Deniz Can K\u0131z\u0131l Antalya Barosu\",\"publisher\":{\"@id\":\"https:\/\/denizcankizil.tr\/#organization\"},\"potentialAction\":[{\"@type\":\"SearchAction\",\"target\":{\"@type\":\"EntryPoint\",\"urlTemplate\":\"https:\/\/denizcankizil.tr\/?s={search_term_string}\"},\"query-input\":{\"@type\":\"PropertyValueSpecification\",\"valueRequired\":true,\"valueName\":\"search_term_string\"}}],\"inLanguage\":\"en-GB\"},{\"@type\":\"Organization\",\"@id\":\"https:\/\/denizcankizil.tr\/#organization\",\"name\":\"Av. Deniz Can K\u0131z\u0131l\",\"url\":\"https:\/\/denizcankizil.tr\/\",\"logo\":{\"@type\":\"ImageObject\",\"inLanguage\":\"en-GB\",\"@id\":\"https:\/\/denizcankizil.tr\/#\/schema\/logo\/image\/\",\"url\":\"http:\/\/denizcankizil.tr\/wp-content\/uploads\/2024\/10\/siyah-logo-svg.svg\",\"contentUrl\":\"http:\/\/denizcankizil.tr\/wp-content\/uploads\/2024\/10\/siyah-logo-svg.svg\",\"width\":1080,\"height\":1080,\"caption\":\"Av. Deniz Can K\u0131z\u0131l\"},\"image\":{\"@id\":\"https:\/\/denizcankizil.tr\/#\/schema\/logo\/image\/\"}},{\"@type\":\"Person\",\"@id\":\"https:\/\/denizcankizil.tr\/#\/schema\/person\/be3c05fe6a12686905512445d8185489\",\"name\":\"admin\",\"image\":{\"@type\":\"ImageObject\",\"inLanguage\":\"en-GB\",\"@id\":\"https:\/\/denizcankizil.tr\/#\/schema\/person\/image\/\",\"url\":\"https:\/\/secure.gravatar.com\/avatar\/c1fce94c830dc79107e174f890d7210541c4a63e8e5d816341794a2151c9d58c?s=96&d=mm&r=g\",\"contentUrl\":\"https:\/\/secure.gravatar.com\/avatar\/c1fce94c830dc79107e174f890d7210541c4a63e8e5d816341794a2151c9d58c?s=96&d=mm&r=g\",\"caption\":\"admin\"},\"sameAs\":[\"http:\/\/denizcankizil.tr\"],\"url\":\"https:\/\/www.iskenderun.org\/hatay-osmaniye-yol-ayriminda-feci-kaza\"}]}<\/script>\n<!-- \/ Yoast SEO Premium plugin. -->","yoast_head_json":{"title":"Hatay-Osmaniye Yol Ayr\u0131m\u0131nda Feci Kaza... - Av. Deniz Can K\u0131z\u0131l","robots":{"index":"index","follow":"follow","max-snippet":"max-snippet:-1","max-image-preview":"max-image-preview:large","max-video-preview":"max-video-preview:-1"},"canonical":"http:\/\/denizcankizil.tr\/en\/haberler\/gundem\/hatay-osmaniye-yol-ayriminda-feci-kaza\/","og_locale":"en_GB","og_type":"article","og_title":"Hatay-Osmaniye Yol Ayr\u0131m\u0131nda Feci Kaza...","og_description":"Edinilen bilgilere g\u00f6re, seyir halindeki bir otomobil, yol \u00fczerindeki \u00e7at\u0131 ayr\u0131m\u0131nda \u00f6n\u00fcnde ilerleyen TIR\u2019a arkadan \u00e7arpt\u0131. \u00c7arpman\u0131n etkisiyle otomobilde bulunan s\u00fcr\u00fcc\u00fc ara\u00e7 i\u00e7inde s\u0131k\u0131\u015ft\u0131. Kazay\u0131 g\u00f6ren di\u011fer s\u00fcr\u00fcc\u00fcler, korna \u00e7alarak TIR \u015fof\u00f6r\u00fcn\u00fc uyard\u0131. Olay yerine k\u0131sa s\u00fcrede sa\u011fl\u0131k ve itfaiye ekipleri sevk edildi. Ekiplerin yapt\u0131\u011f\u0131 kontrolde, otomobil s\u00fcr\u00fcc\u00fcs\u00fcn\u00fcn olay yerinde ya\u015fam\u0131n\u0131 yitirdi\u011fi belirlendi. Hayat\u0131n\u0131 kaybeden s\u00fcr\u00fcc\u00fcn\u00fcn kimli\u011fi hen\u00fcz a\u00e7\u0131klanmazken, kazayla ilgili soru\u015fturma ba\u015flat\u0131ld\u0131\u011f\u0131 bildirildi. \u200bHatay-Osmaniye yol ayr\u0131m\u0131nda sabah saatlerinde meydana gelen trafik kazas\u0131nda bir ki\u015fi hayat\u0131n\u0131 kaybetti.\u00a0 \u200bHaberin Al\u0131nt\u0131land\u0131\u011f\u0131 Kaynak: www.iskenderun.org","og_url":"http:\/\/denizcankizil.tr\/en\/haberler\/gundem\/hatay-osmaniye-yol-ayriminda-feci-kaza\/","og_site_name":"Av. Deniz Can K\u0131z\u0131l","article_published_time":"2025-04-24T07:42:50+00:00","author":"admin","twitter_card":"summary_large_image","twitter_misc":{"Written by":"admin","Estimated reading time":"1 minute"},"schema":{"@context":"https:\/\/schema.org","@graph":[{"@type":"Article","@id":"http:\/\/denizcankizil.tr\/en\/haberler\/gundem\/hatay-osmaniye-yol-ayriminda-feci-kaza\/#article","isPartOf":{"@id":"http:\/\/denizcankizil.tr\/en\/haberler\/gundem\/hatay-osmaniye-yol-ayriminda-feci-kaza\/"},"author":{"name":"admin","@id":"https:\/\/denizcankizil.tr\/#\/schema\/person\/be3c05fe6a12686905512445d8185489"},"headline":"Hatay-Osmaniye Yol Ayr\u0131m\u0131nda Feci Kaza&#8230;","datePublished":"2025-04-24T07:42:50+00:00","mainEntityOfPage":{"@id":"http:\/\/denizcankizil.tr\/en\/haberler\/gundem\/hatay-osmaniye-yol-ayriminda-feci-kaza\/"},"wordCount":138,"publisher":{"@id":"https:\/\/denizcankizil.tr\/#organization"},"articleSection":["G\u00fcndem"],"inLanguage":"en-GB"},{"@type":"WebPage","@id":"http:\/\/denizcankizil.tr\/en\/haberler\/gundem\/hatay-osmaniye-yol-ayriminda-feci-kaza\/","url":"http:\/\/denizcankizil.tr\/en\/haberler\/gundem\/hatay-osmaniye-yol-ayriminda-feci-kaza\/","name":"Hatay-Osmaniye Yol Ayr\u0131m\u0131nda Feci Kaza... - Av. Deniz Can K\u0131z\u0131l","isPartOf":{"@id":"https:\/\/denizcankizil.tr\/#website"},"datePublished":"2025-04-24T07:42:50+00:00","breadcrumb":{"@id":"http:\/\/denizcankizil.tr\/en\/haberler\/gundem\/hatay-osmaniye-yol-ayriminda-feci-kaza\/#breadcrumb"},"inLanguage":"en-GB","potentialAction":[{"@type":"ReadAction","target":["http:\/\/denizcankizil.tr\/en\/haberler\/gundem\/hatay-osmaniye-yol-ayriminda-feci-kaza\/"]}]},{"@type":"BreadcrumbList","@id":"http:\/\/denizcankizil.tr\/en\/haberler\/gundem\/hatay-osmaniye-yol-ayriminda-feci-kaza\/#breadcrumb","itemListElement":[{"@type":"ListItem","position":1,"name":"Home","item":"https:\/\/denizcankizil.tr\/de\/"},{"@type":"ListItem","position":2,"name":"Hatay-Osmaniye Yol Ayr\u0131m\u0131nda Feci Kaza&#8230;"}]},{"@type":"WebSite","@id":"https:\/\/denizcankizil.tr\/#website","url":"https:\/\/denizcankizil.tr\/","name":"Av. Deniz Can K\u0131z\u0131l","description":"Avukat Deniz Can K\u0131z\u0131l Antalya Barosu","publisher":{"@id":"https:\/\/denizcankizil.tr\/#organization"},"potentialAction":[{"@type":"SearchAction","target":{"@type":"EntryPoint","urlTemplate":"https:\/\/denizcankizil.tr\/?s={search_term_string}"},"query-input":{"@type":"PropertyValueSpecification","valueRequired":true,"valueName":"search_term_string"}}],"inLanguage":"en-GB"},{"@type":"Organization","@id":"https:\/\/denizcankizil.tr\/#organization","name":"Av. Deniz Can K\u0131z\u0131l","url":"https:\/\/denizcankizil.tr\/","logo":{"@type":"ImageObject","inLanguage":"en-GB","@id":"https:\/\/denizcankizil.tr\/#\/schema\/logo\/image\/","url":"http:\/\/denizcankizil.tr\/wp-content\/uploads\/2024\/10\/siyah-logo-svg.svg","contentUrl":"http:\/\/denizcankizil.tr\/wp-content\/uploads\/2024\/10\/siyah-logo-svg.svg","width":1080,"height":1080,"caption":"Av. Deniz Can K\u0131z\u0131l"},"image":{"@id":"https:\/\/denizcankizil.tr\/#\/schema\/logo\/image\/"}},{"@type":"Person","@id":"https:\/\/denizcankizil.tr\/#\/schema\/person\/be3c05fe6a12686905512445d8185489","name":"admin","image":{"@type":"ImageObject","inLanguage":"en-GB","@id":"https:\/\/denizcankizil.tr\/#\/schema\/person\/image\/","url":"https:\/\/secure.gravatar.com\/avatar\/c1fce94c830dc79107e174f890d7210541c4a63e8e5d816341794a2151c9d58c?s=96&d=mm&r=g","contentUrl":"https:\/\/secure.gravatar.com\/avatar\/c1fce94c830dc79107e174f890d7210541c4a63e8e5d816341794a2151c9d58c?s=96&d=mm&r=g","caption":"admin"},"sameAs":["http:\/\/denizcankizil.tr"],"url":"https:\/\/www.iskenderun.org\/hatay-osmaniye-yol-ayriminda-feci-kaza"}]}},"_links":{"self":[{"href":"http:\/\/denizcankizil.tr\/en\/wp-json\/wp\/v2\/posts\/64860","targetHints":{"allow":["GET"]}}],"collection":[{"href":"http:\/\/denizcankizil.tr\/en\/wp-json\/wp\/v2\/posts"}],"about":[{"href":"http:\/\/denizcankizil.tr\/en\/wp-json\/wp\/v2\/types\/post"}],"author":[{"embeddable":true,"href":"http:\/\/denizcankizil.tr\/en\/wp-json\/wp\/v2\/users\/1"}],"replies":[{"embeddable":true,"href":"http:\/\/denizcankizil.tr\/en\/wp-json\/wp\/v2\/comments?post=64860"}],"version-history":[{"count":0,"href":"http:\/\/denizcankizil.tr\/en\/wp-json\/wp\/v2\/posts\/64860\/revisions"}],"wp:attachment":[{"href":"http:\/\/denizcankizil.tr\/en\/wp-json\/wp\/v2\/media?parent=64860"}],"wp:term":[{"taxonomy":"category","embeddable":true,"href":"http:\/\/denizcankizil.tr\/en\/wp-json\/wp\/v2\/categories?post=64860"},{"taxonomy":"post_tag","embeddable":true,"href":"http:\/\/denizcankizil.tr\/en\/wp-json\/wp\/v2\/tags?post=64860"}],"curies":[{"name":"wp","href":"https:\/\/api.w.org\/{rel}","templated":true}]}}